{"id":133,"date":"2003-07-15T20:03:06","date_gmt":"2003-07-15T18:03:06","guid":{"rendered":"http:\/\/www.mundi-roth.de\/reiseberichte\/?p=133"},"modified":"2020-05-08T20:25:24","modified_gmt":"2020-05-08T19:25:24","slug":"hurtigruten-tag-7","status":"publish","type":"post","link":"https:\/\/www.mundi-roth.de\/reiseberichte\/hurtigruten-tag-7\/","title":{"rendered":"Hurtigruten Tag 7"},"content":{"rendered":"<p style=\"text-align: left;\"><strong>11.Juli 2003 Honningsvag &#8211; Nordkapp<\/strong><\/p>\n<p style=\"text-align: left;\">Auf alle F\u00e4lle war ich p\u00fcnktlich wach um wenigstens noch eine Aufnahme morgens um 6.15 machen zu<a href=\"http:\/\/www.mundi-roth.de\/reiseberichte\/wp-content\/uploads\/2008\/10\/hurtig143_640.jpg\"><img loading=\"lazy\" decoding=\"async\" class=\"alignright size-thumbnail wp-image-40\" title=\"hurtig143_640\" src=\"http:\/\/www.mundi-roth.de\/reiseberichte\/wp-content\/uploads\/2008\/10\/hurtig143_640.jpg\" alt=\"\" width=\"150\" height=\"102\" \/><\/a> k\u00f6nnen:<br \/>\nHammerfest, die n\u00f6rdlichste Stadt.<br \/>\nSchade, da\u00df wir diese nicht mehr besichtigen k\u00f6nnen, aber hier wird erst auf dem R\u00fcckweg die Kong Harald f\u00fcr l\u00e4nger halten.<\/p>\n<p style=\"text-align: left;\"><a href=\"http:\/\/www.mundi-roth.de\/reiseberichte\/wp-content\/uploads\/2008\/10\/hurtig145_640.jpg\"><img loading=\"lazy\" decoding=\"async\" class=\"alignleft size-thumbnail wp-image-41\" title=\"hurtig145_640\" src=\"http:\/\/www.mundi-roth.de\/reiseberichte\/wp-content\/uploads\/2008\/10\/hurtig145_640.jpg\" alt=\"\" width=\"150\" height=\"112\" \/><\/a>Um 8 Uhr sind wir bereits beim Fr\u00fchst\u00fcck, anschlie\u00dfend auf Deck.<br \/>\nSonnen, schauen, fotografieren.<\/p>\n<p style=\"text-align: left;\">In Havoysund bin ich mal eben von Bord, festen Boden betreten. Aber nichts Aufregendes. Wieder auf Deck. Sonnen, schauen, fotografieren.<\/p>\n<p style=\"text-align: left;\">Um 10 Uhr sind alle gebeten, sich auf Deck 7 drau\u00dfen zur Polartaufe einzufinden.<a href=\"http:\/\/www.mundi-roth.de\/reiseberichte\/wp-content\/uploads\/2008\/10\/hurtig150_640.jpg\"><img loading=\"lazy\" decoding=\"async\" class=\"alignright size-thumbnail wp-image-42\" title=\"hurtig150_640\" src=\"http:\/\/www.mundi-roth.de\/reiseberichte\/wp-content\/uploads\/2008\/10\/hurtig150_640.jpg\" alt=\"\" width=\"150\" height=\"112\" \/><\/a><br \/>\nErst wurde die Siegerin des R\u00e4tsels, wann wir den Polarkreis \u00fcberschreiten, geehrt. Sie hatte exakt den Zeitpunkt erraten:<br \/>\nUm 7 Uhr, 12 Minuten 40 Sekunden<\/p>\n<p style=\"text-align: left;\"><a href=\"http:\/\/www.mundi-roth.de\/reiseberichte\/wp-content\/uploads\/2008\/10\/hurtig151_640.jpg\"><img loading=\"lazy\" decoding=\"async\" class=\"alignleft size-thumbnail wp-image-43\" title=\"hurtig151_640\" src=\"http:\/\/www.mundi-roth.de\/reiseberichte\/wp-content\/uploads\/2008\/10\/hurtig151_640.jpg\" alt=\"\" width=\"112\" height=\"150\" \/><\/a>Dann hielt Neptun die Ansprache an seine Untergebenen, die den Krabben, Fischen und Nixen gleich sein sollen.<br \/>\nEr wetterte, da\u00df wir zuviel Sonne und zu wenig Wellen gehabt haben und nicht gr\u00fcn im Gesicht sind.<br \/>\nSeine Adjutanten traten dann in Aktion:<br \/>\nDie Taufe besteht darin, da\u00df du eine Sch\u00f6pfkelle mit Eisw\u00fcrfeln und Eiswasser in den Nacken gekippt bekommst.<br \/>\nVor dem einen Helfer schreckte ich zur\u00fcck, er hatte 5 Eisw\u00fcrfel und die Sch\u00f6pfkelle voll Wasser.<br \/>\nIch beugte mich vor dem anderen und hielt meinen Nacken hin. Dieser Adjutant war gn\u00e4dig: ein (1) Eisw\u00fcrfel und etwas Eiswasser.<br \/>\nAnschlie\u00dfen gab es ein Gl\u00e4schen Cognac.<br \/>\nManfred hat gekniffen, aber ich habe ihm trotzdem zur Feier der Polarkreis\u00fcberschreitung ein Gl\u00e4schen besorgt.<br \/>\nUm 11 Uhr ist bereits Mittagessen, da wir ja um 12 Uhr in Honnigsvag in den Bus umsteigen sollen, der uns zum Nordkapp bringen wird.<br \/>\nBeim Essen werden wir inzwischen schon sehr w\u00e4hlerisch. Ger\u00e4ucherter Lachs und ger\u00e4ucherter schwarzer Heilbutt ist Manfred heute zu salzig, bleibt also auf dem Teller.<\/p>\n<p style=\"text-align: left;\"><a href=\"http:\/\/www.mundi-roth.de\/reiseberichte\/wp-content\/uploads\/2008\/10\/hurtig152_640.jpg\"><img loading=\"lazy\" decoding=\"async\" class=\"alignleft size-thumbnail wp-image-44\" title=\"hurtig152_640\" src=\"http:\/\/www.mundi-roth.de\/reiseberichte\/wp-content\/uploads\/2008\/10\/hurtig152_640.jpg\" alt=\"\" width=\"150\" height=\"112\" \/><\/a>Am Bus empf\u00e4ngt uns die Reiseleiterin Kn\u00fctt, eine Norwegerin und erkl\u00e4rt uns, da\u00df wir bis zum 39 km entferntliegenden Nordkapp ca 50 Minuten brauchen werden. Kommt darauf an, wieviele Rentiere sich uns in den Weg stellen werden. Denn: Rentiere haben &#8222;Vorfahrt&#8220;. Wird ein Rentier angefahren, kostet dies den Fahrer 10.000 NK Strafe.<br \/>\nAn der Shell-Tankstelle macht sie  uns darauf aufmerksam, da\u00df wir den 71. Breitengrad \u00fcberfahren haben.<br \/>\nSie macht uns ein bi\u00dfchen schlauer, indem sie uns erkl\u00e4rt, da\u00df es hier oben an 67 Tagen dunkel ist und an 77 Tagen und N\u00e4chten nur Sonne.<br \/>\nWir fahren an einem Holzhaus &#8211; wie fast alle &#8211; vorbei. Hier wohnt Hule, er ist einarmig, da ihm vor 25 Jahren eine K-Krabbe, die von Japan \u00fcber Ru\u00dfland hierher gewandert sind, einen Arm abgebissen hat. Sie k\u00f6nnen einen Durchmesser von 2 m ein Gewicht bis zu 25 kg erreichen.<br \/>\nAn den Holzgestellen, die wir bereits auf den Lofoten gesehen haben, wird der Dorsch zum Trocknen aufgehangen. Dies im Winter, da dann keine Insekten vorhanden sind und sich kein Schimmel bildet, so getrockneter Fisch ist bis zu 15 Jahren haltbar.<br \/>\nKn\u00fctt, die uns durch ihre lebhafte Art Spa\u00df macht, berichtet, da\u00df hier oben im Sommer die See vor Seelachs kocht. Die Seem\u00f6wen \u00fcberfressen sich und st\u00fcrzen w\u00e4hrend ihres Verdauungsschlafes ab.<br \/>\nSie macht uns darauf aufmerksam, da\u00df wir hier 130 km n\u00f6rdlich der Baumlinie sind und es doch noch \u00fcber 200 Arten von Pflanzen gibt, es herrscht eine alpine Vegetation vor, bevorzugt der Steinbrech.<br \/>\nReichlich Beeren gibt es hier, die Multebeere, eine Vitaminbombe, die jedoch eine Sumpfpflanze ist und daher das Ernten keine Freude wegen der vielen M\u00fccken bereitet.<br \/>\nDie Pilze lieben die Rentiere, ca 5000 sind im Fr\u00fchling und Sommer hier, im Winter sind sie auf dem Festland. Hier im Norden sind haupts\u00e4chlich &#8211; nat\u00fcrlich neben den Rentieren &#8211; Hase, Wiesel und Iltis beheimatet.<br \/>\nDie Lemminge w\u00e4ren wirklich  bl\u00f6d, meint sie. St\u00fcrzen sich die Felsen hinunter und begehen Selbstmord.<br \/>\nDie Rentiere befinden sich zur Zeit quasi in der Mauser. Sie verlieren ihr wei\u00dfes Winterfell, das ihnen auf<a href=\"http:\/\/www.mundi-roth.de\/reiseberichte\/wp-content\/uploads\/2008\/10\/hurtig153_640.jpg\"><img loading=\"lazy\" decoding=\"async\" class=\"alignright size-thumbnail wp-image-45\" title=\"hurtig153_640\" src=\"http:\/\/www.mundi-roth.de\/reiseberichte\/wp-content\/uploads\/2008\/10\/hurtig153_640.jpg\" alt=\"\" width=\"150\" height=\"86\" \/><\/a> dem Schnee Schutz bietet &#8211; wovor? &#8211; und bekommen dann ihr braunes Fell. Wir sehen sie ziemlich scheckig auf den letzten Schneefeldern stehen. Dort suchen sie Schutz vor den M\u00fccken.<br \/>\nWas uns Kn\u00fctt alles berichtet:<br \/>\nDer Svaerholtklubben ist einer der gr\u00f6\u00dften Vogelfelsen der Welt. Hier kreist oft der Seeadler \u00fcber seinen hundertausenden potentiellen Opfern. \u00dcber 3 Millionen V\u00f6gel, viele Zugv\u00f6gel, ein reines Vogelparadies ist hier.<\/p>\n<p style=\"text-align: left;\">Wir kommen am Vogelfelsen Smorbringa vorbei. P\u00fcnktlich jedes Jahr am 14. April &#8222;landen&#8220; hier ca. 800.000 Papageientaucher von Spitzbergen kommend.<\/p>\n<p style=\"text-align: left;\">Ebenso wie Mette vom Geirangerfjord berichtete, berichtet Kn\u00fctt, da\u00df hier Schiefer, Gneis, Marmor und Rosenquarz vorkommen, zudem der Bergkristall mit einer H\u00e4rte von 8, im Vergleich: Dyamant hat eine H\u00e4rte von 10.<\/p>\n<p style=\"text-align: left;\">Da wir uns dem Nordkapp n\u00e4hern, werden wir dar\u00fcber &#8222;schlau&#8220; gemacht.<a href=\"http:\/\/www.mundi-roth.de\/reiseberichte\/wp-content\/uploads\/2008\/10\/hurtig164_640.jpg\"><img loading=\"lazy\" decoding=\"async\" class=\"alignright size-thumbnail wp-image-46\" title=\"hurtig164_640\" src=\"http:\/\/www.mundi-roth.de\/reiseberichte\/wp-content\/uploads\/2008\/10\/hurtig164_640.jpg\" alt=\"\" width=\"110\" height=\"150\" \/><\/a><\/p>\n<p style=\"text-align: left;\">Das Nordkap-Plateau liegt 307 Meter \u00fcber dem Meer. Fr\u00fcher, bevor die Stra\u00dfe gebaut wurde, mu\u00dften die Touristen 1.008 Treppenstufen von Hornvika hinaufsteigen. Im Museum in der Nordkap-Halle werden wir in Miniatur die &#8222;Erklimmung&#8220; durch die ersten Engl\u00e4nder sehen k\u00f6nnen, die quasi als erstes Reiseunternehmen mit Thomas Cook aus London hierher kamen.<br \/>\n<a href=\"http:\/\/www.mundi-roth.de\/reiseberichte\/wp-content\/uploads\/2008\/10\/hurtig162_640.jpg\"><img loading=\"lazy\" decoding=\"async\" class=\"alignleft size-thumbnail wp-image-50\" title=\"hurtig162_640\" src=\"http:\/\/www.mundi-roth.de\/reiseberichte\/wp-content\/uploads\/2008\/10\/hurtig162_640.jpg\" alt=\"\" width=\"150\" height=\"142\" \/><\/a> Am Nordkap stehen wir 71\u00b010&#8217;21&#8220; n\u00f6rdlich des \u00c4quators. 2090 km vom Nordpol entfernt. Der n\u00f6rdlichste Punkt Europas ist die kleine Spitze, die westlich des Plateaus herausragt. Knivsjkelloden.<\/p>\n<p style=\"text-align: left;\">Seinen Namen erhielt das Nordkap von dem englischen Seefahrer Richard Chancellor, der 1553 nach der Nord-Ost-Passage n\u00f6rdlich von Sibirien nach Indien suchte. Dadurch entwickelte sich ein lebhafter Handel zwischen England und Murmansk, und in den folgenden 30 Jahren war nicht klar, wer die Landeshoheit hatte. Sp\u00e4ter kamen ber\u00fchmte Besucher hierher.<br \/>\nAm bekanntesten ist Louis Phillippe von Orleans, der 1795 zu Gast war. Er befand sich im Exil und war dankbar f\u00fcr jede Hilfe. Nachdem er K\u00f6nig geworden war, schickte er eine doppelt mannhohe Staute, die 1944 zerst\u00f6rt wurde. Die heutige Statue ist eine Nachbildung des Originals und ein Geschenk des franz\u00f6sischen Staates.<br \/>\n1873 war der schwedisch\/norwegische K\u00f6nig, Oscar II, hier. Er absolvierte problemlos den Aufstieg von Hornvika und enth\u00fcllte dann vor einem etwas atemlosen Hofstaat einen Gedenkstein. In seiner Rede sagte er u.a.: &#8220; Dieser stolze Berg ist der letzte Stein in einem silbergl\u00e4nzenden Diadem, das das Haupt der Skandinavischen Halbinsel kr\u00f6nt.&#8220;<br \/>\nAm 25. Dezember 1943 wurde vor dem Nordkap eine Seeschlacht geschlagen, bei der das deutsche Schlachtschiff Scharnhorst mit 1.934 Mann unterging. Nur 36 wurden gerettet.<br \/>\nDer italienische Botaniker und Lehrer Tina Zuccoli gab 1973 seine Flora Arctica heraus und sammelte an den Schulen in Modena Geld f\u00fcr die Statue der Jungfrau Maria mit dem Jesuskind.<br \/>\nDer norwegische Kinderbuchautor Simon Flem Devold hatte die Idee f\u00fcr das Denkmal &#8222;Kinder der Welt&#8220; das mit Motiven von Kindern aus 7 verschiedenen L\u00e4ndern geschm\u00fcckt ist.<br \/>\nDer Italiener Negri schrieb 1664: &#8222;Hier stehe ich am Nordkap, am \u00e4u\u00dfersten Zipfel der Finnmark, am Ende der Welt selbst. Hier, wo die Welt endet, endet auch meine Wi\u00dfbegierde und ich wende mich zufrieden nach Hause&#8220;.<\/p>\n<p style=\"text-align: left;\">So pr\u00e4pariert konnten wir uns also dem Nordkap widmen.<\/p>\n<p style=\"text-align: left;\">Kn\u00fctt meinte, das Gl\u00fcck, das wir mit dem Wetter haben, gleiche einer 6 im Lotto:<br \/>\nStrahlender Sonnenschein, Fotografierw\u00f6lkchen und warm!<br \/>\nStirnband, Handschuhe, Strickjacke, alles kann im Bus bleiben.<\/p>\n<p style=\"text-align: left;\"><a href=\"http:\/\/www.mundi-roth.de\/reiseberichte\/wp-content\/uploads\/2008\/10\/hurtig158_640.jpg\"><img loading=\"lazy\" decoding=\"async\" class=\"alignleft size-thumbnail wp-image-47\" title=\"hurtig158_640\" src=\"http:\/\/www.mundi-roth.de\/reiseberichte\/wp-content\/uploads\/2008\/10\/hurtig158_640.jpg\" alt=\"\" width=\"150\" height=\"67\" \/><\/a>Manfred und ich sehen uns zuerst das Denkmal &#8222;Kinder dieser Erde&#8220; an, um uns vom ersten Ansturm auf die Nordkap-Halle abzusetzen.<br \/>\nWir wissen ja schon von Kn\u00fctt, da\u00df die Figur der Mutter und ihrem Jungen das Schicksal der Fischerfrauen aufzeigen soll, die nach ihren M\u00e4nnern Ausschau halten.<br \/>\nDie gro\u00dfen Bronzetafeln sind die Vergr\u00f6\u00dferungen und Umsetzung von Tontafeln, die  1989 von 7 Kindern<a href=\"http:\/\/www.mundi-roth.de\/reiseberichte\/wp-content\/uploads\/2008\/10\/hurtig161_640.jpg\"><img loading=\"lazy\" decoding=\"async\" class=\"alignright size-thumbnail wp-image-48\" title=\"hurtig161_640\" src=\"http:\/\/www.mundi-roth.de\/reiseberichte\/wp-content\/uploads\/2008\/10\/hurtig161_640.jpg\" alt=\"\" width=\"150\" height=\"137\" \/><\/a> aus verschiedenen Teilen der Welt, die f\u00fcr eine Woche hierher eingeladen waren, gestaltet wurden und die grenzenlose Gemeinschaft, Freundschaft, Hoffnung und Freude symbolisieren.<br \/>\nDen zweiten Blick werfen wir auf den n\u00f6rdlichsten Landvorsprung.<br \/>\nDann gehen wir durch das Geb\u00e4ude, um in die Tiefe zu schauen. Eine 307 m hohe Klippe, die senkrecht in das Nordpolarmeer abf\u00e4llt.<br \/>\nDann im Eilschritt durch den Souvenirladen um Postkarten und f\u00fcr die Enkelkinder je eine Elch-Handpuppe als Mitbringsel zu erstehen. F\u00fcr Manfred haben wir eine Kappe gekauft.<br \/>\n<a href=\"http:\/\/www.mundi-roth.de\/reiseberichte\/wp-content\/uploads\/2008\/10\/hurtig170a_640.jpg\"><img loading=\"lazy\" decoding=\"async\" class=\"alignleft size-thumbnail wp-image-49\" title=\"hurtig170a_640\" src=\"http:\/\/www.mundi-roth.de\/reiseberichte\/wp-content\/uploads\/2008\/10\/hurtig170a_640.jpg\" alt=\"\" width=\"150\" height=\"138\" \/><\/a> Dann, flott, flott, Karten geschrieben, Briefmarken gekauft und in einen speziellen Briefkasten eingeworfen, damit der begehrte Sonderstempel des n\u00f6rdlichsten Postamtes Europas aufgedruckt werden kann.<\/p>\n<p style=\"text-align: left;\">So, nun haben wir Mu\u00dfe. Ich habe mir die Super-Video-Schau angesehen, toll, man hat das Gef\u00fchl man sitzt in den Gef\u00e4hrten, wie Schiff, Hundeschlitten, Flugzeug.<br \/>\nDa ich an der T\u00fcre stand, war ich sofort nach dem Ende der Vorf\u00fchrung drau\u00dfen und konnte ganz f\u00fcr mich alleine die \u00f6kumenische Johannes-Kapelle f\u00fcr alle Glaubensrichtungen, die 1990 errichtet wurde, auf mich wirken lassen.<br \/>\nWundersch\u00f6ner Holzaltar, ganz schlicht, formsch\u00f6n, auch die St\u00fchle und das Makrameegeh\u00e4nge.<br \/>\nIm Tunnel sind in den Schauk\u00e4sten die Szenen nachgestellt, die uns die Reiseleiterin Kn\u00fctt sehr anschaulich geschildert hat.<br \/>\nDa Manfred und ich uns getrennt hatten, nutzte ich die Gelegenheit und bin nochmal in den Souvenirladen um f\u00fcr uns das Zertifikat, da\u00df wir wirklich und wahrhaftig am Nordkap waren, zu erstehen, zudem 2 Rentierb\u00fcchlein f\u00fcr die Enkel und 1 Norwegerabzeichen f\u00fcr mich.<br \/>\nUm 1\/2 2 Uhr war R\u00fcckfahrt angesagt. Noch ein Stopp beim Rentierlager von Nils und Anna und ihren<a href=\"http:\/\/www.mundi-roth.de\/reiseberichte\/wp-content\/uploads\/2008\/10\/hurtig171_640.jpg\"><img loading=\"lazy\" decoding=\"async\" class=\"alignright size-thumbnail wp-image-51\" title=\"hurtig171_640\" src=\"http:\/\/www.mundi-roth.de\/reiseberichte\/wp-content\/uploads\/2008\/10\/hurtig171_640.jpg\" alt=\"\" width=\"150\" height=\"115\" \/><\/a> Kindern. &#8222;Souvenirs &#8211; Souvenirs, kommt ihr Leute kauft sie ein&#8220;. So war doch mal ein Schlager.<br \/>\nIch fotografierte nur ihre Trachten, Manfred holte sich aus Elchgeweihhorn einen Schl\u00fcsselanh\u00e4nger.<br \/>\nNett fand ich, da\u00df Nils diesen Rummel noch 2 Jahre machen will und dann kauft er sich ein Wohnmobil und f\u00e4hrt gen S\u00fcden um S\u00fcdeurop\u00e4er zu fotografieren. Das ist seine Rache.<\/p>\n<p style=\"text-align: left;\">Um 15.30 Uhr waren wir retour &#8211; aufs Schiff &#8211; und ab ging die Post, bzw. das Hurtigrutenschiff.<\/p>\n<p style=\"text-align: left;\">Nach diesem Erlebnis wieder auf Deck 5 gesonnt, geschaut, geknipst.<a href=\"http:\/\/www.mundi-roth.de\/reiseberichte\/wp-content\/uploads\/2008\/10\/hurtig185a_640.jpg\"><img loading=\"lazy\" decoding=\"async\" class=\"alignright size-thumbnail wp-image-52\" title=\"hurtig185a_640\" src=\"http:\/\/www.mundi-roth.de\/reiseberichte\/wp-content\/uploads\/2008\/10\/hurtig185a_640.jpg\" alt=\"\" width=\"150\" height=\"112\" \/><\/a><br \/>\n<a href=\"http:\/\/www.mundi-roth.de\/reiseberichte\/wp-content\/uploads\/2008\/10\/hurtig186_640.jpg\"><img loading=\"lazy\" decoding=\"async\" class=\"alignleft size-thumbnail wp-image-53\" title=\"hurtig186_640\" src=\"http:\/\/www.mundi-roth.de\/reiseberichte\/wp-content\/uploads\/2008\/10\/hurtig186_640.jpg\" alt=\"\" width=\"150\" height=\"112\" \/><\/a> Manfred hat in der Kaj\u00fcte gelesen, Bein hoch war angesagt und kam erst um 18.30 Uhr raus.<br \/>\nUm 17.54 Uhr in Kjollefjord angelegt. Einmal vom Schiff runter, einmal links, einmal rechts von der Lagerhalle geschaut, wie sie sehen, sehen sie nichts. Wieder aufs Schiff und um 18.15 Uhr legte die Kong Harald wieder ab.<br \/>\nBis 19 Uhr blieben Manfred und ich drau\u00dfen und sa\u00dfen, bis wir aus dem Fjord raus waren, im Schatten und waren dann f\u00fcr den Sonnenschein wieder sehr dankbar.<br \/>\nDann Koffer gepackt, geduscht, gelesen.<br \/>\n20.30 Uhr Abendessen. Wieder sehr angeregt mit den Tischnachbarn bis 21.45 unterhalten.<br \/>\nNun sitzen wir auf Deck 7 drinnen, wieder 1. Reihe, lesen, schauen, bzw. ich schreibe Tagebuch.<br \/>\nIn Berlevag um 23 Uhr angelegt, Grund f\u00fcr Manfred 1 Photo zu machen.<a href=\"http:\/\/www.mundi-roth.de\/reiseberichte\/wp-content\/uploads\/2008\/10\/hurtig206_640.jpg\"><img loading=\"lazy\" decoding=\"async\" class=\"alignright size-thumbnail wp-image-54\" title=\"hurtig206_640\" src=\"http:\/\/www.mundi-roth.de\/reiseberichte\/wp-content\/uploads\/2008\/10\/hurtig206_640.jpg\" alt=\"\" width=\"150\" height=\"149\" \/><\/a><br \/>\nDie Finnmark, das gr\u00f6\u00dfte Hurtigrutenschiff begegnet uns, Unterbrechung, Winken, fotografieren.<br \/>\nRechter Hand begleiten uns immer noch Felsen, jedoch linker Hand haben wir nun schon seit Stunden nur Wasser, zum ersten Mal auf dieser Reise. Auch zum ersten Mal etwas Wellengang. Aber noch harmlos.<br \/>\nUm 23.40 verabschiedet sich Manfred, sein Bein juckt zu sehr.<br \/>\nOb ich es heute schaffe, die Mitternachtssonne zu sehen, bleibt fraglich, denn auch ich bin m\u00fcde.<br \/>\nAuf alle F\u00e4lle scheint sie jetzt noch, nur sie hat mit dicken, dunklen Wolken zu k\u00e4mpfen.<br \/>\nJetzt, um 24 Uhr strahlt sie grell und wolkenlos.<br \/>\n00:10 Uhr Mitternachtssonne. Jedoch bei weitem nicht so spektakul\u00e4r wie gestern.<br \/>\nDa es f\u00fcr mich doch m\u00e4chtig schaukelt, Tablette genommen und ab ins Bett.<\/p>\n","protected":false},"excerpt":{"rendered":"<p>11.Juli 2003 Honningsvag &#8211; Nordkapp Auf alle F\u00e4lle war ich p\u00fcnktlich wach um wenigstens noch eine Aufnahme morgens um 6.15 machen zu k\u00f6nnen: Hammerfest, die n\u00f6rdlichste Stadt. Schade, da\u00df wir diese nicht mehr besichtigen k\u00f6nnen, aber hier wird erst auf dem R\u00fcckweg die Kong Harald f\u00fcr l\u00e4nger halten. Um 8 Uhr sind wir bereits beim [&hellip;]<\/p>\n","protected":false},"author":2,"featured_media":0,"comment_status":"closed","ping_status":"closed","sticky":false,"template":"","format":"standard","meta":{"footnotes":""},"categories":[17],"tags":[78,77,735,80,83,24,79,81,82],"class_list":["post-133","post","type-post","status-publish","format-standard","hentry","category-norwegen","tag-hammerfest","tag-honningsvag","tag-hurtigruten","tag-k-krabbe","tag-knivsjkelloden","tag-nordkapp","tag-polartaufe","tag-svaerholtklubben","tag-vogelfelsen-smorbringa"],"yoast_head":"<!-- This site is optimized with the Yoast SEO plugin v27.5 - https:\/\/yoast.com\/product\/yoast-seo-wordpress\/ -->\n<title>Hurtigruten Tag 7 - Reiseberichte<\/title>\n<meta name=\"robots\" content=\"index, follow, max-snippet:-1, max-image-preview:large, max-video-preview:-1\" \/>\n<link rel=\"canonical\" href=\"https:\/\/www.mundi-roth.de\/reiseberichte\/hurtigruten-tag-7\/\" \/>\n<meta name=\"twitter:label1\" content=\"Verfasst von\" \/>\n\t<meta name=\"twitter:data1\" content=\"mr\" \/>\n\t<meta name=\"twitter:label2\" content=\"Gesch\u00e4tzte Lesezeit\" \/>\n\t<meta name=\"twitter:data2\" content=\"9\u00a0Minuten\" \/>\n<script type=\"application\/ld+json\" class=\"yoast-schema-graph\">{\"@context\":\"https:\\\/\\\/schema.org\",\"@graph\":[{\"@type\":\"Article\",\"@id\":\"https:\\\/\\\/www.mundi-roth.de\\\/reiseberichte\\\/hurtigruten-tag-7\\\/#article\",\"isPartOf\":{\"@id\":\"https:\\\/\\\/www.mundi-roth.de\\\/reiseberichte\\\/hurtigruten-tag-7\\\/\"},\"author\":{\"name\":\"mr\",\"@id\":\"https:\\\/\\\/www.mundi-roth.de\\\/reiseberichte\\\/#\\\/schema\\\/person\\\/5e8081ddad478fd383ee2511fe8368bd\"},\"headline\":\"Hurtigruten Tag 7\",\"datePublished\":\"2003-07-15T18:03:06+00:00\",\"dateModified\":\"2020-05-08T19:25:24+00:00\",\"mainEntityOfPage\":{\"@id\":\"https:\\\/\\\/www.mundi-roth.de\\\/reiseberichte\\\/hurtigruten-tag-7\\\/\"},\"wordCount\":1857,\"image\":{\"@id\":\"https:\\\/\\\/www.mundi-roth.de\\\/reiseberichte\\\/hurtigruten-tag-7\\\/#primaryimage\"},\"thumbnailUrl\":\"http:\\\/\\\/www.mundi-roth.de\\\/reiseberichte\\\/wp-content\\\/uploads\\\/2008\\\/10\\\/hurtig143_640.jpg\",\"keywords\":[\"Hammerfest\",\"Honningsvag\",\"Hurtigruten\",\"K-Krabbe\",\"Knivsjkelloden\",\"Nordkapp\",\"Polartaufe\",\"Svaerholtklubben\",\"Vogelfelsen Smorbringa\"],\"articleSection\":[\"2003 Norwegen\"],\"inLanguage\":\"de\"},{\"@type\":\"WebPage\",\"@id\":\"https:\\\/\\\/www.mundi-roth.de\\\/reiseberichte\\\/hurtigruten-tag-7\\\/\",\"url\":\"https:\\\/\\\/www.mundi-roth.de\\\/reiseberichte\\\/hurtigruten-tag-7\\\/\",\"name\":\"Hurtigruten Tag 7 - Reiseberichte\",\"isPartOf\":{\"@id\":\"https:\\\/\\\/www.mundi-roth.de\\\/reiseberichte\\\/#website\"},\"primaryImageOfPage\":{\"@id\":\"https:\\\/\\\/www.mundi-roth.de\\\/reiseberichte\\\/hurtigruten-tag-7\\\/#primaryimage\"},\"image\":{\"@id\":\"https:\\\/\\\/www.mundi-roth.de\\\/reiseberichte\\\/hurtigruten-tag-7\\\/#primaryimage\"},\"thumbnailUrl\":\"http:\\\/\\\/www.mundi-roth.de\\\/reiseberichte\\\/wp-content\\\/uploads\\\/2008\\\/10\\\/hurtig143_640.jpg\",\"datePublished\":\"2003-07-15T18:03:06+00:00\",\"dateModified\":\"2020-05-08T19:25:24+00:00\",\"author\":{\"@id\":\"https:\\\/\\\/www.mundi-roth.de\\\/reiseberichte\\\/#\\\/schema\\\/person\\\/5e8081ddad478fd383ee2511fe8368bd\"},\"breadcrumb\":{\"@id\":\"https:\\\/\\\/www.mundi-roth.de\\\/reiseberichte\\\/hurtigruten-tag-7\\\/#breadcrumb\"},\"inLanguage\":\"de\",\"potentialAction\":[{\"@type\":\"ReadAction\",\"target\":[\"https:\\\/\\\/www.mundi-roth.de\\\/reiseberichte\\\/hurtigruten-tag-7\\\/\"]}]},{\"@type\":\"ImageObject\",\"inLanguage\":\"de\",\"@id\":\"https:\\\/\\\/www.mundi-roth.de\\\/reiseberichte\\\/hurtigruten-tag-7\\\/#primaryimage\",\"url\":\"http:\\\/\\\/www.mundi-roth.de\\\/reiseberichte\\\/wp-content\\\/uploads\\\/2008\\\/10\\\/hurtig143_640.jpg\",\"contentUrl\":\"http:\\\/\\\/www.mundi-roth.de\\\/reiseberichte\\\/wp-content\\\/uploads\\\/2008\\\/10\\\/hurtig143_640.jpg\"},{\"@type\":\"BreadcrumbList\",\"@id\":\"https:\\\/\\\/www.mundi-roth.de\\\/reiseberichte\\\/hurtigruten-tag-7\\\/#breadcrumb\",\"itemListElement\":[{\"@type\":\"ListItem\",\"position\":1,\"name\":\"Startseite\",\"item\":\"https:\\\/\\\/www.mundi-roth.de\\\/reiseberichte\\\/\"},{\"@type\":\"ListItem\",\"position\":2,\"name\":\"Hurtigruten Tag 7\"}]},{\"@type\":\"WebSite\",\"@id\":\"https:\\\/\\\/www.mundi-roth.de\\\/reiseberichte\\\/#website\",\"url\":\"https:\\\/\\\/www.mundi-roth.de\\\/reiseberichte\\\/\",\"name\":\"Reiseberichte\",\"description\":\"Berichte \u00fcber Reisen (fast) rund um die Welt\",\"potentialAction\":[{\"@type\":\"SearchAction\",\"target\":{\"@type\":\"EntryPoint\",\"urlTemplate\":\"https:\\\/\\\/www.mundi-roth.de\\\/reiseberichte\\\/?s={search_term_string}\"},\"query-input\":{\"@type\":\"PropertyValueSpecification\",\"valueRequired\":true,\"valueName\":\"search_term_string\"}}],\"inLanguage\":\"de\"},{\"@type\":\"Person\",\"@id\":\"https:\\\/\\\/www.mundi-roth.de\\\/reiseberichte\\\/#\\\/schema\\\/person\\\/5e8081ddad478fd383ee2511fe8368bd\",\"name\":\"mr\",\"image\":{\"@type\":\"ImageObject\",\"inLanguage\":\"de\",\"@id\":\"https:\\\/\\\/secure.gravatar.com\\\/avatar\\\/9a3c34f32a8cb6923297b48d58fb263210ea20a4049fc4d3ccb858ce00487957?s=96&d=mm&r=g\",\"url\":\"https:\\\/\\\/secure.gravatar.com\\\/avatar\\\/9a3c34f32a8cb6923297b48d58fb263210ea20a4049fc4d3ccb858ce00487957?s=96&d=mm&r=g\",\"contentUrl\":\"https:\\\/\\\/secure.gravatar.com\\\/avatar\\\/9a3c34f32a8cb6923297b48d58fb263210ea20a4049fc4d3ccb858ce00487957?s=96&d=mm&r=g\",\"caption\":\"mr\"},\"sameAs\":[\"http:\\\/\\\/www.mundi-roth.de\"]}]}<\/script>\n<!-- \/ Yoast SEO plugin. -->","yoast_head_json":{"title":"Hurtigruten Tag 7 - Reiseberichte","robots":{"index":"index","follow":"follow","max-snippet":"max-snippet:-1","max-image-preview":"max-image-preview:large","max-video-preview":"max-video-preview:-1"},"canonical":"https:\/\/www.mundi-roth.de\/reiseberichte\/hurtigruten-tag-7\/","twitter_misc":{"Verfasst von":"mr","Gesch\u00e4tzte Lesezeit":"9\u00a0Minuten"},"schema":{"@context":"https:\/\/schema.org","@graph":[{"@type":"Article","@id":"https:\/\/www.mundi-roth.de\/reiseberichte\/hurtigruten-tag-7\/#article","isPartOf":{"@id":"https:\/\/www.mundi-roth.de\/reiseberichte\/hurtigruten-tag-7\/"},"author":{"name":"mr","@id":"https:\/\/www.mundi-roth.de\/reiseberichte\/#\/schema\/person\/5e8081ddad478fd383ee2511fe8368bd"},"headline":"Hurtigruten Tag 7","datePublished":"2003-07-15T18:03:06+00:00","dateModified":"2020-05-08T19:25:24+00:00","mainEntityOfPage":{"@id":"https:\/\/www.mundi-roth.de\/reiseberichte\/hurtigruten-tag-7\/"},"wordCount":1857,"image":{"@id":"https:\/\/www.mundi-roth.de\/reiseberichte\/hurtigruten-tag-7\/#primaryimage"},"thumbnailUrl":"http:\/\/www.mundi-roth.de\/reiseberichte\/wp-content\/uploads\/2008\/10\/hurtig143_640.jpg","keywords":["Hammerfest","Honningsvag","Hurtigruten","K-Krabbe","Knivsjkelloden","Nordkapp","Polartaufe","Svaerholtklubben","Vogelfelsen Smorbringa"],"articleSection":["2003 Norwegen"],"inLanguage":"de"},{"@type":"WebPage","@id":"https:\/\/www.mundi-roth.de\/reiseberichte\/hurtigruten-tag-7\/","url":"https:\/\/www.mundi-roth.de\/reiseberichte\/hurtigruten-tag-7\/","name":"Hurtigruten Tag 7 - Reiseberichte","isPartOf":{"@id":"https:\/\/www.mundi-roth.de\/reiseberichte\/#website"},"primaryImageOfPage":{"@id":"https:\/\/www.mundi-roth.de\/reiseberichte\/hurtigruten-tag-7\/#primaryimage"},"image":{"@id":"https:\/\/www.mundi-roth.de\/reiseberichte\/hurtigruten-tag-7\/#primaryimage"},"thumbnailUrl":"http:\/\/www.mundi-roth.de\/reiseberichte\/wp-content\/uploads\/2008\/10\/hurtig143_640.jpg","datePublished":"2003-07-15T18:03:06+00:00","dateModified":"2020-05-08T19:25:24+00:00","author":{"@id":"https:\/\/www.mundi-roth.de\/reiseberichte\/#\/schema\/person\/5e8081ddad478fd383ee2511fe8368bd"},"breadcrumb":{"@id":"https:\/\/www.mundi-roth.de\/reiseberichte\/hurtigruten-tag-7\/#breadcrumb"},"inLanguage":"de","potentialAction":[{"@type":"ReadAction","target":["https:\/\/www.mundi-roth.de\/reiseberichte\/hurtigruten-tag-7\/"]}]},{"@type":"ImageObject","inLanguage":"de","@id":"https:\/\/www.mundi-roth.de\/reiseberichte\/hurtigruten-tag-7\/#primaryimage","url":"http:\/\/www.mundi-roth.de\/reiseberichte\/wp-content\/uploads\/2008\/10\/hurtig143_640.jpg","contentUrl":"http:\/\/www.mundi-roth.de\/reiseberichte\/wp-content\/uploads\/2008\/10\/hurtig143_640.jpg"},{"@type":"BreadcrumbList","@id":"https:\/\/www.mundi-roth.de\/reiseberichte\/hurtigruten-tag-7\/#breadcrumb","itemListElement":[{"@type":"ListItem","position":1,"name":"Startseite","item":"https:\/\/www.mundi-roth.de\/reiseberichte\/"},{"@type":"ListItem","position":2,"name":"Hurtigruten Tag 7"}]},{"@type":"WebSite","@id":"https:\/\/www.mundi-roth.de\/reiseberichte\/#website","url":"https:\/\/www.mundi-roth.de\/reiseberichte\/","name":"Reiseberichte","description":"Berichte \u00fcber Reisen (fast) rund um die Welt","potentialAction":[{"@type":"SearchAction","target":{"@type":"EntryPoint","urlTemplate":"https:\/\/www.mundi-roth.de\/reiseberichte\/?s={search_term_string}"},"query-input":{"@type":"PropertyValueSpecification","valueRequired":true,"valueName":"search_term_string"}}],"inLanguage":"de"},{"@type":"Person","@id":"https:\/\/www.mundi-roth.de\/reiseberichte\/#\/schema\/person\/5e8081ddad478fd383ee2511fe8368bd","name":"mr","image":{"@type":"ImageObject","inLanguage":"de","@id":"https:\/\/secure.gravatar.com\/avatar\/9a3c34f32a8cb6923297b48d58fb263210ea20a4049fc4d3ccb858ce00487957?s=96&d=mm&r=g","url":"https:\/\/secure.gravatar.com\/avatar\/9a3c34f32a8cb6923297b48d58fb263210ea20a4049fc4d3ccb858ce00487957?s=96&d=mm&r=g","contentUrl":"https:\/\/secure.gravatar.com\/avatar\/9a3c34f32a8cb6923297b48d58fb263210ea20a4049fc4d3ccb858ce00487957?s=96&d=mm&r=g","caption":"mr"},"sameAs":["http:\/\/www.mundi-roth.de"]}]}},"_links":{"self":[{"href":"https:\/\/www.mundi-roth.de\/reiseberichte\/wp-json\/wp\/v2\/posts\/133","targetHints":{"allow":["GET"]}}],"collection":[{"href":"https:\/\/www.mundi-roth.de\/reiseberichte\/wp-json\/wp\/v2\/posts"}],"about":[{"href":"https:\/\/www.mundi-roth.de\/reiseberichte\/wp-json\/wp\/v2\/types\/post"}],"author":[{"embeddable":true,"href":"https:\/\/www.mundi-roth.de\/reiseberichte\/wp-json\/wp\/v2\/users\/2"}],"replies":[{"embeddable":true,"href":"https:\/\/www.mundi-roth.de\/reiseberichte\/wp-json\/wp\/v2\/comments?post=133"}],"version-history":[{"count":0,"href":"https:\/\/www.mundi-roth.de\/reiseberichte\/wp-json\/wp\/v2\/posts\/133\/revisions"}],"wp:attachment":[{"href":"https:\/\/www.mundi-roth.de\/reiseberichte\/wp-json\/wp\/v2\/media?parent=133"}],"wp:term":[{"taxonomy":"category","embeddable":true,"href":"https:\/\/www.mundi-roth.de\/reiseberichte\/wp-json\/wp\/v2\/categories?post=133"},{"taxonomy":"post_tag","embeddable":true,"href":"https:\/\/www.mundi-roth.de\/reiseberichte\/wp-json\/wp\/v2\/tags?post=133"}],"curies":[{"name":"wp","href":"https:\/\/api.w.org\/{rel}","templated":true}]}}