{"id":1404,"date":"2005-10-30T13:00:06","date_gmt":"2005-10-30T12:00:06","guid":{"rendered":"http:\/\/www.mundi-roth.de\/reiseberichte\/?p=1404"},"modified":"2020-05-08T20:25:00","modified_gmt":"2020-05-08T19:25:00","slug":"madeira-29-10-2005","status":"publish","type":"post","link":"https:\/\/www.mundi-roth.de\/reiseberichte\/madeira-29-10-2005\/","title":{"rendered":"Madeira 29. 10. 2005"},"content":{"rendered":"<p>Regen! Dennoch fahren wir mit dem Hotelbus um 10.40 nach Funchal. Als<a href=\"http:\/\/www.mundi-roth.de\/reiseberichte\/wp-content\/uploads\/2012\/04\/Bild26.jpg\"><img loading=\"lazy\" decoding=\"async\" class=\"alignright size-thumbnail wp-image-1405\" title=\"Bild26\" src=\"http:\/\/www.mundi-roth.de\/reiseberichte\/wp-content\/uploads\/2012\/04\/Bild26-150x114.jpg\" alt=\"\" width=\"150\" height=\"114\" srcset=\"https:\/\/www.mundi-roth.de\/reiseberichte\/wp-content\/uploads\/2012\/04\/Bild26-150x114.jpg 150w, https:\/\/www.mundi-roth.de\/reiseberichte\/wp-content\/uploads\/2012\/04\/Bild26-300x228.jpg 300w, https:\/\/www.mundi-roth.de\/reiseberichte\/wp-content\/uploads\/2012\/04\/Bild26.jpg 371w\" sizes=\"auto, (max-width: 150px) 100vw, 150px\" \/><\/a> erstes machen wir &#8211; mit Regenschirm &#8211; einen Rundgang durch den Jardim Municipal. Hier befinden sich viele tropische Pflanzen, einige haben wir in S\u00fcdafrika gesehen, die Palmfarne, einige kennen wir von der F\u00fchrung im Botanischen Garten auf Teneriffa mit Cristobal, wie den Leberwurst-baum, witzig finden wir den Baum de dentes.<\/p>\n<p>Weiter bummeln wir zu Rua\u00a0 Joao Tavira.\u00a0 Die Fu\u00dfg\u00e4ngerzone zeigt phantasievolle Pflastermosaiken in den Farben Schwarz und Wei\u00df, z.B. eine Karavelle mit ihren zwei Masten und den Segeln, die das Kreuz des Christusordens tragen. Ein paar Schritte weiter ist die Kompassrose zu sehen, <a href=\"http:\/\/www.mundi-roth.de\/reiseberichte\/wp-content\/uploads\/2012\/04\/Bild27.jpg\"><img loading=\"lazy\" decoding=\"async\" class=\"alignleft size-thumbnail wp-image-1406\" title=\"Bild27\" src=\"http:\/\/www.mundi-roth.de\/reiseberichte\/wp-content\/uploads\/2012\/04\/Bild27-150x111.jpg\" alt=\"\" width=\"150\" height=\"111\" srcset=\"https:\/\/www.mundi-roth.de\/reiseberichte\/wp-content\/uploads\/2012\/04\/Bild27-150x111.jpg 150w, https:\/\/www.mundi-roth.de\/reiseberichte\/wp-content\/uploads\/2012\/04\/Bild27-300x222.jpg 300w, https:\/\/www.mundi-roth.de\/reiseberichte\/wp-content\/uploads\/2012\/04\/Bild27.jpg 344w\" sizes=\"auto, (max-width: 150px) 100vw, 150px\" \/><\/a>im oberen Teil der Stra\u00dfe ein Ochsenschlitten, der ein Weinfa\u00df hinter sich herzieht, dann ein Man in der typischen Tracht der Madeirenser mit Pluderhosen und Lederstiefeln, dazu die carapuca, die kleine Zipfelm\u00fctze. Auch H\u00e4ngemattentr\u00e4ger sind dargestellt, die m\u00fchselig einen Kranken \u00fcber Stock und Stein transportieren.<br \/>\nDann landen wir in einer Buchhandlung, um das obligatorische Mitbringsel f\u00fcr uns und die Kinder zu erstehen: Ein Kochbuch der Madeira-K\u00fcche, zudem erstehen wir f\u00fcr uns eine CD mit typischer Musik. Noch ein letzter Gang zur Markthalle, die heute \u00fcbervoll ist.<br \/>\nManfred will zum Hotel zur\u00fcck, so trennen wir uns. Ich besuche noch eine Stickereifabrik<br \/>\nPatricio Et Gouveia. Empfinde aber alles als zu teuer und es sind ganze Busladungen Touristen hier. Nichts wie weg.<br \/>\nUm 12.35 Uhr fahre ich mit Linie 29 zum Botanischen Garten. Zuerst habe ich an der verkehrten Bushaltestelle gewartet. Man mu\u00df wissen, es gibt 3 verschiedene Gesellschaften, die jeweils einen Teil der Insel bedienen, dann bin ich etliche Stationen bis zur Seilbahn zu hoch gefahren, da es keine Ansage der Haltestellen gibt und von au\u00dfen war der Botanische Garten nicht zu erkennen. Aber abw\u00e4rts geht es sich ja leicht. Eintritt kostete nur 3 Euro. Der Garten ist riesig, jedoch ist jetzt nicht die richtige Zeit f\u00fcr einen bl\u00fchenden Garten, und ich finde ihn insgesamt nicht \u00fcberragend. Um 13.45 Uhr fahre ich zur\u00fcck und will Manfred mit einer Maracuja &#8211; Torte \u00fcberraschen, da sie am ersten Tag im Gran Caf\u00e9 ausverkauft war. Habe sie auch\u00a0 tats\u00e4chlich bekommen und will nun sch\u00f6n locker mit dem Hotelbus zur\u00fcckfahren. Voll. Der \u00f6ffentliche Bus kommt auch erst viel sp\u00e4ter, also beschlie\u00dfe ich,\u00a0 zu Fu\u00df zu gehen.<br \/>\nEs ist eigentlich viel zu schw\u00fcl um so hoch zu gehen und zudem balanciere ich die Torte auf der Hand.<br \/>\nTrotzdem gehe ich und\u00a0 mache noch einen kurzen Abstecher. Das 1891 gegr\u00fcndete Edelhotel &#8220; Reid&#8217;s Hotel&#8220;, das einst als eines der f\u00fchrenden H\u00e4user auf der Welt galt, reizt mich anzusehen. Aus heutiger Sicht: normal.<br \/>\nTrotz &#8211; oder gerade &#8211; wegen meines Versuchs Abk\u00fcrzungen auf Levadas zu nehmen &#8211; brauche ich 50 Minuten.\u00a0 Durchgeschwitzt komme ich an. Relaxen, Kuchen essen, Wein trinken und ausruhen.<br \/>\nAbends geht es zum Abschlussessen in der Altstadt in dem von Nono empfohlenen Restaurant Regional. Einmal wollen wir doch den ber\u00fchmten Rindfleischspie\u00df &#8222;espetada&#8220; essen.<br \/>\nSuper gut!<\/p>\n<p><a href=\"http:\/\/www.mundi-roth.de\/reiseberichte\/madeira-30-10-2005\/\"><strong>Weiter &#8211; und Ende &#8211; am 30.10.2005<\/strong><\/a><\/p>\n","protected":false},"excerpt":{"rendered":"<p>Regen! Dennoch fahren wir mit dem Hotelbus um 10.40 nach Funchal. Als erstes machen wir &#8211; mit Regenschirm &#8211; einen Rundgang durch den Jardim Municipal. Hier befinden sich viele tropische Pflanzen, einige haben wir in S\u00fcdafrika gesehen, die Palmfarne, einige kennen wir von der F\u00fchrung im Botanischen Garten auf Teneriffa mit Cristobal, wie den Leberwurst-baum, [&hellip;]<\/p>\n","protected":false},"author":2,"featured_media":0,"comment_status":"closed","ping_status":"closed","sticky":false,"template":"","format":"standard","meta":{"footnotes":""},"categories":[672],"tags":[],"class_list":["post-1404","post","type-post","status-publish","format-standard","hentry","category-madeira"],"yoast_head":"<!-- This site is optimized with the Yoast SEO plugin v27.4 - https:\/\/yoast.com\/product\/yoast-seo-wordpress\/ -->\n<title>Madeira 29. 10. 2005 - Reiseberichte<\/title>\n<meta name=\"robots\" content=\"index, follow, max-snippet:-1, max-image-preview:large, max-video-preview:-1\" \/>\n<link rel=\"canonical\" href=\"https:\/\/www.mundi-roth.de\/reiseberichte\/madeira-29-10-2005\/\" \/>\n<meta name=\"twitter:label1\" content=\"Verfasst von\" \/>\n\t<meta name=\"twitter:data1\" content=\"mr\" \/>\n\t<meta name=\"twitter:label2\" content=\"Gesch\u00e4tzte Lesezeit\" \/>\n\t<meta name=\"twitter:data2\" content=\"3\u00a0Minuten\" \/>\n<script type=\"application\/ld+json\" class=\"yoast-schema-graph\">{\"@context\":\"https:\\\/\\\/schema.org\",\"@graph\":[{\"@type\":\"Article\",\"@id\":\"https:\\\/\\\/www.mundi-roth.de\\\/reiseberichte\\\/madeira-29-10-2005\\\/#article\",\"isPartOf\":{\"@id\":\"https:\\\/\\\/www.mundi-roth.de\\\/reiseberichte\\\/madeira-29-10-2005\\\/\"},\"author\":{\"name\":\"mr\",\"@id\":\"https:\\\/\\\/www.mundi-roth.de\\\/reiseberichte\\\/#\\\/schema\\\/person\\\/5e8081ddad478fd383ee2511fe8368bd\"},\"headline\":\"Madeira 29. 10. 2005\",\"datePublished\":\"2005-10-30T12:00:06+00:00\",\"dateModified\":\"2020-05-08T19:25:00+00:00\",\"mainEntityOfPage\":{\"@id\":\"https:\\\/\\\/www.mundi-roth.de\\\/reiseberichte\\\/madeira-29-10-2005\\\/\"},\"wordCount\":513,\"image\":{\"@id\":\"https:\\\/\\\/www.mundi-roth.de\\\/reiseberichte\\\/madeira-29-10-2005\\\/#primaryimage\"},\"thumbnailUrl\":\"http:\\\/\\\/www.mundi-roth.de\\\/reiseberichte\\\/wp-content\\\/uploads\\\/2012\\\/04\\\/Bild26-150x114.jpg\",\"articleSection\":[\"2005 Madeira\"],\"inLanguage\":\"de\"},{\"@type\":\"WebPage\",\"@id\":\"https:\\\/\\\/www.mundi-roth.de\\\/reiseberichte\\\/madeira-29-10-2005\\\/\",\"url\":\"https:\\\/\\\/www.mundi-roth.de\\\/reiseberichte\\\/madeira-29-10-2005\\\/\",\"name\":\"Madeira 29. 10. 2005 - Reiseberichte\",\"isPartOf\":{\"@id\":\"https:\\\/\\\/www.mundi-roth.de\\\/reiseberichte\\\/#website\"},\"primaryImageOfPage\":{\"@id\":\"https:\\\/\\\/www.mundi-roth.de\\\/reiseberichte\\\/madeira-29-10-2005\\\/#primaryimage\"},\"image\":{\"@id\":\"https:\\\/\\\/www.mundi-roth.de\\\/reiseberichte\\\/madeira-29-10-2005\\\/#primaryimage\"},\"thumbnailUrl\":\"http:\\\/\\\/www.mundi-roth.de\\\/reiseberichte\\\/wp-content\\\/uploads\\\/2012\\\/04\\\/Bild26-150x114.jpg\",\"datePublished\":\"2005-10-30T12:00:06+00:00\",\"dateModified\":\"2020-05-08T19:25:00+00:00\",\"author\":{\"@id\":\"https:\\\/\\\/www.mundi-roth.de\\\/reiseberichte\\\/#\\\/schema\\\/person\\\/5e8081ddad478fd383ee2511fe8368bd\"},\"breadcrumb\":{\"@id\":\"https:\\\/\\\/www.mundi-roth.de\\\/reiseberichte\\\/madeira-29-10-2005\\\/#breadcrumb\"},\"inLanguage\":\"de\",\"potentialAction\":[{\"@type\":\"ReadAction\",\"target\":[\"https:\\\/\\\/www.mundi-roth.de\\\/reiseberichte\\\/madeira-29-10-2005\\\/\"]}]},{\"@type\":\"ImageObject\",\"inLanguage\":\"de\",\"@id\":\"https:\\\/\\\/www.mundi-roth.de\\\/reiseberichte\\\/madeira-29-10-2005\\\/#primaryimage\",\"url\":\"https:\\\/\\\/www.mundi-roth.de\\\/reiseberichte\\\/wp-content\\\/uploads\\\/2012\\\/04\\\/Bild26.jpg\",\"contentUrl\":\"https:\\\/\\\/www.mundi-roth.de\\\/reiseberichte\\\/wp-content\\\/uploads\\\/2012\\\/04\\\/Bild26.jpg\",\"width\":\"371\",\"height\":\"282\"},{\"@type\":\"BreadcrumbList\",\"@id\":\"https:\\\/\\\/www.mundi-roth.de\\\/reiseberichte\\\/madeira-29-10-2005\\\/#breadcrumb\",\"itemListElement\":[{\"@type\":\"ListItem\",\"position\":1,\"name\":\"Startseite\",\"item\":\"https:\\\/\\\/www.mundi-roth.de\\\/reiseberichte\\\/\"},{\"@type\":\"ListItem\",\"position\":2,\"name\":\"Madeira 29. 10. 2005\"}]},{\"@type\":\"WebSite\",\"@id\":\"https:\\\/\\\/www.mundi-roth.de\\\/reiseberichte\\\/#website\",\"url\":\"https:\\\/\\\/www.mundi-roth.de\\\/reiseberichte\\\/\",\"name\":\"Reiseberichte\",\"description\":\"Berichte \u00fcber Reisen (fast) rund um die Welt\",\"potentialAction\":[{\"@type\":\"SearchAction\",\"target\":{\"@type\":\"EntryPoint\",\"urlTemplate\":\"https:\\\/\\\/www.mundi-roth.de\\\/reiseberichte\\\/?s={search_term_string}\"},\"query-input\":{\"@type\":\"PropertyValueSpecification\",\"valueRequired\":true,\"valueName\":\"search_term_string\"}}],\"inLanguage\":\"de\"},{\"@type\":\"Person\",\"@id\":\"https:\\\/\\\/www.mundi-roth.de\\\/reiseberichte\\\/#\\\/schema\\\/person\\\/5e8081ddad478fd383ee2511fe8368bd\",\"name\":\"mr\",\"image\":{\"@type\":\"ImageObject\",\"inLanguage\":\"de\",\"@id\":\"https:\\\/\\\/secure.gravatar.com\\\/avatar\\\/9a3c34f32a8cb6923297b48d58fb263210ea20a4049fc4d3ccb858ce00487957?s=96&d=mm&r=g\",\"url\":\"https:\\\/\\\/secure.gravatar.com\\\/avatar\\\/9a3c34f32a8cb6923297b48d58fb263210ea20a4049fc4d3ccb858ce00487957?s=96&d=mm&r=g\",\"contentUrl\":\"https:\\\/\\\/secure.gravatar.com\\\/avatar\\\/9a3c34f32a8cb6923297b48d58fb263210ea20a4049fc4d3ccb858ce00487957?s=96&d=mm&r=g\",\"caption\":\"mr\"},\"sameAs\":[\"http:\\\/\\\/www.mundi-roth.de\"]}]}<\/script>\n<!-- \/ Yoast SEO plugin. -->","yoast_head_json":{"title":"Madeira 29. 10. 2005 - Reiseberichte","robots":{"index":"index","follow":"follow","max-snippet":"max-snippet:-1","max-image-preview":"max-image-preview:large","max-video-preview":"max-video-preview:-1"},"canonical":"https:\/\/www.mundi-roth.de\/reiseberichte\/madeira-29-10-2005\/","twitter_misc":{"Verfasst von":"mr","Gesch\u00e4tzte Lesezeit":"3\u00a0Minuten"},"schema":{"@context":"https:\/\/schema.org","@graph":[{"@type":"Article","@id":"https:\/\/www.mundi-roth.de\/reiseberichte\/madeira-29-10-2005\/#article","isPartOf":{"@id":"https:\/\/www.mundi-roth.de\/reiseberichte\/madeira-29-10-2005\/"},"author":{"name":"mr","@id":"https:\/\/www.mundi-roth.de\/reiseberichte\/#\/schema\/person\/5e8081ddad478fd383ee2511fe8368bd"},"headline":"Madeira 29. 10. 2005","datePublished":"2005-10-30T12:00:06+00:00","dateModified":"2020-05-08T19:25:00+00:00","mainEntityOfPage":{"@id":"https:\/\/www.mundi-roth.de\/reiseberichte\/madeira-29-10-2005\/"},"wordCount":513,"image":{"@id":"https:\/\/www.mundi-roth.de\/reiseberichte\/madeira-29-10-2005\/#primaryimage"},"thumbnailUrl":"http:\/\/www.mundi-roth.de\/reiseberichte\/wp-content\/uploads\/2012\/04\/Bild26-150x114.jpg","articleSection":["2005 Madeira"],"inLanguage":"de"},{"@type":"WebPage","@id":"https:\/\/www.mundi-roth.de\/reiseberichte\/madeira-29-10-2005\/","url":"https:\/\/www.mundi-roth.de\/reiseberichte\/madeira-29-10-2005\/","name":"Madeira 29. 10. 2005 - Reiseberichte","isPartOf":{"@id":"https:\/\/www.mundi-roth.de\/reiseberichte\/#website"},"primaryImageOfPage":{"@id":"https:\/\/www.mundi-roth.de\/reiseberichte\/madeira-29-10-2005\/#primaryimage"},"image":{"@id":"https:\/\/www.mundi-roth.de\/reiseberichte\/madeira-29-10-2005\/#primaryimage"},"thumbnailUrl":"http:\/\/www.mundi-roth.de\/reiseberichte\/wp-content\/uploads\/2012\/04\/Bild26-150x114.jpg","datePublished":"2005-10-30T12:00:06+00:00","dateModified":"2020-05-08T19:25:00+00:00","author":{"@id":"https:\/\/www.mundi-roth.de\/reiseberichte\/#\/schema\/person\/5e8081ddad478fd383ee2511fe8368bd"},"breadcrumb":{"@id":"https:\/\/www.mundi-roth.de\/reiseberichte\/madeira-29-10-2005\/#breadcrumb"},"inLanguage":"de","potentialAction":[{"@type":"ReadAction","target":["https:\/\/www.mundi-roth.de\/reiseberichte\/madeira-29-10-2005\/"]}]},{"@type":"ImageObject","inLanguage":"de","@id":"https:\/\/www.mundi-roth.de\/reiseberichte\/madeira-29-10-2005\/#primaryimage","url":"https:\/\/www.mundi-roth.de\/reiseberichte\/wp-content\/uploads\/2012\/04\/Bild26.jpg","contentUrl":"https:\/\/www.mundi-roth.de\/reiseberichte\/wp-content\/uploads\/2012\/04\/Bild26.jpg","width":"371","height":"282"},{"@type":"BreadcrumbList","@id":"https:\/\/www.mundi-roth.de\/reiseberichte\/madeira-29-10-2005\/#breadcrumb","itemListElement":[{"@type":"ListItem","position":1,"name":"Startseite","item":"https:\/\/www.mundi-roth.de\/reiseberichte\/"},{"@type":"ListItem","position":2,"name":"Madeira 29. 10. 2005"}]},{"@type":"WebSite","@id":"https:\/\/www.mundi-roth.de\/reiseberichte\/#website","url":"https:\/\/www.mundi-roth.de\/reiseberichte\/","name":"Reiseberichte","description":"Berichte \u00fcber Reisen (fast) rund um die Welt","potentialAction":[{"@type":"SearchAction","target":{"@type":"EntryPoint","urlTemplate":"https:\/\/www.mundi-roth.de\/reiseberichte\/?s={search_term_string}"},"query-input":{"@type":"PropertyValueSpecification","valueRequired":true,"valueName":"search_term_string"}}],"inLanguage":"de"},{"@type":"Person","@id":"https:\/\/www.mundi-roth.de\/reiseberichte\/#\/schema\/person\/5e8081ddad478fd383ee2511fe8368bd","name":"mr","image":{"@type":"ImageObject","inLanguage":"de","@id":"https:\/\/secure.gravatar.com\/avatar\/9a3c34f32a8cb6923297b48d58fb263210ea20a4049fc4d3ccb858ce00487957?s=96&d=mm&r=g","url":"https:\/\/secure.gravatar.com\/avatar\/9a3c34f32a8cb6923297b48d58fb263210ea20a4049fc4d3ccb858ce00487957?s=96&d=mm&r=g","contentUrl":"https:\/\/secure.gravatar.com\/avatar\/9a3c34f32a8cb6923297b48d58fb263210ea20a4049fc4d3ccb858ce00487957?s=96&d=mm&r=g","caption":"mr"},"sameAs":["http:\/\/www.mundi-roth.de"]}]}},"_links":{"self":[{"href":"https:\/\/www.mundi-roth.de\/reiseberichte\/wp-json\/wp\/v2\/posts\/1404","targetHints":{"allow":["GET"]}}],"collection":[{"href":"https:\/\/www.mundi-roth.de\/reiseberichte\/wp-json\/wp\/v2\/posts"}],"about":[{"href":"https:\/\/www.mundi-roth.de\/reiseberichte\/wp-json\/wp\/v2\/types\/post"}],"author":[{"embeddable":true,"href":"https:\/\/www.mundi-roth.de\/reiseberichte\/wp-json\/wp\/v2\/users\/2"}],"replies":[{"embeddable":true,"href":"https:\/\/www.mundi-roth.de\/reiseberichte\/wp-json\/wp\/v2\/comments?post=1404"}],"version-history":[{"count":0,"href":"https:\/\/www.mundi-roth.de\/reiseberichte\/wp-json\/wp\/v2\/posts\/1404\/revisions"}],"wp:attachment":[{"href":"https:\/\/www.mundi-roth.de\/reiseberichte\/wp-json\/wp\/v2\/media?parent=1404"}],"wp:term":[{"taxonomy":"category","embeddable":true,"href":"https:\/\/www.mundi-roth.de\/reiseberichte\/wp-json\/wp\/v2\/categories?post=1404"},{"taxonomy":"post_tag","embeddable":true,"href":"https:\/\/www.mundi-roth.de\/reiseberichte\/wp-json\/wp\/v2\/tags?post=1404"}],"curies":[{"name":"wp","href":"https:\/\/api.w.org\/{rel}","templated":true}]}}