{"id":1407,"date":"2005-10-30T12:00:16","date_gmt":"2005-10-30T11:00:16","guid":{"rendered":"http:\/\/www.mundi-roth.de\/reiseberichte\/?p=1407"},"modified":"2020-05-08T20:25:00","modified_gmt":"2020-05-08T19:25:00","slug":"madeira-30-10-2005","status":"publish","type":"post","link":"https:\/\/www.mundi-roth.de\/reiseberichte\/madeira-30-10-2005\/","title":{"rendered":"Madeira 30. 10. 2005"},"content":{"rendered":"<p><strong>Abschied.<\/strong><\/p>\n<p>Um 9.30 Uhr werden wir wieder von Soltour zum Flughafen abgeholt.<br \/>\nReibungslos klappt der R\u00fcckflug. Abflug 12.30 Uhr nach Gran Canaria, Ankunft 13.50. Nun m\u00fcssen wir allerdings lange auf den Weiterflug warten. 16.00 Uhr ist es so weit, 16.30 Uhr Ankunft Teneriffa Nord. Regen! Kalt! Wann ein Bus zum Busbahnhof nach Santa Cruz geht, ist nicht festzustelllen. Wir beschlie\u00dfen, mit dem Taxi nach Santa Cruz zu fahren, Kosten ca 15 Euro. Der Taxifahrer bekommt mit, dass wir zum S\u00fcden m\u00fcssen und macht das Angebot, uns f\u00fcr ca. 50 oder 60 Euro nach Los Cristianos zu fahren. Manfred und ich beratschlagen kurz, entscheiden, das ist es uns wert und bitten ihn, uns nach Chayofa, Calle La Flora 110 zu fahren und sind nach 50 Minuten wohlbehalten zu Hause. Ich gebe ihm 60 Euro, und, oh Wunder, er gibt mir 10 Euro zur\u00fcck. Auch das gibt es noch. Ein sch\u00f6ner Abschlu\u00df einer sch\u00f6nen, informativen Reise.<br \/>\nKostenpunkt f\u00fcr Flug und Hotel: 976,80 Euro f\u00fcr uns Beide. Dazu noch ein paar 100 \u20ac extra.<\/p>\n<p><strong>Fazit:<\/strong><br \/>\nDie Reise hat sich gelohnt. Auch Manfred ist sehr angetan, obwohl er sich nur als &#8222;Gast&#8220; bzw. &#8222;Mitfahrer&#8220; tituliert hat.<br \/>\nJedoch: Die Jahreszeit ist nicht die richtige, um den ganzen Charme der Blumenpracht zu<br \/>\ngenie\u00dfen und f\u00fcr Manfred ist die Insel auf alle F\u00e4lle viel zu feucht.<br \/>\nWas mich reizen k\u00f6nnte: 1 Woche auf den Levadas wandern. Aber ich denke, einmal ist genug.<\/p>\n","protected":false},"excerpt":{"rendered":"<p>Abschied. Um 9.30 Uhr werden wir wieder von Soltour zum Flughafen abgeholt. Reibungslos klappt der R\u00fcckflug. Abflug 12.30 Uhr nach Gran Canaria, Ankunft 13.50. Nun m\u00fcssen wir allerdings lange auf den Weiterflug warten. 16.00 Uhr ist es so weit, 16.30 Uhr Ankunft Teneriffa Nord. Regen! Kalt! Wann ein Bus zum Busbahnhof nach Santa Cruz geht, [&hellip;]<\/p>\n","protected":false},"author":2,"featured_media":0,"comment_status":"closed","ping_status":"closed","sticky":false,"template":"","format":"standard","meta":{"footnotes":""},"categories":[672],"tags":[],"class_list":["post-1407","post","type-post","status-publish","format-standard","hentry","category-madeira"],"yoast_head":"<!-- This site is optimized with the Yoast SEO plugin v27.4 - https:\/\/yoast.com\/product\/yoast-seo-wordpress\/ -->\n<title>Madeira 30. 10. 2005 - Reiseberichte<\/title>\n<meta name=\"robots\" content=\"index, follow, max-snippet:-1, max-image-preview:large, max-video-preview:-1\" \/>\n<link rel=\"canonical\" href=\"https:\/\/www.mundi-roth.de\/reiseberichte\/madeira-30-10-2005\/\" \/>\n<meta name=\"twitter:label1\" content=\"Verfasst von\" \/>\n\t<meta name=\"twitter:data1\" content=\"mr\" \/>\n\t<meta name=\"twitter:label2\" content=\"Gesch\u00e4tzte Lesezeit\" \/>\n\t<meta name=\"twitter:data2\" content=\"1\u00a0Minute\" \/>\n<script type=\"application\/ld+json\" class=\"yoast-schema-graph\">{\"@context\":\"https:\\\/\\\/schema.org\",\"@graph\":[{\"@type\":\"Article\",\"@id\":\"https:\\\/\\\/www.mundi-roth.de\\\/reiseberichte\\\/madeira-30-10-2005\\\/#article\",\"isPartOf\":{\"@id\":\"https:\\\/\\\/www.mundi-roth.de\\\/reiseberichte\\\/madeira-30-10-2005\\\/\"},\"author\":{\"name\":\"mr\",\"@id\":\"https:\\\/\\\/www.mundi-roth.de\\\/reiseberichte\\\/#\\\/schema\\\/person\\\/5e8081ddad478fd383ee2511fe8368bd\"},\"headline\":\"Madeira 30. 10. 2005\",\"datePublished\":\"2005-10-30T11:00:16+00:00\",\"dateModified\":\"2020-05-08T19:25:00+00:00\",\"mainEntityOfPage\":{\"@id\":\"https:\\\/\\\/www.mundi-roth.de\\\/reiseberichte\\\/madeira-30-10-2005\\\/\"},\"wordCount\":235,\"articleSection\":[\"2005 Madeira\"],\"inLanguage\":\"de\"},{\"@type\":\"WebPage\",\"@id\":\"https:\\\/\\\/www.mundi-roth.de\\\/reiseberichte\\\/madeira-30-10-2005\\\/\",\"url\":\"https:\\\/\\\/www.mundi-roth.de\\\/reiseberichte\\\/madeira-30-10-2005\\\/\",\"name\":\"Madeira 30. 10. 2005 - Reiseberichte\",\"isPartOf\":{\"@id\":\"https:\\\/\\\/www.mundi-roth.de\\\/reiseberichte\\\/#website\"},\"datePublished\":\"2005-10-30T11:00:16+00:00\",\"dateModified\":\"2020-05-08T19:25:00+00:00\",\"author\":{\"@id\":\"https:\\\/\\\/www.mundi-roth.de\\\/reiseberichte\\\/#\\\/schema\\\/person\\\/5e8081ddad478fd383ee2511fe8368bd\"},\"breadcrumb\":{\"@id\":\"https:\\\/\\\/www.mundi-roth.de\\\/reiseberichte\\\/madeira-30-10-2005\\\/#breadcrumb\"},\"inLanguage\":\"de\",\"potentialAction\":[{\"@type\":\"ReadAction\",\"target\":[\"https:\\\/\\\/www.mundi-roth.de\\\/reiseberichte\\\/madeira-30-10-2005\\\/\"]}]},{\"@type\":\"BreadcrumbList\",\"@id\":\"https:\\\/\\\/www.mundi-roth.de\\\/reiseberichte\\\/madeira-30-10-2005\\\/#breadcrumb\",\"itemListElement\":[{\"@type\":\"ListItem\",\"position\":1,\"name\":\"Startseite\",\"item\":\"https:\\\/\\\/www.mundi-roth.de\\\/reiseberichte\\\/\"},{\"@type\":\"ListItem\",\"position\":2,\"name\":\"Madeira 30. 10. 2005\"}]},{\"@type\":\"WebSite\",\"@id\":\"https:\\\/\\\/www.mundi-roth.de\\\/reiseberichte\\\/#website\",\"url\":\"https:\\\/\\\/www.mundi-roth.de\\\/reiseberichte\\\/\",\"name\":\"Reiseberichte\",\"description\":\"Berichte \u00fcber Reisen (fast) rund um die Welt\",\"potentialAction\":[{\"@type\":\"SearchAction\",\"target\":{\"@type\":\"EntryPoint\",\"urlTemplate\":\"https:\\\/\\\/www.mundi-roth.de\\\/reiseberichte\\\/?s={search_term_string}\"},\"query-input\":{\"@type\":\"PropertyValueSpecification\",\"valueRequired\":true,\"valueName\":\"search_term_string\"}}],\"inLanguage\":\"de\"},{\"@type\":\"Person\",\"@id\":\"https:\\\/\\\/www.mundi-roth.de\\\/reiseberichte\\\/#\\\/schema\\\/person\\\/5e8081ddad478fd383ee2511fe8368bd\",\"name\":\"mr\",\"image\":{\"@type\":\"ImageObject\",\"inLanguage\":\"de\",\"@id\":\"https:\\\/\\\/secure.gravatar.com\\\/avatar\\\/9a3c34f32a8cb6923297b48d58fb263210ea20a4049fc4d3ccb858ce00487957?s=96&d=mm&r=g\",\"url\":\"https:\\\/\\\/secure.gravatar.com\\\/avatar\\\/9a3c34f32a8cb6923297b48d58fb263210ea20a4049fc4d3ccb858ce00487957?s=96&d=mm&r=g\",\"contentUrl\":\"https:\\\/\\\/secure.gravatar.com\\\/avatar\\\/9a3c34f32a8cb6923297b48d58fb263210ea20a4049fc4d3ccb858ce00487957?s=96&d=mm&r=g\",\"caption\":\"mr\"},\"sameAs\":[\"http:\\\/\\\/www.mundi-roth.de\"]}]}<\/script>\n<!-- \/ Yoast SEO plugin. -->","yoast_head_json":{"title":"Madeira 30. 10. 2005 - Reiseberichte","robots":{"index":"index","follow":"follow","max-snippet":"max-snippet:-1","max-image-preview":"max-image-preview:large","max-video-preview":"max-video-preview:-1"},"canonical":"https:\/\/www.mundi-roth.de\/reiseberichte\/madeira-30-10-2005\/","twitter_misc":{"Verfasst von":"mr","Gesch\u00e4tzte Lesezeit":"1\u00a0Minute"},"schema":{"@context":"https:\/\/schema.org","@graph":[{"@type":"Article","@id":"https:\/\/www.mundi-roth.de\/reiseberichte\/madeira-30-10-2005\/#article","isPartOf":{"@id":"https:\/\/www.mundi-roth.de\/reiseberichte\/madeira-30-10-2005\/"},"author":{"name":"mr","@id":"https:\/\/www.mundi-roth.de\/reiseberichte\/#\/schema\/person\/5e8081ddad478fd383ee2511fe8368bd"},"headline":"Madeira 30. 10. 2005","datePublished":"2005-10-30T11:00:16+00:00","dateModified":"2020-05-08T19:25:00+00:00","mainEntityOfPage":{"@id":"https:\/\/www.mundi-roth.de\/reiseberichte\/madeira-30-10-2005\/"},"wordCount":235,"articleSection":["2005 Madeira"],"inLanguage":"de"},{"@type":"WebPage","@id":"https:\/\/www.mundi-roth.de\/reiseberichte\/madeira-30-10-2005\/","url":"https:\/\/www.mundi-roth.de\/reiseberichte\/madeira-30-10-2005\/","name":"Madeira 30. 10. 2005 - Reiseberichte","isPartOf":{"@id":"https:\/\/www.mundi-roth.de\/reiseberichte\/#website"},"datePublished":"2005-10-30T11:00:16+00:00","dateModified":"2020-05-08T19:25:00+00:00","author":{"@id":"https:\/\/www.mundi-roth.de\/reiseberichte\/#\/schema\/person\/5e8081ddad478fd383ee2511fe8368bd"},"breadcrumb":{"@id":"https:\/\/www.mundi-roth.de\/reiseberichte\/madeira-30-10-2005\/#breadcrumb"},"inLanguage":"de","potentialAction":[{"@type":"ReadAction","target":["https:\/\/www.mundi-roth.de\/reiseberichte\/madeira-30-10-2005\/"]}]},{"@type":"BreadcrumbList","@id":"https:\/\/www.mundi-roth.de\/reiseberichte\/madeira-30-10-2005\/#breadcrumb","itemListElement":[{"@type":"ListItem","position":1,"name":"Startseite","item":"https:\/\/www.mundi-roth.de\/reiseberichte\/"},{"@type":"ListItem","position":2,"name":"Madeira 30. 10. 2005"}]},{"@type":"WebSite","@id":"https:\/\/www.mundi-roth.de\/reiseberichte\/#website","url":"https:\/\/www.mundi-roth.de\/reiseberichte\/","name":"Reiseberichte","description":"Berichte \u00fcber Reisen (fast) rund um die Welt","potentialAction":[{"@type":"SearchAction","target":{"@type":"EntryPoint","urlTemplate":"https:\/\/www.mundi-roth.de\/reiseberichte\/?s={search_term_string}"},"query-input":{"@type":"PropertyValueSpecification","valueRequired":true,"valueName":"search_term_string"}}],"inLanguage":"de"},{"@type":"Person","@id":"https:\/\/www.mundi-roth.de\/reiseberichte\/#\/schema\/person\/5e8081ddad478fd383ee2511fe8368bd","name":"mr","image":{"@type":"ImageObject","inLanguage":"de","@id":"https:\/\/secure.gravatar.com\/avatar\/9a3c34f32a8cb6923297b48d58fb263210ea20a4049fc4d3ccb858ce00487957?s=96&d=mm&r=g","url":"https:\/\/secure.gravatar.com\/avatar\/9a3c34f32a8cb6923297b48d58fb263210ea20a4049fc4d3ccb858ce00487957?s=96&d=mm&r=g","contentUrl":"https:\/\/secure.gravatar.com\/avatar\/9a3c34f32a8cb6923297b48d58fb263210ea20a4049fc4d3ccb858ce00487957?s=96&d=mm&r=g","caption":"mr"},"sameAs":["http:\/\/www.mundi-roth.de"]}]}},"_links":{"self":[{"href":"https:\/\/www.mundi-roth.de\/reiseberichte\/wp-json\/wp\/v2\/posts\/1407","targetHints":{"allow":["GET"]}}],"collection":[{"href":"https:\/\/www.mundi-roth.de\/reiseberichte\/wp-json\/wp\/v2\/posts"}],"about":[{"href":"https:\/\/www.mundi-roth.de\/reiseberichte\/wp-json\/wp\/v2\/types\/post"}],"author":[{"embeddable":true,"href":"https:\/\/www.mundi-roth.de\/reiseberichte\/wp-json\/wp\/v2\/users\/2"}],"replies":[{"embeddable":true,"href":"https:\/\/www.mundi-roth.de\/reiseberichte\/wp-json\/wp\/v2\/comments?post=1407"}],"version-history":[{"count":0,"href":"https:\/\/www.mundi-roth.de\/reiseberichte\/wp-json\/wp\/v2\/posts\/1407\/revisions"}],"wp:attachment":[{"href":"https:\/\/www.mundi-roth.de\/reiseberichte\/wp-json\/wp\/v2\/media?parent=1407"}],"wp:term":[{"taxonomy":"category","embeddable":true,"href":"https:\/\/www.mundi-roth.de\/reiseberichte\/wp-json\/wp\/v2\/categories?post=1407"},{"taxonomy":"post_tag","embeddable":true,"href":"https:\/\/www.mundi-roth.de\/reiseberichte\/wp-json\/wp\/v2\/tags?post=1407"}],"curies":[{"name":"wp","href":"https:\/\/api.w.org\/{rel}","templated":true}]}}