{"id":1418,"date":"2012-10-13T14:00:49","date_gmt":"2012-10-13T13:00:49","guid":{"rendered":"http:\/\/www.mundi-roth.de\/reiseberichte\/?p=1418"},"modified":"2020-05-08T20:22:36","modified_gmt":"2020-05-08T19:22:36","slug":"kreuzfahrt-westliches-mittelmeer-1","status":"publish","type":"post","link":"https:\/\/www.mundi-roth.de\/reiseberichte\/kreuzfahrt-westliches-mittelmeer-1\/","title":{"rendered":"Kreuzfahrt &#8211; Westliches Mittelmeer (1)"},"content":{"rendered":"<p style=\"text-align: center;\"><strong>Westliches Mittelmeer<\/strong><br \/>\n<strong>Malta \u2013 Civitavecchia \u2013 Livorno &#8211; Monte Carlo \u2013 Korsika\u00a0 -Malta<\/strong><br \/>\n<strong>mit \u201eMein Schiff\u00a0 1\u201c<\/strong><br \/>\n<strong>Vom 31. August bis 7. September 2012<\/strong><\/p>\n<p style=\"text-align: center;\">\u201eStrahlend sch\u00f6ne Insel, Fahrt zur blauen K\u00fcsten, schwarze Felsformationen und leuchtend gelbe Zitronenb\u00e4ume &#8211; wenn die Sonne \u00fcber dem Mittelmeer aufgeht, beginnt ein einmaliges Farbenspiel. Sie sind mittendrin.\u201c<\/p>\n<p style=\"text-align: center;\"><a href=\"http:\/\/www.mundi-roth.de\/reiseberichte\/wp-content\/uploads\/2012\/10\/DSCN0077a.jpg\"><img loading=\"lazy\" decoding=\"async\" class=\"aligncenter  wp-image-1419\" title=\"DSCN0077a\" alt=\"\" src=\"http:\/\/www.mundi-roth.de\/reiseberichte\/wp-content\/uploads\/2012\/10\/DSCN0077a-300x159.jpg\" width=\"300\" height=\"159\" srcset=\"https:\/\/www.mundi-roth.de\/reiseberichte\/wp-content\/uploads\/2012\/10\/DSCN0077a-300x159.jpg 300w, https:\/\/www.mundi-roth.de\/reiseberichte\/wp-content\/uploads\/2012\/10\/DSCN0077a-150x79.jpg 150w, https:\/\/www.mundi-roth.de\/reiseberichte\/wp-content\/uploads\/2012\/10\/DSCN0077a.jpg 600w\" sizes=\"auto, (max-width: 300px) 100vw, 300px\" \/><\/a><br \/>\nSo beginnt die Ausflugsinformation Westliches Mittelmeer.<\/p>\n<p><strong>Freitag, 31. August 2012<\/strong><\/p>\n<p>Gestartet haben wir unsere Reise vom Flughafen K\u00f6ln Bonn aus.<\/p>\n<p>Problemloser Transfer vom Flughafen zum Schiff. Als wir das\u00a0 riesige Mein <a href=\"http:\/\/www.mundi-roth.de\/reiseberichte\/wp-content\/uploads\/2012\/10\/P1060364.jpg\"><img loading=\"lazy\" decoding=\"async\" class=\"alignright size-thumbnail wp-image-1420\" title=\"P1060364\" alt=\"\" src=\"http:\/\/www.mundi-roth.de\/reiseberichte\/wp-content\/uploads\/2012\/10\/P1060364-150x112.jpg\" width=\"150\" height=\"112\" srcset=\"https:\/\/www.mundi-roth.de\/reiseberichte\/wp-content\/uploads\/2012\/10\/P1060364-150x112.jpg 150w, https:\/\/www.mundi-roth.de\/reiseberichte\/wp-content\/uploads\/2012\/10\/P1060364-300x225.jpg 300w, https:\/\/www.mundi-roth.de\/reiseberichte\/wp-content\/uploads\/2012\/10\/P1060364.jpg 600w\" sizes=\"auto, (max-width: 150px) 100vw, 150px\" \/><\/a>Schiff 1 erblicken, sehen wir uns nur an, nach dem Motto: \u201ewas haben wir uns da angetan!\u201c<br \/>\nUm 14 Uhr, nach einer Sicherheits\u00fcberpr\u00fcfung, mit Foto zur Wiedererkennung, checken wir ein.<br \/>\n<a href=\"http:\/\/www.mundi-roth.de\/reiseberichte\/wp-content\/uploads\/2012\/10\/DSCN0030.jpg\"><img loading=\"lazy\" decoding=\"async\" class=\"alignleft size-thumbnail wp-image-1421\" title=\"DSCN0030\" alt=\"\" src=\"http:\/\/www.mundi-roth.de\/reiseberichte\/wp-content\/uploads\/2012\/10\/DSCN0030-150x112.jpg\" width=\"150\" height=\"112\" srcset=\"https:\/\/www.mundi-roth.de\/reiseberichte\/wp-content\/uploads\/2012\/10\/DSCN0030-150x112.jpg 150w, https:\/\/www.mundi-roth.de\/reiseberichte\/wp-content\/uploads\/2012\/10\/DSCN0030-300x225.jpg 300w, https:\/\/www.mundi-roth.de\/reiseberichte\/wp-content\/uploads\/2012\/10\/DSCN0030.jpg 600w\" sizes=\"auto, (max-width: 150px) 100vw, 150px\" \/><\/a>Um 15 Uhr sind die Koffer auf der Kaj\u00fcte und nichts wie umziehen, denn es ist sehr warm.<\/p>\n<p>Wir finden die erste Information \u00fcber Valletta vor:<\/p>\n<p><em>\u201eErleben Sie das Inselleben Maltas!<\/em><br \/>\n<em> Unmittelbar nach der gro\u00dfen Belagerung durch die Osmanen im Jahre 1566\u00a0 gegr\u00fcndet, ist &#8211; Valletta \u2013 unter anderem aufgrund seiner wechselvollen Geschichte \u2013 seit 1980 Teil des UNESCO-Weltkulturerbes. Die Landzunge bezaubert durch barocke Architektur, enge Gassen, lehrreiche Museen, gem\u00fctliche Terrassencaf\u00e9s sowie den eindrucksvollen Grand Harbour, der zu den gr\u00f6\u00dften und tiefsten Naturh\u00e4fen der Welt z\u00e4hlt. Steinerne Stufen s\u00e4umen die Festungsstadt sowie die Abg\u00e4nge zum Meer. Aufgrund seines unnachahmlichen Charmes z\u00e4hlt das elegante Valletta zu den sch\u00f6nsten Hauptst\u00e4dten Europas. Umfassende Renovierungsarbeiten und die Neugestaltung von Geb\u00e4uden haben der Stadt, die w\u00e4hrend des Zweiten Weltkriegs stark in Mitleidenschaft gezogen wurde, ein modernes Flair verliehen.<\/em><br \/>\n<em> Schlendern sie durch die schachbrettartigen Gassen, vorbei an der historischen Stadtmauer, sehenswerten Geb\u00e4uden, trendigen Lokalen und geschichtstr\u00e4chtigen Forts.<\/em><br \/>\n<em> Genie\u00dfen Sie einen entspannten Tag in Valletta!\u201c<\/em><\/p>\n<p>Das lie\u00df ich mir nicht zweimal sagen, ohne Stadtplan eroberte ich mir die Stadt. <a href=\"http:\/\/www.mundi-roth.de\/reiseberichte\/wp-content\/uploads\/2012\/10\/P1060293.jpg\"><img loading=\"lazy\" decoding=\"async\" class=\"alignleft size-thumbnail wp-image-1422\" title=\"P1060293\" alt=\"\" src=\"http:\/\/www.mundi-roth.de\/reiseberichte\/wp-content\/uploads\/2012\/10\/P1060293-150x112.jpg\" width=\"150\" height=\"112\" srcset=\"https:\/\/www.mundi-roth.de\/reiseberichte\/wp-content\/uploads\/2012\/10\/P1060293-150x112.jpg 150w, https:\/\/www.mundi-roth.de\/reiseberichte\/wp-content\/uploads\/2012\/10\/P1060293-300x225.jpg 300w, https:\/\/www.mundi-roth.de\/reiseberichte\/wp-content\/uploads\/2012\/10\/P1060293.jpg 600w\" sizes=\"auto, (max-width: 150px) 100vw, 150px\" \/><\/a>Beim Victoria-Torbogen steige ich die vielen Stufen hinauf und lege in der\u00a0 St. John&#8217;s\u00a0 Cathedral , der Konventskirche des Ordens und dem heiligen Johannes dem T\u00e4ufer geweiht, einen ersten Stopp ein. Diese Kathedrale ruht im wahrsten Sinne des Wortes auf den Gebeinen der Malteser Ritter. Hunderte von ihnen liegen unter dem mit meisterhaften Intarsien verzierten Marmorplatten begraben. Hier kann man Carvaggios eindrucksvolles Gem\u00e4lde \u201eEnthauptung Johannes des T\u00e4ufers \u201e(1608) bewundern.<\/p>\n<p>Die n\u00e4chste Kirche, die ich besichtige, ist St. Paul der Schiffbr\u00fcchige. <a href=\"http:\/\/www.mundi-roth.de\/reiseberichte\/wp-content\/uploads\/2012\/10\/P1060320.jpg\"><img loading=\"lazy\" decoding=\"async\" class=\"alignright size-thumbnail wp-image-1423\" title=\"P1060320\" alt=\"\" src=\"http:\/\/www.mundi-roth.de\/reiseberichte\/wp-content\/uploads\/2012\/10\/P1060320-112x150.jpg\" width=\"112\" height=\"150\" srcset=\"https:\/\/www.mundi-roth.de\/reiseberichte\/wp-content\/uploads\/2012\/10\/P1060320-112x150.jpg 112w, https:\/\/www.mundi-roth.de\/reiseberichte\/wp-content\/uploads\/2012\/10\/P1060320-225x300.jpg 225w, https:\/\/www.mundi-roth.de\/reiseberichte\/wp-content\/uploads\/2012\/10\/P1060320.jpg 450w\" sizes=\"auto, (max-width: 112px) 100vw, 112px\" \/><\/a><\/p>\n<p>Von hier aus halte ich mich links und nach wiederum vielen <a href=\"http:\/\/www.mundi-roth.de\/reiseberichte\/wp-content\/uploads\/2012\/10\/P1060316.jpg\"><img loading=\"lazy\" decoding=\"async\" class=\"alignleft size-thumbnail wp-image-1430\" title=\"P1060316\" alt=\"\" src=\"http:\/\/www.mundi-roth.de\/reiseberichte\/wp-content\/uploads\/2012\/10\/P1060316-150x112.jpg\" width=\"150\" height=\"112\" srcset=\"https:\/\/www.mundi-roth.de\/reiseberichte\/wp-content\/uploads\/2012\/10\/P1060316-150x112.jpg 150w, https:\/\/www.mundi-roth.de\/reiseberichte\/wp-content\/uploads\/2012\/10\/P1060316-300x225.jpg 300w, https:\/\/www.mundi-roth.de\/reiseberichte\/wp-content\/uploads\/2012\/10\/P1060316.jpg 600w\" sizes=\"auto, (max-width: 150px) 100vw, 150px\" \/><\/a>Stufen, durch malerische, schattige Gassen,\u00a0 gelange ich zu dem oberen Garten. \u201eUpper Barrakka Garden\u201c.<br \/>\n<strong><\/strong>Es gibt auch einen \u201eLower Barrakka Garden\u201c.\u00a0 Diese Parkanlagen wurden Ende des 18. Jahrhunderts als private G\u00e4rten des Johanniterordens angelegt. Mal\u00a0 sehen, ob ich den unteren Garten \u2013 ohne Stadtplan \u2013 auch ausfindig <a href=\"http:\/\/www.mundi-roth.de\/reiseberichte\/wp-content\/uploads\/2012\/10\/P1060306.jpg\"><img loading=\"lazy\" decoding=\"async\" class=\"alignright size-thumbnail wp-image-1424\" title=\"P1060306\" alt=\"\" src=\"http:\/\/www.mundi-roth.de\/reiseberichte\/wp-content\/uploads\/2012\/10\/P1060306-150x112.jpg\" width=\"150\" height=\"112\" srcset=\"https:\/\/www.mundi-roth.de\/reiseberichte\/wp-content\/uploads\/2012\/10\/P1060306-150x112.jpg 150w, https:\/\/www.mundi-roth.de\/reiseberichte\/wp-content\/uploads\/2012\/10\/P1060306-300x225.jpg 300w, https:\/\/www.mundi-roth.de\/reiseberichte\/wp-content\/uploads\/2012\/10\/P1060306.jpg 600w\" sizes=\"auto, (max-width: 150px) 100vw, 150px\" \/><\/a>mache. Auf alle F\u00e4lle lohnt der atemberaubende Ausblick den Aufstieg, denn von der Bastion hat man einen fantastischen Blick \u00fcber den Gro\u00dfen Hafen der Stadt.<\/p>\n<p>Pferdekutscher warteten auf G\u00e4ste, ich jedoch haltet mich von hier aus rechts und gelange auf einen gro\u00dfen Platz \u2013 den Gro\u00dfmeisterpalast \u2013 mit sch\u00f6nem Springbrunnen, der so wohl Kindern wie\u00a0 <a href=\"http:\/\/www.mundi-roth.de\/reiseberichte\/wp-content\/uploads\/2012\/10\/P1060329.jpg\"><img loading=\"lazy\" decoding=\"async\" class=\"alignleft size-thumbnail wp-image-1426\" title=\"P1060329\" alt=\"\" src=\"http:\/\/www.mundi-roth.de\/reiseberichte\/wp-content\/uploads\/2012\/10\/P1060329-150x90.jpg\" width=\"150\" height=\"90\" srcset=\"https:\/\/www.mundi-roth.de\/reiseberichte\/wp-content\/uploads\/2012\/10\/P1060329-150x90.jpg 150w, https:\/\/www.mundi-roth.de\/reiseberichte\/wp-content\/uploads\/2012\/10\/P1060329-300x181.jpg 300w, https:\/\/www.mundi-roth.de\/reiseberichte\/wp-content\/uploads\/2012\/10\/P1060329.jpg 571w\" sizes=\"auto, (max-width: 150px) 100vw, 150px\" \/><\/a>Jugendlichen als Erfrischung diente.<br \/>\nDer 1571 fertiggestellte und im 18. Jahrhundert umgebaute Grand Master&#8217;s Palace dient heute als Sitz des Parlaments und des Staatspr\u00e4sidenten. In den <a href=\"http:\/\/www.mundi-roth.de\/reiseberichte\/wp-content\/uploads\/2012\/10\/P1060345.jpg\"><img loading=\"lazy\" decoding=\"async\" class=\"alignright size-thumbnail wp-image-1427\" title=\"P1060345\" alt=\"\" src=\"http:\/\/www.mundi-roth.de\/reiseberichte\/wp-content\/uploads\/2012\/10\/P1060345-115x150.jpg\" width=\"115\" height=\"150\" srcset=\"https:\/\/www.mundi-roth.de\/reiseberichte\/wp-content\/uploads\/2012\/10\/P1060345-115x150.jpg 115w, https:\/\/www.mundi-roth.de\/reiseberichte\/wp-content\/uploads\/2012\/10\/P1060345-231x300.jpg 231w, https:\/\/www.mundi-roth.de\/reiseberichte\/wp-content\/uploads\/2012\/10\/P1060345.jpg 436w\" sizes=\"auto, (max-width: 115px) 100vw, 115px\" \/><\/a>Innenh\u00f6fen \u2013 einer ist zug\u00e4nglich &#8211;\u00a0 stehen\u00a0 Bronzestatuen, ein Brunnen und eine Turmuhr aus dem 18. Jahrhundert.<\/p>\n<p><a href=\"http:\/\/www.mundi-roth.de\/reiseberichte\/wp-content\/uploads\/2012\/10\/P1060337.jpg\"><img loading=\"lazy\" decoding=\"async\" class=\"alignleft size-thumbnail wp-image-1428\" title=\"P1060337\" alt=\"\" src=\"http:\/\/www.mundi-roth.de\/reiseberichte\/wp-content\/uploads\/2012\/10\/P1060337-112x150.jpg\" width=\"112\" height=\"150\" srcset=\"https:\/\/www.mundi-roth.de\/reiseberichte\/wp-content\/uploads\/2012\/10\/P1060337-112x150.jpg 112w, https:\/\/www.mundi-roth.de\/reiseberichte\/wp-content\/uploads\/2012\/10\/P1060337-225x300.jpg 225w, https:\/\/www.mundi-roth.de\/reiseberichte\/wp-content\/uploads\/2012\/10\/P1060337.jpg 450w\" sizes=\"auto, (max-width: 112px) 100vw, 112px\" \/><\/a>Nunmehr\u00a0 halte ich mich\u00a0 abw\u00e4rts und bestaune in der Karmeliter-Kirche die riesige, lichte Kuppel.<br \/>\nKreuz und quer wandere ich durch die Stadt und gelange tats\u00e4chlich zum unteren Garten \u201eLower Barrakka Garden\u201c mit seinen Skulpturen. <a href=\"http:\/\/www.mundi-roth.de\/reiseberichte\/wp-content\/uploads\/2012\/10\/P1060353.jpg\"><img loading=\"lazy\" decoding=\"async\" class=\"alignright size-thumbnail wp-image-1429\" title=\"P1060353\" alt=\"\" src=\"http:\/\/www.mundi-roth.de\/reiseberichte\/wp-content\/uploads\/2012\/10\/P1060353-112x150.jpg\" width=\"112\" height=\"150\" srcset=\"https:\/\/www.mundi-roth.de\/reiseberichte\/wp-content\/uploads\/2012\/10\/P1060353-112x150.jpg 112w, https:\/\/www.mundi-roth.de\/reiseberichte\/wp-content\/uploads\/2012\/10\/P1060353-225x300.jpg 225w, https:\/\/www.mundi-roth.de\/reiseberichte\/wp-content\/uploads\/2012\/10\/P1060353.jpg 450w\" sizes=\"auto, (max-width: 112px) 100vw, 112px\" \/><\/a><br \/>\nGut zwei Stunden begeistert mich Valletta und mit 87 Fotos komme ich zum Schiff zur\u00fcck, so dass mein lieber Mann meinen Spaziergang nachvollziehen kann.<\/p>\n<p>In Ruhe lese ich auf dem Schiff dann das Wissenswerte \u00fcber die Region nach.<\/p>\n<p><em>\u201eDer maltesische Archipel, bestehend aus den drei bewohnten Inseln Malta, Gozo und Comino, befindet sich im Herzen des Mittelmeers. Malta, 93 km s\u00fcdlich von Sizilien und 288 km n\u00f6rdlich von Afrika gelegen, ist die gr\u00f6\u00dfte Insel des Archipels und das kulturelle, wirtschaftliche und administrative Zentrum. Neben dem Tourismus sind die Docks der H\u00e4fen wichtigster Arbeitgeber der Insel. Mit einer Gr\u00f6\u00dfe von 316 km\u00b2 und einer Einwohnerzahl von rund 400.000 gilt Malta als eine der am dichtesten bev\u00f6lkerten Pl\u00e4tze der Erde. Valletta, die \u00fcberschaubare, reizvolle Hauptstadt Maltas, ist eine lebendige Stadt und bildet das administrative und wirtschaftliche Herz der Inselgruppe. Das Stadtbild Vallettas ist gepr\u00e4gt von historischen Bauten und malerischen Gassen.<\/em><br \/>\n<em> W\u00e4hrend ihrer 7000 j\u00e4hrigen Geschichte wurde die Inselgruppe von Ph\u00f6niziern,, Griechen, Karthagern,, R\u00f6mern, Arabern und dem Ritterorden der Johanniter regiert. Um das Einzigartige der Stadt zu erhalten wurde sie von der UNESCO als Weltkulturerbe erfasst.\u201c<\/em><\/p>\n<p><a href=\"http:\/\/www.mundi-roth.de\/reiseberichte\/wp-content\/uploads\/2012\/10\/DSCN0045.jpg\"><img loading=\"lazy\" decoding=\"async\" class=\"alignleft size-thumbnail wp-image-1433\" title=\"DSCN0045\" alt=\"\" src=\"http:\/\/www.mundi-roth.de\/reiseberichte\/wp-content\/uploads\/2012\/10\/DSCN0045-150x112.jpg\" width=\"150\" height=\"112\" srcset=\"https:\/\/www.mundi-roth.de\/reiseberichte\/wp-content\/uploads\/2012\/10\/DSCN0045-150x112.jpg 150w, https:\/\/www.mundi-roth.de\/reiseberichte\/wp-content\/uploads\/2012\/10\/DSCN0045-300x225.jpg 300w, https:\/\/www.mundi-roth.de\/reiseberichte\/wp-content\/uploads\/2012\/10\/DSCN0045.jpg 600w\" sizes=\"auto, (max-width: 150px) 100vw, 150px\" \/><\/a>Manfred hat in der Zwischenzeit das\u00a0 Schiff erkundet und so gehen wir gegen 18:00 Uhr im\u00a0 Restaurant \u201eAtlantik\u201c eine Kleinigkeit essen.<br \/>\nAnschlie\u00dfend nehmen wir auf Deck\u00a0 einen \u201eMojito\u201c zu uns, um dann gegen 20:30 Uhr\u00a0 zum Abendessen in das Restaurant Ankelmannsplatz auf Deck 11 zu gehen.<br \/>\nUm 21:15 Uhr ist eine Sicherheits\u00fcbung angesagt, die bis nach 22:00 dauert.<a href=\"http:\/\/www.mundi-roth.de\/reiseberichte\/wp-content\/uploads\/2012\/10\/DSCN0060.jpg\"><img loading=\"lazy\" decoding=\"async\" class=\"alignright size-thumbnail wp-image-1431\" title=\"DSCN0060\" alt=\"\" src=\"http:\/\/www.mundi-roth.de\/reiseberichte\/wp-content\/uploads\/2012\/10\/DSCN0060-118x150.jpg\" width=\"118\" height=\"150\" srcset=\"https:\/\/www.mundi-roth.de\/reiseberichte\/wp-content\/uploads\/2012\/10\/DSCN0060-118x150.jpg 118w, https:\/\/www.mundi-roth.de\/reiseberichte\/wp-content\/uploads\/2012\/10\/DSCN0060-237x300.jpg 237w, https:\/\/www.mundi-roth.de\/reiseberichte\/wp-content\/uploads\/2012\/10\/DSCN0060.jpg 355w\" sizes=\"auto, (max-width: 118px) 100vw, 118px\" \/><\/a><br \/>\nZum Abschluss dieses Tages sto\u00dfen wir mit einem Glas Sekt <a href=\"http:\/\/www.mundi-roth.de\/reiseberichte\/wp-content\/uploads\/2012\/10\/DSCN0066.jpg\"><img loading=\"lazy\" decoding=\"async\" class=\"alignleft size-thumbnail wp-image-1432\" title=\"DSCN0066\" alt=\"\" src=\"http:\/\/www.mundi-roth.de\/reiseberichte\/wp-content\/uploads\/2012\/10\/DSCN0066-150x76.jpg\" width=\"150\" height=\"76\" srcset=\"https:\/\/www.mundi-roth.de\/reiseberichte\/wp-content\/uploads\/2012\/10\/DSCN0066-150x76.jpg 150w, https:\/\/www.mundi-roth.de\/reiseberichte\/wp-content\/uploads\/2012\/10\/DSCN0066-300x153.jpg 300w, https:\/\/www.mundi-roth.de\/reiseberichte\/wp-content\/uploads\/2012\/10\/DSCN0066.jpg 600w\" sizes=\"auto, (max-width: 150px) 100vw, 150px\" \/><\/a>auf eine sch\u00f6ne Woche an, schauen noch ein bi\u00dfchen der Show auf Deck 11 zu und ein langer, anstrengender Tag, mit gro\u00dfer Hitze ist zu Ende.<\/p>\n","protected":false},"excerpt":{"rendered":"<p>Westliches Mittelmeer Malta \u2013 Civitavecchia \u2013 Livorno &#8211; Monte Carlo \u2013 Korsika\u00a0 -Malta mit \u201eMein Schiff\u00a0 1\u201c Vom 31. August bis 7. September 2012 \u201eStrahlend sch\u00f6ne Insel, Fahrt zur blauen K\u00fcsten, schwarze Felsformationen und leuchtend gelbe Zitronenb\u00e4ume &#8211; wenn die Sonne \u00fcber dem Mittelmeer aufgeht, beginnt ein einmaliges Farbenspiel. Sie sind mittendrin.\u201c So beginnt die [&hellip;]<\/p>\n","protected":false},"author":2,"featured_media":0,"comment_status":"closed","ping_status":"closed","sticky":false,"template":"","format":"standard","meta":{"footnotes":""},"categories":[673],"tags":[683,682,684,685,677,680,675,679,681,676,678,674],"class_list":["post-1418","post","type-post","status-publish","format-standard","hentry","category-kreuzfahrt-westliches-mittelmeer","tag-grosmeisterpalast","tag-johanniterorden","tag-karmeliter-kirche","tag-lower-barrakka-garden","tag-malta","tag-malteser-ritter","tag-mein-schiff-1","tag-st-johns-cathedral","tag-upper-barrakka-garden","tag-valletta","tag-victoria-torbogen","tag-westliches-mittelmeer"],"yoast_head":"<!-- This site is optimized with the Yoast SEO plugin v27.5 - https:\/\/yoast.com\/product\/yoast-seo-wordpress\/ -->\n<title>Kreuzfahrt - Westliches Mittelmeer (1) - Reiseberichte<\/title>\n<meta name=\"robots\" content=\"index, follow, max-snippet:-1, max-image-preview:large, max-video-preview:-1\" \/>\n<link rel=\"canonical\" href=\"https:\/\/www.mundi-roth.de\/reiseberichte\/kreuzfahrt-westliches-mittelmeer-1\/\" \/>\n<meta name=\"twitter:label1\" content=\"Verfasst von\" \/>\n\t<meta name=\"twitter:data1\" content=\"mr\" \/>\n\t<meta name=\"twitter:label2\" content=\"Gesch\u00e4tzte Lesezeit\" \/>\n\t<meta name=\"twitter:data2\" content=\"4\u00a0Minuten\" \/>\n<script type=\"application\/ld+json\" class=\"yoast-schema-graph\">{\"@context\":\"https:\\\/\\\/schema.org\",\"@graph\":[{\"@type\":\"Article\",\"@id\":\"https:\\\/\\\/www.mundi-roth.de\\\/reiseberichte\\\/kreuzfahrt-westliches-mittelmeer-1\\\/#article\",\"isPartOf\":{\"@id\":\"https:\\\/\\\/www.mundi-roth.de\\\/reiseberichte\\\/kreuzfahrt-westliches-mittelmeer-1\\\/\"},\"author\":{\"name\":\"mr\",\"@id\":\"https:\\\/\\\/www.mundi-roth.de\\\/reiseberichte\\\/#\\\/schema\\\/person\\\/5e8081ddad478fd383ee2511fe8368bd\"},\"headline\":\"Kreuzfahrt &#8211; Westliches Mittelmeer (1)\",\"datePublished\":\"2012-10-13T13:00:49+00:00\",\"dateModified\":\"2020-05-08T19:22:36+00:00\",\"mainEntityOfPage\":{\"@id\":\"https:\\\/\\\/www.mundi-roth.de\\\/reiseberichte\\\/kreuzfahrt-westliches-mittelmeer-1\\\/\"},\"wordCount\":859,\"image\":{\"@id\":\"https:\\\/\\\/www.mundi-roth.de\\\/reiseberichte\\\/kreuzfahrt-westliches-mittelmeer-1\\\/#primaryimage\"},\"thumbnailUrl\":\"http:\\\/\\\/www.mundi-roth.de\\\/reiseberichte\\\/wp-content\\\/uploads\\\/2012\\\/10\\\/DSCN0077a-300x159.jpg\",\"keywords\":[\"Gro\u00dfmeisterpalast\",\"Johanniterorden\",\"Karmeliter-Kirche\",\"Lower Barrakka Garden\",\"Malta\",\"Malteser Ritter\",\"Mein Schiff 1\",\"St. John's Cathedral\",\"Upper Barrakka Garden\",\"Valletta\",\"Victoria-Torbogen\",\"Westliches Mittelmeer\"],\"articleSection\":[\"Kreuzfahrt - Westliches Mittelmeer\"],\"inLanguage\":\"de\"},{\"@type\":\"WebPage\",\"@id\":\"https:\\\/\\\/www.mundi-roth.de\\\/reiseberichte\\\/kreuzfahrt-westliches-mittelmeer-1\\\/\",\"url\":\"https:\\\/\\\/www.mundi-roth.de\\\/reiseberichte\\\/kreuzfahrt-westliches-mittelmeer-1\\\/\",\"name\":\"Kreuzfahrt - Westliches Mittelmeer (1) - Reiseberichte\",\"isPartOf\":{\"@id\":\"https:\\\/\\\/www.mundi-roth.de\\\/reiseberichte\\\/#website\"},\"primaryImageOfPage\":{\"@id\":\"https:\\\/\\\/www.mundi-roth.de\\\/reiseberichte\\\/kreuzfahrt-westliches-mittelmeer-1\\\/#primaryimage\"},\"image\":{\"@id\":\"https:\\\/\\\/www.mundi-roth.de\\\/reiseberichte\\\/kreuzfahrt-westliches-mittelmeer-1\\\/#primaryimage\"},\"thumbnailUrl\":\"http:\\\/\\\/www.mundi-roth.de\\\/reiseberichte\\\/wp-content\\\/uploads\\\/2012\\\/10\\\/DSCN0077a-300x159.jpg\",\"datePublished\":\"2012-10-13T13:00:49+00:00\",\"dateModified\":\"2020-05-08T19:22:36+00:00\",\"author\":{\"@id\":\"https:\\\/\\\/www.mundi-roth.de\\\/reiseberichte\\\/#\\\/schema\\\/person\\\/5e8081ddad478fd383ee2511fe8368bd\"},\"breadcrumb\":{\"@id\":\"https:\\\/\\\/www.mundi-roth.de\\\/reiseberichte\\\/kreuzfahrt-westliches-mittelmeer-1\\\/#breadcrumb\"},\"inLanguage\":\"de\",\"potentialAction\":[{\"@type\":\"ReadAction\",\"target\":[\"https:\\\/\\\/www.mundi-roth.de\\\/reiseberichte\\\/kreuzfahrt-westliches-mittelmeer-1\\\/\"]}]},{\"@type\":\"ImageObject\",\"inLanguage\":\"de\",\"@id\":\"https:\\\/\\\/www.mundi-roth.de\\\/reiseberichte\\\/kreuzfahrt-westliches-mittelmeer-1\\\/#primaryimage\",\"url\":\"http:\\\/\\\/www.mundi-roth.de\\\/reiseberichte\\\/wp-content\\\/uploads\\\/2012\\\/10\\\/DSCN0077a-300x159.jpg\",\"contentUrl\":\"http:\\\/\\\/www.mundi-roth.de\\\/reiseberichte\\\/wp-content\\\/uploads\\\/2012\\\/10\\\/DSCN0077a-300x159.jpg\"},{\"@type\":\"BreadcrumbList\",\"@id\":\"https:\\\/\\\/www.mundi-roth.de\\\/reiseberichte\\\/kreuzfahrt-westliches-mittelmeer-1\\\/#breadcrumb\",\"itemListElement\":[{\"@type\":\"ListItem\",\"position\":1,\"name\":\"Startseite\",\"item\":\"https:\\\/\\\/www.mundi-roth.de\\\/reiseberichte\\\/\"},{\"@type\":\"ListItem\",\"position\":2,\"name\":\"Kreuzfahrt &#8211; Westliches Mittelmeer (1)\"}]},{\"@type\":\"WebSite\",\"@id\":\"https:\\\/\\\/www.mundi-roth.de\\\/reiseberichte\\\/#website\",\"url\":\"https:\\\/\\\/www.mundi-roth.de\\\/reiseberichte\\\/\",\"name\":\"Reiseberichte\",\"description\":\"Berichte \u00fcber Reisen (fast) rund um die Welt\",\"potentialAction\":[{\"@type\":\"SearchAction\",\"target\":{\"@type\":\"EntryPoint\",\"urlTemplate\":\"https:\\\/\\\/www.mundi-roth.de\\\/reiseberichte\\\/?s={search_term_string}\"},\"query-input\":{\"@type\":\"PropertyValueSpecification\",\"valueRequired\":true,\"valueName\":\"search_term_string\"}}],\"inLanguage\":\"de\"},{\"@type\":\"Person\",\"@id\":\"https:\\\/\\\/www.mundi-roth.de\\\/reiseberichte\\\/#\\\/schema\\\/person\\\/5e8081ddad478fd383ee2511fe8368bd\",\"name\":\"mr\",\"image\":{\"@type\":\"ImageObject\",\"inLanguage\":\"de\",\"@id\":\"https:\\\/\\\/secure.gravatar.com\\\/avatar\\\/9a3c34f32a8cb6923297b48d58fb263210ea20a4049fc4d3ccb858ce00487957?s=96&d=mm&r=g\",\"url\":\"https:\\\/\\\/secure.gravatar.com\\\/avatar\\\/9a3c34f32a8cb6923297b48d58fb263210ea20a4049fc4d3ccb858ce00487957?s=96&d=mm&r=g\",\"contentUrl\":\"https:\\\/\\\/secure.gravatar.com\\\/avatar\\\/9a3c34f32a8cb6923297b48d58fb263210ea20a4049fc4d3ccb858ce00487957?s=96&d=mm&r=g\",\"caption\":\"mr\"},\"sameAs\":[\"http:\\\/\\\/www.mundi-roth.de\"]}]}<\/script>\n<!-- \/ Yoast SEO plugin. -->","yoast_head_json":{"title":"Kreuzfahrt - Westliches Mittelmeer (1) - Reiseberichte","robots":{"index":"index","follow":"follow","max-snippet":"max-snippet:-1","max-image-preview":"max-image-preview:large","max-video-preview":"max-video-preview:-1"},"canonical":"https:\/\/www.mundi-roth.de\/reiseberichte\/kreuzfahrt-westliches-mittelmeer-1\/","twitter_misc":{"Verfasst von":"mr","Gesch\u00e4tzte Lesezeit":"4\u00a0Minuten"},"schema":{"@context":"https:\/\/schema.org","@graph":[{"@type":"Article","@id":"https:\/\/www.mundi-roth.de\/reiseberichte\/kreuzfahrt-westliches-mittelmeer-1\/#article","isPartOf":{"@id":"https:\/\/www.mundi-roth.de\/reiseberichte\/kreuzfahrt-westliches-mittelmeer-1\/"},"author":{"name":"mr","@id":"https:\/\/www.mundi-roth.de\/reiseberichte\/#\/schema\/person\/5e8081ddad478fd383ee2511fe8368bd"},"headline":"Kreuzfahrt &#8211; Westliches Mittelmeer (1)","datePublished":"2012-10-13T13:00:49+00:00","dateModified":"2020-05-08T19:22:36+00:00","mainEntityOfPage":{"@id":"https:\/\/www.mundi-roth.de\/reiseberichte\/kreuzfahrt-westliches-mittelmeer-1\/"},"wordCount":859,"image":{"@id":"https:\/\/www.mundi-roth.de\/reiseberichte\/kreuzfahrt-westliches-mittelmeer-1\/#primaryimage"},"thumbnailUrl":"http:\/\/www.mundi-roth.de\/reiseberichte\/wp-content\/uploads\/2012\/10\/DSCN0077a-300x159.jpg","keywords":["Gro\u00dfmeisterpalast","Johanniterorden","Karmeliter-Kirche","Lower Barrakka Garden","Malta","Malteser Ritter","Mein Schiff 1","St. John's Cathedral","Upper Barrakka Garden","Valletta","Victoria-Torbogen","Westliches Mittelmeer"],"articleSection":["Kreuzfahrt - Westliches Mittelmeer"],"inLanguage":"de"},{"@type":"WebPage","@id":"https:\/\/www.mundi-roth.de\/reiseberichte\/kreuzfahrt-westliches-mittelmeer-1\/","url":"https:\/\/www.mundi-roth.de\/reiseberichte\/kreuzfahrt-westliches-mittelmeer-1\/","name":"Kreuzfahrt - Westliches Mittelmeer (1) - Reiseberichte","isPartOf":{"@id":"https:\/\/www.mundi-roth.de\/reiseberichte\/#website"},"primaryImageOfPage":{"@id":"https:\/\/www.mundi-roth.de\/reiseberichte\/kreuzfahrt-westliches-mittelmeer-1\/#primaryimage"},"image":{"@id":"https:\/\/www.mundi-roth.de\/reiseberichte\/kreuzfahrt-westliches-mittelmeer-1\/#primaryimage"},"thumbnailUrl":"http:\/\/www.mundi-roth.de\/reiseberichte\/wp-content\/uploads\/2012\/10\/DSCN0077a-300x159.jpg","datePublished":"2012-10-13T13:00:49+00:00","dateModified":"2020-05-08T19:22:36+00:00","author":{"@id":"https:\/\/www.mundi-roth.de\/reiseberichte\/#\/schema\/person\/5e8081ddad478fd383ee2511fe8368bd"},"breadcrumb":{"@id":"https:\/\/www.mundi-roth.de\/reiseberichte\/kreuzfahrt-westliches-mittelmeer-1\/#breadcrumb"},"inLanguage":"de","potentialAction":[{"@type":"ReadAction","target":["https:\/\/www.mundi-roth.de\/reiseberichte\/kreuzfahrt-westliches-mittelmeer-1\/"]}]},{"@type":"ImageObject","inLanguage":"de","@id":"https:\/\/www.mundi-roth.de\/reiseberichte\/kreuzfahrt-westliches-mittelmeer-1\/#primaryimage","url":"http:\/\/www.mundi-roth.de\/reiseberichte\/wp-content\/uploads\/2012\/10\/DSCN0077a-300x159.jpg","contentUrl":"http:\/\/www.mundi-roth.de\/reiseberichte\/wp-content\/uploads\/2012\/10\/DSCN0077a-300x159.jpg"},{"@type":"BreadcrumbList","@id":"https:\/\/www.mundi-roth.de\/reiseberichte\/kreuzfahrt-westliches-mittelmeer-1\/#breadcrumb","itemListElement":[{"@type":"ListItem","position":1,"name":"Startseite","item":"https:\/\/www.mundi-roth.de\/reiseberichte\/"},{"@type":"ListItem","position":2,"name":"Kreuzfahrt &#8211; Westliches Mittelmeer (1)"}]},{"@type":"WebSite","@id":"https:\/\/www.mundi-roth.de\/reiseberichte\/#website","url":"https:\/\/www.mundi-roth.de\/reiseberichte\/","name":"Reiseberichte","description":"Berichte \u00fcber Reisen (fast) rund um die Welt","potentialAction":[{"@type":"SearchAction","target":{"@type":"EntryPoint","urlTemplate":"https:\/\/www.mundi-roth.de\/reiseberichte\/?s={search_term_string}"},"query-input":{"@type":"PropertyValueSpecification","valueRequired":true,"valueName":"search_term_string"}}],"inLanguage":"de"},{"@type":"Person","@id":"https:\/\/www.mundi-roth.de\/reiseberichte\/#\/schema\/person\/5e8081ddad478fd383ee2511fe8368bd","name":"mr","image":{"@type":"ImageObject","inLanguage":"de","@id":"https:\/\/secure.gravatar.com\/avatar\/9a3c34f32a8cb6923297b48d58fb263210ea20a4049fc4d3ccb858ce00487957?s=96&d=mm&r=g","url":"https:\/\/secure.gravatar.com\/avatar\/9a3c34f32a8cb6923297b48d58fb263210ea20a4049fc4d3ccb858ce00487957?s=96&d=mm&r=g","contentUrl":"https:\/\/secure.gravatar.com\/avatar\/9a3c34f32a8cb6923297b48d58fb263210ea20a4049fc4d3ccb858ce00487957?s=96&d=mm&r=g","caption":"mr"},"sameAs":["http:\/\/www.mundi-roth.de"]}]}},"_links":{"self":[{"href":"https:\/\/www.mundi-roth.de\/reiseberichte\/wp-json\/wp\/v2\/posts\/1418","targetHints":{"allow":["GET"]}}],"collection":[{"href":"https:\/\/www.mundi-roth.de\/reiseberichte\/wp-json\/wp\/v2\/posts"}],"about":[{"href":"https:\/\/www.mundi-roth.de\/reiseberichte\/wp-json\/wp\/v2\/types\/post"}],"author":[{"embeddable":true,"href":"https:\/\/www.mundi-roth.de\/reiseberichte\/wp-json\/wp\/v2\/users\/2"}],"replies":[{"embeddable":true,"href":"https:\/\/www.mundi-roth.de\/reiseberichte\/wp-json\/wp\/v2\/comments?post=1418"}],"version-history":[{"count":0,"href":"https:\/\/www.mundi-roth.de\/reiseberichte\/wp-json\/wp\/v2\/posts\/1418\/revisions"}],"wp:attachment":[{"href":"https:\/\/www.mundi-roth.de\/reiseberichte\/wp-json\/wp\/v2\/media?parent=1418"}],"wp:term":[{"taxonomy":"category","embeddable":true,"href":"https:\/\/www.mundi-roth.de\/reiseberichte\/wp-json\/wp\/v2\/categories?post=1418"},{"taxonomy":"post_tag","embeddable":true,"href":"https:\/\/www.mundi-roth.de\/reiseberichte\/wp-json\/wp\/v2\/tags?post=1418"}],"curies":[{"name":"wp","href":"https:\/\/api.w.org\/{rel}","templated":true}]}}