{"id":1441,"date":"2012-10-13T12:00:44","date_gmt":"2012-10-13T11:00:44","guid":{"rendered":"http:\/\/www.mundi-roth.de\/reiseberichte\/?p=1441"},"modified":"2020-05-08T20:22:36","modified_gmt":"2020-05-08T19:22:36","slug":"kreuzfahrt-westliches-mittelmeer-3","status":"publish","type":"post","link":"https:\/\/www.mundi-roth.de\/reiseberichte\/kreuzfahrt-westliches-mittelmeer-3\/","title":{"rendered":"Kreuzfahrt &#8211; Westliches Mittelmeer (3)"},"content":{"rendered":"<p><strong>Sonntag, 2. September<\/strong><\/p>\n<p>Unsere heutiger Anlaufhafen ist:<\/p>\n<p><strong>Civitavecchia\/Rom, Italien<\/strong><\/p>\n<p>Jeden Morgen finden wir auf der Kaj\u00fcte einen Tagesplan vor.<\/p>\n<p>Was uns heute erwartet:<\/p>\n<p><em>\u201eCivitavecchia ist die gr\u00f6\u00dfte Hafenstadt der Region Latium und liegt etwa 70 km nordwestlich von Rom am Thyrrhenischen Meer. Der Ursprung Civitavecchia beruht auf einer etruskischen Siedlung, die sich erst zu Zeiten Kaiser Trajan 110 n. Chr.\u00a0 zu einer befestigten Hafenstadt mit dem Namen Centumcellae entwickelte. Mit dem Einfall der Sarazener im Mittelmeerraum um 850 n. Chr. wurde die Stadt fast vollst\u00e4ndig zerst\u00f6rt und erst gegen 1000 n. Chr. wurde das Gebiet am alten Hafen rund um eine Burg wieder besiedelt und bekam den Namen \u201eCivitavetula\u201c, also \u201eAlte Stadt.<\/em><br \/>\n<em> Auff\u00e4lligste Sehensw\u00fcrdigkeit und das Wahrzeichen der Stadt ist die wuchtige Festung Forte Michelangelo, die\u00a0 ihren Namen dem weltber\u00fchmten Maler und Bildhauer verdankt, der das Geb\u00e4ude vollendete.<\/em><br \/>\n<em> Civitavecchia ist ber\u00fchmt f\u00fcr den Digistiv Sambuca, einen Anislik\u00f6r, der hier von den traditionsreichen Firmen Manzi und Molinari hergestellt wird.\u201c<\/em><\/p>\n<p>Wettervorhersage:<\/p>\n<p>Heute ist der Sonnenschein nur selten durch einige Wolken getr\u00fcbt.<br \/>\nTats\u00e4chlich: Regen<\/p>\n<p>Den Tag beginne ich wieder um 7 Uhr mit Wassergymnastik. <a href=\"http:\/\/www.mundi-roth.de\/reiseberichte\/wp-content\/uploads\/2012\/10\/DSCN0102.jpg\"><img loading=\"lazy\" decoding=\"async\" class=\"alignright size-thumbnail wp-image-1442\" title=\"DSCN0102\" src=\"http:\/\/www.mundi-roth.de\/reiseberichte\/wp-content\/uploads\/2012\/10\/DSCN0102-150x112.jpg\" alt=\"\" width=\"150\" height=\"112\" srcset=\"https:\/\/www.mundi-roth.de\/reiseberichte\/wp-content\/uploads\/2012\/10\/DSCN0102-150x112.jpg 150w, https:\/\/www.mundi-roth.de\/reiseberichte\/wp-content\/uploads\/2012\/10\/DSCN0102-300x225.jpg 300w, https:\/\/www.mundi-roth.de\/reiseberichte\/wp-content\/uploads\/2012\/10\/DSCN0102.jpg 600w\" sizes=\"auto, (max-width: 150px) 100vw, 150px\" \/><\/a><br \/>\nAnschlie\u00dfend fr\u00fchst\u00fccken wir im Atlantik Restaurant und als wir um 8.30 Uhr auf die Kaj\u00fcte zur\u00fcckgehen, stellen wir fest: es regnet.<br \/>\nAlso haben wir uns unsere B\u00fccher geschnappt und <a href=\"http:\/\/www.mundi-roth.de\/reiseberichte\/wp-content\/uploads\/2012\/10\/DSCN0173.jpg\"><img loading=\"lazy\" decoding=\"async\" class=\"alignleft size-thumbnail wp-image-1443\" title=\"DSCN0173\" src=\"http:\/\/www.mundi-roth.de\/reiseberichte\/wp-content\/uploads\/2012\/10\/DSCN0173-150x112.jpg\" alt=\"\" width=\"150\" height=\"112\" srcset=\"https:\/\/www.mundi-roth.de\/reiseberichte\/wp-content\/uploads\/2012\/10\/DSCN0173-150x112.jpg 150w, https:\/\/www.mundi-roth.de\/reiseberichte\/wp-content\/uploads\/2012\/10\/DSCN0173-300x225.jpg 300w, https:\/\/www.mundi-roth.de\/reiseberichte\/wp-content\/uploads\/2012\/10\/DSCN0173.jpg 600w\" sizes=\"auto, (max-width: 150px) 100vw, 150px\" \/><\/a>haben in der ansprechenden, ganz in wei\u00df gehaltenen TUI-Bar bis 12 Uhr gelesen, um dann in das Restaurant Ankelmann zum Essen \u00fcberzuwechseln.<\/p>\n<p>Es regnet immer noch und wir haben die Panoramafahrt durch Rom um 14 Uhr gebucht.<br \/>\nTreffen ist um 13.30 im Theater. Bis dann alle Gruppen auf die verschiedenen Busse verteilt sind, dauert es halt etwas.<\/p>\n<p>Was uns veranlasste, diese Fahrt zu buchen, war die folgende Beschreibung:<\/p>\n<p><em>\u201ePanoramafahrt durch Rom:<\/em><br \/>\n<em> Rom ganz entspannt.<\/em><br \/>\n<em> W\u00e4hrend dieser Panoramatour k\u00f6nnen Sie sich bequem im Bus zur\u00fccklehnen und die wichtigsten Sehensw\u00fcrdigkeiten der ewigen Stadt an sich vorbeiziehen lassen. Sie fahren von Civitavecchia \u00fcber die Autobahn nach Rom, wo sie nach ca. 1,5 Stunden ankommen. Nach einer spannenden Fahrt vorbei am Kolosseum, am Forum Romanum und vielen anderen beeindruckenden Bauwerken steigen sie am Petersplatz aus und haben etwa 1 Stunde Freizeit, um die Gegend auf eigene Faust zu erkunden oder individuell den Petersplatz. Danach bringt sie der Bus zur\u00fcck zum Schiff. Dauer 5 Stunden.\u201c<\/em><\/p>\n<p>Wir haben zwar das Gl\u00fcck, wie bei ARD und ZDF in der ersten Reihe im Bus zu sitzen, jedoch muss der Scheibenwischer stets in Betrieb sein.<\/p>\n<p>An der wuchtigen Festung Michelangelo vorbei fahren wir tats\u00e4chich in 1 \u00bd <a href=\"http:\/\/www.mundi-roth.de\/reiseberichte\/wp-content\/uploads\/2012\/10\/P1060481a.jpg\"><img loading=\"lazy\" decoding=\"async\" class=\"alignright size-thumbnail wp-image-1444\" title=\"P1060481a\" src=\"http:\/\/www.mundi-roth.de\/reiseberichte\/wp-content\/uploads\/2012\/10\/P1060481a-150x80.jpg\" alt=\"\" width=\"150\" height=\"80\" srcset=\"https:\/\/www.mundi-roth.de\/reiseberichte\/wp-content\/uploads\/2012\/10\/P1060481a-150x80.jpg 150w, https:\/\/www.mundi-roth.de\/reiseberichte\/wp-content\/uploads\/2012\/10\/P1060481a-300x160.jpg 300w, https:\/\/www.mundi-roth.de\/reiseberichte\/wp-content\/uploads\/2012\/10\/P1060481a.jpg 600w\" sizes=\"auto, (max-width: 150px) 100vw, 150px\" \/><\/a>Stunden nach Rom.<br \/>\nDie verregnete Landschaft mit ihren Olivenb\u00e4umen <a href=\"http:\/\/www.mundi-roth.de\/reiseberichte\/wp-content\/uploads\/2012\/10\/DSCN0112.jpg\"><img loading=\"lazy\" decoding=\"async\" class=\"alignleft size-thumbnail wp-image-1445\" title=\"DSCN0112\" src=\"http:\/\/www.mundi-roth.de\/reiseberichte\/wp-content\/uploads\/2012\/10\/DSCN0112-150x112.jpg\" alt=\"\" width=\"150\" height=\"112\" srcset=\"https:\/\/www.mundi-roth.de\/reiseberichte\/wp-content\/uploads\/2012\/10\/DSCN0112-150x112.jpg 150w, https:\/\/www.mundi-roth.de\/reiseberichte\/wp-content\/uploads\/2012\/10\/DSCN0112-300x225.jpg 300w, https:\/\/www.mundi-roth.de\/reiseberichte\/wp-content\/uploads\/2012\/10\/DSCN0112.jpg 600w\" sizes=\"auto, (max-width: 150px) 100vw, 150px\" \/><\/a>zieht an uns vorbei und im Vorbeifahren erhaschen wir einen Blick auf die Mosaiken der St. Paulskirche,<br \/>\nbestaunen die Treppen, von denen eine Michelangelo<a href=\"http:\/\/www.mundi-roth.de\/reiseberichte\/wp-content\/uploads\/2012\/10\/P1060400.jpg\"><img loading=\"lazy\" decoding=\"async\" class=\"alignright size-thumbnail wp-image-1446\" title=\"P1060400\" src=\"http:\/\/www.mundi-roth.de\/reiseberichte\/wp-content\/uploads\/2012\/10\/P1060400-112x150.jpg\" alt=\"\" width=\"112\" height=\"150\" srcset=\"https:\/\/www.mundi-roth.de\/reiseberichte\/wp-content\/uploads\/2012\/10\/P1060400-112x150.jpg 112w, https:\/\/www.mundi-roth.de\/reiseberichte\/wp-content\/uploads\/2012\/10\/P1060400-225x300.jpg 225w, https:\/\/www.mundi-roth.de\/reiseberichte\/wp-content\/uploads\/2012\/10\/P1060400.jpg 450w\" sizes=\"auto, (max-width: 112px) 100vw, 112px\" \/><\/a> erbaut hat,\u00a0\u00a0 Renaissancekirchen passieren wir, die Thermen, das Gel\u00e4nde des ehemaligen Zirkusses, das Kolosseum, den Justizplast, die Engelsburg und vier von den sieben H\u00fcgeln Roms befahren wir.<\/p>\n<p><a href=\"http:\/\/www.mundi-roth.de\/reiseberichte\/wp-content\/uploads\/2012\/10\/Collage1.jpg\"><img loading=\"lazy\" decoding=\"async\" class=\"aligncenter size-medium wp-image-1447\" title=\"Collage1\" src=\"http:\/\/www.mundi-roth.de\/reiseberichte\/wp-content\/uploads\/2012\/10\/Collage1-300x68.jpg\" alt=\"\" width=\"300\" height=\"68\" srcset=\"https:\/\/www.mundi-roth.de\/reiseberichte\/wp-content\/uploads\/2012\/10\/Collage1-300x68.jpg 300w, https:\/\/www.mundi-roth.de\/reiseberichte\/wp-content\/uploads\/2012\/10\/Collage1-150x34.jpg 150w, https:\/\/www.mundi-roth.de\/reiseberichte\/wp-content\/uploads\/2012\/10\/Collage1.jpg 600w\" sizes=\"auto, (max-width: 300px) 100vw, 300px\" \/><\/a><br \/>\nAlles im Schnelldurchgang.<br \/>\nLeider kein einziger Fotostopp, und Regen!<\/p>\n<p>Um 15.30 Uhr halten wir am Petersplatz, bekommen noch die r\u00f6mische Wasserleitung erkl\u00e4rt, den Fluchtweg der P\u00e4pste vom Vatikan zur Engelsburg <a href=\"http:\/\/www.mundi-roth.de\/reiseberichte\/wp-content\/uploads\/2012\/10\/DSCN0130.jpg\"><img loading=\"lazy\" decoding=\"async\" class=\"alignleft size-thumbnail wp-image-1450\" title=\"DSCN0130\" src=\"http:\/\/www.mundi-roth.de\/reiseberichte\/wp-content\/uploads\/2012\/10\/DSCN0130-150x112.jpg\" alt=\"\" width=\"150\" height=\"112\" srcset=\"https:\/\/www.mundi-roth.de\/reiseberichte\/wp-content\/uploads\/2012\/10\/DSCN0130-150x112.jpg 150w, https:\/\/www.mundi-roth.de\/reiseberichte\/wp-content\/uploads\/2012\/10\/DSCN0130-300x225.jpg 300w, https:\/\/www.mundi-roth.de\/reiseberichte\/wp-content\/uploads\/2012\/10\/DSCN0130.jpg 600w\" sizes=\"auto, (max-width: 150px) 100vw, 150px\" \/><\/a>gezeigt und dann haben wir bis 16.40 Uhr \u201eAlleingang\u201c.<a href=\"http:\/\/www.mundi-roth.de\/reiseberichte\/wp-content\/uploads\/2012\/10\/DSCN0134.jpg\"><img loading=\"lazy\" decoding=\"async\" class=\"alignright size-thumbnail wp-image-1448\" title=\"DSCN0134\" src=\"http:\/\/www.mundi-roth.de\/reiseberichte\/wp-content\/uploads\/2012\/10\/DSCN0134-150x112.jpg\" alt=\"\" width=\"150\" height=\"112\" srcset=\"https:\/\/www.mundi-roth.de\/reiseberichte\/wp-content\/uploads\/2012\/10\/DSCN0134-150x112.jpg 150w, https:\/\/www.mundi-roth.de\/reiseberichte\/wp-content\/uploads\/2012\/10\/DSCN0134-300x225.jpg 300w, https:\/\/www.mundi-roth.de\/reiseberichte\/wp-content\/uploads\/2012\/10\/DSCN0134.jpg 600w\" sizes=\"auto, (max-width: 150px) 100vw, 150px\" \/><\/a><br \/>\nIch nutze diesen, um den Petersdom nochmal zu besichtigen. Fast h\u00e4lt mich die lange Schlange der Wartenden ab, da scharfe Sicherheits\u00fcberpr\u00fcfungen <a href=\"http:\/\/www.mundi-roth.de\/reiseberichte\/wp-content\/uploads\/2012\/10\/P1060464.jpg\"><img loading=\"lazy\" decoding=\"async\" class=\"alignleft size-thumbnail wp-image-1449\" title=\"P1060464\" src=\"http:\/\/www.mundi-roth.de\/reiseberichte\/wp-content\/uploads\/2012\/10\/P1060464-112x150.jpg\" alt=\"\" width=\"112\" height=\"150\" srcset=\"https:\/\/www.mundi-roth.de\/reiseberichte\/wp-content\/uploads\/2012\/10\/P1060464-112x150.jpg 112w, https:\/\/www.mundi-roth.de\/reiseberichte\/wp-content\/uploads\/2012\/10\/P1060464-225x300.jpg 225w, https:\/\/www.mundi-roth.de\/reiseberichte\/wp-content\/uploads\/2012\/10\/P1060464.jpg 450w\" sizes=\"auto, (max-width: 112px) 100vw, 112px\" \/><\/a>stattfinden. Jedoch, erstaunlicherweise,\u00a0 geht es recht z\u00fcgig und ich lasse mich von der M\u00e4chtigkeit des Petersdoms beeindrucken. Die Piet\u00e1 von Michelangelo wollte ich gerne nochmal sehen.<\/p>\n<p>Mit Manfred habe ich dann noch \u2013 bei 17 Grad nun ohne Regen &#8211;\u00a0\u00a0 im Freien\u00a0 einen Espresso getrunken und p\u00fcnktlich waren wir am Treffpunkt.<\/p>\n<p>Nur leider, der Bus hatte ein Problem, und die R\u00fcckfahrt fand erst um 17:10 Uhr statt.<\/p>\n<p>Um 18:15 Uhr waren wir wieder wohlbehalten auf dem Schiff, Abendessen im Atlantik, Eis (gro\u00dfartig !)im Ankelsmann Platz, Cocktail in der TUI-Bar, um die Wartezeit bis zum Theaterbeginn um 21.30 \u201eNovecento\u201c zu \u00fcberbr\u00fccken.<\/p>\n<p>Das quasi Einpersonen-St\u00fcck beeindruckte uns durch die gro\u00dfartige\u00a0 schauspielerische Leistung von Jens Asche, der vom musikalischen Leiter Yonathan Cohen begleitet wurde.<br \/>\nEr brachte die\u00a0 Legende vom Ozeanpianisten, der als ausgesetztes Baby in einem Pappkarton auf einem Schiff entdeckt wird und der sein ganzes Leben\u00a0 nicht von\u00a0 Bord ging, auf eine faszinierende Weise dramatisch nahe. Eine anr\u00fchrende Geschichte nach\u00a0 Alessandro Baricco um Musik und Leidenschaft.<\/p>\n","protected":false},"excerpt":{"rendered":"<p>Sonntag, 2. September Unsere heutiger Anlaufhafen ist: Civitavecchia\/Rom, Italien Jeden Morgen finden wir auf der Kaj\u00fcte einen Tagesplan vor. Was uns heute erwartet: \u201eCivitavecchia ist die gr\u00f6\u00dfte Hafenstadt der Region Latium und liegt etwa 70 km nordwestlich von Rom am Thyrrhenischen Meer. Der Ursprung Civitavecchia beruht auf einer etruskischen Siedlung, die sich erst zu Zeiten [&hellip;]<\/p>\n","protected":false},"author":2,"featured_media":0,"comment_status":"closed","ping_status":"closed","sticky":false,"template":"","format":"standard","meta":{"footnotes":""},"categories":[673],"tags":[686,692,689,688,695,693,690,694,687,691],"class_list":["post-1441","post","type-post","status-publish","format-standard","hentry","category-kreuzfahrt-westliches-mittelmeer","tag-civitavecchia","tag-engelsburg","tag-forum-romanum","tag-kolosseum","tag-novecento","tag-petersdom","tag-petersplatz","tag-pieta-von-michelangelo","tag-rom","tag-st-paulskirche"],"yoast_head":"<!-- This site is optimized with the Yoast SEO plugin v27.5 - https:\/\/yoast.com\/product\/yoast-seo-wordpress\/ -->\n<title>Kreuzfahrt - Westliches Mittelmeer (3) - Reiseberichte<\/title>\n<meta name=\"robots\" content=\"index, follow, max-snippet:-1, max-image-preview:large, max-video-preview:-1\" \/>\n<link rel=\"canonical\" href=\"https:\/\/www.mundi-roth.de\/reiseberichte\/kreuzfahrt-westliches-mittelmeer-3\/\" \/>\n<meta name=\"twitter:label1\" content=\"Verfasst von\" \/>\n\t<meta name=\"twitter:data1\" content=\"mr\" \/>\n\t<meta name=\"twitter:label2\" content=\"Gesch\u00e4tzte Lesezeit\" \/>\n\t<meta name=\"twitter:data2\" content=\"4\u00a0Minuten\" \/>\n<script type=\"application\/ld+json\" class=\"yoast-schema-graph\">{\"@context\":\"https:\\\/\\\/schema.org\",\"@graph\":[{\"@type\":\"Article\",\"@id\":\"https:\\\/\\\/www.mundi-roth.de\\\/reiseberichte\\\/kreuzfahrt-westliches-mittelmeer-3\\\/#article\",\"isPartOf\":{\"@id\":\"https:\\\/\\\/www.mundi-roth.de\\\/reiseberichte\\\/kreuzfahrt-westliches-mittelmeer-3\\\/\"},\"author\":{\"name\":\"mr\",\"@id\":\"https:\\\/\\\/www.mundi-roth.de\\\/reiseberichte\\\/#\\\/schema\\\/person\\\/5e8081ddad478fd383ee2511fe8368bd\"},\"headline\":\"Kreuzfahrt &#8211; Westliches Mittelmeer (3)\",\"datePublished\":\"2012-10-13T11:00:44+00:00\",\"dateModified\":\"2020-05-08T19:22:36+00:00\",\"mainEntityOfPage\":{\"@id\":\"https:\\\/\\\/www.mundi-roth.de\\\/reiseberichte\\\/kreuzfahrt-westliches-mittelmeer-3\\\/\"},\"wordCount\":719,\"image\":{\"@id\":\"https:\\\/\\\/www.mundi-roth.de\\\/reiseberichte\\\/kreuzfahrt-westliches-mittelmeer-3\\\/#primaryimage\"},\"thumbnailUrl\":\"http:\\\/\\\/www.mundi-roth.de\\\/reiseberichte\\\/wp-content\\\/uploads\\\/2012\\\/10\\\/DSCN0102-150x112.jpg\",\"keywords\":[\"Civitavecchia\",\"Engelsburg\",\"Forum Romanum\",\"Kolosseum\",\"Novecento\",\"Petersdom\",\"Petersplatz\",\"Piet\u00e1 von Michelangelo\",\"Rom\",\"St. Paulskirche\"],\"articleSection\":[\"Kreuzfahrt - Westliches Mittelmeer\"],\"inLanguage\":\"de\"},{\"@type\":\"WebPage\",\"@id\":\"https:\\\/\\\/www.mundi-roth.de\\\/reiseberichte\\\/kreuzfahrt-westliches-mittelmeer-3\\\/\",\"url\":\"https:\\\/\\\/www.mundi-roth.de\\\/reiseberichte\\\/kreuzfahrt-westliches-mittelmeer-3\\\/\",\"name\":\"Kreuzfahrt - Westliches Mittelmeer (3) - Reiseberichte\",\"isPartOf\":{\"@id\":\"https:\\\/\\\/www.mundi-roth.de\\\/reiseberichte\\\/#website\"},\"primaryImageOfPage\":{\"@id\":\"https:\\\/\\\/www.mundi-roth.de\\\/reiseberichte\\\/kreuzfahrt-westliches-mittelmeer-3\\\/#primaryimage\"},\"image\":{\"@id\":\"https:\\\/\\\/www.mundi-roth.de\\\/reiseberichte\\\/kreuzfahrt-westliches-mittelmeer-3\\\/#primaryimage\"},\"thumbnailUrl\":\"http:\\\/\\\/www.mundi-roth.de\\\/reiseberichte\\\/wp-content\\\/uploads\\\/2012\\\/10\\\/DSCN0102-150x112.jpg\",\"datePublished\":\"2012-10-13T11:00:44+00:00\",\"dateModified\":\"2020-05-08T19:22:36+00:00\",\"author\":{\"@id\":\"https:\\\/\\\/www.mundi-roth.de\\\/reiseberichte\\\/#\\\/schema\\\/person\\\/5e8081ddad478fd383ee2511fe8368bd\"},\"breadcrumb\":{\"@id\":\"https:\\\/\\\/www.mundi-roth.de\\\/reiseberichte\\\/kreuzfahrt-westliches-mittelmeer-3\\\/#breadcrumb\"},\"inLanguage\":\"de\",\"potentialAction\":[{\"@type\":\"ReadAction\",\"target\":[\"https:\\\/\\\/www.mundi-roth.de\\\/reiseberichte\\\/kreuzfahrt-westliches-mittelmeer-3\\\/\"]}]},{\"@type\":\"ImageObject\",\"inLanguage\":\"de\",\"@id\":\"https:\\\/\\\/www.mundi-roth.de\\\/reiseberichte\\\/kreuzfahrt-westliches-mittelmeer-3\\\/#primaryimage\",\"url\":\"http:\\\/\\\/www.mundi-roth.de\\\/reiseberichte\\\/wp-content\\\/uploads\\\/2012\\\/10\\\/DSCN0102-150x112.jpg\",\"contentUrl\":\"http:\\\/\\\/www.mundi-roth.de\\\/reiseberichte\\\/wp-content\\\/uploads\\\/2012\\\/10\\\/DSCN0102-150x112.jpg\"},{\"@type\":\"BreadcrumbList\",\"@id\":\"https:\\\/\\\/www.mundi-roth.de\\\/reiseberichte\\\/kreuzfahrt-westliches-mittelmeer-3\\\/#breadcrumb\",\"itemListElement\":[{\"@type\":\"ListItem\",\"position\":1,\"name\":\"Startseite\",\"item\":\"https:\\\/\\\/www.mundi-roth.de\\\/reiseberichte\\\/\"},{\"@type\":\"ListItem\",\"position\":2,\"name\":\"Kreuzfahrt &#8211; Westliches Mittelmeer (3)\"}]},{\"@type\":\"WebSite\",\"@id\":\"https:\\\/\\\/www.mundi-roth.de\\\/reiseberichte\\\/#website\",\"url\":\"https:\\\/\\\/www.mundi-roth.de\\\/reiseberichte\\\/\",\"name\":\"Reiseberichte\",\"description\":\"Berichte \u00fcber Reisen (fast) rund um die Welt\",\"potentialAction\":[{\"@type\":\"SearchAction\",\"target\":{\"@type\":\"EntryPoint\",\"urlTemplate\":\"https:\\\/\\\/www.mundi-roth.de\\\/reiseberichte\\\/?s={search_term_string}\"},\"query-input\":{\"@type\":\"PropertyValueSpecification\",\"valueRequired\":true,\"valueName\":\"search_term_string\"}}],\"inLanguage\":\"de\"},{\"@type\":\"Person\",\"@id\":\"https:\\\/\\\/www.mundi-roth.de\\\/reiseberichte\\\/#\\\/schema\\\/person\\\/5e8081ddad478fd383ee2511fe8368bd\",\"name\":\"mr\",\"image\":{\"@type\":\"ImageObject\",\"inLanguage\":\"de\",\"@id\":\"https:\\\/\\\/secure.gravatar.com\\\/avatar\\\/9a3c34f32a8cb6923297b48d58fb263210ea20a4049fc4d3ccb858ce00487957?s=96&d=mm&r=g\",\"url\":\"https:\\\/\\\/secure.gravatar.com\\\/avatar\\\/9a3c34f32a8cb6923297b48d58fb263210ea20a4049fc4d3ccb858ce00487957?s=96&d=mm&r=g\",\"contentUrl\":\"https:\\\/\\\/secure.gravatar.com\\\/avatar\\\/9a3c34f32a8cb6923297b48d58fb263210ea20a4049fc4d3ccb858ce00487957?s=96&d=mm&r=g\",\"caption\":\"mr\"},\"sameAs\":[\"http:\\\/\\\/www.mundi-roth.de\"]}]}<\/script>\n<!-- \/ Yoast SEO plugin. -->","yoast_head_json":{"title":"Kreuzfahrt - Westliches Mittelmeer (3) - Reiseberichte","robots":{"index":"index","follow":"follow","max-snippet":"max-snippet:-1","max-image-preview":"max-image-preview:large","max-video-preview":"max-video-preview:-1"},"canonical":"https:\/\/www.mundi-roth.de\/reiseberichte\/kreuzfahrt-westliches-mittelmeer-3\/","twitter_misc":{"Verfasst von":"mr","Gesch\u00e4tzte Lesezeit":"4\u00a0Minuten"},"schema":{"@context":"https:\/\/schema.org","@graph":[{"@type":"Article","@id":"https:\/\/www.mundi-roth.de\/reiseberichte\/kreuzfahrt-westliches-mittelmeer-3\/#article","isPartOf":{"@id":"https:\/\/www.mundi-roth.de\/reiseberichte\/kreuzfahrt-westliches-mittelmeer-3\/"},"author":{"name":"mr","@id":"https:\/\/www.mundi-roth.de\/reiseberichte\/#\/schema\/person\/5e8081ddad478fd383ee2511fe8368bd"},"headline":"Kreuzfahrt &#8211; Westliches Mittelmeer (3)","datePublished":"2012-10-13T11:00:44+00:00","dateModified":"2020-05-08T19:22:36+00:00","mainEntityOfPage":{"@id":"https:\/\/www.mundi-roth.de\/reiseberichte\/kreuzfahrt-westliches-mittelmeer-3\/"},"wordCount":719,"image":{"@id":"https:\/\/www.mundi-roth.de\/reiseberichte\/kreuzfahrt-westliches-mittelmeer-3\/#primaryimage"},"thumbnailUrl":"http:\/\/www.mundi-roth.de\/reiseberichte\/wp-content\/uploads\/2012\/10\/DSCN0102-150x112.jpg","keywords":["Civitavecchia","Engelsburg","Forum Romanum","Kolosseum","Novecento","Petersdom","Petersplatz","Piet\u00e1 von Michelangelo","Rom","St. Paulskirche"],"articleSection":["Kreuzfahrt - Westliches Mittelmeer"],"inLanguage":"de"},{"@type":"WebPage","@id":"https:\/\/www.mundi-roth.de\/reiseberichte\/kreuzfahrt-westliches-mittelmeer-3\/","url":"https:\/\/www.mundi-roth.de\/reiseberichte\/kreuzfahrt-westliches-mittelmeer-3\/","name":"Kreuzfahrt - Westliches Mittelmeer (3) - Reiseberichte","isPartOf":{"@id":"https:\/\/www.mundi-roth.de\/reiseberichte\/#website"},"primaryImageOfPage":{"@id":"https:\/\/www.mundi-roth.de\/reiseberichte\/kreuzfahrt-westliches-mittelmeer-3\/#primaryimage"},"image":{"@id":"https:\/\/www.mundi-roth.de\/reiseberichte\/kreuzfahrt-westliches-mittelmeer-3\/#primaryimage"},"thumbnailUrl":"http:\/\/www.mundi-roth.de\/reiseberichte\/wp-content\/uploads\/2012\/10\/DSCN0102-150x112.jpg","datePublished":"2012-10-13T11:00:44+00:00","dateModified":"2020-05-08T19:22:36+00:00","author":{"@id":"https:\/\/www.mundi-roth.de\/reiseberichte\/#\/schema\/person\/5e8081ddad478fd383ee2511fe8368bd"},"breadcrumb":{"@id":"https:\/\/www.mundi-roth.de\/reiseberichte\/kreuzfahrt-westliches-mittelmeer-3\/#breadcrumb"},"inLanguage":"de","potentialAction":[{"@type":"ReadAction","target":["https:\/\/www.mundi-roth.de\/reiseberichte\/kreuzfahrt-westliches-mittelmeer-3\/"]}]},{"@type":"ImageObject","inLanguage":"de","@id":"https:\/\/www.mundi-roth.de\/reiseberichte\/kreuzfahrt-westliches-mittelmeer-3\/#primaryimage","url":"http:\/\/www.mundi-roth.de\/reiseberichte\/wp-content\/uploads\/2012\/10\/DSCN0102-150x112.jpg","contentUrl":"http:\/\/www.mundi-roth.de\/reiseberichte\/wp-content\/uploads\/2012\/10\/DSCN0102-150x112.jpg"},{"@type":"BreadcrumbList","@id":"https:\/\/www.mundi-roth.de\/reiseberichte\/kreuzfahrt-westliches-mittelmeer-3\/#breadcrumb","itemListElement":[{"@type":"ListItem","position":1,"name":"Startseite","item":"https:\/\/www.mundi-roth.de\/reiseberichte\/"},{"@type":"ListItem","position":2,"name":"Kreuzfahrt &#8211; Westliches Mittelmeer (3)"}]},{"@type":"WebSite","@id":"https:\/\/www.mundi-roth.de\/reiseberichte\/#website","url":"https:\/\/www.mundi-roth.de\/reiseberichte\/","name":"Reiseberichte","description":"Berichte \u00fcber Reisen (fast) rund um die Welt","potentialAction":[{"@type":"SearchAction","target":{"@type":"EntryPoint","urlTemplate":"https:\/\/www.mundi-roth.de\/reiseberichte\/?s={search_term_string}"},"query-input":{"@type":"PropertyValueSpecification","valueRequired":true,"valueName":"search_term_string"}}],"inLanguage":"de"},{"@type":"Person","@id":"https:\/\/www.mundi-roth.de\/reiseberichte\/#\/schema\/person\/5e8081ddad478fd383ee2511fe8368bd","name":"mr","image":{"@type":"ImageObject","inLanguage":"de","@id":"https:\/\/secure.gravatar.com\/avatar\/9a3c34f32a8cb6923297b48d58fb263210ea20a4049fc4d3ccb858ce00487957?s=96&d=mm&r=g","url":"https:\/\/secure.gravatar.com\/avatar\/9a3c34f32a8cb6923297b48d58fb263210ea20a4049fc4d3ccb858ce00487957?s=96&d=mm&r=g","contentUrl":"https:\/\/secure.gravatar.com\/avatar\/9a3c34f32a8cb6923297b48d58fb263210ea20a4049fc4d3ccb858ce00487957?s=96&d=mm&r=g","caption":"mr"},"sameAs":["http:\/\/www.mundi-roth.de"]}]}},"_links":{"self":[{"href":"https:\/\/www.mundi-roth.de\/reiseberichte\/wp-json\/wp\/v2\/posts\/1441","targetHints":{"allow":["GET"]}}],"collection":[{"href":"https:\/\/www.mundi-roth.de\/reiseberichte\/wp-json\/wp\/v2\/posts"}],"about":[{"href":"https:\/\/www.mundi-roth.de\/reiseberichte\/wp-json\/wp\/v2\/types\/post"}],"author":[{"embeddable":true,"href":"https:\/\/www.mundi-roth.de\/reiseberichte\/wp-json\/wp\/v2\/users\/2"}],"replies":[{"embeddable":true,"href":"https:\/\/www.mundi-roth.de\/reiseberichte\/wp-json\/wp\/v2\/comments?post=1441"}],"version-history":[{"count":0,"href":"https:\/\/www.mundi-roth.de\/reiseberichte\/wp-json\/wp\/v2\/posts\/1441\/revisions"}],"wp:attachment":[{"href":"https:\/\/www.mundi-roth.de\/reiseberichte\/wp-json\/wp\/v2\/media?parent=1441"}],"wp:term":[{"taxonomy":"category","embeddable":true,"href":"https:\/\/www.mundi-roth.de\/reiseberichte\/wp-json\/wp\/v2\/categories?post=1441"},{"taxonomy":"post_tag","embeddable":true,"href":"https:\/\/www.mundi-roth.de\/reiseberichte\/wp-json\/wp\/v2\/tags?post=1441"}],"curies":[{"name":"wp","href":"https:\/\/api.w.org\/{rel}","templated":true}]}}