{"id":1454,"date":"2012-10-13T11:00:40","date_gmt":"2012-10-13T10:00:40","guid":{"rendered":"http:\/\/www.mundi-roth.de\/reiseberichte\/?p=1454"},"modified":"2020-05-08T20:22:37","modified_gmt":"2020-05-08T19:22:37","slug":"kreuzfahrt-westliches-mittelmeer-4","status":"publish","type":"post","link":"https:\/\/www.mundi-roth.de\/reiseberichte\/kreuzfahrt-westliches-mittelmeer-4\/","title":{"rendered":"Kreuzfahrt &#8211; Westliches Mittelmeer (4)"},"content":{"rendered":"<p><strong>Montag, 3. September<\/strong><\/p>\n<p><strong>\u201eBenvenuti a Livorno \u2013 Herzlich Willkommen in Livorno!<\/strong><\/p>\n<p>Die t\u00e4gliche Bordinformation lautet:<\/p>\n<p><em>\u201eDie von einem Graben umschlossene Stadt liegt nicht unweit von Florenz (circa 100 km) und Pisa (22 km). F\u00fcr letztere war Livorno lange Zeit der wichtigste Hafen. Nachdem Livorno in der Vergangenheit mehrfach kriegerische Zerst\u00f6rung erfahren hat, ist es der florentinischen Familie Medici zu verdanken, dass ihre Mauern wieder errichtet wurden und sie heute \u00fcber einen der bedeutsamsten H\u00e4fen Italiens verf\u00fcgt. Doch auch neben dem Hafen bietet Livorno ihnen Interessantes: bei einem Spaziergang entlang der Strandpromenade Viale Italia\u00a0 werden sie viele Villen im Jugendstil finden, die diesem idyllischen Fischerdorf ein besonderes Flair verleihen. Das 1629 entstandene Kaufmannsviertel \u201c Venezia Nuova\u201c gilt heute als eines der beliebtesten Viertel der Stadt. Lassen Sie sich von der italienischen Lebensart mitrei\u00dfen.<\/em><br \/>\n<em> Der original wieder aufgebaute Dom und die gigantische Piazza\u00a0 della Repubblica im Osten pr\u00e4gen ebenfalls das Bild der Stadt.\u00a0 Ob rustikale K\u00fcche, erlesene Rotweine oder die entspannte Lebensart der einheimischen Toskana, ein Besuch in Livorno lohnt sich in jedem Fall. Zum Einkaufen und Flanieren l\u00e4dt die beeindruckende Arkadenstra\u00dfe Via Grande ein. Wir w\u00fcnschen Ihnen viel Spa\u00df dabei!\u201c<\/em><br \/>\nErg\u00e4nzt werden die Ausf\u00fchrungen noch mit dem Hinweis, dass in der modernen K\u00fcstenstadt Livorno\u00a0 mittlerweile \u00fcber 160.000 Menschen leben.<\/p>\n<p><em>\u201eWetter:<\/em><br \/>\n<em> Heute erwarten uns in Livorno immer wieder Schauer, \u00f6rtlich auch mit Blitz und Donner. Dazu k\u00fchlt sich die Luft in den Fr\u00fchstunden auf 19\u00b0 ab und erw\u00e4rmt sich tags\u00fcber bis auf 25\u00b0.\u201c<\/em><\/p>\n<p>Tats\u00e4chlich:<strong> Sonne!<\/strong><\/p>\n<p>Es muss sicher nicht erw\u00e4hnt werden, dass viele, viele Ausfl\u00fcge in die Toskana angeboten werden.<br \/>\nDa wir aber in der Vergangenheit ausgiebig Ferien in der Toskana gemacht haben,, k\u00f6nnen uns die Ausfl\u00fcge nach Lucca, Florenz, Pisa, Volterra, San Giminano nicht locken.<br \/>\nJedoch die Stadt Livorno fehlt noch auf unserer Liste. Daher beschlie\u00dfen Manfred und ich diese auf eigene Faust zu erkunden.<\/p>\n<p>Da es verboten ist, zu Fu\u00df durch das Hafengel\u00e4nde zu gehen, nehmen wir den\u00a0 <a href=\"http:\/\/www.mundi-roth.de\/reiseberichte\/wp-content\/uploads\/2012\/10\/DSCN0169.jpg\"><img loading=\"lazy\" decoding=\"async\" class=\"alignright size-thumbnail wp-image-1455\" title=\"DSCN0169\" src=\"http:\/\/www.mundi-roth.de\/reiseberichte\/wp-content\/uploads\/2012\/10\/DSCN0169-150x112.jpg\" alt=\"\" width=\"150\" height=\"112\" srcset=\"https:\/\/www.mundi-roth.de\/reiseberichte\/wp-content\/uploads\/2012\/10\/DSCN0169-150x112.jpg 150w, https:\/\/www.mundi-roth.de\/reiseberichte\/wp-content\/uploads\/2012\/10\/DSCN0169-300x225.jpg 300w, https:\/\/www.mundi-roth.de\/reiseberichte\/wp-content\/uploads\/2012\/10\/DSCN0169.jpg 600w\" sizes=\"auto, (max-width: 150px) 100vw, 150px\" \/><\/a>Shuttlebus, der uns vom Schiff\u00a0 in die Innenstadt bringt.<br \/>\nHier gibt es auch ein Tourismusb\u00fcro, indem ich mir einen Stadtplan besorge.<br \/>\nDanach k\u00f6nnen wir feststellen dass sich ein Rundgang durch das viel ger\u00fchmte Kaufmannsviertel \u201eVenezia Nuova\u201c &#8211; ganz in der N\u00e4he &#8211; anbietet.<br \/>\nUnd wirklich, man f\u00fchlt sich mit den vielen Kan\u00e4len und Br\u00fccken nach Venedig versetzt. Fast glauben wir, dass es hier mehr Boote als Autos gibt.<a href=\"http:\/\/www.mundi-roth.de\/reiseberichte\/wp-content\/uploads\/2012\/10\/Collage01.jpg\"><img loading=\"lazy\" decoding=\"async\" class=\"aligncenter size-medium wp-image-1456\" title=\"Collage01\" src=\"http:\/\/www.mundi-roth.de\/reiseberichte\/wp-content\/uploads\/2012\/10\/Collage01-300x72.jpg\" alt=\"\" width=\"300\" height=\"72\" srcset=\"https:\/\/www.mundi-roth.de\/reiseberichte\/wp-content\/uploads\/2012\/10\/Collage01-300x72.jpg 300w, https:\/\/www.mundi-roth.de\/reiseberichte\/wp-content\/uploads\/2012\/10\/Collage01-150x36.jpg 150w, https:\/\/www.mundi-roth.de\/reiseberichte\/wp-content\/uploads\/2012\/10\/Collage01.jpg 700w\" sizes=\"auto, (max-width: 300px) 100vw, 300px\" \/><\/a><br \/>\nWir gelangen an die Kirche Santa Catarina, von 1720,\u00a0 sie ist offen! <a href=\"http:\/\/www.mundi-roth.de\/reiseberichte\/wp-content\/uploads\/2012\/10\/DSCN0152.jpg\"><img loading=\"lazy\" decoding=\"async\" class=\"alignright size-thumbnail wp-image-1457\" title=\"DSCN0152\" src=\"http:\/\/www.mundi-roth.de\/reiseberichte\/wp-content\/uploads\/2012\/10\/DSCN0152-150x112.jpg\" alt=\"\" width=\"150\" height=\"112\" srcset=\"https:\/\/www.mundi-roth.de\/reiseberichte\/wp-content\/uploads\/2012\/10\/DSCN0152-150x112.jpg 150w, https:\/\/www.mundi-roth.de\/reiseberichte\/wp-content\/uploads\/2012\/10\/DSCN0152-300x225.jpg 300w, https:\/\/www.mundi-roth.de\/reiseberichte\/wp-content\/uploads\/2012\/10\/DSCN0152.jpg 600w\" sizes=\"auto, (max-width: 150px) 100vw, 150px\" \/><\/a><br \/>\nVorbei spazieren wir an dem wundersch\u00f6nen historischen Geb\u00e4ude \u201eBottine del Olio\u201c,\u00a0 das zur Bearbeitung und Lagerung von \u00d6l benutzt wurde, und die Stra\u00dfe \u201eVia Botra\u201c, die im 18. Jahrhundert die eleganteste der Stadt war, dank ihrer raffinierten H\u00e4user, die sie zum idealen Wohngebiet machte.<\/p>\n<p>Manfred zieht es zum Hafen und dem Kastell mit seinen beeindruckenden <a href=\"http:\/\/www.mundi-roth.de\/reiseberichte\/wp-content\/uploads\/2012\/10\/DSCN0156.jpg\"><img loading=\"lazy\" decoding=\"async\" class=\"alignleft size-thumbnail wp-image-1458\" title=\"DSCN0156\" src=\"http:\/\/www.mundi-roth.de\/reiseberichte\/wp-content\/uploads\/2012\/10\/DSCN0156-150x111.jpg\" alt=\"\" width=\"150\" height=\"111\" srcset=\"https:\/\/www.mundi-roth.de\/reiseberichte\/wp-content\/uploads\/2012\/10\/DSCN0156-150x111.jpg 150w, https:\/\/www.mundi-roth.de\/reiseberichte\/wp-content\/uploads\/2012\/10\/DSCN0156-300x223.jpg 300w, https:\/\/www.mundi-roth.de\/reiseberichte\/wp-content\/uploads\/2012\/10\/DSCN0156.jpg 600w\" sizes=\"auto, (max-width: 150px) 100vw, 150px\" \/><\/a>Mauern. Also wandern wir entlang der Arkadenstra\u00dfe Via Grande \u2013 mit seinen vielen sch\u00f6nen Gesch\u00e4ften und emsigem Treiben zum Hafen.<br \/>\nSehen Fischern beim Flicken ihrer Netze zu, flanieren an der Promenade am\u00a0 Denkmal der Stadt: \u201eCuattro Mori\u201c\u00a0 4 Mohren vorbei. Es zeigt den Sieg der Medici \u00fcber die Piraten. Wir betrachten\u00a0 Brunnen\u00a0 und sto\u00dfen an der Plaza\u00a0 Cavallotti <a href=\"http:\/\/www.mundi-roth.de\/reiseberichte\/wp-content\/uploads\/2012\/10\/P1060530.jpg\"><img loading=\"lazy\" decoding=\"async\" class=\"alignleft size-thumbnail wp-image-1459\" title=\"P1060530\" src=\"http:\/\/www.mundi-roth.de\/reiseberichte\/wp-content\/uploads\/2012\/10\/P1060530-150x112.jpg\" alt=\"\" width=\"150\" height=\"112\" srcset=\"https:\/\/www.mundi-roth.de\/reiseberichte\/wp-content\/uploads\/2012\/10\/P1060530-150x112.jpg 150w, https:\/\/www.mundi-roth.de\/reiseberichte\/wp-content\/uploads\/2012\/10\/P1060530-300x225.jpg 300w, https:\/\/www.mundi-roth.de\/reiseberichte\/wp-content\/uploads\/2012\/10\/P1060530.jpg 600w\" sizes=\"auto, (max-width: 150px) 100vw, 150px\" \/><\/a>und der Via Buontalenti auf den Zentralmarkt von Livorno, der in einem wunderbaren Geb\u00e4ude aus 19.<a href=\"http:\/\/www.mundi-roth.de\/reiseberichte\/wp-content\/uploads\/2012\/10\/DSCN0164.jpg\"><img loading=\"lazy\" decoding=\"async\" class=\"alignright size-thumbnail wp-image-1460\" title=\"DSCN0164\" src=\"http:\/\/www.mundi-roth.de\/reiseberichte\/wp-content\/uploads\/2012\/10\/DSCN0164-112x150.jpg\" alt=\"\" width=\"112\" height=\"150\" srcset=\"https:\/\/www.mundi-roth.de\/reiseberichte\/wp-content\/uploads\/2012\/10\/DSCN0164-112x150.jpg 112w, https:\/\/www.mundi-roth.de\/reiseberichte\/wp-content\/uploads\/2012\/10\/DSCN0164-225x300.jpg 225w, https:\/\/www.mundi-roth.de\/reiseberichte\/wp-content\/uploads\/2012\/10\/DSCN0164.jpg 450w\" sizes=\"auto, (max-width: 112px) 100vw, 112px\" \/><\/a> Jahrhundert \u2013 im Stil eines \u201efin de siecle\u201c mit einem Glas und Eisen-Dach\u00a0 &#8211;\u00a0 untergebracht ist.<br \/>\nUnd er ist noch auf. Zwar haben schon viele St\u00e4nde geschlossen, jedoch in der Fischabteilung kann man sich einen guten \u00dcberblick \u00fcber das Angebot verschaffen.<br \/>\nWir passieren eine Reihe von Kirchen: San Ferdinand (16. Jahrhundert), der Kirche della Madonna von 1607, den Kirchen f\u00fcr die Griechen und den Armeniern.<br \/>\nZu sehen gibt es viel.<br \/>\n\u00dcber die\u00a0 Plaza des 20. September \u2013 mit einem Espresso-Zwischenstopp \u2013 gelangen wir wieder zum Haltepunkt des Shuttle-Busses, der uns um 13 Uhr auf&#8217;s Schiff zur\u00fcckbringt.<\/p>\n<p>Essen zu Mittag in dem von uns bevorzugen Restaurant \u201eAtlantik\u201c \u2013 hier wird serviert.<\/p>\n<p>Danach zieht mein lieber Mann sich auf die Kaj\u00fcte zum Lesen zur\u00fcck und ich<a href=\"http:\/\/www.mundi-roth.de\/reiseberichte\/wp-content\/uploads\/2012\/10\/DSCN0081.jpg\"><img loading=\"lazy\" decoding=\"async\" class=\"alignright size-thumbnail wp-image-1461\" title=\"DSCN0081\" src=\"http:\/\/www.mundi-roth.de\/reiseberichte\/wp-content\/uploads\/2012\/10\/DSCN0081-150x112.jpg\" alt=\"\" width=\"150\" height=\"112\" srcset=\"https:\/\/www.mundi-roth.de\/reiseberichte\/wp-content\/uploads\/2012\/10\/DSCN0081-150x112.jpg 150w, https:\/\/www.mundi-roth.de\/reiseberichte\/wp-content\/uploads\/2012\/10\/DSCN0081-300x225.jpg 300w, https:\/\/www.mundi-roth.de\/reiseberichte\/wp-content\/uploads\/2012\/10\/DSCN0081.jpg 600w\" sizes=\"auto, (max-width: 150px) 100vw, 150px\" \/><\/a> suche mir auf Deck 12 eine freie Liege. Lese und zwischendurch mache ich zwei Saunag\u00e4nge.<\/p>\n<p>Um 18.30 haben wir im Restaurant \u201eGosch\u201c &#8211; in Erinnerung an leckere Essen auf Sylt \u2013 vor zwei Tagen einen Tisch bestellt &#8211; um festzustellen: hier sind wir nicht gl\u00fccklich.<br \/>\nDas Restaurant liegt neben zwei anderen Restaurants \u2013 ohne\u00a0 akustische Trennung.<br \/>\nZu allem \u00dcbel findet in dem direkt daneben liegenden eine Kochshow statt, mit Mikrofonansagen.<br \/>\nZum anderen ist \u2013 im Gegensatz zu allem was wir bisher kennengelernt haben \u2013 der Service bescheiden.<br \/>\nZu meinem Hummer bekomme ich erst nach Aufforderung das entsprechende Besteck und die Wasserschale.<br \/>\nSchade\u201c!<\/p>\n<p><a href=\"http:\/\/www.mundi-roth.de\/reiseberichte\/wp-content\/uploads\/2012\/10\/P1060547.jpg\"><img loading=\"lazy\" decoding=\"async\" class=\"alignleft size-thumbnail wp-image-1462\" title=\"P1060547\" src=\"http:\/\/www.mundi-roth.de\/reiseberichte\/wp-content\/uploads\/2012\/10\/P1060547-150x112.jpg\" alt=\"\" width=\"150\" height=\"112\" srcset=\"https:\/\/www.mundi-roth.de\/reiseberichte\/wp-content\/uploads\/2012\/10\/P1060547-150x112.jpg 150w, https:\/\/www.mundi-roth.de\/reiseberichte\/wp-content\/uploads\/2012\/10\/P1060547-300x225.jpg 300w, https:\/\/www.mundi-roth.de\/reiseberichte\/wp-content\/uploads\/2012\/10\/P1060547.jpg 600w\" sizes=\"auto, (max-width: 150px) 100vw, 150px\" \/><\/a>Dann haben wir erst noch die Abendstimmung an Deck auf uns wirken zu lassen, um dann bis 21.30 in der TUI-Bar zu lesen, um die Zeit bis zur Musical-Gala \u201eDer ewige Kreis\u201c im Theater zu \u00fcberbr\u00fccken.<\/p>\n<p>Angek\u00fcndigt wird:<br \/>\n<em>\u201eGro\u00dfe Stimmen, emotionale Songs, tolle Choreografien. Unsere Musikwelt-Gala zeigt f\u00fcr Sie das Beste und Sch\u00f6nste aus der Welt des Musicals.<\/em><br \/>\n<em> Erleben Sie die S\u00e4nger und T\u00e4nzer des Theaterensembles mit ber\u00fchmten Hits der gr\u00f6\u00dften B\u00fchnenerfolge von \u201eK\u00f6nig der L\u00f6wen\u201c bis \u201eElisabeth\u201c \u00fcber \u201eWe Will Rock You\u201c\u00a0 bis hin zum \u201eTanz Tanz der Vampire\u201c.<\/em><\/p>\n<p>Tats\u00e4chlich: Es war ein Feuerwerk der Farben und der Stimmen!<br \/>\nBeachtlich, was hier so geboten wird.<\/p>\n","protected":false},"excerpt":{"rendered":"<p>Montag, 3. September \u201eBenvenuti a Livorno \u2013 Herzlich Willkommen in Livorno! Die t\u00e4gliche Bordinformation lautet: \u201eDie von einem Graben umschlossene Stadt liegt nicht unweit von Florenz (circa 100 km) und Pisa (22 km). F\u00fcr letztere war Livorno lange Zeit der wichtigste Hafen. Nachdem Livorno in der Vergangenheit mehrfach kriegerische Zerst\u00f6rung erfahren hat, ist es der [&hellip;]<\/p>\n","protected":false},"author":2,"featured_media":0,"comment_status":"closed","ping_status":"closed","sticky":false,"template":"","format":"standard","meta":{"footnotes":""},"categories":[673],"tags":[724,725,726],"class_list":["post-1454","post","type-post","status-publish","format-standard","hentry","category-kreuzfahrt-westliches-mittelmeer","tag-livorno","tag-toskana","tag-venezia-nuova"],"yoast_head":"<!-- This site is optimized with the Yoast SEO plugin v27.5 - https:\/\/yoast.com\/product\/yoast-seo-wordpress\/ -->\n<title>Kreuzfahrt - Westliches Mittelmeer (4) - Reiseberichte<\/title>\n<meta name=\"robots\" content=\"index, follow, max-snippet:-1, max-image-preview:large, max-video-preview:-1\" \/>\n<link rel=\"canonical\" href=\"https:\/\/www.mundi-roth.de\/reiseberichte\/kreuzfahrt-westliches-mittelmeer-4\/\" \/>\n<meta name=\"twitter:label1\" content=\"Verfasst von\" \/>\n\t<meta name=\"twitter:data1\" content=\"mr\" \/>\n\t<meta name=\"twitter:label2\" content=\"Gesch\u00e4tzte Lesezeit\" \/>\n\t<meta name=\"twitter:data2\" content=\"4\u00a0Minuten\" \/>\n<script type=\"application\/ld+json\" class=\"yoast-schema-graph\">{\"@context\":\"https:\\\/\\\/schema.org\",\"@graph\":[{\"@type\":\"Article\",\"@id\":\"https:\\\/\\\/www.mundi-roth.de\\\/reiseberichte\\\/kreuzfahrt-westliches-mittelmeer-4\\\/#article\",\"isPartOf\":{\"@id\":\"https:\\\/\\\/www.mundi-roth.de\\\/reiseberichte\\\/kreuzfahrt-westliches-mittelmeer-4\\\/\"},\"author\":{\"name\":\"mr\",\"@id\":\"https:\\\/\\\/www.mundi-roth.de\\\/reiseberichte\\\/#\\\/schema\\\/person\\\/5e8081ddad478fd383ee2511fe8368bd\"},\"headline\":\"Kreuzfahrt &#8211; Westliches Mittelmeer (4)\",\"datePublished\":\"2012-10-13T10:00:40+00:00\",\"dateModified\":\"2020-05-08T19:22:37+00:00\",\"mainEntityOfPage\":{\"@id\":\"https:\\\/\\\/www.mundi-roth.de\\\/reiseberichte\\\/kreuzfahrt-westliches-mittelmeer-4\\\/\"},\"wordCount\":896,\"image\":{\"@id\":\"https:\\\/\\\/www.mundi-roth.de\\\/reiseberichte\\\/kreuzfahrt-westliches-mittelmeer-4\\\/#primaryimage\"},\"thumbnailUrl\":\"http:\\\/\\\/www.mundi-roth.de\\\/reiseberichte\\\/wp-content\\\/uploads\\\/2012\\\/10\\\/DSCN0169-150x112.jpg\",\"keywords\":[\"Livorno\",\"Toskana\",\"Venezia Nuova\"],\"articleSection\":[\"Kreuzfahrt - Westliches Mittelmeer\"],\"inLanguage\":\"de\"},{\"@type\":\"WebPage\",\"@id\":\"https:\\\/\\\/www.mundi-roth.de\\\/reiseberichte\\\/kreuzfahrt-westliches-mittelmeer-4\\\/\",\"url\":\"https:\\\/\\\/www.mundi-roth.de\\\/reiseberichte\\\/kreuzfahrt-westliches-mittelmeer-4\\\/\",\"name\":\"Kreuzfahrt - Westliches Mittelmeer (4) - Reiseberichte\",\"isPartOf\":{\"@id\":\"https:\\\/\\\/www.mundi-roth.de\\\/reiseberichte\\\/#website\"},\"primaryImageOfPage\":{\"@id\":\"https:\\\/\\\/www.mundi-roth.de\\\/reiseberichte\\\/kreuzfahrt-westliches-mittelmeer-4\\\/#primaryimage\"},\"image\":{\"@id\":\"https:\\\/\\\/www.mundi-roth.de\\\/reiseberichte\\\/kreuzfahrt-westliches-mittelmeer-4\\\/#primaryimage\"},\"thumbnailUrl\":\"http:\\\/\\\/www.mundi-roth.de\\\/reiseberichte\\\/wp-content\\\/uploads\\\/2012\\\/10\\\/DSCN0169-150x112.jpg\",\"datePublished\":\"2012-10-13T10:00:40+00:00\",\"dateModified\":\"2020-05-08T19:22:37+00:00\",\"author\":{\"@id\":\"https:\\\/\\\/www.mundi-roth.de\\\/reiseberichte\\\/#\\\/schema\\\/person\\\/5e8081ddad478fd383ee2511fe8368bd\"},\"breadcrumb\":{\"@id\":\"https:\\\/\\\/www.mundi-roth.de\\\/reiseberichte\\\/kreuzfahrt-westliches-mittelmeer-4\\\/#breadcrumb\"},\"inLanguage\":\"de\",\"potentialAction\":[{\"@type\":\"ReadAction\",\"target\":[\"https:\\\/\\\/www.mundi-roth.de\\\/reiseberichte\\\/kreuzfahrt-westliches-mittelmeer-4\\\/\"]}]},{\"@type\":\"ImageObject\",\"inLanguage\":\"de\",\"@id\":\"https:\\\/\\\/www.mundi-roth.de\\\/reiseberichte\\\/kreuzfahrt-westliches-mittelmeer-4\\\/#primaryimage\",\"url\":\"http:\\\/\\\/www.mundi-roth.de\\\/reiseberichte\\\/wp-content\\\/uploads\\\/2012\\\/10\\\/DSCN0169-150x112.jpg\",\"contentUrl\":\"http:\\\/\\\/www.mundi-roth.de\\\/reiseberichte\\\/wp-content\\\/uploads\\\/2012\\\/10\\\/DSCN0169-150x112.jpg\"},{\"@type\":\"BreadcrumbList\",\"@id\":\"https:\\\/\\\/www.mundi-roth.de\\\/reiseberichte\\\/kreuzfahrt-westliches-mittelmeer-4\\\/#breadcrumb\",\"itemListElement\":[{\"@type\":\"ListItem\",\"position\":1,\"name\":\"Startseite\",\"item\":\"https:\\\/\\\/www.mundi-roth.de\\\/reiseberichte\\\/\"},{\"@type\":\"ListItem\",\"position\":2,\"name\":\"Kreuzfahrt &#8211; Westliches Mittelmeer (4)\"}]},{\"@type\":\"WebSite\",\"@id\":\"https:\\\/\\\/www.mundi-roth.de\\\/reiseberichte\\\/#website\",\"url\":\"https:\\\/\\\/www.mundi-roth.de\\\/reiseberichte\\\/\",\"name\":\"Reiseberichte\",\"description\":\"Berichte \u00fcber Reisen (fast) rund um die Welt\",\"potentialAction\":[{\"@type\":\"SearchAction\",\"target\":{\"@type\":\"EntryPoint\",\"urlTemplate\":\"https:\\\/\\\/www.mundi-roth.de\\\/reiseberichte\\\/?s={search_term_string}\"},\"query-input\":{\"@type\":\"PropertyValueSpecification\",\"valueRequired\":true,\"valueName\":\"search_term_string\"}}],\"inLanguage\":\"de\"},{\"@type\":\"Person\",\"@id\":\"https:\\\/\\\/www.mundi-roth.de\\\/reiseberichte\\\/#\\\/schema\\\/person\\\/5e8081ddad478fd383ee2511fe8368bd\",\"name\":\"mr\",\"image\":{\"@type\":\"ImageObject\",\"inLanguage\":\"de\",\"@id\":\"https:\\\/\\\/secure.gravatar.com\\\/avatar\\\/9a3c34f32a8cb6923297b48d58fb263210ea20a4049fc4d3ccb858ce00487957?s=96&d=mm&r=g\",\"url\":\"https:\\\/\\\/secure.gravatar.com\\\/avatar\\\/9a3c34f32a8cb6923297b48d58fb263210ea20a4049fc4d3ccb858ce00487957?s=96&d=mm&r=g\",\"contentUrl\":\"https:\\\/\\\/secure.gravatar.com\\\/avatar\\\/9a3c34f32a8cb6923297b48d58fb263210ea20a4049fc4d3ccb858ce00487957?s=96&d=mm&r=g\",\"caption\":\"mr\"},\"sameAs\":[\"http:\\\/\\\/www.mundi-roth.de\"]}]}<\/script>\n<!-- \/ Yoast SEO plugin. -->","yoast_head_json":{"title":"Kreuzfahrt - Westliches Mittelmeer (4) - Reiseberichte","robots":{"index":"index","follow":"follow","max-snippet":"max-snippet:-1","max-image-preview":"max-image-preview:large","max-video-preview":"max-video-preview:-1"},"canonical":"https:\/\/www.mundi-roth.de\/reiseberichte\/kreuzfahrt-westliches-mittelmeer-4\/","twitter_misc":{"Verfasst von":"mr","Gesch\u00e4tzte Lesezeit":"4\u00a0Minuten"},"schema":{"@context":"https:\/\/schema.org","@graph":[{"@type":"Article","@id":"https:\/\/www.mundi-roth.de\/reiseberichte\/kreuzfahrt-westliches-mittelmeer-4\/#article","isPartOf":{"@id":"https:\/\/www.mundi-roth.de\/reiseberichte\/kreuzfahrt-westliches-mittelmeer-4\/"},"author":{"name":"mr","@id":"https:\/\/www.mundi-roth.de\/reiseberichte\/#\/schema\/person\/5e8081ddad478fd383ee2511fe8368bd"},"headline":"Kreuzfahrt &#8211; Westliches Mittelmeer (4)","datePublished":"2012-10-13T10:00:40+00:00","dateModified":"2020-05-08T19:22:37+00:00","mainEntityOfPage":{"@id":"https:\/\/www.mundi-roth.de\/reiseberichte\/kreuzfahrt-westliches-mittelmeer-4\/"},"wordCount":896,"image":{"@id":"https:\/\/www.mundi-roth.de\/reiseberichte\/kreuzfahrt-westliches-mittelmeer-4\/#primaryimage"},"thumbnailUrl":"http:\/\/www.mundi-roth.de\/reiseberichte\/wp-content\/uploads\/2012\/10\/DSCN0169-150x112.jpg","keywords":["Livorno","Toskana","Venezia Nuova"],"articleSection":["Kreuzfahrt - Westliches Mittelmeer"],"inLanguage":"de"},{"@type":"WebPage","@id":"https:\/\/www.mundi-roth.de\/reiseberichte\/kreuzfahrt-westliches-mittelmeer-4\/","url":"https:\/\/www.mundi-roth.de\/reiseberichte\/kreuzfahrt-westliches-mittelmeer-4\/","name":"Kreuzfahrt - Westliches Mittelmeer (4) - Reiseberichte","isPartOf":{"@id":"https:\/\/www.mundi-roth.de\/reiseberichte\/#website"},"primaryImageOfPage":{"@id":"https:\/\/www.mundi-roth.de\/reiseberichte\/kreuzfahrt-westliches-mittelmeer-4\/#primaryimage"},"image":{"@id":"https:\/\/www.mundi-roth.de\/reiseberichte\/kreuzfahrt-westliches-mittelmeer-4\/#primaryimage"},"thumbnailUrl":"http:\/\/www.mundi-roth.de\/reiseberichte\/wp-content\/uploads\/2012\/10\/DSCN0169-150x112.jpg","datePublished":"2012-10-13T10:00:40+00:00","dateModified":"2020-05-08T19:22:37+00:00","author":{"@id":"https:\/\/www.mundi-roth.de\/reiseberichte\/#\/schema\/person\/5e8081ddad478fd383ee2511fe8368bd"},"breadcrumb":{"@id":"https:\/\/www.mundi-roth.de\/reiseberichte\/kreuzfahrt-westliches-mittelmeer-4\/#breadcrumb"},"inLanguage":"de","potentialAction":[{"@type":"ReadAction","target":["https:\/\/www.mundi-roth.de\/reiseberichte\/kreuzfahrt-westliches-mittelmeer-4\/"]}]},{"@type":"ImageObject","inLanguage":"de","@id":"https:\/\/www.mundi-roth.de\/reiseberichte\/kreuzfahrt-westliches-mittelmeer-4\/#primaryimage","url":"http:\/\/www.mundi-roth.de\/reiseberichte\/wp-content\/uploads\/2012\/10\/DSCN0169-150x112.jpg","contentUrl":"http:\/\/www.mundi-roth.de\/reiseberichte\/wp-content\/uploads\/2012\/10\/DSCN0169-150x112.jpg"},{"@type":"BreadcrumbList","@id":"https:\/\/www.mundi-roth.de\/reiseberichte\/kreuzfahrt-westliches-mittelmeer-4\/#breadcrumb","itemListElement":[{"@type":"ListItem","position":1,"name":"Startseite","item":"https:\/\/www.mundi-roth.de\/reiseberichte\/"},{"@type":"ListItem","position":2,"name":"Kreuzfahrt &#8211; Westliches Mittelmeer (4)"}]},{"@type":"WebSite","@id":"https:\/\/www.mundi-roth.de\/reiseberichte\/#website","url":"https:\/\/www.mundi-roth.de\/reiseberichte\/","name":"Reiseberichte","description":"Berichte \u00fcber Reisen (fast) rund um die Welt","potentialAction":[{"@type":"SearchAction","target":{"@type":"EntryPoint","urlTemplate":"https:\/\/www.mundi-roth.de\/reiseberichte\/?s={search_term_string}"},"query-input":{"@type":"PropertyValueSpecification","valueRequired":true,"valueName":"search_term_string"}}],"inLanguage":"de"},{"@type":"Person","@id":"https:\/\/www.mundi-roth.de\/reiseberichte\/#\/schema\/person\/5e8081ddad478fd383ee2511fe8368bd","name":"mr","image":{"@type":"ImageObject","inLanguage":"de","@id":"https:\/\/secure.gravatar.com\/avatar\/9a3c34f32a8cb6923297b48d58fb263210ea20a4049fc4d3ccb858ce00487957?s=96&d=mm&r=g","url":"https:\/\/secure.gravatar.com\/avatar\/9a3c34f32a8cb6923297b48d58fb263210ea20a4049fc4d3ccb858ce00487957?s=96&d=mm&r=g","contentUrl":"https:\/\/secure.gravatar.com\/avatar\/9a3c34f32a8cb6923297b48d58fb263210ea20a4049fc4d3ccb858ce00487957?s=96&d=mm&r=g","caption":"mr"},"sameAs":["http:\/\/www.mundi-roth.de"]}]}},"_links":{"self":[{"href":"https:\/\/www.mundi-roth.de\/reiseberichte\/wp-json\/wp\/v2\/posts\/1454","targetHints":{"allow":["GET"]}}],"collection":[{"href":"https:\/\/www.mundi-roth.de\/reiseberichte\/wp-json\/wp\/v2\/posts"}],"about":[{"href":"https:\/\/www.mundi-roth.de\/reiseberichte\/wp-json\/wp\/v2\/types\/post"}],"author":[{"embeddable":true,"href":"https:\/\/www.mundi-roth.de\/reiseberichte\/wp-json\/wp\/v2\/users\/2"}],"replies":[{"embeddable":true,"href":"https:\/\/www.mundi-roth.de\/reiseberichte\/wp-json\/wp\/v2\/comments?post=1454"}],"version-history":[{"count":0,"href":"https:\/\/www.mundi-roth.de\/reiseberichte\/wp-json\/wp\/v2\/posts\/1454\/revisions"}],"wp:attachment":[{"href":"https:\/\/www.mundi-roth.de\/reiseberichte\/wp-json\/wp\/v2\/media?parent=1454"}],"wp:term":[{"taxonomy":"category","embeddable":true,"href":"https:\/\/www.mundi-roth.de\/reiseberichte\/wp-json\/wp\/v2\/categories?post=1454"},{"taxonomy":"post_tag","embeddable":true,"href":"https:\/\/www.mundi-roth.de\/reiseberichte\/wp-json\/wp\/v2\/tags?post=1454"}],"curies":[{"name":"wp","href":"https:\/\/api.w.org\/{rel}","templated":true}]}}