{"id":1495,"date":"2012-10-13T09:00:15","date_gmt":"2012-10-13T08:00:15","guid":{"rendered":"http:\/\/www.mundi-roth.de\/reiseberichte\/?p=1495"},"modified":"2020-05-08T20:22:37","modified_gmt":"2020-05-08T19:22:37","slug":"kreuzfahrt-westliches-mittelmeer-6","status":"publish","type":"post","link":"https:\/\/www.mundi-roth.de\/reiseberichte\/kreuzfahrt-westliches-mittelmeer-6\/","title":{"rendered":"Kreuzfahrt &#8211; Westliches Mittelmeer (6)"},"content":{"rendered":"<p>Mittwoch, 5. September 2012<\/p>\n<p><strong>Ajaccio, Korsika<\/strong><\/p>\n<p>ist heute unser Aufenthalt.<\/p>\n<p>Die Bordinformation f\u00fcr den heutigen Tag lautet:<\/p>\n<p><em>\u201eKorsika:<\/em><br \/>\n<em>die im westlichen Mittelmeerbecken zwischen Frankreich und Italien gelegene \u201e Insel der Sch\u00f6nheit\u201c, wie sie schon die Griechen nannten, war im Laufe ihrer Geschichte st\u00e4ndig ein Spielball der M\u00e4chte. Seit \u00fcber zwei Jahrhunderten geh\u00f6rt sie nun zu Frankreich, was aber erstaunlich wenig Auswirkung auf Land und Leute hatte.<\/em><\/p>\n<p><em>Ajaccio (oder korsisch: Aiacciu) ist die Hauptstadt der Mittelmeerinsel Korsika.<\/em><br \/>\n<em>Zur Zeit der Ptolem\u00e4er war die K\u00fcstenregionen vor Ajaccio bereits besiedelt und in r\u00f6mischer Zeit entstand dort der Hafenort Adiacium. Das heutige Ajaccio wurde erst 1492 von den Genuesen gegr\u00fcndet. Die f\u00fcr ihren Stolz bekannten Korsen begehrten aber recht bald gegen die Fremdherrschaft auf. 1755 wurde dann die Unabh\u00e4ngigkeit der Insel ausgerufen. Zuvor, am 15. April 1736, machten korsische Rebellen den deutschen Abenteurer Baron Theodor von Neuhoff (1694-1756) zu ihrem K\u00f6nig. Theo I. von Korsika war der einzige K\u00f6nig, den Korsika je hatte. Ber\u00fchmtester Sohn der Insel ist der in Ajaccio geborene Napol\u00e9on Bonaparte.<\/em><\/p>\n<p><em>Die Insel hat eine Fl\u00e4che von 8680 km\u00b2 und ist damit die viertgr\u00f6\u00dfte Insel des Mittelmeeres. Das bergige Eiland ist mit der f\u00fcr den Mittelmeerraum typischen Macchie \u2013 einem immergr\u00fcnen Buschwald &#8211; bewachsen, der rund die H\u00e4lfte der Insel bedeckt. Im Fr\u00fchjahr bl\u00fcht die Macchie in bunten Farben und ein intensiver Duft verbreitet sich \u00fcber die gesamte Insel. Bereits Napol\u00e9on sagte, er k\u00f6nne seine Heimat\u00a0 schon allein daran erkennen.\u201c<\/em><\/p>\n<p><strong>Wetter:<\/strong> Heute erwarten uns schauerartige Regenf\u00e4lle, zwischendurch ist es aber auch immer wieder heiter bis wolkig.<\/p>\n<p><strong>Tats\u00e4chlich:<\/strong> Heftige, lang andauernde Regenf\u00e4lle aber auch Aufheiterungen<\/p>\n<p>Fr\u00fchst\u00fccken gehen wir um 8.00 Uhr, da bereits um 9.00 Uhr das Treffen f\u00fcr den von ausgesuchten Ausflug zu den Calanches-Felsformationen angesetzt ist.<\/p>\n<p>Was uns bewegte, diesen von den vielen angebotenen Ausfl\u00fcgen auszusuchen ist die folgende Beschreibung :<\/p>\n<p><em>\u201eInselfahrt zu den Calanches-Felsformationen: erleben Sie die herrlichen K\u00fcsten und die wilde Berglandschaft Korsikas. Zun\u00e4chst genie\u00dfen Sie die Landschaft entlang der sch\u00f6nen K\u00fcstenstra\u00dfe zum griechischen Dorf Carg\u00e8se, wo sie die katholische und die orthodoxe Kirche besichtigen. Dann geht es weiter zu den malerischen Calanches-Felsformationen, einem UNESCO Weltnaturerbe. Bei einem Fotostopp haben sie einen spektakul\u00e4ren Blick auf die durch Erosion entstandenem rotem Granitfelsen und Gesteinsformationen. Anschlie\u00dfend fahren sie nach Porto und genie\u00dfen circa 2 h Freizeit. Weiter geht es durch Korsikas Hinterland und die wilde Berglandschaft nach \u00c8visa. Auf der R\u00fcckfahrt nach Ajaccio k\u00f6nnen Sie noch einmal die typische korsische\u00a0 Vegetation, die Macchia , genie\u00dfen.<\/em><br \/>\n<em>Dauer: 8 h\u201c.<\/em><\/p>\n<p>Um 9.30 Uhr startet die Rundfahrt und schnell sind wir aus der Hauptstadt <a href=\"http:\/\/www.mundi-roth.de\/reiseberichte\/wp-content\/uploads\/2012\/10\/DSCN0271.jpg\"><img loading=\"lazy\" decoding=\"async\" class=\"alignright size-thumbnail wp-image-1496\" title=\"DSCN0271\" src=\"http:\/\/www.mundi-roth.de\/reiseberichte\/wp-content\/uploads\/2012\/10\/DSCN0271-150x112.jpg\" alt=\"\" width=\"150\" height=\"112\" srcset=\"https:\/\/www.mundi-roth.de\/reiseberichte\/wp-content\/uploads\/2012\/10\/DSCN0271-150x112.jpg 150w, https:\/\/www.mundi-roth.de\/reiseberichte\/wp-content\/uploads\/2012\/10\/DSCN0271-300x225.jpg 300w, https:\/\/www.mundi-roth.de\/reiseberichte\/wp-content\/uploads\/2012\/10\/DSCN0271.jpg 600w\" sizes=\"auto, (max-width: 150px) 100vw, 150px\" \/><\/a>Ajaccio heraus, am Hafen vorbei und es geht in eine urige Landschaft.<\/p>\n<p>Unsere deutsche Reiseleiterin, die seit 15 Jahren auf der Insel lebt, erkl\u00e4rt uns den Bewuchs: Viele wilde Olivenb\u00e4ume, Oliaster, die jedoch nicht geerntet werden, Erdbeerbaumfr\u00fccht, die Macchia, ein dichtes, wildes Gestr\u00e4uch, die Berge bestehen im Norden und S\u00fcden der K\u00fcste aus Granit, es kommt Kalk-Sand-Stein und Schiefer vor.<\/p>\n<p>Unterwegs fallen die zweisprachigen Schilder auf und wir werden aufgekl\u00e4rt, dass sowohl korsisch wie franz\u00f6sich gesprochen wird. 40 % der Einwohner sprechen korsisch, das\u00a0 dem Italienischen n\u00e4her ist.<\/p>\n<p>W\u00e4hrend der Fahrt f\u00e4llt unser Blick auf den Golf von Sagona\u00a0 <a href=\"http:\/\/www.mundi-roth.de\/reiseberichte\/wp-content\/uploads\/2012\/10\/DSCN0273.jpg\"><img loading=\"lazy\" decoding=\"async\" class=\"alignright size-thumbnail wp-image-1497\" title=\"DSCN0273\" src=\"http:\/\/www.mundi-roth.de\/reiseberichte\/wp-content\/uploads\/2012\/10\/DSCN0273-150x112.jpg\" alt=\"\" width=\"150\" height=\"112\" srcset=\"https:\/\/www.mundi-roth.de\/reiseberichte\/wp-content\/uploads\/2012\/10\/DSCN0273-150x112.jpg 150w, https:\/\/www.mundi-roth.de\/reiseberichte\/wp-content\/uploads\/2012\/10\/DSCN0273-300x225.jpg 300w, https:\/\/www.mundi-roth.de\/reiseberichte\/wp-content\/uploads\/2012\/10\/DSCN0273.jpg 600w\" sizes=\"auto, (max-width: 150px) 100vw, 150px\" \/><\/a><br \/>\nund den ersten Stopp legen wir um 11.15 Uhr in dem griechischen Dorf Carg\u00e8se ein.<\/p>\n<p>Die Reiseleiterin bringt uns im Schnelldurchgang die Geschichte nahe:<br \/>\n1676 landeten genuesische Galeeren mit 800 griechischen Fl\u00fcchtlingen bei Paomia auf Korsika. W\u00e4hrend eines allgemeinen Aufstandes der Korsen gegen Genua wurden 1729 die griechischen Neuank\u00f6mmlinge vertrieben. Zum Ausgleich ihres Verlustes wurde ihnen im Jahre 1774 in Paomia das Gebiet von Carg\u00e8se zugeteilt. Und so gr\u00fcndete sie den heutigen Ort.<br \/>\nEin Teil der Griechen nahm den r\u00f6misch-katholischen Ritus an, w\u00e4hrend der <a href=\"http:\/\/www.mundi-roth.de\/reiseberichte\/wp-content\/uploads\/2012\/10\/DSCN0275.jpg\"><img loading=\"lazy\" decoding=\"async\" class=\"alignleft size-thumbnail wp-image-1498\" title=\"DSCN0275\" src=\"http:\/\/www.mundi-roth.de\/reiseberichte\/wp-content\/uploads\/2012\/10\/DSCN0275-96x150.jpg\" alt=\"\" width=\"96\" height=\"150\" srcset=\"https:\/\/www.mundi-roth.de\/reiseberichte\/wp-content\/uploads\/2012\/10\/DSCN0275-96x150.jpg 96w, https:\/\/www.mundi-roth.de\/reiseberichte\/wp-content\/uploads\/2012\/10\/DSCN0275-192x300.jpg 192w, https:\/\/www.mundi-roth.de\/reiseberichte\/wp-content\/uploads\/2012\/10\/DSCN0275.jpg 384w\" sizes=\"auto, (max-width: 96px) 100vw, 96px\" \/><\/a>andere Teil den griechisch-katholischen beibehielt.<br \/>\n1825 \u2013 1828 wurde die r\u00f6misch-katholische Kirche erbaut und 1852-1872 die griechisch-katholische.<br \/>\n<a href=\"http:\/\/www.mundi-roth.de\/reiseberichte\/wp-content\/uploads\/2012\/10\/DSCN0277.jpg\"><img loading=\"lazy\" decoding=\"async\" class=\"aligncenter size-thumbnail wp-image-1499\" title=\"DSCN0277\" src=\"http:\/\/www.mundi-roth.de\/reiseberichte\/wp-content\/uploads\/2012\/10\/DSCN0277-150x112.jpg\" alt=\"\" width=\"150\" height=\"112\" srcset=\"https:\/\/www.mundi-roth.de\/reiseberichte\/wp-content\/uploads\/2012\/10\/DSCN0277-150x112.jpg 150w, https:\/\/www.mundi-roth.de\/reiseberichte\/wp-content\/uploads\/2012\/10\/DSCN0277-300x225.jpg 300w, https:\/\/www.mundi-roth.de\/reiseberichte\/wp-content\/uploads\/2012\/10\/DSCN0277.jpg 600w\" sizes=\"auto, (max-width: 150px) 100vw, 150px\" \/><\/a><a href=\"http:\/\/www.mundi-roth.de\/reiseberichte\/wp-content\/uploads\/2012\/10\/Collage021.jpg\"><img loading=\"lazy\" decoding=\"async\" class=\"aligncenter size-medium wp-image-1500\" title=\"Collage02\" src=\"http:\/\/www.mundi-roth.de\/reiseberichte\/wp-content\/uploads\/2012\/10\/Collage021-300x109.jpg\" alt=\"\" width=\"300\" height=\"109\" srcset=\"https:\/\/www.mundi-roth.de\/reiseberichte\/wp-content\/uploads\/2012\/10\/Collage021-300x109.jpg 300w, https:\/\/www.mundi-roth.de\/reiseberichte\/wp-content\/uploads\/2012\/10\/Collage021-150x54.jpg 150w, https:\/\/www.mundi-roth.de\/reiseberichte\/wp-content\/uploads\/2012\/10\/Collage021.jpg 600w\" sizes=\"auto, (max-width: 300px) 100vw, 300px\" \/><\/a><\/p>\n<p>Tats\u00e4chlich glaubt man in Griechenland zu sein: Der Ort hat\u00a0 gut 1100 Einwohner, davon sind 300 meist Nachfahren der griechischen Immigranten, die im 17. Jahrhundert vor den Osmanen geflohen waren. Sie haben vieles von ihrer Sprache, ihren Br\u00e4uchen, Ges\u00e4ngen, T\u00e4nzen und religi\u00f6sen Festen bewahrt.<\/p>\n<p>Eine Kuriosit\u00e4t gab es bis vor 2 Jahren hier, erz\u00e4hlt die Reiseleiterin:<br \/>\nEin Priester hielt sowohl in der katholischen wie in der auf der anderen Seite des Taleinschnittes gelegenen orthodoxen Kirche die Messe \u2013 wohlgemerkt mit Genehmigung durch den Vatikan. Der Priester ist jedoch nun im Ruhestand und nun wird \u2013 bei wichtigen Anl\u00e4ssen \u2013 ein Priester aus Griechenland eingeflogen.<br \/>\n<br \/>Auf eigene Faust kann man das \u00d6rtchen noch erkunden und von dem hochgelegenen Parkplatz geht die Fahrt dann zu den Felsformationen.<\/p>\n<p>Leider beginnt es zu regnen und offensichtlich haben zwei Busse auf der engen Bergstra\u00dfe Probleme aneinander vorbeizukommen, so dass sich ein m\u00e4chtiger Stau entwickelt.<br \/>\nUnsere Reiseleiterin ist eine praktische Frau und bietet an, wer will, kann jetzt aussteigen und in ca. einer knappen halben Stunde bis zum n\u00e4chsten Restaurant zu wandern und so diese markanten Felsformationen in Augenschein zu nehmen.<br \/>\nWir befinden uns in ca. 400 m H\u00f6he \u00fcber dem Meer.<br \/>\nGesagt, getan. Schirme aufgespannt und fast alle Teilnehmer lassen sich dieses <a href=\"http:\/\/www.mundi-roth.de\/reiseberichte\/wp-content\/uploads\/2012\/10\/P10608051.jpg\"><img loading=\"lazy\" decoding=\"async\" class=\"alignleft size-thumbnail wp-image-1502\" title=\"P1060805\" src=\"http:\/\/www.mundi-roth.de\/reiseberichte\/wp-content\/uploads\/2012\/10\/P10608051-150x112.jpg\" alt=\"\" width=\"150\" height=\"112\" srcset=\"https:\/\/www.mundi-roth.de\/reiseberichte\/wp-content\/uploads\/2012\/10\/P10608051-150x112.jpg 150w, https:\/\/www.mundi-roth.de\/reiseberichte\/wp-content\/uploads\/2012\/10\/P10608051-300x225.jpg 300w, https:\/\/www.mundi-roth.de\/reiseberichte\/wp-content\/uploads\/2012\/10\/P10608051.jpg 600w\" sizes=\"auto, (max-width: 150px) 100vw, 150px\" \/><\/a>Abenteuer, zwischen stehenden Autokolonnen rechts wie links, die fantastischen Gebilde aus r\u00f6tlichem Kalk-Sandstein zu bestaunen und den Blick bis zum Meer schweifen zu lassen, nicht entgehern.<br \/>\nMir dr\u00e4ngt sich der Vergleich mit den amerikanischen Canyans auf.<br \/>\nEinfach umwerfend.<\/p>\n<p><a href=\"http:\/\/www.mundi-roth.de\/reiseberichte\/wp-content\/uploads\/2012\/10\/Collage022.jpg\"><img loading=\"lazy\" decoding=\"async\" class=\"aligncenter size-medium wp-image-1503\" title=\"Collage02\" src=\"http:\/\/www.mundi-roth.de\/reiseberichte\/wp-content\/uploads\/2012\/10\/Collage022-300x72.jpg\" alt=\"\" width=\"300\" height=\"72\" srcset=\"https:\/\/www.mundi-roth.de\/reiseberichte\/wp-content\/uploads\/2012\/10\/Collage022-300x72.jpg 300w, https:\/\/www.mundi-roth.de\/reiseberichte\/wp-content\/uploads\/2012\/10\/Collage022-150x36.jpg 150w, https:\/\/www.mundi-roth.de\/reiseberichte\/wp-content\/uploads\/2012\/10\/Collage022.jpg 600w\" sizes=\"auto, (max-width: 300px) 100vw, 300px\" \/><\/a><br \/>\n<a href=\"http:\/\/www.mundi-roth.de\/reiseberichte\/wp-content\/uploads\/2012\/10\/Collage031.jpg\"><img loading=\"lazy\" decoding=\"async\" class=\"aligncenter size-medium wp-image-1504\" title=\"Collage03\" src=\"http:\/\/www.mundi-roth.de\/reiseberichte\/wp-content\/uploads\/2012\/10\/Collage031-300x69.jpg\" alt=\"\" width=\"300\" height=\"69\" srcset=\"https:\/\/www.mundi-roth.de\/reiseberichte\/wp-content\/uploads\/2012\/10\/Collage031-300x69.jpg 300w, https:\/\/www.mundi-roth.de\/reiseberichte\/wp-content\/uploads\/2012\/10\/Collage031-150x34.jpg 150w, https:\/\/www.mundi-roth.de\/reiseberichte\/wp-content\/uploads\/2012\/10\/Collage031.jpg 600w\" sizes=\"auto, (max-width: 300px) 100vw, 300px\" \/><\/a><br \/>\nWir sind vor dem Bus beim Treffpunkt und haben so noch Zeit, einen Caf\u00e9 zu trinken und der Regen l\u00e4sst auch nach.<\/p>\n<p>Der Bus schraubt sich nun zum Meer hinab und in dem kleinen \u00d6rtchen Porto ist Mittagspause.<br \/>\n<a href=\"http:\/\/www.mundi-roth.de\/reiseberichte\/wp-content\/uploads\/2012\/10\/P10608611.jpg\"><img loading=\"lazy\" decoding=\"async\" class=\"alignleft size-thumbnail wp-image-1506\" title=\"P1060861\" src=\"http:\/\/www.mundi-roth.de\/reiseberichte\/wp-content\/uploads\/2012\/10\/P10608611-112x150.jpg\" alt=\"\" width=\"112\" height=\"150\" srcset=\"https:\/\/www.mundi-roth.de\/reiseberichte\/wp-content\/uploads\/2012\/10\/P10608611-112x150.jpg 112w, https:\/\/www.mundi-roth.de\/reiseberichte\/wp-content\/uploads\/2012\/10\/P10608611-225x300.jpg 225w, https:\/\/www.mundi-roth.de\/reiseberichte\/wp-content\/uploads\/2012\/10\/P10608611.jpg 450w\" sizes=\"auto, (max-width: 112px) 100vw, 112px\" \/><\/a>Am Parkplatz f\u00e4llt der Eukalyptuswald\u00a0 auf und wir erfahren, dass dieser gepflanzt wurde, um die Malaria zu bek\u00e4mpfen. Eukalyptusb\u00e4ume haben einen enormen Wasserbedarf und somit wird die Gegend trocken gelegt.<br \/>\nDiese Methode ist uns von Teneriffa her gut bekannt, da die Lagune vor der ehemaligen Hauptstadt Teneriffas \u201eLa Laguna\u201c auch durch die Anpflanzung der Eukalpytusb\u00e4ume trocken gelegt wurde.<\/p>\n<p>Wir gehen an den ersten Lokalen, direkt am kleinen Hafen vorbei und steigen <a href=\"http:\/\/www.mundi-roth.de\/reiseberichte\/wp-content\/uploads\/2012\/10\/P1060857.jpg\"><img loading=\"lazy\" decoding=\"async\" class=\"alignright size-thumbnail wp-image-1507\" title=\"P1060857\" src=\"http:\/\/www.mundi-roth.de\/reiseberichte\/wp-content\/uploads\/2012\/10\/P1060857-150x112.jpg\" alt=\"\" width=\"150\" height=\"112\" srcset=\"https:\/\/www.mundi-roth.de\/reiseberichte\/wp-content\/uploads\/2012\/10\/P1060857-150x112.jpg 150w, https:\/\/www.mundi-roth.de\/reiseberichte\/wp-content\/uploads\/2012\/10\/P1060857-300x225.jpg 300w, https:\/\/www.mundi-roth.de\/reiseberichte\/wp-content\/uploads\/2012\/10\/P1060857.jpg 600w\" sizes=\"auto, (max-width: 150px) 100vw, 150px\" \/><\/a>auf zum Restaurant \u201eLe Sul\u201c. Haben einen <a href=\"http:\/\/www.mundi-roth.de\/reiseberichte\/wp-content\/uploads\/2012\/10\/Collage041.jpg\"><img loading=\"lazy\" decoding=\"async\" class=\"alignleft size-medium wp-image-1508\" title=\"Collage04\" src=\"http:\/\/www.mundi-roth.de\/reiseberichte\/wp-content\/uploads\/2012\/10\/Collage041-300x108.jpg\" alt=\"\" width=\"300\" height=\"108\" srcset=\"https:\/\/www.mundi-roth.de\/reiseberichte\/wp-content\/uploads\/2012\/10\/Collage041-300x108.jpg 300w, https:\/\/www.mundi-roth.de\/reiseberichte\/wp-content\/uploads\/2012\/10\/Collage041-150x54.jpg 150w, https:\/\/www.mundi-roth.de\/reiseberichte\/wp-content\/uploads\/2012\/10\/Collage041.jpg 600w\" sizes=\"auto, (max-width: 300px) 100vw, 300px\" \/><\/a>wunderbaren Blick auf den Hafen und die Berge und genie\u00dfen korsische K\u00fcche und Wein.<\/p>\n<p>F\u00fcr 14.45 Uhr ist die R\u00fcckfahrt durch die Berge zum <a href=\"http:\/\/www.mundi-roth.de\/reiseberichte\/wp-content\/uploads\/2012\/10\/P1060864.jpg\"><img loading=\"lazy\" decoding=\"async\" class=\"alignright size-thumbnail wp-image-1509\" title=\"P1060864\" src=\"http:\/\/www.mundi-roth.de\/reiseberichte\/wp-content\/uploads\/2012\/10\/P1060864-150x112.jpg\" alt=\"\" width=\"150\" height=\"112\" srcset=\"https:\/\/www.mundi-roth.de\/reiseberichte\/wp-content\/uploads\/2012\/10\/P1060864-150x112.jpg 150w, https:\/\/www.mundi-roth.de\/reiseberichte\/wp-content\/uploads\/2012\/10\/P1060864-300x225.jpg 300w, https:\/\/www.mundi-roth.de\/reiseberichte\/wp-content\/uploads\/2012\/10\/P1060864.jpg 600w\" sizes=\"auto, (max-width: 150px) 100vw, 150px\" \/><\/a>Kastaniendorf \u00c8visa, den Pass hoch, angesagt.<br \/>\nWitzig finden wir, dass die Weiterfahrt zwischendurch <a href=\"http:\/\/www.mundi-roth.de\/reiseberichte\/wp-content\/uploads\/2012\/10\/DSCN0365.jpg\"><img loading=\"lazy\" decoding=\"async\" class=\"alignleft size-thumbnail wp-image-1510\" title=\"DSCN0365\" src=\"http:\/\/www.mundi-roth.de\/reiseberichte\/wp-content\/uploads\/2012\/10\/DSCN0365-150x112.jpg\" alt=\"\" width=\"150\" height=\"112\" srcset=\"https:\/\/www.mundi-roth.de\/reiseberichte\/wp-content\/uploads\/2012\/10\/DSCN0365-150x112.jpg 150w, https:\/\/www.mundi-roth.de\/reiseberichte\/wp-content\/uploads\/2012\/10\/DSCN0365-300x225.jpg 300w, https:\/\/www.mundi-roth.de\/reiseberichte\/wp-content\/uploads\/2012\/10\/DSCN0365.jpg 600w\" sizes=\"auto, (max-width: 150px) 100vw, 150px\" \/><\/a>kurzfristig von halbwilden Hausschweinen und die Stra\u00dfe querenden K\u00fchen blockiert wird.<\/p>\n<p>Und um 17.30 Uhr sind wir auf dem Schiff zur\u00fcck und es bleibt noch Zeit f\u00fcr einen Saunagang, um dann um 19.00 Uhr Abschied zu nehmen von Korsika von Deck 12 aus.<\/p>\n<p>Das Abendessen nehmen wir wieder in unserem bevorzugten Restaurant ein und zum Abschluss noch ein super-leckeres Eis im Restaurant Ankelmanns-Platz.<\/p>\n<p>Was soll ich \u00fcber den Tag sagen?<br \/>\nTrotz Regen, die Tour war fantastisch.!<br \/>\nZudem haben wir im Schnelldurchgang einen guten Eindruck vom \u201ewilden\u201c Korsika bekommen.<br \/>\nAuf dieser Insel k\u00f6nnte ich mir gut einen fantastischen Wanderurlaub vorstellen.<br \/>\nSie ist wohl f\u00fcr Wanderungen gut pr\u00e4pariert.<\/p>\n","protected":false},"excerpt":{"rendered":"<p>Mittwoch, 5. September 2012 Ajaccio, Korsika ist heute unser Aufenthalt. Die Bordinformation f\u00fcr den heutigen Tag lautet: \u201eKorsika: die im westlichen Mittelmeerbecken zwischen Frankreich und Italien gelegene \u201e Insel der Sch\u00f6nheit\u201c, wie sie schon die Griechen nannten, war im Laufe ihrer Geschichte st\u00e4ndig ein Spielball der M\u00e4chte. Seit \u00fcber zwei Jahrhunderten geh\u00f6rt sie nun zu [&hellip;]<\/p>\n","protected":false},"author":2,"featured_media":0,"comment_status":"closed","ping_status":"closed","sticky":false,"template":"","format":"standard","meta":{"footnotes":""},"categories":[673],"tags":[704,705,708,707,711,703,706,709,710],"class_list":["post-1495","post","type-post","status-publish","format-standard","hentry","category-kreuzfahrt-westliches-mittelmeer","tag-ajaccio","tag-calanches-felsformationen","tag-cargese","tag-golf-von-sagona","tag-kastaniendorf-evisa","tag-korsika","tag-macchia","tag-porto","tag-restaurant-le-sul"],"yoast_head":"<!-- This site is optimized with the Yoast SEO plugin v27.5 - https:\/\/yoast.com\/product\/yoast-seo-wordpress\/ -->\n<title>Kreuzfahrt - Westliches Mittelmeer (6) - Reiseberichte<\/title>\n<meta name=\"robots\" content=\"index, follow, max-snippet:-1, max-image-preview:large, max-video-preview:-1\" \/>\n<link rel=\"canonical\" href=\"https:\/\/www.mundi-roth.de\/reiseberichte\/kreuzfahrt-westliches-mittelmeer-6\/\" \/>\n<meta name=\"twitter:label1\" content=\"Verfasst von\" \/>\n\t<meta name=\"twitter:data1\" content=\"mr\" \/>\n\t<meta name=\"twitter:label2\" content=\"Gesch\u00e4tzte Lesezeit\" \/>\n\t<meta name=\"twitter:data2\" content=\"6\u00a0Minuten\" \/>\n<script type=\"application\/ld+json\" class=\"yoast-schema-graph\">{\"@context\":\"https:\\\/\\\/schema.org\",\"@graph\":[{\"@type\":\"Article\",\"@id\":\"https:\\\/\\\/www.mundi-roth.de\\\/reiseberichte\\\/kreuzfahrt-westliches-mittelmeer-6\\\/#article\",\"isPartOf\":{\"@id\":\"https:\\\/\\\/www.mundi-roth.de\\\/reiseberichte\\\/kreuzfahrt-westliches-mittelmeer-6\\\/\"},\"author\":{\"name\":\"mr\",\"@id\":\"https:\\\/\\\/www.mundi-roth.de\\\/reiseberichte\\\/#\\\/schema\\\/person\\\/5e8081ddad478fd383ee2511fe8368bd\"},\"headline\":\"Kreuzfahrt &#8211; Westliches Mittelmeer (6)\",\"datePublished\":\"2012-10-13T08:00:15+00:00\",\"dateModified\":\"2020-05-08T19:22:37+00:00\",\"mainEntityOfPage\":{\"@id\":\"https:\\\/\\\/www.mundi-roth.de\\\/reiseberichte\\\/kreuzfahrt-westliches-mittelmeer-6\\\/\"},\"wordCount\":1184,\"image\":{\"@id\":\"https:\\\/\\\/www.mundi-roth.de\\\/reiseberichte\\\/kreuzfahrt-westliches-mittelmeer-6\\\/#primaryimage\"},\"thumbnailUrl\":\"http:\\\/\\\/www.mundi-roth.de\\\/reiseberichte\\\/wp-content\\\/uploads\\\/2012\\\/10\\\/DSCN0271-150x112.jpg\",\"keywords\":[\"Ajaccio\",\"Calanches-Felsformationen\",\"Carg\u00e8se\",\"Golf von Sagona\",\"Kastaniendorf \u00c8visa\",\"Korsika\",\"Macchia\",\"Porto\",\"Restaurant \u201eLe Sul\u201c\"],\"articleSection\":[\"Kreuzfahrt - Westliches Mittelmeer\"],\"inLanguage\":\"de\"},{\"@type\":\"WebPage\",\"@id\":\"https:\\\/\\\/www.mundi-roth.de\\\/reiseberichte\\\/kreuzfahrt-westliches-mittelmeer-6\\\/\",\"url\":\"https:\\\/\\\/www.mundi-roth.de\\\/reiseberichte\\\/kreuzfahrt-westliches-mittelmeer-6\\\/\",\"name\":\"Kreuzfahrt - Westliches Mittelmeer (6) - Reiseberichte\",\"isPartOf\":{\"@id\":\"https:\\\/\\\/www.mundi-roth.de\\\/reiseberichte\\\/#website\"},\"primaryImageOfPage\":{\"@id\":\"https:\\\/\\\/www.mundi-roth.de\\\/reiseberichte\\\/kreuzfahrt-westliches-mittelmeer-6\\\/#primaryimage\"},\"image\":{\"@id\":\"https:\\\/\\\/www.mundi-roth.de\\\/reiseberichte\\\/kreuzfahrt-westliches-mittelmeer-6\\\/#primaryimage\"},\"thumbnailUrl\":\"http:\\\/\\\/www.mundi-roth.de\\\/reiseberichte\\\/wp-content\\\/uploads\\\/2012\\\/10\\\/DSCN0271-150x112.jpg\",\"datePublished\":\"2012-10-13T08:00:15+00:00\",\"dateModified\":\"2020-05-08T19:22:37+00:00\",\"author\":{\"@id\":\"https:\\\/\\\/www.mundi-roth.de\\\/reiseberichte\\\/#\\\/schema\\\/person\\\/5e8081ddad478fd383ee2511fe8368bd\"},\"breadcrumb\":{\"@id\":\"https:\\\/\\\/www.mundi-roth.de\\\/reiseberichte\\\/kreuzfahrt-westliches-mittelmeer-6\\\/#breadcrumb\"},\"inLanguage\":\"de\",\"potentialAction\":[{\"@type\":\"ReadAction\",\"target\":[\"https:\\\/\\\/www.mundi-roth.de\\\/reiseberichte\\\/kreuzfahrt-westliches-mittelmeer-6\\\/\"]}]},{\"@type\":\"ImageObject\",\"inLanguage\":\"de\",\"@id\":\"https:\\\/\\\/www.mundi-roth.de\\\/reiseberichte\\\/kreuzfahrt-westliches-mittelmeer-6\\\/#primaryimage\",\"url\":\"http:\\\/\\\/www.mundi-roth.de\\\/reiseberichte\\\/wp-content\\\/uploads\\\/2012\\\/10\\\/DSCN0271-150x112.jpg\",\"contentUrl\":\"http:\\\/\\\/www.mundi-roth.de\\\/reiseberichte\\\/wp-content\\\/uploads\\\/2012\\\/10\\\/DSCN0271-150x112.jpg\"},{\"@type\":\"BreadcrumbList\",\"@id\":\"https:\\\/\\\/www.mundi-roth.de\\\/reiseberichte\\\/kreuzfahrt-westliches-mittelmeer-6\\\/#breadcrumb\",\"itemListElement\":[{\"@type\":\"ListItem\",\"position\":1,\"name\":\"Startseite\",\"item\":\"https:\\\/\\\/www.mundi-roth.de\\\/reiseberichte\\\/\"},{\"@type\":\"ListItem\",\"position\":2,\"name\":\"Kreuzfahrt &#8211; Westliches Mittelmeer (6)\"}]},{\"@type\":\"WebSite\",\"@id\":\"https:\\\/\\\/www.mundi-roth.de\\\/reiseberichte\\\/#website\",\"url\":\"https:\\\/\\\/www.mundi-roth.de\\\/reiseberichte\\\/\",\"name\":\"Reiseberichte\",\"description\":\"Berichte \u00fcber Reisen (fast) rund um die Welt\",\"potentialAction\":[{\"@type\":\"SearchAction\",\"target\":{\"@type\":\"EntryPoint\",\"urlTemplate\":\"https:\\\/\\\/www.mundi-roth.de\\\/reiseberichte\\\/?s={search_term_string}\"},\"query-input\":{\"@type\":\"PropertyValueSpecification\",\"valueRequired\":true,\"valueName\":\"search_term_string\"}}],\"inLanguage\":\"de\"},{\"@type\":\"Person\",\"@id\":\"https:\\\/\\\/www.mundi-roth.de\\\/reiseberichte\\\/#\\\/schema\\\/person\\\/5e8081ddad478fd383ee2511fe8368bd\",\"name\":\"mr\",\"image\":{\"@type\":\"ImageObject\",\"inLanguage\":\"de\",\"@id\":\"https:\\\/\\\/secure.gravatar.com\\\/avatar\\\/9a3c34f32a8cb6923297b48d58fb263210ea20a4049fc4d3ccb858ce00487957?s=96&d=mm&r=g\",\"url\":\"https:\\\/\\\/secure.gravatar.com\\\/avatar\\\/9a3c34f32a8cb6923297b48d58fb263210ea20a4049fc4d3ccb858ce00487957?s=96&d=mm&r=g\",\"contentUrl\":\"https:\\\/\\\/secure.gravatar.com\\\/avatar\\\/9a3c34f32a8cb6923297b48d58fb263210ea20a4049fc4d3ccb858ce00487957?s=96&d=mm&r=g\",\"caption\":\"mr\"},\"sameAs\":[\"http:\\\/\\\/www.mundi-roth.de\"]}]}<\/script>\n<!-- \/ Yoast SEO plugin. -->","yoast_head_json":{"title":"Kreuzfahrt - Westliches Mittelmeer (6) - Reiseberichte","robots":{"index":"index","follow":"follow","max-snippet":"max-snippet:-1","max-image-preview":"max-image-preview:large","max-video-preview":"max-video-preview:-1"},"canonical":"https:\/\/www.mundi-roth.de\/reiseberichte\/kreuzfahrt-westliches-mittelmeer-6\/","twitter_misc":{"Verfasst von":"mr","Gesch\u00e4tzte Lesezeit":"6\u00a0Minuten"},"schema":{"@context":"https:\/\/schema.org","@graph":[{"@type":"Article","@id":"https:\/\/www.mundi-roth.de\/reiseberichte\/kreuzfahrt-westliches-mittelmeer-6\/#article","isPartOf":{"@id":"https:\/\/www.mundi-roth.de\/reiseberichte\/kreuzfahrt-westliches-mittelmeer-6\/"},"author":{"name":"mr","@id":"https:\/\/www.mundi-roth.de\/reiseberichte\/#\/schema\/person\/5e8081ddad478fd383ee2511fe8368bd"},"headline":"Kreuzfahrt &#8211; Westliches Mittelmeer (6)","datePublished":"2012-10-13T08:00:15+00:00","dateModified":"2020-05-08T19:22:37+00:00","mainEntityOfPage":{"@id":"https:\/\/www.mundi-roth.de\/reiseberichte\/kreuzfahrt-westliches-mittelmeer-6\/"},"wordCount":1184,"image":{"@id":"https:\/\/www.mundi-roth.de\/reiseberichte\/kreuzfahrt-westliches-mittelmeer-6\/#primaryimage"},"thumbnailUrl":"http:\/\/www.mundi-roth.de\/reiseberichte\/wp-content\/uploads\/2012\/10\/DSCN0271-150x112.jpg","keywords":["Ajaccio","Calanches-Felsformationen","Carg\u00e8se","Golf von Sagona","Kastaniendorf \u00c8visa","Korsika","Macchia","Porto","Restaurant \u201eLe Sul\u201c"],"articleSection":["Kreuzfahrt - Westliches Mittelmeer"],"inLanguage":"de"},{"@type":"WebPage","@id":"https:\/\/www.mundi-roth.de\/reiseberichte\/kreuzfahrt-westliches-mittelmeer-6\/","url":"https:\/\/www.mundi-roth.de\/reiseberichte\/kreuzfahrt-westliches-mittelmeer-6\/","name":"Kreuzfahrt - Westliches Mittelmeer (6) - Reiseberichte","isPartOf":{"@id":"https:\/\/www.mundi-roth.de\/reiseberichte\/#website"},"primaryImageOfPage":{"@id":"https:\/\/www.mundi-roth.de\/reiseberichte\/kreuzfahrt-westliches-mittelmeer-6\/#primaryimage"},"image":{"@id":"https:\/\/www.mundi-roth.de\/reiseberichte\/kreuzfahrt-westliches-mittelmeer-6\/#primaryimage"},"thumbnailUrl":"http:\/\/www.mundi-roth.de\/reiseberichte\/wp-content\/uploads\/2012\/10\/DSCN0271-150x112.jpg","datePublished":"2012-10-13T08:00:15+00:00","dateModified":"2020-05-08T19:22:37+00:00","author":{"@id":"https:\/\/www.mundi-roth.de\/reiseberichte\/#\/schema\/person\/5e8081ddad478fd383ee2511fe8368bd"},"breadcrumb":{"@id":"https:\/\/www.mundi-roth.de\/reiseberichte\/kreuzfahrt-westliches-mittelmeer-6\/#breadcrumb"},"inLanguage":"de","potentialAction":[{"@type":"ReadAction","target":["https:\/\/www.mundi-roth.de\/reiseberichte\/kreuzfahrt-westliches-mittelmeer-6\/"]}]},{"@type":"ImageObject","inLanguage":"de","@id":"https:\/\/www.mundi-roth.de\/reiseberichte\/kreuzfahrt-westliches-mittelmeer-6\/#primaryimage","url":"http:\/\/www.mundi-roth.de\/reiseberichte\/wp-content\/uploads\/2012\/10\/DSCN0271-150x112.jpg","contentUrl":"http:\/\/www.mundi-roth.de\/reiseberichte\/wp-content\/uploads\/2012\/10\/DSCN0271-150x112.jpg"},{"@type":"BreadcrumbList","@id":"https:\/\/www.mundi-roth.de\/reiseberichte\/kreuzfahrt-westliches-mittelmeer-6\/#breadcrumb","itemListElement":[{"@type":"ListItem","position":1,"name":"Startseite","item":"https:\/\/www.mundi-roth.de\/reiseberichte\/"},{"@type":"ListItem","position":2,"name":"Kreuzfahrt &#8211; Westliches Mittelmeer (6)"}]},{"@type":"WebSite","@id":"https:\/\/www.mundi-roth.de\/reiseberichte\/#website","url":"https:\/\/www.mundi-roth.de\/reiseberichte\/","name":"Reiseberichte","description":"Berichte \u00fcber Reisen (fast) rund um die Welt","potentialAction":[{"@type":"SearchAction","target":{"@type":"EntryPoint","urlTemplate":"https:\/\/www.mundi-roth.de\/reiseberichte\/?s={search_term_string}"},"query-input":{"@type":"PropertyValueSpecification","valueRequired":true,"valueName":"search_term_string"}}],"inLanguage":"de"},{"@type":"Person","@id":"https:\/\/www.mundi-roth.de\/reiseberichte\/#\/schema\/person\/5e8081ddad478fd383ee2511fe8368bd","name":"mr","image":{"@type":"ImageObject","inLanguage":"de","@id":"https:\/\/secure.gravatar.com\/avatar\/9a3c34f32a8cb6923297b48d58fb263210ea20a4049fc4d3ccb858ce00487957?s=96&d=mm&r=g","url":"https:\/\/secure.gravatar.com\/avatar\/9a3c34f32a8cb6923297b48d58fb263210ea20a4049fc4d3ccb858ce00487957?s=96&d=mm&r=g","contentUrl":"https:\/\/secure.gravatar.com\/avatar\/9a3c34f32a8cb6923297b48d58fb263210ea20a4049fc4d3ccb858ce00487957?s=96&d=mm&r=g","caption":"mr"},"sameAs":["http:\/\/www.mundi-roth.de"]}]}},"_links":{"self":[{"href":"https:\/\/www.mundi-roth.de\/reiseberichte\/wp-json\/wp\/v2\/posts\/1495","targetHints":{"allow":["GET"]}}],"collection":[{"href":"https:\/\/www.mundi-roth.de\/reiseberichte\/wp-json\/wp\/v2\/posts"}],"about":[{"href":"https:\/\/www.mundi-roth.de\/reiseberichte\/wp-json\/wp\/v2\/types\/post"}],"author":[{"embeddable":true,"href":"https:\/\/www.mundi-roth.de\/reiseberichte\/wp-json\/wp\/v2\/users\/2"}],"replies":[{"embeddable":true,"href":"https:\/\/www.mundi-roth.de\/reiseberichte\/wp-json\/wp\/v2\/comments?post=1495"}],"version-history":[{"count":0,"href":"https:\/\/www.mundi-roth.de\/reiseberichte\/wp-json\/wp\/v2\/posts\/1495\/revisions"}],"wp:attachment":[{"href":"https:\/\/www.mundi-roth.de\/reiseberichte\/wp-json\/wp\/v2\/media?parent=1495"}],"wp:term":[{"taxonomy":"category","embeddable":true,"href":"https:\/\/www.mundi-roth.de\/reiseberichte\/wp-json\/wp\/v2\/categories?post=1495"},{"taxonomy":"post_tag","embeddable":true,"href":"https:\/\/www.mundi-roth.de\/reiseberichte\/wp-json\/wp\/v2\/tags?post=1495"}],"curies":[{"name":"wp","href":"https:\/\/api.w.org\/{rel}","templated":true}]}}