{"id":1574,"date":"2003-07-20T12:00:54","date_gmt":"2003-07-20T11:00:54","guid":{"rendered":"http:\/\/www.mundi-roth.de\/reiseberichte\/?p=1574"},"modified":"2020-05-08T20:25:03","modified_gmt":"2020-05-08T19:25:03","slug":"hurtigruten-5","status":"publish","type":"post","link":"https:\/\/www.mundi-roth.de\/reiseberichte\/hurtigruten-5\/","title":{"rendered":"Hurtigruten Tag 5"},"content":{"rendered":"<p><strong>9.Juli 2003 Bodo<\/strong><\/p>\n<p>Heute Nacht haben wir den Polarkreis passiert. Es gab ein R\u00e4tsel: Wer findet den genauen Zeitpunkt heraus?<br \/>\nDer Polarkreis \u2013 ein unsichtbarer Ring um die Erdkugel auf 66\u00b0 33&#8242; Nord, der den s\u00fcdlichsten Punkt markiert, an dem die Mitternachtssonne 24 Stunden lang scheint \u2013 bildet die Grenze zum Land der Mitternachtssonne.<\/p>\n<p>Um 1\/2 9 Uhr sind wir aufgestanden. Tr\u00fcbe. Laut Manfred hat es nachts heftig geregnet.<br \/>\nNach dem Fr\u00fchst\u00fcck, bis 12 Uhr auf Deck gesessen, geschaut und gelesen. Leichter Spr\u00fchregen. Unter Dach machte dies jedoch nichts.<br \/>\nUm 1\/2 1 Uhr legen wir in Bodo an und ich marschiere, warm angezogen, los in die Stadt.<br \/>\nObwohl es sehr bedeckt ist, hin und wieder ein paar Tr\u00f6pfchen fallen, ist es mild. Ich bin also viel zu warm angezogen. In 15 Minuten bin ich im Zentrum.<br \/>\nErstmal den Dom, der 1956 errichtet wurde, besichtigen. Da dort gerade eine Trauerfeier stattfindet, habe ich nur einen Blick durch die Glaszwischent\u00fcre geworfen. Das moderne, gro\u00dfe, bunte Glasfenster hinter dem Altar fiel mir auf.<br \/>\nDanach einmal quer durch das moderne Einkaufscenter Koch i Glasshuset gebummelt. Nichts Sehens- oder zum Kaufen Lohnenswertes entdeckt.<br \/>\nDann Richtung Hafen. Vielleicht gibt es da ja etwas zu entdecken.<br \/>\nEinmal quer durch die Royal-Einkaufspassage im Radisson-Hotel auf dem Weg dorthin.<br \/>\nAm Hafen Unmengen Segelboote, ein Fischerkahn von dem eine junge Frau<\/p>\n<div id=\"attachment_1575\" style=\"width: 160px\" class=\"wp-caption alignright\"><a href=\"http:\/\/www.mundi-roth.de\/reiseberichte\/wp-content\/uploads\/2013\/08\/101_0121.jpg\"><img loading=\"lazy\" decoding=\"async\" aria-describedby=\"caption-attachment-1575\" class=\"size-thumbnail wp-image-1575\" alt=\"Krabbenverkauf\" src=\"http:\/\/www.mundi-roth.de\/reiseberichte\/wp-content\/uploads\/2013\/08\/101_0121-150x112.jpg\" width=\"150\" height=\"112\" srcset=\"https:\/\/www.mundi-roth.de\/reiseberichte\/wp-content\/uploads\/2013\/08\/101_0121-150x112.jpg 150w, https:\/\/www.mundi-roth.de\/reiseberichte\/wp-content\/uploads\/2013\/08\/101_0121-300x225.jpg 300w, https:\/\/www.mundi-roth.de\/reiseberichte\/wp-content\/uploads\/2013\/08\/101_0121.jpg 800w\" sizes=\"auto, (max-width: 150px) 100vw, 150px\" \/><\/a><p id=\"caption-attachment-1575\" class=\"wp-caption-text\">Krabbenverkauf<\/p><\/div>\n<p>Rekker, sprich Krabben verkauft.<br \/>\nIch habe gelesen, da\u00df Bodo 1940 von den Deutschen bei einem Bombenangriff v\u00f6llig zerst\u00f6rt wurde. \u00dcberhaupt m\u00fcssen wir uns auf der ganzen Strecke sagen lassen, wie die Deutschen bis zum hohen Norden gew\u00fctet haben. Dankbar registriere ich, da\u00df die Zeit wohl doch Wunden heilt und wir keine Agressionen zu sp\u00fcren bekommen, was ich den Leuten nicht verdenken k\u00f6nnte.<\/p>\n<p>Zur\u00fcck Richtung Schiff. Per Zufall das Norwegische Kunstgewerbehaus Huisfild entdeckt. Sehr ansprechende Dinge, ich war jedoch nicht in Kauflaune.<br \/>\nUm 13.50 Uhr war ich wieder auf dem Schiff. Schnell umziehen, da ich na\u00df geschwitzt war und um 14 Uhr war ich, wie versprochen, im Speisesaal.<br \/>\nManfred hatte mir bereits einen Teller mit ged\u00e4mpftem und ger\u00e4uchertem Lachs sowie Krabben fertiggemacht. Nochmal Wildfleisch getrocknet, Zunge, Schinken und Salat nachgeladen und zum Nachtisch zweimal Eis und Kaffee.<\/p>\n<p>Heute wurde ein Ausflug angeboten: zum Saltstraumen, dem st\u00e4rksten Gezeitenstrom der Welt. Ich hatte es Manfred nahegelegt, dieses Abenteuer zu machen, aber er lehnte dankend ab. Alle 6 Stunden zw\u00e4ngen sich fast 400 Mio. Kubikmeter Wasser mit einer Geschwindigkeit von bis zu 29 Knoten durch die 3 km lange und 150 m breeite Meerenge zwischen Saltenfjord und Skjerstadfjord. Die Stromschnellen haben einen Durchmesser von bis zu 10 m und k\u00f6nnen 4 \u2013 5 m in die Tiefe reichen.<\/p>\n<p>Um 14.45 gingen wir wieder mit Decken und B\u00fcchern bewaffnet auf Deck und blieben bis 17 Uhr drau\u00dfen.<\/p>\n<p>Habe mein Buch \u201cDas W\u00fcten der ganzen Welt\u201d von Maarten\u2019t Hart ausgelesen. Hat mir sehr gut gefallen.<br \/>\nNoch unter Manfreds Anleitung lernte ich, wie Panoramaaufnahmen zu machen sind und nun macht Manfred ein Nickerchen und ich schreibe Tagebuch.<br \/>\nWir kamen in Bodo erst um 15.40 statt 15 Uhr weg, da soviel Fracht und Autos zu verladen waren.<br \/>\nNun wird das Schiff mit offenem Wasser in Ber\u00fchrung kommen. In 4 Stunden werden wir auf den Lofoten in Stamsund anlegen. Planm\u00e4\u00dfig um 19.30 Uhr.<\/p>\n<p>Laut Reisef\u00fchrer liegen vor der K\u00fcste zwischen Bodo und Narvik die Lofoten, eine ca 170 km lange Inselkette im Atlantik, die zu den faszinierendsten Partien der norwegischen K\u00fcste geh\u00f6rt. Bis zu 1000 m erreichen Zacken und Tinde, von Graten, Schluchten und Karen durchzogen, manche bis in den Sommer schneebedeckt \u2013 stimmt \u2013 . Im Schatten der Lofotenwand liegen pittoreske kleine Fischerd\u00f6rfer, in den sich der Geruch von getrocknetem Dorsch mit dem von Meer und Tang vermischt. Bunte Holzh\u00e4user scheinen sich an den Sch\u00e4ren und K\u00fcste festzukrallen, daneben unz\u00e4hlige Trockengestelle, die jedoch jetzt, im Sommer, kaum belegt sind.<\/p>\n<div id=\"attachment_1576\" style=\"width: 160px\" class=\"wp-caption alignleft\"><a href=\"http:\/\/www.mundi-roth.de\/reiseberichte\/wp-content\/uploads\/2013\/08\/101_0137.jpg\"><img loading=\"lazy\" decoding=\"async\" aria-describedby=\"caption-attachment-1576\" class=\"size-thumbnail wp-image-1576\" alt=\"Lofoten 1\" src=\"http:\/\/www.mundi-roth.de\/reiseberichte\/wp-content\/uploads\/2013\/08\/101_0137-150x112.jpg\" width=\"150\" height=\"112\" srcset=\"https:\/\/www.mundi-roth.de\/reiseberichte\/wp-content\/uploads\/2013\/08\/101_0137-150x112.jpg 150w, https:\/\/www.mundi-roth.de\/reiseberichte\/wp-content\/uploads\/2013\/08\/101_0137-300x225.jpg 300w, https:\/\/www.mundi-roth.de\/reiseberichte\/wp-content\/uploads\/2013\/08\/101_0137.jpg 800w\" sizes=\"auto, (max-width: 150px) 100vw, 150px\" \/><\/a><p id=\"caption-attachment-1576\" class=\"wp-caption-text\">Lofoten 1<\/p><\/div>\n<p>Die sch\u00f6nste Zufahrt zu den Lofoten ist mit dem Schiff von Bodo aus, bei gutem Wetter eine traumhafte, wenn auch bewegte \u00dcberfahrt.<br \/>\nDavor grauste mir was und ich nahm selbstverst\u00e4ndlich meine Reisetabletten. Aber, wir sind wohl doch vom Gl\u00fcck beg\u00fcnstigt, die See war glatt, wie mit \u00d6l begossen.<\/p>\n<p>In Svolvaer, der Hauptstadt der Lofoten, haben wir <a href=\"http:\/\/www.mundi-roth.de\/reiseberichte\/wp-content\/uploads\/2013\/08\/101_0151.jpg\"><img loading=\"lazy\" decoding=\"async\" class=\"alignright size-thumbnail wp-image-1577\" alt=\"hurtigruten-5-3\" src=\"http:\/\/www.mundi-roth.de\/reiseberichte\/wp-content\/uploads\/2013\/08\/101_0151-150x112.jpg\" width=\"150\" height=\"112\" srcset=\"https:\/\/www.mundi-roth.de\/reiseberichte\/wp-content\/uploads\/2013\/08\/101_0151-150x112.jpg 150w, https:\/\/www.mundi-roth.de\/reiseberichte\/wp-content\/uploads\/2013\/08\/101_0151-300x225.jpg 300w, https:\/\/www.mundi-roth.de\/reiseberichte\/wp-content\/uploads\/2013\/08\/101_0151.jpg 800w\" sizes=\"auto, (max-width: 150px) 100vw, 150px\" \/><\/a>laut Plan 1 Stunde Aufenthalt. Ist zwar Essenszeit, aber vielleicht k\u00f6nnen wir doch mal an Land gehen.<br \/>\nHat geklappt. Ich hab\u2019 gebeten, da\u00df wir schnell den Nachtisch bekamen, Bratapfel mit Vanillesauce.<br \/>\nEin Rundgang durch den Ort.<\/p>\n<div id=\"attachment_1578\" style=\"width: 122px\" class=\"wp-caption alignleft\"><a href=\"http:\/\/www.mundi-roth.de\/reiseberichte\/wp-content\/uploads\/2013\/08\/101_0150.jpg\"><img loading=\"lazy\" decoding=\"async\" aria-describedby=\"caption-attachment-1578\" class=\"size-thumbnail wp-image-1578\" alt=\"Ein ganzes Filet ?\" src=\"http:\/\/www.mundi-roth.de\/reiseberichte\/wp-content\/uploads\/2013\/08\/101_0150-112x150.jpg\" width=\"112\" height=\"150\" srcset=\"https:\/\/www.mundi-roth.de\/reiseberichte\/wp-content\/uploads\/2013\/08\/101_0150-112x150.jpg 112w, https:\/\/www.mundi-roth.de\/reiseberichte\/wp-content\/uploads\/2013\/08\/101_0150-225x300.jpg 225w, https:\/\/www.mundi-roth.de\/reiseberichte\/wp-content\/uploads\/2013\/08\/101_0150.jpg 600w\" sizes=\"auto, (max-width: 112px) 100vw, 112px\" \/><\/a><p id=\"caption-attachment-1578\" class=\"wp-caption-text\">Ein ganzes Filet ?<\/p><\/div>\n<p>H\u00fcbsch sind die rot angestrichenen Holzh\u00e4uschen auf Stelzen, Rorbuer genannt,\u00a0 urspr\u00fcnglich f\u00fcr die Fischer erbaut, die von weit her angerudert kamen, um am Lofotfischfang im Winter teilzunehmen. Da jedoch der Fischfang stark zur\u00fcckgegangen ist, k\u00f6nnen diese Holzh\u00e4uschen, die an den Sch\u00e4ren stehen, gemietet werden.<br \/>\nDa wir Versp\u00e4tung hatten, verk\u00fcrzte sich der Aufenthalt auf 40 Minuten. P\u00fcnktlich um 22 Uhr legten wir wieder ab.<br \/>\nDa es nieselte, haben wir auf Deck 7 vorne im Salon zwei Sessel am Seitenfenster ergattert. Da wohl sehr viele Passagiere ohne Kabine an Bord waren, war es entsprechend voll und laut.<br \/>\nUm 23 Uhr entschieden wir, raus zu gehen \u2013 nach vorne \u2013 gerade rechtzeitig als<\/p>\n<div id=\"attachment_1579\" style=\"width: 160px\" class=\"wp-caption alignright\"><a href=\"http:\/\/www.mundi-roth.de\/reiseberichte\/wp-content\/uploads\/2013\/08\/101_0161.jpg\"><img loading=\"lazy\" decoding=\"async\" aria-describedby=\"caption-attachment-1579\" class=\"size-thumbnail wp-image-1579\" alt=\"Einfahrt Trollfjord\" src=\"http:\/\/www.mundi-roth.de\/reiseberichte\/wp-content\/uploads\/2013\/08\/101_0161-150x112.jpg\" width=\"150\" height=\"112\" srcset=\"https:\/\/www.mundi-roth.de\/reiseberichte\/wp-content\/uploads\/2013\/08\/101_0161-150x112.jpg 150w, https:\/\/www.mundi-roth.de\/reiseberichte\/wp-content\/uploads\/2013\/08\/101_0161-300x225.jpg 300w, https:\/\/www.mundi-roth.de\/reiseberichte\/wp-content\/uploads\/2013\/08\/101_0161.jpg 800w\" sizes=\"auto, (max-width: 150px) 100vw, 150px\" \/><\/a><p id=\"caption-attachment-1579\" class=\"wp-caption-text\">Einfahrt Trollfjord<\/p><\/div>\n<p>wir in den 2 km langen und nur 80 m breiten Fjord im Raftsund , den Trollfjord, einfuhren. Traumhaft! Diese Felsw\u00e4nde, zum Teil glatt, z.T. riesige Quadern, direkt ins Wasser st\u00fcrzend. An der S\u00fcdseite befindet sich der 1.045 \u2013 1.084 m hohe Trolltindan, von dessen steilen Felsw\u00e4nden sich ab und zu Steine l\u00f6sen. An der Nordseite steht der Bl\u00e4fjell, 998 m,. Im Bergsee Trollfjordvatnet (162 m) im Westen findet man selbst im Sommer noch Eisklumpen.<br \/>\n\u00dcber Lautsprecher wird uns erl\u00e4utert, da\u00df es hier auf Grund von Meinungsverschiedenheiten 1880 zwischen Fischern und Dampfschiffbesitzern zur Schlacht gekommen war.<\/p>\n<p>Am Ende des Fjords spielten und tollten 5 Trolle im und am Wasser.<\/p>\n<div id=\"attachment_1580\" style=\"width: 160px\" class=\"wp-caption alignright\"><a href=\"http:\/\/www.mundi-roth.de\/reiseberichte\/wp-content\/uploads\/2013\/08\/101_0170.jpg\"><img loading=\"lazy\" decoding=\"async\" aria-describedby=\"caption-attachment-1580\" class=\"size-thumbnail wp-image-1580\" alt=\"Trolle kommen an Bord\" src=\"http:\/\/www.mundi-roth.de\/reiseberichte\/wp-content\/uploads\/2013\/08\/101_0170-150x112.jpg\" width=\"150\" height=\"112\" srcset=\"https:\/\/www.mundi-roth.de\/reiseberichte\/wp-content\/uploads\/2013\/08\/101_0170-150x112.jpg 150w, https:\/\/www.mundi-roth.de\/reiseberichte\/wp-content\/uploads\/2013\/08\/101_0170-300x225.jpg 300w, https:\/\/www.mundi-roth.de\/reiseberichte\/wp-content\/uploads\/2013\/08\/101_0170.jpg 800w\" sizes=\"auto, (max-width: 150px) 100vw, 150px\" \/><\/a><p id=\"caption-attachment-1580\" class=\"wp-caption-text\">Trolle kommen an Bord<\/p><\/div>\n<p>Wie sich sp\u00e4ter herausstellte, als sie mit dem Sicherheits-Chef mit einem Rettungsboot an Bord geholt wurden, vorher sprangen sie vom Boot nochmal ins Wasser \u2013 Brrrrr \u2013 waren es 4 Servicefrauen und ein Mann.<br \/>\nBis 24.15 Uhr sa\u00dfen wir in Decken geh\u00fcllt wieder auf unserem Stammplatz auf Deck 5 und lie\u00dfen die Landschaft vorbeiziehen. Leider war es sehr bedeckt und nieselte, von Mitternachtssonne keine Spur.<br \/>\n1\/2 1 Uhr Bettzeit.<\/p>\n","protected":false},"excerpt":{"rendered":"<p>9.Juli 2003 Bodo Heute Nacht haben wir den Polarkreis passiert. Es gab ein R\u00e4tsel: Wer findet den genauen Zeitpunkt heraus? Der Polarkreis \u2013 ein unsichtbarer Ring um die Erdkugel auf 66\u00b0 33&#8242; Nord, der den s\u00fcdlichsten Punkt markiert, an dem die Mitternachtssonne 24 Stunden lang scheint \u2013 bildet die Grenze zum Land der Mitternachtssonne. Um [&hellip;]<\/p>\n","protected":false},"author":2,"featured_media":0,"comment_status":"closed","ping_status":"closed","sticky":false,"template":"","format":"standard","meta":{"footnotes":""},"categories":[18],"tags":[65,735,23,66,67,68,69],"class_list":["post-1574","post","type-post","status-publish","format-standard","hentry","category-hurtigruten","tag-bodo","tag-hurtigruten","tag-lofoten","tag-polarkreis","tag-stamsund","tag-svolvaer","tag-trollfjord"],"yoast_head":"<!-- This site is optimized with the Yoast SEO plugin v27.5 - https:\/\/yoast.com\/product\/yoast-seo-wordpress\/ -->\n<title>Hurtigruten Tag 5 - Reiseberichte<\/title>\n<meta name=\"robots\" content=\"index, follow, max-snippet:-1, max-image-preview:large, max-video-preview:-1\" \/>\n<link rel=\"canonical\" href=\"https:\/\/www.mundi-roth.de\/reiseberichte\/hurtigruten-5\/\" \/>\n<meta name=\"twitter:label1\" content=\"Verfasst von\" \/>\n\t<meta name=\"twitter:data1\" content=\"mr\" \/>\n\t<meta name=\"twitter:label2\" content=\"Gesch\u00e4tzte Lesezeit\" \/>\n\t<meta name=\"twitter:data2\" content=\"5\u00a0Minuten\" \/>\n<script type=\"application\/ld+json\" class=\"yoast-schema-graph\">{\"@context\":\"https:\\\/\\\/schema.org\",\"@graph\":[{\"@type\":\"Article\",\"@id\":\"https:\\\/\\\/www.mundi-roth.de\\\/reiseberichte\\\/hurtigruten-5\\\/#article\",\"isPartOf\":{\"@id\":\"https:\\\/\\\/www.mundi-roth.de\\\/reiseberichte\\\/hurtigruten-5\\\/\"},\"author\":{\"name\":\"mr\",\"@id\":\"https:\\\/\\\/www.mundi-roth.de\\\/reiseberichte\\\/#\\\/schema\\\/person\\\/5e8081ddad478fd383ee2511fe8368bd\"},\"headline\":\"Hurtigruten Tag 5\",\"datePublished\":\"2003-07-20T11:00:54+00:00\",\"dateModified\":\"2020-05-08T19:25:03+00:00\",\"mainEntityOfPage\":{\"@id\":\"https:\\\/\\\/www.mundi-roth.de\\\/reiseberichte\\\/hurtigruten-5\\\/\"},\"wordCount\":1064,\"image\":{\"@id\":\"https:\\\/\\\/www.mundi-roth.de\\\/reiseberichte\\\/hurtigruten-5\\\/#primaryimage\"},\"thumbnailUrl\":\"http:\\\/\\\/www.mundi-roth.de\\\/reiseberichte\\\/wp-content\\\/uploads\\\/2013\\\/08\\\/101_0121-150x112.jpg\",\"keywords\":[\"Bodo\",\"Hurtigruten\",\"Lofoten\",\"Polarkreis\",\"Stamsund\",\"Svolvaer\",\"Trollfjord\"],\"articleSection\":[\"Hurtigruten\"],\"inLanguage\":\"de\"},{\"@type\":\"WebPage\",\"@id\":\"https:\\\/\\\/www.mundi-roth.de\\\/reiseberichte\\\/hurtigruten-5\\\/\",\"url\":\"https:\\\/\\\/www.mundi-roth.de\\\/reiseberichte\\\/hurtigruten-5\\\/\",\"name\":\"Hurtigruten Tag 5 - Reiseberichte\",\"isPartOf\":{\"@id\":\"https:\\\/\\\/www.mundi-roth.de\\\/reiseberichte\\\/#website\"},\"primaryImageOfPage\":{\"@id\":\"https:\\\/\\\/www.mundi-roth.de\\\/reiseberichte\\\/hurtigruten-5\\\/#primaryimage\"},\"image\":{\"@id\":\"https:\\\/\\\/www.mundi-roth.de\\\/reiseberichte\\\/hurtigruten-5\\\/#primaryimage\"},\"thumbnailUrl\":\"http:\\\/\\\/www.mundi-roth.de\\\/reiseberichte\\\/wp-content\\\/uploads\\\/2013\\\/08\\\/101_0121-150x112.jpg\",\"datePublished\":\"2003-07-20T11:00:54+00:00\",\"dateModified\":\"2020-05-08T19:25:03+00:00\",\"author\":{\"@id\":\"https:\\\/\\\/www.mundi-roth.de\\\/reiseberichte\\\/#\\\/schema\\\/person\\\/5e8081ddad478fd383ee2511fe8368bd\"},\"breadcrumb\":{\"@id\":\"https:\\\/\\\/www.mundi-roth.de\\\/reiseberichte\\\/hurtigruten-5\\\/#breadcrumb\"},\"inLanguage\":\"de\",\"potentialAction\":[{\"@type\":\"ReadAction\",\"target\":[\"https:\\\/\\\/www.mundi-roth.de\\\/reiseberichte\\\/hurtigruten-5\\\/\"]}]},{\"@type\":\"ImageObject\",\"inLanguage\":\"de\",\"@id\":\"https:\\\/\\\/www.mundi-roth.de\\\/reiseberichte\\\/hurtigruten-5\\\/#primaryimage\",\"url\":\"http:\\\/\\\/www.mundi-roth.de\\\/reiseberichte\\\/wp-content\\\/uploads\\\/2013\\\/08\\\/101_0121-150x112.jpg\",\"contentUrl\":\"http:\\\/\\\/www.mundi-roth.de\\\/reiseberichte\\\/wp-content\\\/uploads\\\/2013\\\/08\\\/101_0121-150x112.jpg\"},{\"@type\":\"BreadcrumbList\",\"@id\":\"https:\\\/\\\/www.mundi-roth.de\\\/reiseberichte\\\/hurtigruten-5\\\/#breadcrumb\",\"itemListElement\":[{\"@type\":\"ListItem\",\"position\":1,\"name\":\"Startseite\",\"item\":\"https:\\\/\\\/www.mundi-roth.de\\\/reiseberichte\\\/\"},{\"@type\":\"ListItem\",\"position\":2,\"name\":\"Hurtigruten Tag 5\"}]},{\"@type\":\"WebSite\",\"@id\":\"https:\\\/\\\/www.mundi-roth.de\\\/reiseberichte\\\/#website\",\"url\":\"https:\\\/\\\/www.mundi-roth.de\\\/reiseberichte\\\/\",\"name\":\"Reiseberichte\",\"description\":\"Berichte \u00fcber Reisen (fast) rund um die Welt\",\"potentialAction\":[{\"@type\":\"SearchAction\",\"target\":{\"@type\":\"EntryPoint\",\"urlTemplate\":\"https:\\\/\\\/www.mundi-roth.de\\\/reiseberichte\\\/?s={search_term_string}\"},\"query-input\":{\"@type\":\"PropertyValueSpecification\",\"valueRequired\":true,\"valueName\":\"search_term_string\"}}],\"inLanguage\":\"de\"},{\"@type\":\"Person\",\"@id\":\"https:\\\/\\\/www.mundi-roth.de\\\/reiseberichte\\\/#\\\/schema\\\/person\\\/5e8081ddad478fd383ee2511fe8368bd\",\"name\":\"mr\",\"image\":{\"@type\":\"ImageObject\",\"inLanguage\":\"de\",\"@id\":\"https:\\\/\\\/secure.gravatar.com\\\/avatar\\\/9a3c34f32a8cb6923297b48d58fb263210ea20a4049fc4d3ccb858ce00487957?s=96&d=mm&r=g\",\"url\":\"https:\\\/\\\/secure.gravatar.com\\\/avatar\\\/9a3c34f32a8cb6923297b48d58fb263210ea20a4049fc4d3ccb858ce00487957?s=96&d=mm&r=g\",\"contentUrl\":\"https:\\\/\\\/secure.gravatar.com\\\/avatar\\\/9a3c34f32a8cb6923297b48d58fb263210ea20a4049fc4d3ccb858ce00487957?s=96&d=mm&r=g\",\"caption\":\"mr\"},\"sameAs\":[\"http:\\\/\\\/www.mundi-roth.de\"]}]}<\/script>\n<!-- \/ Yoast SEO plugin. -->","yoast_head_json":{"title":"Hurtigruten Tag 5 - Reiseberichte","robots":{"index":"index","follow":"follow","max-snippet":"max-snippet:-1","max-image-preview":"max-image-preview:large","max-video-preview":"max-video-preview:-1"},"canonical":"https:\/\/www.mundi-roth.de\/reiseberichte\/hurtigruten-5\/","twitter_misc":{"Verfasst von":"mr","Gesch\u00e4tzte Lesezeit":"5\u00a0Minuten"},"schema":{"@context":"https:\/\/schema.org","@graph":[{"@type":"Article","@id":"https:\/\/www.mundi-roth.de\/reiseberichte\/hurtigruten-5\/#article","isPartOf":{"@id":"https:\/\/www.mundi-roth.de\/reiseberichte\/hurtigruten-5\/"},"author":{"name":"mr","@id":"https:\/\/www.mundi-roth.de\/reiseberichte\/#\/schema\/person\/5e8081ddad478fd383ee2511fe8368bd"},"headline":"Hurtigruten Tag 5","datePublished":"2003-07-20T11:00:54+00:00","dateModified":"2020-05-08T19:25:03+00:00","mainEntityOfPage":{"@id":"https:\/\/www.mundi-roth.de\/reiseberichte\/hurtigruten-5\/"},"wordCount":1064,"image":{"@id":"https:\/\/www.mundi-roth.de\/reiseberichte\/hurtigruten-5\/#primaryimage"},"thumbnailUrl":"http:\/\/www.mundi-roth.de\/reiseberichte\/wp-content\/uploads\/2013\/08\/101_0121-150x112.jpg","keywords":["Bodo","Hurtigruten","Lofoten","Polarkreis","Stamsund","Svolvaer","Trollfjord"],"articleSection":["Hurtigruten"],"inLanguage":"de"},{"@type":"WebPage","@id":"https:\/\/www.mundi-roth.de\/reiseberichte\/hurtigruten-5\/","url":"https:\/\/www.mundi-roth.de\/reiseberichte\/hurtigruten-5\/","name":"Hurtigruten Tag 5 - Reiseberichte","isPartOf":{"@id":"https:\/\/www.mundi-roth.de\/reiseberichte\/#website"},"primaryImageOfPage":{"@id":"https:\/\/www.mundi-roth.de\/reiseberichte\/hurtigruten-5\/#primaryimage"},"image":{"@id":"https:\/\/www.mundi-roth.de\/reiseberichte\/hurtigruten-5\/#primaryimage"},"thumbnailUrl":"http:\/\/www.mundi-roth.de\/reiseberichte\/wp-content\/uploads\/2013\/08\/101_0121-150x112.jpg","datePublished":"2003-07-20T11:00:54+00:00","dateModified":"2020-05-08T19:25:03+00:00","author":{"@id":"https:\/\/www.mundi-roth.de\/reiseberichte\/#\/schema\/person\/5e8081ddad478fd383ee2511fe8368bd"},"breadcrumb":{"@id":"https:\/\/www.mundi-roth.de\/reiseberichte\/hurtigruten-5\/#breadcrumb"},"inLanguage":"de","potentialAction":[{"@type":"ReadAction","target":["https:\/\/www.mundi-roth.de\/reiseberichte\/hurtigruten-5\/"]}]},{"@type":"ImageObject","inLanguage":"de","@id":"https:\/\/www.mundi-roth.de\/reiseberichte\/hurtigruten-5\/#primaryimage","url":"http:\/\/www.mundi-roth.de\/reiseberichte\/wp-content\/uploads\/2013\/08\/101_0121-150x112.jpg","contentUrl":"http:\/\/www.mundi-roth.de\/reiseberichte\/wp-content\/uploads\/2013\/08\/101_0121-150x112.jpg"},{"@type":"BreadcrumbList","@id":"https:\/\/www.mundi-roth.de\/reiseberichte\/hurtigruten-5\/#breadcrumb","itemListElement":[{"@type":"ListItem","position":1,"name":"Startseite","item":"https:\/\/www.mundi-roth.de\/reiseberichte\/"},{"@type":"ListItem","position":2,"name":"Hurtigruten Tag 5"}]},{"@type":"WebSite","@id":"https:\/\/www.mundi-roth.de\/reiseberichte\/#website","url":"https:\/\/www.mundi-roth.de\/reiseberichte\/","name":"Reiseberichte","description":"Berichte \u00fcber Reisen (fast) rund um die Welt","potentialAction":[{"@type":"SearchAction","target":{"@type":"EntryPoint","urlTemplate":"https:\/\/www.mundi-roth.de\/reiseberichte\/?s={search_term_string}"},"query-input":{"@type":"PropertyValueSpecification","valueRequired":true,"valueName":"search_term_string"}}],"inLanguage":"de"},{"@type":"Person","@id":"https:\/\/www.mundi-roth.de\/reiseberichte\/#\/schema\/person\/5e8081ddad478fd383ee2511fe8368bd","name":"mr","image":{"@type":"ImageObject","inLanguage":"de","@id":"https:\/\/secure.gravatar.com\/avatar\/9a3c34f32a8cb6923297b48d58fb263210ea20a4049fc4d3ccb858ce00487957?s=96&d=mm&r=g","url":"https:\/\/secure.gravatar.com\/avatar\/9a3c34f32a8cb6923297b48d58fb263210ea20a4049fc4d3ccb858ce00487957?s=96&d=mm&r=g","contentUrl":"https:\/\/secure.gravatar.com\/avatar\/9a3c34f32a8cb6923297b48d58fb263210ea20a4049fc4d3ccb858ce00487957?s=96&d=mm&r=g","caption":"mr"},"sameAs":["http:\/\/www.mundi-roth.de"]}]}},"_links":{"self":[{"href":"https:\/\/www.mundi-roth.de\/reiseberichte\/wp-json\/wp\/v2\/posts\/1574","targetHints":{"allow":["GET"]}}],"collection":[{"href":"https:\/\/www.mundi-roth.de\/reiseberichte\/wp-json\/wp\/v2\/posts"}],"about":[{"href":"https:\/\/www.mundi-roth.de\/reiseberichte\/wp-json\/wp\/v2\/types\/post"}],"author":[{"embeddable":true,"href":"https:\/\/www.mundi-roth.de\/reiseberichte\/wp-json\/wp\/v2\/users\/2"}],"replies":[{"embeddable":true,"href":"https:\/\/www.mundi-roth.de\/reiseberichte\/wp-json\/wp\/v2\/comments?post=1574"}],"version-history":[{"count":0,"href":"https:\/\/www.mundi-roth.de\/reiseberichte\/wp-json\/wp\/v2\/posts\/1574\/revisions"}],"wp:attachment":[{"href":"https:\/\/www.mundi-roth.de\/reiseberichte\/wp-json\/wp\/v2\/media?parent=1574"}],"wp:term":[{"taxonomy":"category","embeddable":true,"href":"https:\/\/www.mundi-roth.de\/reiseberichte\/wp-json\/wp\/v2\/categories?post=1574"},{"taxonomy":"post_tag","embeddable":true,"href":"https:\/\/www.mundi-roth.de\/reiseberichte\/wp-json\/wp\/v2\/tags?post=1574"}],"curies":[{"name":"wp","href":"https:\/\/api.w.org\/{rel}","templated":true}]}}