{"id":160,"date":"2004-06-10T13:30:17","date_gmt":"2004-06-10T12:30:17","guid":{"rendered":"http:\/\/www.mundi-roth.de\/reiseberichte\/?p=160"},"modified":"2020-05-08T20:25:01","modified_gmt":"2020-05-08T19:25:01","slug":"budapest-mit-muse-1","status":"publish","type":"post","link":"https:\/\/www.mundi-roth.de\/reiseberichte\/budapest-mit-muse-1\/","title":{"rendered":"Budapest mit Mu\u00dfe (1)"},"content":{"rendered":"<p>Vom 30. Mai bis 6. Juni  2004 mit Studiosus \u2013 Reiseleiter Alexander Matyas<\/p>\n<p>Pfingst-Sonntag, 30. Mai 2004<\/p>\n<p>F\u00fcr \u00bd 7 Uhr haben wir das Taxi bestellt. Entschieden zu fr\u00fch, obwohl die Taxifahrerin auf Umwegen zum Bahnhof Siegburg fuhr und 27 Euro verlangte.<\/p>\n<p>Um 7.12  Uhr ging unser ICE nach Frankfurt-Flughafen. In 38 Minuten waren wir da und hatten alle Zeit der Welt, da unser Flug mit der ungarischen Fluggesellschaft Malev erst um 10.30 Uhr ging. 12.10 Uhr waren wir bereits in Budapest und der Transfer klappte prima.<\/p>\n<p>Zimmer beziehen im F\u00fcnf-Sterne-Hotel Corinthia Hotel  Aquincum, Hotel mit <a href=\"http:\/\/www.mundi-roth.de\/reiseberichte\/wp-content\/uploads\/2004\/06\/148_4812.jpg\"><img loading=\"lazy\" decoding=\"async\" class=\"alignleft size-thumbnail wp-image-630\" title=\"148_4812\" src=\"http:\/\/www.mundi-roth.de\/reiseberichte\/wp-content\/uploads\/2004\/06\/148_4812-150x112.jpg\" alt=\"148_4812\" width=\"150\" height=\"112\" srcset=\"https:\/\/www.mundi-roth.de\/reiseberichte\/wp-content\/uploads\/2004\/06\/148_4812-150x112.jpg 150w, https:\/\/www.mundi-roth.de\/reiseberichte\/wp-content\/uploads\/2004\/06\/148_4812-300x225.jpg 300w, https:\/\/www.mundi-roth.de\/reiseberichte\/wp-content\/uploads\/2004\/06\/148_4812.jpg 600w\" sizes=\"auto, (max-width: 150px) 100vw, 150px\" \/><\/a>Therme \u2013 38 Grad Becken, 33 Grad Becken und mit 26 Grad das Schwimmbecken, Infrarot-Sauna, 2 Dampfsaunen und f\u00fcr die Damen eine Finnische Sauna inspizieren. Das Hotel liegt sch\u00f6n am Donauufer gegen\u00fcber der Margaretheninsel<\/p>\n<p>Um 15 Uhr war bereits ein Spaziergang f\u00fcr die 6 inzwischen Angekommenen durch den Ortsteil O-Buda, auch Alt-Buda mit unserem Reiseleiter Herrn Alexander angesagt. Vorbei an der unmittelbar am Hotel gelegenen Synagoge ging es zu dem gepflasterten F\u00f6t\u00e9r. Der <a href=\"http:\/\/www.mundi-roth.de\/reiseberichte\/wp-content\/uploads\/2004\/06\/148_4806.jpg\"><img loading=\"lazy\" decoding=\"async\" class=\"alignright size-thumbnail wp-image-633\" title=\"148_4806\" src=\"http:\/\/www.mundi-roth.de\/reiseberichte\/wp-content\/uploads\/2004\/06\/148_4806-150x112.jpg\" alt=\"148_4806\" width=\"150\" height=\"112\" srcset=\"https:\/\/www.mundi-roth.de\/reiseberichte\/wp-content\/uploads\/2004\/06\/148_4806-150x112.jpg 150w, https:\/\/www.mundi-roth.de\/reiseberichte\/wp-content\/uploads\/2004\/06\/148_4806-300x225.jpg 300w, https:\/\/www.mundi-roth.de\/reiseberichte\/wp-content\/uploads\/2004\/06\/148_4806.jpg 600w\" sizes=\"auto, (max-width: 150px) 100vw, 150px\" \/><\/a>Hauptplatz und seine n\u00e4chste Umgebung mit den sch\u00f6n restaurierten Geb\u00e4uden vermitteln noch ein wenig vom kleinst\u00e4dtischen Charakter des einstigen \u00d3budas. Etwas versteckt, in einem Innenhof, liegt das 1746-57 erbaute Barockschlo\u00df Zichy, das heutige Kulturzentrum. Hier sind die Ausstellung des  Lajos Kass\u00e1k sowie das Museum von Victor Vasar\u00e9ly, dem Begr\u00fcnder der Op-Art, untergebracht.   Den Rundgang von ca 1 \u00bd Stunden beenden Manfred und ich im Gasthof \u201eZur Postkutsche\u201c an dem idyllischen Platz mit Schlo\u00df zur Linken und im Hintergrund das Pl\u00e4tzchen mit den \u201e4 <a href=\"http:\/\/www.mundi-roth.de\/reiseberichte\/wp-content\/uploads\/2004\/06\/148_4807.jpg\"><img loading=\"lazy\" decoding=\"async\" class=\"alignleft size-thumbnail wp-image-632\" title=\"148_4807\" src=\"http:\/\/www.mundi-roth.de\/reiseberichte\/wp-content\/uploads\/2004\/06\/148_4807-150x112.jpg\" alt=\"148_4807\" width=\"150\" height=\"112\" srcset=\"https:\/\/www.mundi-roth.de\/reiseberichte\/wp-content\/uploads\/2004\/06\/148_4807-150x112.jpg 150w, https:\/\/www.mundi-roth.de\/reiseberichte\/wp-content\/uploads\/2004\/06\/148_4807-300x225.jpg 300w, https:\/\/www.mundi-roth.de\/reiseberichte\/wp-content\/uploads\/2004\/06\/148_4807.jpg 600w\" sizes=\"auto, (max-width: 150px) 100vw, 150px\" \/><\/a>Wartenden\u201ceine Bronzeskulptur von Imre Varga, dessen Werke auch hier in einer Galerie ausgestellt werden . Wir st\u00e4rken uns mit dem ersten original<a href=\"http:\/\/www.mundi-roth.de\/reiseberichte\/wp-content\/uploads\/2004\/06\/148_4811.jpg\"><img loading=\"lazy\" decoding=\"async\" class=\"alignright size-thumbnail wp-image-634\" title=\"148_4811\" src=\"http:\/\/www.mundi-roth.de\/reiseberichte\/wp-content\/uploads\/2004\/06\/148_4811-112x150.jpg\" alt=\"148_4811\" width=\"112\" height=\"150\" srcset=\"https:\/\/www.mundi-roth.de\/reiseberichte\/wp-content\/uploads\/2004\/06\/148_4811-112x150.jpg 112w, https:\/\/www.mundi-roth.de\/reiseberichte\/wp-content\/uploads\/2004\/06\/148_4811-225x300.jpg 225w, https:\/\/www.mundi-roth.de\/reiseberichte\/wp-content\/uploads\/2004\/06\/148_4811.jpg 450w\" sizes=\"auto, (max-width: 112px) 100vw, 112px\" \/><\/a> ungarischen Gulasch im Kesselchen mit einem guten Glas Ros\u00e9.<\/p>\n<p>Anschlie\u00dfend war f\u00fcr mich Therme angesagt, Manfred relaxte auf dem Zimmer und um 19.45 Uhr traf sich dann unsere komplette Reisegruppe von 13 Personen zum Empfangs-Glas-Wein mit gleichzeitiger Einf\u00fchrung in die Gestaltung der Besichtigungswoche, die von Herrn Alexander etwas anders als von Studiosus geplant, vorgesehen war.<\/p>\n<p>Anschlie\u00dfend war im Hotel Abendessen \u2013 vom B\u00fcffet \u2013 leider nicht so ganz toll. Gute Vorspeisen und Salate, leider die Hauptgerichte waren \u201evernachl\u00e4ssigungsw\u00fcrdig\u201c.<\/p>\n","protected":false},"excerpt":{"rendered":"<p>Vom 30. Mai bis 6. Juni 2004 mit Studiosus \u2013 Reiseleiter Alexander Matyas Pfingst-Sonntag, 30. Mai 2004 F\u00fcr \u00bd 7 Uhr haben wir das Taxi bestellt. Entschieden zu fr\u00fch, obwohl die Taxifahrerin auf Umwegen zum Bahnhof Siegburg fuhr und 27 Euro verlangte. Um 7.12 Uhr ging unser ICE nach Frankfurt-Flughafen. In 38 Minuten waren wir [&hellip;]<\/p>\n","protected":false},"author":2,"featured_media":0,"comment_status":"closed","ping_status":"closed","sticky":false,"template":"","format":"standard","meta":{"footnotes":""},"categories":[90],"tags":[94,92,96,93,91,95],"class_list":["post-160","post","type-post","status-publish","format-standard","hentry","category-ungarn","tag-alt-buda","tag-budapest","tag-imre-varga","tag-o-buda","tag-studiosus","tag-victor-vasarel"],"yoast_head":"<!-- This site is optimized with the Yoast SEO plugin v27.4 - https:\/\/yoast.com\/product\/yoast-seo-wordpress\/ -->\n<title>Budapest mit Mu\u00dfe (1) - Reiseberichte<\/title>\n<meta name=\"robots\" content=\"index, follow, max-snippet:-1, max-image-preview:large, max-video-preview:-1\" \/>\n<link rel=\"canonical\" href=\"https:\/\/www.mundi-roth.de\/reiseberichte\/budapest-mit-muse-1\/\" \/>\n<meta name=\"twitter:label1\" content=\"Verfasst von\" \/>\n\t<meta name=\"twitter:data1\" content=\"mr\" \/>\n\t<meta name=\"twitter:label2\" content=\"Gesch\u00e4tzte Lesezeit\" \/>\n\t<meta name=\"twitter:data2\" content=\"2\u00a0Minuten\" \/>\n<script type=\"application\/ld+json\" class=\"yoast-schema-graph\">{\"@context\":\"https:\\\/\\\/schema.org\",\"@graph\":[{\"@type\":\"Article\",\"@id\":\"https:\\\/\\\/www.mundi-roth.de\\\/reiseberichte\\\/budapest-mit-muse-1\\\/#article\",\"isPartOf\":{\"@id\":\"https:\\\/\\\/www.mundi-roth.de\\\/reiseberichte\\\/budapest-mit-muse-1\\\/\"},\"author\":{\"name\":\"mr\",\"@id\":\"https:\\\/\\\/www.mundi-roth.de\\\/reiseberichte\\\/#\\\/schema\\\/person\\\/5e8081ddad478fd383ee2511fe8368bd\"},\"headline\":\"Budapest mit Mu\u00dfe (1)\",\"datePublished\":\"2004-06-10T12:30:17+00:00\",\"dateModified\":\"2020-05-08T19:25:01+00:00\",\"mainEntityOfPage\":{\"@id\":\"https:\\\/\\\/www.mundi-roth.de\\\/reiseberichte\\\/budapest-mit-muse-1\\\/\"},\"wordCount\":354,\"image\":{\"@id\":\"https:\\\/\\\/www.mundi-roth.de\\\/reiseberichte\\\/budapest-mit-muse-1\\\/#primaryimage\"},\"thumbnailUrl\":\"http:\\\/\\\/www.mundi-roth.de\\\/reiseberichte\\\/wp-content\\\/uploads\\\/2004\\\/06\\\/148_4812-150x112.jpg\",\"keywords\":[\"Alt-Buda\",\"Budapest\",\"Imre Varga\",\"O-Buda\",\"Studiosus\",\"Victor Vasar\u00e9l\"],\"articleSection\":[\"2004 Ungarn\"],\"inLanguage\":\"de\"},{\"@type\":\"WebPage\",\"@id\":\"https:\\\/\\\/www.mundi-roth.de\\\/reiseberichte\\\/budapest-mit-muse-1\\\/\",\"url\":\"https:\\\/\\\/www.mundi-roth.de\\\/reiseberichte\\\/budapest-mit-muse-1\\\/\",\"name\":\"Budapest mit Mu\u00dfe (1) - Reiseberichte\",\"isPartOf\":{\"@id\":\"https:\\\/\\\/www.mundi-roth.de\\\/reiseberichte\\\/#website\"},\"primaryImageOfPage\":{\"@id\":\"https:\\\/\\\/www.mundi-roth.de\\\/reiseberichte\\\/budapest-mit-muse-1\\\/#primaryimage\"},\"image\":{\"@id\":\"https:\\\/\\\/www.mundi-roth.de\\\/reiseberichte\\\/budapest-mit-muse-1\\\/#primaryimage\"},\"thumbnailUrl\":\"http:\\\/\\\/www.mundi-roth.de\\\/reiseberichte\\\/wp-content\\\/uploads\\\/2004\\\/06\\\/148_4812-150x112.jpg\",\"datePublished\":\"2004-06-10T12:30:17+00:00\",\"dateModified\":\"2020-05-08T19:25:01+00:00\",\"author\":{\"@id\":\"https:\\\/\\\/www.mundi-roth.de\\\/reiseberichte\\\/#\\\/schema\\\/person\\\/5e8081ddad478fd383ee2511fe8368bd\"},\"breadcrumb\":{\"@id\":\"https:\\\/\\\/www.mundi-roth.de\\\/reiseberichte\\\/budapest-mit-muse-1\\\/#breadcrumb\"},\"inLanguage\":\"de\",\"potentialAction\":[{\"@type\":\"ReadAction\",\"target\":[\"https:\\\/\\\/www.mundi-roth.de\\\/reiseberichte\\\/budapest-mit-muse-1\\\/\"]}]},{\"@type\":\"ImageObject\",\"inLanguage\":\"de\",\"@id\":\"https:\\\/\\\/www.mundi-roth.de\\\/reiseberichte\\\/budapest-mit-muse-1\\\/#primaryimage\",\"url\":\"http:\\\/\\\/www.mundi-roth.de\\\/reiseberichte\\\/wp-content\\\/uploads\\\/2004\\\/06\\\/148_4812-150x112.jpg\",\"contentUrl\":\"http:\\\/\\\/www.mundi-roth.de\\\/reiseberichte\\\/wp-content\\\/uploads\\\/2004\\\/06\\\/148_4812-150x112.jpg\"},{\"@type\":\"BreadcrumbList\",\"@id\":\"https:\\\/\\\/www.mundi-roth.de\\\/reiseberichte\\\/budapest-mit-muse-1\\\/#breadcrumb\",\"itemListElement\":[{\"@type\":\"ListItem\",\"position\":1,\"name\":\"Startseite\",\"item\":\"https:\\\/\\\/www.mundi-roth.de\\\/reiseberichte\\\/\"},{\"@type\":\"ListItem\",\"position\":2,\"name\":\"Budapest mit Mu\u00dfe (1)\"}]},{\"@type\":\"WebSite\",\"@id\":\"https:\\\/\\\/www.mundi-roth.de\\\/reiseberichte\\\/#website\",\"url\":\"https:\\\/\\\/www.mundi-roth.de\\\/reiseberichte\\\/\",\"name\":\"Reiseberichte\",\"description\":\"Berichte \u00fcber Reisen (fast) rund um die Welt\",\"potentialAction\":[{\"@type\":\"SearchAction\",\"target\":{\"@type\":\"EntryPoint\",\"urlTemplate\":\"https:\\\/\\\/www.mundi-roth.de\\\/reiseberichte\\\/?s={search_term_string}\"},\"query-input\":{\"@type\":\"PropertyValueSpecification\",\"valueRequired\":true,\"valueName\":\"search_term_string\"}}],\"inLanguage\":\"de\"},{\"@type\":\"Person\",\"@id\":\"https:\\\/\\\/www.mundi-roth.de\\\/reiseberichte\\\/#\\\/schema\\\/person\\\/5e8081ddad478fd383ee2511fe8368bd\",\"name\":\"mr\",\"image\":{\"@type\":\"ImageObject\",\"inLanguage\":\"de\",\"@id\":\"https:\\\/\\\/secure.gravatar.com\\\/avatar\\\/9a3c34f32a8cb6923297b48d58fb263210ea20a4049fc4d3ccb858ce00487957?s=96&d=mm&r=g\",\"url\":\"https:\\\/\\\/secure.gravatar.com\\\/avatar\\\/9a3c34f32a8cb6923297b48d58fb263210ea20a4049fc4d3ccb858ce00487957?s=96&d=mm&r=g\",\"contentUrl\":\"https:\\\/\\\/secure.gravatar.com\\\/avatar\\\/9a3c34f32a8cb6923297b48d58fb263210ea20a4049fc4d3ccb858ce00487957?s=96&d=mm&r=g\",\"caption\":\"mr\"},\"sameAs\":[\"http:\\\/\\\/www.mundi-roth.de\"]}]}<\/script>\n<!-- \/ Yoast SEO plugin. -->","yoast_head_json":{"title":"Budapest mit Mu\u00dfe (1) - Reiseberichte","robots":{"index":"index","follow":"follow","max-snippet":"max-snippet:-1","max-image-preview":"max-image-preview:large","max-video-preview":"max-video-preview:-1"},"canonical":"https:\/\/www.mundi-roth.de\/reiseberichte\/budapest-mit-muse-1\/","twitter_misc":{"Verfasst von":"mr","Gesch\u00e4tzte Lesezeit":"2\u00a0Minuten"},"schema":{"@context":"https:\/\/schema.org","@graph":[{"@type":"Article","@id":"https:\/\/www.mundi-roth.de\/reiseberichte\/budapest-mit-muse-1\/#article","isPartOf":{"@id":"https:\/\/www.mundi-roth.de\/reiseberichte\/budapest-mit-muse-1\/"},"author":{"name":"mr","@id":"https:\/\/www.mundi-roth.de\/reiseberichte\/#\/schema\/person\/5e8081ddad478fd383ee2511fe8368bd"},"headline":"Budapest mit Mu\u00dfe (1)","datePublished":"2004-06-10T12:30:17+00:00","dateModified":"2020-05-08T19:25:01+00:00","mainEntityOfPage":{"@id":"https:\/\/www.mundi-roth.de\/reiseberichte\/budapest-mit-muse-1\/"},"wordCount":354,"image":{"@id":"https:\/\/www.mundi-roth.de\/reiseberichte\/budapest-mit-muse-1\/#primaryimage"},"thumbnailUrl":"http:\/\/www.mundi-roth.de\/reiseberichte\/wp-content\/uploads\/2004\/06\/148_4812-150x112.jpg","keywords":["Alt-Buda","Budapest","Imre Varga","O-Buda","Studiosus","Victor Vasar\u00e9l"],"articleSection":["2004 Ungarn"],"inLanguage":"de"},{"@type":"WebPage","@id":"https:\/\/www.mundi-roth.de\/reiseberichte\/budapest-mit-muse-1\/","url":"https:\/\/www.mundi-roth.de\/reiseberichte\/budapest-mit-muse-1\/","name":"Budapest mit Mu\u00dfe (1) - Reiseberichte","isPartOf":{"@id":"https:\/\/www.mundi-roth.de\/reiseberichte\/#website"},"primaryImageOfPage":{"@id":"https:\/\/www.mundi-roth.de\/reiseberichte\/budapest-mit-muse-1\/#primaryimage"},"image":{"@id":"https:\/\/www.mundi-roth.de\/reiseberichte\/budapest-mit-muse-1\/#primaryimage"},"thumbnailUrl":"http:\/\/www.mundi-roth.de\/reiseberichte\/wp-content\/uploads\/2004\/06\/148_4812-150x112.jpg","datePublished":"2004-06-10T12:30:17+00:00","dateModified":"2020-05-08T19:25:01+00:00","author":{"@id":"https:\/\/www.mundi-roth.de\/reiseberichte\/#\/schema\/person\/5e8081ddad478fd383ee2511fe8368bd"},"breadcrumb":{"@id":"https:\/\/www.mundi-roth.de\/reiseberichte\/budapest-mit-muse-1\/#breadcrumb"},"inLanguage":"de","potentialAction":[{"@type":"ReadAction","target":["https:\/\/www.mundi-roth.de\/reiseberichte\/budapest-mit-muse-1\/"]}]},{"@type":"ImageObject","inLanguage":"de","@id":"https:\/\/www.mundi-roth.de\/reiseberichte\/budapest-mit-muse-1\/#primaryimage","url":"http:\/\/www.mundi-roth.de\/reiseberichte\/wp-content\/uploads\/2004\/06\/148_4812-150x112.jpg","contentUrl":"http:\/\/www.mundi-roth.de\/reiseberichte\/wp-content\/uploads\/2004\/06\/148_4812-150x112.jpg"},{"@type":"BreadcrumbList","@id":"https:\/\/www.mundi-roth.de\/reiseberichte\/budapest-mit-muse-1\/#breadcrumb","itemListElement":[{"@type":"ListItem","position":1,"name":"Startseite","item":"https:\/\/www.mundi-roth.de\/reiseberichte\/"},{"@type":"ListItem","position":2,"name":"Budapest mit Mu\u00dfe (1)"}]},{"@type":"WebSite","@id":"https:\/\/www.mundi-roth.de\/reiseberichte\/#website","url":"https:\/\/www.mundi-roth.de\/reiseberichte\/","name":"Reiseberichte","description":"Berichte \u00fcber Reisen (fast) rund um die Welt","potentialAction":[{"@type":"SearchAction","target":{"@type":"EntryPoint","urlTemplate":"https:\/\/www.mundi-roth.de\/reiseberichte\/?s={search_term_string}"},"query-input":{"@type":"PropertyValueSpecification","valueRequired":true,"valueName":"search_term_string"}}],"inLanguage":"de"},{"@type":"Person","@id":"https:\/\/www.mundi-roth.de\/reiseberichte\/#\/schema\/person\/5e8081ddad478fd383ee2511fe8368bd","name":"mr","image":{"@type":"ImageObject","inLanguage":"de","@id":"https:\/\/secure.gravatar.com\/avatar\/9a3c34f32a8cb6923297b48d58fb263210ea20a4049fc4d3ccb858ce00487957?s=96&d=mm&r=g","url":"https:\/\/secure.gravatar.com\/avatar\/9a3c34f32a8cb6923297b48d58fb263210ea20a4049fc4d3ccb858ce00487957?s=96&d=mm&r=g","contentUrl":"https:\/\/secure.gravatar.com\/avatar\/9a3c34f32a8cb6923297b48d58fb263210ea20a4049fc4d3ccb858ce00487957?s=96&d=mm&r=g","caption":"mr"},"sameAs":["http:\/\/www.mundi-roth.de"]}]}},"_links":{"self":[{"href":"https:\/\/www.mundi-roth.de\/reiseberichte\/wp-json\/wp\/v2\/posts\/160","targetHints":{"allow":["GET"]}}],"collection":[{"href":"https:\/\/www.mundi-roth.de\/reiseberichte\/wp-json\/wp\/v2\/posts"}],"about":[{"href":"https:\/\/www.mundi-roth.de\/reiseberichte\/wp-json\/wp\/v2\/types\/post"}],"author":[{"embeddable":true,"href":"https:\/\/www.mundi-roth.de\/reiseberichte\/wp-json\/wp\/v2\/users\/2"}],"replies":[{"embeddable":true,"href":"https:\/\/www.mundi-roth.de\/reiseberichte\/wp-json\/wp\/v2\/comments?post=160"}],"version-history":[{"count":0,"href":"https:\/\/www.mundi-roth.de\/reiseberichte\/wp-json\/wp\/v2\/posts\/160\/revisions"}],"wp:attachment":[{"href":"https:\/\/www.mundi-roth.de\/reiseberichte\/wp-json\/wp\/v2\/media?parent=160"}],"wp:term":[{"taxonomy":"category","embeddable":true,"href":"https:\/\/www.mundi-roth.de\/reiseberichte\/wp-json\/wp\/v2\/categories?post=160"},{"taxonomy":"post_tag","embeddable":true,"href":"https:\/\/www.mundi-roth.de\/reiseberichte\/wp-json\/wp\/v2\/tags?post=160"}],"curies":[{"name":"wp","href":"https:\/\/api.w.org\/{rel}","templated":true}]}}