{"id":162,"date":"2004-06-10T13:00:31","date_gmt":"2004-06-10T12:00:31","guid":{"rendered":"http:\/\/www.mundi-roth.de\/reiseberichte\/?p=162"},"modified":"2020-05-08T20:25:01","modified_gmt":"2020-05-08T19:25:01","slug":"budapest-mit-muse-2","status":"publish","type":"post","link":"https:\/\/www.mundi-roth.de\/reiseberichte\/budapest-mit-muse-2\/","title":{"rendered":"Budapest mit Mu\u00dfe (2)"},"content":{"rendered":"<p>Pfingst-Montag, 31. Mai 2004<\/p>\n<p>Um 9 Uhr holte uns ein f\u00fcr 50 Personen geeigneter Bus vor dem Hotel ab und startete mit uns zur bis 12.30 Uhr dauernden Stadtrundfahrt  auf den beiden Donauseiten. Angek\u00fcndigt war, da\u00df wir zweimal aussteigen \u2013 im Stadtwald bzw. auf dem Gell\u00e9rtberg<\/p>\n<p>Erst war der Stadtteil Pest angesagt. Am Heldenplatz \u2013 einem Meisterwerk des ungarischen Historismus &#8211; erkl\u00e4rte uns Herr Alexander an Hand der hier aufgestellten Steinfiguren die Geschichte Ungarns.<\/p>\n<p><a href=\"http:\/\/www.mundi-roth.de\/reiseberichte\/wp-content\/uploads\/2004\/06\/148_4815.jpg\"><img loading=\"lazy\" decoding=\"async\" class=\"alignleft size-thumbnail wp-image-637\" title=\"148_4815\" src=\"http:\/\/www.mundi-roth.de\/reiseberichte\/wp-content\/uploads\/2004\/06\/148_4815-112x150.jpg\" alt=\"148_4815\" width=\"112\" height=\"150\" srcset=\"https:\/\/www.mundi-roth.de\/reiseberichte\/wp-content\/uploads\/2004\/06\/148_4815-112x150.jpg 112w, https:\/\/www.mundi-roth.de\/reiseberichte\/wp-content\/uploads\/2004\/06\/148_4815-225x300.jpg 225w, https:\/\/www.mundi-roth.de\/reiseberichte\/wp-content\/uploads\/2004\/06\/148_4815.jpg 450w\" sizes=\"auto, (max-width: 112px) 100vw, 112px\" \/><\/a>Sie ist festgehalten im Millenniumsdenkmal mit den steinernen Figuren der sieben magyarischen Stammesf\u00fcrsten und ungarischen K\u00f6nige. Auf der Achse zur Andrassy \u00fat steht auf einer 36 m hohen korinthischen S\u00e4ule der Erzengel Gabriel, der nach der Legende dem Staatsgr\u00fcnder Stephan I. im Traum erschien, um dem K\u00f6nig feierlich die Krone zu \u00fcberreichen. Die Statue bekam auf der Weltausstellung 1900 einen Grand Prix verliehen. Um ihren Sockel sind die Stammesf\u00fchrer postiert. Auf den Eckpfeilern thronen allegorische Bronzestatuen.<\/p>\n<p>Von 896, der Landnahme, gef\u00fchrt von \u00c1rpad, als sieben Magyarenst\u00e4mme<a href=\"http:\/\/www.mundi-roth.de\/reiseberichte\/wp-content\/uploads\/2004\/06\/148_4820.jpg\"><img loading=\"lazy\" decoding=\"async\" class=\"alignright size-thumbnail wp-image-636\" title=\"148_4820\" src=\"http:\/\/www.mundi-roth.de\/reiseberichte\/wp-content\/uploads\/2004\/06\/148_4820-150x112.jpg\" alt=\"148_4820\" width=\"150\" height=\"112\" srcset=\"https:\/\/www.mundi-roth.de\/reiseberichte\/wp-content\/uploads\/2004\/06\/148_4820-150x112.jpg 150w, https:\/\/www.mundi-roth.de\/reiseberichte\/wp-content\/uploads\/2004\/06\/148_4820-300x225.jpg 300w, https:\/\/www.mundi-roth.de\/reiseberichte\/wp-content\/uploads\/2004\/06\/148_4820.jpg 600w\" sizes=\"auto, (max-width: 150px) 100vw, 150px\" \/><\/a> das Karpatenbecken besetzten, bis 1867, der Geburtsstunde der Doppelmonarchie \u00d6sterreich-Ungarn reichen die Erkl\u00e4rungen.<\/p>\n<p>Anschlie\u00dfend machen wir einen kleinen Spaziergang in den unmittelbar daneben gelegenen Stadtwald, um  ein Kuriosum zu bewundern. Auf einer <a href=\"http:\/\/www.mundi-roth.de\/reiseberichte\/wp-content\/uploads\/2004\/06\/148_4823.jpg\"><img loading=\"lazy\" decoding=\"async\" class=\"alignleft size-thumbnail wp-image-638\" title=\"148_4823\" src=\"http:\/\/www.mundi-roth.de\/reiseberichte\/wp-content\/uploads\/2004\/06\/148_4823-112x150.jpg\" alt=\"148_4823\" width=\"112\" height=\"150\" srcset=\"https:\/\/www.mundi-roth.de\/reiseberichte\/wp-content\/uploads\/2004\/06\/148_4823-112x150.jpg 112w, https:\/\/www.mundi-roth.de\/reiseberichte\/wp-content\/uploads\/2004\/06\/148_4823-225x300.jpg 225w, https:\/\/www.mundi-roth.de\/reiseberichte\/wp-content\/uploads\/2004\/06\/148_4823.jpg 450w\" sizes=\"auto, (max-width: 112px) 100vw, 112px\" \/><\/a>k\u00fcnstlichen Insel erhebt sich die romantische Anlage der Burg Vajdahumyad, die 1896 als Demonstrationsobjekt traditioneller ungarischer Baustile von Ign\u00e1c Alp\u00e1r konzipiert wurde. Alle nur denkbaren Stile, von Romanik bis Barock, sind hier vereint.<\/p>\n<p>Weiter fuhren wir nun zum Stadtteil Buda und gingen die letzten 80 ? Stufen zu Fu\u00df zur Burganlage hinauf. Besichtigten die Matthiaskirche, benannt nach Matthias Corvinus. Erbaut wurde sie um 1250 als Liebfrauenkirche der deutschen B\u00fcrger Budas, im 15. Jahrhundert wurde sie zu einer dreischiffigen gotischen Hallenkirche ausgebaut. Aus dieser Zeit ist das s\u00fcdliche Marienportal erhalten. Die von den T\u00fcrken als Moschee genutzte Kirche wurde nach der christlichen R\u00fcckeroberung im Barockstil erneuert. Lediglich zwei Kr\u00f6nungszeremonien fanden in dem auch \u201eKr\u00f6nungskirche\u201c genannten Gotteshaus statt, 1867 f\u00fcr Franz Josef I und f\u00fcr seine Frau Sissy &#8211; was ganz ungew\u00f6hnlich war, da die Frauen nicht am selben Tag gekr\u00f6nt wurden und die Krone nur ihre Schulter ber\u00fchrte; nicht so bei Kaiserin Sissy. &#8211;  1916 die zweite Kr\u00f6nung f\u00fcr Karl IV.<\/p>\n<p>Ihr neogotisches \u00c4u\u00dferes erhielt die Matthiaskirche nach den historisierenden Vorstellungen von Frigyes Schulek 1874 \u2013 96. Auch das bunte Majolikadach entstand nach seinen Entw\u00fcrfen und erinnerte mich stark an den Stephansdom in Wien. Hat man sich an die im Inneren herrschende Dunkelheit gew\u00f6hnt, erkennt man die feine, nach alten Vorlagen von Bertalan Sz\u00e9kely und K\u00e1roly Lotz geschaffene Wandbemalung. Die Bilder halten Stationen der ungarischen Geschichte fest.<\/p>\n<p>Von der Basilika spazierten wir zu der unmittelbar vorgelagerten Fischerbastei, eines der h\u00e4ufigsten Postkartenmotive. Von der <a href=\"http:\/\/www.mundi-roth.de\/reiseberichte\/wp-content\/uploads\/2004\/06\/148_4828.jpg\"><img loading=\"lazy\" decoding=\"async\" class=\"alignleft size-thumbnail wp-image-639\" title=\"148_4828\" src=\"http:\/\/www.mundi-roth.de\/reiseberichte\/wp-content\/uploads\/2004\/06\/148_4828-150x112.jpg\" alt=\"148_4828\" width=\"150\" height=\"112\" srcset=\"https:\/\/www.mundi-roth.de\/reiseberichte\/wp-content\/uploads\/2004\/06\/148_4828-150x112.jpg 150w, https:\/\/www.mundi-roth.de\/reiseberichte\/wp-content\/uploads\/2004\/06\/148_4828-300x225.jpg 300w, https:\/\/www.mundi-roth.de\/reiseberichte\/wp-content\/uploads\/2004\/06\/148_4828.jpg 600w\" sizes=\"auto, (max-width: 150px) 100vw, 150px\" \/><\/a>romantischen Aussichtsterrasse mit gewaltigen Mauern und mehreren T\u00fcrmen  hatten wir einen phantastischen Blick auf den unteren Teil von Buda, auf die Zwiebelkuppel der gr\u00f6\u00dften Synagoge <a href=\"http:\/\/www.mundi-roth.de\/reiseberichte\/wp-content\/uploads\/2004\/06\/148_4824.jpg\"><img loading=\"lazy\" decoding=\"async\" class=\"alignright size-thumbnail wp-image-640\" title=\"148_4824\" src=\"http:\/\/www.mundi-roth.de\/reiseberichte\/wp-content\/uploads\/2004\/06\/148_4824-150x112.jpg\" alt=\"148_4824\" width=\"150\" height=\"112\" srcset=\"https:\/\/www.mundi-roth.de\/reiseberichte\/wp-content\/uploads\/2004\/06\/148_4824-150x112.jpg 150w, https:\/\/www.mundi-roth.de\/reiseberichte\/wp-content\/uploads\/2004\/06\/148_4824-300x225.jpg 300w, https:\/\/www.mundi-roth.de\/reiseberichte\/wp-content\/uploads\/2004\/06\/148_4824.jpg 600w\" sizes=\"auto, (max-width: 150px) 100vw, 150px\" \/><\/a>Europas, die Donau mit ihren 9 Br\u00fccken und den Stadtteil Pest. An einem ehemaligen Kloster, in dem heute mit geschmacklosem Anbau das Hotel Hilton untergebracht ist, kehrten wir im nahegelegenen Gasthof \u201eZum  Schwarzen Raben\u201c ein. Manfred a\u00df Bauernkotelett mit Bratkartoffeln und ich G\u00e4nseleberrisotto und da es sehr warm war, g\u00f6nnten wir uns nur Wasser zum Trinken.<\/p>\n<p>Frisch gest\u00e4rkt spazierten wir durch das malerische Burgviertel, warfen Blicke in h\u00fcbsche Innenh\u00f6fe, sahen den Einstieg in das unterirdische Labyrinth, kamen am imposanten Matthiasbrunnen, der von Alajos Str\u00f3bl 1904 mit einer Jagdszene gestaltet wurde, vorbei und einige wenige nahmen das Angebot von Herrn Alexander an, eine F\u00fchrung in der Ungarischen Nationalgalerie \u2013 die im Burgpalast untergebracht ist &#8211; mitzumachen. Es war sehr interessant. Das Museum umfa\u00dft die Sammlung aller Epochen bis zur Moderne &#8211; angefangen bei den  Werken der Meister aus dem 11. Jahrhundert.<\/p>\n<p>Bei dieser F\u00fclle an Werken beschr\u00e4nkte sich unser Reiseleiter auf die Schwerpunkte: ungarische Geschichtsmalerei, Realismus und Impressionismus. Wobei wohl der bekannteste Maler des sp\u00e4ten Impressionismus Ferenczy K\u00e1roly war und P\u00e1l Szinyei Merse besch\u00e4ftigte sich auf eigenwillige Weise mit der Pleinairmalerei. Sein Hauptwerk \u201eFr\u00fchst\u00fcck im Freien\u201c (1872-1873) z\u00e4hlt zu den Spitzenleistungen der europ\u00e4ischen Kunst, konnten wir ebenfalls bewundern.<\/p>\n<p>Treffpunkt war auf der Aussichtsterrasse unter dem Reiterstandbild von<a href=\"http:\/\/www.mundi-roth.de\/reiseberichte\/wp-content\/uploads\/2004\/06\/148_4831.jpg\"><img loading=\"lazy\" decoding=\"async\" class=\"alignright size-thumbnail wp-image-641\" title=\"148_4831\" src=\"http:\/\/www.mundi-roth.de\/reiseberichte\/wp-content\/uploads\/2004\/06\/148_4831-150x112.jpg\" alt=\"148_4831\" width=\"150\" height=\"112\" srcset=\"https:\/\/www.mundi-roth.de\/reiseberichte\/wp-content\/uploads\/2004\/06\/148_4831-150x112.jpg 150w, https:\/\/www.mundi-roth.de\/reiseberichte\/wp-content\/uploads\/2004\/06\/148_4831-300x225.jpg 300w, https:\/\/www.mundi-roth.de\/reiseberichte\/wp-content\/uploads\/2004\/06\/148_4831.jpg 600w\" sizes=\"auto, (max-width: 150px) 100vw, 150px\" \/><\/a> Prinz Eugen von Savoyen. Auf dem Weg zur Standseilbahn kamen wir an dem pr\u00e4chtigen barocken Prunktor vorbei. Hier , den Blick zum Flu\u00df gewandt, thront der sagenumwobene Turulvogel wie ein Torw\u00e4chter auf einer S\u00e4ule, das Schwert K\u00f6nig \u00c1rp\u00e1ds in den Klauen.<\/p>\n<p><a href=\"http:\/\/www.mundi-roth.de\/reiseberichte\/wp-content\/uploads\/2004\/06\/148_4843.jpg\"><img loading=\"lazy\" decoding=\"async\" class=\"alignleft size-thumbnail wp-image-642\" title=\"148_4843\" src=\"http:\/\/www.mundi-roth.de\/reiseberichte\/wp-content\/uploads\/2004\/06\/148_4843-150x112.jpg\" alt=\"148_4843\" width=\"150\" height=\"112\" srcset=\"https:\/\/www.mundi-roth.de\/reiseberichte\/wp-content\/uploads\/2004\/06\/148_4843-150x112.jpg 150w, https:\/\/www.mundi-roth.de\/reiseberichte\/wp-content\/uploads\/2004\/06\/148_4843-300x225.jpg 300w, https:\/\/www.mundi-roth.de\/reiseberichte\/wp-content\/uploads\/2004\/06\/148_4843.jpg 600w\" sizes=\"auto, (max-width: 150px) 100vw, 150px\" \/><\/a>In ein paar Minuten waren wir mit der Seilbahn, die 1870 er\u00f6ffnet wurde und eine Steigung von 48 % \u00fcberwindet, unten an der Donau. An dem 1975 von Mikl\u00f3s Borsos geschaffenen Kilometerstein Null, Ausgangspunkt f\u00fcr die Entfernungsmessung in ganz Ungarn, gingen wir vorbei zur Stra\u00dfenbahn, fuhren 2 Stationen und dann 4 Stationen mit der Vorortbahn zu unserem Hotel \u2013 vorbei an der doppelt\u00fcrmigen barocken Sankt Annen-Kirche (1740-62), die zu den sch\u00f6nsten Barockbauten des Landes z\u00e4hlende Kirche, an der kleinen Markthalle vorbei, daneben stehen das mit Allegorien der vier Jahreszeiten geschm\u00fcckte Haus Nr. 3 von 1795 und die Rokokofassade des einstigen Gasthofs \u201eZum Wei\u00dfen Kreuz\u201c, in dem Kaiser Joseph II. und Casanova logierten, Herr Alexander zeigte uns noch das Geburtshaus von Ign\u00e1c Semmelweis (1818), dem Entdecker des Kindbettfiebers.<\/p>\n<p>Prima war, wir bekamen am ersten Abend eine Wochenkarte f\u00fcr die Verkehrsmittel von Budapest, so da\u00df wir auch bei Alleing\u00e4ngen keine Probleme mit dem Fahrkartenl\u00f6sen hatten.<\/p>\n<p>Die Zeitplanung von Herrn Alexander war hervorragend. Um 18.15 waren wir im Hotel, Zeit f\u00fcr mich 20 Minuten im 38 Grad warmen Thermalbad zu liegen um dann frisch \u201egestylt\u201c um 19.15 zum Abendessen ins Lokal \u201eZum Anker\u201c in \u00d3buda zu spazieren.<\/p>\n<p>1 Glas Sekt, Palozensuppe (Gem\u00fcsesuppe mit etwas Fleisch) Schweinebraten mit K\u00e4se und Spargel, Kaffee und 1 Glas Wein beeinhaltete das Men\u00fc. Da Manfred und ich den ber\u00fchmten Marillenschnaps probieren wollten, bestellten wir zwei Gl\u00e4schen und mu\u00dften daf\u00fcr umgerechnet ca 8 Euro bezahlen.<\/p>\n","protected":false},"excerpt":{"rendered":"<p>Pfingst-Montag, 31. Mai 2004 Um 9 Uhr holte uns ein f\u00fcr 50 Personen geeigneter Bus vor dem Hotel ab und startete mit uns zur bis 12.30 Uhr dauernden Stadtrundfahrt auf den beiden Donauseiten. Angek\u00fcndigt war, da\u00df wir zweimal aussteigen \u2013 im Stadtwald bzw. auf dem Gell\u00e9rtberg Erst war der Stadtteil Pest angesagt. Am Heldenplatz \u2013 [&hellip;]<\/p>\n","protected":false},"author":2,"featured_media":0,"comment_status":"closed","ping_status":"closed","sticky":false,"template":"","format":"standard","meta":{"footnotes":""},"categories":[90],"tags":[92,99,98,97,101,100],"class_list":["post-162","post","type-post","status-publish","format-standard","hentry","category-ungarn","tag-budapest","tag-kaiserin-sissy","tag-matthiaskirche","tag-millenniumsdenkmal","tag-sankt-annen-kirche","tag-stadtteil-pest"],"yoast_head":"<!-- This site is optimized with the Yoast SEO plugin v27.4 - https:\/\/yoast.com\/product\/yoast-seo-wordpress\/ -->\n<title>Budapest mit Mu\u00dfe (2) - Reiseberichte<\/title>\n<meta name=\"robots\" content=\"index, follow, max-snippet:-1, max-image-preview:large, max-video-preview:-1\" \/>\n<link rel=\"canonical\" href=\"https:\/\/www.mundi-roth.de\/reiseberichte\/budapest-mit-muse-2\/\" \/>\n<meta name=\"twitter:label1\" content=\"Verfasst von\" \/>\n\t<meta name=\"twitter:data1\" content=\"mr\" \/>\n\t<meta name=\"twitter:label2\" content=\"Gesch\u00e4tzte Lesezeit\" \/>\n\t<meta name=\"twitter:data2\" content=\"5\u00a0Minuten\" \/>\n<script type=\"application\/ld+json\" class=\"yoast-schema-graph\">{\"@context\":\"https:\\\/\\\/schema.org\",\"@graph\":[{\"@type\":\"Article\",\"@id\":\"https:\\\/\\\/www.mundi-roth.de\\\/reiseberichte\\\/budapest-mit-muse-2\\\/#article\",\"isPartOf\":{\"@id\":\"https:\\\/\\\/www.mundi-roth.de\\\/reiseberichte\\\/budapest-mit-muse-2\\\/\"},\"author\":{\"name\":\"mr\",\"@id\":\"https:\\\/\\\/www.mundi-roth.de\\\/reiseberichte\\\/#\\\/schema\\\/person\\\/5e8081ddad478fd383ee2511fe8368bd\"},\"headline\":\"Budapest mit Mu\u00dfe (2)\",\"datePublished\":\"2004-06-10T12:00:31+00:00\",\"dateModified\":\"2020-05-08T19:25:01+00:00\",\"mainEntityOfPage\":{\"@id\":\"https:\\\/\\\/www.mundi-roth.de\\\/reiseberichte\\\/budapest-mit-muse-2\\\/\"},\"wordCount\":985,\"image\":{\"@id\":\"https:\\\/\\\/www.mundi-roth.de\\\/reiseberichte\\\/budapest-mit-muse-2\\\/#primaryimage\"},\"thumbnailUrl\":\"http:\\\/\\\/www.mundi-roth.de\\\/reiseberichte\\\/wp-content\\\/uploads\\\/2004\\\/06\\\/148_4815-112x150.jpg\",\"keywords\":[\"Budapest\",\"Kaiserin Sissy\",\"Matthiaskirche\",\"Millenniumsdenkmal\",\"Sankt Annen-Kirche\",\"Stadtteil Pest\"],\"articleSection\":[\"2004 Ungarn\"],\"inLanguage\":\"de\"},{\"@type\":\"WebPage\",\"@id\":\"https:\\\/\\\/www.mundi-roth.de\\\/reiseberichte\\\/budapest-mit-muse-2\\\/\",\"url\":\"https:\\\/\\\/www.mundi-roth.de\\\/reiseberichte\\\/budapest-mit-muse-2\\\/\",\"name\":\"Budapest mit Mu\u00dfe (2) - Reiseberichte\",\"isPartOf\":{\"@id\":\"https:\\\/\\\/www.mundi-roth.de\\\/reiseberichte\\\/#website\"},\"primaryImageOfPage\":{\"@id\":\"https:\\\/\\\/www.mundi-roth.de\\\/reiseberichte\\\/budapest-mit-muse-2\\\/#primaryimage\"},\"image\":{\"@id\":\"https:\\\/\\\/www.mundi-roth.de\\\/reiseberichte\\\/budapest-mit-muse-2\\\/#primaryimage\"},\"thumbnailUrl\":\"http:\\\/\\\/www.mundi-roth.de\\\/reiseberichte\\\/wp-content\\\/uploads\\\/2004\\\/06\\\/148_4815-112x150.jpg\",\"datePublished\":\"2004-06-10T12:00:31+00:00\",\"dateModified\":\"2020-05-08T19:25:01+00:00\",\"author\":{\"@id\":\"https:\\\/\\\/www.mundi-roth.de\\\/reiseberichte\\\/#\\\/schema\\\/person\\\/5e8081ddad478fd383ee2511fe8368bd\"},\"breadcrumb\":{\"@id\":\"https:\\\/\\\/www.mundi-roth.de\\\/reiseberichte\\\/budapest-mit-muse-2\\\/#breadcrumb\"},\"inLanguage\":\"de\",\"potentialAction\":[{\"@type\":\"ReadAction\",\"target\":[\"https:\\\/\\\/www.mundi-roth.de\\\/reiseberichte\\\/budapest-mit-muse-2\\\/\"]}]},{\"@type\":\"ImageObject\",\"inLanguage\":\"de\",\"@id\":\"https:\\\/\\\/www.mundi-roth.de\\\/reiseberichte\\\/budapest-mit-muse-2\\\/#primaryimage\",\"url\":\"http:\\\/\\\/www.mundi-roth.de\\\/reiseberichte\\\/wp-content\\\/uploads\\\/2004\\\/06\\\/148_4815-112x150.jpg\",\"contentUrl\":\"http:\\\/\\\/www.mundi-roth.de\\\/reiseberichte\\\/wp-content\\\/uploads\\\/2004\\\/06\\\/148_4815-112x150.jpg\"},{\"@type\":\"BreadcrumbList\",\"@id\":\"https:\\\/\\\/www.mundi-roth.de\\\/reiseberichte\\\/budapest-mit-muse-2\\\/#breadcrumb\",\"itemListElement\":[{\"@type\":\"ListItem\",\"position\":1,\"name\":\"Startseite\",\"item\":\"https:\\\/\\\/www.mundi-roth.de\\\/reiseberichte\\\/\"},{\"@type\":\"ListItem\",\"position\":2,\"name\":\"Budapest mit Mu\u00dfe (2)\"}]},{\"@type\":\"WebSite\",\"@id\":\"https:\\\/\\\/www.mundi-roth.de\\\/reiseberichte\\\/#website\",\"url\":\"https:\\\/\\\/www.mundi-roth.de\\\/reiseberichte\\\/\",\"name\":\"Reiseberichte\",\"description\":\"Berichte \u00fcber Reisen (fast) rund um die Welt\",\"potentialAction\":[{\"@type\":\"SearchAction\",\"target\":{\"@type\":\"EntryPoint\",\"urlTemplate\":\"https:\\\/\\\/www.mundi-roth.de\\\/reiseberichte\\\/?s={search_term_string}\"},\"query-input\":{\"@type\":\"PropertyValueSpecification\",\"valueRequired\":true,\"valueName\":\"search_term_string\"}}],\"inLanguage\":\"de\"},{\"@type\":\"Person\",\"@id\":\"https:\\\/\\\/www.mundi-roth.de\\\/reiseberichte\\\/#\\\/schema\\\/person\\\/5e8081ddad478fd383ee2511fe8368bd\",\"name\":\"mr\",\"image\":{\"@type\":\"ImageObject\",\"inLanguage\":\"de\",\"@id\":\"https:\\\/\\\/secure.gravatar.com\\\/avatar\\\/9a3c34f32a8cb6923297b48d58fb263210ea20a4049fc4d3ccb858ce00487957?s=96&d=mm&r=g\",\"url\":\"https:\\\/\\\/secure.gravatar.com\\\/avatar\\\/9a3c34f32a8cb6923297b48d58fb263210ea20a4049fc4d3ccb858ce00487957?s=96&d=mm&r=g\",\"contentUrl\":\"https:\\\/\\\/secure.gravatar.com\\\/avatar\\\/9a3c34f32a8cb6923297b48d58fb263210ea20a4049fc4d3ccb858ce00487957?s=96&d=mm&r=g\",\"caption\":\"mr\"},\"sameAs\":[\"http:\\\/\\\/www.mundi-roth.de\"]}]}<\/script>\n<!-- \/ Yoast SEO plugin. -->","yoast_head_json":{"title":"Budapest mit Mu\u00dfe (2) - Reiseberichte","robots":{"index":"index","follow":"follow","max-snippet":"max-snippet:-1","max-image-preview":"max-image-preview:large","max-video-preview":"max-video-preview:-1"},"canonical":"https:\/\/www.mundi-roth.de\/reiseberichte\/budapest-mit-muse-2\/","twitter_misc":{"Verfasst von":"mr","Gesch\u00e4tzte Lesezeit":"5\u00a0Minuten"},"schema":{"@context":"https:\/\/schema.org","@graph":[{"@type":"Article","@id":"https:\/\/www.mundi-roth.de\/reiseberichte\/budapest-mit-muse-2\/#article","isPartOf":{"@id":"https:\/\/www.mundi-roth.de\/reiseberichte\/budapest-mit-muse-2\/"},"author":{"name":"mr","@id":"https:\/\/www.mundi-roth.de\/reiseberichte\/#\/schema\/person\/5e8081ddad478fd383ee2511fe8368bd"},"headline":"Budapest mit Mu\u00dfe (2)","datePublished":"2004-06-10T12:00:31+00:00","dateModified":"2020-05-08T19:25:01+00:00","mainEntityOfPage":{"@id":"https:\/\/www.mundi-roth.de\/reiseberichte\/budapest-mit-muse-2\/"},"wordCount":985,"image":{"@id":"https:\/\/www.mundi-roth.de\/reiseberichte\/budapest-mit-muse-2\/#primaryimage"},"thumbnailUrl":"http:\/\/www.mundi-roth.de\/reiseberichte\/wp-content\/uploads\/2004\/06\/148_4815-112x150.jpg","keywords":["Budapest","Kaiserin Sissy","Matthiaskirche","Millenniumsdenkmal","Sankt Annen-Kirche","Stadtteil Pest"],"articleSection":["2004 Ungarn"],"inLanguage":"de"},{"@type":"WebPage","@id":"https:\/\/www.mundi-roth.de\/reiseberichte\/budapest-mit-muse-2\/","url":"https:\/\/www.mundi-roth.de\/reiseberichte\/budapest-mit-muse-2\/","name":"Budapest mit Mu\u00dfe (2) - Reiseberichte","isPartOf":{"@id":"https:\/\/www.mundi-roth.de\/reiseberichte\/#website"},"primaryImageOfPage":{"@id":"https:\/\/www.mundi-roth.de\/reiseberichte\/budapest-mit-muse-2\/#primaryimage"},"image":{"@id":"https:\/\/www.mundi-roth.de\/reiseberichte\/budapest-mit-muse-2\/#primaryimage"},"thumbnailUrl":"http:\/\/www.mundi-roth.de\/reiseberichte\/wp-content\/uploads\/2004\/06\/148_4815-112x150.jpg","datePublished":"2004-06-10T12:00:31+00:00","dateModified":"2020-05-08T19:25:01+00:00","author":{"@id":"https:\/\/www.mundi-roth.de\/reiseberichte\/#\/schema\/person\/5e8081ddad478fd383ee2511fe8368bd"},"breadcrumb":{"@id":"https:\/\/www.mundi-roth.de\/reiseberichte\/budapest-mit-muse-2\/#breadcrumb"},"inLanguage":"de","potentialAction":[{"@type":"ReadAction","target":["https:\/\/www.mundi-roth.de\/reiseberichte\/budapest-mit-muse-2\/"]}]},{"@type":"ImageObject","inLanguage":"de","@id":"https:\/\/www.mundi-roth.de\/reiseberichte\/budapest-mit-muse-2\/#primaryimage","url":"http:\/\/www.mundi-roth.de\/reiseberichte\/wp-content\/uploads\/2004\/06\/148_4815-112x150.jpg","contentUrl":"http:\/\/www.mundi-roth.de\/reiseberichte\/wp-content\/uploads\/2004\/06\/148_4815-112x150.jpg"},{"@type":"BreadcrumbList","@id":"https:\/\/www.mundi-roth.de\/reiseberichte\/budapest-mit-muse-2\/#breadcrumb","itemListElement":[{"@type":"ListItem","position":1,"name":"Startseite","item":"https:\/\/www.mundi-roth.de\/reiseberichte\/"},{"@type":"ListItem","position":2,"name":"Budapest mit Mu\u00dfe (2)"}]},{"@type":"WebSite","@id":"https:\/\/www.mundi-roth.de\/reiseberichte\/#website","url":"https:\/\/www.mundi-roth.de\/reiseberichte\/","name":"Reiseberichte","description":"Berichte \u00fcber Reisen (fast) rund um die Welt","potentialAction":[{"@type":"SearchAction","target":{"@type":"EntryPoint","urlTemplate":"https:\/\/www.mundi-roth.de\/reiseberichte\/?s={search_term_string}"},"query-input":{"@type":"PropertyValueSpecification","valueRequired":true,"valueName":"search_term_string"}}],"inLanguage":"de"},{"@type":"Person","@id":"https:\/\/www.mundi-roth.de\/reiseberichte\/#\/schema\/person\/5e8081ddad478fd383ee2511fe8368bd","name":"mr","image":{"@type":"ImageObject","inLanguage":"de","@id":"https:\/\/secure.gravatar.com\/avatar\/9a3c34f32a8cb6923297b48d58fb263210ea20a4049fc4d3ccb858ce00487957?s=96&d=mm&r=g","url":"https:\/\/secure.gravatar.com\/avatar\/9a3c34f32a8cb6923297b48d58fb263210ea20a4049fc4d3ccb858ce00487957?s=96&d=mm&r=g","contentUrl":"https:\/\/secure.gravatar.com\/avatar\/9a3c34f32a8cb6923297b48d58fb263210ea20a4049fc4d3ccb858ce00487957?s=96&d=mm&r=g","caption":"mr"},"sameAs":["http:\/\/www.mundi-roth.de"]}]}},"_links":{"self":[{"href":"https:\/\/www.mundi-roth.de\/reiseberichte\/wp-json\/wp\/v2\/posts\/162","targetHints":{"allow":["GET"]}}],"collection":[{"href":"https:\/\/www.mundi-roth.de\/reiseberichte\/wp-json\/wp\/v2\/posts"}],"about":[{"href":"https:\/\/www.mundi-roth.de\/reiseberichte\/wp-json\/wp\/v2\/types\/post"}],"author":[{"embeddable":true,"href":"https:\/\/www.mundi-roth.de\/reiseberichte\/wp-json\/wp\/v2\/users\/2"}],"replies":[{"embeddable":true,"href":"https:\/\/www.mundi-roth.de\/reiseberichte\/wp-json\/wp\/v2\/comments?post=162"}],"version-history":[{"count":0,"href":"https:\/\/www.mundi-roth.de\/reiseberichte\/wp-json\/wp\/v2\/posts\/162\/revisions"}],"wp:attachment":[{"href":"https:\/\/www.mundi-roth.de\/reiseberichte\/wp-json\/wp\/v2\/media?parent=162"}],"wp:term":[{"taxonomy":"category","embeddable":true,"href":"https:\/\/www.mundi-roth.de\/reiseberichte\/wp-json\/wp\/v2\/categories?post=162"},{"taxonomy":"post_tag","embeddable":true,"href":"https:\/\/www.mundi-roth.de\/reiseberichte\/wp-json\/wp\/v2\/tags?post=162"}],"curies":[{"name":"wp","href":"https:\/\/api.w.org\/{rel}","templated":true}]}}