{"id":1645,"date":"2016-08-27T11:21:06","date_gmt":"2016-08-27T10:21:06","guid":{"rendered":"http:\/\/www.mundi-roth.de\/reiseberichte\/?p=1645"},"modified":"2020-05-08T20:22:35","modified_gmt":"2020-05-08T19:22:35","slug":"westliches-mittelmeer-ii-august-2016","status":"publish","type":"post","link":"https:\/\/www.mundi-roth.de\/reiseberichte\/westliches-mittelmeer-ii-august-2016\/","title":{"rendered":"Westliches Mittelmeer II &#8211; August 2016"},"content":{"rendered":"<p style=\"text-align: center;\"><strong>Kreuzfahrt<\/strong><br \/>\n<strong> Westliches Mittelmeer<\/strong><br \/>\n<strong> Palma de Mallorca \u2013 Villefranche-sur-Mer\/Nizza \u2013 La Spezia \u2013 Civitavecchia \u2013 Olbia<\/strong><\/p>\n<p style=\"text-align: center;\"><a href=\"http:\/\/www.mundi-roth.de\/reiseberichte\/wp-content\/uploads\/2016\/09\/AIDAstella.jpg\"><img loading=\"lazy\" decoding=\"async\" class=\"aligncenter size-medium wp-image-1660\" src=\"http:\/\/www.mundi-roth.de\/reiseberichte\/wp-content\/uploads\/2016\/09\/AIDAstella-300x192.jpg\" alt=\"AIDAstella\" width=\"300\" height=\"192\" srcset=\"https:\/\/www.mundi-roth.de\/reiseberichte\/wp-content\/uploads\/2016\/09\/AIDAstella-300x192.jpg 300w, https:\/\/www.mundi-roth.de\/reiseberichte\/wp-content\/uploads\/2016\/09\/AIDAstella-150x96.jpg 150w, https:\/\/www.mundi-roth.de\/reiseberichte\/wp-content\/uploads\/2016\/09\/AIDAstella.jpg 659w\" sizes=\"auto, (max-width: 300px) 100vw, 300px\" \/><\/a><\/p>\n<p style=\"text-align: center;\"><strong>mit AIDAstella<\/strong><br \/>\n<strong>\u00a020. &#8211; 27. August 2016<\/strong><\/p>\n<p>\u201eHerzlich Willkommen!\u00a0Sch\u00f6n, dass Sie da sind.<br \/>\nLiebe AIDA G\u00e4ste, vor Ihnen liegt die sch\u00f6nste Zeit des Jahres, die Sie an Bord von AIDAstella ganz nach Ihren W\u00fcnschen gestalten k\u00f6nnen. Lassen sie den Alltag hinter sich, entdecken Sie unsere grenzenlose Erlebnisvielfalt und genie\u00dfen Sie das einzigartig entspannte AIDA Lebensgef\u00fchl.\u201c<\/p>\n<p>So werden wir vom Kapit\u00e4n Volker Baumgart eingestimmt.<\/p>\n<p><strong>Samstag, 20. August 2016\u00a0<\/strong>=\u00a0<strong>Abflug von K\u00f6ln-Bonn nach Palma de Mallorca<\/strong><\/p>\n<p>Wenn man von der unchristlichen Zeit, mitten in der Nacht (03:00) absieht, zu der uns das Taxi zum Flughafen bringen musste, hat alles problemlos geklappt.<br \/>\nDie riesige Schlange am Abfertigungsschalter von Germanwings l\u00f6ste sich erstaunlicherweise sehr rasch auf, da mindestens 7 Schalter ge\u00f6ffnet waren.<\/p>\n<p>Der gut zweist\u00fcndige Flug, der f\u00fcnfzehnmin\u00fctige Transfer vom Flughaven Palma de Mallorca zur Anlegestelle der AIDAstella verging mit Fotografieren, Aush\u00e4ndigung der Bordkarte, alles ruck-zuck.<\/p>\n<p>Zum Gl\u00fcck haben wir im Handgep\u00e4ck leichte Kleidung, da der Koffer erst gegen 15 Uhr auf die Kabine gebracht wird und diese dann auch erst bezugsfertig ist.<\/p>\n<p><a href=\"http:\/\/www.mundi-roth.de\/reiseberichte\/wp-content\/uploads\/2016\/09\/20160820_104516.jpg\"><img loading=\"lazy\" decoding=\"async\" class=\"aligncenter size-full wp-image-1647\" src=\"http:\/\/www.mundi-roth.de\/reiseberichte\/wp-content\/uploads\/2016\/09\/20160820_104516.jpg\" alt=\"20160820_104516\" width=\"800\" height=\"120\" srcset=\"https:\/\/www.mundi-roth.de\/reiseberichte\/wp-content\/uploads\/2016\/09\/20160820_104516.jpg 800w, https:\/\/www.mundi-roth.de\/reiseberichte\/wp-content\/uploads\/2016\/09\/20160820_104516-150x23.jpg 150w, https:\/\/www.mundi-roth.de\/reiseberichte\/wp-content\/uploads\/2016\/09\/20160820_104516-300x45.jpg 300w, https:\/\/www.mundi-roth.de\/reiseberichte\/wp-content\/uploads\/2016\/09\/20160820_104516-768x115.jpg 768w\" sizes=\"auto, (max-width: 800px) 100vw, 800px\" \/><\/a><\/p>\n<p>Also umgezogen, gefr\u00fchst\u00fcckt, auf Deck 11 zwei Liegen bezogen und gelesen, ged\u00f6st, geschaut und schon war es wieder Zeit zum Mittagessen.<\/p>\n<p>Zwar h\u00e4tte man auf eigene Faust \u2013 mit Hilfe eines Shuttlebusses \u00a0&#8211; in die Innenstadt fahren und Palma de Mallorca erkunden k\u00f6nnen, jedoch kennen wir die Stadt von einem fr\u00fcheren Aufenthalt schon und zudem hatten wir eine turbulente Woche hinter uns, so dass uns etwas Ruhe auch gut tat.<\/p>\n<p>Heute war vom Essen her alles etwas anders, so dass wir sogar den nachmittags angebotenen Kaffee und Kuchen nahmen \u2013 aber nur dieses eine Mal.<\/p>\n<p>Mit unserer Kabine und dem Bad waren wir sehr zufrieden: geschmackvoll und blitzsauber. Bademantel und F\u00f6hn \u2013 alles vorhanden.<\/p>\n\n\t\t<style type=\"text\/css\">\n\t\t\t#gallery-1 {\n\t\t\t\tmargin: auto;\n\t\t\t}\n\t\t\t#gallery-1 .gallery-item {\n\t\t\t\tfloat: left;\n\t\t\t\tmargin-top: 10px;\n\t\t\t\ttext-align: center;\n\t\t\t\twidth: 50%;\n\t\t\t}\n\t\t\t#gallery-1 img {\n\t\t\t\tborder: 2px solid #cfcfcf;\n\t\t\t}\n\t\t\t#gallery-1 .gallery-caption {\n\t\t\t\tmargin-left: 0;\n\t\t\t}\n\t\t\t\/* see gallery_shortcode() in wp-includes\/media.php *\/\n\t\t<\/style>\n\t\t<div id='gallery-1' class='gallery galleryid-1645 gallery-columns-2 gallery-size-medium'><dl class='gallery-item'>\n\t\t\t<dt class='gallery-icon landscape'>\n\t\t\t\t<a href='https:\/\/www.mundi-roth.de\/reiseberichte\/wp-content\/uploads\/2016\/09\/DSCN2785.jpg'><img loading=\"lazy\" decoding=\"async\" width=\"300\" height=\"225\" src=\"https:\/\/www.mundi-roth.de\/reiseberichte\/wp-content\/uploads\/2016\/09\/DSCN2785-300x225.jpg\" class=\"attachment-medium size-medium\" alt=\"\" srcset=\"https:\/\/www.mundi-roth.de\/reiseberichte\/wp-content\/uploads\/2016\/09\/DSCN2785-300x225.jpg 300w, https:\/\/www.mundi-roth.de\/reiseberichte\/wp-content\/uploads\/2016\/09\/DSCN2785-150x113.jpg 150w, https:\/\/www.mundi-roth.de\/reiseberichte\/wp-content\/uploads\/2016\/09\/DSCN2785-768x576.jpg 768w, https:\/\/www.mundi-roth.de\/reiseberichte\/wp-content\/uploads\/2016\/09\/DSCN2785.jpg 800w\" sizes=\"auto, (max-width: 300px) 100vw, 300px\" \/><\/a>\n\t\t\t<\/dt><\/dl><dl class='gallery-item'>\n\t\t\t<dt class='gallery-icon landscape'>\n\t\t\t\t<a href='https:\/\/www.mundi-roth.de\/reiseberichte\/wp-content\/uploads\/2016\/09\/DSCN2787.jpg'><img loading=\"lazy\" decoding=\"async\" width=\"300\" height=\"225\" src=\"https:\/\/www.mundi-roth.de\/reiseberichte\/wp-content\/uploads\/2016\/09\/DSCN2787-300x225.jpg\" class=\"attachment-medium size-medium\" alt=\"\" srcset=\"https:\/\/www.mundi-roth.de\/reiseberichte\/wp-content\/uploads\/2016\/09\/DSCN2787-300x225.jpg 300w, https:\/\/www.mundi-roth.de\/reiseberichte\/wp-content\/uploads\/2016\/09\/DSCN2787-150x113.jpg 150w, https:\/\/www.mundi-roth.de\/reiseberichte\/wp-content\/uploads\/2016\/09\/DSCN2787-768x576.jpg 768w, https:\/\/www.mundi-roth.de\/reiseberichte\/wp-content\/uploads\/2016\/09\/DSCN2787.jpg 800w\" sizes=\"auto, (max-width: 300px) 100vw, 300px\" \/><\/a>\n\t\t\t<\/dt><\/dl><br style=\"clear: both\" \/>\n\t\t<\/div>\n\n<p>&nbsp;<\/p>\n<p>Und schon wieder essen: Das Abendessen. Im Selbstbedienungsrestaurant. Es gibt davon drei: auf <a href=\"http:\/\/www.mundi-roth.de\/reiseberichte\/wp-content\/uploads\/2016\/09\/20160820_195612.jpg\"><img loading=\"lazy\" decoding=\"async\" class=\"alignleft size-medium wp-image-1648\" src=\"http:\/\/www.mundi-roth.de\/reiseberichte\/wp-content\/uploads\/2016\/09\/20160820_195612-300x203.jpg\" alt=\"20160820_195612\" width=\"300\" height=\"203\" srcset=\"https:\/\/www.mundi-roth.de\/reiseberichte\/wp-content\/uploads\/2016\/09\/20160820_195612-300x203.jpg 300w, https:\/\/www.mundi-roth.de\/reiseberichte\/wp-content\/uploads\/2016\/09\/20160820_195612-150x102.jpg 150w, https:\/\/www.mundi-roth.de\/reiseberichte\/wp-content\/uploads\/2016\/09\/20160820_195612-768x520.jpg 768w, https:\/\/www.mundi-roth.de\/reiseberichte\/wp-content\/uploads\/2016\/09\/20160820_195612.jpg 800w\" sizes=\"auto, (max-width: 300px) 100vw, 300px\" \/><\/a>Deck 9: Marktplatz, Deck 10: Bella Donna und Deck 11: East. Erstaunlicherweise kein Gedr\u00e4nge, denn Manfred ist kein Freund von Restaurants, in denen h\u00e4ufig die Schlacht am B\u00fcffet stattfindet.<br \/>\nDamit war der lange Tag aber noch nicht zu Ende:<br \/>\nUm 21.15 Uhr mussten wir uns alle auf Deck 5 bei dem entsprechend vorgegebenen Buchstaben<a href=\"http:\/\/www.mundi-roth.de\/reiseberichte\/wp-content\/uploads\/2016\/09\/20160820_211701.jpg\"><img loading=\"lazy\" decoding=\"async\" class=\"alignright size-thumbnail wp-image-1650\" src=\"http:\/\/www.mundi-roth.de\/reiseberichte\/wp-content\/uploads\/2016\/09\/20160820_211701-91x150.jpg\" alt=\"20160820_211701\" width=\"91\" height=\"150\" srcset=\"https:\/\/www.mundi-roth.de\/reiseberichte\/wp-content\/uploads\/2016\/09\/20160820_211701-91x150.jpg 91w, https:\/\/www.mundi-roth.de\/reiseberichte\/wp-content\/uploads\/2016\/09\/20160820_211701-181x300.jpg 181w, https:\/\/www.mundi-roth.de\/reiseberichte\/wp-content\/uploads\/2016\/09\/20160820_211701.jpg 362w\" sizes=\"auto, (max-width: 91px) 100vw, 91px\" \/><\/a> versammeln: pflichtgem\u00e4\u00df wird eine <a href=\"http:\/\/www.mundi-roth.de\/reiseberichte\/wp-content\/uploads\/2016\/09\/20160820_211643.jpg\"><img loading=\"lazy\" decoding=\"async\" class=\"alignright size-thumbnail wp-image-1649\" src=\"http:\/\/www.mundi-roth.de\/reiseberichte\/wp-content\/uploads\/2016\/09\/20160820_211643-85x150.jpg\" alt=\"20160820_211643\" width=\"85\" height=\"150\" srcset=\"https:\/\/www.mundi-roth.de\/reiseberichte\/wp-content\/uploads\/2016\/09\/20160820_211643-85x150.jpg 85w, https:\/\/www.mundi-roth.de\/reiseberichte\/wp-content\/uploads\/2016\/09\/20160820_211643-169x300.jpg 169w, https:\/\/www.mundi-roth.de\/reiseberichte\/wp-content\/uploads\/2016\/09\/20160820_211643.jpg 338w\" sizes=\"auto, (max-width: 85px) 100vw, 85px\" \/><\/a>Seenotrettungs\u00fcbung durchgef\u00fchrt. In den sperrigen Schwimmwesten mussten wir erscheinen. Jeder Passagier muss anwesend sein. Wir mussten die Schlampigkeit von einigen Leuten mit langer Wartezeit b\u00fc\u00dfen, bis diese endlich nach mehrfachem Aufruf endlich erschienen und dann war alles schnell zu Ende.<\/p>\n<p>Um 23.58 Uhr hie\u00df es dann endlich: Leinen los!<\/p>\n<p>&nbsp;<\/p>\n<p><strong>Sonntag, 21. August 2016 = 1. Seetag<\/strong><\/p>\n<p>Und es beginnt bald eine st\u00fcrmische Nacht und ein ebenso st\u00fcrmischer erster Seetag bei Windst\u00e4rke 8 \u2013 9, leicht bew\u00f6lkt und 23 Grad warm. Olala! Gut dass es Reisetabletten gibt.<\/p>\n<p>Ein gaaaanz ruhiger, erholsamer Tag. Manfed und ich haben uns auf unsere B\u00fccher gest\u00fcrzt und stellten fest: dieses Gewicht kann man sich zuk\u00fcnftig sparen, denn es gibt eine bestens<a href=\"http:\/\/www.mundi-roth.de\/reiseberichte\/wp-content\/uploads\/2016\/09\/20160821_164645.jpg\"><img loading=\"lazy\" decoding=\"async\" class=\"alignright size-medium wp-image-1652\" src=\"http:\/\/www.mundi-roth.de\/reiseberichte\/wp-content\/uploads\/2016\/09\/20160821_164645-300x169.jpg\" alt=\"20160821_164645\" width=\"300\" height=\"169\" srcset=\"https:\/\/www.mundi-roth.de\/reiseberichte\/wp-content\/uploads\/2016\/09\/20160821_164645-300x169.jpg 300w, https:\/\/www.mundi-roth.de\/reiseberichte\/wp-content\/uploads\/2016\/09\/20160821_164645-150x84.jpg 150w, https:\/\/www.mundi-roth.de\/reiseberichte\/wp-content\/uploads\/2016\/09\/20160821_164645-768x432.jpg 768w, https:\/\/www.mundi-roth.de\/reiseberichte\/wp-content\/uploads\/2016\/09\/20160821_164645.jpg 800w\" sizes=\"auto, (max-width: 300px) 100vw, 300px\" \/><\/a> ausgestattete Biblilothek auf Deck 10, ganz vorne im Bug mit riesigen Sesseln und bequemen Sofas und eine herrliche Ruhe! Kaum Besucher! Zudem bei Lese-Ruhepausen ungehinderte Sicht auf das Meer, man k\u00f6nnte direkt meditieren.<\/p>\n<p>Um 14 Uhr mache ich einen gef\u00fchrten Schiffsrundgang mit, um ein Gef\u00fchl f\u00fcr das Schiff zu bekommen und um zu sehen wo sich was befindet.<\/p>\n<p>Wenn man denn will, man k\u00f6nnte sich den ganz ganzen lieben Tag besch\u00e4ftigen lassen. Es werden Unmengen von Aktivit\u00e4ten angeboten: von Schnupperkursen f\u00fcr die Fitness, Tanzkursen bis zu Kunstauktionen, Bingo, 4D- Kino und und und<\/p>\n<p>Wir bekommen schon Tipps f\u00fcr Ausfl\u00fcge am n\u00e4chsten Tag: Nizza, Monte Carlo. Wir entscheiden uns f\u00fcr Antibes, den absoluten Geheimtipp. ABER: Zu wenig Interessenten, der Ausflug wird abgesagt.<\/p>\n<p>Auch ohne gef\u00fchrte, geleiteten Aktivit\u00e4ten haben wir den ersten Tag, trotz des Geschaukele durch den Sturm, gut \u00fcberstanden!<\/p>\n<p>Den Abschluss bildete f\u00fcr uns ein Abendessen im Buffalo-Steak-Restaurant: einem<a href=\"http:\/\/www.mundi-roth.de\/reiseberichte\/wp-content\/uploads\/2016\/09\/Buffalo-klein.jpg\"><img loading=\"lazy\" decoding=\"async\" class=\"alignright size-medium wp-image-1646\" src=\"http:\/\/www.mundi-roth.de\/reiseberichte\/wp-content\/uploads\/2016\/09\/Buffalo-klein-300x207.jpg\" alt=\"Buffalo-klein\" width=\"300\" height=\"207\" srcset=\"https:\/\/www.mundi-roth.de\/reiseberichte\/wp-content\/uploads\/2016\/09\/Buffalo-klein-300x207.jpg 300w, https:\/\/www.mundi-roth.de\/reiseberichte\/wp-content\/uploads\/2016\/09\/Buffalo-klein-150x103.jpg 150w, https:\/\/www.mundi-roth.de\/reiseberichte\/wp-content\/uploads\/2016\/09\/Buffalo-klein-768x529.jpg 768w, https:\/\/www.mundi-roth.de\/reiseberichte\/wp-content\/uploads\/2016\/09\/Buffalo-klein.jpg 800w\" sizes=\"auto, (max-width: 300px) 100vw, 300px\" \/><\/a> Bedienrestaurant und somit separat zu bezahlen. Wir g\u00f6nnten uns Ribey Steaks: Manfred 400 gr und ich 240 gr schwer, 1 Flasche Rotwein: Heinrich: Blaufr\u00e4nkischer und Zweigelt als \u201eNebenschauspieler\u201c , Kostenpunkt 75 Euro. Es war gut, aber nicht \u00fcberragend und wenn man bedenkt, dass das Essen in den Selbstbedienungsrestaurants auch sehr gut ist, dann muss es nicht sein. Aber: zugegeben: Wir sind von auf Holzkohle gegrillten Steaks auf Teneriffa auch sehr verw\u00f6hnt.<br \/>\nNett war es zudem, da wir am Nebentisch eine Familie mit ihren Teenager-T\u00f6chtern hatten, denen die gefalteten Servietten so gefielen. Da gab uns die Bedienung Nachhilfeunterricht und wir \u00fcberboten uns dann gegenseitig mit immer neuen Variationen im Serviettenfalten. Wir hatten Spa\u00df!<\/p>\n<p>&nbsp;<\/p>\n<p>&nbsp;<\/p>\n<p><strong>Montag, 22. August 2016 = Villefranche-sur-Mer\/Nizza<\/strong><\/p>\n<p>hei\u00df, 31 Grad<\/p>\n<p>Nach Sauna morgens um 8 Uhr \u2013 ganz alleine \u2013 und dem Fr\u00fchst\u00fcck auf der Terrasse des East-<a href=\"http:\/\/www.mundi-roth.de\/reiseberichte\/wp-content\/uploads\/2016\/09\/P1230787.jpg\"><img loading=\"lazy\" decoding=\"async\" class=\"alignright size-thumbnail wp-image-1653\" src=\"http:\/\/www.mundi-roth.de\/reiseberichte\/wp-content\/uploads\/2016\/09\/P1230787-150x113.jpg\" alt=\"P1230787\" width=\"150\" height=\"113\" srcset=\"https:\/\/www.mundi-roth.de\/reiseberichte\/wp-content\/uploads\/2016\/09\/P1230787-150x113.jpg 150w, https:\/\/www.mundi-roth.de\/reiseberichte\/wp-content\/uploads\/2016\/09\/P1230787-300x225.jpg 300w, https:\/\/www.mundi-roth.de\/reiseberichte\/wp-content\/uploads\/2016\/09\/P1230787-768x576.jpg 768w, https:\/\/www.mundi-roth.de\/reiseberichte\/wp-content\/uploads\/2016\/09\/P1230787.jpg 800w\" sizes=\"auto, (max-width: 150px) 100vw, 150px\" \/><\/a>Restaurants lasse ich mich um 9:45 Uhr von Deck 3 mit dem <a href=\"http:\/\/www.mundi-roth.de\/reiseberichte\/wp-content\/uploads\/2016\/09\/20160822_095202.jpg\"><img loading=\"lazy\" decoding=\"async\" class=\"alignleft size-medium wp-image-1661\" src=\"http:\/\/www.mundi-roth.de\/reiseberichte\/wp-content\/uploads\/2016\/09\/20160822_095202-300x146.jpg\" alt=\"20160822_095202\" width=\"300\" height=\"146\" srcset=\"https:\/\/www.mundi-roth.de\/reiseberichte\/wp-content\/uploads\/2016\/09\/20160822_095202-300x146.jpg 300w, https:\/\/www.mundi-roth.de\/reiseberichte\/wp-content\/uploads\/2016\/09\/20160822_095202-150x73.jpg 150w, https:\/\/www.mundi-roth.de\/reiseberichte\/wp-content\/uploads\/2016\/09\/20160822_095202-768x373.jpg 768w, https:\/\/www.mundi-roth.de\/reiseberichte\/wp-content\/uploads\/2016\/09\/20160822_095202.jpg 800w\" sizes=\"auto, (max-width: 300px) 100vw, 300px\" \/><\/a>Tenderboot in den 6000 Einwohner z\u00e4hlenden Ort Villefranche-sur-Mer, 6 km von Nizza und 10 km von Monte Carlo entfernt, \u00fcbersetzten. Manfred ist es zu hei\u00df.<br \/>\nDort erkundige ich mich im Tourismusb\u00fcro, wie lange man bis zum Fort Mont Alban geht, einer Befestigungsanlage aus dem 16. Jahrhundert, die man vom Schiff aus sieht: 1 Stunde, gut, das mache ich.<br \/>\nDenn in der Hafeninformation, die an der Rezeption auf dem Schiff ausliegt, lese ich, dass man von dort einen wunderbaren Blick \u00fcber die Bucht bis hin nach Nizza hat.<br \/>\n<a href=\"http:\/\/www.mundi-roth.de\/reiseberichte\/wp-content\/uploads\/2016\/09\/P1230790-1.jpg\"><img loading=\"lazy\" decoding=\"async\" class=\"alignleft size-medium wp-image-1663\" src=\"http:\/\/www.mundi-roth.de\/reiseberichte\/wp-content\/uploads\/2016\/09\/P1230790-1-300x159.jpg\" alt=\"P1230790\" width=\"300\" height=\"159\" srcset=\"https:\/\/www.mundi-roth.de\/reiseberichte\/wp-content\/uploads\/2016\/09\/P1230790-1-300x159.jpg 300w, https:\/\/www.mundi-roth.de\/reiseberichte\/wp-content\/uploads\/2016\/09\/P1230790-1-150x80.jpg 150w, https:\/\/www.mundi-roth.de\/reiseberichte\/wp-content\/uploads\/2016\/09\/P1230790-1-768x407.jpg 768w, https:\/\/www.mundi-roth.de\/reiseberichte\/wp-content\/uploads\/2016\/09\/P1230790-1.jpg 800w\" sizes=\"auto, (max-width: 300px) 100vw, 300px\" \/><\/a>Ich besichtige erst noch die imposante Zitadelle Saint Elme, die im Jahre 1557 auf Befehl von Emmanel-Philibert von Savoyen zur Verteidigung der Stadt errichtet wurde. Ab 1979 wurde sie restauriert und beherbergt seit 1981 das Rathaus, ein Kongresszentrum und vier Museen. Phantastisch &#8211; und ich bin in dieser riesigen Anlage um diese Uhrzeit noch die einzige Besucherin.<\/p>\n<p>Von hier steige ich weiter auf. Zum Gl\u00fcck frage ich in einem zweiten Infob\u00fcro in der Avenue Verdon nochmals, ob es einen Plan zum Fort gibt, hier lautet die Auskunft ebenfalls \u201eNein\u201c, daf\u00fcr aber 2 Stunden Aufstieg nur auf der Stra\u00dfe. Nein Danke, dann eben nicht.<br \/>\nSteige wieder in den Ort ab in die Altstadt. Hier besichtige ich die Kirche Sankt Michael, eine <a href=\"http:\/\/www.mundi-roth.de\/reiseberichte\/wp-content\/uploads\/2016\/09\/P1230805.jpg\"><img loading=\"lazy\" decoding=\"async\" class=\"alignright size-thumbnail wp-image-1662\" src=\"http:\/\/www.mundi-roth.de\/reiseberichte\/wp-content\/uploads\/2016\/09\/P1230805-113x150.jpg\" alt=\"P1230805\" width=\"113\" height=\"150\" srcset=\"https:\/\/www.mundi-roth.de\/reiseberichte\/wp-content\/uploads\/2016\/09\/P1230805-113x150.jpg 113w, https:\/\/www.mundi-roth.de\/reiseberichte\/wp-content\/uploads\/2016\/09\/P1230805-225x300.jpg 225w, https:\/\/www.mundi-roth.de\/reiseberichte\/wp-content\/uploads\/2016\/09\/P1230805.jpg 450w\" sizes=\"auto, (max-width: 113px) 100vw, 113px\" \/><\/a>Kirche aus dem 18. Jahrhundert im Barockstil. Von dort gehe ich zur ber\u00fchmten, 130 m langen Calle Oscuro aus dem 14. Jahrhundert hinunter. Man sucht automatisch nach einem Lichtschalter, so dunkel ist es dort drinnen, denn sie ist mit H\u00e4usern \u00fcberbaut, man wandelt wie durch einen Tunnel. Sie wurde als Verteidigungsweg f\u00fcr die Soldaten erbaut.<\/p>\n<p>Im Stadtplan sehe ich, dass man \u201eAuf den Spuren der gro\u00dfen Meister\u201c wandern kann.<\/p>\n<p>Also gehe ich nochmal zur Kirche hoch, um den \u201eMalerweg\u201c zu gehen und Gem\u00e4lde und Natur zu vergleichen.<br \/>\nLinks davon auf einem kleinen Platz steht vor dem Brunnen das Gem\u00e4lde von Armand Ingenbleek \u201eFontaine \u00e0 Villefranche\u201c.<\/p>\n\n\t\t<style type=\"text\/css\">\n\t\t\t#gallery-2 {\n\t\t\t\tmargin: auto;\n\t\t\t}\n\t\t\t#gallery-2 .gallery-item {\n\t\t\t\tfloat: left;\n\t\t\t\tmargin-top: 10px;\n\t\t\t\ttext-align: center;\n\t\t\t\twidth: 50%;\n\t\t\t}\n\t\t\t#gallery-2 img {\n\t\t\t\tborder: 2px solid #cfcfcf;\n\t\t\t}\n\t\t\t#gallery-2 .gallery-caption {\n\t\t\t\tmargin-left: 0;\n\t\t\t}\n\t\t\t\/* see gallery_shortcode() in wp-includes\/media.php *\/\n\t\t<\/style>\n\t\t<div id='gallery-2' class='gallery galleryid-1645 gallery-columns-2 gallery-size-medium'><dl class='gallery-item'>\n\t\t\t<dt class='gallery-icon landscape'>\n\t\t\t\t<a href='https:\/\/www.mundi-roth.de\/reiseberichte\/wp-content\/uploads\/2016\/09\/P1230811.jpg'><img loading=\"lazy\" decoding=\"async\" width=\"300\" height=\"225\" src=\"https:\/\/www.mundi-roth.de\/reiseberichte\/wp-content\/uploads\/2016\/09\/P1230811-300x225.jpg\" class=\"attachment-medium size-medium\" alt=\"\" srcset=\"https:\/\/www.mundi-roth.de\/reiseberichte\/wp-content\/uploads\/2016\/09\/P1230811-300x225.jpg 300w, https:\/\/www.mundi-roth.de\/reiseberichte\/wp-content\/uploads\/2016\/09\/P1230811-150x113.jpg 150w, https:\/\/www.mundi-roth.de\/reiseberichte\/wp-content\/uploads\/2016\/09\/P1230811-768x576.jpg 768w, https:\/\/www.mundi-roth.de\/reiseberichte\/wp-content\/uploads\/2016\/09\/P1230811.jpg 800w\" sizes=\"auto, (max-width: 300px) 100vw, 300px\" \/><\/a>\n\t\t\t<\/dt><\/dl><dl class='gallery-item'>\n\t\t\t<dt class='gallery-icon landscape'>\n\t\t\t\t<a href='https:\/\/www.mundi-roth.de\/reiseberichte\/wp-content\/uploads\/2016\/09\/P1230812.jpg'><img loading=\"lazy\" decoding=\"async\" width=\"300\" height=\"241\" src=\"https:\/\/www.mundi-roth.de\/reiseberichte\/wp-content\/uploads\/2016\/09\/P1230812-300x241.jpg\" class=\"attachment-medium size-medium\" alt=\"\" srcset=\"https:\/\/www.mundi-roth.de\/reiseberichte\/wp-content\/uploads\/2016\/09\/P1230812-300x241.jpg 300w, https:\/\/www.mundi-roth.de\/reiseberichte\/wp-content\/uploads\/2016\/09\/P1230812-150x120.jpg 150w, https:\/\/www.mundi-roth.de\/reiseberichte\/wp-content\/uploads\/2016\/09\/P1230812-768x616.jpg 768w, https:\/\/www.mundi-roth.de\/reiseberichte\/wp-content\/uploads\/2016\/09\/P1230812.jpg 800w\" sizes=\"auto, (max-width: 300px) 100vw, 300px\" \/><\/a>\n\t\t\t<\/dt><\/dl><br style=\"clear: both\" \/>\n\t\t<\/div>\n\n<p>Die Treppen runter das n\u00e4chste Gem\u00e4lde: Bllick auf Villefranche von Jaques Guiaud.<br \/>\nUnd schon bin ich am Hafen \u2013 ein Fischer flickt sein Netz \u2013 hier steht die B\u00fcste von Jean Cocteau und daneben die Sankt Petrus Kapelle, die ein Museum ist.<\/p>\n\n\t\t<style type=\"text\/css\">\n\t\t\t#gallery-3 {\n\t\t\t\tmargin: auto;\n\t\t\t}\n\t\t\t#gallery-3 .gallery-item {\n\t\t\t\tfloat: left;\n\t\t\t\tmargin-top: 10px;\n\t\t\t\ttext-align: center;\n\t\t\t\twidth: 50%;\n\t\t\t}\n\t\t\t#gallery-3 img {\n\t\t\t\tborder: 2px solid #cfcfcf;\n\t\t\t}\n\t\t\t#gallery-3 .gallery-caption {\n\t\t\t\tmargin-left: 0;\n\t\t\t}\n\t\t\t\/* see gallery_shortcode() in wp-includes\/media.php *\/\n\t\t<\/style>\n\t\t<div id='gallery-3' class='gallery galleryid-1645 gallery-columns-2 gallery-size-medium'><dl class='gallery-item'>\n\t\t\t<dt class='gallery-icon portrait'>\n\t\t\t\t<a href='https:\/\/www.mundi-roth.de\/reiseberichte\/wp-content\/uploads\/2016\/09\/P1230819.jpg'><img loading=\"lazy\" decoding=\"async\" width=\"159\" height=\"300\" src=\"https:\/\/www.mundi-roth.de\/reiseberichte\/wp-content\/uploads\/2016\/09\/P1230819-159x300.jpg\" class=\"attachment-medium size-medium\" alt=\"\" srcset=\"https:\/\/www.mundi-roth.de\/reiseberichte\/wp-content\/uploads\/2016\/09\/P1230819-159x300.jpg 159w, https:\/\/www.mundi-roth.de\/reiseberichte\/wp-content\/uploads\/2016\/09\/P1230819-80x150.jpg 80w, https:\/\/www.mundi-roth.de\/reiseberichte\/wp-content\/uploads\/2016\/09\/P1230819.jpg 318w\" sizes=\"auto, (max-width: 159px) 100vw, 159px\" \/><\/a>\n\t\t\t<\/dt><\/dl><dl class='gallery-item'>\n\t\t\t<dt class='gallery-icon portrait'>\n\t\t\t\t<a href='https:\/\/www.mundi-roth.de\/reiseberichte\/wp-content\/uploads\/2016\/09\/P1230817.jpg'><img loading=\"lazy\" decoding=\"async\" width=\"200\" height=\"300\" src=\"https:\/\/www.mundi-roth.de\/reiseberichte\/wp-content\/uploads\/2016\/09\/P1230817-200x300.jpg\" class=\"attachment-medium size-medium\" alt=\"\" srcset=\"https:\/\/www.mundi-roth.de\/reiseberichte\/wp-content\/uploads\/2016\/09\/P1230817-200x300.jpg 200w, https:\/\/www.mundi-roth.de\/reiseberichte\/wp-content\/uploads\/2016\/09\/P1230817-100x150.jpg 100w, https:\/\/www.mundi-roth.de\/reiseberichte\/wp-content\/uploads\/2016\/09\/P1230817.jpg 400w\" sizes=\"auto, (max-width: 200px) 100vw, 200px\" \/><\/a>\n\t\t\t<\/dt><\/dl><br style=\"clear: both\" \/>\n\t\t<\/div>\n\n<p>Diese Kapelle im romanischen Stil wurde 1957 von Cocteau dekoriert und seinen Freunden, den Fischern gewidmet. In ihr sind Ereignisse aus dem Leben des Apostels Petrus dargestellt. Ich bezahle 3 Euro und bin hier \u2013 wieder &#8211; trotz des absoluten Touristentrubels \u2013 alleine.<\/p>\n<p><a href=\"http:\/\/www.mundi-roth.de\/reiseberichte\/wp-content\/uploads\/2016\/09\/P1230822.jpg\"><img loading=\"lazy\" decoding=\"async\" class=\"aligncenter size-medium wp-image-1668\" src=\"http:\/\/www.mundi-roth.de\/reiseberichte\/wp-content\/uploads\/2016\/09\/P1230822-136x300.jpg\" alt=\"P1230822\" width=\"136\" height=\"300\" srcset=\"https:\/\/www.mundi-roth.de\/reiseberichte\/wp-content\/uploads\/2016\/09\/P1230822-136x300.jpg 136w, https:\/\/www.mundi-roth.de\/reiseberichte\/wp-content\/uploads\/2016\/09\/P1230822-68x150.jpg 68w, https:\/\/www.mundi-roth.de\/reiseberichte\/wp-content\/uploads\/2016\/09\/P1230822.jpg 227w\" sizes=\"auto, (max-width: 136px) 100vw, 136px\" \/><\/a><\/p>\n\n\t\t<style type=\"text\/css\">\n\t\t\t#gallery-4 {\n\t\t\t\tmargin: auto;\n\t\t\t}\n\t\t\t#gallery-4 .gallery-item {\n\t\t\t\tfloat: left;\n\t\t\t\tmargin-top: 10px;\n\t\t\t\ttext-align: center;\n\t\t\t\twidth: 50%;\n\t\t\t}\n\t\t\t#gallery-4 img {\n\t\t\t\tborder: 2px solid #cfcfcf;\n\t\t\t}\n\t\t\t#gallery-4 .gallery-caption {\n\t\t\t\tmargin-left: 0;\n\t\t\t}\n\t\t\t\/* see gallery_shortcode() in wp-includes\/media.php *\/\n\t\t<\/style>\n\t\t<div id='gallery-4' class='gallery galleryid-1645 gallery-columns-2 gallery-size-medium'><dl class='gallery-item'>\n\t\t\t<dt class='gallery-icon landscape'>\n\t\t\t\t<a href='https:\/\/www.mundi-roth.de\/reiseberichte\/wp-content\/uploads\/2016\/09\/20160906_114314_resized.jpg'><img loading=\"lazy\" decoding=\"async\" width=\"300\" height=\"169\" src=\"https:\/\/www.mundi-roth.de\/reiseberichte\/wp-content\/uploads\/2016\/09\/20160906_114314_resized-300x169.jpg\" class=\"attachment-medium size-medium\" alt=\"\" srcset=\"https:\/\/www.mundi-roth.de\/reiseberichte\/wp-content\/uploads\/2016\/09\/20160906_114314_resized-300x169.jpg 300w, https:\/\/www.mundi-roth.de\/reiseberichte\/wp-content\/uploads\/2016\/09\/20160906_114314_resized-150x84.jpg 150w, https:\/\/www.mundi-roth.de\/reiseberichte\/wp-content\/uploads\/2016\/09\/20160906_114314_resized-768x432.jpg 768w, https:\/\/www.mundi-roth.de\/reiseberichte\/wp-content\/uploads\/2016\/09\/20160906_114314_resized.jpg 800w\" sizes=\"auto, (max-width: 300px) 100vw, 300px\" \/><\/a>\n\t\t\t<\/dt><\/dl><dl class='gallery-item'>\n\t\t\t<dt class='gallery-icon landscape'>\n\t\t\t\t<a href='https:\/\/www.mundi-roth.de\/reiseberichte\/wp-content\/uploads\/2016\/09\/20160906_113552.jpg'><img loading=\"lazy\" decoding=\"async\" width=\"300\" height=\"206\" src=\"https:\/\/www.mundi-roth.de\/reiseberichte\/wp-content\/uploads\/2016\/09\/20160906_113552-300x206.jpg\" class=\"attachment-medium size-medium\" alt=\"\" srcset=\"https:\/\/www.mundi-roth.de\/reiseberichte\/wp-content\/uploads\/2016\/09\/20160906_113552-300x206.jpg 300w, https:\/\/www.mundi-roth.de\/reiseberichte\/wp-content\/uploads\/2016\/09\/20160906_113552-150x103.jpg 150w, https:\/\/www.mundi-roth.de\/reiseberichte\/wp-content\/uploads\/2016\/09\/20160906_113552-768x527.jpg 768w, https:\/\/www.mundi-roth.de\/reiseberichte\/wp-content\/uploads\/2016\/09\/20160906_113552.jpg 800w\" sizes=\"auto, (max-width: 300px) 100vw, 300px\" \/><\/a>\n\t\t\t<\/dt><\/dl><br style=\"clear: both\" \/>\n\t\t<\/div>\n\n<p>Um 11:30 Uhr fahre ich von dem alten Hafen aus dem 13. Jahrhundert, der Port Royal de la Darse, mit dem Tenderboot retour. Der Ausflug hat sich gelohnt, auch wenn ich nicht \u201egewandert\u201c bin.<a href=\"http:\/\/www.mundi-roth.de\/reiseberichte\/wp-content\/uploads\/2016\/09\/20160822_132236.jpg\"><img loading=\"lazy\" decoding=\"async\" class=\"alignright wp-image-1671\" src=\"http:\/\/www.mundi-roth.de\/reiseberichte\/wp-content\/uploads\/2016\/09\/20160822_132236-208x300.jpg\" alt=\"20160822_132236\" width=\"184\" height=\"265\" srcset=\"https:\/\/www.mundi-roth.de\/reiseberichte\/wp-content\/uploads\/2016\/09\/20160822_132236-208x300.jpg 208w, https:\/\/www.mundi-roth.de\/reiseberichte\/wp-content\/uploads\/2016\/09\/20160822_132236-104x150.jpg 104w, https:\/\/www.mundi-roth.de\/reiseberichte\/wp-content\/uploads\/2016\/09\/20160822_132236.jpg 381w\" sizes=\"auto, (max-width: 184px) 100vw, 184px\" \/><\/a><\/p>\n<p>Mittagessen dann im East-Restaurant, wieder Scampi in verschiedenen Variationen. Mir gef\u00e4llt es sehr gut, dass man sich u.a. auch seinen Teller selbst zusammenstellen kann und dann wird das Essen frisch zubereitet.<\/p>\n<p>Auf Deck 10 haben wir dann bis 17:30 Uhr gelesen.<\/p>\n<p>Um 18 Uhr h\u00f6ren wir uns die Ausf\u00fchrungen \u00fcber die Ausfl\u00fcge auf Sardinien an.<br \/>\nManfred enscheidet sich f\u00fcr die Jeep-Safari.<\/p>\n<p>Hei\u00df, hei\u00df war es heute!<\/p>\n<p>&nbsp;<\/p>\n<p>&nbsp;<\/p>\n<p><strong>23. August 2016 \u2013 Dienstag = La Spezia \u2013 Cinque Terre<\/strong><\/p>\n<p>29 Grad, Sonne<\/p>\n<p>Zauberhaft ist der Anblick, wenn La Spezia\u00a0nach der Einfahrt in den Golf der Poeten \u00a0in Sichtweite erscheint.<br \/>\nVon der mit rund 95.000 Einwohnern z\u00e4hlenden Stadt La Spezia, in der Region Ligurien, an der Riviera di Levante, bekomme ich diesmal nichts mit.<br \/>\nGut, dass ich 1960 schon mal hier war.<br \/>\nDamals fuhr ich mit meiner Freundin Brigitte von M\u00fcnchen aus mit dem Zug in das Gebiet der Cinque Terre. In La Spezia mussten wir umsteigen, da Lerici unser Ziel war. Wenn man sich das heute vorstellt: Wir reisten ohne Quartier gebucht zu haben an im Vertrauen, wir finden schon etwas. So war es auch. Da wir beide damals gut italienisch sprachen, kein Problem ein Zimmer bei einer Witwe direkt am Badestrand zu bekommen.<br \/>\nVon dort erkundeten wir \u201edas Paradies auf Erden\u201c, wie es der vielgereiste englische Dichter George Byron bezeichnet hat: die magischen, m\u00e4rchenhaften Cinque Terre. Er soll mehrfach von Lerici nach Portovenere geschwommen sein und so seine Inspirationen bekommen haben. Alle Achtung!<br \/>\nBrigitte und ich wurden damals von Lerici nach Portovenere in einem kleinen Fischerboot \u00fcbergesetzt.<\/p>\n<p>Schade: von zu Hause aus hatte ich schon eine Wanderung im Nationalpark Cinque Terre gebucht.<br \/>\nDiese Wanderung wurde ebenfalls gestrichen, nicht weil zu wenig Anmeldungen waren, sondern: es ist zu hei\u00df!<\/p>\n<p>Daf\u00fcr wurde ein Ausflug per Schiff in den \u201eNaturpark Cinque Terre\u201c angeboten. Wir sind 20 die den Ausflug ohne Mittagessen gebucht haben. 23 mit Mittagessen.<br \/>\nTreffen ist um 9:45 Uhr auf Deck 9.<br \/>\nGiovanni ist unser Reiseleiter &#8211; ein schlecht deutsch sprechender alter Herr \u2013 der die Gruppe ohne Mittagessen f\u00fchrt. Anna f\u00fchrt die andere Gruppe.<\/p>\n<p>Wir besteigen das Schiff und fahren bis Portovenere. Die Seealpen, Lerici gr\u00fc\u00dfen und um 10:20 Uhr kommen wir an.<br \/>\nSchon bei der Anfahrt bietet sich Portovenere von seiner sch\u00f6nsten Seite mit seinen bunten, malerischen Hausfassaden, den vielen farbigen kleinen B\u00f6tchen. Weiter oben gr\u00fc\u00dft die gestreifte gotische Kirche San Pietro, aus Carrara-Marmor erbaut.<\/p>\n\n\t\t<style type=\"text\/css\">\n\t\t\t#gallery-5 {\n\t\t\t\tmargin: auto;\n\t\t\t}\n\t\t\t#gallery-5 .gallery-item {\n\t\t\t\tfloat: left;\n\t\t\t\tmargin-top: 10px;\n\t\t\t\ttext-align: center;\n\t\t\t\twidth: 50%;\n\t\t\t}\n\t\t\t#gallery-5 img {\n\t\t\t\tborder: 2px solid #cfcfcf;\n\t\t\t}\n\t\t\t#gallery-5 .gallery-caption {\n\t\t\t\tmargin-left: 0;\n\t\t\t}\n\t\t\t\/* see gallery_shortcode() in wp-includes\/media.php *\/\n\t\t<\/style>\n\t\t<div id='gallery-5' class='gallery galleryid-1645 gallery-columns-2 gallery-size-medium'><dl class='gallery-item'>\n\t\t\t<dt class='gallery-icon landscape'>\n\t\t\t\t<a href='https:\/\/www.mundi-roth.de\/reiseberichte\/wp-content\/uploads\/2016\/09\/20160823_112732.jpg'><img loading=\"lazy\" decoding=\"async\" width=\"300\" height=\"169\" src=\"https:\/\/www.mundi-roth.de\/reiseberichte\/wp-content\/uploads\/2016\/09\/20160823_112732-300x169.jpg\" class=\"attachment-medium size-medium\" alt=\"\" srcset=\"https:\/\/www.mundi-roth.de\/reiseberichte\/wp-content\/uploads\/2016\/09\/20160823_112732-300x169.jpg 300w, https:\/\/www.mundi-roth.de\/reiseberichte\/wp-content\/uploads\/2016\/09\/20160823_112732-150x84.jpg 150w, https:\/\/www.mundi-roth.de\/reiseberichte\/wp-content\/uploads\/2016\/09\/20160823_112732-768x432.jpg 768w, https:\/\/www.mundi-roth.de\/reiseberichte\/wp-content\/uploads\/2016\/09\/20160823_112732.jpg 800w\" sizes=\"auto, (max-width: 300px) 100vw, 300px\" \/><\/a>\n\t\t\t<\/dt><\/dl><dl class='gallery-item'>\n\t\t\t<dt class='gallery-icon landscape'>\n\t\t\t\t<a href='https:\/\/www.mundi-roth.de\/reiseberichte\/wp-content\/uploads\/2016\/09\/P1230901.jpg'><img loading=\"lazy\" decoding=\"async\" width=\"300\" height=\"195\" src=\"https:\/\/www.mundi-roth.de\/reiseberichte\/wp-content\/uploads\/2016\/09\/P1230901-300x195.jpg\" class=\"attachment-medium size-medium\" alt=\"\" srcset=\"https:\/\/www.mundi-roth.de\/reiseberichte\/wp-content\/uploads\/2016\/09\/P1230901-300x195.jpg 300w, https:\/\/www.mundi-roth.de\/reiseberichte\/wp-content\/uploads\/2016\/09\/P1230901-150x98.jpg 150w, https:\/\/www.mundi-roth.de\/reiseberichte\/wp-content\/uploads\/2016\/09\/P1230901-768x500.jpg 768w, https:\/\/www.mundi-roth.de\/reiseberichte\/wp-content\/uploads\/2016\/09\/P1230901.jpg 800w\" sizes=\"auto, (max-width: 300px) 100vw, 300px\" \/><\/a>\n\t\t\t<\/dt><\/dl><br style=\"clear: both\" \/>\n\t\t<\/div>\n\n<p>Wir werden vom Hafen ins historische Zentrum des \u00d6rtchens r\u00f6mischen Ursprungs, vorbei am Stadttor, das 1113 errichtet wurde und dem Turm aus dem Jahre 1161 geleitet, biegen in die engen Gassen mit Unmengen von Gesch\u00e4ften in den antiken H\u00e4usern ein. <a href=\"http:\/\/www.mundi-roth.de\/reiseberichte\/wp-content\/uploads\/2016\/09\/P1230859.jpg\"><img loading=\"lazy\" decoding=\"async\" class=\"alignright size-thumbnail wp-image-1674\" src=\"http:\/\/www.mundi-roth.de\/reiseberichte\/wp-content\/uploads\/2016\/09\/P1230859-113x150.jpg\" alt=\"P1230859\" width=\"113\" height=\"150\" srcset=\"https:\/\/www.mundi-roth.de\/reiseberichte\/wp-content\/uploads\/2016\/09\/P1230859-113x150.jpg 113w, https:\/\/www.mundi-roth.de\/reiseberichte\/wp-content\/uploads\/2016\/09\/P1230859-225x300.jpg 225w, https:\/\/www.mundi-roth.de\/reiseberichte\/wp-content\/uploads\/2016\/09\/P1230859.jpg 450w\" sizes=\"auto, (max-width: 113px) 100vw, 113px\" \/><\/a><br \/>\nHier bestaunen wir die steilst in den H\u00e4usern hochf\u00fchrenden Treppen, am\u00fcsieren uns \u00fcber die Idee eines Pizzab\u00e4ckers: Vorh\u00e4nge aus Nudeln.<\/p>\n<p><a href=\"http:\/\/www.mundi-roth.de\/reiseberichte\/wp-content\/uploads\/2016\/09\/P1230865.jpg\"><img loading=\"lazy\" decoding=\"async\" class=\"alignleft size-medium wp-image-1675\" src=\"http:\/\/www.mundi-roth.de\/reiseberichte\/wp-content\/uploads\/2016\/09\/P1230865-300x165.jpg\" alt=\"P1230865\" width=\"300\" height=\"165\" srcset=\"https:\/\/www.mundi-roth.de\/reiseberichte\/wp-content\/uploads\/2016\/09\/P1230865-300x165.jpg 300w, https:\/\/www.mundi-roth.de\/reiseberichte\/wp-content\/uploads\/2016\/09\/P1230865-150x83.jpg 150w, https:\/\/www.mundi-roth.de\/reiseberichte\/wp-content\/uploads\/2016\/09\/P1230865-768x422.jpg 768w, https:\/\/www.mundi-roth.de\/reiseberichte\/wp-content\/uploads\/2016\/09\/P1230865.jpg 800w\" sizes=\"auto, (max-width: 300px) 100vw, 300px\" \/><\/a>Schnell sind wir auf einem Platz und blicken zur vielleicht sch\u00f6nstgelegenen Kirche Liguriens auf: San Pietro. Giovanni f\u00fchrt aus: ein gotischer Bau, der im 13. Jahrhundert mit einer fr\u00fchchristlichen Kirche verbunden wurde.<br \/>\nHier beendet er auch seine F\u00fchrung und wir haben Freigang.<br \/>\nIch steige zur Kirche auf, genie\u00dfe die Aussicht auch auf die Isola Palm\u00e1ria und wandle auf den schon damals gegangenen Wegen, vorbei an der Grotta Byron weiter hoch zur m\u00e4chtigen Burganlage aus dem 16.\/17. Jahrhundert.<br \/>\n<br style=\"clear: both;\" \/><a href=\"http:\/\/www.mundi-roth.de\/reiseberichte\/wp-content\/uploads\/2016\/09\/P1230891.jpg\"><img loading=\"lazy\" decoding=\"async\" class=\"aligncenter size-medium wp-image-1676\" src=\"http:\/\/www.mundi-roth.de\/reiseberichte\/wp-content\/uploads\/2016\/09\/P1230891-300x243.jpg\" alt=\"P1230891\" width=\"300\" height=\"243\" srcset=\"https:\/\/www.mundi-roth.de\/reiseberichte\/wp-content\/uploads\/2016\/09\/P1230891-300x243.jpg 300w, https:\/\/www.mundi-roth.de\/reiseberichte\/wp-content\/uploads\/2016\/09\/P1230891-150x122.jpg 150w, https:\/\/www.mundi-roth.de\/reiseberichte\/wp-content\/uploads\/2016\/09\/P1230891-768x623.jpg 768w, https:\/\/www.mundi-roth.de\/reiseberichte\/wp-content\/uploads\/2016\/09\/P1230891.jpg 800w\" sizes=\"auto, (max-width: 300px) 100vw, 300px\" \/><\/a><\/p>\n<p>Auf dem R\u00fcckweg zum Hafen noch ein Blick in die romanische Kirche San Lorenzo im Ortszentrum, die 1130 erbaut wurde. \u00dcber Treppen,Treppchen, verwinkelte G\u00e4sschen hangle ich mich bis zum Schiff zur\u00fcck.<br \/>\n11:30 Uhr geht es weiter.<\/p>\n\n\t\t<style type=\"text\/css\">\n\t\t\t#gallery-6 {\n\t\t\t\tmargin: auto;\n\t\t\t}\n\t\t\t#gallery-6 .gallery-item {\n\t\t\t\tfloat: left;\n\t\t\t\tmargin-top: 10px;\n\t\t\t\ttext-align: center;\n\t\t\t\twidth: 50%;\n\t\t\t}\n\t\t\t#gallery-6 img {\n\t\t\t\tborder: 2px solid #cfcfcf;\n\t\t\t}\n\t\t\t#gallery-6 .gallery-caption {\n\t\t\t\tmargin-left: 0;\n\t\t\t}\n\t\t\t\/* see gallery_shortcode() in wp-includes\/media.php *\/\n\t\t<\/style>\n\t\t<div id='gallery-6' class='gallery galleryid-1645 gallery-columns-2 gallery-size-medium'><dl class='gallery-item'>\n\t\t\t<dt class='gallery-icon landscape'>\n\t\t\t\t<a href='https:\/\/www.mundi-roth.de\/reiseberichte\/wp-content\/uploads\/2016\/09\/P1230904.jpg'><img loading=\"lazy\" decoding=\"async\" width=\"300\" height=\"225\" src=\"https:\/\/www.mundi-roth.de\/reiseberichte\/wp-content\/uploads\/2016\/09\/P1230904-300x225.jpg\" class=\"attachment-medium size-medium\" alt=\"\" srcset=\"https:\/\/www.mundi-roth.de\/reiseberichte\/wp-content\/uploads\/2016\/09\/P1230904-300x225.jpg 300w, https:\/\/www.mundi-roth.de\/reiseberichte\/wp-content\/uploads\/2016\/09\/P1230904-150x113.jpg 150w, https:\/\/www.mundi-roth.de\/reiseberichte\/wp-content\/uploads\/2016\/09\/P1230904-768x576.jpg 768w, https:\/\/www.mundi-roth.de\/reiseberichte\/wp-content\/uploads\/2016\/09\/P1230904.jpg 800w\" sizes=\"auto, (max-width: 300px) 100vw, 300px\" \/><\/a>\n\t\t\t<\/dt><\/dl><dl class='gallery-item'>\n\t\t\t<dt class='gallery-icon landscape'>\n\t\t\t\t<a href='https:\/\/www.mundi-roth.de\/reiseberichte\/wp-content\/uploads\/2016\/09\/P1230894-1.jpg'><img loading=\"lazy\" decoding=\"async\" width=\"300\" height=\"260\" src=\"https:\/\/www.mundi-roth.de\/reiseberichte\/wp-content\/uploads\/2016\/09\/P1230894-1-300x260.jpg\" class=\"attachment-medium size-medium\" alt=\"\" srcset=\"https:\/\/www.mundi-roth.de\/reiseberichte\/wp-content\/uploads\/2016\/09\/P1230894-1-300x260.jpg 300w, https:\/\/www.mundi-roth.de\/reiseberichte\/wp-content\/uploads\/2016\/09\/P1230894-1-150x130.jpg 150w, https:\/\/www.mundi-roth.de\/reiseberichte\/wp-content\/uploads\/2016\/09\/P1230894-1-768x664.jpg 768w, https:\/\/www.mundi-roth.de\/reiseberichte\/wp-content\/uploads\/2016\/09\/P1230894-1.jpg 800w\" sizes=\"auto, (max-width: 300px) 100vw, 300px\" \/><\/a>\n\t\t\t<\/dt><\/dl><br style=\"clear: both\" \/>\n\t\t<\/div>\n\n<p align=\"left\">Sch\u00f6n war&#8217;s! Aber auch traurig in der Erinnerung, denn meine Freundin ist schon viele Jahre tot.<a href=\"http:\/\/www.mundi-roth.de\/reiseberichte\/wp-content\/uploads\/2016\/09\/P1230910.jpg\"><img loading=\"lazy\" decoding=\"async\" class=\"alignright size-medium wp-image-1681\" src=\"http:\/\/www.mundi-roth.de\/reiseberichte\/wp-content\/uploads\/2016\/09\/P1230910-300x152.jpg\" alt=\"P1230910\" width=\"300\" height=\"152\" srcset=\"https:\/\/www.mundi-roth.de\/reiseberichte\/wp-content\/uploads\/2016\/09\/P1230910-300x152.jpg 300w, https:\/\/www.mundi-roth.de\/reiseberichte\/wp-content\/uploads\/2016\/09\/P1230910-150x76.jpg 150w, https:\/\/www.mundi-roth.de\/reiseberichte\/wp-content\/uploads\/2016\/09\/P1230910-768x390.jpg 768w, https:\/\/www.mundi-roth.de\/reiseberichte\/wp-content\/uploads\/2016\/09\/P1230910.jpg 800w\" sizes=\"auto, (max-width: 300px) 100vw, 300px\" \/><\/a><\/p>\n<p>Noch ein Blick hoch zur Kirche und dem Castell.<br \/>\nWir lassen die Insel Palm\u00e1ria links liegen und fahren nun an den den Hauptorten der f\u00fcnf namengebenden \u201eL\u00e4nder\u201c der Cinque Terre vorbei: Riomaggiore, Manarola, Corniglia, Vernazza und Monterosso.<br \/>\nDie Orte lagen fr\u00fcher auf halber Hangh\u00f6he, sie sind erst im 11.\/12. Jahrhundert ans Meer \u201ehinuntergerutscht\u201c nachdem die Rivierak\u00fcste einigerma\u00dfen sicher vor Sarazenen und Piraten gemacht wurde.<br \/>\n<a href=\"http:\/\/www.mundi-roth.de\/reiseberichte\/wp-content\/uploads\/2016\/09\/P1230908.jpg\"><img loading=\"lazy\" decoding=\"async\" class=\"aligncenter size-medium wp-image-1682\" src=\"http:\/\/www.mundi-roth.de\/reiseberichte\/wp-content\/uploads\/2016\/09\/P1230908-300x110.jpg\" alt=\"P1230908\" width=\"300\" height=\"110\" srcset=\"https:\/\/www.mundi-roth.de\/reiseberichte\/wp-content\/uploads\/2016\/09\/P1230908-300x110.jpg 300w, https:\/\/www.mundi-roth.de\/reiseberichte\/wp-content\/uploads\/2016\/09\/P1230908-150x55.jpg 150w, https:\/\/www.mundi-roth.de\/reiseberichte\/wp-content\/uploads\/2016\/09\/P1230908-768x280.jpg 768w, https:\/\/www.mundi-roth.de\/reiseberichte\/wp-content\/uploads\/2016\/09\/P1230908.jpg 800w\" sizes=\"auto, (max-width: 300px) 100vw, 300px\" \/><\/a>In diesem Gebiet sollte eigentlich die von mir gebuchte Wanderung entlang gehen.<\/p>\n<p>12:40 Uhr erreichen wir Monterosso al Mare, den Hauptort der Cinque Terre.<br \/>\nNur eine kurze Passage, dann sind wir schon mitten im Trubel. Giovanni zeigt uns auf dem Weg zur nahegelegenen Kirche einige Restaurants, in denen man gut essen kann und schon erkl\u00e4rt: Es gibt zwei Hauptstra\u00dfen jeweils 350 m lang. Die Pfarrkirche St. Johannes der T\u00e4ufer aus dem 13.\/14. Jh. ist noch gotisch und ebenfalls aus Carrara-Marmor errichtet.<\/p>\n\n\t\t<style type=\"text\/css\">\n\t\t\t#gallery-7 {\n\t\t\t\tmargin: auto;\n\t\t\t}\n\t\t\t#gallery-7 .gallery-item {\n\t\t\t\tfloat: left;\n\t\t\t\tmargin-top: 10px;\n\t\t\t\ttext-align: center;\n\t\t\t\twidth: 50%;\n\t\t\t}\n\t\t\t#gallery-7 img {\n\t\t\t\tborder: 2px solid #cfcfcf;\n\t\t\t}\n\t\t\t#gallery-7 .gallery-caption {\n\t\t\t\tmargin-left: 0;\n\t\t\t}\n\t\t\t\/* see gallery_shortcode() in wp-includes\/media.php *\/\n\t\t<\/style>\n\t\t<div id='gallery-7' class='gallery galleryid-1645 gallery-columns-2 gallery-size-medium'><dl class='gallery-item'>\n\t\t\t<dt class='gallery-icon portrait'>\n\t\t\t\t<a href='https:\/\/www.mundi-roth.de\/reiseberichte\/wp-content\/uploads\/2016\/09\/P1230940.jpg'><img loading=\"lazy\" decoding=\"async\" width=\"225\" height=\"300\" src=\"https:\/\/www.mundi-roth.de\/reiseberichte\/wp-content\/uploads\/2016\/09\/P1230940-225x300.jpg\" class=\"attachment-medium size-medium\" alt=\"\" srcset=\"https:\/\/www.mundi-roth.de\/reiseberichte\/wp-content\/uploads\/2016\/09\/P1230940-225x300.jpg 225w, https:\/\/www.mundi-roth.de\/reiseberichte\/wp-content\/uploads\/2016\/09\/P1230940-113x150.jpg 113w, https:\/\/www.mundi-roth.de\/reiseberichte\/wp-content\/uploads\/2016\/09\/P1230940.jpg 525w\" sizes=\"auto, (max-width: 225px) 100vw, 225px\" \/><\/a>\n\t\t\t<\/dt><\/dl><dl class='gallery-item'>\n\t\t\t<dt class='gallery-icon landscape'>\n\t\t\t\t<a href='https:\/\/www.mundi-roth.de\/reiseberichte\/wp-content\/uploads\/2016\/09\/P1230949.jpg'><img loading=\"lazy\" decoding=\"async\" width=\"300\" height=\"225\" src=\"https:\/\/www.mundi-roth.de\/reiseberichte\/wp-content\/uploads\/2016\/09\/P1230949-300x225.jpg\" class=\"attachment-medium size-medium\" alt=\"\" srcset=\"https:\/\/www.mundi-roth.de\/reiseberichte\/wp-content\/uploads\/2016\/09\/P1230949-300x225.jpg 300w, https:\/\/www.mundi-roth.de\/reiseberichte\/wp-content\/uploads\/2016\/09\/P1230949-150x113.jpg 150w, https:\/\/www.mundi-roth.de\/reiseberichte\/wp-content\/uploads\/2016\/09\/P1230949-768x576.jpg 768w, https:\/\/www.mundi-roth.de\/reiseberichte\/wp-content\/uploads\/2016\/09\/P1230949.jpg 933w\" sizes=\"auto, (max-width: 300px) 100vw, 300px\" \/><\/a>\n\t\t\t<\/dt><\/dl><br style=\"clear: both\" \/>\n\t\t<\/div>\n\n<p>Ca. 10 Minuten dauerte die F\u00fchrung und dann stand uns wieder Zeit zur freien Verf\u00fcgung.<br \/>\nSeitlich der Kirche befindet sich die Kirche der Confraternit\u00e0 dei Neri (Schwarzen M\u00e4nner) \u201eMortis-et-Orationis\u201c einer Bruderschaft, eine \u201eTotengedenkkirche\u201c, die zum Teil schon sehr gut renoviert ist und f\u00fcr einen Teil muss man einen Helm aufsetzen.<\/p>\n\n\t\t<style type=\"text\/css\">\n\t\t\t#gallery-8 {\n\t\t\t\tmargin: auto;\n\t\t\t}\n\t\t\t#gallery-8 .gallery-item {\n\t\t\t\tfloat: left;\n\t\t\t\tmargin-top: 10px;\n\t\t\t\ttext-align: center;\n\t\t\t\twidth: 50%;\n\t\t\t}\n\t\t\t#gallery-8 img {\n\t\t\t\tborder: 2px solid #cfcfcf;\n\t\t\t}\n\t\t\t#gallery-8 .gallery-caption {\n\t\t\t\tmargin-left: 0;\n\t\t\t}\n\t\t\t\/* see gallery_shortcode() in wp-includes\/media.php *\/\n\t\t<\/style>\n\t\t<div id='gallery-8' class='gallery galleryid-1645 gallery-columns-2 gallery-size-medium'><dl class='gallery-item'>\n\t\t\t<dt class='gallery-icon portrait'>\n\t\t\t\t<a href='https:\/\/www.mundi-roth.de\/reiseberichte\/wp-content\/uploads\/2016\/09\/P1230941.jpg'><img loading=\"lazy\" decoding=\"async\" width=\"253\" height=\"300\" src=\"https:\/\/www.mundi-roth.de\/reiseberichte\/wp-content\/uploads\/2016\/09\/P1230941-253x300.jpg\" class=\"attachment-medium size-medium\" alt=\"\" srcset=\"https:\/\/www.mundi-roth.de\/reiseberichte\/wp-content\/uploads\/2016\/09\/P1230941-253x300.jpg 253w, https:\/\/www.mundi-roth.de\/reiseberichte\/wp-content\/uploads\/2016\/09\/P1230941-127x150.jpg 127w, https:\/\/www.mundi-roth.de\/reiseberichte\/wp-content\/uploads\/2016\/09\/P1230941.jpg 506w\" sizes=\"auto, (max-width: 253px) 100vw, 253px\" \/><\/a>\n\t\t\t<\/dt><\/dl><dl class='gallery-item'>\n\t\t\t<dt class='gallery-icon portrait'>\n\t\t\t\t<a href='https:\/\/www.mundi-roth.de\/reiseberichte\/wp-content\/uploads\/2016\/09\/P1230943.jpg'><img loading=\"lazy\" decoding=\"async\" width=\"225\" height=\"300\" src=\"https:\/\/www.mundi-roth.de\/reiseberichte\/wp-content\/uploads\/2016\/09\/P1230943-225x300.jpg\" class=\"attachment-medium size-medium\" alt=\"\" srcset=\"https:\/\/www.mundi-roth.de\/reiseberichte\/wp-content\/uploads\/2016\/09\/P1230943-225x300.jpg 225w, https:\/\/www.mundi-roth.de\/reiseberichte\/wp-content\/uploads\/2016\/09\/P1230943-113x150.jpg 113w, https:\/\/www.mundi-roth.de\/reiseberichte\/wp-content\/uploads\/2016\/09\/P1230943.jpg 450w\" sizes=\"auto, (max-width: 225px) 100vw, 225px\" \/><\/a>\n\t\t\t<\/dt><\/dl><br style=\"clear: both\" \/>\n\t\t<\/div>\n\n<p>Schnell habe ich den Ort durchlaufen, zum Teil umrundet, am Rathaus vorbei und nun habe ich Hunger.<br \/>\nVor den Restaurants stehen Schlangen, die Restaurants sind voll. Da ist mir die Zeit zu schade, ich will ja noch noch zum Kloster hoch.<\/p>\n<p>Das Gl\u00fcck ist mit mir. Ich will mir in einer Enoteca, in der ich Geb\u00e4ck sehe, etwas f\u00fcr \u201eauf die Hand\u201c holen und sehe im Gesch\u00e4ft im Hintergrund die \u201eCantina del Pescatore\u201c und was sehe ich? 6 kleine rot-wei\u00df-kariert eingedeckte Tischchen, davon nur 1 besetzt, da bleibe ich dann doch. Bestelle eine Foccaccia, zubereitet nach eigenen W\u00fcnschen, 1 Glas Rotwein, 1 Espresso und bezahle im k\u00fchlen, gepflegten, frei von Touristen, gef\u00fchrten, \u00a0kleinen Lokal 9,80 Euro. Gl\u00fcck muss der Mensch haben.<\/p>\n<p>Befl\u00fcgelt steige ich nun aufw\u00e4rts. Lege einen Zwischenstopp bei der riesigen Bronzefigur, dem Monument des Heiligen Franz von Assisi mit Sicht auf den neueren Teil Monterosso ein<\/p>\n<p><a href=\"http:\/\/www.mundi-roth.de\/reiseberichte\/wp-content\/uploads\/2016\/09\/P1230970.jpg\"><img loading=\"lazy\" decoding=\"async\" class=\"aligncenter size-medium wp-image-1687\" src=\"http:\/\/www.mundi-roth.de\/reiseberichte\/wp-content\/uploads\/2016\/09\/P1230970-300x225.jpg\" alt=\"P1230970\" width=\"300\" height=\"225\" srcset=\"https:\/\/www.mundi-roth.de\/reiseberichte\/wp-content\/uploads\/2016\/09\/P1230970-300x225.jpg 300w, https:\/\/www.mundi-roth.de\/reiseberichte\/wp-content\/uploads\/2016\/09\/P1230970-150x113.jpg 150w, https:\/\/www.mundi-roth.de\/reiseberichte\/wp-content\/uploads\/2016\/09\/P1230970-768x576.jpg 768w, https:\/\/www.mundi-roth.de\/reiseberichte\/wp-content\/uploads\/2016\/09\/P1230970.jpg 800w\" sizes=\"auto, (max-width: 300px) 100vw, 300px\" \/><\/a><br \/>\nund immer heiter weiter hinauf zur 1619 errichteten Abtei de Cappucini.<\/p>\n\n\t\t<style type=\"text\/css\">\n\t\t\t#gallery-9 {\n\t\t\t\tmargin: auto;\n\t\t\t}\n\t\t\t#gallery-9 .gallery-item {\n\t\t\t\tfloat: left;\n\t\t\t\tmargin-top: 10px;\n\t\t\t\ttext-align: center;\n\t\t\t\twidth: 50%;\n\t\t\t}\n\t\t\t#gallery-9 img {\n\t\t\t\tborder: 2px solid #cfcfcf;\n\t\t\t}\n\t\t\t#gallery-9 .gallery-caption {\n\t\t\t\tmargin-left: 0;\n\t\t\t}\n\t\t\t\/* see gallery_shortcode() in wp-includes\/media.php *\/\n\t\t<\/style>\n\t\t<div id='gallery-9' class='gallery galleryid-1645 gallery-columns-2 gallery-size-medium'><dl class='gallery-item'>\n\t\t\t<dt class='gallery-icon portrait'>\n\t\t\t\t<a href='https:\/\/www.mundi-roth.de\/reiseberichte\/wp-content\/uploads\/2016\/09\/P1230976.jpg'><img loading=\"lazy\" decoding=\"async\" width=\"225\" height=\"300\" src=\"https:\/\/www.mundi-roth.de\/reiseberichte\/wp-content\/uploads\/2016\/09\/P1230976-225x300.jpg\" class=\"attachment-medium size-medium\" alt=\"\" srcset=\"https:\/\/www.mundi-roth.de\/reiseberichte\/wp-content\/uploads\/2016\/09\/P1230976-225x300.jpg 225w, https:\/\/www.mundi-roth.de\/reiseberichte\/wp-content\/uploads\/2016\/09\/P1230976-113x150.jpg 113w, https:\/\/www.mundi-roth.de\/reiseberichte\/wp-content\/uploads\/2016\/09\/P1230976.jpg 450w\" sizes=\"auto, (max-width: 225px) 100vw, 225px\" \/><\/a>\n\t\t\t<\/dt><\/dl><dl class='gallery-item'>\n\t\t\t<dt class='gallery-icon landscape'>\n\t\t\t\t<a href='https:\/\/www.mundi-roth.de\/reiseberichte\/wp-content\/uploads\/2016\/09\/P1230973.jpg'><img loading=\"lazy\" decoding=\"async\" width=\"300\" height=\"225\" src=\"https:\/\/www.mundi-roth.de\/reiseberichte\/wp-content\/uploads\/2016\/09\/P1230973-300x225.jpg\" class=\"attachment-medium size-medium\" alt=\"\" srcset=\"https:\/\/www.mundi-roth.de\/reiseberichte\/wp-content\/uploads\/2016\/09\/P1230973-300x225.jpg 300w, https:\/\/www.mundi-roth.de\/reiseberichte\/wp-content\/uploads\/2016\/09\/P1230973-150x113.jpg 150w, https:\/\/www.mundi-roth.de\/reiseberichte\/wp-content\/uploads\/2016\/09\/P1230973-768x576.jpg 768w, https:\/\/www.mundi-roth.de\/reiseberichte\/wp-content\/uploads\/2016\/09\/P1230973.jpg 800w\" sizes=\"auto, (max-width: 300px) 100vw, 300px\" \/><\/a>\n\t\t\t<\/dt><\/dl><br style=\"clear: both\" \/>\n\t\t<\/div>\n\n<p>Es ginge noch h\u00f6her, aber die Zeit ruft, darf \u00a0ja das Schiff um 13:20 Uhr nicht verpassen.<\/p>\n<p>\n\t\t<style type=\"text\/css\">\n\t\t\t#gallery-10 {\n\t\t\t\tmargin: auto;\n\t\t\t}\n\t\t\t#gallery-10 .gallery-item {\n\t\t\t\tfloat: left;\n\t\t\t\tmargin-top: 10px;\n\t\t\t\ttext-align: center;\n\t\t\t\twidth: 50%;\n\t\t\t}\n\t\t\t#gallery-10 img {\n\t\t\t\tborder: 2px solid #cfcfcf;\n\t\t\t}\n\t\t\t#gallery-10 .gallery-caption {\n\t\t\t\tmargin-left: 0;\n\t\t\t}\n\t\t\t\/* see gallery_shortcode() in wp-includes\/media.php *\/\n\t\t<\/style>\n\t\t<div id='gallery-10' class='gallery galleryid-1645 gallery-columns-2 gallery-size-medium'><dl class='gallery-item'>\n\t\t\t<dt class='gallery-icon landscape'>\n\t\t\t\t<a href='https:\/\/www.mundi-roth.de\/reiseberichte\/wp-content\/uploads\/2016\/09\/P1230958.jpg'><img loading=\"lazy\" decoding=\"async\" width=\"300\" height=\"170\" src=\"https:\/\/www.mundi-roth.de\/reiseberichte\/wp-content\/uploads\/2016\/09\/P1230958-300x170.jpg\" class=\"attachment-medium size-medium\" alt=\"\" srcset=\"https:\/\/www.mundi-roth.de\/reiseberichte\/wp-content\/uploads\/2016\/09\/P1230958-300x170.jpg 300w, https:\/\/www.mundi-roth.de\/reiseberichte\/wp-content\/uploads\/2016\/09\/P1230958-150x85.jpg 150w, https:\/\/www.mundi-roth.de\/reiseberichte\/wp-content\/uploads\/2016\/09\/P1230958-768x434.jpg 768w, https:\/\/www.mundi-roth.de\/reiseberichte\/wp-content\/uploads\/2016\/09\/P1230958.jpg 800w\" sizes=\"auto, (max-width: 300px) 100vw, 300px\" \/><\/a>\n\t\t\t<\/dt><\/dl><dl class='gallery-item'>\n\t\t\t<dt class='gallery-icon portrait'>\n\t\t\t\t<a href='https:\/\/www.mundi-roth.de\/reiseberichte\/wp-content\/uploads\/2016\/09\/P1230969.jpg'><img loading=\"lazy\" decoding=\"async\" width=\"225\" height=\"300\" src=\"https:\/\/www.mundi-roth.de\/reiseberichte\/wp-content\/uploads\/2016\/09\/P1230969-225x300.jpg\" class=\"attachment-medium size-medium\" alt=\"\" srcset=\"https:\/\/www.mundi-roth.de\/reiseberichte\/wp-content\/uploads\/2016\/09\/P1230969-225x300.jpg 225w, https:\/\/www.mundi-roth.de\/reiseberichte\/wp-content\/uploads\/2016\/09\/P1230969-113x150.jpg 113w, https:\/\/www.mundi-roth.de\/reiseberichte\/wp-content\/uploads\/2016\/09\/P1230969.jpg 339w\" sizes=\"auto, (max-width: 225px) 100vw, 225px\" \/><\/a>\n\t\t\t<\/dt><\/dl><br style=\"clear: both\" \/>\n\t\t<\/div>\n<br \/>\nKurze R\u00fcckfahrt nach Vernazza, schon 20 Minuten sp\u00e4ter sind wir da.<br \/>\n<a href=\"http:\/\/www.mundi-roth.de\/reiseberichte\/wp-content\/uploads\/2016\/09\/P1230984.jpg\"><img loading=\"lazy\" decoding=\"async\" class=\"aligncenter size-medium wp-image-1692\" src=\"http:\/\/www.mundi-roth.de\/reiseberichte\/wp-content\/uploads\/2016\/09\/P1230984-300x175.jpg\" alt=\"P1230984\" width=\"300\" height=\"175\" srcset=\"https:\/\/www.mundi-roth.de\/reiseberichte\/wp-content\/uploads\/2016\/09\/P1230984-300x175.jpg 300w, https:\/\/www.mundi-roth.de\/reiseberichte\/wp-content\/uploads\/2016\/09\/P1230984-150x88.jpg 150w, https:\/\/www.mundi-roth.de\/reiseberichte\/wp-content\/uploads\/2016\/09\/P1230984-768x448.jpg 768w, https:\/\/www.mundi-roth.de\/reiseberichte\/wp-content\/uploads\/2016\/09\/P1230984.jpg 800w\" sizes=\"auto, (max-width: 300px) 100vw, 300px\" \/><\/a><br \/>\nDas kleine, 848 Einwohner z\u00e4hlende h\u00fcbsche Fischer\u00f6rtchen ist \u00fcberschwemmt von Touristen. St\u00e4ndig werden die Besucher aus den Schiffen \u201eausgekippt\u201c. So voll, das macht keinen Spass. Lange Schlangen vor den Eisdielen, Stufen, Restaurants, B\u00e4nke alles mit futternden Touristen besetzt. BRRR.<\/p>\n<p>Giovanni f\u00fchrt uns wieder bis zu einer Kirche: Kirche Santa Margherita d&#8217;Antiochia, die in der<a href=\"http:\/\/www.mundi-roth.de\/reiseberichte\/wp-content\/uploads\/2016\/09\/P1230991.jpg\"><img loading=\"lazy\" decoding=\"async\" class=\"alignright size-thumbnail wp-image-1693\" src=\"http:\/\/www.mundi-roth.de\/reiseberichte\/wp-content\/uploads\/2016\/09\/P1230991-113x150.jpg\" alt=\"P1230991\" width=\"113\" height=\"150\" srcset=\"https:\/\/www.mundi-roth.de\/reiseberichte\/wp-content\/uploads\/2016\/09\/P1230991-113x150.jpg 113w, https:\/\/www.mundi-roth.de\/reiseberichte\/wp-content\/uploads\/2016\/09\/P1230991-225x300.jpg 225w, https:\/\/www.mundi-roth.de\/reiseberichte\/wp-content\/uploads\/2016\/09\/P1230991.jpg 450w\" sizes=\"auto, (max-width: 113px) 100vw, 113px\" \/><\/a> ersten H\u00e4lfte des 13. Jahrhunderts, vormals romanisch-gotisch auf einem Felsen gegen\u00fcber dem Meer erbaut wurde. Sie hat einen beeindruckenden 40 m hohen Glockenturm mit einer \u201egespitzten Kuppel\u201c. Die Kirche wurde im 16. und 17. Jahrhundert erweitert. Sie wurde zu Ehren von St. Margret errichtet, da man am Strand eine h\u00f6lzerne Kiste mit den Knochen der Finger der Heiligen fand.<\/p>\n<p>Auch hier ist die kurze F\u00fchrung an der Kirche zu Ende.<\/p>\n<p>Freigang bis 15:35. \u00dcbervoll mit Touristen ist der Ort. Am Bahnhof gehe ich entlang, gehe unter einem Felsen\u00fcberhang durch und befinde mich an einem kleinen, gut besuchten Bandestrand.<\/p>\n\n\t\t<style type=\"text\/css\">\n\t\t\t#gallery-11 {\n\t\t\t\tmargin: auto;\n\t\t\t}\n\t\t\t#gallery-11 .gallery-item {\n\t\t\t\tfloat: left;\n\t\t\t\tmargin-top: 10px;\n\t\t\t\ttext-align: center;\n\t\t\t\twidth: 50%;\n\t\t\t}\n\t\t\t#gallery-11 img {\n\t\t\t\tborder: 2px solid #cfcfcf;\n\t\t\t}\n\t\t\t#gallery-11 .gallery-caption {\n\t\t\t\tmargin-left: 0;\n\t\t\t}\n\t\t\t\/* see gallery_shortcode() in wp-includes\/media.php *\/\n\t\t<\/style>\n\t\t<div id='gallery-11' class='gallery galleryid-1645 gallery-columns-2 gallery-size-medium'><dl class='gallery-item'>\n\t\t\t<dt class='gallery-icon landscape'>\n\t\t\t\t<a href='https:\/\/www.mundi-roth.de\/reiseberichte\/wp-content\/uploads\/2016\/09\/P1230997.jpg'><img loading=\"lazy\" decoding=\"async\" width=\"300\" height=\"225\" src=\"https:\/\/www.mundi-roth.de\/reiseberichte\/wp-content\/uploads\/2016\/09\/P1230997-300x225.jpg\" class=\"attachment-medium size-medium\" alt=\"\" srcset=\"https:\/\/www.mundi-roth.de\/reiseberichte\/wp-content\/uploads\/2016\/09\/P1230997-300x225.jpg 300w, https:\/\/www.mundi-roth.de\/reiseberichte\/wp-content\/uploads\/2016\/09\/P1230997-150x113.jpg 150w, https:\/\/www.mundi-roth.de\/reiseberichte\/wp-content\/uploads\/2016\/09\/P1230997-768x576.jpg 768w, https:\/\/www.mundi-roth.de\/reiseberichte\/wp-content\/uploads\/2016\/09\/P1230997.jpg 800w\" sizes=\"auto, (max-width: 300px) 100vw, 300px\" \/><\/a>\n\t\t\t<\/dt><\/dl><dl class='gallery-item'>\n\t\t\t<dt class='gallery-icon landscape'>\n\t\t\t\t<a href='https:\/\/www.mundi-roth.de\/reiseberichte\/wp-content\/uploads\/2016\/09\/P1230998.jpg'><img loading=\"lazy\" decoding=\"async\" width=\"300\" height=\"225\" src=\"https:\/\/www.mundi-roth.de\/reiseberichte\/wp-content\/uploads\/2016\/09\/P1230998-300x225.jpg\" class=\"attachment-medium size-medium\" alt=\"\" srcset=\"https:\/\/www.mundi-roth.de\/reiseberichte\/wp-content\/uploads\/2016\/09\/P1230998-300x225.jpg 300w, https:\/\/www.mundi-roth.de\/reiseberichte\/wp-content\/uploads\/2016\/09\/P1230998-150x113.jpg 150w, https:\/\/www.mundi-roth.de\/reiseberichte\/wp-content\/uploads\/2016\/09\/P1230998-768x576.jpg 768w, https:\/\/www.mundi-roth.de\/reiseberichte\/wp-content\/uploads\/2016\/09\/P1230998.jpg 800w\" sizes=\"auto, (max-width: 300px) 100vw, 300px\" \/><\/a>\n\t\t\t<\/dt><\/dl><br style=\"clear: both\" \/>\n\t\t<\/div>\n\n<p>Weiter geht\u2019s: Ich will zum zum Castello Doria aus dem 11. Jahrhundert hoch, das auf einem m\u00e4chtigen Felsen thront. \u00dcber ein enges, steiles G\u00e4\u00dfchen geht es hinauf. Passiere ein Kassenh\u00e4uschen und nachdem ich 1,50 Euro bezahlt habe, geht es bis zum Castello hoch. Es geht noch h\u00f6her: ich besteige den Turm. Von hier hat man einen wunderbarer Ausblick aus der Vogelperspektive auf das h\u00fcbsche \u00d6rtchen Vernazza.<\/p>\n\n\t\t<style type=\"text\/css\">\n\t\t\t#gallery-12 {\n\t\t\t\tmargin: auto;\n\t\t\t}\n\t\t\t#gallery-12 .gallery-item {\n\t\t\t\tfloat: left;\n\t\t\t\tmargin-top: 10px;\n\t\t\t\ttext-align: center;\n\t\t\t\twidth: 50%;\n\t\t\t}\n\t\t\t#gallery-12 img {\n\t\t\t\tborder: 2px solid #cfcfcf;\n\t\t\t}\n\t\t\t#gallery-12 .gallery-caption {\n\t\t\t\tmargin-left: 0;\n\t\t\t}\n\t\t\t\/* see gallery_shortcode() in wp-includes\/media.php *\/\n\t\t<\/style>\n\t\t<div id='gallery-12' class='gallery galleryid-1645 gallery-columns-2 gallery-size-medium'><dl class='gallery-item'>\n\t\t\t<dt class='gallery-icon portrait'>\n\t\t\t\t<a href='https:\/\/www.mundi-roth.de\/reiseberichte\/wp-content\/uploads\/2016\/09\/P1240006.jpg'><img loading=\"lazy\" decoding=\"async\" width=\"225\" height=\"300\" src=\"https:\/\/www.mundi-roth.de\/reiseberichte\/wp-content\/uploads\/2016\/09\/P1240006-225x300.jpg\" class=\"attachment-medium size-medium\" alt=\"\" srcset=\"https:\/\/www.mundi-roth.de\/reiseberichte\/wp-content\/uploads\/2016\/09\/P1240006-225x300.jpg 225w, https:\/\/www.mundi-roth.de\/reiseberichte\/wp-content\/uploads\/2016\/09\/P1240006-113x150.jpg 113w, https:\/\/www.mundi-roth.de\/reiseberichte\/wp-content\/uploads\/2016\/09\/P1240006.jpg 450w\" sizes=\"auto, (max-width: 225px) 100vw, 225px\" \/><\/a>\n\t\t\t<\/dt><\/dl><dl class='gallery-item'>\n\t\t\t<dt class='gallery-icon landscape'>\n\t\t\t\t<a href='https:\/\/www.mundi-roth.de\/reiseberichte\/wp-content\/uploads\/2016\/09\/P1240010.jpg'><img loading=\"lazy\" decoding=\"async\" width=\"300\" height=\"225\" src=\"https:\/\/www.mundi-roth.de\/reiseberichte\/wp-content\/uploads\/2016\/09\/P1240010-300x225.jpg\" class=\"attachment-medium size-medium\" alt=\"\" srcset=\"https:\/\/www.mundi-roth.de\/reiseberichte\/wp-content\/uploads\/2016\/09\/P1240010-300x225.jpg 300w, https:\/\/www.mundi-roth.de\/reiseberichte\/wp-content\/uploads\/2016\/09\/P1240010-150x113.jpg 150w, https:\/\/www.mundi-roth.de\/reiseberichte\/wp-content\/uploads\/2016\/09\/P1240010-768x576.jpg 768w, https:\/\/www.mundi-roth.de\/reiseberichte\/wp-content\/uploads\/2016\/09\/P1240010.jpg 800w\" sizes=\"auto, (max-width: 300px) 100vw, 300px\" \/><\/a>\n\t\t\t<\/dt><\/dl><br style=\"clear: both\" \/>\n\t\t<\/div>\n\n<p>Der Ausflug hat sich gelohnt.<\/p>\n<p>Aufw\u00e4rts- abw\u00e4rtsgehende Besucher quetschen sich aneinander vorbei und p\u00fcnklich bin ich zur R\u00fcckfahrt wieder am Hafen. Dauert erst noch, m\u00fcssen erst noch von 2 Schiffen die Besucher an Land gehen.<\/p>\n<p>Glatte R\u00fcckfahrt, und um 17 Uhr sind wir wieder an der AIDA und werde freudig von meinem lieben Mann begr\u00fc\u00dft, der sich den Tag lesenderweise auf dem Schiff vertrieben hat.<\/p>\n<p>&nbsp;<\/p>\n<p><strong>24. August 2016 \u2013 Mittwoch = Civitavecchia<\/strong><\/p>\n<p>31 Grad, wolkenlos wie alle Tage<\/p>\n<p>Um 8 Uhr bin ich wieder alleine in der gro\u00dfen Saunalandschaft.<br \/>\nNach dem Fr\u00fchst\u00fcck fahre ich um 10 Uhr mit dem Shuttle Bus nach Civitavecchia bis 12 Uhr. Manfred bleibt auf dem Schiff es ist ihm wieder zu hei\u00df.<\/p>\n<p>Urspr\u00fcnglich habe ich eine Fahrt gebucht, die in die Fantasiewelt von Niki de Saint Phalle (1930-2002, franz\u00f6sisch-amerikanische K\u00fcnstlerin) im Garten des Tarot, einem Kunst-Park, der bei Garavicchio in der Gemeinde Capalbio etwa 60 km s\u00fcdlich von Grosseto in der Toskana liegt, f\u00fchren sollte.<br \/>\nDiese fiel jdoch wieder wegen zu geringerTeilnehmerzahl aus.<br \/>\nHabe wohl kein Gl\u00fcck mit den gebuchten Besichtigungstouren.<\/p>\n<p>Daher laufe ich kreuz und quer alleine als Alternative Civitavecchio ab, die alte Stadt, die am Tyrrhenischen Meer liegt. Sie ist ungef\u00e4hr 70 km von Rom entfernt.<br \/>\nEine Rombesichtigung haben Manfred und ich vor 4 Jahren bei einer Kreuzfahrt mit \u201eMein Schiff 1\u201c von Malta aus gebucht und sie wurde auch durchgef\u00fchrt.<\/p>\n<p>Zudem haben wir Rom schon in fr\u00fcheren Jahren besucht.<\/p>\n<p>Aus der \u201eHafeninfo\u201c entnehme ich, dass Civitavecchia schon von den Etruskern gegr\u00fcndet wurde, die vor den R\u00f6mern in der Region Latium lebten.<br \/>\nBereits zu Beginn des 2. Jahrhundert nach Christus ordnete Kaiser Trajan den Bau des Hafens an, der dem R\u00f6mischen Reich dienen sollte und der sich zum \u201eHafen von Rom\u201c entwickelte.<br \/>\n<a href=\"http:\/\/www.mundi-roth.de\/reiseberichte\/wp-content\/uploads\/2016\/09\/P1240074.jpg\"><img loading=\"lazy\" decoding=\"async\" class=\"alignleft size-medium wp-image-1698\" src=\"http:\/\/www.mundi-roth.de\/reiseberichte\/wp-content\/uploads\/2016\/09\/P1240074-300x100.jpg\" alt=\"P1240074\" width=\"300\" height=\"100\" srcset=\"https:\/\/www.mundi-roth.de\/reiseberichte\/wp-content\/uploads\/2016\/09\/P1240074-300x100.jpg 300w, https:\/\/www.mundi-roth.de\/reiseberichte\/wp-content\/uploads\/2016\/09\/P1240074-150x50.jpg 150w, https:\/\/www.mundi-roth.de\/reiseberichte\/wp-content\/uploads\/2016\/09\/P1240074-768x256.jpg 768w, https:\/\/www.mundi-roth.de\/reiseberichte\/wp-content\/uploads\/2016\/09\/P1240074.jpg 800w\" sizes=\"auto, (max-width: 300px) 100vw, 300px\" \/><\/a>Dominant zieht sich das Fort Michelangelo am Meer entlang, das als Wahrzeichen gilt. Den Bau der Festung schloss Michelangelo 1535 ab.<\/p>\n<p>Noch eine Ber\u00fchmtheit war u.a. hier: Leonardo da Vinci kam in die Stadt, um historische Geb\u00e4ude und arch\u00e4ologische Funde zu zeichnen.<a href=\"http:\/\/www.mundi-roth.de\/reiseberichte\/wp-content\/uploads\/2016\/09\/P1240043.jpg\"><img loading=\"lazy\" decoding=\"async\" class=\"alignright size-thumbnail wp-image-1699\" src=\"http:\/\/www.mundi-roth.de\/reiseberichte\/wp-content\/uploads\/2016\/09\/P1240043-150x113.jpg\" alt=\"P1240043\" width=\"150\" height=\"113\" srcset=\"https:\/\/www.mundi-roth.de\/reiseberichte\/wp-content\/uploads\/2016\/09\/P1240043-150x113.jpg 150w, https:\/\/www.mundi-roth.de\/reiseberichte\/wp-content\/uploads\/2016\/09\/P1240043-300x225.jpg 300w, https:\/\/www.mundi-roth.de\/reiseberichte\/wp-content\/uploads\/2016\/09\/P1240043-768x576.jpg 768w, https:\/\/www.mundi-roth.de\/reiseberichte\/wp-content\/uploads\/2016\/09\/P1240043.jpg 800w\" sizes=\"auto, (max-width: 150px) 100vw, 150px\" \/><\/a><\/p>\n<p>Von der Haltestelle des Shuttle Busses biege ich in die Stra\u00dfe des 23. September ein und komme fast automatisch an der Kirche Santa Maria dell&#8216; Orazione, der Kirche des Gebetes und des Todes vorbei.<br \/>\nDie Kirche ist ein architektonisches, barockes Juwel, das 1685 erbaut und 1702 renoviert wurde und hat einen bemerkenswerten Glockenturm.<\/p>\n<p><a href=\"http:\/\/www.mundi-roth.de\/reiseberichte\/wp-content\/uploads\/2016\/09\/P1240052.jpg\"><img loading=\"lazy\" decoding=\"async\" class=\"alignleft size-thumbnail wp-image-1700\" src=\"http:\/\/www.mundi-roth.de\/reiseberichte\/wp-content\/uploads\/2016\/09\/P1240052-150x113.jpg\" alt=\"P1240052\" width=\"150\" height=\"113\" srcset=\"https:\/\/www.mundi-roth.de\/reiseberichte\/wp-content\/uploads\/2016\/09\/P1240052-150x113.jpg 150w, https:\/\/www.mundi-roth.de\/reiseberichte\/wp-content\/uploads\/2016\/09\/P1240052-300x225.jpg 300w, https:\/\/www.mundi-roth.de\/reiseberichte\/wp-content\/uploads\/2016\/09\/P1240052-768x576.jpg 768w, https:\/\/www.mundi-roth.de\/reiseberichte\/wp-content\/uploads\/2016\/09\/P1240052.jpg 800w\" sizes=\"auto, (max-width: 150px) 100vw, 150px\" \/><\/a>An der Piazza A. Saffi biege ich rechts ab und laufe auf die imposante Kathedrale des Heiligen Franz von Assisi aus dem Jahre 1784 zu.<br \/>\nDie Kathedrale ist zu drei symmetrischen Kapellen auf jeder Seite geformt, mit einer hohen, gew\u00f6lbten Decke und einem Triumpfbogen. Mehr kann ich leider nicht besichtigen, da hier gerade eine Beerdigungsmesse f\u00fcr einen Rugbyspieler stattfindet. Riesige Blumengebinde und Kr\u00e4nze lehnen vor dem Kirchenportal.<\/p>\n<p>Ich laufe, nicht unbedingt strukturiert, weiter die Innenstadt ab. Die Via Doria, den prunkvollen<a href=\"http:\/\/www.mundi-roth.de\/reiseberichte\/wp-content\/uploads\/2016\/09\/P1240073.jpg\"><img loading=\"lazy\" decoding=\"async\" class=\"alignright size-thumbnail wp-image-1701\" src=\"http:\/\/www.mundi-roth.de\/reiseberichte\/wp-content\/uploads\/2016\/09\/P1240073-150x113.jpg\" alt=\"P1240073\" width=\"150\" height=\"113\" srcset=\"https:\/\/www.mundi-roth.de\/reiseberichte\/wp-content\/uploads\/2016\/09\/P1240073-150x113.jpg 150w, https:\/\/www.mundi-roth.de\/reiseberichte\/wp-content\/uploads\/2016\/09\/P1240073-300x225.jpg 300w, https:\/\/www.mundi-roth.de\/reiseberichte\/wp-content\/uploads\/2016\/09\/P1240073-768x576.jpg 768w, https:\/\/www.mundi-roth.de\/reiseberichte\/wp-content\/uploads\/2016\/09\/P1240073.jpg 800w\" sizes=\"auto, (max-width: 150px) 100vw, 150px\" \/><\/a> Coros Centocelle mit dem Theater, schlendere \u00fcber einen Markt, \u00a0die G\u00e4sschen der Altstadt und lande wieder an einer Kirche: der unbefleckten Empf\u00e4ngnis oder auch die Kirche der Jungfrau der Gnade oder kurz \u201eDer <a href=\"http:\/\/www.mundi-roth.de\/reiseberichte\/wp-content\/uploads\/2016\/09\/P1240067.jpg\"><img loading=\"lazy\" decoding=\"async\" class=\"alignleft size-thumbnail wp-image-1702\" src=\"http:\/\/www.mundi-roth.de\/reiseberichte\/wp-content\/uploads\/2016\/09\/P1240067-113x150.jpg\" alt=\"P1240067\" width=\"113\" height=\"150\" srcset=\"https:\/\/www.mundi-roth.de\/reiseberichte\/wp-content\/uploads\/2016\/09\/P1240067-113x150.jpg 113w, https:\/\/www.mundi-roth.de\/reiseberichte\/wp-content\/uploads\/2016\/09\/P1240067-225x300.jpg 225w, https:\/\/www.mundi-roth.de\/reiseberichte\/wp-content\/uploads\/2016\/09\/P1240067.jpg 450w\" sizes=\"auto, (max-width: 113px) 100vw, 113px\" \/><\/a>Stern\u201c genannt. Von ihr hei\u00dft es auch, sie sei die \u00e4lteste Kirche in Civitavecchia an der Piazza Leandra gelegen, in der sich 1274 die Erzbruderschaft der Banner (oder Gonfalon) etablierten. Eine weinende Statue der Jungfrau Maria hat hier ihren Ehrenplatz.<\/p>\n<p>Vor der Kirche befindet sich ein m\u00e4chtiges Kriegerdenkmal.<a href=\"http:\/\/www.mundi-roth.de\/reiseberichte\/wp-content\/uploads\/2016\/09\/P1240054.jpg\"><img loading=\"lazy\" decoding=\"async\" class=\"alignright size-thumbnail wp-image-1703\" src=\"http:\/\/www.mundi-roth.de\/reiseberichte\/wp-content\/uploads\/2016\/09\/P1240054-150x81.jpg\" alt=\"P1240054\" width=\"150\" height=\"81\" srcset=\"https:\/\/www.mundi-roth.de\/reiseberichte\/wp-content\/uploads\/2016\/09\/P1240054-150x81.jpg 150w, https:\/\/www.mundi-roth.de\/reiseberichte\/wp-content\/uploads\/2016\/09\/P1240054-300x162.jpg 300w, https:\/\/www.mundi-roth.de\/reiseberichte\/wp-content\/uploads\/2016\/09\/P1240054-768x414.jpg 768w, https:\/\/www.mundi-roth.de\/reiseberichte\/wp-content\/uploads\/2016\/09\/P1240054.jpg 800w\" sizes=\"auto, (max-width: 150px) 100vw, 150px\" \/><\/a><\/p>\n<p>Von hier aus bietet es sich an, ein St\u00fcck die h\u00f6her gelegene Promenade, v\u00eds a v\u00eds des imposanten Forts Michelangelo entlang zu gehen und dann im Corso Guglielmo sch\u00f6ne Gesch\u00e4fte anzuschauen.<\/p>\n<p>Nach gut 2 Stunden Besichtigung fahre ich wieder mit dem Shuttlebus retour. Diesmal gibt es bei der Kontrolle zum Hafen einen langer Stopp, da wohl ein Wagen mit belgischem Kennzeichen intensiv untersucht wird.<\/p>\n<p>Den Rest des Tages verbringen wir wieder ganz ruhig mit unseren B\u00fcchern. Wir genie\u00dfen es: keine Ablenkung durch h\u00e4usliche T\u00e4tigkeiten oder dass der Garten ruft: Zupf Unkraut, schneide welke Bl\u00fcten! Wunderbar!<\/p>\n<p>&nbsp;<\/p>\n<p><strong>25. August 2016 \u2013 Donnerstag = Olbia<\/strong><\/p>\n<p>30 Grad, wolkenlos<\/p>\n<p>Das Faltblatt der \u201eHafeninfo\u201c f\u00fchrt aus: Sardinien ist die zweitgr\u00f6\u00dfte Insel im Mittelmeer nach Sizilien und ist 190 km vom italienischen Festland, 180 km von Nordafrika und nur 12 Kilometer von Korsika entfernt.<br \/>\nNur knapp ein F\u00fcnftel der Inselfl\u00e4che besteht aus Ebenen, der Rest f\u00e4llt unter die Kategorie Gebirge \u2013 wobei der Punta La Marmora (1.834 Meter) und der Bruncu Spina (1.829 Meter) die h\u00f6chsten Berge sind.<\/p>\n<p>Wieder traumhaftes Wetter und schon beim Fr\u00fchst\u00fccken auf Deck genie\u00dfen wir die Einfahrt zum Hafen Olbia: die Berge Sardiniens gr\u00fc\u00dfen, passieren einen Leuchtturm im Meer und lassen uns aufkl\u00e4ren, dass diese komischen Gebilde im Meer Muschel-Zuchtb\u00e4nke sind.<\/p>\n\n\t\t<style type=\"text\/css\">\n\t\t\t#gallery-13 {\n\t\t\t\tmargin: auto;\n\t\t\t}\n\t\t\t#gallery-13 .gallery-item {\n\t\t\t\tfloat: left;\n\t\t\t\tmargin-top: 10px;\n\t\t\t\ttext-align: center;\n\t\t\t\twidth: 50%;\n\t\t\t}\n\t\t\t#gallery-13 img {\n\t\t\t\tborder: 2px solid #cfcfcf;\n\t\t\t}\n\t\t\t#gallery-13 .gallery-caption {\n\t\t\t\tmargin-left: 0;\n\t\t\t}\n\t\t\t\/* see gallery_shortcode() in wp-includes\/media.php *\/\n\t\t<\/style>\n\t\t<div id='gallery-13' class='gallery galleryid-1645 gallery-columns-2 gallery-size-medium'><dl class='gallery-item'>\n\t\t\t<dt class='gallery-icon landscape'>\n\t\t\t\t<a href='https:\/\/www.mundi-roth.de\/reiseberichte\/wp-content\/uploads\/2016\/09\/20160825_073930.jpg'><img loading=\"lazy\" decoding=\"async\" width=\"300\" height=\"169\" src=\"https:\/\/www.mundi-roth.de\/reiseberichte\/wp-content\/uploads\/2016\/09\/20160825_073930-300x169.jpg\" class=\"attachment-medium size-medium\" alt=\"\" srcset=\"https:\/\/www.mundi-roth.de\/reiseberichte\/wp-content\/uploads\/2016\/09\/20160825_073930-300x169.jpg 300w, https:\/\/www.mundi-roth.de\/reiseberichte\/wp-content\/uploads\/2016\/09\/20160825_073930-150x84.jpg 150w, https:\/\/www.mundi-roth.de\/reiseberichte\/wp-content\/uploads\/2016\/09\/20160825_073930-768x432.jpg 768w, https:\/\/www.mundi-roth.de\/reiseberichte\/wp-content\/uploads\/2016\/09\/20160825_073930.jpg 800w\" sizes=\"auto, (max-width: 300px) 100vw, 300px\" \/><\/a>\n\t\t\t<\/dt><\/dl><dl class='gallery-item'>\n\t\t\t<dt class='gallery-icon landscape'>\n\t\t\t\t<a href='https:\/\/www.mundi-roth.de\/reiseberichte\/wp-content\/uploads\/2016\/09\/20160825_193837.jpg'><img loading=\"lazy\" decoding=\"async\" width=\"300\" height=\"169\" src=\"https:\/\/www.mundi-roth.de\/reiseberichte\/wp-content\/uploads\/2016\/09\/20160825_193837-300x169.jpg\" class=\"attachment-medium size-medium\" alt=\"\" srcset=\"https:\/\/www.mundi-roth.de\/reiseberichte\/wp-content\/uploads\/2016\/09\/20160825_193837-300x169.jpg 300w, https:\/\/www.mundi-roth.de\/reiseberichte\/wp-content\/uploads\/2016\/09\/20160825_193837-150x84.jpg 150w, https:\/\/www.mundi-roth.de\/reiseberichte\/wp-content\/uploads\/2016\/09\/20160825_193837-768x432.jpg 768w, https:\/\/www.mundi-roth.de\/reiseberichte\/wp-content\/uploads\/2016\/09\/20160825_193837.jpg 800w\" sizes=\"auto, (max-width: 300px) 100vw, 300px\" \/><\/a>\n\t\t\t<\/dt><\/dl><br style=\"clear: both\" \/>\n\t\t<\/div>\n\n<p>Heute machen wir die von Manfred ausgesuchte Jeepsafari.<\/p>\n<p>Um 8:45 Uhr starten wir mit 3 Jeeps und 15 Teilnehmern vom Schiff ab.<br \/>\nEs geht ins Landesinnere und wir schrauben uns auf \u00e4u\u00dferst holprigen, zum Teil unbefestigten Stra\u00dfen hoch ins Gebirge. Ein Fotostopp mit Blick auf die Costa Smeralda wird eingelegt und der Reiseleiter erkl\u00e4rt uns das, was wir schon in dem Faltblatt auf dem Schiff gelesen haben.<br \/>\nAber auch die Legende von der Form Sardiniens: \u201eIhre Form erinnert an einen Fussabdruck. Sardische Mythen besagen, dass Gott bei ihrer Erschaffung seinen Fuss zu Hilfe nahm und Sardinien mit dem Besten bedachte\u201c<\/p>\n<p>Ein weiterer Halt ist in San Giacomo. Wir besichtigen einen privaten Friedhof und eine kleine Kirche. Nicht wirklich aufregend.<\/p>\n\n\t\t<style type=\"text\/css\">\n\t\t\t#gallery-14 {\n\t\t\t\tmargin: auto;\n\t\t\t}\n\t\t\t#gallery-14 .gallery-item {\n\t\t\t\tfloat: left;\n\t\t\t\tmargin-top: 10px;\n\t\t\t\ttext-align: center;\n\t\t\t\twidth: 50%;\n\t\t\t}\n\t\t\t#gallery-14 img {\n\t\t\t\tborder: 2px solid #cfcfcf;\n\t\t\t}\n\t\t\t#gallery-14 .gallery-caption {\n\t\t\t\tmargin-left: 0;\n\t\t\t}\n\t\t\t\/* see gallery_shortcode() in wp-includes\/media.php *\/\n\t\t<\/style>\n\t\t<div id='gallery-14' class='gallery galleryid-1645 gallery-columns-2 gallery-size-medium'><dl class='gallery-item'>\n\t\t\t<dt class='gallery-icon landscape'>\n\t\t\t\t<a href='https:\/\/www.mundi-roth.de\/reiseberichte\/wp-content\/uploads\/2016\/09\/P1240102-1.jpg'><img loading=\"lazy\" decoding=\"async\" width=\"300\" height=\"225\" src=\"https:\/\/www.mundi-roth.de\/reiseberichte\/wp-content\/uploads\/2016\/09\/P1240102-1-300x225.jpg\" class=\"attachment-medium size-medium\" alt=\"\" srcset=\"https:\/\/www.mundi-roth.de\/reiseberichte\/wp-content\/uploads\/2016\/09\/P1240102-1-300x225.jpg 300w, https:\/\/www.mundi-roth.de\/reiseberichte\/wp-content\/uploads\/2016\/09\/P1240102-1-150x113.jpg 150w, https:\/\/www.mundi-roth.de\/reiseberichte\/wp-content\/uploads\/2016\/09\/P1240102-1-768x576.jpg 768w, https:\/\/www.mundi-roth.de\/reiseberichte\/wp-content\/uploads\/2016\/09\/P1240102-1.jpg 800w\" sizes=\"auto, (max-width: 300px) 100vw, 300px\" \/><\/a>\n\t\t\t<\/dt><\/dl><dl class='gallery-item'>\n\t\t\t<dt class='gallery-icon portrait'>\n\t\t\t\t<a href='https:\/\/www.mundi-roth.de\/reiseberichte\/wp-content\/uploads\/2016\/09\/20160825_102850-1.jpg'><img loading=\"lazy\" decoding=\"async\" width=\"169\" height=\"300\" src=\"https:\/\/www.mundi-roth.de\/reiseberichte\/wp-content\/uploads\/2016\/09\/20160825_102850-1-169x300.jpg\" class=\"attachment-medium size-medium\" alt=\"\" srcset=\"https:\/\/www.mundi-roth.de\/reiseberichte\/wp-content\/uploads\/2016\/09\/20160825_102850-1-169x300.jpg 169w, https:\/\/www.mundi-roth.de\/reiseberichte\/wp-content\/uploads\/2016\/09\/20160825_102850-1-85x150.jpg 85w, https:\/\/www.mundi-roth.de\/reiseberichte\/wp-content\/uploads\/2016\/09\/20160825_102850-1.jpg 338w\" sizes=\"auto, (max-width: 169px) 100vw, 169px\" \/><\/a>\n\t\t\t<\/dt><\/dl><br style=\"clear: both\" \/>\n\t\t<\/div>\n\n<p>Unterwegs auf wirklich holprigen, staubigen Stra\u00dfen, die das Wort \u201eStra\u00dfe\u201c nicht verdienen, l\u00e4\u00dft Giaccomo halten, um uns Zweiglein der Mirto Pflanze zu zeigen, aus deren Beeren ein Magenbitter hergestellt wird.<\/p>\n\n\t\t<style type=\"text\/css\">\n\t\t\t#gallery-15 {\n\t\t\t\tmargin: auto;\n\t\t\t}\n\t\t\t#gallery-15 .gallery-item {\n\t\t\t\tfloat: left;\n\t\t\t\tmargin-top: 10px;\n\t\t\t\ttext-align: center;\n\t\t\t\twidth: 50%;\n\t\t\t}\n\t\t\t#gallery-15 img {\n\t\t\t\tborder: 2px solid #cfcfcf;\n\t\t\t}\n\t\t\t#gallery-15 .gallery-caption {\n\t\t\t\tmargin-left: 0;\n\t\t\t}\n\t\t\t\/* see gallery_shortcode() in wp-includes\/media.php *\/\n\t\t<\/style>\n\t\t<div id='gallery-15' class='gallery galleryid-1645 gallery-columns-2 gallery-size-medium'><dl class='gallery-item'>\n\t\t\t<dt class='gallery-icon landscape'>\n\t\t\t\t<a href='https:\/\/www.mundi-roth.de\/reiseberichte\/wp-content\/uploads\/2016\/09\/P1240090.jpg'><img loading=\"lazy\" decoding=\"async\" width=\"300\" height=\"225\" src=\"https:\/\/www.mundi-roth.de\/reiseberichte\/wp-content\/uploads\/2016\/09\/P1240090-300x225.jpg\" class=\"attachment-medium size-medium\" alt=\"\" srcset=\"https:\/\/www.mundi-roth.de\/reiseberichte\/wp-content\/uploads\/2016\/09\/P1240090-300x225.jpg 300w, https:\/\/www.mundi-roth.de\/reiseberichte\/wp-content\/uploads\/2016\/09\/P1240090-150x113.jpg 150w, https:\/\/www.mundi-roth.de\/reiseberichte\/wp-content\/uploads\/2016\/09\/P1240090-768x576.jpg 768w, https:\/\/www.mundi-roth.de\/reiseberichte\/wp-content\/uploads\/2016\/09\/P1240090.jpg 800w\" sizes=\"auto, (max-width: 300px) 100vw, 300px\" \/><\/a>\n\t\t\t<\/dt><\/dl><dl class='gallery-item'>\n\t\t\t<dt class='gallery-icon landscape'>\n\t\t\t\t<a href='https:\/\/www.mundi-roth.de\/reiseberichte\/wp-content\/uploads\/2016\/09\/20160825_102555.jpg'><img loading=\"lazy\" decoding=\"async\" width=\"300\" height=\"169\" src=\"https:\/\/www.mundi-roth.de\/reiseberichte\/wp-content\/uploads\/2016\/09\/20160825_102555-300x169.jpg\" class=\"attachment-medium size-medium\" alt=\"\" srcset=\"https:\/\/www.mundi-roth.de\/reiseberichte\/wp-content\/uploads\/2016\/09\/20160825_102555-300x169.jpg 300w, https:\/\/www.mundi-roth.de\/reiseberichte\/wp-content\/uploads\/2016\/09\/20160825_102555-150x84.jpg 150w, https:\/\/www.mundi-roth.de\/reiseberichte\/wp-content\/uploads\/2016\/09\/20160825_102555-768x432.jpg 768w, https:\/\/www.mundi-roth.de\/reiseberichte\/wp-content\/uploads\/2016\/09\/20160825_102555.jpg 800w\" sizes=\"auto, (max-width: 300px) 100vw, 300px\" \/><\/a>\n\t\t\t<\/dt><\/dl><br style=\"clear: both\" \/>\n\t\t<\/div>\n\n<p>Vorbei an m\u00e4chtigen Korkeichen, zum Teil gesch\u00e4lt, zum Teil noch intakt,<a href=\"http:\/\/www.mundi-roth.de\/reiseberichte\/wp-content\/uploads\/2016\/09\/P1240085.jpg\"><img loading=\"lazy\" decoding=\"async\" class=\"alignright size-thumbnail wp-image-1711\" src=\"http:\/\/www.mundi-roth.de\/reiseberichte\/wp-content\/uploads\/2016\/09\/P1240085-113x150.jpg\" alt=\"P1240085\" width=\"113\" height=\"150\" srcset=\"https:\/\/www.mundi-roth.de\/reiseberichte\/wp-content\/uploads\/2016\/09\/P1240085-113x150.jpg 113w, https:\/\/www.mundi-roth.de\/reiseberichte\/wp-content\/uploads\/2016\/09\/P1240085-225x300.jpg 225w, https:\/\/www.mundi-roth.de\/reiseberichte\/wp-content\/uploads\/2016\/09\/P1240085.jpg 450w\" sizes=\"auto, (max-width: 113px) 100vw, 113px\" \/><\/a><br \/>\ngeht es weiter zum Gigantengrab von Coddu und Vecchiu in der N\u00e4he von Arzachena.<br \/>\nVom Park- und Rastplatz aus sind wir in ca. 5 Minuten am Megalith-Monument, das umgeben ist von riesigen Weinfeldern.<\/p>\n<p>Gigantengr\u00e4ber nennt man sie wegen ihrer wuchtigen Ausma\u00dfe.<\/p>\n<p>Giaccomo erl\u00e4utert:<\/p>\n<p>Die Gigantengr\u00e4ber sind aufgrund ihrer Form und Dimensionen einzigartig auf der Welt und man findet sie \u00fcber die gesamte Insel der Nuraghen verteilt. Bisher hat man ungef\u00e4hr 320 gez\u00e4hlt, aber wahrscheinlich h\u00e4lt die sardische Erde noch viele weitere eifers\u00fcchtig vor uns zur\u00fcck. Die Gigantengr\u00e4ber waren wahrscheinlich von Klassenunterschieden unabh\u00e4ngige Kollektivbegr\u00e4bnisse. Daher wurden sie wohl auch als Beinh\u00e4user benutzt, die bis zu 200 Skelette enthalten konnten.<\/p>\n<p>Diese Gigantengr\u00e4ber werden auf die Zeit von 1800 \u2013 1600 vor Christus datiert.<\/p>\n<p>Die Vorderseite der Bauten ist von einer Art Halbkreis (der Exedra) begrenzt, die wohl die H\u00f6rner eines Stieres symbolisieren sollten. Von oben aus betrachtet erinnern die Gigantengr\u00e4ber auch an eine Geb\u00e4rmutter oder eine Geb\u00e4rende. Diese Interpretation w\u00fcrde die Annahme best\u00e4tigen, dass bei den Nuraghern Leben und Tod eng miteinander verbunden waren und dass ihre Maglithen an den Fruchbarkeitskult gebunden waren.<\/p>\n<p>In der Mitte der Exedra haben diese Gr\u00e4ber eine riesige Granitstele, in deren unteren Teil sich eine \u00d6ffnung befindet. Diese f\u00fchrte zum wohl heiligsten Bereich der Nuragher: Es ist der Bereich der Ganggr\u00e4ber, die h\u00e4ufig im \u00dcbergang von der Vornuraghen- zur Nuraghenzeit gebaut wurden.<br \/>\nDie Gr\u00e4ber sind auch nach ihrer astronomischen Ausrichtung untersucht worden. Und hier gibt es einige \u00dcberraschungen: Die Gr\u00e4ber von Li Mezzani in Palau und Coddu Vecchiu sind nur ein Beispiel daf\u00fcr, dass das Nuraghenvolk eine exzellente Kenntnis des Himmelskreislaufes gehabt haben musste. In diesen beiden Gigantengr\u00e4bern scheint an den Tagen der Tagundnachtgleiche das Licht bei Sonnenaufgang direkt in die Grabgalerie. Es tritt durch eine kleine \u00d6ffnung in der Stele, die die Exedra dominiert, ein.<\/p>\n<p>Zum Gl\u00fcck sind nicht sehr viele Besucher da, so dass man alles gut in Augenschein nehmen kann.<\/p>\n<p>Nach unserer R\u00fcckkehr zum Parkplatz haben die Jeepfahrer einen kleinen Imbi\u00df mit sehr leckerem K\u00e4se, Schinken und Hartwurst, hauchd\u00fcnnem Brot und einen guten Rotwein vorbereitet.<br \/>\nWeiter geht es zur Nuraghe Albucciu.<br \/>\nEine 20 min\u00fctige Weiterfahrt bringt uns \u00fcber \u00fcberwiegend Asphaltstra\u00dfen zu einem vor ca. 3000 Jahren entstandenem Steinhaus: Nuraghe.<\/p>\n<p>Wieder werden wir schlau gemacht:<br \/>\nDie um 1960 ausgegrabene Nuraghe Albucciu bei Arzachena in der Gallura stellt unter den sardischen Nuraghen eine Besonderheit dar und erinnert an einen korsischen torre. In der N\u00e4he wurden \u00dcberreste eines Rundh\u00fcttendorfes gefunden und etwa 80 m entfernt die Reste eines Gigantengrabes.<br \/>\nDieses Steinwohnhaus ist an einen Granitfelsen angebaut und ihre aus Granitquadern erbauten R\u00e4umlichkeiten weichen hinsichtlich ihrer Form oder Anordnung sowohl von den Anlagen von anderen Konstruktionen ab. Der \u00fcber zwei Stufen erreichbare Zugang scheint durch eine Verschlussvorrichtung gesichert worden zu sein, von der sich noch die Spuren der Widerlager und Hubvorrichtung fanden. Der Zugang f\u00fchrt in eine ungew\u00f6hnliche, trapezf\u00f6rmige Vorhalle, von der aus man in drei Richtungen weiter gelangt:<br \/>\nrechts geht es in einen Kuppelraum mit einer Nische, neben der ein Kriechgang nach au\u00dfen f\u00fchrt &#8211; links geht es zu einer gangartigen, teilweise in den Fels gearbeiteten Nische und am Ende der Vorhalle zweigt ein Gang ab, der wiederum in den gr\u00f6\u00dften, teilweise in den Fels gearbeiteten Raum, in eine weitere, diesmal trapezf\u00f6rmige Nische, in den Treppentrakt, der auf die obere Plattform f\u00fchrt und auf ihr liegen die Reste zweiter Rundbauten.<\/p>\n\n\t\t<style type=\"text\/css\">\n\t\t\t#gallery-16 {\n\t\t\t\tmargin: auto;\n\t\t\t}\n\t\t\t#gallery-16 .gallery-item {\n\t\t\t\tfloat: left;\n\t\t\t\tmargin-top: 10px;\n\t\t\t\ttext-align: center;\n\t\t\t\twidth: 33%;\n\t\t\t}\n\t\t\t#gallery-16 img {\n\t\t\t\tborder: 2px solid #cfcfcf;\n\t\t\t}\n\t\t\t#gallery-16 .gallery-caption {\n\t\t\t\tmargin-left: 0;\n\t\t\t}\n\t\t\t\/* see gallery_shortcode() in wp-includes\/media.php *\/\n\t\t<\/style>\n\t\t<div id='gallery-16' class='gallery galleryid-1645 gallery-columns-3 gallery-size-medium'><dl class='gallery-item'>\n\t\t\t<dt class='gallery-icon portrait'>\n\t\t\t\t<a href='https:\/\/www.mundi-roth.de\/reiseberichte\/wp-content\/uploads\/2016\/09\/P1240193.jpg'><img loading=\"lazy\" decoding=\"async\" width=\"225\" height=\"300\" src=\"https:\/\/www.mundi-roth.de\/reiseberichte\/wp-content\/uploads\/2016\/09\/P1240193-225x300.jpg\" class=\"attachment-medium size-medium\" alt=\"\" srcset=\"https:\/\/www.mundi-roth.de\/reiseberichte\/wp-content\/uploads\/2016\/09\/P1240193-225x300.jpg 225w, https:\/\/www.mundi-roth.de\/reiseberichte\/wp-content\/uploads\/2016\/09\/P1240193-113x150.jpg 113w, https:\/\/www.mundi-roth.de\/reiseberichte\/wp-content\/uploads\/2016\/09\/P1240193.jpg 450w\" sizes=\"auto, (max-width: 225px) 100vw, 225px\" \/><\/a>\n\t\t\t<\/dt><\/dl><dl class='gallery-item'>\n\t\t\t<dt class='gallery-icon portrait'>\n\t\t\t\t<a href='https:\/\/www.mundi-roth.de\/reiseberichte\/wp-content\/uploads\/2016\/09\/P1240198.jpg'><img loading=\"lazy\" decoding=\"async\" width=\"225\" height=\"300\" src=\"https:\/\/www.mundi-roth.de\/reiseberichte\/wp-content\/uploads\/2016\/09\/P1240198-225x300.jpg\" class=\"attachment-medium size-medium\" alt=\"\" srcset=\"https:\/\/www.mundi-roth.de\/reiseberichte\/wp-content\/uploads\/2016\/09\/P1240198-225x300.jpg 225w, https:\/\/www.mundi-roth.de\/reiseberichte\/wp-content\/uploads\/2016\/09\/P1240198-113x150.jpg 113w, https:\/\/www.mundi-roth.de\/reiseberichte\/wp-content\/uploads\/2016\/09\/P1240198.jpg 450w\" sizes=\"auto, (max-width: 225px) 100vw, 225px\" \/><\/a>\n\t\t\t<\/dt><\/dl><dl class='gallery-item'>\n\t\t\t<dt class='gallery-icon portrait'>\n\t\t\t\t<a href='https:\/\/www.mundi-roth.de\/reiseberichte\/wp-content\/uploads\/2016\/09\/P1240207.jpg'><img loading=\"lazy\" decoding=\"async\" width=\"225\" height=\"300\" src=\"https:\/\/www.mundi-roth.de\/reiseberichte\/wp-content\/uploads\/2016\/09\/P1240207-225x300.jpg\" class=\"attachment-medium size-medium\" alt=\"\" srcset=\"https:\/\/www.mundi-roth.de\/reiseberichte\/wp-content\/uploads\/2016\/09\/P1240207-225x300.jpg 225w, https:\/\/www.mundi-roth.de\/reiseberichte\/wp-content\/uploads\/2016\/09\/P1240207-113x150.jpg 113w, https:\/\/www.mundi-roth.de\/reiseberichte\/wp-content\/uploads\/2016\/09\/P1240207.jpg 450w\" sizes=\"auto, (max-width: 225px) 100vw, 225px\" \/><\/a>\n\t\t\t<\/dt><\/dl><br style=\"clear: both\" \/>\n\t\t<\/div>\n\n<p>Habe zu den Ausf\u00fchrungen von Giaccomo auch noch Erkl\u00e4rungen von Wikipedia hinzugezogen.<br \/>\nDa wir fast die einzigen Besucher sind k\u00f6nnen wir in gut 25 Minuten alles genauestens in Augenschein nehmen.<br \/>\nNun geht es auf asphaltierten Stra\u00dfen vorbei an gigantischen Felsformationen<\/p>\n\n\t\t<style type=\"text\/css\">\n\t\t\t#gallery-17 {\n\t\t\t\tmargin: auto;\n\t\t\t}\n\t\t\t#gallery-17 .gallery-item {\n\t\t\t\tfloat: left;\n\t\t\t\tmargin-top: 10px;\n\t\t\t\ttext-align: center;\n\t\t\t\twidth: 50%;\n\t\t\t}\n\t\t\t#gallery-17 img {\n\t\t\t\tborder: 2px solid #cfcfcf;\n\t\t\t}\n\t\t\t#gallery-17 .gallery-caption {\n\t\t\t\tmargin-left: 0;\n\t\t\t}\n\t\t\t\/* see gallery_shortcode() in wp-includes\/media.php *\/\n\t\t<\/style>\n\t\t<div id='gallery-17' class='gallery galleryid-1645 gallery-columns-2 gallery-size-medium'><dl class='gallery-item'>\n\t\t\t<dt class='gallery-icon landscape'>\n\t\t\t\t<a href='https:\/\/www.mundi-roth.de\/reiseberichte\/wp-content\/uploads\/2016\/09\/P1240094.jpg'><img loading=\"lazy\" decoding=\"async\" width=\"300\" height=\"225\" src=\"https:\/\/www.mundi-roth.de\/reiseberichte\/wp-content\/uploads\/2016\/09\/P1240094-300x225.jpg\" class=\"attachment-medium size-medium\" alt=\"\" srcset=\"https:\/\/www.mundi-roth.de\/reiseberichte\/wp-content\/uploads\/2016\/09\/P1240094-300x225.jpg 300w, https:\/\/www.mundi-roth.de\/reiseberichte\/wp-content\/uploads\/2016\/09\/P1240094-150x113.jpg 150w, https:\/\/www.mundi-roth.de\/reiseberichte\/wp-content\/uploads\/2016\/09\/P1240094-768x576.jpg 768w, https:\/\/www.mundi-roth.de\/reiseberichte\/wp-content\/uploads\/2016\/09\/P1240094.jpg 800w\" sizes=\"auto, (max-width: 300px) 100vw, 300px\" \/><\/a>\n\t\t\t<\/dt><\/dl><dl class='gallery-item'>\n\t\t\t<dt class='gallery-icon landscape'>\n\t\t\t\t<a href='https:\/\/www.mundi-roth.de\/reiseberichte\/wp-content\/uploads\/2016\/09\/P1240135.jpg'><img loading=\"lazy\" decoding=\"async\" width=\"300\" height=\"172\" src=\"https:\/\/www.mundi-roth.de\/reiseberichte\/wp-content\/uploads\/2016\/09\/P1240135-300x172.jpg\" class=\"attachment-medium size-medium\" alt=\"\" srcset=\"https:\/\/www.mundi-roth.de\/reiseberichte\/wp-content\/uploads\/2016\/09\/P1240135-300x172.jpg 300w, https:\/\/www.mundi-roth.de\/reiseberichte\/wp-content\/uploads\/2016\/09\/P1240135-150x86.jpg 150w, https:\/\/www.mundi-roth.de\/reiseberichte\/wp-content\/uploads\/2016\/09\/P1240135-768x441.jpg 768w, https:\/\/www.mundi-roth.de\/reiseberichte\/wp-content\/uploads\/2016\/09\/P1240135.jpg 800w\" sizes=\"auto, (max-width: 300px) 100vw, 300px\" \/><\/a>\n\t\t\t<\/dt><\/dl><br style=\"clear: both\" \/>\n\t\t<\/div>\n\n<p>zu dem kleinen \u00d6rtchen St. Pantaleo.<br \/>\nHeute, Donnerstag, ist Markttag. Ganze 20 Minuten werden uns zur Verf\u00fcgung gestellt. So habe ich mich beschr\u00e4nkt und nur ein Glas sardischen Akazienhonig und ein Fl\u00e4schchen des Magenbitters \u201eMirto\u201c gekauft und ansonsten versucht, m\u00f6glichst viel zu sehen.<br \/>\nWirklich schade: Erstens ist es ein h\u00fcbscher Ort und die angebotenen Dinge auf dem Markt heben sich wohltuend von dem oft dargebotenen Kitsch ab. Kein Wunder, denn San Pantaleo ist vor allem bekannt als K\u00fcnstlerdorf: Keramik, Schmiedekunst- und Holzarbeiten, Taschen, hangen\u00e4hte Kleider, T\u00fccher und Wollschals werden in kleinen Werkst\u00e4tten hergestellt und verkauft. Viele K\u00fcnstler haben sich hierher zur\u00fcckgezogen, um inspiriert von der herrlichen Landschaft, zu arbeiten und zum anderen sind f\u00fcr dieses Dorf die kleinen, flachen H\u00e4user der Altstadt, die an die \u201eStazzi\u201c = sardische Steinh\u00e4user der Gallura-Hirten erinnern, charakteristisch.<\/p>\n\n\t\t<style type=\"text\/css\">\n\t\t\t#gallery-18 {\n\t\t\t\tmargin: auto;\n\t\t\t}\n\t\t\t#gallery-18 .gallery-item {\n\t\t\t\tfloat: left;\n\t\t\t\tmargin-top: 10px;\n\t\t\t\ttext-align: center;\n\t\t\t\twidth: 50%;\n\t\t\t}\n\t\t\t#gallery-18 img {\n\t\t\t\tborder: 2px solid #cfcfcf;\n\t\t\t}\n\t\t\t#gallery-18 .gallery-caption {\n\t\t\t\tmargin-left: 0;\n\t\t\t}\n\t\t\t\/* see gallery_shortcode() in wp-includes\/media.php *\/\n\t\t<\/style>\n\t\t<div id='gallery-18' class='gallery galleryid-1645 gallery-columns-2 gallery-size-medium'><dl class='gallery-item'>\n\t\t\t<dt class='gallery-icon landscape'>\n\t\t\t\t<a href='https:\/\/www.mundi-roth.de\/reiseberichte\/wp-content\/uploads\/2016\/09\/P1240224.jpg'><img loading=\"lazy\" decoding=\"async\" width=\"300\" height=\"225\" src=\"https:\/\/www.mundi-roth.de\/reiseberichte\/wp-content\/uploads\/2016\/09\/P1240224-300x225.jpg\" class=\"attachment-medium size-medium\" alt=\"\" srcset=\"https:\/\/www.mundi-roth.de\/reiseberichte\/wp-content\/uploads\/2016\/09\/P1240224-300x225.jpg 300w, https:\/\/www.mundi-roth.de\/reiseberichte\/wp-content\/uploads\/2016\/09\/P1240224-150x113.jpg 150w, https:\/\/www.mundi-roth.de\/reiseberichte\/wp-content\/uploads\/2016\/09\/P1240224-768x576.jpg 768w, https:\/\/www.mundi-roth.de\/reiseberichte\/wp-content\/uploads\/2016\/09\/P1240224.jpg 800w\" sizes=\"auto, (max-width: 300px) 100vw, 300px\" \/><\/a>\n\t\t\t<\/dt><\/dl><dl class='gallery-item'>\n\t\t\t<dt class='gallery-icon landscape'>\n\t\t\t\t<a href='https:\/\/www.mundi-roth.de\/reiseberichte\/wp-content\/uploads\/2016\/09\/P1240235.jpg'><img loading=\"lazy\" decoding=\"async\" width=\"300\" height=\"225\" src=\"https:\/\/www.mundi-roth.de\/reiseberichte\/wp-content\/uploads\/2016\/09\/P1240235-300x225.jpg\" class=\"attachment-medium size-medium\" alt=\"\" srcset=\"https:\/\/www.mundi-roth.de\/reiseberichte\/wp-content\/uploads\/2016\/09\/P1240235-300x225.jpg 300w, https:\/\/www.mundi-roth.de\/reiseberichte\/wp-content\/uploads\/2016\/09\/P1240235-150x113.jpg 150w, https:\/\/www.mundi-roth.de\/reiseberichte\/wp-content\/uploads\/2016\/09\/P1240235-768x576.jpg 768w, https:\/\/www.mundi-roth.de\/reiseberichte\/wp-content\/uploads\/2016\/09\/P1240235.jpg 800w\" sizes=\"auto, (max-width: 300px) 100vw, 300px\" \/><\/a>\n\t\t\t<\/dt><\/dl><br style=\"clear: both\" \/>\n\t\t<\/div>\n\n<p>Nun gibt unser Fahrer Gas und wir sind in 25 Minuten wieder an der Stazione Marittima, um 13:30 Uhr.<br \/>\nInsgesamt war der Ausflug geeignet einen kleinen Eindruck der wilden Landschaft Sardiniens zu bekommen zum anderen war ja auch unser Hauptanliegen die weltweit einzigartigen Besonderheiten, das Gigantengrab und die Nuraghi, die rund 3000 Jahre alten Steinh\u00e4user der Nuraghen kennenzulernen.<br \/>\nDen Nachmittag verbrachten wir wieder lesend, d\u00f6send, schauend.<br \/>\nUm 19 Uhr hie\u00dfe es wieder: Leinen los und der Start in den 2. Seetag begann.<\/p>\n<p>&nbsp;<\/p>\n<p><strong>26. August 2016 \u2013 Freitag = 2. Seetag<\/strong><\/p>\n<p>25,4 Grad, sonnig, wolkenlos<\/p>\n<p><a href=\"http:\/\/www.mundi-roth.de\/reiseberichte\/wp-content\/uploads\/2016\/09\/20160826_094328.jpg\"><img loading=\"lazy\" decoding=\"async\" class=\"alignleft size-thumbnail wp-image-1656\" src=\"http:\/\/www.mundi-roth.de\/reiseberichte\/wp-content\/uploads\/2016\/09\/20160826_094328-114x150.jpg\" alt=\"20160826_094328\" width=\"114\" height=\"150\" srcset=\"https:\/\/www.mundi-roth.de\/reiseberichte\/wp-content\/uploads\/2016\/09\/20160826_094328-114x150.jpg 114w, https:\/\/www.mundi-roth.de\/reiseberichte\/wp-content\/uploads\/2016\/09\/20160826_094328-229x300.jpg 229w, https:\/\/www.mundi-roth.de\/reiseberichte\/wp-content\/uploads\/2016\/09\/20160826_094328.jpg 343w\" sizes=\"auto, (max-width: 114px) 100vw, 114px\" \/><\/a>Um 9 Uhr Fr\u00fchst\u00fcck im East-Restaurant. Als wir um 10 Uhr an Deck 12 kamen, waren alle Liegen belegt.<br \/>\nWir sind wohl nicht die gewieften Liegestuhlreservierer, denn die meisten Liegen waren nur mit Handt\u00fcchern blockiert.<br \/>\nIch entdeckte zwischen zwei S\u00e4ulen eine L\u00fccke, die ich dann mit 2 Hochlehnsesseln best\u00fcckte. Holte 2 Handt\u00fccher, es war jedoch wahnsinnig hei\u00df, so dass wir nur ein St\u00fcndchen blieben.<br \/>\nSoviel zu unserem Erlebnis Sonnendeck.<\/p>\n<p>Nach dem Motto: Wenn schon hei\u00df, dann auch sinnvoll und so ging ich<br \/>\ndann daf\u00fcr in die Dampf- und Bio-Sauna, die auch ganz gut besucht waren.<br \/>\nAu\u00dferdem haben wir wie die Weltmeister gelesen. 4 B\u00fccher habe ich in dieser Woche verschlungen.<br \/>\nNach dem Mittagessen habe ich dann erkundet, mit welchem Lift wir morgen am besten zum Deck 3 zum Auschecken kommen.<br \/>\nHalten dann bis 18 Uhr Siesta.<br \/>\nAbendessen im East-Restaurant von 18:30 bis 21 Uhr.<br \/>\nDa haben wir Spa\u00df, denn zum Abschied zeigen die K\u00f6che, bzw. Obstschnitzer ihr K\u00f6nnen: Der Speisesaal ist mit kunstvollen Obst-Gem\u00fcse-Schnitzwerken verziert.<\/p>\n\n\t\t<style type=\"text\/css\">\n\t\t\t#gallery-19 {\n\t\t\t\tmargin: auto;\n\t\t\t}\n\t\t\t#gallery-19 .gallery-item {\n\t\t\t\tfloat: left;\n\t\t\t\tmargin-top: 10px;\n\t\t\t\ttext-align: center;\n\t\t\t\twidth: 50%;\n\t\t\t}\n\t\t\t#gallery-19 img {\n\t\t\t\tborder: 2px solid #cfcfcf;\n\t\t\t}\n\t\t\t#gallery-19 .gallery-caption {\n\t\t\t\tmargin-left: 0;\n\t\t\t}\n\t\t\t\/* see gallery_shortcode() in wp-includes\/media.php *\/\n\t\t<\/style>\n\t\t<div id='gallery-19' class='gallery galleryid-1645 gallery-columns-2 gallery-size-medium'><dl class='gallery-item'>\n\t\t\t<dt class='gallery-icon landscape'>\n\t\t\t\t<a href='https:\/\/www.mundi-roth.de\/reiseberichte\/wp-content\/uploads\/2016\/09\/20160826_185822.jpg'><img loading=\"lazy\" decoding=\"async\" width=\"300\" height=\"169\" src=\"https:\/\/www.mundi-roth.de\/reiseberichte\/wp-content\/uploads\/2016\/09\/20160826_185822-300x169.jpg\" class=\"attachment-medium size-medium\" alt=\"\" srcset=\"https:\/\/www.mundi-roth.de\/reiseberichte\/wp-content\/uploads\/2016\/09\/20160826_185822-300x169.jpg 300w, https:\/\/www.mundi-roth.de\/reiseberichte\/wp-content\/uploads\/2016\/09\/20160826_185822-150x84.jpg 150w, https:\/\/www.mundi-roth.de\/reiseberichte\/wp-content\/uploads\/2016\/09\/20160826_185822-768x432.jpg 768w, https:\/\/www.mundi-roth.de\/reiseberichte\/wp-content\/uploads\/2016\/09\/20160826_185822.jpg 800w\" sizes=\"auto, (max-width: 300px) 100vw, 300px\" \/><\/a>\n\t\t\t<\/dt><\/dl><dl class='gallery-item'>\n\t\t\t<dt class='gallery-icon landscape'>\n\t\t\t\t<a href='https:\/\/www.mundi-roth.de\/reiseberichte\/wp-content\/uploads\/2016\/09\/20160826_190108.jpg'><img loading=\"lazy\" decoding=\"async\" width=\"300\" height=\"169\" src=\"https:\/\/www.mundi-roth.de\/reiseberichte\/wp-content\/uploads\/2016\/09\/20160826_190108-300x169.jpg\" class=\"attachment-medium size-medium\" alt=\"\" srcset=\"https:\/\/www.mundi-roth.de\/reiseberichte\/wp-content\/uploads\/2016\/09\/20160826_190108-300x169.jpg 300w, https:\/\/www.mundi-roth.de\/reiseberichte\/wp-content\/uploads\/2016\/09\/20160826_190108-150x84.jpg 150w, https:\/\/www.mundi-roth.de\/reiseberichte\/wp-content\/uploads\/2016\/09\/20160826_190108-768x432.jpg 768w, https:\/\/www.mundi-roth.de\/reiseberichte\/wp-content\/uploads\/2016\/09\/20160826_190108.jpg 800w\" sizes=\"auto, (max-width: 300px) 100vw, 300px\" \/><\/a>\n\t\t\t<\/dt><\/dl><br style=\"clear: both\" \/>\n\t\t<\/div>\n\n<p>War der 1. Seetag mehr als ruppig um so ruhiger verlief der heutige.<\/p>\n<p><a href=\"http:\/\/www.mundi-roth.de\/reiseberichte\/wp-content\/uploads\/2016\/09\/20160826_180121.jpg\"><img loading=\"lazy\" decoding=\"async\" class=\"aligncenter size-medium wp-image-1725\" src=\"http:\/\/www.mundi-roth.de\/reiseberichte\/wp-content\/uploads\/2016\/09\/20160826_180121-300x169.jpg\" alt=\"20160826_180121\" width=\"300\" height=\"169\" srcset=\"https:\/\/www.mundi-roth.de\/reiseberichte\/wp-content\/uploads\/2016\/09\/20160826_180121-300x169.jpg 300w, https:\/\/www.mundi-roth.de\/reiseberichte\/wp-content\/uploads\/2016\/09\/20160826_180121-150x84.jpg 150w, https:\/\/www.mundi-roth.de\/reiseberichte\/wp-content\/uploads\/2016\/09\/20160826_180121-768x432.jpg 768w, https:\/\/www.mundi-roth.de\/reiseberichte\/wp-content\/uploads\/2016\/09\/20160826_180121.jpg 800w\" sizes=\"auto, (max-width: 300px) 100vw, 300px\" \/><\/a><\/p>\n<p>&nbsp;<\/p>\n<p><a href=\"http:\/\/www.mundi-roth.de\/reiseberichte\/wp-content\/uploads\/2016\/08\/20160826_202334.jpg\"><img loading=\"lazy\" decoding=\"async\" class=\"aligncenter size-medium wp-image-1738\" src=\"http:\/\/www.mundi-roth.de\/reiseberichte\/wp-content\/uploads\/2016\/08\/20160826_202334-300x159.jpg\" alt=\"20160826_202334\" width=\"300\" height=\"159\" srcset=\"https:\/\/www.mundi-roth.de\/reiseberichte\/wp-content\/uploads\/2016\/08\/20160826_202334-300x159.jpg 300w, https:\/\/www.mundi-roth.de\/reiseberichte\/wp-content\/uploads\/2016\/08\/20160826_202334-150x79.jpg 150w, https:\/\/www.mundi-roth.de\/reiseberichte\/wp-content\/uploads\/2016\/08\/20160826_202334-768x406.jpg 768w, https:\/\/www.mundi-roth.de\/reiseberichte\/wp-content\/uploads\/2016\/08\/20160826_202334.jpg 800w\" sizes=\"auto, (max-width: 300px) 100vw, 300px\" \/><\/a><\/p>\n<p><a href=\"http:\/\/www.mundi-roth.de\/reiseberichte\/wp-content\/uploads\/2016\/09\/20160826_185725.jpg\"><img loading=\"lazy\" decoding=\"async\" class=\"aligncenter size-medium wp-image-1728\" src=\"http:\/\/www.mundi-roth.de\/reiseberichte\/wp-content\/uploads\/2016\/09\/20160826_185725-269x300.jpg\" alt=\"20160826_185725\" width=\"269\" height=\"300\" srcset=\"https:\/\/www.mundi-roth.de\/reiseberichte\/wp-content\/uploads\/2016\/09\/20160826_185725-269x300.jpg 269w, https:\/\/www.mundi-roth.de\/reiseberichte\/wp-content\/uploads\/2016\/09\/20160826_185725-135x150.jpg 135w, https:\/\/www.mundi-roth.de\/reiseberichte\/wp-content\/uploads\/2016\/09\/20160826_185725.jpg 538w\" sizes=\"auto, (max-width: 269px) 100vw, 269px\" \/><\/a><\/p>\n<p><br style=\"clear: both;\" \/><strong>27. August 2016 \u2013 Samstag<\/strong> = Palma de Mallorca &#8211; K\u00f6ln<br \/>\nUm 4:10 Uhr sind wir bereits wach. Die Wecker waren f\u00fcr 4:45 Uhr gestellt.<br \/>\nUm 5:05 Uhr sind wir beim Fr\u00fchst\u00fcck und um 5:45 Uhr sitzen wir bereits im Shuttlebus zum Flughafen. Abflug der Maschine von Germanwings ist um 7:30 Uhr, Ankunft in K\u00f6ln um 10:45 Uhr.<br \/>\nWir werden von unserer lieben Tochter mit Partner abgeholt und sind bereits kurz nach 11 Uhr wieder zu Hause.<\/p>\n<p>Jetzt sind wir beide auch wieder froh zu Hause zu sein.<br \/>\nDie Reise hat jedoch ein bi\u00dfchen dazu gedient, den Horizont zu erweitern.<br \/>\nKann auch nicht schaden.<\/p>\n","protected":false},"excerpt":{"rendered":"<p>Kreuzfahrt Westliches Mittelmeer Palma de Mallorca \u2013 Villefranche-sur-Mer\/Nizza \u2013 La Spezia \u2013 Civitavecchia \u2013 Olbia mit AIDAstella \u00a020. &#8211; 27. August 2016 \u201eHerzlich Willkommen!\u00a0Sch\u00f6n, dass Sie da sind. Liebe AIDA G\u00e4ste, vor Ihnen liegt die sch\u00f6nste Zeit des Jahres, die Sie an Bord von AIDAstella ganz nach Ihren W\u00fcnschen gestalten k\u00f6nnen. Lassen sie den Alltag [&hellip;]<\/p>\n","protected":false},"author":2,"featured_media":0,"comment_status":"closed","ping_status":"closed","sticky":false,"template":"","format":"standard","meta":{"footnotes":""},"categories":[1,739],"tags":[],"class_list":["post-1645","post","type-post","status-publish","format-standard","hentry","category-allgemeines","category-kreuzfahrt-westl-mittelmeer-2"],"yoast_head":"<!-- This site is optimized with the Yoast SEO plugin v27.5 - https:\/\/yoast.com\/product\/yoast-seo-wordpress\/ -->\n<title>Westliches Mittelmeer II - August 2016 - Reiseberichte<\/title>\n<meta name=\"robots\" content=\"index, follow, max-snippet:-1, max-image-preview:large, max-video-preview:-1\" \/>\n<link rel=\"canonical\" href=\"https:\/\/www.mundi-roth.de\/reiseberichte\/westliches-mittelmeer-ii-august-2016\/\" \/>\n<meta name=\"twitter:label1\" content=\"Verfasst von\" \/>\n\t<meta name=\"twitter:data1\" content=\"mr\" \/>\n\t<meta name=\"twitter:label2\" content=\"Gesch\u00e4tzte Lesezeit\" \/>\n\t<meta name=\"twitter:data2\" content=\"23\u00a0Minuten\" \/>\n<script type=\"application\/ld+json\" class=\"yoast-schema-graph\">{\"@context\":\"https:\\\/\\\/schema.org\",\"@graph\":[{\"@type\":\"Article\",\"@id\":\"https:\\\/\\\/www.mundi-roth.de\\\/reiseberichte\\\/westliches-mittelmeer-ii-august-2016\\\/#article\",\"isPartOf\":{\"@id\":\"https:\\\/\\\/www.mundi-roth.de\\\/reiseberichte\\\/westliches-mittelmeer-ii-august-2016\\\/\"},\"author\":{\"name\":\"mr\",\"@id\":\"https:\\\/\\\/www.mundi-roth.de\\\/reiseberichte\\\/#\\\/schema\\\/person\\\/5e8081ddad478fd383ee2511fe8368bd\"},\"headline\":\"Westliches Mittelmeer II &#8211; August 2016\",\"datePublished\":\"2016-08-27T10:21:06+00:00\",\"dateModified\":\"2020-05-08T19:22:35+00:00\",\"mainEntityOfPage\":{\"@id\":\"https:\\\/\\\/www.mundi-roth.de\\\/reiseberichte\\\/westliches-mittelmeer-ii-august-2016\\\/\"},\"wordCount\":4682,\"image\":{\"@id\":\"https:\\\/\\\/www.mundi-roth.de\\\/reiseberichte\\\/westliches-mittelmeer-ii-august-2016\\\/#primaryimage\"},\"thumbnailUrl\":\"http:\\\/\\\/www.mundi-roth.de\\\/reiseberichte\\\/wp-content\\\/uploads\\\/2016\\\/09\\\/AIDAstella-300x192.jpg\",\"articleSection\":[\"Allgemeines\",\"Kreuzfahrt westl. Mittelmeer 2\"],\"inLanguage\":\"de\"},{\"@type\":\"WebPage\",\"@id\":\"https:\\\/\\\/www.mundi-roth.de\\\/reiseberichte\\\/westliches-mittelmeer-ii-august-2016\\\/\",\"url\":\"https:\\\/\\\/www.mundi-roth.de\\\/reiseberichte\\\/westliches-mittelmeer-ii-august-2016\\\/\",\"name\":\"Westliches Mittelmeer II - August 2016 - Reiseberichte\",\"isPartOf\":{\"@id\":\"https:\\\/\\\/www.mundi-roth.de\\\/reiseberichte\\\/#website\"},\"primaryImageOfPage\":{\"@id\":\"https:\\\/\\\/www.mundi-roth.de\\\/reiseberichte\\\/westliches-mittelmeer-ii-august-2016\\\/#primaryimage\"},\"image\":{\"@id\":\"https:\\\/\\\/www.mundi-roth.de\\\/reiseberichte\\\/westliches-mittelmeer-ii-august-2016\\\/#primaryimage\"},\"thumbnailUrl\":\"http:\\\/\\\/www.mundi-roth.de\\\/reiseberichte\\\/wp-content\\\/uploads\\\/2016\\\/09\\\/AIDAstella-300x192.jpg\",\"datePublished\":\"2016-08-27T10:21:06+00:00\",\"dateModified\":\"2020-05-08T19:22:35+00:00\",\"author\":{\"@id\":\"https:\\\/\\\/www.mundi-roth.de\\\/reiseberichte\\\/#\\\/schema\\\/person\\\/5e8081ddad478fd383ee2511fe8368bd\"},\"breadcrumb\":{\"@id\":\"https:\\\/\\\/www.mundi-roth.de\\\/reiseberichte\\\/westliches-mittelmeer-ii-august-2016\\\/#breadcrumb\"},\"inLanguage\":\"de\",\"potentialAction\":[{\"@type\":\"ReadAction\",\"target\":[\"https:\\\/\\\/www.mundi-roth.de\\\/reiseberichte\\\/westliches-mittelmeer-ii-august-2016\\\/\"]}]},{\"@type\":\"ImageObject\",\"inLanguage\":\"de\",\"@id\":\"https:\\\/\\\/www.mundi-roth.de\\\/reiseberichte\\\/westliches-mittelmeer-ii-august-2016\\\/#primaryimage\",\"url\":\"http:\\\/\\\/www.mundi-roth.de\\\/reiseberichte\\\/wp-content\\\/uploads\\\/2016\\\/09\\\/AIDAstella-300x192.jpg\",\"contentUrl\":\"http:\\\/\\\/www.mundi-roth.de\\\/reiseberichte\\\/wp-content\\\/uploads\\\/2016\\\/09\\\/AIDAstella-300x192.jpg\"},{\"@type\":\"BreadcrumbList\",\"@id\":\"https:\\\/\\\/www.mundi-roth.de\\\/reiseberichte\\\/westliches-mittelmeer-ii-august-2016\\\/#breadcrumb\",\"itemListElement\":[{\"@type\":\"ListItem\",\"position\":1,\"name\":\"Startseite\",\"item\":\"https:\\\/\\\/www.mundi-roth.de\\\/reiseberichte\\\/\"},{\"@type\":\"ListItem\",\"position\":2,\"name\":\"Westliches Mittelmeer II &#8211; August 2016\"}]},{\"@type\":\"WebSite\",\"@id\":\"https:\\\/\\\/www.mundi-roth.de\\\/reiseberichte\\\/#website\",\"url\":\"https:\\\/\\\/www.mundi-roth.de\\\/reiseberichte\\\/\",\"name\":\"Reiseberichte\",\"description\":\"Berichte \u00fcber Reisen (fast) rund um die Welt\",\"potentialAction\":[{\"@type\":\"SearchAction\",\"target\":{\"@type\":\"EntryPoint\",\"urlTemplate\":\"https:\\\/\\\/www.mundi-roth.de\\\/reiseberichte\\\/?s={search_term_string}\"},\"query-input\":{\"@type\":\"PropertyValueSpecification\",\"valueRequired\":true,\"valueName\":\"search_term_string\"}}],\"inLanguage\":\"de\"},{\"@type\":\"Person\",\"@id\":\"https:\\\/\\\/www.mundi-roth.de\\\/reiseberichte\\\/#\\\/schema\\\/person\\\/5e8081ddad478fd383ee2511fe8368bd\",\"name\":\"mr\",\"image\":{\"@type\":\"ImageObject\",\"inLanguage\":\"de\",\"@id\":\"https:\\\/\\\/secure.gravatar.com\\\/avatar\\\/9a3c34f32a8cb6923297b48d58fb263210ea20a4049fc4d3ccb858ce00487957?s=96&d=mm&r=g\",\"url\":\"https:\\\/\\\/secure.gravatar.com\\\/avatar\\\/9a3c34f32a8cb6923297b48d58fb263210ea20a4049fc4d3ccb858ce00487957?s=96&d=mm&r=g\",\"contentUrl\":\"https:\\\/\\\/secure.gravatar.com\\\/avatar\\\/9a3c34f32a8cb6923297b48d58fb263210ea20a4049fc4d3ccb858ce00487957?s=96&d=mm&r=g\",\"caption\":\"mr\"},\"sameAs\":[\"http:\\\/\\\/www.mundi-roth.de\"]}]}<\/script>\n<!-- \/ Yoast SEO plugin. -->","yoast_head_json":{"title":"Westliches Mittelmeer II - August 2016 - Reiseberichte","robots":{"index":"index","follow":"follow","max-snippet":"max-snippet:-1","max-image-preview":"max-image-preview:large","max-video-preview":"max-video-preview:-1"},"canonical":"https:\/\/www.mundi-roth.de\/reiseberichte\/westliches-mittelmeer-ii-august-2016\/","twitter_misc":{"Verfasst von":"mr","Gesch\u00e4tzte Lesezeit":"23\u00a0Minuten"},"schema":{"@context":"https:\/\/schema.org","@graph":[{"@type":"Article","@id":"https:\/\/www.mundi-roth.de\/reiseberichte\/westliches-mittelmeer-ii-august-2016\/#article","isPartOf":{"@id":"https:\/\/www.mundi-roth.de\/reiseberichte\/westliches-mittelmeer-ii-august-2016\/"},"author":{"name":"mr","@id":"https:\/\/www.mundi-roth.de\/reiseberichte\/#\/schema\/person\/5e8081ddad478fd383ee2511fe8368bd"},"headline":"Westliches Mittelmeer II &#8211; August 2016","datePublished":"2016-08-27T10:21:06+00:00","dateModified":"2020-05-08T19:22:35+00:00","mainEntityOfPage":{"@id":"https:\/\/www.mundi-roth.de\/reiseberichte\/westliches-mittelmeer-ii-august-2016\/"},"wordCount":4682,"image":{"@id":"https:\/\/www.mundi-roth.de\/reiseberichte\/westliches-mittelmeer-ii-august-2016\/#primaryimage"},"thumbnailUrl":"http:\/\/www.mundi-roth.de\/reiseberichte\/wp-content\/uploads\/2016\/09\/AIDAstella-300x192.jpg","articleSection":["Allgemeines","Kreuzfahrt westl. Mittelmeer 2"],"inLanguage":"de"},{"@type":"WebPage","@id":"https:\/\/www.mundi-roth.de\/reiseberichte\/westliches-mittelmeer-ii-august-2016\/","url":"https:\/\/www.mundi-roth.de\/reiseberichte\/westliches-mittelmeer-ii-august-2016\/","name":"Westliches Mittelmeer II - August 2016 - Reiseberichte","isPartOf":{"@id":"https:\/\/www.mundi-roth.de\/reiseberichte\/#website"},"primaryImageOfPage":{"@id":"https:\/\/www.mundi-roth.de\/reiseberichte\/westliches-mittelmeer-ii-august-2016\/#primaryimage"},"image":{"@id":"https:\/\/www.mundi-roth.de\/reiseberichte\/westliches-mittelmeer-ii-august-2016\/#primaryimage"},"thumbnailUrl":"http:\/\/www.mundi-roth.de\/reiseberichte\/wp-content\/uploads\/2016\/09\/AIDAstella-300x192.jpg","datePublished":"2016-08-27T10:21:06+00:00","dateModified":"2020-05-08T19:22:35+00:00","author":{"@id":"https:\/\/www.mundi-roth.de\/reiseberichte\/#\/schema\/person\/5e8081ddad478fd383ee2511fe8368bd"},"breadcrumb":{"@id":"https:\/\/www.mundi-roth.de\/reiseberichte\/westliches-mittelmeer-ii-august-2016\/#breadcrumb"},"inLanguage":"de","potentialAction":[{"@type":"ReadAction","target":["https:\/\/www.mundi-roth.de\/reiseberichte\/westliches-mittelmeer-ii-august-2016\/"]}]},{"@type":"ImageObject","inLanguage":"de","@id":"https:\/\/www.mundi-roth.de\/reiseberichte\/westliches-mittelmeer-ii-august-2016\/#primaryimage","url":"http:\/\/www.mundi-roth.de\/reiseberichte\/wp-content\/uploads\/2016\/09\/AIDAstella-300x192.jpg","contentUrl":"http:\/\/www.mundi-roth.de\/reiseberichte\/wp-content\/uploads\/2016\/09\/AIDAstella-300x192.jpg"},{"@type":"BreadcrumbList","@id":"https:\/\/www.mundi-roth.de\/reiseberichte\/westliches-mittelmeer-ii-august-2016\/#breadcrumb","itemListElement":[{"@type":"ListItem","position":1,"name":"Startseite","item":"https:\/\/www.mundi-roth.de\/reiseberichte\/"},{"@type":"ListItem","position":2,"name":"Westliches Mittelmeer II &#8211; August 2016"}]},{"@type":"WebSite","@id":"https:\/\/www.mundi-roth.de\/reiseberichte\/#website","url":"https:\/\/www.mundi-roth.de\/reiseberichte\/","name":"Reiseberichte","description":"Berichte \u00fcber Reisen (fast) rund um die Welt","potentialAction":[{"@type":"SearchAction","target":{"@type":"EntryPoint","urlTemplate":"https:\/\/www.mundi-roth.de\/reiseberichte\/?s={search_term_string}"},"query-input":{"@type":"PropertyValueSpecification","valueRequired":true,"valueName":"search_term_string"}}],"inLanguage":"de"},{"@type":"Person","@id":"https:\/\/www.mundi-roth.de\/reiseberichte\/#\/schema\/person\/5e8081ddad478fd383ee2511fe8368bd","name":"mr","image":{"@type":"ImageObject","inLanguage":"de","@id":"https:\/\/secure.gravatar.com\/avatar\/9a3c34f32a8cb6923297b48d58fb263210ea20a4049fc4d3ccb858ce00487957?s=96&d=mm&r=g","url":"https:\/\/secure.gravatar.com\/avatar\/9a3c34f32a8cb6923297b48d58fb263210ea20a4049fc4d3ccb858ce00487957?s=96&d=mm&r=g","contentUrl":"https:\/\/secure.gravatar.com\/avatar\/9a3c34f32a8cb6923297b48d58fb263210ea20a4049fc4d3ccb858ce00487957?s=96&d=mm&r=g","caption":"mr"},"sameAs":["http:\/\/www.mundi-roth.de"]}]}},"_links":{"self":[{"href":"https:\/\/www.mundi-roth.de\/reiseberichte\/wp-json\/wp\/v2\/posts\/1645","targetHints":{"allow":["GET"]}}],"collection":[{"href":"https:\/\/www.mundi-roth.de\/reiseberichte\/wp-json\/wp\/v2\/posts"}],"about":[{"href":"https:\/\/www.mundi-roth.de\/reiseberichte\/wp-json\/wp\/v2\/types\/post"}],"author":[{"embeddable":true,"href":"https:\/\/www.mundi-roth.de\/reiseberichte\/wp-json\/wp\/v2\/users\/2"}],"replies":[{"embeddable":true,"href":"https:\/\/www.mundi-roth.de\/reiseberichte\/wp-json\/wp\/v2\/comments?post=1645"}],"version-history":[{"count":0,"href":"https:\/\/www.mundi-roth.de\/reiseberichte\/wp-json\/wp\/v2\/posts\/1645\/revisions"}],"wp:attachment":[{"href":"https:\/\/www.mundi-roth.de\/reiseberichte\/wp-json\/wp\/v2\/media?parent=1645"}],"wp:term":[{"taxonomy":"category","embeddable":true,"href":"https:\/\/www.mundi-roth.de\/reiseberichte\/wp-json\/wp\/v2\/categories?post=1645"},{"taxonomy":"post_tag","embeddable":true,"href":"https:\/\/www.mundi-roth.de\/reiseberichte\/wp-json\/wp\/v2\/tags?post=1645"}],"curies":[{"name":"wp","href":"https:\/\/api.w.org\/{rel}","templated":true}]}}