{"id":165,"date":"2004-06-10T12:30:10","date_gmt":"2004-06-10T11:30:10","guid":{"rendered":"http:\/\/www.mundi-roth.de\/reiseberichte\/?p=165"},"modified":"2020-05-08T20:25:01","modified_gmt":"2020-05-08T19:25:01","slug":"budapest-mit-muse-3","status":"publish","type":"post","link":"https:\/\/www.mundi-roth.de\/reiseberichte\/budapest-mit-muse-3\/","title":{"rendered":"Budapest &#8211; Mit Mu\u00dfe (3)"},"content":{"rendered":"<p>Dienstag, 1. Juni 2004<\/p>\n<p>Um 10 Uhr fuhren wir mit der Vorortbahn und der Metro zum Deak Ferenc t\u00e9r, spazierten zum Donaucorso und machten eine einst\u00fcndige <a href=\"http:\/\/www.mundi-roth.de\/reiseberichte\/wp-content\/uploads\/2004\/06\/148_4850.jpg\"><img loading=\"lazy\" decoding=\"async\" class=\"alignleft size-thumbnail wp-image-643\" title=\"148_4850\" src=\"http:\/\/www.mundi-roth.de\/reiseberichte\/wp-content\/uploads\/2004\/06\/148_4850-150x112.jpg\" alt=\"148_4850\" width=\"150\" height=\"112\" srcset=\"https:\/\/www.mundi-roth.de\/reiseberichte\/wp-content\/uploads\/2004\/06\/148_4850-150x112.jpg 150w, https:\/\/www.mundi-roth.de\/reiseberichte\/wp-content\/uploads\/2004\/06\/148_4850-300x225.jpg 300w, https:\/\/www.mundi-roth.de\/reiseberichte\/wp-content\/uploads\/2004\/06\/148_4850.jpg 600w\" sizes=\"auto, (max-width: 150px) 100vw, 150px\" \/><\/a>Promenadenschifffahrt auf der Donau. Bei sch\u00f6nem Wetter lauschten wir \u00fcber  Kopfh\u00f6rer dem witzigen, informativen Streitgespr\u00e4ch zwischen \u201eFrau Pest\u201c <a href=\"http:\/\/www.mundi-roth.de\/reiseberichte\/wp-content\/uploads\/2004\/06\/148_4854.jpg\"><img loading=\"lazy\" decoding=\"async\" class=\"alignright size-thumbnail wp-image-645\" title=\"148_4854\" src=\"http:\/\/www.mundi-roth.de\/reiseberichte\/wp-content\/uploads\/2004\/06\/148_4854-150x112.jpg\" alt=\"148_4854\" width=\"150\" height=\"112\" srcset=\"https:\/\/www.mundi-roth.de\/reiseberichte\/wp-content\/uploads\/2004\/06\/148_4854-150x112.jpg 150w, https:\/\/www.mundi-roth.de\/reiseberichte\/wp-content\/uploads\/2004\/06\/148_4854-300x225.jpg 300w, https:\/\/www.mundi-roth.de\/reiseberichte\/wp-content\/uploads\/2004\/06\/148_4854.jpg 600w\" sizes=\"auto, (max-width: 150px) 100vw, 150px\" \/><\/a>und \u201eHerrn Buda\u201c, \u00fcber die Geschichte und die Architektur von \u201eBudapest\u201c.<\/p>\n<p>Anschlie\u00dfend blieb etwas freie Zeit, um auf der bekanntesten Flaniermeile der Stadt, der V\u00e1ci utca, zu bummeln und eine Buchhandlung aufzusuchen.<\/p>\n<p>Um 12.15 Uhr fuhren wir von der bekannten Konditorei Gerbeaud (1844 \u00fcbernahm \u00c9mile Gerbeaud, ein Schweizer Konditor und  Erfinder der Weinbrandkirsche dieses Caf\u00e9) mit der wundersch\u00f6nen  \u00fcber 100 Jahre alten <a href=\"http:\/\/www.mundi-roth.de\/reiseberichte\/wp-content\/uploads\/2004\/06\/148_4866.jpg\"><img loading=\"lazy\" decoding=\"async\" class=\"alignleft size-thumbnail wp-image-646\" title=\"148_4866\" src=\"http:\/\/www.mundi-roth.de\/reiseberichte\/wp-content\/uploads\/2004\/06\/148_4866-150x112.jpg\" alt=\"148_4866\" width=\"150\" height=\"112\" srcset=\"https:\/\/www.mundi-roth.de\/reiseberichte\/wp-content\/uploads\/2004\/06\/148_4866-150x112.jpg 150w, https:\/\/www.mundi-roth.de\/reiseberichte\/wp-content\/uploads\/2004\/06\/148_4866-300x225.jpg 300w, https:\/\/www.mundi-roth.de\/reiseberichte\/wp-content\/uploads\/2004\/06\/148_4866.jpg 600w\" sizes=\"auto, (max-width: 150px) 100vw, 150px\" \/><\/a>U-Bahn zum renomierten Restaurant Gundel, nahe am Heldenplatz. Ein wundersch\u00f6n, romantisch eingerichtetes Haus im Biedermeierstil, in dem schon viele gekr\u00f6nte und ungekr\u00f6nte H\u00e4upter speisten, hier nahmen wir unser Mittagessen ein.<\/p>\n<p>Manfred: Stadtw\u00e4ldchensalat mit Blauk\u00e4se-Dressing, Truthahnbrust vom Rost mit Pilzso\u00dfe und glasiertem Gem\u00fcse, Palatschinken<a href=\"http:\/\/www.mundi-roth.de\/reiseberichte\/wp-content\/uploads\/2004\/06\/148_4864.jpg\"><img loading=\"lazy\" decoding=\"async\" class=\"alignright size-thumbnail wp-image-647\" title=\"148_4864\" src=\"http:\/\/www.mundi-roth.de\/reiseberichte\/wp-content\/uploads\/2004\/06\/148_4864-150x112.jpg\" alt=\"148_4864\" width=\"150\" height=\"112\" srcset=\"https:\/\/www.mundi-roth.de\/reiseberichte\/wp-content\/uploads\/2004\/06\/148_4864-150x112.jpg 150w, https:\/\/www.mundi-roth.de\/reiseberichte\/wp-content\/uploads\/2004\/06\/148_4864-300x225.jpg 300w, https:\/\/www.mundi-roth.de\/reiseberichte\/wp-content\/uploads\/2004\/06\/148_4864.jpg 600w\" sizes=\"auto, (max-width: 150px) 100vw, 150px\" \/><\/a> mit Aprikosenmarmelade in \u201eMandelschlafrocke\u201c und Kaffee.<\/p>\n<p>Ich a\u00df Gulaschsuppe mit Eiernockerln und Weichselstrudel mit Zimtso\u00dfe und Kaffee.<\/p>\n<p>Nach dem Mittagessen machen wir einen gef\u00fchrten Spaziergang in der Innenstadt und um 16.30 bis 17.30 Uhr hatten wir eine F\u00fchrung im Parlament, dem 2. gr\u00f6\u00dften der Welt nach England. Unmittelbar am Donauufer, auf dem Kossuth Lajos t\u00e9r, erstreckt sich auf einer L\u00e4nge von 268 und einer Breite von 118 m das neben der Kettenbr\u00fccke bekannteste Bauwerk Budapest.<\/p>\n<p>Phantastisch! Prunkvollst!<\/p>\n<p>Die Reichsinsignien sind hier im Treppenhaus untergebracht. Wir hatten einen jungen Mann als F\u00fchrer der sich als besonderer H\u00fcter der Sch\u00e4tze hier aufspielte. St\u00e4ndig unterbrach er seinen Vortrag, um strafend und schimpfend Besucher anzuraunzen, sie sollten weiter weg bleiben von den Kostbarkeiten, nicht fotografieren mit Blitz,  leise sein etc.<\/p>\n<p>Was er uns vermittelte war folgendes: Rund 1000 Menschen arbeiteten 17 Jahre lang an dem 1885 nach den Pl\u00e4nen von Imre Steindl begonnenen Kuppelbau im Stil der Todorgotik.  691 R\u00e4ume beherbergt dieses Bauwerk. Gab es fr\u00fcher ein Unter- und Oberhaus, in jeweils einem Fl\u00fcgel untergebracht, so beherbergt ein Fl\u00fcgel den Staatspr\u00e4sident, den Ministerpr\u00e4sident und zahlreiche Mitarbeiter.<\/p>\n<p>Im anderen Fl\u00fcgel befindet sich das Plenum, das zur Zeit von 386 Abgeordneten \u201ebev\u00f6lkert\u201c wird.<\/p>\n<p><a href=\"http:\/\/www.mundi-roth.de\/reiseberichte\/wp-content\/uploads\/2004\/06\/148_4872.jpg\"><img loading=\"lazy\" decoding=\"async\" class=\"alignleft size-thumbnail wp-image-648\" title=\"148_4872\" src=\"http:\/\/www.mundi-roth.de\/reiseberichte\/wp-content\/uploads\/2004\/06\/148_4872-150x112.jpg\" alt=\"148_4872\" width=\"150\" height=\"112\" srcset=\"https:\/\/www.mundi-roth.de\/reiseberichte\/wp-content\/uploads\/2004\/06\/148_4872-150x112.jpg 150w, https:\/\/www.mundi-roth.de\/reiseberichte\/wp-content\/uploads\/2004\/06\/148_4872-300x225.jpg 300w, https:\/\/www.mundi-roth.de\/reiseberichte\/wp-content\/uploads\/2004\/06\/148_4872.jpg 600w\" sizes=\"auto, (max-width: 150px) 100vw, 150px\" \/><\/a>Phantastisch war fr\u00fcher die Klimaanlage. Ganz raffiniert: Unter dem Sitzungssaal war ein Raum f\u00fcr Eis vorgesehen, das seine K\u00e4lte in das Plenum abgab, sich erw\u00e4rmte, die Luft stieg nach oben und der Kreislauf konnte aufs Neue beginnen.<\/p>\n<p>Ganz sch\u00f6n geschafft holte uns der Bus anschlie\u00dfend ab und brachte uns zum Hotel.<\/p>\n<p>Der Abend konnte von uns frei gestaltet werden, was f\u00fcr mich wieder bedeutete: Therme und dann spazierten wir in das schon  bekannte Lokal \u201eZur Postkutsche\u201c.<\/p>\n","protected":false},"excerpt":{"rendered":"<p>Dienstag, 1. Juni 2004 Um 10 Uhr fuhren wir mit der Vorortbahn und der Metro zum Deak Ferenc t\u00e9r, spazierten zum Donaucorso und machten eine einst\u00fcndige Promenadenschifffahrt auf der Donau. Bei sch\u00f6nem Wetter lauschten wir \u00fcber Kopfh\u00f6rer dem witzigen, informativen Streitgespr\u00e4ch zwischen \u201eFrau Pest\u201c und \u201eHerrn Buda\u201c, \u00fcber die Geschichte und die Architektur von \u201eBudapest\u201c. [&hellip;]<\/p>\n","protected":false},"author":2,"featured_media":0,"comment_status":"closed","ping_status":"closed","sticky":false,"template":"","format":"standard","meta":{"footnotes":""},"categories":[90],"tags":[92,104,105,102,103],"class_list":["post-165","post","type-post","status-publish","format-standard","hentry","category-ungarn","tag-budapest","tag-heldenplatz","tag-kettenbrucke","tag-promenadenschifffahrt","tag-restaurant-gundel"],"yoast_head":"<!-- This site is optimized with the Yoast SEO plugin v27.4 - https:\/\/yoast.com\/product\/yoast-seo-wordpress\/ -->\n<title>Budapest - Mit Mu\u00dfe (3) - Reiseberichte<\/title>\n<meta name=\"robots\" content=\"index, follow, max-snippet:-1, max-image-preview:large, max-video-preview:-1\" \/>\n<link rel=\"canonical\" href=\"https:\/\/www.mundi-roth.de\/reiseberichte\/budapest-mit-muse-3\/\" \/>\n<meta name=\"twitter:label1\" content=\"Verfasst von\" \/>\n\t<meta name=\"twitter:data1\" content=\"mr\" \/>\n\t<meta name=\"twitter:label2\" content=\"Gesch\u00e4tzte Lesezeit\" \/>\n\t<meta name=\"twitter:data2\" content=\"2\u00a0Minuten\" \/>\n<script type=\"application\/ld+json\" class=\"yoast-schema-graph\">{\"@context\":\"https:\\\/\\\/schema.org\",\"@graph\":[{\"@type\":\"Article\",\"@id\":\"https:\\\/\\\/www.mundi-roth.de\\\/reiseberichte\\\/budapest-mit-muse-3\\\/#article\",\"isPartOf\":{\"@id\":\"https:\\\/\\\/www.mundi-roth.de\\\/reiseberichte\\\/budapest-mit-muse-3\\\/\"},\"author\":{\"name\":\"mr\",\"@id\":\"https:\\\/\\\/www.mundi-roth.de\\\/reiseberichte\\\/#\\\/schema\\\/person\\\/5e8081ddad478fd383ee2511fe8368bd\"},\"headline\":\"Budapest &#8211; Mit Mu\u00dfe (3)\",\"datePublished\":\"2004-06-10T11:30:10+00:00\",\"dateModified\":\"2020-05-08T19:25:01+00:00\",\"mainEntityOfPage\":{\"@id\":\"https:\\\/\\\/www.mundi-roth.de\\\/reiseberichte\\\/budapest-mit-muse-3\\\/\"},\"wordCount\":454,\"image\":{\"@id\":\"https:\\\/\\\/www.mundi-roth.de\\\/reiseberichte\\\/budapest-mit-muse-3\\\/#primaryimage\"},\"thumbnailUrl\":\"http:\\\/\\\/www.mundi-roth.de\\\/reiseberichte\\\/wp-content\\\/uploads\\\/2004\\\/06\\\/148_4850-150x112.jpg\",\"keywords\":[\"Budapest\",\"Heldenplatz\",\"Kettenbr\u00fccke\",\"Promenadenschifffahrt\",\"Restaurant Gundel\"],\"articleSection\":[\"2004 Ungarn\"],\"inLanguage\":\"de\"},{\"@type\":\"WebPage\",\"@id\":\"https:\\\/\\\/www.mundi-roth.de\\\/reiseberichte\\\/budapest-mit-muse-3\\\/\",\"url\":\"https:\\\/\\\/www.mundi-roth.de\\\/reiseberichte\\\/budapest-mit-muse-3\\\/\",\"name\":\"Budapest - Mit Mu\u00dfe (3) - Reiseberichte\",\"isPartOf\":{\"@id\":\"https:\\\/\\\/www.mundi-roth.de\\\/reiseberichte\\\/#website\"},\"primaryImageOfPage\":{\"@id\":\"https:\\\/\\\/www.mundi-roth.de\\\/reiseberichte\\\/budapest-mit-muse-3\\\/#primaryimage\"},\"image\":{\"@id\":\"https:\\\/\\\/www.mundi-roth.de\\\/reiseberichte\\\/budapest-mit-muse-3\\\/#primaryimage\"},\"thumbnailUrl\":\"http:\\\/\\\/www.mundi-roth.de\\\/reiseberichte\\\/wp-content\\\/uploads\\\/2004\\\/06\\\/148_4850-150x112.jpg\",\"datePublished\":\"2004-06-10T11:30:10+00:00\",\"dateModified\":\"2020-05-08T19:25:01+00:00\",\"author\":{\"@id\":\"https:\\\/\\\/www.mundi-roth.de\\\/reiseberichte\\\/#\\\/schema\\\/person\\\/5e8081ddad478fd383ee2511fe8368bd\"},\"breadcrumb\":{\"@id\":\"https:\\\/\\\/www.mundi-roth.de\\\/reiseberichte\\\/budapest-mit-muse-3\\\/#breadcrumb\"},\"inLanguage\":\"de\",\"potentialAction\":[{\"@type\":\"ReadAction\",\"target\":[\"https:\\\/\\\/www.mundi-roth.de\\\/reiseberichte\\\/budapest-mit-muse-3\\\/\"]}]},{\"@type\":\"ImageObject\",\"inLanguage\":\"de\",\"@id\":\"https:\\\/\\\/www.mundi-roth.de\\\/reiseberichte\\\/budapest-mit-muse-3\\\/#primaryimage\",\"url\":\"http:\\\/\\\/www.mundi-roth.de\\\/reiseberichte\\\/wp-content\\\/uploads\\\/2004\\\/06\\\/148_4850-150x112.jpg\",\"contentUrl\":\"http:\\\/\\\/www.mundi-roth.de\\\/reiseberichte\\\/wp-content\\\/uploads\\\/2004\\\/06\\\/148_4850-150x112.jpg\"},{\"@type\":\"BreadcrumbList\",\"@id\":\"https:\\\/\\\/www.mundi-roth.de\\\/reiseberichte\\\/budapest-mit-muse-3\\\/#breadcrumb\",\"itemListElement\":[{\"@type\":\"ListItem\",\"position\":1,\"name\":\"Startseite\",\"item\":\"https:\\\/\\\/www.mundi-roth.de\\\/reiseberichte\\\/\"},{\"@type\":\"ListItem\",\"position\":2,\"name\":\"Budapest &#8211; Mit Mu\u00dfe (3)\"}]},{\"@type\":\"WebSite\",\"@id\":\"https:\\\/\\\/www.mundi-roth.de\\\/reiseberichte\\\/#website\",\"url\":\"https:\\\/\\\/www.mundi-roth.de\\\/reiseberichte\\\/\",\"name\":\"Reiseberichte\",\"description\":\"Berichte \u00fcber Reisen (fast) rund um die Welt\",\"potentialAction\":[{\"@type\":\"SearchAction\",\"target\":{\"@type\":\"EntryPoint\",\"urlTemplate\":\"https:\\\/\\\/www.mundi-roth.de\\\/reiseberichte\\\/?s={search_term_string}\"},\"query-input\":{\"@type\":\"PropertyValueSpecification\",\"valueRequired\":true,\"valueName\":\"search_term_string\"}}],\"inLanguage\":\"de\"},{\"@type\":\"Person\",\"@id\":\"https:\\\/\\\/www.mundi-roth.de\\\/reiseberichte\\\/#\\\/schema\\\/person\\\/5e8081ddad478fd383ee2511fe8368bd\",\"name\":\"mr\",\"image\":{\"@type\":\"ImageObject\",\"inLanguage\":\"de\",\"@id\":\"https:\\\/\\\/secure.gravatar.com\\\/avatar\\\/9a3c34f32a8cb6923297b48d58fb263210ea20a4049fc4d3ccb858ce00487957?s=96&d=mm&r=g\",\"url\":\"https:\\\/\\\/secure.gravatar.com\\\/avatar\\\/9a3c34f32a8cb6923297b48d58fb263210ea20a4049fc4d3ccb858ce00487957?s=96&d=mm&r=g\",\"contentUrl\":\"https:\\\/\\\/secure.gravatar.com\\\/avatar\\\/9a3c34f32a8cb6923297b48d58fb263210ea20a4049fc4d3ccb858ce00487957?s=96&d=mm&r=g\",\"caption\":\"mr\"},\"sameAs\":[\"http:\\\/\\\/www.mundi-roth.de\"]}]}<\/script>\n<!-- \/ Yoast SEO plugin. -->","yoast_head_json":{"title":"Budapest - Mit Mu\u00dfe (3) - Reiseberichte","robots":{"index":"index","follow":"follow","max-snippet":"max-snippet:-1","max-image-preview":"max-image-preview:large","max-video-preview":"max-video-preview:-1"},"canonical":"https:\/\/www.mundi-roth.de\/reiseberichte\/budapest-mit-muse-3\/","twitter_misc":{"Verfasst von":"mr","Gesch\u00e4tzte Lesezeit":"2\u00a0Minuten"},"schema":{"@context":"https:\/\/schema.org","@graph":[{"@type":"Article","@id":"https:\/\/www.mundi-roth.de\/reiseberichte\/budapest-mit-muse-3\/#article","isPartOf":{"@id":"https:\/\/www.mundi-roth.de\/reiseberichte\/budapest-mit-muse-3\/"},"author":{"name":"mr","@id":"https:\/\/www.mundi-roth.de\/reiseberichte\/#\/schema\/person\/5e8081ddad478fd383ee2511fe8368bd"},"headline":"Budapest &#8211; Mit Mu\u00dfe (3)","datePublished":"2004-06-10T11:30:10+00:00","dateModified":"2020-05-08T19:25:01+00:00","mainEntityOfPage":{"@id":"https:\/\/www.mundi-roth.de\/reiseberichte\/budapest-mit-muse-3\/"},"wordCount":454,"image":{"@id":"https:\/\/www.mundi-roth.de\/reiseberichte\/budapest-mit-muse-3\/#primaryimage"},"thumbnailUrl":"http:\/\/www.mundi-roth.de\/reiseberichte\/wp-content\/uploads\/2004\/06\/148_4850-150x112.jpg","keywords":["Budapest","Heldenplatz","Kettenbr\u00fccke","Promenadenschifffahrt","Restaurant Gundel"],"articleSection":["2004 Ungarn"],"inLanguage":"de"},{"@type":"WebPage","@id":"https:\/\/www.mundi-roth.de\/reiseberichte\/budapest-mit-muse-3\/","url":"https:\/\/www.mundi-roth.de\/reiseberichte\/budapest-mit-muse-3\/","name":"Budapest - Mit Mu\u00dfe (3) - Reiseberichte","isPartOf":{"@id":"https:\/\/www.mundi-roth.de\/reiseberichte\/#website"},"primaryImageOfPage":{"@id":"https:\/\/www.mundi-roth.de\/reiseberichte\/budapest-mit-muse-3\/#primaryimage"},"image":{"@id":"https:\/\/www.mundi-roth.de\/reiseberichte\/budapest-mit-muse-3\/#primaryimage"},"thumbnailUrl":"http:\/\/www.mundi-roth.de\/reiseberichte\/wp-content\/uploads\/2004\/06\/148_4850-150x112.jpg","datePublished":"2004-06-10T11:30:10+00:00","dateModified":"2020-05-08T19:25:01+00:00","author":{"@id":"https:\/\/www.mundi-roth.de\/reiseberichte\/#\/schema\/person\/5e8081ddad478fd383ee2511fe8368bd"},"breadcrumb":{"@id":"https:\/\/www.mundi-roth.de\/reiseberichte\/budapest-mit-muse-3\/#breadcrumb"},"inLanguage":"de","potentialAction":[{"@type":"ReadAction","target":["https:\/\/www.mundi-roth.de\/reiseberichte\/budapest-mit-muse-3\/"]}]},{"@type":"ImageObject","inLanguage":"de","@id":"https:\/\/www.mundi-roth.de\/reiseberichte\/budapest-mit-muse-3\/#primaryimage","url":"http:\/\/www.mundi-roth.de\/reiseberichte\/wp-content\/uploads\/2004\/06\/148_4850-150x112.jpg","contentUrl":"http:\/\/www.mundi-roth.de\/reiseberichte\/wp-content\/uploads\/2004\/06\/148_4850-150x112.jpg"},{"@type":"BreadcrumbList","@id":"https:\/\/www.mundi-roth.de\/reiseberichte\/budapest-mit-muse-3\/#breadcrumb","itemListElement":[{"@type":"ListItem","position":1,"name":"Startseite","item":"https:\/\/www.mundi-roth.de\/reiseberichte\/"},{"@type":"ListItem","position":2,"name":"Budapest &#8211; Mit Mu\u00dfe (3)"}]},{"@type":"WebSite","@id":"https:\/\/www.mundi-roth.de\/reiseberichte\/#website","url":"https:\/\/www.mundi-roth.de\/reiseberichte\/","name":"Reiseberichte","description":"Berichte \u00fcber Reisen (fast) rund um die Welt","potentialAction":[{"@type":"SearchAction","target":{"@type":"EntryPoint","urlTemplate":"https:\/\/www.mundi-roth.de\/reiseberichte\/?s={search_term_string}"},"query-input":{"@type":"PropertyValueSpecification","valueRequired":true,"valueName":"search_term_string"}}],"inLanguage":"de"},{"@type":"Person","@id":"https:\/\/www.mundi-roth.de\/reiseberichte\/#\/schema\/person\/5e8081ddad478fd383ee2511fe8368bd","name":"mr","image":{"@type":"ImageObject","inLanguage":"de","@id":"https:\/\/secure.gravatar.com\/avatar\/9a3c34f32a8cb6923297b48d58fb263210ea20a4049fc4d3ccb858ce00487957?s=96&d=mm&r=g","url":"https:\/\/secure.gravatar.com\/avatar\/9a3c34f32a8cb6923297b48d58fb263210ea20a4049fc4d3ccb858ce00487957?s=96&d=mm&r=g","contentUrl":"https:\/\/secure.gravatar.com\/avatar\/9a3c34f32a8cb6923297b48d58fb263210ea20a4049fc4d3ccb858ce00487957?s=96&d=mm&r=g","caption":"mr"},"sameAs":["http:\/\/www.mundi-roth.de"]}]}},"_links":{"self":[{"href":"https:\/\/www.mundi-roth.de\/reiseberichte\/wp-json\/wp\/v2\/posts\/165","targetHints":{"allow":["GET"]}}],"collection":[{"href":"https:\/\/www.mundi-roth.de\/reiseberichte\/wp-json\/wp\/v2\/posts"}],"about":[{"href":"https:\/\/www.mundi-roth.de\/reiseberichte\/wp-json\/wp\/v2\/types\/post"}],"author":[{"embeddable":true,"href":"https:\/\/www.mundi-roth.de\/reiseberichte\/wp-json\/wp\/v2\/users\/2"}],"replies":[{"embeddable":true,"href":"https:\/\/www.mundi-roth.de\/reiseberichte\/wp-json\/wp\/v2\/comments?post=165"}],"version-history":[{"count":0,"href":"https:\/\/www.mundi-roth.de\/reiseberichte\/wp-json\/wp\/v2\/posts\/165\/revisions"}],"wp:attachment":[{"href":"https:\/\/www.mundi-roth.de\/reiseberichte\/wp-json\/wp\/v2\/media?parent=165"}],"wp:term":[{"taxonomy":"category","embeddable":true,"href":"https:\/\/www.mundi-roth.de\/reiseberichte\/wp-json\/wp\/v2\/categories?post=165"},{"taxonomy":"post_tag","embeddable":true,"href":"https:\/\/www.mundi-roth.de\/reiseberichte\/wp-json\/wp\/v2\/tags?post=165"}],"curies":[{"name":"wp","href":"https:\/\/api.w.org\/{rel}","templated":true}]}}