{"id":170,"date":"2004-06-10T11:30:28","date_gmt":"2004-06-10T10:30:28","guid":{"rendered":"http:\/\/www.mundi-roth.de\/reiseberichte\/?p=170"},"modified":"2020-05-08T20:25:01","modified_gmt":"2020-05-08T19:25:01","slug":"budapest-mit-muse-5","status":"publish","type":"post","link":"https:\/\/www.mundi-roth.de\/reiseberichte\/budapest-mit-muse-5\/","title":{"rendered":"Budapest &#8211; Mit Mu\u00dfe (5)"},"content":{"rendered":"<p>Donnerstag, 3. Juni 2004<\/p>\n<p>9.20 Uhr Abfahrt mit dem Bus nach G\u00f6d\u00f6ll\u00f6, zum Siss\u00adi-Schlo\u00df, dem zweitsch\u00f6nsten Barockschlo\u00df des Landes. Die Fahrten mit dem Bus vermittelten mir genau den Eindruck den ich mir von Ungarn gemacht hatte. Viel Landschaft, kleine H\u00e4user, man wartet direkt darauf, da\u00df die G\u00e4nse noch \u00fcber die Stra\u00dfe laufen. Um 10.30 \u2013 11.20 Uhr war eine F\u00fchrung durch eine ungarische Kunsthistorikerin im Schlo\u00df angesagt.<\/p>\n<p><a href=\"http:\/\/www.mundi-roth.de\/reiseberichte\/wp-content\/uploads\/2004\/06\/149_4907p1.jpg\"><img loading=\"lazy\" decoding=\"async\" class=\"alignleft size-thumbnail wp-image-662\" title=\"149_4907p1\" src=\"http:\/\/www.mundi-roth.de\/reiseberichte\/wp-content\/uploads\/2004\/06\/149_4907p1-150x63.jpg\" alt=\"149_4907p1\" width=\"150\" height=\"63\" srcset=\"https:\/\/www.mundi-roth.de\/reiseberichte\/wp-content\/uploads\/2004\/06\/149_4907p1-150x63.jpg 150w, https:\/\/www.mundi-roth.de\/reiseberichte\/wp-content\/uploads\/2004\/06\/149_4907p1-300x127.jpg 300w, https:\/\/www.mundi-roth.de\/reiseberichte\/wp-content\/uploads\/2004\/06\/149_4907p1.jpg 600w\" sizes=\"auto, (max-width: 150px) 100vw, 150px\" \/><\/a>\u201eDas Schlo\u00df entstand 1744-50 nach den Pl\u00e4nen von Andreas Mayerhoffer f\u00fcr Graf Antal Grassalkovisch, einem der m\u00e4chtigsten Magnaten des 18. Jahrhunderts und Vertrautem der Kaiserin Maria Theresias. Die F\u00fchrerin erz\u00e4hlte uns die Anekdote, da\u00df, als Kaiserin Maria Theresias einmal in das Schlo\u00df zu Besuch kam, lie\u00df er sie von der Ortsgrenze mit Schlitten abholen, die sie so liebte. Da es jedoch gerade Sommer war, Schnee also nicht vorhanden, l\u00f6ste er das Problem, indem er Salz streuen lie\u00df. Zudem lie\u00df er f\u00fcr diesen einen Besuch f\u00fcr sie ein Zimmer ganz in Marmor herrichten.<\/p>\n<p>Die von einem Park umgeben U-f\u00f6rmige Anlage umfasste St\u00e4lle, eine Orangerie, Theater und Kirche. Im Jahr des Ausgleichs 1867 schenkte die ungarische Nation sie dem Habsburger K\u00f6nigspaar Franz Joseph I. und Elisabeth (= \u201eSissi\u201c) als Lustschlo\u00df. Eine besondere Rolle spielte hier wohl einer der wichtigsten ungarischen Politiker, Graf Gyula Andr\u00e1ssy. Nicht sicher ist, wie weit die Vertraulichkeiten zwischen \u201eSissi\u201c und dem als sehr anziehend geltenden Andr\u00e1ssy gingen. Sicher ist, dass sich Sissi den Ungarn stark verbunden f\u00fchlte, flie\u00dfend ungarisch sprach, Ungarns Geschichte studierte, ungarische Literatur las und zudem noch eine ausgezeichnete h\u00fcbsche Reiterin war und dieses Schloss als Fluchtpunkt vor ihrer Schwiegermutter und Tante zugleich, Erzherzogin Sophie, nutzte. Ihre Verehrung f\u00fcr den untersetzten, jovialen Ferenc De\u00e1k dem \u201eWeisen\u201c des ungarischen Vaterlandes, zeigte sie offen.<\/p>\n<p>Zudem hat Elisabeth, als habsburgische Kaiserin, eine entscheidende Rolle bei der Vorbereitung des Ausgleichs zwischen \u00d6sterreich und Ungarn gespielt.<\/p>\n<p>Nach dem Zusammenbruch der K.u.K.-Monarchie 1918 wurde es die Sommerresidenz von Reichsverweser Mikl\u00f3s Horthy, der Ungarn an der Seite Deutschlands in den Zweiten Weltkrieg f\u00fchrte. 1944 erst von deutschen, dann von russischen Truppen gepl\u00fcndert und zerst\u00f6rt, wurden die Wirtschaftsgeb\u00e4ude ab 1950 sowjetische Kaserne und das Schlo\u00df Altenheim. Die Spuren dieser Zeit sind noch an den Nebengeb\u00e4uden und im Park erkennbar.<\/p>\n<p>Das Hauptgeb\u00e4ude erstrahlt dagegen in neuem Glanz. Gegenw\u00e4rtig sind 26 rekonstruierte R\u00e4ume zu besichtigen, zu gro\u00dfen Teilen mit zeitgen\u00f6ssischem Mobiliar anderer Schl\u00f6sser eingerichtet oder m\u00fchevoll auf weltweiten Auktionen ersteigert. Die pers\u00f6nlichen R\u00e4ume von Sissi waren in veilchenblau, ihrer Lieblingsfarbe gehalten.<br \/>\nNach den ausf\u00fchrlichen, kurzweiligen Ausf\u00fchrungen unserer F\u00fchrerin lud uns Herr Alexander auf Kosten von Studiosus in die h\u00fcbsche Schlo\u00dfkonditorei zu Kaffee und Kuchen ein.<\/p>\n<p>Um 12.15 bis 14.00 ging unsere Fahrt weiter nach Kecskem\u00e9t, in die Hauptstadt von Kleinkumanien, in die s\u00fcdliche Tiefebene.<\/p>\n<p>Unser erster Gang f\u00fchrte uns zum Rathaus. Das auff\u00e4lligste Geb\u00e4ude ist 1896<a href=\"http:\/\/www.mundi-roth.de\/reiseberichte\/wp-content\/uploads\/2004\/06\/149_4912.jpg\"><img loading=\"lazy\" decoding=\"async\" class=\"alignleft size-thumbnail wp-image-663\" title=\"149_4912\" src=\"http:\/\/www.mundi-roth.de\/reiseberichte\/wp-content\/uploads\/2004\/06\/149_4912-112x150.jpg\" alt=\"149_4912\" width=\"112\" height=\"150\" srcset=\"https:\/\/www.mundi-roth.de\/reiseberichte\/wp-content\/uploads\/2004\/06\/149_4912-112x150.jpg 112w, https:\/\/www.mundi-roth.de\/reiseberichte\/wp-content\/uploads\/2004\/06\/149_4912-225x300.jpg 225w, https:\/\/www.mundi-roth.de\/reiseberichte\/wp-content\/uploads\/2004\/06\/149_4912.jpg 450w\" sizes=\"auto, (max-width: 112px) 100vw, 112px\" \/><\/a> nach den Pl\u00e4nen von \u00d6d\u00f6n Lechner und Gyula P\u00e1rtos entstanden. Es ist ein zu Stein gewordener Ausdruck des im 19. Jahrhundert erwachten Nationalgef\u00fchls. Jugendstil nach ungarischer Art. Herr Alexander erm\u00f6glichte uns die<a href=\"http:\/\/www.mundi-roth.de\/reiseberichte\/wp-content\/uploads\/2004\/06\/149_4921.jpg\"><img loading=\"lazy\" decoding=\"async\" class=\"alignright size-thumbnail wp-image-664\" title=\"149_4921\" src=\"http:\/\/www.mundi-roth.de\/reiseberichte\/wp-content\/uploads\/2004\/06\/149_4921-150x112.jpg\" alt=\"149_4921\" width=\"150\" height=\"112\" srcset=\"https:\/\/www.mundi-roth.de\/reiseberichte\/wp-content\/uploads\/2004\/06\/149_4921-150x112.jpg 150w, https:\/\/www.mundi-roth.de\/reiseberichte\/wp-content\/uploads\/2004\/06\/149_4921-300x224.jpg 300w, https:\/\/www.mundi-roth.de\/reiseberichte\/wp-content\/uploads\/2004\/06\/149_4921.jpg 600w\" sizes=\"auto, (max-width: 150px) 100vw, 150px\" \/><\/a> Besichtigung des Prunksaals mit historischen Bildern von Bertalan Sz\u00e9kely, der heute als Ratssaal dient. Das st\u00fcndlich erklingende Glockenspiel h\u00f6rten wir uns nach einem kurzen Rundgang an. Vorher bestaunten wir jedoch den <a href=\"http:\/\/www.mundi-roth.de\/reiseberichte\/wp-content\/uploads\/2004\/06\/149_4925.jpg\"><img loading=\"lazy\" decoding=\"async\" class=\"alignleft size-thumbnail wp-image-666\" title=\"149_4925\" src=\"http:\/\/www.mundi-roth.de\/reiseberichte\/wp-content\/uploads\/2004\/06\/149_4925-150x112.jpg\" alt=\"149_4925\" width=\"150\" height=\"112\" srcset=\"https:\/\/www.mundi-roth.de\/reiseberichte\/wp-content\/uploads\/2004\/06\/149_4925-150x112.jpg 150w, https:\/\/www.mundi-roth.de\/reiseberichte\/wp-content\/uploads\/2004\/06\/149_4925-300x225.jpg 300w, https:\/\/www.mundi-roth.de\/reiseberichte\/wp-content\/uploads\/2004\/06\/149_4925.jpg 600w\" sizes=\"auto, (max-width: 150px) 100vw, 150px\" \/><\/a>\u201eBunten Palast\u201c (Cifra Palast), noch ein Schmuckst\u00fcck der Stadt. D\u00e9za M\u00e1rkus, ein Sch\u00fcler \u00d6d\u00f6n Lechners, entwarf den Jugendstilbau um 1902 als Gesch\u00e4fts und Wohnhaus sowie Sitz des Handelskasinos. Bemerkenswerk sind die feinen Details. Die Jugendstilelemente sind der ungarischen Stickkunst entlehnt, w\u00e4hrend die an Backwerk erinnernden Schornsteine den orientalischen Einflu\u00df von 150 Jahren osmanischer Herrschaft aufgreifen. Heute befinden sich hier die R\u00e4ume der Kecskem\u00e9ter Bildergalerie. Direkt gegen\u00fcber liegt das blendend wei\u00dfe Geb\u00e4ude der Synagoge, 1871 nach Entw\u00fcrfen von Johann Zitterbarth im maurischen Stil erbaut. Heute beherbergt es das Haus der Technik und die Michelangelo Galerie mit Kopien des italienischen Renaissancemeisters. Ein kurzer Halt in einer Eisdiele, \u00fcber den Platz mit vielen sch\u00f6n gestalteten Verkaufsst\u00e4nden, dann dem Glockenspiel gelauscht und zur\u00fcck zum Bus.<\/p>\n<p>15.20 Uhr ging die Fahrt weiter in die Puszta zu einem Geh\u00f6ft, dem Varga Tanya.<\/p>\n<p>Die Puszta<\/p>\n<p><a href=\"http:\/\/www.mundi-roth.de\/reiseberichte\/wp-content\/uploads\/2004\/06\/149_4930.jpg\"><img loading=\"lazy\" decoding=\"async\" class=\"alignleft size-thumbnail wp-image-667\" title=\"149_4930\" src=\"http:\/\/www.mundi-roth.de\/reiseberichte\/wp-content\/uploads\/2004\/06\/149_4930-112x150.jpg\" alt=\"149_4930\" width=\"112\" height=\"150\" srcset=\"https:\/\/www.mundi-roth.de\/reiseberichte\/wp-content\/uploads\/2004\/06\/149_4930-112x150.jpg 112w, https:\/\/www.mundi-roth.de\/reiseberichte\/wp-content\/uploads\/2004\/06\/149_4930-225x300.jpg 225w, https:\/\/www.mundi-roth.de\/reiseberichte\/wp-content\/uploads\/2004\/06\/149_4930.jpg 450w\" sizes=\"auto, (max-width: 112px) 100vw, 112px\" \/><\/a>Asien beginnt jenseits der Donau, sagen die West-Ungarn, und f\u00fcr Nicht-Ungarn liegt Ungarn \u00f6stlich der Donau, denn sie verbinden in der Regel mit Ungarn die Puszta, eine flache Bilderbuchlandschaft mit Ziehbrunnen, einzelnen H\u00f6fen und Pferdeherden.\u201c Wie alles ist auch die Puszta durch die Eingriffe der Menschen nicht mehr das, was sie fr\u00fcher einmal war. So handelt es sich bei der heutigen Pusztasteppe um keine urspr\u00fcngliche Naturlandschaft, sondern um ein einzigartiges Naturdenkmal mit einer einzigartigen Flora und Fauna. In Europa findet man \u00e4hnliche Gebiete nur noch in S\u00fcdru\u00dfland.  Trotzdem pr\u00e4gen noch bis heute kleine Einzelh\u00f6fe mit Ziehbrunnen das Landschaftsbild der Tiefebene.<\/p>\n<p>Der Besitzer hat es verstanden, nach dem Motto: \u201eWie es fr\u00fcher einmal war\u201c dies touristisch zu vermarkten. Sicher nicht schlecht, man k\u00f6nnte hier auch Reiterferien, 1 Woche mit 10 Reitstunden f\u00fcr rund 330 Euro machen.<\/p>\n<p>Wir werden mit Marillenschnaps und Geb\u00e4ck am Bus empfangen. Leider: Es <a href=\"http:\/\/www.mundi-roth.de\/reiseberichte\/wp-content\/uploads\/2004\/06\/149_4933.jpg\"><img loading=\"lazy\" decoding=\"async\" class=\"alignleft size-thumbnail wp-image-668\" title=\"149_4933\" src=\"http:\/\/www.mundi-roth.de\/reiseberichte\/wp-content\/uploads\/2004\/06\/149_4933-150x110.jpg\" alt=\"149_4933\" width=\"150\" height=\"110\" srcset=\"https:\/\/www.mundi-roth.de\/reiseberichte\/wp-content\/uploads\/2004\/06\/149_4933-150x110.jpg 150w, https:\/\/www.mundi-roth.de\/reiseberichte\/wp-content\/uploads\/2004\/06\/149_4933-300x220.jpg 300w, https:\/\/www.mundi-roth.de\/reiseberichte\/wp-content\/uploads\/2004\/06\/149_4933.jpg 600w\" sizes=\"auto, (max-width: 150px) 100vw, 150px\" \/><\/a>regnet, der Boden rund um das Geh\u00f6ft ist aufgeweicht, wir waten durch Schlamm und versuchen wenigstens halbwegs trockene Stellen zu finden. Schleichen uns durch die St\u00e4lle und gelangen so zur \u00fcberdachten Zuschauertrib\u00fcne von der wir die Reitvorf\u00fchrungen beobachten k\u00f6nnen. Schade,<a href=\"http:\/\/www.mundi-roth.de\/reiseberichte\/wp-content\/uploads\/2004\/06\/149_4948.jpg\"><img loading=\"lazy\" decoding=\"async\" class=\"alignright size-thumbnail wp-image-669\" title=\"149_4948\" src=\"http:\/\/www.mundi-roth.de\/reiseberichte\/wp-content\/uploads\/2004\/06\/149_4948-150x112.jpg\" alt=\"149_4948\" width=\"150\" height=\"112\" srcset=\"https:\/\/www.mundi-roth.de\/reiseberichte\/wp-content\/uploads\/2004\/06\/149_4948-150x112.jpg 150w, https:\/\/www.mundi-roth.de\/reiseberichte\/wp-content\/uploads\/2004\/06\/149_4948-300x225.jpg 300w, https:\/\/www.mundi-roth.de\/reiseberichte\/wp-content\/uploads\/2004\/06\/149_4948.jpg 600w\" sizes=\"auto, (max-width: 150px) 100vw, 150px\" \/><\/a> schade! Wir halten die Schirme vor unsere Beine damit der durch die zum Teil sensationellen Darbietungen \u2013 1 Reiter f\u00fchrt stehend auf dem letzten Pferd 10 Pferde am Z\u00fcgel &#8211; aufgew\u00fchlten Schlamm nicht zu verspritzt werden.<\/p>\n<p>Oh Wunder: Es h\u00f6rte auf zu regnen und wir konnten eine Kutschfahrt zu einem Nachbargeh\u00f6ft machen. Die jetzigen Besitzer <a href=\"http:\/\/www.mundi-roth.de\/reiseberichte\/wp-content\/uploads\/2004\/06\/149_4953.jpg\"><img loading=\"lazy\" decoding=\"async\" class=\"alignleft size-thumbnail wp-image-670\" title=\"149_4953\" src=\"http:\/\/www.mundi-roth.de\/reiseberichte\/wp-content\/uploads\/2004\/06\/149_4953-150x112.jpg\" alt=\"149_4953\" width=\"150\" height=\"112\" srcset=\"https:\/\/www.mundi-roth.de\/reiseberichte\/wp-content\/uploads\/2004\/06\/149_4953-150x112.jpg 150w, https:\/\/www.mundi-roth.de\/reiseberichte\/wp-content\/uploads\/2004\/06\/149_4953-300x225.jpg 300w, https:\/\/www.mundi-roth.de\/reiseberichte\/wp-content\/uploads\/2004\/06\/149_4953.jpg 600w\" sizes=\"auto, (max-width: 150px) 100vw, 150px\" \/><\/a>konnten das Gut, das vorher den Gro\u00dfeltern der Besitzerin geh\u00f6rte, nach der Enteignung durch die Kommunisten zur\u00fcckkaufen und haben nun einen biologisch-gef\u00fchrten Betrieb aufgebaut nach dem Gedanken von Rudolf Steiner. Wir bestaunten das liebevoll gestaltete Museum, das uns zeigt wie einst hier gelebt wurde, machten einen Rundgang und ich sah zum ersten Mal ein Wollschwein. Zur Zeit war Leben auf dem Hof, eine Waldorf-Schulklasse <a href=\"http:\/\/www.mundi-roth.de\/reiseberichte\/wp-content\/uploads\/2004\/06\/149_4954.jpg\"><img loading=\"lazy\" decoding=\"async\" class=\"alignleft size-thumbnail wp-image-671\" title=\"149_4954\" src=\"http:\/\/www.mundi-roth.de\/reiseberichte\/wp-content\/uploads\/2004\/06\/149_4954-150x112.jpg\" alt=\"149_4954\" width=\"150\" height=\"112\" srcset=\"https:\/\/www.mundi-roth.de\/reiseberichte\/wp-content\/uploads\/2004\/06\/149_4954-150x112.jpg 150w, https:\/\/www.mundi-roth.de\/reiseberichte\/wp-content\/uploads\/2004\/06\/149_4954-300x225.jpg 300w, https:\/\/www.mundi-roth.de\/reiseberichte\/wp-content\/uploads\/2004\/06\/149_4954.jpg 600w\" sizes=\"auto, (max-width: 150px) 100vw, 150px\" \/><\/a>machte Ferien auf dem Lande. Auch trocken kamen wir zur\u00fcck und nun war z\u00fcnftiges Essen angesagt. Gulaschsuppe, Brot, Rot- oder Wei\u00dfwein und dazu Zigeunermusik. 5 Musiker machten sicher keine <a href=\"http:\/\/www.mundi-roth.de\/reiseberichte\/wp-content\/uploads\/2004\/06\/149_4955.jpg\"><img loading=\"lazy\" decoding=\"async\" class=\"alignright size-thumbnail wp-image-672\" title=\"149_4955\" src=\"http:\/\/www.mundi-roth.de\/reiseberichte\/wp-content\/uploads\/2004\/06\/149_4955-150x112.jpg\" alt=\"149_4955\" width=\"150\" height=\"112\" srcset=\"https:\/\/www.mundi-roth.de\/reiseberichte\/wp-content\/uploads\/2004\/06\/149_4955-150x112.jpg 150w, https:\/\/www.mundi-roth.de\/reiseberichte\/wp-content\/uploads\/2004\/06\/149_4955-300x225.jpg 300w, https:\/\/www.mundi-roth.de\/reiseberichte\/wp-content\/uploads\/2004\/06\/149_4955.jpg 600w\" sizes=\"auto, (max-width: 150px) 100vw, 150px\" \/><\/a>schlechte Musik, aber so was von laut, unertr\u00e4glich.<\/p>\n<p>Dadurch bedingt waren wir dann froh als um 20 Uhr die Heimfahrt angetreten wurde. Selbst auf dieser langen Strecke wurde die geplante Ankunftszeit um 21.30 Uhr am Hotel eingehalten.<\/p>\n","protected":false},"excerpt":{"rendered":"<p>Donnerstag, 3. Juni 2004 9.20 Uhr Abfahrt mit dem Bus nach G\u00f6d\u00f6ll\u00f6, zum Siss\u00adi-Schlo\u00df, dem zweitsch\u00f6nsten Barockschlo\u00df des Landes. Die Fahrten mit dem Bus vermittelten mir genau den Eindruck den ich mir von Ungarn gemacht hatte. Viel Landschaft, kleine H\u00e4user, man wartet direkt darauf, da\u00df die G\u00e4nse noch \u00fcber die Stra\u00dfe laufen. Um 10.30 \u2013 [&hellip;]<\/p>\n","protected":false},"author":2,"featured_media":0,"comment_status":"closed","ping_status":"closed","sticky":false,"template":"","format":"standard","meta":{"footnotes":""},"categories":[90],"tags":[92,119,115,117,118,120,121,116],"class_list":["post-170","post","type-post","status-publish","format-standard","hentry","category-ungarn","tag-budapest","tag-cifra-palast","tag-godollo","tag-kecskemet","tag-kleinkumanien","tag-puszta","tag-reitvorfuhrungen","tag-sissi-schlos"],"yoast_head":"<!-- This site is optimized with the Yoast SEO plugin v27.4 - https:\/\/yoast.com\/product\/yoast-seo-wordpress\/ -->\n<title>Budapest - Mit Mu\u00dfe (5) - Reiseberichte<\/title>\n<meta name=\"robots\" content=\"index, follow, max-snippet:-1, max-image-preview:large, max-video-preview:-1\" \/>\n<link rel=\"canonical\" href=\"https:\/\/www.mundi-roth.de\/reiseberichte\/budapest-mit-muse-5\/\" \/>\n<meta name=\"twitter:label1\" content=\"Verfasst von\" \/>\n\t<meta name=\"twitter:data1\" content=\"mr\" \/>\n\t<meta name=\"twitter:label2\" content=\"Gesch\u00e4tzte Lesezeit\" \/>\n\t<meta name=\"twitter:data2\" content=\"6\u00a0Minuten\" \/>\n<script type=\"application\/ld+json\" class=\"yoast-schema-graph\">{\"@context\":\"https:\\\/\\\/schema.org\",\"@graph\":[{\"@type\":\"Article\",\"@id\":\"https:\\\/\\\/www.mundi-roth.de\\\/reiseberichte\\\/budapest-mit-muse-5\\\/#article\",\"isPartOf\":{\"@id\":\"https:\\\/\\\/www.mundi-roth.de\\\/reiseberichte\\\/budapest-mit-muse-5\\\/\"},\"author\":{\"name\":\"mr\",\"@id\":\"https:\\\/\\\/www.mundi-roth.de\\\/reiseberichte\\\/#\\\/schema\\\/person\\\/5e8081ddad478fd383ee2511fe8368bd\"},\"headline\":\"Budapest &#8211; Mit Mu\u00dfe (5)\",\"datePublished\":\"2004-06-10T10:30:28+00:00\",\"dateModified\":\"2020-05-08T19:25:01+00:00\",\"mainEntityOfPage\":{\"@id\":\"https:\\\/\\\/www.mundi-roth.de\\\/reiseberichte\\\/budapest-mit-muse-5\\\/\"},\"wordCount\":1113,\"image\":{\"@id\":\"https:\\\/\\\/www.mundi-roth.de\\\/reiseberichte\\\/budapest-mit-muse-5\\\/#primaryimage\"},\"thumbnailUrl\":\"http:\\\/\\\/www.mundi-roth.de\\\/reiseberichte\\\/wp-content\\\/uploads\\\/2004\\\/06\\\/149_4907p1-150x63.jpg\",\"keywords\":[\"Budapest\",\"Cifra Palast\",\"G\u00f6d\u00f6ll\u00f6\",\"Kecskem\u00e9t\",\"Kleinkumanien\",\"Puszta\",\"Reitvorf\u00fchrungen\",\"Siss\u00adi-Schlo\u00df\"],\"articleSection\":[\"2004 Ungarn\"],\"inLanguage\":\"de\"},{\"@type\":\"WebPage\",\"@id\":\"https:\\\/\\\/www.mundi-roth.de\\\/reiseberichte\\\/budapest-mit-muse-5\\\/\",\"url\":\"https:\\\/\\\/www.mundi-roth.de\\\/reiseberichte\\\/budapest-mit-muse-5\\\/\",\"name\":\"Budapest - Mit Mu\u00dfe (5) - Reiseberichte\",\"isPartOf\":{\"@id\":\"https:\\\/\\\/www.mundi-roth.de\\\/reiseberichte\\\/#website\"},\"primaryImageOfPage\":{\"@id\":\"https:\\\/\\\/www.mundi-roth.de\\\/reiseberichte\\\/budapest-mit-muse-5\\\/#primaryimage\"},\"image\":{\"@id\":\"https:\\\/\\\/www.mundi-roth.de\\\/reiseberichte\\\/budapest-mit-muse-5\\\/#primaryimage\"},\"thumbnailUrl\":\"http:\\\/\\\/www.mundi-roth.de\\\/reiseberichte\\\/wp-content\\\/uploads\\\/2004\\\/06\\\/149_4907p1-150x63.jpg\",\"datePublished\":\"2004-06-10T10:30:28+00:00\",\"dateModified\":\"2020-05-08T19:25:01+00:00\",\"author\":{\"@id\":\"https:\\\/\\\/www.mundi-roth.de\\\/reiseberichte\\\/#\\\/schema\\\/person\\\/5e8081ddad478fd383ee2511fe8368bd\"},\"breadcrumb\":{\"@id\":\"https:\\\/\\\/www.mundi-roth.de\\\/reiseberichte\\\/budapest-mit-muse-5\\\/#breadcrumb\"},\"inLanguage\":\"de\",\"potentialAction\":[{\"@type\":\"ReadAction\",\"target\":[\"https:\\\/\\\/www.mundi-roth.de\\\/reiseberichte\\\/budapest-mit-muse-5\\\/\"]}]},{\"@type\":\"ImageObject\",\"inLanguage\":\"de\",\"@id\":\"https:\\\/\\\/www.mundi-roth.de\\\/reiseberichte\\\/budapest-mit-muse-5\\\/#primaryimage\",\"url\":\"http:\\\/\\\/www.mundi-roth.de\\\/reiseberichte\\\/wp-content\\\/uploads\\\/2004\\\/06\\\/149_4907p1-150x63.jpg\",\"contentUrl\":\"http:\\\/\\\/www.mundi-roth.de\\\/reiseberichte\\\/wp-content\\\/uploads\\\/2004\\\/06\\\/149_4907p1-150x63.jpg\"},{\"@type\":\"BreadcrumbList\",\"@id\":\"https:\\\/\\\/www.mundi-roth.de\\\/reiseberichte\\\/budapest-mit-muse-5\\\/#breadcrumb\",\"itemListElement\":[{\"@type\":\"ListItem\",\"position\":1,\"name\":\"Startseite\",\"item\":\"https:\\\/\\\/www.mundi-roth.de\\\/reiseberichte\\\/\"},{\"@type\":\"ListItem\",\"position\":2,\"name\":\"Budapest &#8211; Mit Mu\u00dfe (5)\"}]},{\"@type\":\"WebSite\",\"@id\":\"https:\\\/\\\/www.mundi-roth.de\\\/reiseberichte\\\/#website\",\"url\":\"https:\\\/\\\/www.mundi-roth.de\\\/reiseberichte\\\/\",\"name\":\"Reiseberichte\",\"description\":\"Berichte \u00fcber Reisen (fast) rund um die Welt\",\"potentialAction\":[{\"@type\":\"SearchAction\",\"target\":{\"@type\":\"EntryPoint\",\"urlTemplate\":\"https:\\\/\\\/www.mundi-roth.de\\\/reiseberichte\\\/?s={search_term_string}\"},\"query-input\":{\"@type\":\"PropertyValueSpecification\",\"valueRequired\":true,\"valueName\":\"search_term_string\"}}],\"inLanguage\":\"de\"},{\"@type\":\"Person\",\"@id\":\"https:\\\/\\\/www.mundi-roth.de\\\/reiseberichte\\\/#\\\/schema\\\/person\\\/5e8081ddad478fd383ee2511fe8368bd\",\"name\":\"mr\",\"image\":{\"@type\":\"ImageObject\",\"inLanguage\":\"de\",\"@id\":\"https:\\\/\\\/secure.gravatar.com\\\/avatar\\\/9a3c34f32a8cb6923297b48d58fb263210ea20a4049fc4d3ccb858ce00487957?s=96&d=mm&r=g\",\"url\":\"https:\\\/\\\/secure.gravatar.com\\\/avatar\\\/9a3c34f32a8cb6923297b48d58fb263210ea20a4049fc4d3ccb858ce00487957?s=96&d=mm&r=g\",\"contentUrl\":\"https:\\\/\\\/secure.gravatar.com\\\/avatar\\\/9a3c34f32a8cb6923297b48d58fb263210ea20a4049fc4d3ccb858ce00487957?s=96&d=mm&r=g\",\"caption\":\"mr\"},\"sameAs\":[\"http:\\\/\\\/www.mundi-roth.de\"]}]}<\/script>\n<!-- \/ Yoast SEO plugin. -->","yoast_head_json":{"title":"Budapest - Mit Mu\u00dfe (5) - Reiseberichte","robots":{"index":"index","follow":"follow","max-snippet":"max-snippet:-1","max-image-preview":"max-image-preview:large","max-video-preview":"max-video-preview:-1"},"canonical":"https:\/\/www.mundi-roth.de\/reiseberichte\/budapest-mit-muse-5\/","twitter_misc":{"Verfasst von":"mr","Gesch\u00e4tzte Lesezeit":"6\u00a0Minuten"},"schema":{"@context":"https:\/\/schema.org","@graph":[{"@type":"Article","@id":"https:\/\/www.mundi-roth.de\/reiseberichte\/budapest-mit-muse-5\/#article","isPartOf":{"@id":"https:\/\/www.mundi-roth.de\/reiseberichte\/budapest-mit-muse-5\/"},"author":{"name":"mr","@id":"https:\/\/www.mundi-roth.de\/reiseberichte\/#\/schema\/person\/5e8081ddad478fd383ee2511fe8368bd"},"headline":"Budapest &#8211; Mit Mu\u00dfe (5)","datePublished":"2004-06-10T10:30:28+00:00","dateModified":"2020-05-08T19:25:01+00:00","mainEntityOfPage":{"@id":"https:\/\/www.mundi-roth.de\/reiseberichte\/budapest-mit-muse-5\/"},"wordCount":1113,"image":{"@id":"https:\/\/www.mundi-roth.de\/reiseberichte\/budapest-mit-muse-5\/#primaryimage"},"thumbnailUrl":"http:\/\/www.mundi-roth.de\/reiseberichte\/wp-content\/uploads\/2004\/06\/149_4907p1-150x63.jpg","keywords":["Budapest","Cifra Palast","G\u00f6d\u00f6ll\u00f6","Kecskem\u00e9t","Kleinkumanien","Puszta","Reitvorf\u00fchrungen","Siss\u00adi-Schlo\u00df"],"articleSection":["2004 Ungarn"],"inLanguage":"de"},{"@type":"WebPage","@id":"https:\/\/www.mundi-roth.de\/reiseberichte\/budapest-mit-muse-5\/","url":"https:\/\/www.mundi-roth.de\/reiseberichte\/budapest-mit-muse-5\/","name":"Budapest - Mit Mu\u00dfe (5) - Reiseberichte","isPartOf":{"@id":"https:\/\/www.mundi-roth.de\/reiseberichte\/#website"},"primaryImageOfPage":{"@id":"https:\/\/www.mundi-roth.de\/reiseberichte\/budapest-mit-muse-5\/#primaryimage"},"image":{"@id":"https:\/\/www.mundi-roth.de\/reiseberichte\/budapest-mit-muse-5\/#primaryimage"},"thumbnailUrl":"http:\/\/www.mundi-roth.de\/reiseberichte\/wp-content\/uploads\/2004\/06\/149_4907p1-150x63.jpg","datePublished":"2004-06-10T10:30:28+00:00","dateModified":"2020-05-08T19:25:01+00:00","author":{"@id":"https:\/\/www.mundi-roth.de\/reiseberichte\/#\/schema\/person\/5e8081ddad478fd383ee2511fe8368bd"},"breadcrumb":{"@id":"https:\/\/www.mundi-roth.de\/reiseberichte\/budapest-mit-muse-5\/#breadcrumb"},"inLanguage":"de","potentialAction":[{"@type":"ReadAction","target":["https:\/\/www.mundi-roth.de\/reiseberichte\/budapest-mit-muse-5\/"]}]},{"@type":"ImageObject","inLanguage":"de","@id":"https:\/\/www.mundi-roth.de\/reiseberichte\/budapest-mit-muse-5\/#primaryimage","url":"http:\/\/www.mundi-roth.de\/reiseberichte\/wp-content\/uploads\/2004\/06\/149_4907p1-150x63.jpg","contentUrl":"http:\/\/www.mundi-roth.de\/reiseberichte\/wp-content\/uploads\/2004\/06\/149_4907p1-150x63.jpg"},{"@type":"BreadcrumbList","@id":"https:\/\/www.mundi-roth.de\/reiseberichte\/budapest-mit-muse-5\/#breadcrumb","itemListElement":[{"@type":"ListItem","position":1,"name":"Startseite","item":"https:\/\/www.mundi-roth.de\/reiseberichte\/"},{"@type":"ListItem","position":2,"name":"Budapest &#8211; Mit Mu\u00dfe (5)"}]},{"@type":"WebSite","@id":"https:\/\/www.mundi-roth.de\/reiseberichte\/#website","url":"https:\/\/www.mundi-roth.de\/reiseberichte\/","name":"Reiseberichte","description":"Berichte \u00fcber Reisen (fast) rund um die Welt","potentialAction":[{"@type":"SearchAction","target":{"@type":"EntryPoint","urlTemplate":"https:\/\/www.mundi-roth.de\/reiseberichte\/?s={search_term_string}"},"query-input":{"@type":"PropertyValueSpecification","valueRequired":true,"valueName":"search_term_string"}}],"inLanguage":"de"},{"@type":"Person","@id":"https:\/\/www.mundi-roth.de\/reiseberichte\/#\/schema\/person\/5e8081ddad478fd383ee2511fe8368bd","name":"mr","image":{"@type":"ImageObject","inLanguage":"de","@id":"https:\/\/secure.gravatar.com\/avatar\/9a3c34f32a8cb6923297b48d58fb263210ea20a4049fc4d3ccb858ce00487957?s=96&d=mm&r=g","url":"https:\/\/secure.gravatar.com\/avatar\/9a3c34f32a8cb6923297b48d58fb263210ea20a4049fc4d3ccb858ce00487957?s=96&d=mm&r=g","contentUrl":"https:\/\/secure.gravatar.com\/avatar\/9a3c34f32a8cb6923297b48d58fb263210ea20a4049fc4d3ccb858ce00487957?s=96&d=mm&r=g","caption":"mr"},"sameAs":["http:\/\/www.mundi-roth.de"]}]}},"_links":{"self":[{"href":"https:\/\/www.mundi-roth.de\/reiseberichte\/wp-json\/wp\/v2\/posts\/170","targetHints":{"allow":["GET"]}}],"collection":[{"href":"https:\/\/www.mundi-roth.de\/reiseberichte\/wp-json\/wp\/v2\/posts"}],"about":[{"href":"https:\/\/www.mundi-roth.de\/reiseberichte\/wp-json\/wp\/v2\/types\/post"}],"author":[{"embeddable":true,"href":"https:\/\/www.mundi-roth.de\/reiseberichte\/wp-json\/wp\/v2\/users\/2"}],"replies":[{"embeddable":true,"href":"https:\/\/www.mundi-roth.de\/reiseberichte\/wp-json\/wp\/v2\/comments?post=170"}],"version-history":[{"count":0,"href":"https:\/\/www.mundi-roth.de\/reiseberichte\/wp-json\/wp\/v2\/posts\/170\/revisions"}],"wp:attachment":[{"href":"https:\/\/www.mundi-roth.de\/reiseberichte\/wp-json\/wp\/v2\/media?parent=170"}],"wp:term":[{"taxonomy":"category","embeddable":true,"href":"https:\/\/www.mundi-roth.de\/reiseberichte\/wp-json\/wp\/v2\/categories?post=170"},{"taxonomy":"post_tag","embeddable":true,"href":"https:\/\/www.mundi-roth.de\/reiseberichte\/wp-json\/wp\/v2\/tags?post=170"}],"curies":[{"name":"wp","href":"https:\/\/api.w.org\/{rel}","templated":true}]}}