{"id":174,"date":"2004-06-10T10:30:52","date_gmt":"2004-06-10T09:30:52","guid":{"rendered":"http:\/\/www.mundi-roth.de\/reiseberichte\/?p=174"},"modified":"2020-05-08T20:25:02","modified_gmt":"2020-05-08T19:25:02","slug":"budapest-mit-muse-7","status":"publish","type":"post","link":"https:\/\/www.mundi-roth.de\/reiseberichte\/budapest-mit-muse-7\/","title":{"rendered":"Budapest &#8211; Mit Mu\u00dfe (7)"},"content":{"rendered":"<p>Samstag, 5. Juni 2004<\/p>\n<p>Heute stand der fakultaitve Ausflug zum Plattensee &#8211; dem Balaton &#8211; auf dem Programm<\/p>\n<p>Balaton<\/p>\n<p>Der Balaton ist mit 596 qkm der gr\u00f6\u00dfte See Mitteleuropas. Seine L\u00e4nge betr\u00e4gt 77 km, seine Breite 1,5 \u201314 km. Die Uferl\u00e4nge von 195 km kann man per Bahn, Auto oder \u2013 sportlicher \u2013 mit dem Fahrrad abfahren oder per <a href=\"http:\/\/www.mundi-roth.de\/reiseberichte\/wp-content\/uploads\/2004\/06\/plattensee.jpg\"><img loading=\"lazy\" decoding=\"async\" class=\"alignleft size-thumbnail wp-image-681\" title=\"plattensee\" src=\"http:\/\/www.mundi-roth.de\/reiseberichte\/wp-content\/uploads\/2004\/06\/plattensee-150x96.jpg\" alt=\"plattensee\" width=\"150\" height=\"96\" srcset=\"https:\/\/www.mundi-roth.de\/reiseberichte\/wp-content\/uploads\/2004\/06\/plattensee-150x96.jpg 150w, https:\/\/www.mundi-roth.de\/reiseberichte\/wp-content\/uploads\/2004\/06\/plattensee-300x192.jpg 300w, https:\/\/www.mundi-roth.de\/reiseberichte\/wp-content\/uploads\/2004\/06\/plattensee.jpg 419w\" sizes=\"auto, (max-width: 150px) 100vw, 150px\" \/><\/a>F\u00e4hre verk\u00fcrzen. Bei einer durchschnittlichen Tiefe von nur 3 m erw\u00e4rmt sich der See im Sommer leicht auf 24-28 Grad C. Im Winter friert er zur Freude der Eisfischer und Schlittschuhl\u00e4ufer schnell zu. Das Wasser ist leicht alkalisch und nie klar. Seine milchige Farbe verdankt es chemischen und physikalischen Prozessen. Dazu kommt sein Mineraliengehalt, vornehmlich an Kalzium und Magnesium, dem vor allem bei Nerven- und Ersch\u00f6pfungsleiden eine wohltuende Wirkung zugeschrieben wird.<\/p>\n<p>Der See hat, abgesehen von vielen kleinen, ihm zustrebenden B\u00e4chen, nur einen Zu- und einen Abflu\u00df, er wird von der Zala im Westen gespeist, das \u00fcbersch\u00fcssige Wasser wird im Osten \u00fcber den Si\u00f3-Kanal in die Donau geleitet.<\/p>\n<p>Als blaues Band liegt der Balaton im Herzen Transdanubiens. Im Gegensatz zu den von der Eiszeit gebildeten Bergseen der Alpen ist er ein typischer Steppensee und mit 22 000 Jahren ein recht junger dazu.\u201c<\/p>\n<p><a href=\"http:\/\/www.mundi-roth.de\/reiseberichte\/wp-content\/uploads\/2004\/06\/149_4996.jpg\"><img loading=\"lazy\" decoding=\"async\" class=\"alignleft size-thumbnail wp-image-682\" title=\"149_4996\" src=\"http:\/\/www.mundi-roth.de\/reiseberichte\/wp-content\/uploads\/2004\/06\/149_4996-112x150.jpg\" alt=\"149_4996\" width=\"112\" height=\"150\" srcset=\"https:\/\/www.mundi-roth.de\/reiseberichte\/wp-content\/uploads\/2004\/06\/149_4996-112x150.jpg 112w, https:\/\/www.mundi-roth.de\/reiseberichte\/wp-content\/uploads\/2004\/06\/149_4996-225x300.jpg 225w, https:\/\/www.mundi-roth.de\/reiseberichte\/wp-content\/uploads\/2004\/06\/149_4996.jpg 450w\" sizes=\"auto, (max-width: 112px) 100vw, 112px\" \/><\/a>Von 8 Uhr bis 10.15 stand die Fahrt nach Herend auf dem Fahrplan. Um 10.30 bis 11.15 Uhr wurden wir zur F\u00fchrung in der Porzellan-Manufaktur erwartet.<\/p>\n<p>Nach einem sch\u00f6n gestalteten Einf\u00fchrungsfilm wurden wir durch die verschieden Produktionsst\u00e4tten der Porzellan-Herstellung und Bearbeitung gef\u00fchrt. Es \u00fcberraschte uns <a href=\"http:\/\/www.mundi-roth.de\/reiseberichte\/wp-content\/uploads\/2004\/06\/149_4991x.jpg\"><img loading=\"lazy\" decoding=\"async\" class=\"alignright size-thumbnail wp-image-683\" title=\"149_4991x\" src=\"http:\/\/www.mundi-roth.de\/reiseberichte\/wp-content\/uploads\/2004\/06\/149_4991x-112x150.jpg\" alt=\"149_4991x\" width=\"112\" height=\"150\" srcset=\"https:\/\/www.mundi-roth.de\/reiseberichte\/wp-content\/uploads\/2004\/06\/149_4991x-112x150.jpg 112w, https:\/\/www.mundi-roth.de\/reiseberichte\/wp-content\/uploads\/2004\/06\/149_4991x-225x300.jpg 225w, https:\/\/www.mundi-roth.de\/reiseberichte\/wp-content\/uploads\/2004\/06\/149_4991x.jpg 450w\" sizes=\"auto, (max-width: 112px) 100vw, 112px\" \/><\/a>schon als erstes, da\u00df Herend zu den gr\u00f6\u00dften Porzellan-Manufakturen der Welt z\u00e4hlt. In diesem kleinen Ort, Herend,  der nur 4000 Einwohner z\u00e4hlt, leben mehr als die H\u00e4lfte der Einwohner vom Gesch\u00e4ft mit dem zerbrechlichen Gut. Seit 1993 geh\u00f6ren dem Staat nur noch 25 %, der gr\u00f6\u00dfere Anteil ist als Aktien im Besitz der Mitarbeiter. Die 1826 von Vince Stingl gegr\u00fcndete Porzellanmanufaktur ist auch eine der \u00e4ltesten in Europa.<\/p>\n<p>Damals begann man kostbare Porzellanst\u00fccke, z.B. aus China und Japan, detailgenau zu kopieren. Den internationalen Durchbruch brachte die Londoner Weltausstellung von 1851, auf der K\u00f6nigin Victoria ein mit Schmetterlings- und Blumendekor bemaltes Service im chinesischen Stil erwarb. Bis heute tr\u00e4gt dieses Muster ihren Namen! Andere hei\u00dfen nach ihren ber\u00fchmten Besitzern Esterh\u00e1zy oder Rothschild. Auch Alexander von Humboldt, Kaiserin \u201eSissi\u201c und Prinzessin Diana waren Liebhaber des Herender Porzellans.<\/p>\n<p>Jedes Teil ist ein Einzelst\u00fcck und wird von Hand verfertigt. Der Betrieb besch\u00e4ftigt allein 700 Maler. Zum Repertoire geh\u00f6ren rund 2500 verschiedene Dekors, von denen 359 im aktuellen Programm sind.<\/p>\n<p>Nach dieser F\u00fchrung lud uns Herr Alexander im Namen von Studiosus wieder zu Kaffee und Kuchen in das angegliederte Kaffee, wo uns dieser nat\u00fcrlich stilvoll auf Herender-Porzellan serviert wurde.<\/p>\n<p><a href=\"http:\/\/www.mundi-roth.de\/reiseberichte\/wp-content\/uploads\/2004\/06\/149_4997.jpg\"><img loading=\"lazy\" decoding=\"async\" class=\"alignright size-thumbnail wp-image-685\" title=\"149_4997\" src=\"http:\/\/www.mundi-roth.de\/reiseberichte\/wp-content\/uploads\/2004\/06\/149_4997-112x150.jpg\" alt=\"149_4997\" width=\"112\" height=\"150\" srcset=\"https:\/\/www.mundi-roth.de\/reiseberichte\/wp-content\/uploads\/2004\/06\/149_4997-112x150.jpg 112w, https:\/\/www.mundi-roth.de\/reiseberichte\/wp-content\/uploads\/2004\/06\/149_4997-225x300.jpg 225w, https:\/\/www.mundi-roth.de\/reiseberichte\/wp-content\/uploads\/2004\/06\/149_4997.jpg 450w\" sizes=\"auto, (max-width: 112px) 100vw, 112px\" \/><\/a>So gest\u00e4rkt begaben wir uns in das auf der anderen Stra\u00dfenseite gelegene Museum und konnten in vielen <a href=\"http:\/\/www.mundi-roth.de\/reiseberichte\/wp-content\/uploads\/2004\/06\/149_4998.jpg\"><img loading=\"lazy\" decoding=\"async\" class=\"alignleft size-thumbnail wp-image-686\" title=\"149_4998\" src=\"http:\/\/www.mundi-roth.de\/reiseberichte\/wp-content\/uploads\/2004\/06\/149_4998-150x112.jpg\" alt=\"149_4998\" width=\"150\" height=\"112\" srcset=\"https:\/\/www.mundi-roth.de\/reiseberichte\/wp-content\/uploads\/2004\/06\/149_4998-150x112.jpg 150w, https:\/\/www.mundi-roth.de\/reiseberichte\/wp-content\/uploads\/2004\/06\/149_4998-300x225.jpg 300w, https:\/\/www.mundi-roth.de\/reiseberichte\/wp-content\/uploads\/2004\/06\/149_4998.jpg 600w\" sizes=\"auto, (max-width: 150px) 100vw, 150px\" \/><\/a>R\u00e4umen die jeweils hergestellten Service f\u00fcr all\u2018 die Prominenten bewundern. Wunder-wundersch\u00f6n, aber sowohl Manfred und auch mir gefielen die neuen Designs noch besser, wenn wir denn in die Bedr\u00e4ngnis gekommen w\u00e4ren, uns etwas auszusuchen.<\/p>\n<p>Vezpr\u00e9m, die \u201eStadt der ungarischen K\u00f6niginnen\u201c stand als n\u00e4chstes auf dem Besichtigungsprogramm. Rundgang von 12.45 bis 13.45 Uhr \u2013 zum Gl\u00fcck bei sch\u00f6nem Wetter \u2013war angesagt. Ein malerischer Ort. Aber, um es professioneller auszudr\u00fccken, halte ich mich an die Vorgaben: \u201eIn reizvoller, wie strategisch g\u00fcnstiger Lage entwickelte sich auf f\u00fcnf H\u00fcgeln und einem 49 m hohen Dolomitplateau die heutige Bischofs-, Universit\u00e4ts- und Komitatshautpstadt Vezpr\u00e9m. Der christliche K\u00f6nig Stephan I. bezwang hier seinen heidnischen Widersacher Kopp\u00e1ny, lie\u00df eine Burg bauen und gr\u00fcndete 1001 ein Bistum. Seit seiner Verm\u00e4hlung mit der bayrischen Herzogstochter Gisela gilt Vezspr\u00e9m  als \u201eStadt der K\u00f6niginnen\u201c, weil die Kr\u00f6nung der K\u00f6nigin seitdem Privileg des \u00f6rtlichen Erzbischofs war.\u201c<\/p>\n<p>Der Stadtrundgang brachte uns zum Altstadtplatz, den sch\u00f6ne <a href=\"http:\/\/www.mundi-roth.de\/reiseberichte\/wp-content\/uploads\/2004\/06\/150_5003.jpg\"><img loading=\"lazy\" decoding=\"async\" class=\"alignleft size-thumbnail wp-image-687\" title=\"150_5003\" src=\"http:\/\/www.mundi-roth.de\/reiseberichte\/wp-content\/uploads\/2004\/06\/150_5003-150x112.jpg\" alt=\"150_5003\" width=\"150\" height=\"112\" srcset=\"https:\/\/www.mundi-roth.de\/reiseberichte\/wp-content\/uploads\/2004\/06\/150_5003-150x112.jpg 150w, https:\/\/www.mundi-roth.de\/reiseberichte\/wp-content\/uploads\/2004\/06\/150_5003-300x225.jpg 300w, https:\/\/www.mundi-roth.de\/reiseberichte\/wp-content\/uploads\/2004\/06\/150_5003.jpg 600w\" sizes=\"auto, (max-width: 150px) 100vw, 150px\" \/><\/a>Jugendstilh\u00e4user einrahmen. Schmuckst\u00fcck ist das 1857 als kirchliches Finanzinstitut errichtete<a href=\"http:\/\/www.mundi-roth.de\/reiseberichte\/wp-content\/uploads\/2004\/06\/150_5004.jpg\"><img loading=\"lazy\" decoding=\"async\" class=\"alignright size-thumbnail wp-image-688\" title=\"150_5004\" src=\"http:\/\/www.mundi-roth.de\/reiseberichte\/wp-content\/uploads\/2004\/06\/150_5004-112x150.jpg\" alt=\"150_5004\" width=\"112\" height=\"150\" srcset=\"https:\/\/www.mundi-roth.de\/reiseberichte\/wp-content\/uploads\/2004\/06\/150_5004-112x150.jpg 112w, https:\/\/www.mundi-roth.de\/reiseberichte\/wp-content\/uploads\/2004\/06\/150_5004-225x300.jpg 225w, https:\/\/www.mundi-roth.de\/reiseberichte\/wp-content\/uploads\/2004\/06\/150_5004.jpg 450w\" sizes=\"auto, (max-width: 112px) 100vw, 112px\" \/><\/a> Geb\u00e4ude, das heute als Rathaus genutzt wird. Das Burgviertel entlang der V\u00e1r utca s\u00e4umen einheitliche Ensemble pr\u00e4chtiger Bauten aus dem 18.\/19. Jahrhundert. Anstelle der mittelalterlichen Vorburg steht rechts die klassizistische <a href=\"http:\/\/www.mundi-roth.de\/reiseberichte\/wp-content\/uploads\/2004\/06\/150_5007.jpg\"><img loading=\"lazy\" decoding=\"async\" class=\"alignleft size-thumbnail wp-image-689\" title=\"150_5007\" src=\"http:\/\/www.mundi-roth.de\/reiseberichte\/wp-content\/uploads\/2004\/06\/150_5007-112x150.jpg\" alt=\"150_5007\" width=\"112\" height=\"150\" srcset=\"https:\/\/www.mundi-roth.de\/reiseberichte\/wp-content\/uploads\/2004\/06\/150_5007-112x150.jpg 112w, https:\/\/www.mundi-roth.de\/reiseberichte\/wp-content\/uploads\/2004\/06\/150_5007-225x300.jpg 225w, https:\/\/www.mundi-roth.de\/reiseberichte\/wp-content\/uploads\/2004\/06\/150_5007.jpg 450w\" sizes=\"auto, (max-width: 112px) 100vw, 112px\" \/><\/a>Piaristenkirche mit Ordenshaus und Gymnasium. Wir besichtigen \u2013 gegen Eintritt versteht sich &#8211; die sehr sehenswerte Giselakapelle. In dem von einem Kreuzrippengew\u00f6lbe \u00fcberspannten Raum sind Aposteldarstellungen im byzantischen Stil original erhalten.<\/p>\n<p>Die Nordseite des nach der Dreifaltigkeitss\u00e4ule benannten Platzes schlie\u00dft der m\u00e4chtige graue Bau des Sankt-Michaels Dom ab. Nach wenigen Metern erreichen wir die oberhalb einer<a href=\"http:\/\/www.mundi-roth.de\/reiseberichte\/wp-content\/uploads\/2004\/06\/150_5008.jpg\"><img loading=\"lazy\" decoding=\"async\" class=\"alignright size-thumbnail wp-image-690\" title=\"150_5008\" src=\"http:\/\/www.mundi-roth.de\/reiseberichte\/wp-content\/uploads\/2004\/06\/150_5008-112x150.jpg\" alt=\"150_5008\" width=\"112\" height=\"150\" srcset=\"https:\/\/www.mundi-roth.de\/reiseberichte\/wp-content\/uploads\/2004\/06\/150_5008-112x150.jpg 112w, https:\/\/www.mundi-roth.de\/reiseberichte\/wp-content\/uploads\/2004\/06\/150_5008-225x300.jpg 225w, https:\/\/www.mundi-roth.de\/reiseberichte\/wp-content\/uploads\/2004\/06\/150_5008.jpg 450w\" sizes=\"auto, (max-width: 112px) 100vw, 112px\" \/><\/a> Steilkante errichtete Aussichtsbastei. Die Skulpturen des ersten ungarischen K\u00f6nigspaares wurden hier anl\u00e4sslich des 900. Todestages des K\u00f6nigs und Landesheiligen Stephan 1938 aufgestellt.<\/p>\n<p>Von der Terrasse erkennen wir die Ruinen des 1249 erbauten Dominikanerinnenklosters. Im einst von 18 Wasserm\u00fchlen besiedelten S\u00e9d-Tal, hinter der 50 m hohen Talbr\u00fccke, wurden 1936 die Reste des Klosters der griechischen Schwestern freigelegt, in dem einst auch K\u00f6nigin Gisela flei\u00dfig stickte. Wir nehmen den gleichen Weg bergab zum Bus. Manfred und ich eilen etwas voraus, um in einer B\u00e4ckerei einige leckere kleine Geb\u00e4cksachen zu kaufen. Wir haben Hunger!<\/p>\n<p>Weiter geht die Fahrt.<\/p>\n<p>15.20 bis 15.40 sind die Besichtigungen auf der Tihanyer Halbinsel im Plattensee angesagt.<\/p>\n<p>Der Bus entl\u00e4\u00dft uns am Fu\u00df der Benediktinerabteil.<\/p>\n<p>Wie der Kopf einer Schildkr\u00f6te schiebt sich die Halbinsel Tihany in den See hinaus. Die vulkanisch gebildete einstige Insel mi\u00dft rund 12 qkm  und wurde aufgrund ihrer besonderen Flora und Fauna sowie ihrer einzigartigen geologischen Formationen Anfang 1952 als erstes Gebiet Ungarns unter Naturschutz gestellt.<\/p>\n<p>Unsere ersten Schritte bringen uns zur 1055 von K\u00f6nig Andr\u00e1s I. gestifteten Benediktinerabtei, deren Kircht\u00fcrme wir  schon von weitem gesehen haben. Jedoch davon ist nach einer Sprengung, die 1702 die Habsburger w\u00e4hrend des R\u00e1k\u00f3czi-Aufstandes angeordnet hatten, wenig zu sehen. Der Neubau der<a href=\"http:\/\/www.mundi-roth.de\/reiseberichte\/wp-content\/uploads\/2004\/06\/150_5011.jpg\"><img loading=\"lazy\" decoding=\"async\" class=\"alignright size-thumbnail wp-image-691\" title=\"150_5011\" src=\"http:\/\/www.mundi-roth.de\/reiseberichte\/wp-content\/uploads\/2004\/06\/150_5011-112x150.jpg\" alt=\"150_5011\" width=\"112\" height=\"150\" srcset=\"https:\/\/www.mundi-roth.de\/reiseberichte\/wp-content\/uploads\/2004\/06\/150_5011-112x150.jpg 112w, https:\/\/www.mundi-roth.de\/reiseberichte\/wp-content\/uploads\/2004\/06\/150_5011-225x300.jpg 225w, https:\/\/www.mundi-roth.de\/reiseberichte\/wp-content\/uploads\/2004\/06\/150_5011.jpg 450w\" sizes=\"auto, (max-width: 112px) 100vw, 112px\" \/><\/a> sp\u00e4tbarocken Abteikirche stammt aus den Jahren 1719-54. Die Kanzel, Alt\u00e4re und das \u00fcbrige Mobiliar verzierte der Laienbruder Sebastian Stuhlhoff (1753-79).   Eile ist angesagt, da gleich in der Kirche ein Trauergottesdienst stattfinden wird.<\/p>\n<p>Immerhin reichte die Zeit, da\u00df Manfred seine Kappe aus S\u00fcd-Afrika liegen lassen konnte.<\/p>\n<p>Das angegliederte Museum konnten wir in Ruhe besichtigen. Ein Gedenkzimmer ist f\u00fcr den letzten ungarischen K\u00f6nig, Karl IV. eingerichtet, er wohnte 1921 kurzfristig mit seiner Frau Zita hier im Ordenshaus, bevor er auf die Insel Madeira verbannt wurde.<\/p>\n<p>Ein Rundgang durch den sicher recht h\u00fcbschen  Ort gef\u00e4llt uns nicht so gut, da er voll touristisch vermarktet ist. Wir fl\u00fcchten seitw\u00e4rts, hier ist es <a href=\"http:\/\/www.mundi-roth.de\/reiseberichte\/wp-content\/uploads\/2004\/06\/150_5019.jpg\"><img loading=\"lazy\" decoding=\"async\" class=\"alignleft size-thumbnail wp-image-692\" title=\"150_5019\" src=\"http:\/\/www.mundi-roth.de\/reiseberichte\/wp-content\/uploads\/2004\/06\/150_5019-150x112.jpg\" alt=\"150_5019\" width=\"150\" height=\"112\" srcset=\"https:\/\/www.mundi-roth.de\/reiseberichte\/wp-content\/uploads\/2004\/06\/150_5019-150x112.jpg 150w, https:\/\/www.mundi-roth.de\/reiseberichte\/wp-content\/uploads\/2004\/06\/150_5019-300x225.jpg 300w, https:\/\/www.mundi-roth.de\/reiseberichte\/wp-content\/uploads\/2004\/06\/150_5019.jpg 600w\" sizes=\"auto, (max-width: 150px) 100vw, 150px\" \/><\/a>ruhiger und finden das Dorfmuseum recht malerisch. Vor Ende des Trauergottesdienstes stehen wir wieder vor der Kirche, um nur ja Manfreds Kappe wieder zu erhalten. Wir schaffen es, bevor der Besucherstrom die Kirche \u00fcberf\u00fcllt.<\/p>\n<p>Der Bus bringt uns zur Schiffanlegestelle. F\u00fcr 16 Uhr ist die Abfahrt angek\u00fcndigt, verz\u00f6gert sich jedoch aus uns unbekannten Gr\u00fcnden bis 16.30. Wir haben den Eindruck, alle Schulklassen Ungarns haben heute Schulausflug, so auch auf dem Schiff. Aber die Kinder sind sehr lieb. Ca. \u00bd Stunde dauert unsere Fahrt \u00fcber den Plattensee zum F\u00fcreder <a href=\"http:\/\/www.mundi-roth.de\/reiseberichte\/wp-content\/uploads\/2004\/06\/150_5022.jpg\"><img loading=\"lazy\" decoding=\"async\" class=\"alignright size-thumbnail wp-image-693\" title=\"150_5022\" src=\"http:\/\/www.mundi-roth.de\/reiseberichte\/wp-content\/uploads\/2004\/06\/150_5022-150x112.jpg\" alt=\"150_5022\" width=\"150\" height=\"112\" srcset=\"https:\/\/www.mundi-roth.de\/reiseberichte\/wp-content\/uploads\/2004\/06\/150_5022-150x112.jpg 150w, https:\/\/www.mundi-roth.de\/reiseberichte\/wp-content\/uploads\/2004\/06\/150_5022-300x225.jpg 300w, https:\/\/www.mundi-roth.de\/reiseberichte\/wp-content\/uploads\/2004\/06\/150_5022.jpg 600w\" sizes=\"auto, (max-width: 150px) 100vw, 150px\" \/><\/a>Strand. Ein kleiner Bummel, Gedenkstein f\u00fcr alle <a href=\"http:\/\/www.mundi-roth.de\/reiseberichte\/wp-content\/uploads\/2004\/06\/150_5024.jpg\"><img loading=\"lazy\" decoding=\"async\" class=\"alignleft size-thumbnail wp-image-694\" title=\"150_5024\" src=\"http:\/\/www.mundi-roth.de\/reiseberichte\/wp-content\/uploads\/2004\/06\/150_5024-112x150.jpg\" alt=\"150_5024\" width=\"112\" height=\"150\" srcset=\"https:\/\/www.mundi-roth.de\/reiseberichte\/wp-content\/uploads\/2004\/06\/150_5024-112x150.jpg 112w, https:\/\/www.mundi-roth.de\/reiseberichte\/wp-content\/uploads\/2004\/06\/150_5024-225x300.jpg 225w, https:\/\/www.mundi-roth.de\/reiseberichte\/wp-content\/uploads\/2004\/06\/150_5024.jpg 450w\" sizes=\"auto, (max-width: 112px) 100vw, 112px\" \/><\/a>Ertrunkenen fotografiert, einen gekochten Maiskolben, um den \u00e4rgsten Hunger niederzuhalten, gekauft und dann ging die lange Heimfahrt los. Von 16.50 bis 19.00 war geplant. Durch die Verz\u00f6gerung wurde es dann 17.10 bis zur Abfahrt und trotzdem kamen wir p\u00fcnktlich an. Bewundernsw\u00fcrdig.<\/p>\n<p>F\u00fcr einen schnellen Badedurchgang in der Therme blieb f\u00fcr mich noch Zeit. Um 20.15 Uhr war das Abschiedsabendessen in der N\u00e4he des Hotels angesagt: ich hatte mich f\u00fcr Fischsuppe, Wels gegrillt mit Beilage und Eis entschieden. Manfred w\u00e4hlte die Bohnensuppe, Kalbsgulasch mit Eiernockerln und Quarkkn\u00f6del, dazu tranken wir Bier.<\/p>\n<p>Wie \u00fcblich wurde eine Dame \u201eausgeguckt\u201c, um das gesammelte Trinkgeld zu \u00fcbergeben. Leider war die Rede kaum zu h\u00f6ren, da gerade am Nebentisch eine gr\u00f6\u00dfere Gesellschaft ankam und sich lautstark begr\u00fc\u00dfte. Pech!<\/p>\n<p>Jedoch die Atmosph\u00e4re im Lokal und die etwas weiter weg spielende Zigeunerkapelle war sehr gut.<\/p>\n<p>Vor dem Hotel gro\u00dfe Verabschiedung, da ja am n\u00e4chsten Tag die Heimreise angetreten wurde. Von einigen schon sehr fr\u00fch, die mit dem Zug fuhren.<\/p>\n","protected":false},"excerpt":{"rendered":"<p>Samstag, 5. Juni 2004 Heute stand der fakultaitve Ausflug zum Plattensee &#8211; dem Balaton &#8211; auf dem Programm Balaton Der Balaton ist mit 596 qkm der gr\u00f6\u00dfte See Mitteleuropas. Seine L\u00e4nge betr\u00e4gt 77 km, seine Breite 1,5 \u201314 km. Die Uferl\u00e4nge von 195 km kann man per Bahn, Auto oder \u2013 sportlicher \u2013 mit dem [&hellip;]<\/p>\n","protected":false},"author":2,"featured_media":0,"comment_status":"closed","ping_status":"closed","sticky":false,"template":"","format":"standard","meta":{"footnotes":""},"categories":[90],"tags":[129,92,131,128,132,130,133],"class_list":["post-174","post","type-post","status-publish","format-standard","hentry","category-ungarn","tag-balaton","tag-budapest","tag-herend","tag-plattensee","tag-porzellan-manufaktur","tag-transdanubien","tag-vezprem"],"yoast_head":"<!-- This site is optimized with the Yoast SEO plugin v27.4 - https:\/\/yoast.com\/product\/yoast-seo-wordpress\/ -->\n<title>Budapest - Mit Mu\u00dfe (7) - Reiseberichte<\/title>\n<meta name=\"robots\" content=\"index, follow, max-snippet:-1, max-image-preview:large, max-video-preview:-1\" \/>\n<link rel=\"canonical\" href=\"https:\/\/www.mundi-roth.de\/reiseberichte\/budapest-mit-muse-7\/\" \/>\n<meta name=\"twitter:label1\" content=\"Verfasst von\" \/>\n\t<meta name=\"twitter:data1\" content=\"mr\" \/>\n\t<meta name=\"twitter:label2\" content=\"Gesch\u00e4tzte Lesezeit\" \/>\n\t<meta name=\"twitter:data2\" content=\"7\u00a0Minuten\" \/>\n<script type=\"application\/ld+json\" class=\"yoast-schema-graph\">{\"@context\":\"https:\\\/\\\/schema.org\",\"@graph\":[{\"@type\":\"Article\",\"@id\":\"https:\\\/\\\/www.mundi-roth.de\\\/reiseberichte\\\/budapest-mit-muse-7\\\/#article\",\"isPartOf\":{\"@id\":\"https:\\\/\\\/www.mundi-roth.de\\\/reiseberichte\\\/budapest-mit-muse-7\\\/\"},\"author\":{\"name\":\"mr\",\"@id\":\"https:\\\/\\\/www.mundi-roth.de\\\/reiseberichte\\\/#\\\/schema\\\/person\\\/5e8081ddad478fd383ee2511fe8368bd\"},\"headline\":\"Budapest &#8211; Mit Mu\u00dfe (7)\",\"datePublished\":\"2004-06-10T09:30:52+00:00\",\"dateModified\":\"2020-05-08T19:25:02+00:00\",\"mainEntityOfPage\":{\"@id\":\"https:\\\/\\\/www.mundi-roth.de\\\/reiseberichte\\\/budapest-mit-muse-7\\\/\"},\"wordCount\":1348,\"image\":{\"@id\":\"https:\\\/\\\/www.mundi-roth.de\\\/reiseberichte\\\/budapest-mit-muse-7\\\/#primaryimage\"},\"thumbnailUrl\":\"http:\\\/\\\/www.mundi-roth.de\\\/reiseberichte\\\/wp-content\\\/uploads\\\/2004\\\/06\\\/plattensee-150x96.jpg\",\"keywords\":[\"Balaton\",\"Budapest\",\"Herend\",\"Plattensee\",\"Porzellan-Manufaktur\",\"Transdanubien\",\"Vezpr\u00e9m\"],\"articleSection\":[\"2004 Ungarn\"],\"inLanguage\":\"de\"},{\"@type\":\"WebPage\",\"@id\":\"https:\\\/\\\/www.mundi-roth.de\\\/reiseberichte\\\/budapest-mit-muse-7\\\/\",\"url\":\"https:\\\/\\\/www.mundi-roth.de\\\/reiseberichte\\\/budapest-mit-muse-7\\\/\",\"name\":\"Budapest - Mit Mu\u00dfe (7) - Reiseberichte\",\"isPartOf\":{\"@id\":\"https:\\\/\\\/www.mundi-roth.de\\\/reiseberichte\\\/#website\"},\"primaryImageOfPage\":{\"@id\":\"https:\\\/\\\/www.mundi-roth.de\\\/reiseberichte\\\/budapest-mit-muse-7\\\/#primaryimage\"},\"image\":{\"@id\":\"https:\\\/\\\/www.mundi-roth.de\\\/reiseberichte\\\/budapest-mit-muse-7\\\/#primaryimage\"},\"thumbnailUrl\":\"http:\\\/\\\/www.mundi-roth.de\\\/reiseberichte\\\/wp-content\\\/uploads\\\/2004\\\/06\\\/plattensee-150x96.jpg\",\"datePublished\":\"2004-06-10T09:30:52+00:00\",\"dateModified\":\"2020-05-08T19:25:02+00:00\",\"author\":{\"@id\":\"https:\\\/\\\/www.mundi-roth.de\\\/reiseberichte\\\/#\\\/schema\\\/person\\\/5e8081ddad478fd383ee2511fe8368bd\"},\"breadcrumb\":{\"@id\":\"https:\\\/\\\/www.mundi-roth.de\\\/reiseberichte\\\/budapest-mit-muse-7\\\/#breadcrumb\"},\"inLanguage\":\"de\",\"potentialAction\":[{\"@type\":\"ReadAction\",\"target\":[\"https:\\\/\\\/www.mundi-roth.de\\\/reiseberichte\\\/budapest-mit-muse-7\\\/\"]}]},{\"@type\":\"ImageObject\",\"inLanguage\":\"de\",\"@id\":\"https:\\\/\\\/www.mundi-roth.de\\\/reiseberichte\\\/budapest-mit-muse-7\\\/#primaryimage\",\"url\":\"http:\\\/\\\/www.mundi-roth.de\\\/reiseberichte\\\/wp-content\\\/uploads\\\/2004\\\/06\\\/plattensee-150x96.jpg\",\"contentUrl\":\"http:\\\/\\\/www.mundi-roth.de\\\/reiseberichte\\\/wp-content\\\/uploads\\\/2004\\\/06\\\/plattensee-150x96.jpg\"},{\"@type\":\"BreadcrumbList\",\"@id\":\"https:\\\/\\\/www.mundi-roth.de\\\/reiseberichte\\\/budapest-mit-muse-7\\\/#breadcrumb\",\"itemListElement\":[{\"@type\":\"ListItem\",\"position\":1,\"name\":\"Startseite\",\"item\":\"https:\\\/\\\/www.mundi-roth.de\\\/reiseberichte\\\/\"},{\"@type\":\"ListItem\",\"position\":2,\"name\":\"Budapest &#8211; Mit Mu\u00dfe (7)\"}]},{\"@type\":\"WebSite\",\"@id\":\"https:\\\/\\\/www.mundi-roth.de\\\/reiseberichte\\\/#website\",\"url\":\"https:\\\/\\\/www.mundi-roth.de\\\/reiseberichte\\\/\",\"name\":\"Reiseberichte\",\"description\":\"Berichte \u00fcber Reisen (fast) rund um die Welt\",\"potentialAction\":[{\"@type\":\"SearchAction\",\"target\":{\"@type\":\"EntryPoint\",\"urlTemplate\":\"https:\\\/\\\/www.mundi-roth.de\\\/reiseberichte\\\/?s={search_term_string}\"},\"query-input\":{\"@type\":\"PropertyValueSpecification\",\"valueRequired\":true,\"valueName\":\"search_term_string\"}}],\"inLanguage\":\"de\"},{\"@type\":\"Person\",\"@id\":\"https:\\\/\\\/www.mundi-roth.de\\\/reiseberichte\\\/#\\\/schema\\\/person\\\/5e8081ddad478fd383ee2511fe8368bd\",\"name\":\"mr\",\"image\":{\"@type\":\"ImageObject\",\"inLanguage\":\"de\",\"@id\":\"https:\\\/\\\/secure.gravatar.com\\\/avatar\\\/9a3c34f32a8cb6923297b48d58fb263210ea20a4049fc4d3ccb858ce00487957?s=96&d=mm&r=g\",\"url\":\"https:\\\/\\\/secure.gravatar.com\\\/avatar\\\/9a3c34f32a8cb6923297b48d58fb263210ea20a4049fc4d3ccb858ce00487957?s=96&d=mm&r=g\",\"contentUrl\":\"https:\\\/\\\/secure.gravatar.com\\\/avatar\\\/9a3c34f32a8cb6923297b48d58fb263210ea20a4049fc4d3ccb858ce00487957?s=96&d=mm&r=g\",\"caption\":\"mr\"},\"sameAs\":[\"http:\\\/\\\/www.mundi-roth.de\"]}]}<\/script>\n<!-- \/ Yoast SEO plugin. -->","yoast_head_json":{"title":"Budapest - Mit Mu\u00dfe (7) - Reiseberichte","robots":{"index":"index","follow":"follow","max-snippet":"max-snippet:-1","max-image-preview":"max-image-preview:large","max-video-preview":"max-video-preview:-1"},"canonical":"https:\/\/www.mundi-roth.de\/reiseberichte\/budapest-mit-muse-7\/","twitter_misc":{"Verfasst von":"mr","Gesch\u00e4tzte Lesezeit":"7\u00a0Minuten"},"schema":{"@context":"https:\/\/schema.org","@graph":[{"@type":"Article","@id":"https:\/\/www.mundi-roth.de\/reiseberichte\/budapest-mit-muse-7\/#article","isPartOf":{"@id":"https:\/\/www.mundi-roth.de\/reiseberichte\/budapest-mit-muse-7\/"},"author":{"name":"mr","@id":"https:\/\/www.mundi-roth.de\/reiseberichte\/#\/schema\/person\/5e8081ddad478fd383ee2511fe8368bd"},"headline":"Budapest &#8211; Mit Mu\u00dfe (7)","datePublished":"2004-06-10T09:30:52+00:00","dateModified":"2020-05-08T19:25:02+00:00","mainEntityOfPage":{"@id":"https:\/\/www.mundi-roth.de\/reiseberichte\/budapest-mit-muse-7\/"},"wordCount":1348,"image":{"@id":"https:\/\/www.mundi-roth.de\/reiseberichte\/budapest-mit-muse-7\/#primaryimage"},"thumbnailUrl":"http:\/\/www.mundi-roth.de\/reiseberichte\/wp-content\/uploads\/2004\/06\/plattensee-150x96.jpg","keywords":["Balaton","Budapest","Herend","Plattensee","Porzellan-Manufaktur","Transdanubien","Vezpr\u00e9m"],"articleSection":["2004 Ungarn"],"inLanguage":"de"},{"@type":"WebPage","@id":"https:\/\/www.mundi-roth.de\/reiseberichte\/budapest-mit-muse-7\/","url":"https:\/\/www.mundi-roth.de\/reiseberichte\/budapest-mit-muse-7\/","name":"Budapest - Mit Mu\u00dfe (7) - Reiseberichte","isPartOf":{"@id":"https:\/\/www.mundi-roth.de\/reiseberichte\/#website"},"primaryImageOfPage":{"@id":"https:\/\/www.mundi-roth.de\/reiseberichte\/budapest-mit-muse-7\/#primaryimage"},"image":{"@id":"https:\/\/www.mundi-roth.de\/reiseberichte\/budapest-mit-muse-7\/#primaryimage"},"thumbnailUrl":"http:\/\/www.mundi-roth.de\/reiseberichte\/wp-content\/uploads\/2004\/06\/plattensee-150x96.jpg","datePublished":"2004-06-10T09:30:52+00:00","dateModified":"2020-05-08T19:25:02+00:00","author":{"@id":"https:\/\/www.mundi-roth.de\/reiseberichte\/#\/schema\/person\/5e8081ddad478fd383ee2511fe8368bd"},"breadcrumb":{"@id":"https:\/\/www.mundi-roth.de\/reiseberichte\/budapest-mit-muse-7\/#breadcrumb"},"inLanguage":"de","potentialAction":[{"@type":"ReadAction","target":["https:\/\/www.mundi-roth.de\/reiseberichte\/budapest-mit-muse-7\/"]}]},{"@type":"ImageObject","inLanguage":"de","@id":"https:\/\/www.mundi-roth.de\/reiseberichte\/budapest-mit-muse-7\/#primaryimage","url":"http:\/\/www.mundi-roth.de\/reiseberichte\/wp-content\/uploads\/2004\/06\/plattensee-150x96.jpg","contentUrl":"http:\/\/www.mundi-roth.de\/reiseberichte\/wp-content\/uploads\/2004\/06\/plattensee-150x96.jpg"},{"@type":"BreadcrumbList","@id":"https:\/\/www.mundi-roth.de\/reiseberichte\/budapest-mit-muse-7\/#breadcrumb","itemListElement":[{"@type":"ListItem","position":1,"name":"Startseite","item":"https:\/\/www.mundi-roth.de\/reiseberichte\/"},{"@type":"ListItem","position":2,"name":"Budapest &#8211; Mit Mu\u00dfe (7)"}]},{"@type":"WebSite","@id":"https:\/\/www.mundi-roth.de\/reiseberichte\/#website","url":"https:\/\/www.mundi-roth.de\/reiseberichte\/","name":"Reiseberichte","description":"Berichte \u00fcber Reisen (fast) rund um die Welt","potentialAction":[{"@type":"SearchAction","target":{"@type":"EntryPoint","urlTemplate":"https:\/\/www.mundi-roth.de\/reiseberichte\/?s={search_term_string}"},"query-input":{"@type":"PropertyValueSpecification","valueRequired":true,"valueName":"search_term_string"}}],"inLanguage":"de"},{"@type":"Person","@id":"https:\/\/www.mundi-roth.de\/reiseberichte\/#\/schema\/person\/5e8081ddad478fd383ee2511fe8368bd","name":"mr","image":{"@type":"ImageObject","inLanguage":"de","@id":"https:\/\/secure.gravatar.com\/avatar\/9a3c34f32a8cb6923297b48d58fb263210ea20a4049fc4d3ccb858ce00487957?s=96&d=mm&r=g","url":"https:\/\/secure.gravatar.com\/avatar\/9a3c34f32a8cb6923297b48d58fb263210ea20a4049fc4d3ccb858ce00487957?s=96&d=mm&r=g","contentUrl":"https:\/\/secure.gravatar.com\/avatar\/9a3c34f32a8cb6923297b48d58fb263210ea20a4049fc4d3ccb858ce00487957?s=96&d=mm&r=g","caption":"mr"},"sameAs":["http:\/\/www.mundi-roth.de"]}]}},"_links":{"self":[{"href":"https:\/\/www.mundi-roth.de\/reiseberichte\/wp-json\/wp\/v2\/posts\/174","targetHints":{"allow":["GET"]}}],"collection":[{"href":"https:\/\/www.mundi-roth.de\/reiseberichte\/wp-json\/wp\/v2\/posts"}],"about":[{"href":"https:\/\/www.mundi-roth.de\/reiseberichte\/wp-json\/wp\/v2\/types\/post"}],"author":[{"embeddable":true,"href":"https:\/\/www.mundi-roth.de\/reiseberichte\/wp-json\/wp\/v2\/users\/2"}],"replies":[{"embeddable":true,"href":"https:\/\/www.mundi-roth.de\/reiseberichte\/wp-json\/wp\/v2\/comments?post=174"}],"version-history":[{"count":0,"href":"https:\/\/www.mundi-roth.de\/reiseberichte\/wp-json\/wp\/v2\/posts\/174\/revisions"}],"wp:attachment":[{"href":"https:\/\/www.mundi-roth.de\/reiseberichte\/wp-json\/wp\/v2\/media?parent=174"}],"wp:term":[{"taxonomy":"category","embeddable":true,"href":"https:\/\/www.mundi-roth.de\/reiseberichte\/wp-json\/wp\/v2\/categories?post=174"},{"taxonomy":"post_tag","embeddable":true,"href":"https:\/\/www.mundi-roth.de\/reiseberichte\/wp-json\/wp\/v2\/tags?post=174"}],"curies":[{"name":"wp","href":"https:\/\/api.w.org\/{rel}","templated":true}]}}