{"id":422,"date":"2009-02-15T08:40:59","date_gmt":"2009-02-15T07:40:59","guid":{"rendered":"http:\/\/www.mundi-roth.de\/reiseberichte\/?p=422"},"modified":"2020-05-08T20:24:02","modified_gmt":"2020-05-08T19:24:02","slug":"agypten-mittwoch-28-januar-2009-2","status":"publish","type":"post","link":"https:\/\/www.mundi-roth.de\/reiseberichte\/agypten-mittwoch-28-januar-2009-2\/","title":{"rendered":"\u00c4gypten &#8211; Mittwoch, 28. Januar 2009"},"content":{"rendered":"<p><strong>9. Tag<\/strong><\/p>\n<p><strong>Kairo bei Nacht<\/strong><\/p>\n<p>Um 17 Uhr sind wir wieder im Hotel, m\u00fcssen noch mal Wasser und das Medikament Anatalin, Durchfallstopp, kaufen und um 18.30 Uhr beginnt der fakultative Ausflug \u201eKairo bei Nacht\u201c.<br \/>\n10 Personen sind wir die im gro\u00dfen Bus abgeholt werden.<br \/>\nWir sehen nun zwar viel von Kairo, aber ein Gef\u00fchl f\u00fcr diese Stadt \u2013 die in den Erz\u00e4hlungen von 1001 Nacht voller Bewunderung als \u201eMutter der Welt\u201c beschrieben wird, bekommen wir nicht, es kann \u2013 vom Bus aus betrachtet \u2013 nat\u00fcrlich keine Atmosph\u00e4re aufkommen.<br \/>\nHei\u00dft es \u201eHast du Kairo nicht gesehen, so hast du die Welt nicht gesehen\u201c.<br \/>\nIch wollte diese Stadt unbedingt sehen. Mein lieber Mann, der mit St\u00e4dten \u201enichts am Hut hat\u201c, wollte Kairo lieber aussparen. So kam der Kompromiss zustande: 2 Tage Kairo. Ich muss zugeben, es ist zwar fast nichts, aber besser als gar nichts.<br \/>\nUnser Phoenix-Reiseleiter war nicht gerade motiviert und erz\u00e4hlte uns w\u00e4hrend der Busfahrt nicht allzu viel. Mit Informationen r\u00fcckte er eigentlich nur nach intensiver Befragung heraus.<br \/>\nIch will versuchen, die Route, die wir fuhren, nachzuvollziehen, wobei es mir sicher nicht gelingt, die richtige Reihenfolge hinzubekommen:<br \/>\nAlso erst mal qu\u00e4len wir uns durch den heftigen Verkehr, denn um diese Uhrzeit ist noch \u201eRush-hour\u201c. Wir fahren an dem absoluten Mittelpunkt, dem Midan al Tahrir, vorbei. Der Platz bildet heute quasi das Stadtzentrum, ein Rundplatz mit \u00c4gyptischem Museum, das uns ja schon bekannt ist, Au\u00dfenministerium, das 14st\u00f6ckige Hochhaus der Mogamma,\u00a0 die die st\u00e4dtischen Verwaltungszentrale ist, die wichtigsten Buslinien gehen hier ab, die erste afrikanische Metro-Station befindet sich hier und von hier gehen sieben Haupt- gesch\u00e4ftsstra\u00dfen durch den modernen Stadtbezirk ab.<br \/>\nWir fahren weiter in das Zitadellenviertel.<br \/>\nBedauerlicherweise kann man um diese Uhrzeit nichts mehr besichtigen.<br \/>\nSo sehen wir die Zitadelle, den ehemaligen gewaltigen Festungsbau, der zum Teil aus Steinquadern der kleinen Pyramiden aus Memphis erbaut wurde nur von au\u00dfen. Das dominierende Bauwerk der Zitadelle ist\u00a0 die Mohamed Ali Moschee, auch als Alabastermoschee bekannt. Sie ist angestrahlt und erhebt sich hoch \u00fcber der Stadt.<br \/>\nWir fahren vorbei an den Totenst\u00e4dten in Mokattam. Hier, wo fr\u00fcher die Begr\u00e4bnisst\u00e4dte f\u00fcr Sultane und Angeh\u00f6rige nobler Familienclans war, ist heute eine Wohnst\u00e4tte f\u00fcr Obdachlose, die sich hier ein \u201egem\u00fctliches Zuhause\u201c eingerichtet haben. Es ist ein nat\u00fcrlicher Umgang mit Leben, Tod und Feiern.<br \/>\nAn wie vielen Moscheen wir vorbeigefahren sind, wei\u00df ich nicht mehr, da ich ja die Kapazit\u00e4t meines Diktierger\u00e4tes ersch\u00f6pft ist. Zudem ist die Aussprache unseres Reisebegleiters auch nicht so deutlich, dass ich alles verstehe.<br \/>\nWir werden schlie\u00dflich, nach eineinhalb Stunden Fahrt, am Basar Khan el-Khalili aus dem Bus entlassen. Bekommen gute Ermahnungen mit, nur ja nicht die zwei \u201eBasarstra\u00dfen\u201c zu verlassen, Treffpunkt ist nach dem \u201eEinkaufstrip\u201c im ber\u00fchmten arabischen Fasch Awi Teahouse. Die Weiterfahrt ist um 21.30 Uhr.<br \/>\nWir spazieren also in diesen umtriebigen Gesch\u00e4ftsbereich, der voll auf Touristen zugeschnitten ist. 600 Jahre alt ist dieser Basar, der von persischen H\u00e4ndlern gegr\u00fcndet wurde.<br \/>\nNachdem unsere Suche nach einer Pfefferm\u00fchle aus Messing ergebnislos blieb, bummelten wir aus der \u201eerlaubten\u201c Zone heraus und befanden uns fast unmittelbar in einem wirklich urt\u00fcmlichem arabischen Bereich. Wir liefen an einer wundersch\u00f6nen alten Moschee vorbei. Nach Befragen stellte sich dann heraus, dass es sich um die Hussein-Moschee handelte. Hier soll unter einer Eisenplatte das Haupt des bei Kerbala in Mesopotamien gefallenen Hussein, Sohnes von Ali, dem Schwiegersohn Mohammeds, begraben sein.<br \/>\nUnser Streifzug f\u00fchrte uns in den Bezirk, in dem die Alltagswaren f\u00fcr die Einheimischen angeboten werden. Keine Spur mehr von dem Talmi f\u00fcr die Touristen.<br \/>\nIn diesem Bereich befinden sich 4 Moscheen. Darunter die Al-Ashar-Moschee, die zweit\u00e4lteste der Welt. Aber leider k\u00f6nnen wir keine von innen besichtigten.<br \/>\nAlso nehmen wir den obligatorischen Pfefferminztee zu uns, um dann p\u00fcnktlich zur Abfahrt wieder am Bus zu sein.<br \/>\nDie Fahrt geht nun noch in das Islamische Kairo. Jede Stra\u00dfe ist praktisch einem Gewerbe gewidmet, seien\u00a0 es die Goldschmiede, die Kupferschmiede, die Gew\u00fcrzh\u00e4ndler, die Stoffh\u00e4ndler.<br \/>\nIn einer Seitengasse werden wir auf Kairos sch\u00f6nstes, interessantestes Kaufmannshaus aus dem 1. Jahrhundert aufmerksam gemacht. Aber was n\u00fctzt es? Wir k\u00f6nnen nichts besichtigen.<br \/>\nAm Nil entlang fahren wir zur\u00fcck zu unserem Hotel und sind gegen 22 Uhr \u201ezu Hause\u201c.<br \/>\nNun wieder Koffer packen, denn Morgen geht die Fahrt weiter nach Hurghada und Makadi Bay.<\/p>\n<p>Mit einem Klick auf\u00a0 <strong>&lt;&lt;Older Entries<\/strong> geht es weiter<\/p>\n","protected":false},"excerpt":{"rendered":"<p>9. Tag Kairo bei Nacht Um 17 Uhr sind wir wieder im Hotel, m\u00fcssen noch mal Wasser und das Medikament Anatalin, Durchfallstopp, kaufen und um 18.30 Uhr beginnt der fakultative Ausflug \u201eKairo bei Nacht\u201c. 10 Personen sind wir die im gro\u00dfen Bus abgeholt werden. Wir sehen nun zwar viel von Kairo, aber ein Gef\u00fchl f\u00fcr [&hellip;]<\/p>\n","protected":false},"author":2,"featured_media":0,"comment_status":"closed","ping_status":"closed","sticky":false,"template":"","format":"standard","meta":{"footnotes":""},"categories":[195],"tags":[737,381,375,378,379,380,373,377,376,374],"class_list":["post-422","post","type-post","status-publish","format-standard","hentry","category-agypten","tag-agypten","tag-al-ashar-moschee","tag-alabastermoschee","tag-basar-khan-el-khalili","tag-fasch-awi-teahouse","tag-hussein-moschee","tag-midan-al-tahrir","tag-mokattam","tag-totenstadt","tag-zitadellenviertel"],"yoast_head":"<!-- This site is optimized with the Yoast SEO plugin v27.5 - https:\/\/yoast.com\/product\/yoast-seo-wordpress\/ -->\n<title>\u00c4gypten - Mittwoch, 28. Januar 2009 - Reiseberichte<\/title>\n<meta name=\"robots\" content=\"index, follow, max-snippet:-1, max-image-preview:large, max-video-preview:-1\" \/>\n<link rel=\"canonical\" href=\"https:\/\/www.mundi-roth.de\/reiseberichte\/agypten-mittwoch-28-januar-2009-2\/\" \/>\n<meta name=\"twitter:label1\" content=\"Verfasst von\" \/>\n\t<meta name=\"twitter:data1\" content=\"mr\" \/>\n\t<meta name=\"twitter:label2\" content=\"Gesch\u00e4tzte Lesezeit\" \/>\n\t<meta name=\"twitter:data2\" content=\"4\u00a0Minuten\" \/>\n<script type=\"application\/ld+json\" class=\"yoast-schema-graph\">{\"@context\":\"https:\\\/\\\/schema.org\",\"@graph\":[{\"@type\":\"Article\",\"@id\":\"https:\\\/\\\/www.mundi-roth.de\\\/reiseberichte\\\/agypten-mittwoch-28-januar-2009-2\\\/#article\",\"isPartOf\":{\"@id\":\"https:\\\/\\\/www.mundi-roth.de\\\/reiseberichte\\\/agypten-mittwoch-28-januar-2009-2\\\/\"},\"author\":{\"name\":\"mr\",\"@id\":\"https:\\\/\\\/www.mundi-roth.de\\\/reiseberichte\\\/#\\\/schema\\\/person\\\/5e8081ddad478fd383ee2511fe8368bd\"},\"headline\":\"\u00c4gypten &#8211; Mittwoch, 28. Januar 2009\",\"datePublished\":\"2009-02-15T07:40:59+00:00\",\"dateModified\":\"2020-05-08T19:24:02+00:00\",\"mainEntityOfPage\":{\"@id\":\"https:\\\/\\\/www.mundi-roth.de\\\/reiseberichte\\\/agypten-mittwoch-28-januar-2009-2\\\/\"},\"wordCount\":752,\"keywords\":[\"2009 \u00c4gypten\",\"Al-Ashar-Moschee\",\"Alabastermoschee\",\"Basar Khan el-Khalili\",\"Fasch Awi Teahouse\",\"Hussein-Moschee\",\"Midan al Tahrir\",\"Mokattam\",\"Totenstadt\",\"Zitadellenviertel\"],\"articleSection\":[\"2009 \u00c4gypten\"],\"inLanguage\":\"de\"},{\"@type\":\"WebPage\",\"@id\":\"https:\\\/\\\/www.mundi-roth.de\\\/reiseberichte\\\/agypten-mittwoch-28-januar-2009-2\\\/\",\"url\":\"https:\\\/\\\/www.mundi-roth.de\\\/reiseberichte\\\/agypten-mittwoch-28-januar-2009-2\\\/\",\"name\":\"\u00c4gypten - Mittwoch, 28. Januar 2009 - Reiseberichte\",\"isPartOf\":{\"@id\":\"https:\\\/\\\/www.mundi-roth.de\\\/reiseberichte\\\/#website\"},\"datePublished\":\"2009-02-15T07:40:59+00:00\",\"dateModified\":\"2020-05-08T19:24:02+00:00\",\"author\":{\"@id\":\"https:\\\/\\\/www.mundi-roth.de\\\/reiseberichte\\\/#\\\/schema\\\/person\\\/5e8081ddad478fd383ee2511fe8368bd\"},\"breadcrumb\":{\"@id\":\"https:\\\/\\\/www.mundi-roth.de\\\/reiseberichte\\\/agypten-mittwoch-28-januar-2009-2\\\/#breadcrumb\"},\"inLanguage\":\"de\",\"potentialAction\":[{\"@type\":\"ReadAction\",\"target\":[\"https:\\\/\\\/www.mundi-roth.de\\\/reiseberichte\\\/agypten-mittwoch-28-januar-2009-2\\\/\"]}]},{\"@type\":\"BreadcrumbList\",\"@id\":\"https:\\\/\\\/www.mundi-roth.de\\\/reiseberichte\\\/agypten-mittwoch-28-januar-2009-2\\\/#breadcrumb\",\"itemListElement\":[{\"@type\":\"ListItem\",\"position\":1,\"name\":\"Startseite\",\"item\":\"https:\\\/\\\/www.mundi-roth.de\\\/reiseberichte\\\/\"},{\"@type\":\"ListItem\",\"position\":2,\"name\":\"\u00c4gypten &#8211; Mittwoch, 28. Januar 2009\"}]},{\"@type\":\"WebSite\",\"@id\":\"https:\\\/\\\/www.mundi-roth.de\\\/reiseberichte\\\/#website\",\"url\":\"https:\\\/\\\/www.mundi-roth.de\\\/reiseberichte\\\/\",\"name\":\"Reiseberichte\",\"description\":\"Berichte \u00fcber Reisen (fast) rund um die Welt\",\"potentialAction\":[{\"@type\":\"SearchAction\",\"target\":{\"@type\":\"EntryPoint\",\"urlTemplate\":\"https:\\\/\\\/www.mundi-roth.de\\\/reiseberichte\\\/?s={search_term_string}\"},\"query-input\":{\"@type\":\"PropertyValueSpecification\",\"valueRequired\":true,\"valueName\":\"search_term_string\"}}],\"inLanguage\":\"de\"},{\"@type\":\"Person\",\"@id\":\"https:\\\/\\\/www.mundi-roth.de\\\/reiseberichte\\\/#\\\/schema\\\/person\\\/5e8081ddad478fd383ee2511fe8368bd\",\"name\":\"mr\",\"image\":{\"@type\":\"ImageObject\",\"inLanguage\":\"de\",\"@id\":\"https:\\\/\\\/secure.gravatar.com\\\/avatar\\\/9a3c34f32a8cb6923297b48d58fb263210ea20a4049fc4d3ccb858ce00487957?s=96&d=mm&r=g\",\"url\":\"https:\\\/\\\/secure.gravatar.com\\\/avatar\\\/9a3c34f32a8cb6923297b48d58fb263210ea20a4049fc4d3ccb858ce00487957?s=96&d=mm&r=g\",\"contentUrl\":\"https:\\\/\\\/secure.gravatar.com\\\/avatar\\\/9a3c34f32a8cb6923297b48d58fb263210ea20a4049fc4d3ccb858ce00487957?s=96&d=mm&r=g\",\"caption\":\"mr\"},\"sameAs\":[\"http:\\\/\\\/www.mundi-roth.de\"]}]}<\/script>\n<!-- \/ Yoast SEO plugin. -->","yoast_head_json":{"title":"\u00c4gypten - Mittwoch, 28. Januar 2009 - Reiseberichte","robots":{"index":"index","follow":"follow","max-snippet":"max-snippet:-1","max-image-preview":"max-image-preview:large","max-video-preview":"max-video-preview:-1"},"canonical":"https:\/\/www.mundi-roth.de\/reiseberichte\/agypten-mittwoch-28-januar-2009-2\/","twitter_misc":{"Verfasst von":"mr","Gesch\u00e4tzte Lesezeit":"4\u00a0Minuten"},"schema":{"@context":"https:\/\/schema.org","@graph":[{"@type":"Article","@id":"https:\/\/www.mundi-roth.de\/reiseberichte\/agypten-mittwoch-28-januar-2009-2\/#article","isPartOf":{"@id":"https:\/\/www.mundi-roth.de\/reiseberichte\/agypten-mittwoch-28-januar-2009-2\/"},"author":{"name":"mr","@id":"https:\/\/www.mundi-roth.de\/reiseberichte\/#\/schema\/person\/5e8081ddad478fd383ee2511fe8368bd"},"headline":"\u00c4gypten &#8211; Mittwoch, 28. Januar 2009","datePublished":"2009-02-15T07:40:59+00:00","dateModified":"2020-05-08T19:24:02+00:00","mainEntityOfPage":{"@id":"https:\/\/www.mundi-roth.de\/reiseberichte\/agypten-mittwoch-28-januar-2009-2\/"},"wordCount":752,"keywords":["2009 \u00c4gypten","Al-Ashar-Moschee","Alabastermoschee","Basar Khan el-Khalili","Fasch Awi Teahouse","Hussein-Moschee","Midan al Tahrir","Mokattam","Totenstadt","Zitadellenviertel"],"articleSection":["2009 \u00c4gypten"],"inLanguage":"de"},{"@type":"WebPage","@id":"https:\/\/www.mundi-roth.de\/reiseberichte\/agypten-mittwoch-28-januar-2009-2\/","url":"https:\/\/www.mundi-roth.de\/reiseberichte\/agypten-mittwoch-28-januar-2009-2\/","name":"\u00c4gypten - Mittwoch, 28. Januar 2009 - Reiseberichte","isPartOf":{"@id":"https:\/\/www.mundi-roth.de\/reiseberichte\/#website"},"datePublished":"2009-02-15T07:40:59+00:00","dateModified":"2020-05-08T19:24:02+00:00","author":{"@id":"https:\/\/www.mundi-roth.de\/reiseberichte\/#\/schema\/person\/5e8081ddad478fd383ee2511fe8368bd"},"breadcrumb":{"@id":"https:\/\/www.mundi-roth.de\/reiseberichte\/agypten-mittwoch-28-januar-2009-2\/#breadcrumb"},"inLanguage":"de","potentialAction":[{"@type":"ReadAction","target":["https:\/\/www.mundi-roth.de\/reiseberichte\/agypten-mittwoch-28-januar-2009-2\/"]}]},{"@type":"BreadcrumbList","@id":"https:\/\/www.mundi-roth.de\/reiseberichte\/agypten-mittwoch-28-januar-2009-2\/#breadcrumb","itemListElement":[{"@type":"ListItem","position":1,"name":"Startseite","item":"https:\/\/www.mundi-roth.de\/reiseberichte\/"},{"@type":"ListItem","position":2,"name":"\u00c4gypten &#8211; Mittwoch, 28. Januar 2009"}]},{"@type":"WebSite","@id":"https:\/\/www.mundi-roth.de\/reiseberichte\/#website","url":"https:\/\/www.mundi-roth.de\/reiseberichte\/","name":"Reiseberichte","description":"Berichte \u00fcber Reisen (fast) rund um die Welt","potentialAction":[{"@type":"SearchAction","target":{"@type":"EntryPoint","urlTemplate":"https:\/\/www.mundi-roth.de\/reiseberichte\/?s={search_term_string}"},"query-input":{"@type":"PropertyValueSpecification","valueRequired":true,"valueName":"search_term_string"}}],"inLanguage":"de"},{"@type":"Person","@id":"https:\/\/www.mundi-roth.de\/reiseberichte\/#\/schema\/person\/5e8081ddad478fd383ee2511fe8368bd","name":"mr","image":{"@type":"ImageObject","inLanguage":"de","@id":"https:\/\/secure.gravatar.com\/avatar\/9a3c34f32a8cb6923297b48d58fb263210ea20a4049fc4d3ccb858ce00487957?s=96&d=mm&r=g","url":"https:\/\/secure.gravatar.com\/avatar\/9a3c34f32a8cb6923297b48d58fb263210ea20a4049fc4d3ccb858ce00487957?s=96&d=mm&r=g","contentUrl":"https:\/\/secure.gravatar.com\/avatar\/9a3c34f32a8cb6923297b48d58fb263210ea20a4049fc4d3ccb858ce00487957?s=96&d=mm&r=g","caption":"mr"},"sameAs":["http:\/\/www.mundi-roth.de"]}]}},"_links":{"self":[{"href":"https:\/\/www.mundi-roth.de\/reiseberichte\/wp-json\/wp\/v2\/posts\/422","targetHints":{"allow":["GET"]}}],"collection":[{"href":"https:\/\/www.mundi-roth.de\/reiseberichte\/wp-json\/wp\/v2\/posts"}],"about":[{"href":"https:\/\/www.mundi-roth.de\/reiseberichte\/wp-json\/wp\/v2\/types\/post"}],"author":[{"embeddable":true,"href":"https:\/\/www.mundi-roth.de\/reiseberichte\/wp-json\/wp\/v2\/users\/2"}],"replies":[{"embeddable":true,"href":"https:\/\/www.mundi-roth.de\/reiseberichte\/wp-json\/wp\/v2\/comments?post=422"}],"version-history":[{"count":0,"href":"https:\/\/www.mundi-roth.de\/reiseberichte\/wp-json\/wp\/v2\/posts\/422\/revisions"}],"wp:attachment":[{"href":"https:\/\/www.mundi-roth.de\/reiseberichte\/wp-json\/wp\/v2\/media?parent=422"}],"wp:term":[{"taxonomy":"category","embeddable":true,"href":"https:\/\/www.mundi-roth.de\/reiseberichte\/wp-json\/wp\/v2\/categories?post=422"},{"taxonomy":"post_tag","embeddable":true,"href":"https:\/\/www.mundi-roth.de\/reiseberichte\/wp-json\/wp\/v2\/tags?post=422"}],"curies":[{"name":"wp","href":"https:\/\/api.w.org\/{rel}","templated":true}]}}