{"id":78,"date":"2008-06-10T20:05:19","date_gmt":"2008-06-10T18:05:19","guid":{"rendered":"http:\/\/www.mundi-roth.de\/reiseberichte\/?p=78"},"modified":"2020-05-08T20:24:03","modified_gmt":"2020-05-08T19:24:03","slug":"rhone-flussfahrt-tag-4","status":"publish","type":"post","link":"https:\/\/www.mundi-roth.de\/reiseberichte\/rhone-flussfahrt-tag-4\/","title":{"rendered":"Rhone-Flussfahrt Tag 4"},"content":{"rendered":"<p><strong>Dienstag, 3. Juni 2008<br \/>\nViviers<br \/>\nS\u00fcdliche Ard\u00e9che<\/strong><\/p>\n<p>Durch die defekte Schleuse wurde der Fahrplan etwas durcheinander gewirbelt, so dass wir keinen Landgang in Macon bekamen.<br \/>\nDa heute die Sonne scheint, sitzen wir doch tats\u00e4chlich mal auf Deck und machen bei einem Blumen-Quiz mit. Die 25 Fragen waren ganz sch\u00f6n knifflig. Nur ein Beispiel: &#8222;Vaters etwas klein geratene 2. Frau ?&#8220; = Stiefm\u00fctterchen. Immerhin hatten wir 23 richtig.<br \/>\nIn Viviers kamen wir um 11.30 Uhr an. Um 11.45 Uhr gab es bereits Mittagessen. Ich nutzte die Zeit bis zur <a href=\"http:\/\/www.mundi-roth.de\/teneriffa-blog\/wp-content\/uploads\/2008\/06\/p1020086.jpg\"><img loading=\"lazy\" decoding=\"async\" class=\"alignleft alignnone size-thumbnail wp-image-370\" style=\"border: 0pt none; margin: 3px; float: left;\" title=\"p1020086\" src=\"http:\/\/www.mundi-roth.de\/teneriffa-blog\/wp-content\/uploads\/2008\/06\/p1020086-150x112.jpg\" alt=\"\" width=\"120\" height=\"90\" \/><\/a>Abfahrt um 13.30 Uhr um im Schnelldurchgang das h\u00fcbsche St\u00e4dtchen mit seinen alten Steinh\u00e4usern, verwinkelten G\u00e4sschen, bis zur Kathedrale oben auf dem Berg zu besichtigen. Da endlich auch die Sonne schien, war das besonders sch\u00f6n.<br \/>\n\u00dcber Viviers kann ich nachlesen:<br \/>\n&#8222;Trotz seiner bescheidenen Gr\u00f6\u00dfe von nur 3.000 Einwohnern ist Viviers seit dem 5. Jh. Bischofssitz. Die Kathedrale St. Vincent (12.\/15. Jahrhundert) dominiert den auf einem Felsplateau gelegenen Kirchenbezirk. Der separat stehende Turm mit seiner Kapelle St. Michael und den niedrigeren W\u00e4nden des Mittelschiffs sind romanischen Ursprungs, w\u00e4hrend der Hauptteil der Kathedrale aus der Gotik stammt (14. Jh.) Die Kanzel wurde im 16. Jh. \u00fcberschwenglich im Flamboyant-Stil der Sp\u00e4tgotik renoviert. Von hier oben hat man einen sch\u00f6nen Blick auf das am anderen Flussufer gelegene Chatenauneuf-du-Rhone, das von der Ruine der Festung dominiert wird und fr\u00fcher dem Bischof von Viviers geh\u00f6rte. Er war somit in der Lage, beide Ufer der Rhone zu kontrollieren.<br \/>\nDas Maison des Chevaliers (1546) mit seiner reich verzierten Fassade im italienischen Stil wird von vielen als das pr\u00e4chtigste Wohnhaus der Renaissance in Frankreich angesehen. Der Kontrast zwischen Unter- und Oberstadt und dazu die dramatische Lage am Eingang zum D\u00e9fil\u00e9 de Donz\u00e8re &#8211; der einstmals gef\u00e4hrlichsten Rhone-Passage &#8211; machen den Reiz des kleinen St\u00e4dtchens aus. Dank seiner entr\u00fcckten Lage blieb die Stadt von den Verschandelungen der Industrialisierung verschont und bezaubert die Besucher mit seinem intakten mittelalterlichen Stadtbild.&#8220;<br \/>\nDas stimmt!<br \/>\nUnd wie hei\u00dft es in einer Beschreibung ? Viviers ist seines reichhaltigen Gutes wegen unter Schutz gestellt worden und ist einer der drei Bezirke der Region Rhone-Alpes.&#8220;<\/p>\n<p>P\u00fcnktlich um 13.30 Uhr geht die Bus-Fahrt Richtung s\u00fcdliche Ard\u00e9che los.<br \/>\nSelbstverst\u00e4ndlich werden wir im Bus von der \u00f6rtlichen Reiseleiterin wieder etwas \u00fcber die Region aufgekl\u00e4rt. So erfahren wir, dass die s\u00fcdliche Ard\u00e9che zu den \u00e4rmsten Regionen Frankreichs geh\u00f6rt. Sie hat weder einen Bahnhof, noch einen Flughafen und auch keine Autobahn.<br \/>\nDas Schulsystem funktioniert hier so, dass bereits die Dreij\u00e4hrigen in die Schule kommen und von Montag bis Samstag Mittag ganztags 8.30 Uhr &#8211; 11.30 Uhr sowie von 13.30 Uhr bis 17.00 Uhr betreut werden. Jedoch ab n\u00e4chstem Jahr gibt es samstags keinen Unterricht mehr. Bis zu einem Alter von drei Jahren werden sie in einer Krippe oder von einer Tagesmutter betreut und daher gehen 80 % der 25 bis 40j\u00e4hrigen Frauen ganztags arbeiten. Fremdsprachen werden im Kolleg (ab 10 Jahre) in Englisch, Spanisch, Italienisch und Deutsch unterrichtet.<\/p>\n<p>Wir fahren hier durch eine gr\u00fcne Region und sehen wir erstmals Olivenb\u00e4ume und sogenannte &#8222;gr\u00fcne Eichen&#8220;, sp\u00e4ter erfahren wir dass es sich um Steineichen handelt. Wir befinden sich auch in einer sehr ergiebigen Tr\u00fcffellandschaft. Die Tr\u00fcffel werden &#8222;schwarze Diamanten&#8220; genannt und bringen horrende Preise &#8211; f\u00fcr 1 kg werden bis zu 1.000 Euro bezahlt.<br \/>\nWir n\u00e4hern uns der spektakul\u00e4ren Landschaft des Tals der Ard\u00e9che. In dieser Region hat sich der Fluss im <a href=\"http:\/\/www.mundi-roth.de\/teneriffa-blog\/wp-content\/uploads\/2008\/06\/p1020103.jpg\"><img loading=\"lazy\" decoding=\"async\" class=\"alignleft alignnone size-thumbnail wp-image-371\" style=\"border: 0pt none; margin: 3px; float: left;\" title=\"p1020103\" src=\"http:\/\/www.mundi-roth.de\/teneriffa-blog\/wp-content\/uploads\/2008\/06\/p1020103-150x112.jpg\" alt=\"\" width=\"128\" height=\"96\" \/><\/a>Laufe der Jahrmillionen bis zu 300 Meter tief in den weichen Kalkstein und in den<a href=\"http:\/\/www.mundi-roth.de\/teneriffa-blog\/wp-content\/uploads\/2008\/06\/p10200991.jpg\"><img loading=\"lazy\" decoding=\"async\" class=\"alignright alignnone size-thumbnail wp-image-413\" style=\"border: 0pt none; margin: 3px; float: right;\" title=\"p10200991\" src=\"http:\/\/www.mundi-roth.de\/teneriffa-blog\/wp-content\/uploads\/2008\/06\/p10200991-150x112.jpg\" alt=\"\" width=\"124\" height=\"96\" \/><\/a> Untergrund gegraben und dabei steile Schluchten und Canons hinterlassen und damit eine der sch\u00f6nsten Landschaften Frankreichs geformt. Zahlreiche beeindruckende H\u00f6hlen wurden durch seine Wasser ausgewaschen in denen sich Stalaktiten und Stalagmiten gebildet haben.<br \/>\nUnsere Reiseleiterin erkl\u00e4rt uns auch den Unterschied zwischen einer H\u00f6hle und einem Karstloch. Bei einem Karstloch verl\u00e4uft der Eingang vertikal und bei einer H\u00f6hle horizontal. Hier gibt es 700 H\u00f6hlen oder Karstl\u00f6cher, jedoch nur 7 davon sind zur Besichtigung eingerichtet und zugelassen.<br \/>\nWir steuern die Grotte von &#8222;Madeleines&#8220; mit ihren unterirdischen S\u00e4len an.<a href=\"http:\/\/www.mundi-roth.de\/teneriffa-blog\/wp-content\/uploads\/2008\/06\/sany0708.jpg\"><img loading=\"lazy\" decoding=\"async\" class=\"alignright alignnone size-thumbnail wp-image-372\" style=\"border: 0pt none; margin: 3px; float: right;\" title=\"sany0708\" src=\"http:\/\/www.mundi-roth.de\/teneriffa-blog\/wp-content\/uploads\/2008\/06\/sany0708-150x112.jpg\" alt=\"\" width=\"124\" height=\"96\" \/><\/a><br \/>\nDiese H\u00f6hle wurde 1887 von einem Hirten entdeckt, der seine verloren gegangene Ziege suchte. Nur mit Holzschuhen und einer Kerze betrat der diese H\u00f6hle und bewegte sich auf einer 250 m langen Galerie. Die Gr\u00f6\u00dfe und Sch\u00f6nheit erschloss sich ihm nicht. Er wahr nur froh, seine Ziege wieder gefunden zu haben.<br \/>\nErst 1969 wurde diese H\u00f6hle zur Besichtigung eingerichtet als man beim Bau einer Stra\u00dfe erneut darauf stie\u00df und einen Tunnel als Zufahrt schuf..<br \/>\nDie H\u00f6hle oder auch Grotte tr\u00e4gt den Namen zu Ehren von &#8222;Madeleine&#8220; Magdalena, die die Schutzpatronin der Leprakranken war. In der N\u00e4he gab es ein Krankenhaus und man holte aus der H\u00f6hle die Tonerde, mit der die Leprakranken arbeiteten.<br \/>\nDie Entstehung der H\u00f6hlen in langer Vorzeit geschah als die Hitze der Vulkane mit der K\u00e4lte der Gletscher zusammenstie\u00df.<br \/>\nF\u00fcr uns hei\u00dft es zuerst mal Hosenbeine aufkrempeln, denn durch den vielen Regen in den letzten Tagen ist es sehr nass und schlammig und wir begeben uns gespannt auf den Abstieg \u00fcber viele Treppen. Unterwegs <a href=\"http:\/\/www.mundi-roth.de\/teneriffa-blog\/wp-content\/uploads\/2008\/06\/grotte.jpg\"><img loading=\"lazy\" decoding=\"async\" class=\"alignleft alignnone size-thumbnail wp-image-373\" style=\"border: 0pt none; margin: 3px; float: left;\" title=\"grotte\" src=\"http:\/\/www.mundi-roth.de\/teneriffa-blog\/wp-content\/uploads\/2008\/06\/grotte-150x66.jpg\" alt=\"\" width=\"200\" height=\"88\" \/><\/a>erhalten wir Informationen \u00fcber den Ausbau der H\u00f6hle. Auf dem unteren Plateau angekommen wird es erstmal stockdunkel um uns dann eine Lichtinstallation vorzuf\u00fchren, die uns den Hirten auf der Suche nach seiner Ziege zeigt, alles untermalt mit der eindrucksvollen Musik von Carl Orff &#8222;Carmina burana&#8220;, deren Liebhaber wir sind. Der Lichtkegel hellt immer wieder phantastische Gebilde der Stalaktiten und Stalagmiten auf. Phantastisch. Wir haben schon einige sch\u00f6ne Tropfsteinh\u00f6hlen gesehen, aber so etwas noch nicht.<br \/>\nWir fahren entlang der Ard\u00e9che und erfahren, dass es hier das Eldorado der Kajakfahrer ist. \u00dcber 3000 Kajaks k\u00f6nnen hier an den verschiedenen Stellen geliehen werden. Die Fahrt auf der Ard\u00e9che soll angeblich ungef\u00e4hrlich sein.<br \/>\nEin Stopp gibt uns die M\u00f6glichkeit die Macht des Wasser zu bewundern, die dazu gef\u00fchrt hat, dass sich eine nat\u00fcrliche Br\u00fccke gebildet hat.<br \/>\nDie Fahrt hat sich auf alle F\u00e4lle gelohnt.<\/p>\n<p>Unser n\u00e4chstes Ziel ist ein Lavendelproduzent im Ard\u00e9che-Gebiet. Wir werden \u00fcber die 3 unterschiedlichen Lavendelarten aus den verschiedenen Regionen mit ihren unterschiedlichen Wirkungsweisen aufgekl\u00e4rt. In der Gegend von Nizza w\u00e4chst der &#8222;feine&#8220; oder auch &#8222;echte&#8220; Lavendel, der gegen Migr\u00e4ne und Einschlafst\u00f6rungen helfen soll. Im S\u00fcden der Alpen, in H\u00f6hen von ca. 800 m, w\u00e4chst der Lavandin, aus dem Arznei gegen Insektenstichen oder Angina hergestellt wird, in der Ard\u00e9che w\u00e4chst der Lavande aspic, auch &#8222;gemeiner&#8220; Lavendel genannt, der ca. 70 % Kampfer enth\u00e4lt und hieraus wird Arnzei gegen Arthrose fabriziert.<\/p>\n<p><a href=\"http:\/\/www.mundi-roth.de\/teneriffa-blog\/wp-content\/uploads\/2008\/06\/p1020105.jpg\"><img loading=\"lazy\" decoding=\"async\" class=\"alignleft alignnone size-thumbnail wp-image-376\" style=\"border: 0pt none; margin: 3px; float: left;\" title=\"p1020105\" src=\"http:\/\/www.mundi-roth.de\/teneriffa-blog\/wp-content\/uploads\/2008\/06\/p1020105-150x112.jpg\" alt=\"\" width=\"124\" height=\"96\" \/><\/a> Interessant ist der Gang durch das Museum und die anschlie\u00dfende Demon<a href=\"http:\/\/www.mundi-roth.de\/teneriffa-blog\/wp-content\/uploads\/2008\/06\/sany0732.jpg\"><img loading=\"lazy\" decoding=\"async\" class=\"alignright alignnone size-thumbnail wp-image-377\" style=\"border: 0pt none; margin: 3px; float: right;\" title=\"sany0732\" src=\"http:\/\/www.mundi-roth.de\/teneriffa-blog\/wp-content\/uploads\/2008\/06\/sany0732-150x112.jpg\" alt=\"\" width=\"124\" height=\"96\" \/><\/a>stration der Destillation zur Gewinnung des Lavendel\u00f6ls und so nebenbei bekommen wir auch noch Tipps, wie wir zu Hause unsere Lavendelb\u00fcsche schneiden m\u00fcssen und wie wir sie vermehren k\u00f6nnen.<\/p>\n<p>Das mit dem Lavande aspic muss wohl stimmen, denn wir haben von Freunden den Auftrag bekommen, ein gr\u00f6\u00dferes Fl\u00e4schchen dieses &#8222;wilden&#8220; Lavande aspic zu besorgen, da es tats\u00e4chlich Linderung bei Arthrose bringt.<br \/>\nWir erstehen f\u00fcr uns lediglich losen getrockneten Lavendel f\u00fcr diverse Kissen f\u00fcr die Kleiderschr\u00e4nke und eine spezielle Knoblauchreibe, die die Reiserf\u00fchrerin im Bus vorstellte und lobte.<br \/>\nInsgesamt ein lohnender, interessanter Ausflug. Leider sind wir in der Jahreszeit zu fr\u00fch, so dass es unserer Phantasie \u00fcberlassen bleibt, sich die riesigen Lavendelfelder in Bl\u00fcte vorzustellen.<\/p>\n<p>Und das Sch\u00f6nste an diesem Tag ? Wir haben sch\u00f6nes Wetter! Sonne !<\/p>\n<p>Um 19 Uhr legen wir ab und um 19.30 Uhr gehen wir neugierig zum separat gebuchten Abendessen, das unter dem Motto &#8222;Weinwirtschaft&#8220; l\u00e4uft und eine Weinprobe beeinhaltet. 28 Personen nehmen daran teil. In der &#8222;Day Lounge&#8220;, hier essen wir normalerweise t\u00e4glich, findet das Ganze statt.<\/p>\n<p><a href=\"http:\/\/www.mundi-roth.de\/teneriffa-blog\/wp-content\/uploads\/2008\/06\/menu.jpg\"><img loading=\"lazy\" decoding=\"async\" class=\"alignleft alignnone size-thumbnail wp-image-412\" style=\"border: 0pt none; margin: 3px; float: left;\" title=\"menu\" src=\"http:\/\/www.mundi-roth.de\/teneriffa-blog\/wp-content\/uploads\/2008\/06\/menu-108x150.jpg\" alt=\"\" width=\"89\" height=\"108\" \/><\/a>Uns hatte gereizt, sich einmal nicht am Buffet zu dr\u00e4ngeln, sondern bei einem &#8222;F\u00fcnf-G\u00e4nge-Menu mit passenden Weinen aus der Region&#8220; am Tisch bedient zu werden. Der Restaurant-Chef stellte jeden Gang und jeden Wein sehr wortreich vor. Man kann das Essen aber auch kurz beschreiben. Das Essen war nicht schlecht &#8211; aber auch nicht \u00fcberragend. Die servierten Weine erinnerten an die Hochzeit von Kanaan &#8211; nur in umgekehrter Reihenfolge. Der zum Hauptgang gereichte Rotwein war fast nicht trinkbar. Schwamm dr\u00fcber.<\/p>\n","protected":false},"excerpt":{"rendered":"<p>Dienstag, 3. Juni 2008 Viviers S\u00fcdliche Ard\u00e9che Durch die defekte Schleuse wurde der Fahrplan etwas durcheinander gewirbelt, so dass wir keinen Landgang in Macon bekamen. Da heute die Sonne scheint, sitzen wir doch tats\u00e4chlich mal auf Deck und machen bei einem Blumen-Quiz mit. Die 25 Fragen waren ganz sch\u00f6n knifflig. Nur ein Beispiel: &#8222;Vaters etwas [&hellip;]<\/p>\n","protected":false},"author":2,"featured_media":0,"comment_status":"closed","ping_status":"closed","sticky":false,"template":"","format":"standard","meta":{"footnotes":""},"categories":[4],"tags":[10,37,14,36,3,35,34],"class_list":["post-78","post","type-post","status-publish","format-standard","hentry","category-frankreich","tag-arosa-luna","tag-flussschiffahrt","tag-grotte-madeleines","tag-lavendel","tag-rhone","tag-sudliche-ardeche","tag-viviers"],"yoast_head":"<!-- This site is optimized with the Yoast SEO plugin v27.5 - https:\/\/yoast.com\/product\/yoast-seo-wordpress\/ -->\n<title>Rhone-Flussfahrt Tag 4 - Reiseberichte<\/title>\n<meta name=\"robots\" content=\"index, follow, max-snippet:-1, max-image-preview:large, max-video-preview:-1\" \/>\n<link rel=\"canonical\" href=\"https:\/\/www.mundi-roth.de\/reiseberichte\/rhone-flussfahrt-tag-4\/\" \/>\n<meta name=\"twitter:label1\" content=\"Verfasst von\" \/>\n\t<meta name=\"twitter:data1\" content=\"mr\" \/>\n\t<meta name=\"twitter:label2\" content=\"Gesch\u00e4tzte Lesezeit\" \/>\n\t<meta name=\"twitter:data2\" content=\"7\u00a0Minuten\" \/>\n<script type=\"application\/ld+json\" class=\"yoast-schema-graph\">{\"@context\":\"https:\\\/\\\/schema.org\",\"@graph\":[{\"@type\":\"Article\",\"@id\":\"https:\\\/\\\/www.mundi-roth.de\\\/reiseberichte\\\/rhone-flussfahrt-tag-4\\\/#article\",\"isPartOf\":{\"@id\":\"https:\\\/\\\/www.mundi-roth.de\\\/reiseberichte\\\/rhone-flussfahrt-tag-4\\\/\"},\"author\":{\"name\":\"mr\",\"@id\":\"https:\\\/\\\/www.mundi-roth.de\\\/reiseberichte\\\/#\\\/schema\\\/person\\\/5e8081ddad478fd383ee2511fe8368bd\"},\"headline\":\"Rhone-Flussfahrt Tag 4\",\"datePublished\":\"2008-06-10T18:05:19+00:00\",\"dateModified\":\"2020-05-08T19:24:03+00:00\",\"mainEntityOfPage\":{\"@id\":\"https:\\\/\\\/www.mundi-roth.de\\\/reiseberichte\\\/rhone-flussfahrt-tag-4\\\/\"},\"wordCount\":1388,\"image\":{\"@id\":\"https:\\\/\\\/www.mundi-roth.de\\\/reiseberichte\\\/rhone-flussfahrt-tag-4\\\/#primaryimage\"},\"thumbnailUrl\":\"http:\\\/\\\/www.mundi-roth.de\\\/teneriffa-blog\\\/wp-content\\\/uploads\\\/2008\\\/06\\\/p1020086-150x112.jpg\",\"keywords\":[\"Arosa-Luna\",\"Flussschiffahrt\",\"Grotte Madeleines\",\"Lavendel\",\"Rhone\",\"S\u00fcdliche Ard\u00e9che\",\"Viviers\"],\"articleSection\":[\"2009 Frankreich\"],\"inLanguage\":\"de\"},{\"@type\":\"WebPage\",\"@id\":\"https:\\\/\\\/www.mundi-roth.de\\\/reiseberichte\\\/rhone-flussfahrt-tag-4\\\/\",\"url\":\"https:\\\/\\\/www.mundi-roth.de\\\/reiseberichte\\\/rhone-flussfahrt-tag-4\\\/\",\"name\":\"Rhone-Flussfahrt Tag 4 - Reiseberichte\",\"isPartOf\":{\"@id\":\"https:\\\/\\\/www.mundi-roth.de\\\/reiseberichte\\\/#website\"},\"primaryImageOfPage\":{\"@id\":\"https:\\\/\\\/www.mundi-roth.de\\\/reiseberichte\\\/rhone-flussfahrt-tag-4\\\/#primaryimage\"},\"image\":{\"@id\":\"https:\\\/\\\/www.mundi-roth.de\\\/reiseberichte\\\/rhone-flussfahrt-tag-4\\\/#primaryimage\"},\"thumbnailUrl\":\"http:\\\/\\\/www.mundi-roth.de\\\/teneriffa-blog\\\/wp-content\\\/uploads\\\/2008\\\/06\\\/p1020086-150x112.jpg\",\"datePublished\":\"2008-06-10T18:05:19+00:00\",\"dateModified\":\"2020-05-08T19:24:03+00:00\",\"author\":{\"@id\":\"https:\\\/\\\/www.mundi-roth.de\\\/reiseberichte\\\/#\\\/schema\\\/person\\\/5e8081ddad478fd383ee2511fe8368bd\"},\"breadcrumb\":{\"@id\":\"https:\\\/\\\/www.mundi-roth.de\\\/reiseberichte\\\/rhone-flussfahrt-tag-4\\\/#breadcrumb\"},\"inLanguage\":\"de\",\"potentialAction\":[{\"@type\":\"ReadAction\",\"target\":[\"https:\\\/\\\/www.mundi-roth.de\\\/reiseberichte\\\/rhone-flussfahrt-tag-4\\\/\"]}]},{\"@type\":\"ImageObject\",\"inLanguage\":\"de\",\"@id\":\"https:\\\/\\\/www.mundi-roth.de\\\/reiseberichte\\\/rhone-flussfahrt-tag-4\\\/#primaryimage\",\"url\":\"http:\\\/\\\/www.mundi-roth.de\\\/teneriffa-blog\\\/wp-content\\\/uploads\\\/2008\\\/06\\\/p1020086-150x112.jpg\",\"contentUrl\":\"http:\\\/\\\/www.mundi-roth.de\\\/teneriffa-blog\\\/wp-content\\\/uploads\\\/2008\\\/06\\\/p1020086-150x112.jpg\"},{\"@type\":\"BreadcrumbList\",\"@id\":\"https:\\\/\\\/www.mundi-roth.de\\\/reiseberichte\\\/rhone-flussfahrt-tag-4\\\/#breadcrumb\",\"itemListElement\":[{\"@type\":\"ListItem\",\"position\":1,\"name\":\"Startseite\",\"item\":\"https:\\\/\\\/www.mundi-roth.de\\\/reiseberichte\\\/\"},{\"@type\":\"ListItem\",\"position\":2,\"name\":\"Rhone-Flussfahrt Tag 4\"}]},{\"@type\":\"WebSite\",\"@id\":\"https:\\\/\\\/www.mundi-roth.de\\\/reiseberichte\\\/#website\",\"url\":\"https:\\\/\\\/www.mundi-roth.de\\\/reiseberichte\\\/\",\"name\":\"Reiseberichte\",\"description\":\"Berichte \u00fcber Reisen (fast) rund um die Welt\",\"potentialAction\":[{\"@type\":\"SearchAction\",\"target\":{\"@type\":\"EntryPoint\",\"urlTemplate\":\"https:\\\/\\\/www.mundi-roth.de\\\/reiseberichte\\\/?s={search_term_string}\"},\"query-input\":{\"@type\":\"PropertyValueSpecification\",\"valueRequired\":true,\"valueName\":\"search_term_string\"}}],\"inLanguage\":\"de\"},{\"@type\":\"Person\",\"@id\":\"https:\\\/\\\/www.mundi-roth.de\\\/reiseberichte\\\/#\\\/schema\\\/person\\\/5e8081ddad478fd383ee2511fe8368bd\",\"name\":\"mr\",\"image\":{\"@type\":\"ImageObject\",\"inLanguage\":\"de\",\"@id\":\"https:\\\/\\\/secure.gravatar.com\\\/avatar\\\/9a3c34f32a8cb6923297b48d58fb263210ea20a4049fc4d3ccb858ce00487957?s=96&d=mm&r=g\",\"url\":\"https:\\\/\\\/secure.gravatar.com\\\/avatar\\\/9a3c34f32a8cb6923297b48d58fb263210ea20a4049fc4d3ccb858ce00487957?s=96&d=mm&r=g\",\"contentUrl\":\"https:\\\/\\\/secure.gravatar.com\\\/avatar\\\/9a3c34f32a8cb6923297b48d58fb263210ea20a4049fc4d3ccb858ce00487957?s=96&d=mm&r=g\",\"caption\":\"mr\"},\"sameAs\":[\"http:\\\/\\\/www.mundi-roth.de\"]}]}<\/script>\n<!-- \/ Yoast SEO plugin. -->","yoast_head_json":{"title":"Rhone-Flussfahrt Tag 4 - Reiseberichte","robots":{"index":"index","follow":"follow","max-snippet":"max-snippet:-1","max-image-preview":"max-image-preview:large","max-video-preview":"max-video-preview:-1"},"canonical":"https:\/\/www.mundi-roth.de\/reiseberichte\/rhone-flussfahrt-tag-4\/","twitter_misc":{"Verfasst von":"mr","Gesch\u00e4tzte Lesezeit":"7\u00a0Minuten"},"schema":{"@context":"https:\/\/schema.org","@graph":[{"@type":"Article","@id":"https:\/\/www.mundi-roth.de\/reiseberichte\/rhone-flussfahrt-tag-4\/#article","isPartOf":{"@id":"https:\/\/www.mundi-roth.de\/reiseberichte\/rhone-flussfahrt-tag-4\/"},"author":{"name":"mr","@id":"https:\/\/www.mundi-roth.de\/reiseberichte\/#\/schema\/person\/5e8081ddad478fd383ee2511fe8368bd"},"headline":"Rhone-Flussfahrt Tag 4","datePublished":"2008-06-10T18:05:19+00:00","dateModified":"2020-05-08T19:24:03+00:00","mainEntityOfPage":{"@id":"https:\/\/www.mundi-roth.de\/reiseberichte\/rhone-flussfahrt-tag-4\/"},"wordCount":1388,"image":{"@id":"https:\/\/www.mundi-roth.de\/reiseberichte\/rhone-flussfahrt-tag-4\/#primaryimage"},"thumbnailUrl":"http:\/\/www.mundi-roth.de\/teneriffa-blog\/wp-content\/uploads\/2008\/06\/p1020086-150x112.jpg","keywords":["Arosa-Luna","Flussschiffahrt","Grotte Madeleines","Lavendel","Rhone","S\u00fcdliche Ard\u00e9che","Viviers"],"articleSection":["2009 Frankreich"],"inLanguage":"de"},{"@type":"WebPage","@id":"https:\/\/www.mundi-roth.de\/reiseberichte\/rhone-flussfahrt-tag-4\/","url":"https:\/\/www.mundi-roth.de\/reiseberichte\/rhone-flussfahrt-tag-4\/","name":"Rhone-Flussfahrt Tag 4 - Reiseberichte","isPartOf":{"@id":"https:\/\/www.mundi-roth.de\/reiseberichte\/#website"},"primaryImageOfPage":{"@id":"https:\/\/www.mundi-roth.de\/reiseberichte\/rhone-flussfahrt-tag-4\/#primaryimage"},"image":{"@id":"https:\/\/www.mundi-roth.de\/reiseberichte\/rhone-flussfahrt-tag-4\/#primaryimage"},"thumbnailUrl":"http:\/\/www.mundi-roth.de\/teneriffa-blog\/wp-content\/uploads\/2008\/06\/p1020086-150x112.jpg","datePublished":"2008-06-10T18:05:19+00:00","dateModified":"2020-05-08T19:24:03+00:00","author":{"@id":"https:\/\/www.mundi-roth.de\/reiseberichte\/#\/schema\/person\/5e8081ddad478fd383ee2511fe8368bd"},"breadcrumb":{"@id":"https:\/\/www.mundi-roth.de\/reiseberichte\/rhone-flussfahrt-tag-4\/#breadcrumb"},"inLanguage":"de","potentialAction":[{"@type":"ReadAction","target":["https:\/\/www.mundi-roth.de\/reiseberichte\/rhone-flussfahrt-tag-4\/"]}]},{"@type":"ImageObject","inLanguage":"de","@id":"https:\/\/www.mundi-roth.de\/reiseberichte\/rhone-flussfahrt-tag-4\/#primaryimage","url":"http:\/\/www.mundi-roth.de\/teneriffa-blog\/wp-content\/uploads\/2008\/06\/p1020086-150x112.jpg","contentUrl":"http:\/\/www.mundi-roth.de\/teneriffa-blog\/wp-content\/uploads\/2008\/06\/p1020086-150x112.jpg"},{"@type":"BreadcrumbList","@id":"https:\/\/www.mundi-roth.de\/reiseberichte\/rhone-flussfahrt-tag-4\/#breadcrumb","itemListElement":[{"@type":"ListItem","position":1,"name":"Startseite","item":"https:\/\/www.mundi-roth.de\/reiseberichte\/"},{"@type":"ListItem","position":2,"name":"Rhone-Flussfahrt Tag 4"}]},{"@type":"WebSite","@id":"https:\/\/www.mundi-roth.de\/reiseberichte\/#website","url":"https:\/\/www.mundi-roth.de\/reiseberichte\/","name":"Reiseberichte","description":"Berichte \u00fcber Reisen (fast) rund um die Welt","potentialAction":[{"@type":"SearchAction","target":{"@type":"EntryPoint","urlTemplate":"https:\/\/www.mundi-roth.de\/reiseberichte\/?s={search_term_string}"},"query-input":{"@type":"PropertyValueSpecification","valueRequired":true,"valueName":"search_term_string"}}],"inLanguage":"de"},{"@type":"Person","@id":"https:\/\/www.mundi-roth.de\/reiseberichte\/#\/schema\/person\/5e8081ddad478fd383ee2511fe8368bd","name":"mr","image":{"@type":"ImageObject","inLanguage":"de","@id":"https:\/\/secure.gravatar.com\/avatar\/9a3c34f32a8cb6923297b48d58fb263210ea20a4049fc4d3ccb858ce00487957?s=96&d=mm&r=g","url":"https:\/\/secure.gravatar.com\/avatar\/9a3c34f32a8cb6923297b48d58fb263210ea20a4049fc4d3ccb858ce00487957?s=96&d=mm&r=g","contentUrl":"https:\/\/secure.gravatar.com\/avatar\/9a3c34f32a8cb6923297b48d58fb263210ea20a4049fc4d3ccb858ce00487957?s=96&d=mm&r=g","caption":"mr"},"sameAs":["http:\/\/www.mundi-roth.de"]}]}},"_links":{"self":[{"href":"https:\/\/www.mundi-roth.de\/reiseberichte\/wp-json\/wp\/v2\/posts\/78","targetHints":{"allow":["GET"]}}],"collection":[{"href":"https:\/\/www.mundi-roth.de\/reiseberichte\/wp-json\/wp\/v2\/posts"}],"about":[{"href":"https:\/\/www.mundi-roth.de\/reiseberichte\/wp-json\/wp\/v2\/types\/post"}],"author":[{"embeddable":true,"href":"https:\/\/www.mundi-roth.de\/reiseberichte\/wp-json\/wp\/v2\/users\/2"}],"replies":[{"embeddable":true,"href":"https:\/\/www.mundi-roth.de\/reiseberichte\/wp-json\/wp\/v2\/comments?post=78"}],"version-history":[{"count":0,"href":"https:\/\/www.mundi-roth.de\/reiseberichte\/wp-json\/wp\/v2\/posts\/78\/revisions"}],"wp:attachment":[{"href":"https:\/\/www.mundi-roth.de\/reiseberichte\/wp-json\/wp\/v2\/media?parent=78"}],"wp:term":[{"taxonomy":"category","embeddable":true,"href":"https:\/\/www.mundi-roth.de\/reiseberichte\/wp-json\/wp\/v2\/categories?post=78"},{"taxonomy":"post_tag","embeddable":true,"href":"https:\/\/www.mundi-roth.de\/reiseberichte\/wp-json\/wp\/v2\/tags?post=78"}],"curies":[{"name":"wp","href":"https:\/\/api.w.org\/{rel}","templated":true}]}}