{"id":82,"date":"2008-06-10T20:03:12","date_gmt":"2008-06-10T18:03:12","guid":{"rendered":"http:\/\/www.mundi-roth.de\/reiseberichte\/?p=82"},"modified":"2020-05-08T20:24:41","modified_gmt":"2020-05-08T19:24:41","slug":"rhone-flussfahrt-tag-6","status":"publish","type":"post","link":"https:\/\/www.mundi-roth.de\/reiseberichte\/rhone-flussfahrt-tag-6\/","title":{"rendered":"Rhone-Flussfahrt Tag 6"},"content":{"rendered":"<p><strong>Donnerstag, 5. Juni 2008<br \/>\nNimes<\/strong><br \/>\n8 Uhr ist die Abfahrt, das hei\u00dft wieder Wecker stellen.<br \/>\nMein lieber Mann hat von vorneherein abgewunken, nicht noch eine Stadt. Er wollte gem\u00e4chlich durch Avignon bummeln.<br \/>\nNach 45 Minuten sind wir in Nimes und der Busfahrer qu\u00e4lt sich durch den dichten Verkehr bis zum Jardin de la Fontaine. Hier werden wir aus dem Bus entlassen und gehen durch ein majest\u00e4tisches Gitter<a href=\"http:\/\/www.mundi-roth.de\/teneriffa-blog\/wp-content\/uploads\/2008\/06\/p1020164.jpg\"><img loading=\"lazy\" decoding=\"async\" class=\"alignright alignnone size-thumbnail wp-image-390\" style=\"border: 0pt none; margin: 3px; float: right;\" title=\"p1020164\" src=\"http:\/\/www.mundi-roth.de\/teneriffa-blog\/wp-content\/uploads\/2008\/06\/p1020164-150x112.jpg\" alt=\"\" width=\"124\" height=\"96\" \/><\/a> in die barocke Parkanlage des 18. Jh. am Fu\u00dfe der Ausl\u00e4ufer des von der Tour Magne <a href=\"http:\/\/www.mundi-roth.de\/teneriffa-blog\/wp-content\/uploads\/2008\/06\/p1020166.jpg\"><img loading=\"lazy\" decoding=\"async\" class=\"alignleft alignnone size-thumbnail wp-image-391\" style=\"border: 0pt none; margin: 3px; float: left;\" title=\"p1020166\" src=\"http:\/\/www.mundi-roth.de\/teneriffa-blog\/wp-content\/uploads\/2008\/06\/p1020166-150x112.jpg\" alt=\"\" width=\"124\" height=\"96\" \/><\/a>gekr\u00f6nten Mont Cavalier. Die keltische Nemaususquelle, aus der das in den umliegenden Kalkh\u00fcgeln der Garrique eingesicherte Regenwasser wieder zu Tage tritt, war ein Quellheiligtum.<br \/>\nIn der gallor\u00f6mischen Epoche umfasste dieser heilige Bezirk au\u00dfer der Quelle ein Theater, einen Tempel und Thermen. Wir<a href=\"http:\/\/www.mundi-roth.de\/teneriffa-blog\/wp-content\/uploads\/2008\/06\/p1020170.jpg\"><img loading=\"lazy\" decoding=\"async\" class=\"alignright alignnone size-thumbnail wp-image-392\" style=\"border: 0pt none; margin: 3px; float: right;\" title=\"p1020170\" src=\"http:\/\/www.mundi-roth.de\/teneriffa-blog\/wp-content\/uploads\/2008\/06\/p1020170-150x112.jpg\" alt=\"\" width=\"124\" height=\"96\" \/><\/a> wenden uns der Ruine des r\u00f6mischen Temple de Diane zu. Er wird zwar Dianatempel genannt, seine wirkliche Funktion ist jedoch unbekannt.<br \/>\n<a href=\"http:\/\/www.mundi-roth.de\/teneriffa-blog\/wp-content\/uploads\/2008\/06\/p1020176.jpg\"><img loading=\"lazy\" decoding=\"async\" class=\"alignleft alignnone size-thumbnail wp-image-393\" style=\"border: 0pt none; margin: 3px; float: left;\" title=\"p1020176\" src=\"http:\/\/www.mundi-roth.de\/teneriffa-blog\/wp-content\/uploads\/2008\/06\/p1020176-150x134.jpg\" alt=\"\" width=\"124\" height=\"110\" \/><\/a> Auf unserem Rundgang macht uns die Reiseleiterin auf die diversen Phylone aufmerksam, die das Stadtwappen von Nimes zeigen: ein an eine Palme angekettetes Krokodil.<br \/>\nWir kommen an das Carr\u00e8 d&#8217;Art. Dieses imposante Geb\u00e4ude, das Sir Norman Forster als Heimst\u00e4tte f\u00fcr die Mediathek und das St\u00e4dtische Museum f\u00fcr zeitgen\u00f6ssische Kunst entwarf, erhebt sich gegen\u00fcber dem Maison Carr\u00e8, deren schlichte Linienf\u00fchrung sowie einige architektonische Elemente \u00fcbernommen wurden. Diese Verbindung erschlie\u00dft sich mir nicht so klar, da das Maison Carr\u00e8\u201a einger\u00fcstet ist.<a href=\"http:\/\/www.mundi-roth.de\/teneriffa-blog\/wp-content\/uploads\/2008\/06\/p1020180.jpg\"><img loading=\"lazy\" decoding=\"async\" class=\"alignright alignnone size-thumbnail wp-image-394\" style=\"border: 0pt none; margin: 3px; float: right;\" title=\"p1020180\" src=\"http:\/\/www.mundi-roth.de\/teneriffa-blog\/wp-content\/uploads\/2008\/06\/p1020180-150x140.jpg\" alt=\"\" width=\"124\" height=\"115\" \/><\/a><br \/>\nBei dem Maison Carr\u00e8 handelt es sich um den besterhaltenen r\u00f6mischen Tempel \u00fcberhaupt. Er wurde Ende des 1. Jh. v. Chr. unter Kaisere Augustus nach dem Modell des Apollotempels von Rom errichtet. Der einst von einer offenen, sch\u00f6n verzierten S\u00e4ulenhalle umgebene Forumsplatz diente wahrscheinlich dem Kaiserkult und war <a href=\"http:\/\/www.mundi-roth.de\/teneriffa-blog\/wp-content\/uploads\/2008\/06\/p1020188.jpg\"><img loading=\"lazy\" decoding=\"async\" class=\"alignleft alignnone size-thumbnail wp-image-395\" style=\"border: 0pt none; margin: 3px; float: left;\" title=\"p1020188\" src=\"http:\/\/www.mundi-roth.de\/teneriffa-blog\/wp-content\/uploads\/2008\/06\/p1020188-112x150.jpg\" alt=\"\" width=\"96\" height=\"124\" \/><\/a>den jung verstorbenen Enkeln des Augustus, Caius und Lucius, geweiht.<br \/>\nVon hier biegen wir in die schmale Rue de l&#8217;Horloge ein und kommen auf auf die Rue de la Madeleine, die Hauptgesch\u00e4ftsstra\u00dfe. Das Haus Nr. 1, mit seinem sch\u00f6nen Fassadenschmuck, ist das \u00e4lteste Haus der Altstadt. Von hier ist es nicht weit bis zum Place aux Herbes und wir betrachten die Fassade von der Cath\u00e8drale Notre-Dame-et-St-Castor mit seinem romanischen Fries mit Szenen des Alten Testaments.<br \/>\n<a href=\"http:\/\/www.mundi-roth.de\/teneriffa-blog\/wp-content\/uploads\/2008\/06\/p1020198.jpg\"><img loading=\"lazy\" decoding=\"async\" class=\"alignleft alignnone size-thumbnail wp-image-396\" style=\"border: 0pt none; margin: 3px; float: left;\" title=\"p1020198\" src=\"http:\/\/www.mundi-roth.de\/teneriffa-blog\/wp-content\/uploads\/2008\/06\/p1020198-150x112.jpg\" alt=\"\" width=\"124\" height=\"96\" \/><\/a> Vor dem Amphietheater erhalten wir 10 Minuten &#8222;Freigang&#8220;. Ratzefatz erstehe ich in einem h\u00fcbschen Gesch\u00e4ft f\u00fcr unsere Enkelin und mich Nickit\u00fccher im Provencestil und lege einen Sprint hin, um einen Blick in das Amphitheater zu werfen.<a href=\"http:\/\/www.mundi-roth.de\/teneriffa-blog\/wp-content\/uploads\/2008\/06\/p1020196.jpg\"><img loading=\"lazy\" decoding=\"async\" class=\"alignright alignnone size-thumbnail wp-image-397\" style=\"border: 0pt none; margin: 3px; float: right;\" title=\"p1020196\" src=\"http:\/\/www.mundi-roth.de\/teneriffa-blog\/wp-content\/uploads\/2008\/06\/p1020196-150x112.jpg\" alt=\"\" width=\"124\" height=\"96\" \/><\/a> Sp\u00e4ter kann ich nachlesen, dass dies wahrscheinlich aus der gleichen Zeit (Ende 1. Anfang 2. Jh.) stammt wie das von Arles und auch \u00e4hnliche Dimensionen hat und zu den besterhaltenen r\u00f6mischen Theatern geh\u00f6rt. Eine Besonderheit: An seinem oberen Rand sind noch durchl\u00f6cherte Kragsteine zur Aufnahme der Masten f\u00fcr das Sonnensegel zu sehen. Au\u00dfen ist das Bauwerk in zwei \u00fcbereinanderliegende Arkadenb\u00f6gen gegliedert, mit jeweils 60 Arkaden, dar\u00fcber liegt das Attikageschoss. Das k\u00f6nnen wir vom Bus aus noch betrachten und bekommen es auch noch erkl\u00e4rt.<br \/>\nIm Bus \u00e4rgere ich mich noch \u00fcber die \u00f6rtliche Reiseleiterin und mich, dass ich ihr nicht Kontra gegeben habe: sie erkl\u00e4rt, dass sie 1 Jahr in M\u00fcnchen war, um deutsch zu lernen. Da man da aber nicht deutsch spricht, hat sie einen italienisch Kurs gemacht. Da f\u00e4llt mir nichts mehr ein.<\/p>\n<p><a href=\"http:\/\/www.mundi-roth.de\/teneriffa-blog\/wp-content\/uploads\/2008\/06\/sany0779a.jpg\"><img loading=\"lazy\" decoding=\"async\" class=\"alignleft alignnone size-thumbnail wp-image-398\" style=\"border: 0pt none; margin: 3px; float: left;\" title=\"sany0779a\" src=\"http:\/\/www.mundi-roth.de\/teneriffa-blog\/wp-content\/uploads\/2008\/06\/sany0779a-150x82.jpg\" alt=\"\" width=\"124\" height=\"68\" \/><\/a>12.45 Uhr sind wir zur\u00fcck und ich werde schon von meinem Mann erwartet, de<a href=\"http:\/\/www.mundi-roth.de\/teneriffa-blog\/wp-content\/uploads\/2008\/06\/sany0783.jpg\"><img loading=\"lazy\" decoding=\"async\" class=\"alignright alignnone size-thumbnail wp-image-399\" style=\"border: 0pt none; margin: 3px; float: right;\" title=\"sany0783\" src=\"http:\/\/www.mundi-roth.de\/teneriffa-blog\/wp-content\/uploads\/2008\/06\/sany0783-150x112.jpg\" alt=\"\" width=\"124\" height=\"96\" \/><\/a>r sich wegen des scharfen Mistrals damit begn\u00fcgt hatte ein St\u00fcck an der Rhone entlang zu spazieren, den kleinen &#8222;Wasserbewohnern&#8220; zuzusehen und Fotos von der ber\u00fchmten &#8222;Pont de Avignon&#8220; zu machen.<\/p>\n<p>Um 14 Uhr hei\u00dft es Leinen los und die Fahrt geht retour nach Lyon.<\/p>\n<p>Den Nachmittag verbringen wir lesend, saunierend und ich beteilige mich am Quiz in der Lounge mit Fangfragen und mit der Unterst\u00fctzung meines lieben Mannes sind alle richtig beantwortet. Wir sind immerhin 4 von vielleicht 60 die es geschafft haben und erhalten daf\u00fcr ein A-ROSA-Band f\u00fcr Schl\u00fcssel.<\/p>\n","protected":false},"excerpt":{"rendered":"<p>Donnerstag, 5. Juni 2008 Nimes 8 Uhr ist die Abfahrt, das hei\u00dft wieder Wecker stellen. Mein lieber Mann hat von vorneherein abgewunken, nicht noch eine Stadt. Er wollte gem\u00e4chlich durch Avignon bummeln. Nach 45 Minuten sind wir in Nimes und der Busfahrer qu\u00e4lt sich durch den dichten Verkehr bis zum Jardin de la Fontaine. Hier [&hellip;]<\/p>\n","protected":false},"author":2,"featured_media":0,"comment_status":"closed","ping_status":"closed","sticky":false,"template":"","format":"standard","meta":{"footnotes":""},"categories":[4],"tags":[10,37,16,41,3],"class_list":["post-82","post","type-post","status-publish","format-standard","hentry","category-frankreich","tag-arosa-luna","tag-flussschiffahrt","tag-nimes","tag-pont-de-avignon","tag-rhone"],"yoast_head":"<!-- This site is optimized with the Yoast SEO plugin v27.5 - https:\/\/yoast.com\/product\/yoast-seo-wordpress\/ -->\n<title>Rhone-Flussfahrt Tag 6 - Reiseberichte<\/title>\n<meta name=\"robots\" content=\"index, follow, max-snippet:-1, max-image-preview:large, max-video-preview:-1\" \/>\n<link rel=\"canonical\" href=\"https:\/\/www.mundi-roth.de\/reiseberichte\/rhone-flussfahrt-tag-6\/\" \/>\n<meta name=\"twitter:label1\" content=\"Verfasst von\" \/>\n\t<meta name=\"twitter:data1\" content=\"mr\" \/>\n\t<meta name=\"twitter:label2\" content=\"Gesch\u00e4tzte Lesezeit\" \/>\n\t<meta name=\"twitter:data2\" content=\"3\u00a0Minuten\" \/>\n<script type=\"application\/ld+json\" class=\"yoast-schema-graph\">{\"@context\":\"https:\\\/\\\/schema.org\",\"@graph\":[{\"@type\":\"Article\",\"@id\":\"https:\\\/\\\/www.mundi-roth.de\\\/reiseberichte\\\/rhone-flussfahrt-tag-6\\\/#article\",\"isPartOf\":{\"@id\":\"https:\\\/\\\/www.mundi-roth.de\\\/reiseberichte\\\/rhone-flussfahrt-tag-6\\\/\"},\"author\":{\"name\":\"mr\",\"@id\":\"https:\\\/\\\/www.mundi-roth.de\\\/reiseberichte\\\/#\\\/schema\\\/person\\\/5e8081ddad478fd383ee2511fe8368bd\"},\"headline\":\"Rhone-Flussfahrt Tag 6\",\"datePublished\":\"2008-06-10T18:03:12+00:00\",\"dateModified\":\"2020-05-08T19:24:41+00:00\",\"mainEntityOfPage\":{\"@id\":\"https:\\\/\\\/www.mundi-roth.de\\\/reiseberichte\\\/rhone-flussfahrt-tag-6\\\/\"},\"wordCount\":665,\"image\":{\"@id\":\"https:\\\/\\\/www.mundi-roth.de\\\/reiseberichte\\\/rhone-flussfahrt-tag-6\\\/#primaryimage\"},\"thumbnailUrl\":\"http:\\\/\\\/www.mundi-roth.de\\\/teneriffa-blog\\\/wp-content\\\/uploads\\\/2008\\\/06\\\/p1020164-150x112.jpg\",\"keywords\":[\"Arosa-Luna\",\"Flussschiffahrt\",\"Nimes\",\"Pont de Avignon\",\"Rhone\"],\"articleSection\":[\"2009 Frankreich\"],\"inLanguage\":\"de\"},{\"@type\":\"WebPage\",\"@id\":\"https:\\\/\\\/www.mundi-roth.de\\\/reiseberichte\\\/rhone-flussfahrt-tag-6\\\/\",\"url\":\"https:\\\/\\\/www.mundi-roth.de\\\/reiseberichte\\\/rhone-flussfahrt-tag-6\\\/\",\"name\":\"Rhone-Flussfahrt Tag 6 - Reiseberichte\",\"isPartOf\":{\"@id\":\"https:\\\/\\\/www.mundi-roth.de\\\/reiseberichte\\\/#website\"},\"primaryImageOfPage\":{\"@id\":\"https:\\\/\\\/www.mundi-roth.de\\\/reiseberichte\\\/rhone-flussfahrt-tag-6\\\/#primaryimage\"},\"image\":{\"@id\":\"https:\\\/\\\/www.mundi-roth.de\\\/reiseberichte\\\/rhone-flussfahrt-tag-6\\\/#primaryimage\"},\"thumbnailUrl\":\"http:\\\/\\\/www.mundi-roth.de\\\/teneriffa-blog\\\/wp-content\\\/uploads\\\/2008\\\/06\\\/p1020164-150x112.jpg\",\"datePublished\":\"2008-06-10T18:03:12+00:00\",\"dateModified\":\"2020-05-08T19:24:41+00:00\",\"author\":{\"@id\":\"https:\\\/\\\/www.mundi-roth.de\\\/reiseberichte\\\/#\\\/schema\\\/person\\\/5e8081ddad478fd383ee2511fe8368bd\"},\"breadcrumb\":{\"@id\":\"https:\\\/\\\/www.mundi-roth.de\\\/reiseberichte\\\/rhone-flussfahrt-tag-6\\\/#breadcrumb\"},\"inLanguage\":\"de\",\"potentialAction\":[{\"@type\":\"ReadAction\",\"target\":[\"https:\\\/\\\/www.mundi-roth.de\\\/reiseberichte\\\/rhone-flussfahrt-tag-6\\\/\"]}]},{\"@type\":\"ImageObject\",\"inLanguage\":\"de\",\"@id\":\"https:\\\/\\\/www.mundi-roth.de\\\/reiseberichte\\\/rhone-flussfahrt-tag-6\\\/#primaryimage\",\"url\":\"http:\\\/\\\/www.mundi-roth.de\\\/teneriffa-blog\\\/wp-content\\\/uploads\\\/2008\\\/06\\\/p1020164-150x112.jpg\",\"contentUrl\":\"http:\\\/\\\/www.mundi-roth.de\\\/teneriffa-blog\\\/wp-content\\\/uploads\\\/2008\\\/06\\\/p1020164-150x112.jpg\"},{\"@type\":\"BreadcrumbList\",\"@id\":\"https:\\\/\\\/www.mundi-roth.de\\\/reiseberichte\\\/rhone-flussfahrt-tag-6\\\/#breadcrumb\",\"itemListElement\":[{\"@type\":\"ListItem\",\"position\":1,\"name\":\"Startseite\",\"item\":\"https:\\\/\\\/www.mundi-roth.de\\\/reiseberichte\\\/\"},{\"@type\":\"ListItem\",\"position\":2,\"name\":\"Rhone-Flussfahrt Tag 6\"}]},{\"@type\":\"WebSite\",\"@id\":\"https:\\\/\\\/www.mundi-roth.de\\\/reiseberichte\\\/#website\",\"url\":\"https:\\\/\\\/www.mundi-roth.de\\\/reiseberichte\\\/\",\"name\":\"Reiseberichte\",\"description\":\"Berichte \u00fcber Reisen (fast) rund um die Welt\",\"potentialAction\":[{\"@type\":\"SearchAction\",\"target\":{\"@type\":\"EntryPoint\",\"urlTemplate\":\"https:\\\/\\\/www.mundi-roth.de\\\/reiseberichte\\\/?s={search_term_string}\"},\"query-input\":{\"@type\":\"PropertyValueSpecification\",\"valueRequired\":true,\"valueName\":\"search_term_string\"}}],\"inLanguage\":\"de\"},{\"@type\":\"Person\",\"@id\":\"https:\\\/\\\/www.mundi-roth.de\\\/reiseberichte\\\/#\\\/schema\\\/person\\\/5e8081ddad478fd383ee2511fe8368bd\",\"name\":\"mr\",\"image\":{\"@type\":\"ImageObject\",\"inLanguage\":\"de\",\"@id\":\"https:\\\/\\\/secure.gravatar.com\\\/avatar\\\/9a3c34f32a8cb6923297b48d58fb263210ea20a4049fc4d3ccb858ce00487957?s=96&d=mm&r=g\",\"url\":\"https:\\\/\\\/secure.gravatar.com\\\/avatar\\\/9a3c34f32a8cb6923297b48d58fb263210ea20a4049fc4d3ccb858ce00487957?s=96&d=mm&r=g\",\"contentUrl\":\"https:\\\/\\\/secure.gravatar.com\\\/avatar\\\/9a3c34f32a8cb6923297b48d58fb263210ea20a4049fc4d3ccb858ce00487957?s=96&d=mm&r=g\",\"caption\":\"mr\"},\"sameAs\":[\"http:\\\/\\\/www.mundi-roth.de\"]}]}<\/script>\n<!-- \/ Yoast SEO plugin. -->","yoast_head_json":{"title":"Rhone-Flussfahrt Tag 6 - Reiseberichte","robots":{"index":"index","follow":"follow","max-snippet":"max-snippet:-1","max-image-preview":"max-image-preview:large","max-video-preview":"max-video-preview:-1"},"canonical":"https:\/\/www.mundi-roth.de\/reiseberichte\/rhone-flussfahrt-tag-6\/","twitter_misc":{"Verfasst von":"mr","Gesch\u00e4tzte Lesezeit":"3\u00a0Minuten"},"schema":{"@context":"https:\/\/schema.org","@graph":[{"@type":"Article","@id":"https:\/\/www.mundi-roth.de\/reiseberichte\/rhone-flussfahrt-tag-6\/#article","isPartOf":{"@id":"https:\/\/www.mundi-roth.de\/reiseberichte\/rhone-flussfahrt-tag-6\/"},"author":{"name":"mr","@id":"https:\/\/www.mundi-roth.de\/reiseberichte\/#\/schema\/person\/5e8081ddad478fd383ee2511fe8368bd"},"headline":"Rhone-Flussfahrt Tag 6","datePublished":"2008-06-10T18:03:12+00:00","dateModified":"2020-05-08T19:24:41+00:00","mainEntityOfPage":{"@id":"https:\/\/www.mundi-roth.de\/reiseberichte\/rhone-flussfahrt-tag-6\/"},"wordCount":665,"image":{"@id":"https:\/\/www.mundi-roth.de\/reiseberichte\/rhone-flussfahrt-tag-6\/#primaryimage"},"thumbnailUrl":"http:\/\/www.mundi-roth.de\/teneriffa-blog\/wp-content\/uploads\/2008\/06\/p1020164-150x112.jpg","keywords":["Arosa-Luna","Flussschiffahrt","Nimes","Pont de Avignon","Rhone"],"articleSection":["2009 Frankreich"],"inLanguage":"de"},{"@type":"WebPage","@id":"https:\/\/www.mundi-roth.de\/reiseberichte\/rhone-flussfahrt-tag-6\/","url":"https:\/\/www.mundi-roth.de\/reiseberichte\/rhone-flussfahrt-tag-6\/","name":"Rhone-Flussfahrt Tag 6 - Reiseberichte","isPartOf":{"@id":"https:\/\/www.mundi-roth.de\/reiseberichte\/#website"},"primaryImageOfPage":{"@id":"https:\/\/www.mundi-roth.de\/reiseberichte\/rhone-flussfahrt-tag-6\/#primaryimage"},"image":{"@id":"https:\/\/www.mundi-roth.de\/reiseberichte\/rhone-flussfahrt-tag-6\/#primaryimage"},"thumbnailUrl":"http:\/\/www.mundi-roth.de\/teneriffa-blog\/wp-content\/uploads\/2008\/06\/p1020164-150x112.jpg","datePublished":"2008-06-10T18:03:12+00:00","dateModified":"2020-05-08T19:24:41+00:00","author":{"@id":"https:\/\/www.mundi-roth.de\/reiseberichte\/#\/schema\/person\/5e8081ddad478fd383ee2511fe8368bd"},"breadcrumb":{"@id":"https:\/\/www.mundi-roth.de\/reiseberichte\/rhone-flussfahrt-tag-6\/#breadcrumb"},"inLanguage":"de","potentialAction":[{"@type":"ReadAction","target":["https:\/\/www.mundi-roth.de\/reiseberichte\/rhone-flussfahrt-tag-6\/"]}]},{"@type":"ImageObject","inLanguage":"de","@id":"https:\/\/www.mundi-roth.de\/reiseberichte\/rhone-flussfahrt-tag-6\/#primaryimage","url":"http:\/\/www.mundi-roth.de\/teneriffa-blog\/wp-content\/uploads\/2008\/06\/p1020164-150x112.jpg","contentUrl":"http:\/\/www.mundi-roth.de\/teneriffa-blog\/wp-content\/uploads\/2008\/06\/p1020164-150x112.jpg"},{"@type":"BreadcrumbList","@id":"https:\/\/www.mundi-roth.de\/reiseberichte\/rhone-flussfahrt-tag-6\/#breadcrumb","itemListElement":[{"@type":"ListItem","position":1,"name":"Startseite","item":"https:\/\/www.mundi-roth.de\/reiseberichte\/"},{"@type":"ListItem","position":2,"name":"Rhone-Flussfahrt Tag 6"}]},{"@type":"WebSite","@id":"https:\/\/www.mundi-roth.de\/reiseberichte\/#website","url":"https:\/\/www.mundi-roth.de\/reiseberichte\/","name":"Reiseberichte","description":"Berichte \u00fcber Reisen (fast) rund um die Welt","potentialAction":[{"@type":"SearchAction","target":{"@type":"EntryPoint","urlTemplate":"https:\/\/www.mundi-roth.de\/reiseberichte\/?s={search_term_string}"},"query-input":{"@type":"PropertyValueSpecification","valueRequired":true,"valueName":"search_term_string"}}],"inLanguage":"de"},{"@type":"Person","@id":"https:\/\/www.mundi-roth.de\/reiseberichte\/#\/schema\/person\/5e8081ddad478fd383ee2511fe8368bd","name":"mr","image":{"@type":"ImageObject","inLanguage":"de","@id":"https:\/\/secure.gravatar.com\/avatar\/9a3c34f32a8cb6923297b48d58fb263210ea20a4049fc4d3ccb858ce00487957?s=96&d=mm&r=g","url":"https:\/\/secure.gravatar.com\/avatar\/9a3c34f32a8cb6923297b48d58fb263210ea20a4049fc4d3ccb858ce00487957?s=96&d=mm&r=g","contentUrl":"https:\/\/secure.gravatar.com\/avatar\/9a3c34f32a8cb6923297b48d58fb263210ea20a4049fc4d3ccb858ce00487957?s=96&d=mm&r=g","caption":"mr"},"sameAs":["http:\/\/www.mundi-roth.de"]}]}},"_links":{"self":[{"href":"https:\/\/www.mundi-roth.de\/reiseberichte\/wp-json\/wp\/v2\/posts\/82","targetHints":{"allow":["GET"]}}],"collection":[{"href":"https:\/\/www.mundi-roth.de\/reiseberichte\/wp-json\/wp\/v2\/posts"}],"about":[{"href":"https:\/\/www.mundi-roth.de\/reiseberichte\/wp-json\/wp\/v2\/types\/post"}],"author":[{"embeddable":true,"href":"https:\/\/www.mundi-roth.de\/reiseberichte\/wp-json\/wp\/v2\/users\/2"}],"replies":[{"embeddable":true,"href":"https:\/\/www.mundi-roth.de\/reiseberichte\/wp-json\/wp\/v2\/comments?post=82"}],"version-history":[{"count":0,"href":"https:\/\/www.mundi-roth.de\/reiseberichte\/wp-json\/wp\/v2\/posts\/82\/revisions"}],"wp:attachment":[{"href":"https:\/\/www.mundi-roth.de\/reiseberichte\/wp-json\/wp\/v2\/media?parent=82"}],"wp:term":[{"taxonomy":"category","embeddable":true,"href":"https:\/\/www.mundi-roth.de\/reiseberichte\/wp-json\/wp\/v2\/categories?post=82"},{"taxonomy":"post_tag","embeddable":true,"href":"https:\/\/www.mundi-roth.de\/reiseberichte\/wp-json\/wp\/v2\/tags?post=82"}],"curies":[{"name":"wp","href":"https:\/\/api.w.org\/{rel}","templated":true}]}}