{"id":15,"date":"2009-10-20T17:38:31","date_gmt":"2009-10-20T16:38:31","guid":{"rendered":"http:\/\/www.mundi-roth.de\/tapas-rezepte\/?p=15"},"modified":"2009-11-07T17:52:17","modified_gmt":"2009-11-07T16:52:17","slug":"oliventorte-tarta-de-aceitunas","status":"publish","type":"post","link":"https:\/\/www.mundi-roth.de\/tapas-rezepte\/oliventorte-tarta-de-aceitunas.html","title":{"rendered":"Oliventorte &#8211; Tarta de aceitunas"},"content":{"rendered":"<p>Zutaten:<br \/>\n225 g Mehl<br \/>\n4 Essl\u00f6ffel Olivenpaste &#8211; aus dem Vorrat<br \/>\n4 Eier<br \/>\n75 g Butter<br \/>\n200 g Schalotten<br \/>\n2 Essl\u00f6ffel Olven\u00f6l<br \/>\n15 g gr\u00fcne entsteinte Oliven<br \/>\neinige Thymianstiele<br \/>\n50 g Parmesanbr\u00f6sel<br \/>\n350 g Ricotta, wenn nicht erh\u00e4ltlich 40 % Quark<br \/>\n125 g Schlagsahne<br \/>\n\u00bd Teel\u00f6ffel scharfes Paprikapulver<br \/>\nfrisch gemahlener Pfeffer<\/p>\n<p>Zubereitung:<br \/>\nZur Arbeitserleichterung bereite ich den Teig bereits am Tag vorher zu:<br \/>\nMehl, Salz, 2 Essl\u00f6ffel Olivenpaste, 1 Ei und Butterfl\u00f6ckchen verknete ich zu einem Teig, wickle ihn in Frischhaltefolie und lege ihn in den K\u00fchlschrank.<br \/>\nAm n\u00e4chsten Tag schneide ich die gesch\u00e4lten Schalotten in Ringe und brate sie bei kleiner Hitze ca. 10 Minuten im hei\u00dfen Oliven\u00f6l. Nehme die Pfanne vom Herd, r\u00fchre die restliche Olivenpaste darunter und lasse das Ganze abk\u00fchlen.<br \/>\nDie Oliven halbiere ich, den Thymian zupfe ich von den gewaschenen Stielen und der Parmesan wird fein gerieben.<br \/>\nDen Backofen heize ich auf 200 Grad vor.<br \/>\nNun knete ich den Teig nochmals gut durch und bereite ihn \u2013 entsprechend dem,was ich damit vorhabe, vor:<br \/>\nWill ich nur kleine H\u00e4ppchen zum ersten Glas Sekt oder Wein reichen, lege<a href=\"http:\/\/www.mundi-roth.de\/tapas-rezepte\/wp-content\/uploads\/2009\/11\/Oliven-Tarte1.jpg\"><img loading=\"lazy\" decoding=\"async\" class=\"alignright size-thumbnail wp-image-16\" title=\"Oliven-Tarte1\" src=\"http:\/\/www.mundi-roth.de\/tapas-rezepte\/wp-content\/uploads\/2009\/11\/Oliven-Tarte1-150x150.jpg\" alt=\"Oliven-Tarte1\" width=\"150\" height=\"150\" \/><\/a> ich ein Backblech mit Backpapier aus und rolle den Teig darauf aus,<br \/>\nwill ich jedoch einen eindrucksvollen Kuchen pr\u00e4sentieren, fette ich eine Tatreform von 26 cm Durchmesser ein und lege den auf 28 cm Durchmesser ausgerollten Teig dort hinein und dr\u00fccke den Rand gut an. Immer eine Frage wozu ich es anbieten will.<br \/>\nAuf jeden Fall wird der Teigboden mehrmals mit einer Gabel eingestochen.<br \/>\nIch verr\u00fchre Ricotta bzw. Quark mit der Sahne, den restlichen Eiern, Parmesan, Paprika, Thymian, Pfeffer und hebe die halbierten Oliven unter und schmecke noch mit etwas Salz ab.<br \/>\nAuf dem Teigboden verteile ich die gebratenen Schalotten, dar\u00fcber streiche ich die Ricotta-Quark-Olivencreme und ab in den Ofen.<br \/>\nAuf der untersten Schiene etwa 35 Minten backen.<br \/>\nHerausnehmen, abk\u00fchlen lassen und am besten lauwarm servieren.<br \/>\nWill ich nur die H\u00e4ppchen, schneide ich noch vorsichtig auf dem Backblech in die gew\u00fcnschte Gr\u00f6\u00dfe.<br \/>\nDen nicht verzehrten Rest friere ich ein \u2013 schmeckt auch nach dem Auftauen ausgezeichnet.<\/p>\n<p>Guten Appetit! Qu\u00e9 aproveche!<\/p>\n","protected":false},"excerpt":{"rendered":"<p>Zutaten: 225 g Mehl 4 Essl\u00f6ffel Olivenpaste &#8211; aus dem Vorrat 4 Eier 75 g Butter 200 g Schalotten 2 Essl\u00f6ffel Olven\u00f6l 15 g gr\u00fcne entsteinte Oliven einige Thymianstiele 50 g Parmesanbr\u00f6sel 350 g Ricotta, wenn nicht erh\u00e4ltlich 40 % Quark 125 g Schlagsahne \u00bd Teel\u00f6ffel scharfes Paprikapulver frisch gemahlener Pfeffer Zubereitung: Zur Arbeitserleichterung bereite [&hellip;]<\/p>\n","protected":false},"author":2,"featured_media":0,"comment_status":"open","ping_status":"open","sticky":false,"template":"","format":"standard","meta":{"footnotes":""},"categories":[3],"tags":[],"class_list":["post-15","post","type-post","status-publish","format-standard","hentry","category-rezepte"],"yoast_head":"<!-- This site is optimized with the Yoast SEO plugin v27.5 - https:\/\/yoast.com\/product\/yoast-seo-wordpress\/ -->\n<title>Oliventorte - Tarta de aceitunas - Tapas Rezepte<\/title>\n<meta name=\"robots\" content=\"index, follow, max-snippet:-1, max-image-preview:large, max-video-preview:-1\" \/>\n<link rel=\"canonical\" href=\"https:\/\/www.mundi-roth.de\/tapas-rezepte\/oliventorte-tarta-de-aceitunas.html\" \/>\n<meta property=\"og:locale\" content=\"de_DE\" \/>\n<meta property=\"og:type\" content=\"article\" \/>\n<meta property=\"og:title\" content=\"Oliventorte - Tarta de aceitunas - Tapas Rezepte\" \/>\n<meta property=\"og:description\" content=\"Zutaten: 225 g Mehl 4 Essl\u00f6ffel Olivenpaste &#8211; aus dem Vorrat 4 Eier 75 g Butter 200 g Schalotten 2 Essl\u00f6ffel Olven\u00f6l 15 g gr\u00fcne entsteinte Oliven einige Thymianstiele 50 g Parmesanbr\u00f6sel 350 g Ricotta, wenn nicht erh\u00e4ltlich 40 % Quark 125 g Schlagsahne \u00bd Teel\u00f6ffel scharfes Paprikapulver frisch gemahlener Pfeffer Zubereitung: Zur Arbeitserleichterung bereite [&hellip;]\" \/>\n<meta property=\"og:url\" content=\"https:\/\/www.mundi-roth.de\/tapas-rezepte\/oliventorte-tarta-de-aceitunas.html\" \/>\n<meta property=\"og:site_name\" content=\"Tapas Rezepte\" \/>\n<meta property=\"article:published_time\" content=\"2009-10-20T16:38:31+00:00\" \/>\n<meta property=\"article:modified_time\" content=\"2009-11-07T16:52:17+00:00\" \/>\n<meta property=\"og:image\" content=\"http:\/\/www.mundi-roth.de\/tapas-rezepte\/wp-content\/uploads\/2009\/11\/Oliven-Tarte1-150x150.jpg\" \/>\n<meta name=\"author\" content=\"tapas\" \/>\n<meta name=\"twitter:card\" content=\"summary_large_image\" \/>\n<meta name=\"twitter:label1\" content=\"Verfasst von\" \/>\n\t<meta name=\"twitter:data1\" content=\"tapas\" \/>\n\t<meta name=\"twitter:label2\" content=\"Gesch\u00e4tzte Lesezeit\" \/>\n\t<meta name=\"twitter:data2\" content=\"2\u00a0Minuten\" \/>\n<script type=\"application\/ld+json\" class=\"yoast-schema-graph\">{\"@context\":\"https:\\\/\\\/schema.org\",\"@graph\":[{\"@type\":\"Article\",\"@id\":\"https:\\\/\\\/www.mundi-roth.de\\\/tapas-rezepte\\\/oliventorte-tarta-de-aceitunas.html#article\",\"isPartOf\":{\"@id\":\"https:\\\/\\\/www.mundi-roth.de\\\/tapas-rezepte\\\/oliventorte-tarta-de-aceitunas.html\"},\"author\":{\"name\":\"tapas\",\"@id\":\"https:\\\/\\\/www.mundi-roth.de\\\/tapas-rezepte\\\/#\\\/schema\\\/person\\\/0dba686bb3a49603a618f2b07a140c9b\"},\"headline\":\"Oliventorte &#8211; Tarta de aceitunas\",\"datePublished\":\"2009-10-20T16:38:31+00:00\",\"dateModified\":\"2009-11-07T16:52:17+00:00\",\"mainEntityOfPage\":{\"@id\":\"https:\\\/\\\/www.mundi-roth.de\\\/tapas-rezepte\\\/oliventorte-tarta-de-aceitunas.html\"},\"wordCount\":350,\"commentCount\":0,\"image\":{\"@id\":\"https:\\\/\\\/www.mundi-roth.de\\\/tapas-rezepte\\\/oliventorte-tarta-de-aceitunas.html#primaryimage\"},\"thumbnailUrl\":\"http:\\\/\\\/www.mundi-roth.de\\\/tapas-rezepte\\\/wp-content\\\/uploads\\\/2009\\\/11\\\/Oliven-Tarte1-150x150.jpg\",\"articleSection\":[\"Rezepte\"],\"inLanguage\":\"de\",\"potentialAction\":[{\"@type\":\"CommentAction\",\"name\":\"Comment\",\"target\":[\"https:\\\/\\\/www.mundi-roth.de\\\/tapas-rezepte\\\/oliventorte-tarta-de-aceitunas.html#respond\"]}]},{\"@type\":\"WebPage\",\"@id\":\"https:\\\/\\\/www.mundi-roth.de\\\/tapas-rezepte\\\/oliventorte-tarta-de-aceitunas.html\",\"url\":\"https:\\\/\\\/www.mundi-roth.de\\\/tapas-rezepte\\\/oliventorte-tarta-de-aceitunas.html\",\"name\":\"Oliventorte - Tarta de aceitunas - Tapas Rezepte\",\"isPartOf\":{\"@id\":\"https:\\\/\\\/www.mundi-roth.de\\\/tapas-rezepte\\\/#website\"},\"primaryImageOfPage\":{\"@id\":\"https:\\\/\\\/www.mundi-roth.de\\\/tapas-rezepte\\\/oliventorte-tarta-de-aceitunas.html#primaryimage\"},\"image\":{\"@id\":\"https:\\\/\\\/www.mundi-roth.de\\\/tapas-rezepte\\\/oliventorte-tarta-de-aceitunas.html#primaryimage\"},\"thumbnailUrl\":\"http:\\\/\\\/www.mundi-roth.de\\\/tapas-rezepte\\\/wp-content\\\/uploads\\\/2009\\\/11\\\/Oliven-Tarte1-150x150.jpg\",\"datePublished\":\"2009-10-20T16:38:31+00:00\",\"dateModified\":\"2009-11-07T16:52:17+00:00\",\"author\":{\"@id\":\"https:\\\/\\\/www.mundi-roth.de\\\/tapas-rezepte\\\/#\\\/schema\\\/person\\\/0dba686bb3a49603a618f2b07a140c9b\"},\"breadcrumb\":{\"@id\":\"https:\\\/\\\/www.mundi-roth.de\\\/tapas-rezepte\\\/oliventorte-tarta-de-aceitunas.html#breadcrumb\"},\"inLanguage\":\"de\",\"potentialAction\":[{\"@type\":\"ReadAction\",\"target\":[\"https:\\\/\\\/www.mundi-roth.de\\\/tapas-rezepte\\\/oliventorte-tarta-de-aceitunas.html\"]}]},{\"@type\":\"ImageObject\",\"inLanguage\":\"de\",\"@id\":\"https:\\\/\\\/www.mundi-roth.de\\\/tapas-rezepte\\\/oliventorte-tarta-de-aceitunas.html#primaryimage\",\"url\":\"https:\\\/\\\/www.mundi-roth.de\\\/tapas-rezepte\\\/wp-content\\\/uploads\\\/2009\\\/11\\\/Oliven-Tarte1.jpg\",\"contentUrl\":\"https:\\\/\\\/www.mundi-roth.de\\\/tapas-rezepte\\\/wp-content\\\/uploads\\\/2009\\\/11\\\/Oliven-Tarte1.jpg\",\"width\":\"532\",\"height\":\"444\"},{\"@type\":\"BreadcrumbList\",\"@id\":\"https:\\\/\\\/www.mundi-roth.de\\\/tapas-rezepte\\\/oliventorte-tarta-de-aceitunas.html#breadcrumb\",\"itemListElement\":[{\"@type\":\"ListItem\",\"position\":1,\"name\":\"Startseite\",\"item\":\"https:\\\/\\\/www.mundi-roth.de\\\/tapas-rezepte\"},{\"@type\":\"ListItem\",\"position\":2,\"name\":\"Oliventorte &#8211; Tarta de aceitunas\"}]},{\"@type\":\"WebSite\",\"@id\":\"https:\\\/\\\/www.mundi-roth.de\\\/tapas-rezepte\\\/#website\",\"url\":\"https:\\\/\\\/www.mundi-roth.de\\\/tapas-rezepte\\\/\",\"name\":\"Tapas Rezepte\",\"description\":\"\",\"potentialAction\":[{\"@type\":\"SearchAction\",\"target\":{\"@type\":\"EntryPoint\",\"urlTemplate\":\"https:\\\/\\\/www.mundi-roth.de\\\/tapas-rezepte\\\/?s={search_term_string}\"},\"query-input\":{\"@type\":\"PropertyValueSpecification\",\"valueRequired\":true,\"valueName\":\"search_term_string\"}}],\"inLanguage\":\"de\"},{\"@type\":\"Person\",\"@id\":\"https:\\\/\\\/www.mundi-roth.de\\\/tapas-rezepte\\\/#\\\/schema\\\/person\\\/0dba686bb3a49603a618f2b07a140c9b\",\"name\":\"tapas\",\"url\":\"https:\\\/\\\/www.mundi-roth.de\\\/tapas-rezepte\\\/author\\\/tapas\"}]}<\/script>\n<!-- \/ Yoast SEO plugin. -->","yoast_head_json":{"title":"Oliventorte - Tarta de aceitunas - Tapas Rezepte","robots":{"index":"index","follow":"follow","max-snippet":"max-snippet:-1","max-image-preview":"max-image-preview:large","max-video-preview":"max-video-preview:-1"},"canonical":"https:\/\/www.mundi-roth.de\/tapas-rezepte\/oliventorte-tarta-de-aceitunas.html","og_locale":"de_DE","og_type":"article","og_title":"Oliventorte - Tarta de aceitunas - Tapas Rezepte","og_description":"Zutaten: 225 g Mehl 4 Essl\u00f6ffel Olivenpaste &#8211; aus dem Vorrat 4 Eier 75 g Butter 200 g Schalotten 2 Essl\u00f6ffel Olven\u00f6l 15 g gr\u00fcne entsteinte Oliven einige Thymianstiele 50 g Parmesanbr\u00f6sel 350 g Ricotta, wenn nicht erh\u00e4ltlich 40 % Quark 125 g Schlagsahne \u00bd Teel\u00f6ffel scharfes Paprikapulver frisch gemahlener Pfeffer Zubereitung: Zur Arbeitserleichterung bereite [&hellip;]","og_url":"https:\/\/www.mundi-roth.de\/tapas-rezepte\/oliventorte-tarta-de-aceitunas.html","og_site_name":"Tapas Rezepte","article_published_time":"2009-10-20T16:38:31+00:00","article_modified_time":"2009-11-07T16:52:17+00:00","og_image":[{"url":"http:\/\/www.mundi-roth.de\/tapas-rezepte\/wp-content\/uploads\/2009\/11\/Oliven-Tarte1-150x150.jpg","type":"","width":"","height":""}],"author":"tapas","twitter_card":"summary_large_image","twitter_misc":{"Verfasst von":"tapas","Gesch\u00e4tzte Lesezeit":"2\u00a0Minuten"},"schema":{"@context":"https:\/\/schema.org","@graph":[{"@type":"Article","@id":"https:\/\/www.mundi-roth.de\/tapas-rezepte\/oliventorte-tarta-de-aceitunas.html#article","isPartOf":{"@id":"https:\/\/www.mundi-roth.de\/tapas-rezepte\/oliventorte-tarta-de-aceitunas.html"},"author":{"name":"tapas","@id":"https:\/\/www.mundi-roth.de\/tapas-rezepte\/#\/schema\/person\/0dba686bb3a49603a618f2b07a140c9b"},"headline":"Oliventorte &#8211; Tarta de aceitunas","datePublished":"2009-10-20T16:38:31+00:00","dateModified":"2009-11-07T16:52:17+00:00","mainEntityOfPage":{"@id":"https:\/\/www.mundi-roth.de\/tapas-rezepte\/oliventorte-tarta-de-aceitunas.html"},"wordCount":350,"commentCount":0,"image":{"@id":"https:\/\/www.mundi-roth.de\/tapas-rezepte\/oliventorte-tarta-de-aceitunas.html#primaryimage"},"thumbnailUrl":"http:\/\/www.mundi-roth.de\/tapas-rezepte\/wp-content\/uploads\/2009\/11\/Oliven-Tarte1-150x150.jpg","articleSection":["Rezepte"],"inLanguage":"de","potentialAction":[{"@type":"CommentAction","name":"Comment","target":["https:\/\/www.mundi-roth.de\/tapas-rezepte\/oliventorte-tarta-de-aceitunas.html#respond"]}]},{"@type":"WebPage","@id":"https:\/\/www.mundi-roth.de\/tapas-rezepte\/oliventorte-tarta-de-aceitunas.html","url":"https:\/\/www.mundi-roth.de\/tapas-rezepte\/oliventorte-tarta-de-aceitunas.html","name":"Oliventorte - Tarta de aceitunas - Tapas Rezepte","isPartOf":{"@id":"https:\/\/www.mundi-roth.de\/tapas-rezepte\/#website"},"primaryImageOfPage":{"@id":"https:\/\/www.mundi-roth.de\/tapas-rezepte\/oliventorte-tarta-de-aceitunas.html#primaryimage"},"image":{"@id":"https:\/\/www.mundi-roth.de\/tapas-rezepte\/oliventorte-tarta-de-aceitunas.html#primaryimage"},"thumbnailUrl":"http:\/\/www.mundi-roth.de\/tapas-rezepte\/wp-content\/uploads\/2009\/11\/Oliven-Tarte1-150x150.jpg","datePublished":"2009-10-20T16:38:31+00:00","dateModified":"2009-11-07T16:52:17+00:00","author":{"@id":"https:\/\/www.mundi-roth.de\/tapas-rezepte\/#\/schema\/person\/0dba686bb3a49603a618f2b07a140c9b"},"breadcrumb":{"@id":"https:\/\/www.mundi-roth.de\/tapas-rezepte\/oliventorte-tarta-de-aceitunas.html#breadcrumb"},"inLanguage":"de","potentialAction":[{"@type":"ReadAction","target":["https:\/\/www.mundi-roth.de\/tapas-rezepte\/oliventorte-tarta-de-aceitunas.html"]}]},{"@type":"ImageObject","inLanguage":"de","@id":"https:\/\/www.mundi-roth.de\/tapas-rezepte\/oliventorte-tarta-de-aceitunas.html#primaryimage","url":"https:\/\/www.mundi-roth.de\/tapas-rezepte\/wp-content\/uploads\/2009\/11\/Oliven-Tarte1.jpg","contentUrl":"https:\/\/www.mundi-roth.de\/tapas-rezepte\/wp-content\/uploads\/2009\/11\/Oliven-Tarte1.jpg","width":"532","height":"444"},{"@type":"BreadcrumbList","@id":"https:\/\/www.mundi-roth.de\/tapas-rezepte\/oliventorte-tarta-de-aceitunas.html#breadcrumb","itemListElement":[{"@type":"ListItem","position":1,"name":"Startseite","item":"https:\/\/www.mundi-roth.de\/tapas-rezepte"},{"@type":"ListItem","position":2,"name":"Oliventorte &#8211; Tarta de aceitunas"}]},{"@type":"WebSite","@id":"https:\/\/www.mundi-roth.de\/tapas-rezepte\/#website","url":"https:\/\/www.mundi-roth.de\/tapas-rezepte\/","name":"Tapas Rezepte","description":"","potentialAction":[{"@type":"SearchAction","target":{"@type":"EntryPoint","urlTemplate":"https:\/\/www.mundi-roth.de\/tapas-rezepte\/?s={search_term_string}"},"query-input":{"@type":"PropertyValueSpecification","valueRequired":true,"valueName":"search_term_string"}}],"inLanguage":"de"},{"@type":"Person","@id":"https:\/\/www.mundi-roth.de\/tapas-rezepte\/#\/schema\/person\/0dba686bb3a49603a618f2b07a140c9b","name":"tapas","url":"https:\/\/www.mundi-roth.de\/tapas-rezepte\/author\/tapas"}]}},"_links":{"self":[{"href":"https:\/\/www.mundi-roth.de\/tapas-rezepte\/wp-json\/wp\/v2\/posts\/15","targetHints":{"allow":["GET"]}}],"collection":[{"href":"https:\/\/www.mundi-roth.de\/tapas-rezepte\/wp-json\/wp\/v2\/posts"}],"about":[{"href":"https:\/\/www.mundi-roth.de\/tapas-rezepte\/wp-json\/wp\/v2\/types\/post"}],"author":[{"embeddable":true,"href":"https:\/\/www.mundi-roth.de\/tapas-rezepte\/wp-json\/wp\/v2\/users\/2"}],"replies":[{"embeddable":true,"href":"https:\/\/www.mundi-roth.de\/tapas-rezepte\/wp-json\/wp\/v2\/comments?post=15"}],"version-history":[{"count":0,"href":"https:\/\/www.mundi-roth.de\/tapas-rezepte\/wp-json\/wp\/v2\/posts\/15\/revisions"}],"wp:attachment":[{"href":"https:\/\/www.mundi-roth.de\/tapas-rezepte\/wp-json\/wp\/v2\/media?parent=15"}],"wp:term":[{"taxonomy":"category","embeddable":true,"href":"https:\/\/www.mundi-roth.de\/tapas-rezepte\/wp-json\/wp\/v2\/categories?post=15"},{"taxonomy":"post_tag","embeddable":true,"href":"https:\/\/www.mundi-roth.de\/tapas-rezepte\/wp-json\/wp\/v2\/tags?post=15"}],"curies":[{"name":"wp","href":"https:\/\/api.w.org\/{rel}","templated":true}]}}