{"id":66,"date":"2012-03-18T13:30:59","date_gmt":"2012-03-18T12:30:59","guid":{"rendered":"http:\/\/www.mundi-roth.de\/tapas-rezepte\/?p=66"},"modified":"2012-03-19T07:17:37","modified_gmt":"2012-03-19T06:17:37","slug":"brindis","status":"publish","type":"post","link":"https:\/\/www.mundi-roth.de\/tapas-rezepte\/brindis.html","title":{"rendered":"Brindis"},"content":{"rendered":"<p><strong>F\u00fcr einen Umtrunk, \u201ebrindis\u201c, wie die Spanier sagen, trafen sich auf unserem Tisch Gerichte aus Spanien mit denen aus Bayern und Italien<\/strong><\/p>\n<p>Obatzter traf auf Mousse de Manchego<\/p>\n<p>Kleine Frikadellen trafen auf pollo agridulce al pimientos (s\u00fc\u00df-saures H\u00e4hnchenfilet mit Pimientos)<\/p>\n<p>Carote forte (scharfe M\u00f6hren) und Peperoni arrosti (gebratene Paprikaschoten) trafen auf Radieschen<\/p>\n<p>Edith-M\u00fcller Brot und Brezen trafen auf Focaccia und Zwiebelkuchen<\/p>\n<p>&nbsp;<\/p>\n<h3 style=\"text-align: center;\">Obatzter<\/h3>\n<p style=\"text-align: center;\"><a href=\"http:\/\/www.mundi-roth.de\/tapas-rezepte\/wp-content\/uploads\/2012\/03\/Obatzter.jpg\"><img loading=\"lazy\" decoding=\"async\" class=\"size-thumbnail wp-image-75 aligncenter\" title=\"Obatzter\" src=\"http:\/\/www.mundi-roth.de\/tapas-rezepte\/wp-content\/uploads\/2012\/03\/Obatzter-150x112.jpg\" alt=\"\" width=\"150\" height=\"112\" srcset=\"https:\/\/www.mundi-roth.de\/tapas-rezepte\/wp-content\/uploads\/2012\/03\/Obatzter-150x112.jpg 150w, https:\/\/www.mundi-roth.de\/tapas-rezepte\/wp-content\/uploads\/2012\/03\/Obatzter-300x225.jpg 300w, https:\/\/www.mundi-roth.de\/tapas-rezepte\/wp-content\/uploads\/2012\/03\/Obatzter.jpg 600w\" sizes=\"auto, (max-width: 150px) 100vw, 150px\" \/><\/a><\/p>\n<h3 style=\"text-align: center;\"><strong><a href=\"http:\/\/www.mundi-roth.de\/tapas-rezepte\/obatzter.html\">Das Rezept<\/a><\/strong><\/h3>\n<p>&nbsp;<\/p>\n<p>&nbsp;<\/p>\n<h3 style=\"text-align: center;\">Manchego-Mousse<\/h3>\n<p style=\"text-align: center;\">Foto kommt noch<\/p>\n<p style=\"text-align: center;\"><a href=\"http:\/\/www.mundi-roth.de\/tapas-rezepte\/manchego-mousse.html\">Das Rezept<\/a><\/p>\n<p>&nbsp;<\/p>\n<h3 style=\"text-align: center;\">Kleine, scharfe Frikadellen<\/h3>\n<p style=\"text-align: center;\"><a href=\"http:\/\/www.mundi-roth.de\/tapas-rezepte\/wp-content\/uploads\/2012\/03\/Frikadellchen.jpg\"><img loading=\"lazy\" decoding=\"async\" class=\"size-thumbnail wp-image-72 aligncenter\" title=\"Frikadellchen\" src=\"http:\/\/www.mundi-roth.de\/tapas-rezepte\/wp-content\/uploads\/2012\/03\/Frikadellchen-150x134.jpg\" alt=\"\" width=\"150\" height=\"134\" srcset=\"https:\/\/www.mundi-roth.de\/tapas-rezepte\/wp-content\/uploads\/2012\/03\/Frikadellchen-150x134.jpg 150w, https:\/\/www.mundi-roth.de\/tapas-rezepte\/wp-content\/uploads\/2012\/03\/Frikadellchen-300x268.jpg 300w, https:\/\/www.mundi-roth.de\/tapas-rezepte\/wp-content\/uploads\/2012\/03\/Frikadellchen.jpg 600w\" sizes=\"auto, (max-width: 150px) 100vw, 150px\" \/><\/a><\/p>\n<p style=\"text-align: center;\"><a href=\"http:\/\/www.mundi-roth.de\/tapas-rezepte\/kleine-scharfe-frikadellen.html\">Das Rezept<\/a><\/p>\n<p>&nbsp;<\/p>\n<h3 style=\"text-align: center;\">Pollo agridulce al pimientos<br \/>\nS\u00fc\u00df-saures H\u00e4hnchenfilet mit Pimientos<\/h3>\n<p style=\"text-align: center;\"><a href=\"http:\/\/www.mundi-roth.de\/tapas-rezepte\/wp-content\/uploads\/2012\/03\/H\u00e4hnchenfilet-s\u00fc\u00df-sauer1.jpg\"><img loading=\"lazy\" decoding=\"async\" class=\"aligncenter size-thumbnail wp-image-94\" title=\"H\u00e4hnchenfilet s\u00fc\u00df-sauer\" src=\"http:\/\/www.mundi-roth.de\/tapas-rezepte\/wp-content\/uploads\/2012\/03\/H\u00e4hnchenfilet-s\u00fc\u00df-sauer1-150x112.jpg\" alt=\"\" width=\"150\" height=\"112\" srcset=\"https:\/\/www.mundi-roth.de\/tapas-rezepte\/wp-content\/uploads\/2012\/03\/H\u00e4hnchenfilet-s\u00fc\u00df-sauer1-150x112.jpg 150w, https:\/\/www.mundi-roth.de\/tapas-rezepte\/wp-content\/uploads\/2012\/03\/H\u00e4hnchenfilet-s\u00fc\u00df-sauer1-300x225.jpg 300w, https:\/\/www.mundi-roth.de\/tapas-rezepte\/wp-content\/uploads\/2012\/03\/H\u00e4hnchenfilet-s\u00fc\u00df-sauer1.jpg 600w\" sizes=\"auto, (max-width: 150px) 100vw, 150px\" \/><\/a><\/p>\n<p style=\"text-align: center;\"><a href=\"http:\/\/www.mundi-roth.de\/tapas-rezepte\/pollo-agridulce-al-pimientos.html\">Das Rezept<\/a><\/p>\n<h3 style=\"text-align: center;\">Scharfe M\u00f6hren<\/h3>\n<p style=\"text-align: center;\"><a href=\"http:\/\/www.mundi-roth.de\/tapas-rezepte\/wp-content\/uploads\/2012\/03\/Scharfe-M\u00f6hren.jpg\"><img loading=\"lazy\" decoding=\"async\" class=\"size-thumbnail wp-image-70 aligncenter\" title=\"Scharfe M\u00f6hren\" src=\"http:\/\/www.mundi-roth.de\/tapas-rezepte\/wp-content\/uploads\/2012\/03\/Scharfe-M\u00f6hren-150x132.jpg\" alt=\"\" width=\"150\" height=\"132\" srcset=\"https:\/\/www.mundi-roth.de\/tapas-rezepte\/wp-content\/uploads\/2012\/03\/Scharfe-M\u00f6hren-150x132.jpg 150w, https:\/\/www.mundi-roth.de\/tapas-rezepte\/wp-content\/uploads\/2012\/03\/Scharfe-M\u00f6hren-300x265.jpg 300w, https:\/\/www.mundi-roth.de\/tapas-rezepte\/wp-content\/uploads\/2012\/03\/Scharfe-M\u00f6hren.jpg 588w\" sizes=\"auto, (max-width: 150px) 100vw, 150px\" \/><\/a><\/p>\n<p style=\"text-align: center;\"><a href=\"http:\/\/www.mundi-roth.de\/tapas-rezepte\/scharfe-mohren.html\">Das Rezept<\/a><\/p>\n<h3 style=\"text-align: center;\">Gebratene Paprikaschoten<br \/>\nPeperoni arrosti<\/h3>\n<p style=\"text-align: center;\"><a href=\"http:\/\/www.mundi-roth.de\/tapas-rezepte\/wp-content\/uploads\/2012\/03\/Paprika2.jpg\"><img loading=\"lazy\" decoding=\"async\" class=\"aligncenter size-thumbnail wp-image-91\" title=\"Paprika\" src=\"http:\/\/www.mundi-roth.de\/tapas-rezepte\/wp-content\/uploads\/2012\/03\/Paprika2-150x112.jpg\" alt=\"\" width=\"150\" height=\"112\" srcset=\"https:\/\/www.mundi-roth.de\/tapas-rezepte\/wp-content\/uploads\/2012\/03\/Paprika2-150x112.jpg 150w, https:\/\/www.mundi-roth.de\/tapas-rezepte\/wp-content\/uploads\/2012\/03\/Paprika2-300x225.jpg 300w, https:\/\/www.mundi-roth.de\/tapas-rezepte\/wp-content\/uploads\/2012\/03\/Paprika2.jpg 600w\" sizes=\"auto, (max-width: 150px) 100vw, 150px\" \/><\/a><\/p>\n<p style=\"text-align: center;\"><a href=\"http:\/\/www.mundi-roth.de\/tapas-rezepte\/gebratene-paprikaschoten-peperoni-arrosti.html\">Das Rezept<\/a><\/p>\n<h3 style=\"text-align: center;\">Edit M\u00fcller Brot<\/h3>\n<p style=\"text-align: center;\"><a href=\"http:\/\/www.mundi-roth.de\/tapas-rezepte\/wp-content\/uploads\/2012\/03\/EM-Brot1.jpg\"><img loading=\"lazy\" decoding=\"async\" class=\"aligncenter size-thumbnail wp-image-92\" title=\"EM-Brot\" src=\"http:\/\/www.mundi-roth.de\/tapas-rezepte\/wp-content\/uploads\/2012\/03\/EM-Brot1-150x75.jpg\" alt=\"\" width=\"150\" height=\"75\" srcset=\"https:\/\/www.mundi-roth.de\/tapas-rezepte\/wp-content\/uploads\/2012\/03\/EM-Brot1-150x75.jpg 150w, https:\/\/www.mundi-roth.de\/tapas-rezepte\/wp-content\/uploads\/2012\/03\/EM-Brot1-300x150.jpg 300w, https:\/\/www.mundi-roth.de\/tapas-rezepte\/wp-content\/uploads\/2012\/03\/EM-Brot1.jpg 592w\" sizes=\"auto, (max-width: 150px) 100vw, 150px\" \/><\/a><\/p>\n<p style=\"text-align: center;\"><a href=\"http:\/\/www.mundi-roth.de\/tapas-rezepte\/edit-muller-brot.html\">Das Rezept<\/a><\/p>\n<p>&nbsp;<\/p>\n<h3 style=\"text-align: center;\">Soleier<\/h3>\n<p style=\"text-align: center;\"><a href=\"http:\/\/www.mundi-roth.de\/tapas-rezepte\/wp-content\/uploads\/2012\/03\/Soleier12.jpg\"><img loading=\"lazy\" decoding=\"async\" class=\"aligncenter  wp-image-93\" title=\"Soleier1\" src=\"http:\/\/www.mundi-roth.de\/tapas-rezepte\/wp-content\/uploads\/2012\/03\/Soleier12-112x150.jpg\" alt=\"\" width=\"112\" height=\"150\" srcset=\"https:\/\/www.mundi-roth.de\/tapas-rezepte\/wp-content\/uploads\/2012\/03\/Soleier12-112x150.jpg 112w, https:\/\/www.mundi-roth.de\/tapas-rezepte\/wp-content\/uploads\/2012\/03\/Soleier12-224x300.jpg 224w, https:\/\/www.mundi-roth.de\/tapas-rezepte\/wp-content\/uploads\/2012\/03\/Soleier12.jpg 396w\" sizes=\"auto, (max-width: 112px) 100vw, 112px\" \/><\/a><\/p>\n<p style=\"text-align: center;\"><a href=\"http:\/\/www.mundi-roth.de\/tapas-rezepte\/soleier.html\">Das Rezept<\/a><\/p>\n<h3 style=\"text-align: center;\">Zwiebelkuchen<\/h3>\n<p style=\"text-align: center;\"><a href=\"http:\/\/www.mundi-roth.de\/tapas-rezepte\/wp-content\/uploads\/2012\/03\/Zwiebelkuchen1.jpg\"><img loading=\"lazy\" decoding=\"async\" class=\"aligncenter size-thumbnail wp-image-95\" title=\"Zwiebelkuchen\" src=\"http:\/\/www.mundi-roth.de\/tapas-rezepte\/wp-content\/uploads\/2012\/03\/Zwiebelkuchen1-150x139.jpg\" alt=\"\" width=\"150\" height=\"139\" srcset=\"https:\/\/www.mundi-roth.de\/tapas-rezepte\/wp-content\/uploads\/2012\/03\/Zwiebelkuchen1-150x139.jpg 150w, https:\/\/www.mundi-roth.de\/tapas-rezepte\/wp-content\/uploads\/2012\/03\/Zwiebelkuchen1-300x279.jpg 300w, https:\/\/www.mundi-roth.de\/tapas-rezepte\/wp-content\/uploads\/2012\/03\/Zwiebelkuchen1.jpg 600w\" sizes=\"auto, (max-width: 150px) 100vw, 150px\" \/><\/a><\/p>\n<p style=\"text-align: center;\"><a href=\"http:\/\/www.mundi-roth.de\/tapas-rezepte\/zwiebelkuchen-%e2%80%9egrand-mere%e2%80%9c.html\">Das Rezept<\/a><\/p>\n<h3 style=\"text-align: center;\">Focaccia<\/h3>\n<p style=\"text-align: center;\"><a href=\"http:\/\/www.mundi-roth.de\/tapas-rezepte\/wp-content\/uploads\/2012\/03\/Focaccia1.jpg\"><img loading=\"lazy\" decoding=\"async\" class=\"aligncenter size-thumbnail wp-image-96\" title=\"Focaccia\" src=\"http:\/\/www.mundi-roth.de\/tapas-rezepte\/wp-content\/uploads\/2012\/03\/Focaccia1-150x112.jpg\" alt=\"\" width=\"150\" height=\"112\" srcset=\"https:\/\/www.mundi-roth.de\/tapas-rezepte\/wp-content\/uploads\/2012\/03\/Focaccia1-150x112.jpg 150w, https:\/\/www.mundi-roth.de\/tapas-rezepte\/wp-content\/uploads\/2012\/03\/Focaccia1-300x225.jpg 300w, https:\/\/www.mundi-roth.de\/tapas-rezepte\/wp-content\/uploads\/2012\/03\/Focaccia1.jpg 600w\" sizes=\"auto, (max-width: 150px) 100vw, 150px\" \/><\/a><\/p>\n<p style=\"text-align: center;\"><a href=\"http:\/\/www.mundi-roth.de\/tapas-rezepte\/focaccia-mit-olio-santo.html\">Das Rezept<\/a><\/p>\n","protected":false},"excerpt":{"rendered":"<p>F\u00fcr einen Umtrunk, \u201ebrindis\u201c, wie die Spanier sagen, trafen sich auf unserem Tisch Gerichte aus Spanien mit denen aus Bayern und Italien Obatzter traf auf Mousse de Manchego Kleine Frikadellen trafen auf pollo agridulce al pimientos (s\u00fc\u00df-saures H\u00e4hnchenfilet mit Pimientos) Carote forte (scharfe M\u00f6hren) und Peperoni arrosti (gebratene Paprikaschoten) trafen auf Radieschen Edith-M\u00fcller Brot und [&hellip;]<\/p>\n","protected":false},"author":2,"featured_media":0,"comment_status":"open","ping_status":"open","sticky":false,"template":"","format":"standard","meta":{"footnotes":""},"categories":[3],"tags":[21],"class_list":["post-66","post","type-post","status-publish","format-standard","hentry","category-rezepte","tag-brindis"],"yoast_head":"<!-- This site is optimized with the Yoast SEO plugin v27.5 - https:\/\/yoast.com\/product\/yoast-seo-wordpress\/ -->\n<title>Brindis - Tapas Rezepte<\/title>\n<meta name=\"robots\" content=\"index, follow, max-snippet:-1, max-image-preview:large, max-video-preview:-1\" \/>\n<link rel=\"canonical\" href=\"https:\/\/www.mundi-roth.de\/tapas-rezepte\/brindis.html\" \/>\n<meta property=\"og:locale\" content=\"de_DE\" \/>\n<meta property=\"og:type\" content=\"article\" \/>\n<meta property=\"og:title\" content=\"Brindis - Tapas Rezepte\" \/>\n<meta property=\"og:description\" content=\"F\u00fcr einen Umtrunk, \u201ebrindis\u201c, wie die Spanier sagen, trafen sich auf unserem Tisch Gerichte aus Spanien mit denen aus Bayern und Italien Obatzter traf auf Mousse de Manchego Kleine Frikadellen trafen auf pollo agridulce al pimientos (s\u00fc\u00df-saures H\u00e4hnchenfilet mit Pimientos) Carote forte (scharfe M\u00f6hren) und Peperoni arrosti (gebratene Paprikaschoten) trafen auf Radieschen Edith-M\u00fcller Brot und [&hellip;]\" \/>\n<meta property=\"og:url\" content=\"https:\/\/www.mundi-roth.de\/tapas-rezepte\/brindis.html\" \/>\n<meta property=\"og:site_name\" content=\"Tapas Rezepte\" \/>\n<meta property=\"article:published_time\" content=\"2012-03-18T12:30:59+00:00\" \/>\n<meta property=\"article:modified_time\" content=\"2012-03-19T06:17:37+00:00\" \/>\n<meta property=\"og:image\" content=\"http:\/\/www.mundi-roth.de\/tapas-rezepte\/wp-content\/uploads\/2012\/03\/Obatzter-150x112.jpg\" \/>\n<meta name=\"author\" content=\"tapas\" \/>\n<meta name=\"twitter:card\" content=\"summary_large_image\" \/>\n<meta name=\"twitter:label1\" content=\"Verfasst von\" \/>\n\t<meta name=\"twitter:data1\" content=\"tapas\" \/>\n\t<meta name=\"twitter:label2\" content=\"Gesch\u00e4tzte Lesezeit\" \/>\n\t<meta name=\"twitter:data2\" content=\"1\u00a0Minute\" \/>\n<script type=\"application\/ld+json\" class=\"yoast-schema-graph\">{\"@context\":\"https:\\\/\\\/schema.org\",\"@graph\":[{\"@type\":\"Article\",\"@id\":\"https:\\\/\\\/www.mundi-roth.de\\\/tapas-rezepte\\\/brindis.html#article\",\"isPartOf\":{\"@id\":\"https:\\\/\\\/www.mundi-roth.de\\\/tapas-rezepte\\\/brindis.html\"},\"author\":{\"name\":\"tapas\",\"@id\":\"https:\\\/\\\/www.mundi-roth.de\\\/tapas-rezepte\\\/#\\\/schema\\\/person\\\/0dba686bb3a49603a618f2b07a140c9b\"},\"headline\":\"Brindis\",\"datePublished\":\"2012-03-18T12:30:59+00:00\",\"dateModified\":\"2012-03-19T06:17:37+00:00\",\"mainEntityOfPage\":{\"@id\":\"https:\\\/\\\/www.mundi-roth.de\\\/tapas-rezepte\\\/brindis.html\"},\"wordCount\":125,\"commentCount\":0,\"image\":{\"@id\":\"https:\\\/\\\/www.mundi-roth.de\\\/tapas-rezepte\\\/brindis.html#primaryimage\"},\"thumbnailUrl\":\"http:\\\/\\\/www.mundi-roth.de\\\/tapas-rezepte\\\/wp-content\\\/uploads\\\/2012\\\/03\\\/Obatzter-150x112.jpg\",\"keywords\":[\"Brindis\"],\"articleSection\":[\"Rezepte\"],\"inLanguage\":\"de\",\"potentialAction\":[{\"@type\":\"CommentAction\",\"name\":\"Comment\",\"target\":[\"https:\\\/\\\/www.mundi-roth.de\\\/tapas-rezepte\\\/brindis.html#respond\"]}]},{\"@type\":\"WebPage\",\"@id\":\"https:\\\/\\\/www.mundi-roth.de\\\/tapas-rezepte\\\/brindis.html\",\"url\":\"https:\\\/\\\/www.mundi-roth.de\\\/tapas-rezepte\\\/brindis.html\",\"name\":\"Brindis - Tapas Rezepte\",\"isPartOf\":{\"@id\":\"https:\\\/\\\/www.mundi-roth.de\\\/tapas-rezepte\\\/#website\"},\"primaryImageOfPage\":{\"@id\":\"https:\\\/\\\/www.mundi-roth.de\\\/tapas-rezepte\\\/brindis.html#primaryimage\"},\"image\":{\"@id\":\"https:\\\/\\\/www.mundi-roth.de\\\/tapas-rezepte\\\/brindis.html#primaryimage\"},\"thumbnailUrl\":\"http:\\\/\\\/www.mundi-roth.de\\\/tapas-rezepte\\\/wp-content\\\/uploads\\\/2012\\\/03\\\/Obatzter-150x112.jpg\",\"datePublished\":\"2012-03-18T12:30:59+00:00\",\"dateModified\":\"2012-03-19T06:17:37+00:00\",\"author\":{\"@id\":\"https:\\\/\\\/www.mundi-roth.de\\\/tapas-rezepte\\\/#\\\/schema\\\/person\\\/0dba686bb3a49603a618f2b07a140c9b\"},\"breadcrumb\":{\"@id\":\"https:\\\/\\\/www.mundi-roth.de\\\/tapas-rezepte\\\/brindis.html#breadcrumb\"},\"inLanguage\":\"de\",\"potentialAction\":[{\"@type\":\"ReadAction\",\"target\":[\"https:\\\/\\\/www.mundi-roth.de\\\/tapas-rezepte\\\/brindis.html\"]}]},{\"@type\":\"ImageObject\",\"inLanguage\":\"de\",\"@id\":\"https:\\\/\\\/www.mundi-roth.de\\\/tapas-rezepte\\\/brindis.html#primaryimage\",\"url\":\"https:\\\/\\\/www.mundi-roth.de\\\/tapas-rezepte\\\/wp-content\\\/uploads\\\/2012\\\/03\\\/Obatzter.jpg\",\"contentUrl\":\"https:\\\/\\\/www.mundi-roth.de\\\/tapas-rezepte\\\/wp-content\\\/uploads\\\/2012\\\/03\\\/Obatzter.jpg\",\"width\":\"600\",\"height\":\"450\"},{\"@type\":\"BreadcrumbList\",\"@id\":\"https:\\\/\\\/www.mundi-roth.de\\\/tapas-rezepte\\\/brindis.html#breadcrumb\",\"itemListElement\":[{\"@type\":\"ListItem\",\"position\":1,\"name\":\"Startseite\",\"item\":\"https:\\\/\\\/www.mundi-roth.de\\\/tapas-rezepte\"},{\"@type\":\"ListItem\",\"position\":2,\"name\":\"Brindis\"}]},{\"@type\":\"WebSite\",\"@id\":\"https:\\\/\\\/www.mundi-roth.de\\\/tapas-rezepte\\\/#website\",\"url\":\"https:\\\/\\\/www.mundi-roth.de\\\/tapas-rezepte\\\/\",\"name\":\"Tapas Rezepte\",\"description\":\"\",\"potentialAction\":[{\"@type\":\"SearchAction\",\"target\":{\"@type\":\"EntryPoint\",\"urlTemplate\":\"https:\\\/\\\/www.mundi-roth.de\\\/tapas-rezepte\\\/?s={search_term_string}\"},\"query-input\":{\"@type\":\"PropertyValueSpecification\",\"valueRequired\":true,\"valueName\":\"search_term_string\"}}],\"inLanguage\":\"de\"},{\"@type\":\"Person\",\"@id\":\"https:\\\/\\\/www.mundi-roth.de\\\/tapas-rezepte\\\/#\\\/schema\\\/person\\\/0dba686bb3a49603a618f2b07a140c9b\",\"name\":\"tapas\",\"url\":\"https:\\\/\\\/www.mundi-roth.de\\\/tapas-rezepte\\\/author\\\/tapas\"}]}<\/script>\n<!-- \/ Yoast SEO plugin. -->","yoast_head_json":{"title":"Brindis - Tapas Rezepte","robots":{"index":"index","follow":"follow","max-snippet":"max-snippet:-1","max-image-preview":"max-image-preview:large","max-video-preview":"max-video-preview:-1"},"canonical":"https:\/\/www.mundi-roth.de\/tapas-rezepte\/brindis.html","og_locale":"de_DE","og_type":"article","og_title":"Brindis - Tapas Rezepte","og_description":"F\u00fcr einen Umtrunk, \u201ebrindis\u201c, wie die Spanier sagen, trafen sich auf unserem Tisch Gerichte aus Spanien mit denen aus Bayern und Italien Obatzter traf auf Mousse de Manchego Kleine Frikadellen trafen auf pollo agridulce al pimientos (s\u00fc\u00df-saures H\u00e4hnchenfilet mit Pimientos) Carote forte (scharfe M\u00f6hren) und Peperoni arrosti (gebratene Paprikaschoten) trafen auf Radieschen Edith-M\u00fcller Brot und [&hellip;]","og_url":"https:\/\/www.mundi-roth.de\/tapas-rezepte\/brindis.html","og_site_name":"Tapas Rezepte","article_published_time":"2012-03-18T12:30:59+00:00","article_modified_time":"2012-03-19T06:17:37+00:00","og_image":[{"url":"http:\/\/www.mundi-roth.de\/tapas-rezepte\/wp-content\/uploads\/2012\/03\/Obatzter-150x112.jpg","type":"","width":"","height":""}],"author":"tapas","twitter_card":"summary_large_image","twitter_misc":{"Verfasst von":"tapas","Gesch\u00e4tzte Lesezeit":"1\u00a0Minute"},"schema":{"@context":"https:\/\/schema.org","@graph":[{"@type":"Article","@id":"https:\/\/www.mundi-roth.de\/tapas-rezepte\/brindis.html#article","isPartOf":{"@id":"https:\/\/www.mundi-roth.de\/tapas-rezepte\/brindis.html"},"author":{"name":"tapas","@id":"https:\/\/www.mundi-roth.de\/tapas-rezepte\/#\/schema\/person\/0dba686bb3a49603a618f2b07a140c9b"},"headline":"Brindis","datePublished":"2012-03-18T12:30:59+00:00","dateModified":"2012-03-19T06:17:37+00:00","mainEntityOfPage":{"@id":"https:\/\/www.mundi-roth.de\/tapas-rezepte\/brindis.html"},"wordCount":125,"commentCount":0,"image":{"@id":"https:\/\/www.mundi-roth.de\/tapas-rezepte\/brindis.html#primaryimage"},"thumbnailUrl":"http:\/\/www.mundi-roth.de\/tapas-rezepte\/wp-content\/uploads\/2012\/03\/Obatzter-150x112.jpg","keywords":["Brindis"],"articleSection":["Rezepte"],"inLanguage":"de","potentialAction":[{"@type":"CommentAction","name":"Comment","target":["https:\/\/www.mundi-roth.de\/tapas-rezepte\/brindis.html#respond"]}]},{"@type":"WebPage","@id":"https:\/\/www.mundi-roth.de\/tapas-rezepte\/brindis.html","url":"https:\/\/www.mundi-roth.de\/tapas-rezepte\/brindis.html","name":"Brindis - Tapas Rezepte","isPartOf":{"@id":"https:\/\/www.mundi-roth.de\/tapas-rezepte\/#website"},"primaryImageOfPage":{"@id":"https:\/\/www.mundi-roth.de\/tapas-rezepte\/brindis.html#primaryimage"},"image":{"@id":"https:\/\/www.mundi-roth.de\/tapas-rezepte\/brindis.html#primaryimage"},"thumbnailUrl":"http:\/\/www.mundi-roth.de\/tapas-rezepte\/wp-content\/uploads\/2012\/03\/Obatzter-150x112.jpg","datePublished":"2012-03-18T12:30:59+00:00","dateModified":"2012-03-19T06:17:37+00:00","author":{"@id":"https:\/\/www.mundi-roth.de\/tapas-rezepte\/#\/schema\/person\/0dba686bb3a49603a618f2b07a140c9b"},"breadcrumb":{"@id":"https:\/\/www.mundi-roth.de\/tapas-rezepte\/brindis.html#breadcrumb"},"inLanguage":"de","potentialAction":[{"@type":"ReadAction","target":["https:\/\/www.mundi-roth.de\/tapas-rezepte\/brindis.html"]}]},{"@type":"ImageObject","inLanguage":"de","@id":"https:\/\/www.mundi-roth.de\/tapas-rezepte\/brindis.html#primaryimage","url":"https:\/\/www.mundi-roth.de\/tapas-rezepte\/wp-content\/uploads\/2012\/03\/Obatzter.jpg","contentUrl":"https:\/\/www.mundi-roth.de\/tapas-rezepte\/wp-content\/uploads\/2012\/03\/Obatzter.jpg","width":"600","height":"450"},{"@type":"BreadcrumbList","@id":"https:\/\/www.mundi-roth.de\/tapas-rezepte\/brindis.html#breadcrumb","itemListElement":[{"@type":"ListItem","position":1,"name":"Startseite","item":"https:\/\/www.mundi-roth.de\/tapas-rezepte"},{"@type":"ListItem","position":2,"name":"Brindis"}]},{"@type":"WebSite","@id":"https:\/\/www.mundi-roth.de\/tapas-rezepte\/#website","url":"https:\/\/www.mundi-roth.de\/tapas-rezepte\/","name":"Tapas Rezepte","description":"","potentialAction":[{"@type":"SearchAction","target":{"@type":"EntryPoint","urlTemplate":"https:\/\/www.mundi-roth.de\/tapas-rezepte\/?s={search_term_string}"},"query-input":{"@type":"PropertyValueSpecification","valueRequired":true,"valueName":"search_term_string"}}],"inLanguage":"de"},{"@type":"Person","@id":"https:\/\/www.mundi-roth.de\/tapas-rezepte\/#\/schema\/person\/0dba686bb3a49603a618f2b07a140c9b","name":"tapas","url":"https:\/\/www.mundi-roth.de\/tapas-rezepte\/author\/tapas"}]}},"_links":{"self":[{"href":"https:\/\/www.mundi-roth.de\/tapas-rezepte\/wp-json\/wp\/v2\/posts\/66","targetHints":{"allow":["GET"]}}],"collection":[{"href":"https:\/\/www.mundi-roth.de\/tapas-rezepte\/wp-json\/wp\/v2\/posts"}],"about":[{"href":"https:\/\/www.mundi-roth.de\/tapas-rezepte\/wp-json\/wp\/v2\/types\/post"}],"author":[{"embeddable":true,"href":"https:\/\/www.mundi-roth.de\/tapas-rezepte\/wp-json\/wp\/v2\/users\/2"}],"replies":[{"embeddable":true,"href":"https:\/\/www.mundi-roth.de\/tapas-rezepte\/wp-json\/wp\/v2\/comments?post=66"}],"version-history":[{"count":0,"href":"https:\/\/www.mundi-roth.de\/tapas-rezepte\/wp-json\/wp\/v2\/posts\/66\/revisions"}],"wp:attachment":[{"href":"https:\/\/www.mundi-roth.de\/tapas-rezepte\/wp-json\/wp\/v2\/media?parent=66"}],"wp:term":[{"taxonomy":"category","embeddable":true,"href":"https:\/\/www.mundi-roth.de\/tapas-rezepte\/wp-json\/wp\/v2\/categories?post=66"},{"taxonomy":"post_tag","embeddable":true,"href":"https:\/\/www.mundi-roth.de\/tapas-rezepte\/wp-json\/wp\/v2\/tags?post=66"}],"curies":[{"name":"wp","href":"https:\/\/api.w.org\/{rel}","templated":true}]}}