{"id":1032,"date":"2010-11-11T22:00:01","date_gmt":"2010-11-11T21:00:01","guid":{"rendered":"http:\/\/www.mundi-roth.de\/teneriffa-blog\/?p=1032"},"modified":"2015-04-12T10:41:35","modified_gmt":"2015-04-12T09:41:35","slug":"aguamansa-%e2%80%93-arafo","status":"publish","type":"post","link":"https:\/\/www.mundi-roth.de\/teneriffa-blog\/wanderungen\/aguamansa-%e2%80%93-arafo\/","title":{"rendered":"Aguamansa \u2013 Arafo"},"content":{"rendered":"<p style=\"text-align: left;\"><strong>Camino de Candelaria<\/strong><\/p>\n<p><strong>H\u00e4tte ich eine \u201eTop Ten\u201c Liste der sch\u00f6nsten Wanderungen auf Teneriffa angelegt, der Aufstieg bis zur Kammh\u00f6he auf der Cumbre Dorsal, Monta\u00f1a de la Crucita,\u00a0 st\u00fcnde ganz vorne.<\/strong><br \/>\nEs gilt 1000 H\u00f6henmeter im Aufstieg und 1500 H\u00f6henmeter im Abstieg nach Arafo zu bew\u00e4ltigen.<br \/>\n<em>Den Abstieg von dort oben nach Arafo w\u00fcrde ich pers\u00f6nlich allerdings nicht in die &#8222;Top Ten&#8220; aufnehmen!<\/em><\/p>\n<p><a href=\"http:\/\/www.mundi-roth.de\/teneriffa-blog\/wp-content\/uploads\/2010\/11\/Track4.jpg\" rel=\"lightbox[1032]\"><img loading=\"lazy\" decoding=\"async\" class=\"aligncenter size-medium wp-image-1060\" title=\"Track4\" src=\"http:\/\/www.mundi-roth.de\/teneriffa-blog\/wp-content\/uploads\/2010\/11\/Track4-300x138.jpg\" alt=\"\" width=\"300\" height=\"138\" srcset=\"https:\/\/www.mundi-roth.de\/teneriffa-blog\/wp-content\/uploads\/2010\/11\/Track4-300x138.jpg 300w, https:\/\/www.mundi-roth.de\/teneriffa-blog\/wp-content\/uploads\/2010\/11\/Track4-150x69.jpg 150w, https:\/\/www.mundi-roth.de\/teneriffa-blog\/wp-content\/uploads\/2010\/11\/Track4.jpg 800w\" sizes=\"auto, (max-width: 300px) 100vw, 300px\" \/><\/a><br \/>\n<strong>Wanderwegstrecke: <\/strong>Aufstieg: 2:50 Stunden, Abstieg 3:10 Stunden<br \/>\nWir beginnen unsere Wanderung bei Traumwetter um 10.30 Uhr. Auf dem jahrhundertealten Pilgerpfad von Aguamansa nach Candelaria wollen wir bis Arafo gehen. Etwas unterhalb der Bushaltestelle an der TF 21 in<a href=\"http:\/\/www.mundi-roth.de\/teneriffa-blog\/wp-content\/uploads\/2010\/11\/SANY0001.jpg\" rel=\"lightbox[1032]\"><img loading=\"lazy\" decoding=\"async\" class=\"alignright size-thumbnail wp-image-1035\" title=\"SANY0001\" src=\"http:\/\/www.mundi-roth.de\/teneriffa-blog\/wp-content\/uploads\/2010\/11\/SANY0001-112x150.jpg\" alt=\"\" width=\"112\" height=\"150\" srcset=\"https:\/\/www.mundi-roth.de\/teneriffa-blog\/wp-content\/uploads\/2010\/11\/SANY0001-112x150.jpg 112w, https:\/\/www.mundi-roth.de\/teneriffa-blog\/wp-content\/uploads\/2010\/11\/SANY0001-225x300.jpg 225w, https:\/\/www.mundi-roth.de\/teneriffa-blog\/wp-content\/uploads\/2010\/11\/SANY0001.jpg 450w\" sizes=\"auto, (max-width: 112px) 100vw, 112px\" \/><\/a> Aguamansa, (1000 m) gegen\u00fcber der Forellenzucht starten wir und folgen\u00a0 dem Holz-Hinweisschild \u201eCamino de Candelaria\u201c. (Der Weg l\u00e4uft mal unter der Bezeichnung \u201eCamino de Candelaria\u201c und mal unter der Bezeichnung \u201eCamino a Candelaria\u201c)<br \/>\nSofort steigt der wundersch\u00f6ne Waldpfad \u2013 er wirkt <a href=\"http:\/\/www.mundi-roth.de\/teneriffa-blog\/wp-content\/uploads\/2010\/11\/R0011575.jpg\" rel=\"lightbox[1032]\"><img loading=\"lazy\" decoding=\"async\" class=\"alignleft size-thumbnail wp-image-1036\" title=\"R0011575\" src=\"http:\/\/www.mundi-roth.de\/teneriffa-blog\/wp-content\/uploads\/2010\/11\/R0011575-150x112.jpg\" alt=\"\" width=\"150\" height=\"112\" srcset=\"https:\/\/www.mundi-roth.de\/teneriffa-blog\/wp-content\/uploads\/2010\/11\/R0011575-150x112.jpg 150w, https:\/\/www.mundi-roth.de\/teneriffa-blog\/wp-content\/uploads\/2010\/11\/R0011575-300x225.jpg 300w, https:\/\/www.mundi-roth.de\/teneriffa-blog\/wp-content\/uploads\/2010\/11\/R0011575.jpg 600w\" sizes=\"auto, (max-width: 150px) 100vw, 150px\" \/><\/a>fast m\u00e4rchenhaft &#8211; \u00fcber dicke Steine, zwischen Erika- und Lorbeerb\u00fcschen und entlang von vielen Wasserleitungen an.<br \/>\nGelegentlich sieht man den B\u00e4umen kleine, verwitterte Metallschildchen \u201esendero turistico&#8220;.<a href=\"http:\/\/www.mundi-roth.de\/teneriffa-blog\/wp-content\/uploads\/2010\/11\/R0011579.jpg\" rel=\"lightbox[1032]\"><img loading=\"lazy\" decoding=\"async\" class=\"alignright size-thumbnail wp-image-1037\" title=\"R0011579\" src=\"http:\/\/www.mundi-roth.de\/teneriffa-blog\/wp-content\/uploads\/2010\/11\/R0011579-150x112.jpg\" alt=\"\" width=\"150\" height=\"112\" srcset=\"https:\/\/www.mundi-roth.de\/teneriffa-blog\/wp-content\/uploads\/2010\/11\/R0011579-150x112.jpg 150w, https:\/\/www.mundi-roth.de\/teneriffa-blog\/wp-content\/uploads\/2010\/11\/R0011579-300x225.jpg 300w, https:\/\/www.mundi-roth.de\/teneriffa-blog\/wp-content\/uploads\/2010\/11\/R0011579.jpg 600w\" sizes=\"auto, (max-width: 150px) 100vw, 150px\" \/><\/a><br \/>\nSchon nach 10 Minuten kommen wir an den Wasserstollen \u201eGaler\u00eda La Puente\u201c mit Wasserzapfstelle und Grill in einer H\u00f6hle.<br \/>\nWir halten uns links bis zum wei\u00dfen Geb\u00e4ude der Galer\u00eda, steigen steil auf und erreichen nach <a href=\"http:\/\/www.mundi-roth.de\/teneriffa-blog\/wp-content\/uploads\/2010\/11\/R0011580.jpg\" rel=\"lightbox[1032]\"><img loading=\"lazy\" decoding=\"async\" class=\"alignleft size-thumbnail wp-image-1038\" title=\"R0011580\" src=\"http:\/\/www.mundi-roth.de\/teneriffa-blog\/wp-content\/uploads\/2010\/11\/R0011580-150x112.jpg\" alt=\"\" width=\"150\" height=\"112\" srcset=\"https:\/\/www.mundi-roth.de\/teneriffa-blog\/wp-content\/uploads\/2010\/11\/R0011580-150x112.jpg 150w, https:\/\/www.mundi-roth.de\/teneriffa-blog\/wp-content\/uploads\/2010\/11\/R0011580-300x225.jpg 300w, https:\/\/www.mundi-roth.de\/teneriffa-blog\/wp-content\/uploads\/2010\/11\/R0011580.jpg 600w\" sizes=\"auto, (max-width: 150px) 100vw, 150px\" \/><\/a>weiteren 10 Minuten die Unterstellh\u00fctte \u201ePedro Gil\u201c.<br \/>\nHier sind die diversen Hinweisschilder z.B.: \u201eLa Caldera\u201c, \u201eArona\u201c, \u201eLa Esperanza\u201c. Der gelbe Wegweiser weist den Pilgerpfad rechts an der H\u00fctte vorbei aus.<br \/>\nNach weiteren 55 Minuten erreichen wir die n\u00e4chste Ausschilderung:<br \/>\nDer Wanderweg &#8222;TF 35 Llanos de Chimiche und Portillo del Topo\u201c interessieren uns heute aber nicht.<br \/>\nF\u00fcr uns ist wichtig: \u201eCamino a Candelaria\u201c, der weiter steil bergan geht.<a href=\"http:\/\/www.mundi-roth.de\/teneriffa-blog\/wp-content\/uploads\/2010\/11\/R0011581.jpg\" rel=\"lightbox[1032]\"><img loading=\"lazy\" decoding=\"async\" class=\"alignright size-thumbnail wp-image-1039\" title=\"R0011581\" src=\"http:\/\/www.mundi-roth.de\/teneriffa-blog\/wp-content\/uploads\/2010\/11\/R0011581-150x112.jpg\" alt=\"\" width=\"150\" height=\"112\" srcset=\"https:\/\/www.mundi-roth.de\/teneriffa-blog\/wp-content\/uploads\/2010\/11\/R0011581-150x112.jpg 150w, https:\/\/www.mundi-roth.de\/teneriffa-blog\/wp-content\/uploads\/2010\/11\/R0011581-300x225.jpg 300w, https:\/\/www.mundi-roth.de\/teneriffa-blog\/wp-content\/uploads\/2010\/11\/R0011581.jpg 600w\" sizes=\"auto, (max-width: 150px) 100vw, 150px\" \/><\/a><br \/>\nDer steile Serpentinenweg f\u00fchrt uns an drei mit Blumen geschm\u00fcckten Kreuzen \u201eTres Cruces\u201c vorbei.<br \/>\nWir befinden uns hier auf einer H\u00f6he von 1180 m und hier beginnt der eigentlich Candelaria-Pfad, der unter dem gebr\u00e4uchlichen Namen \u201eWeg der Kreuze\u201c l\u00e4uft.<br \/>\nEtwas oberhalb bestaunen wir einen Heiligenschrein, der mit frischen! <a href=\"http:\/\/www.mundi-roth.de\/teneriffa-blog\/wp-content\/uploads\/2010\/11\/R0011583.jpg\" rel=\"lightbox[1032]\"><img loading=\"lazy\" decoding=\"async\" class=\"alignright size-thumbnail wp-image-1040\" title=\"R0011583\" src=\"http:\/\/www.mundi-roth.de\/teneriffa-blog\/wp-content\/uploads\/2010\/11\/R0011583-150x112.jpg\" alt=\"\" width=\"150\" height=\"112\" srcset=\"https:\/\/www.mundi-roth.de\/teneriffa-blog\/wp-content\/uploads\/2010\/11\/R0011583-150x112.jpg 150w, https:\/\/www.mundi-roth.de\/teneriffa-blog\/wp-content\/uploads\/2010\/11\/R0011583-300x225.jpg 300w, https:\/\/www.mundi-roth.de\/teneriffa-blog\/wp-content\/uploads\/2010\/11\/R0011583.jpg 600w\" sizes=\"auto, (max-width: 150px) 100vw, 150px\" \/><\/a>Blumen geschm\u00fcckt ist.<br \/>\nWir sind dankbar f\u00fcr die schattenspendenden Kiefern, mit dicken Bartflechten (Zeichen f\u00fcr saubere Luft) und Eukalypthusb\u00e4ume.<br \/>\nImmer wieder Trink- Fotografier- Schau- und Verschnaufpausen.<br \/>\n<a href=\"http:\/\/www.mundi-roth.de\/teneriffa-blog\/wp-content\/uploads\/2010\/11\/R0011588x.jpg\" rel=\"lightbox[1032]\"><img loading=\"lazy\" decoding=\"async\" class=\"alignleft size-thumbnail wp-image-1041\" title=\"R0011588x\" src=\"http:\/\/www.mundi-roth.de\/teneriffa-blog\/wp-content\/uploads\/2010\/11\/R0011588x-150x112.jpg\" alt=\"\" width=\"150\" height=\"112\" srcset=\"https:\/\/www.mundi-roth.de\/teneriffa-blog\/wp-content\/uploads\/2010\/11\/R0011588x-150x112.jpg 150w, https:\/\/www.mundi-roth.de\/teneriffa-blog\/wp-content\/uploads\/2010\/11\/R0011588x-300x225.jpg 300w, https:\/\/www.mundi-roth.de\/teneriffa-blog\/wp-content\/uploads\/2010\/11\/R0011588x.jpg 600w\" sizes=\"auto, (max-width: 150px) 100vw, 150px\" \/><\/a>Der Weg ist so was von abwechslungsreich. Wir gehen nunmehr in einer regelrecht in den Fels geschnittenen Rinne, bizarre Steinmauern s\u00e4umen den Pfad.<br \/>\nWenn wir uns vorstellen: Diesen steilen Pfad gehen die Pilger betend und singend! Wo nehmen die die Luft her?<a href=\"http:\/\/www.mundi-roth.de\/teneriffa-blog\/wp-content\/uploads\/2010\/11\/R0011602.jpg\" rel=\"lightbox[1032]\"><img loading=\"lazy\" decoding=\"async\" class=\"alignright size-thumbnail wp-image-1042\" title=\"R0011602\" src=\"http:\/\/www.mundi-roth.de\/teneriffa-blog\/wp-content\/uploads\/2010\/11\/R0011602-112x150.jpg\" alt=\"\" width=\"112\" height=\"150\" srcset=\"https:\/\/www.mundi-roth.de\/teneriffa-blog\/wp-content\/uploads\/2010\/11\/R0011602-112x150.jpg 112w, https:\/\/www.mundi-roth.de\/teneriffa-blog\/wp-content\/uploads\/2010\/11\/R0011602-225x300.jpg 225w, https:\/\/www.mundi-roth.de\/teneriffa-blog\/wp-content\/uploads\/2010\/11\/R0011602.jpg 450w\" sizes=\"auto, (max-width: 112px) 100vw, 112px\" \/><\/a><br \/>\nIn einer H\u00f6he von 1600 H\u00f6henmetern wachsen an einer Wand\u00a0 wundersch\u00f6ne Dickblattgew\u00e4chse. Hier treffen wir auf einen Alleinwandernder, J\u00fcrgen,\u00a0 mit GPS Ger\u00e4t und er fragt, ob er sich uns anschlie\u00dfen darf. Wie sich sp\u00e4ter herausstellen sollte, war das f\u00fcr uns ein ausgesprochener Gl\u00fccksfall!!<br \/>\nBei 1780 H\u00f6henmetern verlassen wir die Baumgrenze <a href=\"http:\/\/www.mundi-roth.de\/teneriffa-blog\/wp-content\/uploads\/2010\/11\/R0011604.jpg\" rel=\"lightbox[1032]\"><img loading=\"lazy\" decoding=\"async\" class=\"alignleft size-thumbnail wp-image-1043\" title=\"R0011604\" src=\"http:\/\/www.mundi-roth.de\/teneriffa-blog\/wp-content\/uploads\/2010\/11\/R0011604-150x112.jpg\" alt=\"\" width=\"150\" height=\"112\" srcset=\"https:\/\/www.mundi-roth.de\/teneriffa-blog\/wp-content\/uploads\/2010\/11\/R0011604-150x112.jpg 150w, https:\/\/www.mundi-roth.de\/teneriffa-blog\/wp-content\/uploads\/2010\/11\/R0011604-300x225.jpg 300w, https:\/\/www.mundi-roth.de\/teneriffa-blog\/wp-content\/uploads\/2010\/11\/R0011604.jpg 600w\" sizes=\"auto, (max-width: 150px) 100vw, 150px\" \/><\/a>und haben einen fantastischen Blick auf das Massiv Los \u00d3rganos (Orgelpfeifen), die Nordk\u00fcste, Puerto de la Cruz, Orotavatal. Strahlend blauer Himmel, wolkenlos.<br \/>\nNun passieren wir schr\u00e4g \u2013 diesmal nicht steil aufsteigend &#8211;\u00a0 ein rotgef\u00e4rbtes Lavagel\u00e4nde, gehen \u00fcber Ger\u00f6ll, wandern an regelrechten Lavamauern entlang.<br \/>\nDie Erholungsphase dauerte nicht lange. Wieder erscheinen Kiefern, Zistrosen, Ginsterb\u00fcsche und steil, steil, teils \u00fcber Felsen geht es bergan. Nach rechts ein Blick auf den majest\u00e4tischen Teide!<br \/>\nNach 2 Stunden 20 Minuten erreichen wir \u2013 ganz sch\u00f6n ausgepumpt \u2013 in H\u00f6he der Monta\u00f1a de la Crucita (1980 m) die Kammh\u00f6he auf der Cumbre Dorsal, der TF 21.<br \/>\nHier oben werden wir von unseren lieben Ehem\u00e4nnern freudig <a href=\"http:\/\/www.mundi-roth.de\/teneriffa-blog\/wp-content\/uploads\/2010\/11\/R0011633.jpg\" rel=\"lightbox[1032]\"><img loading=\"lazy\" decoding=\"async\" class=\"alignright size-thumbnail wp-image-1045\" title=\"R0011633\" src=\"http:\/\/www.mundi-roth.de\/teneriffa-blog\/wp-content\/uploads\/2010\/11\/R0011633-150x112.jpg\" alt=\"\" width=\"150\" height=\"112\" srcset=\"https:\/\/www.mundi-roth.de\/teneriffa-blog\/wp-content\/uploads\/2010\/11\/R0011633-150x112.jpg 150w, https:\/\/www.mundi-roth.de\/teneriffa-blog\/wp-content\/uploads\/2010\/11\/R0011633-300x225.jpg 300w, https:\/\/www.mundi-roth.de\/teneriffa-blog\/wp-content\/uploads\/2010\/11\/R0011633.jpg 600w\" sizes=\"auto, (max-width: 150px) 100vw, 150px\" \/><\/a>empfangen, die sich freuen, dass wir es schon mal bis hierher heil geschafft haben.<br \/>\nWir legen eine kurze Rast ein und Meike, eine allein Wandernde, fragt, ob sie sich uns auf dem Weg nach Arafo anschlie\u00dfen kann. Selbstverst\u00e4ndlich.<br \/>\nNoch sitzen wir im Sonnenschein, jedoch schon nach kurzer Zeit, nach dem wir den Abstieg nach Arafo in Angriff genommen haben, ziehen Wolken aus dem Tal auf.<br \/>\n<strong>Abstieg:<\/strong><br \/>\n13.25 Uhr queren wir die H\u00f6henstra\u00dfe und biegen rechts auf den breiten<a href=\"http:\/\/www.mundi-roth.de\/teneriffa-blog\/wp-content\/uploads\/2010\/11\/R0011639.jpg\" rel=\"lightbox[1032]\"><img loading=\"lazy\" decoding=\"async\" class=\"alignright size-thumbnail wp-image-1046\" title=\"R0011639\" src=\"http:\/\/www.mundi-roth.de\/teneriffa-blog\/wp-content\/uploads\/2010\/11\/R0011639-150x112.jpg\" alt=\"\" width=\"150\" height=\"112\" srcset=\"https:\/\/www.mundi-roth.de\/teneriffa-blog\/wp-content\/uploads\/2010\/11\/R0011639-150x112.jpg 150w, https:\/\/www.mundi-roth.de\/teneriffa-blog\/wp-content\/uploads\/2010\/11\/R0011639-300x225.jpg 300w, https:\/\/www.mundi-roth.de\/teneriffa-blog\/wp-content\/uploads\/2010\/11\/R0011639.jpg 600w\" sizes=\"auto, (max-width: 150px) 100vw, 150px\" \/><\/a> Forstweg ein. Vor uns das <a href=\"http:\/\/www.mundi-roth.de\/teneriffa-blog\/wp-content\/uploads\/2010\/11\/R0011640.jpg\" rel=\"lightbox[1032]\"><img loading=\"lazy\" decoding=\"async\" class=\"alignleft size-thumbnail wp-image-1054\" title=\"R0011640\" src=\"http:\/\/www.mundi-roth.de\/teneriffa-blog\/wp-content\/uploads\/2010\/11\/R0011640-150x112.jpg\" alt=\"\" width=\"150\" height=\"112\" srcset=\"https:\/\/www.mundi-roth.de\/teneriffa-blog\/wp-content\/uploads\/2010\/11\/R0011640-150x112.jpg 150w, https:\/\/www.mundi-roth.de\/teneriffa-blog\/wp-content\/uploads\/2010\/11\/R0011640-300x225.jpg 300w, https:\/\/www.mundi-roth.de\/teneriffa-blog\/wp-content\/uploads\/2010\/11\/R0011640.jpg 600w\" sizes=\"auto, (max-width: 150px) 100vw, 150px\" \/><\/a>beeindruckende, schwarze Massiv des Pico del Valle.<br \/>\nKurz darauf weist das Hinweisschild rechts nach \u201eIgueste\u201c und Achtung: kurz darauf zweigt f\u00fcr uns links nach unten ein schmalerer Pfad ab. Dieser kreuzt immer wieder die Fahrstra\u00dfe. Die Fortsetzung ist stets gut auszumachen, der erneute Einstieg ist meist durch 2 Holzpf\u00e4hle links und rechts vom Einstieg gekennzeichnet.<br \/>\n\u00dcber Lavagrus geht es abenteuerlich steil bergab. Es l\u00e4sst sich \u00e4u\u00dferst schlecht gehen. Ausgewaschene, zum Teil schmalste Rinnen, dienen als Weg.<br \/>\nWenn ich in einem Wanderf\u00fchrer lese: \u201eDer Reiz des Abstiegs liegt in den Abk\u00fcrzungen\u201c, dann wundere ich mich, denn der Abstieg ist nach meiner Ansicht durch den rutschigen Untergrund \u00e4u\u00dferst gef\u00e4hrlich.<br \/>\nDa ist mir eine andere Aussage wesentlich sympathischer, die ich aber erst nach der Wanderung gelesen habe: \u201edie Abk\u00fcrzungen erscheinen nicht immer sinnvoll\u201c!!!!<br \/>\nNach einer Stunde queren wir den Hang der Monta\u00f1a de las Arenas. \u00dcber<a href=\"http:\/\/www.mundi-roth.de\/teneriffa-blog\/wp-content\/uploads\/2010\/11\/R0011647.jpg\" rel=\"lightbox[1032]\"><img loading=\"lazy\" decoding=\"async\" class=\"alignright size-thumbnail wp-image-1048\" title=\"R0011647\" src=\"http:\/\/www.mundi-roth.de\/teneriffa-blog\/wp-content\/uploads\/2010\/11\/R0011647-150x112.jpg\" alt=\"\" width=\"150\" height=\"112\" srcset=\"https:\/\/www.mundi-roth.de\/teneriffa-blog\/wp-content\/uploads\/2010\/11\/R0011647-150x112.jpg 150w, https:\/\/www.mundi-roth.de\/teneriffa-blog\/wp-content\/uploads\/2010\/11\/R0011647-300x225.jpg 300w, https:\/\/www.mundi-roth.de\/teneriffa-blog\/wp-content\/uploads\/2010\/11\/R0011647.jpg 600w\" sizes=\"auto, (max-width: 150px) 100vw, 150px\" \/><\/a> knirschenden, tiefschwarzen Lavagrus mit vereinzelt liegenden, fussballgro\u00dfen \u201eBomben\u201c (Lavabrocken),\u00a0 f\u00fchrt uns der Weg weiter und es ziehen besorgniserregende, dicke Wolken von unten heran.<br \/>\nWir gehen wieder auf einen Kiefernhain zu,<em><strong> Achtung<\/strong>:<\/em> rechts geht unser mit Steinm\u00e4nnchen gekennzeichneter Weg abw\u00e4rts weiter \u00fcber den Lavagrus. Wir kommen an einem weiteren Pilgerschrein vorbei.<br \/>\nNun erreichen wir eine rote Schranke: \u201eFinca privada\u201c. K\u00f6nnen uns daran aber leider nicht halten, da der Weg eindeutig durch diese Finca f\u00fchrt. Und immer noch wie Schnee knirschender Lavagrus und das Ganze wirkt wie eine riesige Kohlenhalde. Inzwischen wird es feucht, also: Jacken anziehen. In diesem Gebiet sehen wir zum erstenmal die angek\u00fcndigten gelben Hinweis-Flecken auf Steinen.<br \/>\nNach 1 Stunde 20 Minuten kommen wir an eine Wegkreuzung und dort halten wir uns links. Hier in dieser H\u00f6he kommen wir an den ersten Esskastanienb\u00e4umen vorbei. Weiter steil bergab.<br \/>\nBei einem markanten Kastanienbaumskelett halten wir uns rechts. Und wir \u201eknirschen\u201c weiter.<br \/>\n<a href=\"http:\/\/www.mundi-roth.de\/teneriffa-blog\/wp-content\/uploads\/2010\/11\/R0011649.jpg\" rel=\"lightbox[1032]\"><img loading=\"lazy\" decoding=\"async\" class=\"alignleft size-thumbnail wp-image-1049\" title=\"R0011649\" src=\"http:\/\/www.mundi-roth.de\/teneriffa-blog\/wp-content\/uploads\/2010\/11\/R0011649-150x112.jpg\" alt=\"\" width=\"150\" height=\"112\" srcset=\"https:\/\/www.mundi-roth.de\/teneriffa-blog\/wp-content\/uploads\/2010\/11\/R0011649-150x112.jpg 150w, https:\/\/www.mundi-roth.de\/teneriffa-blog\/wp-content\/uploads\/2010\/11\/R0011649-300x225.jpg 300w, https:\/\/www.mundi-roth.de\/teneriffa-blog\/wp-content\/uploads\/2010\/11\/R0011649.jpg 600w\" sizes=\"auto, (max-width: 150px) 100vw, 150px\" \/><\/a>Inzwischen erkennen wir unser Gl\u00fcck, dass wir J\u00fcrgen mit seinem GPS-Ger\u00e4t getroffen haben: Die feuchten Wolken sind jetzt so dicht geworden, dass die Sicht unter 2 m ist. Wir 4 bleiben dicht zusammen. Ohne die Fixpunkte auf dem GPS-Ger\u00e4t, die uns anzeigen, wo der Weg weitergeht, w\u00e4ren wir hoffnungslos verloren. Es ist nichts mehr auszumachen.<br \/>\nBei 1200 H\u00f6henmetern erreichen wir eine Schutzh\u00fctte. Kurze Rast. Vor<a href=\"http:\/\/www.mundi-roth.de\/teneriffa-blog\/wp-content\/uploads\/2010\/11\/R0011652x.jpg\" rel=\"lightbox[1032]\"><img loading=\"lazy\" decoding=\"async\" class=\"alignright size-thumbnail wp-image-1050\" title=\"R0011652x\" src=\"http:\/\/www.mundi-roth.de\/teneriffa-blog\/wp-content\/uploads\/2010\/11\/R0011652x-150x112.jpg\" alt=\"\" width=\"150\" height=\"112\" srcset=\"https:\/\/www.mundi-roth.de\/teneriffa-blog\/wp-content\/uploads\/2010\/11\/R0011652x-150x112.jpg 150w, https:\/\/www.mundi-roth.de\/teneriffa-blog\/wp-content\/uploads\/2010\/11\/R0011652x-300x225.jpg 300w, https:\/\/www.mundi-roth.de\/teneriffa-blog\/wp-content\/uploads\/2010\/11\/R0011652x.jpg 600w\" sizes=\"auto, (max-width: 150px) 100vw, 150px\" \/><\/a> der H\u00fctte t\u00fcrmt sich ein gro\u00dfer Berg geernteter Esskastanien, der darauf wartet, von den stachligen H\u00fcllen befreit zu werden.<br \/>\nWir erreichen wieder einen Kiefernwald und dort ist der rechts abgehende Weg mit Steinm\u00e4nnchen gekennzeichnet. Der mit Kiefernnadeln bedeckte Pfad d\u00e4mpft unsere Schritte.<br \/>\nEinen linken Abzweig beachten wir nicht und folgen den von lieben Vorwanderern gesetzten Steinm\u00e4nnchen.<br \/>\nWir queren einen ausgetrockneten Wasserkanal, wandern wie durch einen Garten Eden, die vielf\u00e4ltigste Pflanzen wachsen hier und Wein ist angebaut.<\/p>\n<p>Nach 2 Stunden 20 Minuten erreichen wir bei 850 <a href=\"http:\/\/www.mundi-roth.de\/teneriffa-blog\/wp-content\/uploads\/2010\/11\/R0011655.jpg\" rel=\"lightbox[1032]\"><img loading=\"lazy\" decoding=\"async\" class=\"alignleft size-thumbnail wp-image-1052\" title=\"R0011655\" src=\"http:\/\/www.mundi-roth.de\/teneriffa-blog\/wp-content\/uploads\/2010\/11\/R0011655-112x150.jpg\" alt=\"\" width=\"112\" height=\"150\" srcset=\"https:\/\/www.mundi-roth.de\/teneriffa-blog\/wp-content\/uploads\/2010\/11\/R0011655-112x150.jpg 112w, https:\/\/www.mundi-roth.de\/teneriffa-blog\/wp-content\/uploads\/2010\/11\/R0011655-225x300.jpg 225w, https:\/\/www.mundi-roth.de\/teneriffa-blog\/wp-content\/uploads\/2010\/11\/R0011655.jpg 450w\" sizes=\"auto, (max-width: 112px) 100vw, 112px\" \/><\/a>H\u00f6henmetern ein gelbgestrichenes Haus, das erste von Arafo und gehen an Korkeichen \u2013 eine Seltenheit auf der Insel \u2013 weiter absolut steil abw\u00e4rts. Rechts\u00a0 sehen wir bereits eine geteerte Fahrstra\u00dfe.<br \/>\nDer ger\u00f6llige Pfad m\u00fcndet in eine asphaltierte, enge Stra\u00dfe und bei der Villa Sebastian sto\u00dfen wir auf die normale Fahrstra\u00dfe und ein Schild weist uns daraufhin, dass von hier aus nach oben der \u201eCamino de Candelaria\u201c geht.<br \/>\nLaut GPS sollten wir uns nun links halten und dann rechts. Wir entscheiden jedoch: Nur noch geradeaus, schnellstens die noch 2 km bergab zur Busstation, denn inzwischen nieselt es schon heftiger.<br \/>\nDieses letzte, asphaltierte Steilst\u00fcck nach Arafo ist m\u00f6rderisch.<\/p>\n<p>Wir qu\u00e4len uns die Calle Angel Garcia, Calle Anel Gardia Diaz bis zur Calle Capitan Nu\u00f1ez weiter steilst abw\u00e4rts. Lassen uns in Arafo &#8211; nach Befragung von Passanten &#8211; sehr umst\u00e4ndlich bis zur Bushaltestelle leiten. Ich empfehle den Anweisungen des GPS\u00a0 und anderen Wanderbeschreibungen zu folgen und den Pilgerpfad nach Arafo biszur Kirche zu gehen. Das hei\u00dft, wenn man auf die\u00a0normale Fahrstra\u00dfe nach dem mit\u00a0 Korkeichen ges\u00e4umten Pfad kommt, links gehen und dann sofort wieder rechts. Dann kommt man zwischen Wein- und Obstterrassen an eine Stichstra\u00dfe beim Restaurant A\u00f1avingo in die Calle de Eduardo Curbelo Fari\u00f1a,\u00a0 abw\u00e4rts zur Plazuela de Llano mit\u00a0 Pilgerbrunnen und Kreuz und Museum.<\/p>\n<p>Nur wenige Meter nach rechts und man gelangt auf der Avenida Reyes de Espa\u00f1a zur Bushaltestelle &#8222;Estaci\u00f3n de Guaguas&#8220;.<\/p>\n<p>&nbsp;<\/p>\n<p>&nbsp;<\/p>\n<p>16.35 Uhr Geschafft!<\/p>\n<p>Da der Bus\u00a0 nach Santa Cruz, Linie 121, schon in 10 Minuten kommt, k\u00f6nnen wir nur noch eine neue\u00a0 Bonobus-Karte kaufen und f\u00fcr die Besichtigung des Pilgerplatzes und der Kirche &#8211; die sch\u00f6ne Schnitzarbeiten beherbergen soll &#8211; muss ein anderes Mal Zeit sein.<br \/>\nDer freundliche Busfahrer l\u00e4sst uns an der Autobahn bei Candelaria aussteigen.<br \/>\nEine gef\u00e4hrliche \u00dcberquerung des Kreisverkehrs und wir sind an der Haltestelle des Busses 111 nach Los Cristianos.<br \/>\nUnsere beiden Mitwanderer mussten nach Santa Cruz und von dort weiter nach Puerto de la Cruz.<br \/>\n<strong>Fazit: <\/strong><br \/>\nWie schon eingangs erw\u00e4hnt: Der Aufstieg, wenn auch sehr anstrengend, ist phantastisch. Einen so abwechslungsreichen Weg, sowohl von der Beschaffenheit des Weges: gepflastert, Kiefernnadeln bedeckt, ger\u00f6llig, vielfarbigen Lavagrus, in den Fels geschnittene Rinnen, dicke Felsbrocken sind zu \u00fcberwinden, es wird alles geboten.<br \/>\nEbenfalls die Pflanzenwelt ist phantastisch: hohe Erikab\u00fcsche, vereinzelt dazwischen Lorbeerb\u00e4ume, Kiefern mit dicken Bartflechten, Eukalyptusb\u00e4ume, mit Moos und Flechten \u00fcberzogene Felsen, Farne, Ginsterb\u00fcsche und Zistrosenstr\u00e4ucher, die tiefgr\u00fcnen Str\u00e4ucher der vielbl\u00e4ttrigen Dr\u00fcsenfrucht, Skabiosenb\u00fcsche mit ihren vertrockneten Bl\u00fctenst\u00e4nde, Dickblattgew\u00e4chse, und, und, und.<br \/>\nDie Ausblicke rundum. Grandios!<br \/>\nJedoch, der Abstieg, vielleicht auch weil wir keinerlei Sicht hatten, war nicht so, dass ich ihn noch mal gehen m\u00f6chte.<br \/>\nIch empfehle: Aufstieg von Aguamanza zur Monta\u00f1a de la Crucita ist auch gleichzeitig Abstieg! Das lohnt sich!<\/p>\n<p>&nbsp;<\/p>\n<p><strong>Besonderheit:<\/strong><br \/>\nAm 15. August wird die Romer\u00eda\u201d de la Virgen de Candelaria\u201d gefeiert.<br \/>\nIn Deutschland feiern wir diesen Tag als Maria Himmelfahrt.<br \/>\nDie Jungfrau von Candelaria ist die Schutzpatronin der Kanarischen Inseln sowie zahlreicher St\u00e4dte der Neuen Welt. Die Madonna von Candelaria ist eine sogenannte Schwarze Madonna. die Skulptur der Jungfrau von Candelaria soll 100 Jahre vor der Eroberung durch die Spanier von zwei Guanchen an der K\u00fcste des G\u00fcimar-Tales auf der Kanareninsel Teneriffa gefunden worden sein.<br \/>\nAm 7. November 1826 wurde sie von einer Sturmflut aus der Kapelle fortgerissen, in der sie 300 Jahre aufbewahrt worden war.<br \/>\nUnmittelbar nach diesem Ereignis wurde der spanische Bildhauer Fernando Est\u00e9vez von Br\u00fcdern des Dominikanerordens beauftrag, eine originalgetreue Nachbildung anzufertigen. Diese wurde 1830 geweiht und befindet sich in der Basilika von Candelaria.<\/p>\n<p><strong>Anfahrt mit Pkw:<\/strong><\/p>\n<p>Aus dem S\u00fcden der Insel kommend, \u00fcber Arona &#8211; Vilaflor in die Canadas; immer der TF21 folgen und dort,\u00a0 wo sich die Stra\u00dfe gabelt, Richtung Orotava\/Aguamansa. Die eingangs genannte Forellenzucht (Einstieg zur Wanderung) liegt am Ortseingang vor einr scharfen Linkskurve.<\/p>\n<p>Aus dem Norden der Insel kommend TF21 von Orotava Richtung Teide, in Aguamansa liegt die Forellenzucht entsprechend am Ortsende.<\/p>\n<p>Mit Bus von Puerto de la Cruz bis Aguamanza<br \/>\nLinie: 345<br \/>\nVon Arafo mit Bus Linie 121 bis Santa Cruz<br \/>\noder, wenn man Richtung Los Cristianos muss, sich an der Autopista Candelaria absetzen lassen und in den Bus 111 umsteigen.<\/p>\n","protected":false},"excerpt":{"rendered":"<p>Camino de Candelaria H\u00e4tte ich eine \u201eTop Ten\u201c Liste der sch\u00f6nsten Wanderungen auf Teneriffa angelegt, der Aufstieg bis zur Kammh\u00f6he auf der Cumbre Dorsal, Monta\u00f1a de la Crucita,\u00a0 st\u00fcnde ganz vorne. Es gilt 1000 H\u00f6henmeter im Aufstieg und 1500 H\u00f6henmeter im Abstieg nach Arafo zu bew\u00e4ltigen. Den Abstieg von dort oben nach Arafo w\u00fcrde ich [&hellip;]<\/p>\n","protected":false},"author":3,"featured_media":0,"comment_status":"open","ping_status":"open","sticky":false,"template":"","format":"standard","meta":{"footnotes":""},"categories":[780,6],"tags":[377,167,386,378,388,253,169,250,380,382,391,392,387,390,383,389,379,381,384,385],"class_list":["post-1032","post","type-post","status-publish","format-standard","hentry","category-aguamansa","category-wanderungen","tag-aguamansa","tag-arafo","tag-bartflechten","tag-camino-de-candelaria","tag-crucita","tag-cumbre-dorsal","tag-esskastanien","tag-esskastanienbaume","tag-forellenzucht","tag-galeria-la-puente","tag-gps-gerat","tag-korkeichen","tag-los-organos","tag-montana-de-las-arenas","tag-pedro-gil","tag-pico-del-valle","tag-pilgerpfad","tag-sendero-turistico","tag-tres-cruces","tag-weg-der-kreuze"],"yoast_head":"<!-- This site is optimized with the Yoast SEO plugin v27.5 - https:\/\/yoast.com\/product\/yoast-seo-wordpress\/ -->\n<title>Aguamansa \u2013 Arafo - Teneriffa Wandern<\/title>\n<meta name=\"robots\" content=\"index, follow, max-snippet:-1, max-image-preview:large, max-video-preview:-1\" \/>\n<link rel=\"canonical\" href=\"https:\/\/www.mundi-roth.de\/teneriffa-blog\/wanderungen\/aguamansa-\u2013-arafo\/\" \/>\n<meta name=\"twitter:label1\" content=\"Verfasst von\" \/>\n\t<meta name=\"twitter:data1\" content=\"ir\" \/>\n\t<meta name=\"twitter:label2\" content=\"Gesch\u00e4tzte Lesezeit\" \/>\n\t<meta name=\"twitter:data2\" content=\"9\u00a0Minuten\" \/>\n<script type=\"application\/ld+json\" class=\"yoast-schema-graph\">{\"@context\":\"https:\\\/\\\/schema.org\",\"@graph\":[{\"@type\":\"Article\",\"@id\":\"https:\\\/\\\/www.mundi-roth.de\\\/teneriffa-blog\\\/wanderungen\\\/aguamansa-%e2%80%93-arafo\\\/#article\",\"isPartOf\":{\"@id\":\"https:\\\/\\\/www.mundi-roth.de\\\/teneriffa-blog\\\/wanderungen\\\/aguamansa-%e2%80%93-arafo\\\/\"},\"author\":{\"name\":\"ir\",\"@id\":\"https:\\\/\\\/www.mundi-roth.de\\\/teneriffa-blog\\\/#\\\/schema\\\/person\\\/3afd0d251449790d15367c9aa52d203d\"},\"headline\":\"Aguamansa \u2013 Arafo\",\"datePublished\":\"2010-11-11T21:00:01+00:00\",\"dateModified\":\"2015-04-12T09:41:35+00:00\",\"mainEntityOfPage\":{\"@id\":\"https:\\\/\\\/www.mundi-roth.de\\\/teneriffa-blog\\\/wanderungen\\\/aguamansa-%e2%80%93-arafo\\\/\"},\"wordCount\":1858,\"commentCount\":0,\"image\":{\"@id\":\"https:\\\/\\\/www.mundi-roth.de\\\/teneriffa-blog\\\/wanderungen\\\/aguamansa-%e2%80%93-arafo\\\/#primaryimage\"},\"thumbnailUrl\":\"http:\\\/\\\/www.mundi-roth.de\\\/teneriffa-blog\\\/wp-content\\\/uploads\\\/2010\\\/11\\\/Track4-300x138.jpg\",\"keywords\":[\"Aguamansa\",\"Arafo\",\"Bartflechten\",\"Camino de Candelaria\",\"Crucita\",\"Cumbre Dorsal\",\"Esskastanien\",\"Esskastanienb\u00e4ume\",\"Forellenzucht\",\"Galer\u00eda La Puente\",\"GPS-Ger\u00e4t\",\"Korkeichen\",\"Los \u00d3rganos\",\"Monta\u00f1a de las Arenas\",\"Pedro Gil\",\"Pico del Valle\",\"Pilgerpfad\",\"sendero turistico\",\"Tres Cruces\",\"Weg der Kreuze\"],\"articleSection\":[\"Aguamansa\",\"Wanderungen\"],\"inLanguage\":\"de\",\"potentialAction\":[{\"@type\":\"CommentAction\",\"name\":\"Comment\",\"target\":[\"https:\\\/\\\/www.mundi-roth.de\\\/teneriffa-blog\\\/wanderungen\\\/aguamansa-%e2%80%93-arafo\\\/#respond\"]}]},{\"@type\":\"WebPage\",\"@id\":\"https:\\\/\\\/www.mundi-roth.de\\\/teneriffa-blog\\\/wanderungen\\\/aguamansa-%e2%80%93-arafo\\\/\",\"url\":\"https:\\\/\\\/www.mundi-roth.de\\\/teneriffa-blog\\\/wanderungen\\\/aguamansa-%e2%80%93-arafo\\\/\",\"name\":\"Aguamansa \u2013 Arafo - Teneriffa Wandern\",\"isPartOf\":{\"@id\":\"https:\\\/\\\/www.mundi-roth.de\\\/teneriffa-blog\\\/#website\"},\"primaryImageOfPage\":{\"@id\":\"https:\\\/\\\/www.mundi-roth.de\\\/teneriffa-blog\\\/wanderungen\\\/aguamansa-%e2%80%93-arafo\\\/#primaryimage\"},\"image\":{\"@id\":\"https:\\\/\\\/www.mundi-roth.de\\\/teneriffa-blog\\\/wanderungen\\\/aguamansa-%e2%80%93-arafo\\\/#primaryimage\"},\"thumbnailUrl\":\"http:\\\/\\\/www.mundi-roth.de\\\/teneriffa-blog\\\/wp-content\\\/uploads\\\/2010\\\/11\\\/Track4-300x138.jpg\",\"datePublished\":\"2010-11-11T21:00:01+00:00\",\"dateModified\":\"2015-04-12T09:41:35+00:00\",\"author\":{\"@id\":\"https:\\\/\\\/www.mundi-roth.de\\\/teneriffa-blog\\\/#\\\/schema\\\/person\\\/3afd0d251449790d15367c9aa52d203d\"},\"breadcrumb\":{\"@id\":\"https:\\\/\\\/www.mundi-roth.de\\\/teneriffa-blog\\\/wanderungen\\\/aguamansa-%e2%80%93-arafo\\\/#breadcrumb\"},\"inLanguage\":\"de\",\"potentialAction\":[{\"@type\":\"ReadAction\",\"target\":[\"https:\\\/\\\/www.mundi-roth.de\\\/teneriffa-blog\\\/wanderungen\\\/aguamansa-%e2%80%93-arafo\\\/\"]}]},{\"@type\":\"ImageObject\",\"inLanguage\":\"de\",\"@id\":\"https:\\\/\\\/www.mundi-roth.de\\\/teneriffa-blog\\\/wanderungen\\\/aguamansa-%e2%80%93-arafo\\\/#primaryimage\",\"url\":\"https:\\\/\\\/www.mundi-roth.de\\\/teneriffa-blog\\\/wp-content\\\/uploads\\\/2010\\\/11\\\/Track4.jpg\",\"contentUrl\":\"https:\\\/\\\/www.mundi-roth.de\\\/teneriffa-blog\\\/wp-content\\\/uploads\\\/2010\\\/11\\\/Track4.jpg\",\"width\":\"800\",\"height\":\"369\"},{\"@type\":\"BreadcrumbList\",\"@id\":\"https:\\\/\\\/www.mundi-roth.de\\\/teneriffa-blog\\\/wanderungen\\\/aguamansa-%e2%80%93-arafo\\\/#breadcrumb\",\"itemListElement\":[{\"@type\":\"ListItem\",\"position\":1,\"name\":\"Startseite\",\"item\":\"https:\\\/\\\/www.mundi-roth.de\\\/teneriffa-blog\\\/\"},{\"@type\":\"ListItem\",\"position\":2,\"name\":\"Aguamansa \u2013 Arafo\"}]},{\"@type\":\"WebSite\",\"@id\":\"https:\\\/\\\/www.mundi-roth.de\\\/teneriffa-blog\\\/#website\",\"url\":\"https:\\\/\\\/www.mundi-roth.de\\\/teneriffa-blog\\\/\",\"name\":\"Teneriffa Wandern\",\"description\":\"Nicht nur Wanderungen auf Teneriffa...\",\"potentialAction\":[{\"@type\":\"SearchAction\",\"target\":{\"@type\":\"EntryPoint\",\"urlTemplate\":\"https:\\\/\\\/www.mundi-roth.de\\\/teneriffa-blog\\\/?s={search_term_string}\"},\"query-input\":{\"@type\":\"PropertyValueSpecification\",\"valueRequired\":true,\"valueName\":\"search_term_string\"}}],\"inLanguage\":\"de\"},{\"@type\":\"Person\",\"@id\":\"https:\\\/\\\/www.mundi-roth.de\\\/teneriffa-blog\\\/#\\\/schema\\\/person\\\/3afd0d251449790d15367c9aa52d203d\",\"name\":\"ir\",\"image\":{\"@type\":\"ImageObject\",\"inLanguage\":\"de\",\"@id\":\"https:\\\/\\\/secure.gravatar.com\\\/avatar\\\/e67b41513c921c2bb58363f44c8a00a447c9a2526ad8ff71b5b6257e5f7f5c66?s=96&d=mm&r=g\",\"url\":\"https:\\\/\\\/secure.gravatar.com\\\/avatar\\\/e67b41513c921c2bb58363f44c8a00a447c9a2526ad8ff71b5b6257e5f7f5c66?s=96&d=mm&r=g\",\"contentUrl\":\"https:\\\/\\\/secure.gravatar.com\\\/avatar\\\/e67b41513c921c2bb58363f44c8a00a447c9a2526ad8ff71b5b6257e5f7f5c66?s=96&d=mm&r=g\",\"caption\":\"ir\"},\"sameAs\":[\"http:\\\/\\\/www.mundi-roth.de\"],\"url\":\"https:\\\/\\\/www.mundi-roth.de\\\/teneriffa-blog\\\/author\\\/ir\\\/\"}]}<\/script>\n<!-- \/ Yoast SEO plugin. -->","yoast_head_json":{"title":"Aguamansa \u2013 Arafo - Teneriffa Wandern","robots":{"index":"index","follow":"follow","max-snippet":"max-snippet:-1","max-image-preview":"max-image-preview:large","max-video-preview":"max-video-preview:-1"},"canonical":"https:\/\/www.mundi-roth.de\/teneriffa-blog\/wanderungen\/aguamansa-\u2013-arafo\/","twitter_misc":{"Verfasst von":"ir","Gesch\u00e4tzte Lesezeit":"9\u00a0Minuten"},"schema":{"@context":"https:\/\/schema.org","@graph":[{"@type":"Article","@id":"https:\/\/www.mundi-roth.de\/teneriffa-blog\/wanderungen\/aguamansa-%e2%80%93-arafo\/#article","isPartOf":{"@id":"https:\/\/www.mundi-roth.de\/teneriffa-blog\/wanderungen\/aguamansa-%e2%80%93-arafo\/"},"author":{"name":"ir","@id":"https:\/\/www.mundi-roth.de\/teneriffa-blog\/#\/schema\/person\/3afd0d251449790d15367c9aa52d203d"},"headline":"Aguamansa \u2013 Arafo","datePublished":"2010-11-11T21:00:01+00:00","dateModified":"2015-04-12T09:41:35+00:00","mainEntityOfPage":{"@id":"https:\/\/www.mundi-roth.de\/teneriffa-blog\/wanderungen\/aguamansa-%e2%80%93-arafo\/"},"wordCount":1858,"commentCount":0,"image":{"@id":"https:\/\/www.mundi-roth.de\/teneriffa-blog\/wanderungen\/aguamansa-%e2%80%93-arafo\/#primaryimage"},"thumbnailUrl":"http:\/\/www.mundi-roth.de\/teneriffa-blog\/wp-content\/uploads\/2010\/11\/Track4-300x138.jpg","keywords":["Aguamansa","Arafo","Bartflechten","Camino de Candelaria","Crucita","Cumbre Dorsal","Esskastanien","Esskastanienb\u00e4ume","Forellenzucht","Galer\u00eda La Puente","GPS-Ger\u00e4t","Korkeichen","Los \u00d3rganos","Monta\u00f1a de las Arenas","Pedro Gil","Pico del Valle","Pilgerpfad","sendero turistico","Tres Cruces","Weg der Kreuze"],"articleSection":["Aguamansa","Wanderungen"],"inLanguage":"de","potentialAction":[{"@type":"CommentAction","name":"Comment","target":["https:\/\/www.mundi-roth.de\/teneriffa-blog\/wanderungen\/aguamansa-%e2%80%93-arafo\/#respond"]}]},{"@type":"WebPage","@id":"https:\/\/www.mundi-roth.de\/teneriffa-blog\/wanderungen\/aguamansa-%e2%80%93-arafo\/","url":"https:\/\/www.mundi-roth.de\/teneriffa-blog\/wanderungen\/aguamansa-%e2%80%93-arafo\/","name":"Aguamansa \u2013 Arafo - Teneriffa Wandern","isPartOf":{"@id":"https:\/\/www.mundi-roth.de\/teneriffa-blog\/#website"},"primaryImageOfPage":{"@id":"https:\/\/www.mundi-roth.de\/teneriffa-blog\/wanderungen\/aguamansa-%e2%80%93-arafo\/#primaryimage"},"image":{"@id":"https:\/\/www.mundi-roth.de\/teneriffa-blog\/wanderungen\/aguamansa-%e2%80%93-arafo\/#primaryimage"},"thumbnailUrl":"http:\/\/www.mundi-roth.de\/teneriffa-blog\/wp-content\/uploads\/2010\/11\/Track4-300x138.jpg","datePublished":"2010-11-11T21:00:01+00:00","dateModified":"2015-04-12T09:41:35+00:00","author":{"@id":"https:\/\/www.mundi-roth.de\/teneriffa-blog\/#\/schema\/person\/3afd0d251449790d15367c9aa52d203d"},"breadcrumb":{"@id":"https:\/\/www.mundi-roth.de\/teneriffa-blog\/wanderungen\/aguamansa-%e2%80%93-arafo\/#breadcrumb"},"inLanguage":"de","potentialAction":[{"@type":"ReadAction","target":["https:\/\/www.mundi-roth.de\/teneriffa-blog\/wanderungen\/aguamansa-%e2%80%93-arafo\/"]}]},{"@type":"ImageObject","inLanguage":"de","@id":"https:\/\/www.mundi-roth.de\/teneriffa-blog\/wanderungen\/aguamansa-%e2%80%93-arafo\/#primaryimage","url":"https:\/\/www.mundi-roth.de\/teneriffa-blog\/wp-content\/uploads\/2010\/11\/Track4.jpg","contentUrl":"https:\/\/www.mundi-roth.de\/teneriffa-blog\/wp-content\/uploads\/2010\/11\/Track4.jpg","width":"800","height":"369"},{"@type":"BreadcrumbList","@id":"https:\/\/www.mundi-roth.de\/teneriffa-blog\/wanderungen\/aguamansa-%e2%80%93-arafo\/#breadcrumb","itemListElement":[{"@type":"ListItem","position":1,"name":"Startseite","item":"https:\/\/www.mundi-roth.de\/teneriffa-blog\/"},{"@type":"ListItem","position":2,"name":"Aguamansa \u2013 Arafo"}]},{"@type":"WebSite","@id":"https:\/\/www.mundi-roth.de\/teneriffa-blog\/#website","url":"https:\/\/www.mundi-roth.de\/teneriffa-blog\/","name":"Teneriffa Wandern","description":"Nicht nur Wanderungen auf Teneriffa...","potentialAction":[{"@type":"SearchAction","target":{"@type":"EntryPoint","urlTemplate":"https:\/\/www.mundi-roth.de\/teneriffa-blog\/?s={search_term_string}"},"query-input":{"@type":"PropertyValueSpecification","valueRequired":true,"valueName":"search_term_string"}}],"inLanguage":"de"},{"@type":"Person","@id":"https:\/\/www.mundi-roth.de\/teneriffa-blog\/#\/schema\/person\/3afd0d251449790d15367c9aa52d203d","name":"ir","image":{"@type":"ImageObject","inLanguage":"de","@id":"https:\/\/secure.gravatar.com\/avatar\/e67b41513c921c2bb58363f44c8a00a447c9a2526ad8ff71b5b6257e5f7f5c66?s=96&d=mm&r=g","url":"https:\/\/secure.gravatar.com\/avatar\/e67b41513c921c2bb58363f44c8a00a447c9a2526ad8ff71b5b6257e5f7f5c66?s=96&d=mm&r=g","contentUrl":"https:\/\/secure.gravatar.com\/avatar\/e67b41513c921c2bb58363f44c8a00a447c9a2526ad8ff71b5b6257e5f7f5c66?s=96&d=mm&r=g","caption":"ir"},"sameAs":["http:\/\/www.mundi-roth.de"],"url":"https:\/\/www.mundi-roth.de\/teneriffa-blog\/author\/ir\/"}]}},"_links":{"self":[{"href":"https:\/\/www.mundi-roth.de\/teneriffa-blog\/wp-json\/wp\/v2\/posts\/1032","targetHints":{"allow":["GET"]}}],"collection":[{"href":"https:\/\/www.mundi-roth.de\/teneriffa-blog\/wp-json\/wp\/v2\/posts"}],"about":[{"href":"https:\/\/www.mundi-roth.de\/teneriffa-blog\/wp-json\/wp\/v2\/types\/post"}],"author":[{"embeddable":true,"href":"https:\/\/www.mundi-roth.de\/teneriffa-blog\/wp-json\/wp\/v2\/users\/3"}],"replies":[{"embeddable":true,"href":"https:\/\/www.mundi-roth.de\/teneriffa-blog\/wp-json\/wp\/v2\/comments?post=1032"}],"version-history":[{"count":0,"href":"https:\/\/www.mundi-roth.de\/teneriffa-blog\/wp-json\/wp\/v2\/posts\/1032\/revisions"}],"wp:attachment":[{"href":"https:\/\/www.mundi-roth.de\/teneriffa-blog\/wp-json\/wp\/v2\/media?parent=1032"}],"wp:term":[{"taxonomy":"category","embeddable":true,"href":"https:\/\/www.mundi-roth.de\/teneriffa-blog\/wp-json\/wp\/v2\/categories?post=1032"},{"taxonomy":"post_tag","embeddable":true,"href":"https:\/\/www.mundi-roth.de\/teneriffa-blog\/wp-json\/wp\/v2\/tags?post=1032"}],"curies":[{"name":"wp","href":"https:\/\/api.w.org\/{rel}","templated":true}]}}