{"id":1061,"date":"2010-11-18T20:00:57","date_gmt":"2010-11-18T19:00:57","guid":{"rendered":"http:\/\/www.mundi-roth.de\/teneriffa-blog\/?p=1061"},"modified":"2015-04-12T10:41:03","modified_gmt":"2015-04-12T09:41:03","slug":"ifonche-%e2%80%93-adje","status":"publish","type":"post","link":"https:\/\/www.mundi-roth.de\/teneriffa-blog\/wanderungen\/ifonche-%e2%80%93-adje\/","title":{"rendered":"Ifonche \u2013 Adje"},"content":{"rendered":"<p><strong>Die heutige Tour ist die absolute Lieblingstour meiner Mitwanderin hier im S\u00fcden. Zudem ist sie eine Ged\u00e4chtnistour, denn genau vor 10 Jahren gingen wir sie zum ersten Mal in einer gro\u00dfen Wandergruppe, mit Baby und Buggy.<br \/>\nEs ist eine Wanderung, die stets bergauf, bergab, mal sanft, mal heftig dahingeht.<\/strong><br \/>\n<a href=\"http:\/\/www.mundi-roth.de\/teneriffa-blog\/wp-content\/uploads\/2010\/11\/Track1.jpg\" rel=\"lightbox[1061]\"><img loading=\"lazy\" decoding=\"async\" class=\"aligncenter size-medium wp-image-1062\" title=\"Track1\" src=\"http:\/\/www.mundi-roth.de\/teneriffa-blog\/wp-content\/uploads\/2010\/11\/Track1-300x252.jpg\" alt=\"\" width=\"300\" height=\"252\" srcset=\"https:\/\/www.mundi-roth.de\/teneriffa-blog\/wp-content\/uploads\/2010\/11\/Track1-300x252.jpg 300w, https:\/\/www.mundi-roth.de\/teneriffa-blog\/wp-content\/uploads\/2010\/11\/Track1-150x126.jpg 150w, https:\/\/www.mundi-roth.de\/teneriffa-blog\/wp-content\/uploads\/2010\/11\/Track1.jpg 458w\" sizes=\"auto, (max-width: 300px) 100vw, 300px\" \/><\/a><\/p>\n<p>Eine Wanderung, die \u00fcber gro\u00dfe Strecken im lichten Kiefernwald verl\u00e4uft, mit entsprechend angenehmen Untergrund und herrlich,<a href=\"http:\/\/www.mundi-roth.de\/teneriffa-blog\/wp-content\/uploads\/2010\/11\/R0011665x.jpg\" rel=\"lightbox[1061]\"><img loading=\"lazy\" decoding=\"async\" class=\"alignright size-thumbnail wp-image-1063\" title=\"R0011665x\" src=\"http:\/\/www.mundi-roth.de\/teneriffa-blog\/wp-content\/uploads\/2010\/11\/R0011665x-150x112.jpg\" alt=\"\" width=\"150\" height=\"112\" srcset=\"https:\/\/www.mundi-roth.de\/teneriffa-blog\/wp-content\/uploads\/2010\/11\/R0011665x-150x112.jpg 150w, https:\/\/www.mundi-roth.de\/teneriffa-blog\/wp-content\/uploads\/2010\/11\/R0011665x-300x225.jpg 300w, https:\/\/www.mundi-roth.de\/teneriffa-blog\/wp-content\/uploads\/2010\/11\/R0011665x.jpg 600w\" sizes=\"auto, (max-width: 150px) 100vw, 150px\" \/><\/a> intensivem Kiefernnadelduft. Dazu ein wundersch\u00f6nes Sonnen-Schattenspiel durch das Ge\u00e4st der B\u00e4ume. Bizarre Felsformationen, abwechslungsreiche Flora, weite Aus- und Rundblicke. Einfach sch\u00f6n!<\/p>\n<p><strong>Wanderwegstrecke:<\/strong> knapp 3 \u00bd Stunden<br \/>\nAlso, wir sind Gl\u00fcckspilze! Das Wetter, strahlend blauer Himmel trotz Regenvorhersage.<br \/>\nUm 10.30 Uhr starten wir in Ifonche, rechts am Restaurant \u201eEl Dornajo\u201c vorbei, in die Senke aus der Senke\u00a0 und bei dem Hinweisschild \u201eBarranco del Infierno\u201c und dem gr\u00fcnen Pfeil biegen wir rechts ab.<\/p>\n<p><strong>Vorab:<\/strong> Verlaufen kann man sich kaum, denn die Strecke ist sehr gut mit gr\u00fcnen Punkten, gr\u00fcnen Pfeilen, gr\u00fcn-wei\u00dfen Strichen durchgehend bis zum gro\u00dfen Felsplateau \u2013 Boca del Paso &#8211; oberhalb von Adeje, markiert.<\/p>\n<p>Es gibt bis dahin nur drei Stellen an denen man aufpassen muss:<br \/>\n<em>Ziemlich am Anfang, nachdem wir \u00fcber glatte Felsen zu einer Kiefernanh\u00f6he aufgestiegen sind, den rechts abgehenden Weg unbeachtet\u00a0 lassen, den gr\u00fcnen Punkten folge.<\/em><\/p>\n<p><em>Unterhalb der wei\u00dfen Geb\u00e4ude nicht nach links \u2013 \u201eLa Vista\u201c &#8211; abbiegen , sondern in den Kiefernwald aufsteigen.<\/em> (Hat man viel Zeit und Lust zu gehen, dann lohnt sich ein Abstecher, um nach links vorbei an den Geb\u00e4uden, an einem alten Dreschplatz vorbei zu wandern und ganz tief in den Barranco del Infierno zu sehen. Jedoch, man muss zur\u00fcckgehen).<\/p>\n<p><em>Sp\u00e4ter \u2013 nach einem gandiosen Einblick in einen\u00a0 markanten Barranco &#8211; nicht in den Barranco absteigen (hier geht es zu einer Quelle)\u00a0 sondern an der gro\u00dfen Kiefer aufw\u00e4rts: wieder ein gr\u00fcner Punkt.<\/em><\/p>\n<p>\u00dcber Kiefernnadeln geht es abw\u00e4rts bis zum n\u00e4chsten Barranco, <a href=\"http:\/\/www.mundi-roth.de\/teneriffa-blog\/wp-content\/uploads\/2010\/11\/R0011674a.jpg\" rel=\"lightbox[1061]\"><img loading=\"lazy\" decoding=\"async\" class=\"alignleft size-thumbnail wp-image-1064\" title=\"R0011674a\" src=\"http:\/\/www.mundi-roth.de\/teneriffa-blog\/wp-content\/uploads\/2010\/11\/R0011674a-150x70.jpg\" alt=\"\" width=\"150\" height=\"70\" srcset=\"https:\/\/www.mundi-roth.de\/teneriffa-blog\/wp-content\/uploads\/2010\/11\/R0011674a-150x70.jpg 150w, https:\/\/www.mundi-roth.de\/teneriffa-blog\/wp-content\/uploads\/2010\/11\/R0011674a-300x141.jpg 300w, https:\/\/www.mundi-roth.de\/teneriffa-blog\/wp-content\/uploads\/2010\/11\/R0011674a.jpg 472w\" sizes=\"auto, (max-width: 150px) 100vw, 150px\" \/><\/a>Markierung diesmal gr\u00fcn-wei\u00dfe Streifen &#8211; und ganz witzig &#8211; der Barrancogrund ist mit unz\u00e4hligen Steinm\u00e4nnchen verziert. Von hier aus erfolgt \u2013 links abbiegend &#8211;\u00a0 gr\u00fcner Pfeil &#8211; ein etwas steilerer Anstieg zu einer mit Kiefern umgebenen kleineren Ebene. Bis hierher haben wir 1 Stunde gebraucht. Wir genie\u00dfen den phantastischen Rundumblick auf den Guajara im Norden und den Conde wie Roque Imoque im S\u00fcden.<br \/>\nVon hier aus f\u00fchrt der Weg im Knick nach rechts. Zwei Steinm\u00e4nnchent\u00fcrme kennzeichnen die Strecke. Und weiter durch den Kiefernwald. Wir atmen tief durch! Nach einer Stunde 45 Minuten kommen wir an das baumlose Felsplateau \u00fcber Adeje \u2013 Boca del Paso -. Die Felsplatten sind \u00fcberzogen von Flechten und wirken dadurch sehr eigenartig.<\/p>\n<p>Man kann sagen: Von hier aus ging\u2019s bergab. Hier sind weder gr\u00fcne Punkte noch ein Pfad auszumachen. Als Orientierungshilfe dient jedoch<a href=\"http:\/\/www.mundi-roth.de\/teneriffa-blog\/wp-content\/uploads\/2010\/11\/R0011681.jpg\" rel=\"lightbox[1061]\"><img loading=\"lazy\" decoding=\"async\" class=\"alignright size-thumbnail wp-image-1065\" title=\"R0011681\" src=\"http:\/\/www.mundi-roth.de\/teneriffa-blog\/wp-content\/uploads\/2010\/11\/R0011681-150x112.jpg\" alt=\"\" width=\"150\" height=\"112\" srcset=\"https:\/\/www.mundi-roth.de\/teneriffa-blog\/wp-content\/uploads\/2010\/11\/R0011681-150x112.jpg 150w, https:\/\/www.mundi-roth.de\/teneriffa-blog\/wp-content\/uploads\/2010\/11\/R0011681-300x225.jpg 300w, https:\/\/www.mundi-roth.de\/teneriffa-blog\/wp-content\/uploads\/2010\/11\/R0011681.jpg 600w\" sizes=\"auto, (max-width: 150px) 100vw, 150px\" \/><\/a> eine in den Fels <a href=\"http:\/\/www.mundi-roth.de\/teneriffa-blog\/wp-content\/uploads\/2010\/11\/R0011682.jpg\" rel=\"lightbox[1061]\"><img loading=\"lazy\" decoding=\"async\" class=\"alignleft size-thumbnail wp-image-1066\" title=\"R0011682\" src=\"http:\/\/www.mundi-roth.de\/teneriffa-blog\/wp-content\/uploads\/2010\/11\/R0011682-150x112.jpg\" alt=\"\" width=\"150\" height=\"112\" srcset=\"https:\/\/www.mundi-roth.de\/teneriffa-blog\/wp-content\/uploads\/2010\/11\/R0011682-150x112.jpg 150w, https:\/\/www.mundi-roth.de\/teneriffa-blog\/wp-content\/uploads\/2010\/11\/R0011682-300x225.jpg 300w, https:\/\/www.mundi-roth.de\/teneriffa-blog\/wp-content\/uploads\/2010\/11\/R0011682.jpg 600w\" sizes=\"auto, (max-width: 150px) 100vw, 150px\" \/><\/a>geschlagene Wasserrinne, an der wir &#8211;\u00a0 mal links, mal rechts entlang gehend &#8211;\u00a0 in ca. 15 Minuten bis fast zur Spitze gelangen. Weiter unterhalb kommen wir wieder auf einen gut zu erkennenden Pfad.<\/p>\n<p>Wie herrlich muss diese Tour zur Zeit der Zistrosenbl\u00fcte sein!\u00a0 Nach unseren Gewaltm\u00e4rschen bei den letzten Wanderungen mutet uns diese Tour fast wie ein Spaziergang an, was sie jedoch nicht ist. Nach 2 Stunden insgesamt gelangen wir an die <a href=\"http:\/\/www.mundi-roth.de\/teneriffa-blog\/wp-content\/uploads\/2010\/11\/R0011687.jpg\" rel=\"lightbox[1061]\"><img loading=\"lazy\" decoding=\"async\" class=\"alignright size-thumbnail wp-image-1067\" title=\"R0011687\" src=\"http:\/\/www.mundi-roth.de\/teneriffa-blog\/wp-content\/uploads\/2010\/11\/R0011687-150x112.jpg\" alt=\"\" width=\"150\" height=\"112\" srcset=\"https:\/\/www.mundi-roth.de\/teneriffa-blog\/wp-content\/uploads\/2010\/11\/R0011687-150x112.jpg 150w, https:\/\/www.mundi-roth.de\/teneriffa-blog\/wp-content\/uploads\/2010\/11\/R0011687-300x225.jpg 300w, https:\/\/www.mundi-roth.de\/teneriffa-blog\/wp-content\/uploads\/2010\/11\/R0011687.jpg 600w\" sizes=\"auto, (max-width: 150px) 100vw, 150px\" \/><\/a>Gel\u00e4ndespitze \u2013 einer Kanzel gleich &#8211;\u00a0 die wie eine Festung ausgebaut ist. Ein atemberaubender Ausblick auf die S\u00fcdk\u00fcste tut sich auf, links abgegrenzt von dem Bergmassiv des Conde. Hier legen wir erst mal <a href=\"http:\/\/www.mundi-roth.de\/teneriffa-blog\/wp-content\/uploads\/2010\/11\/R0011690x.jpg\" rel=\"lightbox[1061]\"><img loading=\"lazy\" decoding=\"async\" class=\"alignleft size-thumbnail wp-image-1069\" title=\"R0011690x\" src=\"http:\/\/www.mundi-roth.de\/teneriffa-blog\/wp-content\/uploads\/2010\/11\/R0011690x-150x112.jpg\" alt=\"\" width=\"150\" height=\"112\" srcset=\"https:\/\/www.mundi-roth.de\/teneriffa-blog\/wp-content\/uploads\/2010\/11\/R0011690x-150x112.jpg 150w, https:\/\/www.mundi-roth.de\/teneriffa-blog\/wp-content\/uploads\/2010\/11\/R0011690x-300x225.jpg 300w, https:\/\/www.mundi-roth.de\/teneriffa-blog\/wp-content\/uploads\/2010\/11\/R0011690x.jpg 600w\" sizes=\"auto, (max-width: 150px) 100vw, 150px\" \/><\/a>eine Rast ein und genie\u00dfen das Panorama. Inzwischen sind dicke Wolken aufgezogen.<br \/>\nWill man nach Taucho weitergehen, geht von hier der Weg rechts ab. Wir begeben uns aber an den direkten Abstieg, der in gro\u00dfz\u00fcgig <a href=\"http:\/\/www.mundi-roth.de\/teneriffa-blog\/wp-content\/uploads\/2010\/11\/R0011688x.jpg\" rel=\"lightbox[1061]\"><img loading=\"lazy\" decoding=\"async\" class=\"alignright size-thumbnail wp-image-1068\" title=\"R0011688x\" src=\"http:\/\/www.mundi-roth.de\/teneriffa-blog\/wp-content\/uploads\/2010\/11\/R0011688x-150x112.jpg\" alt=\"\" width=\"150\" height=\"112\" srcset=\"https:\/\/www.mundi-roth.de\/teneriffa-blog\/wp-content\/uploads\/2010\/11\/R0011688x-150x112.jpg 150w, https:\/\/www.mundi-roth.de\/teneriffa-blog\/wp-content\/uploads\/2010\/11\/R0011688x-300x225.jpg 300w, https:\/\/www.mundi-roth.de\/teneriffa-blog\/wp-content\/uploads\/2010\/11\/R0011688x.jpg 600w\" sizes=\"auto, (max-width: 150px) 100vw, 150px\" \/><\/a>angelegten Serpentinen \u00fcber sehr ger\u00f6lligen, felsigen Untergrund quer durch \u00fcppiges Gr\u00fcn f\u00fchrt.<br \/>\nGutes Schuhwerk ist Voraussetzung!<br \/>\nWir hatten weniger Zeit f\u00fcr den Abstieg einkalkuliert,\u00a0 jedoch\u00a0 durch die weiten Schleifen verliert man nicht so schnell an H\u00f6he. Reichlich 600 H\u00f6henmeter gilt es zu \u00fcberwinden.<br \/>\nJedoch:\u00a0 Nach 1 Stunde 20 Minuten sind wir unten, vorbei an den Sendemasten gelangen wir auf die asphaltierten Stra\u00dfe oberhalb des Eingangs zum Barranco del Infierno. Gleich bei dem f\u00fcr seine &#8222;scharfen H\u00e4hnchen&#8220; bekannten Restaurant &#8222;Otelo&#8220;.<br \/>\nIst man auf den Bus angewiesen, hei\u00dft es weiter die Stra\u00dfe abw\u00e4rts nach Adeje zu gehen.<\/p>\n<p><strong>Anfahrt:<\/strong><br \/>\nEs gibt drei M\u00f6glicheiten:<br \/>\n<em>Die Erste:<\/em><br \/>\nMan hat einen lieben Mitmenschen, der die Wanderer zum Ausgangspunkt bringt und am Ende der Wanderung wieder abholt. Die einfachste und beste L\u00f6sung! Dieses Gl\u00fcck hatten wir.<br \/>\n<em>Die Zweite:<\/em><br \/>\nMan setzt die Autos um. (Man hat vorab ein Auto in Adeje geparkt). Das ist zwar aufw\u00e4ndig, haben wir aber auch schon praktiziert. Zum Abschluss kann man dann zur\u00fcck nach Ifonche &#8211; zum &#8222;Start-Auto&#8220; &#8211; fahren und im Restaurant \u201eEl Dornajo\u201c die dortige Spezialit\u00e4t, Kaninchen, essen. Donnerstag Ruhetag.<br \/>\n<em>Die Dritte:<\/em><br \/>\nMan f\u00e4hrt mit dem Bus bis nach Arona \u2013 Linie 342, 480 oder 482 &#8211; von Los Cristianos \u2013 und steigt dann entweder Richtung Refugium oder Roque Imoque auf (beschrieben unter den Wanderungen vom 25.11.2008: El Refugio \u2013 Arona \u2013 El Refugio oder vom 15.1.2008 von Ifonche \u2013 Arona in umgekehrter Richtung) Dann wird es aber heftig (!) und\u00a0 steigt in Adeje wieder in die Linie 416 nach Los Cristianos ein.<\/p>\n","protected":false},"excerpt":{"rendered":"<p>Die heutige Tour ist die absolute Lieblingstour meiner Mitwanderin hier im S\u00fcden. Zudem ist sie eine Ged\u00e4chtnistour, denn genau vor 10 Jahren gingen wir sie zum ersten Mal in einer gro\u00dfen Wandergruppe, mit Baby und Buggy. Es ist eine Wanderung, die stets bergauf, bergab, mal sanft, mal heftig dahingeht. Eine Wanderung, die \u00fcber gro\u00dfe Strecken [&hellip;]<\/p>\n","protected":false},"author":3,"featured_media":0,"comment_status":"open","ping_status":"open","sticky":false,"template":"","format":"standard","meta":{"footnotes":""},"categories":[775,6],"tags":[393,225,396,398,395,64,394,397],"class_list":["post-1061","post","type-post","status-publish","format-standard","hentry","category-arona","category-wanderungen","tag-adje","tag-barranco-del-infierno","tag-boca-del-paso","tag-dreschplatz","tag-el-dornajo","tag-ifonche","tag-kiefernwald","tag-la-vista"],"yoast_head":"<!-- This site is optimized with the Yoast SEO plugin v27.5 - https:\/\/yoast.com\/product\/yoast-seo-wordpress\/ -->\n<title>Ifonche \u2013 Adje - Teneriffa Wandern<\/title>\n<meta name=\"robots\" content=\"index, follow, max-snippet:-1, max-image-preview:large, max-video-preview:-1\" \/>\n<link rel=\"canonical\" href=\"https:\/\/www.mundi-roth.de\/teneriffa-blog\/wanderungen\/ifonche-\u2013-adje\/\" \/>\n<meta name=\"twitter:label1\" content=\"Verfasst von\" \/>\n\t<meta name=\"twitter:data1\" content=\"ir\" \/>\n\t<meta name=\"twitter:label2\" content=\"Gesch\u00e4tzte Lesezeit\" \/>\n\t<meta name=\"twitter:data2\" content=\"4\u00a0Minuten\" \/>\n<script type=\"application\/ld+json\" class=\"yoast-schema-graph\">{\"@context\":\"https:\\\/\\\/schema.org\",\"@graph\":[{\"@type\":\"Article\",\"@id\":\"https:\\\/\\\/www.mundi-roth.de\\\/teneriffa-blog\\\/wanderungen\\\/ifonche-%e2%80%93-adje\\\/#article\",\"isPartOf\":{\"@id\":\"https:\\\/\\\/www.mundi-roth.de\\\/teneriffa-blog\\\/wanderungen\\\/ifonche-%e2%80%93-adje\\\/\"},\"author\":{\"name\":\"ir\",\"@id\":\"https:\\\/\\\/www.mundi-roth.de\\\/teneriffa-blog\\\/#\\\/schema\\\/person\\\/3afd0d251449790d15367c9aa52d203d\"},\"headline\":\"Ifonche \u2013 Adje\",\"datePublished\":\"2010-11-18T19:00:57+00:00\",\"dateModified\":\"2015-04-12T09:41:03+00:00\",\"mainEntityOfPage\":{\"@id\":\"https:\\\/\\\/www.mundi-roth.de\\\/teneriffa-blog\\\/wanderungen\\\/ifonche-%e2%80%93-adje\\\/\"},\"wordCount\":876,\"commentCount\":4,\"image\":{\"@id\":\"https:\\\/\\\/www.mundi-roth.de\\\/teneriffa-blog\\\/wanderungen\\\/ifonche-%e2%80%93-adje\\\/#primaryimage\"},\"thumbnailUrl\":\"http:\\\/\\\/www.mundi-roth.de\\\/teneriffa-blog\\\/wp-content\\\/uploads\\\/2010\\\/11\\\/Track1-300x252.jpg\",\"keywords\":[\"Adje\",\"Barranco del Infierno\",\"Boca del Paso\",\"Dreschplatz\",\"El Dornajo\",\"Ifonche\",\"Kiefernwald\",\"La Vista\"],\"articleSection\":[\"Arona\",\"Wanderungen\"],\"inLanguage\":\"de\",\"potentialAction\":[{\"@type\":\"CommentAction\",\"name\":\"Comment\",\"target\":[\"https:\\\/\\\/www.mundi-roth.de\\\/teneriffa-blog\\\/wanderungen\\\/ifonche-%e2%80%93-adje\\\/#respond\"]}]},{\"@type\":\"WebPage\",\"@id\":\"https:\\\/\\\/www.mundi-roth.de\\\/teneriffa-blog\\\/wanderungen\\\/ifonche-%e2%80%93-adje\\\/\",\"url\":\"https:\\\/\\\/www.mundi-roth.de\\\/teneriffa-blog\\\/wanderungen\\\/ifonche-%e2%80%93-adje\\\/\",\"name\":\"Ifonche \u2013 Adje - Teneriffa Wandern\",\"isPartOf\":{\"@id\":\"https:\\\/\\\/www.mundi-roth.de\\\/teneriffa-blog\\\/#website\"},\"primaryImageOfPage\":{\"@id\":\"https:\\\/\\\/www.mundi-roth.de\\\/teneriffa-blog\\\/wanderungen\\\/ifonche-%e2%80%93-adje\\\/#primaryimage\"},\"image\":{\"@id\":\"https:\\\/\\\/www.mundi-roth.de\\\/teneriffa-blog\\\/wanderungen\\\/ifonche-%e2%80%93-adje\\\/#primaryimage\"},\"thumbnailUrl\":\"http:\\\/\\\/www.mundi-roth.de\\\/teneriffa-blog\\\/wp-content\\\/uploads\\\/2010\\\/11\\\/Track1-300x252.jpg\",\"datePublished\":\"2010-11-18T19:00:57+00:00\",\"dateModified\":\"2015-04-12T09:41:03+00:00\",\"author\":{\"@id\":\"https:\\\/\\\/www.mundi-roth.de\\\/teneriffa-blog\\\/#\\\/schema\\\/person\\\/3afd0d251449790d15367c9aa52d203d\"},\"breadcrumb\":{\"@id\":\"https:\\\/\\\/www.mundi-roth.de\\\/teneriffa-blog\\\/wanderungen\\\/ifonche-%e2%80%93-adje\\\/#breadcrumb\"},\"inLanguage\":\"de\",\"potentialAction\":[{\"@type\":\"ReadAction\",\"target\":[\"https:\\\/\\\/www.mundi-roth.de\\\/teneriffa-blog\\\/wanderungen\\\/ifonche-%e2%80%93-adje\\\/\"]}]},{\"@type\":\"ImageObject\",\"inLanguage\":\"de\",\"@id\":\"https:\\\/\\\/www.mundi-roth.de\\\/teneriffa-blog\\\/wanderungen\\\/ifonche-%e2%80%93-adje\\\/#primaryimage\",\"url\":\"https:\\\/\\\/www.mundi-roth.de\\\/teneriffa-blog\\\/wp-content\\\/uploads\\\/2010\\\/11\\\/Track1.jpg\",\"contentUrl\":\"https:\\\/\\\/www.mundi-roth.de\\\/teneriffa-blog\\\/wp-content\\\/uploads\\\/2010\\\/11\\\/Track1.jpg\",\"width\":\"458\",\"height\":\"386\"},{\"@type\":\"BreadcrumbList\",\"@id\":\"https:\\\/\\\/www.mundi-roth.de\\\/teneriffa-blog\\\/wanderungen\\\/ifonche-%e2%80%93-adje\\\/#breadcrumb\",\"itemListElement\":[{\"@type\":\"ListItem\",\"position\":1,\"name\":\"Startseite\",\"item\":\"https:\\\/\\\/www.mundi-roth.de\\\/teneriffa-blog\\\/\"},{\"@type\":\"ListItem\",\"position\":2,\"name\":\"Ifonche \u2013 Adje\"}]},{\"@type\":\"WebSite\",\"@id\":\"https:\\\/\\\/www.mundi-roth.de\\\/teneriffa-blog\\\/#website\",\"url\":\"https:\\\/\\\/www.mundi-roth.de\\\/teneriffa-blog\\\/\",\"name\":\"Teneriffa Wandern\",\"description\":\"Nicht nur Wanderungen auf Teneriffa...\",\"potentialAction\":[{\"@type\":\"SearchAction\",\"target\":{\"@type\":\"EntryPoint\",\"urlTemplate\":\"https:\\\/\\\/www.mundi-roth.de\\\/teneriffa-blog\\\/?s={search_term_string}\"},\"query-input\":{\"@type\":\"PropertyValueSpecification\",\"valueRequired\":true,\"valueName\":\"search_term_string\"}}],\"inLanguage\":\"de\"},{\"@type\":\"Person\",\"@id\":\"https:\\\/\\\/www.mundi-roth.de\\\/teneriffa-blog\\\/#\\\/schema\\\/person\\\/3afd0d251449790d15367c9aa52d203d\",\"name\":\"ir\",\"image\":{\"@type\":\"ImageObject\",\"inLanguage\":\"de\",\"@id\":\"https:\\\/\\\/secure.gravatar.com\\\/avatar\\\/e67b41513c921c2bb58363f44c8a00a447c9a2526ad8ff71b5b6257e5f7f5c66?s=96&d=mm&r=g\",\"url\":\"https:\\\/\\\/secure.gravatar.com\\\/avatar\\\/e67b41513c921c2bb58363f44c8a00a447c9a2526ad8ff71b5b6257e5f7f5c66?s=96&d=mm&r=g\",\"contentUrl\":\"https:\\\/\\\/secure.gravatar.com\\\/avatar\\\/e67b41513c921c2bb58363f44c8a00a447c9a2526ad8ff71b5b6257e5f7f5c66?s=96&d=mm&r=g\",\"caption\":\"ir\"},\"sameAs\":[\"http:\\\/\\\/www.mundi-roth.de\"],\"url\":\"https:\\\/\\\/www.mundi-roth.de\\\/teneriffa-blog\\\/author\\\/ir\\\/\"}]}<\/script>\n<!-- \/ Yoast SEO plugin. -->","yoast_head_json":{"title":"Ifonche \u2013 Adje - Teneriffa Wandern","robots":{"index":"index","follow":"follow","max-snippet":"max-snippet:-1","max-image-preview":"max-image-preview:large","max-video-preview":"max-video-preview:-1"},"canonical":"https:\/\/www.mundi-roth.de\/teneriffa-blog\/wanderungen\/ifonche-\u2013-adje\/","twitter_misc":{"Verfasst von":"ir","Gesch\u00e4tzte Lesezeit":"4\u00a0Minuten"},"schema":{"@context":"https:\/\/schema.org","@graph":[{"@type":"Article","@id":"https:\/\/www.mundi-roth.de\/teneriffa-blog\/wanderungen\/ifonche-%e2%80%93-adje\/#article","isPartOf":{"@id":"https:\/\/www.mundi-roth.de\/teneriffa-blog\/wanderungen\/ifonche-%e2%80%93-adje\/"},"author":{"name":"ir","@id":"https:\/\/www.mundi-roth.de\/teneriffa-blog\/#\/schema\/person\/3afd0d251449790d15367c9aa52d203d"},"headline":"Ifonche \u2013 Adje","datePublished":"2010-11-18T19:00:57+00:00","dateModified":"2015-04-12T09:41:03+00:00","mainEntityOfPage":{"@id":"https:\/\/www.mundi-roth.de\/teneriffa-blog\/wanderungen\/ifonche-%e2%80%93-adje\/"},"wordCount":876,"commentCount":4,"image":{"@id":"https:\/\/www.mundi-roth.de\/teneriffa-blog\/wanderungen\/ifonche-%e2%80%93-adje\/#primaryimage"},"thumbnailUrl":"http:\/\/www.mundi-roth.de\/teneriffa-blog\/wp-content\/uploads\/2010\/11\/Track1-300x252.jpg","keywords":["Adje","Barranco del Infierno","Boca del Paso","Dreschplatz","El Dornajo","Ifonche","Kiefernwald","La Vista"],"articleSection":["Arona","Wanderungen"],"inLanguage":"de","potentialAction":[{"@type":"CommentAction","name":"Comment","target":["https:\/\/www.mundi-roth.de\/teneriffa-blog\/wanderungen\/ifonche-%e2%80%93-adje\/#respond"]}]},{"@type":"WebPage","@id":"https:\/\/www.mundi-roth.de\/teneriffa-blog\/wanderungen\/ifonche-%e2%80%93-adje\/","url":"https:\/\/www.mundi-roth.de\/teneriffa-blog\/wanderungen\/ifonche-%e2%80%93-adje\/","name":"Ifonche \u2013 Adje - Teneriffa Wandern","isPartOf":{"@id":"https:\/\/www.mundi-roth.de\/teneriffa-blog\/#website"},"primaryImageOfPage":{"@id":"https:\/\/www.mundi-roth.de\/teneriffa-blog\/wanderungen\/ifonche-%e2%80%93-adje\/#primaryimage"},"image":{"@id":"https:\/\/www.mundi-roth.de\/teneriffa-blog\/wanderungen\/ifonche-%e2%80%93-adje\/#primaryimage"},"thumbnailUrl":"http:\/\/www.mundi-roth.de\/teneriffa-blog\/wp-content\/uploads\/2010\/11\/Track1-300x252.jpg","datePublished":"2010-11-18T19:00:57+00:00","dateModified":"2015-04-12T09:41:03+00:00","author":{"@id":"https:\/\/www.mundi-roth.de\/teneriffa-blog\/#\/schema\/person\/3afd0d251449790d15367c9aa52d203d"},"breadcrumb":{"@id":"https:\/\/www.mundi-roth.de\/teneriffa-blog\/wanderungen\/ifonche-%e2%80%93-adje\/#breadcrumb"},"inLanguage":"de","potentialAction":[{"@type":"ReadAction","target":["https:\/\/www.mundi-roth.de\/teneriffa-blog\/wanderungen\/ifonche-%e2%80%93-adje\/"]}]},{"@type":"ImageObject","inLanguage":"de","@id":"https:\/\/www.mundi-roth.de\/teneriffa-blog\/wanderungen\/ifonche-%e2%80%93-adje\/#primaryimage","url":"https:\/\/www.mundi-roth.de\/teneriffa-blog\/wp-content\/uploads\/2010\/11\/Track1.jpg","contentUrl":"https:\/\/www.mundi-roth.de\/teneriffa-blog\/wp-content\/uploads\/2010\/11\/Track1.jpg","width":"458","height":"386"},{"@type":"BreadcrumbList","@id":"https:\/\/www.mundi-roth.de\/teneriffa-blog\/wanderungen\/ifonche-%e2%80%93-adje\/#breadcrumb","itemListElement":[{"@type":"ListItem","position":1,"name":"Startseite","item":"https:\/\/www.mundi-roth.de\/teneriffa-blog\/"},{"@type":"ListItem","position":2,"name":"Ifonche \u2013 Adje"}]},{"@type":"WebSite","@id":"https:\/\/www.mundi-roth.de\/teneriffa-blog\/#website","url":"https:\/\/www.mundi-roth.de\/teneriffa-blog\/","name":"Teneriffa Wandern","description":"Nicht nur Wanderungen auf Teneriffa...","potentialAction":[{"@type":"SearchAction","target":{"@type":"EntryPoint","urlTemplate":"https:\/\/www.mundi-roth.de\/teneriffa-blog\/?s={search_term_string}"},"query-input":{"@type":"PropertyValueSpecification","valueRequired":true,"valueName":"search_term_string"}}],"inLanguage":"de"},{"@type":"Person","@id":"https:\/\/www.mundi-roth.de\/teneriffa-blog\/#\/schema\/person\/3afd0d251449790d15367c9aa52d203d","name":"ir","image":{"@type":"ImageObject","inLanguage":"de","@id":"https:\/\/secure.gravatar.com\/avatar\/e67b41513c921c2bb58363f44c8a00a447c9a2526ad8ff71b5b6257e5f7f5c66?s=96&d=mm&r=g","url":"https:\/\/secure.gravatar.com\/avatar\/e67b41513c921c2bb58363f44c8a00a447c9a2526ad8ff71b5b6257e5f7f5c66?s=96&d=mm&r=g","contentUrl":"https:\/\/secure.gravatar.com\/avatar\/e67b41513c921c2bb58363f44c8a00a447c9a2526ad8ff71b5b6257e5f7f5c66?s=96&d=mm&r=g","caption":"ir"},"sameAs":["http:\/\/www.mundi-roth.de"],"url":"https:\/\/www.mundi-roth.de\/teneriffa-blog\/author\/ir\/"}]}},"_links":{"self":[{"href":"https:\/\/www.mundi-roth.de\/teneriffa-blog\/wp-json\/wp\/v2\/posts\/1061","targetHints":{"allow":["GET"]}}],"collection":[{"href":"https:\/\/www.mundi-roth.de\/teneriffa-blog\/wp-json\/wp\/v2\/posts"}],"about":[{"href":"https:\/\/www.mundi-roth.de\/teneriffa-blog\/wp-json\/wp\/v2\/types\/post"}],"author":[{"embeddable":true,"href":"https:\/\/www.mundi-roth.de\/teneriffa-blog\/wp-json\/wp\/v2\/users\/3"}],"replies":[{"embeddable":true,"href":"https:\/\/www.mundi-roth.de\/teneriffa-blog\/wp-json\/wp\/v2\/comments?post=1061"}],"version-history":[{"count":0,"href":"https:\/\/www.mundi-roth.de\/teneriffa-blog\/wp-json\/wp\/v2\/posts\/1061\/revisions"}],"wp:attachment":[{"href":"https:\/\/www.mundi-roth.de\/teneriffa-blog\/wp-json\/wp\/v2\/media?parent=1061"}],"wp:term":[{"taxonomy":"category","embeddable":true,"href":"https:\/\/www.mundi-roth.de\/teneriffa-blog\/wp-json\/wp\/v2\/categories?post=1061"},{"taxonomy":"post_tag","embeddable":true,"href":"https:\/\/www.mundi-roth.de\/teneriffa-blog\/wp-json\/wp\/v2\/tags?post=1061"}],"curies":[{"name":"wp","href":"https:\/\/api.w.org\/{rel}","templated":true}]}}