{"id":1071,"date":"2010-11-25T22:00:13","date_gmt":"2010-11-25T21:00:13","guid":{"rendered":"http:\/\/www.mundi-roth.de\/teneriffa-blog\/?p=1071"},"modified":"2015-04-12T10:40:12","modified_gmt":"2015-04-12T09:40:12","slug":"boca-tauce-%e2%80%93-chirche","status":"publish","type":"post","link":"https:\/\/www.mundi-roth.de\/teneriffa-blog\/wanderungen\/boca-tauce-%e2%80%93-chirche\/","title":{"rendered":"Boca Tauce \u2013 Chirche"},"content":{"rendered":"<div><strong><span style=\"font-family: Arial;\">Achtung:<\/span><\/strong><\/div>\n<div><strong><span style=\"font-family: Arial;\">Stand 18.10.2012:<\/span><\/strong><\/div>\n<div><span style=\"font-family: Arial;\"><strong>Der Einstieg in diese Wanderung ist nach den heftigen Waldbr\u00e4nden zur Regeneration der\u00a0Natur zur Zeit absolut gesperrt.<\/strong><br \/>\n<\/span><\/div>\n<p>&nbsp;<\/p>\n<p><strong>Eine Wanderung der Superlative:<\/strong><\/p>\n<p><strong>Einzigartig!<\/strong><br \/>\n<strong>Die unterschiedlichsten Natursch\u00f6nheiten!<br \/>\nHohe Anforderung an die Kondition!<br \/>\nDauer der Tour!<\/strong><\/p>\n<p><strong>Wanderwegstrecke:<\/strong> 6 \u00bd Stunden (da wir erst den Einstieg suchen mu\u00dften, brauchten wir gut 7 Stunden!)<a href=\"http:\/\/www.mundi-roth.de\/teneriffa-blog\/wp-content\/uploads\/2010\/11\/Route.jpg\" rel=\"lightbox[1071]\"><img loading=\"lazy\" decoding=\"async\" class=\"alignright size-thumbnail wp-image-1073\" title=\"Route\" src=\"http:\/\/www.mundi-roth.de\/teneriffa-blog\/wp-content\/uploads\/2010\/11\/Route-150x80.jpg\" alt=\"\" width=\"150\" height=\"80\" srcset=\"https:\/\/www.mundi-roth.de\/teneriffa-blog\/wp-content\/uploads\/2010\/11\/Route-150x80.jpg 150w, https:\/\/www.mundi-roth.de\/teneriffa-blog\/wp-content\/uploads\/2010\/11\/Route-300x160.jpg 300w, https:\/\/www.mundi-roth.de\/teneriffa-blog\/wp-content\/uploads\/2010\/11\/Route.jpg 600w\" sizes=\"auto, (max-width: 150px) 100vw, 150px\" \/><\/a><br \/>\nAls Information f\u00fcr diese Tour hatten wir eine Karte vom \u201eInfoturismo Tenerife\u201c mit 2 eingezeichneten Routen: Ausgehend von Boca Tauce \u201eSendero 18\u201c \u2013 davon abgehend \u201eSendero 60\u201c nach Gu\u00eda de Isora. Wir wollten es wagen:<br \/>\nAlso fuhren wir wieder mit dem Bus 342\u00a0 (9:15 ab Busbahnhof Las Americas) in die Ca\u00f1adas und stiegen bei Boca Tauce aus.<br \/>\nUm 10.40 Uhr starteten wir von hier, indem wir ein kurzes St\u00fcck die <a href=\"http:\/\/www.mundi-roth.de\/teneriffa-blog\/wp-content\/uploads\/2010\/11\/R0011697.jpg\" rel=\"lightbox[1071]\"><img loading=\"lazy\" decoding=\"async\" class=\"alignleft size-thumbnail wp-image-1074\" title=\"R0011697\" src=\"http:\/\/www.mundi-roth.de\/teneriffa-blog\/wp-content\/uploads\/2010\/11\/R0011697-150x112.jpg\" alt=\"\" width=\"150\" height=\"112\" srcset=\"https:\/\/www.mundi-roth.de\/teneriffa-blog\/wp-content\/uploads\/2010\/11\/R0011697-150x112.jpg 150w, https:\/\/www.mundi-roth.de\/teneriffa-blog\/wp-content\/uploads\/2010\/11\/R0011697-300x225.jpg 300w, https:\/\/www.mundi-roth.de\/teneriffa-blog\/wp-content\/uploads\/2010\/11\/R0011697.jpg 600w\" sizes=\"auto, (max-width: 150px) 100vw, 150px\" \/><\/a>Stra\u00dfe TF 21 bis zu dem neu errichteten Informationsplateau zur\u00fcckgingen.<br \/>\nErste \u00dcberraschung: Der Zugang war abgesperrt. Jedoch, dort Arbeitende erlaubten uns zu passieren. Nach dem Studium der Informationstafeln, dass hier fr\u00fcher u.a. ein Weideplatz der Herden war, die im Sommer hier hoch gebracht wurden, begannen wir gleich rechts, dem Hinweis \u201eSendero 18 Boca Chavao\u201c, mit wei\u00df-gelber Markierung folgend, unser Abenteuer.<a href=\"http:\/\/www.mundi-roth.de\/teneriffa-blog\/wp-content\/uploads\/2010\/11\/R0011700.jpg\" rel=\"lightbox[1071]\"><img loading=\"lazy\" decoding=\"async\" class=\"alignright size-thumbnail wp-image-1075\" title=\"R0011700\" src=\"http:\/\/www.mundi-roth.de\/teneriffa-blog\/wp-content\/uploads\/2010\/11\/R0011700-150x112.jpg\" alt=\"\" width=\"150\" height=\"112\" srcset=\"https:\/\/www.mundi-roth.de\/teneriffa-blog\/wp-content\/uploads\/2010\/11\/R0011700-150x112.jpg 150w, https:\/\/www.mundi-roth.de\/teneriffa-blog\/wp-content\/uploads\/2010\/11\/R0011700-300x225.jpg 300w, https:\/\/www.mundi-roth.de\/teneriffa-blog\/wp-content\/uploads\/2010\/11\/R0011700.jpg 600w\" sizes=\"auto, (max-width: 150px) 100vw, 150px\" \/><\/a><br \/>\nVon Ginsterb\u00fcschen ges\u00e4umt passieren wir das \u00e4u\u00dferst bizarre Lavafeld, haben den freien <a href=\"http:\/\/www.mundi-roth.de\/teneriffa-blog\/wp-content\/uploads\/2010\/11\/R0011702.jpg\" rel=\"lightbox[1071]\"><img loading=\"lazy\" decoding=\"async\" class=\"alignleft size-thumbnail wp-image-1076\" title=\"R0011702\" src=\"http:\/\/www.mundi-roth.de\/teneriffa-blog\/wp-content\/uploads\/2010\/11\/R0011702-150x112.jpg\" alt=\"\" width=\"150\" height=\"112\" srcset=\"https:\/\/www.mundi-roth.de\/teneriffa-blog\/wp-content\/uploads\/2010\/11\/R0011702-150x112.jpg 150w, https:\/\/www.mundi-roth.de\/teneriffa-blog\/wp-content\/uploads\/2010\/11\/R0011702-300x225.jpg 300w, https:\/\/www.mundi-roth.de\/teneriffa-blog\/wp-content\/uploads\/2010\/11\/R0011702.jpg 600w\" sizes=\"auto, (max-width: 150px) 100vw, 150px\" \/><\/a>Blick auf Teide und Pico Viejo auf der rechten Seite und bestaunen die unterschiedlichsten Felsformationen auf der linken Seite. Der Weg ist sehr gut pr\u00e4pariert und immer wieder mit den Hinweist\u00e4felchen \u201eSendero 18\u201c gekennzeichnet. Ein etwas schlechter zu gehende St\u00fcck mit faustgro\u00dfen Lavabrocken ist nach 10 Minuten \u00fcberwunden und ich freue mich <a href=\"http:\/\/www.mundi-roth.de\/teneriffa-blog\/wp-content\/uploads\/2010\/11\/R0011720x.jpg\" rel=\"lightbox[1071]\"><img loading=\"lazy\" decoding=\"async\" class=\"alignright size-thumbnail wp-image-1077\" title=\"R0011720x\" src=\"http:\/\/www.mundi-roth.de\/teneriffa-blog\/wp-content\/uploads\/2010\/11\/R0011720x-150x112.jpg\" alt=\"\" width=\"150\" height=\"112\" srcset=\"https:\/\/www.mundi-roth.de\/teneriffa-blog\/wp-content\/uploads\/2010\/11\/R0011720x-150x112.jpg 150w, https:\/\/www.mundi-roth.de\/teneriffa-blog\/wp-content\/uploads\/2010\/11\/R0011720x-300x225.jpg 300w, https:\/\/www.mundi-roth.de\/teneriffa-blog\/wp-content\/uploads\/2010\/11\/R0011720x.jpg 600w\" sizes=\"auto, (max-width: 150px) 100vw, 150px\" \/><\/a>riesig, rechts des Weges jede Menge Stricklava-Formationen bestaunen zu k\u00f6nnen.<br \/>\nNach einem kurzen Aufstieg auf einen Kiefernwald zu, erreichen wir etwas links die n\u00e4chste Hinweistafel \u201eSendero 35 Boca Chavao \u2013 20 Minuten\u201c. Diesen Abstecher wollen wir im Hinterkopf behalten, wenn wir mal nur eine k\u00fcrzere Tour gehen wollen. (Hin- und Zur\u00fcck: 3 ca. Stunden)<br \/>\nHeute aber gehen wir rechts, Sendero 18. Unterwegs sehen wir links auf dicken Steinen postierte Steinm\u00e4nnchen und einen gelben Punkt. Da wir jedoch noch auf eine Kennzeichnung hoffen \u201eSendero 60\u201c gehen wir weiter und erreichen nach einer Stunde 20 Minuten bei Km 3 die TF 38. Wir halten uns links zum Aussichtspunkt \u201eNarices del Teide\u201c immer noch in der Hoffnung, hier den \u201eSendero 60\u201c zu finden. Vergebens. Also beschlie\u00dfen wir um 12.10 Uhr den R\u00fcckweg anzutreten.<br \/>\nWieder kommen wir an die nun rechts abgehende mit Steinm\u00e4nnchen und gelbem Punkt Stelle markierte und beschlie\u00dfen, das Abenteuer zu wagen, diesen Weg einzuschlagen.<br \/>\nEr f\u00fchrt uns ca. 15 Minuten steil aufw\u00e4rts an den Fu\u00df der markanten<a href=\"http:\/\/www.mundi-roth.de\/teneriffa-blog\/wp-content\/uploads\/2010\/11\/R0011731x.jpg\" rel=\"lightbox[1071]\"><img loading=\"lazy\" decoding=\"async\" class=\"alignright size-thumbnail wp-image-1078\" title=\"R0011731x\" src=\"http:\/\/www.mundi-roth.de\/teneriffa-blog\/wp-content\/uploads\/2010\/11\/R0011731x-150x112.jpg\" alt=\"\" width=\"150\" height=\"112\" srcset=\"https:\/\/www.mundi-roth.de\/teneriffa-blog\/wp-content\/uploads\/2010\/11\/R0011731x-150x112.jpg 150w, https:\/\/www.mundi-roth.de\/teneriffa-blog\/wp-content\/uploads\/2010\/11\/R0011731x-300x225.jpg 300w, https:\/\/www.mundi-roth.de\/teneriffa-blog\/wp-content\/uploads\/2010\/11\/R0011731x.jpg 600w\" sizes=\"auto, (max-width: 150px) 100vw, 150px\" \/><\/a> Felsen, die wir vorher von unten bestaunten. Einmal tief b\u00fccken und unter einer Kiefer durch gehen, dann f\u00fchrt der Pfad zwischen <a href=\"http:\/\/www.mundi-roth.de\/teneriffa-blog\/wp-content\/uploads\/2010\/11\/R0011737.jpg\" rel=\"lightbox[1071]\"><img loading=\"lazy\" decoding=\"async\" class=\"alignleft size-thumbnail wp-image-1079\" title=\"R0011737\" src=\"http:\/\/www.mundi-roth.de\/teneriffa-blog\/wp-content\/uploads\/2010\/11\/R0011737-150x112.jpg\" alt=\"\" width=\"150\" height=\"112\" srcset=\"https:\/\/www.mundi-roth.de\/teneriffa-blog\/wp-content\/uploads\/2010\/11\/R0011737-150x112.jpg 150w, https:\/\/www.mundi-roth.de\/teneriffa-blog\/wp-content\/uploads\/2010\/11\/R0011737-300x225.jpg 300w, https:\/\/www.mundi-roth.de\/teneriffa-blog\/wp-content\/uploads\/2010\/11\/R0011737.jpg 600w\" sizes=\"auto, (max-width: 150px) 100vw, 150px\" \/><\/a>zwei Kolossen hindurch und wir haben \u2013 oh Wunder \u2013 einen phantastischen Blick auf die K\u00fcste mit Playa San Juan und ein herrliches Wolkengebilde.<a href=\"http:\/\/www.mundi-roth.de\/teneriffa-blog\/wp-content\/uploads\/2010\/11\/R0011741.jpg\" rel=\"lightbox[1071]\"><img loading=\"lazy\" decoding=\"async\" class=\"alignright size-thumbnail wp-image-1080\" title=\"R0011741\" src=\"http:\/\/www.mundi-roth.de\/teneriffa-blog\/wp-content\/uploads\/2010\/11\/R0011741-150x112.jpg\" alt=\"\" width=\"150\" height=\"112\" srcset=\"https:\/\/www.mundi-roth.de\/teneriffa-blog\/wp-content\/uploads\/2010\/11\/R0011741-150x112.jpg 150w, https:\/\/www.mundi-roth.de\/teneriffa-blog\/wp-content\/uploads\/2010\/11\/R0011741-300x225.jpg 300w, https:\/\/www.mundi-roth.de\/teneriffa-blog\/wp-content\/uploads\/2010\/11\/R0011741.jpg 600w\" sizes=\"auto, (max-width: 150px) 100vw, 150px\" \/><\/a><br \/>\nLinks sehen wir einen verwaschenen wei\u00dfen Punkt mit etwas Gr\u00fcn und Steinm\u00e4nnchen. Wir folgen diesen Hinweisen und sind begeistert wiederum von der abwechslungsreichen Landschaft, m\u00fcssen allerdings wieder steil bergauf gehen.<br \/>\n<a href=\"http:\/\/www.mundi-roth.de\/teneriffa-blog\/wp-content\/uploads\/2010\/11\/R0011742.jpg\" rel=\"lightbox[1071]\"><img loading=\"lazy\" decoding=\"async\" class=\"alignleft size-thumbnail wp-image-1081\" title=\"R0011742\" src=\"http:\/\/www.mundi-roth.de\/teneriffa-blog\/wp-content\/uploads\/2010\/11\/R0011742-112x150.jpg\" alt=\"\" width=\"112\" height=\"150\" srcset=\"https:\/\/www.mundi-roth.de\/teneriffa-blog\/wp-content\/uploads\/2010\/11\/R0011742-112x150.jpg 112w, https:\/\/www.mundi-roth.de\/teneriffa-blog\/wp-content\/uploads\/2010\/11\/R0011742-224x300.jpg 224w, https:\/\/www.mundi-roth.de\/teneriffa-blog\/wp-content\/uploads\/2010\/11\/R0011742.jpg 448w\" sizes=\"auto, (max-width: 112px) 100vw, 112px\" \/><\/a>Ein kurzer Abstecher f\u00fchrt uns zu einem ehemaligen Unterstand an einer Quelle mit oberhalb angebrachten Christusbild. Wir gehen den Pfad hier weiter, was nicht empfehlenswert ist, denn der Abstieg auf den Weg ist steil und durch die Kiefernnadeln sehr rutschig. Also, besser auf\u00a0 den Weg zur\u00fcckgehen, der immer wieder mit verwischten wei\u00dfen Punkten, auch mal ein gelber dazwischen, gekennzeichnet ist.<a href=\"http:\/\/www.mundi-roth.de\/teneriffa-blog\/wp-content\/uploads\/2010\/11\/R0011751.jpg\" rel=\"lightbox[1071]\"><img loading=\"lazy\" decoding=\"async\" class=\"alignright size-thumbnail wp-image-1083\" title=\"R0011751\" src=\"http:\/\/www.mundi-roth.de\/teneriffa-blog\/wp-content\/uploads\/2010\/11\/R0011751-150x112.jpg\" alt=\"\" width=\"150\" height=\"112\" srcset=\"https:\/\/www.mundi-roth.de\/teneriffa-blog\/wp-content\/uploads\/2010\/11\/R0011751-150x112.jpg 150w, https:\/\/www.mundi-roth.de\/teneriffa-blog\/wp-content\/uploads\/2010\/11\/R0011751-300x225.jpg 300w, https:\/\/www.mundi-roth.de\/teneriffa-blog\/wp-content\/uploads\/2010\/11\/R0011751.jpg 600w\" sizes=\"auto, (max-width: 150px) 100vw, 150px\" \/><\/a><br \/>\nUm 12.50 Uhr geht es endlich bergab und wir <a href=\"http:\/\/www.mundi-roth.de\/teneriffa-blog\/wp-content\/uploads\/2010\/11\/R0011748.jpg\" rel=\"lightbox[1071]\"><img loading=\"lazy\" decoding=\"async\" class=\"alignleft size-thumbnail wp-image-1082\" title=\"R0011748\" src=\"http:\/\/www.mundi-roth.de\/teneriffa-blog\/wp-content\/uploads\/2010\/11\/R0011748-150x112.jpg\" alt=\"\" width=\"150\" height=\"112\" srcset=\"https:\/\/www.mundi-roth.de\/teneriffa-blog\/wp-content\/uploads\/2010\/11\/R0011748-150x112.jpg 150w, https:\/\/www.mundi-roth.de\/teneriffa-blog\/wp-content\/uploads\/2010\/11\/R0011748-300x225.jpg 300w, https:\/\/www.mundi-roth.de\/teneriffa-blog\/wp-content\/uploads\/2010\/11\/R0011748.jpg 600w\" sizes=\"auto, (max-width: 150px) 100vw, 150px\" \/><\/a>kommen an einen Aussichtspunkt mit Blick auf den Conde \u2013 links \u2013 und rechts auf einen roten Feuermeldeturm.<br \/>\nNach einer Viertelstunde passieren wir diesen Turm, daneben ein gelbes Haus und etwas unterhalb machen wir eine kurze \u201eApfel-Ess-Pause\u201c.<br \/>\nAuf einer quasi betonierten Forststra\u00dfe geht es bergab und nach 5 Minuten kommen wir an eine Gitterabsperrung. Quetschen uns vorbei und m\u00fcssen auf der R\u00fcckseite lesen: \u201eDurchgang verboten\u201c.<br \/>\nKonnten wir nicht wissen. Also weiter bergab, \u00fcbersteigen noch eine Kette und nehmen hier die abw\u00e4rts f\u00fchrende Forststra\u00dfe und vermuten, dass die aufsteigende Stra\u00dfe eventuell auch nach Boca Tauce f\u00fchren k\u00f6nnte.<br \/>\nNoch ein St\u00fcckchen weiter kommen wir an eine gro\u00dfe Hinweistafel der <a href=\"http:\/\/www.mundi-roth.de\/teneriffa-blog\/wp-content\/uploads\/2010\/11\/R0011753.jpg\" rel=\"lightbox[1071]\"><img loading=\"lazy\" decoding=\"async\" class=\"alignright size-thumbnail wp-image-1084\" title=\"R0011753\" src=\"http:\/\/www.mundi-roth.de\/teneriffa-blog\/wp-content\/uploads\/2010\/11\/R0011753-150x112.jpg\" alt=\"\" width=\"150\" height=\"112\" srcset=\"https:\/\/www.mundi-roth.de\/teneriffa-blog\/wp-content\/uploads\/2010\/11\/R0011753-150x112.jpg 150w, https:\/\/www.mundi-roth.de\/teneriffa-blog\/wp-content\/uploads\/2010\/11\/R0011753-300x225.jpg 300w, https:\/\/www.mundi-roth.de\/teneriffa-blog\/wp-content\/uploads\/2010\/11\/R0011753.jpg 600w\" sizes=\"auto, (max-width: 150px) 100vw, 150px\" \/><\/a>Regierung von Teneriffa, noch etwas abgedeckt, dass es sich hier um den Ausbau des \u201eSendero 70 Guia de Isora\u201c handelt.<br \/>\nWir passieren ein gr\u00f6\u00dferes Geb\u00e4ude, beachten nicht die rechts hinweisende Holzhinweistafel und gehen den Forstweg weiter, der inzwischen sehr ger\u00f6llig ist.<br \/>\nNoch ein St\u00fcckchen weiter freuen wir uns, dass wir die Forststra\u00dfe verlassen k\u00f6nnen. Es\u00a0 f\u00fchrt ein mit wei\u00df-gelben Strichen <a href=\"http:\/\/www.mundi-roth.de\/teneriffa-blog\/wp-content\/uploads\/2010\/11\/R0011757xa.jpg\" rel=\"lightbox[1071]\"><img loading=\"lazy\" decoding=\"async\" class=\"alignleft size-thumbnail wp-image-1085\" title=\"R0011757xa\" src=\"http:\/\/www.mundi-roth.de\/teneriffa-blog\/wp-content\/uploads\/2010\/11\/R0011757xa-150x103.jpg\" alt=\"\" width=\"150\" height=\"103\" srcset=\"https:\/\/www.mundi-roth.de\/teneriffa-blog\/wp-content\/uploads\/2010\/11\/R0011757xa-150x103.jpg 150w, https:\/\/www.mundi-roth.de\/teneriffa-blog\/wp-content\/uploads\/2010\/11\/R0011757xa-300x206.jpg 300w, https:\/\/www.mundi-roth.de\/teneriffa-blog\/wp-content\/uploads\/2010\/11\/R0011757xa.jpg 372w\" sizes=\"auto, (max-width: 150px) 100vw, 150px\" \/><\/a>gekennzeichneter Weg rechts ab und die Hinweistafel k\u00fcndigt uns an: \u201eGuia de Isora 13,7 km\u201c. Er ist sagenhaft gut pr\u00e4pariert und mit dicken Lavabrocken \u2013 fast durchg\u00e4ngig \u2013 eingefasst. Von nun an muss ich die Wegef\u00fchrung nicht mehr beschreiben, denn sie ist wunderbar gekennzeichnet. Abgehende Wege sind mit gelb\/wei\u00df gekreuzten Balken markiert; d.h. hier nicht gehen. Also: Ein Verlaufen muss man nicht mehr bef\u00fcrchten.<br \/>\nInzwischen ist es 13.35 Uhr.<br \/>\nDer Weg f\u00fchrt durch so abwechslungsreiche Landstriche \u2013 wie ein vom <a href=\"http:\/\/www.mundi-roth.de\/teneriffa-blog\/wp-content\/uploads\/2010\/11\/R0011754x.jpg\" rel=\"lightbox[1071]\"><img loading=\"lazy\" decoding=\"async\" class=\"alignleft size-thumbnail wp-image-1087\" title=\"R0011754x\" src=\"http:\/\/www.mundi-roth.de\/teneriffa-blog\/wp-content\/uploads\/2010\/11\/R0011754x-150x112.jpg\" alt=\"\" width=\"150\" height=\"112\" srcset=\"https:\/\/www.mundi-roth.de\/teneriffa-blog\/wp-content\/uploads\/2010\/11\/R0011754x-150x112.jpg 150w, https:\/\/www.mundi-roth.de\/teneriffa-blog\/wp-content\/uploads\/2010\/11\/R0011754x-300x225.jpg 300w, https:\/\/www.mundi-roth.de\/teneriffa-blog\/wp-content\/uploads\/2010\/11\/R0011754x.jpg 600w\" sizes=\"auto, (max-width: 150px) 100vw, 150px\" \/><\/a>Brand gekennzeichneter Kiefernwald, der durch den Neuaustrieb an den B\u00e4umen und die \u201eNachk\u00f6mmlinge\u201c uns wieder Bewunderung f\u00fcr die Selbstheilungskr\u00e4fte der Natur abverlangt.<br \/>\nNach einem Aufstieg w\u00fcrdigen wir die Versch\u00f6nerungsarbeiten, denn <a href=\"http:\/\/www.mundi-roth.de\/teneriffa-blog\/wp-content\/uploads\/2010\/11\/R0011765.jpg\" rel=\"lightbox[1071]\"><img loading=\"lazy\" decoding=\"async\" class=\"alignright size-thumbnail wp-image-1086\" title=\"R0011765\" src=\"http:\/\/www.mundi-roth.de\/teneriffa-blog\/wp-content\/uploads\/2010\/11\/R0011765-150x112.jpg\" alt=\"\" width=\"150\" height=\"112\" srcset=\"https:\/\/www.mundi-roth.de\/teneriffa-blog\/wp-content\/uploads\/2010\/11\/R0011765-150x112.jpg 150w, https:\/\/www.mundi-roth.de\/teneriffa-blog\/wp-content\/uploads\/2010\/11\/R0011765-300x225.jpg 300w, https:\/\/www.mundi-roth.de\/teneriffa-blog\/wp-content\/uploads\/2010\/11\/R0011765.jpg 600w\" sizes=\"auto, (max-width: 150px) 100vw, 150px\" \/><\/a>das h\u00e4ssliche Wasserrohr ist in eine Lavafelsmauer eingebettet.<br \/>\nNach einer weiteren Stunde sto\u00dfen wir auf ein einsames Haus, die Hinweistafel kl\u00e4rt uns auf, dass wir wir nach 8,6 km in Chirche sein werden.<br \/>\nJedoch die Hinweistafel sagt nicht aus, wie strapazi\u00f6s der nun folgende Weg sein wird.<br \/>\nVon hier geht es erst mal wieder gut 10 Minuten sehr steil bergauf \u2013 durch Kiefernwald &#8211; bis an den Fu\u00df eines markanten Felsmassives, entlang an einem leeren, betonierten Kanal.<br \/>\nNach geraumer Zeit gelangen wir an den n\u00e4chsten Hinweis: \u201eChirche 5,7 km\u201c<br \/>\nIn wieviele Barrancos wir inzwischen abgestiegen und wieder aufgestiegen sind, wir haben sie leider nicht gez\u00e4hlt. Wir vermuten mal mindestens 6.<br \/>\nUm 17 Uhr schauen wir in einen Barranco mit entsprechendem Galeriehaus, Rohren etc. Jedoch wir befinden uns noch immer hoch oben, in etwa der H\u00f6he der Bodega die an der TF 38 aus den Ca\u00f1adas kommend liegt.<br \/>\nAber: Von nun an ging es tats\u00e4chlich nur bergab. Und wie!<a href=\"http:\/\/www.mundi-roth.de\/teneriffa-blog\/wp-content\/uploads\/2010\/11\/R0011783.jpg\" rel=\"lightbox[1071]\"><img loading=\"lazy\" decoding=\"async\" class=\"alignright size-thumbnail wp-image-1089\" title=\"R0011783\" src=\"http:\/\/www.mundi-roth.de\/teneriffa-blog\/wp-content\/uploads\/2010\/11\/R0011783-150x112.jpg\" alt=\"\" width=\"150\" height=\"112\" srcset=\"https:\/\/www.mundi-roth.de\/teneriffa-blog\/wp-content\/uploads\/2010\/11\/R0011783-150x112.jpg 150w, https:\/\/www.mundi-roth.de\/teneriffa-blog\/wp-content\/uploads\/2010\/11\/R0011783-300x225.jpg 300w, https:\/\/www.mundi-roth.de\/teneriffa-blog\/wp-content\/uploads\/2010\/11\/R0011783.jpg 600w\" sizes=\"auto, (max-width: 150px) 100vw, 150px\" \/><\/a><br \/>\nEtwas oberhalb des Aussichtslokals an der Zufahrtsstra\u00dfe von den Ca\u00f1adas nach Chirche gelangen wir in ein Seitental, in dem Wein in F\u00fclle angebaut wird.<br \/>\nAnschlie\u00dfend zweigt der Pfad \u2013 sicher ein alter Handelsweg \u2013 links ab und wir gehen zwischen Lavasteinmauern auf unregelm\u00e4\u00dfig gepflastertem Weg \u2013 nat\u00fcrlich &#8211;\u00a0 bergab. Wir bewundern uns selbst, <a href=\"http:\/\/www.mundi-roth.de\/teneriffa-blog\/wp-content\/uploads\/2010\/11\/R0011787.jpg\" rel=\"lightbox[1071]\"><img loading=\"lazy\" decoding=\"async\" class=\"alignleft size-thumbnail wp-image-1088\" title=\"R0011787\" src=\"http:\/\/www.mundi-roth.de\/teneriffa-blog\/wp-content\/uploads\/2010\/11\/R0011787-150x112.jpg\" alt=\"\" width=\"150\" height=\"112\" srcset=\"https:\/\/www.mundi-roth.de\/teneriffa-blog\/wp-content\/uploads\/2010\/11\/R0011787-150x112.jpg 150w, https:\/\/www.mundi-roth.de\/teneriffa-blog\/wp-content\/uploads\/2010\/11\/R0011787-300x225.jpg 300w, https:\/\/www.mundi-roth.de\/teneriffa-blog\/wp-content\/uploads\/2010\/11\/R0011787.jpg 600w\" sizes=\"auto, (max-width: 150px) 100vw, 150px\" \/><\/a>dass wir die Sch\u00f6nheiten noch aufnehmen k\u00f6nnen, denn der Weg ist wie eine Allee mit Aeonien ges\u00e4umt.<br \/>\nUnterhalb queren wir die Fahrstra\u00dfe und es geht in den Ort Chirche. Steil bergab bis zur Calle \u201eLos Casacjitos\u201c. Hier befindet sich auch eine Bushaltestelle.<br \/>\nWir streben jedoch das Lokal\u00a0 &#8222;Brasas de Chirche&#8220; an.<br \/>\n17.45 Uhr! Geschafft!<br \/>\nHier werden wir bereits von unseren M\u00e4nnern erwartet, denen wir vorher unsere vermutliche Ankunftszeit telefonisch durchgegeben haben.<br \/>\nUnd es erwartet uns wieder ein f\u00fcr dieses Restaurant gewohnt k\u00f6stliches Essen.<\/p>\n<p><strong>Anfahrt:<\/strong><br \/>\nMit dem Bus, Linie 342 von Playas de las Americas um 9.15 Uhr bis Boca Tauce<br \/>\n<strong>Abfahrt:<\/strong><br \/>\nWenn man kein privates Taxi hat:<br \/>\nMit dem Bus, Linie 491 von Chirche, Calle Los Cascajitos (hier sahen wir eine Bushaltestelle) im Plan wird angegeben:\u00a0 Calle Nueva Aripe\/Calle La Era 19.25 Uhr bis Gu\u00eda de Isora (Bus f\u00e4hrt nicht an Samstagen, Sonntagen und Feiertagen)<\/p>\n","protected":false},"excerpt":{"rendered":"<p>Achtung: Stand 18.10.2012: Der Einstieg in diese Wanderung ist nach den heftigen Waldbr\u00e4nden zur Regeneration der\u00a0Natur zur Zeit absolut gesperrt. &nbsp; Eine Wanderung der Superlative: Einzigartig! Die unterschiedlichsten Natursch\u00f6nheiten! Hohe Anforderung an die Kondition! Dauer der Tour! Wanderwegstrecke: 6 \u00bd Stunden (da wir erst den Einstieg suchen mu\u00dften, brauchten wir gut 7 Stunden!) Als Information [&hellip;]<\/p>\n","protected":false},"author":3,"featured_media":0,"comment_status":"open","ping_status":"open","sticky":false,"template":"","format":"standard","meta":{"footnotes":""},"categories":[779,6],"tags":[399,405,131,28,404,266,402,240,403,400,401,30,108],"class_list":["post-1071","post","type-post","status-publish","format-standard","hentry","category-canadas","category-wanderungen","tag-boca-tauce","tag-brasas-de-chirche","tag-canadas","tag-chirche","tag-feuermeldeturm","tag-guia-de-isora","tag-narices-del-teide","tag-pico-viejo","tag-playa-san-juan","tag-sendero-18","tag-sendero-60","tag-stricklava","tag-teide"],"yoast_head":"<!-- This site is optimized with the Yoast SEO plugin v27.5 - https:\/\/yoast.com\/product\/yoast-seo-wordpress\/ -->\n<title>Boca Tauce \u2013 Chirche - Teneriffa Wandern<\/title>\n<meta name=\"robots\" content=\"index, follow, max-snippet:-1, max-image-preview:large, max-video-preview:-1\" \/>\n<link rel=\"canonical\" href=\"https:\/\/www.mundi-roth.de\/teneriffa-blog\/wanderungen\/boca-tauce-\u2013-chirche\/\" \/>\n<meta name=\"twitter:label1\" content=\"Verfasst von\" \/>\n\t<meta name=\"twitter:data1\" content=\"ir\" \/>\n\t<meta name=\"twitter:label2\" content=\"Gesch\u00e4tzte Lesezeit\" \/>\n\t<meta name=\"twitter:data2\" content=\"6\u00a0Minuten\" \/>\n<script type=\"application\/ld+json\" class=\"yoast-schema-graph\">{\"@context\":\"https:\\\/\\\/schema.org\",\"@graph\":[{\"@type\":\"Article\",\"@id\":\"https:\\\/\\\/www.mundi-roth.de\\\/teneriffa-blog\\\/wanderungen\\\/boca-tauce-%e2%80%93-chirche\\\/#article\",\"isPartOf\":{\"@id\":\"https:\\\/\\\/www.mundi-roth.de\\\/teneriffa-blog\\\/wanderungen\\\/boca-tauce-%e2%80%93-chirche\\\/\"},\"author\":{\"name\":\"ir\",\"@id\":\"https:\\\/\\\/www.mundi-roth.de\\\/teneriffa-blog\\\/#\\\/schema\\\/person\\\/3afd0d251449790d15367c9aa52d203d\"},\"headline\":\"Boca Tauce \u2013 Chirche\",\"datePublished\":\"2010-11-25T21:00:13+00:00\",\"dateModified\":\"2015-04-12T09:40:12+00:00\",\"mainEntityOfPage\":{\"@id\":\"https:\\\/\\\/www.mundi-roth.de\\\/teneriffa-blog\\\/wanderungen\\\/boca-tauce-%e2%80%93-chirche\\\/\"},\"wordCount\":1239,\"commentCount\":0,\"image\":{\"@id\":\"https:\\\/\\\/www.mundi-roth.de\\\/teneriffa-blog\\\/wanderungen\\\/boca-tauce-%e2%80%93-chirche\\\/#primaryimage\"},\"thumbnailUrl\":\"http:\\\/\\\/www.mundi-roth.de\\\/teneriffa-blog\\\/wp-content\\\/uploads\\\/2010\\\/11\\\/Route-150x80.jpg\",\"keywords\":[\"Boca Tauce\",\"Brasas de Chirche\",\"Ca\u00f1adas\",\"Chirche\",\"Feuermeldeturm\",\"Gu\u00eda de Isora\",\"Narices del Teide\",\"Pico Viejo\",\"Playa San Juan\",\"Sendero 18\",\"Sendero 60\",\"Stricklava\",\"Teide\"],\"articleSection\":[\"Ca\u00f1adas\",\"Wanderungen\"],\"inLanguage\":\"de\",\"potentialAction\":[{\"@type\":\"CommentAction\",\"name\":\"Comment\",\"target\":[\"https:\\\/\\\/www.mundi-roth.de\\\/teneriffa-blog\\\/wanderungen\\\/boca-tauce-%e2%80%93-chirche\\\/#respond\"]}]},{\"@type\":\"WebPage\",\"@id\":\"https:\\\/\\\/www.mundi-roth.de\\\/teneriffa-blog\\\/wanderungen\\\/boca-tauce-%e2%80%93-chirche\\\/\",\"url\":\"https:\\\/\\\/www.mundi-roth.de\\\/teneriffa-blog\\\/wanderungen\\\/boca-tauce-%e2%80%93-chirche\\\/\",\"name\":\"Boca Tauce \u2013 Chirche - Teneriffa Wandern\",\"isPartOf\":{\"@id\":\"https:\\\/\\\/www.mundi-roth.de\\\/teneriffa-blog\\\/#website\"},\"primaryImageOfPage\":{\"@id\":\"https:\\\/\\\/www.mundi-roth.de\\\/teneriffa-blog\\\/wanderungen\\\/boca-tauce-%e2%80%93-chirche\\\/#primaryimage\"},\"image\":{\"@id\":\"https:\\\/\\\/www.mundi-roth.de\\\/teneriffa-blog\\\/wanderungen\\\/boca-tauce-%e2%80%93-chirche\\\/#primaryimage\"},\"thumbnailUrl\":\"http:\\\/\\\/www.mundi-roth.de\\\/teneriffa-blog\\\/wp-content\\\/uploads\\\/2010\\\/11\\\/Route-150x80.jpg\",\"datePublished\":\"2010-11-25T21:00:13+00:00\",\"dateModified\":\"2015-04-12T09:40:12+00:00\",\"author\":{\"@id\":\"https:\\\/\\\/www.mundi-roth.de\\\/teneriffa-blog\\\/#\\\/schema\\\/person\\\/3afd0d251449790d15367c9aa52d203d\"},\"breadcrumb\":{\"@id\":\"https:\\\/\\\/www.mundi-roth.de\\\/teneriffa-blog\\\/wanderungen\\\/boca-tauce-%e2%80%93-chirche\\\/#breadcrumb\"},\"inLanguage\":\"de\",\"potentialAction\":[{\"@type\":\"ReadAction\",\"target\":[\"https:\\\/\\\/www.mundi-roth.de\\\/teneriffa-blog\\\/wanderungen\\\/boca-tauce-%e2%80%93-chirche\\\/\"]}]},{\"@type\":\"ImageObject\",\"inLanguage\":\"de\",\"@id\":\"https:\\\/\\\/www.mundi-roth.de\\\/teneriffa-blog\\\/wanderungen\\\/boca-tauce-%e2%80%93-chirche\\\/#primaryimage\",\"url\":\"https:\\\/\\\/www.mundi-roth.de\\\/teneriffa-blog\\\/wp-content\\\/uploads\\\/2010\\\/11\\\/Route.jpg\",\"contentUrl\":\"https:\\\/\\\/www.mundi-roth.de\\\/teneriffa-blog\\\/wp-content\\\/uploads\\\/2010\\\/11\\\/Route.jpg\",\"width\":\"600\",\"height\":\"320\"},{\"@type\":\"BreadcrumbList\",\"@id\":\"https:\\\/\\\/www.mundi-roth.de\\\/teneriffa-blog\\\/wanderungen\\\/boca-tauce-%e2%80%93-chirche\\\/#breadcrumb\",\"itemListElement\":[{\"@type\":\"ListItem\",\"position\":1,\"name\":\"Startseite\",\"item\":\"https:\\\/\\\/www.mundi-roth.de\\\/teneriffa-blog\\\/\"},{\"@type\":\"ListItem\",\"position\":2,\"name\":\"Boca Tauce \u2013 Chirche\"}]},{\"@type\":\"WebSite\",\"@id\":\"https:\\\/\\\/www.mundi-roth.de\\\/teneriffa-blog\\\/#website\",\"url\":\"https:\\\/\\\/www.mundi-roth.de\\\/teneriffa-blog\\\/\",\"name\":\"Teneriffa Wandern\",\"description\":\"Nicht nur Wanderungen auf Teneriffa...\",\"potentialAction\":[{\"@type\":\"SearchAction\",\"target\":{\"@type\":\"EntryPoint\",\"urlTemplate\":\"https:\\\/\\\/www.mundi-roth.de\\\/teneriffa-blog\\\/?s={search_term_string}\"},\"query-input\":{\"@type\":\"PropertyValueSpecification\",\"valueRequired\":true,\"valueName\":\"search_term_string\"}}],\"inLanguage\":\"de\"},{\"@type\":\"Person\",\"@id\":\"https:\\\/\\\/www.mundi-roth.de\\\/teneriffa-blog\\\/#\\\/schema\\\/person\\\/3afd0d251449790d15367c9aa52d203d\",\"name\":\"ir\",\"image\":{\"@type\":\"ImageObject\",\"inLanguage\":\"de\",\"@id\":\"https:\\\/\\\/secure.gravatar.com\\\/avatar\\\/e67b41513c921c2bb58363f44c8a00a447c9a2526ad8ff71b5b6257e5f7f5c66?s=96&d=mm&r=g\",\"url\":\"https:\\\/\\\/secure.gravatar.com\\\/avatar\\\/e67b41513c921c2bb58363f44c8a00a447c9a2526ad8ff71b5b6257e5f7f5c66?s=96&d=mm&r=g\",\"contentUrl\":\"https:\\\/\\\/secure.gravatar.com\\\/avatar\\\/e67b41513c921c2bb58363f44c8a00a447c9a2526ad8ff71b5b6257e5f7f5c66?s=96&d=mm&r=g\",\"caption\":\"ir\"},\"sameAs\":[\"http:\\\/\\\/www.mundi-roth.de\"],\"url\":\"https:\\\/\\\/www.mundi-roth.de\\\/teneriffa-blog\\\/author\\\/ir\\\/\"}]}<\/script>\n<!-- \/ Yoast SEO plugin. -->","yoast_head_json":{"title":"Boca Tauce \u2013 Chirche - Teneriffa Wandern","robots":{"index":"index","follow":"follow","max-snippet":"max-snippet:-1","max-image-preview":"max-image-preview:large","max-video-preview":"max-video-preview:-1"},"canonical":"https:\/\/www.mundi-roth.de\/teneriffa-blog\/wanderungen\/boca-tauce-\u2013-chirche\/","twitter_misc":{"Verfasst von":"ir","Gesch\u00e4tzte Lesezeit":"6\u00a0Minuten"},"schema":{"@context":"https:\/\/schema.org","@graph":[{"@type":"Article","@id":"https:\/\/www.mundi-roth.de\/teneriffa-blog\/wanderungen\/boca-tauce-%e2%80%93-chirche\/#article","isPartOf":{"@id":"https:\/\/www.mundi-roth.de\/teneriffa-blog\/wanderungen\/boca-tauce-%e2%80%93-chirche\/"},"author":{"name":"ir","@id":"https:\/\/www.mundi-roth.de\/teneriffa-blog\/#\/schema\/person\/3afd0d251449790d15367c9aa52d203d"},"headline":"Boca Tauce \u2013 Chirche","datePublished":"2010-11-25T21:00:13+00:00","dateModified":"2015-04-12T09:40:12+00:00","mainEntityOfPage":{"@id":"https:\/\/www.mundi-roth.de\/teneriffa-blog\/wanderungen\/boca-tauce-%e2%80%93-chirche\/"},"wordCount":1239,"commentCount":0,"image":{"@id":"https:\/\/www.mundi-roth.de\/teneriffa-blog\/wanderungen\/boca-tauce-%e2%80%93-chirche\/#primaryimage"},"thumbnailUrl":"http:\/\/www.mundi-roth.de\/teneriffa-blog\/wp-content\/uploads\/2010\/11\/Route-150x80.jpg","keywords":["Boca Tauce","Brasas de Chirche","Ca\u00f1adas","Chirche","Feuermeldeturm","Gu\u00eda de Isora","Narices del Teide","Pico Viejo","Playa San Juan","Sendero 18","Sendero 60","Stricklava","Teide"],"articleSection":["Ca\u00f1adas","Wanderungen"],"inLanguage":"de","potentialAction":[{"@type":"CommentAction","name":"Comment","target":["https:\/\/www.mundi-roth.de\/teneriffa-blog\/wanderungen\/boca-tauce-%e2%80%93-chirche\/#respond"]}]},{"@type":"WebPage","@id":"https:\/\/www.mundi-roth.de\/teneriffa-blog\/wanderungen\/boca-tauce-%e2%80%93-chirche\/","url":"https:\/\/www.mundi-roth.de\/teneriffa-blog\/wanderungen\/boca-tauce-%e2%80%93-chirche\/","name":"Boca Tauce \u2013 Chirche - Teneriffa Wandern","isPartOf":{"@id":"https:\/\/www.mundi-roth.de\/teneriffa-blog\/#website"},"primaryImageOfPage":{"@id":"https:\/\/www.mundi-roth.de\/teneriffa-blog\/wanderungen\/boca-tauce-%e2%80%93-chirche\/#primaryimage"},"image":{"@id":"https:\/\/www.mundi-roth.de\/teneriffa-blog\/wanderungen\/boca-tauce-%e2%80%93-chirche\/#primaryimage"},"thumbnailUrl":"http:\/\/www.mundi-roth.de\/teneriffa-blog\/wp-content\/uploads\/2010\/11\/Route-150x80.jpg","datePublished":"2010-11-25T21:00:13+00:00","dateModified":"2015-04-12T09:40:12+00:00","author":{"@id":"https:\/\/www.mundi-roth.de\/teneriffa-blog\/#\/schema\/person\/3afd0d251449790d15367c9aa52d203d"},"breadcrumb":{"@id":"https:\/\/www.mundi-roth.de\/teneriffa-blog\/wanderungen\/boca-tauce-%e2%80%93-chirche\/#breadcrumb"},"inLanguage":"de","potentialAction":[{"@type":"ReadAction","target":["https:\/\/www.mundi-roth.de\/teneriffa-blog\/wanderungen\/boca-tauce-%e2%80%93-chirche\/"]}]},{"@type":"ImageObject","inLanguage":"de","@id":"https:\/\/www.mundi-roth.de\/teneriffa-blog\/wanderungen\/boca-tauce-%e2%80%93-chirche\/#primaryimage","url":"https:\/\/www.mundi-roth.de\/teneriffa-blog\/wp-content\/uploads\/2010\/11\/Route.jpg","contentUrl":"https:\/\/www.mundi-roth.de\/teneriffa-blog\/wp-content\/uploads\/2010\/11\/Route.jpg","width":"600","height":"320"},{"@type":"BreadcrumbList","@id":"https:\/\/www.mundi-roth.de\/teneriffa-blog\/wanderungen\/boca-tauce-%e2%80%93-chirche\/#breadcrumb","itemListElement":[{"@type":"ListItem","position":1,"name":"Startseite","item":"https:\/\/www.mundi-roth.de\/teneriffa-blog\/"},{"@type":"ListItem","position":2,"name":"Boca Tauce \u2013 Chirche"}]},{"@type":"WebSite","@id":"https:\/\/www.mundi-roth.de\/teneriffa-blog\/#website","url":"https:\/\/www.mundi-roth.de\/teneriffa-blog\/","name":"Teneriffa Wandern","description":"Nicht nur Wanderungen auf Teneriffa...","potentialAction":[{"@type":"SearchAction","target":{"@type":"EntryPoint","urlTemplate":"https:\/\/www.mundi-roth.de\/teneriffa-blog\/?s={search_term_string}"},"query-input":{"@type":"PropertyValueSpecification","valueRequired":true,"valueName":"search_term_string"}}],"inLanguage":"de"},{"@type":"Person","@id":"https:\/\/www.mundi-roth.de\/teneriffa-blog\/#\/schema\/person\/3afd0d251449790d15367c9aa52d203d","name":"ir","image":{"@type":"ImageObject","inLanguage":"de","@id":"https:\/\/secure.gravatar.com\/avatar\/e67b41513c921c2bb58363f44c8a00a447c9a2526ad8ff71b5b6257e5f7f5c66?s=96&d=mm&r=g","url":"https:\/\/secure.gravatar.com\/avatar\/e67b41513c921c2bb58363f44c8a00a447c9a2526ad8ff71b5b6257e5f7f5c66?s=96&d=mm&r=g","contentUrl":"https:\/\/secure.gravatar.com\/avatar\/e67b41513c921c2bb58363f44c8a00a447c9a2526ad8ff71b5b6257e5f7f5c66?s=96&d=mm&r=g","caption":"ir"},"sameAs":["http:\/\/www.mundi-roth.de"],"url":"https:\/\/www.mundi-roth.de\/teneriffa-blog\/author\/ir\/"}]}},"_links":{"self":[{"href":"https:\/\/www.mundi-roth.de\/teneriffa-blog\/wp-json\/wp\/v2\/posts\/1071","targetHints":{"allow":["GET"]}}],"collection":[{"href":"https:\/\/www.mundi-roth.de\/teneriffa-blog\/wp-json\/wp\/v2\/posts"}],"about":[{"href":"https:\/\/www.mundi-roth.de\/teneriffa-blog\/wp-json\/wp\/v2\/types\/post"}],"author":[{"embeddable":true,"href":"https:\/\/www.mundi-roth.de\/teneriffa-blog\/wp-json\/wp\/v2\/users\/3"}],"replies":[{"embeddable":true,"href":"https:\/\/www.mundi-roth.de\/teneriffa-blog\/wp-json\/wp\/v2\/comments?post=1071"}],"version-history":[{"count":0,"href":"https:\/\/www.mundi-roth.de\/teneriffa-blog\/wp-json\/wp\/v2\/posts\/1071\/revisions"}],"wp:attachment":[{"href":"https:\/\/www.mundi-roth.de\/teneriffa-blog\/wp-json\/wp\/v2\/media?parent=1071"}],"wp:term":[{"taxonomy":"category","embeddable":true,"href":"https:\/\/www.mundi-roth.de\/teneriffa-blog\/wp-json\/wp\/v2\/categories?post=1071"},{"taxonomy":"post_tag","embeddable":true,"href":"https:\/\/www.mundi-roth.de\/teneriffa-blog\/wp-json\/wp\/v2\/tags?post=1071"}],"curies":[{"name":"wp","href":"https:\/\/api.w.org\/{rel}","templated":true}]}}