{"id":1142,"date":"2010-12-23T22:00:18","date_gmt":"2010-12-23T21:00:18","guid":{"rendered":"http:\/\/www.mundi-roth.de\/teneriffa-blog\/?p=1142"},"modified":"2015-04-12T10:35:28","modified_gmt":"2015-04-12T09:35:28","slug":"las-lajas-%e2%80%93-ifonche","status":"publish","type":"post","link":"https:\/\/www.mundi-roth.de\/teneriffa-blog\/wanderungen\/las-lajas-%e2%80%93-ifonche\/","title":{"rendered":"Las Lajas \u2013 Ifonche"},"content":{"rendered":"<p><strong>Das Motto f\u00fcr diese Wanderung k\u00f6nnte lauten: \u201eVon nun an ging\u2019s bergab\u201c. Zugegeben: Mit einigen teils k\u00fcrzeren, teils etwas l\u00e4ngeren Anstiegen. Jedoch: Ausgangsbasis ist eine H\u00f6he von rund 2100 Metern und wir kommen bei ca. 1250 Metern an.<\/strong><br \/>\nEine Wanderung die durch lichten Kiefernwald f\u00fchrt \u2013 der sich nach dem Brand von 1998 wieder gut erholt hat &#8211; und immer wieder beeindruckende Einblicke in imposante Barrancos mit immer wieder anderen Felsformationen gew\u00e4hrt und \u2013 h\u00e4tte man freie Sicht \u2013 den Blick auf den S\u00fcdwesten Teneriffas mit dem Massiv von Adeje und auf die landwirtschaftlich genutzte Ebene von Trevejo mit ihren Bimssteinfeldern freigibt.<br \/>\nAlso los!<\/p>\n<p><strong>Wanderwegstrecke: 5 Stunden<\/strong><br \/>\nIn dieser Saison ist die Nutzung der Buslinie 342 um 09:15 ab Playas de las Americas in die Ca\u00f1adas f\u00fcr uns schon fast zur Routine geworden. Um 10.30 Uhr verlassen wir bei Las Lajas (2100 m) den Bus, queren die Stra\u00dfe und den gro\u00dfen Grillplatz in gerader Linie, lassen das Geb\u00e4ude links liegen, gehen vorbei an einem h\u00f6lzernen Hinweisschild \u201eWC\u201c und gehen bis zu zwei Eisenst\u00e4ben die ehemals zur Befestigung einer Informationstafel dienten. An einem Stein sehen wir die Markierung: gr\u00fcn-wei\u00dfer Punkt und im ersten St\u00fcck ist der Weg mit Steinen eingefasst. Hier biegen wir also rechts ab und m\u00fcssen jedoch im ersten St\u00fcck den Pfad zwischen den Str\u00e4uchern suchen, da er offensichtlich <a href=\"http:\/\/www.mundi-roth.de\/teneriffa-blog\/wp-content\/uploads\/2010\/12\/R0011992.jpg\" rel=\"lightbox[1142]\"><img loading=\"lazy\" decoding=\"async\" class=\"alignright size-thumbnail wp-image-1143\" title=\"R0011992\" src=\"http:\/\/www.mundi-roth.de\/teneriffa-blog\/wp-content\/uploads\/2010\/12\/R0011992-150x112.jpg\" alt=\"\" width=\"150\" height=\"112\" srcset=\"https:\/\/www.mundi-roth.de\/teneriffa-blog\/wp-content\/uploads\/2010\/12\/R0011992-150x112.jpg 150w, https:\/\/www.mundi-roth.de\/teneriffa-blog\/wp-content\/uploads\/2010\/12\/R0011992-300x225.jpg 300w, https:\/\/www.mundi-roth.de\/teneriffa-blog\/wp-content\/uploads\/2010\/12\/R0011992.jpg 600w\" sizes=\"auto, (max-width: 150px) 100vw, 150px\" \/><\/a>nicht viel begangen wird.<br \/>\nNach ca. 20 Minuten sind wir an der ersten Hinweistafel <em>Paradores Pastoriles<\/em> und einem Hirtenunterstand. Die Tafel ist leider schon sehr verwittert, wir k\u00f6nnen aber noch entziffern, dass erkl\u00e4rt wird, dass es sich hier fr\u00fcher um das Sommer-Weidegebiet handelte.<br \/>\nAn einer dicken, auch vom Brand gekennzeichneten Kiefer gehen wir \u00fcber Kiefernnadeln links aufw\u00e4rts, um am letzten Ast rechts abzubiegen.<br \/>\nWir gelangen an die n\u00e4chste Informationstafel: <em>Campo de Vulcanes de<\/em> <em>Ifonche<\/em>. Hier k\u00f6nnen wir die Namen der umliegenden Berge ausmachen. Die rote Kuppe, die so dekorativ den Vordergrund f\u00fcr den Weitblick zur Insel La Palma abgibt, muss die Monta\u00f1a de la Medida sein.<br \/>\nWir wandern weiter mutterseelenallein im Sonnenschein, traumhaft sch\u00f6n, blicken auf ein wei\u00dfes Wolkenmeer unter uns aus dem die Gipfel <a href=\"http:\/\/www.mundi-roth.de\/teneriffa-blog\/wp-content\/uploads\/2010\/12\/R0011999.jpg\" rel=\"lightbox[1142]\"><img loading=\"lazy\" decoding=\"async\" class=\"alignleft size-thumbnail wp-image-1144\" title=\"R0011999\" src=\"http:\/\/www.mundi-roth.de\/teneriffa-blog\/wp-content\/uploads\/2010\/12\/R0011999-150x112.jpg\" alt=\"\" width=\"150\" height=\"112\" srcset=\"https:\/\/www.mundi-roth.de\/teneriffa-blog\/wp-content\/uploads\/2010\/12\/R0011999-150x112.jpg 150w, https:\/\/www.mundi-roth.de\/teneriffa-blog\/wp-content\/uploads\/2010\/12\/R0011999-300x225.jpg 300w, https:\/\/www.mundi-roth.de\/teneriffa-blog\/wp-content\/uploads\/2010\/12\/R0011999.jpg 600w\" sizes=\"auto, (max-width: 150px) 100vw, 150px\" \/><\/a>der Roque Imoque, Conde und Los Brezos herausragen und zwischen Kiefern machen wir in der Ferne sogar El Hierro aus.<a href=\"http:\/\/www.mundi-roth.de\/teneriffa-blog\/wp-content\/uploads\/2010\/12\/R0012001.jpg\" rel=\"lightbox[1142]\"><img loading=\"lazy\" decoding=\"async\" class=\"alignright size-thumbnail wp-image-1145\" title=\"R0012001\" src=\"http:\/\/www.mundi-roth.de\/teneriffa-blog\/wp-content\/uploads\/2010\/12\/R0012001-112x150.jpg\" alt=\"\" width=\"112\" height=\"150\" srcset=\"https:\/\/www.mundi-roth.de\/teneriffa-blog\/wp-content\/uploads\/2010\/12\/R0012001-112x150.jpg 112w, https:\/\/www.mundi-roth.de\/teneriffa-blog\/wp-content\/uploads\/2010\/12\/R0012001-225x300.jpg 225w, https:\/\/www.mundi-roth.de\/teneriffa-blog\/wp-content\/uploads\/2010\/12\/R0012001.jpg 450w\" sizes=\"auto, (max-width: 112px) 100vw, 112px\" \/><\/a><br \/>\nWir gehen die l\u00e4ngste bergabw\u00e4rts f\u00fchrende Strecke durch den Kiefernwald.<br \/>\nNach ca. 1 Stunde f\u00fchlen wir uns\u00a0 in die Alpen versetzt: \u00dcber eine gro\u00dfe Felsfl\u00e4che rieseln und <a href=\"http:\/\/www.mundi-roth.de\/teneriffa-blog\/wp-content\/uploads\/2010\/12\/R0012003.jpg\" rel=\"lightbox[1142]\"><img loading=\"lazy\" decoding=\"async\" class=\"alignleft size-thumbnail wp-image-1146\" title=\"R0012003\" src=\"http:\/\/www.mundi-roth.de\/teneriffa-blog\/wp-content\/uploads\/2010\/12\/R0012003-150x112.jpg\" alt=\"\" width=\"150\" height=\"112\" srcset=\"https:\/\/www.mundi-roth.de\/teneriffa-blog\/wp-content\/uploads\/2010\/12\/R0012003-150x112.jpg 150w, https:\/\/www.mundi-roth.de\/teneriffa-blog\/wp-content\/uploads\/2010\/12\/R0012003-300x225.jpg 300w, https:\/\/www.mundi-roth.de\/teneriffa-blog\/wp-content\/uploads\/2010\/12\/R0012003.jpg 600w\" sizes=\"auto, (max-width: 150px) 100vw, 150px\" \/><\/a>pl\u00e4tschern Wasserb\u00e4che, die wir dem Regen der letzten Tage zu verdanken haben. Hier legen wir erst mal einen kleinen Stopp ein, um dieses <a href=\"http:\/\/www.mundi-roth.de\/teneriffa-blog\/wp-content\/uploads\/2010\/12\/R0012008.jpg\" rel=\"lightbox[1142]\"><img loading=\"lazy\" decoding=\"async\" class=\"alignright size-thumbnail wp-image-1147\" title=\"R0012008\" src=\"http:\/\/www.mundi-roth.de\/teneriffa-blog\/wp-content\/uploads\/2010\/12\/R0012008-112x150.jpg\" alt=\"\" width=\"112\" height=\"150\" srcset=\"https:\/\/www.mundi-roth.de\/teneriffa-blog\/wp-content\/uploads\/2010\/12\/R0012008-112x150.jpg 112w, https:\/\/www.mundi-roth.de\/teneriffa-blog\/wp-content\/uploads\/2010\/12\/R0012008-225x300.jpg 225w, https:\/\/www.mundi-roth.de\/teneriffa-blog\/wp-content\/uploads\/2010\/12\/R0012008.jpg 450w\" sizes=\"auto, (max-width: 112px) 100vw, 112px\" \/><\/a>Schauspiel gen\u00fcgend w\u00fcrdigen zu k\u00f6nnen.<br \/>\nWeiter geht es nun abw\u00e4rts zum Barrancogrund von <a href=\"http:\/\/www.mundi-roth.de\/teneriffa-blog\/wp-content\/uploads\/2010\/12\/R0012013.jpg\" rel=\"lightbox[1142]\"><img loading=\"lazy\" decoding=\"async\" class=\"alignleft size-thumbnail wp-image-1148\" title=\"R0012013\" src=\"http:\/\/www.mundi-roth.de\/teneriffa-blog\/wp-content\/uploads\/2010\/12\/R0012013-112x150.jpg\" alt=\"\" width=\"112\" height=\"150\" srcset=\"https:\/\/www.mundi-roth.de\/teneriffa-blog\/wp-content\/uploads\/2010\/12\/R0012013-112x150.jpg 112w, https:\/\/www.mundi-roth.de\/teneriffa-blog\/wp-content\/uploads\/2010\/12\/R0012013-225x300.jpg 225w, https:\/\/www.mundi-roth.de\/teneriffa-blog\/wp-content\/uploads\/2010\/12\/R0012013.jpg 450w\" sizes=\"auto, (max-width: 112px) 100vw, 112px\" \/><\/a>\u201eEl Cuervo\u201c, m\u00fcssen nat\u00fcrlich wieder aufsteigen und k\u00f6nnen uns an der n\u00e4chsten Tafel \u201eschlau\u201c machen \u00fcber die \u201e<em>Basaltus antiguos<\/em>\u201c, die als Folge\u00a0 einer sehr ruhigen und flie\u00dfenden Eruption entstanden sind und sich durch ihr gro\u00dfes Volumen und ihre dunkle Farbe auszeichnen. Davon k\u00f6nnen wir uns mit einem <a href=\"http:\/\/www.mundi-roth.de\/teneriffa-blog\/wp-content\/uploads\/2010\/12\/R0012016.jpg\" rel=\"lightbox[1142]\"><img loading=\"lazy\" decoding=\"async\" class=\"alignright size-thumbnail wp-image-1149\" title=\"R0012016\" src=\"http:\/\/www.mundi-roth.de\/teneriffa-blog\/wp-content\/uploads\/2010\/12\/R0012016-150x112.jpg\" alt=\"\" width=\"150\" height=\"112\" srcset=\"https:\/\/www.mundi-roth.de\/teneriffa-blog\/wp-content\/uploads\/2010\/12\/R0012016-150x112.jpg 150w, https:\/\/www.mundi-roth.de\/teneriffa-blog\/wp-content\/uploads\/2010\/12\/R0012016-300x225.jpg 300w, https:\/\/www.mundi-roth.de\/teneriffa-blog\/wp-content\/uploads\/2010\/12\/R0012016.jpg 600w\" sizes=\"auto, (max-width: 150px) 100vw, 150px\" \/><\/a>Blick auf die andere Seite des tiefen Barrancos \u00fcberzeugen.<br \/>\nInzwischen sind wir bei 1900 Metern angelangt.<br \/>\nDie Bodenbeschaffenheit des Weges ist sehr unterschiedlich: Kiefernnadeln, sehr angenehm zu gehen, weniger gut zu gehen sind die Strecken, die mit dicken Felsbrocken \u00fcbers\u00e4t sind, weniger Probleme machen die Passagen, die \u00fcber Platten \u2013 Las Lajas \u2013 f\u00fchren.<br \/>\nDie 4. Hinweistafel bei 1775 Metern kl\u00e4rt uns \u00fcber \u201e<em>La Silvicultura<\/em>\u201c auf. Hier wird ausf\u00fchrlich \u00fcber die Anpflanzung von Kiefern und die Harzgewinnung aus den kanarischen Kiefern\u00a0 &#8211; Pinus canariensis \u2013 berichtet. Aus dem gesammelten Harz wurde durch Destillation Terpentin\u00f6l und Holzpech gewonnen. Diese Stoffe dienten zum Abdichten der Schiffe und zur Herstellung eines Heil\u00f6ls, des sogenannten \u201eMiera\u201c.<br \/>\nWir wandern den Hang weiter abw\u00e4rts, queren eine Forststra\u00dfe und gehen weiter gerade aus bergab, folgen dem gr\u00fcnen Pfeil. Kurz darauf gelangen wir wieder auf die Forststra\u00dfe und ein weiterer gr\u00fcner Pfeil weist uns nach links. Wir wandern oberhalb eines verfallenen Hauses mit Wellblechdach vorbei und nochmals weist uns ein gr\u00fcner Pfeil nach links. Der Weg steigt an, ist durch seinen ger\u00f6lligen Untergrund nicht gut zu gehen, jedoch gut zu erkennen, da links mit Steinen eingefasst und der n\u00e4chste gr\u00fcne Punkt leuchtet uns entgegen.<br \/>\nDie n\u00e4chste Informationstafel \u201e<em>El Pinar<\/em>\u201c ist bereits sehr verwittert und kaum noch zu lesen.<br \/>\nSie beschreibt wohl die hier vorkommenden Pflanzen. Erstaunt stellen wir fest, dass wir wieder auf einer H\u00f6he von 2100 Metern angelangt sind.<br \/>\nAuf einem nunmehr breit ausgebauten Weg mit dicken Steinen geht es aufw\u00e4rts.<br \/>\nWieder h\u00e4tte eine Tafel \u00fcber irgend etwas aufgekl\u00e4rt, aber sie ist entweder durch Witterungseinfl\u00fcsse oder Raudis absolut unlesbar.<br \/>\nUnverdrossen gehen wir weiter abw\u00e4rts und um 13 Uhr, nach 2 \u00bd Stunden Gehzeit, erreichen wir oberhalb der wei\u00df durch die Kiefern schimmernden Geb\u00e4ude der Wasserversorgung, eine neue Markierung: Camino Natural Anaga Chasna.<br \/>\nHier bleibt es nun jedem selbst \u00fcberlassen, ob er abw\u00e4rts nach Vilaflor<a href=\"http:\/\/www.mundi-roth.de\/teneriffa-blog\/wp-content\/uploads\/2010\/12\/R0012024.jpg\" rel=\"lightbox[1142]\"><img loading=\"lazy\" decoding=\"async\" class=\"alignright size-thumbnail wp-image-1150\" title=\"R0012024\" src=\"http:\/\/www.mundi-roth.de\/teneriffa-blog\/wp-content\/uploads\/2010\/12\/R0012024-150x112.jpg\" alt=\"\" width=\"150\" height=\"112\" srcset=\"https:\/\/www.mundi-roth.de\/teneriffa-blog\/wp-content\/uploads\/2010\/12\/R0012024-150x112.jpg 150w, https:\/\/www.mundi-roth.de\/teneriffa-blog\/wp-content\/uploads\/2010\/12\/R0012024-300x225.jpg 300w, https:\/\/www.mundi-roth.de\/teneriffa-blog\/wp-content\/uploads\/2010\/12\/R0012024.jpg 600w\" sizes=\"auto, (max-width: 150px) 100vw, 150px\" \/><\/a> die 1,9 km geht oder \u2013 wie wir \u2013 rechts dem Hinweis: Etappe 7, Ifonche 9,2 km. Der Weg ist nunmehr bestens pr\u00e4pariert und gekennzeichnet: wei\u00df-rote Striche, abgehende Pfade, die nicht genommen werden sollen sind mit gekreuzten Strichen markiert.<br \/>\nWir gelangen an die Stelle die im November vergangenen Jahres gesperrt war. Nun wissen wir auch warum: Die ganze Strecke bis Ifonche ist ausgebaut und markiert worden. Verlaufen gibt es nicht mehr, auch keine Zweifel kommen mehr auf.<br \/>\nWir kommen an die Stelle mit dem gro\u00dfen \u201eVersammlungsplatz\u201c, nach Dreschplatz sieht es\u00a0 nicht aus und von hier aus h\u00e4tte man \u2013 bei guter Sicht \u2013 wieder einen phantastischen Ausblick bis zur Monta\u00f1a Roja, wie wir es in der Vergangenheit erleben durften.<br \/>\n<a href=\"http:\/\/www.mundi-roth.de\/teneriffa-blog\/wp-content\/uploads\/2010\/12\/R0012027.jpg\" rel=\"lightbox[1142]\"><img loading=\"lazy\" decoding=\"async\" class=\"alignleft size-thumbnail wp-image-1151\" title=\"R0012027\" src=\"http:\/\/www.mundi-roth.de\/teneriffa-blog\/wp-content\/uploads\/2010\/12\/R0012027-150x112.jpg\" alt=\"\" width=\"150\" height=\"112\" srcset=\"https:\/\/www.mundi-roth.de\/teneriffa-blog\/wp-content\/uploads\/2010\/12\/R0012027-150x112.jpg 150w, https:\/\/www.mundi-roth.de\/teneriffa-blog\/wp-content\/uploads\/2010\/12\/R0012027-300x225.jpg 300w, https:\/\/www.mundi-roth.de\/teneriffa-blog\/wp-content\/uploads\/2010\/12\/R0012027.jpg 600w\" sizes=\"auto, (max-width: 150px) 100vw, 150px\" \/><\/a>Wir staunen nur noch: Weiter abw\u00e4rts ist ein neuer, kleinerer Steinkreis erbaut worden.<br \/>\nUm 13.45 &#8211; wir sind inzwischen 3 1\/4 Stunden unterwegs &#8211; erreichen wir den immer wieder zu bestaunende Wirrwarr der verschiedenen Wasserleitungen. Schon 5 Minuten sp\u00e4ter zeigt<a href=\"http:\/\/www.mundi-roth.de\/teneriffa-blog\/wp-content\/uploads\/2010\/12\/R0012030.jpg\" rel=\"lightbox[1142]\"><img loading=\"lazy\" decoding=\"async\" class=\"alignright size-thumbnail wp-image-1152\" title=\"R0012030\" src=\"http:\/\/www.mundi-roth.de\/teneriffa-blog\/wp-content\/uploads\/2010\/12\/R0012030-150x112.jpg\" alt=\"\" width=\"150\" height=\"112\" srcset=\"https:\/\/www.mundi-roth.de\/teneriffa-blog\/wp-content\/uploads\/2010\/12\/R0012030-150x112.jpg 150w, https:\/\/www.mundi-roth.de\/teneriffa-blog\/wp-content\/uploads\/2010\/12\/R0012030-300x225.jpg 300w, https:\/\/www.mundi-roth.de\/teneriffa-blog\/wp-content\/uploads\/2010\/12\/R0012030.jpg 600w\" sizes=\"auto, (max-width: 150px) 100vw, 150px\" \/><\/a> uns die n\u00e4chste Hinweistafel auf, dass es nach Ifonche noch 6,7 km sind.<br \/>\nNun sind wir neugierig, wo uns der neu angelegte Weg hin bringt, denn fr\u00fcher gingen wir rechts die Forststra\u00dfe aufw\u00e4rts, so von mir im Februar 2007 beschrieben, und nun biegen wir links ab, der Ausschilderung folgend..<br \/>\nDie Gegend kommt uns sehr vertraut vor, denn auf mehreren Wanderungen, die wir bei Kilometer 15 der TF 51 Richtung \u201egro\u00dfes Wasserbecken\u201c starteten, irrten wir auf dem Weg nach Ifonche hier <a href=\"http:\/\/www.mundi-roth.de\/teneriffa-blog\/wp-content\/uploads\/2010\/12\/R0012034.jpg\" rel=\"lightbox[1142]\"><img loading=\"lazy\" decoding=\"async\" class=\"alignleft size-thumbnail wp-image-1153\" title=\"R0012034\" src=\"http:\/\/www.mundi-roth.de\/teneriffa-blog\/wp-content\/uploads\/2010\/12\/R0012034-150x112.jpg\" alt=\"\" width=\"150\" height=\"112\" srcset=\"https:\/\/www.mundi-roth.de\/teneriffa-blog\/wp-content\/uploads\/2010\/12\/R0012034-150x112.jpg 150w, https:\/\/www.mundi-roth.de\/teneriffa-blog\/wp-content\/uploads\/2010\/12\/R0012034-300x225.jpg 300w, https:\/\/www.mundi-roth.de\/teneriffa-blog\/wp-content\/uploads\/2010\/12\/R0012034.jpg 600w\" sizes=\"auto, (max-width: 150px) 100vw, 150px\" \/><\/a>herum. Nun gibt es keine Zweifel mehr, wir werden geleitet. Wir passieren ein neues, ausgebautes Br\u00fcckchen mit gef\u00fcllten Gumpen.<br \/>\nEin kurzer Aufstieg f\u00fchrt uns wieder an ein Wasserreservar, wei\u00dfe Punkte leiten uns nun. Wir erreichen die Anh\u00f6he, die wir fr\u00fcher von oben kommend passierten und gehen bis zu dem dicken <a href=\"http:\/\/www.mundi-roth.de\/teneriffa-blog\/wp-content\/uploads\/2010\/12\/R0012038.jpg\" rel=\"lightbox[1142]\"><img loading=\"lazy\" decoding=\"async\" class=\"alignright size-thumbnail wp-image-1155\" title=\"R0012038\" src=\"http:\/\/www.mundi-roth.de\/teneriffa-blog\/wp-content\/uploads\/2010\/12\/R0012038-150x112.jpg\" alt=\"\" width=\"150\" height=\"112\" srcset=\"https:\/\/www.mundi-roth.de\/teneriffa-blog\/wp-content\/uploads\/2010\/12\/R0012038-150x112.jpg 150w, https:\/\/www.mundi-roth.de\/teneriffa-blog\/wp-content\/uploads\/2010\/12\/R0012038-300x225.jpg 300w, https:\/\/www.mundi-roth.de\/teneriffa-blog\/wp-content\/uploads\/2010\/12\/R0012038.jpg 600w\" sizes=\"auto, (max-width: 150px) 100vw, 150px\" \/><\/a>Steinm\u00e4nnchen weiter, um einen Blick in den beeindruckenden Barranco de Ifonche zu <a href=\"http:\/\/www.mundi-roth.de\/teneriffa-blog\/wp-content\/uploads\/2010\/12\/R0012039.jpg\" rel=\"lightbox[1142]\"><img loading=\"lazy\" decoding=\"async\" class=\"alignleft size-thumbnail wp-image-1156\" title=\"R0012039\" src=\"http:\/\/www.mundi-roth.de\/teneriffa-blog\/wp-content\/uploads\/2010\/12\/R0012039-150x112.jpg\" alt=\"\" width=\"150\" height=\"112\" srcset=\"https:\/\/www.mundi-roth.de\/teneriffa-blog\/wp-content\/uploads\/2010\/12\/R0012039-150x112.jpg 150w, https:\/\/www.mundi-roth.de\/teneriffa-blog\/wp-content\/uploads\/2010\/12\/R0012039-300x225.jpg 300w, https:\/\/www.mundi-roth.de\/teneriffa-blog\/wp-content\/uploads\/2010\/12\/R0012039.jpg 600w\" sizes=\"auto, (max-width: 150px) 100vw, 150px\" \/><\/a>werfen. Etwas weiter unterhalb probieren wir das Echo aus und kehren nun auf den markierten Weg zur\u00fcck.<br \/>\nEin ganzes St\u00fcck weiter bergab queren wir einen gemauerten, kein Wasser f\u00fchrenden Kanal, um erst wieder einen<a href=\"http:\/\/www.mundi-roth.de\/teneriffa-blog\/wp-content\/uploads\/2010\/12\/R0012043.jpg\" rel=\"lightbox[1142]\"><img loading=\"lazy\" decoding=\"async\" class=\"alignright size-thumbnail wp-image-1157\" title=\"R0012043\" src=\"http:\/\/www.mundi-roth.de\/teneriffa-blog\/wp-content\/uploads\/2010\/12\/R0012043-150x112.jpg\" alt=\"\" width=\"150\" height=\"112\" srcset=\"https:\/\/www.mundi-roth.de\/teneriffa-blog\/wp-content\/uploads\/2010\/12\/R0012043-150x112.jpg 150w, https:\/\/www.mundi-roth.de\/teneriffa-blog\/wp-content\/uploads\/2010\/12\/R0012043-300x225.jpg 300w, https:\/\/www.mundi-roth.de\/teneriffa-blog\/wp-content\/uploads\/2010\/12\/R0012043.jpg 600w\" sizes=\"auto, (max-width: 150px) 100vw, 150px\" \/><\/a> Blick in den links des Hangs liegenden Barranco mit seinen wuchtigen Steims\u00e4ulen zu werfen.<br \/>\nWie sagte ich eingangs: \u201eVon nun an ging\u2019s bergab\u201c. Und so war es. Der Wasserkanal begleitet uns noch ein ganzes St\u00fcck rechts von uns und in Serpentinen steigen wir in den Barrancogrund, folgen diesem links, um dann auf die TF567 bei Km 3 aufzusteigen.<br \/>\nDa wir unsere M\u00e4nner um 14.45 Uhr verst\u00e4ndigt hatten, dass wir voraussichtlich gegen 16 Uhr in Ifonche sein werden, damit sie uns \u201eeinsammeln\u201c k\u00f6nnen, und wir doch schneller waren als wir absehen <a href=\"http:\/\/www.mundi-roth.de\/teneriffa-blog\/wp-content\/uploads\/2010\/12\/R0012045.jpg\" rel=\"lightbox[1142]\"><img loading=\"lazy\" decoding=\"async\" class=\"alignleft size-thumbnail wp-image-1158\" title=\"R0012045\" src=\"http:\/\/www.mundi-roth.de\/teneriffa-blog\/wp-content\/uploads\/2010\/12\/R0012045-112x150.jpg\" alt=\"\" width=\"112\" height=\"150\" srcset=\"https:\/\/www.mundi-roth.de\/teneriffa-blog\/wp-content\/uploads\/2010\/12\/R0012045-112x150.jpg 112w, https:\/\/www.mundi-roth.de\/teneriffa-blog\/wp-content\/uploads\/2010\/12\/R0012045-225x300.jpg 225w, https:\/\/www.mundi-roth.de\/teneriffa-blog\/wp-content\/uploads\/2010\/12\/R0012045.jpg 450w\" sizes=\"auto, (max-width: 112px) 100vw, 112px\" \/><\/a>konnten, marschieren wir Richtung TF 51 &#8211; vorbei an beeindruckenden Felsw\u00e4nden bis zur Gedenkst\u00e4tte <a href=\"http:\/\/www.mundi-roth.de\/teneriffa-blog\/wp-content\/uploads\/2010\/12\/R0012046.jpg\" rel=\"lightbox[1142]\"><img loading=\"lazy\" decoding=\"async\" class=\"alignright size-thumbnail wp-image-1159\" title=\"R0012046\" src=\"http:\/\/www.mundi-roth.de\/teneriffa-blog\/wp-content\/uploads\/2010\/12\/R0012046-150x112.jpg\" alt=\"\" width=\"150\" height=\"112\" srcset=\"https:\/\/www.mundi-roth.de\/teneriffa-blog\/wp-content\/uploads\/2010\/12\/R0012046-150x112.jpg 150w, https:\/\/www.mundi-roth.de\/teneriffa-blog\/wp-content\/uploads\/2010\/12\/R0012046-300x225.jpg 300w, https:\/\/www.mundi-roth.de\/teneriffa-blog\/wp-content\/uploads\/2010\/12\/R0012046.jpg 600w\" sizes=\"auto, (max-width: 150px) 100vw, 150px\" \/><\/a>f\u00fcr Hermano Pedro. Und um Punkt 16 Uhr sind wir wieder vereint und \u2013 wie schon \u00f6fter &#8211;\u00a0 kehren wir in La Escalona im \u201eLa Barrica\u201c ein.<br \/>\nEine wundersch\u00f6ne Wanderung, gr\u00f6\u00dftenteils so gar im Sonnenschein, hat ihren Abschluss gefunden und kann zur Nachahmung empfohlen werden.<\/p>\n<p>Es gibt verschiedene M\u00f6glichkeiten, diese Tour zu gestalten: Entweder in der von uns gegangenen Form. Hat mein kein liebevolles Taxi, dann muss man halt die 3 km bis zur Bushaltestelle an der TF 51 gehen.<\/p>\n<p>Will man seinen Knien die gesamte Strecke nicht zumuten, kann man entweder in Villaflor beim Hotel Vilalba einsteigen, dann ist die Strecke mit An- und Abfahrt mit Bus zu bewerkstelligen.<\/p>\n<p>Oder man setzt Autos um. Eins wird in Ifonche abgestellt und das andere bei Km 15 an der TF 51, dann verk\u00fcrzt sich beide Male die Wanderstrecke enorm.<\/p>\n<p><strong> Achtung!<\/strong> Will man sein privates Abholtaxi verst\u00e4ndigen, wann man abgeholt werden will, empfiehlt es sich, bei dem erw\u00e4hnten gro\u00dfen Steinm\u00e4nnchen anzurufen, denn aus leidvoller Erfahrung wissen wir, dass es etwas weiter unten und auch an der TF 567 keinen Netzempfang gibt f\u00fcr&#8217;s Handy gibt!<\/p>\n","protected":false},"excerpt":{"rendered":"<p>Das Motto f\u00fcr diese Wanderung k\u00f6nnte lauten: \u201eVon nun an ging\u2019s bergab\u201c. Zugegeben: Mit einigen teils k\u00fcrzeren, teils etwas l\u00e4ngeren Anstiegen. Jedoch: Ausgangsbasis ist eine H\u00f6he von rund 2100 Metern und wir kommen bei ca. 1250 Metern an. Eine Wanderung die durch lichten Kiefernwald f\u00fchrt \u2013 der sich nach dem Brand von 1998 wieder gut [&hellip;]<\/p>\n","protected":false},"author":3,"featured_media":0,"comment_status":"open","ping_status":"open","sticky":false,"template":"","format":"standard","meta":{"footnotes":""},"categories":[774,6],"tags":[432,431,144,64,433,429,434,430],"class_list":["post-1142","post","type-post","status-publish","format-standard","hentry","category-vilaflor","category-wanderungen","tag-basaltus-antiguos","tag-el-cuervo","tag-hermano-pedro","tag-ifonche","tag-la-silvicultura","tag-las-lajas","tag-miera","tag-paradores-pastoriles"],"yoast_head":"<!-- This site is optimized with the Yoast SEO plugin v27.5 - https:\/\/yoast.com\/product\/yoast-seo-wordpress\/ -->\n<title>Las Lajas \u2013 Ifonche - Teneriffa Wandern<\/title>\n<meta name=\"robots\" content=\"index, follow, max-snippet:-1, max-image-preview:large, max-video-preview:-1\" \/>\n<link rel=\"canonical\" href=\"https:\/\/www.mundi-roth.de\/teneriffa-blog\/wanderungen\/las-lajas-\u2013-ifonche\/\" \/>\n<meta name=\"twitter:label1\" content=\"Verfasst von\" \/>\n\t<meta name=\"twitter:data1\" content=\"ir\" \/>\n\t<meta name=\"twitter:label2\" content=\"Gesch\u00e4tzte Lesezeit\" \/>\n\t<meta name=\"twitter:data2\" content=\"7\u00a0Minuten\" \/>\n<script type=\"application\/ld+json\" class=\"yoast-schema-graph\">{\"@context\":\"https:\\\/\\\/schema.org\",\"@graph\":[{\"@type\":\"Article\",\"@id\":\"https:\\\/\\\/www.mundi-roth.de\\\/teneriffa-blog\\\/wanderungen\\\/las-lajas-%e2%80%93-ifonche\\\/#article\",\"isPartOf\":{\"@id\":\"https:\\\/\\\/www.mundi-roth.de\\\/teneriffa-blog\\\/wanderungen\\\/las-lajas-%e2%80%93-ifonche\\\/\"},\"author\":{\"name\":\"ir\",\"@id\":\"https:\\\/\\\/www.mundi-roth.de\\\/teneriffa-blog\\\/#\\\/schema\\\/person\\\/3afd0d251449790d15367c9aa52d203d\"},\"headline\":\"Las Lajas \u2013 Ifonche\",\"datePublished\":\"2010-12-23T21:00:18+00:00\",\"dateModified\":\"2015-04-12T09:35:28+00:00\",\"mainEntityOfPage\":{\"@id\":\"https:\\\/\\\/www.mundi-roth.de\\\/teneriffa-blog\\\/wanderungen\\\/las-lajas-%e2%80%93-ifonche\\\/\"},\"wordCount\":1474,\"commentCount\":0,\"image\":{\"@id\":\"https:\\\/\\\/www.mundi-roth.de\\\/teneriffa-blog\\\/wanderungen\\\/las-lajas-%e2%80%93-ifonche\\\/#primaryimage\"},\"thumbnailUrl\":\"http:\\\/\\\/www.mundi-roth.de\\\/teneriffa-blog\\\/wp-content\\\/uploads\\\/2010\\\/12\\\/R0011992-150x112.jpg\",\"keywords\":[\"Basaltus antiguos\",\"El Cuervo\",\"Hermano Pedro\",\"Ifonche\",\"La Silvicultura\",\"Las Lajas\",\"Miera\",\"Paradores Pastoriles\"],\"articleSection\":[\"Vilaflor\",\"Wanderungen\"],\"inLanguage\":\"de\",\"potentialAction\":[{\"@type\":\"CommentAction\",\"name\":\"Comment\",\"target\":[\"https:\\\/\\\/www.mundi-roth.de\\\/teneriffa-blog\\\/wanderungen\\\/las-lajas-%e2%80%93-ifonche\\\/#respond\"]}]},{\"@type\":\"WebPage\",\"@id\":\"https:\\\/\\\/www.mundi-roth.de\\\/teneriffa-blog\\\/wanderungen\\\/las-lajas-%e2%80%93-ifonche\\\/\",\"url\":\"https:\\\/\\\/www.mundi-roth.de\\\/teneriffa-blog\\\/wanderungen\\\/las-lajas-%e2%80%93-ifonche\\\/\",\"name\":\"Las Lajas \u2013 Ifonche - Teneriffa Wandern\",\"isPartOf\":{\"@id\":\"https:\\\/\\\/www.mundi-roth.de\\\/teneriffa-blog\\\/#website\"},\"primaryImageOfPage\":{\"@id\":\"https:\\\/\\\/www.mundi-roth.de\\\/teneriffa-blog\\\/wanderungen\\\/las-lajas-%e2%80%93-ifonche\\\/#primaryimage\"},\"image\":{\"@id\":\"https:\\\/\\\/www.mundi-roth.de\\\/teneriffa-blog\\\/wanderungen\\\/las-lajas-%e2%80%93-ifonche\\\/#primaryimage\"},\"thumbnailUrl\":\"http:\\\/\\\/www.mundi-roth.de\\\/teneriffa-blog\\\/wp-content\\\/uploads\\\/2010\\\/12\\\/R0011992-150x112.jpg\",\"datePublished\":\"2010-12-23T21:00:18+00:00\",\"dateModified\":\"2015-04-12T09:35:28+00:00\",\"author\":{\"@id\":\"https:\\\/\\\/www.mundi-roth.de\\\/teneriffa-blog\\\/#\\\/schema\\\/person\\\/3afd0d251449790d15367c9aa52d203d\"},\"breadcrumb\":{\"@id\":\"https:\\\/\\\/www.mundi-roth.de\\\/teneriffa-blog\\\/wanderungen\\\/las-lajas-%e2%80%93-ifonche\\\/#breadcrumb\"},\"inLanguage\":\"de\",\"potentialAction\":[{\"@type\":\"ReadAction\",\"target\":[\"https:\\\/\\\/www.mundi-roth.de\\\/teneriffa-blog\\\/wanderungen\\\/las-lajas-%e2%80%93-ifonche\\\/\"]}]},{\"@type\":\"ImageObject\",\"inLanguage\":\"de\",\"@id\":\"https:\\\/\\\/www.mundi-roth.de\\\/teneriffa-blog\\\/wanderungen\\\/las-lajas-%e2%80%93-ifonche\\\/#primaryimage\",\"url\":\"https:\\\/\\\/www.mundi-roth.de\\\/teneriffa-blog\\\/wp-content\\\/uploads\\\/2010\\\/12\\\/R0011992.jpg\",\"contentUrl\":\"https:\\\/\\\/www.mundi-roth.de\\\/teneriffa-blog\\\/wp-content\\\/uploads\\\/2010\\\/12\\\/R0011992.jpg\",\"width\":\"600\",\"height\":\"450\"},{\"@type\":\"BreadcrumbList\",\"@id\":\"https:\\\/\\\/www.mundi-roth.de\\\/teneriffa-blog\\\/wanderungen\\\/las-lajas-%e2%80%93-ifonche\\\/#breadcrumb\",\"itemListElement\":[{\"@type\":\"ListItem\",\"position\":1,\"name\":\"Startseite\",\"item\":\"https:\\\/\\\/www.mundi-roth.de\\\/teneriffa-blog\\\/\"},{\"@type\":\"ListItem\",\"position\":2,\"name\":\"Las Lajas \u2013 Ifonche\"}]},{\"@type\":\"WebSite\",\"@id\":\"https:\\\/\\\/www.mundi-roth.de\\\/teneriffa-blog\\\/#website\",\"url\":\"https:\\\/\\\/www.mundi-roth.de\\\/teneriffa-blog\\\/\",\"name\":\"Teneriffa Wandern\",\"description\":\"Nicht nur Wanderungen auf Teneriffa...\",\"potentialAction\":[{\"@type\":\"SearchAction\",\"target\":{\"@type\":\"EntryPoint\",\"urlTemplate\":\"https:\\\/\\\/www.mundi-roth.de\\\/teneriffa-blog\\\/?s={search_term_string}\"},\"query-input\":{\"@type\":\"PropertyValueSpecification\",\"valueRequired\":true,\"valueName\":\"search_term_string\"}}],\"inLanguage\":\"de\"},{\"@type\":\"Person\",\"@id\":\"https:\\\/\\\/www.mundi-roth.de\\\/teneriffa-blog\\\/#\\\/schema\\\/person\\\/3afd0d251449790d15367c9aa52d203d\",\"name\":\"ir\",\"image\":{\"@type\":\"ImageObject\",\"inLanguage\":\"de\",\"@id\":\"https:\\\/\\\/secure.gravatar.com\\\/avatar\\\/e67b41513c921c2bb58363f44c8a00a447c9a2526ad8ff71b5b6257e5f7f5c66?s=96&d=mm&r=g\",\"url\":\"https:\\\/\\\/secure.gravatar.com\\\/avatar\\\/e67b41513c921c2bb58363f44c8a00a447c9a2526ad8ff71b5b6257e5f7f5c66?s=96&d=mm&r=g\",\"contentUrl\":\"https:\\\/\\\/secure.gravatar.com\\\/avatar\\\/e67b41513c921c2bb58363f44c8a00a447c9a2526ad8ff71b5b6257e5f7f5c66?s=96&d=mm&r=g\",\"caption\":\"ir\"},\"sameAs\":[\"http:\\\/\\\/www.mundi-roth.de\"],\"url\":\"https:\\\/\\\/www.mundi-roth.de\\\/teneriffa-blog\\\/author\\\/ir\\\/\"}]}<\/script>\n<!-- \/ Yoast SEO plugin. -->","yoast_head_json":{"title":"Las Lajas \u2013 Ifonche - Teneriffa Wandern","robots":{"index":"index","follow":"follow","max-snippet":"max-snippet:-1","max-image-preview":"max-image-preview:large","max-video-preview":"max-video-preview:-1"},"canonical":"https:\/\/www.mundi-roth.de\/teneriffa-blog\/wanderungen\/las-lajas-\u2013-ifonche\/","twitter_misc":{"Verfasst von":"ir","Gesch\u00e4tzte Lesezeit":"7\u00a0Minuten"},"schema":{"@context":"https:\/\/schema.org","@graph":[{"@type":"Article","@id":"https:\/\/www.mundi-roth.de\/teneriffa-blog\/wanderungen\/las-lajas-%e2%80%93-ifonche\/#article","isPartOf":{"@id":"https:\/\/www.mundi-roth.de\/teneriffa-blog\/wanderungen\/las-lajas-%e2%80%93-ifonche\/"},"author":{"name":"ir","@id":"https:\/\/www.mundi-roth.de\/teneriffa-blog\/#\/schema\/person\/3afd0d251449790d15367c9aa52d203d"},"headline":"Las Lajas \u2013 Ifonche","datePublished":"2010-12-23T21:00:18+00:00","dateModified":"2015-04-12T09:35:28+00:00","mainEntityOfPage":{"@id":"https:\/\/www.mundi-roth.de\/teneriffa-blog\/wanderungen\/las-lajas-%e2%80%93-ifonche\/"},"wordCount":1474,"commentCount":0,"image":{"@id":"https:\/\/www.mundi-roth.de\/teneriffa-blog\/wanderungen\/las-lajas-%e2%80%93-ifonche\/#primaryimage"},"thumbnailUrl":"http:\/\/www.mundi-roth.de\/teneriffa-blog\/wp-content\/uploads\/2010\/12\/R0011992-150x112.jpg","keywords":["Basaltus antiguos","El Cuervo","Hermano Pedro","Ifonche","La Silvicultura","Las Lajas","Miera","Paradores Pastoriles"],"articleSection":["Vilaflor","Wanderungen"],"inLanguage":"de","potentialAction":[{"@type":"CommentAction","name":"Comment","target":["https:\/\/www.mundi-roth.de\/teneriffa-blog\/wanderungen\/las-lajas-%e2%80%93-ifonche\/#respond"]}]},{"@type":"WebPage","@id":"https:\/\/www.mundi-roth.de\/teneriffa-blog\/wanderungen\/las-lajas-%e2%80%93-ifonche\/","url":"https:\/\/www.mundi-roth.de\/teneriffa-blog\/wanderungen\/las-lajas-%e2%80%93-ifonche\/","name":"Las Lajas \u2013 Ifonche - Teneriffa Wandern","isPartOf":{"@id":"https:\/\/www.mundi-roth.de\/teneriffa-blog\/#website"},"primaryImageOfPage":{"@id":"https:\/\/www.mundi-roth.de\/teneriffa-blog\/wanderungen\/las-lajas-%e2%80%93-ifonche\/#primaryimage"},"image":{"@id":"https:\/\/www.mundi-roth.de\/teneriffa-blog\/wanderungen\/las-lajas-%e2%80%93-ifonche\/#primaryimage"},"thumbnailUrl":"http:\/\/www.mundi-roth.de\/teneriffa-blog\/wp-content\/uploads\/2010\/12\/R0011992-150x112.jpg","datePublished":"2010-12-23T21:00:18+00:00","dateModified":"2015-04-12T09:35:28+00:00","author":{"@id":"https:\/\/www.mundi-roth.de\/teneriffa-blog\/#\/schema\/person\/3afd0d251449790d15367c9aa52d203d"},"breadcrumb":{"@id":"https:\/\/www.mundi-roth.de\/teneriffa-blog\/wanderungen\/las-lajas-%e2%80%93-ifonche\/#breadcrumb"},"inLanguage":"de","potentialAction":[{"@type":"ReadAction","target":["https:\/\/www.mundi-roth.de\/teneriffa-blog\/wanderungen\/las-lajas-%e2%80%93-ifonche\/"]}]},{"@type":"ImageObject","inLanguage":"de","@id":"https:\/\/www.mundi-roth.de\/teneriffa-blog\/wanderungen\/las-lajas-%e2%80%93-ifonche\/#primaryimage","url":"https:\/\/www.mundi-roth.de\/teneriffa-blog\/wp-content\/uploads\/2010\/12\/R0011992.jpg","contentUrl":"https:\/\/www.mundi-roth.de\/teneriffa-blog\/wp-content\/uploads\/2010\/12\/R0011992.jpg","width":"600","height":"450"},{"@type":"BreadcrumbList","@id":"https:\/\/www.mundi-roth.de\/teneriffa-blog\/wanderungen\/las-lajas-%e2%80%93-ifonche\/#breadcrumb","itemListElement":[{"@type":"ListItem","position":1,"name":"Startseite","item":"https:\/\/www.mundi-roth.de\/teneriffa-blog\/"},{"@type":"ListItem","position":2,"name":"Las Lajas \u2013 Ifonche"}]},{"@type":"WebSite","@id":"https:\/\/www.mundi-roth.de\/teneriffa-blog\/#website","url":"https:\/\/www.mundi-roth.de\/teneriffa-blog\/","name":"Teneriffa Wandern","description":"Nicht nur Wanderungen auf Teneriffa...","potentialAction":[{"@type":"SearchAction","target":{"@type":"EntryPoint","urlTemplate":"https:\/\/www.mundi-roth.de\/teneriffa-blog\/?s={search_term_string}"},"query-input":{"@type":"PropertyValueSpecification","valueRequired":true,"valueName":"search_term_string"}}],"inLanguage":"de"},{"@type":"Person","@id":"https:\/\/www.mundi-roth.de\/teneriffa-blog\/#\/schema\/person\/3afd0d251449790d15367c9aa52d203d","name":"ir","image":{"@type":"ImageObject","inLanguage":"de","@id":"https:\/\/secure.gravatar.com\/avatar\/e67b41513c921c2bb58363f44c8a00a447c9a2526ad8ff71b5b6257e5f7f5c66?s=96&d=mm&r=g","url":"https:\/\/secure.gravatar.com\/avatar\/e67b41513c921c2bb58363f44c8a00a447c9a2526ad8ff71b5b6257e5f7f5c66?s=96&d=mm&r=g","contentUrl":"https:\/\/secure.gravatar.com\/avatar\/e67b41513c921c2bb58363f44c8a00a447c9a2526ad8ff71b5b6257e5f7f5c66?s=96&d=mm&r=g","caption":"ir"},"sameAs":["http:\/\/www.mundi-roth.de"],"url":"https:\/\/www.mundi-roth.de\/teneriffa-blog\/author\/ir\/"}]}},"_links":{"self":[{"href":"https:\/\/www.mundi-roth.de\/teneriffa-blog\/wp-json\/wp\/v2\/posts\/1142","targetHints":{"allow":["GET"]}}],"collection":[{"href":"https:\/\/www.mundi-roth.de\/teneriffa-blog\/wp-json\/wp\/v2\/posts"}],"about":[{"href":"https:\/\/www.mundi-roth.de\/teneriffa-blog\/wp-json\/wp\/v2\/types\/post"}],"author":[{"embeddable":true,"href":"https:\/\/www.mundi-roth.de\/teneriffa-blog\/wp-json\/wp\/v2\/users\/3"}],"replies":[{"embeddable":true,"href":"https:\/\/www.mundi-roth.de\/teneriffa-blog\/wp-json\/wp\/v2\/comments?post=1142"}],"version-history":[{"count":0,"href":"https:\/\/www.mundi-roth.de\/teneriffa-blog\/wp-json\/wp\/v2\/posts\/1142\/revisions"}],"wp:attachment":[{"href":"https:\/\/www.mundi-roth.de\/teneriffa-blog\/wp-json\/wp\/v2\/media?parent=1142"}],"wp:term":[{"taxonomy":"category","embeddable":true,"href":"https:\/\/www.mundi-roth.de\/teneriffa-blog\/wp-json\/wp\/v2\/categories?post=1142"},{"taxonomy":"post_tag","embeddable":true,"href":"https:\/\/www.mundi-roth.de\/teneriffa-blog\/wp-json\/wp\/v2\/tags?post=1142"}],"curies":[{"name":"wp","href":"https:\/\/api.w.org\/{rel}","templated":true}]}}