{"id":1161,"date":"2010-12-30T22:00:58","date_gmt":"2010-12-30T21:00:58","guid":{"rendered":"http:\/\/www.mundi-roth.de\/teneriffa-blog\/?p=1161"},"modified":"2015-04-12T10:33:43","modified_gmt":"2015-04-12T09:33:43","slug":"arenas-negras","status":"publish","type":"post","link":"https:\/\/www.mundi-roth.de\/teneriffa-blog\/wanderungen\/arenas-negras\/","title":{"rendered":"Arenas Negras"},"content":{"rendered":"<p><strong>Auf den heutigen Wandertag trifft wohl die Aussage zu: Busausflug in die Ca\u00f1adas mit Wandereinlage.<\/strong><br \/>\n<strong>Es stehen sich 4 Stunden Busfahrt und 2 \u00bd Stunden Wanderung gegen\u00fcber.<br \/>\nEs war trotzdem ein lohnender Ausflug. Beim Blick aus dem Bus zieht die &#8211; zwar schon oft gesehene \u2013 Landschaft wie in einem wunderbaren Dokumentarfilm an einem vor\u00fcber. Und sie begeistert immer wieder.<br \/>\nZudem kommt man entspannt am Ziel an und\u00a0 hat die M\u00f6glichkeit zu interessanten Gespr\u00e4chen.<\/strong><br \/>\nDie Wanderung ist, gemessen an unseren letzten Touren, ein netter Spaziergang auf einem \u00e4u\u00dferst gepflegtem Wanderweg der zudem noch hervorragend gekennzeichnet ist.<br \/>\nDas Besondere an diesem Weg ist, man umrundet quasi die Monta\u00f1a de <a href=\"http:\/\/www.mundi-roth.de\/teneriffa-blog\/wp-content\/uploads\/2010\/12\/R0012058.jpg\" rel=\"lightbox[1161]\"><img loading=\"lazy\" decoding=\"async\" class=\"alignleft size-thumbnail wp-image-1163\" title=\"R0012058\" src=\"http:\/\/www.mundi-roth.de\/teneriffa-blog\/wp-content\/uploads\/2010\/12\/R0012058-150x112.jpg\" alt=\"\" width=\"150\" height=\"112\" srcset=\"https:\/\/www.mundi-roth.de\/teneriffa-blog\/wp-content\/uploads\/2010\/12\/R0012058-150x112.jpg 150w, https:\/\/www.mundi-roth.de\/teneriffa-blog\/wp-content\/uploads\/2010\/12\/R0012058-300x225.jpg 300w, https:\/\/www.mundi-roth.de\/teneriffa-blog\/wp-content\/uploads\/2010\/12\/R0012058.jpg 600w\" sizes=\"auto, (max-width: 150px) 100vw, 150px\" \/><\/a>las Arenas Negras (2346 m) und hat den gr\u00f6\u00dften Teil der Strecke den Teide \u2013 zur Zeit leicht mit Schnee \u00fcberst\u00e4ubt \u2013 vor sich und beim Abstieg die Caldera.<br \/>\nSch\u00f6n war\u2019s, noch dazu dass wir im Sonnenschein wandern konnten w\u00e4hrend unser Blick Richtung Nordk\u00fcste auf ein wei\u00dfes Wolkenmeer fiel.<\/p>\n<p><strong>Wanderwegstrecke: 2 \u00bd Stunden<\/strong><br \/>\nUm 11.30 Uhr k\u00f6nnen wir unsere Wanderung in \u201eEl Portillo 1980 m\u201c gleich hinter diesem Schild beginnen. Vorher zeigt uns eine <a href=\"http:\/\/www.mundi-roth.de\/teneriffa-blog\/wp-content\/uploads\/2010\/12\/Sendero2.jpg\" rel=\"lightbox[1161]\"><img loading=\"lazy\" decoding=\"async\" class=\"alignright size-thumbnail wp-image-1162\" title=\"Sendero2\" src=\"http:\/\/www.mundi-roth.de\/teneriffa-blog\/wp-content\/uploads\/2010\/12\/Sendero2-150x108.jpg\" alt=\"\" width=\"150\" height=\"108\" srcset=\"https:\/\/www.mundi-roth.de\/teneriffa-blog\/wp-content\/uploads\/2010\/12\/Sendero2-150x108.jpg 150w, https:\/\/www.mundi-roth.de\/teneriffa-blog\/wp-content\/uploads\/2010\/12\/Sendero2-300x217.jpg 300w, https:\/\/www.mundi-roth.de\/teneriffa-blog\/wp-content\/uploads\/2010\/12\/Sendero2.jpg 600w\" sizes=\"auto, (max-width: 150px) 100vw, 150px\" \/><\/a>Informationstafel auf, welche Touren man in den Ca\u00f1adas gehen kann. Unsere Tour ist der \u201eSendero 2 Arenas Negras\u201c.<br \/>\nZwischen Gintersterb\u00fcschen gehen wir in gut 5 Minuten bis zum Wandereinstieg beim Besucherzentrum. (Der Bus h\u00e4lt dort nicht!)<br \/>\nVon Anbeginn an ist der Teide, die Hauptattraktion des heutigen Tages, vor uns.<br \/>\nWir biegen links ab, gehen ansteigend nochmals 5 Minuten bis zu den <a href=\"http:\/\/www.mundi-roth.de\/teneriffa-blog\/wp-content\/uploads\/2010\/12\/R0012060.jpg\" rel=\"lightbox[1161]\"><img loading=\"lazy\" decoding=\"async\" class=\"alignleft size-thumbnail wp-image-1164\" title=\"R0012060\" src=\"http:\/\/www.mundi-roth.de\/teneriffa-blog\/wp-content\/uploads\/2010\/12\/R0012060-150x112.jpg\" alt=\"\" width=\"150\" height=\"112\" srcset=\"https:\/\/www.mundi-roth.de\/teneriffa-blog\/wp-content\/uploads\/2010\/12\/R0012060-150x112.jpg 150w, https:\/\/www.mundi-roth.de\/teneriffa-blog\/wp-content\/uploads\/2010\/12\/R0012060-300x225.jpg 300w, https:\/\/www.mundi-roth.de\/teneriffa-blog\/wp-content\/uploads\/2010\/12\/R0012060.jpg 600w\" sizes=\"auto, (max-width: 150px) 100vw, 150px\" \/><\/a>Hinweist\u00e4felchen: \u201eSendero 2\u201c und \u201eSendero 4\u201c. Wir folgen also dem Pfad 2, der sich stets sanft ansteigend auf sandigem, kaum steinigen Boden zwischen \u00fcppigen Ginsterb\u00fcschen\u00a0 emporschraubt. Links oben leuchten die wei\u00dfen Geb\u00e4ude des Observatoriums, seitlich blicken wir auf das wattige, wei\u00dfe Wolkenmeer und rechts: der Teide.<a href=\"http:\/\/www.mundi-roth.de\/teneriffa-blog\/wp-content\/uploads\/2010\/12\/R0012062.jpg\" rel=\"lightbox[1161]\"><img loading=\"lazy\" decoding=\"async\" class=\"alignright size-thumbnail wp-image-1165\" title=\"R0012062\" src=\"http:\/\/www.mundi-roth.de\/teneriffa-blog\/wp-content\/uploads\/2010\/12\/R0012062-150x112.jpg\" alt=\"\" width=\"150\" height=\"112\" srcset=\"https:\/\/www.mundi-roth.de\/teneriffa-blog\/wp-content\/uploads\/2010\/12\/R0012062-150x112.jpg 150w, https:\/\/www.mundi-roth.de\/teneriffa-blog\/wp-content\/uploads\/2010\/12\/R0012062-300x225.jpg 300w, https:\/\/www.mundi-roth.de\/teneriffa-blog\/wp-content\/uploads\/2010\/12\/R0012062.jpg 600w\" sizes=\"auto, (max-width: 150px) 100vw, 150px\" \/><\/a><br \/>\nEine Informationstafel erkl\u00e4rt uns \u00fcber ein wichtiges Produkt der Insel auf:\u00a0 Honig in seiner ganzen Vielfalt. Zudem erfahren wir etwas \u00fcber die Bienenhaltung. Von der K\u00fcste, bzw. den mittleren Lagen werden die Bienenst\u00f6cke w\u00e4hrend der Bl\u00fctenzeit von u.a. Ginster und Teide Tajinaste hier oben deponiert. Aus eigener Erfahrung k\u00f6nnen wir nur sagen: Der Teide-Honig ist k\u00f6stlich!<br \/>\nNach 1 Stunde 15 Minuten haben wir den h\u00f6chsten Punkt unserer heutigen Wanderung erreicht und in gro\u00dfem Bogen werden wir auf <a href=\"http:\/\/www.mundi-roth.de\/teneriffa-blog\/wp-content\/uploads\/2010\/12\/R0012073.jpg\" rel=\"lightbox[1161]\"><img loading=\"lazy\" decoding=\"async\" class=\"alignleft size-thumbnail wp-image-1166\" title=\"R0012073\" src=\"http:\/\/www.mundi-roth.de\/teneriffa-blog\/wp-content\/uploads\/2010\/12\/R0012073-150x112.jpg\" alt=\"\" width=\"150\" height=\"112\" srcset=\"https:\/\/www.mundi-roth.de\/teneriffa-blog\/wp-content\/uploads\/2010\/12\/R0012073-150x112.jpg 150w, https:\/\/www.mundi-roth.de\/teneriffa-blog\/wp-content\/uploads\/2010\/12\/R0012073-300x225.jpg 300w, https:\/\/www.mundi-roth.de\/teneriffa-blog\/wp-content\/uploads\/2010\/12\/R0012073.jpg 600w\" sizes=\"auto, (max-width: 150px) 100vw, 150px\" \/><\/a>\u201eSendero 2\u201c nach rechts geleitet. Was soll ich sagen: Voller Blick auf den Teide. Wir befinden uns in der Sandebene Llano de Maja, die zu den bedeutendsten arch\u00e4ologischen Zonen im Nationalpark geh\u00f6rt. Hier fand man Gegenst\u00e4nde der Guanchen, die hier im Sommer ihre Ziegenherden weideten.<br \/>\nDer Weg f\u00fchrt nun an markanten, vielfarbigen Felsabbr\u00fcchen vorbei <a href=\"http:\/\/www.mundi-roth.de\/teneriffa-blog\/wp-content\/uploads\/2010\/12\/R0012078.jpg\" rel=\"lightbox[1161]\"><img loading=\"lazy\" decoding=\"async\" class=\"alignright size-thumbnail wp-image-1167\" title=\"R0012078\" src=\"http:\/\/www.mundi-roth.de\/teneriffa-blog\/wp-content\/uploads\/2010\/12\/R0012078-150x112.jpg\" alt=\"\" width=\"150\" height=\"112\" srcset=\"https:\/\/www.mundi-roth.de\/teneriffa-blog\/wp-content\/uploads\/2010\/12\/R0012078-150x112.jpg 150w, https:\/\/www.mundi-roth.de\/teneriffa-blog\/wp-content\/uploads\/2010\/12\/R0012078-300x225.jpg 300w, https:\/\/www.mundi-roth.de\/teneriffa-blog\/wp-content\/uploads\/2010\/12\/R0012078.jpg 600w\" sizes=\"auto, (max-width: 150px) 100vw, 150px\" \/><\/a>sanft bergab in Richtung der bizarren Landschaft der Arenas Negras. Wir befinden uns auf einer H\u00f6he von rund 2193 m und trotz Sonne pfeift hier ein kalter Wind. Also: Jacken anziehen. Hinter einer Felsgruppe, im Windschatten, machen wir unsere obligatorische Apfelpause und betrachten dabei den Teide und auch die Caldera mit den sie einrahmenden Felsmassiven.<br \/>\n<a href=\"http:\/\/www.mundi-roth.de\/teneriffa-blog\/wp-content\/uploads\/2010\/12\/R0012083.jpg\" rel=\"lightbox[1161]\"><img loading=\"lazy\" decoding=\"async\" class=\"alignleft size-thumbnail wp-image-1168\" title=\"R0012083\" src=\"http:\/\/www.mundi-roth.de\/teneriffa-blog\/wp-content\/uploads\/2010\/12\/R0012083-150x112.jpg\" alt=\"\" width=\"150\" height=\"112\" srcset=\"https:\/\/www.mundi-roth.de\/teneriffa-blog\/wp-content\/uploads\/2010\/12\/R0012083-150x112.jpg 150w, https:\/\/www.mundi-roth.de\/teneriffa-blog\/wp-content\/uploads\/2010\/12\/R0012083-300x225.jpg 300w, https:\/\/www.mundi-roth.de\/teneriffa-blog\/wp-content\/uploads\/2010\/12\/R0012083.jpg 600w\" sizes=\"auto, (max-width: 150px) 100vw, 150px\" \/><\/a>Ab hier gehen wir \u00fcber absolut schwarzen Lavagrus in Serpentinen sehr vorsichtig bergab.<br \/>\nEs dauert nicht mehr als 20 Minuten und wir haben die Ebene erreicht. Hier laufen der Sendero 2,\u00a0 Arenas Negras und Sendero 4, Siete Ca\u00f1adas, zusammen und der Pfad f\u00fchrt nun \u00fcber eine Schotterstra\u00dfe.<br \/>\nHier unten ist es wieder sch\u00f6n windgesch\u00fctzt und wir sehen links oben die Restaurants an der TF 21. Nach weiteren 20 Minuten ist unsere Runde geschlossen und wir kommen an unseren Einstieg in den Sendero 2. Also nun nur wenige Meter links abw\u00e4rts, ein klitzekleines St\u00fcckchen bis zum grauen Schotterbelag aufw\u00e4rts und hier rechts, zwischen zwei kleineren B\u00fcschen der Teide Skabiosen \u2013 Rosalita salvaje nennen die Einheimischen es liebevoll &#8211;\u00a0 biegen wir auf den \u201eZubringer\u201c bis zur Bushaltestelle und dem Restaurant.<br \/>\nPunkt 14 Uhr haben wir unsere heutige Wanderung beendet und freuen uns, dass wir noch eine gute Stunde Zeit haben, um in der Sonne Kaffee zu trinken und eine Kleinigkeit zu essen bis um 15.15 Uhr der Bus retour geht.<br \/>\nFazit: Eine sch\u00f6ne, kleine Tour, ohne gro\u00dfe Schwierigkeiten in einer grandiosen Kulisse.<\/p>\n<p><strong>Anfahrt:<\/strong> Vom Busbahnhof Playas de Las Americas um 9.15 Uhr mit der Linie 342. Es empfiehlt sich, gerade jetzt in der Hochsaison, dort einzusteigen, denn schon an der Haltestelle in Los Cristianos ist nicht mehr gew\u00e4hrleistet, dass man einen Sitzplatz bekommt. Diesmal musste selbst der Gang als Sitzgelegenheit herhalten.<br \/>\nR\u00fcckfahrt: 15.15 Uhr ab El Portillo bei dem Restaurant! F\u00fcr uns eine gro\u00dfe \u00dcberraschung: <strong>Am Besucherzentrum ist keine Haltestelle<\/strong>. Bei einer unserer vorherigen Touren hatten wir nur Gl\u00fcck, dass uns ein freundlicher Busfahrer dort einsteigen lie\u00df.<\/p>\n","protected":false},"excerpt":{"rendered":"<p>Auf den heutigen Wandertag trifft wohl die Aussage zu: Busausflug in die Ca\u00f1adas mit Wandereinlage. Es stehen sich 4 Stunden Busfahrt und 2 \u00bd Stunden Wanderung gegen\u00fcber. Es war trotzdem ein lohnender Ausflug. Beim Blick aus dem Bus zieht die &#8211; zwar schon oft gesehene \u2013 Landschaft wie in einem wunderbaren Dokumentarfilm an einem vor\u00fcber. [&hellip;]<\/p>\n","protected":false},"author":3,"featured_media":0,"comment_status":"open","ping_status":"open","sticky":false,"template":"","format":"standard","meta":{"footnotes":""},"categories":[779,6],"tags":[335,355,437,436,435],"class_list":["post-1161","post","type-post","status-publish","format-standard","hentry","category-canadas","category-wanderungen","tag-arenas-negras","tag-el-portillo","tag-guanchen","tag-llano-de-maja","tag-teide-honig"],"yoast_head":"<!-- This site is optimized with the Yoast SEO plugin v27.5 - https:\/\/yoast.com\/product\/yoast-seo-wordpress\/ -->\n<title>Arenas Negras - Teneriffa Wandern<\/title>\n<meta name=\"robots\" content=\"index, follow, max-snippet:-1, max-image-preview:large, max-video-preview:-1\" \/>\n<link rel=\"canonical\" href=\"https:\/\/www.mundi-roth.de\/teneriffa-blog\/wanderungen\/arenas-negras\/\" \/>\n<meta name=\"twitter:label1\" content=\"Verfasst von\" \/>\n\t<meta name=\"twitter:data1\" content=\"ir\" \/>\n\t<meta name=\"twitter:label2\" content=\"Gesch\u00e4tzte Lesezeit\" \/>\n\t<meta name=\"twitter:data2\" content=\"4\u00a0Minuten\" \/>\n<script type=\"application\/ld+json\" class=\"yoast-schema-graph\">{\"@context\":\"https:\\\/\\\/schema.org\",\"@graph\":[{\"@type\":\"Article\",\"@id\":\"https:\\\/\\\/www.mundi-roth.de\\\/teneriffa-blog\\\/wanderungen\\\/arenas-negras\\\/#article\",\"isPartOf\":{\"@id\":\"https:\\\/\\\/www.mundi-roth.de\\\/teneriffa-blog\\\/wanderungen\\\/arenas-negras\\\/\"},\"author\":{\"name\":\"ir\",\"@id\":\"https:\\\/\\\/www.mundi-roth.de\\\/teneriffa-blog\\\/#\\\/schema\\\/person\\\/3afd0d251449790d15367c9aa52d203d\"},\"headline\":\"Arenas Negras\",\"datePublished\":\"2010-12-30T21:00:58+00:00\",\"dateModified\":\"2015-04-12T09:33:43+00:00\",\"mainEntityOfPage\":{\"@id\":\"https:\\\/\\\/www.mundi-roth.de\\\/teneriffa-blog\\\/wanderungen\\\/arenas-negras\\\/\"},\"wordCount\":764,\"commentCount\":0,\"image\":{\"@id\":\"https:\\\/\\\/www.mundi-roth.de\\\/teneriffa-blog\\\/wanderungen\\\/arenas-negras\\\/#primaryimage\"},\"thumbnailUrl\":\"http:\\\/\\\/www.mundi-roth.de\\\/teneriffa-blog\\\/wp-content\\\/uploads\\\/2010\\\/12\\\/R0012058-150x112.jpg\",\"keywords\":[\"Arenas Negras\",\"El Portillo\",\"Guanchen\",\"Llano de Maja\",\"Teide-Honig\"],\"articleSection\":[\"Ca\u00f1adas\",\"Wanderungen\"],\"inLanguage\":\"de\",\"potentialAction\":[{\"@type\":\"CommentAction\",\"name\":\"Comment\",\"target\":[\"https:\\\/\\\/www.mundi-roth.de\\\/teneriffa-blog\\\/wanderungen\\\/arenas-negras\\\/#respond\"]}]},{\"@type\":\"WebPage\",\"@id\":\"https:\\\/\\\/www.mundi-roth.de\\\/teneriffa-blog\\\/wanderungen\\\/arenas-negras\\\/\",\"url\":\"https:\\\/\\\/www.mundi-roth.de\\\/teneriffa-blog\\\/wanderungen\\\/arenas-negras\\\/\",\"name\":\"Arenas Negras - Teneriffa Wandern\",\"isPartOf\":{\"@id\":\"https:\\\/\\\/www.mundi-roth.de\\\/teneriffa-blog\\\/#website\"},\"primaryImageOfPage\":{\"@id\":\"https:\\\/\\\/www.mundi-roth.de\\\/teneriffa-blog\\\/wanderungen\\\/arenas-negras\\\/#primaryimage\"},\"image\":{\"@id\":\"https:\\\/\\\/www.mundi-roth.de\\\/teneriffa-blog\\\/wanderungen\\\/arenas-negras\\\/#primaryimage\"},\"thumbnailUrl\":\"http:\\\/\\\/www.mundi-roth.de\\\/teneriffa-blog\\\/wp-content\\\/uploads\\\/2010\\\/12\\\/R0012058-150x112.jpg\",\"datePublished\":\"2010-12-30T21:00:58+00:00\",\"dateModified\":\"2015-04-12T09:33:43+00:00\",\"author\":{\"@id\":\"https:\\\/\\\/www.mundi-roth.de\\\/teneriffa-blog\\\/#\\\/schema\\\/person\\\/3afd0d251449790d15367c9aa52d203d\"},\"breadcrumb\":{\"@id\":\"https:\\\/\\\/www.mundi-roth.de\\\/teneriffa-blog\\\/wanderungen\\\/arenas-negras\\\/#breadcrumb\"},\"inLanguage\":\"de\",\"potentialAction\":[{\"@type\":\"ReadAction\",\"target\":[\"https:\\\/\\\/www.mundi-roth.de\\\/teneriffa-blog\\\/wanderungen\\\/arenas-negras\\\/\"]}]},{\"@type\":\"ImageObject\",\"inLanguage\":\"de\",\"@id\":\"https:\\\/\\\/www.mundi-roth.de\\\/teneriffa-blog\\\/wanderungen\\\/arenas-negras\\\/#primaryimage\",\"url\":\"https:\\\/\\\/www.mundi-roth.de\\\/teneriffa-blog\\\/wp-content\\\/uploads\\\/2010\\\/12\\\/R0012058.jpg\",\"contentUrl\":\"https:\\\/\\\/www.mundi-roth.de\\\/teneriffa-blog\\\/wp-content\\\/uploads\\\/2010\\\/12\\\/R0012058.jpg\",\"width\":\"600\",\"height\":\"450\"},{\"@type\":\"BreadcrumbList\",\"@id\":\"https:\\\/\\\/www.mundi-roth.de\\\/teneriffa-blog\\\/wanderungen\\\/arenas-negras\\\/#breadcrumb\",\"itemListElement\":[{\"@type\":\"ListItem\",\"position\":1,\"name\":\"Startseite\",\"item\":\"https:\\\/\\\/www.mundi-roth.de\\\/teneriffa-blog\\\/\"},{\"@type\":\"ListItem\",\"position\":2,\"name\":\"Arenas Negras\"}]},{\"@type\":\"WebSite\",\"@id\":\"https:\\\/\\\/www.mundi-roth.de\\\/teneriffa-blog\\\/#website\",\"url\":\"https:\\\/\\\/www.mundi-roth.de\\\/teneriffa-blog\\\/\",\"name\":\"Teneriffa Wandern\",\"description\":\"Nicht nur Wanderungen auf Teneriffa...\",\"potentialAction\":[{\"@type\":\"SearchAction\",\"target\":{\"@type\":\"EntryPoint\",\"urlTemplate\":\"https:\\\/\\\/www.mundi-roth.de\\\/teneriffa-blog\\\/?s={search_term_string}\"},\"query-input\":{\"@type\":\"PropertyValueSpecification\",\"valueRequired\":true,\"valueName\":\"search_term_string\"}}],\"inLanguage\":\"de\"},{\"@type\":\"Person\",\"@id\":\"https:\\\/\\\/www.mundi-roth.de\\\/teneriffa-blog\\\/#\\\/schema\\\/person\\\/3afd0d251449790d15367c9aa52d203d\",\"name\":\"ir\",\"image\":{\"@type\":\"ImageObject\",\"inLanguage\":\"de\",\"@id\":\"https:\\\/\\\/secure.gravatar.com\\\/avatar\\\/e67b41513c921c2bb58363f44c8a00a447c9a2526ad8ff71b5b6257e5f7f5c66?s=96&d=mm&r=g\",\"url\":\"https:\\\/\\\/secure.gravatar.com\\\/avatar\\\/e67b41513c921c2bb58363f44c8a00a447c9a2526ad8ff71b5b6257e5f7f5c66?s=96&d=mm&r=g\",\"contentUrl\":\"https:\\\/\\\/secure.gravatar.com\\\/avatar\\\/e67b41513c921c2bb58363f44c8a00a447c9a2526ad8ff71b5b6257e5f7f5c66?s=96&d=mm&r=g\",\"caption\":\"ir\"},\"sameAs\":[\"http:\\\/\\\/www.mundi-roth.de\"],\"url\":\"https:\\\/\\\/www.mundi-roth.de\\\/teneriffa-blog\\\/author\\\/ir\\\/\"}]}<\/script>\n<!-- \/ Yoast SEO plugin. -->","yoast_head_json":{"title":"Arenas Negras - Teneriffa Wandern","robots":{"index":"index","follow":"follow","max-snippet":"max-snippet:-1","max-image-preview":"max-image-preview:large","max-video-preview":"max-video-preview:-1"},"canonical":"https:\/\/www.mundi-roth.de\/teneriffa-blog\/wanderungen\/arenas-negras\/","twitter_misc":{"Verfasst von":"ir","Gesch\u00e4tzte Lesezeit":"4\u00a0Minuten"},"schema":{"@context":"https:\/\/schema.org","@graph":[{"@type":"Article","@id":"https:\/\/www.mundi-roth.de\/teneriffa-blog\/wanderungen\/arenas-negras\/#article","isPartOf":{"@id":"https:\/\/www.mundi-roth.de\/teneriffa-blog\/wanderungen\/arenas-negras\/"},"author":{"name":"ir","@id":"https:\/\/www.mundi-roth.de\/teneriffa-blog\/#\/schema\/person\/3afd0d251449790d15367c9aa52d203d"},"headline":"Arenas Negras","datePublished":"2010-12-30T21:00:58+00:00","dateModified":"2015-04-12T09:33:43+00:00","mainEntityOfPage":{"@id":"https:\/\/www.mundi-roth.de\/teneriffa-blog\/wanderungen\/arenas-negras\/"},"wordCount":764,"commentCount":0,"image":{"@id":"https:\/\/www.mundi-roth.de\/teneriffa-blog\/wanderungen\/arenas-negras\/#primaryimage"},"thumbnailUrl":"http:\/\/www.mundi-roth.de\/teneriffa-blog\/wp-content\/uploads\/2010\/12\/R0012058-150x112.jpg","keywords":["Arenas Negras","El Portillo","Guanchen","Llano de Maja","Teide-Honig"],"articleSection":["Ca\u00f1adas","Wanderungen"],"inLanguage":"de","potentialAction":[{"@type":"CommentAction","name":"Comment","target":["https:\/\/www.mundi-roth.de\/teneriffa-blog\/wanderungen\/arenas-negras\/#respond"]}]},{"@type":"WebPage","@id":"https:\/\/www.mundi-roth.de\/teneriffa-blog\/wanderungen\/arenas-negras\/","url":"https:\/\/www.mundi-roth.de\/teneriffa-blog\/wanderungen\/arenas-negras\/","name":"Arenas Negras - Teneriffa Wandern","isPartOf":{"@id":"https:\/\/www.mundi-roth.de\/teneriffa-blog\/#website"},"primaryImageOfPage":{"@id":"https:\/\/www.mundi-roth.de\/teneriffa-blog\/wanderungen\/arenas-negras\/#primaryimage"},"image":{"@id":"https:\/\/www.mundi-roth.de\/teneriffa-blog\/wanderungen\/arenas-negras\/#primaryimage"},"thumbnailUrl":"http:\/\/www.mundi-roth.de\/teneriffa-blog\/wp-content\/uploads\/2010\/12\/R0012058-150x112.jpg","datePublished":"2010-12-30T21:00:58+00:00","dateModified":"2015-04-12T09:33:43+00:00","author":{"@id":"https:\/\/www.mundi-roth.de\/teneriffa-blog\/#\/schema\/person\/3afd0d251449790d15367c9aa52d203d"},"breadcrumb":{"@id":"https:\/\/www.mundi-roth.de\/teneriffa-blog\/wanderungen\/arenas-negras\/#breadcrumb"},"inLanguage":"de","potentialAction":[{"@type":"ReadAction","target":["https:\/\/www.mundi-roth.de\/teneriffa-blog\/wanderungen\/arenas-negras\/"]}]},{"@type":"ImageObject","inLanguage":"de","@id":"https:\/\/www.mundi-roth.de\/teneriffa-blog\/wanderungen\/arenas-negras\/#primaryimage","url":"https:\/\/www.mundi-roth.de\/teneriffa-blog\/wp-content\/uploads\/2010\/12\/R0012058.jpg","contentUrl":"https:\/\/www.mundi-roth.de\/teneriffa-blog\/wp-content\/uploads\/2010\/12\/R0012058.jpg","width":"600","height":"450"},{"@type":"BreadcrumbList","@id":"https:\/\/www.mundi-roth.de\/teneriffa-blog\/wanderungen\/arenas-negras\/#breadcrumb","itemListElement":[{"@type":"ListItem","position":1,"name":"Startseite","item":"https:\/\/www.mundi-roth.de\/teneriffa-blog\/"},{"@type":"ListItem","position":2,"name":"Arenas Negras"}]},{"@type":"WebSite","@id":"https:\/\/www.mundi-roth.de\/teneriffa-blog\/#website","url":"https:\/\/www.mundi-roth.de\/teneriffa-blog\/","name":"Teneriffa Wandern","description":"Nicht nur Wanderungen auf Teneriffa...","potentialAction":[{"@type":"SearchAction","target":{"@type":"EntryPoint","urlTemplate":"https:\/\/www.mundi-roth.de\/teneriffa-blog\/?s={search_term_string}"},"query-input":{"@type":"PropertyValueSpecification","valueRequired":true,"valueName":"search_term_string"}}],"inLanguage":"de"},{"@type":"Person","@id":"https:\/\/www.mundi-roth.de\/teneriffa-blog\/#\/schema\/person\/3afd0d251449790d15367c9aa52d203d","name":"ir","image":{"@type":"ImageObject","inLanguage":"de","@id":"https:\/\/secure.gravatar.com\/avatar\/e67b41513c921c2bb58363f44c8a00a447c9a2526ad8ff71b5b6257e5f7f5c66?s=96&d=mm&r=g","url":"https:\/\/secure.gravatar.com\/avatar\/e67b41513c921c2bb58363f44c8a00a447c9a2526ad8ff71b5b6257e5f7f5c66?s=96&d=mm&r=g","contentUrl":"https:\/\/secure.gravatar.com\/avatar\/e67b41513c921c2bb58363f44c8a00a447c9a2526ad8ff71b5b6257e5f7f5c66?s=96&d=mm&r=g","caption":"ir"},"sameAs":["http:\/\/www.mundi-roth.de"],"url":"https:\/\/www.mundi-roth.de\/teneriffa-blog\/author\/ir\/"}]}},"_links":{"self":[{"href":"https:\/\/www.mundi-roth.de\/teneriffa-blog\/wp-json\/wp\/v2\/posts\/1161","targetHints":{"allow":["GET"]}}],"collection":[{"href":"https:\/\/www.mundi-roth.de\/teneriffa-blog\/wp-json\/wp\/v2\/posts"}],"about":[{"href":"https:\/\/www.mundi-roth.de\/teneriffa-blog\/wp-json\/wp\/v2\/types\/post"}],"author":[{"embeddable":true,"href":"https:\/\/www.mundi-roth.de\/teneriffa-blog\/wp-json\/wp\/v2\/users\/3"}],"replies":[{"embeddable":true,"href":"https:\/\/www.mundi-roth.de\/teneriffa-blog\/wp-json\/wp\/v2\/comments?post=1161"}],"version-history":[{"count":0,"href":"https:\/\/www.mundi-roth.de\/teneriffa-blog\/wp-json\/wp\/v2\/posts\/1161\/revisions"}],"wp:attachment":[{"href":"https:\/\/www.mundi-roth.de\/teneriffa-blog\/wp-json\/wp\/v2\/media?parent=1161"}],"wp:term":[{"taxonomy":"category","embeddable":true,"href":"https:\/\/www.mundi-roth.de\/teneriffa-blog\/wp-json\/wp\/v2\/categories?post=1161"},{"taxonomy":"post_tag","embeddable":true,"href":"https:\/\/www.mundi-roth.de\/teneriffa-blog\/wp-json\/wp\/v2\/tags?post=1161"}],"curies":[{"name":"wp","href":"https:\/\/api.w.org\/{rel}","templated":true}]}}