{"id":1169,"date":"2011-01-04T22:00:02","date_gmt":"2011-01-04T21:00:02","guid":{"rendered":"http:\/\/www.mundi-roth.de\/teneriffa-blog\/?p=1169"},"modified":"2015-04-12T10:32:39","modified_gmt":"2015-04-12T09:32:39","slug":"organos-hohenweg","status":"publish","type":"post","link":"https:\/\/www.mundi-roth.de\/teneriffa-blog\/wanderungen\/organos-hohenweg\/","title":{"rendered":"\u00d3rganos H\u00f6henweg"},"content":{"rendered":"<p><strong>Und wieder eine wundersch\u00f6ne Wanderung mit grandiosen Auf- und Ausblicken. Bestens ausgeschildert und auf <a href=\"http:\/\/www.mundi-roth.de\/teneriffa-blog\/wp-content\/uploads\/2011\/01\/R0012138x.jpg\" rel=\"lightbox[1169]\"><img loading=\"lazy\" decoding=\"async\" class=\"alignright size-thumbnail wp-image-1170\" title=\"R0012138x\" src=\"http:\/\/www.mundi-roth.de\/teneriffa-blog\/wp-content\/uploads\/2011\/01\/R0012138x-150x112.jpg\" alt=\"\" width=\"150\" height=\"112\" srcset=\"https:\/\/www.mundi-roth.de\/teneriffa-blog\/wp-content\/uploads\/2011\/01\/R0012138x-150x112.jpg 150w, https:\/\/www.mundi-roth.de\/teneriffa-blog\/wp-content\/uploads\/2011\/01\/R0012138x-300x225.jpg 300w, https:\/\/www.mundi-roth.de\/teneriffa-blog\/wp-content\/uploads\/2011\/01\/R0012138x.jpg 600w\" sizes=\"auto, (max-width: 150px) 100vw, 150px\" \/><\/a>hervorragend pr\u00e4parierten und gesicherten Wegen. Will man die sch\u00f6nsten Wanderungen der Insel gehen, darf diese nicht fehlen.<\/strong><\/p>\n<p><strong>Wanderwegstrecke:<\/strong> 4 Stunden<br \/>\nWir starten unsere Tour bei der Caldera, oberhalb von Aguamansa (1070 m), nachdem wir auf der Fahrt mit dem Wagen durch die Ebene von Ucanca ein Erlebnis der besonderen Art hatten, das es auf der Insel nicht allzu h\u00e4ufig geben wird: Im Auto sprang die Warnlampe f\u00fcr Eisgl\u00e4tte bei \u2013 1 Grad an und wir \u00fcberfuhren zwei gro\u00dfe Eisplatten.<br \/>\nAber nun, nach 1 \u00bd Stunden Fahrt, wandern wir\u00a0 bei 7 Grad und Sonnenschein um 10.15 Uhr gleich am Parkplatz der Caldera los, nachdem wir die diversen Hinweisschilder studiert haben. F\u00fcr uns kommt: Siete Fuentes 19,7 km, Esperanza 30,6 km in Frage. Die Markierung ist wei\u00df\u2014rot-gelb. Nach dem kleinen Restaurant sind die Striche noch wei\u00df-gelb. Nach wenigen Metern verlassen wir die asphaltierte Stra\u00dfe und folgen geradeaus dem Holzschild auf der rechten Seite: \u201eLos \u00d3rganos\u201c. Eine von senkrechten Rinnen durchzogene Felswand erinnert an Orgelpfeifen &#8211; daher der Name.<br \/>\nNach gut 5 Minuten erreichen wir den Rastplatz \u201ePedro Gil\u201c.<br \/>\nHier gilt es sich nun zu entscheiden: Will man den Weg im <a href=\"http:\/\/www.mundi-roth.de\/teneriffa-blog\/wp-content\/uploads\/2011\/01\/R0012095.jpg\" rel=\"lightbox[1169]\"><img loading=\"lazy\" decoding=\"async\" class=\"alignright size-thumbnail wp-image-1171\" title=\"R0012095\" src=\"http:\/\/www.mundi-roth.de\/teneriffa-blog\/wp-content\/uploads\/2011\/01\/R0012095-150x112.jpg\" alt=\"\" width=\"150\" height=\"112\" srcset=\"https:\/\/www.mundi-roth.de\/teneriffa-blog\/wp-content\/uploads\/2011\/01\/R0012095-150x112.jpg 150w, https:\/\/www.mundi-roth.de\/teneriffa-blog\/wp-content\/uploads\/2011\/01\/R0012095-300x225.jpg 300w, https:\/\/www.mundi-roth.de\/teneriffa-blog\/wp-content\/uploads\/2011\/01\/R0012095.jpg 600w\" sizes=\"auto, (max-width: 150px) 100vw, 150px\" \/><\/a>Uhrzeigersinn \u2013 erst ein langes St\u00fcck Forstweg und dann gut 1 Stunde steil bergauf\u00a0 &#8211; oder\u00a0 gegenl\u00e4ufig \u2013 etwa 2 \u00bd Stunden gem\u00e4chlicher bergauf wandern.<br \/>\nWir w\u00e4hlen die sanftere Tour, von der wir schon ein gutes St\u00fcck von unserer Wanderung Aguamansa \u2013 Arafo her kennen, es ist der Camino de Candelaria, der Pilgerweg.<br \/>\nAlso: Wir beginnen rechts vom Rastplatz \u201ePedro Gil\u201c entsprechend der Auschilderung \u201eCamino de Candelaria, Pedro Gil, Chimoche\u201c. Auf einem breiten Weg im Kiefernwald \u00fcber Kiefernnadeln steigen wir bergauf, kommen bald an den \u201eTres Cruces\u201c, den 3 Kreuzen, Relikte des Pilgerpfades vorbei, etwas h\u00f6her an einem Gedenkschrein, der nunmehr nur noch mit verwelkten Blumen geschm\u00fcckt ist und gelangen nach 25 Minuten an die Metalltafel \u201eLomo de los Brezos\u201c (1320 m), hier weiter bergauf. Nach weiteren 10 Minuten erreichen wir den \u00d3rganos-H\u00f6henweg (1450 m), der von Choza Chimoche her\u00fcber<a href=\"http:\/\/www.mundi-roth.de\/teneriffa-blog\/wp-content\/uploads\/2011\/01\/R0012098.jpg\" rel=\"lightbox[1169]\"><img loading=\"lazy\" decoding=\"async\" class=\"alignright size-thumbnail wp-image-1175\" title=\"R0012098\" src=\"http:\/\/www.mundi-roth.de\/teneriffa-blog\/wp-content\/uploads\/2011\/01\/R0012098-105x150.jpg\" alt=\"\" width=\"105\" height=\"150\" srcset=\"https:\/\/www.mundi-roth.de\/teneriffa-blog\/wp-content\/uploads\/2011\/01\/R0012098-105x150.jpg 105w, https:\/\/www.mundi-roth.de\/teneriffa-blog\/wp-content\/uploads\/2011\/01\/R0012098-210x300.jpg 210w, https:\/\/www.mundi-roth.de\/teneriffa-blog\/wp-content\/uploads\/2011\/01\/R0012098.jpg 406w\" sizes=\"auto, (max-width: 105px) 100vw, 105px\" \/><\/a> kommt. Er ist gekennzeichnet mit \u201eCamino Forestal 4,7\u00a0 km Portillo del Topo\u201c. Hierbei handelt es sich um ein Teilst\u00fcck des gro\u00dfen Wanderweges &#8222;Camino Natural Anaga-Chasna&#8220;. Wir halten uns hier links und zu unserem Bedauern geht es erst mal wieder bergab und die wei\u00df-gelbe Markierung zeigt uns auch hier auf, dass wir uns auf dem richtigen Weg befinden.<br \/>\nVon nun an ist es ein stetes bergauf \u2013 bergab auf zum Teil sehr engem Pfad, der mal felsig, mal kiefernnadelgeplostert ist. Jedoch:\u00a0 Es l\u00e4sst sich alles wunderbar gehen. Die mal k\u00fcrzeren, mal l\u00e4ngeren steilen Anstiege werden abgel\u00f6st von ebenen Strecken, in denen man wieder gut verschnaufen kann. In gro\u00dfen B\u00f6gen geht man an Barrancos entlang, <a href=\"http:\/\/www.mundi-roth.de\/teneriffa-blog\/wp-content\/uploads\/2011\/01\/R0012104.jpg\" rel=\"lightbox[1169]\"><img loading=\"lazy\" decoding=\"async\" class=\"alignleft size-thumbnail wp-image-1176\" title=\"R0012104\" src=\"http:\/\/www.mundi-roth.de\/teneriffa-blog\/wp-content\/uploads\/2011\/01\/R0012104-150x112.jpg\" alt=\"\" width=\"150\" height=\"112\" srcset=\"https:\/\/www.mundi-roth.de\/teneriffa-blog\/wp-content\/uploads\/2011\/01\/R0012104-150x112.jpg 150w, https:\/\/www.mundi-roth.de\/teneriffa-blog\/wp-content\/uploads\/2011\/01\/R0012104-300x225.jpg 300w, https:\/\/www.mundi-roth.de\/teneriffa-blog\/wp-content\/uploads\/2011\/01\/R0012104.jpg 600w\" sizes=\"auto, (max-width: 150px) 100vw, 150px\" \/><\/a>steigt zum Teil ab und immer hat man phantastische Ausblicke und auch Aufblicke: auf den Teide, auf die Nordk\u00fcste, das Orotavatal und rechts hoch auf <a href=\"http:\/\/www.mundi-roth.de\/teneriffa-blog\/wp-content\/uploads\/2011\/01\/R0012113.jpg\" rel=\"lightbox[1169]\"><img loading=\"lazy\" decoding=\"async\" class=\"alignright size-thumbnail wp-image-1184\" title=\"R0012113\" src=\"http:\/\/www.mundi-roth.de\/teneriffa-blog\/wp-content\/uploads\/2011\/01\/R0012113-150x112.jpg\" alt=\"\" width=\"150\" height=\"112\" srcset=\"https:\/\/www.mundi-roth.de\/teneriffa-blog\/wp-content\/uploads\/2011\/01\/R0012113-150x112.jpg 150w, https:\/\/www.mundi-roth.de\/teneriffa-blog\/wp-content\/uploads\/2011\/01\/R0012113-300x225.jpg 300w, https:\/\/www.mundi-roth.de\/teneriffa-blog\/wp-content\/uploads\/2011\/01\/R0012113.jpg 600w\" sizes=\"auto, (max-width: 150px) 100vw, 150px\" \/><\/a>bizarre Berge und Felsformationen, auf eine reiche Pflanzenwelt, wie Kiefern, Eriken, Lorbeer und diverse Dickblattgew\u00e4chse . Wir bewegen uns oberhalb der Basalts\u00e4ulen, die ja dem Weg ihren Namen geben.<br \/>\n<a href=\"http:\/\/www.mundi-roth.de\/teneriffa-blog\/wp-content\/uploads\/2011\/01\/R0012102.jpg\" rel=\"lightbox[1169]\"><img loading=\"lazy\" decoding=\"async\" class=\"alignleft size-thumbnail wp-image-1178\" title=\"R0012102\" src=\"http:\/\/www.mundi-roth.de\/teneriffa-blog\/wp-content\/uploads\/2011\/01\/R0012102-150x112.jpg\" alt=\"\" width=\"150\" height=\"112\" srcset=\"https:\/\/www.mundi-roth.de\/teneriffa-blog\/wp-content\/uploads\/2011\/01\/R0012102-150x112.jpg 150w, https:\/\/www.mundi-roth.de\/teneriffa-blog\/wp-content\/uploads\/2011\/01\/R0012102-300x225.jpg 300w, https:\/\/www.mundi-roth.de\/teneriffa-blog\/wp-content\/uploads\/2011\/01\/R0012102.jpg 600w\" sizes=\"auto, (max-width: 150px) 100vw, 150px\" \/><\/a>Die besonders engen Stellen sind mit Stahlseilen gesichert oder \u2013 f\u00e4llt es zu steil in den Barranco ab \u2013 sch\u00fctzen einen Holzbarrieren. Gut, schwindelfrei sollte man sein, gutes Schuhwerk ist Voraussetzung und St\u00f6cke sind ungemein hilfreich.<br \/>\nAn einer Kanzel machen wir nach 1 \u00bd Stunden Wanderung Halt,\u00a0 um<a href=\"http:\/\/www.mundi-roth.de\/teneriffa-blog\/wp-content\/uploads\/2011\/01\/R0012118.jpg\" rel=\"lightbox[1169]\"><img loading=\"lazy\" decoding=\"async\" class=\"alignright size-thumbnail wp-image-1179\" title=\"R0012118\" src=\"http:\/\/www.mundi-roth.de\/teneriffa-blog\/wp-content\/uploads\/2011\/01\/R0012118-150x112.jpg\" alt=\"\" width=\"150\" height=\"112\" srcset=\"https:\/\/www.mundi-roth.de\/teneriffa-blog\/wp-content\/uploads\/2011\/01\/R0012118-150x112.jpg 150w, https:\/\/www.mundi-roth.de\/teneriffa-blog\/wp-content\/uploads\/2011\/01\/R0012118-300x225.jpg 300w, https:\/\/www.mundi-roth.de\/teneriffa-blog\/wp-content\/uploads\/2011\/01\/R0012118.jpg 600w\" sizes=\"auto, (max-width: 150px) 100vw, 150px\" \/><\/a> den Ausblick ganz in uns aufzunehmen.<br \/>\nNach 2 \u00bd Stunden, also um 12.45 haben wir den Wendepunkt unserer Rundtour erreicht: links weist das Schild auf \u201eCasa de Agua 2,2 km, Camino del Topo, TF 35\u201c. Dies ist unser Weg. Nicht gerade aus weiter gehen!<br \/>\nDa wir noch herrlichen Sonnenschein haben, beschlie\u00dfen wir unsere obligatorische Apfelpause einzulegen und nach ca. \u00bd Stunde Rast machen wir uns an den Abstieg. Nun sind wir sehr froh, die Tour so fr\u00fch begonnen zu haben, denn die in dieser Gegend \u00fcblichen Passatwolken ziehen auf und verschleiern die Sonne.<br \/>\n<a href=\"http:\/\/www.mundi-roth.de\/teneriffa-blog\/wp-content\/uploads\/2011\/01\/R0012121.jpg\" rel=\"lightbox[1169]\"><img loading=\"lazy\" decoding=\"async\" class=\"alignleft size-thumbnail wp-image-1180\" title=\"R0012121\" src=\"http:\/\/www.mundi-roth.de\/teneriffa-blog\/wp-content\/uploads\/2011\/01\/R0012121-132x150.jpg\" alt=\"\" width=\"132\" height=\"150\" srcset=\"https:\/\/www.mundi-roth.de\/teneriffa-blog\/wp-content\/uploads\/2011\/01\/R0012121-132x150.jpg 132w, https:\/\/www.mundi-roth.de\/teneriffa-blog\/wp-content\/uploads\/2011\/01\/R0012121-265x300.jpg 265w, https:\/\/www.mundi-roth.de\/teneriffa-blog\/wp-content\/uploads\/2011\/01\/R0012121.jpg 330w\" sizes=\"auto, (max-width: 132px) 100vw, 132px\" \/><\/a>Nach wenigen Minuten kommen wir wieder an einen Hinweis \u201eAnaga-Chasna \u2013 La Caldera 4,5 km, Arona 59,5 km\u201c. Der Weg ist auch hier<a href=\"http:\/\/www.mundi-roth.de\/teneriffa-blog\/wp-content\/uploads\/2011\/01\/R0012122.jpg\" rel=\"lightbox[1169]\"><img loading=\"lazy\" decoding=\"async\" class=\"alignright size-thumbnail wp-image-1181\" title=\"R0012122\" src=\"http:\/\/www.mundi-roth.de\/teneriffa-blog\/wp-content\/uploads\/2011\/01\/R0012122-150x112.jpg\" alt=\"\" width=\"150\" height=\"112\" srcset=\"https:\/\/www.mundi-roth.de\/teneriffa-blog\/wp-content\/uploads\/2011\/01\/R0012122-150x112.jpg 150w, https:\/\/www.mundi-roth.de\/teneriffa-blog\/wp-content\/uploads\/2011\/01\/R0012122-300x225.jpg 300w, https:\/\/www.mundi-roth.de\/teneriffa-blog\/wp-content\/uploads\/2011\/01\/R0012122.jpg 600w\" sizes=\"auto, (max-width: 150px) 100vw, 150px\" \/><\/a> vorbildlich pr\u00e4pariert. Ein mit Felsbl\u00f6cken eingefasster Weg in einer Landschaft, wie im Feenland. Wie auch beim Aufstieg schon zu sehen, die B\u00e4ume sind hier <a href=\"http:\/\/www.mundi-roth.de\/teneriffa-blog\/wp-content\/uploads\/2011\/01\/R0012123.jpg\" rel=\"lightbox[1169]\"><img loading=\"lazy\" decoding=\"async\" class=\"alignleft size-thumbnail wp-image-1182\" title=\"R0012123\" src=\"http:\/\/www.mundi-roth.de\/teneriffa-blog\/wp-content\/uploads\/2011\/01\/R0012123-150x112.jpg\" alt=\"\" width=\"150\" height=\"112\" srcset=\"https:\/\/www.mundi-roth.de\/teneriffa-blog\/wp-content\/uploads\/2011\/01\/R0012123-150x112.jpg 150w, https:\/\/www.mundi-roth.de\/teneriffa-blog\/wp-content\/uploads\/2011\/01\/R0012123-300x225.jpg 300w, https:\/\/www.mundi-roth.de\/teneriffa-blog\/wp-content\/uploads\/2011\/01\/R0012123.jpg 600w\" sizes=\"auto, (max-width: 150px) 100vw, 150px\" \/><\/a>aber extrem mit Flechten \u2013 Hinweis auf die Feuchtigkeit und die saubere Luft \u2013 behangen. Es wirkt bizarr.<br \/>\nWaren wir auf dem Hinweg mutterseelenalleine so kommen uns doch einige Wanderer, heftig keuchend, entgegen. Sie haben wohl die Hinweise in den g\u00e4ngigen Wanderf\u00fchrern befolgt: Im Uhrzeigersinn zu gehen.<br \/>\nWir begl\u00fcckw\u00fcnschen uns noch mal zu unserer Wahl: Erstens f\u00fchrt dieser Abschnitt durch dichten Kiefernwald der kaum Ausblicke gew\u00e4hrt und zudem ist die Landschaft nun schon etwas unscharf durch die Wolken. Also h\u00e4tten wir zu diesem Zeitpunkt den Abstieg auf unserem Hinweg angetreten, die Aus- und Aufblicke w\u00e4ren nicht mehr so gut.<br \/>\nEin Verlaufen ist auch auf diesem Teilst\u00fcck nicht m\u00f6glich, da die Markierung durchg\u00e4ngig gut ist.<br \/>\nNach 45 Minuten erreichen wir eine breite Forststra\u00dfe und die Hinweistafel sagt uns wieder, dass wir uns hier links halten m\u00fcssen zur <a href=\"http:\/\/www.mundi-roth.de\/teneriffa-blog\/wp-content\/uploads\/2011\/01\/R0012129.jpg\" rel=\"lightbox[1169]\"><img loading=\"lazy\" decoding=\"async\" class=\"alignleft size-thumbnail wp-image-1183\" title=\"R0012129\" src=\"http:\/\/www.mundi-roth.de\/teneriffa-blog\/wp-content\/uploads\/2011\/01\/R0012129-150x112.jpg\" alt=\"\" width=\"150\" height=\"112\" srcset=\"https:\/\/www.mundi-roth.de\/teneriffa-blog\/wp-content\/uploads\/2011\/01\/R0012129-150x112.jpg 150w, https:\/\/www.mundi-roth.de\/teneriffa-blog\/wp-content\/uploads\/2011\/01\/R0012129-300x225.jpg 300w, https:\/\/www.mundi-roth.de\/teneriffa-blog\/wp-content\/uploads\/2011\/01\/R0012129.jpg 600w\" sizes=\"auto, (max-width: 150px) 100vw, 150px\" \/><\/a>\u201eCasa del Agua, 0,4 km\u201c. Unser Weg f\u00fchrt uns noch 2,7 km\u00a0 weiter zur La Caldera.<br \/>\nNach dem Casa del Agua zweigt rechts ein Pfad nach Aguamansa ab, wir jedoch folgen der breiten Forststra\u00dfe 20 Minuten bis zu Pedro Gil und noch mal gut 5 Minuten bis zum kleinen Restaurant (das nur mittwochs geschlossen hat). Hier genie\u00dfen wir wieder im Sonnenschein\u00a0 einen Kaffee. Zudem besichtigen wir noch den gro\u00dfen Grillplatz mit <a href=\"http:\/\/www.mundi-roth.de\/teneriffa-blog\/wp-content\/uploads\/2011\/01\/R0012133.jpg\" rel=\"lightbox[1169]\"><img loading=\"lazy\" decoding=\"async\" class=\"alignright size-thumbnail wp-image-1173\" title=\"R0012133\" src=\"http:\/\/www.mundi-roth.de\/teneriffa-blog\/wp-content\/uploads\/2011\/01\/R0012133-150x112.jpg\" alt=\"\" width=\"150\" height=\"112\" srcset=\"https:\/\/www.mundi-roth.de\/teneriffa-blog\/wp-content\/uploads\/2011\/01\/R0012133-150x112.jpg 150w, https:\/\/www.mundi-roth.de\/teneriffa-blog\/wp-content\/uploads\/2011\/01\/R0012133-300x225.jpg 300w, https:\/\/www.mundi-roth.de\/teneriffa-blog\/wp-content\/uploads\/2011\/01\/R0012133.jpg 600w\" sizes=\"auto, (max-width: 150px) 100vw, 150px\" \/><\/a>Kinderspielplatz.<br \/>\nBei einer der n\u00e4chsten Wanderung in dieser Region\u00a0 &#8211; in einer w\u00e4rmeren Jahreszeit &#8211; ist es eine gute Gelegenheit f\u00fcr unsere Nichtwanderer in der Forellenzucht in Aguamansa Forellen zu <a href=\"http:\/\/www.mundi-roth.de\/teneriffa-blog\/wp-content\/uploads\/2011\/01\/R0012140.jpg\" rel=\"lightbox[1169]\"><img loading=\"lazy\" decoding=\"async\" class=\"alignleft size-thumbnail wp-image-1172\" title=\"R0012140\" src=\"http:\/\/www.mundi-roth.de\/teneriffa-blog\/wp-content\/uploads\/2011\/01\/R0012140-150x112.jpg\" alt=\"\" width=\"150\" height=\"112\" srcset=\"https:\/\/www.mundi-roth.de\/teneriffa-blog\/wp-content\/uploads\/2011\/01\/R0012140-150x112.jpg 150w, https:\/\/www.mundi-roth.de\/teneriffa-blog\/wp-content\/uploads\/2011\/01\/R0012140-300x225.jpg 300w, https:\/\/www.mundi-roth.de\/teneriffa-blog\/wp-content\/uploads\/2011\/01\/R0012140.jpg 600w\" sizes=\"auto, (max-width: 150px) 100vw, 150px\" \/><\/a>erstehen und bis wir zur\u00fcck kommen schon mal den Grill anzuheizen.<br \/>\nAuf der R\u00fcckfahrt ist als I-Punkt nat\u00fcrlich ein Stopp an der bekannten Basaltrose angesagt.<\/p>\n<p><strong>Fazit:<\/strong> Wunder-wundersch\u00f6ne Wanderung.<br \/>\nBeim \u201eWendepunkt\u201c hatten wir eine Familie getroffen, die wir nun am Parkplatz wieder trafen und die uns best\u00e4tigte: W\u00fcrden sie die Tour noch mal gehen, gingen sie auch gegen den Uhrzeigersinn. Na bitte!<\/p>\n<p><strong>Anfahrt<\/strong>:<br \/>\nAus dem S\u00fcden: entweder mit dem PKW \u00fcber die Ca\u00f1adas auf der TF 21 bis kurz nach km 17, oberhalb von Aguamansa, dann Abzweig \u201eLa Caldera\u201c<br \/>\noder: mit dem Bus 343 um 9 Uhr ab Busbahnhof Playa de las Americas nach Puerto de la Cruz, dann Anschlussbus 345 um 10.20 Uhr oder 11.05 Uhr nach Aguamansa, La Caldera<\/p>\n","protected":false},"excerpt":{"rendered":"<p>Und wieder eine wundersch\u00f6ne Wanderung mit grandiosen Auf- und Ausblicken. Bestens ausgeschildert und auf hervorragend pr\u00e4parierten und gesicherten Wegen. Will man die sch\u00f6nsten Wanderungen der Insel gehen, darf diese nicht fehlen. Wanderwegstrecke: 4 Stunden Wir starten unsere Tour bei der Caldera, oberhalb von Aguamansa (1070 m), nachdem wir auf der Fahrt mit dem Wagen durch [&hellip;]<\/p>\n","protected":false},"author":3,"featured_media":0,"comment_status":"open","ping_status":"open","sticky":false,"template":"","format":"standard","meta":{"footnotes":""},"categories":[780,6],"tags":[377,443,442,359,380,441,387,438,383,440,439],"class_list":["post-1169","post","type-post","status-publish","format-standard","hentry","category-aguamansa","category-wanderungen","tag-aguamansa","tag-basaltrose","tag-basaltsaulen","tag-caldera","tag-forellenzucht","tag-lomo-de-los-brezos","tag-los-organos","tag-organos-hohenweg","tag-pedro-gil","tag-pilgerweg","tag-teneriffa-wandern"],"yoast_head":"<!-- This site is optimized with the Yoast SEO plugin v27.5 - https:\/\/yoast.com\/product\/yoast-seo-wordpress\/ -->\n<title>\u00d3rganos H\u00f6henweg - Teneriffa Wandern<\/title>\n<meta name=\"robots\" content=\"index, follow, max-snippet:-1, max-image-preview:large, max-video-preview:-1\" \/>\n<link rel=\"canonical\" href=\"https:\/\/www.mundi-roth.de\/teneriffa-blog\/wanderungen\/organos-hohenweg\/\" \/>\n<meta name=\"twitter:label1\" content=\"Verfasst von\" \/>\n\t<meta name=\"twitter:data1\" content=\"ir\" \/>\n\t<meta name=\"twitter:label2\" content=\"Gesch\u00e4tzte Lesezeit\" \/>\n\t<meta name=\"twitter:data2\" content=\"5\u00a0Minuten\" \/>\n<script type=\"application\/ld+json\" class=\"yoast-schema-graph\">{\"@context\":\"https:\\\/\\\/schema.org\",\"@graph\":[{\"@type\":\"Article\",\"@id\":\"https:\\\/\\\/www.mundi-roth.de\\\/teneriffa-blog\\\/wanderungen\\\/organos-hohenweg\\\/#article\",\"isPartOf\":{\"@id\":\"https:\\\/\\\/www.mundi-roth.de\\\/teneriffa-blog\\\/wanderungen\\\/organos-hohenweg\\\/\"},\"author\":{\"name\":\"ir\",\"@id\":\"https:\\\/\\\/www.mundi-roth.de\\\/teneriffa-blog\\\/#\\\/schema\\\/person\\\/3afd0d251449790d15367c9aa52d203d\"},\"headline\":\"\u00d3rganos H\u00f6henweg\",\"datePublished\":\"2011-01-04T21:00:02+00:00\",\"dateModified\":\"2015-04-12T09:32:39+00:00\",\"mainEntityOfPage\":{\"@id\":\"https:\\\/\\\/www.mundi-roth.de\\\/teneriffa-blog\\\/wanderungen\\\/organos-hohenweg\\\/\"},\"wordCount\":1073,\"commentCount\":1,\"image\":{\"@id\":\"https:\\\/\\\/www.mundi-roth.de\\\/teneriffa-blog\\\/wanderungen\\\/organos-hohenweg\\\/#primaryimage\"},\"thumbnailUrl\":\"http:\\\/\\\/www.mundi-roth.de\\\/teneriffa-blog\\\/wp-content\\\/uploads\\\/2011\\\/01\\\/R0012138x-150x112.jpg\",\"keywords\":[\"Aguamansa\",\"Basaltrose\",\"Basalts\u00e4ulen\",\"Caldera\",\"Forellenzucht\",\"Lomo de los Brezos\",\"Los \u00d3rganos\",\"\u00d3rganos H\u00f6henweg\",\"Pedro Gil\",\"Pilgerweg\",\"Teneriffa Wandern\"],\"articleSection\":[\"Aguamansa\",\"Wanderungen\"],\"inLanguage\":\"de\",\"potentialAction\":[{\"@type\":\"CommentAction\",\"name\":\"Comment\",\"target\":[\"https:\\\/\\\/www.mundi-roth.de\\\/teneriffa-blog\\\/wanderungen\\\/organos-hohenweg\\\/#respond\"]}]},{\"@type\":\"WebPage\",\"@id\":\"https:\\\/\\\/www.mundi-roth.de\\\/teneriffa-blog\\\/wanderungen\\\/organos-hohenweg\\\/\",\"url\":\"https:\\\/\\\/www.mundi-roth.de\\\/teneriffa-blog\\\/wanderungen\\\/organos-hohenweg\\\/\",\"name\":\"\u00d3rganos H\u00f6henweg - Teneriffa Wandern\",\"isPartOf\":{\"@id\":\"https:\\\/\\\/www.mundi-roth.de\\\/teneriffa-blog\\\/#website\"},\"primaryImageOfPage\":{\"@id\":\"https:\\\/\\\/www.mundi-roth.de\\\/teneriffa-blog\\\/wanderungen\\\/organos-hohenweg\\\/#primaryimage\"},\"image\":{\"@id\":\"https:\\\/\\\/www.mundi-roth.de\\\/teneriffa-blog\\\/wanderungen\\\/organos-hohenweg\\\/#primaryimage\"},\"thumbnailUrl\":\"http:\\\/\\\/www.mundi-roth.de\\\/teneriffa-blog\\\/wp-content\\\/uploads\\\/2011\\\/01\\\/R0012138x-150x112.jpg\",\"datePublished\":\"2011-01-04T21:00:02+00:00\",\"dateModified\":\"2015-04-12T09:32:39+00:00\",\"author\":{\"@id\":\"https:\\\/\\\/www.mundi-roth.de\\\/teneriffa-blog\\\/#\\\/schema\\\/person\\\/3afd0d251449790d15367c9aa52d203d\"},\"breadcrumb\":{\"@id\":\"https:\\\/\\\/www.mundi-roth.de\\\/teneriffa-blog\\\/wanderungen\\\/organos-hohenweg\\\/#breadcrumb\"},\"inLanguage\":\"de\",\"potentialAction\":[{\"@type\":\"ReadAction\",\"target\":[\"https:\\\/\\\/www.mundi-roth.de\\\/teneriffa-blog\\\/wanderungen\\\/organos-hohenweg\\\/\"]}]},{\"@type\":\"ImageObject\",\"inLanguage\":\"de\",\"@id\":\"https:\\\/\\\/www.mundi-roth.de\\\/teneriffa-blog\\\/wanderungen\\\/organos-hohenweg\\\/#primaryimage\",\"url\":\"https:\\\/\\\/www.mundi-roth.de\\\/teneriffa-blog\\\/wp-content\\\/uploads\\\/2011\\\/01\\\/R0012138x.jpg\",\"contentUrl\":\"https:\\\/\\\/www.mundi-roth.de\\\/teneriffa-blog\\\/wp-content\\\/uploads\\\/2011\\\/01\\\/R0012138x.jpg\",\"width\":\"600\",\"height\":\"450\"},{\"@type\":\"BreadcrumbList\",\"@id\":\"https:\\\/\\\/www.mundi-roth.de\\\/teneriffa-blog\\\/wanderungen\\\/organos-hohenweg\\\/#breadcrumb\",\"itemListElement\":[{\"@type\":\"ListItem\",\"position\":1,\"name\":\"Startseite\",\"item\":\"https:\\\/\\\/www.mundi-roth.de\\\/teneriffa-blog\\\/\"},{\"@type\":\"ListItem\",\"position\":2,\"name\":\"\u00d3rganos H\u00f6henweg\"}]},{\"@type\":\"WebSite\",\"@id\":\"https:\\\/\\\/www.mundi-roth.de\\\/teneriffa-blog\\\/#website\",\"url\":\"https:\\\/\\\/www.mundi-roth.de\\\/teneriffa-blog\\\/\",\"name\":\"Teneriffa Wandern\",\"description\":\"Nicht nur Wanderungen auf Teneriffa...\",\"potentialAction\":[{\"@type\":\"SearchAction\",\"target\":{\"@type\":\"EntryPoint\",\"urlTemplate\":\"https:\\\/\\\/www.mundi-roth.de\\\/teneriffa-blog\\\/?s={search_term_string}\"},\"query-input\":{\"@type\":\"PropertyValueSpecification\",\"valueRequired\":true,\"valueName\":\"search_term_string\"}}],\"inLanguage\":\"de\"},{\"@type\":\"Person\",\"@id\":\"https:\\\/\\\/www.mundi-roth.de\\\/teneriffa-blog\\\/#\\\/schema\\\/person\\\/3afd0d251449790d15367c9aa52d203d\",\"name\":\"ir\",\"image\":{\"@type\":\"ImageObject\",\"inLanguage\":\"de\",\"@id\":\"https:\\\/\\\/secure.gravatar.com\\\/avatar\\\/e67b41513c921c2bb58363f44c8a00a447c9a2526ad8ff71b5b6257e5f7f5c66?s=96&d=mm&r=g\",\"url\":\"https:\\\/\\\/secure.gravatar.com\\\/avatar\\\/e67b41513c921c2bb58363f44c8a00a447c9a2526ad8ff71b5b6257e5f7f5c66?s=96&d=mm&r=g\",\"contentUrl\":\"https:\\\/\\\/secure.gravatar.com\\\/avatar\\\/e67b41513c921c2bb58363f44c8a00a447c9a2526ad8ff71b5b6257e5f7f5c66?s=96&d=mm&r=g\",\"caption\":\"ir\"},\"sameAs\":[\"http:\\\/\\\/www.mundi-roth.de\"],\"url\":\"https:\\\/\\\/www.mundi-roth.de\\\/teneriffa-blog\\\/author\\\/ir\\\/\"}]}<\/script>\n<!-- \/ Yoast SEO plugin. -->","yoast_head_json":{"title":"\u00d3rganos H\u00f6henweg - Teneriffa Wandern","robots":{"index":"index","follow":"follow","max-snippet":"max-snippet:-1","max-image-preview":"max-image-preview:large","max-video-preview":"max-video-preview:-1"},"canonical":"https:\/\/www.mundi-roth.de\/teneriffa-blog\/wanderungen\/organos-hohenweg\/","twitter_misc":{"Verfasst von":"ir","Gesch\u00e4tzte Lesezeit":"5\u00a0Minuten"},"schema":{"@context":"https:\/\/schema.org","@graph":[{"@type":"Article","@id":"https:\/\/www.mundi-roth.de\/teneriffa-blog\/wanderungen\/organos-hohenweg\/#article","isPartOf":{"@id":"https:\/\/www.mundi-roth.de\/teneriffa-blog\/wanderungen\/organos-hohenweg\/"},"author":{"name":"ir","@id":"https:\/\/www.mundi-roth.de\/teneriffa-blog\/#\/schema\/person\/3afd0d251449790d15367c9aa52d203d"},"headline":"\u00d3rganos H\u00f6henweg","datePublished":"2011-01-04T21:00:02+00:00","dateModified":"2015-04-12T09:32:39+00:00","mainEntityOfPage":{"@id":"https:\/\/www.mundi-roth.de\/teneriffa-blog\/wanderungen\/organos-hohenweg\/"},"wordCount":1073,"commentCount":1,"image":{"@id":"https:\/\/www.mundi-roth.de\/teneriffa-blog\/wanderungen\/organos-hohenweg\/#primaryimage"},"thumbnailUrl":"http:\/\/www.mundi-roth.de\/teneriffa-blog\/wp-content\/uploads\/2011\/01\/R0012138x-150x112.jpg","keywords":["Aguamansa","Basaltrose","Basalts\u00e4ulen","Caldera","Forellenzucht","Lomo de los Brezos","Los \u00d3rganos","\u00d3rganos H\u00f6henweg","Pedro Gil","Pilgerweg","Teneriffa Wandern"],"articleSection":["Aguamansa","Wanderungen"],"inLanguage":"de","potentialAction":[{"@type":"CommentAction","name":"Comment","target":["https:\/\/www.mundi-roth.de\/teneriffa-blog\/wanderungen\/organos-hohenweg\/#respond"]}]},{"@type":"WebPage","@id":"https:\/\/www.mundi-roth.de\/teneriffa-blog\/wanderungen\/organos-hohenweg\/","url":"https:\/\/www.mundi-roth.de\/teneriffa-blog\/wanderungen\/organos-hohenweg\/","name":"\u00d3rganos H\u00f6henweg - Teneriffa Wandern","isPartOf":{"@id":"https:\/\/www.mundi-roth.de\/teneriffa-blog\/#website"},"primaryImageOfPage":{"@id":"https:\/\/www.mundi-roth.de\/teneriffa-blog\/wanderungen\/organos-hohenweg\/#primaryimage"},"image":{"@id":"https:\/\/www.mundi-roth.de\/teneriffa-blog\/wanderungen\/organos-hohenweg\/#primaryimage"},"thumbnailUrl":"http:\/\/www.mundi-roth.de\/teneriffa-blog\/wp-content\/uploads\/2011\/01\/R0012138x-150x112.jpg","datePublished":"2011-01-04T21:00:02+00:00","dateModified":"2015-04-12T09:32:39+00:00","author":{"@id":"https:\/\/www.mundi-roth.de\/teneriffa-blog\/#\/schema\/person\/3afd0d251449790d15367c9aa52d203d"},"breadcrumb":{"@id":"https:\/\/www.mundi-roth.de\/teneriffa-blog\/wanderungen\/organos-hohenweg\/#breadcrumb"},"inLanguage":"de","potentialAction":[{"@type":"ReadAction","target":["https:\/\/www.mundi-roth.de\/teneriffa-blog\/wanderungen\/organos-hohenweg\/"]}]},{"@type":"ImageObject","inLanguage":"de","@id":"https:\/\/www.mundi-roth.de\/teneriffa-blog\/wanderungen\/organos-hohenweg\/#primaryimage","url":"https:\/\/www.mundi-roth.de\/teneriffa-blog\/wp-content\/uploads\/2011\/01\/R0012138x.jpg","contentUrl":"https:\/\/www.mundi-roth.de\/teneriffa-blog\/wp-content\/uploads\/2011\/01\/R0012138x.jpg","width":"600","height":"450"},{"@type":"BreadcrumbList","@id":"https:\/\/www.mundi-roth.de\/teneriffa-blog\/wanderungen\/organos-hohenweg\/#breadcrumb","itemListElement":[{"@type":"ListItem","position":1,"name":"Startseite","item":"https:\/\/www.mundi-roth.de\/teneriffa-blog\/"},{"@type":"ListItem","position":2,"name":"\u00d3rganos H\u00f6henweg"}]},{"@type":"WebSite","@id":"https:\/\/www.mundi-roth.de\/teneriffa-blog\/#website","url":"https:\/\/www.mundi-roth.de\/teneriffa-blog\/","name":"Teneriffa Wandern","description":"Nicht nur Wanderungen auf Teneriffa...","potentialAction":[{"@type":"SearchAction","target":{"@type":"EntryPoint","urlTemplate":"https:\/\/www.mundi-roth.de\/teneriffa-blog\/?s={search_term_string}"},"query-input":{"@type":"PropertyValueSpecification","valueRequired":true,"valueName":"search_term_string"}}],"inLanguage":"de"},{"@type":"Person","@id":"https:\/\/www.mundi-roth.de\/teneriffa-blog\/#\/schema\/person\/3afd0d251449790d15367c9aa52d203d","name":"ir","image":{"@type":"ImageObject","inLanguage":"de","@id":"https:\/\/secure.gravatar.com\/avatar\/e67b41513c921c2bb58363f44c8a00a447c9a2526ad8ff71b5b6257e5f7f5c66?s=96&d=mm&r=g","url":"https:\/\/secure.gravatar.com\/avatar\/e67b41513c921c2bb58363f44c8a00a447c9a2526ad8ff71b5b6257e5f7f5c66?s=96&d=mm&r=g","contentUrl":"https:\/\/secure.gravatar.com\/avatar\/e67b41513c921c2bb58363f44c8a00a447c9a2526ad8ff71b5b6257e5f7f5c66?s=96&d=mm&r=g","caption":"ir"},"sameAs":["http:\/\/www.mundi-roth.de"],"url":"https:\/\/www.mundi-roth.de\/teneriffa-blog\/author\/ir\/"}]}},"_links":{"self":[{"href":"https:\/\/www.mundi-roth.de\/teneriffa-blog\/wp-json\/wp\/v2\/posts\/1169","targetHints":{"allow":["GET"]}}],"collection":[{"href":"https:\/\/www.mundi-roth.de\/teneriffa-blog\/wp-json\/wp\/v2\/posts"}],"about":[{"href":"https:\/\/www.mundi-roth.de\/teneriffa-blog\/wp-json\/wp\/v2\/types\/post"}],"author":[{"embeddable":true,"href":"https:\/\/www.mundi-roth.de\/teneriffa-blog\/wp-json\/wp\/v2\/users\/3"}],"replies":[{"embeddable":true,"href":"https:\/\/www.mundi-roth.de\/teneriffa-blog\/wp-json\/wp\/v2\/comments?post=1169"}],"version-history":[{"count":0,"href":"https:\/\/www.mundi-roth.de\/teneriffa-blog\/wp-json\/wp\/v2\/posts\/1169\/revisions"}],"wp:attachment":[{"href":"https:\/\/www.mundi-roth.de\/teneriffa-blog\/wp-json\/wp\/v2\/media?parent=1169"}],"wp:term":[{"taxonomy":"category","embeddable":true,"href":"https:\/\/www.mundi-roth.de\/teneriffa-blog\/wp-json\/wp\/v2\/categories?post=1169"},{"taxonomy":"post_tag","embeddable":true,"href":"https:\/\/www.mundi-roth.de\/teneriffa-blog\/wp-json\/wp\/v2\/tags?post=1169"}],"curies":[{"name":"wp","href":"https:\/\/api.w.org\/{rel}","templated":true}]}}