{"id":118,"date":"2007-11-28T19:24:19","date_gmt":"2007-11-28T17:24:19","guid":{"rendered":"http:\/\/www.mundi-roth.de\/teneriffa-blog\/allgemein\/barranco-achacay-lomo-blanco\/"},"modified":"2020-05-18T14:40:55","modified_gmt":"2020-05-18T13:40:55","slug":"barranco-achacay-lomo-blanco","status":"publish","type":"post","link":"https:\/\/www.mundi-roth.de\/teneriffa-blog\/wanderungen\/barranco-achacay-lomo-blanco\/","title":{"rendered":"Barranco Achacay &#8211; Lomo blanco"},"content":{"rendered":"<p class=\"MsoNormal\"><strong>Wir wollten gerne wieder auf dem &#8222;Camino Real&#8220; weiter die Insel erkunden und setzten die Wanderung der vergangenen Woche fort. Leider verpassten wir den eigentlichen Weg, jedoch der Barranco Achacay lohnte sich ebenfalls zu erwandern.<\/strong><\/p>\n<p class=\"MsoNormal\"><strong>Auf einer Hinweistafel. \u201eBarranco Achacay\u201c lasen wir die ausf\u00fchrliche Beschreibung: <em>\u201eSchlucht mit sehr steilem Gef\u00e4lle; ihr zentraler Verlauf ist reich an Vegetation mit seltenen einheimischen Gew\u00e4chsen der \u00dcbergangsvegetation und Resten unzug\u00e4nglicher Sabinaw\u00e4lder. Im weiteren Verlauf besitzt sie unterschiedliche Namen wie \u201ePedro Diaz\u201c oder \u201eRedondo\u201c. M\u00fcndet in den Strand von La Restinga.\u201c<\/em><\/strong><span style=\"font-size: 10pt; font-family: Arial;\"><strong><br \/>\n<\/strong><\/span><\/p>\n<p><!--more--><\/p>\n<p><strong>Wander-Wegstrecke:<\/strong> 2 Stunden<br \/>\n<a href=\"http:\/\/www.mundi-roth.de\/teneriffa-blog\/wp-content\/uploads\/2007\/11\/wanderstrecke.jpg\" rel=\"lightbox[118]\"><img loading=\"lazy\" decoding=\"async\" src=\"http:\/\/www.mundi-roth.de\/teneriffa-blog\/wp-content\/uploads\/2007\/11\/wanderstrecke.thumbnail.jpg\" alt=\"Wanderstrecke\" width=\"128\" height=\"96\" align=\"left\" border=\"0\" hspace=\"3\" vspace=\"3\" \/><\/a>Wenige Schritte unterhalb des Parkplatzes beginnt links unsere Wanderung und ist verhei\u00dfungsvoll gekennzeichnet: \u201eCamino Real &#8211; Barranco de Achacay &#8211; Avenida Bay\u00f3n\u201c.<br \/>\n<a href=\"http:\/\/www.mundi-roth.de\/teneriffa-blog\/wp-content\/uploads\/2007\/11\/sany5163.JPG\" rel=\"lightbox[118]\"><img loading=\"lazy\" decoding=\"async\" src=\"http:\/\/www.mundi-roth.de\/teneriffa-blog\/wp-content\/uploads\/2007\/11\/sany5163.thumbnail.JPG\" alt=\"Unbefestigter Weg\" width=\"128\" height=\"96\" align=\"right\" border=\"0\" hspace=\"3\" vspace=\"3\" \/><\/a> Die asphaltierte Stra\u00dfe geht schon bald in einen unbefestigten Weg \u00fcber, der dann in einen Pfad einm\u00fcndet, der entlang des Barrancos mit wunderbaren Basalts\u00e4ulen verl\u00e4uft.<br \/>\nEin kurzer Aufstieg bringt uns an den Geb\u00e4uden einer ehemaligen Galerie vorbei, wir \u00fcberschreiten die Gleise und weiter geht es links bergan.<br \/>\nHier frohlocken wir: Wieder eine Hinweistafel. \u201eBarranco Achacay\u201c und eine ausf\u00fchrliche Beschreibung: <em>\u201eSchlucht mit sehr steilem Gef\u00e4lle; ihr zentraler Verlauf ist reich an Vegetation mit seltenen einheimischen Gew\u00e4chsen der \u00dcbergangsvegetation und Resten unzug\u00e4nglicher Sabinaw\u00e4lder. Im weiteren Verlauf besitzt sie unterschiedliche Namen wie \u201ePedro Diaz\u201c oder \u201eRedondo\u201c. M\u00fcndet in den Strand von La Restinga.\u201c<\/em><br \/>\nWir gehen also nach rechts bergab, an zwei leeren Wasserbassins vorbei und bei einer Gabelung gehen wir weiter bergab. Der links abzweigende Weg bei der <a href=\"http:\/\/www.mundi-roth.de\/teneriffa-blog\/wp-content\/uploads\/2007\/11\/sany5167.JPG\" rel=\"lightbox[118]\"><img loading=\"lazy\" decoding=\"async\" src=\"http:\/\/www.mundi-roth.de\/teneriffa-blog\/wp-content\/uploads\/2007\/11\/sany5167.thumbnail.JPG\" alt=\"Felder\" width=\"128\" height=\"96\" align=\"left\" border=\"0\" hspace=\"3\" vspace=\"3\" \/><\/a>Gabelung f\u00fchrt lediglich zu bewirtschafteten Terrassenfeldern, gew\u00e4hrt aber auch einen tollen Blick in den n\u00e4chsten Barranco.<a href=\"http:\/\/www.mundi-roth.de\/teneriffa-blog\/wp-content\/uploads\/2007\/11\/sany5169.JPG\" rel=\"lightbox[118]\"><img loading=\"lazy\" decoding=\"async\" src=\"http:\/\/www.mundi-roth.de\/teneriffa-blog\/wp-content\/uploads\/2007\/11\/sany5169.thumbnail.JPG\" alt=\"Lomo blanco\" width=\"128\" height=\"96\" align=\"right\" border=\"0\" hspace=\"3\" vspace=\"3\" \/><\/a><br \/>\nAuf festem, hellem Bimsstein (deshalb hei\u00dft der H\u00f6henr\u00fccken Lomo blanco), auf dem es sich sehr gut gehen l\u00e4\u00dft, wandern wir unverdrossen bergab, vorbei an einer in den Bimsstein gehauenen Wasserleitung, mit Blick auf die unz\u00e4hligen Terrassenfelder und k\u00f6nnen nur ehrfurchtsvoll den Flei\u00df und die<a href=\"http:\/\/www.mundi-roth.de\/teneriffa-blog\/wp-content\/uploads\/2007\/11\/sany5173.JPG\" rel=\"lightbox[118]\"><img loading=\"lazy\" decoding=\"async\" src=\"http:\/\/www.mundi-roth.de\/teneriffa-blog\/wp-content\/uploads\/2007\/11\/sany5173.thumbnail.JPG\" alt=\"Vor uns die K\u00fcste\" width=\"128\" height=\"96\" align=\"left\" border=\"0\" hspace=\"3\" vspace=\"3\" \/><\/a> Arbeit der Bev\u00f6lkerung bestaunen. Vor uns haben wir die K\u00fcste und das Meer und rechts und links eindrucksvolle Barrancos. Wir kommen an weiteren leeren, zum Teil riesigen Wasserbecken vorbei.<br \/>\nNach einer Stunde problemlosen Bergabwanderns entscheiden wir, es ist genug und wir machen uns an den R\u00fcckweg. Offensichtlich haben wir durch Schauen und Fotografieren doch gebummelt, denn \u00fcberraschenderweise sind wir bereits nach 45 Minuten wieder an dem anfangs erw\u00e4hnten Schild.<\/p>\n<p>Da es unser Wunsch ist, den \u201eCamino Real\u201c, den k\u00f6niglichen Weg, weiter Richtung G\u00fcimar fortzusetzten, erkunden wir heute schon einmal den Einstieg, den wir bei unserer n\u00e4chsten Wanderung gehen wollen. Erstaunlicherweise sto\u00dfen wir \u2013 nach Befragung von Einheimischen \u2013 links oberhalb des Hinweisschildes \u201eBarranco Achacay\u201c mit den ausf\u00fchrlichen Erl\u00e4uterungen auf entsprechende Hinweise.<br \/>\nAlso: Wir freuen uns schon auf die Fortsetzung unserer Tour.<\/p>\n<p><strong>Botanik: <\/strong><br \/>\nAuf unseren Wanderungen sind viele Pflanzen unsere Wegbegleiter. Habe ich bisher versucht, die Vielzahl aufzuz\u00e4hlen (was mit der Zeit langweilig wird), so will ich in Zukunft versuchen, jeweils eine Pflanze, die in der jeweiligen Region besonders ins Auge springt oder hier besonders stark vertreten ist, etwas n\u00e4her zu beschreiben. Diverse Pflanzenbestimmungsb\u00fccher stehen mir da zur Seite.<br \/>\nHeute f\u00e4llt die Wahl auf die rotbraune Leuchterblumen (Ceropegia fusca Bolle) zum Teil auch \u201eFensterpflanzen\u201c genannt, die Spanier nennen sie \u201eCardoncillo, mataperro\u201c.<br \/>\n<a href=\"http:\/\/www.mundi-roth.de\/teneriffa-blog\/wp-content\/uploads\/2007\/11\/sany5051.jpg\" rel=\"lightbox[118]\"><img loading=\"lazy\" decoding=\"async\" src=\"http:\/\/www.mundi-roth.de\/teneriffa-blog\/wp-content\/uploads\/2007\/11\/sany5051.thumbnail.jpg\" alt=\"Leuchterblume\" width=\"96\" height=\"128\" align=\"left\" border=\"0\" hspace=\"3\" vspace=\"3\" \/><\/a> So viele Leuchterblumen haben wir sonst noch an keiner Stelle angetroffen.<br \/>\nDie Pflanze ist auf Teneriffa und Gran Canaria endemisch, geh\u00f6rt zu den Seidenpflanzengew\u00e4chsen und gedeiht in trocken-heissen Gebieten. Auf Teneriffa gedeiht sie von Meeresh\u00f6he bis in die \u00dcbergangsbereich zu den W\u00e4ldern, vor allem im Norden und Westen.<\/p>\n<p>Die sukkulente Pflanze hat fleischige, zylindrische, gegliederten St\u00e4mmchen zun\u00e4chst aufrecht, sp\u00e4ter unregelm\u00e4\u00dfig verzweigt, auch niederliegend und wurzelnd, braungr\u00fcn bis grauwei\u00df und wei\u00df, mit wachsartigem \u00dcberzug, 8 &#8211; 15 mm dick. Die rotbraunen, als \u201eGleitfallenblumen\u201c ausgebildeten Bl\u00fcten (Bl\u00fctezeit Februar bis Mai) haben eine \u201eleuchter\u00e4hnliche\u201c Krone. Die R\u00f6hre ist im unteren Drittel aufgeblasen, oben deutlich trichterf\u00f6rmig erweitert und mit 5 an der Spitze verbundenen, Fenster freilassenden, Zipfeln. Den durch den Aasgeruch angelockten Fliegen gew\u00e4hrt sie Zutritt und erst nach der Best\u00e4ubung k\u00f6nnen diese wieder aus der Bl\u00fcte heraus.<\/p>\n<p>Der Saft wird \u00e4usserlich zum Heilen von Wunden gebraucht, innerlich eingenommen wirkt er giftig.<\/p>\n<p>Es gibt auch noch die gablig verzweigte Leuchterblume, Ceropegia dichotoma Haw, von den Spanieren \u201eSay\u00f3n, cardoncillo, mataperro\u201c genannt, die der vorherbeschriebenen \u00e4hnlich ist, jedoch gr\u00fcnlichgraue Triebe und gelbliche Bl\u00fcten hat.<\/p>\n<p><strong>Restaurant:<\/strong><br \/>\nDa wir in der vergangenen Woche mit dem Restaurant \u201eBodeg\u00f3n Castro\u201c sehr zufrieden waren, kehren wir auch heute wieder hier ein und werden nicht entt\u00e4uscht.<br \/>\nRestaurant Bodeg\u00f3n Castro, El Escobonal,<br \/>\nTelefon: 629 62 89 75, Montag ist Ruhetag<\/p>\n<p><strong>Anfahrt:<\/strong><br \/>\n<a href=\"http:\/\/www.mundi-roth.de\/teneriffa-blog\/wp-content\/uploads\/2007\/11\/strassenkarte.jpg\" rel=\"lightbox[118]\"><img decoding=\"async\" src=\"http:\/\/www.mundi-roth.de\/teneriffa-blog\/wp-content\/uploads\/2007\/11\/strassenkarte.jpg\" alt=\"Stra\u00dfenkarte\" align=\"right\" border=\"0\" hspace=\"3\" vspace=\"3\" \/><\/a>Von Los Cristianos kommend fahren wir auf der Autobahn TF-1 Richtung Santa Cruz bis zur Ausfahrt El Tabalado \u2013 El Escobonal und wechseln auf die TF-617 Richtung El Escobonal. Im Ort fahren wir hoch bis zur Bodeg\u00f3n Castro, dem Restaurant, das wir von der Wanderung \u201eBarranco Herques\u201c schon kennen und parken auf dem kleinen Platz links der Stra\u00dfe.<\/p>\n","protected":false},"excerpt":{"rendered":"<p>Wir wollten gerne wieder auf dem &#8222;Camino Real&#8220; weiter die Insel erkunden und setzten die Wanderung der vergangenen Woche fort. Leider verpassten wir den eigentlichen Weg, jedoch der Barranco Achacay lohnte sich ebenfalls zu erwandern. Auf einer Hinweistafel. \u201eBarranco Achacay\u201c lasen wir die ausf\u00fchrliche Beschreibung: \u201eSchlucht mit sehr steilem Gef\u00e4lle; ihr zentraler Verlauf ist reich [&hellip;]<\/p>\n","protected":false},"author":3,"featured_media":0,"comment_status":"open","ping_status":"open","sticky":false,"template":"","format":"standard","meta":{"footnotes":""},"categories":[771,6],"tags":[55,47,53,54,3,4],"class_list":["post-118","post","type-post","status-publish","format-standard","hentry","category-gueimar","category-wanderungen","tag-barranco-achacay","tag-camino-real","tag-leuchterblume","tag-lomo-blanco","tag-teneriffa","tag-wandern"],"yoast_head":"<!-- This site is optimized with the Yoast SEO plugin v27.5 - https:\/\/yoast.com\/product\/yoast-seo-wordpress\/ -->\n<title>Barranco Achacay - Lomo blanco - Teneriffa Wandern<\/title>\n<meta name=\"robots\" content=\"index, follow, max-snippet:-1, max-image-preview:large, max-video-preview:-1\" \/>\n<link rel=\"canonical\" href=\"https:\/\/www.mundi-roth.de\/teneriffa-blog\/wanderungen\/barranco-achacay-lomo-blanco\/\" \/>\n<meta name=\"twitter:label1\" content=\"Verfasst von\" \/>\n\t<meta name=\"twitter:data1\" content=\"ir\" \/>\n\t<meta name=\"twitter:label2\" content=\"Gesch\u00e4tzte Lesezeit\" \/>\n\t<meta name=\"twitter:data2\" content=\"4\u00a0Minuten\" \/>\n<script type=\"application\/ld+json\" class=\"yoast-schema-graph\">{\"@context\":\"https:\\\/\\\/schema.org\",\"@graph\":[{\"@type\":\"Article\",\"@id\":\"https:\\\/\\\/www.mundi-roth.de\\\/teneriffa-blog\\\/wanderungen\\\/barranco-achacay-lomo-blanco\\\/#article\",\"isPartOf\":{\"@id\":\"https:\\\/\\\/www.mundi-roth.de\\\/teneriffa-blog\\\/wanderungen\\\/barranco-achacay-lomo-blanco\\\/\"},\"author\":{\"name\":\"ir\",\"@id\":\"https:\\\/\\\/www.mundi-roth.de\\\/teneriffa-blog\\\/#\\\/schema\\\/person\\\/3afd0d251449790d15367c9aa52d203d\"},\"headline\":\"Barranco Achacay &#8211; Lomo blanco\",\"datePublished\":\"2007-11-28T17:24:19+00:00\",\"dateModified\":\"2020-05-18T13:40:55+00:00\",\"mainEntityOfPage\":{\"@id\":\"https:\\\/\\\/www.mundi-roth.de\\\/teneriffa-blog\\\/wanderungen\\\/barranco-achacay-lomo-blanco\\\/\"},\"wordCount\":843,\"commentCount\":0,\"image\":{\"@id\":\"https:\\\/\\\/www.mundi-roth.de\\\/teneriffa-blog\\\/wanderungen\\\/barranco-achacay-lomo-blanco\\\/#primaryimage\"},\"thumbnailUrl\":\"http:\\\/\\\/www.mundi-roth.de\\\/teneriffa-blog\\\/wp-content\\\/uploads\\\/2007\\\/11\\\/wanderstrecke.thumbnail.jpg\",\"keywords\":[\"Barranco Achacay\",\"Camino Real\",\"Leuchterblume\",\"Lomo blanco\",\"Teneriffa\",\"Wandern\"],\"articleSection\":[\"G\u00fcimar\",\"Wanderungen\"],\"inLanguage\":\"de\",\"potentialAction\":[{\"@type\":\"CommentAction\",\"name\":\"Comment\",\"target\":[\"https:\\\/\\\/www.mundi-roth.de\\\/teneriffa-blog\\\/wanderungen\\\/barranco-achacay-lomo-blanco\\\/#respond\"]}]},{\"@type\":\"WebPage\",\"@id\":\"https:\\\/\\\/www.mundi-roth.de\\\/teneriffa-blog\\\/wanderungen\\\/barranco-achacay-lomo-blanco\\\/\",\"url\":\"https:\\\/\\\/www.mundi-roth.de\\\/teneriffa-blog\\\/wanderungen\\\/barranco-achacay-lomo-blanco\\\/\",\"name\":\"Barranco Achacay - Lomo blanco - Teneriffa Wandern\",\"isPartOf\":{\"@id\":\"https:\\\/\\\/www.mundi-roth.de\\\/teneriffa-blog\\\/#website\"},\"primaryImageOfPage\":{\"@id\":\"https:\\\/\\\/www.mundi-roth.de\\\/teneriffa-blog\\\/wanderungen\\\/barranco-achacay-lomo-blanco\\\/#primaryimage\"},\"image\":{\"@id\":\"https:\\\/\\\/www.mundi-roth.de\\\/teneriffa-blog\\\/wanderungen\\\/barranco-achacay-lomo-blanco\\\/#primaryimage\"},\"thumbnailUrl\":\"http:\\\/\\\/www.mundi-roth.de\\\/teneriffa-blog\\\/wp-content\\\/uploads\\\/2007\\\/11\\\/wanderstrecke.thumbnail.jpg\",\"datePublished\":\"2007-11-28T17:24:19+00:00\",\"dateModified\":\"2020-05-18T13:40:55+00:00\",\"author\":{\"@id\":\"https:\\\/\\\/www.mundi-roth.de\\\/teneriffa-blog\\\/#\\\/schema\\\/person\\\/3afd0d251449790d15367c9aa52d203d\"},\"breadcrumb\":{\"@id\":\"https:\\\/\\\/www.mundi-roth.de\\\/teneriffa-blog\\\/wanderungen\\\/barranco-achacay-lomo-blanco\\\/#breadcrumb\"},\"inLanguage\":\"de\",\"potentialAction\":[{\"@type\":\"ReadAction\",\"target\":[\"https:\\\/\\\/www.mundi-roth.de\\\/teneriffa-blog\\\/wanderungen\\\/barranco-achacay-lomo-blanco\\\/\"]}]},{\"@type\":\"ImageObject\",\"inLanguage\":\"de\",\"@id\":\"https:\\\/\\\/www.mundi-roth.de\\\/teneriffa-blog\\\/wanderungen\\\/barranco-achacay-lomo-blanco\\\/#primaryimage\",\"url\":\"http:\\\/\\\/www.mundi-roth.de\\\/teneriffa-blog\\\/wp-content\\\/uploads\\\/2007\\\/11\\\/wanderstrecke.thumbnail.jpg\",\"contentUrl\":\"http:\\\/\\\/www.mundi-roth.de\\\/teneriffa-blog\\\/wp-content\\\/uploads\\\/2007\\\/11\\\/wanderstrecke.thumbnail.jpg\"},{\"@type\":\"BreadcrumbList\",\"@id\":\"https:\\\/\\\/www.mundi-roth.de\\\/teneriffa-blog\\\/wanderungen\\\/barranco-achacay-lomo-blanco\\\/#breadcrumb\",\"itemListElement\":[{\"@type\":\"ListItem\",\"position\":1,\"name\":\"Startseite\",\"item\":\"https:\\\/\\\/www.mundi-roth.de\\\/teneriffa-blog\\\/\"},{\"@type\":\"ListItem\",\"position\":2,\"name\":\"Barranco Achacay &#8211; Lomo blanco\"}]},{\"@type\":\"WebSite\",\"@id\":\"https:\\\/\\\/www.mundi-roth.de\\\/teneriffa-blog\\\/#website\",\"url\":\"https:\\\/\\\/www.mundi-roth.de\\\/teneriffa-blog\\\/\",\"name\":\"Teneriffa Wandern\",\"description\":\"Nicht nur Wanderungen auf Teneriffa...\",\"potentialAction\":[{\"@type\":\"SearchAction\",\"target\":{\"@type\":\"EntryPoint\",\"urlTemplate\":\"https:\\\/\\\/www.mundi-roth.de\\\/teneriffa-blog\\\/?s={search_term_string}\"},\"query-input\":{\"@type\":\"PropertyValueSpecification\",\"valueRequired\":true,\"valueName\":\"search_term_string\"}}],\"inLanguage\":\"de\"},{\"@type\":\"Person\",\"@id\":\"https:\\\/\\\/www.mundi-roth.de\\\/teneriffa-blog\\\/#\\\/schema\\\/person\\\/3afd0d251449790d15367c9aa52d203d\",\"name\":\"ir\",\"image\":{\"@type\":\"ImageObject\",\"inLanguage\":\"de\",\"@id\":\"https:\\\/\\\/secure.gravatar.com\\\/avatar\\\/e67b41513c921c2bb58363f44c8a00a447c9a2526ad8ff71b5b6257e5f7f5c66?s=96&d=mm&r=g\",\"url\":\"https:\\\/\\\/secure.gravatar.com\\\/avatar\\\/e67b41513c921c2bb58363f44c8a00a447c9a2526ad8ff71b5b6257e5f7f5c66?s=96&d=mm&r=g\",\"contentUrl\":\"https:\\\/\\\/secure.gravatar.com\\\/avatar\\\/e67b41513c921c2bb58363f44c8a00a447c9a2526ad8ff71b5b6257e5f7f5c66?s=96&d=mm&r=g\",\"caption\":\"ir\"},\"sameAs\":[\"http:\\\/\\\/www.mundi-roth.de\"],\"url\":\"https:\\\/\\\/www.mundi-roth.de\\\/teneriffa-blog\\\/author\\\/ir\\\/\"}]}<\/script>\n<!-- \/ Yoast SEO plugin. -->","yoast_head_json":{"title":"Barranco Achacay - Lomo blanco - Teneriffa Wandern","robots":{"index":"index","follow":"follow","max-snippet":"max-snippet:-1","max-image-preview":"max-image-preview:large","max-video-preview":"max-video-preview:-1"},"canonical":"https:\/\/www.mundi-roth.de\/teneriffa-blog\/wanderungen\/barranco-achacay-lomo-blanco\/","twitter_misc":{"Verfasst von":"ir","Gesch\u00e4tzte Lesezeit":"4\u00a0Minuten"},"schema":{"@context":"https:\/\/schema.org","@graph":[{"@type":"Article","@id":"https:\/\/www.mundi-roth.de\/teneriffa-blog\/wanderungen\/barranco-achacay-lomo-blanco\/#article","isPartOf":{"@id":"https:\/\/www.mundi-roth.de\/teneriffa-blog\/wanderungen\/barranco-achacay-lomo-blanco\/"},"author":{"name":"ir","@id":"https:\/\/www.mundi-roth.de\/teneriffa-blog\/#\/schema\/person\/3afd0d251449790d15367c9aa52d203d"},"headline":"Barranco Achacay &#8211; Lomo blanco","datePublished":"2007-11-28T17:24:19+00:00","dateModified":"2020-05-18T13:40:55+00:00","mainEntityOfPage":{"@id":"https:\/\/www.mundi-roth.de\/teneriffa-blog\/wanderungen\/barranco-achacay-lomo-blanco\/"},"wordCount":843,"commentCount":0,"image":{"@id":"https:\/\/www.mundi-roth.de\/teneriffa-blog\/wanderungen\/barranco-achacay-lomo-blanco\/#primaryimage"},"thumbnailUrl":"http:\/\/www.mundi-roth.de\/teneriffa-blog\/wp-content\/uploads\/2007\/11\/wanderstrecke.thumbnail.jpg","keywords":["Barranco Achacay","Camino Real","Leuchterblume","Lomo blanco","Teneriffa","Wandern"],"articleSection":["G\u00fcimar","Wanderungen"],"inLanguage":"de","potentialAction":[{"@type":"CommentAction","name":"Comment","target":["https:\/\/www.mundi-roth.de\/teneriffa-blog\/wanderungen\/barranco-achacay-lomo-blanco\/#respond"]}]},{"@type":"WebPage","@id":"https:\/\/www.mundi-roth.de\/teneriffa-blog\/wanderungen\/barranco-achacay-lomo-blanco\/","url":"https:\/\/www.mundi-roth.de\/teneriffa-blog\/wanderungen\/barranco-achacay-lomo-blanco\/","name":"Barranco Achacay - Lomo blanco - Teneriffa Wandern","isPartOf":{"@id":"https:\/\/www.mundi-roth.de\/teneriffa-blog\/#website"},"primaryImageOfPage":{"@id":"https:\/\/www.mundi-roth.de\/teneriffa-blog\/wanderungen\/barranco-achacay-lomo-blanco\/#primaryimage"},"image":{"@id":"https:\/\/www.mundi-roth.de\/teneriffa-blog\/wanderungen\/barranco-achacay-lomo-blanco\/#primaryimage"},"thumbnailUrl":"http:\/\/www.mundi-roth.de\/teneriffa-blog\/wp-content\/uploads\/2007\/11\/wanderstrecke.thumbnail.jpg","datePublished":"2007-11-28T17:24:19+00:00","dateModified":"2020-05-18T13:40:55+00:00","author":{"@id":"https:\/\/www.mundi-roth.de\/teneriffa-blog\/#\/schema\/person\/3afd0d251449790d15367c9aa52d203d"},"breadcrumb":{"@id":"https:\/\/www.mundi-roth.de\/teneriffa-blog\/wanderungen\/barranco-achacay-lomo-blanco\/#breadcrumb"},"inLanguage":"de","potentialAction":[{"@type":"ReadAction","target":["https:\/\/www.mundi-roth.de\/teneriffa-blog\/wanderungen\/barranco-achacay-lomo-blanco\/"]}]},{"@type":"ImageObject","inLanguage":"de","@id":"https:\/\/www.mundi-roth.de\/teneriffa-blog\/wanderungen\/barranco-achacay-lomo-blanco\/#primaryimage","url":"http:\/\/www.mundi-roth.de\/teneriffa-blog\/wp-content\/uploads\/2007\/11\/wanderstrecke.thumbnail.jpg","contentUrl":"http:\/\/www.mundi-roth.de\/teneriffa-blog\/wp-content\/uploads\/2007\/11\/wanderstrecke.thumbnail.jpg"},{"@type":"BreadcrumbList","@id":"https:\/\/www.mundi-roth.de\/teneriffa-blog\/wanderungen\/barranco-achacay-lomo-blanco\/#breadcrumb","itemListElement":[{"@type":"ListItem","position":1,"name":"Startseite","item":"https:\/\/www.mundi-roth.de\/teneriffa-blog\/"},{"@type":"ListItem","position":2,"name":"Barranco Achacay &#8211; Lomo blanco"}]},{"@type":"WebSite","@id":"https:\/\/www.mundi-roth.de\/teneriffa-blog\/#website","url":"https:\/\/www.mundi-roth.de\/teneriffa-blog\/","name":"Teneriffa Wandern","description":"Nicht nur Wanderungen auf Teneriffa...","potentialAction":[{"@type":"SearchAction","target":{"@type":"EntryPoint","urlTemplate":"https:\/\/www.mundi-roth.de\/teneriffa-blog\/?s={search_term_string}"},"query-input":{"@type":"PropertyValueSpecification","valueRequired":true,"valueName":"search_term_string"}}],"inLanguage":"de"},{"@type":"Person","@id":"https:\/\/www.mundi-roth.de\/teneriffa-blog\/#\/schema\/person\/3afd0d251449790d15367c9aa52d203d","name":"ir","image":{"@type":"ImageObject","inLanguage":"de","@id":"https:\/\/secure.gravatar.com\/avatar\/e67b41513c921c2bb58363f44c8a00a447c9a2526ad8ff71b5b6257e5f7f5c66?s=96&d=mm&r=g","url":"https:\/\/secure.gravatar.com\/avatar\/e67b41513c921c2bb58363f44c8a00a447c9a2526ad8ff71b5b6257e5f7f5c66?s=96&d=mm&r=g","contentUrl":"https:\/\/secure.gravatar.com\/avatar\/e67b41513c921c2bb58363f44c8a00a447c9a2526ad8ff71b5b6257e5f7f5c66?s=96&d=mm&r=g","caption":"ir"},"sameAs":["http:\/\/www.mundi-roth.de"],"url":"https:\/\/www.mundi-roth.de\/teneriffa-blog\/author\/ir\/"}]}},"_links":{"self":[{"href":"https:\/\/www.mundi-roth.de\/teneriffa-blog\/wp-json\/wp\/v2\/posts\/118","targetHints":{"allow":["GET"]}}],"collection":[{"href":"https:\/\/www.mundi-roth.de\/teneriffa-blog\/wp-json\/wp\/v2\/posts"}],"about":[{"href":"https:\/\/www.mundi-roth.de\/teneriffa-blog\/wp-json\/wp\/v2\/types\/post"}],"author":[{"embeddable":true,"href":"https:\/\/www.mundi-roth.de\/teneriffa-blog\/wp-json\/wp\/v2\/users\/3"}],"replies":[{"embeddable":true,"href":"https:\/\/www.mundi-roth.de\/teneriffa-blog\/wp-json\/wp\/v2\/comments?post=118"}],"version-history":[{"count":0,"href":"https:\/\/www.mundi-roth.de\/teneriffa-blog\/wp-json\/wp\/v2\/posts\/118\/revisions"}],"wp:attachment":[{"href":"https:\/\/www.mundi-roth.de\/teneriffa-blog\/wp-json\/wp\/v2\/media?parent=118"}],"wp:term":[{"taxonomy":"category","embeddable":true,"href":"https:\/\/www.mundi-roth.de\/teneriffa-blog\/wp-json\/wp\/v2\/categories?post=118"},{"taxonomy":"post_tag","embeddable":true,"href":"https:\/\/www.mundi-roth.de\/teneriffa-blog\/wp-json\/wp\/v2\/tags?post=118"}],"curies":[{"name":"wp","href":"https:\/\/api.w.org\/{rel}","templated":true}]}}