{"id":1191,"date":"2011-02-04T22:00:32","date_gmt":"2011-02-04T21:00:32","guid":{"rendered":"http:\/\/www.mundi-roth.de\/teneriffa-blog\/?p=1191"},"modified":"2015-04-12T10:32:08","modified_gmt":"2015-04-12T09:32:08","slug":"barranco-de-masca-masca-schlucht","status":"publish","type":"post","link":"https:\/\/www.mundi-roth.de\/teneriffa-blog\/wanderungen\/barranco-de-masca-masca-schlucht\/","title":{"rendered":"Barranco de Masca &#8211; Masca-Schlucht"},"content":{"rendered":"<p><strong>Gigantisch! Grandios! Beeindruckend! Einzigartig!<\/strong><\/p>\n<p><em><strong>\u201eWer Masca nicht gesehen hat, hat nichts gesehen\u201c, <\/strong><\/em><\/p>\n<p><strong>so lautet eine Volksweisheit Teneriffas.<\/strong><strong> Fest steht jedenfalls:<\/strong><\/p>\n<p><a href=\"http:\/\/www.mundi-roth.de\/teneriffa-blog\/wp-content\/uploads\/2011\/02\/SANY0315.jpg\" rel=\"lightbox[1191]\"><img loading=\"lazy\" decoding=\"async\" class=\"alignleft size-thumbnail wp-image-1196\" title=\"SANY0315\" src=\"http:\/\/www.mundi-roth.de\/teneriffa-blog\/wp-content\/uploads\/2011\/02\/SANY0315-150x136.jpg\" alt=\"\" width=\"150\" height=\"136\" srcset=\"https:\/\/www.mundi-roth.de\/teneriffa-blog\/wp-content\/uploads\/2011\/02\/SANY0315-150x136.jpg 150w, https:\/\/www.mundi-roth.de\/teneriffa-blog\/wp-content\/uploads\/2011\/02\/SANY0315-300x272.jpg 300w, https:\/\/www.mundi-roth.de\/teneriffa-blog\/wp-content\/uploads\/2011\/02\/SANY0315.jpg 494w\" sizes=\"auto, (max-width: 150px) 100vw, 150px\" \/><\/a><\/p>\n<p><strong>Eine so faszinierende Schlucht mit so steil aufragenden Felsw\u00e4nden, solchen Auf- Aus- und Einblicken, einer solchen Pflanzenvielfalt, sucht ihresgleichen.<\/strong><\/p>\n<p>Fest steht auch: Man mag die Tour gehen so oft man will, sie \u00fcberrascht immer wieder mit neuen Aspekten. Diesmal die<a href=\"http:\/\/www.mundi-roth.de\/teneriffa-blog\/wp-content\/uploads\/2011\/02\/SANY0310.jpg\" rel=\"lightbox[1191]\"><img loading=\"lazy\" decoding=\"async\" class=\"alignright size-thumbnail wp-image-1197\" title=\"SANY0310\" src=\"http:\/\/www.mundi-roth.de\/teneriffa-blog\/wp-content\/uploads\/2011\/02\/SANY0310-112x150.jpg\" alt=\"\" width=\"112\" height=\"150\" srcset=\"https:\/\/www.mundi-roth.de\/teneriffa-blog\/wp-content\/uploads\/2011\/02\/SANY0310-112x150.jpg 112w, https:\/\/www.mundi-roth.de\/teneriffa-blog\/wp-content\/uploads\/2011\/02\/SANY0310-225x300.jpg 225w, https:\/\/www.mundi-roth.de\/teneriffa-blog\/wp-content\/uploads\/2011\/02\/SANY0310.jpg 450w\" sizes=\"auto, (max-width: 112px) 100vw, 112px\" \/><\/a><\/p>\n<p>reichlich flie\u00dfenden B\u00e4chlein mit teils kleineren, teils gr\u00f6\u00dferen Wasserfall-Kaskaden die in Gumpen m\u00fcnden.<\/p>\n<p>Jedoch aus diesem Grunde handelt es sich weniger um eine Wanderung<\/p>\n<p>als um einen Balanceakt \u00fcber die Furten. Zwanzig, drei\u00dfig Mal haben wir sicher das oder die B\u00e4chlein gequert und kamen \u2013 dank <a href=\"http:\/\/www.mundi-roth.de\/teneriffa-blog\/wp-content\/uploads\/2011\/02\/SANY0348x.jpg\" rel=\"lightbox[1191]\"><img loading=\"lazy\" decoding=\"async\" class=\"alignleft size-thumbnail wp-image-1199\" title=\"SANY0348x\" src=\"http:\/\/www.mundi-roth.de\/teneriffa-blog\/wp-content\/uploads\/2011\/02\/SANY0348x-112x150.jpg\" alt=\"\" width=\"112\" height=\"150\" srcset=\"https:\/\/www.mundi-roth.de\/teneriffa-blog\/wp-content\/uploads\/2011\/02\/SANY0348x-112x150.jpg 112w, https:\/\/www.mundi-roth.de\/teneriffa-blog\/wp-content\/uploads\/2011\/02\/SANY0348x-225x300.jpg 225w, https:\/\/www.mundi-roth.de\/teneriffa-blog\/wp-content\/uploads\/2011\/02\/SANY0348x.jpg 450w\" sizes=\"auto, (max-width: 112px) 100vw, 112px\" \/><\/a>lieber Vorwanderer, die Steine zum \u00dcberqueren legten \u2013 trockenen Fu\u00dfes am Meeresgestade an.<\/p>\n<p>Eins sollte man bei der Planung dieser Tour beachten:<br \/>\nEs handelt sich um ein Abenteuer, denn trotz vieler, hilfreicher Steinm\u00e4nnchen ist die Fortsetzung des Weges nicht immer klar erkennbar.<br \/>\nTrittsicherheit ist unbedingt erforderlich, daher selbstverst\u00e4ndlich feste Stiefel!<br \/>\nSt\u00f6cke sind hilfreich und H\u00f6henangst sollte man auch nicht haben.<br \/>\nReichlich zu trinken mitnehmen!<br \/>\nNa, dann mal los!<\/p>\n<p><strong>Wanderwegstrecke<\/strong> (oder besser: Balancestrecke): 2 \u00be Stunden<br \/>\nWir beginnen die Tour im Ort Masca (600 m).<a href=\"http:\/\/www.mundi-roth.de\/teneriffa-blog\/wp-content\/uploads\/2011\/02\/SANY0285.jpg\" rel=\"lightbox[1191]\"><img loading=\"lazy\" decoding=\"async\" class=\"alignright size-thumbnail wp-image-1192\" title=\"SANY0285\" src=\"http:\/\/www.mundi-roth.de\/teneriffa-blog\/wp-content\/uploads\/2011\/02\/SANY0285-150x112.jpg\" alt=\"\" width=\"150\" height=\"112\" srcset=\"https:\/\/www.mundi-roth.de\/teneriffa-blog\/wp-content\/uploads\/2011\/02\/SANY0285-150x112.jpg 150w, https:\/\/www.mundi-roth.de\/teneriffa-blog\/wp-content\/uploads\/2011\/02\/SANY0285-300x225.jpg 300w, https:\/\/www.mundi-roth.de\/teneriffa-blog\/wp-content\/uploads\/2011\/02\/SANY0285.jpg 600w\" sizes=\"auto, (max-width: 150px) 100vw, 150px\" \/><\/a><\/p>\n<p>Wichtig: Als erstes kaufen wir bei dem ersten Kiosk rechts des gepflasterten Weges die Karten f\u00fcr das Schiff von\u00a0 Playa de Masca nach Los Gigantes. Kostenpunkt: 10 Euro.<br \/>\nAls Einstiegshilfe bekommen wir vom Kioskbesitzer gesagt:<br \/>\n\u201eDen Weg bergab bis zum gro\u00dfen gelben Schild und dann links.\u201c<br \/>\nGesagt, getan. Das gelbe Schild kl\u00e4rt uns \u00fcber Erdrutschgefahr auf und wir reihen uns die Schlange der Wanderer ein.<\/p>\n<p><a href=\"http:\/\/www.mundi-roth.de\/teneriffa-blog\/wp-content\/uploads\/2011\/02\/SANY0293.jpg\" rel=\"lightbox[1191]\"><img loading=\"lazy\" decoding=\"async\" class=\"alignleft size-thumbnail wp-image-1193\" title=\"SANY0293\" src=\"http:\/\/www.mundi-roth.de\/teneriffa-blog\/wp-content\/uploads\/2011\/02\/SANY0293-112x150.jpg\" alt=\"\" width=\"112\" height=\"150\" srcset=\"https:\/\/www.mundi-roth.de\/teneriffa-blog\/wp-content\/uploads\/2011\/02\/SANY0293-112x150.jpg 112w, https:\/\/www.mundi-roth.de\/teneriffa-blog\/wp-content\/uploads\/2011\/02\/SANY0293-225x300.jpg 225w, https:\/\/www.mundi-roth.de\/teneriffa-blog\/wp-content\/uploads\/2011\/02\/SANY0293.jpg 450w\" sizes=\"auto, (max-width: 112px) 100vw, 112px\" \/><\/a>Nach geraumer Zeit gelingt es uns an der Gruppe vorbeizukommen und auf dem steilen, treppenartigen Pfad geht es bergab. Nach 10 Minuten sto\u00dfen wir auf ein mehgrsprachiges Hinweisschild:<br \/>\n\u201eKatzen sind wunderbare Haustiere, aber wenn sie verwildern, verwandeln sie sich in J\u00e4ger, die eine \u00e4u\u00dferst negative Auswirkung auf die \u201eeinheimische\u201c Tierwelt haben. Sie stellen eine deutliche Gefahr f\u00fcr die kleinen Seev\u00f6gelgruppen und die Rieseneidechsen dar, die bis heute im Teno \u00fcberlebt haben. Wenn Sie dazu beitragen m\u00f6chten, diesen Ort zu erhalten, dann <strong>f\u00fcttern sie bitte keine Katzen, weder in der Schlucht noch am Masca-Strand.<\/strong>\u201c<\/p>\n<p>Eine Br\u00fccke f\u00fchrt uns auf die linke Seite der Schlucht. Wir m\u00fcssen erst etwas bergan, um dann in das Bachbett abzusteigen.<br \/>\nIch sage mal, eine genaue Beschreibung des Verlaufs der Tour ist gar<a href=\"http:\/\/www.mundi-roth.de\/teneriffa-blog\/wp-content\/uploads\/2011\/02\/SANY0313.jpg\" rel=\"lightbox[1191]\"><img loading=\"lazy\" decoding=\"async\" class=\"alignleft size-thumbnail wp-image-1194\" title=\"SANY0313\" src=\"http:\/\/www.mundi-roth.de\/teneriffa-blog\/wp-content\/uploads\/2011\/02\/SANY0313-150x112.jpg\" alt=\"\" width=\"150\" height=\"112\" srcset=\"https:\/\/www.mundi-roth.de\/teneriffa-blog\/wp-content\/uploads\/2011\/02\/SANY0313-150x112.jpg 150w, https:\/\/www.mundi-roth.de\/teneriffa-blog\/wp-content\/uploads\/2011\/02\/SANY0313-300x225.jpg 300w, https:\/\/www.mundi-roth.de\/teneriffa-blog\/wp-content\/uploads\/2011\/02\/SANY0313.jpg 600w\" sizes=\"auto, (max-width: 150px) 100vw, 150px\" \/><\/a><\/p>\n<p>nicht m\u00f6glich. Es hei\u00dft: Augen auf und den Steinm\u00e4nnchen und den zum Teil gut auszumachenden Pfaden folgen.<br \/>\nJedoch immer wieder st\u00f6\u00dft man auf Vorwanderer die im Zweifel sind, \u201ewo geht es weiter?\u201c Gemeinsam findet man dann die Fortsetzung.<\/p>\n<p>Ein Engpass mit steilem Abbruch ist inzwischen mit einem Seil gesichert. Gelegentlich entdecken wir Zahlen an den Felsen, die wir nicht recht zu deuten wissen. So eine 22 beim Einstieg in den Abstieg, der unter einem gewaltigen Felsbrocken durchf\u00fchrt, welcher von fr\u00fcheren Wanderungen noch in guter Erinnerung ist. Jetzt jedoch ist der Brocken mit Steinen unterf\u00fcttert, so dass man problemlos, in geb\u00fcckter Haltung, passieren kann.<\/p>\n<p>Dagegen gibt es andere Stellen, da hilft es nur noch, sich auf <a href=\"http:\/\/www.mundi-roth.de\/teneriffa-blog\/wp-content\/uploads\/2011\/02\/SANY0356.jpg\" rel=\"lightbox[1191]\"><img loading=\"lazy\" decoding=\"async\" class=\"alignright size-thumbnail wp-image-1195\" title=\"SANY0356\" src=\"http:\/\/www.mundi-roth.de\/teneriffa-blog\/wp-content\/uploads\/2011\/02\/SANY0356-150x112.jpg\" alt=\"\" width=\"150\" height=\"112\" srcset=\"https:\/\/www.mundi-roth.de\/teneriffa-blog\/wp-content\/uploads\/2011\/02\/SANY0356-150x112.jpg 150w, https:\/\/www.mundi-roth.de\/teneriffa-blog\/wp-content\/uploads\/2011\/02\/SANY0356-300x225.jpg 300w, https:\/\/www.mundi-roth.de\/teneriffa-blog\/wp-content\/uploads\/2011\/02\/SANY0356.jpg 600w\" sizes=\"auto, (max-width: 150px) 100vw, 150px\" \/><\/a>dem Hosenboden abrutschen zu lassen. Andere dagegen erfordern ein Klettern auf allen Vieren, so dass man erst die St\u00f6cke oberhalb deponieren muss. Immer aber und \u00fcberall wird man vom Gepl\u00e4tscher des Wassers begleitet.<\/p>\n<p>An einer un\u00fcbersichtlichen Stelle sehen wir unterhalb ein gelbes Gitter, an dem f\u00fchrt links der Weg weiter abw\u00e4rts.<\/p>\n<p>Wir sind um 10.30 Uhr im Dorf Masca losgewandert und erreichen das Meeres-Ufer, Playa de Masca,\u00a0 um 13.15 Uhr.<br \/>\nF\u00fcr 13.30 Uhr hatten wir das Schiff nach Los Gigantes gebucht, da uns der Kartenverk\u00e4ufer sagte, 2 \u00bd Stunden dauere die Tour. Nun, wir haben etwas l\u00e4nger gebraucht. Auch nicht schlimm.<\/p>\n<p><a href=\"http:\/\/www.mundi-roth.de\/teneriffa-blog\/wp-content\/uploads\/2011\/02\/SANY0365a.jpg\" rel=\"lightbox[1191]\"><img loading=\"lazy\" decoding=\"async\" class=\"alignleft size-thumbnail wp-image-1201\" title=\"SANY0365a\" src=\"http:\/\/www.mundi-roth.de\/teneriffa-blog\/wp-content\/uploads\/2011\/02\/SANY0365a-150x62.jpg\" alt=\"\" width=\"150\" height=\"62\" srcset=\"https:\/\/www.mundi-roth.de\/teneriffa-blog\/wp-content\/uploads\/2011\/02\/SANY0365a-150x62.jpg 150w, https:\/\/www.mundi-roth.de\/teneriffa-blog\/wp-content\/uploads\/2011\/02\/SANY0365a-300x125.jpg 300w, https:\/\/www.mundi-roth.de\/teneriffa-blog\/wp-content\/uploads\/2011\/02\/SANY0365a.jpg 599w\" sizes=\"auto, (max-width: 150px) 100vw, 150px\" \/><\/a>Unser Schiff kommt fast p\u00fcnktlich, legt eine kleine Pause ein und um 13.50 Uhr k\u00f6nnen wir, da wir die Einzigen waren, die bereits ihre Tickets hatten,\u00a0 als Erste an Bord gehen.<br \/>\nCa. 20 Minuten dauert die Fahrt bis Los Gigantes. Unterwegs tuckert der Kapit\u00e4n an den Fischzuchtk\u00e4figen f\u00fcr Doraden vorbei, weil hier angeblich h\u00e4ufig Delphine gesichtet werden. Wir sahen leider nicht einen Delphin.<\/p>\n<p><strong>Fazit: <\/strong>Immer wieder gerne! Immer wieder ein Erlebnis! Immer wieder neu!<br \/>\nImmer wieder beeindruckend!<br \/>\nUnd sicher nicht zum letzten Mal!<\/p>\n<p><strong>Anfahrt:<\/strong><br \/>\nHat man kein privates \u201eTaxi\u201c wie wir Gl\u00fccklichen, kann man auch den Bus 460 um 7.35 Uhr \u2013 will man auf der sicheren Seite sein &#8211; oder um 9.35 Uhr vom Busbahnhof in Playa de las Americas bis Valle Santiago nehmen.<br \/>\nHier geht um 10.35 Uhr der Anschluss-Bus 355 nach Masca ab.<br \/>\n<strong>Abfahrt:<\/strong><br \/>\nSchiff: 13.30 Uhr oder 15.30 Uhr Playa de Masca \u2013 Los Gigantes<br \/>\nBus 473, 14.30 Uhr Los Gigantes \u2013 Playa de las Americas\u00a0 (100 Minuten, f\u00e4hrt durch Calle Salvajo und Adeje) verkehrt halbst\u00fcndlich<br \/>\noder Bus 477, 15.15 Uhr\u00a0 Los Gigantes \u2013 Playa de las Americas directo (65 Minuten) verkehrt st\u00fcndlich<\/p>\n","protected":false},"excerpt":{"rendered":"<p>Gigantisch! Grandios! Beeindruckend! Einzigartig! \u201eWer Masca nicht gesehen hat, hat nichts gesehen\u201c, so lautet eine Volksweisheit Teneriffas. Fest steht jedenfalls: Eine so faszinierende Schlucht mit so steil aufragenden Felsw\u00e4nden, solchen Auf- Aus- und Einblicken, einer solchen Pflanzenvielfalt, sucht ihresgleichen. Fest steht auch: Man mag die Tour gehen so oft man will, sie \u00fcberrascht immer wieder [&hellip;]<\/p>\n","protected":false},"author":3,"featured_media":0,"comment_status":"open","ping_status":"open","sticky":false,"template":"","format":"standard","meta":{"footnotes":""},"categories":[778,6],"tags":[444,445,439],"class_list":["post-1191","post","type-post","status-publish","format-standard","hentry","category-teno-gebirge","category-wanderungen","tag-masca","tag-masca-schlucht","tag-teneriffa-wandern"],"yoast_head":"<!-- This site is optimized with the Yoast SEO plugin v27.5 - https:\/\/yoast.com\/product\/yoast-seo-wordpress\/ -->\n<title>Barranco de Masca - Masca-Schlucht - Teneriffa Wandern<\/title>\n<meta name=\"robots\" content=\"index, follow, max-snippet:-1, max-image-preview:large, max-video-preview:-1\" \/>\n<link rel=\"canonical\" href=\"https:\/\/www.mundi-roth.de\/teneriffa-blog\/wanderungen\/barranco-de-masca-masca-schlucht\/\" \/>\n<meta name=\"twitter:label1\" content=\"Verfasst von\" \/>\n\t<meta name=\"twitter:data1\" content=\"ir\" \/>\n\t<meta name=\"twitter:label2\" content=\"Gesch\u00e4tzte Lesezeit\" \/>\n\t<meta name=\"twitter:data2\" content=\"4\u00a0Minuten\" \/>\n<script type=\"application\/ld+json\" class=\"yoast-schema-graph\">{\"@context\":\"https:\\\/\\\/schema.org\",\"@graph\":[{\"@type\":\"Article\",\"@id\":\"https:\\\/\\\/www.mundi-roth.de\\\/teneriffa-blog\\\/wanderungen\\\/barranco-de-masca-masca-schlucht\\\/#article\",\"isPartOf\":{\"@id\":\"https:\\\/\\\/www.mundi-roth.de\\\/teneriffa-blog\\\/wanderungen\\\/barranco-de-masca-masca-schlucht\\\/\"},\"author\":{\"name\":\"ir\",\"@id\":\"https:\\\/\\\/www.mundi-roth.de\\\/teneriffa-blog\\\/#\\\/schema\\\/person\\\/3afd0d251449790d15367c9aa52d203d\"},\"headline\":\"Barranco de Masca &#8211; Masca-Schlucht\",\"datePublished\":\"2011-02-04T21:00:32+00:00\",\"dateModified\":\"2015-04-12T09:32:08+00:00\",\"mainEntityOfPage\":{\"@id\":\"https:\\\/\\\/www.mundi-roth.de\\\/teneriffa-blog\\\/wanderungen\\\/barranco-de-masca-masca-schlucht\\\/\"},\"wordCount\":808,\"commentCount\":2,\"image\":{\"@id\":\"https:\\\/\\\/www.mundi-roth.de\\\/teneriffa-blog\\\/wanderungen\\\/barranco-de-masca-masca-schlucht\\\/#primaryimage\"},\"thumbnailUrl\":\"http:\\\/\\\/www.mundi-roth.de\\\/teneriffa-blog\\\/wp-content\\\/uploads\\\/2011\\\/02\\\/SANY0315-150x136.jpg\",\"keywords\":[\"Masca\",\"Masca Schlucht\",\"Teneriffa Wandern\"],\"articleSection\":[\"Teno-Gebirge\",\"Wanderungen\"],\"inLanguage\":\"de\",\"potentialAction\":[{\"@type\":\"CommentAction\",\"name\":\"Comment\",\"target\":[\"https:\\\/\\\/www.mundi-roth.de\\\/teneriffa-blog\\\/wanderungen\\\/barranco-de-masca-masca-schlucht\\\/#respond\"]}]},{\"@type\":\"WebPage\",\"@id\":\"https:\\\/\\\/www.mundi-roth.de\\\/teneriffa-blog\\\/wanderungen\\\/barranco-de-masca-masca-schlucht\\\/\",\"url\":\"https:\\\/\\\/www.mundi-roth.de\\\/teneriffa-blog\\\/wanderungen\\\/barranco-de-masca-masca-schlucht\\\/\",\"name\":\"Barranco de Masca - Masca-Schlucht - Teneriffa Wandern\",\"isPartOf\":{\"@id\":\"https:\\\/\\\/www.mundi-roth.de\\\/teneriffa-blog\\\/#website\"},\"primaryImageOfPage\":{\"@id\":\"https:\\\/\\\/www.mundi-roth.de\\\/teneriffa-blog\\\/wanderungen\\\/barranco-de-masca-masca-schlucht\\\/#primaryimage\"},\"image\":{\"@id\":\"https:\\\/\\\/www.mundi-roth.de\\\/teneriffa-blog\\\/wanderungen\\\/barranco-de-masca-masca-schlucht\\\/#primaryimage\"},\"thumbnailUrl\":\"http:\\\/\\\/www.mundi-roth.de\\\/teneriffa-blog\\\/wp-content\\\/uploads\\\/2011\\\/02\\\/SANY0315-150x136.jpg\",\"datePublished\":\"2011-02-04T21:00:32+00:00\",\"dateModified\":\"2015-04-12T09:32:08+00:00\",\"author\":{\"@id\":\"https:\\\/\\\/www.mundi-roth.de\\\/teneriffa-blog\\\/#\\\/schema\\\/person\\\/3afd0d251449790d15367c9aa52d203d\"},\"breadcrumb\":{\"@id\":\"https:\\\/\\\/www.mundi-roth.de\\\/teneriffa-blog\\\/wanderungen\\\/barranco-de-masca-masca-schlucht\\\/#breadcrumb\"},\"inLanguage\":\"de\",\"potentialAction\":[{\"@type\":\"ReadAction\",\"target\":[\"https:\\\/\\\/www.mundi-roth.de\\\/teneriffa-blog\\\/wanderungen\\\/barranco-de-masca-masca-schlucht\\\/\"]}]},{\"@type\":\"ImageObject\",\"inLanguage\":\"de\",\"@id\":\"https:\\\/\\\/www.mundi-roth.de\\\/teneriffa-blog\\\/wanderungen\\\/barranco-de-masca-masca-schlucht\\\/#primaryimage\",\"url\":\"https:\\\/\\\/www.mundi-roth.de\\\/teneriffa-blog\\\/wp-content\\\/uploads\\\/2011\\\/02\\\/SANY0315.jpg\",\"contentUrl\":\"https:\\\/\\\/www.mundi-roth.de\\\/teneriffa-blog\\\/wp-content\\\/uploads\\\/2011\\\/02\\\/SANY0315.jpg\",\"width\":\"494\",\"height\":\"448\"},{\"@type\":\"BreadcrumbList\",\"@id\":\"https:\\\/\\\/www.mundi-roth.de\\\/teneriffa-blog\\\/wanderungen\\\/barranco-de-masca-masca-schlucht\\\/#breadcrumb\",\"itemListElement\":[{\"@type\":\"ListItem\",\"position\":1,\"name\":\"Startseite\",\"item\":\"https:\\\/\\\/www.mundi-roth.de\\\/teneriffa-blog\\\/\"},{\"@type\":\"ListItem\",\"position\":2,\"name\":\"Barranco de Masca &#8211; Masca-Schlucht\"}]},{\"@type\":\"WebSite\",\"@id\":\"https:\\\/\\\/www.mundi-roth.de\\\/teneriffa-blog\\\/#website\",\"url\":\"https:\\\/\\\/www.mundi-roth.de\\\/teneriffa-blog\\\/\",\"name\":\"Teneriffa Wandern\",\"description\":\"Nicht nur Wanderungen auf Teneriffa...\",\"potentialAction\":[{\"@type\":\"SearchAction\",\"target\":{\"@type\":\"EntryPoint\",\"urlTemplate\":\"https:\\\/\\\/www.mundi-roth.de\\\/teneriffa-blog\\\/?s={search_term_string}\"},\"query-input\":{\"@type\":\"PropertyValueSpecification\",\"valueRequired\":true,\"valueName\":\"search_term_string\"}}],\"inLanguage\":\"de\"},{\"@type\":\"Person\",\"@id\":\"https:\\\/\\\/www.mundi-roth.de\\\/teneriffa-blog\\\/#\\\/schema\\\/person\\\/3afd0d251449790d15367c9aa52d203d\",\"name\":\"ir\",\"image\":{\"@type\":\"ImageObject\",\"inLanguage\":\"de\",\"@id\":\"https:\\\/\\\/secure.gravatar.com\\\/avatar\\\/e67b41513c921c2bb58363f44c8a00a447c9a2526ad8ff71b5b6257e5f7f5c66?s=96&d=mm&r=g\",\"url\":\"https:\\\/\\\/secure.gravatar.com\\\/avatar\\\/e67b41513c921c2bb58363f44c8a00a447c9a2526ad8ff71b5b6257e5f7f5c66?s=96&d=mm&r=g\",\"contentUrl\":\"https:\\\/\\\/secure.gravatar.com\\\/avatar\\\/e67b41513c921c2bb58363f44c8a00a447c9a2526ad8ff71b5b6257e5f7f5c66?s=96&d=mm&r=g\",\"caption\":\"ir\"},\"sameAs\":[\"http:\\\/\\\/www.mundi-roth.de\"],\"url\":\"https:\\\/\\\/www.mundi-roth.de\\\/teneriffa-blog\\\/author\\\/ir\\\/\"}]}<\/script>\n<!-- \/ Yoast SEO plugin. -->","yoast_head_json":{"title":"Barranco de Masca - Masca-Schlucht - Teneriffa Wandern","robots":{"index":"index","follow":"follow","max-snippet":"max-snippet:-1","max-image-preview":"max-image-preview:large","max-video-preview":"max-video-preview:-1"},"canonical":"https:\/\/www.mundi-roth.de\/teneriffa-blog\/wanderungen\/barranco-de-masca-masca-schlucht\/","twitter_misc":{"Verfasst von":"ir","Gesch\u00e4tzte Lesezeit":"4\u00a0Minuten"},"schema":{"@context":"https:\/\/schema.org","@graph":[{"@type":"Article","@id":"https:\/\/www.mundi-roth.de\/teneriffa-blog\/wanderungen\/barranco-de-masca-masca-schlucht\/#article","isPartOf":{"@id":"https:\/\/www.mundi-roth.de\/teneriffa-blog\/wanderungen\/barranco-de-masca-masca-schlucht\/"},"author":{"name":"ir","@id":"https:\/\/www.mundi-roth.de\/teneriffa-blog\/#\/schema\/person\/3afd0d251449790d15367c9aa52d203d"},"headline":"Barranco de Masca &#8211; Masca-Schlucht","datePublished":"2011-02-04T21:00:32+00:00","dateModified":"2015-04-12T09:32:08+00:00","mainEntityOfPage":{"@id":"https:\/\/www.mundi-roth.de\/teneriffa-blog\/wanderungen\/barranco-de-masca-masca-schlucht\/"},"wordCount":808,"commentCount":2,"image":{"@id":"https:\/\/www.mundi-roth.de\/teneriffa-blog\/wanderungen\/barranco-de-masca-masca-schlucht\/#primaryimage"},"thumbnailUrl":"http:\/\/www.mundi-roth.de\/teneriffa-blog\/wp-content\/uploads\/2011\/02\/SANY0315-150x136.jpg","keywords":["Masca","Masca Schlucht","Teneriffa Wandern"],"articleSection":["Teno-Gebirge","Wanderungen"],"inLanguage":"de","potentialAction":[{"@type":"CommentAction","name":"Comment","target":["https:\/\/www.mundi-roth.de\/teneriffa-blog\/wanderungen\/barranco-de-masca-masca-schlucht\/#respond"]}]},{"@type":"WebPage","@id":"https:\/\/www.mundi-roth.de\/teneriffa-blog\/wanderungen\/barranco-de-masca-masca-schlucht\/","url":"https:\/\/www.mundi-roth.de\/teneriffa-blog\/wanderungen\/barranco-de-masca-masca-schlucht\/","name":"Barranco de Masca - Masca-Schlucht - Teneriffa Wandern","isPartOf":{"@id":"https:\/\/www.mundi-roth.de\/teneriffa-blog\/#website"},"primaryImageOfPage":{"@id":"https:\/\/www.mundi-roth.de\/teneriffa-blog\/wanderungen\/barranco-de-masca-masca-schlucht\/#primaryimage"},"image":{"@id":"https:\/\/www.mundi-roth.de\/teneriffa-blog\/wanderungen\/barranco-de-masca-masca-schlucht\/#primaryimage"},"thumbnailUrl":"http:\/\/www.mundi-roth.de\/teneriffa-blog\/wp-content\/uploads\/2011\/02\/SANY0315-150x136.jpg","datePublished":"2011-02-04T21:00:32+00:00","dateModified":"2015-04-12T09:32:08+00:00","author":{"@id":"https:\/\/www.mundi-roth.de\/teneriffa-blog\/#\/schema\/person\/3afd0d251449790d15367c9aa52d203d"},"breadcrumb":{"@id":"https:\/\/www.mundi-roth.de\/teneriffa-blog\/wanderungen\/barranco-de-masca-masca-schlucht\/#breadcrumb"},"inLanguage":"de","potentialAction":[{"@type":"ReadAction","target":["https:\/\/www.mundi-roth.de\/teneriffa-blog\/wanderungen\/barranco-de-masca-masca-schlucht\/"]}]},{"@type":"ImageObject","inLanguage":"de","@id":"https:\/\/www.mundi-roth.de\/teneriffa-blog\/wanderungen\/barranco-de-masca-masca-schlucht\/#primaryimage","url":"https:\/\/www.mundi-roth.de\/teneriffa-blog\/wp-content\/uploads\/2011\/02\/SANY0315.jpg","contentUrl":"https:\/\/www.mundi-roth.de\/teneriffa-blog\/wp-content\/uploads\/2011\/02\/SANY0315.jpg","width":"494","height":"448"},{"@type":"BreadcrumbList","@id":"https:\/\/www.mundi-roth.de\/teneriffa-blog\/wanderungen\/barranco-de-masca-masca-schlucht\/#breadcrumb","itemListElement":[{"@type":"ListItem","position":1,"name":"Startseite","item":"https:\/\/www.mundi-roth.de\/teneriffa-blog\/"},{"@type":"ListItem","position":2,"name":"Barranco de Masca &#8211; Masca-Schlucht"}]},{"@type":"WebSite","@id":"https:\/\/www.mundi-roth.de\/teneriffa-blog\/#website","url":"https:\/\/www.mundi-roth.de\/teneriffa-blog\/","name":"Teneriffa Wandern","description":"Nicht nur Wanderungen auf Teneriffa...","potentialAction":[{"@type":"SearchAction","target":{"@type":"EntryPoint","urlTemplate":"https:\/\/www.mundi-roth.de\/teneriffa-blog\/?s={search_term_string}"},"query-input":{"@type":"PropertyValueSpecification","valueRequired":true,"valueName":"search_term_string"}}],"inLanguage":"de"},{"@type":"Person","@id":"https:\/\/www.mundi-roth.de\/teneriffa-blog\/#\/schema\/person\/3afd0d251449790d15367c9aa52d203d","name":"ir","image":{"@type":"ImageObject","inLanguage":"de","@id":"https:\/\/secure.gravatar.com\/avatar\/e67b41513c921c2bb58363f44c8a00a447c9a2526ad8ff71b5b6257e5f7f5c66?s=96&d=mm&r=g","url":"https:\/\/secure.gravatar.com\/avatar\/e67b41513c921c2bb58363f44c8a00a447c9a2526ad8ff71b5b6257e5f7f5c66?s=96&d=mm&r=g","contentUrl":"https:\/\/secure.gravatar.com\/avatar\/e67b41513c921c2bb58363f44c8a00a447c9a2526ad8ff71b5b6257e5f7f5c66?s=96&d=mm&r=g","caption":"ir"},"sameAs":["http:\/\/www.mundi-roth.de"],"url":"https:\/\/www.mundi-roth.de\/teneriffa-blog\/author\/ir\/"}]}},"_links":{"self":[{"href":"https:\/\/www.mundi-roth.de\/teneriffa-blog\/wp-json\/wp\/v2\/posts\/1191","targetHints":{"allow":["GET"]}}],"collection":[{"href":"https:\/\/www.mundi-roth.de\/teneriffa-blog\/wp-json\/wp\/v2\/posts"}],"about":[{"href":"https:\/\/www.mundi-roth.de\/teneriffa-blog\/wp-json\/wp\/v2\/types\/post"}],"author":[{"embeddable":true,"href":"https:\/\/www.mundi-roth.de\/teneriffa-blog\/wp-json\/wp\/v2\/users\/3"}],"replies":[{"embeddable":true,"href":"https:\/\/www.mundi-roth.de\/teneriffa-blog\/wp-json\/wp\/v2\/comments?post=1191"}],"version-history":[{"count":0,"href":"https:\/\/www.mundi-roth.de\/teneriffa-blog\/wp-json\/wp\/v2\/posts\/1191\/revisions"}],"wp:attachment":[{"href":"https:\/\/www.mundi-roth.de\/teneriffa-blog\/wp-json\/wp\/v2\/media?parent=1191"}],"wp:term":[{"taxonomy":"category","embeddable":true,"href":"https:\/\/www.mundi-roth.de\/teneriffa-blog\/wp-json\/wp\/v2\/categories?post=1191"},{"taxonomy":"post_tag","embeddable":true,"href":"https:\/\/www.mundi-roth.de\/teneriffa-blog\/wp-json\/wp\/v2\/tags?post=1191"}],"curies":[{"name":"wp","href":"https:\/\/api.w.org\/{rel}","templated":true}]}}