{"id":1225,"date":"2011-02-18T22:00:19","date_gmt":"2011-02-18T21:00:19","guid":{"rendered":"http:\/\/www.mundi-roth.de\/teneriffa-blog\/?p=1225"},"modified":"2015-04-12T10:29:38","modified_gmt":"2015-04-12T09:29:38","slug":"erjos-pass-%e2%80%93-la-vica-masca","status":"publish","type":"post","link":"https:\/\/www.mundi-roth.de\/teneriffa-blog\/wanderungen\/erjos-pass-%e2%80%93-la-vica-masca\/","title":{"rendered":"Erjos Pass \u2013 La Vica (Masca)"},"content":{"rendered":"<p><strong><em>Gelb, gelb, gelb: das k\u00f6nnte die \u00dcberschrift \u00fcber den ersten Abschnitt der Wanderung sein.<br \/>\nGelb f\u00fcr G\u00e4nsedistel, gelb f\u00fcr Nickenden Sauerklee, gelb f\u00fcr wilde Ringelbl\u00fcmchen.<br \/>\nGr\u00fcn, grau, orange-farben f\u00fcr den zweiten Abschnitt.<br \/>\nGr\u00fcn f\u00fcr Erikab\u00fcsche, Lorbeerb\u00e4ume und Moose.<br \/>\nGrau f\u00fcr die Flechten und<br \/>\nOrange f\u00fcr die K\u00f6nigin oder den Star der endemischen Pflanzen: die Kanaren Glockenblume.<br \/>\nGr\u00fcn, lila und blau f\u00fcr den dritten und letzten Abschnitt.<br \/>\nGr\u00fcn f\u00fcr die gro\u00dfen Agaven, die Dickblattgew\u00e4chse, lila f\u00fcr die Cinerarien und blau f\u00fcr den Lavendel.<br \/>\nZur Zeit ist diese Wanderung direkt ein \u201eMuss\u201c f\u00fcr diejenigen, die sich f\u00fcr die Botanik interessieren. Dazu noch ein beeindruckendes Panorama im zweit\u00e4ltesten Inselteil mit seinen imposanten, markanten Felsabbr\u00fcchen.<br \/>\nTraumhaft sch\u00f6n!<\/em><\/strong><\/p>\n<p><strong><em><a href=\"http:\/\/www.mundi-roth.de\/teneriffa-blog\/wp-content\/uploads\/2011\/02\/P1000153.jpg\" rel=\"lightbox[1225]\"><img loading=\"lazy\" decoding=\"async\" class=\"alignleft size-thumbnail wp-image-1228\" title=\"P1000153\" src=\"http:\/\/www.mundi-roth.de\/teneriffa-blog\/wp-content\/uploads\/2011\/02\/P1000153-150x112.jpg\" alt=\"\" width=\"150\" height=\"112\" srcset=\"https:\/\/www.mundi-roth.de\/teneriffa-blog\/wp-content\/uploads\/2011\/02\/P1000153-150x112.jpg 150w, https:\/\/www.mundi-roth.de\/teneriffa-blog\/wp-content\/uploads\/2011\/02\/P1000153-300x225.jpg 300w, https:\/\/www.mundi-roth.de\/teneriffa-blog\/wp-content\/uploads\/2011\/02\/P1000153.jpg 600w\" sizes=\"auto, (max-width: 150px) 100vw, 150px\" \/><\/a><a href=\"http:\/\/www.mundi-roth.de\/teneriffa-blog\/wp-content\/uploads\/2011\/02\/P1000155.jpg\" rel=\"lightbox[1225]\"><img loading=\"lazy\" decoding=\"async\" class=\"aligncenter size-thumbnail wp-image-1229\" title=\"P1000155\" src=\"http:\/\/www.mundi-roth.de\/teneriffa-blog\/wp-content\/uploads\/2011\/02\/P1000155-150x112.jpg\" alt=\"\" width=\"150\" height=\"112\" srcset=\"https:\/\/www.mundi-roth.de\/teneriffa-blog\/wp-content\/uploads\/2011\/02\/P1000155-150x112.jpg 150w, https:\/\/www.mundi-roth.de\/teneriffa-blog\/wp-content\/uploads\/2011\/02\/P1000155-300x225.jpg 300w, https:\/\/www.mundi-roth.de\/teneriffa-blog\/wp-content\/uploads\/2011\/02\/P1000155.jpg 600w\" sizes=\"auto, (max-width: 150px) 100vw, 150px\" \/><\/a><\/em><\/strong><\/p>\n<p><strong><em><a href=\"http:\/\/www.mundi-roth.de\/teneriffa-blog\/wp-content\/uploads\/2011\/02\/P1000172.jpg\" rel=\"lightbox[1225]\"><img loading=\"lazy\" decoding=\"async\" class=\"alignleft size-thumbnail wp-image-1230\" title=\"P1000172\" src=\"http:\/\/www.mundi-roth.de\/teneriffa-blog\/wp-content\/uploads\/2011\/02\/P1000172-150x112.jpg\" alt=\"\" width=\"150\" height=\"112\" srcset=\"https:\/\/www.mundi-roth.de\/teneriffa-blog\/wp-content\/uploads\/2011\/02\/P1000172-150x112.jpg 150w, https:\/\/www.mundi-roth.de\/teneriffa-blog\/wp-content\/uploads\/2011\/02\/P1000172-300x225.jpg 300w, https:\/\/www.mundi-roth.de\/teneriffa-blog\/wp-content\/uploads\/2011\/02\/P1000172.jpg 600w\" sizes=\"auto, (max-width: 150px) 100vw, 150px\" \/><\/a><a href=\"http:\/\/www.mundi-roth.de\/teneriffa-blog\/wp-content\/uploads\/2011\/02\/P1000137.jpg\" rel=\"lightbox[1225]\"><img loading=\"lazy\" decoding=\"async\" class=\"aligncenter size-thumbnail wp-image-1255\" title=\"P1000137\" src=\"http:\/\/www.mundi-roth.de\/teneriffa-blog\/wp-content\/uploads\/2011\/02\/P1000137-150x112.jpg\" alt=\"\" width=\"150\" height=\"112\" srcset=\"https:\/\/www.mundi-roth.de\/teneriffa-blog\/wp-content\/uploads\/2011\/02\/P1000137-150x112.jpg 150w, https:\/\/www.mundi-roth.de\/teneriffa-blog\/wp-content\/uploads\/2011\/02\/P1000137-300x225.jpg 300w, https:\/\/www.mundi-roth.de\/teneriffa-blog\/wp-content\/uploads\/2011\/02\/P1000137.jpg 600w\" sizes=\"auto, (max-width: 150px) 100vw, 150px\" \/><\/a><br \/>\n<\/em><\/strong><\/p>\n<p><strong>Wanderwegstrecke:<\/strong> gut 3 Stunden<br \/>\nNachdem wir um 10.50 Uhr den Bus 460 bei der Haltestelle \u201ePuerto de Erjos\u201c in einer H\u00f6he von 1117 verlassen und die Aussicht auf den noch verschneiten Teide mit Pico Viejo und das unter uns liegende \u00d6rtchen<a href=\"http:\/\/www.mundi-roth.de\/teneriffa-blog\/wp-content\/uploads\/2011\/02\/Track02a.jpg\" rel=\"lightbox[1225]\"><img loading=\"lazy\" decoding=\"async\" class=\"alignright size-thumbnail wp-image-1226\" title=\"Track02a\" src=\"http:\/\/www.mundi-roth.de\/teneriffa-blog\/wp-content\/uploads\/2011\/02\/Track02a-150x101.jpg\" alt=\"\" width=\"150\" height=\"101\" srcset=\"https:\/\/www.mundi-roth.de\/teneriffa-blog\/wp-content\/uploads\/2011\/02\/Track02a-150x101.jpg 150w, https:\/\/www.mundi-roth.de\/teneriffa-blog\/wp-content\/uploads\/2011\/02\/Track02a-300x203.jpg 300w, https:\/\/www.mundi-roth.de\/teneriffa-blog\/wp-content\/uploads\/2011\/02\/Track02a.jpg 665w\" sizes=\"auto, (max-width: 150px) 100vw, 150px\" \/><\/a> Valle de Arriba genossen haben, gehen wir die wenigen Schritte bis zum Einstieg der Tour bei Km 18 der TF 82 des \u201eMunicipio de el Tanque\u201c.<br \/>\nLinks ab, gleich ansteigend auf der Asphaltstra\u00dfe. An der Stelle, an der wir bei fr\u00fcheren Wanderungen die Autos abgestellt <a href=\"http:\/\/www.mundi-roth.de\/teneriffa-blog\/wp-content\/uploads\/2011\/02\/P1000121.jpg\" rel=\"lightbox[1225]\"><img loading=\"lazy\" decoding=\"async\" class=\"alignleft size-thumbnail wp-image-1227\" title=\"P1000121\" src=\"http:\/\/www.mundi-roth.de\/teneriffa-blog\/wp-content\/uploads\/2011\/02\/P1000121-150x112.jpg\" alt=\"\" width=\"150\" height=\"112\" srcset=\"https:\/\/www.mundi-roth.de\/teneriffa-blog\/wp-content\/uploads\/2011\/02\/P1000121-150x112.jpg 150w, https:\/\/www.mundi-roth.de\/teneriffa-blog\/wp-content\/uploads\/2011\/02\/P1000121-300x225.jpg 300w, https:\/\/www.mundi-roth.de\/teneriffa-blog\/wp-content\/uploads\/2011\/02\/P1000121.jpg 600w\" sizes=\"auto, (max-width: 150px) 100vw, 150px\" \/><\/a>haben, kl\u00e4rt uns eine Schautafel dar\u00fcber aus, dass auch ein menschlicher Eingriff in die Natur sich im Nachhinein als Vorteil erweisen kann. So dienen die damals angelegten Teiche heute der Vogelwelt als Nahrungsquelle, Erholungsrefugium und\u00a0 Zwischenstation auf ihren Zugstrecken zwischen Europa und Afrika.<br \/>\nGingen wir fr\u00fcher, um die Galarunde zu drehen oder aber den Versuch unternommen haben bis nach Teno Alto zu gelangen hoch, hoch bis zu einem gro\u00dfen Eisentor so werden wir auch auf diesem Wanderweg wieder davon \u00fcberrascht, wie emsig die Insel-Regierung von Teneriffa den Ausbau und die Kennzeichnung der Wanderwege vorantreibt.<br \/>\nWir befinden uns in einem Naturschutzgebiet und bereits nach einer knappen halben Stunde Aufstiegs sto\u00dfen wir auf die neue Wege-Kennzeichnung: TF 51 \u201ePunta de Teno 16,9 km\u201c\u00a0 \u201c Cumbre de Bolico 3 km\u201d San Jos\u00e9 de los Llanos 7,3 km\u201c .<br \/>\nGl\u00fccklich verlassen wir die Asphaltstra\u00dfe und biegen links auf den<a href=\"http:\/\/www.mundi-roth.de\/teneriffa-blog\/wp-content\/uploads\/2011\/02\/P1000125.jpg\" rel=\"lightbox[1225]\"><img loading=\"lazy\" decoding=\"async\" class=\"alignright size-thumbnail wp-image-1232\" title=\"P1000125\" src=\"http:\/\/www.mundi-roth.de\/teneriffa-blog\/wp-content\/uploads\/2011\/02\/P1000125-150x112.jpg\" alt=\"\" width=\"150\" height=\"112\" srcset=\"https:\/\/www.mundi-roth.de\/teneriffa-blog\/wp-content\/uploads\/2011\/02\/P1000125-150x112.jpg 150w, https:\/\/www.mundi-roth.de\/teneriffa-blog\/wp-content\/uploads\/2011\/02\/P1000125-300x225.jpg 300w, https:\/\/www.mundi-roth.de\/teneriffa-blog\/wp-content\/uploads\/2011\/02\/P1000125.jpg 600w\" sizes=\"auto, (max-width: 150px) 100vw, 150px\" \/><\/a> ausgewiesenen Weg \u201cPunta de Teno\u201d\u00a0 ab. Wei\u00df-gelbe Markierung.\u00a0 Ein wundersch\u00f6ner, breiter, gut zu gehender Weg, kiefernnadelnbedeckt, f\u00fchrt uns in weitem Bogen am Fu\u00dfe des Gala entlang. Steter <a href=\"http:\/\/www.mundi-roth.de\/teneriffa-blog\/wp-content\/uploads\/2011\/02\/P1000139.jpg\" rel=\"lightbox[1225]\"><img loading=\"lazy\" decoding=\"async\" class=\"alignleft size-thumbnail wp-image-1233\" title=\"P1000139\" src=\"http:\/\/www.mundi-roth.de\/teneriffa-blog\/wp-content\/uploads\/2011\/02\/P1000139-150x112.jpg\" alt=\"\" width=\"150\" height=\"112\" srcset=\"https:\/\/www.mundi-roth.de\/teneriffa-blog\/wp-content\/uploads\/2011\/02\/P1000139-150x112.jpg 150w, https:\/\/www.mundi-roth.de\/teneriffa-blog\/wp-content\/uploads\/2011\/02\/P1000139-300x225.jpg 300w, https:\/\/www.mundi-roth.de\/teneriffa-blog\/wp-content\/uploads\/2011\/02\/P1000139.jpg 600w\" sizes=\"auto, (max-width: 150px) 100vw, 150px\" \/><\/a>Ausblick auf Teide, Pico Viejo, Valle de Arriba, sp\u00e4ter auf Santiago del Teide, auf die Stra\u00dfe, die nach Masca hochf\u00fchrt und ein weiter Blick auf viele, viele<a href=\"http:\/\/www.mundi-roth.de\/teneriffa-blog\/wp-content\/uploads\/2011\/02\/P1000142.jpg\" rel=\"lightbox[1225]\"><img loading=\"lazy\" decoding=\"async\" class=\"alignright size-thumbnail wp-image-1234\" title=\"P1000142\" src=\"http:\/\/www.mundi-roth.de\/teneriffa-blog\/wp-content\/uploads\/2011\/02\/P1000142-150x112.jpg\" alt=\"\" width=\"150\" height=\"112\" srcset=\"https:\/\/www.mundi-roth.de\/teneriffa-blog\/wp-content\/uploads\/2011\/02\/P1000142-150x112.jpg 150w, https:\/\/www.mundi-roth.de\/teneriffa-blog\/wp-content\/uploads\/2011\/02\/P1000142-300x225.jpg 300w, https:\/\/www.mundi-roth.de\/teneriffa-blog\/wp-content\/uploads\/2011\/02\/P1000142.jpg 600w\" sizes=\"auto, (max-width: 150px) 100vw, 150px\" \/><\/a> Berggipfel. Als \u201eStra\u00dfenbegleitgr\u00fcn\u201c die gr\u00fcn-gelben Teppiche des Nickenden Sauerklees, der wilden Ringelbl\u00fcmchen und der hohen Bl\u00fctenst\u00e4nde der G\u00e4nsedistel.<br \/>\nEin kurzer, steiler, ger\u00f6lliger Aufstieg f\u00fchrt uns auf den Sattel zwischen Kleinem und Gro\u00dfem Gala, dem Cumbre de Bolico. Ein fantastischer Ausblick belohnt uns. Das Teno-Gebirge breitet sich vor uns aus, das Meer, La Gomera und selbst El Hierro ist zu sehen. Etwas gespenstisch wirkt die Ebene: waren es auf der letzten <a href=\"http:\/\/www.mundi-roth.de\/teneriffa-blog\/wp-content\/uploads\/2011\/02\/P1000164.jpg\" rel=\"lightbox[1225]\"><img loading=\"lazy\" decoding=\"async\" class=\"alignleft size-thumbnail wp-image-1235\" title=\"P1000164\" src=\"http:\/\/www.mundi-roth.de\/teneriffa-blog\/wp-content\/uploads\/2011\/02\/P1000164-150x112.jpg\" alt=\"\" width=\"150\" height=\"112\" srcset=\"https:\/\/www.mundi-roth.de\/teneriffa-blog\/wp-content\/uploads\/2011\/02\/P1000164-150x112.jpg 150w, https:\/\/www.mundi-roth.de\/teneriffa-blog\/wp-content\/uploads\/2011\/02\/P1000164-300x225.jpg 300w, https:\/\/www.mundi-roth.de\/teneriffa-blog\/wp-content\/uploads\/2011\/02\/P1000164.jpg 600w\" sizes=\"auto, (max-width: 150px) 100vw, 150px\" \/><\/a>Wanderung vom Chinyero nach Tamaide die verkohlten \u00c4ste des Ginsters, die als Mahnmal an den verheerenden Brand vom Juli 2007 erinnern, so sind es hier die St\u00e4mme und \u00c4ste der Baumerika. Aber, wie wunderbar, hier wachsen bereits wieder kleinere B\u00fcsche der Eriken nach. Das Ganze wird aufgelockert durch das leuchtende Gelb der \u201eStammlose G\u00e4nsedistel\u201c, (Sonchus acaulis), dem Gelb der Teror-<a href=\"http:\/\/www.mundi-roth.de\/teneriffa-blog\/wp-content\/uploads\/2011\/02\/P1000151.jpg\" rel=\"lightbox[1225]\"><img loading=\"lazy\" decoding=\"async\" class=\"alignright size-thumbnail wp-image-1236\" title=\"P1000151\" src=\"http:\/\/www.mundi-roth.de\/teneriffa-blog\/wp-content\/uploads\/2011\/02\/P1000151-150x112.jpg\" alt=\"\" width=\"150\" height=\"112\" srcset=\"https:\/\/www.mundi-roth.de\/teneriffa-blog\/wp-content\/uploads\/2011\/02\/P1000151-150x112.jpg 150w, https:\/\/www.mundi-roth.de\/teneriffa-blog\/wp-content\/uploads\/2011\/02\/P1000151-300x225.jpg 300w, https:\/\/www.mundi-roth.de\/teneriffa-blog\/wp-content\/uploads\/2011\/02\/P1000151.jpg 600w\" sizes=\"auto, (max-width: 150px) 100vw, 150px\" \/><\/a>Teline, dem Wei\u00df Sprossenden Gei\u00dfklees, dem Ziegenfutter ( Escobon) und der Wei\u00dfe Natternkopf bl\u00fcht zum Teil schon und einige wenige Zistrosen zeigen ihre wei\u00dfen Bl\u00fcten.<br \/>\nWir steigen zu einer ehemaligen Finca ab. Sehen rechts den von oben kommenden Weg, den wir vor dem Ausbau dieses Wanderweges nutzten. Kurz, oberhalb der Finca, werden wir noch sehr anschaulich \u00fcber die <a href=\"http:\/\/www.mundi-roth.de\/teneriffa-blog\/wp-content\/uploads\/2011\/02\/P1000156.jpg\" rel=\"lightbox[1225]\"><img loading=\"lazy\" decoding=\"async\" class=\"alignleft size-thumbnail wp-image-1237\" title=\"P1000156\" src=\"http:\/\/www.mundi-roth.de\/teneriffa-blog\/wp-content\/uploads\/2011\/02\/P1000156-150x112.jpg\" alt=\"\" width=\"150\" height=\"112\" srcset=\"https:\/\/www.mundi-roth.de\/teneriffa-blog\/wp-content\/uploads\/2011\/02\/P1000156-150x112.jpg 150w, https:\/\/www.mundi-roth.de\/teneriffa-blog\/wp-content\/uploads\/2011\/02\/P1000156-300x225.jpg 300w, https:\/\/www.mundi-roth.de\/teneriffa-blog\/wp-content\/uploads\/2011\/02\/P1000156.jpg 600w\" sizes=\"auto, (max-width: 150px) 100vw, 150px\" \/><\/a><a href=\"http:\/\/www.mundi-roth.de\/teneriffa-blog\/wp-content\/uploads\/2011\/02\/P1000157.jpg\" rel=\"lightbox[1225]\"><img loading=\"lazy\" decoding=\"async\" class=\"alignright size-thumbnail wp-image-1238\" title=\"P1000157\" src=\"http:\/\/www.mundi-roth.de\/teneriffa-blog\/wp-content\/uploads\/2011\/02\/P1000157-150x112.jpg\" alt=\"\" width=\"150\" height=\"112\" srcset=\"https:\/\/www.mundi-roth.de\/teneriffa-blog\/wp-content\/uploads\/2011\/02\/P1000157-150x112.jpg 150w, https:\/\/www.mundi-roth.de\/teneriffa-blog\/wp-content\/uploads\/2011\/02\/P1000157-300x225.jpg 300w, https:\/\/www.mundi-roth.de\/teneriffa-blog\/wp-content\/uploads\/2011\/02\/P1000157.jpg 600w\" sizes=\"auto, (max-width: 150px) 100vw, 150px\" \/><\/a>Wassergewinnung aufmerksam gemacht<br \/>\nNach 1 Stunde 15 Minuten erreichen wir den fr\u00fcheren Rastplatz, die verfallene Finca . Auch hier treffen wir wieder die entsprechenden <a href=\"http:\/\/www.mundi-roth.de\/teneriffa-blog\/wp-content\/uploads\/2011\/02\/P1000162.jpg\" rel=\"lightbox[1225]\"><img loading=\"lazy\" decoding=\"async\" class=\"alignleft size-thumbnail wp-image-1239\" title=\"P1000162\" src=\"http:\/\/www.mundi-roth.de\/teneriffa-blog\/wp-content\/uploads\/2011\/02\/P1000162-150x112.jpg\" alt=\"\" width=\"150\" height=\"112\" srcset=\"https:\/\/www.mundi-roth.de\/teneriffa-blog\/wp-content\/uploads\/2011\/02\/P1000162-150x112.jpg 150w, https:\/\/www.mundi-roth.de\/teneriffa-blog\/wp-content\/uploads\/2011\/02\/P1000162-300x225.jpg 300w, https:\/\/www.mundi-roth.de\/teneriffa-blog\/wp-content\/uploads\/2011\/02\/P1000162.jpg 600w\" sizes=\"auto, (max-width: 150px) 100vw, 150px\" \/><\/a>Wegweiser und wir gehen links an der Finca vorbei, wei\u00df-gelbe Markierung und schon nach wenigen Schritten treten wir zum ersten Mal in den Lorbeerwald ein.<a href=\"http:\/\/www.mundi-roth.de\/teneriffa-blog\/wp-content\/uploads\/2011\/02\/P1000160.jpg\" rel=\"lightbox[1225]\"><img loading=\"lazy\" decoding=\"async\" class=\"alignright size-thumbnail wp-image-1240\" title=\"P1000160\" src=\"http:\/\/www.mundi-roth.de\/teneriffa-blog\/wp-content\/uploads\/2011\/02\/P1000160-150x112.jpg\" alt=\"\" width=\"150\" height=\"112\" srcset=\"https:\/\/www.mundi-roth.de\/teneriffa-blog\/wp-content\/uploads\/2011\/02\/P1000160-150x112.jpg 150w, https:\/\/www.mundi-roth.de\/teneriffa-blog\/wp-content\/uploads\/2011\/02\/P1000160-300x225.jpg 300w, https:\/\/www.mundi-roth.de\/teneriffa-blog\/wp-content\/uploads\/2011\/02\/P1000160.jpg 600w\" sizes=\"auto, (max-width: 150px) 100vw, 150px\" \/><\/a><br \/>\nHat uns bis hierher Sonnenschein, stetes Zwitschern der V\u00f6gel und emsiges Bienengesumme begleitet, so herrschen nun Zwielicht und Stille vor.<br \/>\nM\u00e4rchenhaft, feenhaft, so m\u00f6chte ich diesen n\u00e4chsten Wanderabschnitt bezeichnen.<br \/>\nDen schattigen Laurisilva, den Lorbeerwald, durchwandern wir heute kurz\u00e4rmlig und kurzhosig. Das haben wir auch schon anders erlebt, so dass wir die geplante Tour Richtung Teno alto abbrechen mussten. Damals bekamen wir\u00a0 die Passatwolken mit Sturm\u00a0 mit voller Wucht zu sp\u00fcren.<br \/>\nAber heute: hin und wieder durchdringt die Sonne sogar dieses Dickicht aus Erika- und Lorbeerb\u00e4umen, dicht mit Flechten behangen und die St\u00e4mme zum Teil bemoost.<\/p>\n<p><a href=\"http:\/\/www.mundi-roth.de\/teneriffa-blog\/wp-content\/uploads\/2011\/02\/P1000165.jpg\" rel=\"lightbox[1225]\"><img loading=\"lazy\" decoding=\"async\" class=\"alignleft size-thumbnail wp-image-1241\" title=\"P1000165\" src=\"http:\/\/www.mundi-roth.de\/teneriffa-blog\/wp-content\/uploads\/2011\/02\/P1000165-150x112.jpg\" alt=\"\" width=\"150\" height=\"112\" srcset=\"https:\/\/www.mundi-roth.de\/teneriffa-blog\/wp-content\/uploads\/2011\/02\/P1000165-150x112.jpg 150w, https:\/\/www.mundi-roth.de\/teneriffa-blog\/wp-content\/uploads\/2011\/02\/P1000165-300x225.jpg 300w, https:\/\/www.mundi-roth.de\/teneriffa-blog\/wp-content\/uploads\/2011\/02\/P1000165.jpg 600w\" sizes=\"auto, (max-width: 150px) 100vw, 150px\" \/><\/a><a href=\"http:\/\/www.mundi-roth.de\/teneriffa-blog\/wp-content\/uploads\/2011\/02\/P1000200.jpg\" rel=\"lightbox[1225]\"><img loading=\"lazy\" decoding=\"async\" class=\"alignright size-thumbnail wp-image-1242\" title=\"P1000200\" src=\"http:\/\/www.mundi-roth.de\/teneriffa-blog\/wp-content\/uploads\/2011\/02\/P1000200-150x112.jpg\" alt=\"\" width=\"150\" height=\"112\" srcset=\"https:\/\/www.mundi-roth.de\/teneriffa-blog\/wp-content\/uploads\/2011\/02\/P1000200-150x112.jpg 150w, https:\/\/www.mundi-roth.de\/teneriffa-blog\/wp-content\/uploads\/2011\/02\/P1000200-300x225.jpg 300w, https:\/\/www.mundi-roth.de\/teneriffa-blog\/wp-content\/uploads\/2011\/02\/P1000200.jpg 600w\" sizes=\"auto, (max-width: 150px) 100vw, 150px\" \/><\/a><br \/>\nAber die Kr\u00f6nung dieser Wanderung, zur jetzigen Zeit, ist die \u00fcppigste Bl\u00fcte der Kanaren-Glockenblume. Entdeckt man sie manchmal auf anderen Wanderungen ganz sp\u00e4rlich, so ist das hier ein Fest: regelrecht bodenbedeckend! Die H\u00e4nge, rauf wie runter, sind damit \u00fcberzogen. Wunder-wundersch\u00f6n!<a href=\"http:\/\/www.mundi-roth.de\/teneriffa-blog\/wp-content\/uploads\/2011\/02\/P1000204.jpg\" rel=\"lightbox[1225]\"><img loading=\"lazy\" decoding=\"async\" class=\"alignright size-thumbnail wp-image-1243\" title=\"P1000204\" src=\"http:\/\/www.mundi-roth.de\/teneriffa-blog\/wp-content\/uploads\/2011\/02\/P1000204-150x112.jpg\" alt=\"\" width=\"150\" height=\"112\" srcset=\"https:\/\/www.mundi-roth.de\/teneriffa-blog\/wp-content\/uploads\/2011\/02\/P1000204-150x112.jpg 150w, https:\/\/www.mundi-roth.de\/teneriffa-blog\/wp-content\/uploads\/2011\/02\/P1000204-300x225.jpg 300w, https:\/\/www.mundi-roth.de\/teneriffa-blog\/wp-content\/uploads\/2011\/02\/P1000204.jpg 600w\" sizes=\"auto, (max-width: 150px) 100vw, 150px\" \/><\/a><br \/>\nEine knappe Stunde schl\u00e4ngelt sich der, zum Teil rutschige, Pfad durch diese bizarre Landschaft.<br \/>\nNachdem wir wieder in den Sonnenschein gelangen, machen wir auf einem markanten Felsplateau unsere obligatorische Apfelpause. <a href=\"http:\/\/www.mundi-roth.de\/teneriffa-blog\/wp-content\/uploads\/2011\/02\/P1000175.jpg\" rel=\"lightbox[1225]\"><img loading=\"lazy\" decoding=\"async\" class=\"alignleft size-thumbnail wp-image-1244\" title=\"P1000175\" src=\"http:\/\/www.mundi-roth.de\/teneriffa-blog\/wp-content\/uploads\/2011\/02\/P1000175-150x112.jpg\" alt=\"\" width=\"150\" height=\"112\" srcset=\"https:\/\/www.mundi-roth.de\/teneriffa-blog\/wp-content\/uploads\/2011\/02\/P1000175-150x112.jpg 150w, https:\/\/www.mundi-roth.de\/teneriffa-blog\/wp-content\/uploads\/2011\/02\/P1000175-300x225.jpg 300w, https:\/\/www.mundi-roth.de\/teneriffa-blog\/wp-content\/uploads\/2011\/02\/P1000175.jpg 600w\" sizes=\"auto, (max-width: 150px) 100vw, 150px\" \/><\/a>Genie\u00dfen den Ausblick auf Masca mit dem das \u00d6rtchen umgebenden Bergmassiven, entdecken von unserem Rastplatz aus sogar 3<a href=\"http:\/\/www.mundi-roth.de\/teneriffa-blog\/wp-content\/uploads\/2011\/02\/P1000194.jpg\" rel=\"lightbox[1225]\"><img loading=\"lazy\" decoding=\"async\" class=\"alignright size-thumbnail wp-image-1245\" title=\"P1000194\" src=\"http:\/\/www.mundi-roth.de\/teneriffa-blog\/wp-content\/uploads\/2011\/02\/P1000194-150x112.jpg\" alt=\"\" width=\"150\" height=\"112\" srcset=\"https:\/\/www.mundi-roth.de\/teneriffa-blog\/wp-content\/uploads\/2011\/02\/P1000194-150x112.jpg 150w, https:\/\/www.mundi-roth.de\/teneriffa-blog\/wp-content\/uploads\/2011\/02\/P1000194-300x225.jpg 300w, https:\/\/www.mundi-roth.de\/teneriffa-blog\/wp-content\/uploads\/2011\/02\/P1000194.jpg 600w\" sizes=\"auto, (max-width: 150px) 100vw, 150px\" \/><\/a> Exemplare des Knabenkrauts, einer Orchideenart und die Eidechsen umspielen unsere F\u00fc\u00dfe. Idylle pur!<br \/>\n<a href=\"http:\/\/www.mundi-roth.de\/teneriffa-blog\/wp-content\/uploads\/2011\/02\/P1000208.jpg\" rel=\"lightbox[1225]\"><img loading=\"lazy\" decoding=\"async\" class=\"alignleft size-thumbnail wp-image-1246\" title=\"P1000208\" src=\"http:\/\/www.mundi-roth.de\/teneriffa-blog\/wp-content\/uploads\/2011\/02\/P1000208-150x112.jpg\" alt=\"\" width=\"150\" height=\"112\" srcset=\"https:\/\/www.mundi-roth.de\/teneriffa-blog\/wp-content\/uploads\/2011\/02\/P1000208-150x112.jpg 150w, https:\/\/www.mundi-roth.de\/teneriffa-blog\/wp-content\/uploads\/2011\/02\/P1000208-300x225.jpg 300w, https:\/\/www.mundi-roth.de\/teneriffa-blog\/wp-content\/uploads\/2011\/02\/P1000208.jpg 600w\" sizes=\"auto, (max-width: 150px) 100vw, 150px\" \/><\/a>Nun noch ein kurzes St\u00fcck \u2013 halbe Stunde &#8211;\u00a0 bis zum Abzweig rechts nach Masca. Nat\u00fcrlich: ausgeschildert!\u00a0 Ausblick nach beiden Seiten, grandios und malerisch zugleich.<br \/>\nDer letzte Abschnitt, \u00fcberschrieben mit \u201eGr\u00fcn \u2013 lila \u2013 blau\u201c liegt vor uns. Wieder eine Hangquerung, diesmal mit offener Seite Richtung Masca. Der links von uns liegende Hang ist <a href=\"http:\/\/www.mundi-roth.de\/teneriffa-blog\/wp-content\/uploads\/2011\/02\/P1000206.jpg\" rel=\"lightbox[1225]\"><img loading=\"lazy\" decoding=\"async\" class=\"alignright size-thumbnail wp-image-1247\" title=\"P1000206\" src=\"http:\/\/www.mundi-roth.de\/teneriffa-blog\/wp-content\/uploads\/2011\/02\/P1000206-150x112.jpg\" alt=\"\" width=\"150\" height=\"112\" srcset=\"https:\/\/www.mundi-roth.de\/teneriffa-blog\/wp-content\/uploads\/2011\/02\/P1000206-150x112.jpg 150w, https:\/\/www.mundi-roth.de\/teneriffa-blog\/wp-content\/uploads\/2011\/02\/P1000206-300x225.jpg 300w, https:\/\/www.mundi-roth.de\/teneriffa-blog\/wp-content\/uploads\/2011\/02\/P1000206.jpg 600w\" sizes=\"auto, (max-width: 150px) 100vw, 150px\" \/><\/a>\u00fcberzogen mit gro\u00dfen Agaven und dazwischen Unmengen von lila Cinerarien (die wir in Deutschland als Topfpflanzen kaufen k\u00f6nnen) <a href=\"http:\/\/www.mundi-roth.de\/teneriffa-blog\/wp-content\/uploads\/2011\/02\/P1000220.jpg\" rel=\"lightbox[1225]\"><img loading=\"lazy\" decoding=\"async\" class=\"alignleft size-thumbnail wp-image-1248\" title=\"P1000220\" src=\"http:\/\/www.mundi-roth.de\/teneriffa-blog\/wp-content\/uploads\/2011\/02\/P1000220-150x112.jpg\" alt=\"\" width=\"150\" height=\"112\" srcset=\"https:\/\/www.mundi-roth.de\/teneriffa-blog\/wp-content\/uploads\/2011\/02\/P1000220-150x112.jpg 150w, https:\/\/www.mundi-roth.de\/teneriffa-blog\/wp-content\/uploads\/2011\/02\/P1000220-300x225.jpg 300w, https:\/\/www.mundi-roth.de\/teneriffa-blog\/wp-content\/uploads\/2011\/02\/P1000220.jpg 600w\" sizes=\"auto, (max-width: 150px) 100vw, 150px\" \/><\/a>und blauem Lavendel. Aus den Mauern sprie\u00dfen die Dickblattgew\u00e4chse.<br \/>\nVermutlich wieder auf einem Teilst\u00fcck des alten \u201eCamino real\u201c geht es rasch abw\u00e4rts. Wir kommen am Mirador de la Hilda aus. Das dortige Restaurant, im Stile von Caesar Manrique erbaut, ist leider geschlossen. Also nochmals eine halbe Stunde weiter abw\u00e4rts bis zu dem \u00d6rtchen La Vica, oberhalb Mascas. Wir laufen direkt auf die \u201eBar Restaurant Masca\u201c zu. Hier genehmigen wir uns einen Kaff\u00e9 mit Trucha, einer kanarischen Spezialit\u00e4t und m\u00fcssten nun hier auf den Bus Nr. 355 um 16.15 Uhr nach Santiago del Teide warten, um dann den Anschluss nach Playas de las Americas bekommen.<br \/>\nDas w\u00fcrde f\u00fcr uns bedeuten: 1 Stunde 45 Minuten warten. So spannend ist es nicht, an der Stra\u00dfe zu sitzen, wenn auch vor dem Restaurant, darum machen wir etwas, was wir seit unserer Jugend wohl nicht mehr gemacht haben: Wir trampen.<br \/>\nEin nettes, deutsches Ehepaar f\u00e4hrt nach Playas de las Americas. Etwas Besseres kann uns gar nicht passieren. So spielen wir gerne den Fremdenf\u00fchrer und zeigen ihnen noch in Santiago del Teide das neue Museum und machen auf die T\u00f6pferwerkstatt in Arguayao aufmerksam.<\/p>\n<p><strong>Fazit:<\/strong><br \/>\nZur jetzigen Zeit eine besonders sch\u00f6ne Wanderung. Blumen, Bl\u00fcten, Pflanzen ohne Ende. Ich habe nur einen kleinen Teil erw\u00e4hnt. Es ist quasi eine Botanikexkursion. Der wei\u00dfbl\u00fchende Kanarenknoblauch begegnet uns viel, lila bl\u00fchende Disteln, Affodils dazwischen, dunkelblauer Natternkopf, im Volksmund \u201elengua de vaca\u201c genannt, zartrose Bl\u00fcten des Kanaren-Scheinkrokus, und das kleine, dunkelblaue, tapfere Bl\u00fcmchen: Ackergauchheil, das meine besondere Sympathie genie\u00dft.<\/p>\n<p><a href=\"http:\/\/www.mundi-roth.de\/teneriffa-blog\/wp-content\/uploads\/2011\/02\/P1000179.jpg\" rel=\"lightbox[1225]\"><img loading=\"lazy\" decoding=\"async\" class=\"alignleft size-thumbnail wp-image-1250\" title=\"P1000179\" src=\"http:\/\/www.mundi-roth.de\/teneriffa-blog\/wp-content\/uploads\/2011\/02\/P1000179-150x112.jpg\" alt=\"\" width=\"150\" height=\"112\" srcset=\"https:\/\/www.mundi-roth.de\/teneriffa-blog\/wp-content\/uploads\/2011\/02\/P1000179-150x112.jpg 150w, https:\/\/www.mundi-roth.de\/teneriffa-blog\/wp-content\/uploads\/2011\/02\/P1000179-300x225.jpg 300w, https:\/\/www.mundi-roth.de\/teneriffa-blog\/wp-content\/uploads\/2011\/02\/P1000179.jpg 600w\" sizes=\"auto, (max-width: 150px) 100vw, 150px\" \/><\/a><a href=\"http:\/\/www.mundi-roth.de\/teneriffa-blog\/wp-content\/uploads\/2011\/02\/P1000219.jpg\" rel=\"lightbox[1225]\"><img loading=\"lazy\" decoding=\"async\" class=\"alignright size-thumbnail wp-image-1251\" title=\"P1000219\" src=\"http:\/\/www.mundi-roth.de\/teneriffa-blog\/wp-content\/uploads\/2011\/02\/P1000219-150x112.jpg\" alt=\"\" width=\"150\" height=\"112\" srcset=\"https:\/\/www.mundi-roth.de\/teneriffa-blog\/wp-content\/uploads\/2011\/02\/P1000219-150x112.jpg 150w, https:\/\/www.mundi-roth.de\/teneriffa-blog\/wp-content\/uploads\/2011\/02\/P1000219-300x225.jpg 300w, https:\/\/www.mundi-roth.de\/teneriffa-blog\/wp-content\/uploads\/2011\/02\/P1000219.jpg 600w\" sizes=\"auto, (max-width: 150px) 100vw, 150px\" \/><\/a><\/p>\n<p><a href=\"http:\/\/www.mundi-roth.de\/teneriffa-blog\/wp-content\/uploads\/2011\/02\/P1000214.jpg\" rel=\"lightbox[1225]\"><img loading=\"lazy\" decoding=\"async\" class=\"alignright size-thumbnail wp-image-1253\" title=\"P1000214\" src=\"http:\/\/www.mundi-roth.de\/teneriffa-blog\/wp-content\/uploads\/2011\/02\/P1000214-150x112.jpg\" alt=\"\" width=\"150\" height=\"112\" srcset=\"https:\/\/www.mundi-roth.de\/teneriffa-blog\/wp-content\/uploads\/2011\/02\/P1000214-150x112.jpg 150w, https:\/\/www.mundi-roth.de\/teneriffa-blog\/wp-content\/uploads\/2011\/02\/P1000214-300x225.jpg 300w, https:\/\/www.mundi-roth.de\/teneriffa-blog\/wp-content\/uploads\/2011\/02\/P1000214.jpg 600w\" sizes=\"auto, (max-width: 150px) 100vw, 150px\" \/><\/a><\/p>\n<p>Aber auch die \u00dcberlebensk\u00fcnstler sollten nicht vergessen <a href=\"http:\/\/www.mundi-roth.de\/teneriffa-blog\/wp-content\/uploads\/2011\/02\/P1000233.jpg\" rel=\"lightbox[1225]\"><img loading=\"lazy\" decoding=\"async\" class=\"alignleft size-thumbnail wp-image-1264\" title=\"P1000233\" src=\"http:\/\/www.mundi-roth.de\/teneriffa-blog\/wp-content\/uploads\/2011\/02\/P1000233-150x112.jpg\" alt=\"\" width=\"150\" height=\"112\" srcset=\"https:\/\/www.mundi-roth.de\/teneriffa-blog\/wp-content\/uploads\/2011\/02\/P1000233-150x112.jpg 150w, https:\/\/www.mundi-roth.de\/teneriffa-blog\/wp-content\/uploads\/2011\/02\/P1000233-300x225.jpg 300w, https:\/\/www.mundi-roth.de\/teneriffa-blog\/wp-content\/uploads\/2011\/02\/P1000233.jpg 600w\" sizes=\"auto, (max-width: 150px) 100vw, 150px\" \/><\/a>werden zu erw\u00e4hnen: Die Kiefern und Palmen, die sich regeneriert haben und deren schwarze St\u00e4mme noch an das Feuer erinnern.<\/p>\n<p><strong>Besonderheit:<\/strong><br \/>\n<strong>Kanaren-Glockenblume<\/strong><br \/>\n\u201eEine der bekanntesten kanarischen Pflanzen. Sie bewohnt die <a href=\"http:\/\/www.mundi-roth.de\/teneriffa-blog\/wp-content\/uploads\/2011\/02\/P1000189.jpg\" rel=\"lightbox[1225]\"><img loading=\"lazy\" decoding=\"async\" class=\"alignright size-thumbnail wp-image-1249\" title=\"P1000189\" src=\"http:\/\/www.mundi-roth.de\/teneriffa-blog\/wp-content\/uploads\/2011\/02\/P1000189-150x112.jpg\" alt=\"\" width=\"150\" height=\"112\" srcset=\"https:\/\/www.mundi-roth.de\/teneriffa-blog\/wp-content\/uploads\/2011\/02\/P1000189-150x112.jpg 150w, https:\/\/www.mundi-roth.de\/teneriffa-blog\/wp-content\/uploads\/2011\/02\/P1000189-300x225.jpg 300w, https:\/\/www.mundi-roth.de\/teneriffa-blog\/wp-content\/uploads\/2011\/02\/P1000189.jpg 600w\" sizes=\"auto, (max-width: 150px) 100vw, 150px\" \/><\/a>Lorbeerw\u00e4lder der westlichen und zentralen Inseln und hat ihre n\u00e4chsten Verwandten in ostafrikanischen Bergw\u00e4ldern. Kanarische Umweltschutztruppen haben die Pflanze zu ihrem Symbol gew\u00e4hlt. Die sch\u00f6nen, orangefarbenen Bl\u00fcten erscheinen im zeitigen Fr\u00fchjahr an langen, kriechenden oder kletternden Jahrestrieben. Diese sterben im Sommer ab, nur die r\u00fcben\u00e4hnliche, lange Wurzel \u00fcberdauert die trockene Jahreszeit. Die fleischigen, ebenfalls organgefarbenen Fr\u00fcchte sind essbar.\u201c<br \/>\n(<em>Auszug aus Flora der Kanarischen Inseln von David Bramwell<\/em>)<\/p>\n<p>Bei der Beschreibung der Wanderung &#8222;<a href=\"http:\/\/www.mundi-roth.de\/teneriffa-blog\/wanderungen\/teilstuck-des-camino-carrasco\/\">Camino Carrasco<\/a>&#8220; wurde die Pflanze ausf\u00fchrlich beschrieben<\/p>\n<p><strong>Noch eine Anmerkung:<\/strong><br \/>\nInzwischen habe ich viele Wanderungen beschrieben. Da die Inselregierung in letzter Zeit mit erheblichem Aufwand Wanderwege pr\u00e4pariert und markiert, k\u00f6nnen bestimmt etliche der von mir beschriebenen Wanderungen nur noch als Gedankenanst\u00f6\u00dfe angesehen werden, da die neuen Wege zum Teil von den alten abweichen.<br \/>\nUnd es gilt, was uns Busmitfahrer auf den Weg gaben: \u201eVerlaufen k\u00f6nnt Ihr Euch nicht!\u201c<\/p>\n<p><strong>Anfahrt:<\/strong><br \/>\nBusbahnhof Playas de las Americas mit Bus 460 um 9.35 Uhr bis Puerto de Erjos<br \/>\nAbfahrt: Mit Bus 355 um 16.45 Uhr ab La Vica\u00a0 bis Santiago del Teide, dann mit Bus 460 bis Playas de las Americas.<br \/>\nWir empfehlen: Oberhalb von Masca einzusteigen, da hier nur ein kleiner Bus verkehrt und man nicht wei\u00df, wie gro\u00df der Andrang in Masca ist.<\/p>\n","protected":false},"excerpt":{"rendered":"<p>Gelb, gelb, gelb: das k\u00f6nnte die \u00dcberschrift \u00fcber den ersten Abschnitt der Wanderung sein. Gelb f\u00fcr G\u00e4nsedistel, gelb f\u00fcr Nickenden Sauerklee, gelb f\u00fcr wilde Ringelbl\u00fcmchen. Gr\u00fcn, grau, orange-farben f\u00fcr den zweiten Abschnitt. Gr\u00fcn f\u00fcr Erikab\u00fcsche, Lorbeerb\u00e4ume und Moose. Grau f\u00fcr die Flechten und Orange f\u00fcr die K\u00f6nigin oder den Star der endemischen Pflanzen: die Kanaren [&hellip;]<\/p>\n","protected":false},"author":3,"featured_media":0,"comment_status":"open","ping_status":"open","sticky":false,"template":"","format":"standard","meta":{"footnotes":""},"categories":[778,6],"tags":[455,458,339,227,456,457,459,444,240,108,439],"class_list":["post-1225","post","type-post","status-publish","format-standard","hentry","category-teno-gebirge","category-wanderungen","tag-erjos-pass","tag-escobon","tag-gansedistel","tag-glockenblume","tag-la-vica","tag-lorbeer","tag-lorbeerwald","tag-masca","tag-pico-viejo","tag-teide","tag-teneriffa-wandern"],"yoast_head":"<!-- This site is optimized with the Yoast SEO plugin v27.5 - https:\/\/yoast.com\/product\/yoast-seo-wordpress\/ -->\n<title>Erjos Pass \u2013 La Vica (Masca) - Teneriffa Wandern<\/title>\n<meta name=\"robots\" content=\"index, follow, max-snippet:-1, max-image-preview:large, max-video-preview:-1\" \/>\n<link rel=\"canonical\" href=\"https:\/\/www.mundi-roth.de\/teneriffa-blog\/wanderungen\/erjos-pass-\u2013-la-vica-masca\/\" \/>\n<meta name=\"twitter:label1\" content=\"Verfasst von\" \/>\n\t<meta name=\"twitter:data1\" content=\"ir\" \/>\n\t<meta name=\"twitter:label2\" content=\"Gesch\u00e4tzte Lesezeit\" \/>\n\t<meta name=\"twitter:data2\" content=\"7\u00a0Minuten\" \/>\n<script type=\"application\/ld+json\" class=\"yoast-schema-graph\">{\"@context\":\"https:\\\/\\\/schema.org\",\"@graph\":[{\"@type\":\"Article\",\"@id\":\"https:\\\/\\\/www.mundi-roth.de\\\/teneriffa-blog\\\/wanderungen\\\/erjos-pass-%e2%80%93-la-vica-masca\\\/#article\",\"isPartOf\":{\"@id\":\"https:\\\/\\\/www.mundi-roth.de\\\/teneriffa-blog\\\/wanderungen\\\/erjos-pass-%e2%80%93-la-vica-masca\\\/\"},\"author\":{\"name\":\"ir\",\"@id\":\"https:\\\/\\\/www.mundi-roth.de\\\/teneriffa-blog\\\/#\\\/schema\\\/person\\\/3afd0d251449790d15367c9aa52d203d\"},\"headline\":\"Erjos Pass \u2013 La Vica (Masca)\",\"datePublished\":\"2011-02-18T21:00:19+00:00\",\"dateModified\":\"2015-04-12T09:29:38+00:00\",\"mainEntityOfPage\":{\"@id\":\"https:\\\/\\\/www.mundi-roth.de\\\/teneriffa-blog\\\/wanderungen\\\/erjos-pass-%e2%80%93-la-vica-masca\\\/\"},\"wordCount\":1491,\"commentCount\":1,\"image\":{\"@id\":\"https:\\\/\\\/www.mundi-roth.de\\\/teneriffa-blog\\\/wanderungen\\\/erjos-pass-%e2%80%93-la-vica-masca\\\/#primaryimage\"},\"thumbnailUrl\":\"http:\\\/\\\/www.mundi-roth.de\\\/teneriffa-blog\\\/wp-content\\\/uploads\\\/2011\\\/02\\\/P1000153-150x112.jpg\",\"keywords\":[\"Erjos Pass\",\"Escobon\",\"G\u00e4nsedistel\",\"Glockenblume\",\"La Vica\",\"Lorbeer\",\"Lorbeerwald\",\"Masca\",\"Pico Viejo\",\"Teide\",\"Teneriffa Wandern\"],\"articleSection\":[\"Teno-Gebirge\",\"Wanderungen\"],\"inLanguage\":\"de\",\"potentialAction\":[{\"@type\":\"CommentAction\",\"name\":\"Comment\",\"target\":[\"https:\\\/\\\/www.mundi-roth.de\\\/teneriffa-blog\\\/wanderungen\\\/erjos-pass-%e2%80%93-la-vica-masca\\\/#respond\"]}]},{\"@type\":\"WebPage\",\"@id\":\"https:\\\/\\\/www.mundi-roth.de\\\/teneriffa-blog\\\/wanderungen\\\/erjos-pass-%e2%80%93-la-vica-masca\\\/\",\"url\":\"https:\\\/\\\/www.mundi-roth.de\\\/teneriffa-blog\\\/wanderungen\\\/erjos-pass-%e2%80%93-la-vica-masca\\\/\",\"name\":\"Erjos Pass \u2013 La Vica (Masca) - Teneriffa Wandern\",\"isPartOf\":{\"@id\":\"https:\\\/\\\/www.mundi-roth.de\\\/teneriffa-blog\\\/#website\"},\"primaryImageOfPage\":{\"@id\":\"https:\\\/\\\/www.mundi-roth.de\\\/teneriffa-blog\\\/wanderungen\\\/erjos-pass-%e2%80%93-la-vica-masca\\\/#primaryimage\"},\"image\":{\"@id\":\"https:\\\/\\\/www.mundi-roth.de\\\/teneriffa-blog\\\/wanderungen\\\/erjos-pass-%e2%80%93-la-vica-masca\\\/#primaryimage\"},\"thumbnailUrl\":\"http:\\\/\\\/www.mundi-roth.de\\\/teneriffa-blog\\\/wp-content\\\/uploads\\\/2011\\\/02\\\/P1000153-150x112.jpg\",\"datePublished\":\"2011-02-18T21:00:19+00:00\",\"dateModified\":\"2015-04-12T09:29:38+00:00\",\"author\":{\"@id\":\"https:\\\/\\\/www.mundi-roth.de\\\/teneriffa-blog\\\/#\\\/schema\\\/person\\\/3afd0d251449790d15367c9aa52d203d\"},\"breadcrumb\":{\"@id\":\"https:\\\/\\\/www.mundi-roth.de\\\/teneriffa-blog\\\/wanderungen\\\/erjos-pass-%e2%80%93-la-vica-masca\\\/#breadcrumb\"},\"inLanguage\":\"de\",\"potentialAction\":[{\"@type\":\"ReadAction\",\"target\":[\"https:\\\/\\\/www.mundi-roth.de\\\/teneriffa-blog\\\/wanderungen\\\/erjos-pass-%e2%80%93-la-vica-masca\\\/\"]}]},{\"@type\":\"ImageObject\",\"inLanguage\":\"de\",\"@id\":\"https:\\\/\\\/www.mundi-roth.de\\\/teneriffa-blog\\\/wanderungen\\\/erjos-pass-%e2%80%93-la-vica-masca\\\/#primaryimage\",\"url\":\"https:\\\/\\\/www.mundi-roth.de\\\/teneriffa-blog\\\/wp-content\\\/uploads\\\/2011\\\/02\\\/P1000153.jpg\",\"contentUrl\":\"https:\\\/\\\/www.mundi-roth.de\\\/teneriffa-blog\\\/wp-content\\\/uploads\\\/2011\\\/02\\\/P1000153.jpg\",\"width\":\"600\",\"height\":\"450\"},{\"@type\":\"BreadcrumbList\",\"@id\":\"https:\\\/\\\/www.mundi-roth.de\\\/teneriffa-blog\\\/wanderungen\\\/erjos-pass-%e2%80%93-la-vica-masca\\\/#breadcrumb\",\"itemListElement\":[{\"@type\":\"ListItem\",\"position\":1,\"name\":\"Startseite\",\"item\":\"https:\\\/\\\/www.mundi-roth.de\\\/teneriffa-blog\\\/\"},{\"@type\":\"ListItem\",\"position\":2,\"name\":\"Erjos Pass \u2013 La Vica (Masca)\"}]},{\"@type\":\"WebSite\",\"@id\":\"https:\\\/\\\/www.mundi-roth.de\\\/teneriffa-blog\\\/#website\",\"url\":\"https:\\\/\\\/www.mundi-roth.de\\\/teneriffa-blog\\\/\",\"name\":\"Teneriffa Wandern\",\"description\":\"Nicht nur Wanderungen auf Teneriffa...\",\"potentialAction\":[{\"@type\":\"SearchAction\",\"target\":{\"@type\":\"EntryPoint\",\"urlTemplate\":\"https:\\\/\\\/www.mundi-roth.de\\\/teneriffa-blog\\\/?s={search_term_string}\"},\"query-input\":{\"@type\":\"PropertyValueSpecification\",\"valueRequired\":true,\"valueName\":\"search_term_string\"}}],\"inLanguage\":\"de\"},{\"@type\":\"Person\",\"@id\":\"https:\\\/\\\/www.mundi-roth.de\\\/teneriffa-blog\\\/#\\\/schema\\\/person\\\/3afd0d251449790d15367c9aa52d203d\",\"name\":\"ir\",\"image\":{\"@type\":\"ImageObject\",\"inLanguage\":\"de\",\"@id\":\"https:\\\/\\\/secure.gravatar.com\\\/avatar\\\/e67b41513c921c2bb58363f44c8a00a447c9a2526ad8ff71b5b6257e5f7f5c66?s=96&d=mm&r=g\",\"url\":\"https:\\\/\\\/secure.gravatar.com\\\/avatar\\\/e67b41513c921c2bb58363f44c8a00a447c9a2526ad8ff71b5b6257e5f7f5c66?s=96&d=mm&r=g\",\"contentUrl\":\"https:\\\/\\\/secure.gravatar.com\\\/avatar\\\/e67b41513c921c2bb58363f44c8a00a447c9a2526ad8ff71b5b6257e5f7f5c66?s=96&d=mm&r=g\",\"caption\":\"ir\"},\"sameAs\":[\"http:\\\/\\\/www.mundi-roth.de\"],\"url\":\"https:\\\/\\\/www.mundi-roth.de\\\/teneriffa-blog\\\/author\\\/ir\\\/\"}]}<\/script>\n<!-- \/ Yoast SEO plugin. -->","yoast_head_json":{"title":"Erjos Pass \u2013 La Vica (Masca) - Teneriffa Wandern","robots":{"index":"index","follow":"follow","max-snippet":"max-snippet:-1","max-image-preview":"max-image-preview:large","max-video-preview":"max-video-preview:-1"},"canonical":"https:\/\/www.mundi-roth.de\/teneriffa-blog\/wanderungen\/erjos-pass-\u2013-la-vica-masca\/","twitter_misc":{"Verfasst von":"ir","Gesch\u00e4tzte Lesezeit":"7\u00a0Minuten"},"schema":{"@context":"https:\/\/schema.org","@graph":[{"@type":"Article","@id":"https:\/\/www.mundi-roth.de\/teneriffa-blog\/wanderungen\/erjos-pass-%e2%80%93-la-vica-masca\/#article","isPartOf":{"@id":"https:\/\/www.mundi-roth.de\/teneriffa-blog\/wanderungen\/erjos-pass-%e2%80%93-la-vica-masca\/"},"author":{"name":"ir","@id":"https:\/\/www.mundi-roth.de\/teneriffa-blog\/#\/schema\/person\/3afd0d251449790d15367c9aa52d203d"},"headline":"Erjos Pass \u2013 La Vica (Masca)","datePublished":"2011-02-18T21:00:19+00:00","dateModified":"2015-04-12T09:29:38+00:00","mainEntityOfPage":{"@id":"https:\/\/www.mundi-roth.de\/teneriffa-blog\/wanderungen\/erjos-pass-%e2%80%93-la-vica-masca\/"},"wordCount":1491,"commentCount":1,"image":{"@id":"https:\/\/www.mundi-roth.de\/teneriffa-blog\/wanderungen\/erjos-pass-%e2%80%93-la-vica-masca\/#primaryimage"},"thumbnailUrl":"http:\/\/www.mundi-roth.de\/teneriffa-blog\/wp-content\/uploads\/2011\/02\/P1000153-150x112.jpg","keywords":["Erjos Pass","Escobon","G\u00e4nsedistel","Glockenblume","La Vica","Lorbeer","Lorbeerwald","Masca","Pico Viejo","Teide","Teneriffa Wandern"],"articleSection":["Teno-Gebirge","Wanderungen"],"inLanguage":"de","potentialAction":[{"@type":"CommentAction","name":"Comment","target":["https:\/\/www.mundi-roth.de\/teneriffa-blog\/wanderungen\/erjos-pass-%e2%80%93-la-vica-masca\/#respond"]}]},{"@type":"WebPage","@id":"https:\/\/www.mundi-roth.de\/teneriffa-blog\/wanderungen\/erjos-pass-%e2%80%93-la-vica-masca\/","url":"https:\/\/www.mundi-roth.de\/teneriffa-blog\/wanderungen\/erjos-pass-%e2%80%93-la-vica-masca\/","name":"Erjos Pass \u2013 La Vica (Masca) - Teneriffa Wandern","isPartOf":{"@id":"https:\/\/www.mundi-roth.de\/teneriffa-blog\/#website"},"primaryImageOfPage":{"@id":"https:\/\/www.mundi-roth.de\/teneriffa-blog\/wanderungen\/erjos-pass-%e2%80%93-la-vica-masca\/#primaryimage"},"image":{"@id":"https:\/\/www.mundi-roth.de\/teneriffa-blog\/wanderungen\/erjos-pass-%e2%80%93-la-vica-masca\/#primaryimage"},"thumbnailUrl":"http:\/\/www.mundi-roth.de\/teneriffa-blog\/wp-content\/uploads\/2011\/02\/P1000153-150x112.jpg","datePublished":"2011-02-18T21:00:19+00:00","dateModified":"2015-04-12T09:29:38+00:00","author":{"@id":"https:\/\/www.mundi-roth.de\/teneriffa-blog\/#\/schema\/person\/3afd0d251449790d15367c9aa52d203d"},"breadcrumb":{"@id":"https:\/\/www.mundi-roth.de\/teneriffa-blog\/wanderungen\/erjos-pass-%e2%80%93-la-vica-masca\/#breadcrumb"},"inLanguage":"de","potentialAction":[{"@type":"ReadAction","target":["https:\/\/www.mundi-roth.de\/teneriffa-blog\/wanderungen\/erjos-pass-%e2%80%93-la-vica-masca\/"]}]},{"@type":"ImageObject","inLanguage":"de","@id":"https:\/\/www.mundi-roth.de\/teneriffa-blog\/wanderungen\/erjos-pass-%e2%80%93-la-vica-masca\/#primaryimage","url":"https:\/\/www.mundi-roth.de\/teneriffa-blog\/wp-content\/uploads\/2011\/02\/P1000153.jpg","contentUrl":"https:\/\/www.mundi-roth.de\/teneriffa-blog\/wp-content\/uploads\/2011\/02\/P1000153.jpg","width":"600","height":"450"},{"@type":"BreadcrumbList","@id":"https:\/\/www.mundi-roth.de\/teneriffa-blog\/wanderungen\/erjos-pass-%e2%80%93-la-vica-masca\/#breadcrumb","itemListElement":[{"@type":"ListItem","position":1,"name":"Startseite","item":"https:\/\/www.mundi-roth.de\/teneriffa-blog\/"},{"@type":"ListItem","position":2,"name":"Erjos Pass \u2013 La Vica (Masca)"}]},{"@type":"WebSite","@id":"https:\/\/www.mundi-roth.de\/teneriffa-blog\/#website","url":"https:\/\/www.mundi-roth.de\/teneriffa-blog\/","name":"Teneriffa Wandern","description":"Nicht nur Wanderungen auf Teneriffa...","potentialAction":[{"@type":"SearchAction","target":{"@type":"EntryPoint","urlTemplate":"https:\/\/www.mundi-roth.de\/teneriffa-blog\/?s={search_term_string}"},"query-input":{"@type":"PropertyValueSpecification","valueRequired":true,"valueName":"search_term_string"}}],"inLanguage":"de"},{"@type":"Person","@id":"https:\/\/www.mundi-roth.de\/teneriffa-blog\/#\/schema\/person\/3afd0d251449790d15367c9aa52d203d","name":"ir","image":{"@type":"ImageObject","inLanguage":"de","@id":"https:\/\/secure.gravatar.com\/avatar\/e67b41513c921c2bb58363f44c8a00a447c9a2526ad8ff71b5b6257e5f7f5c66?s=96&d=mm&r=g","url":"https:\/\/secure.gravatar.com\/avatar\/e67b41513c921c2bb58363f44c8a00a447c9a2526ad8ff71b5b6257e5f7f5c66?s=96&d=mm&r=g","contentUrl":"https:\/\/secure.gravatar.com\/avatar\/e67b41513c921c2bb58363f44c8a00a447c9a2526ad8ff71b5b6257e5f7f5c66?s=96&d=mm&r=g","caption":"ir"},"sameAs":["http:\/\/www.mundi-roth.de"],"url":"https:\/\/www.mundi-roth.de\/teneriffa-blog\/author\/ir\/"}]}},"_links":{"self":[{"href":"https:\/\/www.mundi-roth.de\/teneriffa-blog\/wp-json\/wp\/v2\/posts\/1225","targetHints":{"allow":["GET"]}}],"collection":[{"href":"https:\/\/www.mundi-roth.de\/teneriffa-blog\/wp-json\/wp\/v2\/posts"}],"about":[{"href":"https:\/\/www.mundi-roth.de\/teneriffa-blog\/wp-json\/wp\/v2\/types\/post"}],"author":[{"embeddable":true,"href":"https:\/\/www.mundi-roth.de\/teneriffa-blog\/wp-json\/wp\/v2\/users\/3"}],"replies":[{"embeddable":true,"href":"https:\/\/www.mundi-roth.de\/teneriffa-blog\/wp-json\/wp\/v2\/comments?post=1225"}],"version-history":[{"count":0,"href":"https:\/\/www.mundi-roth.de\/teneriffa-blog\/wp-json\/wp\/v2\/posts\/1225\/revisions"}],"wp:attachment":[{"href":"https:\/\/www.mundi-roth.de\/teneriffa-blog\/wp-json\/wp\/v2\/media?parent=1225"}],"wp:term":[{"taxonomy":"category","embeddable":true,"href":"https:\/\/www.mundi-roth.de\/teneriffa-blog\/wp-json\/wp\/v2\/categories?post=1225"},{"taxonomy":"post_tag","embeddable":true,"href":"https:\/\/www.mundi-roth.de\/teneriffa-blog\/wp-json\/wp\/v2\/tags?post=1225"}],"curies":[{"name":"wp","href":"https:\/\/api.w.org\/{rel}","templated":true}]}}