{"id":1260,"date":"2011-02-20T22:00:55","date_gmt":"2011-02-20T21:00:55","guid":{"rendered":"http:\/\/www.mundi-roth.de\/teneriffa-blog\/?p=1260"},"modified":"2015-04-12T10:29:01","modified_gmt":"2015-04-12T09:29:01","slug":"el-contador","status":"publish","type":"post","link":"https:\/\/www.mundi-roth.de\/teneriffa-blog\/wanderungen\/el-contador\/","title":{"rendered":"El Contador"},"content":{"rendered":"<p><strong>Eine sehr, sehr sch\u00f6ne Bergtour!<a href=\"http:\/\/www.mundi-roth.de\/teneriffa-blog\/wp-content\/uploads\/2011\/02\/H\u00f6heTama02.jpg\" rel=\"lightbox[1260]\"><img loading=\"lazy\" decoding=\"async\" class=\"alignright size-thumbnail wp-image-1281\" title=\"H\u00f6heTama02\" src=\"http:\/\/www.mundi-roth.de\/teneriffa-blog\/wp-content\/uploads\/2011\/02\/H\u00f6heTama02-150x81.jpg\" alt=\"\" width=\"150\" height=\"81\" srcset=\"https:\/\/www.mundi-roth.de\/teneriffa-blog\/wp-content\/uploads\/2011\/02\/H\u00f6heTama02-150x81.jpg 150w, https:\/\/www.mundi-roth.de\/teneriffa-blog\/wp-content\/uploads\/2011\/02\/H\u00f6heTama02-300x162.jpg 300w, https:\/\/www.mundi-roth.de\/teneriffa-blog\/wp-content\/uploads\/2011\/02\/H\u00f6heTama02.jpg 573w\" sizes=\"auto, (max-width: 150px) 100vw, 150px\" \/><\/a><br \/>\nEs sei jedoch nicht verschwiegen: Sie ist anstrengend und schwei\u00dftreibend, gilt es doch immerhin 940 H\u00f6henmeter zu \u00fcberwinden.<\/strong><br \/>\nJedoch: unverzagt gehen wir die Tour an.<br \/>\nLothar M\u00fcller hatte mich eingeladen, einmal mit der Wandergruppe von Abades mitzugehen, um eine von mir noch nicht beschriebene Tour kennen zu lernen.<br \/>\n<strong><br \/>\nWanderwegstrecke: <\/strong>4 \u00be Stunde, 9,4 km<a href=\"http:\/\/www.mundi-roth.de\/teneriffa-blog\/wp-content\/uploads\/2011\/02\/Track02a1.jpg\" rel=\"lightbox[1260]\"><img loading=\"lazy\" decoding=\"async\" class=\"alignright size-thumbnail wp-image-1262\" title=\"Track02a\" src=\"http:\/\/www.mundi-roth.de\/teneriffa-blog\/wp-content\/uploads\/2011\/02\/Track02a1-150x96.jpg\" alt=\"\" width=\"150\" height=\"96\" srcset=\"https:\/\/www.mundi-roth.de\/teneriffa-blog\/wp-content\/uploads\/2011\/02\/Track02a1-150x96.jpg 150w, https:\/\/www.mundi-roth.de\/teneriffa-blog\/wp-content\/uploads\/2011\/02\/Track02a1-300x192.jpg 300w, https:\/\/www.mundi-roth.de\/teneriffa-blog\/wp-content\/uploads\/2011\/02\/Track02a1.jpg 600w\" sizes=\"auto, (max-width: 150px) 100vw, 150px\" \/><\/a><br \/>\nZur Zeitangabe muss ich ausf\u00fchren: Wir wu\u00dften nicht, dass gerade heute die erste von sieben Strecken des Trangoworld-Laufes (des Meisterschaftslaufes ) in der Gemeinde Arico mit ca. 250 Teilnehmern auf unserer Wanderroute stattfand. Bedingt durch die Laufveranstaltung\u00a0 legten wir etliche Pausen ein, um wieder einen Pulk L\u00e4ufer an Engstellen passieren zu lassen. Im Normalfall kann man die Tour \u2013 wenn man will \u2013 sicher in einer k\u00fcrzeren Zeit gehen.<\/p>\n<p><a href=\"http:\/\/www.mundi-roth.de\/teneriffa-blog\/wp-content\/uploads\/2011\/02\/P1000222.jpg\" rel=\"lightbox[1260]\"><img loading=\"lazy\" decoding=\"async\" class=\"alignleft size-thumbnail wp-image-1265\" title=\"P1000222\" src=\"http:\/\/www.mundi-roth.de\/teneriffa-blog\/wp-content\/uploads\/2011\/02\/P1000222-150x112.jpg\" alt=\"\" width=\"150\" height=\"112\" srcset=\"https:\/\/www.mundi-roth.de\/teneriffa-blog\/wp-content\/uploads\/2011\/02\/P1000222-150x112.jpg 150w, https:\/\/www.mundi-roth.de\/teneriffa-blog\/wp-content\/uploads\/2011\/02\/P1000222-300x225.jpg 300w, https:\/\/www.mundi-roth.de\/teneriffa-blog\/wp-content\/uploads\/2011\/02\/P1000222.jpg 600w\" sizes=\"auto, (max-width: 150px) 100vw, 150px\" \/><\/a>Ebenfalls bedingt durch die Veranstaltung konnten wir den eigentlich angestrebten Wandereinstieg nicht antreten, daher fuhren wir hoch bis oberhalb von Arico Viejo\/Degollada. Bei dem Hinweisschild \u201e9,5 km El Contador,\u00a0 1,4 km &#8211; Lomo de Tamadaya\u201c starten wir um 9.45 Uhr. Wir steigen in den Barranco Tamadaya ab, um gleich auf der anderen Seite wieder aufzusteigen. Dieser Einstieg ist schon mal ein Vorgeschmack auf die zur Zeit in voller Bl\u00fcte stehenden Margariten, Lavendel und Cinerarien.<br \/>\nAuf dem Bergr\u00fccken erkl\u00e4rt uns Mitwanderer Werner Bethke erst mal die Tour, die wir auf dem neu ausgebauten und markierten Weg gehen werden. Der Eindruck ist: steil! hoch hinauf in Serpentinen!<br \/>\nDurch den h\u00f6heren Einstieg haben wir die urspr\u00fcnglich geplante Strecke um ca. 3 km verk\u00fcrzt. Im Nachhinein kann ich sagen: Es reicht immer noch!<br \/>\nDen ersten Teil des Barranco Tamadaya haben wir einmal mit Cristobal als <a href=\"http:\/\/www.mundi-roth.de\/teneriffa-blog\/wanderungen\/botanik-mit-cristobal\/\">Botanik-Excursion<\/a> kennengelernt und die <a href=\"http:\/\/www.mundi-roth.de\/teneriffa-blog\/wanderungen\/barranco-de-tamadaya\/\">Fortsetzung<\/a> haben wir 2007 bis zur Galerie gemacht, als wir sehen wollten, woher die Wassermengen kommen, die haupts\u00e4chlich den S\u00fcden und S\u00fcdwesten der Insel versorgen.<\/p>\n<p>Die exakte Beschreibung kann ich mir wiederum sparen, da der Wanderweg hervorragend pr\u00e4pariert und markiert ist. Es gibt nach ca. 20 Minuten nur eine einzige Stelle, die zu beachten ist: Hat man den Barranco Tamadaya durchschritten, dann nicht geradeaus auf dem breiten Pfad weitergehen, sondern nach dem\u00a0 Hinweisschild &#8222;El <a href=\"http:\/\/www.mundi-roth.de\/teneriffa-blog\/wp-content\/uploads\/2011\/02\/P1000225.jpg\" rel=\"lightbox[1260]\"><img loading=\"lazy\" decoding=\"async\" class=\"alignright size-thumbnail wp-image-1266\" title=\"P1000225\" src=\"http:\/\/www.mundi-roth.de\/teneriffa-blog\/wp-content\/uploads\/2011\/02\/P1000225-150x112.jpg\" alt=\"\" width=\"150\" height=\"112\" srcset=\"https:\/\/www.mundi-roth.de\/teneriffa-blog\/wp-content\/uploads\/2011\/02\/P1000225-150x112.jpg 150w, https:\/\/www.mundi-roth.de\/teneriffa-blog\/wp-content\/uploads\/2011\/02\/P1000225-300x225.jpg 300w, https:\/\/www.mundi-roth.de\/teneriffa-blog\/wp-content\/uploads\/2011\/02\/P1000225.jpg 600w\" sizes=\"auto, (max-width: 150px) 100vw, 150px\" \/><\/a>Contador 8,4 km &#8211; Lomo de Tamadaya 0,5 km&#8220; unter dem markanten Felsen scharf links abbiegen. Auf einem Stein ist die wei\u00df-gelbe Markierung angebracht, die aber bereits fast zugewachsen ist. Das ist aber auch schon die einzige Stelle, an der, im Hinblick auf die Wegef\u00fchrung, Aufmerksamkeit geboten ist.<\/p>\n<p>Beim Aufstieg bewundern wir die Konstruktion eines Lastenlifts mit einer &#8222;Gondel&#8220; in Form einer blauen Tonne.<\/p>\n<p><a href=\"http:\/\/www.mundi-roth.de\/teneriffa-blog\/wp-content\/uploads\/2011\/02\/P1000232.jpg\" rel=\"lightbox[1260]\"><img loading=\"lazy\" decoding=\"async\" class=\"alignleft size-thumbnail wp-image-1267\" title=\"P1000232\" src=\"http:\/\/www.mundi-roth.de\/teneriffa-blog\/wp-content\/uploads\/2011\/02\/P1000232-150x112.jpg\" alt=\"\" width=\"150\" height=\"112\" srcset=\"https:\/\/www.mundi-roth.de\/teneriffa-blog\/wp-content\/uploads\/2011\/02\/P1000232-150x112.jpg 150w, https:\/\/www.mundi-roth.de\/teneriffa-blog\/wp-content\/uploads\/2011\/02\/P1000232-300x225.jpg 300w, https:\/\/www.mundi-roth.de\/teneriffa-blog\/wp-content\/uploads\/2011\/02\/P1000232.jpg 600w\" sizes=\"auto, (max-width: 150px) 100vw, 150px\" \/><\/a>Nach weiteren 20 Minuten haben wir bei einem gro\u00dfen Dreschplatz die H\u00f6he erreicht und staunen: Die Strecke der\u00a0 L\u00e4ufer deckt sich wohl mit unserer Tour. Also: ein erster Stopp und wir feuern die L\u00e4ufer an.<a href=\"http:\/\/www.mundi-roth.de\/teneriffa-blog\/wp-content\/uploads\/2011\/02\/P1000236a.jpg\" rel=\"lightbox[1260]\"><img loading=\"lazy\" decoding=\"async\" class=\"alignright size-thumbnail wp-image-1268\" title=\"P1000236a\" src=\"http:\/\/www.mundi-roth.de\/teneriffa-blog\/wp-content\/uploads\/2011\/02\/P1000236a-150x134.jpg\" alt=\"\" width=\"150\" height=\"134\" srcset=\"https:\/\/www.mundi-roth.de\/teneriffa-blog\/wp-content\/uploads\/2011\/02\/P1000236a-150x134.jpg 150w, https:\/\/www.mundi-roth.de\/teneriffa-blog\/wp-content\/uploads\/2011\/02\/P1000236a-300x269.jpg 300w, https:\/\/www.mundi-roth.de\/teneriffa-blog\/wp-content\/uploads\/2011\/02\/P1000236a.jpg 600w\" sizes=\"auto, (max-width: 150px) 100vw, 150px\" \/><\/a><br \/>\nWeiter geht es steil, steil bergan und wie eine bunte Kette wirken die Sportler vor uns.<br \/>\nNach ca. 1 \u00bd Stunden haben wir ein Plateau erreicht und eine Hinweistafel kl\u00e4rt uns auf, dass man einen Teil der Tour auch als Rundweg machen kann, denn von hier aus geht es dann <a href=\"http:\/\/www.mundi-roth.de\/teneriffa-blog\/wp-content\/uploads\/2011\/02\/P1000238.jpg\" rel=\"lightbox[1260]\"><img loading=\"lazy\" decoding=\"async\" class=\"alignleft size-thumbnail wp-image-1269\" title=\"P1000238\" src=\"http:\/\/www.mundi-roth.de\/teneriffa-blog\/wp-content\/uploads\/2011\/02\/P1000238-150x112.jpg\" alt=\"\" width=\"150\" height=\"112\" srcset=\"https:\/\/www.mundi-roth.de\/teneriffa-blog\/wp-content\/uploads\/2011\/02\/P1000238-150x112.jpg 150w, https:\/\/www.mundi-roth.de\/teneriffa-blog\/wp-content\/uploads\/2011\/02\/P1000238-300x225.jpg 300w, https:\/\/www.mundi-roth.de\/teneriffa-blog\/wp-content\/uploads\/2011\/02\/P1000238.jpg 600w\" sizes=\"auto, (max-width: 150px) 100vw, 150px\" \/><\/a>bergab nach Los Palomeros oder Las Heritas am gegen\u00fcberliegenden Hang des Lomo Quemada.<br \/>\nWir aber haben bis zu unserem Ziel\u00a0 noch 6,3 km vor uns.\u00a0 Darum: keine M\u00fcdigkeit vorsch\u00fctzen, weiter im Zick-Zack bergan. Bein n\u00e4chsten Plateau w\u00fcnschte man sich es w\u00e4re Mai oder Juni, denn dann muss das hier ein Traum sein:\u00a0 alles wei\u00df von der Montellier-Zistrosenbl\u00fcten.<br \/>\nNach 2 Stunden zeigen die GPS-Ger\u00e4te unserer Mitwanderer, dass 4 km zur\u00fcckgelegt sind und es wird eine Trink-Ess-Schaupause eingelegt.<a href=\"http:\/\/www.mundi-roth.de\/teneriffa-blog\/wp-content\/uploads\/2011\/02\/P1000246.jpg\" rel=\"lightbox[1260]\"><img loading=\"lazy\" decoding=\"async\" class=\"alignright size-thumbnail wp-image-1270\" title=\"P1000246\" src=\"http:\/\/www.mundi-roth.de\/teneriffa-blog\/wp-content\/uploads\/2011\/02\/P1000246-150x112.jpg\" alt=\"\" width=\"150\" height=\"112\" srcset=\"https:\/\/www.mundi-roth.de\/teneriffa-blog\/wp-content\/uploads\/2011\/02\/P1000246-150x112.jpg 150w, https:\/\/www.mundi-roth.de\/teneriffa-blog\/wp-content\/uploads\/2011\/02\/P1000246-300x225.jpg 300w, https:\/\/www.mundi-roth.de\/teneriffa-blog\/wp-content\/uploads\/2011\/02\/P1000246.jpg 600w\" sizes=\"auto, (max-width: 150px) 100vw, 150px\" \/><\/a><br \/>\nVor uns breitet sich die K\u00fcste von Por\u00eds de Abona bis zur Monta\u00f1a Roja in M\u00e9dano aus und im Hintergrund diesmal die Insel Gran Canaria.<br \/>\nTraumhaft sch\u00f6nes Wetter, Sonne, sch\u00f6ne Wolkenbildung, lichter Kiefernwald, der etwas Schatten spendet.<br \/>\nAber \u2013 wie bereits gesagt &#8211;\u00a0 wir wollen ja noch h\u00f6her hinaus. Also <a href=\"http:\/\/www.mundi-roth.de\/teneriffa-blog\/wp-content\/uploads\/2011\/02\/P1000249.jpg\" rel=\"lightbox[1260]\"><img loading=\"lazy\" decoding=\"async\" class=\"alignleft size-thumbnail wp-image-1271\" title=\"P1000249\" src=\"http:\/\/www.mundi-roth.de\/teneriffa-blog\/wp-content\/uploads\/2011\/02\/P1000249-150x112.jpg\" alt=\"\" width=\"150\" height=\"112\" srcset=\"https:\/\/www.mundi-roth.de\/teneriffa-blog\/wp-content\/uploads\/2011\/02\/P1000249-150x112.jpg 150w, https:\/\/www.mundi-roth.de\/teneriffa-blog\/wp-content\/uploads\/2011\/02\/P1000249-300x225.jpg 300w, https:\/\/www.mundi-roth.de\/teneriffa-blog\/wp-content\/uploads\/2011\/02\/P1000249.jpg 600w\" sizes=\"auto, (max-width: 150px) 100vw, 150px\" \/><\/a>schrauben wir uns \u00fcber Serpentinen hoch, queren einen wasserf\u00fchrenden, gemauerten Kanal, und weiter geht\u2019s bergauf durch den lockeren Kiefernwald.<br \/>\nNach 2 \u00bd Stunden wandern wir durch eine mit Mauern durchzogene Gegend und mit Jable, dem hellen Bimsstein, bedeckten Boden.<br \/>\nEtwas sp\u00e4ter passieren wir eine gut erhaltene Schutzh\u00fctte und nun geht es \u00fcber den mit Kiefernnadeln bedeckten Weg. Und: welche Erholung: ein kurzes St\u00fcck eben! Jedoch nicht lange. Gleich geht es wieder steil aufw\u00e4rts, um danach in einer Hangquerung unter markanten Felsen <a href=\"http:\/\/www.mundi-roth.de\/teneriffa-blog\/wp-content\/uploads\/2011\/02\/P1000252.jpg\" rel=\"lightbox[1260]\"><img loading=\"lazy\" decoding=\"async\" class=\"alignright size-thumbnail wp-image-1272\" title=\"P1000252\" src=\"http:\/\/www.mundi-roth.de\/teneriffa-blog\/wp-content\/uploads\/2011\/02\/P1000252-112x150.jpg\" alt=\"\" width=\"112\" height=\"150\" srcset=\"https:\/\/www.mundi-roth.de\/teneriffa-blog\/wp-content\/uploads\/2011\/02\/P1000252-112x150.jpg 112w, https:\/\/www.mundi-roth.de\/teneriffa-blog\/wp-content\/uploads\/2011\/02\/P1000252-224x300.jpg 224w, https:\/\/www.mundi-roth.de\/teneriffa-blog\/wp-content\/uploads\/2011\/02\/P1000252.jpg 448w\" sizes=\"auto, (max-width: 112px) 100vw, 112px\" \/><\/a>fortzuf\u00fchren. Man staunt immer wieder, wie Pflanzen es schaffen, sich in den Felsritzen anzusiedeln. Und <a href=\"http:\/\/www.mundi-roth.de\/teneriffa-blog\/wp-content\/uploads\/2011\/02\/P1000256.jpg\" rel=\"lightbox[1260]\"><img loading=\"lazy\" decoding=\"async\" class=\"alignleft size-thumbnail wp-image-1273\" title=\"P1000256\" src=\"http:\/\/www.mundi-roth.de\/teneriffa-blog\/wp-content\/uploads\/2011\/02\/P1000256-112x150.jpg\" alt=\"\" width=\"112\" height=\"150\" srcset=\"https:\/\/www.mundi-roth.de\/teneriffa-blog\/wp-content\/uploads\/2011\/02\/P1000256-112x150.jpg 112w, https:\/\/www.mundi-roth.de\/teneriffa-blog\/wp-content\/uploads\/2011\/02\/P1000256-224x300.jpg 224w, https:\/\/www.mundi-roth.de\/teneriffa-blog\/wp-content\/uploads\/2011\/02\/P1000256.jpg 448w\" sizes=\"auto, (max-width: 112px) 100vw, 112px\" \/><\/a>nochmals bergauf durch eine imposante Gegend. Bei 1390m \u00fcber\u00a0 NN (oder 1360m \u00fcber NN je nach GPS-Ger\u00e4t)) haben wir den h\u00f6chsten Punkt der heutigen Wanderung erreicht und bis hierher haben wir immerhin schon 820 H\u00f6henmeter geschafft.<br \/>\nWir glauben, von nun an geht\u2019s bergab. Da haben wir uns jedoch <a href=\"http:\/\/www.mundi-roth.de\/teneriffa-blog\/wp-content\/uploads\/2011\/02\/P1000263.jpg\" rel=\"lightbox[1260]\"><img loading=\"lazy\" decoding=\"async\" class=\"alignright size-thumbnail wp-image-1274\" title=\"P1000263\" src=\"http:\/\/www.mundi-roth.de\/teneriffa-blog\/wp-content\/uploads\/2011\/02\/P1000263-150x112.jpg\" alt=\"\" width=\"150\" height=\"112\" srcset=\"https:\/\/www.mundi-roth.de\/teneriffa-blog\/wp-content\/uploads\/2011\/02\/P1000263-150x112.jpg 150w, https:\/\/www.mundi-roth.de\/teneriffa-blog\/wp-content\/uploads\/2011\/02\/P1000263-300x225.jpg 300w, https:\/\/www.mundi-roth.de\/teneriffa-blog\/wp-content\/uploads\/2011\/02\/P1000263.jpg 600w\" sizes=\"auto, (max-width: 150px) 100vw, 150px\" \/><\/a>get\u00e4uscht: es gilt noch in einige Barrancos abzusteigen, um dann auf der Gegenseite nat\u00fcrlich wieder aufzusteigen.<br \/>\nWir queren eine Fahrstra\u00dfe, um gleich <a href=\"http:\/\/www.mundi-roth.de\/teneriffa-blog\/wp-content\/uploads\/2011\/02\/P1000265.jpg\" rel=\"lightbox[1260]\"><img loading=\"lazy\" decoding=\"async\" class=\"alignleft size-thumbnail wp-image-1275\" title=\"P1000265\" src=\"http:\/\/www.mundi-roth.de\/teneriffa-blog\/wp-content\/uploads\/2011\/02\/P1000265-150x112.jpg\" alt=\"\" width=\"150\" height=\"112\" srcset=\"https:\/\/www.mundi-roth.de\/teneriffa-blog\/wp-content\/uploads\/2011\/02\/P1000265-150x112.jpg 150w, https:\/\/www.mundi-roth.de\/teneriffa-blog\/wp-content\/uploads\/2011\/02\/P1000265-300x225.jpg 300w, https:\/\/www.mundi-roth.de\/teneriffa-blog\/wp-content\/uploads\/2011\/02\/P1000265.jpg 600w\" sizes=\"auto, (max-width: 150px) 100vw, 150px\" \/><\/a>gegen\u00fcber wieder in die gut markierte Fortsetzung des Wanderweges einzusteigen. Noch 1,3 km bis El Contador. Na, bald haben wir es geschafft. Vorsicht: Kiefernnadeln bedecken wieder den steilen Abstieg. Nun noch<a href=\"http:\/\/www.mundi-roth.de\/teneriffa-blog\/wp-content\/uploads\/2011\/02\/P1000268.jpg\" rel=\"lightbox[1260]\"><img loading=\"lazy\" decoding=\"async\" class=\"alignright size-thumbnail wp-image-1276\" title=\"P1000268\" src=\"http:\/\/www.mundi-roth.de\/teneriffa-blog\/wp-content\/uploads\/2011\/02\/P1000268-150x112.jpg\" alt=\"\" width=\"150\" height=\"112\" srcset=\"https:\/\/www.mundi-roth.de\/teneriffa-blog\/wp-content\/uploads\/2011\/02\/P1000268-150x112.jpg 150w, https:\/\/www.mundi-roth.de\/teneriffa-blog\/wp-content\/uploads\/2011\/02\/P1000268-300x225.jpg 300w, https:\/\/www.mundi-roth.de\/teneriffa-blog\/wp-content\/uploads\/2011\/02\/P1000268.jpg 600w\" sizes=\"auto, (max-width: 150px) 100vw, 150px\" \/><\/a> durch eine blumen\u00fcbers\u00e4te Senke, hoch, an einer Finca vorbei und schon sehen wir den Grillplatz \u201eEl Contador\u201c.<br \/>\nDort werden wir von den Nichtwanderern erwartet. Die Armen mussten 4 3\/4 Stunde \u00fcberbr\u00fccken.<br \/>\nLaut Lothar M\u00fcller&#8217;s GPS haben wir 9,4 km durchwandert und\u00a0 940 H\u00f6henmeter \u00fcberwunden.<\/p>\n<p>Dankbar besteigen wir die Wagen und nun ist noch geselliges Beisammensein im Hause von Christa und Werner Bethke in Abades<br \/>\nmit selbstgebackenem Brot und\u00a0 selbstgemachtem Griebenschmalz angesagt. Hmmm, lecker! Und da die Wandergruppe von Abadas offensichtlich eine eingeschworene Gemeinschaft ist, kommen etliche Kuchen auf den Tisch, die man leider nicht alle probieren kann.<\/p>\n<p><strong>Fazit:<\/strong><br \/>\nDiese Tour verlangt einem schon einiges an Kraft ab, lohnt aber auf alle F\u00e4lle, da sie durch eine wiederum wundersch\u00f6ne Landschaft mit beeindruckenden Felsformationen, viel, viel Botanik und Weitblicken f\u00fchrt.<br \/>\nIch sage: Dankesch\u00f6n an Lothar M\u00fcller f\u00fcr die Einladung und an die Mitwanderinnen und Mitwanderer, dass sie mich so freundlich aufgenommen haben.<\/p>\n<p><strong>Besonderheit:<\/strong><br \/>\nDie Wanderung wird aufgelockert durch die selbstverfassten Gedichte von Werner Bethke. So gibt er bei der l\u00e4ngeren Pause u.a. dieses Gedicht zum Besten:<br \/>\n<em><strong>Wanderst\u00f6cke<\/strong><br \/>\n\u201cFr\u00fcher trugen Frauen R\u00f6cke,<br \/>\nheute haben sie Hosen an und Wanderst\u00f6cke.<br \/>\nFr\u00fcher war der Wanderstock aus Holz,<br \/>\ner war des Wanderers ganzer Stolz.<br \/>\nEr war best\u00fcckt mit Pl\u00e4ttchen aus Metall,<br \/>\ndamit man sehen konnte wo er war schon \u00fcberall.<br \/>\nDoch heute er am Nagel h\u00e4ngt,<br \/>\nzwei R\u00f6hren aus Aluminium haben ihn verdr\u00e4ngt.<br \/>\nMit ihnen kann man sich den Berg hochstemmen,<br \/>\nbergab helfen sie die Schwerkraft einzud\u00e4mmen.<br \/>\nUnd ist die Tour zu Ende:<br \/>\nman k\u00f6nnt &#8218; sie lieben, kann man sie zusammenschieben.\u201c<\/em><\/p>\n<p><strong>Anfahrt zum Wandereinstieg:<\/strong><\/p>\n<p>Auf der TF 1 nimmt man die Ausfahrt \u201eArico Viejo&#8220;, folgt der Stra\u00dfe nach Arico Viejo. Dort kreuzt man die TF28 geradeaus auf die &#8222;Calle de la Degollada&#8220;. Immer bergauf weiter auf der &#8222;Calle del Serradero&#8220; bis man auf der rechten Stra\u00dfenseite das Hinweisschild &#8222;Contador&#8220; findet.<\/p>\n<p><strong>Anfahrt zum Wanderendpunkt:<\/strong><\/p>\n<p>Vom Wandereinstieg kommend f\u00e4hrt man zur\u00fcck bis zur TF28 und biegt nach rechts ab. Folgt der TF28 nach Arico Nuevo. Beim Kreisverkehr am Ortseingang w\u00e4hlt man die erste Ausfahrt, die schon mit El Contador ausgeschildert ist. Dieser Stra\u00dfe folgt man bergauf bis zum Grillplatz &#8222;El Contador&#8220;. Dort gibt es ausreichende Parkm\u00f6glichkeiten.<\/p>\n","protected":false},"excerpt":{"rendered":"<p>Eine sehr, sehr sch\u00f6ne Bergtour! Es sei jedoch nicht verschwiegen: Sie ist anstrengend und schwei\u00dftreibend, gilt es doch immerhin 940 H\u00f6henmeter zu \u00fcberwinden. Jedoch: unverzagt gehen wir die Tour an. Lothar M\u00fcller hatte mich eingeladen, einmal mit der Wandergruppe von Abades mitzugehen, um eine von mir noch nicht beschriebene Tour kennen zu lernen. Wanderwegstrecke: 4 [&hellip;]<\/p>\n","protected":false},"author":3,"featured_media":0,"comment_status":"open","ping_status":"open","sticky":false,"template":"","format":"standard","meta":{"footnotes":""},"categories":[772,6],"tags":[451,454,452,453,439,446],"class_list":["post-1260","post","type-post","status-publish","format-standard","hentry","category-arico","category-wanderungen","tag-el-contador","tag-las-hermitas","tag-lomo-de-tamadaya","tag-los-palomeros","tag-teneriffa-wandern","tag-wandern-teneriffa"],"yoast_head":"<!-- This site is optimized with the Yoast SEO plugin v27.5 - https:\/\/yoast.com\/product\/yoast-seo-wordpress\/ -->\n<title>El Contador - Teneriffa Wandern<\/title>\n<meta name=\"robots\" content=\"index, follow, max-snippet:-1, max-image-preview:large, max-video-preview:-1\" \/>\n<link rel=\"canonical\" href=\"https:\/\/www.mundi-roth.de\/teneriffa-blog\/wanderungen\/el-contador\/\" \/>\n<meta name=\"twitter:label1\" content=\"Verfasst von\" \/>\n\t<meta name=\"twitter:data1\" content=\"ir\" \/>\n\t<meta name=\"twitter:label2\" content=\"Gesch\u00e4tzte Lesezeit\" \/>\n\t<meta name=\"twitter:data2\" content=\"6\u00a0Minuten\" \/>\n<script type=\"application\/ld+json\" class=\"yoast-schema-graph\">{\"@context\":\"https:\\\/\\\/schema.org\",\"@graph\":[{\"@type\":\"Article\",\"@id\":\"https:\\\/\\\/www.mundi-roth.de\\\/teneriffa-blog\\\/wanderungen\\\/el-contador\\\/#article\",\"isPartOf\":{\"@id\":\"https:\\\/\\\/www.mundi-roth.de\\\/teneriffa-blog\\\/wanderungen\\\/el-contador\\\/\"},\"author\":{\"name\":\"ir\",\"@id\":\"https:\\\/\\\/www.mundi-roth.de\\\/teneriffa-blog\\\/#\\\/schema\\\/person\\\/3afd0d251449790d15367c9aa52d203d\"},\"headline\":\"El Contador\",\"datePublished\":\"2011-02-20T21:00:55+00:00\",\"dateModified\":\"2015-04-12T09:29:01+00:00\",\"mainEntityOfPage\":{\"@id\":\"https:\\\/\\\/www.mundi-roth.de\\\/teneriffa-blog\\\/wanderungen\\\/el-contador\\\/\"},\"wordCount\":1237,\"commentCount\":0,\"image\":{\"@id\":\"https:\\\/\\\/www.mundi-roth.de\\\/teneriffa-blog\\\/wanderungen\\\/el-contador\\\/#primaryimage\"},\"thumbnailUrl\":\"http:\\\/\\\/www.mundi-roth.de\\\/teneriffa-blog\\\/wp-content\\\/uploads\\\/2011\\\/02\\\/Track02a1-150x96.jpg\",\"keywords\":[\"El Contador\",\"Las Hermitas\",\"Lomo de Tamadaya\",\"Los Palomeros\",\"Teneriffa Wandern\",\"Wandern Teneriffa\"],\"articleSection\":[\"Arico\",\"Wanderungen\"],\"inLanguage\":\"de\",\"potentialAction\":[{\"@type\":\"CommentAction\",\"name\":\"Comment\",\"target\":[\"https:\\\/\\\/www.mundi-roth.de\\\/teneriffa-blog\\\/wanderungen\\\/el-contador\\\/#respond\"]}]},{\"@type\":\"WebPage\",\"@id\":\"https:\\\/\\\/www.mundi-roth.de\\\/teneriffa-blog\\\/wanderungen\\\/el-contador\\\/\",\"url\":\"https:\\\/\\\/www.mundi-roth.de\\\/teneriffa-blog\\\/wanderungen\\\/el-contador\\\/\",\"name\":\"El Contador - Teneriffa Wandern\",\"isPartOf\":{\"@id\":\"https:\\\/\\\/www.mundi-roth.de\\\/teneriffa-blog\\\/#website\"},\"primaryImageOfPage\":{\"@id\":\"https:\\\/\\\/www.mundi-roth.de\\\/teneriffa-blog\\\/wanderungen\\\/el-contador\\\/#primaryimage\"},\"image\":{\"@id\":\"https:\\\/\\\/www.mundi-roth.de\\\/teneriffa-blog\\\/wanderungen\\\/el-contador\\\/#primaryimage\"},\"thumbnailUrl\":\"http:\\\/\\\/www.mundi-roth.de\\\/teneriffa-blog\\\/wp-content\\\/uploads\\\/2011\\\/02\\\/Track02a1-150x96.jpg\",\"datePublished\":\"2011-02-20T21:00:55+00:00\",\"dateModified\":\"2015-04-12T09:29:01+00:00\",\"author\":{\"@id\":\"https:\\\/\\\/www.mundi-roth.de\\\/teneriffa-blog\\\/#\\\/schema\\\/person\\\/3afd0d251449790d15367c9aa52d203d\"},\"breadcrumb\":{\"@id\":\"https:\\\/\\\/www.mundi-roth.de\\\/teneriffa-blog\\\/wanderungen\\\/el-contador\\\/#breadcrumb\"},\"inLanguage\":\"de\",\"potentialAction\":[{\"@type\":\"ReadAction\",\"target\":[\"https:\\\/\\\/www.mundi-roth.de\\\/teneriffa-blog\\\/wanderungen\\\/el-contador\\\/\"]}]},{\"@type\":\"ImageObject\",\"inLanguage\":\"de\",\"@id\":\"https:\\\/\\\/www.mundi-roth.de\\\/teneriffa-blog\\\/wanderungen\\\/el-contador\\\/#primaryimage\",\"url\":\"https:\\\/\\\/www.mundi-roth.de\\\/teneriffa-blog\\\/wp-content\\\/uploads\\\/2011\\\/02\\\/Track02a1.jpg\",\"contentUrl\":\"https:\\\/\\\/www.mundi-roth.de\\\/teneriffa-blog\\\/wp-content\\\/uploads\\\/2011\\\/02\\\/Track02a1.jpg\",\"width\":\"600\",\"height\":\"385\"},{\"@type\":\"BreadcrumbList\",\"@id\":\"https:\\\/\\\/www.mundi-roth.de\\\/teneriffa-blog\\\/wanderungen\\\/el-contador\\\/#breadcrumb\",\"itemListElement\":[{\"@type\":\"ListItem\",\"position\":1,\"name\":\"Startseite\",\"item\":\"https:\\\/\\\/www.mundi-roth.de\\\/teneriffa-blog\\\/\"},{\"@type\":\"ListItem\",\"position\":2,\"name\":\"El Contador\"}]},{\"@type\":\"WebSite\",\"@id\":\"https:\\\/\\\/www.mundi-roth.de\\\/teneriffa-blog\\\/#website\",\"url\":\"https:\\\/\\\/www.mundi-roth.de\\\/teneriffa-blog\\\/\",\"name\":\"Teneriffa Wandern\",\"description\":\"Nicht nur Wanderungen auf Teneriffa...\",\"potentialAction\":[{\"@type\":\"SearchAction\",\"target\":{\"@type\":\"EntryPoint\",\"urlTemplate\":\"https:\\\/\\\/www.mundi-roth.de\\\/teneriffa-blog\\\/?s={search_term_string}\"},\"query-input\":{\"@type\":\"PropertyValueSpecification\",\"valueRequired\":true,\"valueName\":\"search_term_string\"}}],\"inLanguage\":\"de\"},{\"@type\":\"Person\",\"@id\":\"https:\\\/\\\/www.mundi-roth.de\\\/teneriffa-blog\\\/#\\\/schema\\\/person\\\/3afd0d251449790d15367c9aa52d203d\",\"name\":\"ir\",\"image\":{\"@type\":\"ImageObject\",\"inLanguage\":\"de\",\"@id\":\"https:\\\/\\\/secure.gravatar.com\\\/avatar\\\/e67b41513c921c2bb58363f44c8a00a447c9a2526ad8ff71b5b6257e5f7f5c66?s=96&d=mm&r=g\",\"url\":\"https:\\\/\\\/secure.gravatar.com\\\/avatar\\\/e67b41513c921c2bb58363f44c8a00a447c9a2526ad8ff71b5b6257e5f7f5c66?s=96&d=mm&r=g\",\"contentUrl\":\"https:\\\/\\\/secure.gravatar.com\\\/avatar\\\/e67b41513c921c2bb58363f44c8a00a447c9a2526ad8ff71b5b6257e5f7f5c66?s=96&d=mm&r=g\",\"caption\":\"ir\"},\"sameAs\":[\"http:\\\/\\\/www.mundi-roth.de\"],\"url\":\"https:\\\/\\\/www.mundi-roth.de\\\/teneriffa-blog\\\/author\\\/ir\\\/\"}]}<\/script>\n<!-- \/ Yoast SEO plugin. -->","yoast_head_json":{"title":"El Contador - Teneriffa Wandern","robots":{"index":"index","follow":"follow","max-snippet":"max-snippet:-1","max-image-preview":"max-image-preview:large","max-video-preview":"max-video-preview:-1"},"canonical":"https:\/\/www.mundi-roth.de\/teneriffa-blog\/wanderungen\/el-contador\/","twitter_misc":{"Verfasst von":"ir","Gesch\u00e4tzte Lesezeit":"6\u00a0Minuten"},"schema":{"@context":"https:\/\/schema.org","@graph":[{"@type":"Article","@id":"https:\/\/www.mundi-roth.de\/teneriffa-blog\/wanderungen\/el-contador\/#article","isPartOf":{"@id":"https:\/\/www.mundi-roth.de\/teneriffa-blog\/wanderungen\/el-contador\/"},"author":{"name":"ir","@id":"https:\/\/www.mundi-roth.de\/teneriffa-blog\/#\/schema\/person\/3afd0d251449790d15367c9aa52d203d"},"headline":"El Contador","datePublished":"2011-02-20T21:00:55+00:00","dateModified":"2015-04-12T09:29:01+00:00","mainEntityOfPage":{"@id":"https:\/\/www.mundi-roth.de\/teneriffa-blog\/wanderungen\/el-contador\/"},"wordCount":1237,"commentCount":0,"image":{"@id":"https:\/\/www.mundi-roth.de\/teneriffa-blog\/wanderungen\/el-contador\/#primaryimage"},"thumbnailUrl":"http:\/\/www.mundi-roth.de\/teneriffa-blog\/wp-content\/uploads\/2011\/02\/Track02a1-150x96.jpg","keywords":["El Contador","Las Hermitas","Lomo de Tamadaya","Los Palomeros","Teneriffa Wandern","Wandern Teneriffa"],"articleSection":["Arico","Wanderungen"],"inLanguage":"de","potentialAction":[{"@type":"CommentAction","name":"Comment","target":["https:\/\/www.mundi-roth.de\/teneriffa-blog\/wanderungen\/el-contador\/#respond"]}]},{"@type":"WebPage","@id":"https:\/\/www.mundi-roth.de\/teneriffa-blog\/wanderungen\/el-contador\/","url":"https:\/\/www.mundi-roth.de\/teneriffa-blog\/wanderungen\/el-contador\/","name":"El Contador - Teneriffa Wandern","isPartOf":{"@id":"https:\/\/www.mundi-roth.de\/teneriffa-blog\/#website"},"primaryImageOfPage":{"@id":"https:\/\/www.mundi-roth.de\/teneriffa-blog\/wanderungen\/el-contador\/#primaryimage"},"image":{"@id":"https:\/\/www.mundi-roth.de\/teneriffa-blog\/wanderungen\/el-contador\/#primaryimage"},"thumbnailUrl":"http:\/\/www.mundi-roth.de\/teneriffa-blog\/wp-content\/uploads\/2011\/02\/Track02a1-150x96.jpg","datePublished":"2011-02-20T21:00:55+00:00","dateModified":"2015-04-12T09:29:01+00:00","author":{"@id":"https:\/\/www.mundi-roth.de\/teneriffa-blog\/#\/schema\/person\/3afd0d251449790d15367c9aa52d203d"},"breadcrumb":{"@id":"https:\/\/www.mundi-roth.de\/teneriffa-blog\/wanderungen\/el-contador\/#breadcrumb"},"inLanguage":"de","potentialAction":[{"@type":"ReadAction","target":["https:\/\/www.mundi-roth.de\/teneriffa-blog\/wanderungen\/el-contador\/"]}]},{"@type":"ImageObject","inLanguage":"de","@id":"https:\/\/www.mundi-roth.de\/teneriffa-blog\/wanderungen\/el-contador\/#primaryimage","url":"https:\/\/www.mundi-roth.de\/teneriffa-blog\/wp-content\/uploads\/2011\/02\/Track02a1.jpg","contentUrl":"https:\/\/www.mundi-roth.de\/teneriffa-blog\/wp-content\/uploads\/2011\/02\/Track02a1.jpg","width":"600","height":"385"},{"@type":"BreadcrumbList","@id":"https:\/\/www.mundi-roth.de\/teneriffa-blog\/wanderungen\/el-contador\/#breadcrumb","itemListElement":[{"@type":"ListItem","position":1,"name":"Startseite","item":"https:\/\/www.mundi-roth.de\/teneriffa-blog\/"},{"@type":"ListItem","position":2,"name":"El Contador"}]},{"@type":"WebSite","@id":"https:\/\/www.mundi-roth.de\/teneriffa-blog\/#website","url":"https:\/\/www.mundi-roth.de\/teneriffa-blog\/","name":"Teneriffa Wandern","description":"Nicht nur Wanderungen auf Teneriffa...","potentialAction":[{"@type":"SearchAction","target":{"@type":"EntryPoint","urlTemplate":"https:\/\/www.mundi-roth.de\/teneriffa-blog\/?s={search_term_string}"},"query-input":{"@type":"PropertyValueSpecification","valueRequired":true,"valueName":"search_term_string"}}],"inLanguage":"de"},{"@type":"Person","@id":"https:\/\/www.mundi-roth.de\/teneriffa-blog\/#\/schema\/person\/3afd0d251449790d15367c9aa52d203d","name":"ir","image":{"@type":"ImageObject","inLanguage":"de","@id":"https:\/\/secure.gravatar.com\/avatar\/e67b41513c921c2bb58363f44c8a00a447c9a2526ad8ff71b5b6257e5f7f5c66?s=96&d=mm&r=g","url":"https:\/\/secure.gravatar.com\/avatar\/e67b41513c921c2bb58363f44c8a00a447c9a2526ad8ff71b5b6257e5f7f5c66?s=96&d=mm&r=g","contentUrl":"https:\/\/secure.gravatar.com\/avatar\/e67b41513c921c2bb58363f44c8a00a447c9a2526ad8ff71b5b6257e5f7f5c66?s=96&d=mm&r=g","caption":"ir"},"sameAs":["http:\/\/www.mundi-roth.de"],"url":"https:\/\/www.mundi-roth.de\/teneriffa-blog\/author\/ir\/"}]}},"_links":{"self":[{"href":"https:\/\/www.mundi-roth.de\/teneriffa-blog\/wp-json\/wp\/v2\/posts\/1260","targetHints":{"allow":["GET"]}}],"collection":[{"href":"https:\/\/www.mundi-roth.de\/teneriffa-blog\/wp-json\/wp\/v2\/posts"}],"about":[{"href":"https:\/\/www.mundi-roth.de\/teneriffa-blog\/wp-json\/wp\/v2\/types\/post"}],"author":[{"embeddable":true,"href":"https:\/\/www.mundi-roth.de\/teneriffa-blog\/wp-json\/wp\/v2\/users\/3"}],"replies":[{"embeddable":true,"href":"https:\/\/www.mundi-roth.de\/teneriffa-blog\/wp-json\/wp\/v2\/comments?post=1260"}],"version-history":[{"count":0,"href":"https:\/\/www.mundi-roth.de\/teneriffa-blog\/wp-json\/wp\/v2\/posts\/1260\/revisions"}],"wp:attachment":[{"href":"https:\/\/www.mundi-roth.de\/teneriffa-blog\/wp-json\/wp\/v2\/media?parent=1260"}],"wp:term":[{"taxonomy":"category","embeddable":true,"href":"https:\/\/www.mundi-roth.de\/teneriffa-blog\/wp-json\/wp\/v2\/categories?post=1260"},{"taxonomy":"post_tag","embeddable":true,"href":"https:\/\/www.mundi-roth.de\/teneriffa-blog\/wp-json\/wp\/v2\/tags?post=1260"}],"curies":[{"name":"wp","href":"https:\/\/api.w.org\/{rel}","templated":true}]}}