{"id":1282,"date":"2011-03-17T22:00:41","date_gmt":"2011-03-17T21:00:41","guid":{"rendered":"http:\/\/www.mundi-roth.de\/teneriffa-blog\/?p=1282"},"modified":"2015-04-12T10:25:07","modified_gmt":"2015-04-12T09:25:07","slug":"el-palmar-%e2%80%93-teno-alto-%e2%80%93-el-palmar","status":"publish","type":"post","link":"https:\/\/www.mundi-roth.de\/teneriffa-blog\/wanderungen\/el-palmar-%e2%80%93-teno-alto-%e2%80%93-el-palmar\/","title":{"rendered":"El Palmar \u2013 Teno Alto \u2013 El Palmar"},"content":{"rendered":"<p><strong>Wer Blumen und Farben liebt, der sollte diese Tour unbedingt JETZT, im M\u00e4rz, gehen.<\/strong><br \/>\n<strong> Gelb, wei\u00df, lila und auch pink, eine Bl\u00fctenpracht ohne gleichen. Die H\u00e4nge von dem Lila der Cinerarien \u00fcberzogen, dazwischen Krokusse und fl\u00e4chenweise das Gelb der G\u00e4nsedistel, das Wei\u00df der bl\u00fchenden Erikab\u00e4ume und auch Ginsterb\u00fcsche und\u00a0 das Pink der Platterbse und der <a href=\"http:\/\/www.mundi-roth.de\/teneriffa-blog\/wp-content\/uploads\/2011\/03\/P1000310x.jpg\" rel=\"lightbox[1282]\"><img loading=\"lazy\" decoding=\"async\" class=\"alignright size-thumbnail wp-image-1287\" title=\"P1000310x\" src=\"http:\/\/www.mundi-roth.de\/teneriffa-blog\/wp-content\/uploads\/2011\/03\/P1000310x-150x112.jpg\" alt=\"\" width=\"150\" height=\"112\" srcset=\"https:\/\/www.mundi-roth.de\/teneriffa-blog\/wp-content\/uploads\/2011\/03\/P1000310x-150x112.jpg 150w, https:\/\/www.mundi-roth.de\/teneriffa-blog\/wp-content\/uploads\/2011\/03\/P1000310x-300x225.jpg 300w, https:\/\/www.mundi-roth.de\/teneriffa-blog\/wp-content\/uploads\/2011\/03\/P1000310x.jpg 600w\" sizes=\"auto, (max-width: 150px) 100vw, 150px\" \/><\/a>Montebrezien,\u00a0 das zarte Lila des Natternkopfes, das Blau des Bonnets Natternkopfes, das Orange der Kanaren Glockenblumen und noch mal gelb von der vielbl\u00e4ttrigen Dr\u00fcsenfrucht und Kanaren-Hundsrauke.\u00a0 Nat\u00fcrlich viel, viel Gr\u00fcn der Lorbeerb\u00e4ume, Palmen, Kiefern, Agaven, Farne und Dickblattgew\u00e4chse und und und<\/strong> &#8230;<br \/>\n<strong> Man muss einfach immer wieder stehen bleiben und diese Farbenpracht in sich aufnehmen! Unwahrscheinlich! Traumhaft!<\/strong><br \/>\n<strong> H\u00e4tte jetzt noch die Sonne geschienen, die Farbenpracht w\u00e4re nicht mehr zu \u00fcberbieten gewesen.<\/strong><\/p>\n<p><a href=\"http:\/\/www.mundi-roth.de\/teneriffa-blog\/wp-content\/uploads\/2011\/03\/P1000339.jpg\" rel=\"lightbox[1282]\"><img loading=\"lazy\" decoding=\"async\" class=\"alignleft size-thumbnail wp-image-1308\" title=\"P1000339\" src=\"http:\/\/www.mundi-roth.de\/teneriffa-blog\/wp-content\/uploads\/2011\/03\/P1000339-150x112.jpg\" alt=\"\" width=\"150\" height=\"112\" srcset=\"https:\/\/www.mundi-roth.de\/teneriffa-blog\/wp-content\/uploads\/2011\/03\/P1000339-150x112.jpg 150w, https:\/\/www.mundi-roth.de\/teneriffa-blog\/wp-content\/uploads\/2011\/03\/P1000339-300x225.jpg 300w, https:\/\/www.mundi-roth.de\/teneriffa-blog\/wp-content\/uploads\/2011\/03\/P1000339.jpg 600w\" sizes=\"auto, (max-width: 150px) 100vw, 150px\" \/><\/a><a href=\"http:\/\/www.mundi-roth.de\/teneriffa-blog\/wp-content\/uploads\/2011\/03\/P1000337.jpg\" rel=\"lightbox[1282]\"><img loading=\"lazy\" decoding=\"async\" class=\"alignright size-thumbnail wp-image-1309\" title=\"P1000337\" src=\"http:\/\/www.mundi-roth.de\/teneriffa-blog\/wp-content\/uploads\/2011\/03\/P1000337-150x112.jpg\" alt=\"\" width=\"150\" height=\"112\" srcset=\"https:\/\/www.mundi-roth.de\/teneriffa-blog\/wp-content\/uploads\/2011\/03\/P1000337-150x112.jpg 150w, https:\/\/www.mundi-roth.de\/teneriffa-blog\/wp-content\/uploads\/2011\/03\/P1000337-300x225.jpg 300w, https:\/\/www.mundi-roth.de\/teneriffa-blog\/wp-content\/uploads\/2011\/03\/P1000337.jpg 600w\" sizes=\"auto, (max-width: 150px) 100vw, 150px\" \/><\/a><\/p>\n<p>&nbsp;<\/p>\n<p>&nbsp;<\/p>\n<p>&nbsp;<\/p>\n<p><a href=\"http:\/\/www.mundi-roth.de\/teneriffa-blog\/wp-content\/uploads\/2011\/03\/P1000348.jpg\" rel=\"lightbox[1282]\"><img loading=\"lazy\" decoding=\"async\" class=\"alignleft size-thumbnail wp-image-1310\" title=\"P1000348\" src=\"http:\/\/www.mundi-roth.de\/teneriffa-blog\/wp-content\/uploads\/2011\/03\/P1000348-150x112.jpg\" alt=\"\" width=\"150\" height=\"112\" srcset=\"https:\/\/www.mundi-roth.de\/teneriffa-blog\/wp-content\/uploads\/2011\/03\/P1000348-150x112.jpg 150w, https:\/\/www.mundi-roth.de\/teneriffa-blog\/wp-content\/uploads\/2011\/03\/P1000348-300x225.jpg 300w, https:\/\/www.mundi-roth.de\/teneriffa-blog\/wp-content\/uploads\/2011\/03\/P1000348.jpg 600w\" sizes=\"auto, (max-width: 150px) 100vw, 150px\" \/><\/a><a href=\"http:\/\/www.mundi-roth.de\/teneriffa-blog\/wp-content\/uploads\/2011\/03\/P1000354.jpg\" rel=\"lightbox[1282]\"><img loading=\"lazy\" decoding=\"async\" class=\"alignright size-thumbnail wp-image-1311\" title=\"P1000354\" src=\"http:\/\/www.mundi-roth.de\/teneriffa-blog\/wp-content\/uploads\/2011\/03\/P1000354-150x112.jpg\" alt=\"\" width=\"150\" height=\"112\" srcset=\"https:\/\/www.mundi-roth.de\/teneriffa-blog\/wp-content\/uploads\/2011\/03\/P1000354-150x112.jpg 150w, https:\/\/www.mundi-roth.de\/teneriffa-blog\/wp-content\/uploads\/2011\/03\/P1000354-300x225.jpg 300w, https:\/\/www.mundi-roth.de\/teneriffa-blog\/wp-content\/uploads\/2011\/03\/P1000354.jpg 600w\" sizes=\"auto, (max-width: 150px) 100vw, 150px\" \/><\/a><\/p>\n<p>&nbsp;<\/p>\n<p>&nbsp;<\/p>\n<p>&nbsp;<\/p>\n<p><a href=\"http:\/\/www.mundi-roth.de\/teneriffa-blog\/wp-content\/uploads\/2011\/03\/P1000357a.jpg\" rel=\"lightbox[1282]\"><img loading=\"lazy\" decoding=\"async\" class=\"alignleft size-thumbnail wp-image-1312\" title=\"P1000357a\" src=\"http:\/\/www.mundi-roth.de\/teneriffa-blog\/wp-content\/uploads\/2011\/03\/P1000357a-120x150.jpg\" alt=\"\" width=\"120\" height=\"150\" srcset=\"https:\/\/www.mundi-roth.de\/teneriffa-blog\/wp-content\/uploads\/2011\/03\/P1000357a-120x150.jpg 120w, https:\/\/www.mundi-roth.de\/teneriffa-blog\/wp-content\/uploads\/2011\/03\/P1000357a-240x300.jpg 240w, https:\/\/www.mundi-roth.de\/teneriffa-blog\/wp-content\/uploads\/2011\/03\/P1000357a.jpg 481w\" sizes=\"auto, (max-width: 120px) 100vw, 120px\" \/><\/a><a href=\"http:\/\/www.mundi-roth.de\/teneriffa-blog\/wp-content\/uploads\/2011\/03\/P1000358a.jpg\" rel=\"lightbox[1282]\"><img loading=\"lazy\" decoding=\"async\" class=\"alignright size-thumbnail wp-image-1313\" title=\"P1000358a\" src=\"http:\/\/www.mundi-roth.de\/teneriffa-blog\/wp-content\/uploads\/2011\/03\/P1000358a-150x94.jpg\" alt=\"\" width=\"150\" height=\"94\" srcset=\"https:\/\/www.mundi-roth.de\/teneriffa-blog\/wp-content\/uploads\/2011\/03\/P1000358a-150x94.jpg 150w, https:\/\/www.mundi-roth.de\/teneriffa-blog\/wp-content\/uploads\/2011\/03\/P1000358a-300x189.jpg 300w, https:\/\/www.mundi-roth.de\/teneriffa-blog\/wp-content\/uploads\/2011\/03\/P1000358a.jpg 600w\" sizes=\"auto, (max-width: 150px) 100vw, 150px\" \/><\/a><\/p>\n<p>&nbsp;<\/p>\n<p>&nbsp;<\/p>\n<p>&nbsp;<\/p>\n<p>&nbsp;<\/p>\n<p>&nbsp;<\/p>\n<p><a href=\"http:\/\/www.mundi-roth.de\/teneriffa-blog\/wp-content\/uploads\/2011\/03\/P1000360.jpg\" rel=\"lightbox[1282]\"><img loading=\"lazy\" decoding=\"async\" class=\"alignleft size-thumbnail wp-image-1314\" title=\"P1000360\" src=\"http:\/\/www.mundi-roth.de\/teneriffa-blog\/wp-content\/uploads\/2011\/03\/P1000360-150x112.jpg\" alt=\"\" width=\"150\" height=\"112\" srcset=\"https:\/\/www.mundi-roth.de\/teneriffa-blog\/wp-content\/uploads\/2011\/03\/P1000360-150x112.jpg 150w, https:\/\/www.mundi-roth.de\/teneriffa-blog\/wp-content\/uploads\/2011\/03\/P1000360-300x225.jpg 300w, https:\/\/www.mundi-roth.de\/teneriffa-blog\/wp-content\/uploads\/2011\/03\/P1000360.jpg 600w\" sizes=\"auto, (max-width: 150px) 100vw, 150px\" \/><\/a><a href=\"http:\/\/www.mundi-roth.de\/teneriffa-blog\/wp-content\/uploads\/2011\/03\/P1000362.jpg\" rel=\"lightbox[1282]\"><img loading=\"lazy\" decoding=\"async\" class=\"alignright size-thumbnail wp-image-1315\" title=\"P1000362\" src=\"http:\/\/www.mundi-roth.de\/teneriffa-blog\/wp-content\/uploads\/2011\/03\/P1000362-150x112.jpg\" alt=\"\" width=\"150\" height=\"112\" srcset=\"https:\/\/www.mundi-roth.de\/teneriffa-blog\/wp-content\/uploads\/2011\/03\/P1000362-150x112.jpg 150w, https:\/\/www.mundi-roth.de\/teneriffa-blog\/wp-content\/uploads\/2011\/03\/P1000362-300x225.jpg 300w, https:\/\/www.mundi-roth.de\/teneriffa-blog\/wp-content\/uploads\/2011\/03\/P1000362.jpg 600w\" sizes=\"auto, (max-width: 150px) 100vw, 150px\" \/><\/a><\/p>\n<p>&nbsp;<\/p>\n<p>&nbsp;<\/p>\n<p>&nbsp;<\/p>\n<p>&nbsp;<\/p>\n<p>&nbsp;<\/p>\n<p>&nbsp;<\/p>\n<p>&nbsp;<\/p>\n<p>&nbsp;<\/p>\n<p><strong>Zuviel der Schw\u00e4rmerei? Dann wenden wir uns den Fakten zu:<\/strong><\/p>\n<p>&nbsp;<\/p>\n<p><strong>Wanderwegstrecke: 4 \u00bc Stunde<\/strong>, <strong>11,5 km<\/strong><br \/>\nDie Wanderung kann wahrscheinlich in k\u00fcrzerer Zeit gegangen werden. Wir haben uns jedoch einmal etwas verlaufen, da wir die Tour gehen wollten, wie wir sie vor vielen Jahren gegangen sind und dieser Weg endete jetzt im Nirgendwo. Also ein St\u00fcck zur\u00fcck und wie die Bergziegen, deren Gebimmel uns begleitet, steil hoch auf den ausgeschilderten Weg. Aber von vorne:<br \/>\nWir starten die Wanderung um 10.20 Uhr in El Palmar (530m) gleich bei dem <a href=\"http:\/\/www.mundi-roth.de\/teneriffa-blog\/wp-content\/uploads\/2011\/03\/Track04.jpg\" rel=\"lightbox[1282]\"><img loading=\"lazy\" decoding=\"async\" class=\"alignleft size-thumbnail wp-image-1284\" title=\"Track04\" src=\"http:\/\/www.mundi-roth.de\/teneriffa-blog\/wp-content\/uploads\/2011\/03\/Track04-150x93.jpg\" alt=\"\" width=\"150\" height=\"93\" srcset=\"https:\/\/www.mundi-roth.de\/teneriffa-blog\/wp-content\/uploads\/2011\/03\/Track04-150x93.jpg 150w, https:\/\/www.mundi-roth.de\/teneriffa-blog\/wp-content\/uploads\/2011\/03\/Track04-300x187.jpg 300w, https:\/\/www.mundi-roth.de\/teneriffa-blog\/wp-content\/uploads\/2011\/03\/Track04.jpg 511w\" sizes=\"auto, (max-width: 150px) 100vw, 150px\" \/><\/a>Hinweissschild \u201eTeno Alto \u2013 Los Pedregales\u201c. Unmittelbar daneben befindet sich der Einstieg, ausgeschildert mit \u201eCallej\u00f3n de Teno 4,6 km\u201c. Auf dem dort angebrachten Hinweisschild werden wir \u201eschlau gemacht\u201c, dass es sich um einen ehemaligen\u00a0 Transportweg von El Palmar zur Hochebene Teno Alto handelt. Anfangs sanft ansteigend durch landwirtschaftlich genutztes Gel\u00e4nde, vorbei an dem rechts abzweigenden Weg zur \u201eZona recreativa Los Pedregales\u201c, queren wir eine Asphaltpiste. <a href=\"http:\/\/www.mundi-roth.de\/teneriffa-blog\/wp-content\/uploads\/2011\/03\/P1000279.jpg\" rel=\"lightbox[1282]\"><img loading=\"lazy\" decoding=\"async\" class=\"alignleft size-thumbnail wp-image-1288\" title=\"P1000279\" src=\"http:\/\/www.mundi-roth.de\/teneriffa-blog\/wp-content\/uploads\/2011\/03\/P1000279-150x112.jpg\" alt=\"\" width=\"150\" height=\"112\" srcset=\"https:\/\/www.mundi-roth.de\/teneriffa-blog\/wp-content\/uploads\/2011\/03\/P1000279-150x112.jpg 150w, https:\/\/www.mundi-roth.de\/teneriffa-blog\/wp-content\/uploads\/2011\/03\/P1000279-300x225.jpg 300w, https:\/\/www.mundi-roth.de\/teneriffa-blog\/wp-content\/uploads\/2011\/03\/P1000279.jpg 600w\" sizes=\"auto, (max-width: 150px) 100vw, 150px\" \/><\/a>N\u00e4chster Hinweis \u201eTeno Alto 3,3 km \u2013 El Palmar 1,6 km\u201c.<br \/>\nRechts begleiten uns\u00a0 noch Palmen und Kiefern. Eriken kommen dazu und der gepflasterte Weg wird \u201efulminante\u201c, sprich: sehr steil, aber malerisch. ein Blick zur\u00fcck auf das \u00d6rtchen El Palmar mit dem markanten Berg, der wie eine angeschnitten Torte aussieht.<br \/>\nWir gelangen zu einem Sattel, haben links von uns die Sendemasten und vor uns\u00a0 sehen wir zum ersten Mal Teno Alto. Ein St\u00fcckchen bergab und der n\u00e4chste Wegweiser sagt uns, dass wir in etwa die H\u00e4lfte des Callej\u00f3n de Teno zur\u00fcckgelegt haben. \u201eEl Palmar 2,2 km \u2013 Teno Alto 2,7\u201c. Bis hierher haben wir 45 Minuten gebraucht. Die wei\u00df-gelbe Markierung zeigt uns an, wo es lang geht.<br \/>\nWir gehen nunmehr ein St\u00fcck parallel zur Fahrstra\u00dfe, begleitet von<a href=\"http:\/\/www.mundi-roth.de\/teneriffa-blog\/wp-content\/uploads\/2011\/03\/P1000287.jpg\" rel=\"lightbox[1282]\"><img loading=\"lazy\" decoding=\"async\" class=\"alignright size-thumbnail wp-image-1285\" title=\"P1000287\" src=\"http:\/\/www.mundi-roth.de\/teneriffa-blog\/wp-content\/uploads\/2011\/03\/P1000287-150x112.jpg\" alt=\"\" width=\"150\" height=\"112\" srcset=\"https:\/\/www.mundi-roth.de\/teneriffa-blog\/wp-content\/uploads\/2011\/03\/P1000287-150x112.jpg 150w, https:\/\/www.mundi-roth.de\/teneriffa-blog\/wp-content\/uploads\/2011\/03\/P1000287-300x225.jpg 300w, https:\/\/www.mundi-roth.de\/teneriffa-blog\/wp-content\/uploads\/2011\/03\/P1000287.jpg 600w\" sizes=\"auto, (max-width: 150px) 100vw, 150px\" \/><\/a> Wasserleitungen und unsere Strecke f\u00fchrt durch zauberhaften Lorbeerwald mit Blick zur Insel La Palma, zur Nordk\u00fcste und auf bizarre wei\u00dfe Vulkanfelsen und wir steigen in den Barranco El Charco ab. Durch die Regenf\u00e4lle der letzten Tage ist der zum Teil gepflasterte <a href=\"http:\/\/www.mundi-roth.de\/teneriffa-blog\/wp-content\/uploads\/2011\/03\/P1000290.jpg\" rel=\"lightbox[1282]\"><img loading=\"lazy\" decoding=\"async\" class=\"alignleft size-thumbnail wp-image-1290\" title=\"P1000290\" src=\"http:\/\/www.mundi-roth.de\/teneriffa-blog\/wp-content\/uploads\/2011\/03\/P1000290-150x112.jpg\" alt=\"\" width=\"150\" height=\"112\" srcset=\"https:\/\/www.mundi-roth.de\/teneriffa-blog\/wp-content\/uploads\/2011\/03\/P1000290-150x112.jpg 150w, https:\/\/www.mundi-roth.de\/teneriffa-blog\/wp-content\/uploads\/2011\/03\/P1000290-300x225.jpg 300w, https:\/\/www.mundi-roth.de\/teneriffa-blog\/wp-content\/uploads\/2011\/03\/P1000290.jpg 600w\" sizes=\"auto, (max-width: 150px) 100vw, 150px\" \/><\/a>Weg matschig, die Bayern w\u00fcrde hierzu \u201ebatzig\u201c sagen. Au\u00dferdem waten wir durch kleine Wasserlachen und linker Hand bietet sich uns so gar das Schauspiel eines richtigen,<a href=\"http:\/\/www.mundi-roth.de\/teneriffa-blog\/wp-content\/uploads\/2011\/03\/P1000292.jpg\" rel=\"lightbox[1282]\"><img loading=\"lazy\" decoding=\"async\" class=\"alignright size-thumbnail wp-image-1291\" title=\"P1000292\" src=\"http:\/\/www.mundi-roth.de\/teneriffa-blog\/wp-content\/uploads\/2011\/03\/P1000292-112x150.jpg\" alt=\"\" width=\"112\" height=\"150\" srcset=\"https:\/\/www.mundi-roth.de\/teneriffa-blog\/wp-content\/uploads\/2011\/03\/P1000292-112x150.jpg 112w, https:\/\/www.mundi-roth.de\/teneriffa-blog\/wp-content\/uploads\/2011\/03\/P1000292-225x300.jpg 225w, https:\/\/www.mundi-roth.de\/teneriffa-blog\/wp-content\/uploads\/2011\/03\/P1000292.jpg 450w\" sizes=\"auto, (max-width: 112px) 100vw, 112px\" \/><\/a> kleinen Wasserfalls. Dass der Weg unter und vorbei an bl\u00fchenden Erikab\u00fcschen und \u2013b\u00e4umen geht und von Blumen und Bl\u00fcten ges\u00e4umt ist, habe ich anfangs ja <a href=\"http:\/\/www.mundi-roth.de\/teneriffa-blog\/wp-content\/uploads\/2011\/03\/P1000291.jpg\" rel=\"lightbox[1282]\"><img loading=\"lazy\" decoding=\"async\" class=\"alignleft size-thumbnail wp-image-1292\" title=\"P1000291\" src=\"http:\/\/www.mundi-roth.de\/teneriffa-blog\/wp-content\/uploads\/2011\/03\/P1000291-112x150.jpg\" alt=\"\" width=\"112\" height=\"150\" srcset=\"https:\/\/www.mundi-roth.de\/teneriffa-blog\/wp-content\/uploads\/2011\/03\/P1000291-112x150.jpg 112w, https:\/\/www.mundi-roth.de\/teneriffa-blog\/wp-content\/uploads\/2011\/03\/P1000291-225x300.jpg 225w, https:\/\/www.mundi-roth.de\/teneriffa-blog\/wp-content\/uploads\/2011\/03\/P1000291.jpg 450w\" sizes=\"auto, (max-width: 112px) 100vw, 112px\" \/><\/a>schon begeistert berichtet. Und auch hier, wie bei der Tour von Erjos \u2013 Masca,\u00a0 Glockenblumen \u00fcber Glockenblumen.<br \/>\nDer Weg f\u00fchrt auf und ab und nach 1 \u00bd Stunden Gehzeit kommen wir in eine Senke und sehen rechts einige H\u00e4user.<br \/>\nAuf dem befestigen Weg halten wir uns links. Ob man nun hier der Markierung rechts folgt \u2013 oder ob man gleich auf dem Weg\u00a0 bleibt, spielt keine Rolle, da der kleine Schlenker \u2013 \u00fcber ein Br\u00fcckchen \u2013 kurz darauf auf den\u00a0 befestigen Weg m\u00fcndet. Dem folgen wir etwas bergan, um dann rechts auf einem weiteren gepflasterten Pfad bis zur Fahrstra\u00dfe nach Teno Alto aufzusteigen. Die weiterf\u00fchrende Fahrstra\u00dfe ist linker Hand mit den gekreuzten Balken gekennzeichnet: Also hier nicht weiter. Oben angekommen queren wir die Fahrstra\u00dfe<a href=\"http:\/\/www.mundi-roth.de\/teneriffa-blog\/wp-content\/uploads\/2011\/03\/P1000300.jpg\" rel=\"lightbox[1282]\"><img loading=\"lazy\" decoding=\"async\" class=\"alignright size-thumbnail wp-image-1293\" title=\"P1000300\" src=\"http:\/\/www.mundi-roth.de\/teneriffa-blog\/wp-content\/uploads\/2011\/03\/P1000300-150x112.jpg\" alt=\"\" width=\"150\" height=\"112\" srcset=\"https:\/\/www.mundi-roth.de\/teneriffa-blog\/wp-content\/uploads\/2011\/03\/P1000300-150x112.jpg 150w, https:\/\/www.mundi-roth.de\/teneriffa-blog\/wp-content\/uploads\/2011\/03\/P1000300-300x225.jpg 300w, https:\/\/www.mundi-roth.de\/teneriffa-blog\/wp-content\/uploads\/2011\/03\/P1000300.jpg 600w\" sizes=\"auto, (max-width: 150px) 100vw, 150px\" \/><\/a> und gehen an dem Opferplatz San Jeronimo vorbei auf einem offensichtlichen Pilgerpfad ein kurzes St\u00fcck bergab, gelangen auf die <a href=\"http:\/\/www.mundi-roth.de\/teneriffa-blog\/wp-content\/uploads\/2011\/03\/P1000305.jpg\" rel=\"lightbox[1282]\"><img loading=\"lazy\" decoding=\"async\" class=\"alignleft size-thumbnail wp-image-1294\" title=\"P1000305\" src=\"http:\/\/www.mundi-roth.de\/teneriffa-blog\/wp-content\/uploads\/2011\/03\/P1000305-150x112.jpg\" alt=\"\" width=\"150\" height=\"112\" srcset=\"https:\/\/www.mundi-roth.de\/teneriffa-blog\/wp-content\/uploads\/2011\/03\/P1000305-150x112.jpg 150w, https:\/\/www.mundi-roth.de\/teneriffa-blog\/wp-content\/uploads\/2011\/03\/P1000305-300x225.jpg 300w, https:\/\/www.mundi-roth.de\/teneriffa-blog\/wp-content\/uploads\/2011\/03\/P1000305.jpg 600w\" sizes=\"auto, (max-width: 150px) 100vw, 150px\" \/><\/a>Fahrstra\u00dfe, die uns direkt zum Kirchplatz von Teno Alto (770m) f\u00fchrt. Zwei Bars bieten die M\u00f6glichkeit einzukehren.<br \/>\nEs ist Punkt 12 Uhr, also haben wir bis hierher 1 Stunde 40 Minuten gebraucht.<br \/>\nUns ist es jedoch nicht danach, hier eine Pause zu machen. Es hat immerhin nur 9 Grad.<br \/>\nHier in diesem Naturpark\u00a0 gehen noch diverse Touren ab, so z.B. zum <a title=\"Risco-Steig\" href=\"http:\/\/www.mundi-roth.de\/teneriffa-blog\/wanderungen\/risco-steig-von-buenavista-nach-teno-alto\/\">Risco-Steig<\/a> oder nach Punta de Teno.<br \/>\nWir jedoch biegen\u00a0 bei der Bar Teno Alto links ab, wandern auf der <a href=\"http:\/\/www.mundi-roth.de\/teneriffa-blog\/wp-content\/uploads\/2011\/03\/P1000306a.jpg\" rel=\"lightbox[1282]\"><img loading=\"lazy\" decoding=\"async\" class=\"alignright size-thumbnail wp-image-1295\" title=\"P1000306a\" src=\"http:\/\/www.mundi-roth.de\/teneriffa-blog\/wp-content\/uploads\/2011\/03\/P1000306a-150x104.jpg\" alt=\"\" width=\"150\" height=\"104\" srcset=\"https:\/\/www.mundi-roth.de\/teneriffa-blog\/wp-content\/uploads\/2011\/03\/P1000306a-150x104.jpg 150w, https:\/\/www.mundi-roth.de\/teneriffa-blog\/wp-content\/uploads\/2011\/03\/P1000306a-300x209.jpg 300w, https:\/\/www.mundi-roth.de\/teneriffa-blog\/wp-content\/uploads\/2011\/03\/P1000306a.jpg 600w\" sizes=\"auto, (max-width: 150px) 100vw, 150px\" \/><\/a>Asphaltstra\u00dfe hoch, vorbei an einigen wirklich urigen Ziegenst\u00e4llen und Z\u00e4unen, die mit Luftnelken best\u00fcckt sind, kommen an den Casas de la Mesita\u00a0 vorbei, sehen vor uns ein <a href=\"http:\/\/www.mundi-roth.de\/teneriffa-blog\/wp-content\/uploads\/2011\/03\/P1000315.jpg\" rel=\"lightbox[1282]\"><img loading=\"lazy\" decoding=\"async\" class=\"alignleft size-thumbnail wp-image-1296\" title=\"P1000315\" src=\"http:\/\/www.mundi-roth.de\/teneriffa-blog\/wp-content\/uploads\/2011\/03\/P1000315-150x108.jpg\" alt=\"\" width=\"150\" height=\"108\" srcset=\"https:\/\/www.mundi-roth.de\/teneriffa-blog\/wp-content\/uploads\/2011\/03\/P1000315-150x108.jpg 150w, https:\/\/www.mundi-roth.de\/teneriffa-blog\/wp-content\/uploads\/2011\/03\/P1000315-300x217.jpg 300w, https:\/\/www.mundi-roth.de\/teneriffa-blog\/wp-content\/uploads\/2011\/03\/P1000315.jpg 585w\" sizes=\"auto, (max-width: 150px) 100vw, 150px\" \/><\/a>neues Wasserreservoir und der Blick geht hier auf die Westk\u00fcste und dahinter auf die Insel La Gomera und heute so gar auf El Hierro.<br \/>\nAchtung:<br \/>\nHier unbedingt den Wegweisern \u201e17,2 km San <a href=\"http:\/\/www.mundi-roth.de\/teneriffa-blog\/wp-content\/uploads\/2011\/03\/P1000311a.jpg\" rel=\"lightbox[1282]\"><img loading=\"lazy\" decoding=\"async\" class=\"alignright size-thumbnail wp-image-1297\" title=\"P1000311a\" src=\"http:\/\/www.mundi-roth.de\/teneriffa-blog\/wp-content\/uploads\/2011\/03\/P1000311a-130x150.jpg\" alt=\"\" width=\"130\" height=\"150\" srcset=\"https:\/\/www.mundi-roth.de\/teneriffa-blog\/wp-content\/uploads\/2011\/03\/P1000311a-130x150.jpg 130w, https:\/\/www.mundi-roth.de\/teneriffa-blog\/wp-content\/uploads\/2011\/03\/P1000311a-261x300.jpg 261w, https:\/\/www.mundi-roth.de\/teneriffa-blog\/wp-content\/uploads\/2011\/03\/P1000311a.jpg 523w\" sizes=\"auto, (max-width: 130px) 100vw, 130px\" \/><\/a>Jos\u00e9 de los Llanos\u201c\u00a0 3 km Cumbre de Barac\u00e1n\u201c und kurz darauf \u201e17 km San Jos\u00e9 de los Llanos\u201c 2,8 km\u201c folgen\u201c, die wir nach ca. 20 Minuten erreichen.<br \/>\nAn dieser Stelle gingen wir auf der vor Jahren gegangen Tour geradeaus weiter, was sich nunmehr als Irrl\u00e4ufer herausstellte. F\u00fcr uns war <a href=\"http:\/\/www.mundi-roth.de\/teneriffa-blog\/wp-content\/uploads\/2011\/03\/P1000313ax1.jpg\" rel=\"lightbox[1282]\"><img loading=\"lazy\" decoding=\"async\" class=\"alignleft size-thumbnail wp-image-1299\" title=\"P1000313ax\" src=\"http:\/\/www.mundi-roth.de\/teneriffa-blog\/wp-content\/uploads\/2011\/03\/P1000313ax1-150x101.jpg\" alt=\"\" width=\"150\" height=\"101\" srcset=\"https:\/\/www.mundi-roth.de\/teneriffa-blog\/wp-content\/uploads\/2011\/03\/P1000313ax1-150x101.jpg 150w, https:\/\/www.mundi-roth.de\/teneriffa-blog\/wp-content\/uploads\/2011\/03\/P1000313ax1-300x203.jpg 300w, https:\/\/www.mundi-roth.de\/teneriffa-blog\/wp-content\/uploads\/2011\/03\/P1000313ax1.jpg 600w\" sizes=\"auto, (max-width: 150px) 100vw, 150px\" \/><\/a>es nicht so tragisch, dadurch sahen wir noch zwei Herden der hier traditionellen Ziegen und eine phantastische Felswand, wie eine moderne Skulptur.<a href=\"http:\/\/www.mundi-roth.de\/teneriffa-blog\/wp-content\/uploads\/2011\/03\/P1000322.jpg\" rel=\"lightbox[1282]\"><img loading=\"lazy\" decoding=\"async\" class=\"alignright size-thumbnail wp-image-1300\" title=\"P1000322\" src=\"http:\/\/www.mundi-roth.de\/teneriffa-blog\/wp-content\/uploads\/2011\/03\/P1000322-150x112.jpg\" alt=\"\" width=\"150\" height=\"112\" srcset=\"https:\/\/www.mundi-roth.de\/teneriffa-blog\/wp-content\/uploads\/2011\/03\/P1000322-150x112.jpg 150w, https:\/\/www.mundi-roth.de\/teneriffa-blog\/wp-content\/uploads\/2011\/03\/P1000322-300x225.jpg 300w, https:\/\/www.mundi-roth.de\/teneriffa-blog\/wp-content\/uploads\/2011\/03\/P1000322.jpg 600w\" sizes=\"auto, (max-width: 150px) 100vw, 150px\" \/><\/a><br \/>\nJedoch, wir mussten ein St\u00fcck zur\u00fcckgehen, um dann steil hochzusteigen, da wir oberhalb von uns Wanderer sahen.<br \/>\nWir gelangten auf den sch\u00f6nen Pfad auf dem Kammr\u00fccken durch Neuanpflanzung von <a href=\"http:\/\/www.mundi-roth.de\/teneriffa-blog\/wp-content\/uploads\/2011\/03\/P1000328.jpg\" rel=\"lightbox[1282]\"><img loading=\"lazy\" decoding=\"async\" class=\"alignleft size-thumbnail wp-image-1301\" title=\"P1000328\" src=\"http:\/\/www.mundi-roth.de\/teneriffa-blog\/wp-content\/uploads\/2011\/03\/P1000328-150x112.jpg\" alt=\"\" width=\"150\" height=\"112\" srcset=\"https:\/\/www.mundi-roth.de\/teneriffa-blog\/wp-content\/uploads\/2011\/03\/P1000328-150x112.jpg 150w, https:\/\/www.mundi-roth.de\/teneriffa-blog\/wp-content\/uploads\/2011\/03\/P1000328-300x225.jpg 300w, https:\/\/www.mundi-roth.de\/teneriffa-blog\/wp-content\/uploads\/2011\/03\/P1000328.jpg 600w\" sizes=\"auto, (max-width: 150px) 100vw, 150px\" \/><\/a>Lorbeerb\u00e4umen und Absicherungen des Hangs vor Erdrutschen mit Erikazweigbarrikaden. Der Baumheidewald und biszarre wei\u00dfe Felsen begleiteten uns\u00a0 und wir blicken auf eine ganz spezielle Landschaft. Teilweise terrassiert f\u00fcr die <a href=\"http:\/\/www.mundi-roth.de\/teneriffa-blog\/wp-content\/uploads\/2011\/03\/P1000320.jpg\" rel=\"lightbox[1282]\"><img loading=\"lazy\" decoding=\"async\" class=\"alignright size-thumbnail wp-image-1302\" title=\"P1000320\" src=\"http:\/\/www.mundi-roth.de\/teneriffa-blog\/wp-content\/uploads\/2011\/03\/P1000320-150x112.jpg\" alt=\"\" width=\"150\" height=\"112\" srcset=\"https:\/\/www.mundi-roth.de\/teneriffa-blog\/wp-content\/uploads\/2011\/03\/P1000320-150x112.jpg 150w, https:\/\/www.mundi-roth.de\/teneriffa-blog\/wp-content\/uploads\/2011\/03\/P1000320-300x225.jpg 300w, https:\/\/www.mundi-roth.de\/teneriffa-blog\/wp-content\/uploads\/2011\/03\/P1000320.jpg 600w\" sizes=\"auto, (max-width: 150px) 100vw, 150px\" \/><\/a>Landwirtschaft, teils karg und zerkl\u00fcftet. Wir f\u00fchlten uns an die Insel El Hierro erinnert.<br \/>\nHier legen wir unsere obligatorische Apfelpause ein, die jedoch nur wenige Minuten dauert, da es sooooo kalt ist.<br \/>\nZum Aufw\u00e4rmen weiter:<br \/>\nDer Pfad ist gut auszumachen, jedoch streckenweise sehr schmal und schroff.<br \/>\nTrittsicherheit und Schwindelfreiheit sind f\u00fcr dieses Teilst\u00fcck von Vorteil.<br \/>\nVor uns haben wir den Gipfel des 1000 Meter hohen Barac\u00e1n und <a href=\"http:\/\/www.mundi-roth.de\/teneriffa-blog\/wp-content\/uploads\/2011\/03\/P1000336x.jpg\" rel=\"lightbox[1282]\"><img loading=\"lazy\" decoding=\"async\" class=\"alignright size-thumbnail wp-image-1303\" title=\"P1000336x\" src=\"http:\/\/www.mundi-roth.de\/teneriffa-blog\/wp-content\/uploads\/2011\/03\/P1000336x-150x112.jpg\" alt=\"\" width=\"150\" height=\"112\" srcset=\"https:\/\/www.mundi-roth.de\/teneriffa-blog\/wp-content\/uploads\/2011\/03\/P1000336x-150x112.jpg 150w, https:\/\/www.mundi-roth.de\/teneriffa-blog\/wp-content\/uploads\/2011\/03\/P1000336x-300x225.jpg 300w, https:\/\/www.mundi-roth.de\/teneriffa-blog\/wp-content\/uploads\/2011\/03\/P1000336x.jpg 600w\" sizes=\"auto, (max-width: 150px) 100vw, 150px\" \/><\/a>rechts blicken wir auf die H\u00e4user von Las Carrizales.<br \/>\n<a href=\"http:\/\/www.mundi-roth.de\/teneriffa-blog\/wp-content\/uploads\/2011\/03\/P1000345.jpg\" rel=\"lightbox[1282]\"><img loading=\"lazy\" decoding=\"async\" class=\"alignleft size-thumbnail wp-image-1304\" title=\"P1000345\" src=\"http:\/\/www.mundi-roth.de\/teneriffa-blog\/wp-content\/uploads\/2011\/03\/P1000345-112x150.jpg\" alt=\"\" width=\"112\" height=\"150\" srcset=\"https:\/\/www.mundi-roth.de\/teneriffa-blog\/wp-content\/uploads\/2011\/03\/P1000345-112x150.jpg 112w, https:\/\/www.mundi-roth.de\/teneriffa-blog\/wp-content\/uploads\/2011\/03\/P1000345-225x300.jpg 225w, https:\/\/www.mundi-roth.de\/teneriffa-blog\/wp-content\/uploads\/2011\/03\/P1000345.jpg 450w\" sizes=\"auto, (max-width: 112px) 100vw, 112px\" \/><\/a>Der Weg wechselt von der rechten auf die linke Seite und wir wandern nun am Hang des Barac\u00e1n entlang, um zum Tabaibapass abzusteigen.<br \/>\nBis hierher haben wir von Teno Alto\u00a0 \u2013 durch unseren Irrweg \u2013 1 Stunde 50 Minunten gebraucht.<br \/>\nAm Tabaibapass (810m) versuchen wir die verwitterte Hinweistafel \u201eMirador de Barac\u00e1n\u201c zu entziffern und steigen<a href=\"http:\/\/www.mundi-roth.de\/teneriffa-blog\/wp-content\/uploads\/2011\/03\/P1000350.jpg\" rel=\"lightbox[1282]\"><img loading=\"lazy\" decoding=\"async\" class=\"alignright size-thumbnail wp-image-1305\" title=\"P1000350\" src=\"http:\/\/www.mundi-roth.de\/teneriffa-blog\/wp-content\/uploads\/2011\/03\/P1000350-150x112.jpg\" alt=\"\" width=\"150\" height=\"112\" srcset=\"https:\/\/www.mundi-roth.de\/teneriffa-blog\/wp-content\/uploads\/2011\/03\/P1000350-150x112.jpg 150w, https:\/\/www.mundi-roth.de\/teneriffa-blog\/wp-content\/uploads\/2011\/03\/P1000350-300x225.jpg 300w, https:\/\/www.mundi-roth.de\/teneriffa-blog\/wp-content\/uploads\/2011\/03\/P1000350.jpg 600w\" sizes=\"auto, (max-width: 150px) 100vw, 150px\" \/><\/a> links,\u00a0 kurz vor dem Parkplatz in das El Palmar-Becken ab. \u00dcber uns r\u00fcttelt ein Falke in der Luft und wir waten regelrecht durch Blumen. <a href=\"http:\/\/www.mundi-roth.de\/teneriffa-blog\/wp-content\/uploads\/2011\/03\/P1000355x.jpg\" rel=\"lightbox[1282]\"><img loading=\"lazy\" decoding=\"async\" class=\"alignleft size-thumbnail wp-image-1306\" title=\"P1000355x\" src=\"http:\/\/www.mundi-roth.de\/teneriffa-blog\/wp-content\/uploads\/2011\/03\/P1000355x-150x112.jpg\" alt=\"\" width=\"150\" height=\"112\" srcset=\"https:\/\/www.mundi-roth.de\/teneriffa-blog\/wp-content\/uploads\/2011\/03\/P1000355x-150x112.jpg 150w, https:\/\/www.mundi-roth.de\/teneriffa-blog\/wp-content\/uploads\/2011\/03\/P1000355x-300x225.jpg 300w, https:\/\/www.mundi-roth.de\/teneriffa-blog\/wp-content\/uploads\/2011\/03\/P1000355x.jpg 600w\" sizes=\"auto, (max-width: 150px) 100vw, 150px\" \/><\/a>Die H\u00e4nge komplett lila \u00fcberzogen von den Cinerarien, ganze Fl\u00e4chen gelb der G\u00e4nsedisteln. Wundersch\u00f6n und auf einem schmalen Pfad gut zu gehen.<br \/>\nNach 10 Minuten gelangen wir an ein mit Steinen verkleidetes fensterloses Geb\u00e4ude und gehen nun \u00fcber eine breitere <a href=\"http:\/\/www.mundi-roth.de\/teneriffa-blog\/wp-content\/uploads\/2011\/03\/P1000356.jpg\" rel=\"lightbox[1282]\"><img loading=\"lazy\" decoding=\"async\" class=\"alignleft size-thumbnail wp-image-1307\" title=\"P1000356\" src=\"http:\/\/www.mundi-roth.de\/teneriffa-blog\/wp-content\/uploads\/2011\/03\/P1000356-150x112.jpg\" alt=\"\" width=\"150\" height=\"112\" srcset=\"https:\/\/www.mundi-roth.de\/teneriffa-blog\/wp-content\/uploads\/2011\/03\/P1000356-150x112.jpg 150w, https:\/\/www.mundi-roth.de\/teneriffa-blog\/wp-content\/uploads\/2011\/03\/P1000356-300x225.jpg 300w, https:\/\/www.mundi-roth.de\/teneriffa-blog\/wp-content\/uploads\/2011\/03\/P1000356.jpg 600w\" sizes=\"auto, (max-width: 150px) 100vw, 150px\" \/><\/a>Fahrstra\u00dfe bis wir auf die TF436 gelangen. Der folgen wir nun bis zum Ort El Palmar.<\/p>\n<p><strong>Fazit: <\/strong>Eine so sch\u00f6ne, blumenreiche Wanderung mit so phantastischen Ausblicken sucht ihresgleichen.<br \/>\nN\u00e4chstes Jahr im M\u00e4rz kommen wir wieder! Ich denke, das sagt alles!<\/p>\n<p><strong>Besonderheit:<\/strong><br \/>\n<a href=\"http:\/\/www.mundi-roth.de\/teneriffa-blog\/wp-content\/uploads\/2011\/03\/P1000273ax.jpg\" rel=\"lightbox[1282]\"><img loading=\"lazy\" decoding=\"async\" class=\"aligncenter size-medium wp-image-1283\" title=\"P1000273ax\" src=\"http:\/\/www.mundi-roth.de\/teneriffa-blog\/wp-content\/uploads\/2011\/03\/P1000273ax-300x162.jpg\" alt=\"\" width=\"300\" height=\"162\" srcset=\"https:\/\/www.mundi-roth.de\/teneriffa-blog\/wp-content\/uploads\/2011\/03\/P1000273ax-300x162.jpg 300w, https:\/\/www.mundi-roth.de\/teneriffa-blog\/wp-content\/uploads\/2011\/03\/P1000273ax-150x81.jpg 150w, https:\/\/www.mundi-roth.de\/teneriffa-blog\/wp-content\/uploads\/2011\/03\/P1000273ax.jpg 600w\" sizes=\"auto, (max-width: 300px) 100vw, 300px\" \/><\/a><\/p>\n<p><strong>Anfahrt:<\/strong><\/p>\n<p>Da es sich um eine Rundwanderung handelt, kann man mit dem eigenen Wagen nach El Palmar fahren oder aber man nutzt die Busverbindungen der TITSA<\/p>\n<p>von Los Silos Linie 355 bzw. 366<\/p>\n<p>von Los Cristianos bis Santiage del Teide Linie 460 und dort umsteigen in Linie 355<\/p>\n<p>&nbsp;<\/p>\n<p>&nbsp;<\/p>\n<p>&nbsp;<\/p>\n<p>&nbsp;<\/p>\n","protected":false},"excerpt":{"rendered":"<p>Wer Blumen und Farben liebt, der sollte diese Tour unbedingt JETZT, im M\u00e4rz, gehen. Gelb, wei\u00df, lila und auch pink, eine Bl\u00fctenpracht ohne gleichen. Die H\u00e4nge von dem Lila der Cinerarien \u00fcberzogen, dazwischen Krokusse und fl\u00e4chenweise das Gelb der G\u00e4nsedistel, das Wei\u00df der bl\u00fchenden Erikab\u00e4ume und auch Ginsterb\u00fcsche und\u00a0 das Pink der Platterbse und der [&hellip;]<\/p>\n","protected":false},"author":3,"featured_media":0,"comment_status":"open","ping_status":"open","sticky":false,"template":"","format":"standard","meta":{"footnotes":""},"categories":[778,6],"tags":[462,460,179,461,439,181,446],"class_list":["post-1282","post","type-post","status-publish","format-standard","hentry","category-teno-gebirge","category-wanderungen","tag-barranco-el-charco","tag-el-palmar","tag-risco-steig","tag-tabaiba-pass","tag-teneriffa-wandern","tag-teno-alto","tag-wandern-teneriffa"],"yoast_head":"<!-- This site is optimized with the Yoast SEO plugin v27.5 - https:\/\/yoast.com\/product\/yoast-seo-wordpress\/ -->\n<title>El Palmar \u2013 Teno Alto \u2013 El Palmar - Teneriffa Wandern<\/title>\n<meta name=\"robots\" content=\"index, follow, max-snippet:-1, max-image-preview:large, max-video-preview:-1\" \/>\n<link rel=\"canonical\" href=\"https:\/\/www.mundi-roth.de\/teneriffa-blog\/wanderungen\/el-palmar-\u2013-teno-alto-\u2013-el-palmar\/\" \/>\n<meta name=\"twitter:label1\" content=\"Verfasst von\" \/>\n\t<meta name=\"twitter:data1\" content=\"ir\" \/>\n\t<meta name=\"twitter:label2\" content=\"Gesch\u00e4tzte Lesezeit\" \/>\n\t<meta name=\"twitter:data2\" content=\"6\u00a0Minuten\" \/>\n<script type=\"application\/ld+json\" class=\"yoast-schema-graph\">{\"@context\":\"https:\\\/\\\/schema.org\",\"@graph\":[{\"@type\":\"Article\",\"@id\":\"https:\\\/\\\/www.mundi-roth.de\\\/teneriffa-blog\\\/wanderungen\\\/el-palmar-%e2%80%93-teno-alto-%e2%80%93-el-palmar\\\/#article\",\"isPartOf\":{\"@id\":\"https:\\\/\\\/www.mundi-roth.de\\\/teneriffa-blog\\\/wanderungen\\\/el-palmar-%e2%80%93-teno-alto-%e2%80%93-el-palmar\\\/\"},\"author\":{\"name\":\"ir\",\"@id\":\"https:\\\/\\\/www.mundi-roth.de\\\/teneriffa-blog\\\/#\\\/schema\\\/person\\\/3afd0d251449790d15367c9aa52d203d\"},\"headline\":\"El Palmar \u2013 Teno Alto \u2013 El Palmar\",\"datePublished\":\"2011-03-17T21:00:41+00:00\",\"dateModified\":\"2015-04-12T09:25:07+00:00\",\"mainEntityOfPage\":{\"@id\":\"https:\\\/\\\/www.mundi-roth.de\\\/teneriffa-blog\\\/wanderungen\\\/el-palmar-%e2%80%93-teno-alto-%e2%80%93-el-palmar\\\/\"},\"wordCount\":1276,\"commentCount\":0,\"image\":{\"@id\":\"https:\\\/\\\/www.mundi-roth.de\\\/teneriffa-blog\\\/wanderungen\\\/el-palmar-%e2%80%93-teno-alto-%e2%80%93-el-palmar\\\/#primaryimage\"},\"thumbnailUrl\":\"http:\\\/\\\/www.mundi-roth.de\\\/teneriffa-blog\\\/wp-content\\\/uploads\\\/2011\\\/03\\\/P1000310x-150x112.jpg\",\"keywords\":[\"Barranco El Charco\",\"El Palmar\",\"Risco Steig\",\"Tabaiba Pass\",\"Teneriffa Wandern\",\"Teno Alto\",\"Wandern Teneriffa\"],\"articleSection\":[\"Teno-Gebirge\",\"Wanderungen\"],\"inLanguage\":\"de\",\"potentialAction\":[{\"@type\":\"CommentAction\",\"name\":\"Comment\",\"target\":[\"https:\\\/\\\/www.mundi-roth.de\\\/teneriffa-blog\\\/wanderungen\\\/el-palmar-%e2%80%93-teno-alto-%e2%80%93-el-palmar\\\/#respond\"]}]},{\"@type\":\"WebPage\",\"@id\":\"https:\\\/\\\/www.mundi-roth.de\\\/teneriffa-blog\\\/wanderungen\\\/el-palmar-%e2%80%93-teno-alto-%e2%80%93-el-palmar\\\/\",\"url\":\"https:\\\/\\\/www.mundi-roth.de\\\/teneriffa-blog\\\/wanderungen\\\/el-palmar-%e2%80%93-teno-alto-%e2%80%93-el-palmar\\\/\",\"name\":\"El Palmar \u2013 Teno Alto \u2013 El Palmar - Teneriffa Wandern\",\"isPartOf\":{\"@id\":\"https:\\\/\\\/www.mundi-roth.de\\\/teneriffa-blog\\\/#website\"},\"primaryImageOfPage\":{\"@id\":\"https:\\\/\\\/www.mundi-roth.de\\\/teneriffa-blog\\\/wanderungen\\\/el-palmar-%e2%80%93-teno-alto-%e2%80%93-el-palmar\\\/#primaryimage\"},\"image\":{\"@id\":\"https:\\\/\\\/www.mundi-roth.de\\\/teneriffa-blog\\\/wanderungen\\\/el-palmar-%e2%80%93-teno-alto-%e2%80%93-el-palmar\\\/#primaryimage\"},\"thumbnailUrl\":\"http:\\\/\\\/www.mundi-roth.de\\\/teneriffa-blog\\\/wp-content\\\/uploads\\\/2011\\\/03\\\/P1000310x-150x112.jpg\",\"datePublished\":\"2011-03-17T21:00:41+00:00\",\"dateModified\":\"2015-04-12T09:25:07+00:00\",\"author\":{\"@id\":\"https:\\\/\\\/www.mundi-roth.de\\\/teneriffa-blog\\\/#\\\/schema\\\/person\\\/3afd0d251449790d15367c9aa52d203d\"},\"breadcrumb\":{\"@id\":\"https:\\\/\\\/www.mundi-roth.de\\\/teneriffa-blog\\\/wanderungen\\\/el-palmar-%e2%80%93-teno-alto-%e2%80%93-el-palmar\\\/#breadcrumb\"},\"inLanguage\":\"de\",\"potentialAction\":[{\"@type\":\"ReadAction\",\"target\":[\"https:\\\/\\\/www.mundi-roth.de\\\/teneriffa-blog\\\/wanderungen\\\/el-palmar-%e2%80%93-teno-alto-%e2%80%93-el-palmar\\\/\"]}]},{\"@type\":\"ImageObject\",\"inLanguage\":\"de\",\"@id\":\"https:\\\/\\\/www.mundi-roth.de\\\/teneriffa-blog\\\/wanderungen\\\/el-palmar-%e2%80%93-teno-alto-%e2%80%93-el-palmar\\\/#primaryimage\",\"url\":\"https:\\\/\\\/www.mundi-roth.de\\\/teneriffa-blog\\\/wp-content\\\/uploads\\\/2011\\\/03\\\/P1000310x.jpg\",\"contentUrl\":\"https:\\\/\\\/www.mundi-roth.de\\\/teneriffa-blog\\\/wp-content\\\/uploads\\\/2011\\\/03\\\/P1000310x.jpg\",\"width\":\"600\",\"height\":\"450\"},{\"@type\":\"BreadcrumbList\",\"@id\":\"https:\\\/\\\/www.mundi-roth.de\\\/teneriffa-blog\\\/wanderungen\\\/el-palmar-%e2%80%93-teno-alto-%e2%80%93-el-palmar\\\/#breadcrumb\",\"itemListElement\":[{\"@type\":\"ListItem\",\"position\":1,\"name\":\"Startseite\",\"item\":\"https:\\\/\\\/www.mundi-roth.de\\\/teneriffa-blog\\\/\"},{\"@type\":\"ListItem\",\"position\":2,\"name\":\"El Palmar \u2013 Teno Alto \u2013 El Palmar\"}]},{\"@type\":\"WebSite\",\"@id\":\"https:\\\/\\\/www.mundi-roth.de\\\/teneriffa-blog\\\/#website\",\"url\":\"https:\\\/\\\/www.mundi-roth.de\\\/teneriffa-blog\\\/\",\"name\":\"Teneriffa Wandern\",\"description\":\"Nicht nur Wanderungen auf Teneriffa...\",\"potentialAction\":[{\"@type\":\"SearchAction\",\"target\":{\"@type\":\"EntryPoint\",\"urlTemplate\":\"https:\\\/\\\/www.mundi-roth.de\\\/teneriffa-blog\\\/?s={search_term_string}\"},\"query-input\":{\"@type\":\"PropertyValueSpecification\",\"valueRequired\":true,\"valueName\":\"search_term_string\"}}],\"inLanguage\":\"de\"},{\"@type\":\"Person\",\"@id\":\"https:\\\/\\\/www.mundi-roth.de\\\/teneriffa-blog\\\/#\\\/schema\\\/person\\\/3afd0d251449790d15367c9aa52d203d\",\"name\":\"ir\",\"image\":{\"@type\":\"ImageObject\",\"inLanguage\":\"de\",\"@id\":\"https:\\\/\\\/secure.gravatar.com\\\/avatar\\\/e67b41513c921c2bb58363f44c8a00a447c9a2526ad8ff71b5b6257e5f7f5c66?s=96&d=mm&r=g\",\"url\":\"https:\\\/\\\/secure.gravatar.com\\\/avatar\\\/e67b41513c921c2bb58363f44c8a00a447c9a2526ad8ff71b5b6257e5f7f5c66?s=96&d=mm&r=g\",\"contentUrl\":\"https:\\\/\\\/secure.gravatar.com\\\/avatar\\\/e67b41513c921c2bb58363f44c8a00a447c9a2526ad8ff71b5b6257e5f7f5c66?s=96&d=mm&r=g\",\"caption\":\"ir\"},\"sameAs\":[\"http:\\\/\\\/www.mundi-roth.de\"],\"url\":\"https:\\\/\\\/www.mundi-roth.de\\\/teneriffa-blog\\\/author\\\/ir\\\/\"}]}<\/script>\n<!-- \/ Yoast SEO plugin. -->","yoast_head_json":{"title":"El Palmar \u2013 Teno Alto \u2013 El Palmar - Teneriffa Wandern","robots":{"index":"index","follow":"follow","max-snippet":"max-snippet:-1","max-image-preview":"max-image-preview:large","max-video-preview":"max-video-preview:-1"},"canonical":"https:\/\/www.mundi-roth.de\/teneriffa-blog\/wanderungen\/el-palmar-\u2013-teno-alto-\u2013-el-palmar\/","twitter_misc":{"Verfasst von":"ir","Gesch\u00e4tzte Lesezeit":"6\u00a0Minuten"},"schema":{"@context":"https:\/\/schema.org","@graph":[{"@type":"Article","@id":"https:\/\/www.mundi-roth.de\/teneriffa-blog\/wanderungen\/el-palmar-%e2%80%93-teno-alto-%e2%80%93-el-palmar\/#article","isPartOf":{"@id":"https:\/\/www.mundi-roth.de\/teneriffa-blog\/wanderungen\/el-palmar-%e2%80%93-teno-alto-%e2%80%93-el-palmar\/"},"author":{"name":"ir","@id":"https:\/\/www.mundi-roth.de\/teneriffa-blog\/#\/schema\/person\/3afd0d251449790d15367c9aa52d203d"},"headline":"El Palmar \u2013 Teno Alto \u2013 El Palmar","datePublished":"2011-03-17T21:00:41+00:00","dateModified":"2015-04-12T09:25:07+00:00","mainEntityOfPage":{"@id":"https:\/\/www.mundi-roth.de\/teneriffa-blog\/wanderungen\/el-palmar-%e2%80%93-teno-alto-%e2%80%93-el-palmar\/"},"wordCount":1276,"commentCount":0,"image":{"@id":"https:\/\/www.mundi-roth.de\/teneriffa-blog\/wanderungen\/el-palmar-%e2%80%93-teno-alto-%e2%80%93-el-palmar\/#primaryimage"},"thumbnailUrl":"http:\/\/www.mundi-roth.de\/teneriffa-blog\/wp-content\/uploads\/2011\/03\/P1000310x-150x112.jpg","keywords":["Barranco El Charco","El Palmar","Risco Steig","Tabaiba Pass","Teneriffa Wandern","Teno Alto","Wandern Teneriffa"],"articleSection":["Teno-Gebirge","Wanderungen"],"inLanguage":"de","potentialAction":[{"@type":"CommentAction","name":"Comment","target":["https:\/\/www.mundi-roth.de\/teneriffa-blog\/wanderungen\/el-palmar-%e2%80%93-teno-alto-%e2%80%93-el-palmar\/#respond"]}]},{"@type":"WebPage","@id":"https:\/\/www.mundi-roth.de\/teneriffa-blog\/wanderungen\/el-palmar-%e2%80%93-teno-alto-%e2%80%93-el-palmar\/","url":"https:\/\/www.mundi-roth.de\/teneriffa-blog\/wanderungen\/el-palmar-%e2%80%93-teno-alto-%e2%80%93-el-palmar\/","name":"El Palmar \u2013 Teno Alto \u2013 El Palmar - Teneriffa Wandern","isPartOf":{"@id":"https:\/\/www.mundi-roth.de\/teneriffa-blog\/#website"},"primaryImageOfPage":{"@id":"https:\/\/www.mundi-roth.de\/teneriffa-blog\/wanderungen\/el-palmar-%e2%80%93-teno-alto-%e2%80%93-el-palmar\/#primaryimage"},"image":{"@id":"https:\/\/www.mundi-roth.de\/teneriffa-blog\/wanderungen\/el-palmar-%e2%80%93-teno-alto-%e2%80%93-el-palmar\/#primaryimage"},"thumbnailUrl":"http:\/\/www.mundi-roth.de\/teneriffa-blog\/wp-content\/uploads\/2011\/03\/P1000310x-150x112.jpg","datePublished":"2011-03-17T21:00:41+00:00","dateModified":"2015-04-12T09:25:07+00:00","author":{"@id":"https:\/\/www.mundi-roth.de\/teneriffa-blog\/#\/schema\/person\/3afd0d251449790d15367c9aa52d203d"},"breadcrumb":{"@id":"https:\/\/www.mundi-roth.de\/teneriffa-blog\/wanderungen\/el-palmar-%e2%80%93-teno-alto-%e2%80%93-el-palmar\/#breadcrumb"},"inLanguage":"de","potentialAction":[{"@type":"ReadAction","target":["https:\/\/www.mundi-roth.de\/teneriffa-blog\/wanderungen\/el-palmar-%e2%80%93-teno-alto-%e2%80%93-el-palmar\/"]}]},{"@type":"ImageObject","inLanguage":"de","@id":"https:\/\/www.mundi-roth.de\/teneriffa-blog\/wanderungen\/el-palmar-%e2%80%93-teno-alto-%e2%80%93-el-palmar\/#primaryimage","url":"https:\/\/www.mundi-roth.de\/teneriffa-blog\/wp-content\/uploads\/2011\/03\/P1000310x.jpg","contentUrl":"https:\/\/www.mundi-roth.de\/teneriffa-blog\/wp-content\/uploads\/2011\/03\/P1000310x.jpg","width":"600","height":"450"},{"@type":"BreadcrumbList","@id":"https:\/\/www.mundi-roth.de\/teneriffa-blog\/wanderungen\/el-palmar-%e2%80%93-teno-alto-%e2%80%93-el-palmar\/#breadcrumb","itemListElement":[{"@type":"ListItem","position":1,"name":"Startseite","item":"https:\/\/www.mundi-roth.de\/teneriffa-blog\/"},{"@type":"ListItem","position":2,"name":"El Palmar \u2013 Teno Alto \u2013 El Palmar"}]},{"@type":"WebSite","@id":"https:\/\/www.mundi-roth.de\/teneriffa-blog\/#website","url":"https:\/\/www.mundi-roth.de\/teneriffa-blog\/","name":"Teneriffa Wandern","description":"Nicht nur Wanderungen auf Teneriffa...","potentialAction":[{"@type":"SearchAction","target":{"@type":"EntryPoint","urlTemplate":"https:\/\/www.mundi-roth.de\/teneriffa-blog\/?s={search_term_string}"},"query-input":{"@type":"PropertyValueSpecification","valueRequired":true,"valueName":"search_term_string"}}],"inLanguage":"de"},{"@type":"Person","@id":"https:\/\/www.mundi-roth.de\/teneriffa-blog\/#\/schema\/person\/3afd0d251449790d15367c9aa52d203d","name":"ir","image":{"@type":"ImageObject","inLanguage":"de","@id":"https:\/\/secure.gravatar.com\/avatar\/e67b41513c921c2bb58363f44c8a00a447c9a2526ad8ff71b5b6257e5f7f5c66?s=96&d=mm&r=g","url":"https:\/\/secure.gravatar.com\/avatar\/e67b41513c921c2bb58363f44c8a00a447c9a2526ad8ff71b5b6257e5f7f5c66?s=96&d=mm&r=g","contentUrl":"https:\/\/secure.gravatar.com\/avatar\/e67b41513c921c2bb58363f44c8a00a447c9a2526ad8ff71b5b6257e5f7f5c66?s=96&d=mm&r=g","caption":"ir"},"sameAs":["http:\/\/www.mundi-roth.de"],"url":"https:\/\/www.mundi-roth.de\/teneriffa-blog\/author\/ir\/"}]}},"_links":{"self":[{"href":"https:\/\/www.mundi-roth.de\/teneriffa-blog\/wp-json\/wp\/v2\/posts\/1282","targetHints":{"allow":["GET"]}}],"collection":[{"href":"https:\/\/www.mundi-roth.de\/teneriffa-blog\/wp-json\/wp\/v2\/posts"}],"about":[{"href":"https:\/\/www.mundi-roth.de\/teneriffa-blog\/wp-json\/wp\/v2\/types\/post"}],"author":[{"embeddable":true,"href":"https:\/\/www.mundi-roth.de\/teneriffa-blog\/wp-json\/wp\/v2\/users\/3"}],"replies":[{"embeddable":true,"href":"https:\/\/www.mundi-roth.de\/teneriffa-blog\/wp-json\/wp\/v2\/comments?post=1282"}],"version-history":[{"count":0,"href":"https:\/\/www.mundi-roth.de\/teneriffa-blog\/wp-json\/wp\/v2\/posts\/1282\/revisions"}],"wp:attachment":[{"href":"https:\/\/www.mundi-roth.de\/teneriffa-blog\/wp-json\/wp\/v2\/media?parent=1282"}],"wp:term":[{"taxonomy":"category","embeddable":true,"href":"https:\/\/www.mundi-roth.de\/teneriffa-blog\/wp-json\/wp\/v2\/categories?post=1282"},{"taxonomy":"post_tag","embeddable":true,"href":"https:\/\/www.mundi-roth.de\/teneriffa-blog\/wp-json\/wp\/v2\/tags?post=1282"}],"curies":[{"name":"wp","href":"https:\/\/api.w.org\/{rel}","templated":true}]}}