{"id":129,"date":"2007-12-04T18:11:24","date_gmt":"2007-12-04T16:11:24","guid":{"rendered":"http:\/\/www.mundi-roth.de\/teneriffa-blog\/allgemein\/montana-pelada\/"},"modified":"2015-04-12T12:02:20","modified_gmt":"2015-04-12T11:02:20","slug":"montana-pelada","status":"publish","type":"post","link":"https:\/\/www.mundi-roth.de\/teneriffa-blog\/wanderungen\/montana-pelada\/","title":{"rendered":"Monta\u00f1a Pelada"},"content":{"rendered":"<p class=\"MsoNormal\"><strong>Wer staunend vor zu Fels gewordenen Wellen stehen will, der sollte diese Wanderung bei Ebbe unbedingt machen.<\/strong><\/p>\n<p><strong>Wer zudem die zur Zeit gr\u00f6\u00dfte Photovoltaik-Anlage Europas (Energiegewinnng durch Sonnenlicht) im Entstehen sehen will, ist hier ebenfalls richtig.<\/strong><\/p>\n<p><!--more--><br \/>\n<strong> Wander-Wegstrecke:<\/strong> ca. 2 Stunden<br \/>\n<a href=\"http:\/\/www.mundi-roth.de\/teneriffa-blog\/wp-content\/uploads\/2007\/12\/pelada02.jpg\" rel=\"lightbox[129]\"><img loading=\"lazy\" decoding=\"async\" src=\"http:\/\/www.mundi-roth.de\/teneriffa-blog\/wp-content\/uploads\/2007\/12\/pelada02.thumbnail.jpg\" alt=\"Pelada\" width=\"128\" height=\"96\" align=\"left\" border=\"0\" hspace=\"3\" vspace=\"3\" \/><\/a>Von unserem Parkplatz steigen wir auf dem kleinen Pfad hinunter zum Strand, der sich \u201eEnsenada de la Pelada\u201c nennt, und nehmen erstmal zur Kennnis, dass wir uns in einem \u201eMonumento natural Monta\u00f1a Pelada\u201c \u2013 einem geologischen Schutzgebiet &#8211; befinden. Vor den Felsen biegen wir links ab und der Pfad schl\u00e4ngelt sich an Tabaibas, niedrigen Balo-Str\u00e4uchern, Dornlattich, Seiden-Goldhaarb\u00fcschen und Jochblatt vorbei.<br \/>\n<a href=\"http:\/\/www.mundi-roth.de\/teneriffa-blog\/wp-content\/uploads\/2007\/12\/sany5191.jpg\" rel=\"lightbox[129]\"><img loading=\"lazy\" decoding=\"async\" src=\"http:\/\/www.mundi-roth.de\/teneriffa-blog\/wp-content\/uploads\/2007\/12\/sany5191.thumbnail.jpg\" alt=\"\u00dcber Fels\" width=\"128\" height=\"96\" align=\"right\" border=\"0\" hspace=\"3\" vspace=\"3\" \/> <\/a>Der Barranco ist gekennzeichnt mit kleinen wei\u00dfen S\u00e4ulen, beschriftet mit \u201eP\u201c und \u201eC\u201c. Der Weg ist inzwischen ziemlich steinig und \u00fcber Felsbrocken steigen wir weiter aufw\u00e4rts.<br \/>\nKurz darauf sehen wir auf der linken Seite das Hinweisschild \u201eEspacio natural protegido\u201c \u2013 und nun l\u00e4\u00dft es sich auch gut gehen, denn wir sind auf dem Fels der Pelada angekommen.<br \/>\nWeiter oben erstreckt sich links von uns das riesige Areal der zur Zeit gr\u00f6\u00dften <a href=\"http:\/\/www.mundi-roth.de\/teneriffa-blog\/wp-content\/uploads\/2007\/12\/sany5204w.jpg\" rel=\"lightbox[129]\"><img decoding=\"async\" src=\"http:\/\/www.mundi-roth.de\/teneriffa-blog\/wp-content\/uploads\/2007\/12\/sany5204w.jpg\" alt=\"Photovoltaik\" border=\"0\" hspace=\"3\" vspace=\"3\" \/><\/a><\/p>\n<p>Photovoltaik-Anlage Europas (Energiegewinnung durch Sonnenlicht).<br \/>\nWir gehen an dem Gel\u00e4nde entlang, sto\u00dfen am Ende auf zwei Hinweistafeln: \u201eEspacio natural protegido Monta\u00f1a Pelada\u201c. Wir halten uns rechts und gehen auf <a href=\"http:\/\/www.mundi-roth.de\/teneriffa-blog\/wp-content\/uploads\/2007\/12\/sany5205.jpg\" rel=\"lightbox[129]\"><img loading=\"lazy\" decoding=\"async\" src=\"http:\/\/www.mundi-roth.de\/teneriffa-blog\/wp-content\/uploads\/2007\/12\/sany5205.thumbnail.jpg\" alt=\"Windr\u00e4der\" width=\"128\" height=\"96\" align=\"left\" border=\"0\" hspace=\"3\" vspace=\"3\" \/><\/a>einem breiten, gut pr\u00e4parierten Weg, fast wie eine Autobahn, aufw\u00e4rts. An der Kuppe f\u00fchrt die \u201eStra\u00dfe\u201c abw\u00e4rts mit Blick auf die n\u00e4chste Anlage f\u00fcr erneuerbare Energie: Den Windr\u00e4der-Park.<br \/>\nWir bleiben auf dem gekennzeichneten Weg und halten uns rechts. Der Weg f\u00fchrt uns etwas rauf und runter.<br \/>\nHat man sich vorher \u00fcber die Gezeiten informiert, kann man in einer Mulde zum Meer absteigen und bei Ebbe unterhalb der Felsen zum Strand \u201eLa Ensenada de la Pelada&#8220; zur\u00fcckkommen. Dieser Abschnitt \u2013 zwar kann man sich nasse F\u00fcsse holen \u2013 ist einmalig. Die Formation der Felsen erinnern an zu Stein gewordene Wellen. Grandios!<br \/>\n<a href=\"http:\/\/www.mundi-roth.de\/teneriffa-blog\/wp-content\/uploads\/2007\/12\/sany5209.jpg\" rel=\"lightbox[129]\"><img loading=\"lazy\" decoding=\"async\" src=\"http:\/\/www.mundi-roth.de\/teneriffa-blog\/wp-content\/uploads\/2007\/12\/sany5209.thumbnail.jpg\" alt=\"Immer rauf\" width=\"128\" height=\"96\" align=\"right\" border=\"0\" hspace=\"3\" vspace=\"3\" \/><\/a> Ist jedoch gerade Flut, wie bei unserer Wanderung, bleiben wir sch\u00f6n oben, steigen weiter auf und gelangen, nach geraumer Zeit,<a href=\"http:\/\/www.mundi-roth.de\/teneriffa-blog\/wp-content\/uploads\/2007\/12\/sany5210.jpg\" rel=\"lightbox[129]\"><img loading=\"lazy\" decoding=\"async\" src=\"http:\/\/www.mundi-roth.de\/teneriffa-blog\/wp-content\/uploads\/2007\/12\/sany5210.thumbnail.jpg\" alt=\"M\u00e9dano\" width=\"128\" height=\"96\" align=\"left\" border=\"0\" hspace=\"3\" vspace=\"3\" \/><\/a> \u201eeine Etage h\u00f6her\u201c als unser Aufstiegs vom Strand her begonnen hat. Wir haben einen gro\u00dfartigen Blick auf \u201eLa Ensenada\u201c und den Ort El M\u00e9dano bis hin zur Montana Roja.Das letzte St\u00fcck des R\u00fcckwegs ist gleichzeitig der Hinweg.<\/p>\n<p><strong>Botanik<\/strong>:<br \/>\nWir befinden uns in der \u201eunteren Zone\u201c der Vegetation. Das bedeutet, dass in unmittelbarer K\u00fcstenn\u00e4he eine salzbeeinflusste Pflanzengesellschaft zu finden ist. Ihre Mitglieder werden Halophyten ( = salzliebende Pflanzen) genannt und zeigen spezielle Anpassungen an diesen Lebensraum. Typische Arten sind die Nymphendolde, der kammf\u00f6rmige Strandflieder und Desfontaines Jochblatt. Auch manche Wolfsmilchgew\u00e4chse, wie die Balsam- Wolfsmilch und die Blattlose Wolfsmilch, kommen in dieser Zone vor.<br \/>\n<a href=\"http:\/\/www.mundi-roth.de\/teneriffa-blog\/wp-content\/uploads\/2007\/12\/sany5188a.jpg\" rel=\"lightbox[129]\"><img loading=\"lazy\" decoding=\"async\" src=\"http:\/\/www.mundi-roth.de\/teneriffa-blog\/wp-content\/uploads\/2007\/12\/sany5188a.thumbnail.jpg\" alt=\"Jochblatt\" width=\"128\" height=\"105\" align=\"left\" border=\"0\" hspace=\"3\" vspace=\"3\" \/><\/a> Greifen wir uns heute Desfontaines Jochblatt (Zygophyllum fontanesii W.&amp;B.) \u201eBabosa, Uvilla de mar\u201c heraus.<br \/>\nEs handelt sich um einen eigenartigen, dicht kurz behaarten Strauch mit knotig gegliederten \u00c4sten. Die gegenst\u00e4ndigen, eif\u00f6rmig-zylindrischen, fleischigen Bl\u00e4tter graugr\u00fcn, sp\u00e4ter gelblich, einfach oder mit 2 Bl\u00e4ttchen am ebenso gestalteten Stiel. Bl\u00fcten unscheinbar, 4 mm lang, mit 5 wei\u00dfen oder rosa Kronbl\u00e4ttern. Frucht eine kugelig-eif\u00f6rmige, etwa 5 mm gro\u00dfe, 5spaltige Kaspel.<br \/>\nDiese Pflanze kommt auf den Kanaren und Marokko vor.<\/p>\n<p><strong>Tipp:<\/strong><br \/>\nInnerhalb der geomophologischen Vielf\u00e4ltigkeit der Gemeinde Granadilla hat \u201cMonta\u00f1a Pelada\u201c einen einzigartigen Stellenwert, da es sich um den einzigen Grundwasser-Vulkanausbruch handelt.<br \/>\nDie Ausbr\u00fcche werden durch Einsickern des Wassers in die magmatischen Kammern hervorgerufen, aber auch wegen des steigenden Druckes des Gases, wenn die Hitze im Inneren der Erde das Meerwasser heftig verdampfen l\u00e4sst.<br \/>\nEs sind vulkanische Gebilde, die sich in der N\u00e4he der K\u00fcste befinden und an denen durch die Explosion Steinfragmente ans Licht treten.<\/p>\n<p><strong>Restaurant:<\/strong><br \/>\nRestaurante Hermano Pedro, Ctra. Gral. El M\u00e9dano,<\/p>\n<p>gegen\u00fcber der &#8222;blauen Tankstelle&#8220;<\/p>\n<p>Gut b\u00fcrgerlich kanarisch, preiswert<\/p>\n<p>T\u00e4glich ge\u00f6ffnet &#8211; Telefon 922 17 60 31<\/p>\n<p><strong>Anfahrt:<\/strong><br \/>\n<a href=\"http:\/\/www.mundi-roth.de\/teneriffa-blog\/wp-content\/uploads\/2007\/12\/medano02.jpg\" rel=\"lightbox[129]\"><img loading=\"lazy\" decoding=\"async\" src=\"http:\/\/www.mundi-roth.de\/teneriffa-blog\/wp-content\/uploads\/2007\/12\/medano02.thumbnail.jpg\" alt=\"Anfahrt Pelada\" width=\"128\" height=\"96\" align=\"right\" border=\"0\" hspace=\"3\" vspace=\"3\" \/><\/a>Auf der Autobahn TF-1 \u2013 aus Los Cristianos kommend \u2013 nehmen wir die Ausfahrt \u201eEl M\u00e9dano &#8211; Granadilla &#8211; San Isidro\u201c , fahren auf der TF-614 Richtung El M\u00e9dano bis zum Ortsanfang und biegen bei der ersten M\u00f6glichkeit links ab. Folgen dem Stra\u00dfenverlauf, am Kreisel nehmen wir die Ausfahrt \u201e12 Uhr\u201c und fahren die K\u00fcste entlang bis zum Ende der Stra\u00dfe. Hier parken wir und schon beginnt unsere Wanderung.<\/p>\n","protected":false},"excerpt":{"rendered":"<p>Wer staunend vor zu Fels gewordenen Wellen stehen will, der sollte diese Wanderung bei Ebbe unbedingt machen. Wer zudem die zur Zeit gr\u00f6\u00dfte Photovoltaik-Anlage Europas (Energiegewinnng durch Sonnenlicht) im Entstehen sehen will, ist hier ebenfalls richtig.<\/p>\n","protected":false},"author":3,"featured_media":0,"comment_status":"open","ping_status":"open","sticky":false,"template":"","format":"standard","meta":{"footnotes":""},"categories":[773,6],"tags":[57,56,3,4],"class_list":["post-129","post","type-post","status-publish","format-standard","hentry","category-granadilla","category-wanderungen","tag-medano","tag-pelada","tag-teneriffa","tag-wandern"],"yoast_head":"<!-- This site is optimized with the Yoast SEO plugin v27.5 - https:\/\/yoast.com\/product\/yoast-seo-wordpress\/ -->\n<title>Monta\u00f1a Pelada - Teneriffa Wandern<\/title>\n<meta name=\"robots\" content=\"index, follow, max-snippet:-1, max-image-preview:large, max-video-preview:-1\" \/>\n<link rel=\"canonical\" href=\"https:\/\/www.mundi-roth.de\/teneriffa-blog\/wanderungen\/montana-pelada\/\" \/>\n<meta name=\"twitter:label1\" content=\"Verfasst von\" \/>\n\t<meta name=\"twitter:data1\" content=\"ir\" \/>\n\t<meta name=\"twitter:label2\" content=\"Gesch\u00e4tzte Lesezeit\" \/>\n\t<meta name=\"twitter:data2\" content=\"4\u00a0Minuten\" \/>\n<script type=\"application\/ld+json\" class=\"yoast-schema-graph\">{\"@context\":\"https:\\\/\\\/schema.org\",\"@graph\":[{\"@type\":\"Article\",\"@id\":\"https:\\\/\\\/www.mundi-roth.de\\\/teneriffa-blog\\\/wanderungen\\\/montana-pelada\\\/#article\",\"isPartOf\":{\"@id\":\"https:\\\/\\\/www.mundi-roth.de\\\/teneriffa-blog\\\/wanderungen\\\/montana-pelada\\\/\"},\"author\":{\"name\":\"ir\",\"@id\":\"https:\\\/\\\/www.mundi-roth.de\\\/teneriffa-blog\\\/#\\\/schema\\\/person\\\/3afd0d251449790d15367c9aa52d203d\"},\"headline\":\"Monta\u00f1a Pelada\",\"datePublished\":\"2007-12-04T16:11:24+00:00\",\"dateModified\":\"2015-04-12T11:02:20+00:00\",\"mainEntityOfPage\":{\"@id\":\"https:\\\/\\\/www.mundi-roth.de\\\/teneriffa-blog\\\/wanderungen\\\/montana-pelada\\\/\"},\"wordCount\":715,\"commentCount\":1,\"image\":{\"@id\":\"https:\\\/\\\/www.mundi-roth.de\\\/teneriffa-blog\\\/wanderungen\\\/montana-pelada\\\/#primaryimage\"},\"thumbnailUrl\":\"http:\\\/\\\/www.mundi-roth.de\\\/teneriffa-blog\\\/wp-content\\\/uploads\\\/2007\\\/12\\\/pelada02.thumbnail.jpg\",\"keywords\":[\"M\u00e9dano\",\"Pelada\",\"Teneriffa\",\"Wandern\"],\"articleSection\":[\"Granadilla\",\"Wanderungen\"],\"inLanguage\":\"de\",\"potentialAction\":[{\"@type\":\"CommentAction\",\"name\":\"Comment\",\"target\":[\"https:\\\/\\\/www.mundi-roth.de\\\/teneriffa-blog\\\/wanderungen\\\/montana-pelada\\\/#respond\"]}]},{\"@type\":\"WebPage\",\"@id\":\"https:\\\/\\\/www.mundi-roth.de\\\/teneriffa-blog\\\/wanderungen\\\/montana-pelada\\\/\",\"url\":\"https:\\\/\\\/www.mundi-roth.de\\\/teneriffa-blog\\\/wanderungen\\\/montana-pelada\\\/\",\"name\":\"Monta\u00f1a Pelada - Teneriffa Wandern\",\"isPartOf\":{\"@id\":\"https:\\\/\\\/www.mundi-roth.de\\\/teneriffa-blog\\\/#website\"},\"primaryImageOfPage\":{\"@id\":\"https:\\\/\\\/www.mundi-roth.de\\\/teneriffa-blog\\\/wanderungen\\\/montana-pelada\\\/#primaryimage\"},\"image\":{\"@id\":\"https:\\\/\\\/www.mundi-roth.de\\\/teneriffa-blog\\\/wanderungen\\\/montana-pelada\\\/#primaryimage\"},\"thumbnailUrl\":\"http:\\\/\\\/www.mundi-roth.de\\\/teneriffa-blog\\\/wp-content\\\/uploads\\\/2007\\\/12\\\/pelada02.thumbnail.jpg\",\"datePublished\":\"2007-12-04T16:11:24+00:00\",\"dateModified\":\"2015-04-12T11:02:20+00:00\",\"author\":{\"@id\":\"https:\\\/\\\/www.mundi-roth.de\\\/teneriffa-blog\\\/#\\\/schema\\\/person\\\/3afd0d251449790d15367c9aa52d203d\"},\"breadcrumb\":{\"@id\":\"https:\\\/\\\/www.mundi-roth.de\\\/teneriffa-blog\\\/wanderungen\\\/montana-pelada\\\/#breadcrumb\"},\"inLanguage\":\"de\",\"potentialAction\":[{\"@type\":\"ReadAction\",\"target\":[\"https:\\\/\\\/www.mundi-roth.de\\\/teneriffa-blog\\\/wanderungen\\\/montana-pelada\\\/\"]}]},{\"@type\":\"ImageObject\",\"inLanguage\":\"de\",\"@id\":\"https:\\\/\\\/www.mundi-roth.de\\\/teneriffa-blog\\\/wanderungen\\\/montana-pelada\\\/#primaryimage\",\"url\":\"http:\\\/\\\/www.mundi-roth.de\\\/teneriffa-blog\\\/wp-content\\\/uploads\\\/2007\\\/12\\\/pelada02.thumbnail.jpg\",\"contentUrl\":\"http:\\\/\\\/www.mundi-roth.de\\\/teneriffa-blog\\\/wp-content\\\/uploads\\\/2007\\\/12\\\/pelada02.thumbnail.jpg\"},{\"@type\":\"BreadcrumbList\",\"@id\":\"https:\\\/\\\/www.mundi-roth.de\\\/teneriffa-blog\\\/wanderungen\\\/montana-pelada\\\/#breadcrumb\",\"itemListElement\":[{\"@type\":\"ListItem\",\"position\":1,\"name\":\"Startseite\",\"item\":\"https:\\\/\\\/www.mundi-roth.de\\\/teneriffa-blog\\\/\"},{\"@type\":\"ListItem\",\"position\":2,\"name\":\"Monta\u00f1a Pelada\"}]},{\"@type\":\"WebSite\",\"@id\":\"https:\\\/\\\/www.mundi-roth.de\\\/teneriffa-blog\\\/#website\",\"url\":\"https:\\\/\\\/www.mundi-roth.de\\\/teneriffa-blog\\\/\",\"name\":\"Teneriffa Wandern\",\"description\":\"Nicht nur Wanderungen auf Teneriffa...\",\"potentialAction\":[{\"@type\":\"SearchAction\",\"target\":{\"@type\":\"EntryPoint\",\"urlTemplate\":\"https:\\\/\\\/www.mundi-roth.de\\\/teneriffa-blog\\\/?s={search_term_string}\"},\"query-input\":{\"@type\":\"PropertyValueSpecification\",\"valueRequired\":true,\"valueName\":\"search_term_string\"}}],\"inLanguage\":\"de\"},{\"@type\":\"Person\",\"@id\":\"https:\\\/\\\/www.mundi-roth.de\\\/teneriffa-blog\\\/#\\\/schema\\\/person\\\/3afd0d251449790d15367c9aa52d203d\",\"name\":\"ir\",\"image\":{\"@type\":\"ImageObject\",\"inLanguage\":\"de\",\"@id\":\"https:\\\/\\\/secure.gravatar.com\\\/avatar\\\/e67b41513c921c2bb58363f44c8a00a447c9a2526ad8ff71b5b6257e5f7f5c66?s=96&d=mm&r=g\",\"url\":\"https:\\\/\\\/secure.gravatar.com\\\/avatar\\\/e67b41513c921c2bb58363f44c8a00a447c9a2526ad8ff71b5b6257e5f7f5c66?s=96&d=mm&r=g\",\"contentUrl\":\"https:\\\/\\\/secure.gravatar.com\\\/avatar\\\/e67b41513c921c2bb58363f44c8a00a447c9a2526ad8ff71b5b6257e5f7f5c66?s=96&d=mm&r=g\",\"caption\":\"ir\"},\"sameAs\":[\"http:\\\/\\\/www.mundi-roth.de\"],\"url\":\"https:\\\/\\\/www.mundi-roth.de\\\/teneriffa-blog\\\/author\\\/ir\\\/\"}]}<\/script>\n<!-- \/ Yoast SEO plugin. -->","yoast_head_json":{"title":"Monta\u00f1a Pelada - Teneriffa Wandern","robots":{"index":"index","follow":"follow","max-snippet":"max-snippet:-1","max-image-preview":"max-image-preview:large","max-video-preview":"max-video-preview:-1"},"canonical":"https:\/\/www.mundi-roth.de\/teneriffa-blog\/wanderungen\/montana-pelada\/","twitter_misc":{"Verfasst von":"ir","Gesch\u00e4tzte Lesezeit":"4\u00a0Minuten"},"schema":{"@context":"https:\/\/schema.org","@graph":[{"@type":"Article","@id":"https:\/\/www.mundi-roth.de\/teneriffa-blog\/wanderungen\/montana-pelada\/#article","isPartOf":{"@id":"https:\/\/www.mundi-roth.de\/teneriffa-blog\/wanderungen\/montana-pelada\/"},"author":{"name":"ir","@id":"https:\/\/www.mundi-roth.de\/teneriffa-blog\/#\/schema\/person\/3afd0d251449790d15367c9aa52d203d"},"headline":"Monta\u00f1a Pelada","datePublished":"2007-12-04T16:11:24+00:00","dateModified":"2015-04-12T11:02:20+00:00","mainEntityOfPage":{"@id":"https:\/\/www.mundi-roth.de\/teneriffa-blog\/wanderungen\/montana-pelada\/"},"wordCount":715,"commentCount":1,"image":{"@id":"https:\/\/www.mundi-roth.de\/teneriffa-blog\/wanderungen\/montana-pelada\/#primaryimage"},"thumbnailUrl":"http:\/\/www.mundi-roth.de\/teneriffa-blog\/wp-content\/uploads\/2007\/12\/pelada02.thumbnail.jpg","keywords":["M\u00e9dano","Pelada","Teneriffa","Wandern"],"articleSection":["Granadilla","Wanderungen"],"inLanguage":"de","potentialAction":[{"@type":"CommentAction","name":"Comment","target":["https:\/\/www.mundi-roth.de\/teneriffa-blog\/wanderungen\/montana-pelada\/#respond"]}]},{"@type":"WebPage","@id":"https:\/\/www.mundi-roth.de\/teneriffa-blog\/wanderungen\/montana-pelada\/","url":"https:\/\/www.mundi-roth.de\/teneriffa-blog\/wanderungen\/montana-pelada\/","name":"Monta\u00f1a Pelada - Teneriffa Wandern","isPartOf":{"@id":"https:\/\/www.mundi-roth.de\/teneriffa-blog\/#website"},"primaryImageOfPage":{"@id":"https:\/\/www.mundi-roth.de\/teneriffa-blog\/wanderungen\/montana-pelada\/#primaryimage"},"image":{"@id":"https:\/\/www.mundi-roth.de\/teneriffa-blog\/wanderungen\/montana-pelada\/#primaryimage"},"thumbnailUrl":"http:\/\/www.mundi-roth.de\/teneriffa-blog\/wp-content\/uploads\/2007\/12\/pelada02.thumbnail.jpg","datePublished":"2007-12-04T16:11:24+00:00","dateModified":"2015-04-12T11:02:20+00:00","author":{"@id":"https:\/\/www.mundi-roth.de\/teneriffa-blog\/#\/schema\/person\/3afd0d251449790d15367c9aa52d203d"},"breadcrumb":{"@id":"https:\/\/www.mundi-roth.de\/teneriffa-blog\/wanderungen\/montana-pelada\/#breadcrumb"},"inLanguage":"de","potentialAction":[{"@type":"ReadAction","target":["https:\/\/www.mundi-roth.de\/teneriffa-blog\/wanderungen\/montana-pelada\/"]}]},{"@type":"ImageObject","inLanguage":"de","@id":"https:\/\/www.mundi-roth.de\/teneriffa-blog\/wanderungen\/montana-pelada\/#primaryimage","url":"http:\/\/www.mundi-roth.de\/teneriffa-blog\/wp-content\/uploads\/2007\/12\/pelada02.thumbnail.jpg","contentUrl":"http:\/\/www.mundi-roth.de\/teneriffa-blog\/wp-content\/uploads\/2007\/12\/pelada02.thumbnail.jpg"},{"@type":"BreadcrumbList","@id":"https:\/\/www.mundi-roth.de\/teneriffa-blog\/wanderungen\/montana-pelada\/#breadcrumb","itemListElement":[{"@type":"ListItem","position":1,"name":"Startseite","item":"https:\/\/www.mundi-roth.de\/teneriffa-blog\/"},{"@type":"ListItem","position":2,"name":"Monta\u00f1a Pelada"}]},{"@type":"WebSite","@id":"https:\/\/www.mundi-roth.de\/teneriffa-blog\/#website","url":"https:\/\/www.mundi-roth.de\/teneriffa-blog\/","name":"Teneriffa Wandern","description":"Nicht nur Wanderungen auf Teneriffa...","potentialAction":[{"@type":"SearchAction","target":{"@type":"EntryPoint","urlTemplate":"https:\/\/www.mundi-roth.de\/teneriffa-blog\/?s={search_term_string}"},"query-input":{"@type":"PropertyValueSpecification","valueRequired":true,"valueName":"search_term_string"}}],"inLanguage":"de"},{"@type":"Person","@id":"https:\/\/www.mundi-roth.de\/teneriffa-blog\/#\/schema\/person\/3afd0d251449790d15367c9aa52d203d","name":"ir","image":{"@type":"ImageObject","inLanguage":"de","@id":"https:\/\/secure.gravatar.com\/avatar\/e67b41513c921c2bb58363f44c8a00a447c9a2526ad8ff71b5b6257e5f7f5c66?s=96&d=mm&r=g","url":"https:\/\/secure.gravatar.com\/avatar\/e67b41513c921c2bb58363f44c8a00a447c9a2526ad8ff71b5b6257e5f7f5c66?s=96&d=mm&r=g","contentUrl":"https:\/\/secure.gravatar.com\/avatar\/e67b41513c921c2bb58363f44c8a00a447c9a2526ad8ff71b5b6257e5f7f5c66?s=96&d=mm&r=g","caption":"ir"},"sameAs":["http:\/\/www.mundi-roth.de"],"url":"https:\/\/www.mundi-roth.de\/teneriffa-blog\/author\/ir\/"}]}},"_links":{"self":[{"href":"https:\/\/www.mundi-roth.de\/teneriffa-blog\/wp-json\/wp\/v2\/posts\/129","targetHints":{"allow":["GET"]}}],"collection":[{"href":"https:\/\/www.mundi-roth.de\/teneriffa-blog\/wp-json\/wp\/v2\/posts"}],"about":[{"href":"https:\/\/www.mundi-roth.de\/teneriffa-blog\/wp-json\/wp\/v2\/types\/post"}],"author":[{"embeddable":true,"href":"https:\/\/www.mundi-roth.de\/teneriffa-blog\/wp-json\/wp\/v2\/users\/3"}],"replies":[{"embeddable":true,"href":"https:\/\/www.mundi-roth.de\/teneriffa-blog\/wp-json\/wp\/v2\/comments?post=129"}],"version-history":[{"count":0,"href":"https:\/\/www.mundi-roth.de\/teneriffa-blog\/wp-json\/wp\/v2\/posts\/129\/revisions"}],"wp:attachment":[{"href":"https:\/\/www.mundi-roth.de\/teneriffa-blog\/wp-json\/wp\/v2\/media?parent=129"}],"wp:term":[{"taxonomy":"category","embeddable":true,"href":"https:\/\/www.mundi-roth.de\/teneriffa-blog\/wp-json\/wp\/v2\/categories?post=129"},{"taxonomy":"post_tag","embeddable":true,"href":"https:\/\/www.mundi-roth.de\/teneriffa-blog\/wp-json\/wp\/v2\/tags?post=129"}],"curies":[{"name":"wp","href":"https:\/\/api.w.org\/{rel}","templated":true}]}}