{"id":1318,"date":"2011-03-24T22:00:21","date_gmt":"2011-03-24T21:00:21","guid":{"rendered":"http:\/\/www.mundi-roth.de\/teneriffa-blog\/?p=1318"},"modified":"2015-04-12T10:24:25","modified_gmt":"2015-04-12T09:24:25","slug":"el-portillo-la-caldera-aguamansa","status":"publish","type":"post","link":"https:\/\/www.mundi-roth.de\/teneriffa-blog\/wanderungen\/el-portillo-la-caldera-aguamansa\/","title":{"rendered":"El Portillo &#8211;  La Caldera (Aguamansa)"},"content":{"rendered":"<p><strong>Wann stapft man auf Teneriffa bei einer Wanderung schon <a href=\"http:\/\/www.mundi-roth.de\/teneriffa-blog\/wp-content\/uploads\/2011\/03\/P1000394.jpg\" rel=\"lightbox[1318]\"><img loading=\"lazy\" decoding=\"async\" class=\"alignright size-thumbnail wp-image-1321\" title=\"P1000394\" src=\"http:\/\/www.mundi-roth.de\/teneriffa-blog\/wp-content\/uploads\/2011\/03\/P1000394-150x112.jpg\" alt=\"\" width=\"150\" height=\"112\" srcset=\"https:\/\/www.mundi-roth.de\/teneriffa-blog\/wp-content\/uploads\/2011\/03\/P1000394-150x112.jpg 150w, https:\/\/www.mundi-roth.de\/teneriffa-blog\/wp-content\/uploads\/2011\/03\/P1000394-300x225.jpg 300w, https:\/\/www.mundi-roth.de\/teneriffa-blog\/wp-content\/uploads\/2011\/03\/P1000394.jpg 600w\" sizes=\"auto, (max-width: 150px) 100vw, 150px\" \/><\/a>mal im Sonnenschein durch Schnee? Jetzt, Ende M\u00e4rz!<\/strong><br \/>\n<strong> Auf der einen Seite Schnee, auf der anderen Seite des Weges gerade im Bl\u00fchen begriffener Teidelack! Zugegeben: schon ein besonderes Erlebnis.<\/strong><br \/>\n<strong><a href=\"http:\/\/www.mundi-roth.de\/teneriffa-blog\/wp-content\/uploads\/2011\/03\/P1000393.jpg\" rel=\"lightbox[1318]\"><img loading=\"lazy\" decoding=\"async\" class=\"alignleft size-thumbnail wp-image-1322\" title=\"P1000393\" src=\"http:\/\/www.mundi-roth.de\/teneriffa-blog\/wp-content\/uploads\/2011\/03\/P1000393-150x112.jpg\" alt=\"\" width=\"150\" height=\"112\" srcset=\"https:\/\/www.mundi-roth.de\/teneriffa-blog\/wp-content\/uploads\/2011\/03\/P1000393-150x112.jpg 150w, https:\/\/www.mundi-roth.de\/teneriffa-blog\/wp-content\/uploads\/2011\/03\/P1000393-300x225.jpg 300w, https:\/\/www.mundi-roth.de\/teneriffa-blog\/wp-content\/uploads\/2011\/03\/P1000393.jpg 600w\" sizes=\"auto, (max-width: 150px) 100vw, 150px\" \/><\/a>So wie in den Alpen im Fr\u00fchjahr: Schnee und Krokusse. Dieses Gef\u00fchl beschlich mich bei dieser Wanderung.<\/strong><br \/>\nJedoch: War die letzte Tour \u2013 El Palmar \u2013 Teno Alto \u2013 El Palmar eine Wanderung durch Bl\u00fcten, so war diese hier\u00a0 dagegen eher eine karge Wanderung durch lichten Kiefernwald, Gagelbaumhaine, Schonungen von neuangepflanzten kanarischen Kiefern und einem Erikabaumheide-Wald. Dazu bizarre Felsformationen und mossbewachsene, gedeckte Kan\u00e4le. Gelegentlich ein Blick zur K\u00fcste und Puerto de la Cruz und zur\u00fcck auf den noch verschneiten Teide .<br \/>\nDazu Vogelgezwitscher und ein wunderbarer Duft der sonnengew\u00e4rmten Kiefernnadeln. Idyllisch!<\/p>\n<p><strong>Wander-Wegstrecke: 13, 94 km, 4 Stunden 20 Minuten, davon sind 10 Minuten Pause abzuziehen.<\/strong><a href=\"http:\/\/www.mundi-roth.de\/teneriffa-blog\/wp-content\/uploads\/2011\/03\/Track2a.jpg\" rel=\"lightbox[1318]\"><img loading=\"lazy\" decoding=\"async\" class=\"alignright size-thumbnail wp-image-1319\" title=\"Track2a\" src=\"http:\/\/www.mundi-roth.de\/teneriffa-blog\/wp-content\/uploads\/2011\/03\/Track2a-150x102.jpg\" alt=\"\" width=\"150\" height=\"102\" srcset=\"https:\/\/www.mundi-roth.de\/teneriffa-blog\/wp-content\/uploads\/2011\/03\/Track2a-150x102.jpg 150w, https:\/\/www.mundi-roth.de\/teneriffa-blog\/wp-content\/uploads\/2011\/03\/Track2a-300x205.jpg 300w, https:\/\/www.mundi-roth.de\/teneriffa-blog\/wp-content\/uploads\/2011\/03\/Track2a.jpg 600w\" sizes=\"auto, (max-width: 150px) 100vw, 150px\" \/><\/a><br \/>\nUnser einziger Hinweis zu dieser Wanderung war bei einer anderen Gelegenheit ein Wegweiser an der Caldera von Aguamansa: El Portillo 13,3 km und wir hatten auch einen Hinweis in El Portillo gefunden.<br \/>\nNur Mut: Mit dem Bus bis El Portillo. Unmittelbar gegen\u00fcber der Bushaltestelle und dem Restaurant El Portillo, die Stra\u00dfe \u00fcberqueren, beginnt der Einstieg (glauben wir), da wir einen Holzpfahl mit einer wei\u00df-roten Markierung sehen. Eine gewisse Unsicherheit beschleicht uns, da kein Hinweis auf den Camino 131 zu sehen ist, der vom Anaga-Gebirge bis Arona f\u00fchren soll.<br \/>\nLediglich eine Hinweistafel:&#8220; Sendero 14, Alto de Guamaso, Rundweg.&#8220;<br \/>\nAber, die Richtung stimmt und wir wandern los. Streckenweise geht es \u00fcber Schneereste, vorbei an einem Hinweist\u00e4felchen &#8222;Sendero 14&#8220; und den sp\u00e4ter rechts abgehenden Weg lassen wir unbeachtet. Nach 25 Minuten erreichen wir den ersten Hinweis auf die von uns ausgesuchte Tour.<br \/>\n<a href=\"http:\/\/www.mundi-roth.de\/teneriffa-blog\/wp-content\/uploads\/2011\/03\/P1000397.jpg\" rel=\"lightbox[1318]\"><img loading=\"lazy\" decoding=\"async\" class=\"alignleft size-thumbnail wp-image-1324\" title=\"P1000397\" src=\"http:\/\/www.mundi-roth.de\/teneriffa-blog\/wp-content\/uploads\/2011\/03\/P1000397-150x112.jpg\" alt=\"\" width=\"150\" height=\"112\" srcset=\"https:\/\/www.mundi-roth.de\/teneriffa-blog\/wp-content\/uploads\/2011\/03\/P1000397-150x112.jpg 150w, https:\/\/www.mundi-roth.de\/teneriffa-blog\/wp-content\/uploads\/2011\/03\/P1000397-300x225.jpg 300w, https:\/\/www.mundi-roth.de\/teneriffa-blog\/wp-content\/uploads\/2011\/03\/P1000397.jpg 600w\" sizes=\"auto, (max-width: 150px) 100vw, 150px\" \/><\/a>Nach 30 Minuten erreichen wir einen Tunnel, der unter der TF 21 herf\u00fchrt und weiter geht es durch Kiefernwald, auf einem mit Kiefernadeln bedeckten Weg bergab.<br \/>\nEndlich, nach weiteren 5 Minuten haben wir die Gewissheit: wir befinden uns auf dem gew\u00fcnschten Pfad: Caminos Naturales Anaga \u2013 Chasna Nr. 131. Gelassen k\u00f6nnen wir nun der wei\u00df-roten Markierung folgen und unterwegs die diversen Felsformationen bestaunen. Wie<a href=\"http:\/\/www.mundi-roth.de\/teneriffa-blog\/wp-content\/uploads\/2011\/03\/P1000399.jpg\" rel=\"lightbox[1318]\"><img loading=\"lazy\" decoding=\"async\" class=\"alignright size-thumbnail wp-image-1323\" title=\"P1000399\" src=\"http:\/\/www.mundi-roth.de\/teneriffa-blog\/wp-content\/uploads\/2011\/03\/P1000399-150x112.jpg\" alt=\"\" width=\"150\" height=\"112\" srcset=\"https:\/\/www.mundi-roth.de\/teneriffa-blog\/wp-content\/uploads\/2011\/03\/P1000399-150x112.jpg 150w, https:\/\/www.mundi-roth.de\/teneriffa-blog\/wp-content\/uploads\/2011\/03\/P1000399-300x225.jpg 300w, https:\/\/www.mundi-roth.de\/teneriffa-blog\/wp-content\/uploads\/2011\/03\/P1000399.jpg 600w\" sizes=\"auto, (max-width: 150px) 100vw, 150px\" \/><\/a> auch auf den letzten Wanderungen\u00a0 stellen wir fest: wunderbar pr\u00e4parierter Weg und in Abst\u00e4nden immer wieder Markierungen.<br \/>\nEine Unsicherheit im Hinblick auf die weitere Wegef\u00fchrung beschleicht uns, als wir ein gro\u00dfes St\u00fcck Forststra\u00dfe gehen, bisher haben wir diese immer nur gekreuzt. Also noch mal bis zum letzten Hinweis zur\u00fcck, da uns ein Steinm\u00e4nnchen, abweichend von der markierten Spur, irritierte. Aber: wir waren richtig. Es geht nun tats\u00e4chlich 15 Minuten auf der Forstra\u00dfe abw\u00e4rts, um dann wieder rechts auf einen schmalen Pfad geleitet zu werden.Der Weg ist &#8211; wie bereits gesagt &#8211; gut pr\u00e4pariert, trotzdem ist Trittsicherheit von Vorteil,\u00a0 da streckenweise\u00a0 sehr ger\u00f6llig. Kurz darauf tut sich uns der Blick auf ins Orotavatal, Puerto de la Cruz und die K\u00fcste. Pause ist angesagt.<br \/>\n<a href=\"http:\/\/www.mundi-roth.de\/teneriffa-blog\/wp-content\/uploads\/2011\/03\/P1000406.jpg\" rel=\"lightbox[1318]\"><img loading=\"lazy\" decoding=\"async\" class=\"alignleft size-thumbnail wp-image-1325\" title=\"P1000406\" src=\"http:\/\/www.mundi-roth.de\/teneriffa-blog\/wp-content\/uploads\/2011\/03\/P1000406-150x112.jpg\" alt=\"\" width=\"150\" height=\"112\" srcset=\"https:\/\/www.mundi-roth.de\/teneriffa-blog\/wp-content\/uploads\/2011\/03\/P1000406-150x112.jpg 150w, https:\/\/www.mundi-roth.de\/teneriffa-blog\/wp-content\/uploads\/2011\/03\/P1000406-300x225.jpg 300w, https:\/\/www.mundi-roth.de\/teneriffa-blog\/wp-content\/uploads\/2011\/03\/P1000406.jpg 600w\" sizes=\"auto, (max-width: 150px) 100vw, 150px\" \/><\/a>An Hand einer Hinweistafel k\u00f6nnen wir feststellen, dass wir in 2\u00a0 Stunden 5,8 km gegangen sind und noch 7,5 km vor uns haben.<\/p>\n<p>Wir passieren ein St\u00fcck ehemaligen<a href=\"http:\/\/www.mundi-roth.de\/teneriffa-blog\/wp-content\/uploads\/2011\/03\/P1000408.jpg\" rel=\"lightbox[1318]\"><img loading=\"lazy\" decoding=\"async\" class=\"alignright size-thumbnail wp-image-1326\" title=\"P1000408\" src=\"http:\/\/www.mundi-roth.de\/teneriffa-blog\/wp-content\/uploads\/2011\/03\/P1000408-150x112.jpg\" alt=\"\" width=\"150\" height=\"112\" srcset=\"https:\/\/www.mundi-roth.de\/teneriffa-blog\/wp-content\/uploads\/2011\/03\/P1000408-150x112.jpg 150w, https:\/\/www.mundi-roth.de\/teneriffa-blog\/wp-content\/uploads\/2011\/03\/P1000408-300x225.jpg 300w, https:\/\/www.mundi-roth.de\/teneriffa-blog\/wp-content\/uploads\/2011\/03\/P1000408.jpg 600w\" sizes=\"auto, (max-width: 150px) 100vw, 150px\" \/><\/a> Kiefernwaldes, bei dem die Aufr\u00e4um- und Aufforstarbeiten nach dem verheerenden Sturm\u00a0 noch nicht abgeschlossen sind und gelangen in eine Neuanpflanzung mit kanarischen Kiefern. Man kann sich vorstellen, <a href=\"http:\/\/www.mundi-roth.de\/teneriffa-blog\/wp-content\/uploads\/2011\/03\/P1000410.jpg\" rel=\"lightbox[1318]\"><img loading=\"lazy\" decoding=\"async\" class=\"alignleft size-thumbnail wp-image-1327\" title=\"P1000410\" src=\"http:\/\/www.mundi-roth.de\/teneriffa-blog\/wp-content\/uploads\/2011\/03\/P1000410-127x150.jpg\" alt=\"\" width=\"127\" height=\"150\" srcset=\"https:\/\/www.mundi-roth.de\/teneriffa-blog\/wp-content\/uploads\/2011\/03\/P1000410-127x150.jpg 127w, https:\/\/www.mundi-roth.de\/teneriffa-blog\/wp-content\/uploads\/2011\/03\/P1000410-254x300.jpg 254w, https:\/\/www.mundi-roth.de\/teneriffa-blog\/wp-content\/uploads\/2011\/03\/P1000410.jpg 447w\" sizes=\"auto, (max-width: 127px) 100vw, 127px\" \/><\/a>mit wie viel Aufwand die Sch\u00e4den hier beseitigt wurden. Nur hin und da lugt noch ein Veteran der fehlgepflanzten, kurznadeligen Kiefern aus dem dichten Gr\u00fcn heraus.<\/p>\n<p>Das Bild \u00e4ndert sich und wir wandern\u00a0 nun durch einen regelrechten Wald aus Erikabaumheide. Kurz<a href=\"http:\/\/www.mundi-roth.de\/teneriffa-blog\/wp-content\/uploads\/2011\/03\/P1000417.jpg\" rel=\"lightbox[1318]\"><img loading=\"lazy\" decoding=\"async\" class=\"alignright size-thumbnail wp-image-1328\" title=\"P1000417\" src=\"http:\/\/www.mundi-roth.de\/teneriffa-blog\/wp-content\/uploads\/2011\/03\/P1000417-115x150.jpg\" alt=\"\" width=\"115\" height=\"150\" srcset=\"https:\/\/www.mundi-roth.de\/teneriffa-blog\/wp-content\/uploads\/2011\/03\/P1000417-115x150.jpg 115w, https:\/\/www.mundi-roth.de\/teneriffa-blog\/wp-content\/uploads\/2011\/03\/P1000417-231x300.jpg 231w, https:\/\/www.mundi-roth.de\/teneriffa-blog\/wp-content\/uploads\/2011\/03\/P1000417.jpg 410w\" sizes=\"auto, (max-width: 115px) 100vw, 115px\" \/><\/a> darauf warnt ein gro\u00dfes Schild\u00a0 vor einer gef\u00e4hrlichen Kreuzung. Was ist? Wir queren eine Forststra\u00dfe.<\/p>\n<p>Noch 5,4 km bis zur Caldera.<\/p>\n<p>Nach ca. 3 \u00bc Stunden gelangen wir an eine Ansiedlung und haben freien Blick auf Puerto de la Cruz. Ein breiter Pfad f\u00fchrt uns zur &#8222;Pino o Fuente de Dornajito&#8220;. Diese Quelle wurde schon 1715 von Mr. Edems und 1724 von Pater Feuill\u00e9e anl\u00e4\u00dflich der Beschreibung des Orotavatales und der Route zum Pico del Teide erw\u00e4hnt. Und nat\u00fcrlich hat Alexander von Humboldt &#8222;die ber\u00fchmten Wasser&#8220;, die die einzige Quelle auf dem Weg <a href=\"http:\/\/www.mundi-roth.de\/teneriffa-blog\/wp-content\/uploads\/2011\/03\/P1000437.jpg\" rel=\"lightbox[1318]\"><img loading=\"lazy\" decoding=\"async\" class=\"alignleft size-thumbnail wp-image-1329\" title=\"P1000437\" src=\"http:\/\/www.mundi-roth.de\/teneriffa-blog\/wp-content\/uploads\/2011\/03\/P1000437-150x112.jpg\" alt=\"\" width=\"150\" height=\"112\" srcset=\"https:\/\/www.mundi-roth.de\/teneriffa-blog\/wp-content\/uploads\/2011\/03\/P1000437-150x112.jpg 150w, https:\/\/www.mundi-roth.de\/teneriffa-blog\/wp-content\/uploads\/2011\/03\/P1000437-300x225.jpg 300w, https:\/\/www.mundi-roth.de\/teneriffa-blog\/wp-content\/uploads\/2011\/03\/P1000437.jpg 600w\" sizes=\"auto, (max-width: 150px) 100vw, 150px\" \/><\/a>zum Gipfel ist,\u00a0 beschrieben.Tische und B\u00e4nke laden zur Rast ein und weiter geht es \u00fcber gut ausgebaute Stufen hinauf.<br \/>\nWir \u00fcbersteigen eine bemooste Wasserleitung, halten uns hier links, mit Blickrichtung auf das Dach<a href=\"http:\/\/www.mundi-roth.de\/teneriffa-blog\/wp-content\/uploads\/2011\/03\/P1000439.jpg\" rel=\"lightbox[1318]\"><img loading=\"lazy\" decoding=\"async\" class=\"alignright size-thumbnail wp-image-1330\" title=\"P1000439\" src=\"http:\/\/www.mundi-roth.de\/teneriffa-blog\/wp-content\/uploads\/2011\/03\/P1000439-150x112.jpg\" alt=\"\" width=\"150\" height=\"112\" srcset=\"https:\/\/www.mundi-roth.de\/teneriffa-blog\/wp-content\/uploads\/2011\/03\/P1000439-150x112.jpg 150w, https:\/\/www.mundi-roth.de\/teneriffa-blog\/wp-content\/uploads\/2011\/03\/P1000439-300x225.jpg 300w, https:\/\/www.mundi-roth.de\/teneriffa-blog\/wp-content\/uploads\/2011\/03\/P1000439.jpg 600w\" sizes=\"auto, (max-width: 150px) 100vw, 150px\" \/><\/a> eines Geb\u00e4udes zu und \u00fcber Stufen geht es abw\u00e4rts.<br \/>\nDie letzten 3,2 km bringen uns ins Schwitzen. Steil, steil bergauf. Einmal kurz bergab, da ein gro\u00dfes, eingez\u00e4untes Gel\u00e4nde zu umrunden ist. Es ist eine malerische Strecke: bemooste kleine Steinw\u00e4lle s\u00e4umen den Weg, ein Lichtspiel in dem lichten Erikawald mit vielen neuen Austrieben. Sch\u00f6n!<\/p>\n<p>Die zweite Verunsicherung auf dieser langen Strecke: Die gewohnte wei\u00df-rote Markierung fehlt, wei\u00df-gr\u00fcn ist jetzt angesagt mit Hinweis auf 1,8 km Aguamansa und 1,0 km Chillero.Also halten wir uns Richtung Aguamansa. Da sp\u00e4ter keine weiteren Kennzeichnungen zu sehen sind, \u00a0 fragen wir vorsichtshalber einheimische Frauen, die wohl einen Spaziergang gemacht haben, nach dem Weg zur Caldera. \u201eImmer gerade aus und dann rechts hoch.\u201c<br \/>\n<a href=\"http:\/\/www.mundi-roth.de\/teneriffa-blog\/wp-content\/uploads\/2011\/03\/P1000441.jpg\" rel=\"lightbox[1318]\"><img loading=\"lazy\" decoding=\"async\" class=\"alignleft size-thumbnail wp-image-1331\" title=\"P1000441\" src=\"http:\/\/www.mundi-roth.de\/teneriffa-blog\/wp-content\/uploads\/2011\/03\/P1000441-150x112.jpg\" alt=\"\" width=\"150\" height=\"112\" srcset=\"https:\/\/www.mundi-roth.de\/teneriffa-blog\/wp-content\/uploads\/2011\/03\/P1000441-150x112.jpg 150w, https:\/\/www.mundi-roth.de\/teneriffa-blog\/wp-content\/uploads\/2011\/03\/P1000441-300x225.jpg 300w, https:\/\/www.mundi-roth.de\/teneriffa-blog\/wp-content\/uploads\/2011\/03\/P1000441.jpg 600w\" sizes=\"auto, (max-width: 150px) 100vw, 150px\" \/><\/a>Nach einem erneuten Hinweis: diesmal rot-wei\u00df, gr\u00fcn-wei\u00df geht es rechts steil bergan. Um kurz vor 16 Uhr:\u00a0 Noch 0,9 km. Ein Klacks, denkt man. Aber wir pusten. Wussten gar nicht wie lange\u00a0 900 Meter sein k\u00f6nnen. Hinweis: 0,4 km. Noch eine Stra\u00dfen-Untertunnelung und noch mal steil, steil hinauf.<br \/>\nUm 11.55 Uhr sind wir in den Ca\u00f1adas gestartet und um 16.15 Uhr am Grillplatz La Caldera angekommen.<br \/>\nUm kurz nach ein Uhr, bei unserer obligatorischen Apfelpause mit Blick auf Puerto de La Cruz, haben wir meinen lieben Mann angerufen, dass wir vermutlich so gegen 16.30 Uhr ankommen werden, so dass er planen kann, wann er losfahren muss.<br \/>\nEs passte prima. Eine kurze Kaff\u00e9-Pause an der dortigen Bar und dann unterhalb der Forellenzucht-Farm in Aguamansa im Restaurant Aguamansa zum Essen eingekehrt und bis 18 Uhr im Sonnenschein, drau\u00dfen,\u00a0 gut gegessen. Herrlich!<\/p>\n<p><strong>Fazit:<\/strong><br \/>\nEine Wanderung, die uns wieder einmal vor Augen f\u00fchrt, wie vielf\u00e4ltig Teneriffa ist. Zwar keine Super-Ausblicke, auch keine Bl\u00fctenpracht, wie wir sie auf der Bus-Hinfahrt vor Villaflor sahen: Ein Meer der wei\u00df-bl\u00fchenden Escobonstr\u00e4ucher (sprossender Gei\u00dfklee) und das leuchtende Orange des kalifornischen Schlafmohns, daf\u00fcr aber viel, viel Natur: Kiefern, Gagelb\u00e4ume und Erika-Baumheide, ein paar Vergi\u00dfmeinnicht\u00a0 und die unterschiedlichsten Landstriche.<\/p>\n<p><strong>Restaurant:<\/strong><br \/>\nRestaurante Aguamansa, an der Careterra gral. Las Ca\u00f1adas bei km 15<br \/>\nTelefon 922 33 06 38<br \/>\nMontags ab 16 Uhr Ruhezeit<br \/>\nSehr zu empfehlen: Trucha, (Forelle) mit Speck gef\u00fcllt: 2 Forellen mit Beilade von kanarischen Kartoffeln und etwas Salat f\u00fcr 7,20 Euro<\/p>\n<p><strong>Anfahrt<\/strong><br \/>\nMit dem Bus 342 von Playa de Las Am\u00e9ricas bis El Portillo (unsere Busfahrt hatte wegen der vielen Passagiere und des starken Busverkehrs in den Canadas \u00fcber 2,5 Stunden gedauert)<br \/>\noder Linie 348 von Puerto de La Cruz<br \/>\n<strong>Abfahrt<\/strong><br \/>\nHat man kein privates Taxi mit dem Bus 345 nach Puerto de la Cruz (z.B. 16.50 Uhr), dann in den S\u00fcden weiter mit Linie 103 nach Santa Cruz und mit Linie 110 (direkt bis Playa de las Am\u00e9ricas) oder Linie 111 mit vielen Haltepunkten.<\/p>\n","protected":false},"excerpt":{"rendered":"<p>Wann stapft man auf Teneriffa bei einer Wanderung schon mal im Sonnenschein durch Schnee? Jetzt, Ende M\u00e4rz! Auf der einen Seite Schnee, auf der anderen Seite des Weges gerade im Bl\u00fchen begriffener Teidelack! Zugegeben: schon ein besonderes Erlebnis. So wie in den Alpen im Fr\u00fchjahr: Schnee und Krokusse. Dieses Gef\u00fchl beschlich mich bei dieser Wanderung. [&hellip;]<\/p>\n","protected":false},"author":3,"featured_media":0,"comment_status":"open","ping_status":"open","sticky":false,"template":"","format":"standard","meta":{"footnotes":""},"categories":[779,6],"tags":[377,464,361,355,463],"class_list":["post-1318","post","type-post","status-publish","format-standard","hentry","category-canadas","category-wanderungen","tag-aguamansa","tag-camino-131","tag-camino-natural-anaga-chasna","tag-el-portillo","tag-la-caldera"],"yoast_head":"<!-- This site is optimized with the Yoast SEO plugin v27.5 - https:\/\/yoast.com\/product\/yoast-seo-wordpress\/ -->\n<title>El Portillo - La Caldera (Aguamansa) - Teneriffa Wandern<\/title>\n<meta name=\"robots\" content=\"index, follow, max-snippet:-1, max-image-preview:large, max-video-preview:-1\" \/>\n<link rel=\"canonical\" href=\"https:\/\/www.mundi-roth.de\/teneriffa-blog\/wanderungen\/el-portillo-la-caldera-aguamansa\/\" \/>\n<meta name=\"twitter:label1\" content=\"Verfasst von\" \/>\n\t<meta name=\"twitter:data1\" content=\"ir\" \/>\n\t<meta name=\"twitter:label2\" content=\"Gesch\u00e4tzte Lesezeit\" \/>\n\t<meta name=\"twitter:data2\" content=\"6\u00a0Minuten\" \/>\n<script type=\"application\/ld+json\" class=\"yoast-schema-graph\">{\"@context\":\"https:\\\/\\\/schema.org\",\"@graph\":[{\"@type\":\"Article\",\"@id\":\"https:\\\/\\\/www.mundi-roth.de\\\/teneriffa-blog\\\/wanderungen\\\/el-portillo-la-caldera-aguamansa\\\/#article\",\"isPartOf\":{\"@id\":\"https:\\\/\\\/www.mundi-roth.de\\\/teneriffa-blog\\\/wanderungen\\\/el-portillo-la-caldera-aguamansa\\\/\"},\"author\":{\"name\":\"ir\",\"@id\":\"https:\\\/\\\/www.mundi-roth.de\\\/teneriffa-blog\\\/#\\\/schema\\\/person\\\/3afd0d251449790d15367c9aa52d203d\"},\"headline\":\"El Portillo &#8211; La Caldera (Aguamansa)\",\"datePublished\":\"2011-03-24T21:00:21+00:00\",\"dateModified\":\"2015-04-12T09:24:25+00:00\",\"mainEntityOfPage\":{\"@id\":\"https:\\\/\\\/www.mundi-roth.de\\\/teneriffa-blog\\\/wanderungen\\\/el-portillo-la-caldera-aguamansa\\\/\"},\"wordCount\":1167,\"commentCount\":0,\"image\":{\"@id\":\"https:\\\/\\\/www.mundi-roth.de\\\/teneriffa-blog\\\/wanderungen\\\/el-portillo-la-caldera-aguamansa\\\/#primaryimage\"},\"thumbnailUrl\":\"http:\\\/\\\/www.mundi-roth.de\\\/teneriffa-blog\\\/wp-content\\\/uploads\\\/2011\\\/03\\\/P1000394-150x112.jpg\",\"keywords\":[\"Aguamansa\",\"Camino 131\",\"Camino Natural Anaga Chasna\",\"El Portillo\",\"La Caldera\"],\"articleSection\":[\"Ca\u00f1adas\",\"Wanderungen\"],\"inLanguage\":\"de\",\"potentialAction\":[{\"@type\":\"CommentAction\",\"name\":\"Comment\",\"target\":[\"https:\\\/\\\/www.mundi-roth.de\\\/teneriffa-blog\\\/wanderungen\\\/el-portillo-la-caldera-aguamansa\\\/#respond\"]}]},{\"@type\":\"WebPage\",\"@id\":\"https:\\\/\\\/www.mundi-roth.de\\\/teneriffa-blog\\\/wanderungen\\\/el-portillo-la-caldera-aguamansa\\\/\",\"url\":\"https:\\\/\\\/www.mundi-roth.de\\\/teneriffa-blog\\\/wanderungen\\\/el-portillo-la-caldera-aguamansa\\\/\",\"name\":\"El Portillo - La Caldera (Aguamansa) - Teneriffa Wandern\",\"isPartOf\":{\"@id\":\"https:\\\/\\\/www.mundi-roth.de\\\/teneriffa-blog\\\/#website\"},\"primaryImageOfPage\":{\"@id\":\"https:\\\/\\\/www.mundi-roth.de\\\/teneriffa-blog\\\/wanderungen\\\/el-portillo-la-caldera-aguamansa\\\/#primaryimage\"},\"image\":{\"@id\":\"https:\\\/\\\/www.mundi-roth.de\\\/teneriffa-blog\\\/wanderungen\\\/el-portillo-la-caldera-aguamansa\\\/#primaryimage\"},\"thumbnailUrl\":\"http:\\\/\\\/www.mundi-roth.de\\\/teneriffa-blog\\\/wp-content\\\/uploads\\\/2011\\\/03\\\/P1000394-150x112.jpg\",\"datePublished\":\"2011-03-24T21:00:21+00:00\",\"dateModified\":\"2015-04-12T09:24:25+00:00\",\"author\":{\"@id\":\"https:\\\/\\\/www.mundi-roth.de\\\/teneriffa-blog\\\/#\\\/schema\\\/person\\\/3afd0d251449790d15367c9aa52d203d\"},\"breadcrumb\":{\"@id\":\"https:\\\/\\\/www.mundi-roth.de\\\/teneriffa-blog\\\/wanderungen\\\/el-portillo-la-caldera-aguamansa\\\/#breadcrumb\"},\"inLanguage\":\"de\",\"potentialAction\":[{\"@type\":\"ReadAction\",\"target\":[\"https:\\\/\\\/www.mundi-roth.de\\\/teneriffa-blog\\\/wanderungen\\\/el-portillo-la-caldera-aguamansa\\\/\"]}]},{\"@type\":\"ImageObject\",\"inLanguage\":\"de\",\"@id\":\"https:\\\/\\\/www.mundi-roth.de\\\/teneriffa-blog\\\/wanderungen\\\/el-portillo-la-caldera-aguamansa\\\/#primaryimage\",\"url\":\"https:\\\/\\\/www.mundi-roth.de\\\/teneriffa-blog\\\/wp-content\\\/uploads\\\/2011\\\/03\\\/P1000394.jpg\",\"contentUrl\":\"https:\\\/\\\/www.mundi-roth.de\\\/teneriffa-blog\\\/wp-content\\\/uploads\\\/2011\\\/03\\\/P1000394.jpg\",\"width\":\"600\",\"height\":\"450\"},{\"@type\":\"BreadcrumbList\",\"@id\":\"https:\\\/\\\/www.mundi-roth.de\\\/teneriffa-blog\\\/wanderungen\\\/el-portillo-la-caldera-aguamansa\\\/#breadcrumb\",\"itemListElement\":[{\"@type\":\"ListItem\",\"position\":1,\"name\":\"Startseite\",\"item\":\"https:\\\/\\\/www.mundi-roth.de\\\/teneriffa-blog\\\/\"},{\"@type\":\"ListItem\",\"position\":2,\"name\":\"El Portillo &#8211; La Caldera (Aguamansa)\"}]},{\"@type\":\"WebSite\",\"@id\":\"https:\\\/\\\/www.mundi-roth.de\\\/teneriffa-blog\\\/#website\",\"url\":\"https:\\\/\\\/www.mundi-roth.de\\\/teneriffa-blog\\\/\",\"name\":\"Teneriffa Wandern\",\"description\":\"Nicht nur Wanderungen auf Teneriffa...\",\"potentialAction\":[{\"@type\":\"SearchAction\",\"target\":{\"@type\":\"EntryPoint\",\"urlTemplate\":\"https:\\\/\\\/www.mundi-roth.de\\\/teneriffa-blog\\\/?s={search_term_string}\"},\"query-input\":{\"@type\":\"PropertyValueSpecification\",\"valueRequired\":true,\"valueName\":\"search_term_string\"}}],\"inLanguage\":\"de\"},{\"@type\":\"Person\",\"@id\":\"https:\\\/\\\/www.mundi-roth.de\\\/teneriffa-blog\\\/#\\\/schema\\\/person\\\/3afd0d251449790d15367c9aa52d203d\",\"name\":\"ir\",\"image\":{\"@type\":\"ImageObject\",\"inLanguage\":\"de\",\"@id\":\"https:\\\/\\\/secure.gravatar.com\\\/avatar\\\/e67b41513c921c2bb58363f44c8a00a447c9a2526ad8ff71b5b6257e5f7f5c66?s=96&d=mm&r=g\",\"url\":\"https:\\\/\\\/secure.gravatar.com\\\/avatar\\\/e67b41513c921c2bb58363f44c8a00a447c9a2526ad8ff71b5b6257e5f7f5c66?s=96&d=mm&r=g\",\"contentUrl\":\"https:\\\/\\\/secure.gravatar.com\\\/avatar\\\/e67b41513c921c2bb58363f44c8a00a447c9a2526ad8ff71b5b6257e5f7f5c66?s=96&d=mm&r=g\",\"caption\":\"ir\"},\"sameAs\":[\"http:\\\/\\\/www.mundi-roth.de\"],\"url\":\"https:\\\/\\\/www.mundi-roth.de\\\/teneriffa-blog\\\/author\\\/ir\\\/\"}]}<\/script>\n<!-- \/ Yoast SEO plugin. -->","yoast_head_json":{"title":"El Portillo - La Caldera (Aguamansa) - Teneriffa Wandern","robots":{"index":"index","follow":"follow","max-snippet":"max-snippet:-1","max-image-preview":"max-image-preview:large","max-video-preview":"max-video-preview:-1"},"canonical":"https:\/\/www.mundi-roth.de\/teneriffa-blog\/wanderungen\/el-portillo-la-caldera-aguamansa\/","twitter_misc":{"Verfasst von":"ir","Gesch\u00e4tzte Lesezeit":"6\u00a0Minuten"},"schema":{"@context":"https:\/\/schema.org","@graph":[{"@type":"Article","@id":"https:\/\/www.mundi-roth.de\/teneriffa-blog\/wanderungen\/el-portillo-la-caldera-aguamansa\/#article","isPartOf":{"@id":"https:\/\/www.mundi-roth.de\/teneriffa-blog\/wanderungen\/el-portillo-la-caldera-aguamansa\/"},"author":{"name":"ir","@id":"https:\/\/www.mundi-roth.de\/teneriffa-blog\/#\/schema\/person\/3afd0d251449790d15367c9aa52d203d"},"headline":"El Portillo &#8211; La Caldera (Aguamansa)","datePublished":"2011-03-24T21:00:21+00:00","dateModified":"2015-04-12T09:24:25+00:00","mainEntityOfPage":{"@id":"https:\/\/www.mundi-roth.de\/teneriffa-blog\/wanderungen\/el-portillo-la-caldera-aguamansa\/"},"wordCount":1167,"commentCount":0,"image":{"@id":"https:\/\/www.mundi-roth.de\/teneriffa-blog\/wanderungen\/el-portillo-la-caldera-aguamansa\/#primaryimage"},"thumbnailUrl":"http:\/\/www.mundi-roth.de\/teneriffa-blog\/wp-content\/uploads\/2011\/03\/P1000394-150x112.jpg","keywords":["Aguamansa","Camino 131","Camino Natural Anaga Chasna","El Portillo","La Caldera"],"articleSection":["Ca\u00f1adas","Wanderungen"],"inLanguage":"de","potentialAction":[{"@type":"CommentAction","name":"Comment","target":["https:\/\/www.mundi-roth.de\/teneriffa-blog\/wanderungen\/el-portillo-la-caldera-aguamansa\/#respond"]}]},{"@type":"WebPage","@id":"https:\/\/www.mundi-roth.de\/teneriffa-blog\/wanderungen\/el-portillo-la-caldera-aguamansa\/","url":"https:\/\/www.mundi-roth.de\/teneriffa-blog\/wanderungen\/el-portillo-la-caldera-aguamansa\/","name":"El Portillo - La Caldera (Aguamansa) - Teneriffa Wandern","isPartOf":{"@id":"https:\/\/www.mundi-roth.de\/teneriffa-blog\/#website"},"primaryImageOfPage":{"@id":"https:\/\/www.mundi-roth.de\/teneriffa-blog\/wanderungen\/el-portillo-la-caldera-aguamansa\/#primaryimage"},"image":{"@id":"https:\/\/www.mundi-roth.de\/teneriffa-blog\/wanderungen\/el-portillo-la-caldera-aguamansa\/#primaryimage"},"thumbnailUrl":"http:\/\/www.mundi-roth.de\/teneriffa-blog\/wp-content\/uploads\/2011\/03\/P1000394-150x112.jpg","datePublished":"2011-03-24T21:00:21+00:00","dateModified":"2015-04-12T09:24:25+00:00","author":{"@id":"https:\/\/www.mundi-roth.de\/teneriffa-blog\/#\/schema\/person\/3afd0d251449790d15367c9aa52d203d"},"breadcrumb":{"@id":"https:\/\/www.mundi-roth.de\/teneriffa-blog\/wanderungen\/el-portillo-la-caldera-aguamansa\/#breadcrumb"},"inLanguage":"de","potentialAction":[{"@type":"ReadAction","target":["https:\/\/www.mundi-roth.de\/teneriffa-blog\/wanderungen\/el-portillo-la-caldera-aguamansa\/"]}]},{"@type":"ImageObject","inLanguage":"de","@id":"https:\/\/www.mundi-roth.de\/teneriffa-blog\/wanderungen\/el-portillo-la-caldera-aguamansa\/#primaryimage","url":"https:\/\/www.mundi-roth.de\/teneriffa-blog\/wp-content\/uploads\/2011\/03\/P1000394.jpg","contentUrl":"https:\/\/www.mundi-roth.de\/teneriffa-blog\/wp-content\/uploads\/2011\/03\/P1000394.jpg","width":"600","height":"450"},{"@type":"BreadcrumbList","@id":"https:\/\/www.mundi-roth.de\/teneriffa-blog\/wanderungen\/el-portillo-la-caldera-aguamansa\/#breadcrumb","itemListElement":[{"@type":"ListItem","position":1,"name":"Startseite","item":"https:\/\/www.mundi-roth.de\/teneriffa-blog\/"},{"@type":"ListItem","position":2,"name":"El Portillo &#8211; La Caldera (Aguamansa)"}]},{"@type":"WebSite","@id":"https:\/\/www.mundi-roth.de\/teneriffa-blog\/#website","url":"https:\/\/www.mundi-roth.de\/teneriffa-blog\/","name":"Teneriffa Wandern","description":"Nicht nur Wanderungen auf Teneriffa...","potentialAction":[{"@type":"SearchAction","target":{"@type":"EntryPoint","urlTemplate":"https:\/\/www.mundi-roth.de\/teneriffa-blog\/?s={search_term_string}"},"query-input":{"@type":"PropertyValueSpecification","valueRequired":true,"valueName":"search_term_string"}}],"inLanguage":"de"},{"@type":"Person","@id":"https:\/\/www.mundi-roth.de\/teneriffa-blog\/#\/schema\/person\/3afd0d251449790d15367c9aa52d203d","name":"ir","image":{"@type":"ImageObject","inLanguage":"de","@id":"https:\/\/secure.gravatar.com\/avatar\/e67b41513c921c2bb58363f44c8a00a447c9a2526ad8ff71b5b6257e5f7f5c66?s=96&d=mm&r=g","url":"https:\/\/secure.gravatar.com\/avatar\/e67b41513c921c2bb58363f44c8a00a447c9a2526ad8ff71b5b6257e5f7f5c66?s=96&d=mm&r=g","contentUrl":"https:\/\/secure.gravatar.com\/avatar\/e67b41513c921c2bb58363f44c8a00a447c9a2526ad8ff71b5b6257e5f7f5c66?s=96&d=mm&r=g","caption":"ir"},"sameAs":["http:\/\/www.mundi-roth.de"],"url":"https:\/\/www.mundi-roth.de\/teneriffa-blog\/author\/ir\/"}]}},"_links":{"self":[{"href":"https:\/\/www.mundi-roth.de\/teneriffa-blog\/wp-json\/wp\/v2\/posts\/1318","targetHints":{"allow":["GET"]}}],"collection":[{"href":"https:\/\/www.mundi-roth.de\/teneriffa-blog\/wp-json\/wp\/v2\/posts"}],"about":[{"href":"https:\/\/www.mundi-roth.de\/teneriffa-blog\/wp-json\/wp\/v2\/types\/post"}],"author":[{"embeddable":true,"href":"https:\/\/www.mundi-roth.de\/teneriffa-blog\/wp-json\/wp\/v2\/users\/3"}],"replies":[{"embeddable":true,"href":"https:\/\/www.mundi-roth.de\/teneriffa-blog\/wp-json\/wp\/v2\/comments?post=1318"}],"version-history":[{"count":0,"href":"https:\/\/www.mundi-roth.de\/teneriffa-blog\/wp-json\/wp\/v2\/posts\/1318\/revisions"}],"wp:attachment":[{"href":"https:\/\/www.mundi-roth.de\/teneriffa-blog\/wp-json\/wp\/v2\/media?parent=1318"}],"wp:term":[{"taxonomy":"category","embeddable":true,"href":"https:\/\/www.mundi-roth.de\/teneriffa-blog\/wp-json\/wp\/v2\/categories?post=1318"},{"taxonomy":"post_tag","embeddable":true,"href":"https:\/\/www.mundi-roth.de\/teneriffa-blog\/wp-json\/wp\/v2\/tags?post=1318"}],"curies":[{"name":"wp","href":"https:\/\/api.w.org\/{rel}","templated":true}]}}