{"id":138,"date":"2007-12-05T19:23:08","date_gmt":"2007-12-05T17:23:08","guid":{"rendered":"http:\/\/www.mundi-roth.de\/teneriffa-blog\/wanderungen\/el-salto-del-camino-real\/"},"modified":"2015-04-12T12:01:36","modified_gmt":"2015-04-12T11:01:36","slug":"el-salto-del-camino-real","status":"publish","type":"post","link":"https:\/\/www.mundi-roth.de\/teneriffa-blog\/wanderungen\/el-salto-del-camino-real\/","title":{"rendered":"El Salto del Camino Real"},"content":{"rendered":"<p><strong><span style=\"font-family: Arial; font-size: small;\">Eine Wanderung auf einem St\u00fcck alten Camino Real, der fr\u00fcher dazu diente, die einzelnen Ortschaften zu verbinden. Er ist gut gekennzeichnet und auch gut auf Schautafeln beschrieben. Die Strecke f\u00fchrt uns durch die malerische Landschaft des urspr\u00fcnglichen Teneriffas. Eine Besonderheit bietet die Wanderung: Ein langer Aqu\u00e4dukt. Sehenswert!<\/span><\/strong><\/p>\n<p><!--more--><\/p>\n<p><strong>Wander-Wegstrecke:<\/strong> 2 \u00be Stunden<br \/>\n<a href=\"http:\/\/www.mundi-roth.de\/teneriffa-blog\/wp-content\/uploads\/2007\/12\/wanderweg1.jpg\" rel=\"lightbox[138]\"><img loading=\"lazy\" decoding=\"async\" src=\"http:\/\/www.mundi-roth.de\/teneriffa-blog\/wp-content\/uploads\/2007\/12\/wanderweg1.thumbnail.jpg\" alt=\"Camino Salto\" width=\"120\" height=\"140\" align=\"left\" border=\"0\" hspace=\"3\" vspace=\"3\" \/><\/a> Unsere Wanderung beginnt wieder unterhalb der Bodeg\u00f3n Castro.<br \/>\nWenige Schritte links unterhalb des Parkplatzes ist der \u201eCamino Real &#8211; Barranco de Achacay &#8211; Avenida Bay\u00f3n\u201c gekennzeichnet.<\/p>\n<p>Die asphaltierte Stra\u00dfe geht kurz darauf in einen unbefestigten Weg \u00fcber, der dann in einen Pfad einm\u00fcndet, der entlang des Barrancos mit wunderbaren Basalts\u00e4ulen verl\u00e4uft.<br \/>\nEin kurzer Aufstieg bringt uns an dem Geb\u00e4ude einer ehemaligen Galerie vorbei, wir \u00fcberschreiten die Gleise und weiter geht es links bergan.<br \/>\nWir kommen wieder an die Hinweistafel. \u201eBarranco Achacay\u201c und eine ausf\u00fchrliche Beschreibung.<\/p>\n<p>Heute gehen wir jedoch nicht rechts bergab \u2013 wie vergangene Woche \u2013 sondern links, auf der asphaltierten Stra\u00dfe an den H\u00e4usern vorbei auf der Stra\u00dfe \u201eCalle de Tambora Abajo\u201c \u2013 . Wenig sp\u00e4ter biegen wir rechts ab und werden aufgekl\u00e4rt, dass wir uns auf dem \u201eCamino Real &#8211;<a href=\"http:\/\/www.mundi-roth.de\/teneriffa-blog\/wp-content\/uploads\/2007\/12\/sany5215.jpg\" rel=\"lightbox[138]\"><img loading=\"lazy\" decoding=\"async\" src=\"http:\/\/www.mundi-roth.de\/teneriffa-blog\/wp-content\/uploads\/2007\/12\/sany5215.thumbnail.jpg\" alt=\"Hinweise\" width=\"128\" height=\"96\" align=\"right\" border=\"0\" hspace=\"3\" vspace=\"3\" \/><\/a> Acueducto Lomo de Mena \u2013 Camino Tabora abajo\u201c befinden. Der Weg ist ausgiebig beschildert. Bei der n\u00e4chsten Hinweistafel gehen wir links hoch, nicht nach rechts runter. Wir \u00fcberqueren eine asphaltierte Stra\u00dfe und folgen wieder dem Schild \u201eCamino Real \u2013 Acueducto Lomo de Mena\u201c.<br \/>\nWir wandern durch ein Gegend, die uns noch das urspr\u00fcngliche Teneriffa, mit viel Landwirtschaft, vor Augen f\u00fchrt. Links und rechts unseres Weges liegen die mit <a href=\"http:\/\/www.mundi-roth.de\/teneriffa-blog\/wp-content\/uploads\/2007\/12\/sany5219.jpg\" rel=\"lightbox[138]\"><img loading=\"lazy\" decoding=\"async\" src=\"http:\/\/www.mundi-roth.de\/teneriffa-blog\/wp-content\/uploads\/2007\/12\/sany5219.thumbnail.jpg\" alt=\"Landwirtschaft1\" width=\"128\" height=\"96\" align=\"left\" border=\"0\" hspace=\"3\" vspace=\"3\" \/><\/a>Jable bedeckten Terrassen, vor uns die mit Weinst\u00f6cken, K\u00fcrbissen, Kartoffeln, Bohnen bepflanzten. Zum Teil erinnern die G\u00e4rten an bayrische Bauerng\u00e4rten: mit Blumen umrandete Bohnenbeete. Unser \u201eWegebegleitgr\u00fcn\u201c sind die B\u00fcsche des Wermuts. Von den Feldern gr\u00fcssen uns freundlich die Leute und sch\u00fctteln vielleicht innerlich den Kopf \u00fcber die wandernden Ausl\u00e4nder.<br \/>\nDas n\u00e4chste Schild weist uns auf den Gemeindefriedhof hin, der in der Landschaft \u201eLomo de las Galleneras\u201c liegt und f\u00fcr die Bestattung der Verstorbenen der Gemeinden El Escobonal und Lomo de Mena vorgesehen ist und im Jahre 1919 eingeweiht wurde.<br \/>\nAuf diesem Wanderwegtabschnitt wimmelt es nur so von Hinweisschildern. Beim n\u00e4chsten \u201e Camino Real -Barranco de Achacay\u201c gehen wir links auf einem schmalen Pfad nach oben und lassen den rechts abgehenden au\u00dfer Acht. Der Weg f\u00fchrt uns jablebedeckt erst am Barranco entlang und dann in den Barranco hinein. Lavendelb\u00fcsche bilden den Rahmen f\u00fcr den Pfad. Ein gro\u00dfer Schilfbestand weist auf<a href=\"http:\/\/www.mundi-roth.de\/teneriffa-blog\/wp-content\/uploads\/2007\/12\/sany5214.jpg\" rel=\"lightbox[138]\"><img loading=\"lazy\" decoding=\"async\" src=\"http:\/\/www.mundi-roth.de\/teneriffa-blog\/wp-content\/uploads\/2007\/12\/sany5214.thumbnail.jpg\" alt=\"Piste\" width=\"128\" height=\"96\" align=\"right\" border=\"0\" hspace=\"3\" vspace=\"3\" \/><\/a> die noch vorhandene Feuchtigkeit hin. Der Weg f\u00fchrt auf einer betonierten Piste aufw\u00e4rts. Wir laufen direkt auf ein Haus zu und gehen links weiter nach oben auf der asphaltierten Stra\u00dfe, \u00fcberqueren eine weitere geteerte Stra\u00dfe und befinden uns in \u201eLomo del Bueno\u201c.<br \/>\nWir folgen dem Hinweisschild \u201eCamino Real \u2013Acueducto Lomo de Mena\u201c.<br \/>\nKurz drauf haben wir unter uns liegend einen \u00fcberraschenden Blick auf den Acueducto mit 32 Pfeilern. Ein Aqu\u00e4dukt, der die Wasserleitung \u00fcber das Tal f\u00fchrt. Wir werden <a title=\"sany0002w.jpg\" href=\"http:\/\/www.mundi-roth.de\/teneriffa-blog\/wp-content\/uploads\/2008\/02\/sany0002w.jpg\" rel=\"lightbox[138]\"><img loading=\"lazy\" decoding=\"async\" src=\"http:\/\/www.mundi-roth.de\/teneriffa-blog\/wp-content\/uploads\/2008\/02\/sany0002w.thumbnail.jpg\" alt=\"sany0002w.jpg\" width=\"150\" height=\"70\" align=\"right\" border=\"0\" hspace=\"3\" vspace=\"3\" \/><\/a>durch eine Tafel aufgekl\u00e4rt:<br \/>\n\u201cAqu\u00e4dukt von Lomo de Mena. Diese Wasserrinne geh\u00f6rt zu der Gemeinschaft Acueducto de El Escobonal, auch bekannt als Kanal von G\u00fcimar. Er wurde gegen Ende der 20er Jahre des 20. Jahrhunderts konstruiert, um Quellwasser aus dem Tal von G\u00fcimar nach El Escobonal zu leiten, mit dem Ziel, landwirtschaftliche Fl\u00e4chen zu bew\u00e4ssern. 1930 reichte es bis El Escobonal und sp\u00e4ter f\u00fchrte man es bis Fasnia weiter.\u201c<br \/>\nWir gehen nicht Richtung Aqu\u00e4dukt sondern den unbefestigten Weg weiter und wieder \u00fcberqueren wir eine asphaltierte Stra\u00dfe und gehen oberhalb der mit Jable bedeckten Terrassenfeldern auf dem schmalen Pfad entlang.<br \/>\nWieviele H\u00f6henr\u00fccken wir inzwischen \u00fcberquert haben, haben wir nicht mitgez\u00e4hlt , aber wieder queren wir eine asphaltierte Stra\u00dfe und halten uns an das Schild \u201eLadera de G\u00fcimar \u2013 Camino Arrastradero de abajo\u201c. Oberhalb von uns endet der Ort \u201eLomo de Mena\u201c.<br \/>\nUnd wieder wandern wir an einem Barranco entlang, ungew\u00f6hnlich: im Barranco Terrassenfelder und Apfelsinenb\u00e4ume.<br \/>\nAn einem ockerfarben gestrichenen Haus mit blauem Garagentor \u201eCamino La Monta\u00f1a\u201c machen wir den Ausgangspunkt f\u00fcr die Fortsetzung unserer n\u00e4chsten Wanderung auf dem Camino Real Richtung G\u00fcimar fest. Auf der oberhalb verlaufenden TF-28 sehen wir ein Buswarteh\u00e4uschen und der n\u00e4chste Ort ist \u201eLa Medida\u201c.<\/p>\n<p><strong>Botanik:<\/strong><br \/>\nAuf der heutigen Wanderung fallen besonders die gro\u00dfen Str\u00e4ucher von Kanaren-Ampfer auf, einem Kn\u00f6terichgew\u00e4chs, (Rumex lunaria L.), von den Kanaren \u201eVinagrera\u201c genannt. Dieser immergr\u00fcne Strauch mit seinen ledrig-fleischigen Bl\u00e4ttern, r\u00f6tlichbraunen, rispigen Bl\u00fcten kommt besonders an Felsen, Ger\u00f6ll und Barrancos vor, er ist von k\u00fcstennahen Lagen bis in die Lorbeerwaldstufe verbreitet. Es handelt sich um eine endimische Pflanze.<\/p>\n<p><strong>Erg\u00e4nzung:<\/strong><\/p>\n<p>Warum nennen wir die Wanderung &#8222;El Salto del Camino Real&#8220; ?<\/p>\n<p>Auf einem Hinweisschild fanden wir folgenden Text:<\/p>\n<p class=\"MsoNormal\"><strong><em>El Salto<\/em><\/strong><\/p>\n<p class=\"MsoNormal\"><strong><em>Malerische Landschaft von Escobonal an der Seite des Camino Real (K\u00f6nigsweges), der von G\u00fc\u00edmar nach Fasnia f\u00fchrt. Erscheint seit 1920 im Stra\u00dfenverzeichnis der Gemeinde. Die Stadtverwaltung von G\u00fc\u00edmar benannte ihn am 29. Dezember 1979 gem\u00e4\u00df der Volksbezeichnung des Weges in \u201eEl Salto del Camino Real\u201c um.<\/em><\/strong><\/p>\n<p><strong>Restaurant:<\/strong><br \/>\nFast sind wir schon \u201eStammg\u00e4ste\u201c im \u201eBodeg\u00f3n Castro\u201c. Da wir jedoch die beiden letzten Male sehr zufrieden waren, warum sollten wir heute nicht nochmal hier einkehren und die Wirtin erkundigt sich bereits, wie weit wir auf dem Camino Real Richtung G\u00fcimar heute gekommen sind.<br \/>\nRestaurant Bodeg\u00f3n Castro, El Escobonal, Telefon: 629 62 89 75, Montag ist Ruhetag<\/p>\n<p><strong>Anfahrt:<\/strong><br \/>\n<a href=\"http:\/\/www.mundi-roth.de\/teneriffa-blog\/wp-content\/uploads\/2007\/12\/escobonal02.jpg\" rel=\"lightbox[138]\"><img loading=\"lazy\" decoding=\"async\" src=\"http:\/\/www.mundi-roth.de\/teneriffa-blog\/wp-content\/uploads\/2007\/12\/escobonal02.thumbnail.jpg\" alt=\"Anfahrt Escobonal\" width=\"128\" height=\"96\" align=\"right\" border=\"0\" hspace=\"3\" vspace=\"3\" \/><\/a>Aus Los Cristianos kommend fahren wir auf der Autobahn TF-1 Richtung Santa Cruz bis zur Ausfahrt &#8222;El Tablado \u2013 El Escobonal&#8220; und gehen auf die TF-617 Richtung El Escobonal. Im Ort fahren wir hoch bis zur Bodeg\u00f3n Castro, das Restaurant, das wir von den beiden vorhergehenden Wanderungen schon kennen und parken auf dem kleinen Platz links der Stra\u00dfe.<\/p>\n","protected":false},"excerpt":{"rendered":"<p>Eine Wanderung auf einem St\u00fcck alten Camino Real, der fr\u00fcher dazu diente, die einzelnen Ortschaften zu verbinden. Er ist gut gekennzeichnet und auch gut auf Schautafeln beschrieben. Die Strecke f\u00fchrt uns durch die malerische Landschaft des urspr\u00fcnglichen Teneriffas. Eine Besonderheit bietet die Wanderung: Ein langer Aqu\u00e4dukt. Sehenswert!<\/p>\n","protected":false},"author":3,"featured_media":0,"comment_status":"open","ping_status":"open","sticky":false,"template":"","format":"standard","meta":{"footnotes":""},"categories":[771,6],"tags":[47,3,4],"class_list":["post-138","post","type-post","status-publish","format-standard","hentry","category-gueimar","category-wanderungen","tag-camino-real","tag-teneriffa","tag-wandern"],"yoast_head":"<!-- This site is optimized with the Yoast SEO plugin v27.5 - https:\/\/yoast.com\/product\/yoast-seo-wordpress\/ -->\n<title>El Salto del Camino Real - Teneriffa Wandern<\/title>\n<meta name=\"robots\" content=\"index, follow, max-snippet:-1, max-image-preview:large, max-video-preview:-1\" \/>\n<link rel=\"canonical\" href=\"https:\/\/www.mundi-roth.de\/teneriffa-blog\/wanderungen\/el-salto-del-camino-real\/\" \/>\n<meta name=\"twitter:label1\" content=\"Verfasst von\" \/>\n\t<meta name=\"twitter:data1\" content=\"ir\" \/>\n\t<meta name=\"twitter:label2\" content=\"Gesch\u00e4tzte Lesezeit\" \/>\n\t<meta name=\"twitter:data2\" content=\"5\u00a0Minuten\" \/>\n<script type=\"application\/ld+json\" class=\"yoast-schema-graph\">{\"@context\":\"https:\\\/\\\/schema.org\",\"@graph\":[{\"@type\":\"Article\",\"@id\":\"https:\\\/\\\/www.mundi-roth.de\\\/teneriffa-blog\\\/wanderungen\\\/el-salto-del-camino-real\\\/#article\",\"isPartOf\":{\"@id\":\"https:\\\/\\\/www.mundi-roth.de\\\/teneriffa-blog\\\/wanderungen\\\/el-salto-del-camino-real\\\/\"},\"author\":{\"name\":\"ir\",\"@id\":\"https:\\\/\\\/www.mundi-roth.de\\\/teneriffa-blog\\\/#\\\/schema\\\/person\\\/3afd0d251449790d15367c9aa52d203d\"},\"headline\":\"El Salto del Camino Real\",\"datePublished\":\"2007-12-05T17:23:08+00:00\",\"dateModified\":\"2015-04-12T11:01:36+00:00\",\"mainEntityOfPage\":{\"@id\":\"https:\\\/\\\/www.mundi-roth.de\\\/teneriffa-blog\\\/wanderungen\\\/el-salto-del-camino-real\\\/\"},\"wordCount\":992,\"commentCount\":1,\"image\":{\"@id\":\"https:\\\/\\\/www.mundi-roth.de\\\/teneriffa-blog\\\/wanderungen\\\/el-salto-del-camino-real\\\/#primaryimage\"},\"thumbnailUrl\":\"http:\\\/\\\/www.mundi-roth.de\\\/teneriffa-blog\\\/wp-content\\\/uploads\\\/2007\\\/12\\\/wanderweg1.thumbnail.jpg\",\"keywords\":[\"Camino Real\",\"Teneriffa\",\"Wandern\"],\"articleSection\":[\"G\u00fcimar\",\"Wanderungen\"],\"inLanguage\":\"de\",\"potentialAction\":[{\"@type\":\"CommentAction\",\"name\":\"Comment\",\"target\":[\"https:\\\/\\\/www.mundi-roth.de\\\/teneriffa-blog\\\/wanderungen\\\/el-salto-del-camino-real\\\/#respond\"]}]},{\"@type\":\"WebPage\",\"@id\":\"https:\\\/\\\/www.mundi-roth.de\\\/teneriffa-blog\\\/wanderungen\\\/el-salto-del-camino-real\\\/\",\"url\":\"https:\\\/\\\/www.mundi-roth.de\\\/teneriffa-blog\\\/wanderungen\\\/el-salto-del-camino-real\\\/\",\"name\":\"El Salto del Camino Real - Teneriffa Wandern\",\"isPartOf\":{\"@id\":\"https:\\\/\\\/www.mundi-roth.de\\\/teneriffa-blog\\\/#website\"},\"primaryImageOfPage\":{\"@id\":\"https:\\\/\\\/www.mundi-roth.de\\\/teneriffa-blog\\\/wanderungen\\\/el-salto-del-camino-real\\\/#primaryimage\"},\"image\":{\"@id\":\"https:\\\/\\\/www.mundi-roth.de\\\/teneriffa-blog\\\/wanderungen\\\/el-salto-del-camino-real\\\/#primaryimage\"},\"thumbnailUrl\":\"http:\\\/\\\/www.mundi-roth.de\\\/teneriffa-blog\\\/wp-content\\\/uploads\\\/2007\\\/12\\\/wanderweg1.thumbnail.jpg\",\"datePublished\":\"2007-12-05T17:23:08+00:00\",\"dateModified\":\"2015-04-12T11:01:36+00:00\",\"author\":{\"@id\":\"https:\\\/\\\/www.mundi-roth.de\\\/teneriffa-blog\\\/#\\\/schema\\\/person\\\/3afd0d251449790d15367c9aa52d203d\"},\"breadcrumb\":{\"@id\":\"https:\\\/\\\/www.mundi-roth.de\\\/teneriffa-blog\\\/wanderungen\\\/el-salto-del-camino-real\\\/#breadcrumb\"},\"inLanguage\":\"de\",\"potentialAction\":[{\"@type\":\"ReadAction\",\"target\":[\"https:\\\/\\\/www.mundi-roth.de\\\/teneriffa-blog\\\/wanderungen\\\/el-salto-del-camino-real\\\/\"]}]},{\"@type\":\"ImageObject\",\"inLanguage\":\"de\",\"@id\":\"https:\\\/\\\/www.mundi-roth.de\\\/teneriffa-blog\\\/wanderungen\\\/el-salto-del-camino-real\\\/#primaryimage\",\"url\":\"http:\\\/\\\/www.mundi-roth.de\\\/teneriffa-blog\\\/wp-content\\\/uploads\\\/2007\\\/12\\\/wanderweg1.thumbnail.jpg\",\"contentUrl\":\"http:\\\/\\\/www.mundi-roth.de\\\/teneriffa-blog\\\/wp-content\\\/uploads\\\/2007\\\/12\\\/wanderweg1.thumbnail.jpg\"},{\"@type\":\"BreadcrumbList\",\"@id\":\"https:\\\/\\\/www.mundi-roth.de\\\/teneriffa-blog\\\/wanderungen\\\/el-salto-del-camino-real\\\/#breadcrumb\",\"itemListElement\":[{\"@type\":\"ListItem\",\"position\":1,\"name\":\"Startseite\",\"item\":\"https:\\\/\\\/www.mundi-roth.de\\\/teneriffa-blog\\\/\"},{\"@type\":\"ListItem\",\"position\":2,\"name\":\"El Salto del Camino Real\"}]},{\"@type\":\"WebSite\",\"@id\":\"https:\\\/\\\/www.mundi-roth.de\\\/teneriffa-blog\\\/#website\",\"url\":\"https:\\\/\\\/www.mundi-roth.de\\\/teneriffa-blog\\\/\",\"name\":\"Teneriffa Wandern\",\"description\":\"Nicht nur Wanderungen auf Teneriffa...\",\"potentialAction\":[{\"@type\":\"SearchAction\",\"target\":{\"@type\":\"EntryPoint\",\"urlTemplate\":\"https:\\\/\\\/www.mundi-roth.de\\\/teneriffa-blog\\\/?s={search_term_string}\"},\"query-input\":{\"@type\":\"PropertyValueSpecification\",\"valueRequired\":true,\"valueName\":\"search_term_string\"}}],\"inLanguage\":\"de\"},{\"@type\":\"Person\",\"@id\":\"https:\\\/\\\/www.mundi-roth.de\\\/teneriffa-blog\\\/#\\\/schema\\\/person\\\/3afd0d251449790d15367c9aa52d203d\",\"name\":\"ir\",\"image\":{\"@type\":\"ImageObject\",\"inLanguage\":\"de\",\"@id\":\"https:\\\/\\\/secure.gravatar.com\\\/avatar\\\/e67b41513c921c2bb58363f44c8a00a447c9a2526ad8ff71b5b6257e5f7f5c66?s=96&d=mm&r=g\",\"url\":\"https:\\\/\\\/secure.gravatar.com\\\/avatar\\\/e67b41513c921c2bb58363f44c8a00a447c9a2526ad8ff71b5b6257e5f7f5c66?s=96&d=mm&r=g\",\"contentUrl\":\"https:\\\/\\\/secure.gravatar.com\\\/avatar\\\/e67b41513c921c2bb58363f44c8a00a447c9a2526ad8ff71b5b6257e5f7f5c66?s=96&d=mm&r=g\",\"caption\":\"ir\"},\"sameAs\":[\"http:\\\/\\\/www.mundi-roth.de\"],\"url\":\"https:\\\/\\\/www.mundi-roth.de\\\/teneriffa-blog\\\/author\\\/ir\\\/\"}]}<\/script>\n<!-- \/ Yoast SEO plugin. -->","yoast_head_json":{"title":"El Salto del Camino Real - Teneriffa Wandern","robots":{"index":"index","follow":"follow","max-snippet":"max-snippet:-1","max-image-preview":"max-image-preview:large","max-video-preview":"max-video-preview:-1"},"canonical":"https:\/\/www.mundi-roth.de\/teneriffa-blog\/wanderungen\/el-salto-del-camino-real\/","twitter_misc":{"Verfasst von":"ir","Gesch\u00e4tzte Lesezeit":"5\u00a0Minuten"},"schema":{"@context":"https:\/\/schema.org","@graph":[{"@type":"Article","@id":"https:\/\/www.mundi-roth.de\/teneriffa-blog\/wanderungen\/el-salto-del-camino-real\/#article","isPartOf":{"@id":"https:\/\/www.mundi-roth.de\/teneriffa-blog\/wanderungen\/el-salto-del-camino-real\/"},"author":{"name":"ir","@id":"https:\/\/www.mundi-roth.de\/teneriffa-blog\/#\/schema\/person\/3afd0d251449790d15367c9aa52d203d"},"headline":"El Salto del Camino Real","datePublished":"2007-12-05T17:23:08+00:00","dateModified":"2015-04-12T11:01:36+00:00","mainEntityOfPage":{"@id":"https:\/\/www.mundi-roth.de\/teneriffa-blog\/wanderungen\/el-salto-del-camino-real\/"},"wordCount":992,"commentCount":1,"image":{"@id":"https:\/\/www.mundi-roth.de\/teneriffa-blog\/wanderungen\/el-salto-del-camino-real\/#primaryimage"},"thumbnailUrl":"http:\/\/www.mundi-roth.de\/teneriffa-blog\/wp-content\/uploads\/2007\/12\/wanderweg1.thumbnail.jpg","keywords":["Camino Real","Teneriffa","Wandern"],"articleSection":["G\u00fcimar","Wanderungen"],"inLanguage":"de","potentialAction":[{"@type":"CommentAction","name":"Comment","target":["https:\/\/www.mundi-roth.de\/teneriffa-blog\/wanderungen\/el-salto-del-camino-real\/#respond"]}]},{"@type":"WebPage","@id":"https:\/\/www.mundi-roth.de\/teneriffa-blog\/wanderungen\/el-salto-del-camino-real\/","url":"https:\/\/www.mundi-roth.de\/teneriffa-blog\/wanderungen\/el-salto-del-camino-real\/","name":"El Salto del Camino Real - Teneriffa Wandern","isPartOf":{"@id":"https:\/\/www.mundi-roth.de\/teneriffa-blog\/#website"},"primaryImageOfPage":{"@id":"https:\/\/www.mundi-roth.de\/teneriffa-blog\/wanderungen\/el-salto-del-camino-real\/#primaryimage"},"image":{"@id":"https:\/\/www.mundi-roth.de\/teneriffa-blog\/wanderungen\/el-salto-del-camino-real\/#primaryimage"},"thumbnailUrl":"http:\/\/www.mundi-roth.de\/teneriffa-blog\/wp-content\/uploads\/2007\/12\/wanderweg1.thumbnail.jpg","datePublished":"2007-12-05T17:23:08+00:00","dateModified":"2015-04-12T11:01:36+00:00","author":{"@id":"https:\/\/www.mundi-roth.de\/teneriffa-blog\/#\/schema\/person\/3afd0d251449790d15367c9aa52d203d"},"breadcrumb":{"@id":"https:\/\/www.mundi-roth.de\/teneriffa-blog\/wanderungen\/el-salto-del-camino-real\/#breadcrumb"},"inLanguage":"de","potentialAction":[{"@type":"ReadAction","target":["https:\/\/www.mundi-roth.de\/teneriffa-blog\/wanderungen\/el-salto-del-camino-real\/"]}]},{"@type":"ImageObject","inLanguage":"de","@id":"https:\/\/www.mundi-roth.de\/teneriffa-blog\/wanderungen\/el-salto-del-camino-real\/#primaryimage","url":"http:\/\/www.mundi-roth.de\/teneriffa-blog\/wp-content\/uploads\/2007\/12\/wanderweg1.thumbnail.jpg","contentUrl":"http:\/\/www.mundi-roth.de\/teneriffa-blog\/wp-content\/uploads\/2007\/12\/wanderweg1.thumbnail.jpg"},{"@type":"BreadcrumbList","@id":"https:\/\/www.mundi-roth.de\/teneriffa-blog\/wanderungen\/el-salto-del-camino-real\/#breadcrumb","itemListElement":[{"@type":"ListItem","position":1,"name":"Startseite","item":"https:\/\/www.mundi-roth.de\/teneriffa-blog\/"},{"@type":"ListItem","position":2,"name":"El Salto del Camino Real"}]},{"@type":"WebSite","@id":"https:\/\/www.mundi-roth.de\/teneriffa-blog\/#website","url":"https:\/\/www.mundi-roth.de\/teneriffa-blog\/","name":"Teneriffa Wandern","description":"Nicht nur Wanderungen auf Teneriffa...","potentialAction":[{"@type":"SearchAction","target":{"@type":"EntryPoint","urlTemplate":"https:\/\/www.mundi-roth.de\/teneriffa-blog\/?s={search_term_string}"},"query-input":{"@type":"PropertyValueSpecification","valueRequired":true,"valueName":"search_term_string"}}],"inLanguage":"de"},{"@type":"Person","@id":"https:\/\/www.mundi-roth.de\/teneriffa-blog\/#\/schema\/person\/3afd0d251449790d15367c9aa52d203d","name":"ir","image":{"@type":"ImageObject","inLanguage":"de","@id":"https:\/\/secure.gravatar.com\/avatar\/e67b41513c921c2bb58363f44c8a00a447c9a2526ad8ff71b5b6257e5f7f5c66?s=96&d=mm&r=g","url":"https:\/\/secure.gravatar.com\/avatar\/e67b41513c921c2bb58363f44c8a00a447c9a2526ad8ff71b5b6257e5f7f5c66?s=96&d=mm&r=g","contentUrl":"https:\/\/secure.gravatar.com\/avatar\/e67b41513c921c2bb58363f44c8a00a447c9a2526ad8ff71b5b6257e5f7f5c66?s=96&d=mm&r=g","caption":"ir"},"sameAs":["http:\/\/www.mundi-roth.de"],"url":"https:\/\/www.mundi-roth.de\/teneriffa-blog\/author\/ir\/"}]}},"_links":{"self":[{"href":"https:\/\/www.mundi-roth.de\/teneriffa-blog\/wp-json\/wp\/v2\/posts\/138","targetHints":{"allow":["GET"]}}],"collection":[{"href":"https:\/\/www.mundi-roth.de\/teneriffa-blog\/wp-json\/wp\/v2\/posts"}],"about":[{"href":"https:\/\/www.mundi-roth.de\/teneriffa-blog\/wp-json\/wp\/v2\/types\/post"}],"author":[{"embeddable":true,"href":"https:\/\/www.mundi-roth.de\/teneriffa-blog\/wp-json\/wp\/v2\/users\/3"}],"replies":[{"embeddable":true,"href":"https:\/\/www.mundi-roth.de\/teneriffa-blog\/wp-json\/wp\/v2\/comments?post=138"}],"version-history":[{"count":0,"href":"https:\/\/www.mundi-roth.de\/teneriffa-blog\/wp-json\/wp\/v2\/posts\/138\/revisions"}],"wp:attachment":[{"href":"https:\/\/www.mundi-roth.de\/teneriffa-blog\/wp-json\/wp\/v2\/media?parent=138"}],"wp:term":[{"taxonomy":"category","embeddable":true,"href":"https:\/\/www.mundi-roth.de\/teneriffa-blog\/wp-json\/wp\/v2\/categories?post=138"},{"taxonomy":"post_tag","embeddable":true,"href":"https:\/\/www.mundi-roth.de\/teneriffa-blog\/wp-json\/wp\/v2\/tags?post=138"}],"curies":[{"name":"wp","href":"https:\/\/api.w.org\/{rel}","templated":true}]}}