{"id":14,"date":"2007-10-03T17:44:42","date_gmt":"2007-10-03T15:44:42","guid":{"rendered":"http:\/\/www.mundi-roth.de\/teneriffa-blog\/wanderungen\/los-abrigos-%e2%80%93-montana-amarilla\/"},"modified":"2015-04-12T12:17:07","modified_gmt":"2015-04-12T11:17:07","slug":"los-abrigos-%e2%80%93-montana-amarilla","status":"publish","type":"post","link":"https:\/\/www.mundi-roth.de\/teneriffa-blog\/wanderungen\/los-abrigos-%e2%80%93-montana-amarilla\/","title":{"rendered":"Los Abrigos \u2013 Monta\u00f1a Amarilla"},"content":{"rendered":"<p class=\"MsoNormal\"><strong>Die heutige Wanderung f\u00fchrt uns entlang der K\u00fcste &#8211; an zwei Golfpl\u00e4tzen und einem Hafen vorbei. Uns beeindrucken die Felsformationen, die heftig von den Wellen bespr\u00fcht werden. Es ist eine leichte Wanderung ohne H\u00f6henunterschiede und zum Teil auf Promenadenniveau.<\/strong><\/p>\n<p class=\"MsoNormal\"><!--more--><\/p>\n<p><a href=\"http:\/\/www.mundi-roth.de\/teneriffa-blog\/wp-content\/uploads\/2007\/10\/abrigos-silencio.jpg\" rel=\"lightbox[14]\"><img decoding=\"async\" src=\"http:\/\/www.mundi-roth.de\/teneriffa-blog\/wp-content\/uploads\/2007\/10\/abrigos-silencio.jpg\" alt=\"\" \/><\/a><\/p>\n<p><strong>Wegstrecke:<\/strong><\/p>\n<p>Gaaaanz gem\u00fctlich: eine Richtung 2 \u00bc Stunde. Das erste St\u00fcck unserer heutigen Wanderung ist mit Platten (Lajas) gepflastert und f\u00fchrt uns zu einem kleinen schwarzen Sandstrand hinab. Die ganze Strecke ist ein stetes leichtes Auf und Ab.<\/p>\n<p>Wir machen uns es leicht und halten uns immer links in N\u00e4he der K\u00fcste. Der Weg ist durchwegs gut zu erkennen, auch wenn es \u00fcber Gestein geht.<\/p>\n<p>Anfangs wechseln sich promenadenartige Strecken \u2013 also gepflastert \u2013 mit Ger\u00f6ll, Gestein oder Sand ab.<\/p>\n<p>Rechter Hand wandern wir an zum Teil noch im Bau befindenden Gro\u00dfprojekten, fertigen Hotelkomplexen mit Swimmingpools oder kleineren Ferienh\u00e4uschen und dem unteren Ende des Golfplatzes &#8222;Sur&#8220; vorbei.<\/p>\n<p>Einmal m\u00fcssen wir aufpassen: In H\u00f6he \u201eGaleria Comercial Agua Marina\u201c (hier gibt es auch u.a. ein Steak-Haus), biegen wir links ab und steigen den gepflasterten Weg hinunter. Gehen an der kleinen Badebucht mit Liegen und Sonnenschirmen vorbei bis wir zum Jachthafen gelangen. (Hier gibt es auch eine Bar und Toiletten.)<br \/>\nWir finden es am\u00fcsant, wie die M\u00f6wen im Hafen \u2013 jede f\u00fcr sich \u2013 einen Felsen erobern. Und dort legt auch gerade das \u201eYellow Submarin Boot\u201c, das Touristen-U-Boot, an.<\/p>\n<p><a href=\"http:\/\/www.mundi-roth.de\/teneriffa-blog\/wp-content\/uploads\/2007\/10\/sany4770.jpg\" rel=\"lightbox[14]\"><img loading=\"lazy\" decoding=\"async\" src=\"http:\/\/www.mundi-roth.de\/teneriffa-blog\/wp-content\/uploads\/2007\/10\/sany4770.thumbnail.jpg\" alt=\"Beim Golfplatz\" width=\"128\" height=\"96\" align=\"left\" border=\"0\" hspace=\"3\" vspace=\"3\" \/><\/a>Wir wandern an den untersten Zipfeln des Golfplatzes \u201eAmarilla\u201c vorbei und sehen bereits unser heutiges Ziel vor uns: Monta\u00f1a Amarilla. Nach geraumer Zeit stossen wir an ein Schild: \u201eTo the road Costa del Silencio\u201c.<\/p>\n<p><em>Achtung:<\/em>Hier steigen wir bei Niedrig-Wasser zu der kleinen Laguna ab, gehen \u00fcber die Steine am unteren Rand an der Lagune entlang und nach einem klitzekleinen Anstieg sind wir auf der anderen Seite auf einem wilden Campingplatz mit diversen Wohnmobilen.<\/p>\n<p>Sollte jedoch der \u00dcbergang am Rande der Lagune wegen zu hohen Wasserstandes unm\u00f6glich sein, m\u00fcssen wir das Schild \u201eTo the road Costa del Silencio\u201c beachten und rechts den Hang hinaufgehen und die kleine Feriensiedlung umgehen, um dann in einem etwas gr\u00f6sseren Bogen wieder auf den Weg, fast eine Fahrstrasse, Richtung K\u00fcste zu gelangen.<\/p>\n<p>Wir halten uns weiter stets links nahe der K\u00fcste und kommen nun auf einen kleinen Pfad \u2013 stets rauf und runter \u2013 der sich durch Tabaiba-B\u00fcsche und Kakteen windet.<\/p>\n<p>Alle rechts abzweigenden Pfade lassen wir unbeachtet, so besteht keine Gefahr des Verlaufens.<\/p>\n<p>Wir haben nach ca. 2 Stunden den Fu\u00df von Monta\u00f1a Amarilla erreicht und stehen nun vor der Frage welchen Weg wir nehmen sollen:<\/p>\n<p>Es gibt gleich drei M\u00f6glichkeiten:<\/p>\n<ul>\n<li>Man w\u00e4hlt den sich rechts abzeichnenden Weg zum Kraterrand aufsteigend, um diesen entlang zu gehen und Richtung K\u00fcste Costa del Silencio abzusteigen.<\/li>\n<li>Oder man geht bei Ebbe (!) im Uhrzeigersinn links \u00fcber die Felsen am Fu\u00df des Vulkans entlang.<\/li>\n<li>Man kann aber auch gegen den Uhrzeigersinn recht bequem rechts um Berg ganz am Fu\u00df desselben entlanggehen.<\/li>\n<\/ul>\n<p><a href=\"http:\/\/www.mundi-roth.de\/teneriffa-blog\/wp-content\/uploads\/2007\/10\/sany4773x.jpg\" rel=\"lightbox[14]\"><img loading=\"lazy\" decoding=\"async\" src=\"http:\/\/www.mundi-roth.de\/teneriffa-blog\/wp-content\/uploads\/2007\/10\/sany4773x.thumbnail.jpg\" alt=\"Bei Ebbe\" width=\"128\" height=\"96\" align=\"right\" border=\"0\" hspace=\"3\" vspace=\"3\" \/><\/a>Uns wird die Entscheidung leicht gemacht: Es ist Ebbe und wir k\u00f6nnen trockenen Fu\u00dfes in ca. 10 Minuten zu unserem angestrebten Rastplatz gelangen, der auch zum Schwimmen einl\u00e4dt. Eine Leiter erleichtert dort den Einstieg ins Wasser.<\/p>\n<p><a href=\"http:\/\/www.mundi-roth.de\/teneriffa-blog\/wp-content\/uploads\/2007\/10\/sany4776.jpg\" rel=\"lightbox[14]\"><img loading=\"lazy\" decoding=\"async\" src=\"http:\/\/www.mundi-roth.de\/teneriffa-blog\/wp-content\/uploads\/2007\/10\/sany4776.thumbnail.jpg\" alt=\"\" width=\"128\" height=\"96\" align=\"left\" border=\"0\" hspace=\"3\" vspace=\"3\" \/><\/a>Wir sind tief beeindruckt von den Felsformationen: Zu Stein gewordene Wellen in gelber Farbe. (Daher auch Monta\u00f1a Amarilla.) Der Vulkankegel Monta\u00f1a Amarilla und seine \u00f6stliche Umgebung ist als Naturschutzgebiet eingestuft.<\/p>\n<p><em>\u00dcberhaupt:<\/em> Der ganze K\u00fcstenstreifen mit seinen Basalts\u00e4ulen und Felsformationen ist wundersch\u00f6n. Wir entdecken zwei Basaltrosen und lassen uns vom eleganten Flug eines Falken faszinieren.<\/p>\n<p>Wegen des Schauens und Staunens ben\u00f6tigen wir so viel Zeit. Und im \u00dcbrigen:<\/p>\n<p>Die vom nahen Flughafen aufsteigenden Flugzeuge st\u00f6ren uns nicht.<\/p>\n<p><strong>R\u00fcckweg:<\/strong><\/p>\n<p>F\u00fcr den R\u00fcckweg gibt es \u2013 je nach Kondition \u2013 mehrere M\u00f6glichkeiten:<\/p>\n<ul>\n<li>Man geht denselben Weg zur\u00fcck. Dies ist keineswegs langweilig, da die Felsformationen sich nun aus der anderen Sicht darstellen.<\/li>\n<li>Eine andere M\u00f6glichkeit: Ist man auf dem Hinweg unten am Wasser das letzte St\u00fcck gegangen, steigt man nun in ca. 15 Minuten den gut gekennzeichneten Weg zum Vulkanrand auf. Von oben hat man einen weiten Blick Richtung Las Galletas und auf der anderen Seite bis zur Monta\u00f1a Roja.<br \/>\nDann geht es leicht bergab bis zu der Stelle, an der wir auf dem Hinweg zum Wasser abstiegen. Den weiteren R\u00fcckweg wie den Hinweg.<\/li>\n<li>Noch eine Variante: Wem der Aufstieg zum Vulkanrand zu beschwerlich ist, auch nicht mehr \u00fcber die Felsen zur\u00fcckturnen m\u00f6chte, nimmt den gem\u00fctlichen, an einem M\u00e4uerchen an dem Geb\u00e4ude \u2013 Edificio Chasna &#8211; entlanglaufenden ebenerdigen Weg und umrundet weitr\u00e4umig den Vulkankegel.<\/li>\n<\/ul>\n<p>Man hat nat\u00fcrlich auch die M\u00f6glichkeit, weiter im Landesinneren beim Berg Malpasito nahe bei der Stra\u00dfe bis zur Feriensiedlung \u201eAmarilla Golf\u201c zur\u00fcckzugehen.<\/p>\n<p>Man kann die Tour schlie\u00dflich auch mit zwei Autos machen: Eines l\u00e4sst man in Los Abrigos und eins stellt man in Costa del Silencio hin. (Nach dem Kreisel &#8211; mit einer B\u00fcste &#8211; in Costa del Silencio biegen wir links in die Calle Chasna ab und fahren gerade aus in die nicht asphaltiere Calle Monta\u00f1a Amarilla. Parkpl\u00e4tze gibt es neben dem Komplex des Edificio Chasna C.)<\/p>\n<p>Also wie man sieht: Diese Tour kann man unterschiedlich gestalten und sie ist vielseitig und abwechslungsreich, also lohnend!<\/p>\n<p><strong>Botanik:<\/strong><\/p>\n<p>Es ist Oktober, entsprechend kahl sind die vielen Tabaiba dulce \u2013 Balsam-Wolfsmilch (Euphorbia balsamifera).<\/p>\n<p>Unverdrossen stehen die Ansammlungen der Sukkulenten Formation: die Kandelaber -oder auch Kanaren-Wolfsmilch (Euphorbia canariensis). Der Feigenkaktus (Opuntia ficus-barbarica). Gut eingestaubt s\u00e4umen die kleinen Str\u00e4ucher des Desfontaines-Jochblattes (Zygophyllum fontanesii) oder \u201eUva de mar\u201c genannt unseren Weg.<\/p>\n<p><strong>Restaurant:<\/strong><\/p>\n<p>Los Abrigos ist bekannt f\u00fcr seine vielen und auch guten Fischrestaurants. Wir w\u00e4hlen heute das \u201eEl Mirador\u201c in der Avenida La Marina 7 (Tel. 922 74 9448). Nach dem Kreisel l\u00e4uft man direkt rechts darauf zu. Es liegt ganz in der Ecke und wenn man \u2013 wie wir \u2013 das Gl\u00fcck hat, in dem Anbau Platz zu bekommen, thront man \u00fcber dem Meer. Herrlicher Blick, sehr gutes Essen, Preise angemessen, sehr freundliche Bedienung.<\/p>\n<p>Mittwoch ist Ruhetag.<\/p>\n<p><strong>Anfahrt:<\/strong><\/p>\n<p>Aus Los Cristianos kommend auf der Autobahn TF 1 nehmen wir die Ausfahrt \u2013 Salida &#8211; 24 nach Los Abrigos. Bleiben auf der linken Spur und biegen im Kreisel auf die TF 65 Richtung Los Abrigos ab. Schnurgerade f\u00fchrt uns die Stra\u00dfe in den Ort. Kurz vor dem dortigen Kreisel biegen wir rechts ab und finden hier gen\u00fcgend Parkpl\u00e4tze.<\/p>\n","protected":false},"excerpt":{"rendered":"<p>Die heutige Wanderung f\u00fchrt uns entlang der K\u00fcste &#8211; an zwei Golfpl\u00e4tzen und einem Hafen vorbei. Uns beeindrucken die Felsformationen, die heftig von den Wellen bespr\u00fcht werden. Es ist eine leichte Wanderung ohne H\u00f6henunterschiede und zum Teil auf Promenadenniveau.<\/p>\n","protected":false},"author":3,"featured_media":0,"comment_status":"open","ping_status":"open","sticky":false,"template":"","format":"standard","meta":{"footnotes":""},"categories":[773,6],"tags":[14,15,13,3,4],"class_list":["post-14","post","type-post","status-publish","format-standard","hentry","category-granadilla","category-wanderungen","tag-abrigos","tag-costa-silencio","tag-montana-amarilla","tag-teneriffa","tag-wandern"],"yoast_head":"<!-- This site is optimized with the Yoast SEO plugin v27.5 - https:\/\/yoast.com\/product\/yoast-seo-wordpress\/ -->\n<title>Los Abrigos \u2013 Monta\u00f1a Amarilla - Teneriffa Wandern<\/title>\n<meta name=\"robots\" content=\"index, follow, max-snippet:-1, max-image-preview:large, max-video-preview:-1\" \/>\n<link rel=\"canonical\" href=\"https:\/\/www.mundi-roth.de\/teneriffa-blog\/wanderungen\/los-abrigos-\u2013-montana-amarilla\/\" \/>\n<meta name=\"twitter:label1\" content=\"Verfasst von\" \/>\n\t<meta name=\"twitter:data1\" content=\"ir\" \/>\n\t<meta name=\"twitter:label2\" content=\"Gesch\u00e4tzte Lesezeit\" \/>\n\t<meta name=\"twitter:data2\" content=\"5\u00a0Minuten\" \/>\n<script type=\"application\/ld+json\" class=\"yoast-schema-graph\">{\"@context\":\"https:\\\/\\\/schema.org\",\"@graph\":[{\"@type\":\"Article\",\"@id\":\"https:\\\/\\\/www.mundi-roth.de\\\/teneriffa-blog\\\/wanderungen\\\/los-abrigos-%e2%80%93-montana-amarilla\\\/#article\",\"isPartOf\":{\"@id\":\"https:\\\/\\\/www.mundi-roth.de\\\/teneriffa-blog\\\/wanderungen\\\/los-abrigos-%e2%80%93-montana-amarilla\\\/\"},\"author\":{\"name\":\"ir\",\"@id\":\"https:\\\/\\\/www.mundi-roth.de\\\/teneriffa-blog\\\/#\\\/schema\\\/person\\\/3afd0d251449790d15367c9aa52d203d\"},\"headline\":\"Los Abrigos \u2013 Monta\u00f1a Amarilla\",\"datePublished\":\"2007-10-03T15:44:42+00:00\",\"dateModified\":\"2015-04-12T11:17:07+00:00\",\"mainEntityOfPage\":{\"@id\":\"https:\\\/\\\/www.mundi-roth.de\\\/teneriffa-blog\\\/wanderungen\\\/los-abrigos-%e2%80%93-montana-amarilla\\\/\"},\"wordCount\":1080,\"commentCount\":1,\"image\":{\"@id\":\"https:\\\/\\\/www.mundi-roth.de\\\/teneriffa-blog\\\/wanderungen\\\/los-abrigos-%e2%80%93-montana-amarilla\\\/#primaryimage\"},\"thumbnailUrl\":\"http:\\\/\\\/www.mundi-roth.de\\\/teneriffa-blog\\\/wp-content\\\/uploads\\\/2007\\\/10\\\/abrigos-silencio.jpg\",\"keywords\":[\"Abrigos\",\"Costa Silencio\",\"Monta\u00f1a Amarilla\",\"Teneriffa\",\"Wandern\"],\"articleSection\":[\"Granadilla\",\"Wanderungen\"],\"inLanguage\":\"de\",\"potentialAction\":[{\"@type\":\"CommentAction\",\"name\":\"Comment\",\"target\":[\"https:\\\/\\\/www.mundi-roth.de\\\/teneriffa-blog\\\/wanderungen\\\/los-abrigos-%e2%80%93-montana-amarilla\\\/#respond\"]}]},{\"@type\":\"WebPage\",\"@id\":\"https:\\\/\\\/www.mundi-roth.de\\\/teneriffa-blog\\\/wanderungen\\\/los-abrigos-%e2%80%93-montana-amarilla\\\/\",\"url\":\"https:\\\/\\\/www.mundi-roth.de\\\/teneriffa-blog\\\/wanderungen\\\/los-abrigos-%e2%80%93-montana-amarilla\\\/\",\"name\":\"Los Abrigos \u2013 Monta\u00f1a Amarilla - Teneriffa Wandern\",\"isPartOf\":{\"@id\":\"https:\\\/\\\/www.mundi-roth.de\\\/teneriffa-blog\\\/#website\"},\"primaryImageOfPage\":{\"@id\":\"https:\\\/\\\/www.mundi-roth.de\\\/teneriffa-blog\\\/wanderungen\\\/los-abrigos-%e2%80%93-montana-amarilla\\\/#primaryimage\"},\"image\":{\"@id\":\"https:\\\/\\\/www.mundi-roth.de\\\/teneriffa-blog\\\/wanderungen\\\/los-abrigos-%e2%80%93-montana-amarilla\\\/#primaryimage\"},\"thumbnailUrl\":\"http:\\\/\\\/www.mundi-roth.de\\\/teneriffa-blog\\\/wp-content\\\/uploads\\\/2007\\\/10\\\/abrigos-silencio.jpg\",\"datePublished\":\"2007-10-03T15:44:42+00:00\",\"dateModified\":\"2015-04-12T11:17:07+00:00\",\"author\":{\"@id\":\"https:\\\/\\\/www.mundi-roth.de\\\/teneriffa-blog\\\/#\\\/schema\\\/person\\\/3afd0d251449790d15367c9aa52d203d\"},\"breadcrumb\":{\"@id\":\"https:\\\/\\\/www.mundi-roth.de\\\/teneriffa-blog\\\/wanderungen\\\/los-abrigos-%e2%80%93-montana-amarilla\\\/#breadcrumb\"},\"inLanguage\":\"de\",\"potentialAction\":[{\"@type\":\"ReadAction\",\"target\":[\"https:\\\/\\\/www.mundi-roth.de\\\/teneriffa-blog\\\/wanderungen\\\/los-abrigos-%e2%80%93-montana-amarilla\\\/\"]}]},{\"@type\":\"ImageObject\",\"inLanguage\":\"de\",\"@id\":\"https:\\\/\\\/www.mundi-roth.de\\\/teneriffa-blog\\\/wanderungen\\\/los-abrigos-%e2%80%93-montana-amarilla\\\/#primaryimage\",\"url\":\"http:\\\/\\\/www.mundi-roth.de\\\/teneriffa-blog\\\/wp-content\\\/uploads\\\/2007\\\/10\\\/abrigos-silencio.jpg\",\"contentUrl\":\"http:\\\/\\\/www.mundi-roth.de\\\/teneriffa-blog\\\/wp-content\\\/uploads\\\/2007\\\/10\\\/abrigos-silencio.jpg\"},{\"@type\":\"BreadcrumbList\",\"@id\":\"https:\\\/\\\/www.mundi-roth.de\\\/teneriffa-blog\\\/wanderungen\\\/los-abrigos-%e2%80%93-montana-amarilla\\\/#breadcrumb\",\"itemListElement\":[{\"@type\":\"ListItem\",\"position\":1,\"name\":\"Startseite\",\"item\":\"https:\\\/\\\/www.mundi-roth.de\\\/teneriffa-blog\\\/\"},{\"@type\":\"ListItem\",\"position\":2,\"name\":\"Los Abrigos \u2013 Monta\u00f1a Amarilla\"}]},{\"@type\":\"WebSite\",\"@id\":\"https:\\\/\\\/www.mundi-roth.de\\\/teneriffa-blog\\\/#website\",\"url\":\"https:\\\/\\\/www.mundi-roth.de\\\/teneriffa-blog\\\/\",\"name\":\"Teneriffa Wandern\",\"description\":\"Nicht nur Wanderungen auf Teneriffa...\",\"potentialAction\":[{\"@type\":\"SearchAction\",\"target\":{\"@type\":\"EntryPoint\",\"urlTemplate\":\"https:\\\/\\\/www.mundi-roth.de\\\/teneriffa-blog\\\/?s={search_term_string}\"},\"query-input\":{\"@type\":\"PropertyValueSpecification\",\"valueRequired\":true,\"valueName\":\"search_term_string\"}}],\"inLanguage\":\"de\"},{\"@type\":\"Person\",\"@id\":\"https:\\\/\\\/www.mundi-roth.de\\\/teneriffa-blog\\\/#\\\/schema\\\/person\\\/3afd0d251449790d15367c9aa52d203d\",\"name\":\"ir\",\"image\":{\"@type\":\"ImageObject\",\"inLanguage\":\"de\",\"@id\":\"https:\\\/\\\/secure.gravatar.com\\\/avatar\\\/e67b41513c921c2bb58363f44c8a00a447c9a2526ad8ff71b5b6257e5f7f5c66?s=96&d=mm&r=g\",\"url\":\"https:\\\/\\\/secure.gravatar.com\\\/avatar\\\/e67b41513c921c2bb58363f44c8a00a447c9a2526ad8ff71b5b6257e5f7f5c66?s=96&d=mm&r=g\",\"contentUrl\":\"https:\\\/\\\/secure.gravatar.com\\\/avatar\\\/e67b41513c921c2bb58363f44c8a00a447c9a2526ad8ff71b5b6257e5f7f5c66?s=96&d=mm&r=g\",\"caption\":\"ir\"},\"sameAs\":[\"http:\\\/\\\/www.mundi-roth.de\"],\"url\":\"https:\\\/\\\/www.mundi-roth.de\\\/teneriffa-blog\\\/author\\\/ir\\\/\"}]}<\/script>\n<!-- \/ Yoast SEO plugin. -->","yoast_head_json":{"title":"Los Abrigos \u2013 Monta\u00f1a Amarilla - Teneriffa Wandern","robots":{"index":"index","follow":"follow","max-snippet":"max-snippet:-1","max-image-preview":"max-image-preview:large","max-video-preview":"max-video-preview:-1"},"canonical":"https:\/\/www.mundi-roth.de\/teneriffa-blog\/wanderungen\/los-abrigos-\u2013-montana-amarilla\/","twitter_misc":{"Verfasst von":"ir","Gesch\u00e4tzte Lesezeit":"5\u00a0Minuten"},"schema":{"@context":"https:\/\/schema.org","@graph":[{"@type":"Article","@id":"https:\/\/www.mundi-roth.de\/teneriffa-blog\/wanderungen\/los-abrigos-%e2%80%93-montana-amarilla\/#article","isPartOf":{"@id":"https:\/\/www.mundi-roth.de\/teneriffa-blog\/wanderungen\/los-abrigos-%e2%80%93-montana-amarilla\/"},"author":{"name":"ir","@id":"https:\/\/www.mundi-roth.de\/teneriffa-blog\/#\/schema\/person\/3afd0d251449790d15367c9aa52d203d"},"headline":"Los Abrigos \u2013 Monta\u00f1a Amarilla","datePublished":"2007-10-03T15:44:42+00:00","dateModified":"2015-04-12T11:17:07+00:00","mainEntityOfPage":{"@id":"https:\/\/www.mundi-roth.de\/teneriffa-blog\/wanderungen\/los-abrigos-%e2%80%93-montana-amarilla\/"},"wordCount":1080,"commentCount":1,"image":{"@id":"https:\/\/www.mundi-roth.de\/teneriffa-blog\/wanderungen\/los-abrigos-%e2%80%93-montana-amarilla\/#primaryimage"},"thumbnailUrl":"http:\/\/www.mundi-roth.de\/teneriffa-blog\/wp-content\/uploads\/2007\/10\/abrigos-silencio.jpg","keywords":["Abrigos","Costa Silencio","Monta\u00f1a Amarilla","Teneriffa","Wandern"],"articleSection":["Granadilla","Wanderungen"],"inLanguage":"de","potentialAction":[{"@type":"CommentAction","name":"Comment","target":["https:\/\/www.mundi-roth.de\/teneriffa-blog\/wanderungen\/los-abrigos-%e2%80%93-montana-amarilla\/#respond"]}]},{"@type":"WebPage","@id":"https:\/\/www.mundi-roth.de\/teneriffa-blog\/wanderungen\/los-abrigos-%e2%80%93-montana-amarilla\/","url":"https:\/\/www.mundi-roth.de\/teneriffa-blog\/wanderungen\/los-abrigos-%e2%80%93-montana-amarilla\/","name":"Los Abrigos \u2013 Monta\u00f1a Amarilla - Teneriffa Wandern","isPartOf":{"@id":"https:\/\/www.mundi-roth.de\/teneriffa-blog\/#website"},"primaryImageOfPage":{"@id":"https:\/\/www.mundi-roth.de\/teneriffa-blog\/wanderungen\/los-abrigos-%e2%80%93-montana-amarilla\/#primaryimage"},"image":{"@id":"https:\/\/www.mundi-roth.de\/teneriffa-blog\/wanderungen\/los-abrigos-%e2%80%93-montana-amarilla\/#primaryimage"},"thumbnailUrl":"http:\/\/www.mundi-roth.de\/teneriffa-blog\/wp-content\/uploads\/2007\/10\/abrigos-silencio.jpg","datePublished":"2007-10-03T15:44:42+00:00","dateModified":"2015-04-12T11:17:07+00:00","author":{"@id":"https:\/\/www.mundi-roth.de\/teneriffa-blog\/#\/schema\/person\/3afd0d251449790d15367c9aa52d203d"},"breadcrumb":{"@id":"https:\/\/www.mundi-roth.de\/teneriffa-blog\/wanderungen\/los-abrigos-%e2%80%93-montana-amarilla\/#breadcrumb"},"inLanguage":"de","potentialAction":[{"@type":"ReadAction","target":["https:\/\/www.mundi-roth.de\/teneriffa-blog\/wanderungen\/los-abrigos-%e2%80%93-montana-amarilla\/"]}]},{"@type":"ImageObject","inLanguage":"de","@id":"https:\/\/www.mundi-roth.de\/teneriffa-blog\/wanderungen\/los-abrigos-%e2%80%93-montana-amarilla\/#primaryimage","url":"http:\/\/www.mundi-roth.de\/teneriffa-blog\/wp-content\/uploads\/2007\/10\/abrigos-silencio.jpg","contentUrl":"http:\/\/www.mundi-roth.de\/teneriffa-blog\/wp-content\/uploads\/2007\/10\/abrigos-silencio.jpg"},{"@type":"BreadcrumbList","@id":"https:\/\/www.mundi-roth.de\/teneriffa-blog\/wanderungen\/los-abrigos-%e2%80%93-montana-amarilla\/#breadcrumb","itemListElement":[{"@type":"ListItem","position":1,"name":"Startseite","item":"https:\/\/www.mundi-roth.de\/teneriffa-blog\/"},{"@type":"ListItem","position":2,"name":"Los Abrigos \u2013 Monta\u00f1a Amarilla"}]},{"@type":"WebSite","@id":"https:\/\/www.mundi-roth.de\/teneriffa-blog\/#website","url":"https:\/\/www.mundi-roth.de\/teneriffa-blog\/","name":"Teneriffa Wandern","description":"Nicht nur Wanderungen auf Teneriffa...","potentialAction":[{"@type":"SearchAction","target":{"@type":"EntryPoint","urlTemplate":"https:\/\/www.mundi-roth.de\/teneriffa-blog\/?s={search_term_string}"},"query-input":{"@type":"PropertyValueSpecification","valueRequired":true,"valueName":"search_term_string"}}],"inLanguage":"de"},{"@type":"Person","@id":"https:\/\/www.mundi-roth.de\/teneriffa-blog\/#\/schema\/person\/3afd0d251449790d15367c9aa52d203d","name":"ir","image":{"@type":"ImageObject","inLanguage":"de","@id":"https:\/\/secure.gravatar.com\/avatar\/e67b41513c921c2bb58363f44c8a00a447c9a2526ad8ff71b5b6257e5f7f5c66?s=96&d=mm&r=g","url":"https:\/\/secure.gravatar.com\/avatar\/e67b41513c921c2bb58363f44c8a00a447c9a2526ad8ff71b5b6257e5f7f5c66?s=96&d=mm&r=g","contentUrl":"https:\/\/secure.gravatar.com\/avatar\/e67b41513c921c2bb58363f44c8a00a447c9a2526ad8ff71b5b6257e5f7f5c66?s=96&d=mm&r=g","caption":"ir"},"sameAs":["http:\/\/www.mundi-roth.de"],"url":"https:\/\/www.mundi-roth.de\/teneriffa-blog\/author\/ir\/"}]}},"_links":{"self":[{"href":"https:\/\/www.mundi-roth.de\/teneriffa-blog\/wp-json\/wp\/v2\/posts\/14","targetHints":{"allow":["GET"]}}],"collection":[{"href":"https:\/\/www.mundi-roth.de\/teneriffa-blog\/wp-json\/wp\/v2\/posts"}],"about":[{"href":"https:\/\/www.mundi-roth.de\/teneriffa-blog\/wp-json\/wp\/v2\/types\/post"}],"author":[{"embeddable":true,"href":"https:\/\/www.mundi-roth.de\/teneriffa-blog\/wp-json\/wp\/v2\/users\/3"}],"replies":[{"embeddable":true,"href":"https:\/\/www.mundi-roth.de\/teneriffa-blog\/wp-json\/wp\/v2\/comments?post=14"}],"version-history":[{"count":0,"href":"https:\/\/www.mundi-roth.de\/teneriffa-blog\/wp-json\/wp\/v2\/posts\/14\/revisions"}],"wp:attachment":[{"href":"https:\/\/www.mundi-roth.de\/teneriffa-blog\/wp-json\/wp\/v2\/media?parent=14"}],"wp:term":[{"taxonomy":"category","embeddable":true,"href":"https:\/\/www.mundi-roth.de\/teneriffa-blog\/wp-json\/wp\/v2\/categories?post=14"},{"taxonomy":"post_tag","embeddable":true,"href":"https:\/\/www.mundi-roth.de\/teneriffa-blog\/wp-json\/wp\/v2\/tags?post=14"}],"curies":[{"name":"wp","href":"https:\/\/api.w.org\/{rel}","templated":true}]}}