{"id":1408,"date":"2011-04-14T22:00:15","date_gmt":"2011-04-14T21:00:15","guid":{"rendered":"http:\/\/www.mundi-roth.de\/teneriffa-blog\/?p=1408"},"modified":"2015-04-09T15:15:09","modified_gmt":"2015-04-09T14:15:09","slug":"galaumrundung-mal-etwas-anders","status":"publish","type":"post","link":"https:\/\/www.mundi-roth.de\/teneriffa-blog\/wanderungen\/galaumrundung-mal-etwas-anders\/","title":{"rendered":"Galaumrundung &#8211; mal etwas anders"},"content":{"rendered":"<p><strong>Die letzte Wanderung der Saison!<\/strong><br \/>\n<strong> Sie sollte weniger zielorientiert sein, vielmehr wollten wir noch einmal die Farbenpracht und das Bl\u00fctenmeer auf uns wirken lassen und den Eindruck mit nach Hause zu nehmen.<\/strong><br \/>\n<strong> Was bot sich an?<\/strong><a href=\"http:\/\/www.mundi-roth.de\/teneriffa-blog\/wp-content\/uploads\/2011\/04\/Track03.jpg\" rel=\"lightbox[1408]\"><img loading=\"lazy\" decoding=\"async\" class=\"alignright size-thumbnail wp-image-1409\" title=\"Track03\" src=\"http:\/\/www.mundi-roth.de\/teneriffa-blog\/wp-content\/uploads\/2011\/04\/Track03-150x80.jpg\" alt=\"\" width=\"150\" height=\"80\" srcset=\"https:\/\/www.mundi-roth.de\/teneriffa-blog\/wp-content\/uploads\/2011\/04\/Track03-150x80.jpg 150w, https:\/\/www.mundi-roth.de\/teneriffa-blog\/wp-content\/uploads\/2011\/04\/Track03-300x160.jpg 300w, https:\/\/www.mundi-roth.de\/teneriffa-blog\/wp-content\/uploads\/2011\/04\/Track03.jpg 586w\" sizes=\"auto, (max-width: 150px) 100vw, 150px\" \/><\/a><br \/>\n<strong> Um den gro\u00dfen Gala, aber diesmal nicht im Kreis sondern in einer Acht.<\/strong><\/p>\n<p><strong>Wanderwegstrecke:<\/strong> 2 \u00bd Stunden, gut 7 km<br \/>\nWir parken \u2013 wie gewohnt \u2013 am Erjospass bei km 18 der TF 82. Links die steile Auffahrt hoch bis zu dem Pl\u00e4tzchen, auf dem man gut parken kann.<br \/>\nNur wenige Meter weiter zweigt rechts ein gut sichtbarer, breiterer Weg ab: den nehmen wir <strong>nicht<\/strong> sondern &#8211; kaum auszumachen &#8211;\u00a0 geht <a href=\"http:\/\/www.mundi-roth.de\/teneriffa-blog\/wp-content\/uploads\/2011\/04\/P1000709.jpg\" rel=\"lightbox[1408]\"><img loading=\"lazy\" decoding=\"async\" class=\"alignleft size-thumbnail wp-image-1426\" title=\"P1000709\" src=\"http:\/\/www.mundi-roth.de\/teneriffa-blog\/wp-content\/uploads\/2011\/04\/P1000709-150x112.jpg\" alt=\"\" width=\"150\" height=\"112\" srcset=\"https:\/\/www.mundi-roth.de\/teneriffa-blog\/wp-content\/uploads\/2011\/04\/P1000709-150x112.jpg 150w, https:\/\/www.mundi-roth.de\/teneriffa-blog\/wp-content\/uploads\/2011\/04\/P1000709-300x225.jpg 300w, https:\/\/www.mundi-roth.de\/teneriffa-blog\/wp-content\/uploads\/2011\/04\/P1000709.jpg 600w\" sizes=\"auto, (max-width: 150px) 100vw, 150px\" \/><\/a>unmittelbar vorher ein schmaler, fast zugewachsener Pfad ab (ein\u00a0 blau gestrichener, kleiner Pfahl ist etwas unterhalb). Zwischen zart lila bl\u00fchendem Harzklee oder auch Asphaltklee genannt, pinkfarbener Tanger- Platterbse und leuchtendblauen Bonnets Natternkopf und den lila Cinerarien schl\u00e4ngelt sich der wohl kaum begangene Weg zu den Teichen hinab. Begleitet \u2013 rechts wie links &#8211;\u00a0 von den Teichen sto\u00dfen wir nach einer knappen halben Stunde am Ende des ersten auf die neuen Hinweistafeln:<a href=\"http:\/\/www.mundi-roth.de\/teneriffa-blog\/wp-content\/uploads\/2011\/04\/P1000711.jpg\" rel=\"lightbox[1408]\"><img loading=\"lazy\" decoding=\"async\" class=\"alignright size-thumbnail wp-image-1410\" title=\"P1000711\" src=\"http:\/\/www.mundi-roth.de\/teneriffa-blog\/wp-content\/uploads\/2011\/04\/P1000711-150x112.jpg\" alt=\"\" width=\"150\" height=\"112\" srcset=\"https:\/\/www.mundi-roth.de\/teneriffa-blog\/wp-content\/uploads\/2011\/04\/P1000711-150x112.jpg 150w, https:\/\/www.mundi-roth.de\/teneriffa-blog\/wp-content\/uploads\/2011\/04\/P1000711-300x225.jpg 300w, https:\/\/www.mundi-roth.de\/teneriffa-blog\/wp-content\/uploads\/2011\/04\/P1000711.jpg 600w\" sizes=\"auto, (max-width: 150px) 100vw, 150px\" \/><\/a><br \/>\nTF 51, Punta Teno 18,3 km und Cumbre de Bolico 4,3 km.<br \/>\nZwischen den Teichen gehen wir den mit wei\u00df-gelben Strichen markierten Weg ansteigend weiter. Wir lustwandeln regelrecht durch ein blaues Meer des Bonnets Natternkopfes. Die kahlen, verbrannten Zweige des Ginsters erinnern immer noch an den verheerenden Brand von vor 4 Jahren. Wir bestaunen die ehemals mit viel Flei\u00df und harter Arbeit errichteten Terrassen, die heute alle unbewirtschaftet sind und von der Natur zur\u00fcckgeholt wurden.<br \/>\nDer Aufstieg ist steil, jedoch schon nach gut 20 Minuten haben wir die Asphaltstra\u00dfe erreicht und die Hinweistafeln sagen uns, dass es nunmehr nach Punta Teno noch 16,9 km und Cumbre de Bolico 3 km sind.<br \/>\nBis hierher k\u00f6nnte man in einer knappen Halbenstunde vom Parkplatz<a href=\"http:\/\/www.mundi-roth.de\/teneriffa-blog\/wp-content\/uploads\/2011\/04\/P1000722.jpg\" rel=\"lightbox[1408]\"><img loading=\"lazy\" decoding=\"async\" class=\"alignright size-thumbnail wp-image-1412\" title=\"P1000722\" src=\"http:\/\/www.mundi-roth.de\/teneriffa-blog\/wp-content\/uploads\/2011\/04\/P1000722-150x112.jpg\" alt=\"\" width=\"150\" height=\"112\" srcset=\"https:\/\/www.mundi-roth.de\/teneriffa-blog\/wp-content\/uploads\/2011\/04\/P1000722-150x112.jpg 150w, https:\/\/www.mundi-roth.de\/teneriffa-blog\/wp-content\/uploads\/2011\/04\/P1000722-300x225.jpg 300w, https:\/\/www.mundi-roth.de\/teneriffa-blog\/wp-content\/uploads\/2011\/04\/P1000722.jpg 600w\" sizes=\"auto, (max-width: 150px) 100vw, 150px\" \/><\/a> der Asphaltstra\u00dfe folgend gelangen. Man w\u00fcrde sich jedoch zum jetzigen Zeitpunkt selbst eines zauberhaften Anblicks auf den Farbenteppich berauben. Also: Der\u00a0 Umweg hat sich gelohnt.<br \/>\nNun queren wir die Stra\u00dfe und machen die Hangquerung, die wir am 18.11.2011 bei unserer Wanderung <a href=\"http:\/\/www.mundi-roth.de\/teneriffa-blog\/wanderungen\/erjos-pass-%e2%80%93-la-vica-masca\/\">\u201eErjos \u2013 La Vica (Masca)\u201c <\/a>auch schon gemacht haben.<br \/>\nDamals stellten wir fest :<br \/>\nGelb, gelb, gelb: das k\u00f6nnte die \u00dcberschrift \u00fcber den ersten Abschnitt der Wanderung sein.<br \/>\nGelb f\u00fcr G\u00e4nsedistel, gelb f\u00fcr Nickenden Sauerklee, gelb f\u00fcr wilde Ringelbl\u00fcmchen.<\/p>\n<p><a href=\"http:\/\/www.mundi-roth.de\/teneriffa-blog\/wp-content\/uploads\/2011\/04\/P1000726.jpg\" rel=\"lightbox[1408]\"><img loading=\"lazy\" decoding=\"async\" class=\"alignleft size-thumbnail wp-image-1413\" title=\"P1000726\" src=\"http:\/\/www.mundi-roth.de\/teneriffa-blog\/wp-content\/uploads\/2011\/04\/P1000726-150x112.jpg\" alt=\"\" width=\"150\" height=\"112\" srcset=\"https:\/\/www.mundi-roth.de\/teneriffa-blog\/wp-content\/uploads\/2011\/04\/P1000726-150x112.jpg 150w, https:\/\/www.mundi-roth.de\/teneriffa-blog\/wp-content\/uploads\/2011\/04\/P1000726-300x225.jpg 300w, https:\/\/www.mundi-roth.de\/teneriffa-blog\/wp-content\/uploads\/2011\/04\/P1000726.jpg 600w\" sizes=\"auto, (max-width: 150px) 100vw, 150px\" \/><\/a>Diese Zeit ist vorbei, davon zeugen nur noch die Samenst\u00e4nde, bzw. der Nickende Sauerklee hat sich schon fast ganz eingezogen. Als Entsch\u00e4digung daf\u00fcr bl\u00fchen jetzt die wei\u00df-gr\u00fcnlichen B\u00fcsche des Natternkopfes.<br \/>\nEs ist herrlich zu gehen: Die Kiefernnadeln duften, die V\u00f6gel zwitschern, die Sonne scheint und der Ausblick auf <a href=\"http:\/\/www.mundi-roth.de\/teneriffa-blog\/wp-content\/uploads\/2011\/04\/P1000731.jpg\" rel=\"lightbox[1408]\"><img loading=\"lazy\" decoding=\"async\" class=\"alignright size-thumbnail wp-image-1415\" title=\"P1000731\" src=\"http:\/\/www.mundi-roth.de\/teneriffa-blog\/wp-content\/uploads\/2011\/04\/P1000731-150x112.jpg\" alt=\"\" width=\"150\" height=\"112\" srcset=\"https:\/\/www.mundi-roth.de\/teneriffa-blog\/wp-content\/uploads\/2011\/04\/P1000731-150x112.jpg 150w, https:\/\/www.mundi-roth.de\/teneriffa-blog\/wp-content\/uploads\/2011\/04\/P1000731-300x225.jpg 300w, https:\/\/www.mundi-roth.de\/teneriffa-blog\/wp-content\/uploads\/2011\/04\/P1000731.jpg 600w\" sizes=\"auto, (max-width: 150px) 100vw, 150px\" \/><\/a>Pico Viejo und Teide sowie ins Tal nach Valle de Arriba und Santiago del Teide und auf die Masca-Stra\u00dfe weiten den Blick.<br \/>\nKaum sind wir weitere 20 Minuten gegangen, zeigt uns das n\u00e4chste Hinweisschild:<br \/>\nPunta Teno 15,4 km, Cumbre de Bolico 1,4 km.<a href=\"http:\/\/www.mundi-roth.de\/teneriffa-blog\/wp-content\/uploads\/2011\/04\/P1000729.jpg\" rel=\"lightbox[1408]\"><img loading=\"lazy\" decoding=\"async\" class=\"alignright size-thumbnail wp-image-1414\" title=\"P1000729\" src=\"http:\/\/www.mundi-roth.de\/teneriffa-blog\/wp-content\/uploads\/2011\/04\/P1000729-112x150.jpg\" alt=\"\" width=\"112\" height=\"150\" srcset=\"https:\/\/www.mundi-roth.de\/teneriffa-blog\/wp-content\/uploads\/2011\/04\/P1000729-112x150.jpg 112w, https:\/\/www.mundi-roth.de\/teneriffa-blog\/wp-content\/uploads\/2011\/04\/P1000729-225x300.jpg 225w, https:\/\/www.mundi-roth.de\/teneriffa-blog\/wp-content\/uploads\/2011\/04\/P1000729.jpg 450w\" sizes=\"auto, (max-width: 112px) 100vw, 112px\" \/><\/a><br \/>\nLinks zweigt der Weg nach Santiago del Teide ab und <a href=\"http:\/\/www.mundi-roth.de\/teneriffa-blog\/wp-content\/uploads\/2011\/04\/P1000730.jpg\" rel=\"lightbox[1408]\"><img loading=\"lazy\" decoding=\"async\" class=\"alignleft size-thumbnail wp-image-1417\" title=\"P1000730\" src=\"http:\/\/www.mundi-roth.de\/teneriffa-blog\/wp-content\/uploads\/2011\/04\/P1000730-112x150.jpg\" alt=\"\" width=\"112\" height=\"150\" srcset=\"https:\/\/www.mundi-roth.de\/teneriffa-blog\/wp-content\/uploads\/2011\/04\/P1000730-112x150.jpg 112w, https:\/\/www.mundi-roth.de\/teneriffa-blog\/wp-content\/uploads\/2011\/04\/P1000730-225x300.jpg 225w, https:\/\/www.mundi-roth.de\/teneriffa-blog\/wp-content\/uploads\/2011\/04\/P1000730.jpg 450w\" sizes=\"auto, (max-width: 112px) 100vw, 112px\" \/><\/a>f\u00fcr uns beginnt ein 10min\u00fctiger steiler Aufstieg. Kurz aber heftig. Die ersten Montpellier-Zistrosen bl\u00fchen wei\u00df und begleiten uns bis zum Sattel zwischen Gro\u00dfem und Kleinem Gala.<br \/>\nWieder belohnt uns hier vom Cumbre de Bolico (1176 m) ein wunderbarer Blick auf die vor uns liegende Bergkette und das Teno-Gebirge.<br \/>\nWaren es im Februar die gelb bl\u00fchenden G\u00e4nsedisteln die uns begeisterten, so sind es heute die zum Teil riesigen B\u00fcsche des <a href=\"http:\/\/www.mundi-roth.de\/teneriffa-blog\/wp-content\/uploads\/2011\/04\/P1000739.jpg\" rel=\"lightbox[1408]\"><img loading=\"lazy\" decoding=\"async\" class=\"alignleft size-thumbnail wp-image-1418\" title=\"P1000739\" src=\"http:\/\/www.mundi-roth.de\/teneriffa-blog\/wp-content\/uploads\/2011\/04\/P1000739-150x112.jpg\" alt=\"\" width=\"150\" height=\"112\" srcset=\"https:\/\/www.mundi-roth.de\/teneriffa-blog\/wp-content\/uploads\/2011\/04\/P1000739-150x112.jpg 150w, https:\/\/www.mundi-roth.de\/teneriffa-blog\/wp-content\/uploads\/2011\/04\/P1000739-300x225.jpg 300w, https:\/\/www.mundi-roth.de\/teneriffa-blog\/wp-content\/uploads\/2011\/04\/P1000739.jpg 600w\" sizes=\"auto, (max-width: 150px) 100vw, 150px\" \/><\/a>Natternkopfes. Wir waten regelrecht durch ein Bl\u00fctenmeer. Der Weg f\u00fchrt uns erst parallel unterhalb des Gala entlang, um dann zu der<a href=\"http:\/\/www.mundi-roth.de\/teneriffa-blog\/wp-content\/uploads\/2011\/04\/P1000740.jpg\" rel=\"lightbox[1408]\"><img loading=\"lazy\" decoding=\"async\" class=\"alignright size-thumbnail wp-image-1419\" title=\"P1000740\" src=\"http:\/\/www.mundi-roth.de\/teneriffa-blog\/wp-content\/uploads\/2011\/04\/P1000740-150x112.jpg\" alt=\"\" width=\"150\" height=\"112\" srcset=\"https:\/\/www.mundi-roth.de\/teneriffa-blog\/wp-content\/uploads\/2011\/04\/P1000740-150x112.jpg 150w, https:\/\/www.mundi-roth.de\/teneriffa-blog\/wp-content\/uploads\/2011\/04\/P1000740-300x225.jpg 300w, https:\/\/www.mundi-roth.de\/teneriffa-blog\/wp-content\/uploads\/2011\/04\/P1000740.jpg 600w\" sizes=\"auto, (max-width: 150px) 100vw, 150px\" \/><\/a> verfallenen Finca \u2013 vorbei an einer Wassersammel-Installation abzusteigen.<br \/>\nEin knappes halbes St\u00fcndchen dauert dieser wunderbare Gang.<br \/>\nAm Rande des gro\u00dfen, ehemaligen Dreschplatzes machen wir, windgesch\u00fctzt, die obligatorische Apfelpause, mit Blick auf die Gipfel der Gro\u00dfen und Kleinen Gala.<br \/>\nDiesmal dehnen wir die Pause auf eine halbe Stunde aus, denn es ist so sch\u00f6\u00f6\u00f6n! Die Sonne scheint, ein Falke r\u00fcttelt, nur Bienengesumme und Stille.<br \/>\nWir entscheiden, nicht den vorgezeichneten Aufstieg wieder Richtung <a href=\"http:\/\/www.mundi-roth.de\/teneriffa-blog\/wp-content\/uploads\/2011\/04\/P1000746.jpg\" rel=\"lightbox[1408]\"><img loading=\"lazy\" decoding=\"async\" class=\"alignleft size-thumbnail wp-image-1420\" title=\"P1000746\" src=\"http:\/\/www.mundi-roth.de\/teneriffa-blog\/wp-content\/uploads\/2011\/04\/P1000746-150x112.jpg\" alt=\"\" width=\"150\" height=\"112\" srcset=\"https:\/\/www.mundi-roth.de\/teneriffa-blog\/wp-content\/uploads\/2011\/04\/P1000746-150x112.jpg 150w, https:\/\/www.mundi-roth.de\/teneriffa-blog\/wp-content\/uploads\/2011\/04\/P1000746-300x225.jpg 300w, https:\/\/www.mundi-roth.de\/teneriffa-blog\/wp-content\/uploads\/2011\/04\/P1000746.jpg 600w\" sizes=\"auto, (max-width: 150px) 100vw, 150px\" \/><\/a>Gala zu nehmen, sondern wir folgen dem\u00a0 breiten Forstweg der quasi bei 12 Uhr vom Dreschplatz wegf\u00fchrt. Er ist mit gekreuzten<a href=\"http:\/\/www.mundi-roth.de\/teneriffa-blog\/wp-content\/uploads\/2011\/04\/P1000745.jpg\" rel=\"lightbox[1408]\"><img loading=\"lazy\" decoding=\"async\" class=\"alignright size-thumbnail wp-image-1424\" title=\"P1000745\" src=\"http:\/\/www.mundi-roth.de\/teneriffa-blog\/wp-content\/uploads\/2011\/04\/P1000745-150x112.jpg\" alt=\"\" width=\"150\" height=\"112\" srcset=\"https:\/\/www.mundi-roth.de\/teneriffa-blog\/wp-content\/uploads\/2011\/04\/P1000745-150x112.jpg 150w, https:\/\/www.mundi-roth.de\/teneriffa-blog\/wp-content\/uploads\/2011\/04\/P1000745-300x225.jpg 300w, https:\/\/www.mundi-roth.de\/teneriffa-blog\/wp-content\/uploads\/2011\/04\/P1000745.jpg 600w\" sizes=\"auto, (max-width: 150px) 100vw, 150px\" \/><\/a> wei\u00df-gelben Balken gekennzeichnet, passt also nicht in das neue, markierte Wanderschema. Die rechts und links abgehenden Wege interessieren uns heute nicht.<\/p>\n<p>Den Weg, den wir ausgew\u00e4hlt haben, ist uns jedoch von fr\u00fcheren Wanderungen her bekannt und wir wollen unseren nur kurz zu Besuch weilenden Mitwanderern einen kleinen Eindruck des Lorbeerwaldes vermitteln.<br \/>\nZwischen wei\u00df bl\u00fchenden Erikab\u00e4umen, Lorbeerb\u00e4umen und <a href=\"http:\/\/www.mundi-roth.de\/teneriffa-blog\/wp-content\/uploads\/2011\/04\/P1000751.jpg\" rel=\"lightbox[1408]\"><img loading=\"lazy\" decoding=\"async\" class=\"alignright size-thumbnail wp-image-1421\" title=\"P1000751\" src=\"http:\/\/www.mundi-roth.de\/teneriffa-blog\/wp-content\/uploads\/2011\/04\/P1000751-150x112.jpg\" alt=\"\" width=\"150\" height=\"112\" srcset=\"https:\/\/www.mundi-roth.de\/teneriffa-blog\/wp-content\/uploads\/2011\/04\/P1000751-150x112.jpg 150w, https:\/\/www.mundi-roth.de\/teneriffa-blog\/wp-content\/uploads\/2011\/04\/P1000751-300x225.jpg 300w, https:\/\/www.mundi-roth.de\/teneriffa-blog\/wp-content\/uploads\/2011\/04\/P1000751.jpg 600w\" sizes=\"auto, (max-width: 150px) 100vw, 150px\" \/><\/a>Gagelb\u00e4umen wandern wir stets im lichten Schatten aufw\u00e4rts. Lilafarbener Storchschnabel und hellblaue Vergissmeinnicht s\u00e4umen den Weg.<br \/>\nWir bleiben auf dem Forstweg, den etwas sp\u00e4ter rechts abgehenden Weg lassen wir unbeachtet, und gelangen wiederum nach ca. 20 Minuten an das gro\u00dfe Eisentor und sind wieder auf der vom Parkplatz herauff\u00fchrenden Asphaltstra\u00dfe.<br \/>\nVon hier aus rufen wir unsere \u201eDaheimgebliebenen&#8220; an, dass wir vermutlich gegen 14 Uhr im Restaurant \u201eLas Goteras\u201c sein werden, wir reservieren dort auch einen Tisch und marschieren nun in einer weiteren halben Stunde zum geparkten Auto und haben auch auf diesem St\u00fcck noch links und rechts des Weges Blumen und einen tollen Blick auf die Teiche.<a href=\"http:\/\/www.mundi-roth.de\/teneriffa-blog\/wp-content\/uploads\/2011\/04\/P1000754.jpg\" rel=\"lightbox[1408]\"><img loading=\"lazy\" decoding=\"async\" class=\"alignright size-thumbnail wp-image-1423\" title=\"P1000754\" src=\"http:\/\/www.mundi-roth.de\/teneriffa-blog\/wp-content\/uploads\/2011\/04\/P1000754-150x112.jpg\" alt=\"\" width=\"150\" height=\"112\" srcset=\"https:\/\/www.mundi-roth.de\/teneriffa-blog\/wp-content\/uploads\/2011\/04\/P1000754-150x112.jpg 150w, https:\/\/www.mundi-roth.de\/teneriffa-blog\/wp-content\/uploads\/2011\/04\/P1000754-300x225.jpg 300w, https:\/\/www.mundi-roth.de\/teneriffa-blog\/wp-content\/uploads\/2011\/04\/P1000754.jpg 600w\" sizes=\"auto, (max-width: 150px) 100vw, 150px\" \/><\/a><a href=\"http:\/\/www.mundi-roth.de\/teneriffa-blog\/wp-content\/uploads\/2011\/04\/P1000753.jpg\" rel=\"lightbox[1408]\"><img loading=\"lazy\" decoding=\"async\" class=\"aligncenter size-thumbnail wp-image-1422\" title=\"P1000753\" src=\"http:\/\/www.mundi-roth.de\/teneriffa-blog\/wp-content\/uploads\/2011\/04\/P1000753-150x112.jpg\" alt=\"\" width=\"150\" height=\"112\" srcset=\"https:\/\/www.mundi-roth.de\/teneriffa-blog\/wp-content\/uploads\/2011\/04\/P1000753-150x112.jpg 150w, https:\/\/www.mundi-roth.de\/teneriffa-blog\/wp-content\/uploads\/2011\/04\/P1000753-300x225.jpg 300w, https:\/\/www.mundi-roth.de\/teneriffa-blog\/wp-content\/uploads\/2011\/04\/P1000753.jpg 600w\" sizes=\"auto, (max-width: 150px) 100vw, 150px\" \/><\/a><\/p>\n<p><strong>Fazit:<\/strong><br \/>\nEine Saison mit vielen, vielen wundersch\u00f6nen neuen Wanderungen mit meiner lieben Wanderfreundin Elisabeth ist zu Ende.<br \/>\nW\u00fcrde ich eine &#8222;Bestseller-Liste&#8220; erstellen wollen, ich w\u00fc\u00dfte nicht, welche auf Platz 1 landen sollte.<br \/>\nDie eine oder andere erforderte hohe Kondition, wie zum Beispiel die Besteigung des Pico del Teide, die andere Ausdauer, da sie l\u00e4nger dauerte als geplant, andere lie\u00dfen sich leicht gehen und wir waren am Ende \u00fcberrascht, wieviele Stunden sie dauerte.<br \/>\nAllen gemeinsam ist, wir bewegten uns in der so abwechslungsreichen, spannungsgeladenen, bl\u00fctenreichen Natur Teneriffas die ihresgleichen sucht! Und bis auf eine Ausnahme &#8211; bei der es sehr kalt war &#8211; hatten wir riesengro\u00dfes Gl\u00fcck mit dem Wetter. Kaum zu glauben: Immer Sonnenschein!<br \/>\nNach jeder Wanderung blieb ein nachhaltiges Hochgef\u00fchl zur\u00fcck. Wir haben es geschafft! Wir haben wieder etwas Neues entdeckt, erlebt!<br \/>\nWir haben uns begeistert an den Felsformationen, den Aus- und Einblicken auf Bergmassive und in T\u00e4ler, Weitblicke auf die umliegenden Inselln, lie\u00dfen unsere Gedanken mit den Wolken ziehen, hatten durch zuf\u00e4llig Mitwandernde oder im Bus Mitfahrende viele nette und informative Gespr\u00e4che.<br \/>\nWir sind dankbar: Wir haben uns keine Blessuren zugezogen, bei den diversen Pfaden keine Selbstverst\u00e4ndlichkeit.<br \/>\nBleibt uns nur der Ausblick und die Freude auf die n\u00e4chste &#8211; Ende September beginnende &#8211; Saison und die Hoffnung, dass Gesundheit und Kondition weiter &#8222;mitspielen&#8220;.<br \/>\nUnd somit war diese letzte Wanderung eine Zusammenfassung all dessen, was ich oben geschildert habe. Sie war einfach sch\u00f6n!<\/p>\n<p><strong>Anfahrt:<\/strong><\/p>\n<p>Aus Richtung Los Cristianos kommend am Ende der Autobahn auf der TF82 Richtung Guia de Isora und weiter auf der TF82 nach Santiago del Teide und auf der Stra\u00dfe bleibend hoch zum Erjoa-Pass. Unmittelbar nach der Pass-H\u00f6he links hoch zum Parkplatz.<\/p>\n<p><strong>Restaurant:<\/strong><\/p>\n<p><strong>Las Goteras<\/strong> in Tejina de Isora. Hier gibt es unnachahmlich gute Steaks. F\u00fcr den wirklich gro\u00dfen Hunger kann man nur das <strong><em>Churasco<\/em><\/strong> empfehlen. Hat man nicht einen Tisch reserviert (Tel. 922 857056), muss man ziemlich sicher eine Wartezeit in Kauf nehmen.<\/p>\n","protected":false},"excerpt":{"rendered":"<p>Die letzte Wanderung der Saison! Sie sollte weniger zielorientiert sein, vielmehr wollten wir noch einmal die Farbenpracht und das Bl\u00fctenmeer auf uns wirken lassen und den Eindruck mit nach Hause zu nehmen. Was bot sich an? Um den gro\u00dfen Gala, aber diesmal nicht im Kreis sondern in einer Acht. Wanderwegstrecke: 2 \u00bd Stunden, gut 7 [&hellip;]<\/p>\n","protected":false},"author":3,"featured_media":0,"comment_status":"open","ping_status":"open","sticky":false,"template":"","format":"standard","meta":{"footnotes":""},"categories":[777,6],"tags":[491,137,222,67,439,259,446],"class_list":["post-1408","post","type-post","status-publish","format-standard","hentry","category-santiago-del-teide","category-wanderungen","tag-erjospass","tag-gala","tag-natternkopf","tag-santiago-del-teide","tag-teneriffa-wandern","tag-valle-de-arriba","tag-wandern-teneriffa"],"yoast_head":"<!-- This site is optimized with the Yoast SEO plugin v27.5 - https:\/\/yoast.com\/product\/yoast-seo-wordpress\/ -->\n<title>Galaumrundung - mal etwas anders - Teneriffa Wandern<\/title>\n<meta name=\"robots\" content=\"index, follow, max-snippet:-1, max-image-preview:large, max-video-preview:-1\" \/>\n<link rel=\"canonical\" href=\"https:\/\/www.mundi-roth.de\/teneriffa-blog\/wanderungen\/galaumrundung-mal-etwas-anders\/\" \/>\n<meta name=\"twitter:label1\" content=\"Verfasst von\" \/>\n\t<meta name=\"twitter:data1\" content=\"ir\" \/>\n\t<meta name=\"twitter:label2\" content=\"Gesch\u00e4tzte Lesezeit\" \/>\n\t<meta name=\"twitter:data2\" content=\"6\u00a0Minuten\" \/>\n<script type=\"application\/ld+json\" class=\"yoast-schema-graph\">{\"@context\":\"https:\\\/\\\/schema.org\",\"@graph\":[{\"@type\":\"Article\",\"@id\":\"https:\\\/\\\/www.mundi-roth.de\\\/teneriffa-blog\\\/wanderungen\\\/galaumrundung-mal-etwas-anders\\\/#article\",\"isPartOf\":{\"@id\":\"https:\\\/\\\/www.mundi-roth.de\\\/teneriffa-blog\\\/wanderungen\\\/galaumrundung-mal-etwas-anders\\\/\"},\"author\":{\"name\":\"ir\",\"@id\":\"https:\\\/\\\/www.mundi-roth.de\\\/teneriffa-blog\\\/#\\\/schema\\\/person\\\/3afd0d251449790d15367c9aa52d203d\"},\"headline\":\"Galaumrundung &#8211; mal etwas anders\",\"datePublished\":\"2011-04-14T21:00:15+00:00\",\"dateModified\":\"2015-04-09T14:15:09+00:00\",\"mainEntityOfPage\":{\"@id\":\"https:\\\/\\\/www.mundi-roth.de\\\/teneriffa-blog\\\/wanderungen\\\/galaumrundung-mal-etwas-anders\\\/\"},\"wordCount\":1200,\"commentCount\":0,\"image\":{\"@id\":\"https:\\\/\\\/www.mundi-roth.de\\\/teneriffa-blog\\\/wanderungen\\\/galaumrundung-mal-etwas-anders\\\/#primaryimage\"},\"thumbnailUrl\":\"http:\\\/\\\/www.mundi-roth.de\\\/teneriffa-blog\\\/wp-content\\\/uploads\\\/2011\\\/04\\\/Track03-150x80.jpg\",\"keywords\":[\"Erjospass\",\"Gala\",\"Natternkopf\",\"Santiago del Teide\",\"Teneriffa Wandern\",\"Valle de Arriba\",\"Wandern Teneriffa\"],\"articleSection\":[\"Santiago del Teide\",\"Wanderungen\"],\"inLanguage\":\"de\",\"potentialAction\":[{\"@type\":\"CommentAction\",\"name\":\"Comment\",\"target\":[\"https:\\\/\\\/www.mundi-roth.de\\\/teneriffa-blog\\\/wanderungen\\\/galaumrundung-mal-etwas-anders\\\/#respond\"]}]},{\"@type\":\"WebPage\",\"@id\":\"https:\\\/\\\/www.mundi-roth.de\\\/teneriffa-blog\\\/wanderungen\\\/galaumrundung-mal-etwas-anders\\\/\",\"url\":\"https:\\\/\\\/www.mundi-roth.de\\\/teneriffa-blog\\\/wanderungen\\\/galaumrundung-mal-etwas-anders\\\/\",\"name\":\"Galaumrundung - mal etwas anders - Teneriffa Wandern\",\"isPartOf\":{\"@id\":\"https:\\\/\\\/www.mundi-roth.de\\\/teneriffa-blog\\\/#website\"},\"primaryImageOfPage\":{\"@id\":\"https:\\\/\\\/www.mundi-roth.de\\\/teneriffa-blog\\\/wanderungen\\\/galaumrundung-mal-etwas-anders\\\/#primaryimage\"},\"image\":{\"@id\":\"https:\\\/\\\/www.mundi-roth.de\\\/teneriffa-blog\\\/wanderungen\\\/galaumrundung-mal-etwas-anders\\\/#primaryimage\"},\"thumbnailUrl\":\"http:\\\/\\\/www.mundi-roth.de\\\/teneriffa-blog\\\/wp-content\\\/uploads\\\/2011\\\/04\\\/Track03-150x80.jpg\",\"datePublished\":\"2011-04-14T21:00:15+00:00\",\"dateModified\":\"2015-04-09T14:15:09+00:00\",\"author\":{\"@id\":\"https:\\\/\\\/www.mundi-roth.de\\\/teneriffa-blog\\\/#\\\/schema\\\/person\\\/3afd0d251449790d15367c9aa52d203d\"},\"breadcrumb\":{\"@id\":\"https:\\\/\\\/www.mundi-roth.de\\\/teneriffa-blog\\\/wanderungen\\\/galaumrundung-mal-etwas-anders\\\/#breadcrumb\"},\"inLanguage\":\"de\",\"potentialAction\":[{\"@type\":\"ReadAction\",\"target\":[\"https:\\\/\\\/www.mundi-roth.de\\\/teneriffa-blog\\\/wanderungen\\\/galaumrundung-mal-etwas-anders\\\/\"]}]},{\"@type\":\"ImageObject\",\"inLanguage\":\"de\",\"@id\":\"https:\\\/\\\/www.mundi-roth.de\\\/teneriffa-blog\\\/wanderungen\\\/galaumrundung-mal-etwas-anders\\\/#primaryimage\",\"url\":\"https:\\\/\\\/www.mundi-roth.de\\\/teneriffa-blog\\\/wp-content\\\/uploads\\\/2011\\\/04\\\/Track03.jpg\",\"contentUrl\":\"https:\\\/\\\/www.mundi-roth.de\\\/teneriffa-blog\\\/wp-content\\\/uploads\\\/2011\\\/04\\\/Track03.jpg\",\"width\":\"586\",\"height\":\"314\"},{\"@type\":\"BreadcrumbList\",\"@id\":\"https:\\\/\\\/www.mundi-roth.de\\\/teneriffa-blog\\\/wanderungen\\\/galaumrundung-mal-etwas-anders\\\/#breadcrumb\",\"itemListElement\":[{\"@type\":\"ListItem\",\"position\":1,\"name\":\"Startseite\",\"item\":\"https:\\\/\\\/www.mundi-roth.de\\\/teneriffa-blog\\\/\"},{\"@type\":\"ListItem\",\"position\":2,\"name\":\"Galaumrundung &#8211; mal etwas anders\"}]},{\"@type\":\"WebSite\",\"@id\":\"https:\\\/\\\/www.mundi-roth.de\\\/teneriffa-blog\\\/#website\",\"url\":\"https:\\\/\\\/www.mundi-roth.de\\\/teneriffa-blog\\\/\",\"name\":\"Teneriffa Wandern\",\"description\":\"Nicht nur Wanderungen auf Teneriffa...\",\"potentialAction\":[{\"@type\":\"SearchAction\",\"target\":{\"@type\":\"EntryPoint\",\"urlTemplate\":\"https:\\\/\\\/www.mundi-roth.de\\\/teneriffa-blog\\\/?s={search_term_string}\"},\"query-input\":{\"@type\":\"PropertyValueSpecification\",\"valueRequired\":true,\"valueName\":\"search_term_string\"}}],\"inLanguage\":\"de\"},{\"@type\":\"Person\",\"@id\":\"https:\\\/\\\/www.mundi-roth.de\\\/teneriffa-blog\\\/#\\\/schema\\\/person\\\/3afd0d251449790d15367c9aa52d203d\",\"name\":\"ir\",\"image\":{\"@type\":\"ImageObject\",\"inLanguage\":\"de\",\"@id\":\"https:\\\/\\\/secure.gravatar.com\\\/avatar\\\/e67b41513c921c2bb58363f44c8a00a447c9a2526ad8ff71b5b6257e5f7f5c66?s=96&d=mm&r=g\",\"url\":\"https:\\\/\\\/secure.gravatar.com\\\/avatar\\\/e67b41513c921c2bb58363f44c8a00a447c9a2526ad8ff71b5b6257e5f7f5c66?s=96&d=mm&r=g\",\"contentUrl\":\"https:\\\/\\\/secure.gravatar.com\\\/avatar\\\/e67b41513c921c2bb58363f44c8a00a447c9a2526ad8ff71b5b6257e5f7f5c66?s=96&d=mm&r=g\",\"caption\":\"ir\"},\"sameAs\":[\"http:\\\/\\\/www.mundi-roth.de\"],\"url\":\"https:\\\/\\\/www.mundi-roth.de\\\/teneriffa-blog\\\/author\\\/ir\\\/\"}]}<\/script>\n<!-- \/ Yoast SEO plugin. -->","yoast_head_json":{"title":"Galaumrundung - mal etwas anders - Teneriffa Wandern","robots":{"index":"index","follow":"follow","max-snippet":"max-snippet:-1","max-image-preview":"max-image-preview:large","max-video-preview":"max-video-preview:-1"},"canonical":"https:\/\/www.mundi-roth.de\/teneriffa-blog\/wanderungen\/galaumrundung-mal-etwas-anders\/","twitter_misc":{"Verfasst von":"ir","Gesch\u00e4tzte Lesezeit":"6\u00a0Minuten"},"schema":{"@context":"https:\/\/schema.org","@graph":[{"@type":"Article","@id":"https:\/\/www.mundi-roth.de\/teneriffa-blog\/wanderungen\/galaumrundung-mal-etwas-anders\/#article","isPartOf":{"@id":"https:\/\/www.mundi-roth.de\/teneriffa-blog\/wanderungen\/galaumrundung-mal-etwas-anders\/"},"author":{"name":"ir","@id":"https:\/\/www.mundi-roth.de\/teneriffa-blog\/#\/schema\/person\/3afd0d251449790d15367c9aa52d203d"},"headline":"Galaumrundung &#8211; mal etwas anders","datePublished":"2011-04-14T21:00:15+00:00","dateModified":"2015-04-09T14:15:09+00:00","mainEntityOfPage":{"@id":"https:\/\/www.mundi-roth.de\/teneriffa-blog\/wanderungen\/galaumrundung-mal-etwas-anders\/"},"wordCount":1200,"commentCount":0,"image":{"@id":"https:\/\/www.mundi-roth.de\/teneriffa-blog\/wanderungen\/galaumrundung-mal-etwas-anders\/#primaryimage"},"thumbnailUrl":"http:\/\/www.mundi-roth.de\/teneriffa-blog\/wp-content\/uploads\/2011\/04\/Track03-150x80.jpg","keywords":["Erjospass","Gala","Natternkopf","Santiago del Teide","Teneriffa Wandern","Valle de Arriba","Wandern Teneriffa"],"articleSection":["Santiago del Teide","Wanderungen"],"inLanguage":"de","potentialAction":[{"@type":"CommentAction","name":"Comment","target":["https:\/\/www.mundi-roth.de\/teneriffa-blog\/wanderungen\/galaumrundung-mal-etwas-anders\/#respond"]}]},{"@type":"WebPage","@id":"https:\/\/www.mundi-roth.de\/teneriffa-blog\/wanderungen\/galaumrundung-mal-etwas-anders\/","url":"https:\/\/www.mundi-roth.de\/teneriffa-blog\/wanderungen\/galaumrundung-mal-etwas-anders\/","name":"Galaumrundung - mal etwas anders - Teneriffa Wandern","isPartOf":{"@id":"https:\/\/www.mundi-roth.de\/teneriffa-blog\/#website"},"primaryImageOfPage":{"@id":"https:\/\/www.mundi-roth.de\/teneriffa-blog\/wanderungen\/galaumrundung-mal-etwas-anders\/#primaryimage"},"image":{"@id":"https:\/\/www.mundi-roth.de\/teneriffa-blog\/wanderungen\/galaumrundung-mal-etwas-anders\/#primaryimage"},"thumbnailUrl":"http:\/\/www.mundi-roth.de\/teneriffa-blog\/wp-content\/uploads\/2011\/04\/Track03-150x80.jpg","datePublished":"2011-04-14T21:00:15+00:00","dateModified":"2015-04-09T14:15:09+00:00","author":{"@id":"https:\/\/www.mundi-roth.de\/teneriffa-blog\/#\/schema\/person\/3afd0d251449790d15367c9aa52d203d"},"breadcrumb":{"@id":"https:\/\/www.mundi-roth.de\/teneriffa-blog\/wanderungen\/galaumrundung-mal-etwas-anders\/#breadcrumb"},"inLanguage":"de","potentialAction":[{"@type":"ReadAction","target":["https:\/\/www.mundi-roth.de\/teneriffa-blog\/wanderungen\/galaumrundung-mal-etwas-anders\/"]}]},{"@type":"ImageObject","inLanguage":"de","@id":"https:\/\/www.mundi-roth.de\/teneriffa-blog\/wanderungen\/galaumrundung-mal-etwas-anders\/#primaryimage","url":"https:\/\/www.mundi-roth.de\/teneriffa-blog\/wp-content\/uploads\/2011\/04\/Track03.jpg","contentUrl":"https:\/\/www.mundi-roth.de\/teneriffa-blog\/wp-content\/uploads\/2011\/04\/Track03.jpg","width":"586","height":"314"},{"@type":"BreadcrumbList","@id":"https:\/\/www.mundi-roth.de\/teneriffa-blog\/wanderungen\/galaumrundung-mal-etwas-anders\/#breadcrumb","itemListElement":[{"@type":"ListItem","position":1,"name":"Startseite","item":"https:\/\/www.mundi-roth.de\/teneriffa-blog\/"},{"@type":"ListItem","position":2,"name":"Galaumrundung &#8211; mal etwas anders"}]},{"@type":"WebSite","@id":"https:\/\/www.mundi-roth.de\/teneriffa-blog\/#website","url":"https:\/\/www.mundi-roth.de\/teneriffa-blog\/","name":"Teneriffa Wandern","description":"Nicht nur Wanderungen auf Teneriffa...","potentialAction":[{"@type":"SearchAction","target":{"@type":"EntryPoint","urlTemplate":"https:\/\/www.mundi-roth.de\/teneriffa-blog\/?s={search_term_string}"},"query-input":{"@type":"PropertyValueSpecification","valueRequired":true,"valueName":"search_term_string"}}],"inLanguage":"de"},{"@type":"Person","@id":"https:\/\/www.mundi-roth.de\/teneriffa-blog\/#\/schema\/person\/3afd0d251449790d15367c9aa52d203d","name":"ir","image":{"@type":"ImageObject","inLanguage":"de","@id":"https:\/\/secure.gravatar.com\/avatar\/e67b41513c921c2bb58363f44c8a00a447c9a2526ad8ff71b5b6257e5f7f5c66?s=96&d=mm&r=g","url":"https:\/\/secure.gravatar.com\/avatar\/e67b41513c921c2bb58363f44c8a00a447c9a2526ad8ff71b5b6257e5f7f5c66?s=96&d=mm&r=g","contentUrl":"https:\/\/secure.gravatar.com\/avatar\/e67b41513c921c2bb58363f44c8a00a447c9a2526ad8ff71b5b6257e5f7f5c66?s=96&d=mm&r=g","caption":"ir"},"sameAs":["http:\/\/www.mundi-roth.de"],"url":"https:\/\/www.mundi-roth.de\/teneriffa-blog\/author\/ir\/"}]}},"_links":{"self":[{"href":"https:\/\/www.mundi-roth.de\/teneriffa-blog\/wp-json\/wp\/v2\/posts\/1408","targetHints":{"allow":["GET"]}}],"collection":[{"href":"https:\/\/www.mundi-roth.de\/teneriffa-blog\/wp-json\/wp\/v2\/posts"}],"about":[{"href":"https:\/\/www.mundi-roth.de\/teneriffa-blog\/wp-json\/wp\/v2\/types\/post"}],"author":[{"embeddable":true,"href":"https:\/\/www.mundi-roth.de\/teneriffa-blog\/wp-json\/wp\/v2\/users\/3"}],"replies":[{"embeddable":true,"href":"https:\/\/www.mundi-roth.de\/teneriffa-blog\/wp-json\/wp\/v2\/comments?post=1408"}],"version-history":[{"count":0,"href":"https:\/\/www.mundi-roth.de\/teneriffa-blog\/wp-json\/wp\/v2\/posts\/1408\/revisions"}],"wp:attachment":[{"href":"https:\/\/www.mundi-roth.de\/teneriffa-blog\/wp-json\/wp\/v2\/media?parent=1408"}],"wp:term":[{"taxonomy":"category","embeddable":true,"href":"https:\/\/www.mundi-roth.de\/teneriffa-blog\/wp-json\/wp\/v2\/categories?post=1408"},{"taxonomy":"post_tag","embeddable":true,"href":"https:\/\/www.mundi-roth.de\/teneriffa-blog\/wp-json\/wp\/v2\/tags?post=1408"}],"curies":[{"name":"wp","href":"https:\/\/api.w.org\/{rel}","templated":true}]}}