{"id":1465,"date":"2011-10-06T20:00:39","date_gmt":"2011-10-06T19:00:39","guid":{"rendered":"http:\/\/www.mundi-roth.de\/teneriffa-blog\/?p=1465"},"modified":"2015-04-09T15:12:21","modified_gmt":"2015-04-09T14:12:21","slug":"aguamansa-%e2%80%93-pinolere","status":"publish","type":"post","link":"https:\/\/www.mundi-roth.de\/teneriffa-blog\/wanderungen\/aguamansa-%e2%80%93-pinolere\/","title":{"rendered":"Aguamansa \u2013 Pinolere"},"content":{"rendered":"<p><strong>Ja, wir sind wieder da und eine, hoffentlich so sch\u00f6ne Wandersaison wie die vergangene, beginnen wir wieder mit einer nicht ganz so anspruchsvollen Tour.<\/strong><br \/>\n<strong>Hei\u00dft es sonst \u201eder Weg ist das Ziel\u201c so trifft auf die heutige Wanderung zu: \u201ePinolere mit dem Museumsdorf ist das Ziel\u201c.<\/strong><\/p>\n<p><strong>Wanderwegstrecke: Hinweg 1 Stunde 45 Minuten<\/strong><br \/>\n<!--more-->Den R\u00fcckweg haben wir uns \u201egeschenkt\u201c. Es war uns zu warm und da wir Nichtwanderer dabei haben, die sowieso mit dem Wagen nach Pinolere weitergefahren sind, war das kein Problem.<\/p>\n<p><a href=\"http:\/\/www.mundi-roth.de\/teneriffa-blog\/wp-content\/uploads\/2011\/10\/P1000448.jpg\" rel=\"lightbox[1465]\"><img loading=\"lazy\" decoding=\"async\" class=\"alignleft size-thumbnail wp-image-1468\" title=\"P1000448\" src=\"http:\/\/www.mundi-roth.de\/teneriffa-blog\/wp-content\/uploads\/2011\/10\/P1000448-150x128.jpg\" alt=\"\" width=\"150\" height=\"128\" srcset=\"https:\/\/www.mundi-roth.de\/teneriffa-blog\/wp-content\/uploads\/2011\/10\/P1000448-150x128.jpg 150w, https:\/\/www.mundi-roth.de\/teneriffa-blog\/wp-content\/uploads\/2011\/10\/P1000448-300x257.jpg 300w, https:\/\/www.mundi-roth.de\/teneriffa-blog\/wp-content\/uploads\/2011\/10\/P1000448.jpg 600w\" sizes=\"auto, (max-width: 150px) 100vw, 150px\" \/><\/a>Der Start von der Caldera aus ist uns nun schon von einigen Wanderungen her vertraut und nach dem Studium der aush\u00e4ngenden Karte und dem Hinweisschild\u00a0 TF 35.1 \u201ePinolere 6,3 km\u201c geht es um 11.30 Uhr los.<\/p>\n<p>Der breite Forstweg ist uns ebenfalls bekannt. Vorbei an Pedro Gil, Casa de<a href=\"http:\/\/www.mundi-roth.de\/teneriffa-blog\/wp-content\/uploads\/2011\/10\/P1020502.jpg\" rel=\"lightbox[1465]\"><img loading=\"lazy\" decoding=\"async\" class=\"alignright size-thumbnail wp-image-1467\" title=\"P1020502\" src=\"http:\/\/www.mundi-roth.de\/teneriffa-blog\/wp-content\/uploads\/2011\/10\/P1020502-112x150.jpg\" alt=\"\" width=\"112\" height=\"150\" srcset=\"https:\/\/www.mundi-roth.de\/teneriffa-blog\/wp-content\/uploads\/2011\/10\/P1020502-112x150.jpg 112w, https:\/\/www.mundi-roth.de\/teneriffa-blog\/wp-content\/uploads\/2011\/10\/P1020502-225x300.jpg 225w, https:\/\/www.mundi-roth.de\/teneriffa-blog\/wp-content\/uploads\/2011\/10\/P1020502.jpg 450w\" sizes=\"auto, (max-width: 112px) 100vw, 112px\" \/><\/a> Agua folgen wir den h\u00e4ufig aufgestellten Hinweistafeln. Rechter Hand begleiten uns zum Teil beeindruckende Felsformationen, linker Hand geben die Str\u00e4ucher und B\u00e4ume den Blick auf den Teide frei und auf das Orotavatal.<\/p>\n<p>Die ersten 4 km sind ein leichter\u00a0 Spaziergang. Dann haben wir die Wahl: \u201ePinolere 2,8 km oder Pinolere 2,1 <a href=\"http:\/\/www.mundi-roth.de\/teneriffa-blog\/wp-content\/uploads\/2011\/10\/P1020511.jpg\" rel=\"lightbox[1465]\"><img loading=\"lazy\" decoding=\"async\" class=\"alignleft size-thumbnail wp-image-1466\" title=\"P1020511\" src=\"http:\/\/www.mundi-roth.de\/teneriffa-blog\/wp-content\/uploads\/2011\/10\/P1020511-150x112.jpg\" alt=\"\" width=\"150\" height=\"112\" srcset=\"https:\/\/www.mundi-roth.de\/teneriffa-blog\/wp-content\/uploads\/2011\/10\/P1020511-150x112.jpg 150w, https:\/\/www.mundi-roth.de\/teneriffa-blog\/wp-content\/uploads\/2011\/10\/P1020511-300x225.jpg 300w, https:\/\/www.mundi-roth.de\/teneriffa-blog\/wp-content\/uploads\/2011\/10\/P1020511.jpg 600w\" sizes=\"auto, (max-width: 150px) 100vw, 150px\" \/><\/a>km\u201c. Wir entscheiden uns f\u00fcr die k\u00fcrzere Variante und wollen die l\u00e4ngere Strecke zur\u00fcck gehen.<br \/>\nNun gestaltet sich die Strecke wie wir es gerne haben: ein malerischer,\u00a0 schmaler Pfad von B\u00e4umen und Str\u00e4uchern ges\u00e4umt und beschattet, <a href=\"http:\/\/www.mundi-roth.de\/teneriffa-blog\/wp-content\/uploads\/2011\/10\/P1020512.jpg\" rel=\"lightbox[1465]\"><img loading=\"lazy\" decoding=\"async\" class=\"alignright size-thumbnail wp-image-1469\" title=\"P1020512\" src=\"http:\/\/www.mundi-roth.de\/teneriffa-blog\/wp-content\/uploads\/2011\/10\/P1020512-150x112.jpg\" alt=\"\" width=\"150\" height=\"112\" srcset=\"https:\/\/www.mundi-roth.de\/teneriffa-blog\/wp-content\/uploads\/2011\/10\/P1020512-150x112.jpg 150w, https:\/\/www.mundi-roth.de\/teneriffa-blog\/wp-content\/uploads\/2011\/10\/P1020512-300x225.jpg 300w, https:\/\/www.mundi-roth.de\/teneriffa-blog\/wp-content\/uploads\/2011\/10\/P1020512.jpg 600w\" sizes=\"auto, (max-width: 150px) 100vw, 150px\" \/><\/a>jedoch sehr, sehr\u00a0 steil und auf den Kiefernnadeln auch etwas rutschig.<\/p>\n<p>Eine detaillierte Beschreibung des Weges er\u00fcbrigt\u00a0 sich, da <a href=\"http:\/\/www.mundi-roth.de\/teneriffa-blog\/wp-content\/uploads\/2011\/10\/P1020514.jpg\" rel=\"lightbox[1465]\"><img loading=\"lazy\" decoding=\"async\" class=\"alignleft size-thumbnail wp-image-1470\" title=\"P1020514\" src=\"http:\/\/www.mundi-roth.de\/teneriffa-blog\/wp-content\/uploads\/2011\/10\/P1020514-150x112.jpg\" alt=\"\" width=\"150\" height=\"112\" srcset=\"https:\/\/www.mundi-roth.de\/teneriffa-blog\/wp-content\/uploads\/2011\/10\/P1020514-150x112.jpg 150w, https:\/\/www.mundi-roth.de\/teneriffa-blog\/wp-content\/uploads\/2011\/10\/P1020514-300x225.jpg 300w, https:\/\/www.mundi-roth.de\/teneriffa-blog\/wp-content\/uploads\/2011\/10\/P1020514.jpg 600w\" sizes=\"auto, (max-width: 150px) 100vw, 150px\" \/><\/a>die gesamte Wanderung\u00a0 sehr gut mit den wei\u00df-gelben Balken markiert ist.<br \/>\nLediglich im Ort Pinolere selbst fragen wir nach dem Museumsdorf, h\u00e4tten es jedoch auch so gefunden, da die asphaltierte Stra\u00dfe unmittelbar daran vorbeif\u00fchrt.<\/p>\n<p><strong>Besonderheit:<\/strong><br \/>\nKeiner meiner Teneriffa- oder Wanderf\u00fchrer hat Pinolere im Verzeichnis.<br \/>\nDabei besteht seit 10 Jahren dieses liebevoll gestaltete Museumsdorf. Es ist nicht staatlich sondern wurde von der Orts-Gemeinschaft errichtet, und wird auch von ihr verwaltet und betreut.<\/p>\n<p>Der junge Museumsw\u00e4chter erkl\u00e4rt uns, dass der Besucherzulauf \u00e4u\u00dferst gering ist. Jedoch dient das Museumsdorf auch dem Zweck, den Kindergarten- und Grundschulkindern der St\u00e4dte das Landleben und &#8222;wie es fr\u00fcher einmal war&#8220; nahe zu bringen.<br \/>\nIhnen klar zu machen, dass die Milch nicht aus der \u201elata\u201c, der Dose,\u00a0 dem Tetra Pak kommt. Zu diesen Besuchen erscheint dann auch ein Ziegenhirte mit seinen Tieren und es wird das Melken demonstriert.<\/p>\n<p><a href=\"http:\/\/www.mundi-roth.de\/teneriffa-blog\/wp-content\/uploads\/2011\/10\/SANY0689.jpg\" rel=\"lightbox[1465]\"><img loading=\"lazy\" decoding=\"async\" class=\"alignleft size-thumbnail wp-image-1477\" title=\"SANY0689\" src=\"http:\/\/www.mundi-roth.de\/teneriffa-blog\/wp-content\/uploads\/2011\/10\/SANY0689-150x112.jpg\" alt=\"\" width=\"150\" height=\"112\" srcset=\"https:\/\/www.mundi-roth.de\/teneriffa-blog\/wp-content\/uploads\/2011\/10\/SANY0689-150x112.jpg 150w, https:\/\/www.mundi-roth.de\/teneriffa-blog\/wp-content\/uploads\/2011\/10\/SANY0689-300x225.jpg 300w, https:\/\/www.mundi-roth.de\/teneriffa-blog\/wp-content\/uploads\/2011\/10\/SANY0689.jpg 600w\" sizes=\"auto, (max-width: 150px) 100vw, 150px\" \/><\/a>In einigen kleinen H\u00fctten, alle mit den typischen strohgedeckten D\u00e4chern &#8211; zum Teil nur ein Raum &#8211; wird demonstriert, wie man noch Anfang bis Mitte des letzten Jahrhunderts auf Teneriffa gelebt hat.<br \/>\nLiebevoll sind die H\u00e4uschen eingerichtet, so als h\u00e4tten die Bewohner sie nur mal eben verlassen, um z.B. die W\u00e4sche aufzuh\u00e4ngen oder die H\u00fchner, Kaninchen und Enten zu f\u00fcttern.<\/p>\n<p>In anderen H\u00fctten wird anschaulich die Korbflechterei aus den verschiedensten Materialien wie Stroh, Palmwedel, Bananenbl\u00e4ttern oder<a href=\"http:\/\/www.mundi-roth.de\/teneriffa-blog\/wp-content\/uploads\/2011\/10\/SANY0684.jpg\" rel=\"lightbox[1465]\"><img loading=\"lazy\" decoding=\"async\" class=\"alignright size-thumbnail wp-image-1474\" title=\"SANY0684\" src=\"http:\/\/www.mundi-roth.de\/teneriffa-blog\/wp-content\/uploads\/2011\/10\/SANY0684-150x112.jpg\" alt=\"\" width=\"150\" height=\"112\" srcset=\"https:\/\/www.mundi-roth.de\/teneriffa-blog\/wp-content\/uploads\/2011\/10\/SANY0684-150x112.jpg 150w, https:\/\/www.mundi-roth.de\/teneriffa-blog\/wp-content\/uploads\/2011\/10\/SANY0684-300x225.jpg 300w, https:\/\/www.mundi-roth.de\/teneriffa-blog\/wp-content\/uploads\/2011\/10\/SANY0684.jpg 600w\" sizes=\"auto, (max-width: 150px) 100vw, 150px\" \/><\/a> Bambus vorgestellt. Die daraus gefertigten K\u00f6rbe dienten zur Erleichterung aller m\u00f6glichen Arbeiten. So vom N\u00e4hk\u00f6rbchen bis zum gewaltigen Lastenkorb.<\/p>\n<p>Auch ein Dreschplatz ist vorhanden und auch <a href=\"http:\/\/www.mundi-roth.de\/teneriffa-blog\/wp-content\/uploads\/2011\/10\/P1020526.jpg\" rel=\"lightbox[1465]\"><img loading=\"lazy\" decoding=\"async\" class=\"alignleft size-thumbnail wp-image-1475\" title=\"P1020526\" src=\"http:\/\/www.mundi-roth.de\/teneriffa-blog\/wp-content\/uploads\/2011\/10\/P1020526-150x112.jpg\" alt=\"\" width=\"150\" height=\"112\" srcset=\"https:\/\/www.mundi-roth.de\/teneriffa-blog\/wp-content\/uploads\/2011\/10\/P1020526-150x112.jpg 150w, https:\/\/www.mundi-roth.de\/teneriffa-blog\/wp-content\/uploads\/2011\/10\/P1020526-300x225.jpg 300w, https:\/\/www.mundi-roth.de\/teneriffa-blog\/wp-content\/uploads\/2011\/10\/P1020526.jpg 600w\" sizes=\"auto, (max-width: 150px) 100vw, 150px\" \/><\/a>der \u201eDonnerbalken\u201c fehlt nicht.<\/p>\n<p>Selbst einen kleinen \u201eSupermarkt\u201c gibt es in dem von Kartoffeln bis Kohlen alles angeboten wurde.<\/p>\n<p>&nbsp;<\/p>\n<p><strong>Fazit:<\/strong> Sehenswert! Ganz liebevoll und sch\u00f6n gestaltet.<br \/>\nDie \u00d6ffnungszeiten sind von Dienstag bis Sonntag von 10 bis 14 Uhr. Eintritt 2 Euro.<br \/>\nDa die \u00d6ffnungszeiten nicht ganz so streng genommen werden (bei unserem Besuch wurde erst gegen 12 Uhr ge\u00f6ffnet &#8211; wir waren allerdings auch die einzigen Besucher) sollte man vielleicht vorher anrufen:<br \/>\nTelefon: 922 336 733 oder 922 32 26 78<br \/>\nWill man mit dem Wagen anfahren, findet man es laut Beschreibung:<br \/>\n\u201eWenn man von der Zufahrtsstrasse Richtung Teide rechts nach Pinolere abbiegt und dieser Strass folgt, bis man an eine kleine Plaza kommt. Um diese muss man einmal drumherum laufen, denn der Eingang zum Museumsdorf liegt genau hinter der Plaza.\u201c<\/p>\n<p><strong>Restaurant: <a href=\"http:\/\/www.mundi-roth.de\/teneriffa-blog\/wp-content\/uploads\/2011\/10\/P10205351.jpg\" rel=\"lightbox[1465]\"><img loading=\"lazy\" decoding=\"async\" class=\"alignleft size-thumbnail wp-image-1473\" title=\"P1020535\" src=\"http:\/\/www.mundi-roth.de\/teneriffa-blog\/wp-content\/uploads\/2011\/10\/P10205351-150x94.jpg\" alt=\"\" width=\"150\" height=\"94\" srcset=\"https:\/\/www.mundi-roth.de\/teneriffa-blog\/wp-content\/uploads\/2011\/10\/P10205351-150x94.jpg 150w, https:\/\/www.mundi-roth.de\/teneriffa-blog\/wp-content\/uploads\/2011\/10\/P10205351-300x188.jpg 300w, https:\/\/www.mundi-roth.de\/teneriffa-blog\/wp-content\/uploads\/2011\/10\/P10205351.jpg 600w\" sizes=\"auto, (max-width: 150px) 100vw, 150px\" \/><\/a><\/strong><br \/>\nHermanos Polo, Tel. 661 065 506.<\/p>\n<p>Da\u00a0 es inzwischen 14 Uhr geworden ist und wir den liebensw\u00fcrdigen, auskunftfreudigen Museumsw\u00e4chter nicht l\u00e4nger festhalten wollten bis das Autoumsetzen erfolgreich abgeschlossen ist, kehrten wir in einer kleinen Bodega, wenige Meter unterhalb des Museums auf der gegen\u00fcber liegenden Stra\u00dfenseite ein.<br \/>\nUnter schattigen B\u00e4umen schmeckte der hier produzierte Wein. Keine Touristen und von einem Nebentisch wurde uns \u2013 ungefragt \u2013 versichert, dass auch alles gut schmeckt was aus der K\u00fcche kommt.<br \/>\nSo ermuntert beschlossen wir, an diesem gem\u00fctlichen Ort, nur unter Einheimischen, zu bleiben.<br \/>\nWir haben es nicht bereut!<\/p>\n","protected":false},"excerpt":{"rendered":"<p>Ja, wir sind wieder da und eine, hoffentlich so sch\u00f6ne Wandersaison wie die vergangene, beginnen wir wieder mit einer nicht ganz so anspruchsvollen Tour. Hei\u00dft es sonst \u201eder Weg ist das Ziel\u201c so trifft auf die heutige Wanderung zu: \u201ePinolere mit dem Museumsdorf ist das Ziel\u201c. Wanderwegstrecke: Hinweg 1 Stunde 45 Minuten<\/p>\n","protected":false},"author":2,"featured_media":0,"comment_status":"open","ping_status":"open","sticky":false,"template":"","format":"standard","meta":{"footnotes":""},"categories":[780,6],"tags":[377,359,494,371,493],"class_list":["post-1465","post","type-post","status-publish","format-standard","hentry","category-aguamansa","category-wanderungen","tag-aguamansa","tag-caldera","tag-museumsdorf","tag-orotavatal","tag-pinolere"],"yoast_head":"<!-- This site is optimized with the Yoast SEO plugin v27.5 - https:\/\/yoast.com\/product\/yoast-seo-wordpress\/ -->\n<title>Aguamansa \u2013 Pinolere - Teneriffa Wandern<\/title>\n<meta name=\"description\" content=\"Die heutige Wanderung: \u201ePinolere mit dem Museumsdorf&quot; - eine nicht ganz so anspruchsvollen Tour - Wanderwegstrecke: Hinweg 1 Stunde 45 Minuten\" \/>\n<meta name=\"robots\" content=\"index, follow, max-snippet:-1, max-image-preview:large, max-video-preview:-1\" \/>\n<link rel=\"canonical\" href=\"https:\/\/www.mundi-roth.de\/teneriffa-blog\/wanderungen\/aguamansa-\u2013-pinolere\/\" \/>\n<meta name=\"twitter:label1\" content=\"Verfasst von\" \/>\n\t<meta name=\"twitter:data1\" content=\"mr\" \/>\n\t<meta name=\"twitter:label2\" content=\"Gesch\u00e4tzte Lesezeit\" \/>\n\t<meta name=\"twitter:data2\" content=\"4\u00a0Minuten\" \/>\n<script type=\"application\/ld+json\" class=\"yoast-schema-graph\">{\"@context\":\"https:\\\/\\\/schema.org\",\"@graph\":[{\"@type\":\"Article\",\"@id\":\"https:\\\/\\\/www.mundi-roth.de\\\/teneriffa-blog\\\/wanderungen\\\/aguamansa-%e2%80%93-pinolere\\\/#article\",\"isPartOf\":{\"@id\":\"https:\\\/\\\/www.mundi-roth.de\\\/teneriffa-blog\\\/wanderungen\\\/aguamansa-%e2%80%93-pinolere\\\/\"},\"author\":{\"name\":\"mr\",\"@id\":\"https:\\\/\\\/www.mundi-roth.de\\\/teneriffa-blog\\\/#\\\/schema\\\/person\\\/604e0c55b3c3c17a246669bfcb6f1d9d\"},\"headline\":\"Aguamansa \u2013 Pinolere\",\"datePublished\":\"2011-10-06T19:00:39+00:00\",\"dateModified\":\"2015-04-09T14:12:21+00:00\",\"mainEntityOfPage\":{\"@id\":\"https:\\\/\\\/www.mundi-roth.de\\\/teneriffa-blog\\\/wanderungen\\\/aguamansa-%e2%80%93-pinolere\\\/\"},\"wordCount\":732,\"commentCount\":1,\"image\":{\"@id\":\"https:\\\/\\\/www.mundi-roth.de\\\/teneriffa-blog\\\/wanderungen\\\/aguamansa-%e2%80%93-pinolere\\\/#primaryimage\"},\"thumbnailUrl\":\"http:\\\/\\\/www.mundi-roth.de\\\/teneriffa-blog\\\/wp-content\\\/uploads\\\/2011\\\/10\\\/P1000448-150x128.jpg\",\"keywords\":[\"Aguamansa\",\"Caldera\",\"Museumsdorf\",\"Orotavatal\",\"Pinolere\"],\"articleSection\":[\"Aguamansa\",\"Wanderungen\"],\"inLanguage\":\"de\",\"potentialAction\":[{\"@type\":\"CommentAction\",\"name\":\"Comment\",\"target\":[\"https:\\\/\\\/www.mundi-roth.de\\\/teneriffa-blog\\\/wanderungen\\\/aguamansa-%e2%80%93-pinolere\\\/#respond\"]}]},{\"@type\":\"WebPage\",\"@id\":\"https:\\\/\\\/www.mundi-roth.de\\\/teneriffa-blog\\\/wanderungen\\\/aguamansa-%e2%80%93-pinolere\\\/\",\"url\":\"https:\\\/\\\/www.mundi-roth.de\\\/teneriffa-blog\\\/wanderungen\\\/aguamansa-%e2%80%93-pinolere\\\/\",\"name\":\"Aguamansa \u2013 Pinolere - Teneriffa Wandern\",\"isPartOf\":{\"@id\":\"https:\\\/\\\/www.mundi-roth.de\\\/teneriffa-blog\\\/#website\"},\"primaryImageOfPage\":{\"@id\":\"https:\\\/\\\/www.mundi-roth.de\\\/teneriffa-blog\\\/wanderungen\\\/aguamansa-%e2%80%93-pinolere\\\/#primaryimage\"},\"image\":{\"@id\":\"https:\\\/\\\/www.mundi-roth.de\\\/teneriffa-blog\\\/wanderungen\\\/aguamansa-%e2%80%93-pinolere\\\/#primaryimage\"},\"thumbnailUrl\":\"http:\\\/\\\/www.mundi-roth.de\\\/teneriffa-blog\\\/wp-content\\\/uploads\\\/2011\\\/10\\\/P1000448-150x128.jpg\",\"datePublished\":\"2011-10-06T19:00:39+00:00\",\"dateModified\":\"2015-04-09T14:12:21+00:00\",\"author\":{\"@id\":\"https:\\\/\\\/www.mundi-roth.de\\\/teneriffa-blog\\\/#\\\/schema\\\/person\\\/604e0c55b3c3c17a246669bfcb6f1d9d\"},\"description\":\"Die heutige Wanderung: \u201ePinolere mit dem Museumsdorf\\\" - eine nicht ganz so anspruchsvollen Tour - Wanderwegstrecke: Hinweg 1 Stunde 45 Minuten\",\"breadcrumb\":{\"@id\":\"https:\\\/\\\/www.mundi-roth.de\\\/teneriffa-blog\\\/wanderungen\\\/aguamansa-%e2%80%93-pinolere\\\/#breadcrumb\"},\"inLanguage\":\"de\",\"potentialAction\":[{\"@type\":\"ReadAction\",\"target\":[\"https:\\\/\\\/www.mundi-roth.de\\\/teneriffa-blog\\\/wanderungen\\\/aguamansa-%e2%80%93-pinolere\\\/\"]}]},{\"@type\":\"ImageObject\",\"inLanguage\":\"de\",\"@id\":\"https:\\\/\\\/www.mundi-roth.de\\\/teneriffa-blog\\\/wanderungen\\\/aguamansa-%e2%80%93-pinolere\\\/#primaryimage\",\"url\":\"https:\\\/\\\/www.mundi-roth.de\\\/teneriffa-blog\\\/wp-content\\\/uploads\\\/2011\\\/10\\\/P1000448.jpg\",\"contentUrl\":\"https:\\\/\\\/www.mundi-roth.de\\\/teneriffa-blog\\\/wp-content\\\/uploads\\\/2011\\\/10\\\/P1000448.jpg\",\"width\":\"600\",\"height\":\"514\"},{\"@type\":\"BreadcrumbList\",\"@id\":\"https:\\\/\\\/www.mundi-roth.de\\\/teneriffa-blog\\\/wanderungen\\\/aguamansa-%e2%80%93-pinolere\\\/#breadcrumb\",\"itemListElement\":[{\"@type\":\"ListItem\",\"position\":1,\"name\":\"Startseite\",\"item\":\"https:\\\/\\\/www.mundi-roth.de\\\/teneriffa-blog\\\/\"},{\"@type\":\"ListItem\",\"position\":2,\"name\":\"Aguamansa \u2013 Pinolere\"}]},{\"@type\":\"WebSite\",\"@id\":\"https:\\\/\\\/www.mundi-roth.de\\\/teneriffa-blog\\\/#website\",\"url\":\"https:\\\/\\\/www.mundi-roth.de\\\/teneriffa-blog\\\/\",\"name\":\"Teneriffa Wandern\",\"description\":\"Nicht nur Wanderungen auf Teneriffa...\",\"potentialAction\":[{\"@type\":\"SearchAction\",\"target\":{\"@type\":\"EntryPoint\",\"urlTemplate\":\"https:\\\/\\\/www.mundi-roth.de\\\/teneriffa-blog\\\/?s={search_term_string}\"},\"query-input\":{\"@type\":\"PropertyValueSpecification\",\"valueRequired\":true,\"valueName\":\"search_term_string\"}}],\"inLanguage\":\"de\"},{\"@type\":\"Person\",\"@id\":\"https:\\\/\\\/www.mundi-roth.de\\\/teneriffa-blog\\\/#\\\/schema\\\/person\\\/604e0c55b3c3c17a246669bfcb6f1d9d\",\"name\":\"mr\",\"image\":{\"@type\":\"ImageObject\",\"inLanguage\":\"de\",\"@id\":\"https:\\\/\\\/secure.gravatar.com\\\/avatar\\\/9a3c34f32a8cb6923297b48d58fb263210ea20a4049fc4d3ccb858ce00487957?s=96&d=mm&r=g\",\"url\":\"https:\\\/\\\/secure.gravatar.com\\\/avatar\\\/9a3c34f32a8cb6923297b48d58fb263210ea20a4049fc4d3ccb858ce00487957?s=96&d=mm&r=g\",\"contentUrl\":\"https:\\\/\\\/secure.gravatar.com\\\/avatar\\\/9a3c34f32a8cb6923297b48d58fb263210ea20a4049fc4d3ccb858ce00487957?s=96&d=mm&r=g\",\"caption\":\"mr\"},\"url\":\"https:\\\/\\\/www.mundi-roth.de\\\/teneriffa-blog\\\/author\\\/mr\\\/\"}]}<\/script>\n<!-- \/ Yoast SEO plugin. -->","yoast_head_json":{"title":"Aguamansa \u2013 Pinolere - Teneriffa Wandern","description":"Die heutige Wanderung: \u201ePinolere mit dem Museumsdorf\" - eine nicht ganz so anspruchsvollen Tour - Wanderwegstrecke: Hinweg 1 Stunde 45 Minuten","robots":{"index":"index","follow":"follow","max-snippet":"max-snippet:-1","max-image-preview":"max-image-preview:large","max-video-preview":"max-video-preview:-1"},"canonical":"https:\/\/www.mundi-roth.de\/teneriffa-blog\/wanderungen\/aguamansa-\u2013-pinolere\/","twitter_misc":{"Verfasst von":"mr","Gesch\u00e4tzte Lesezeit":"4\u00a0Minuten"},"schema":{"@context":"https:\/\/schema.org","@graph":[{"@type":"Article","@id":"https:\/\/www.mundi-roth.de\/teneriffa-blog\/wanderungen\/aguamansa-%e2%80%93-pinolere\/#article","isPartOf":{"@id":"https:\/\/www.mundi-roth.de\/teneriffa-blog\/wanderungen\/aguamansa-%e2%80%93-pinolere\/"},"author":{"name":"mr","@id":"https:\/\/www.mundi-roth.de\/teneriffa-blog\/#\/schema\/person\/604e0c55b3c3c17a246669bfcb6f1d9d"},"headline":"Aguamansa \u2013 Pinolere","datePublished":"2011-10-06T19:00:39+00:00","dateModified":"2015-04-09T14:12:21+00:00","mainEntityOfPage":{"@id":"https:\/\/www.mundi-roth.de\/teneriffa-blog\/wanderungen\/aguamansa-%e2%80%93-pinolere\/"},"wordCount":732,"commentCount":1,"image":{"@id":"https:\/\/www.mundi-roth.de\/teneriffa-blog\/wanderungen\/aguamansa-%e2%80%93-pinolere\/#primaryimage"},"thumbnailUrl":"http:\/\/www.mundi-roth.de\/teneriffa-blog\/wp-content\/uploads\/2011\/10\/P1000448-150x128.jpg","keywords":["Aguamansa","Caldera","Museumsdorf","Orotavatal","Pinolere"],"articleSection":["Aguamansa","Wanderungen"],"inLanguage":"de","potentialAction":[{"@type":"CommentAction","name":"Comment","target":["https:\/\/www.mundi-roth.de\/teneriffa-blog\/wanderungen\/aguamansa-%e2%80%93-pinolere\/#respond"]}]},{"@type":"WebPage","@id":"https:\/\/www.mundi-roth.de\/teneriffa-blog\/wanderungen\/aguamansa-%e2%80%93-pinolere\/","url":"https:\/\/www.mundi-roth.de\/teneriffa-blog\/wanderungen\/aguamansa-%e2%80%93-pinolere\/","name":"Aguamansa \u2013 Pinolere - Teneriffa Wandern","isPartOf":{"@id":"https:\/\/www.mundi-roth.de\/teneriffa-blog\/#website"},"primaryImageOfPage":{"@id":"https:\/\/www.mundi-roth.de\/teneriffa-blog\/wanderungen\/aguamansa-%e2%80%93-pinolere\/#primaryimage"},"image":{"@id":"https:\/\/www.mundi-roth.de\/teneriffa-blog\/wanderungen\/aguamansa-%e2%80%93-pinolere\/#primaryimage"},"thumbnailUrl":"http:\/\/www.mundi-roth.de\/teneriffa-blog\/wp-content\/uploads\/2011\/10\/P1000448-150x128.jpg","datePublished":"2011-10-06T19:00:39+00:00","dateModified":"2015-04-09T14:12:21+00:00","author":{"@id":"https:\/\/www.mundi-roth.de\/teneriffa-blog\/#\/schema\/person\/604e0c55b3c3c17a246669bfcb6f1d9d"},"description":"Die heutige Wanderung: \u201ePinolere mit dem Museumsdorf\" - eine nicht ganz so anspruchsvollen Tour - Wanderwegstrecke: Hinweg 1 Stunde 45 Minuten","breadcrumb":{"@id":"https:\/\/www.mundi-roth.de\/teneriffa-blog\/wanderungen\/aguamansa-%e2%80%93-pinolere\/#breadcrumb"},"inLanguage":"de","potentialAction":[{"@type":"ReadAction","target":["https:\/\/www.mundi-roth.de\/teneriffa-blog\/wanderungen\/aguamansa-%e2%80%93-pinolere\/"]}]},{"@type":"ImageObject","inLanguage":"de","@id":"https:\/\/www.mundi-roth.de\/teneriffa-blog\/wanderungen\/aguamansa-%e2%80%93-pinolere\/#primaryimage","url":"https:\/\/www.mundi-roth.de\/teneriffa-blog\/wp-content\/uploads\/2011\/10\/P1000448.jpg","contentUrl":"https:\/\/www.mundi-roth.de\/teneriffa-blog\/wp-content\/uploads\/2011\/10\/P1000448.jpg","width":"600","height":"514"},{"@type":"BreadcrumbList","@id":"https:\/\/www.mundi-roth.de\/teneriffa-blog\/wanderungen\/aguamansa-%e2%80%93-pinolere\/#breadcrumb","itemListElement":[{"@type":"ListItem","position":1,"name":"Startseite","item":"https:\/\/www.mundi-roth.de\/teneriffa-blog\/"},{"@type":"ListItem","position":2,"name":"Aguamansa \u2013 Pinolere"}]},{"@type":"WebSite","@id":"https:\/\/www.mundi-roth.de\/teneriffa-blog\/#website","url":"https:\/\/www.mundi-roth.de\/teneriffa-blog\/","name":"Teneriffa Wandern","description":"Nicht nur Wanderungen auf Teneriffa...","potentialAction":[{"@type":"SearchAction","target":{"@type":"EntryPoint","urlTemplate":"https:\/\/www.mundi-roth.de\/teneriffa-blog\/?s={search_term_string}"},"query-input":{"@type":"PropertyValueSpecification","valueRequired":true,"valueName":"search_term_string"}}],"inLanguage":"de"},{"@type":"Person","@id":"https:\/\/www.mundi-roth.de\/teneriffa-blog\/#\/schema\/person\/604e0c55b3c3c17a246669bfcb6f1d9d","name":"mr","image":{"@type":"ImageObject","inLanguage":"de","@id":"https:\/\/secure.gravatar.com\/avatar\/9a3c34f32a8cb6923297b48d58fb263210ea20a4049fc4d3ccb858ce00487957?s=96&d=mm&r=g","url":"https:\/\/secure.gravatar.com\/avatar\/9a3c34f32a8cb6923297b48d58fb263210ea20a4049fc4d3ccb858ce00487957?s=96&d=mm&r=g","contentUrl":"https:\/\/secure.gravatar.com\/avatar\/9a3c34f32a8cb6923297b48d58fb263210ea20a4049fc4d3ccb858ce00487957?s=96&d=mm&r=g","caption":"mr"},"url":"https:\/\/www.mundi-roth.de\/teneriffa-blog\/author\/mr\/"}]}},"_links":{"self":[{"href":"https:\/\/www.mundi-roth.de\/teneriffa-blog\/wp-json\/wp\/v2\/posts\/1465","targetHints":{"allow":["GET"]}}],"collection":[{"href":"https:\/\/www.mundi-roth.de\/teneriffa-blog\/wp-json\/wp\/v2\/posts"}],"about":[{"href":"https:\/\/www.mundi-roth.de\/teneriffa-blog\/wp-json\/wp\/v2\/types\/post"}],"author":[{"embeddable":true,"href":"https:\/\/www.mundi-roth.de\/teneriffa-blog\/wp-json\/wp\/v2\/users\/2"}],"replies":[{"embeddable":true,"href":"https:\/\/www.mundi-roth.de\/teneriffa-blog\/wp-json\/wp\/v2\/comments?post=1465"}],"version-history":[{"count":0,"href":"https:\/\/www.mundi-roth.de\/teneriffa-blog\/wp-json\/wp\/v2\/posts\/1465\/revisions"}],"wp:attachment":[{"href":"https:\/\/www.mundi-roth.de\/teneriffa-blog\/wp-json\/wp\/v2\/media?parent=1465"}],"wp:term":[{"taxonomy":"category","embeddable":true,"href":"https:\/\/www.mundi-roth.de\/teneriffa-blog\/wp-json\/wp\/v2\/categories?post=1465"},{"taxonomy":"post_tag","embeddable":true,"href":"https:\/\/www.mundi-roth.de\/teneriffa-blog\/wp-json\/wp\/v2\/tags?post=1465"}],"curies":[{"name":"wp","href":"https:\/\/api.w.org\/{rel}","templated":true}]}}