{"id":1479,"date":"2011-11-02T20:01:40","date_gmt":"2011-11-02T19:01:40","guid":{"rendered":"http:\/\/www.mundi-roth.de\/teneriffa-blog\/?p=1479"},"modified":"2015-04-09T15:11:50","modified_gmt":"2015-04-09T14:11:50","slug":"camino-carrasco-von-ifonche-nach-adeje","status":"publish","type":"post","link":"https:\/\/www.mundi-roth.de\/teneriffa-blog\/wanderungen\/camino-carrasco-von-ifonche-nach-adeje\/","title":{"rendered":"Camino Carrasco &#8211; von Ifonche nach Adeje"},"content":{"rendered":"<p style=\"text-align: center;\"><strong>Eine Wanderung:<\/strong><br \/>\n<strong>f\u00fcr Ge\u00fcbte<\/strong><br \/>\n<strong>f\u00fcr Trittfeste<\/strong><br \/>\n<strong>f\u00fcr Schwindelfreie<\/strong><\/p>\n<p style=\"text-align: left;\"><strong>Beeindruckende Schluchten, Felsmassive, Ausblicke !<\/strong><\/p>\n<p><strong>Wir kamen uns heute vor wie die Pfadfinder von Teneriffa S\u00fcd.<\/strong><\/p>\n<p><strong>Wanderwegstrecke:<\/strong> 6, 8 km,\u00a0 3 Stunden 40 Minuten<\/p>\n<p>Die erste Etappe ist von der Wanderung von <a href=\"http:\/\/www.mundi-roth.de\/teneriffa-blog\/wanderungen\/ifonche-%e2%80%93-adje\/\">Ifonche nach Adeje<\/a> bekannt und das zweite Teilst\u00fcck habe ich im April 2009\u00a0 als \u201e<a href=\" http:\/\/www.mundi-roth.de\/teneriffa-blog\/wanderungen\/camino-carrasco-teilstuck\/\">Camino Carrasco<\/a>, Teilst\u00fcck\u201c beschrieben.<\/p>\n<p>Daher diesmal die Wegbeschreibung\u00a0 nur in Kurzfassung:<br \/>\nBeginn der Wanderung beim Restaurant Dornejo in Ifonche,\u00a0 wir passieren die Senke und halten uns rechts an die Ausschilderung \u201eAdeje\u201c, gekennzeichnet mit gr\u00fcnen Punkten.<br \/>\nDem Weg folgen wir bis unterhalb des Geh\u00f6fts \u201eCasa de Labranza\u201c. Hier <a href=\"http:\/\/www.mundi-roth.de\/teneriffa-blog\/wp-content\/uploads\/2011\/11\/P1030381a.jpg\" rel=\"lightbox[1479]\"><img loading=\"lazy\" decoding=\"async\" class=\"alignright size-thumbnail wp-image-1480\" title=\"P1030381a\" src=\"http:\/\/www.mundi-roth.de\/teneriffa-blog\/wp-content\/uploads\/2011\/11\/P1030381a-150x103.jpg\" alt=\"\" width=\"150\" height=\"103\" srcset=\"https:\/\/www.mundi-roth.de\/teneriffa-blog\/wp-content\/uploads\/2011\/11\/P1030381a-150x103.jpg 150w, https:\/\/www.mundi-roth.de\/teneriffa-blog\/wp-content\/uploads\/2011\/11\/P1030381a-300x207.jpg 300w, https:\/\/www.mundi-roth.de\/teneriffa-blog\/wp-content\/uploads\/2011\/11\/P1030381a.jpg 600w\" sizes=\"auto, (max-width: 150px) 100vw, 150px\" \/><\/a>gabelt sich der Weg und auf einen Stein ist \u201eLa <a href=\"http:\/\/www.mundi-roth.de\/teneriffa-blog\/wp-content\/uploads\/2011\/11\/P1030384.jpg\" rel=\"lightbox[1479]\"><img loading=\"lazy\" decoding=\"async\" class=\"alignleft size-thumbnail wp-image-1481\" title=\"P1030384\" src=\"http:\/\/www.mundi-roth.de\/teneriffa-blog\/wp-content\/uploads\/2011\/11\/P1030384-150x112.jpg\" alt=\"\" width=\"150\" height=\"112\" srcset=\"https:\/\/www.mundi-roth.de\/teneriffa-blog\/wp-content\/uploads\/2011\/11\/P1030384-150x112.jpg 150w, https:\/\/www.mundi-roth.de\/teneriffa-blog\/wp-content\/uploads\/2011\/11\/P1030384-300x225.jpg 300w, https:\/\/www.mundi-roth.de\/teneriffa-blog\/wp-content\/uploads\/2011\/11\/P1030384.jpg 600w\" sizes=\"auto, (max-width: 150px) 100vw, 150px\" \/><\/a>vista\u201c gemalt. Also halten wir uns links. Steigen auf, lassen die Geb\u00e4udeansammlung rechts liegen und gehen an einem sch\u00f6nen Dreschplatz vorbei.<\/p>\n<p>Hier empfehle ich: Nach dem Dreschplatz auf den schmalen Pfad rechts <a href=\"http:\/\/www.mundi-roth.de\/teneriffa-blog\/wp-content\/uploads\/2011\/11\/P1030385.jpg\" rel=\"lightbox[1479]\"><img loading=\"lazy\" decoding=\"async\" class=\"alignleft size-thumbnail wp-image-1483\" title=\"P1030385\" src=\"http:\/\/www.mundi-roth.de\/teneriffa-blog\/wp-content\/uploads\/2011\/11\/P1030385-150x112.jpg\" alt=\"\" width=\"150\" height=\"112\" srcset=\"https:\/\/www.mundi-roth.de\/teneriffa-blog\/wp-content\/uploads\/2011\/11\/P1030385-150x112.jpg 150w, https:\/\/www.mundi-roth.de\/teneriffa-blog\/wp-content\/uploads\/2011\/11\/P1030385-300x225.jpg 300w, https:\/\/www.mundi-roth.de\/teneriffa-blog\/wp-content\/uploads\/2011\/11\/P1030385.jpg 600w\" sizes=\"auto, (max-width: 150px) 100vw, 150px\" \/><\/a>abzuzweigen und diesen ein St\u00fcck entlang zu wandern, denn es er\u00f6ffnet sich ein wunderbarer Blick in den oberen Teil des Barranco del Infierno.<br \/>\nZur\u00fcck auf den urspr\u00fcnglichen Weg folgen wir dem Hang weiter abw\u00e4rts.<br \/>\nAchtung: W\u00fcrden wir nun dem leichten Anstieg folgen, k\u00e4men wir an einen nat\u00fcrlichen, sch\u00f6nen Aussichtspunkt \u201eLa vista\u201c.<\/p>\n<p>Wir biegen jedoch rechts auf den schmalen Pfad ab.<br \/>\nEr ist steil und \u00e4u\u00dferst steinig oder felsig. Schlecht zu gehen.<br \/>\nDie ehemalige Hinweistafel ist nur noch \u2013 kaum lesbar \u2013 in englisch beschrieben, dass es sich um einen sch\u00f6nen Weg handelt und hin und zur\u00fcck 2 Stunden dauert. (Dies gilt nach unserer Kenntnis bis zu dem Bimssteinplateau.)<\/p>\n<p>Rechter Hand verl\u00e4uft unterhalb der Barranco del Infierno und linker<a href=\"http:\/\/www.mundi-roth.de\/teneriffa-blog\/wp-content\/uploads\/2011\/11\/P1030397.jpg\" rel=\"lightbox[1479]\"><img loading=\"lazy\" decoding=\"async\" class=\"alignright size-thumbnail wp-image-1485\" title=\"P1030397\" src=\"http:\/\/www.mundi-roth.de\/teneriffa-blog\/wp-content\/uploads\/2011\/11\/P1030397-112x150.jpg\" alt=\"\" width=\"112\" height=\"150\" srcset=\"https:\/\/www.mundi-roth.de\/teneriffa-blog\/wp-content\/uploads\/2011\/11\/P1030397-112x150.jpg 112w, https:\/\/www.mundi-roth.de\/teneriffa-blog\/wp-content\/uploads\/2011\/11\/P1030397-225x300.jpg 225w, https:\/\/www.mundi-roth.de\/teneriffa-blog\/wp-content\/uploads\/2011\/11\/P1030397.jpg 450w\" sizes=\"auto, (max-width: 112px) 100vw, 112px\" \/><\/a> Hand erhebt sich eine imposante Felswand.<\/p>\n<p>Der im Fr\u00fchjahr mit Glockenblumen und G\u00e4nsedisteln ges\u00e4umte Weg sieht jetzt etwas traurig aus. Schon nach <a href=\"http:\/\/www.mundi-roth.de\/teneriffa-blog\/wp-content\/uploads\/2011\/11\/P1030400.jpg\" rel=\"lightbox[1479]\"><img loading=\"lazy\" decoding=\"async\" class=\"alignleft size-thumbnail wp-image-1486\" title=\"P1030400\" src=\"http:\/\/www.mundi-roth.de\/teneriffa-blog\/wp-content\/uploads\/2011\/11\/P1030400-150x112.jpg\" alt=\"\" width=\"150\" height=\"112\" srcset=\"https:\/\/www.mundi-roth.de\/teneriffa-blog\/wp-content\/uploads\/2011\/11\/P1030400-150x112.jpg 150w, https:\/\/www.mundi-roth.de\/teneriffa-blog\/wp-content\/uploads\/2011\/11\/P1030400-300x225.jpg 300w, https:\/\/www.mundi-roth.de\/teneriffa-blog\/wp-content\/uploads\/2011\/11\/P1030400.jpg 600w\" sizes=\"auto, (max-width: 150px) 100vw, 150px\" \/><\/a>15 Minuten erreichen wir ein Bimssteinplateau. Damals schrieb ich: \u201eH\u00f6hlen, ufoartige Gesteinsformation und ein weiter Blick bis zur K\u00fcste belohnen uns.\u201c<\/p>\n<p>Wir sehen eine Weile den Paraglidern bei ihrem Flug im stahlblauen Himmel zu\u00a0 &#8211; sie starten ja oben in Ifonche \u2013\u00a0 und lassen den Blick zum Roque Imoque,\u00a0 Los Brezos, dem Roque del Conde und zur K\u00fcste schweifen. Dann\u00a0 steigen wir weiter \u2013 stets die Weiterf\u00fchrung des Weges suchend \u2013 bergab.<br \/>\nQueren eine kaputte Wasserleitung und folgen den hin und wieder gesetzten Steinm\u00e4nnchen.<\/p>\n<p><a href=\"http:\/\/www.mundi-roth.de\/teneriffa-blog\/wp-content\/uploads\/2011\/11\/P1030405.jpg\" rel=\"lightbox[1479]\"><img loading=\"lazy\" decoding=\"async\" class=\"alignleft size-thumbnail wp-image-1487\" title=\"P1030405\" src=\"http:\/\/www.mundi-roth.de\/teneriffa-blog\/wp-content\/uploads\/2011\/11\/P1030405-150x112.jpg\" alt=\"\" width=\"150\" height=\"112\" srcset=\"https:\/\/www.mundi-roth.de\/teneriffa-blog\/wp-content\/uploads\/2011\/11\/P1030405-150x112.jpg 150w, https:\/\/www.mundi-roth.de\/teneriffa-blog\/wp-content\/uploads\/2011\/11\/P1030405-300x225.jpg 300w, https:\/\/www.mundi-roth.de\/teneriffa-blog\/wp-content\/uploads\/2011\/11\/P1030405.jpg 600w\" sizes=\"auto, (max-width: 150px) 100vw, 150px\" \/><\/a>Bei dem vorgeschobenen Felsplateau, das bei den fr\u00fcheren Wanderungen den Endpunkt bildete,\u00a0 steigen wir rechts vom \u201eKleinen Finger Gottes\u201c weiter abw\u00e4rts.<\/p>\n<p>Nach kurzer Zeit gelangen wir an eine kritische Stelle:<br \/>\nWas haben wir bei der Wanderf\u00fchrerin Steffi von <a href=\"http:\/\/www.teneriffa-kreaktiv.com\/\">Teneriffa-Kreaktiv<\/a>\u00a0 gelernt?<br \/>\n<a href=\"http:\/\/www.mundi-roth.de\/teneriffa-blog\/wp-content\/uploads\/2011\/11\/P1030411.jpg\" rel=\"lightbox[1479]\"><img loading=\"lazy\" decoding=\"async\" class=\"alignleft size-thumbnail wp-image-1488\" title=\"P1030411\" src=\"http:\/\/www.mundi-roth.de\/teneriffa-blog\/wp-content\/uploads\/2011\/11\/P1030411-105x150.jpg\" alt=\"\" width=\"105\" height=\"150\" srcset=\"https:\/\/www.mundi-roth.de\/teneriffa-blog\/wp-content\/uploads\/2011\/11\/P1030411-105x150.jpg 105w, https:\/\/www.mundi-roth.de\/teneriffa-blog\/wp-content\/uploads\/2011\/11\/P1030411-210x300.jpg 210w, https:\/\/www.mundi-roth.de\/teneriffa-blog\/wp-content\/uploads\/2011\/11\/P1030411.jpg 420w\" sizes=\"auto, (max-width: 105px) 100vw, 105px\" \/><\/a>Mit dem mit dem Rucksack bepackten R\u00fccken\u00a0 weg von der Mauer, damit man nicht unvorhergesehen in den Abgrund katapultiert wird.<br \/>\nAlso mal los: \u00dcber die gemauerte Wasserleitung, die teilweise weggebrochen ist, hangeln wir uns wenige Meter am vorstehenden Felsen vorbei auf die andere Seite.<\/p>\n<p>F\u00fcr die \u201ePfadfindung\u201c l\u00e4sst sich sagen: Wir halten uns stets mehr rechts, <a href=\"http:\/\/www.mundi-roth.de\/teneriffa-blog\/wp-content\/uploads\/2011\/11\/P1030413.jpg\" rel=\"lightbox[1479]\"><img loading=\"lazy\" decoding=\"async\" class=\"alignright size-thumbnail wp-image-1489\" title=\"P1030413\" src=\"http:\/\/www.mundi-roth.de\/teneriffa-blog\/wp-content\/uploads\/2011\/11\/P1030413-150x112.jpg\" alt=\"\" width=\"150\" height=\"112\" srcset=\"https:\/\/www.mundi-roth.de\/teneriffa-blog\/wp-content\/uploads\/2011\/11\/P1030413-150x112.jpg 150w, https:\/\/www.mundi-roth.de\/teneriffa-blog\/wp-content\/uploads\/2011\/11\/P1030413-300x225.jpg 300w, https:\/\/www.mundi-roth.de\/teneriffa-blog\/wp-content\/uploads\/2011\/11\/P1030413.jpg 600w\" sizes=\"auto, (max-width: 150px) 100vw, 150px\" \/><\/a>unterhalb der Wasserleitung. Gelegentlich taucht eine gr\u00fcn-wei\u00dfe Strichmarkierung auf und sie wird zum Teil durch Steinm\u00e4nnchen verst\u00e4rkt.<br \/>\n2004 machten wir diese Wanderung schon einmal. Damals fanden wir den Pfad nicht so gut und irrten zum Teil heftig durch die Landschaft.<\/p>\n<p><a href=\"http:\/\/www.mundi-roth.de\/teneriffa-blog\/wp-content\/uploads\/2011\/11\/P1030431.jpg\" rel=\"lightbox[1479]\"><img loading=\"lazy\" decoding=\"async\" class=\"alignleft size-thumbnail wp-image-1490\" title=\"P1030431\" src=\"http:\/\/www.mundi-roth.de\/teneriffa-blog\/wp-content\/uploads\/2011\/11\/P1030431-112x150.jpg\" alt=\"\" width=\"112\" height=\"150\" srcset=\"https:\/\/www.mundi-roth.de\/teneriffa-blog\/wp-content\/uploads\/2011\/11\/P1030431-112x150.jpg 112w, https:\/\/www.mundi-roth.de\/teneriffa-blog\/wp-content\/uploads\/2011\/11\/P1030431-225x300.jpg 225w, https:\/\/www.mundi-roth.de\/teneriffa-blog\/wp-content\/uploads\/2011\/11\/P1030431.jpg 450w\" sizes=\"auto, (max-width: 112px) 100vw, 112px\" \/><\/a>Der Weg ist wohl sehr, sehr wenig begangen, denn er ist \u00e4u\u00dferst schwer zwischen den Str\u00e4uchern der Zistrosen, den verschiedenen Wolfsmilchgew\u00e4chsen, der bl\u00fctenreichen Winde, den Opuntien auszumachen.<br \/>\nLange Hosenbeine und lang\u00e4rmelige Oberteile w\u00e4ren angesagt gewesen, denn so werden wir ganz sch\u00f6n verkratzt.<br \/>\n<a href=\"http:\/\/www.mundi-roth.de\/teneriffa-blog\/wp-content\/uploads\/2011\/11\/P1030417.jpg\" rel=\"lightbox[1479]\"><img loading=\"lazy\" decoding=\"async\" class=\"alignright size-thumbnail wp-image-1491\" title=\"P1030417\" src=\"http:\/\/www.mundi-roth.de\/teneriffa-blog\/wp-content\/uploads\/2011\/11\/P1030417-150x112.jpg\" alt=\"\" width=\"150\" height=\"112\" srcset=\"https:\/\/www.mundi-roth.de\/teneriffa-blog\/wp-content\/uploads\/2011\/11\/P1030417-150x112.jpg 150w, https:\/\/www.mundi-roth.de\/teneriffa-blog\/wp-content\/uploads\/2011\/11\/P1030417-300x225.jpg 300w, https:\/\/www.mundi-roth.de\/teneriffa-blog\/wp-content\/uploads\/2011\/11\/P1030417.jpg 600w\" sizes=\"auto, (max-width: 150px) 100vw, 150px\" \/><\/a><br \/>\nAuf unserm Weg laufen wir streckenweise \u00fcber Stricklava. Wundersch\u00f6ne Flechten und Aeonien an den Felsw\u00e4nden erfreuen uns.<\/p>\n<p>Um 12 Uhr legen wir unsere obligatorische Apfelpause ein, freuen uns, auf den Vulkankegel Chayofito sowie auf die <a href=\"http:\/\/www.mundi-roth.de\/teneriffa-blog\/wp-content\/uploads\/2011\/11\/P1030432.jpg\" rel=\"lightbox[1479]\"><img loading=\"lazy\" decoding=\"async\" class=\"alignleft size-thumbnail wp-image-1492\" title=\"P1030432\" src=\"http:\/\/www.mundi-roth.de\/teneriffa-blog\/wp-content\/uploads\/2011\/11\/P1030432-150x112.jpg\" alt=\"\" width=\"150\" height=\"112\" srcset=\"https:\/\/www.mundi-roth.de\/teneriffa-blog\/wp-content\/uploads\/2011\/11\/P1030432-150x112.jpg 150w, https:\/\/www.mundi-roth.de\/teneriffa-blog\/wp-content\/uploads\/2011\/11\/P1030432-300x225.jpg 300w, https:\/\/www.mundi-roth.de\/teneriffa-blog\/wp-content\/uploads\/2011\/11\/P1030432.jpg 600w\" sizes=\"auto, (max-width: 150px) 100vw, 150px\" \/><\/a>klar vor uns liegende Insel La Gomera und Adeje schauen zu k\u00f6nnen. Unser Tagesziel, der Friedhof von Adeje, ist leicht auszumachen. Und weiter geht\u2019s bergab auf \u00dcberresten des ehemaligen Handelsweges \u201ecamino real\u201c von Carrasco.<br \/>\nNach ca. 3 Stunden queren wir eine zugemauerte Wasserleitung, durch die ein dickes, schwarzes Plastikrohr f\u00fchrt und sind<a href=\"http:\/\/www.mundi-roth.de\/teneriffa-blog\/wp-content\/uploads\/2011\/11\/P1030435.jpg\" rel=\"lightbox[1479]\"><img loading=\"lazy\" decoding=\"async\" class=\"alignright size-thumbnail wp-image-1493\" title=\"P1030435\" src=\"http:\/\/www.mundi-roth.de\/teneriffa-blog\/wp-content\/uploads\/2011\/11\/P1030435-150x112.jpg\" alt=\"\" width=\"150\" height=\"112\" srcset=\"https:\/\/www.mundi-roth.de\/teneriffa-blog\/wp-content\/uploads\/2011\/11\/P1030435-150x112.jpg 150w, https:\/\/www.mundi-roth.de\/teneriffa-blog\/wp-content\/uploads\/2011\/11\/P1030435-300x225.jpg 300w, https:\/\/www.mundi-roth.de\/teneriffa-blog\/wp-content\/uploads\/2011\/11\/P1030435.jpg 600w\" sizes=\"auto, (max-width: 150px) 100vw, 150px\" \/><\/a> froh \u00fcber ein St\u00fcck fast geraden, felsfreien Weges, der dann jedoch schon bald wieder felsig wird. Ein St\u00fcck abw\u00e4rts sto\u00dfen wir auf eine staubige Forstra\u00dfe, die uns bei gro\u00dfer Hitze aufsteigend an <a href=\"http:\/\/www.mundi-roth.de\/teneriffa-blog\/wp-content\/uploads\/2011\/11\/P1030437.jpg\" rel=\"lightbox[1479]\"><img loading=\"lazy\" decoding=\"async\" class=\"alignleft size-thumbnail wp-image-1494\" title=\"P1030437\" src=\"http:\/\/www.mundi-roth.de\/teneriffa-blog\/wp-content\/uploads\/2011\/11\/P1030437-150x112.jpg\" alt=\"\" width=\"150\" height=\"112\" srcset=\"https:\/\/www.mundi-roth.de\/teneriffa-blog\/wp-content\/uploads\/2011\/11\/P1030437-150x112.jpg 150w, https:\/\/www.mundi-roth.de\/teneriffa-blog\/wp-content\/uploads\/2011\/11\/P1030437-300x225.jpg 300w, https:\/\/www.mundi-roth.de\/teneriffa-blog\/wp-content\/uploads\/2011\/11\/P1030437.jpg 600w\" sizes=\"auto, (max-width: 150px) 100vw, 150px\" \/><\/a>sonderbaren Bimssteinformationen \u201eMondlandschaften\u201c\u00a0 zum Friedhof leitet und hier werden wir um 14 Uhr von unseren lieben M\u00e4nnern in Empfang genommen.<\/p>\n<p><strong>Fazit:<\/strong><br \/>\nWundersch\u00f6ne Landschaft! Beachtliche Schluchten! Imposante Felsformationen und weite Ausblicke!<br \/>\nJedoch: F\u00fcr die F\u00fc\u00dfe eine Strapaze und sie erfordert erh\u00f6hte Aufmerksamkeit, \u201ewo geht denn der Pfad weiter\u201c.<br \/>\nIch w\u00fcrde auf alle F\u00e4lle empfehlen diese Tour im Fr\u00fchjahr zugehen, denn dann kommt zu den Attraktionen noch die Bl\u00fctenpracht hinzu.<\/p>\n<p style=\"text-align: left;\">Interessant zu wissen:<br \/>\nDas Bergmassiv von Adeje geh\u00f6rt zusammen mit den beiden Gebirgen von Anaga und Teno zu den \u00e4ltesten geologischen Formationen von Teneriffa. Fachleute erkl\u00e4ren, dass der hier beschrieben Wanderweg mit seinem nat\u00fcrlichen und landschaftlichen Wert dem des Barranco del Infierno kaum nachsteht.<\/p>\n<p style=\"text-align: left;\"><strong>Restaurant:<\/strong><br \/>\nAus dem Restaurantf\u00fchrer \u201emi gusto\u201c haben wir die \u201eTasca El Majao\u201c in Adeje an der Plaza de Venezuela\u00a0 9 ausgesucht.<br \/>\nTelefon 922 775 510, ge\u00f6ffnet: 12.30 \u2013 16.00 Uhr + 19.00 \u2013 23.00 Uhr<br \/>\nMontags Ruhetag<\/p>\n<p>Das Essen \u2013 Tapas \u2013 war gut \u2013 der Wei\u00dfwein des Hauses ausgezeichnet \u2013 die Preise f\u00fcr Tapas und Salate <em>beachtlich<\/em>.<\/p>\n<p><strong>Anfahrt:<\/strong><br \/>\nVon der TF 1 kommend und den Hinweisen \u201eTeide\u201c folgend auf TF 28\u00a0 bis La Camella, hier beim ersten Kreisverkehr Richtung Arona\/Teide (TF51). Kurz vor Escalona biegt man links Richtung Ifonche ab. Entweder beim Restaurant Dornejo parken oder kurz dahinter.<\/p>\n","protected":false},"excerpt":{"rendered":"<p>Eine Wanderung: f\u00fcr Ge\u00fcbte f\u00fcr Trittfeste f\u00fcr Schwindelfreie Beeindruckende Schluchten, Felsmassive, Ausblicke ! Wir kamen uns heute vor wie die Pfadfinder von Teneriffa S\u00fcd. Wanderwegstrecke: 6, 8 km,\u00a0 3 Stunden 40 Minuten Die erste Etappe ist von der Wanderung von Ifonche nach Adeje bekannt und das zweite Teilst\u00fcck habe ich im April 2009\u00a0 als \u201eCamino [&hellip;]<\/p>\n","protected":false},"author":2,"featured_media":0,"comment_status":"open","ping_status":"open","sticky":false,"template":"","format":"standard","meta":{"footnotes":""},"categories":[775,6],"tags":[228,225,226,64,397,439,446],"class_list":["post-1479","post","type-post","status-publish","format-standard","hentry","category-arona","category-wanderungen","tag-adeje","tag-barranco-del-infierno","tag-camino-carrasco","tag-ifonche","tag-la-vista","tag-teneriffa-wandern","tag-wandern-teneriffa"],"yoast_head":"<!-- This site is optimized with the Yoast SEO plugin v27.5 - https:\/\/yoast.com\/product\/yoast-seo-wordpress\/ -->\n<title>Camino Carrasco - von Ifonche nach Adeje - Teneriffa Wandern<\/title>\n<meta name=\"robots\" content=\"index, follow, max-snippet:-1, max-image-preview:large, max-video-preview:-1\" \/>\n<link rel=\"canonical\" href=\"https:\/\/www.mundi-roth.de\/teneriffa-blog\/wanderungen\/camino-carrasco-von-ifonche-nach-adeje\/\" \/>\n<meta name=\"twitter:label1\" content=\"Verfasst von\" \/>\n\t<meta name=\"twitter:data1\" content=\"mr\" \/>\n\t<meta name=\"twitter:label2\" content=\"Gesch\u00e4tzte Lesezeit\" \/>\n\t<meta name=\"twitter:data2\" content=\"5\u00a0Minuten\" \/>\n<script type=\"application\/ld+json\" class=\"yoast-schema-graph\">{\"@context\":\"https:\\\/\\\/schema.org\",\"@graph\":[{\"@type\":\"Article\",\"@id\":\"https:\\\/\\\/www.mundi-roth.de\\\/teneriffa-blog\\\/wanderungen\\\/camino-carrasco-von-ifonche-nach-adeje\\\/#article\",\"isPartOf\":{\"@id\":\"https:\\\/\\\/www.mundi-roth.de\\\/teneriffa-blog\\\/wanderungen\\\/camino-carrasco-von-ifonche-nach-adeje\\\/\"},\"author\":{\"name\":\"mr\",\"@id\":\"https:\\\/\\\/www.mundi-roth.de\\\/teneriffa-blog\\\/#\\\/schema\\\/person\\\/604e0c55b3c3c17a246669bfcb6f1d9d\"},\"headline\":\"Camino Carrasco &#8211; von Ifonche nach Adeje\",\"datePublished\":\"2011-11-02T19:01:40+00:00\",\"dateModified\":\"2015-04-09T14:11:50+00:00\",\"mainEntityOfPage\":{\"@id\":\"https:\\\/\\\/www.mundi-roth.de\\\/teneriffa-blog\\\/wanderungen\\\/camino-carrasco-von-ifonche-nach-adeje\\\/\"},\"wordCount\":925,\"commentCount\":1,\"image\":{\"@id\":\"https:\\\/\\\/www.mundi-roth.de\\\/teneriffa-blog\\\/wanderungen\\\/camino-carrasco-von-ifonche-nach-adeje\\\/#primaryimage\"},\"thumbnailUrl\":\"http:\\\/\\\/www.mundi-roth.de\\\/teneriffa-blog\\\/wp-content\\\/uploads\\\/2011\\\/11\\\/P1030381a-150x103.jpg\",\"keywords\":[\"Adeje\",\"Barranco del Infierno\",\"Camino Carrasco\",\"Ifonche\",\"La Vista\",\"Teneriffa Wandern\",\"Wandern Teneriffa\"],\"articleSection\":[\"Arona\",\"Wanderungen\"],\"inLanguage\":\"de\",\"potentialAction\":[{\"@type\":\"CommentAction\",\"name\":\"Comment\",\"target\":[\"https:\\\/\\\/www.mundi-roth.de\\\/teneriffa-blog\\\/wanderungen\\\/camino-carrasco-von-ifonche-nach-adeje\\\/#respond\"]}]},{\"@type\":\"WebPage\",\"@id\":\"https:\\\/\\\/www.mundi-roth.de\\\/teneriffa-blog\\\/wanderungen\\\/camino-carrasco-von-ifonche-nach-adeje\\\/\",\"url\":\"https:\\\/\\\/www.mundi-roth.de\\\/teneriffa-blog\\\/wanderungen\\\/camino-carrasco-von-ifonche-nach-adeje\\\/\",\"name\":\"Camino Carrasco - von Ifonche nach Adeje - Teneriffa Wandern\",\"isPartOf\":{\"@id\":\"https:\\\/\\\/www.mundi-roth.de\\\/teneriffa-blog\\\/#website\"},\"primaryImageOfPage\":{\"@id\":\"https:\\\/\\\/www.mundi-roth.de\\\/teneriffa-blog\\\/wanderungen\\\/camino-carrasco-von-ifonche-nach-adeje\\\/#primaryimage\"},\"image\":{\"@id\":\"https:\\\/\\\/www.mundi-roth.de\\\/teneriffa-blog\\\/wanderungen\\\/camino-carrasco-von-ifonche-nach-adeje\\\/#primaryimage\"},\"thumbnailUrl\":\"http:\\\/\\\/www.mundi-roth.de\\\/teneriffa-blog\\\/wp-content\\\/uploads\\\/2011\\\/11\\\/P1030381a-150x103.jpg\",\"datePublished\":\"2011-11-02T19:01:40+00:00\",\"dateModified\":\"2015-04-09T14:11:50+00:00\",\"author\":{\"@id\":\"https:\\\/\\\/www.mundi-roth.de\\\/teneriffa-blog\\\/#\\\/schema\\\/person\\\/604e0c55b3c3c17a246669bfcb6f1d9d\"},\"breadcrumb\":{\"@id\":\"https:\\\/\\\/www.mundi-roth.de\\\/teneriffa-blog\\\/wanderungen\\\/camino-carrasco-von-ifonche-nach-adeje\\\/#breadcrumb\"},\"inLanguage\":\"de\",\"potentialAction\":[{\"@type\":\"ReadAction\",\"target\":[\"https:\\\/\\\/www.mundi-roth.de\\\/teneriffa-blog\\\/wanderungen\\\/camino-carrasco-von-ifonche-nach-adeje\\\/\"]}]},{\"@type\":\"ImageObject\",\"inLanguage\":\"de\",\"@id\":\"https:\\\/\\\/www.mundi-roth.de\\\/teneriffa-blog\\\/wanderungen\\\/camino-carrasco-von-ifonche-nach-adeje\\\/#primaryimage\",\"url\":\"https:\\\/\\\/www.mundi-roth.de\\\/teneriffa-blog\\\/wp-content\\\/uploads\\\/2011\\\/11\\\/P1030381a.jpg\",\"contentUrl\":\"https:\\\/\\\/www.mundi-roth.de\\\/teneriffa-blog\\\/wp-content\\\/uploads\\\/2011\\\/11\\\/P1030381a.jpg\",\"width\":\"600\",\"height\":\"415\"},{\"@type\":\"BreadcrumbList\",\"@id\":\"https:\\\/\\\/www.mundi-roth.de\\\/teneriffa-blog\\\/wanderungen\\\/camino-carrasco-von-ifonche-nach-adeje\\\/#breadcrumb\",\"itemListElement\":[{\"@type\":\"ListItem\",\"position\":1,\"name\":\"Startseite\",\"item\":\"https:\\\/\\\/www.mundi-roth.de\\\/teneriffa-blog\\\/\"},{\"@type\":\"ListItem\",\"position\":2,\"name\":\"Camino Carrasco &#8211; von Ifonche nach Adeje\"}]},{\"@type\":\"WebSite\",\"@id\":\"https:\\\/\\\/www.mundi-roth.de\\\/teneriffa-blog\\\/#website\",\"url\":\"https:\\\/\\\/www.mundi-roth.de\\\/teneriffa-blog\\\/\",\"name\":\"Teneriffa Wandern\",\"description\":\"Nicht nur Wanderungen auf Teneriffa...\",\"potentialAction\":[{\"@type\":\"SearchAction\",\"target\":{\"@type\":\"EntryPoint\",\"urlTemplate\":\"https:\\\/\\\/www.mundi-roth.de\\\/teneriffa-blog\\\/?s={search_term_string}\"},\"query-input\":{\"@type\":\"PropertyValueSpecification\",\"valueRequired\":true,\"valueName\":\"search_term_string\"}}],\"inLanguage\":\"de\"},{\"@type\":\"Person\",\"@id\":\"https:\\\/\\\/www.mundi-roth.de\\\/teneriffa-blog\\\/#\\\/schema\\\/person\\\/604e0c55b3c3c17a246669bfcb6f1d9d\",\"name\":\"mr\",\"image\":{\"@type\":\"ImageObject\",\"inLanguage\":\"de\",\"@id\":\"https:\\\/\\\/secure.gravatar.com\\\/avatar\\\/9a3c34f32a8cb6923297b48d58fb263210ea20a4049fc4d3ccb858ce00487957?s=96&d=mm&r=g\",\"url\":\"https:\\\/\\\/secure.gravatar.com\\\/avatar\\\/9a3c34f32a8cb6923297b48d58fb263210ea20a4049fc4d3ccb858ce00487957?s=96&d=mm&r=g\",\"contentUrl\":\"https:\\\/\\\/secure.gravatar.com\\\/avatar\\\/9a3c34f32a8cb6923297b48d58fb263210ea20a4049fc4d3ccb858ce00487957?s=96&d=mm&r=g\",\"caption\":\"mr\"},\"url\":\"https:\\\/\\\/www.mundi-roth.de\\\/teneriffa-blog\\\/author\\\/mr\\\/\"}]}<\/script>\n<!-- \/ Yoast SEO plugin. -->","yoast_head_json":{"title":"Camino Carrasco - von Ifonche nach Adeje - Teneriffa Wandern","robots":{"index":"index","follow":"follow","max-snippet":"max-snippet:-1","max-image-preview":"max-image-preview:large","max-video-preview":"max-video-preview:-1"},"canonical":"https:\/\/www.mundi-roth.de\/teneriffa-blog\/wanderungen\/camino-carrasco-von-ifonche-nach-adeje\/","twitter_misc":{"Verfasst von":"mr","Gesch\u00e4tzte Lesezeit":"5\u00a0Minuten"},"schema":{"@context":"https:\/\/schema.org","@graph":[{"@type":"Article","@id":"https:\/\/www.mundi-roth.de\/teneriffa-blog\/wanderungen\/camino-carrasco-von-ifonche-nach-adeje\/#article","isPartOf":{"@id":"https:\/\/www.mundi-roth.de\/teneriffa-blog\/wanderungen\/camino-carrasco-von-ifonche-nach-adeje\/"},"author":{"name":"mr","@id":"https:\/\/www.mundi-roth.de\/teneriffa-blog\/#\/schema\/person\/604e0c55b3c3c17a246669bfcb6f1d9d"},"headline":"Camino Carrasco &#8211; von Ifonche nach Adeje","datePublished":"2011-11-02T19:01:40+00:00","dateModified":"2015-04-09T14:11:50+00:00","mainEntityOfPage":{"@id":"https:\/\/www.mundi-roth.de\/teneriffa-blog\/wanderungen\/camino-carrasco-von-ifonche-nach-adeje\/"},"wordCount":925,"commentCount":1,"image":{"@id":"https:\/\/www.mundi-roth.de\/teneriffa-blog\/wanderungen\/camino-carrasco-von-ifonche-nach-adeje\/#primaryimage"},"thumbnailUrl":"http:\/\/www.mundi-roth.de\/teneriffa-blog\/wp-content\/uploads\/2011\/11\/P1030381a-150x103.jpg","keywords":["Adeje","Barranco del Infierno","Camino Carrasco","Ifonche","La Vista","Teneriffa Wandern","Wandern Teneriffa"],"articleSection":["Arona","Wanderungen"],"inLanguage":"de","potentialAction":[{"@type":"CommentAction","name":"Comment","target":["https:\/\/www.mundi-roth.de\/teneriffa-blog\/wanderungen\/camino-carrasco-von-ifonche-nach-adeje\/#respond"]}]},{"@type":"WebPage","@id":"https:\/\/www.mundi-roth.de\/teneriffa-blog\/wanderungen\/camino-carrasco-von-ifonche-nach-adeje\/","url":"https:\/\/www.mundi-roth.de\/teneriffa-blog\/wanderungen\/camino-carrasco-von-ifonche-nach-adeje\/","name":"Camino Carrasco - von Ifonche nach Adeje - Teneriffa Wandern","isPartOf":{"@id":"https:\/\/www.mundi-roth.de\/teneriffa-blog\/#website"},"primaryImageOfPage":{"@id":"https:\/\/www.mundi-roth.de\/teneriffa-blog\/wanderungen\/camino-carrasco-von-ifonche-nach-adeje\/#primaryimage"},"image":{"@id":"https:\/\/www.mundi-roth.de\/teneriffa-blog\/wanderungen\/camino-carrasco-von-ifonche-nach-adeje\/#primaryimage"},"thumbnailUrl":"http:\/\/www.mundi-roth.de\/teneriffa-blog\/wp-content\/uploads\/2011\/11\/P1030381a-150x103.jpg","datePublished":"2011-11-02T19:01:40+00:00","dateModified":"2015-04-09T14:11:50+00:00","author":{"@id":"https:\/\/www.mundi-roth.de\/teneriffa-blog\/#\/schema\/person\/604e0c55b3c3c17a246669bfcb6f1d9d"},"breadcrumb":{"@id":"https:\/\/www.mundi-roth.de\/teneriffa-blog\/wanderungen\/camino-carrasco-von-ifonche-nach-adeje\/#breadcrumb"},"inLanguage":"de","potentialAction":[{"@type":"ReadAction","target":["https:\/\/www.mundi-roth.de\/teneriffa-blog\/wanderungen\/camino-carrasco-von-ifonche-nach-adeje\/"]}]},{"@type":"ImageObject","inLanguage":"de","@id":"https:\/\/www.mundi-roth.de\/teneriffa-blog\/wanderungen\/camino-carrasco-von-ifonche-nach-adeje\/#primaryimage","url":"https:\/\/www.mundi-roth.de\/teneriffa-blog\/wp-content\/uploads\/2011\/11\/P1030381a.jpg","contentUrl":"https:\/\/www.mundi-roth.de\/teneriffa-blog\/wp-content\/uploads\/2011\/11\/P1030381a.jpg","width":"600","height":"415"},{"@type":"BreadcrumbList","@id":"https:\/\/www.mundi-roth.de\/teneriffa-blog\/wanderungen\/camino-carrasco-von-ifonche-nach-adeje\/#breadcrumb","itemListElement":[{"@type":"ListItem","position":1,"name":"Startseite","item":"https:\/\/www.mundi-roth.de\/teneriffa-blog\/"},{"@type":"ListItem","position":2,"name":"Camino Carrasco &#8211; von Ifonche nach Adeje"}]},{"@type":"WebSite","@id":"https:\/\/www.mundi-roth.de\/teneriffa-blog\/#website","url":"https:\/\/www.mundi-roth.de\/teneriffa-blog\/","name":"Teneriffa Wandern","description":"Nicht nur Wanderungen auf Teneriffa...","potentialAction":[{"@type":"SearchAction","target":{"@type":"EntryPoint","urlTemplate":"https:\/\/www.mundi-roth.de\/teneriffa-blog\/?s={search_term_string}"},"query-input":{"@type":"PropertyValueSpecification","valueRequired":true,"valueName":"search_term_string"}}],"inLanguage":"de"},{"@type":"Person","@id":"https:\/\/www.mundi-roth.de\/teneriffa-blog\/#\/schema\/person\/604e0c55b3c3c17a246669bfcb6f1d9d","name":"mr","image":{"@type":"ImageObject","inLanguage":"de","@id":"https:\/\/secure.gravatar.com\/avatar\/9a3c34f32a8cb6923297b48d58fb263210ea20a4049fc4d3ccb858ce00487957?s=96&d=mm&r=g","url":"https:\/\/secure.gravatar.com\/avatar\/9a3c34f32a8cb6923297b48d58fb263210ea20a4049fc4d3ccb858ce00487957?s=96&d=mm&r=g","contentUrl":"https:\/\/secure.gravatar.com\/avatar\/9a3c34f32a8cb6923297b48d58fb263210ea20a4049fc4d3ccb858ce00487957?s=96&d=mm&r=g","caption":"mr"},"url":"https:\/\/www.mundi-roth.de\/teneriffa-blog\/author\/mr\/"}]}},"_links":{"self":[{"href":"https:\/\/www.mundi-roth.de\/teneriffa-blog\/wp-json\/wp\/v2\/posts\/1479","targetHints":{"allow":["GET"]}}],"collection":[{"href":"https:\/\/www.mundi-roth.de\/teneriffa-blog\/wp-json\/wp\/v2\/posts"}],"about":[{"href":"https:\/\/www.mundi-roth.de\/teneriffa-blog\/wp-json\/wp\/v2\/types\/post"}],"author":[{"embeddable":true,"href":"https:\/\/www.mundi-roth.de\/teneriffa-blog\/wp-json\/wp\/v2\/users\/2"}],"replies":[{"embeddable":true,"href":"https:\/\/www.mundi-roth.de\/teneriffa-blog\/wp-json\/wp\/v2\/comments?post=1479"}],"version-history":[{"count":0,"href":"https:\/\/www.mundi-roth.de\/teneriffa-blog\/wp-json\/wp\/v2\/posts\/1479\/revisions"}],"wp:attachment":[{"href":"https:\/\/www.mundi-roth.de\/teneriffa-blog\/wp-json\/wp\/v2\/media?parent=1479"}],"wp:term":[{"taxonomy":"category","embeddable":true,"href":"https:\/\/www.mundi-roth.de\/teneriffa-blog\/wp-json\/wp\/v2\/categories?post=1479"},{"taxonomy":"post_tag","embeddable":true,"href":"https:\/\/www.mundi-roth.de\/teneriffa-blog\/wp-json\/wp\/v2\/tags?post=1479"}],"curies":[{"name":"wp","href":"https:\/\/api.w.org\/{rel}","templated":true}]}}