{"id":1497,"date":"2011-11-09T21:00:12","date_gmt":"2011-11-09T20:00:12","guid":{"rendered":"http:\/\/www.mundi-roth.de\/teneriffa-blog\/?p=1497"},"modified":"2015-04-09T15:11:03","modified_gmt":"2015-04-09T14:11:03","slug":"santa-cruz-hop-on-hop-off","status":"publish","type":"post","link":"https:\/\/www.mundi-roth.de\/teneriffa-blog\/wanderungen\/santa-cruz-hop-on-hop-off\/","title":{"rendered":"Santa Cruz &#8211; Hop On \/ Hop Off"},"content":{"rendered":"<p><strong>Ausflug in die Hauptstadt Teneriffas Santa Cruz<\/strong><\/p>\n<p>Heute ist keine Wanderung angesagt, wir machen einen \u201eFamilientag\u201c\u00a0 &#8211; auch f\u00fcr Gehbehinderte oder Gehunwillige.<\/p>\n<p>Wir haben bei unserem Streifzug durch Nordspanien die Vorz\u00fcge der \u201eHop On \u2013 Hop Off\u201c Busse in <a href=\"http:\/\/www.mundi-roth.de\/reiseberichte\/galicien-asturien-cantabrien-baskenland-6\/\">Bilbao<\/a> und <a href=\"http:\/\/www.mundi-roth.de\/reiseberichte\/galicien-asturien-cantabrien-baskenland-7\/\">Santand\u00e9r<\/a> kennen gelernt.<\/p>\n<p>Da diese Art der Stadtbesichtigung seit M\u00e4rz 2011auch in Santa Cruz angeboten wird, wollen wir es wissen.<\/p>\n<p>Also heute ohne PKW:<br \/>\nUm 9.45 Uhr ab Busbahnhof Playas de Las Americas mit der Linie 110 der TITSA in 50 Minuten zum Busbahnhof Santa Cruz.<br \/>\nMit dem Lift in die Eingangshalle runter und sofort am linken Ausgang befindet sich die rote S\u00e4ule f\u00fcr den Bus Stopp f\u00fcr den \u201eCity Sightseeing-Bus\u201c.<\/p>\n<p>Bereits 11.05 Uhr k\u00f6nnen wir zusteigen.<br \/>\nResidente mayores: 6.00 Euro, Nichtresidente: 15.99 Euro<\/p>\n<p>Im Prospekt lesen wir:<br \/>\n<em>\u201eWir bieten Ihnen:<\/em><br \/>\n<em> &#8211; Die beste und lustigere M\u00f6glichkeit die Stadt kennen zu lernen<\/em><br \/>\n<em> &#8211; Ein 360 Grad Blick aus 4 Meter H\u00f6he<\/em><br \/>\n<em> &#8211; Mehrsprachiges und individuelles Audiosystem (8 Sprachen)\u00a0 <\/em>{deutsch: Kanal 3}<br \/>\n<em> &#8211; Gratis neue Kopfh\u00f6rer mit Ihrer Fahrkarte<\/em><br \/>\n<em> &#8211; 10\u00a0 % Erm\u00e4\u00dfigung in allen St\u00e4dten, wo wir operieren, wenn Sie unsere Fahrkarte zeigen.\u201c<\/em><\/p>\n<p>Dann mal los! Wir haben traumhaftes Wetter \u2013 25 Grad &#8211; und nehmen\u00a0\u00a0\u00a0 auf dem offenen Oberdeck Platz.<\/p>\n<p>13 mal haben wir auf der Rundtour die M\u00f6glichkeit auszusteigen und auch wieder zuzusteigen.<\/p>\n<p>Zuerst werden wir gebeten sitzen zu bleiben, da wir unter Elektro- Oberleitungen der Tranvia durchfahren.<\/p>\n<p>So, und nun werden wir am laufenden Band \u201eschlau gemacht\u201c \u2013 mal kurz unterbrochen durch Musik und ich unterf\u00fcttere die Ausf\u00fchrungen bei der jetzigen Beschreibung ein bisschen aus meinem Fundus.<\/p>\n<p>Rechter Hand fahren wir an einem Regierungsgeb\u00e4ude vorbei, das durch<a href=\"http:\/\/www.mundi-roth.de\/teneriffa-blog\/wp-content\/uploads\/2011\/11\/P1030530.jpg\" rel=\"lightbox[1497]\"><img loading=\"lazy\" decoding=\"async\" class=\"alignright size-thumbnail wp-image-1498\" title=\"P1030530\" src=\"http:\/\/www.mundi-roth.de\/teneriffa-blog\/wp-content\/uploads\/2011\/11\/P1030530-150x109.jpg\" alt=\"\" width=\"150\" height=\"109\" srcset=\"https:\/\/www.mundi-roth.de\/teneriffa-blog\/wp-content\/uploads\/2011\/11\/P1030530-150x109.jpg 150w, https:\/\/www.mundi-roth.de\/teneriffa-blog\/wp-content\/uploads\/2011\/11\/P1030530-300x218.jpg 300w, https:\/\/www.mundi-roth.de\/teneriffa-blog\/wp-content\/uploads\/2011\/11\/P1030530.jpg 600w\" sizes=\"auto, (max-width: 150px) 100vw, 150px\" \/><\/a> seine aus Vulkanstein errichtete Fassade auff\u00e4llt. Dazu h\u00f6ren wir, dass sich dieses Geb\u00e4ude dadurch auszeichnet, dass ausschlie\u00dflich die auf de Archipel vorkommenden Materialien Verwendung fanden.<\/p>\n<p>Es geht an der Kapelle San Telmo vorbei, die im 16. Jahrhundert zu Ehren des Schutzheiligen der Seefahrer gebaut wurde.<\/p>\n<p>Gegen\u00fcber blicken wir auf die \u00e4lteste Kirche von Santa Cruz, die Mutterkirche, \u201eNuestra Se\u00f1ora de la Concepci\u00f3n\u201c, die im 16. Jahrhundert errichtet wurde und Mitte des 17. Jahrhunderats restlos ausbrannte. Im Verlauf des 17. und 18. Jahrhunderts wurde sie nach und nach zu einer f\u00fcnfschiffigen Kirche erweitert.\u00a0 Die Kirche wird von den Einheimischen liebevoll \u201eKathedrale\u201c genannt wird, obwohl ihr dies rangm\u00e4\u00dfig nicht zusteht.<br \/>\nIn einer Seitenkapelle wird das Kreuz aufbewahrt, das Alonso Fern\u00e1ndez de Lugo angeblich bei seiner Eroberung der Insel mitbrachte und hier einschlug.<\/p>\n<p>Vom 1798 errichtete Kirchturm wurde fr\u00fcher nach Piraten Ausschau gehalten.<\/p>\n<p>Die vorgelagert die Plaza de la Iglesia ist von sch\u00f6nen H\u00e4usern umgeben, die, mit Holzbalkonen geziert sind, dem bevorzugten Baustil der Kanaren.<\/p>\n<p>Dies ist auch das \u00e4lteste Viertel der Stadt.<br \/>\nDer \u00e4lteste Karevalsverein\u00a0 der Stadt hat hier z.B. seinen Sitz.<\/p>\n<p><strong>Stopp 1: Plaza Espa\u00f1a<\/strong><\/p>\n<p><a href=\"http:\/\/www.mundi-roth.de\/teneriffa-blog\/wp-content\/uploads\/2011\/11\/P1030507.jpg\" rel=\"lightbox[1497]\"><img loading=\"lazy\" decoding=\"async\" class=\"alignleft size-thumbnail wp-image-1499\" title=\"P1030507\" src=\"http:\/\/www.mundi-roth.de\/teneriffa-blog\/wp-content\/uploads\/2011\/11\/P1030507-150x112.jpg\" alt=\"\" width=\"150\" height=\"112\" srcset=\"https:\/\/www.mundi-roth.de\/teneriffa-blog\/wp-content\/uploads\/2011\/11\/P1030507-150x112.jpg 150w, https:\/\/www.mundi-roth.de\/teneriffa-blog\/wp-content\/uploads\/2011\/11\/P1030507-300x225.jpg 300w, https:\/\/www.mundi-roth.de\/teneriffa-blog\/wp-content\/uploads\/2011\/11\/P1030507.jpg 600w\" sizes=\"auto, (max-width: 150px) 100vw, 150px\" \/><\/a>Hier wird ein 15min\u00fctiger Aufenthalt eingelegt\u00a0 und offiziell beginnt hier die Rundtour.<br \/>\nInfolgedessen werden wir hier auch erst begr\u00fc\u00dft.<\/p>\n<p>An der Plaza de Espa\u00f1a flie\u00dfen die Verkehrsadern der Stadt zusammen.<\/p>\n<p>In der Mitte des Platzes erhebt sich das \u201eMonumento a los Ca\u00eddos\u201c, ein<a href=\"http:\/\/www.mundi-roth.de\/teneriffa-blog\/wp-content\/uploads\/2011\/11\/P1030515.jpg\" rel=\"lightbox[1497]\"><img loading=\"lazy\" decoding=\"async\" class=\"alignright size-thumbnail wp-image-1500\" title=\"P1030515\" src=\"http:\/\/www.mundi-roth.de\/teneriffa-blog\/wp-content\/uploads\/2011\/11\/P1030515-86x150.jpg\" alt=\"\" width=\"86\" height=\"150\" srcset=\"https:\/\/www.mundi-roth.de\/teneriffa-blog\/wp-content\/uploads\/2011\/11\/P1030515-86x150.jpg 86w, https:\/\/www.mundi-roth.de\/teneriffa-blog\/wp-content\/uploads\/2011\/11\/P1030515-173x300.jpg 173w, https:\/\/www.mundi-roth.de\/teneriffa-blog\/wp-content\/uploads\/2011\/11\/P1030515.jpg 347w\" sizes=\"auto, (max-width: 86px) 100vw, 86px\" \/><\/a> Denkmal aus der Franco-\u00c4ra, das zu Ehren der w\u00e4hrend des Spanischen B\u00fcrgerkrieges (1936 \u2013 1939) auf der Seite Francos gefallenen 39 Tinerfe\u00f1os errichtet wurde.<\/p>\n<p><a href=\"http:\/\/www.mundi-roth.de\/teneriffa-blog\/wp-content\/uploads\/2011\/11\/P1030538.jpg\" rel=\"lightbox[1497]\"><img loading=\"lazy\" decoding=\"async\" class=\"alignleft size-thumbnail wp-image-1501\" title=\"P1030538\" src=\"http:\/\/www.mundi-roth.de\/teneriffa-blog\/wp-content\/uploads\/2011\/11\/P1030538-150x112.jpg\" alt=\"\" width=\"150\" height=\"112\" srcset=\"https:\/\/www.mundi-roth.de\/teneriffa-blog\/wp-content\/uploads\/2011\/11\/P1030538-150x112.jpg 150w, https:\/\/www.mundi-roth.de\/teneriffa-blog\/wp-content\/uploads\/2011\/11\/P1030538-300x225.jpg 300w, https:\/\/www.mundi-roth.de\/teneriffa-blog\/wp-content\/uploads\/2011\/11\/P1030538.jpg 600w\" sizes=\"auto, (max-width: 150px) 100vw, 150px\" \/><\/a>Der Platz wird von m\u00e4chtigen Verwaltungsbauten aus der ersten Jahrhunderth\u00e4lfte umrahmt.<br \/>\nDie S\u00fcdseite des Platzes wird von dem Geb\u00e4udekomplex Cabildo Insular beherrscht, in dem die Inselverwaltung ihre Sitzungen abh\u00e4lt. Der m\u00e4chtige Uhrturm des Palastes \u00fcberragt den Hafen.<\/p>\n<p><a href=\"http:\/\/www.mundi-roth.de\/teneriffa-blog\/wp-content\/uploads\/2011\/11\/P1030504.jpg\" rel=\"lightbox[1497]\"><img loading=\"lazy\" decoding=\"async\" class=\"alignleft size-thumbnail wp-image-1502\" title=\"P1030504\" src=\"http:\/\/www.mundi-roth.de\/teneriffa-blog\/wp-content\/uploads\/2011\/11\/P1030504-150x112.jpg\" alt=\"\" width=\"150\" height=\"112\" srcset=\"https:\/\/www.mundi-roth.de\/teneriffa-blog\/wp-content\/uploads\/2011\/11\/P1030504-150x112.jpg 150w, https:\/\/www.mundi-roth.de\/teneriffa-blog\/wp-content\/uploads\/2011\/11\/P1030504-300x225.jpg 300w, https:\/\/www.mundi-roth.de\/teneriffa-blog\/wp-content\/uploads\/2011\/11\/P1030504.jpg 600w\" sizes=\"auto, (max-width: 150px) 100vw, 150px\" \/><\/a>Den neu gestalteten Platz ziert nun ein gro\u00dfes Wasserbecken das gut zum dahinterliegenden Hafen \u00fcberleitet.<br \/>\nDas Touristinfob\u00fcro \u2013 mit h\u00fcbsch bepflanztem Dach \u2013 f\u00fcgt sich sch\u00f6n in die Umgebung ein.<\/p>\n<p>Dahinter liegt das Tor, das fr\u00fcher den <a href=\"http:\/\/www.mundi-roth.de\/teneriffa-blog\/wp-content\/uploads\/2011\/11\/P1030517.jpg\" rel=\"lightbox[1497]\"><img loading=\"lazy\" decoding=\"async\" class=\"alignright size-thumbnail wp-image-1503\" title=\"P1030517\" src=\"http:\/\/www.mundi-roth.de\/teneriffa-blog\/wp-content\/uploads\/2011\/11\/P1030517-150x74.jpg\" alt=\"\" width=\"150\" height=\"74\" srcset=\"https:\/\/www.mundi-roth.de\/teneriffa-blog\/wp-content\/uploads\/2011\/11\/P1030517-150x74.jpg 150w, https:\/\/www.mundi-roth.de\/teneriffa-blog\/wp-content\/uploads\/2011\/11\/P1030517-300x149.jpg 300w, https:\/\/www.mundi-roth.de\/teneriffa-blog\/wp-content\/uploads\/2011\/11\/P1030517.jpg 600w\" sizes=\"auto, (max-width: 150px) 100vw, 150px\" \/><\/a>Hauptzugang zur Stadt bildete. Alle vom Hafen kommenden Menschen mussten durch dieses Tor. Es urspr\u00fcnglich aus dem 17. Jahrhundert, obwohl erst im 18. Jahrhundert der Platz de la <a href=\"http:\/\/www.mundi-roth.de\/teneriffa-blog\/wp-content\/uploads\/2011\/11\/P1030519.jpg\" rel=\"lightbox[1497]\"><img loading=\"lazy\" decoding=\"async\" class=\"alignleft size-thumbnail wp-image-1504\" title=\"P1030519\" src=\"http:\/\/www.mundi-roth.de\/teneriffa-blog\/wp-content\/uploads\/2011\/11\/P1030519-112x150.jpg\" alt=\"\" width=\"112\" height=\"150\" srcset=\"https:\/\/www.mundi-roth.de\/teneriffa-blog\/wp-content\/uploads\/2011\/11\/P1030519-112x150.jpg 112w, https:\/\/www.mundi-roth.de\/teneriffa-blog\/wp-content\/uploads\/2011\/11\/P1030519-225x300.jpg 225w, https:\/\/www.mundi-roth.de\/teneriffa-blog\/wp-content\/uploads\/2011\/11\/P1030519.jpg 450w\" sizes=\"auto, (max-width: 112px) 100vw, 112px\" \/><\/a>Candelaria errichtet wurde. Dieser Platz hatte viele Namen \u2013 auch Plaza Almeida \u2013 nach dem Generalgouverneurs Almeida (1798) und erst 1956 erhielt er den jetzigen Namen.<br \/>\nStadteinw\u00e4rts schlie\u00dft sich\u00a0 nun die der Schutzpatronin der Insel gewidmete Plaza de la Candelaria\u00a0 mit dem aus Carrara Marmor errichteten Obelisken an.<br \/>\nDahinter beginnt die Haupteinkaufssstra\u00dfe von Santa Cruz, die Calle Castillo.<\/p>\n<p>Bei den Ausf\u00fchrungen h\u00f6ren wir, dass dies nun alles zur Plaza\u00a0 Espa\u00f1a z\u00e4hlt.<\/p>\n<p>Wir fahren unter dicken indischen Lorbeerb\u00e4umen in die Calle La Marina ein und blicken links in die historische Altstadt und hier beginnt nun die Rundreise vorbei am\u00a0 Eingang der Hafenmole. 1929 begannen hier die Arbeiten und dem Meer wurde Land abgerungen und somit die Altstadt erweitert.<br \/>\nWir blicken auf zwei Kreuzfahrtschiffe, F\u00e4hren und Unmengen sonstiger Schiffe.<\/p>\n<p>Hier macht unser Bus eine Schleife und wir fahren an der Promenade, der Avenida Mar\u00edtima Richtung Auditorium.<\/p>\n<p>Kurz darauf schauen wir auf ein durch Erosion geschaffenes Flussbett, das die abflie\u00dfenden Wasser von La Laguna aufnahm.<\/p>\n<p>Vor uns k\u00f6nnen wir einen Blick auf das ber\u00fchmte, futuristische Geb\u00e4ude des Auditorio de Tenerife werfen, das von dem Architekten Santiago Calatrava Valls entworfen wurde. Santa Cruz geh\u00f6rt zu den wenigen St\u00e4dten, die sich mit einem Bauwerk dieses ber\u00fchmten Architekten schm\u00fccken k\u00f6nnen.<br \/>\nHier ist der Sitz des Sinfonie Orchesters von Teneriffa. (OST)<\/p>\n<p>Wir fahren die Hauptverkehrsader der Stadt hinauf, die Avenida Tres de Mayo. Die Fischervierteln Llanos und Fomento waren durch den Barranco de Santos getrennt.<br \/>\nDer Sprecher kl\u00e4rt uns auf:<br \/>\n\u201eDie Kanaren bilden eine der 17 autonomen Gemeinschaften Spaniens und verf\u00fcgt \u00fcber eine eigene Regierung und ein eigenes Parlament.<br \/>\nDas Gebiet erstreckt \u00fcber 7440 qkm und ist auf\u00a0 7 Hauptinseln verteilt:<br \/>\nLa Palma, La Gomera, El Hierro, Teneriffa, Gran Canaria, Fuerteventura, Lanzarote und \u00fcber einige kleinere Inseln: La Graciosa,\u00a0 LosLobos, Alegranza, Monta\u00f1a Clara, Roque del Oste, Roque del Oeste.<br \/>\nSeit 1982 ist Santa Cruz neben Las Palmas de Gran Canaria Hauptstadt der autonomen Gemeinschaft Kanarische Inseln. Beide Regierungssitze wechseln sich alle vier Jahre ab.<\/p>\n<p>&nbsp;<\/p>\n<p><strong> 2. Stopp: Mercado Nuestra Se\u00f1ora de \u00c0frica y Museos<\/strong><\/p>\n<p>&nbsp;<\/p>\n<p>\u201eLiebe Frau aus Afrika\u201c, das rosafarbene Geb\u00e4ude im orientalischen Stil <a href=\"http:\/\/www.mundi-roth.de\/teneriffa-blog\/wp-content\/uploads\/2011\/11\/P1030534.jpg\" rel=\"lightbox[1497]\"><img loading=\"lazy\" decoding=\"async\" class=\"alignright size-thumbnail wp-image-1505\" title=\"P1030534\" src=\"http:\/\/www.mundi-roth.de\/teneriffa-blog\/wp-content\/uploads\/2011\/11\/P1030534-150x85.jpg\" alt=\"\" width=\"150\" height=\"85\" srcset=\"https:\/\/www.mundi-roth.de\/teneriffa-blog\/wp-content\/uploads\/2011\/11\/P1030534-150x85.jpg 150w, https:\/\/www.mundi-roth.de\/teneriffa-blog\/wp-content\/uploads\/2011\/11\/P1030534-300x171.jpg 300w, https:\/\/www.mundi-roth.de\/teneriffa-blog\/wp-content\/uploads\/2011\/11\/P1030534.jpg 600w\" sizes=\"auto, (max-width: 150px) 100vw, 150px\" \/><\/a>mit seinem maurisch anmutenden Toreingang und Uhrenturm beherbergt den quirligen Markt. Die vor dem Eingang stehende Bronzefigur eines Milchm\u00e4dchens weist auf die im Markt zu verkaufenden Produkte hin: Obst, Gem\u00fcse, Fleisch, Wurst,\u00a0 Fisch, K\u00e4se und Blumen. Alles wird in gro\u00dfer Anzahl an den verschiedenen St\u00e4nden angeboten.<br \/>\nIch habe nachgelesen:<br \/>\nFranco \u2013 der sich bei den Tinerfe\u00f1os beliebt machen wollte \u2013 beauftragte 1942 den Generalgouverneur der Kanaren, Santos Ricardo Serrador, mit dem Bau des Marktes.<br \/>\nAm 4. Januar 1944 wurde der Markt \u201eUnserer Lieben Frau von Afrika\u201c in Erinnerung an den Namen der Ehefrau von Serrador eingeweiht.<\/p>\n<p>Der Bus h\u00e4lt in der Calle de San Sebasti\u00e1n, an der Seite von TEA (Tenerife Espacio de las Artes), dem\u00a0 2008 er\u00f6ffneten Museum f\u00fcr zeitgen\u00f6ssische<a href=\"http:\/\/www.mundi-roth.de\/teneriffa-blog\/wp-content\/uploads\/2011\/11\/P1030535.jpg\" rel=\"lightbox[1497]\"><img loading=\"lazy\" decoding=\"async\" class=\"alignright size-thumbnail wp-image-1506\" title=\"P1030535\" src=\"http:\/\/www.mundi-roth.de\/teneriffa-blog\/wp-content\/uploads\/2011\/11\/P1030535-150x112.jpg\" alt=\"\" width=\"150\" height=\"112\" srcset=\"https:\/\/www.mundi-roth.de\/teneriffa-blog\/wp-content\/uploads\/2011\/11\/P1030535-150x112.jpg 150w, https:\/\/www.mundi-roth.de\/teneriffa-blog\/wp-content\/uploads\/2011\/11\/P1030535-300x225.jpg 300w, https:\/\/www.mundi-roth.de\/teneriffa-blog\/wp-content\/uploads\/2011\/11\/P1030535.jpg 600w\" sizes=\"auto, (max-width: 150px) 100vw, 150px\" \/><\/a> Kunst. Der Entwurf stammt\u00a0 von den Schweizer Architekten Jacques Herzog, Pierre de Meuron und Virgilio Gut\u00ederrez.<br \/>\nAuf 20.622 Quadratmetern beherbergt\u00a0 es das Instituto Oscar Dominguez sowie das Centro de Fotograf\u00eda Isla de Tenerife und wird erg\u00e4nzt durch die Haupt-Bibliothek der Insel, Lesesaal, Museumsladen und Ausstellungsfl\u00e4che f\u00fcr aktuelle Ausstellungen. Die verschiedenen Geb\u00e4ude und Eing\u00e4nge des Komplexes\u00a0 wurde so zu einem Ensemble verbunden.<\/p>\n<p>Wir werden noch auf das\u00a0 rechter Hand liegende ehemalige Hospital in einem neoklassizistischen Bau hingewiesen, in dem heute das Museum Natur und Mensch \u201e Museo de la Naturaleza y el Hombre\u201c untergebracht ist.<br \/>\nDies sollte jeder besuchen, der sich f\u00fcr das Leben der Menschen hier in fr\u00fcherer Zeit interessiert.<br \/>\nDas Leben der Guanchen wird anschaulich dokumentiert. Es ist eine Sammlung der Kultur der Bewohner der Insel. Beeindruckend sind die Mumien, da die Guanchen die Technik der Einbalsamierung der Toten beherrschten, wie es sonst nur von den alten \u00c4gyptern und den Inkas bekannt ist.<\/p>\n<p>Wir passieren wieder die Calle Bravo Murillo und fahren auf der\u00a0 Avenida Mar\u00edtimo zur\u00fcck zum:<\/p>\n<p><strong>3. Stopp: Puerto Curcero<\/strong><\/p>\n<p><a href=\"http:\/\/www.mundi-roth.de\/teneriffa-blog\/wp-content\/uploads\/2011\/11\/P1030544.jpg\" rel=\"lightbox[1497]\"><img loading=\"lazy\" decoding=\"async\" class=\"alignleft size-thumbnail wp-image-1507\" title=\"P1030544\" src=\"http:\/\/www.mundi-roth.de\/teneriffa-blog\/wp-content\/uploads\/2011\/11\/P1030544-150x102.jpg\" alt=\"\" width=\"150\" height=\"102\" srcset=\"https:\/\/www.mundi-roth.de\/teneriffa-blog\/wp-content\/uploads\/2011\/11\/P1030544-150x102.jpg 150w, https:\/\/www.mundi-roth.de\/teneriffa-blog\/wp-content\/uploads\/2011\/11\/P1030544-300x204.jpg 300w, https:\/\/www.mundi-roth.de\/teneriffa-blog\/wp-content\/uploads\/2011\/11\/P1030544.jpg 600w\" sizes=\"auto, (max-width: 150px) 100vw, 150px\" \/><\/a>Ein sch\u00f6ner Panoramablick bietet sich uns wieder auf den Fischerei-, Kreuzfahrt- und F\u00e4hrhafen. Inzwischen ist noch ein weiteres Kreuzfahrtschiff dazugekommen.<br \/>\nDer Stadthafen hatte eine gro\u00dfe Bedeutung f\u00fcr die Entwicklung der Stadt.<br \/>\nDer zweitgr\u00f6\u00dfte Hafen der Insel liegt im S\u00fcden, in Los Christianos.<\/p>\n<p>Der Name Teneriffas wurde auch durch den Karneval in die Welt getragen und wird im gleichen Atemzug mit den St\u00e4dten: Venedig, Rio de Janeiro und Karibik genannt. (Unsere pers\u00f6nliche Anmerkung: K\u00f6ln haben sie vergessen zu erw\u00e4hnen.)<br \/>\nEr \u00fcberlebte auch die Francodiktatur und wurde damals einfach zum \u201eWinterfest\u201c deklariert.<\/p>\n<p><strong>Stopp 4: Cuartel Almeida<\/strong><\/p>\n<p>Die Festung:\u00a0 In diesem Museum wird die Milit\u00e4rgeschichte der kanarischen Inseln dargestellt..<br \/>\nAusgestellt werden Uniformen, Fahnen, Waffen, Kanonen\u00a0 und ein Modell der Stadt von 1779.<br \/>\nHauptattraktion ist jedoch die Kanone \u201eEl Tigre\u201c. Sie soll f\u00fcr den Verlust von Nelsons rechtem Arm verantwortlich sein, als die Engl\u00e4nder 1797 die Insel \u00fcberfielen.<\/p>\n<p>Zudem werden wir darauf aufmerksam gemacht, dass man von hier aus die M\u00f6glichkeit hat nach San Andr\u00e9s, zur Playa de las Teresitas zu gelangen der Strand ist mit goldgelbem Sahara-Sand beschickt. (Meine Anmerkung: Welch ein Unsinn! denn j\u00e4hrlich muss er nachgef\u00fcllt werden, da Wind und Wasser ihn wieder abtragen.)<\/p>\n<p><a href=\"http:\/\/www.mundi-roth.de\/teneriffa-blog\/wp-content\/uploads\/2011\/11\/P1030467.jpg\" rel=\"lightbox[1497]\"><img loading=\"lazy\" decoding=\"async\" class=\"alignleft size-thumbnail wp-image-1508\" title=\"P1030467\" src=\"http:\/\/www.mundi-roth.de\/teneriffa-blog\/wp-content\/uploads\/2011\/11\/P1030467-150x112.jpg\" alt=\"\" width=\"150\" height=\"112\" srcset=\"https:\/\/www.mundi-roth.de\/teneriffa-blog\/wp-content\/uploads\/2011\/11\/P1030467-150x112.jpg 150w, https:\/\/www.mundi-roth.de\/teneriffa-blog\/wp-content\/uploads\/2011\/11\/P1030467-300x225.jpg 300w, https:\/\/www.mundi-roth.de\/teneriffa-blog\/wp-content\/uploads\/2011\/11\/P1030467.jpg 600w\" sizes=\"auto, (max-width: 150px) 100vw, 150px\" \/><\/a>Der Bus biegt bei dem Brunnen \u201eFuente de los Angeles\u201c, ein protziges Denkmal zu Ehren Francos, in die Rambla de Santa Cruz, fr\u00fcher Rambla del General Franco\u00a0\u00a0 links ab.<\/p>\n<p>An dieser Hauptverkehrsader der Stadt k\u00f6nnen wir den Wandel vom 19. ins 20. Jahrhundert gut nachvollziehen.<br \/>\nDer begr\u00fcnte Mittelstreifen l\u00e4dt zum Flanieren unter exotische B\u00e4umen ein, dem Indischen Lorbeer- und Afrikanischen Tulpenb\u00e4umen,\u00a0 unter anderem sogar dem Drachenbaum.<br \/>\n1973 fand ein von der Stadt Santa Cruz ausgeschriebenen Skulpturen-Wettbewerb statt.<a href=\"http:\/\/www.mundi-roth.de\/teneriffa-blog\/wp-content\/uploads\/2011\/11\/P1030901.jpg\" rel=\"lightbox[1497]\"><img loading=\"lazy\" decoding=\"async\" class=\"alignright size-thumbnail wp-image-1617\" title=\"P1030901\" src=\"http:\/\/www.mundi-roth.de\/teneriffa-blog\/wp-content\/uploads\/2011\/11\/P1030901-150x112.jpg\" alt=\"\" width=\"150\" height=\"112\" srcset=\"https:\/\/www.mundi-roth.de\/teneriffa-blog\/wp-content\/uploads\/2011\/11\/P1030901-150x112.jpg 150w, https:\/\/www.mundi-roth.de\/teneriffa-blog\/wp-content\/uploads\/2011\/11\/P1030901-300x225.jpg 300w, https:\/\/www.mundi-roth.de\/teneriffa-blog\/wp-content\/uploads\/2011\/11\/P1030901.jpg 600w\" sizes=\"auto, (max-width: 150px) 100vw, 150px\" \/><\/a><br \/>\nViele K\u00fcnstler beteiligten sich und schenkten anschlie\u00dfend die von ihnen erstellten Werke der Stadt. so z. B. Henry Moor den \u201eKrieger\u201c.<\/p>\n<p><a href=\"http:\/\/www.mundi-roth.de\/teneriffa-blog\/wp-content\/uploads\/2011\/11\/P1030469.jpg\" rel=\"lightbox[1497]\"><img loading=\"lazy\" decoding=\"async\" class=\"alignleft size-thumbnail wp-image-1509\" title=\"P1030469\" src=\"http:\/\/www.mundi-roth.de\/teneriffa-blog\/wp-content\/uploads\/2011\/11\/P1030469-131x150.jpg\" alt=\"\" width=\"131\" height=\"150\" srcset=\"https:\/\/www.mundi-roth.de\/teneriffa-blog\/wp-content\/uploads\/2011\/11\/P1030469-131x150.jpg 131w, https:\/\/www.mundi-roth.de\/teneriffa-blog\/wp-content\/uploads\/2011\/11\/P1030469-263x300.jpg 263w, https:\/\/www.mundi-roth.de\/teneriffa-blog\/wp-content\/uploads\/2011\/11\/P1030469.jpg 526w\" sizes=\"auto, (max-width: 131px) 100vw, 131px\" \/><\/a>Linker Hand sehen wir die kleine Kirche San Isidro.<\/p>\n<p>Das Viertel hat sich zwar sehr ver\u00e4ndert, jedoch findet man auch noch typische Bauten.<\/p>\n<p>Wir passieren das 1950 er\u00f6ffnete Hotel Mency, das einzige 5 Sterne Hotel der Stadt mit seinem extravaganten Baustil. Es beherbergte illustre G\u00e4ste und hier befindet sich auch das Spielkasino der Stadt.<\/p>\n<p>Damit erreichen wir auch schon auf der linken Seite den Park Sanabria und sehen auf strotzende Vegetation.<\/p>\n<p>Wir biegen linker Hand von der Rambla (Promenade) ab und gelangen zur \u201eAvenida del Venticinco de Julio\u201c (Allee des 25. Juli.) Hier liegen die sch\u00f6nsten H\u00e4user der Stadt,\u00a0 wie wir h\u00f6ren.<\/p>\n<p>Der Platz des 25. Juli mit dem Froschbrunnen, der dem Platz \u201eFuente de <a href=\"http:\/\/www.mundi-roth.de\/teneriffa-blog\/wp-content\/uploads\/2011\/11\/P1030475.jpg\" rel=\"lightbox[1497]\"><img loading=\"lazy\" decoding=\"async\" class=\"alignright size-thumbnail wp-image-1510\" title=\"P1030475\" src=\"http:\/\/www.mundi-roth.de\/teneriffa-blog\/wp-content\/uploads\/2011\/11\/P1030475-150x100.jpg\" alt=\"\" width=\"150\" height=\"100\" srcset=\"https:\/\/www.mundi-roth.de\/teneriffa-blog\/wp-content\/uploads\/2011\/11\/P1030475-150x100.jpg 150w, https:\/\/www.mundi-roth.de\/teneriffa-blog\/wp-content\/uploads\/2011\/11\/P1030475-300x200.jpg 300w, https:\/\/www.mundi-roth.de\/teneriffa-blog\/wp-content\/uploads\/2011\/11\/P1030475.jpg 600w\" sizes=\"auto, (max-width: 150px) 100vw, 150px\" \/><\/a>las Ranas\u201c im Parque de Mar\u00eda Luisa in Sevilla nachempfunden wurde l\u00e4dt zum Verweilen ein.<br \/>\nDas Datum \u201e25. Juli\u201c erinnert an die gewonne Seeschlacht der Spanier im Jahre 1797 gegen den britischen Admiral Nelson.<br \/>\nIm Volksmund wird der Platz aber \u201ePlaza de los Patos\u201c (Entenplatz) genannt, da die im Brunnen sitzende Ente von den acht sich am Brunnenrand befindenden\u00a0 Fr\u00f6schen bespritz wird.<br \/>\nRund um den Brunnen sind 20 mit Kacheln versehenen Sitzb\u00e4nke gruppiert. Auf jeder Bank ist auch eine Kachel mit einer Werbeaufschrift des jeweiligen Spenders angebracht.<\/p>\n<p>Direkt am Platz befinden sich die zweite Hauptpost der Stadt sowie die kleine katholische Kirche San Jorge.<\/p>\n<p>Von hier aus fahren wir in das Regierungsviertel.<\/p>\n<p><strong>5. Stopp: Ayuntamiento de Santa Cruz de Tenerife<\/strong><\/p>\n<p>Das Rathaus\u00a0 wurde 1898 im \u201cantikisierenden\u201d Stil erbaut.<a href=\"http:\/\/www.mundi-roth.de\/teneriffa-blog\/wp-content\/uploads\/2011\/11\/P1030567.jpg\" rel=\"lightbox[1497]\"><img loading=\"lazy\" decoding=\"async\" class=\"alignright size-thumbnail wp-image-1511\" title=\"P1030567\" src=\"http:\/\/www.mundi-roth.de\/teneriffa-blog\/wp-content\/uploads\/2011\/11\/P1030567-150x112.jpg\" alt=\"\" width=\"150\" height=\"112\" srcset=\"https:\/\/www.mundi-roth.de\/teneriffa-blog\/wp-content\/uploads\/2011\/11\/P1030567-150x112.jpg 150w, https:\/\/www.mundi-roth.de\/teneriffa-blog\/wp-content\/uploads\/2011\/11\/P1030567-300x225.jpg 300w, https:\/\/www.mundi-roth.de\/teneriffa-blog\/wp-content\/uploads\/2011\/11\/P1030567.jpg 600w\" sizes=\"auto, (max-width: 150px) 100vw, 150px\" \/><\/a><br \/>\nDer Sitzungssaal ziert ein allegorisches Fresko \u201eDer Sieg der Wahrheit \u00fcber den Irrtum\u201c.<br \/>\n(Bei einem anderen Stadtbesuch hatten Elisabeth und ich das gro\u00dfe Gl\u00fcck, dass eine freundliche Pf\u00f6rtnerin nur f\u00fcr uns sogar das Licht im Saal anmachte.)<br \/>\nIn der Nachbarstra\u00dfe\u00a0 \u201eCalle M\u00e9ndez N\u00fa\u00f1ez\u201c ist die Zivilverwaltung, \u201eGob\u00ederno Civil\u201c untergebracht.<\/p>\n<p>Und schon gelangen wir an die n\u00e4chste Ausstiegsm\u00f6glichkeit:<\/p>\n<p><strong>6. Stopp: Parque Garc\u00eda Sanabria<\/strong><\/p>\n<p><a href=\"http:\/\/www.mundi-roth.de\/teneriffa-blog\/wp-content\/uploads\/2011\/11\/P1030485.jpg\" rel=\"lightbox[1497]\"><img loading=\"lazy\" decoding=\"async\" class=\"alignleft size-thumbnail wp-image-1512\" title=\"P1030485\" src=\"http:\/\/www.mundi-roth.de\/teneriffa-blog\/wp-content\/uploads\/2011\/11\/P1030485-150x112.jpg\" alt=\"\" width=\"150\" height=\"112\" srcset=\"https:\/\/www.mundi-roth.de\/teneriffa-blog\/wp-content\/uploads\/2011\/11\/P1030485-150x112.jpg 150w, https:\/\/www.mundi-roth.de\/teneriffa-blog\/wp-content\/uploads\/2011\/11\/P1030485-300x225.jpg 300w, https:\/\/www.mundi-roth.de\/teneriffa-blog\/wp-content\/uploads\/2011\/11\/P1030485.jpg 600w\" sizes=\"auto, (max-width: 150px) 100vw, 150px\" \/><\/a>1926 wurde der Park auf einer Fl\u00e4che von \u00fcber 67 000 Quadratmetern erbaut. Er tr\u00e4gt als \u201eDankesch\u00f6n\u201c den Namen des damals amtierenden B\u00fcrgermeisters Garc\u00eda Sanabria, der diesen Park initiert hat.<br \/>\nDer Park bietet eine Artenvielfalt von \u00fcber 200 Pflanzen aus aller Welt, Skulpturen und Wasseranlagen sind Teil dieses botanischen Gartens und das besonders ins Auge springende Garcia Sanabria-Denkmal. Ber\u00fchmt ist die Blumenuhr, die meinem lieben Mann gut im Ged\u00e4chtnis geblieben ist.<br \/>\nEin Ausstieg hier lohnt sich auf alle F\u00e4lle.<\/p>\n<p><strong>7. Stopp: Rambla de Santa Cruz<\/strong><\/p>\n<p>Zur\u00fcck zur Rambla, nochmal ein Hinweis auf den K\u00fcnstlerwettbewerb und dass einige der teilnehmenden K\u00fcnstler der Stadt die Werke schenkten. Nunmehr stehen 40 Skulpturen hier verteilt und somit entstand hier ein Freiluftmuseum der besonderen Art.<\/p>\n<p>Wieder biegen wir von der Rambla de Santa Cruz ab und gelangen an einen der belebtesten und lebendigsten Pl\u00e4tze von Santa Cruz, die Plaza Weyler.<br \/>\nHier ist die Architektur das eigentlich interessante: der klassizistische Bau mit der langgestreckten, gegliederten Fassade vom Ende des 20. Jahrhunderts ist die Capitan\u00eda General. Sie war Sitz der Milit\u00e4rgouverneure Teneriffas.<br \/>\nDer Platz ist nach dem spanische General und Gouverneur Valeri\u00e1 Weyler i Nicolau benannt.<br \/>\nNoch heute stehen direkt angrenzend an den Platz drei milit\u00e4rische Verwaltungsbauten.<\/p>\n<p>Nur als Anmerkung: Kurz vor dem Spanischen B\u00fcrgerkrieg bezog f\u00fcr einige Monate General Franco hier Quartier, bevor er nach West-Sahara \u00fcbersetzte und den dreij\u00e4hrigen B\u00fcrgerkrieg iniziierte.<\/p>\n<p>In der Mitte des Platzes sehen wir den aus Carrara Marmor gefertigten Liebesbrunnen. Aus L\u00f6wenk\u00f6pfen sprudelt Wasser.<\/p>\n<p>Dieser Platz wird auch zum Anlass genommen, uns einen Besuch der Nachbarstadt zu empfehlen, da hier eine Haltestelle der Stra\u00dfenbahn ist, die in die Altstadt von La Laguna f\u00e4hrt. Die beiden St\u00e4dte gehen nahtlos ineinander \u00fcber.<br \/>\nDie Altstadt von La Laguna wurde 1999 von der UNESCO zum Weltkulturerbe deklariert.<br \/>\n1496 wurde die Stadt von dem Eroberer Lugo als erster Milit\u00e4rsitz gew\u00e4hlt.<br \/>\nSchachbrettartige Stra\u00dfen, herrschaftliche H\u00e4user, Kirchen, Kl\u00f6ster und Pl\u00e4tze beeindrucken, besonders die Kathedrale Nuestra Se\u00f1ora de Conception (Kirche: \u201eUnserer lieben Frau der unbefleckten Empf\u00e4ngnis). La Laguna ist Bischofssitz und \u00e4lteste Universit\u00e4tsstadt auf den Kanaren.<\/p>\n<p>(nur so als Anmerkung: am 2.12.2010 habe ich \u201e<a href=\"http:\/\/www.mundi-roth.de\/teneriffa-blog\/wanderungen\/la-laguna-stadtfuhrung\/\">La Laguna \u2013 Stadtf\u00fchrung<\/a>\u201c genauer beschrieben) Vielleicht Link auf Stadtrundgang La Laguna?<\/p>\n<p><strong>8. Stopp: Plaza Pedro Schwartz<\/strong><\/p>\n<p>Offensichtlich gibt es hier nicht viel zu berichten, denn wir werden nicht <a href=\"http:\/\/www.mundi-roth.de\/teneriffa-blog\/wp-content\/uploads\/2011\/11\/P1030495.jpg\" rel=\"lightbox[1497]\"><img loading=\"lazy\" decoding=\"async\" class=\"alignright size-thumbnail wp-image-1513\" title=\"P1030495\" src=\"http:\/\/www.mundi-roth.de\/teneriffa-blog\/wp-content\/uploads\/2011\/11\/P1030495-150x112.jpg\" alt=\"\" width=\"150\" height=\"112\" srcset=\"https:\/\/www.mundi-roth.de\/teneriffa-blog\/wp-content\/uploads\/2011\/11\/P1030495-150x112.jpg 150w, https:\/\/www.mundi-roth.de\/teneriffa-blog\/wp-content\/uploads\/2011\/11\/P1030495-300x225.jpg 300w, https:\/\/www.mundi-roth.de\/teneriffa-blog\/wp-content\/uploads\/2011\/11\/P1030495.jpg 600w\" sizes=\"auto, (max-width: 150px) 100vw, 150px\" \/><\/a>weiter aufgekl\u00e4rt.<\/p>\n<p>Ich habe aber nachgelesen:<br \/>\nDer Namensgeber ist der einflussreiche und renommierte spanische Professor f\u00fcr \u201eGeschichte der \u00f6konomischen Lehren\u201c<\/p>\n<p><a href=\"http:\/\/www.mundi-roth.de\/teneriffa-blog\/wp-content\/uploads\/2011\/11\/P1030496.jpg\" rel=\"lightbox[1497]\"><img loading=\"lazy\" decoding=\"async\" class=\"alignleft size-thumbnail wp-image-1514\" title=\"P1030496\" src=\"http:\/\/www.mundi-roth.de\/teneriffa-blog\/wp-content\/uploads\/2011\/11\/P1030496-150x112.jpg\" alt=\"\" width=\"150\" height=\"112\" srcset=\"https:\/\/www.mundi-roth.de\/teneriffa-blog\/wp-content\/uploads\/2011\/11\/P1030496-150x112.jpg 150w, https:\/\/www.mundi-roth.de\/teneriffa-blog\/wp-content\/uploads\/2011\/11\/P1030496-300x225.jpg 300w, https:\/\/www.mundi-roth.de\/teneriffa-blog\/wp-content\/uploads\/2011\/11\/P1030496.jpg 600w\" sizes=\"auto, (max-width: 150px) 100vw, 150px\" \/><\/a>Weiter geht die Fahrt \u00fcber den Barranco de Santo, der vor ca. 2000 Jahren von den Guanchen bewohnt wurde.<br \/>\nIn den letzten Jahren wurde er als weitere Verkehrsader ausgebaut und in den Barranco baute man sogar ein Geb\u00e4ude, in dem eine Cafeter\u00eda, ein Ausstellungssaal, ein Besucherzentrum und ein ethnobotanischer Bereich untergebracht sind.<br \/>\nZum Projekt z\u00e4hlt auch eine Sport- und Freizeitanlage.<\/p>\n<p>Und wieder erfahren wir:<br \/>\nAlonso Fern\u00e1ndez de Lugo ging 1494 hier mit seinem 1000 Mann starken Heer an Land, um die Insel unter die Herrschaft von K\u00f6nig Ferdinand von Aragon und K\u00f6nigin Isabella von Navarra zu bringen.<br \/>\nDas Holzkreuz das er mit sich f\u00fchrte, schlug er hier in die Erde und es wird heute \u2013 wie wir ja bereits erfahren haben \u2013 in der Pfarrkirche Nuestra Se\u00f1ora de la Concepci\u00f3n aufbewahrt.<br \/>\nDieses Kreuz war auch der Namensgeber f\u00fcr die Stadt: Santa Cruz, \u201eheiliges Kreuz\u201c.<br \/>\nUnd nochmal wird auf die Bedeutung des Hafens und seine Entwicklung eingegangen.<br \/>\nUnd auf die Einwohnerzahl von Santa Cruz: rund 230.000. Dass die Bewohner Santa Cruz\u00a0 den Spitznamen \u201eChicharreros\u201c tragen, erfahren wir auch.<\/p>\n<p>Die Avenida de la Salle geht in die Calle Alcalde Jos\u00e9 Emilio Garc\u00eda Gomez <a href=\"http:\/\/www.mundi-roth.de\/teneriffa-blog\/wp-content\/uploads\/2011\/11\/P1030497.jpg\" rel=\"lightbox[1497]\"><img loading=\"lazy\" decoding=\"async\" class=\"alignleft size-thumbnail wp-image-1515\" title=\"P1030497\" src=\"http:\/\/www.mundi-roth.de\/teneriffa-blog\/wp-content\/uploads\/2011\/11\/P1030497-150x92.jpg\" alt=\"\" width=\"150\" height=\"92\" srcset=\"https:\/\/www.mundi-roth.de\/teneriffa-blog\/wp-content\/uploads\/2011\/11\/P1030497-150x92.jpg 150w, https:\/\/www.mundi-roth.de\/teneriffa-blog\/wp-content\/uploads\/2011\/11\/P1030497-300x184.jpg 300w, https:\/\/www.mundi-roth.de\/teneriffa-blog\/wp-content\/uploads\/2011\/11\/P1030497.jpg 600w\" sizes=\"auto, (max-width: 150px) 100vw, 150px\" \/><\/a>\u00fcber und hier fahren wir an dem Centro de Ferias y Congresos vorbei.<br \/>\nDas 1966 eingeweihte Internationale Messe und Kongresszentrum wurde von Santiago Calatrava entworfen, eben diesem Architekten, der auch das naheliegende Auditorio de Tenerife geplant hat.<br \/>\nBeton, Glas und Eisen sind die verwendeten Materialien. Hervorzuheben ist jedoch die 270 m lange Fassade, die ungew\u00f6hnliche Gestaltung des zentralen Fl\u00fcgels und seine Gr\u00f6\u00dfe von 40 000 Quadratmetern, quasi zwei Fussballfelder w\u00fcrden in dem Geb\u00e4ude Platz finden..<br \/>\nGenutzt wird es f\u00fcr alle Arten von Veranstaltungen.<a href=\"http:\/\/www.mundi-roth.de\/teneriffa-blog\/wp-content\/uploads\/2011\/11\/P1030589.jpg\" rel=\"lightbox[1497]\"><img loading=\"lazy\" decoding=\"async\" class=\"alignright size-thumbnail wp-image-1516\" title=\"P1030589\" src=\"http:\/\/www.mundi-roth.de\/teneriffa-blog\/wp-content\/uploads\/2011\/11\/P1030589-97x150.jpg\" alt=\"\" width=\"97\" height=\"150\" srcset=\"https:\/\/www.mundi-roth.de\/teneriffa-blog\/wp-content\/uploads\/2011\/11\/P1030589-97x150.jpg 97w, https:\/\/www.mundi-roth.de\/teneriffa-blog\/wp-content\/uploads\/2011\/11\/P1030589-195x300.jpg 195w, https:\/\/www.mundi-roth.de\/teneriffa-blog\/wp-content\/uploads\/2011\/11\/P1030589.jpg 390w\" sizes=\"auto, (max-width: 97px) 100vw, 97px\" \/><\/a><\/p>\n<p>Wir werden zudem von dem Sprecher auf die beiden 120 Meter hohen Zwillingst\u00fcrme aufmerksam\u00a0 gemacht.<br \/>\nSie wurden 2004 \u2013 2006 erbaut und sind die h\u00f6chsten der Kanarischen Inseln, bis 2010 waren sie sogar die h\u00f6chsten Spaniens.<\/p>\n<p><strong>9. Stopp: Auditorio y Centro de Ferias y Congresos<\/strong><\/p>\n<p>1995 wurde auf der ehemaligen M\u00fclldeponie das \u201ePalmetum\u201c ein Palmengarten mit \u00fcber 300 verschiedenen Palmarten aus der ganzen Welt geschaffen. Hier finden stark gef\u00e4hrdete Arten ein Refugium. Ein Museum und ein Gew\u00e4chshaus runden das Ganze ab.<br \/>\nEin Ort der Erholung, des Schauens, Staunens\u00a0 und Lernen.<\/p>\n<p>Gleich daran schlie\u00dft sich der 1971 von C\u00e9sar Manrique geschaffene \u201eParque Maritimo\u201c. Es verf\u00fcgt \u00fcber mit Meewasser gef\u00fcllte Schwimmbecken und hat auch einen direkten Zugang zum Meer mit einem kleinem Strand. Ein Kinderpark, Spabereich und Restaurants vervollst\u00e4ndigen diese Anlage.<br \/>\nEine seiner ber\u00fchmten, beweglichen Skulpturen gilt es auch zu bewundern.<\/p>\n<p>Und nun zum Wahrzeichen von Santa Cruz:<a href=\"http:\/\/www.mundi-roth.de\/teneriffa-blog\/wp-content\/uploads\/2011\/11\/P1030592a.jpg\" rel=\"lightbox[1497]\"><img loading=\"lazy\" decoding=\"async\" class=\"alignright size-thumbnail wp-image-1517\" title=\"P1030592a\" src=\"http:\/\/www.mundi-roth.de\/teneriffa-blog\/wp-content\/uploads\/2011\/11\/P1030592a-150x118.jpg\" alt=\"\" width=\"150\" height=\"118\" srcset=\"https:\/\/www.mundi-roth.de\/teneriffa-blog\/wp-content\/uploads\/2011\/11\/P1030592a-150x118.jpg 150w, https:\/\/www.mundi-roth.de\/teneriffa-blog\/wp-content\/uploads\/2011\/11\/P1030592a-300x237.jpg 300w, https:\/\/www.mundi-roth.de\/teneriffa-blog\/wp-content\/uploads\/2011\/11\/P1030592a.jpg 600w\" sizes=\"auto, (max-width: 150px) 100vw, 150px\" \/><\/a><br \/>\nDem Auditorio.<\/p>\n<p>Leider wird nicht so gro\u00dfartig dar\u00fcber berichtet, daher habe ich mich bei wikipedia \u201eschlau gemacht\u201c.<\/p>\n<p><em>\u201eDer 60 Meter breite Sockel schwingt sich sichelf\u00f6rmig bis 57 Meter hoch und endet nach etwa 100 Metern in einer Spitze \u00fcber dem hauben- oder muschelf\u00f6rmigen Dach des Geb\u00e4udes. Das Bauwerk befindet sich auf einem abgetreppten Sockel, in welchem technische Einrichtungen und Umkleider\u00e4ume untergebracht sind. Diese Betonsichel hat keine eigentliche Funktion und wird nur zur Beleuchtung des Konzertgeb\u00e4udes von oben genutzt. Die Au\u00dfenhaut des Geb\u00e4udes ist mit trencad\u00eds verkleidet. Die Millionen Bruchst\u00fccke wei\u00dfer Kacheln verleihen dem Geb\u00e4ude seine strahlende Wirkung und sind eine Referenz an den katalanischen Architekten Antonio Gaudi der diese Technik beispielsweise im Park G\u00fcell verwendet hatte. Die Gestaltung des Sockelgeschosses zeigt Parallelen zu Erich Mendelsohns Einsteinturm Potsdam, w\u00e4hrend die Gesamtwirkung und die exponierte Lage am Hafen an das von\u00a0 Jorn Utzon entworfene Opernhaus in Sydney erinnern. In der Literatur wird die Architektur des Geb\u00e4udes h\u00e4ufig mit einer Welle oder einem Segelboot in Verbindung gebracht.<\/em><br \/>\n<em>Im Inneren des Geb\u00e4udes befinden sich zwei Veranstaltungss\u00e4le welche sich ein Foyer teilen. Der gro\u00dfe Saal (sala principal o Sinf\u00f3nica) bietet 1658 Zuschauern Platz, w\u00e4hrend der kleine Saal (sala de C\u00e1mara) f\u00fcr 428 Besucher vorgesehen ist\u201c<\/em><br \/>\nElisabeth und ich sind uns einig:<br \/>\n\u201eUnser\u201c Auditorio braucht sich in keiner Weise hinter dem so ber\u00fchmten Guggenheim Museum in Bilbao verstecken, das wir ja vor kurzem bei unserem Streifzug durch Spanien in Augenschein genommen haben.<br \/>\nDass die Akustik im Auditorio hervorragend ist, davon konnten wir uns bei den diversen Konzerten selbst vergewissern.<br \/>\n<a href=\"http:\/\/www.mundi-roth.de\/teneriffa-blog\/wp-content\/uploads\/2011\/11\/P1030501.jpg\" rel=\"lightbox[1497]\"><img loading=\"lazy\" decoding=\"async\" class=\"alignleft size-thumbnail wp-image-1518\" title=\"P1030501\" src=\"http:\/\/www.mundi-roth.de\/teneriffa-blog\/wp-content\/uploads\/2011\/11\/P1030501-99x150.jpg\" alt=\"\" width=\"99\" height=\"150\" srcset=\"https:\/\/www.mundi-roth.de\/teneriffa-blog\/wp-content\/uploads\/2011\/11\/P1030501-99x150.jpg 99w, https:\/\/www.mundi-roth.de\/teneriffa-blog\/wp-content\/uploads\/2011\/11\/P1030501-198x300.jpg 198w, https:\/\/www.mundi-roth.de\/teneriffa-blog\/wp-content\/uploads\/2011\/11\/P1030501.jpg 396w\" sizes=\"auto, (max-width: 99px) 100vw, 99px\" \/><\/a>Auf der Calle Fomento durchfahren wir den fr\u00fcher von Fischern besiedelten Stadtteil, k\u00f6nnen auch hier den Wandel der Zeit erleben, denn wir halten auf das 1974 als erstes Hochhaus \u201erascacielo\u201c der Stadt erbaute Wohngeb\u00e4ude mit 24 Stockwerken und 85 Meter H\u00f6he zu, das bis zum Bau der Zwillingst\u00fcrme mit 120 Metern das h\u00f6chste Wohngeb\u00e4ude Santa Cruz war.<br \/>\n<strong>10. Stopp: El Corte Ingl\u00e9s<a href=\"http:\/\/www.mundi-roth.de\/teneriffa-blog\/wp-content\/uploads\/2011\/11\/P1030503.jpg\" rel=\"lightbox[1497]\"><img loading=\"lazy\" decoding=\"async\" class=\"alignright size-thumbnail wp-image-1519\" title=\"P1030503\" src=\"http:\/\/www.mundi-roth.de\/teneriffa-blog\/wp-content\/uploads\/2011\/11\/P1030503-112x150.jpg\" alt=\"\" width=\"112\" height=\"150\" srcset=\"https:\/\/www.mundi-roth.de\/teneriffa-blog\/wp-content\/uploads\/2011\/11\/P1030503-112x150.jpg 112w, https:\/\/www.mundi-roth.de\/teneriffa-blog\/wp-content\/uploads\/2011\/11\/P1030503-225x300.jpg 225w, https:\/\/www.mundi-roth.de\/teneriffa-blog\/wp-content\/uploads\/2011\/11\/P1030503.jpg 450w\" sizes=\"auto, (max-width: 112px) 100vw, 112px\" \/><\/a><\/strong><\/p>\n<p>Das Kaufhaus \u201eEl Corte Ingl\u00e9s\u201c geh\u00f6rt zu einer spanischen Kaufhauskette und l\u00e4dt mit seinen 8 Stockwerken zum \u201eShoppen\u201c ein. Restaurants und Bars laden zum Verweilen ein und von oben hat man einen ausgezeichneten Blick auf die Stadt.<br \/>\n<strong>11. Stopp: Estaci\u00f3n de Guaguas (Busbahnhof)<\/strong><\/p>\n<p>2006 wurde das neue Terminal eingeweiht und ist die Drehscheibe der Stadt im Hinblick auf alle Verkehrm\u00f6glichkeiten noch zus\u00e4tzlich mit Stra\u00dfenbahn und Taxen.<br \/>\n2007 wurde die Stra\u00dfenbahn eingeweiht. Hier befindet sich die Endstation und die Bahn verbindet Santa Cruz mit La Laguna, Endhaltestelle La Trinidad.<br \/>\nDie \u201eTranv\u00eda\u201c passiert\u00a0 in Santa Cruz u.a. die Haltestellen: Barrio de Conception, Plaza Espa\u00f1a, Theater G\u00fcimar, Plaza Weyler.<\/p>\n<p>Obwohl wir hier unsere Runde begonnen haben, wir fahren weiter bis zur<br \/>\nPlaza Espa\u00f1a.<\/p>\n<p>Um 12.30 Uhr verlassen wir den Bus und suchen uns in der N\u00e4he ein Restaurant.<\/p>\n<p>In der Calle San Francisco werden wir f\u00fcndig.<a href=\"http:\/\/www.mundi-roth.de\/teneriffa-blog\/wp-content\/uploads\/2011\/11\/P1030522.jpg\" rel=\"lightbox[1497]\"><img loading=\"lazy\" decoding=\"async\" class=\"alignright size-thumbnail wp-image-1520\" title=\"P1030522\" src=\"http:\/\/www.mundi-roth.de\/teneriffa-blog\/wp-content\/uploads\/2011\/11\/P1030522-112x150.jpg\" alt=\"\" width=\"112\" height=\"150\" srcset=\"https:\/\/www.mundi-roth.de\/teneriffa-blog\/wp-content\/uploads\/2011\/11\/P1030522-112x150.jpg 112w, https:\/\/www.mundi-roth.de\/teneriffa-blog\/wp-content\/uploads\/2011\/11\/P1030522-225x300.jpg 225w, https:\/\/www.mundi-roth.de\/teneriffa-blog\/wp-content\/uploads\/2011\/11\/P1030522.jpg 450w\" sizes=\"auto, (max-width: 112px) 100vw, 112px\" \/><\/a><br \/>\nDie Tasca \u201eEl Zorrito Plateado\u201c l\u00e4dt uns mit seinem Au\u00dfensitzpl\u00e4tzen zum Einkehren ein.<br \/>\n<a href=\"http:\/\/www.mundi-roth.de\/teneriffa-blog\/wp-content\/uploads\/2011\/11\/P1030523.jpg\" rel=\"lightbox[1497]\"><img loading=\"lazy\" decoding=\"async\" class=\"alignleft size-thumbnail wp-image-1521\" title=\"P1030523\" src=\"http:\/\/www.mundi-roth.de\/teneriffa-blog\/wp-content\/uploads\/2011\/11\/P1030523-150x112.jpg\" alt=\"\" width=\"150\" height=\"112\" srcset=\"https:\/\/www.mundi-roth.de\/teneriffa-blog\/wp-content\/uploads\/2011\/11\/P1030523-150x112.jpg 150w, https:\/\/www.mundi-roth.de\/teneriffa-blog\/wp-content\/uploads\/2011\/11\/P1030523-300x225.jpg 300w, https:\/\/www.mundi-roth.de\/teneriffa-blog\/wp-content\/uploads\/2011\/11\/P1030523.jpg 600w\" sizes=\"auto, (max-width: 150px) 100vw, 150px\" \/><\/a>Die Stra\u00dfe zeichnet sich durch wundersch\u00f6ne alte, gut restaurierte H\u00e4user aus\u00a0\u00a0 und gleich um die Ecke ist die Plaza San Franzisco mit der Kirche San Francisco aus dem 17. Jahrhundert und dahinter schlie\u00dft sich das Museum der Sch\u00f6nen K\u00fcnste \u201eMuseo Municipal de Bellas Artes\u201c\u00a0 von Santa Cruz mit wichtigen Werken kanarische und europ\u00e4ischer K\u00fcnstler an.<\/p>\n<p>Um 14.30 Uhr besteigen wir wieder den Bus f\u00fcr die R\u00fcckfahrt bis zum Haltepunkt Corte de Ingl\u00e9s.<\/p>\n<p>Dieser Bus nimmt auf der Rambla eine etwas andere Route und f\u00e4hrt bis zu der ehemaligen Stierkampfarena hoch.<br \/>\nBis 1958 wurde die Arena f\u00fcr Stierk\u00e4mpfe genutzt. Da jedoch der Aufwand hierf\u00fcr zu gro\u00df ist, wurden diese eingestellt und die Arena wird nun noch f\u00fcr Sportveranstaltungen und Konzerte und Kinderveranstaltungen genutzt.<br \/>\nZwischen den H\u00e4usern blicken wir auf ein hoch oben thronendes imposantes Geb\u00e4ude, wie ein\u00a0 Mirador, in dem heute eine Schule untergebracht ist.<\/p>\n<p>Das Fussballstadion ist ebenfalls in dieser Region und wir genie\u00dfen nunmehr einfach nochmal die Ausblicke auf die Stadt.<\/p>\n<p>Beim Stopp 10, El Corte Ingl\u00e9s steigen wir diesmal aus, denn wir wollen noch etwas in dem etwas oberhalb gelegenen Einkaufszentrum \u201eMeridiano\u201c bummeln.<\/p>\n<p>16.45 Uhr ist endg\u00fcltig Schluss mit unserem Santa Cruz Besuch und die Linie 110 bringt uns wieder bequem zum Ausgangspunkt zur\u00fcck.<\/p>\n<p><strong>Fazit: \u00a0<\/strong><br \/>\nHat man mal keine Lust zum Wandern, zum Schwimmen oder spielt das Wetter nicht mit oder hat man einfach mal Lust auf \u201eStadt\u201c, ist dies eine wunderbare Gelegenheit\u00a0 bequem \u2013 auch f\u00fcr Fu\u00dfkranke \u2013 die Stadt zu erkunden.<\/p>\n<p>Die diversen Stopps laden ein, sich die einzelnen Viertel genauer anzusehen.<br \/>\nDaher: Die Tages-Fahrkarte unbedingt aufbewahren!<\/p>\n","protected":false},"excerpt":{"rendered":"<p>Ausflug in die Hauptstadt Teneriffas Santa Cruz Heute ist keine Wanderung angesagt, wir machen einen \u201eFamilientag\u201c\u00a0 &#8211; auch f\u00fcr Gehbehinderte oder Gehunwillige. Wir haben bei unserem Streifzug durch Nordspanien die Vorz\u00fcge der \u201eHop On \u2013 Hop Off\u201c Busse in Bilbao und Santand\u00e9r kennen gelernt. Da diese Art der Stadtbesichtigung seit M\u00e4rz 2011auch in Santa Cruz [&hellip;]<\/p>\n","protected":false},"author":2,"featured_media":0,"comment_status":"open","ping_status":"open","sticky":false,"template":"","format":"standard","meta":{"footnotes":""},"categories":[768,6],"tags":[],"class_list":["post-1497","post","type-post","status-publish","format-standard","hentry","category-anaga-gebirge","category-wanderungen"],"yoast_head":"<!-- This site is optimized with the Yoast SEO plugin v27.5 - https:\/\/yoast.com\/product\/yoast-seo-wordpress\/ -->\n<title>Santa Cruz - Hop On \/ Hop Off - Teneriffa Wandern<\/title>\n<meta name=\"robots\" content=\"index, follow, max-snippet:-1, max-image-preview:large, max-video-preview:-1\" \/>\n<link rel=\"canonical\" href=\"https:\/\/www.mundi-roth.de\/teneriffa-blog\/wanderungen\/santa-cruz-hop-on-hop-off\/\" \/>\n<meta name=\"twitter:label1\" content=\"Verfasst von\" \/>\n\t<meta name=\"twitter:data1\" content=\"mr\" \/>\n\t<meta name=\"twitter:label2\" content=\"Gesch\u00e4tzte Lesezeit\" \/>\n\t<meta name=\"twitter:data2\" content=\"18\u00a0Minuten\" \/>\n<script type=\"application\/ld+json\" class=\"yoast-schema-graph\">{\"@context\":\"https:\\\/\\\/schema.org\",\"@graph\":[{\"@type\":\"Article\",\"@id\":\"https:\\\/\\\/www.mundi-roth.de\\\/teneriffa-blog\\\/wanderungen\\\/santa-cruz-hop-on-hop-off\\\/#article\",\"isPartOf\":{\"@id\":\"https:\\\/\\\/www.mundi-roth.de\\\/teneriffa-blog\\\/wanderungen\\\/santa-cruz-hop-on-hop-off\\\/\"},\"author\":{\"name\":\"mr\",\"@id\":\"https:\\\/\\\/www.mundi-roth.de\\\/teneriffa-blog\\\/#\\\/schema\\\/person\\\/604e0c55b3c3c17a246669bfcb6f1d9d\"},\"headline\":\"Santa Cruz &#8211; Hop On \\\/ Hop Off\",\"datePublished\":\"2011-11-09T20:00:12+00:00\",\"dateModified\":\"2015-04-09T14:11:03+00:00\",\"mainEntityOfPage\":{\"@id\":\"https:\\\/\\\/www.mundi-roth.de\\\/teneriffa-blog\\\/wanderungen\\\/santa-cruz-hop-on-hop-off\\\/\"},\"wordCount\":3580,\"commentCount\":0,\"image\":{\"@id\":\"https:\\\/\\\/www.mundi-roth.de\\\/teneriffa-blog\\\/wanderungen\\\/santa-cruz-hop-on-hop-off\\\/#primaryimage\"},\"thumbnailUrl\":\"http:\\\/\\\/www.mundi-roth.de\\\/teneriffa-blog\\\/wp-content\\\/uploads\\\/2011\\\/11\\\/P1030530-150x109.jpg\",\"articleSection\":[\"Anaga-Gebirge\",\"Wanderungen\"],\"inLanguage\":\"de\",\"potentialAction\":[{\"@type\":\"CommentAction\",\"name\":\"Comment\",\"target\":[\"https:\\\/\\\/www.mundi-roth.de\\\/teneriffa-blog\\\/wanderungen\\\/santa-cruz-hop-on-hop-off\\\/#respond\"]}]},{\"@type\":\"WebPage\",\"@id\":\"https:\\\/\\\/www.mundi-roth.de\\\/teneriffa-blog\\\/wanderungen\\\/santa-cruz-hop-on-hop-off\\\/\",\"url\":\"https:\\\/\\\/www.mundi-roth.de\\\/teneriffa-blog\\\/wanderungen\\\/santa-cruz-hop-on-hop-off\\\/\",\"name\":\"Santa Cruz - Hop On \\\/ Hop Off - Teneriffa Wandern\",\"isPartOf\":{\"@id\":\"https:\\\/\\\/www.mundi-roth.de\\\/teneriffa-blog\\\/#website\"},\"primaryImageOfPage\":{\"@id\":\"https:\\\/\\\/www.mundi-roth.de\\\/teneriffa-blog\\\/wanderungen\\\/santa-cruz-hop-on-hop-off\\\/#primaryimage\"},\"image\":{\"@id\":\"https:\\\/\\\/www.mundi-roth.de\\\/teneriffa-blog\\\/wanderungen\\\/santa-cruz-hop-on-hop-off\\\/#primaryimage\"},\"thumbnailUrl\":\"http:\\\/\\\/www.mundi-roth.de\\\/teneriffa-blog\\\/wp-content\\\/uploads\\\/2011\\\/11\\\/P1030530-150x109.jpg\",\"datePublished\":\"2011-11-09T20:00:12+00:00\",\"dateModified\":\"2015-04-09T14:11:03+00:00\",\"author\":{\"@id\":\"https:\\\/\\\/www.mundi-roth.de\\\/teneriffa-blog\\\/#\\\/schema\\\/person\\\/604e0c55b3c3c17a246669bfcb6f1d9d\"},\"breadcrumb\":{\"@id\":\"https:\\\/\\\/www.mundi-roth.de\\\/teneriffa-blog\\\/wanderungen\\\/santa-cruz-hop-on-hop-off\\\/#breadcrumb\"},\"inLanguage\":\"de\",\"potentialAction\":[{\"@type\":\"ReadAction\",\"target\":[\"https:\\\/\\\/www.mundi-roth.de\\\/teneriffa-blog\\\/wanderungen\\\/santa-cruz-hop-on-hop-off\\\/\"]}]},{\"@type\":\"ImageObject\",\"inLanguage\":\"de\",\"@id\":\"https:\\\/\\\/www.mundi-roth.de\\\/teneriffa-blog\\\/wanderungen\\\/santa-cruz-hop-on-hop-off\\\/#primaryimage\",\"url\":\"https:\\\/\\\/www.mundi-roth.de\\\/teneriffa-blog\\\/wp-content\\\/uploads\\\/2011\\\/11\\\/P1030530.jpg\",\"contentUrl\":\"https:\\\/\\\/www.mundi-roth.de\\\/teneriffa-blog\\\/wp-content\\\/uploads\\\/2011\\\/11\\\/P1030530.jpg\",\"width\":\"600\",\"height\":\"436\"},{\"@type\":\"BreadcrumbList\",\"@id\":\"https:\\\/\\\/www.mundi-roth.de\\\/teneriffa-blog\\\/wanderungen\\\/santa-cruz-hop-on-hop-off\\\/#breadcrumb\",\"itemListElement\":[{\"@type\":\"ListItem\",\"position\":1,\"name\":\"Startseite\",\"item\":\"https:\\\/\\\/www.mundi-roth.de\\\/teneriffa-blog\\\/\"},{\"@type\":\"ListItem\",\"position\":2,\"name\":\"Santa Cruz &#8211; Hop On \\\/ Hop Off\"}]},{\"@type\":\"WebSite\",\"@id\":\"https:\\\/\\\/www.mundi-roth.de\\\/teneriffa-blog\\\/#website\",\"url\":\"https:\\\/\\\/www.mundi-roth.de\\\/teneriffa-blog\\\/\",\"name\":\"Teneriffa Wandern\",\"description\":\"Nicht nur Wanderungen auf Teneriffa...\",\"potentialAction\":[{\"@type\":\"SearchAction\",\"target\":{\"@type\":\"EntryPoint\",\"urlTemplate\":\"https:\\\/\\\/www.mundi-roth.de\\\/teneriffa-blog\\\/?s={search_term_string}\"},\"query-input\":{\"@type\":\"PropertyValueSpecification\",\"valueRequired\":true,\"valueName\":\"search_term_string\"}}],\"inLanguage\":\"de\"},{\"@type\":\"Person\",\"@id\":\"https:\\\/\\\/www.mundi-roth.de\\\/teneriffa-blog\\\/#\\\/schema\\\/person\\\/604e0c55b3c3c17a246669bfcb6f1d9d\",\"name\":\"mr\",\"image\":{\"@type\":\"ImageObject\",\"inLanguage\":\"de\",\"@id\":\"https:\\\/\\\/secure.gravatar.com\\\/avatar\\\/9a3c34f32a8cb6923297b48d58fb263210ea20a4049fc4d3ccb858ce00487957?s=96&d=mm&r=g\",\"url\":\"https:\\\/\\\/secure.gravatar.com\\\/avatar\\\/9a3c34f32a8cb6923297b48d58fb263210ea20a4049fc4d3ccb858ce00487957?s=96&d=mm&r=g\",\"contentUrl\":\"https:\\\/\\\/secure.gravatar.com\\\/avatar\\\/9a3c34f32a8cb6923297b48d58fb263210ea20a4049fc4d3ccb858ce00487957?s=96&d=mm&r=g\",\"caption\":\"mr\"},\"url\":\"https:\\\/\\\/www.mundi-roth.de\\\/teneriffa-blog\\\/author\\\/mr\\\/\"}]}<\/script>\n<!-- \/ Yoast SEO plugin. -->","yoast_head_json":{"title":"Santa Cruz - Hop On \/ Hop Off - Teneriffa Wandern","robots":{"index":"index","follow":"follow","max-snippet":"max-snippet:-1","max-image-preview":"max-image-preview:large","max-video-preview":"max-video-preview:-1"},"canonical":"https:\/\/www.mundi-roth.de\/teneriffa-blog\/wanderungen\/santa-cruz-hop-on-hop-off\/","twitter_misc":{"Verfasst von":"mr","Gesch\u00e4tzte Lesezeit":"18\u00a0Minuten"},"schema":{"@context":"https:\/\/schema.org","@graph":[{"@type":"Article","@id":"https:\/\/www.mundi-roth.de\/teneriffa-blog\/wanderungen\/santa-cruz-hop-on-hop-off\/#article","isPartOf":{"@id":"https:\/\/www.mundi-roth.de\/teneriffa-blog\/wanderungen\/santa-cruz-hop-on-hop-off\/"},"author":{"name":"mr","@id":"https:\/\/www.mundi-roth.de\/teneriffa-blog\/#\/schema\/person\/604e0c55b3c3c17a246669bfcb6f1d9d"},"headline":"Santa Cruz &#8211; Hop On \/ Hop Off","datePublished":"2011-11-09T20:00:12+00:00","dateModified":"2015-04-09T14:11:03+00:00","mainEntityOfPage":{"@id":"https:\/\/www.mundi-roth.de\/teneriffa-blog\/wanderungen\/santa-cruz-hop-on-hop-off\/"},"wordCount":3580,"commentCount":0,"image":{"@id":"https:\/\/www.mundi-roth.de\/teneriffa-blog\/wanderungen\/santa-cruz-hop-on-hop-off\/#primaryimage"},"thumbnailUrl":"http:\/\/www.mundi-roth.de\/teneriffa-blog\/wp-content\/uploads\/2011\/11\/P1030530-150x109.jpg","articleSection":["Anaga-Gebirge","Wanderungen"],"inLanguage":"de","potentialAction":[{"@type":"CommentAction","name":"Comment","target":["https:\/\/www.mundi-roth.de\/teneriffa-blog\/wanderungen\/santa-cruz-hop-on-hop-off\/#respond"]}]},{"@type":"WebPage","@id":"https:\/\/www.mundi-roth.de\/teneriffa-blog\/wanderungen\/santa-cruz-hop-on-hop-off\/","url":"https:\/\/www.mundi-roth.de\/teneriffa-blog\/wanderungen\/santa-cruz-hop-on-hop-off\/","name":"Santa Cruz - Hop On \/ Hop Off - Teneriffa Wandern","isPartOf":{"@id":"https:\/\/www.mundi-roth.de\/teneriffa-blog\/#website"},"primaryImageOfPage":{"@id":"https:\/\/www.mundi-roth.de\/teneriffa-blog\/wanderungen\/santa-cruz-hop-on-hop-off\/#primaryimage"},"image":{"@id":"https:\/\/www.mundi-roth.de\/teneriffa-blog\/wanderungen\/santa-cruz-hop-on-hop-off\/#primaryimage"},"thumbnailUrl":"http:\/\/www.mundi-roth.de\/teneriffa-blog\/wp-content\/uploads\/2011\/11\/P1030530-150x109.jpg","datePublished":"2011-11-09T20:00:12+00:00","dateModified":"2015-04-09T14:11:03+00:00","author":{"@id":"https:\/\/www.mundi-roth.de\/teneriffa-blog\/#\/schema\/person\/604e0c55b3c3c17a246669bfcb6f1d9d"},"breadcrumb":{"@id":"https:\/\/www.mundi-roth.de\/teneriffa-blog\/wanderungen\/santa-cruz-hop-on-hop-off\/#breadcrumb"},"inLanguage":"de","potentialAction":[{"@type":"ReadAction","target":["https:\/\/www.mundi-roth.de\/teneriffa-blog\/wanderungen\/santa-cruz-hop-on-hop-off\/"]}]},{"@type":"ImageObject","inLanguage":"de","@id":"https:\/\/www.mundi-roth.de\/teneriffa-blog\/wanderungen\/santa-cruz-hop-on-hop-off\/#primaryimage","url":"https:\/\/www.mundi-roth.de\/teneriffa-blog\/wp-content\/uploads\/2011\/11\/P1030530.jpg","contentUrl":"https:\/\/www.mundi-roth.de\/teneriffa-blog\/wp-content\/uploads\/2011\/11\/P1030530.jpg","width":"600","height":"436"},{"@type":"BreadcrumbList","@id":"https:\/\/www.mundi-roth.de\/teneriffa-blog\/wanderungen\/santa-cruz-hop-on-hop-off\/#breadcrumb","itemListElement":[{"@type":"ListItem","position":1,"name":"Startseite","item":"https:\/\/www.mundi-roth.de\/teneriffa-blog\/"},{"@type":"ListItem","position":2,"name":"Santa Cruz &#8211; Hop On \/ Hop Off"}]},{"@type":"WebSite","@id":"https:\/\/www.mundi-roth.de\/teneriffa-blog\/#website","url":"https:\/\/www.mundi-roth.de\/teneriffa-blog\/","name":"Teneriffa Wandern","description":"Nicht nur Wanderungen auf Teneriffa...","potentialAction":[{"@type":"SearchAction","target":{"@type":"EntryPoint","urlTemplate":"https:\/\/www.mundi-roth.de\/teneriffa-blog\/?s={search_term_string}"},"query-input":{"@type":"PropertyValueSpecification","valueRequired":true,"valueName":"search_term_string"}}],"inLanguage":"de"},{"@type":"Person","@id":"https:\/\/www.mundi-roth.de\/teneriffa-blog\/#\/schema\/person\/604e0c55b3c3c17a246669bfcb6f1d9d","name":"mr","image":{"@type":"ImageObject","inLanguage":"de","@id":"https:\/\/secure.gravatar.com\/avatar\/9a3c34f32a8cb6923297b48d58fb263210ea20a4049fc4d3ccb858ce00487957?s=96&d=mm&r=g","url":"https:\/\/secure.gravatar.com\/avatar\/9a3c34f32a8cb6923297b48d58fb263210ea20a4049fc4d3ccb858ce00487957?s=96&d=mm&r=g","contentUrl":"https:\/\/secure.gravatar.com\/avatar\/9a3c34f32a8cb6923297b48d58fb263210ea20a4049fc4d3ccb858ce00487957?s=96&d=mm&r=g","caption":"mr"},"url":"https:\/\/www.mundi-roth.de\/teneriffa-blog\/author\/mr\/"}]}},"_links":{"self":[{"href":"https:\/\/www.mundi-roth.de\/teneriffa-blog\/wp-json\/wp\/v2\/posts\/1497","targetHints":{"allow":["GET"]}}],"collection":[{"href":"https:\/\/www.mundi-roth.de\/teneriffa-blog\/wp-json\/wp\/v2\/posts"}],"about":[{"href":"https:\/\/www.mundi-roth.de\/teneriffa-blog\/wp-json\/wp\/v2\/types\/post"}],"author":[{"embeddable":true,"href":"https:\/\/www.mundi-roth.de\/teneriffa-blog\/wp-json\/wp\/v2\/users\/2"}],"replies":[{"embeddable":true,"href":"https:\/\/www.mundi-roth.de\/teneriffa-blog\/wp-json\/wp\/v2\/comments?post=1497"}],"version-history":[{"count":0,"href":"https:\/\/www.mundi-roth.de\/teneriffa-blog\/wp-json\/wp\/v2\/posts\/1497\/revisions"}],"wp:attachment":[{"href":"https:\/\/www.mundi-roth.de\/teneriffa-blog\/wp-json\/wp\/v2\/media?parent=1497"}],"wp:term":[{"taxonomy":"category","embeddable":true,"href":"https:\/\/www.mundi-roth.de\/teneriffa-blog\/wp-json\/wp\/v2\/categories?post=1497"},{"taxonomy":"post_tag","embeddable":true,"href":"https:\/\/www.mundi-roth.de\/teneriffa-blog\/wp-json\/wp\/v2\/tags?post=1497"}],"curies":[{"name":"wp","href":"https:\/\/api.w.org\/{rel}","templated":true}]}}