{"id":1524,"date":"2011-11-17T18:00:34","date_gmt":"2011-11-17T17:00:34","guid":{"rendered":"http:\/\/www.mundi-roth.de\/teneriffa-blog\/?p=1524"},"modified":"2015-04-09T15:09:41","modified_gmt":"2015-04-09T14:09:41","slug":"cruz-del-carmen-%e2%80%93-punta-del-hidalgo","status":"publish","type":"post","link":"https:\/\/www.mundi-roth.de\/teneriffa-blog\/wanderungen\/cruz-del-carmen-%e2%80%93-punta-del-hidalgo\/","title":{"rendered":"Cruz del Carmen \u2013 Punta del Hidalgo"},"content":{"rendered":"<p><strong>Eine traumhaft sch\u00f6ne Wanderung im geologisch \u00e4ltesten Teil Teneriffas, dem als \u201eParque Rural Anaga\u201c ausgewiesen Areal.<\/strong><\/p>\n<p>Eine Tour bei der man zwei ganz unterschiedliche Teilstrecken durchwandert:<\/p>\n<p>Von Cruz del Carmen bis Los Carboneras schreitet man auf dem \u201ek\u00f6niglichen\u00a0 Lorbeerweg\u201c, der bis nach La Laguna weiterf\u00fchrt, durch\u00a0 den gr\u00f6\u00dften zusammenh\u00e4ngenden Lorbeerwald Teneriffas, den <a href=\"http:\/\/www.mundi-roth.de\/teneriffa-blog\/wp-content\/uploads\/2011\/11\/Karte.jpg\" rel=\"lightbox[1524]\"><img loading=\"lazy\" decoding=\"async\" class=\"alignright size-thumbnail wp-image-1525\" title=\"Karte\" src=\"http:\/\/www.mundi-roth.de\/teneriffa-blog\/wp-content\/uploads\/2011\/11\/Karte-150x120.jpg\" alt=\"\" width=\"150\" height=\"120\" srcset=\"https:\/\/www.mundi-roth.de\/teneriffa-blog\/wp-content\/uploads\/2011\/11\/Karte-150x120.jpg 150w, https:\/\/www.mundi-roth.de\/teneriffa-blog\/wp-content\/uploads\/2011\/11\/Karte-300x240.jpg 300w, https:\/\/www.mundi-roth.de\/teneriffa-blog\/wp-content\/uploads\/2011\/11\/Karte.jpg 600w\" sizes=\"auto, (max-width: 150px) 100vw, 150px\" \/><\/a>Mercedes-Wald.<br \/>\nMan w\u00e4hnt sich fast wie in einen M\u00e4rchenwald mit gro\u00dfen Farnen, viel Moos und nat\u00fcrlich \u00fcberragende Lorbeer- und Erikab\u00e4ume.<\/p>\n<p>Die zweite Teilstrecke von Los Carboneras \u00fcber Chinamada\u00a0 bis Punta del Hidalgo f\u00fchrt erst \u00fcber Sandwege und ab Chinamada dann heftig \u00fcber Felsen und Steine.<br \/>\nSie bietet grandiose Ausblicke auf die begr\u00fcnten, markanten H\u00e4nge des Anagagebirges, den Einblick in den bemerkenswerten Barranco del R\u00edo\u00a0 und gibt den Weitblick bis zum Meer mit seinen sch\u00e4umenden Wellenk\u00e4mmen frei.<\/p>\n<p>Herrlich!<\/p>\n<p><strong>Wander-Wegstrecke:<\/strong> 3 \u00bd Stunden, inclusive 10 Minuten Apfelpause<\/p>\n<p>F\u00fcr diese Saison haben wir uns ein paar Ausfl\u00fcge ins Anagagebirge vorgenommen und da die Wetterprognose gut war, wagten wir es.<\/p>\n<p>Zugegeben, die Anfahrt aus dem S\u00fcden ist etwas lang aber es lohnt sich unbedingt.<br \/>\nBei unserer Ankunft in Cruz del Carmen erwartet uns Sonnenschein und<a href=\"http:\/\/www.mundi-roth.de\/teneriffa-blog\/wp-content\/uploads\/2011\/11\/P1030602.jpg\" rel=\"lightbox[1524]\"><img loading=\"lazy\" decoding=\"async\" class=\"alignright size-thumbnail wp-image-1526\" title=\"P1030602\" src=\"http:\/\/www.mundi-roth.de\/teneriffa-blog\/wp-content\/uploads\/2011\/11\/P1030602-150x112.jpg\" alt=\"\" width=\"150\" height=\"112\" srcset=\"https:\/\/www.mundi-roth.de\/teneriffa-blog\/wp-content\/uploads\/2011\/11\/P1030602-150x112.jpg 150w, https:\/\/www.mundi-roth.de\/teneriffa-blog\/wp-content\/uploads\/2011\/11\/P1030602-300x225.jpg 300w, https:\/\/www.mundi-roth.de\/teneriffa-blog\/wp-content\/uploads\/2011\/11\/P1030602.jpg 600w\" sizes=\"auto, (max-width: 150px) 100vw, 150px\" \/><\/a> als erstes begeben wir uns zum Aussichtspunkt, um einen Blick auf das unter uns liegende La Laguna zu werfen und auf den Teide, der jedoch heute verh\u00fcllt ist.<\/p>\n<p>Dann f\u00fchren die n\u00e4chsten Schritte zum Informationsb\u00fcro und dort holen wir uns\u00a0 eine Beschreibung des \u201eSelbstgef\u00fchrter Wanderweg\u201c ab\u00a0 und schauen uns im Schnelldurchgang nochmal die Ausstellung \u00fcber das Leben der Menschen hier in fr\u00fcherer Zeit, sowie f\u00fcr Fauna und Flora an. Die Beschilderung ist zwar nur in spanisch, aber man kann sich bei der\u00a0 freundlichen Dame am Empfang eine Brosch\u00fcre in deutscher Sprache ausleihen.<\/p>\n<p>An dem nur am Samstag ge\u00f6ffneten Markthallen gehen wir zum <a href=\"http:\/\/www.mundi-roth.de\/teneriffa-blog\/wp-content\/uploads\/2011\/11\/P1030605.jpg\" rel=\"lightbox[1524]\"><img loading=\"lazy\" decoding=\"async\" class=\"alignright size-thumbnail wp-image-1527\" title=\"P1030605\" src=\"http:\/\/www.mundi-roth.de\/teneriffa-blog\/wp-content\/uploads\/2011\/11\/P1030605-150x112.jpg\" alt=\"\" width=\"150\" height=\"112\" srcset=\"https:\/\/www.mundi-roth.de\/teneriffa-blog\/wp-content\/uploads\/2011\/11\/P1030605-150x112.jpg 150w, https:\/\/www.mundi-roth.de\/teneriffa-blog\/wp-content\/uploads\/2011\/11\/P1030605-300x225.jpg 300w, https:\/\/www.mundi-roth.de\/teneriffa-blog\/wp-content\/uploads\/2011\/11\/P1030605.jpg 600w\" sizes=\"auto, (max-width: 150px) 100vw, 150px\" \/><\/a>Restaurant \u201eCruz del Carmen\u201c zur\u00fcck und gleich rechts befindet sich der gut ausgeschilderte Einstieg in die Tour \u201ePR-TF 10\u201c, im Merkblatt blau markiert und die Kennzeichnung unterwegs wird wei\u00df-gelb sein.<\/p>\n<p>Sofort atmen wir frische, gute, duftende Waldluft und gro\u00dfe Farne s\u00e4umen den Pfad, der von vorhergegangenem Regen und Laub noch etwas rutschig ist.<\/p>\n<p>Wir \u00fcberholen eine Wandergruppe, die mit uns im Bus war, sich jedoch den Aussichtspunkt \u201egeschenkt\u201c hatte.<\/p>\n<p>Z\u00fcgig schreiten wir aus \u2013 es geht stets sanft bergab &#8211; und freuen uns am <a href=\"http:\/\/www.mundi-roth.de\/teneriffa-blog\/wp-content\/uploads\/2011\/11\/P1030607.jpg\" rel=\"lightbox[1524]\"><img loading=\"lazy\" decoding=\"async\" class=\"alignleft size-thumbnail wp-image-1528\" title=\"P1030607\" src=\"http:\/\/www.mundi-roth.de\/teneriffa-blog\/wp-content\/uploads\/2011\/11\/P1030607-150x112.jpg\" alt=\"\" width=\"150\" height=\"112\" srcset=\"https:\/\/www.mundi-roth.de\/teneriffa-blog\/wp-content\/uploads\/2011\/11\/P1030607-150x112.jpg 150w, https:\/\/www.mundi-roth.de\/teneriffa-blog\/wp-content\/uploads\/2011\/11\/P1030607-300x225.jpg 300w, https:\/\/www.mundi-roth.de\/teneriffa-blog\/wp-content\/uploads\/2011\/11\/P1030607.jpg 600w\" sizes=\"auto, (max-width: 150px) 100vw, 150px\" \/><\/a>Lichtspiel durch die Lorbeer- und Erikab\u00e4ume und den bemoosten Steinw\u00e4nden und Baumst\u00e4mmen. F\u00fcr unsere Begriffe viel zu<a href=\"http:\/\/www.mundi-roth.de\/teneriffa-blog\/wp-content\/uploads\/2011\/11\/P1030608.jpg\" rel=\"lightbox[1524]\"><img loading=\"lazy\" decoding=\"async\" class=\"alignright size-thumbnail wp-image-1529\" title=\"P1030608\" src=\"http:\/\/www.mundi-roth.de\/teneriffa-blog\/wp-content\/uploads\/2011\/11\/P1030608-150x112.jpg\" alt=\"\" width=\"150\" height=\"112\" srcset=\"https:\/\/www.mundi-roth.de\/teneriffa-blog\/wp-content\/uploads\/2011\/11\/P1030608-150x112.jpg 150w, https:\/\/www.mundi-roth.de\/teneriffa-blog\/wp-content\/uploads\/2011\/11\/P1030608-300x225.jpg 300w, https:\/\/www.mundi-roth.de\/teneriffa-blog\/wp-content\/uploads\/2011\/11\/P1030608.jpg 600w\" sizes=\"auto, (max-width: 150px) 100vw, 150px\" \/><\/a>schnell \u2013 nach einem kurzen Anstieg\u00a0 sind wir nach nur 25 Minuten wieder im \u201eFreien\u201c und laufen auf ein Haus zu, das einen bemerkenswerten H\u00fcgel voll mit K\u00fcrbissen bepflanzt hat.<br \/>\n<a href=\"http:\/\/www.mundi-roth.de\/teneriffa-blog\/wp-content\/uploads\/2011\/11\/P1030616a.jpg\" rel=\"lightbox[1524]\"><img loading=\"lazy\" decoding=\"async\" class=\"alignleft size-thumbnail wp-image-1530\" title=\"P1030616a\" src=\"http:\/\/www.mundi-roth.de\/teneriffa-blog\/wp-content\/uploads\/2011\/11\/P1030616a-150x113.jpg\" alt=\"\" width=\"150\" height=\"113\" srcset=\"https:\/\/www.mundi-roth.de\/teneriffa-blog\/wp-content\/uploads\/2011\/11\/P1030616a-150x113.jpg 150w, https:\/\/www.mundi-roth.de\/teneriffa-blog\/wp-content\/uploads\/2011\/11\/P1030616a-300x227.jpg 300w, https:\/\/www.mundi-roth.de\/teneriffa-blog\/wp-content\/uploads\/2011\/11\/P1030616a.jpg 600w\" sizes=\"auto, (max-width: 150px) 100vw, 150px\" \/><\/a>Kurz darauf das n\u00e4chste Haus, das von kleinen Hunden und einem K\u00e4tzchen \u201ebewacht\u201c wird und wir haben den ersten grandiosen Ausblick.<\/p>\n<p>Vorbei an bepflanzten Terrassen, einem Feld quittengelb mit Nickendem Sauerklee und den<a href=\"http:\/\/www.mundi-roth.de\/teneriffa-blog\/wp-content\/uploads\/2011\/11\/P1030618x.jpg\" rel=\"lightbox[1524]\"><img loading=\"lazy\" decoding=\"async\" class=\"alignright size-thumbnail wp-image-1531\" title=\"P1030618x\" src=\"http:\/\/www.mundi-roth.de\/teneriffa-blog\/wp-content\/uploads\/2011\/11\/P1030618x-150x112.jpg\" alt=\"\" width=\"150\" height=\"112\" srcset=\"https:\/\/www.mundi-roth.de\/teneriffa-blog\/wp-content\/uploads\/2011\/11\/P1030618x-150x112.jpg 150w, https:\/\/www.mundi-roth.de\/teneriffa-blog\/wp-content\/uploads\/2011\/11\/P1030618x-300x225.jpg 300w, https:\/\/www.mundi-roth.de\/teneriffa-blog\/wp-content\/uploads\/2011\/11\/P1030618x.jpg 600w\" sizes=\"auto, (max-width: 150px) 100vw, 150px\" \/><\/a> ersten Blick auf die markanten Bergh\u00e4nge und zur K\u00fcste. Wir k\u00f6nnen sogar den Leuchtturm in Punta del Hidalgo ausmachen, nahe an unserem Ziel.<\/p>\n<p>Nach weiteren 10 Minuten erreichen wir die Fahrstra\u00dfe und k\u00f6nnen ein St\u00fcck innerhalb der <a href=\"http:\/\/www.mundi-roth.de\/teneriffa-blog\/wp-content\/uploads\/2011\/11\/P1030620.jpg\" rel=\"lightbox[1524]\"><img loading=\"lazy\" decoding=\"async\" class=\"alignleft size-thumbnail wp-image-1532\" title=\"P1030620\" src=\"http:\/\/www.mundi-roth.de\/teneriffa-blog\/wp-content\/uploads\/2011\/11\/P1030620-150x112.jpg\" alt=\"\" width=\"150\" height=\"112\" srcset=\"https:\/\/www.mundi-roth.de\/teneriffa-blog\/wp-content\/uploads\/2011\/11\/P1030620-150x112.jpg 150w, https:\/\/www.mundi-roth.de\/teneriffa-blog\/wp-content\/uploads\/2011\/11\/P1030620-300x225.jpg 300w, https:\/\/www.mundi-roth.de\/teneriffa-blog\/wp-content\/uploads\/2011\/11\/P1030620.jpg 600w\" sizes=\"auto, (max-width: 150px) 100vw, 150px\" \/><\/a>Stra\u00dfenabgrenzung gehen, dann f\u00fchrt der Wanderweg \u00fcber die asphaltierte Stra\u00dfe, da jedoch kaum Verkehr ist, ist es auch kein Problem und zudem sind es nur 5 Minuten. Danach haben wir den markierten Wanderweg wieder.<\/p>\n<p>Jedoch davor ist uns noch ein\u00a0 fantastischen Blick auf den Roque de <a href=\"http:\/\/www.mundi-roth.de\/teneriffa-blog\/wp-content\/uploads\/2011\/11\/P1030619x.jpg\" rel=\"lightbox[1524]\"><img loading=\"lazy\" decoding=\"async\" class=\"alignright size-thumbnail wp-image-1533\" title=\"P1030619x\" src=\"http:\/\/www.mundi-roth.de\/teneriffa-blog\/wp-content\/uploads\/2011\/11\/P1030619x-150x112.jpg\" alt=\"\" width=\"150\" height=\"112\" srcset=\"https:\/\/www.mundi-roth.de\/teneriffa-blog\/wp-content\/uploads\/2011\/11\/P1030619x-150x112.jpg 150w, https:\/\/www.mundi-roth.de\/teneriffa-blog\/wp-content\/uploads\/2011\/11\/P1030619x-300x225.jpg 300w, https:\/\/www.mundi-roth.de\/teneriffa-blog\/wp-content\/uploads\/2011\/11\/P1030619x.jpg 600w\" sizes=\"auto, (max-width: 150px) 100vw, 150px\" \/><\/a>Taborno verg\u00f6nnt, den wir ja auch schon auf <a href=\"http:\/\/www.mundi-roth.de\/teneriffa-blog\/wanderungen\/roque-taborno-zum-zweiten\/\">abenteuerliche Weise umwandert<\/a> haben.<\/p>\n<p>Auf einem bequemen H\u00f6henweg geht nurn die Wanderung weiter. Linker Hand stets die <a href=\"http:\/\/www.mundi-roth.de\/teneriffa-blog\/wp-content\/uploads\/2011\/11\/P1030622.jpg\" rel=\"lightbox[1524]\"><img loading=\"lazy\" decoding=\"async\" class=\"alignleft size-thumbnail wp-image-1534\" title=\"P1030622\" src=\"http:\/\/www.mundi-roth.de\/teneriffa-blog\/wp-content\/uploads\/2011\/11\/P1030622-150x112.jpg\" alt=\"\" width=\"150\" height=\"112\" srcset=\"https:\/\/www.mundi-roth.de\/teneriffa-blog\/wp-content\/uploads\/2011\/11\/P1030622-150x112.jpg 150w, https:\/\/www.mundi-roth.de\/teneriffa-blog\/wp-content\/uploads\/2011\/11\/P1030622-300x225.jpg 300w, https:\/\/www.mundi-roth.de\/teneriffa-blog\/wp-content\/uploads\/2011\/11\/P1030622.jpg 600w\" sizes=\"auto, (max-width: 150px) 100vw, 150px\" \/><\/a>grandiosen Aus- Ein- und Weitblicke, dicke Agaven, duftender Wehrmut und sogar Oregano und noch vereinzelt sehen wir die Kanaren-Glockenblume, s\u00e4umen den Pfad.<\/p>\n<p>Nach einer Stunde Gehzeit erreichen wir ein weiteres Geh\u00f6ft auf dessen Gel\u00e4nde eine gro\u00dfe Anzahl der <a href=\"http:\/\/www.mundi-roth.de\/teneriffa-blog\/wp-content\/uploads\/2011\/11\/P1030626a.jpg\" rel=\"lightbox[1524]\"><img loading=\"lazy\" decoding=\"async\" class=\"alignright size-thumbnail wp-image-1535\" title=\"P1030626a\" src=\"http:\/\/www.mundi-roth.de\/teneriffa-blog\/wp-content\/uploads\/2011\/11\/P1030626a-150x95.jpg\" alt=\"\" width=\"150\" height=\"95\" srcset=\"https:\/\/www.mundi-roth.de\/teneriffa-blog\/wp-content\/uploads\/2011\/11\/P1030626a-150x95.jpg 150w, https:\/\/www.mundi-roth.de\/teneriffa-blog\/wp-content\/uploads\/2011\/11\/P1030626a-300x191.jpg 300w, https:\/\/www.mundi-roth.de\/teneriffa-blog\/wp-content\/uploads\/2011\/11\/P1030626a.jpg 600w\" sizes=\"auto, (max-width: 150px) 100vw, 150px\" \/><\/a>verschiedensten H\u00fchnersorten rumpicken und kleine K\u00fcken trippeln mit.<br \/>\nVon hier aus haben wir den ersten Blick auf das H\u00f6hlendorf Chinamada.<\/p>\n<p>Nach genau 1 \u00bd Stunden, f\u00fcnf vor 1 Uhr, legen wir an einem einmaligen Aussichtspunkt unsere obligatorische Apfelpause ein:<\/p>\n<p>Rechter Hand das Meer, vor uns Chinamada, und wieder Meer und dann linker Hand die faltenreichen Bergh\u00e4nge.<\/p>\n<p><a href=\"http:\/\/www.mundi-roth.de\/teneriffa-blog\/wp-content\/uploads\/2011\/11\/P1030636.jpg\" rel=\"lightbox[1524]\"><img loading=\"lazy\" decoding=\"async\" class=\"alignright size-thumbnail wp-image-1536\" title=\"P1030636\" src=\"http:\/\/www.mundi-roth.de\/teneriffa-blog\/wp-content\/uploads\/2011\/11\/P1030636-150x112.jpg\" alt=\"\" width=\"150\" height=\"112\" srcset=\"https:\/\/www.mundi-roth.de\/teneriffa-blog\/wp-content\/uploads\/2011\/11\/P1030636-150x112.jpg 150w, https:\/\/www.mundi-roth.de\/teneriffa-blog\/wp-content\/uploads\/2011\/11\/P1030636-300x225.jpg 300w, https:\/\/www.mundi-roth.de\/teneriffa-blog\/wp-content\/uploads\/2011\/11\/P1030636.jpg 600w\" sizes=\"auto, (max-width: 150px) 100vw, 150px\" \/><\/a><br \/>\n<a href=\"http:\/\/www.mundi-roth.de\/teneriffa-blog\/wp-content\/uploads\/2011\/11\/P1030635.jpg\" rel=\"lightbox[1524]\"><img loading=\"lazy\" decoding=\"async\" class=\"alignleft size-thumbnail wp-image-1538\" title=\"P1030635\" src=\"http:\/\/www.mundi-roth.de\/teneriffa-blog\/wp-content\/uploads\/2011\/11\/P1030635-150x112.jpg\" alt=\"\" width=\"150\" height=\"112\" srcset=\"https:\/\/www.mundi-roth.de\/teneriffa-blog\/wp-content\/uploads\/2011\/11\/P1030635-150x112.jpg 150w, https:\/\/www.mundi-roth.de\/teneriffa-blog\/wp-content\/uploads\/2011\/11\/P1030635-300x225.jpg 300w, https:\/\/www.mundi-roth.de\/teneriffa-blog\/wp-content\/uploads\/2011\/11\/P1030635.jpg 600w\" sizes=\"auto, (max-width: 150px) 100vw, 150px\" \/><\/a><a href=\"http:\/\/www.mundi-roth.de\/teneriffa-blog\/wp-content\/uploads\/2011\/11\/P1030633a.jpg\" rel=\"lightbox[1524]\"><img loading=\"lazy\" decoding=\"async\" class=\"aligncenter size-thumbnail wp-image-1537\" title=\"P1030633a\" src=\"http:\/\/www.mundi-roth.de\/teneriffa-blog\/wp-content\/uploads\/2011\/11\/P1030633a-150x85.jpg\" alt=\"\" width=\"150\" height=\"85\" srcset=\"https:\/\/www.mundi-roth.de\/teneriffa-blog\/wp-content\/uploads\/2011\/11\/P1030633a-150x85.jpg 150w, https:\/\/www.mundi-roth.de\/teneriffa-blog\/wp-content\/uploads\/2011\/11\/P1030633a-300x170.jpg 300w, https:\/\/www.mundi-roth.de\/teneriffa-blog\/wp-content\/uploads\/2011\/11\/P1030633a.jpg 600w\" sizes=\"auto, (max-width: 150px) 100vw, 150px\" \/><\/a><br \/>\nEinfach nur sch\u00f6n!<\/p>\n<p>Schnell sind wir unten in Chinamada. Rechter Hand h\u00e4tte man nun die M\u00f6glichkeit der Einkehr, wir queren jedoch den Platz, den die Einwohner von Chinamada gestiftet haben und auf der eine gro\u00dfe Sch\u00fcler-Gruppe aus La Laguna lagert.<\/p>\n<p>Die rechts obenliegenden H\u00f6hlenwohnungen \u2013 vor 6 Jahren hatten wir <a href=\"http:\/\/www.mundi-roth.de\/teneriffa-blog\/wp-content\/uploads\/2011\/11\/P1030640.jpg\" rel=\"lightbox[1524]\"><img loading=\"lazy\" decoding=\"async\" class=\"alignright size-thumbnail wp-image-1539\" title=\"P1030640\" src=\"http:\/\/www.mundi-roth.de\/teneriffa-blog\/wp-content\/uploads\/2011\/11\/P1030640-150x112.jpg\" alt=\"\" width=\"150\" height=\"112\" srcset=\"https:\/\/www.mundi-roth.de\/teneriffa-blog\/wp-content\/uploads\/2011\/11\/P1030640-150x112.jpg 150w, https:\/\/www.mundi-roth.de\/teneriffa-blog\/wp-content\/uploads\/2011\/11\/P1030640-300x225.jpg 300w, https:\/\/www.mundi-roth.de\/teneriffa-blog\/wp-content\/uploads\/2011\/11\/P1030640.jpg 600w\" sizes=\"auto, (max-width: 150px) 100vw, 150px\" \/><\/a>das\u00a0 Gl\u00fcck bei einer Tour von Punta del Hidalgo \u2013 Chinamada \u2013 Punta de Hidalgo \u2013 eine Wohnung besichtigen zu d\u00fcrfen \u2013 lassen wir im wahrsten Sinne des Wortes \u201erechts liegen\u201c und biegen auf den weiter ausgewiesenen Wanderpfad.<\/p>\n<p><a href=\"http:\/\/www.mundi-roth.de\/teneriffa-blog\/wp-content\/uploads\/2011\/11\/P1030641.jpg\" rel=\"lightbox[1524]\"><img loading=\"lazy\" decoding=\"async\" class=\"alignleft size-thumbnail wp-image-1540\" title=\"P1030641\" src=\"http:\/\/www.mundi-roth.de\/teneriffa-blog\/wp-content\/uploads\/2011\/11\/P1030641-150x112.jpg\" alt=\"\" width=\"150\" height=\"112\" srcset=\"https:\/\/www.mundi-roth.de\/teneriffa-blog\/wp-content\/uploads\/2011\/11\/P1030641-150x112.jpg 150w, https:\/\/www.mundi-roth.de\/teneriffa-blog\/wp-content\/uploads\/2011\/11\/P1030641-300x225.jpg 300w, https:\/\/www.mundi-roth.de\/teneriffa-blog\/wp-content\/uploads\/2011\/11\/P1030641.jpg 600w\" sizes=\"auto, (max-width: 150px) 100vw, 150px\" \/><\/a>\u201e90 Minuten Punta del Hidalgo\u201c\u00a0 werden uns angek\u00fcndigt. Am Ende kann man nur sagen: Die hat der Fuchs gemessen, denn wir waren wahrlich nicht saumselig und waren nach 2 Stunden unten.<\/p>\n<p>Von nun an wird der Pfad beschwerlicher zu gehen, da dicke Felsbrocken zum Teil den Bodenbelag bilden. Aber, der <a href=\"http:\/\/www.mundi-roth.de\/teneriffa-blog\/wp-content\/uploads\/2011\/11\/P1030655.jpg\" rel=\"lightbox[1524]\"><img loading=\"lazy\" decoding=\"async\" class=\"alignright size-thumbnail wp-image-1542\" title=\"P1030655\" src=\"http:\/\/www.mundi-roth.de\/teneriffa-blog\/wp-content\/uploads\/2011\/11\/P1030655-150x112.jpg\" alt=\"\" width=\"150\" height=\"112\" srcset=\"https:\/\/www.mundi-roth.de\/teneriffa-blog\/wp-content\/uploads\/2011\/11\/P1030655-150x112.jpg 150w, https:\/\/www.mundi-roth.de\/teneriffa-blog\/wp-content\/uploads\/2011\/11\/P1030655-300x225.jpg 300w, https:\/\/www.mundi-roth.de\/teneriffa-blog\/wp-content\/uploads\/2011\/11\/P1030655.jpg 600w\" sizes=\"auto, (max-width: 150px) 100vw, 150px\" \/><\/a><a href=\"http:\/\/www.mundi-roth.de\/teneriffa-blog\/wp-content\/uploads\/2011\/11\/P1030657.jpg\" rel=\"lightbox[1524]\"><img loading=\"lazy\" decoding=\"async\" class=\"alignleft size-thumbnail wp-image-1541\" title=\"P1030657\" src=\"http:\/\/www.mundi-roth.de\/teneriffa-blog\/wp-content\/uploads\/2011\/11\/P1030657-150x112.jpg\" alt=\"\" width=\"150\" height=\"112\" srcset=\"https:\/\/www.mundi-roth.de\/teneriffa-blog\/wp-content\/uploads\/2011\/11\/P1030657-150x112.jpg 150w, https:\/\/www.mundi-roth.de\/teneriffa-blog\/wp-content\/uploads\/2011\/11\/P1030657-300x225.jpg 300w, https:\/\/www.mundi-roth.de\/teneriffa-blog\/wp-content\/uploads\/2011\/11\/P1030657.jpg 600w\" sizes=\"auto, (max-width: 150px) 100vw, 150px\" \/><\/a>Weg ist gut ausgehauen. Zum Teil f\u00fchren behauene Treppen aufw\u00e4rts wie abw\u00e4rts.<br \/>\nDie markantesten, zerkl\u00fcftesten Felsformationen s\u00e4umen teilweise rechts den Pfad und links \u2013 gerahmt von Feigenkakteen, Kanaren-Wolfsmilch und Agaven &#8211; geht der Blick steil hinab in den Barranco del R\u00edo, also nichts f\u00fcr Leute mit H\u00f6henangst.<\/p>\n<p><a href=\"http:\/\/www.mundi-roth.de\/teneriffa-blog\/wp-content\/uploads\/2011\/11\/P1030654.jpg\" rel=\"lightbox[1524]\"><img loading=\"lazy\" decoding=\"async\" class=\"alignleft size-thumbnail wp-image-1543\" title=\"P1030654\" src=\"http:\/\/www.mundi-roth.de\/teneriffa-blog\/wp-content\/uploads\/2011\/11\/P1030654-150x112.jpg\" alt=\"\" width=\"150\" height=\"112\" srcset=\"https:\/\/www.mundi-roth.de\/teneriffa-blog\/wp-content\/uploads\/2011\/11\/P1030654-150x112.jpg 150w, https:\/\/www.mundi-roth.de\/teneriffa-blog\/wp-content\/uploads\/2011\/11\/P1030654-300x225.jpg 300w, https:\/\/www.mundi-roth.de\/teneriffa-blog\/wp-content\/uploads\/2011\/11\/P1030654.jpg 600w\" sizes=\"auto, (max-width: 150px) 100vw, 150px\" \/><\/a><a href=\"http:\/\/www.mundi-roth.de\/teneriffa-blog\/wp-content\/uploads\/2011\/11\/P1030661.jpg\" rel=\"lightbox[1524]\"><img loading=\"lazy\" decoding=\"async\" class=\"alignright size-thumbnail wp-image-1545\" title=\"P1030661\" src=\"http:\/\/www.mundi-roth.de\/teneriffa-blog\/wp-content\/uploads\/2011\/11\/P1030661-112x150.jpg\" alt=\"\" width=\"112\" height=\"150\" srcset=\"https:\/\/www.mundi-roth.de\/teneriffa-blog\/wp-content\/uploads\/2011\/11\/P1030661-112x150.jpg 112w, https:\/\/www.mundi-roth.de\/teneriffa-blog\/wp-content\/uploads\/2011\/11\/P1030661-225x300.jpg 225w, https:\/\/www.mundi-roth.de\/teneriffa-blog\/wp-content\/uploads\/2011\/11\/P1030661.jpg 450w\" sizes=\"auto, (max-width: 112px) 100vw, 112px\" \/><\/a><a href=\"http:\/\/www.mundi-roth.de\/teneriffa-blog\/wp-content\/uploads\/2011\/11\/P1030638.jpg\" rel=\"lightbox[1524]\"><img loading=\"lazy\" decoding=\"async\" class=\"aligncenter size-thumbnail wp-image-1544\" title=\"P1030638\" src=\"http:\/\/www.mundi-roth.de\/teneriffa-blog\/wp-content\/uploads\/2011\/11\/P1030638-150x112.jpg\" alt=\"\" width=\"150\" height=\"112\" srcset=\"https:\/\/www.mundi-roth.de\/teneriffa-blog\/wp-content\/uploads\/2011\/11\/P1030638-150x112.jpg 150w, https:\/\/www.mundi-roth.de\/teneriffa-blog\/wp-content\/uploads\/2011\/11\/P1030638-300x225.jpg 300w, https:\/\/www.mundi-roth.de\/teneriffa-blog\/wp-content\/uploads\/2011\/11\/P1030638.jpg 600w\" sizes=\"auto, (max-width: 150px) 100vw, 150px\" \/><\/a><\/p>\n<p>Der Blick f\u00e4llt immer wieder auf die zwei Gipfel des \u201eRoque Dos Hermanos\u201c, um die sich die Legende rankt, dass zwei sich liebende Guanchengeschwister, deren Liebe zueinander verboten war, im Schutze <a href=\"http:\/\/www.mundi-roth.de\/teneriffa-blog\/wp-content\/uploads\/2011\/11\/P1030669.jpg\" rel=\"lightbox[1524]\"><img loading=\"lazy\" decoding=\"async\" class=\"alignleft size-thumbnail wp-image-1546\" title=\"P1030669\" src=\"http:\/\/www.mundi-roth.de\/teneriffa-blog\/wp-content\/uploads\/2011\/11\/P1030669-150x112.jpg\" alt=\"\" width=\"150\" height=\"112\" srcset=\"https:\/\/www.mundi-roth.de\/teneriffa-blog\/wp-content\/uploads\/2011\/11\/P1030669-150x112.jpg 150w, https:\/\/www.mundi-roth.de\/teneriffa-blog\/wp-content\/uploads\/2011\/11\/P1030669-300x225.jpg 300w, https:\/\/www.mundi-roth.de\/teneriffa-blog\/wp-content\/uploads\/2011\/11\/P1030669.jpg 600w\" sizes=\"auto, (max-width: 150px) 100vw, 150px\" \/><\/a>der Nacht auf den h\u00f6chsten Felsen stiegen, um sich in die Tiefe zu st\u00fcrzen.<br \/>\nDie Legende sagt weiter, dass der Felsen vor Trauer st\u00f6hnte, auseinanderbrach und \u201eentzweit\u201c erhalten blieb, wie die beiden Liebenden, die sich nie vereinen konnten.<\/p>\n<p>An besonders sch\u00f6nen Aussichtspunkten sind Holzeinfassung zur <a href=\"http:\/\/www.mundi-roth.de\/teneriffa-blog\/wp-content\/uploads\/2011\/11\/P1030666.jpg\" rel=\"lightbox[1524]\"><img loading=\"lazy\" decoding=\"async\" class=\"alignright size-thumbnail wp-image-1548\" title=\"P1030666\" src=\"http:\/\/www.mundi-roth.de\/teneriffa-blog\/wp-content\/uploads\/2011\/11\/P1030666-112x150.jpg\" alt=\"\" width=\"112\" height=\"150\" srcset=\"https:\/\/www.mundi-roth.de\/teneriffa-blog\/wp-content\/uploads\/2011\/11\/P1030666-112x150.jpg 112w, https:\/\/www.mundi-roth.de\/teneriffa-blog\/wp-content\/uploads\/2011\/11\/P1030666-225x300.jpg 225w, https:\/\/www.mundi-roth.de\/teneriffa-blog\/wp-content\/uploads\/2011\/11\/P1030666.jpg 450w\" sizes=\"auto, (max-width: 112px) 100vw, 112px\" \/><\/a><a href=\"http:\/\/www.mundi-roth.de\/teneriffa-blog\/wp-content\/uploads\/2011\/11\/P1030662.jpg\" rel=\"lightbox[1524]\"><img loading=\"lazy\" decoding=\"async\" class=\"alignleft size-thumbnail wp-image-1547\" title=\"P1030662\" src=\"http:\/\/www.mundi-roth.de\/teneriffa-blog\/wp-content\/uploads\/2011\/11\/P1030662-150x112.jpg\" alt=\"\" width=\"150\" height=\"112\" srcset=\"https:\/\/www.mundi-roth.de\/teneriffa-blog\/wp-content\/uploads\/2011\/11\/P1030662-150x112.jpg 150w, https:\/\/www.mundi-roth.de\/teneriffa-blog\/wp-content\/uploads\/2011\/11\/P1030662-300x225.jpg 300w, https:\/\/www.mundi-roth.de\/teneriffa-blog\/wp-content\/uploads\/2011\/11\/P1030662.jpg 600w\" sizes=\"auto, (max-width: 150px) 100vw, 150px\" \/><\/a>Sicherheit angebracht.<br \/>\nUnd immer wieder muss man schauen und fotografieren. Vielleicht daher die \u201eZeitverschiebung\u201c.<\/p>\n<p>Macht nichts. Wir finden es sch\u00f6n und sind gl\u00fccklich bei Sonnenschein wandern zu k\u00f6nnen.<\/p>\n<p>Um 14.55 Uhr erreichen wir den Barranco Schotter-Grund, hier befindet <a href=\"http:\/\/www.mundi-roth.de\/teneriffa-blog\/wp-content\/uploads\/2011\/11\/P1030670.jpg\" rel=\"lightbox[1524]\"><img loading=\"lazy\" decoding=\"async\" class=\"alignleft size-thumbnail wp-image-1549\" title=\"P1030670\" src=\"http:\/\/www.mundi-roth.de\/teneriffa-blog\/wp-content\/uploads\/2011\/11\/P1030670-150x112.jpg\" alt=\"\" width=\"150\" height=\"112\" srcset=\"https:\/\/www.mundi-roth.de\/teneriffa-blog\/wp-content\/uploads\/2011\/11\/P1030670-150x112.jpg 150w, https:\/\/www.mundi-roth.de\/teneriffa-blog\/wp-content\/uploads\/2011\/11\/P1030670-300x225.jpg 300w, https:\/\/www.mundi-roth.de\/teneriffa-blog\/wp-content\/uploads\/2011\/11\/P1030670.jpg 600w\" sizes=\"auto, (max-width: 150px) 100vw, 150px\" \/><\/a>sich noch ein Brunnen.<\/p>\n<p>Die Informationsbrosch\u00fcre kl\u00e4rt uns auf:<br \/>\n\u201eEs handelt sich bei diesem Brunnen\u00a0 um eine \u201eProbebohrung\u201c, um das Wasser aus einem Stollen abzuleiten, der unter Ihren F\u00fcssen durch das Bett des Barranco del R\u00edo verl\u00e4uft\u201c.<br \/>\nWir biegen links ab, gehen am laut brummenden Haus vorbei, \u201emit dessen Maschinen der unterirdische \u201eStrom\u201c ans Licht gef\u00f6rdert wurde.\u201c<br \/>\n<a href=\"http:\/\/www.mundi-roth.de\/teneriffa-blog\/wp-content\/uploads\/2011\/11\/186_8678.jpg\" rel=\"lightbox[1524]\"><img loading=\"lazy\" decoding=\"async\" class=\"alignleft size-thumbnail wp-image-1551\" title=\"186_8678\" src=\"http:\/\/www.mundi-roth.de\/teneriffa-blog\/wp-content\/uploads\/2011\/11\/186_8678-150x112.jpg\" alt=\"\" width=\"150\" height=\"112\" srcset=\"https:\/\/www.mundi-roth.de\/teneriffa-blog\/wp-content\/uploads\/2011\/11\/186_8678-150x112.jpg 150w, https:\/\/www.mundi-roth.de\/teneriffa-blog\/wp-content\/uploads\/2011\/11\/186_8678-300x225.jpg 300w, https:\/\/www.mundi-roth.de\/teneriffa-blog\/wp-content\/uploads\/2011\/11\/186_8678.jpg 600w\" sizes=\"auto, (max-width: 150px) 100vw, 150px\" \/><\/a>Bei der daneben liegendende alte Halle hat man alle Zug\u00e4nge zugemauert. Damals konnte man noch den nicht mehr benutzten, verrotteten\u00a0 Maschinenpark bestaunen.<\/p>\n<p>Der letzte Anstieg auf einer h\u00e4sslichen Stra\u00dfe, teils Teer, teils Beton, teils Steine gibt links noch einen letzten Blick in den wasserf\u00fchrenden <a href=\"http:\/\/www.mundi-roth.de\/teneriffa-blog\/wp-content\/uploads\/2011\/11\/P1030673.jpg\" rel=\"lightbox[1524]\"><img loading=\"lazy\" decoding=\"async\" class=\"alignright size-thumbnail wp-image-1550\" title=\"P1030673\" src=\"http:\/\/www.mundi-roth.de\/teneriffa-blog\/wp-content\/uploads\/2011\/11\/P1030673-112x150.jpg\" alt=\"\" width=\"112\" height=\"150\" srcset=\"https:\/\/www.mundi-roth.de\/teneriffa-blog\/wp-content\/uploads\/2011\/11\/P1030673-112x150.jpg 112w, https:\/\/www.mundi-roth.de\/teneriffa-blog\/wp-content\/uploads\/2011\/11\/P1030673-225x300.jpg 225w, https:\/\/www.mundi-roth.de\/teneriffa-blog\/wp-content\/uploads\/2011\/11\/P1030673.jpg 450w\" sizes=\"auto, (max-width: 112px) 100vw, 112px\" \/><\/a>Barranco frei, der mit einer gemauerten Wasserleitung \u00fcberbaut ist.<br \/>\n<a href=\"http:\/\/www.mundi-roth.de\/teneriffa-blog\/wp-content\/uploads\/2011\/11\/P1030671.jpg\" rel=\"lightbox[1524]\"><img loading=\"lazy\" decoding=\"async\" class=\"alignleft size-thumbnail wp-image-1552\" title=\"P1030671\" src=\"http:\/\/www.mundi-roth.de\/teneriffa-blog\/wp-content\/uploads\/2011\/11\/P1030671-150x112.jpg\" alt=\"\" width=\"150\" height=\"112\" srcset=\"https:\/\/www.mundi-roth.de\/teneriffa-blog\/wp-content\/uploads\/2011\/11\/P1030671-150x112.jpg 150w, https:\/\/www.mundi-roth.de\/teneriffa-blog\/wp-content\/uploads\/2011\/11\/P1030671-300x225.jpg 300w, https:\/\/www.mundi-roth.de\/teneriffa-blog\/wp-content\/uploads\/2011\/11\/P1030671.jpg 600w\" sizes=\"auto, (max-width: 150px) 100vw, 150px\" \/><\/a>Der Weg f\u00fchrt an Gew\u00e4chsh\u00e4usern vorbei, rechts sehen wir nochmals das Meer,<br \/>\nund nach knapp 10 Minuten gelangen wir auf die Fahrstra\u00dfe, biegen links\u00a0 hoch zum Rondell ab, in die n\u00e4chste Stra\u00dfe rechts und hier steht \u2013 oh Wunder \u2013 ein Bus. Linie 50 der TITSA bis La Laguna und laut Plan soll er 2 Minuten sp\u00e4ter abfahren. Die von uns ausgesuchte Linie 105 f\u00e4hrt erst in einer halben Stunde, also sind wir spontan, nehmen die Linie 50, steigen in La Laguna in die Linie 15 nach Santa Cruz und Punkt 16.30 Uhr haben wir unsere Bus-Rundfahrt &#8222;mit Einschub Wanderung&#8220; beendet.<\/p>\n<p>Es reicht nun noch f\u00fcr einen \u00fcberaus leckeren Caf\u00e9 vom Stand an der Bushaltestelle und um 16.45 Uhr nehmen wir den Bus Linie 110 bis Los Cristianos, wo mein lieber Mann uns wieder \u201eeinsammelt\u201c.<\/p>\n<p>Da wir zwischen den \u00d6ffnungszeiten der Restaurant ankommen, geht es nun erst nach Hause. Duschen, umziehen und zum Rippchen-Essen nach Valle de San Lorenzo ins altbew\u00e4hrte Restaurant Mes\u00f3n Era Las Mozas.<\/p>\n<p>Es war mal wieder ein wunder-wundersch\u00f6ner Tag.<\/p>\n<p><strong>Anfahrt:<\/strong><br \/>\nMit der Linienbus Nr. 110 der TITSA um 8.45 Uhr ab Busbahnhof Playas de Las Am\u00e9ricas. Ankunft in Santa Cruz: 9.50 Uhr.<br \/>\nWeiterfahrt mit der Linie 102 um 10.10 Uhr nach La Laguna Busbahnhof. Ankunft 10.30 Uhr.<br \/>\nWeiterfahrt mit dem Kleinbus der TITSA Linie Nr. 73 um 10.45 Uhr.<br \/>\nAnkunft Cruz del Carmen um 11.15 Uhr<br \/>\n<strong>R\u00fcckfahrt:<\/strong><br \/>\nVon Punta de Hidalgo TITSA Linie 105 direkt nach Santa Cruz<br \/>\noder TITSA Linie 50 bis La Laguna, und Linie 15 nach Santa Cruz<\/p>\n<p><strong>Besonderheit:<\/strong><br \/>\nAus den Unterlagen, die wir im Infob\u00fcro in Cruz del Carmen erhalten haben k\u00f6nnen wir nachlesen, dass es sich bei diesem Wanderweg um ehemalige Handelsstra\u00dfen handelte.<\/p>\n<p>\u201eDer erste Weg f\u00fchrte von Las Carboners\u00a0 nach Cruz del Carmen \u201eder \u201ek\u00f6nigliche Lorbeerweg\u201c und weiter nach La Laguna. Zu der damaligen Inselhautpstadt begab man sich, um die Produkte der Landwirtschaft oder Kohle zu verkaufen oder einzutauschen, um seine Toten zu begraben oder Kranke zur Pflege wegzubringen, oder um Metallgegenst\u00e4nde und Kleidung zu besorgen.<\/p>\n<p>Der zweite Weg dagegen verband Las Carboners und Chinamada mit Punta del Hidalgo, wohin man abstieg um Fische oder Meeresfr\u00fcchte zu sammeln. Vor allem waren es aber die \u201ePunteros\u201c, die Leute aus Punta del Hidalgo, die diesen Weg aufstiegen um zu handeln oder nach La Laguna weiterzuwandern\u201c.<\/p>\n<p>&#8212;&#8212;&#8212;&#8212;&#8212;&#8212;&#8212;&#8212;&#8212;&#8212;&#8212;&#8212;&#8212;&#8212;&#8212;&#8212;&#8212;&#8212;&#8212;&#8212;&#8212;&#8212;&#8212;&#8212;&#8212;&#8212;&#8211;<\/p>\n<p>Parque Rural Anaga: Naturpark Anaga:<br \/>\nAuszug aus den Ausf\u00fchrungen von Teneriffa-Info:<br \/>\n\u201eDer Anaga Landschaftspark erstreckt sich \u00fcber einen gro\u00dfen Teil des Gebirgsmassivs im Nordosten der Insel Teneriffa. Er umfasst mit einer Fl\u00e4che von 14.419 Hektar einen betr\u00e4chtlichen Teil der Insel und geh\u00f6rt den Gemeinden La Laguna, Santa Cruz de Tenerife und Tegueste an.<br \/>\nEs handelt sich um ein absch\u00fcssiges Gebiet von au\u00dfergew\u00f6hnlichem nat\u00fcrlichen und kulturellen Wert, mit harmonischen und sch\u00f6nen Landschaften, die aus dem Zusammenleben von Mensch und Natur in einer l\u00e4ndlichen Gegend entstanden sind.&#8220;<\/p>\n","protected":false},"excerpt":{"rendered":"<p>Eine traumhaft sch\u00f6ne Wanderung im geologisch \u00e4ltesten Teil Teneriffas, dem als \u201eParque Rural Anaga\u201c ausgewiesen Areal. Eine Tour bei der man zwei ganz unterschiedliche Teilstrecken durchwandert: Von Cruz del Carmen bis Los Carboneras schreitet man auf dem \u201ek\u00f6niglichen\u00a0 Lorbeerweg\u201c, der bis nach La Laguna weiterf\u00fchrt, durch\u00a0 den gr\u00f6\u00dften zusammenh\u00e4ngenden Lorbeerwald Teneriffas, den Mercedes-Wald. Man w\u00e4hnt [&hellip;]<\/p>\n","protected":false},"author":2,"featured_media":0,"comment_status":"open","ping_status":"open","sticky":false,"template":"","format":"standard","meta":{"footnotes":""},"categories":[768,6],"tags":[499,280,497,230,498,496,495],"class_list":["post-1524","post","type-post","status-publish","format-standard","hentry","category-anaga-gebirge","category-wanderungen","tag-chinamada","tag-cruz-del-carmen","tag-koniglichen-lorbeerweg","tag-la-laguna","tag-los-carboneras","tag-parque-rural-anaga","tag-punta-del-hidalgo"],"yoast_head":"<!-- This site is optimized with the Yoast SEO plugin v27.5 - https:\/\/yoast.com\/product\/yoast-seo-wordpress\/ -->\n<title>Cruz del Carmen \u2013 Punta del Hidalgo - Teneriffa Wandern<\/title>\n<meta name=\"robots\" content=\"index, follow, max-snippet:-1, max-image-preview:large, max-video-preview:-1\" \/>\n<link rel=\"canonical\" href=\"https:\/\/www.mundi-roth.de\/teneriffa-blog\/wanderungen\/cruz-del-carmen-\u2013-punta-del-hidalgo\/\" \/>\n<meta name=\"twitter:label1\" content=\"Verfasst von\" \/>\n\t<meta name=\"twitter:data1\" content=\"mr\" \/>\n\t<meta name=\"twitter:label2\" content=\"Gesch\u00e4tzte Lesezeit\" \/>\n\t<meta name=\"twitter:data2\" content=\"8\u00a0Minuten\" \/>\n<script type=\"application\/ld+json\" class=\"yoast-schema-graph\">{\"@context\":\"https:\\\/\\\/schema.org\",\"@graph\":[{\"@type\":\"Article\",\"@id\":\"https:\\\/\\\/www.mundi-roth.de\\\/teneriffa-blog\\\/wanderungen\\\/cruz-del-carmen-%e2%80%93-punta-del-hidalgo\\\/#article\",\"isPartOf\":{\"@id\":\"https:\\\/\\\/www.mundi-roth.de\\\/teneriffa-blog\\\/wanderungen\\\/cruz-del-carmen-%e2%80%93-punta-del-hidalgo\\\/\"},\"author\":{\"name\":\"mr\",\"@id\":\"https:\\\/\\\/www.mundi-roth.de\\\/teneriffa-blog\\\/#\\\/schema\\\/person\\\/604e0c55b3c3c17a246669bfcb6f1d9d\"},\"headline\":\"Cruz del Carmen \u2013 Punta del Hidalgo\",\"datePublished\":\"2011-11-17T17:00:34+00:00\",\"dateModified\":\"2015-04-09T14:09:41+00:00\",\"mainEntityOfPage\":{\"@id\":\"https:\\\/\\\/www.mundi-roth.de\\\/teneriffa-blog\\\/wanderungen\\\/cruz-del-carmen-%e2%80%93-punta-del-hidalgo\\\/\"},\"wordCount\":1617,\"commentCount\":0,\"image\":{\"@id\":\"https:\\\/\\\/www.mundi-roth.de\\\/teneriffa-blog\\\/wanderungen\\\/cruz-del-carmen-%e2%80%93-punta-del-hidalgo\\\/#primaryimage\"},\"thumbnailUrl\":\"http:\\\/\\\/www.mundi-roth.de\\\/teneriffa-blog\\\/wp-content\\\/uploads\\\/2011\\\/11\\\/Karte-150x120.jpg\",\"keywords\":[\"Chinamada\",\"Cruz del Carmen\",\"k\u00f6niglichen Lorbeerweg\",\"La Laguna\",\"Los Carboneras\",\"Parque Rural Anaga\",\"Punta del Hidalgo\"],\"articleSection\":[\"Anaga-Gebirge\",\"Wanderungen\"],\"inLanguage\":\"de\",\"potentialAction\":[{\"@type\":\"CommentAction\",\"name\":\"Comment\",\"target\":[\"https:\\\/\\\/www.mundi-roth.de\\\/teneriffa-blog\\\/wanderungen\\\/cruz-del-carmen-%e2%80%93-punta-del-hidalgo\\\/#respond\"]}]},{\"@type\":\"WebPage\",\"@id\":\"https:\\\/\\\/www.mundi-roth.de\\\/teneriffa-blog\\\/wanderungen\\\/cruz-del-carmen-%e2%80%93-punta-del-hidalgo\\\/\",\"url\":\"https:\\\/\\\/www.mundi-roth.de\\\/teneriffa-blog\\\/wanderungen\\\/cruz-del-carmen-%e2%80%93-punta-del-hidalgo\\\/\",\"name\":\"Cruz del Carmen \u2013 Punta del Hidalgo - Teneriffa Wandern\",\"isPartOf\":{\"@id\":\"https:\\\/\\\/www.mundi-roth.de\\\/teneriffa-blog\\\/#website\"},\"primaryImageOfPage\":{\"@id\":\"https:\\\/\\\/www.mundi-roth.de\\\/teneriffa-blog\\\/wanderungen\\\/cruz-del-carmen-%e2%80%93-punta-del-hidalgo\\\/#primaryimage\"},\"image\":{\"@id\":\"https:\\\/\\\/www.mundi-roth.de\\\/teneriffa-blog\\\/wanderungen\\\/cruz-del-carmen-%e2%80%93-punta-del-hidalgo\\\/#primaryimage\"},\"thumbnailUrl\":\"http:\\\/\\\/www.mundi-roth.de\\\/teneriffa-blog\\\/wp-content\\\/uploads\\\/2011\\\/11\\\/Karte-150x120.jpg\",\"datePublished\":\"2011-11-17T17:00:34+00:00\",\"dateModified\":\"2015-04-09T14:09:41+00:00\",\"author\":{\"@id\":\"https:\\\/\\\/www.mundi-roth.de\\\/teneriffa-blog\\\/#\\\/schema\\\/person\\\/604e0c55b3c3c17a246669bfcb6f1d9d\"},\"breadcrumb\":{\"@id\":\"https:\\\/\\\/www.mundi-roth.de\\\/teneriffa-blog\\\/wanderungen\\\/cruz-del-carmen-%e2%80%93-punta-del-hidalgo\\\/#breadcrumb\"},\"inLanguage\":\"de\",\"potentialAction\":[{\"@type\":\"ReadAction\",\"target\":[\"https:\\\/\\\/www.mundi-roth.de\\\/teneriffa-blog\\\/wanderungen\\\/cruz-del-carmen-%e2%80%93-punta-del-hidalgo\\\/\"]}]},{\"@type\":\"ImageObject\",\"inLanguage\":\"de\",\"@id\":\"https:\\\/\\\/www.mundi-roth.de\\\/teneriffa-blog\\\/wanderungen\\\/cruz-del-carmen-%e2%80%93-punta-del-hidalgo\\\/#primaryimage\",\"url\":\"https:\\\/\\\/www.mundi-roth.de\\\/teneriffa-blog\\\/wp-content\\\/uploads\\\/2011\\\/11\\\/Karte.jpg\",\"contentUrl\":\"https:\\\/\\\/www.mundi-roth.de\\\/teneriffa-blog\\\/wp-content\\\/uploads\\\/2011\\\/11\\\/Karte.jpg\",\"width\":\"600\",\"height\":\"480\"},{\"@type\":\"BreadcrumbList\",\"@id\":\"https:\\\/\\\/www.mundi-roth.de\\\/teneriffa-blog\\\/wanderungen\\\/cruz-del-carmen-%e2%80%93-punta-del-hidalgo\\\/#breadcrumb\",\"itemListElement\":[{\"@type\":\"ListItem\",\"position\":1,\"name\":\"Startseite\",\"item\":\"https:\\\/\\\/www.mundi-roth.de\\\/teneriffa-blog\\\/\"},{\"@type\":\"ListItem\",\"position\":2,\"name\":\"Cruz del Carmen \u2013 Punta del Hidalgo\"}]},{\"@type\":\"WebSite\",\"@id\":\"https:\\\/\\\/www.mundi-roth.de\\\/teneriffa-blog\\\/#website\",\"url\":\"https:\\\/\\\/www.mundi-roth.de\\\/teneriffa-blog\\\/\",\"name\":\"Teneriffa Wandern\",\"description\":\"Nicht nur Wanderungen auf Teneriffa...\",\"potentialAction\":[{\"@type\":\"SearchAction\",\"target\":{\"@type\":\"EntryPoint\",\"urlTemplate\":\"https:\\\/\\\/www.mundi-roth.de\\\/teneriffa-blog\\\/?s={search_term_string}\"},\"query-input\":{\"@type\":\"PropertyValueSpecification\",\"valueRequired\":true,\"valueName\":\"search_term_string\"}}],\"inLanguage\":\"de\"},{\"@type\":\"Person\",\"@id\":\"https:\\\/\\\/www.mundi-roth.de\\\/teneriffa-blog\\\/#\\\/schema\\\/person\\\/604e0c55b3c3c17a246669bfcb6f1d9d\",\"name\":\"mr\",\"image\":{\"@type\":\"ImageObject\",\"inLanguage\":\"de\",\"@id\":\"https:\\\/\\\/secure.gravatar.com\\\/avatar\\\/9a3c34f32a8cb6923297b48d58fb263210ea20a4049fc4d3ccb858ce00487957?s=96&d=mm&r=g\",\"url\":\"https:\\\/\\\/secure.gravatar.com\\\/avatar\\\/9a3c34f32a8cb6923297b48d58fb263210ea20a4049fc4d3ccb858ce00487957?s=96&d=mm&r=g\",\"contentUrl\":\"https:\\\/\\\/secure.gravatar.com\\\/avatar\\\/9a3c34f32a8cb6923297b48d58fb263210ea20a4049fc4d3ccb858ce00487957?s=96&d=mm&r=g\",\"caption\":\"mr\"},\"url\":\"https:\\\/\\\/www.mundi-roth.de\\\/teneriffa-blog\\\/author\\\/mr\\\/\"}]}<\/script>\n<!-- \/ Yoast SEO plugin. -->","yoast_head_json":{"title":"Cruz del Carmen \u2013 Punta del Hidalgo - Teneriffa Wandern","robots":{"index":"index","follow":"follow","max-snippet":"max-snippet:-1","max-image-preview":"max-image-preview:large","max-video-preview":"max-video-preview:-1"},"canonical":"https:\/\/www.mundi-roth.de\/teneriffa-blog\/wanderungen\/cruz-del-carmen-\u2013-punta-del-hidalgo\/","twitter_misc":{"Verfasst von":"mr","Gesch\u00e4tzte Lesezeit":"8\u00a0Minuten"},"schema":{"@context":"https:\/\/schema.org","@graph":[{"@type":"Article","@id":"https:\/\/www.mundi-roth.de\/teneriffa-blog\/wanderungen\/cruz-del-carmen-%e2%80%93-punta-del-hidalgo\/#article","isPartOf":{"@id":"https:\/\/www.mundi-roth.de\/teneriffa-blog\/wanderungen\/cruz-del-carmen-%e2%80%93-punta-del-hidalgo\/"},"author":{"name":"mr","@id":"https:\/\/www.mundi-roth.de\/teneriffa-blog\/#\/schema\/person\/604e0c55b3c3c17a246669bfcb6f1d9d"},"headline":"Cruz del Carmen \u2013 Punta del Hidalgo","datePublished":"2011-11-17T17:00:34+00:00","dateModified":"2015-04-09T14:09:41+00:00","mainEntityOfPage":{"@id":"https:\/\/www.mundi-roth.de\/teneriffa-blog\/wanderungen\/cruz-del-carmen-%e2%80%93-punta-del-hidalgo\/"},"wordCount":1617,"commentCount":0,"image":{"@id":"https:\/\/www.mundi-roth.de\/teneriffa-blog\/wanderungen\/cruz-del-carmen-%e2%80%93-punta-del-hidalgo\/#primaryimage"},"thumbnailUrl":"http:\/\/www.mundi-roth.de\/teneriffa-blog\/wp-content\/uploads\/2011\/11\/Karte-150x120.jpg","keywords":["Chinamada","Cruz del Carmen","k\u00f6niglichen Lorbeerweg","La Laguna","Los Carboneras","Parque Rural Anaga","Punta del Hidalgo"],"articleSection":["Anaga-Gebirge","Wanderungen"],"inLanguage":"de","potentialAction":[{"@type":"CommentAction","name":"Comment","target":["https:\/\/www.mundi-roth.de\/teneriffa-blog\/wanderungen\/cruz-del-carmen-%e2%80%93-punta-del-hidalgo\/#respond"]}]},{"@type":"WebPage","@id":"https:\/\/www.mundi-roth.de\/teneriffa-blog\/wanderungen\/cruz-del-carmen-%e2%80%93-punta-del-hidalgo\/","url":"https:\/\/www.mundi-roth.de\/teneriffa-blog\/wanderungen\/cruz-del-carmen-%e2%80%93-punta-del-hidalgo\/","name":"Cruz del Carmen \u2013 Punta del Hidalgo - Teneriffa Wandern","isPartOf":{"@id":"https:\/\/www.mundi-roth.de\/teneriffa-blog\/#website"},"primaryImageOfPage":{"@id":"https:\/\/www.mundi-roth.de\/teneriffa-blog\/wanderungen\/cruz-del-carmen-%e2%80%93-punta-del-hidalgo\/#primaryimage"},"image":{"@id":"https:\/\/www.mundi-roth.de\/teneriffa-blog\/wanderungen\/cruz-del-carmen-%e2%80%93-punta-del-hidalgo\/#primaryimage"},"thumbnailUrl":"http:\/\/www.mundi-roth.de\/teneriffa-blog\/wp-content\/uploads\/2011\/11\/Karte-150x120.jpg","datePublished":"2011-11-17T17:00:34+00:00","dateModified":"2015-04-09T14:09:41+00:00","author":{"@id":"https:\/\/www.mundi-roth.de\/teneriffa-blog\/#\/schema\/person\/604e0c55b3c3c17a246669bfcb6f1d9d"},"breadcrumb":{"@id":"https:\/\/www.mundi-roth.de\/teneriffa-blog\/wanderungen\/cruz-del-carmen-%e2%80%93-punta-del-hidalgo\/#breadcrumb"},"inLanguage":"de","potentialAction":[{"@type":"ReadAction","target":["https:\/\/www.mundi-roth.de\/teneriffa-blog\/wanderungen\/cruz-del-carmen-%e2%80%93-punta-del-hidalgo\/"]}]},{"@type":"ImageObject","inLanguage":"de","@id":"https:\/\/www.mundi-roth.de\/teneriffa-blog\/wanderungen\/cruz-del-carmen-%e2%80%93-punta-del-hidalgo\/#primaryimage","url":"https:\/\/www.mundi-roth.de\/teneriffa-blog\/wp-content\/uploads\/2011\/11\/Karte.jpg","contentUrl":"https:\/\/www.mundi-roth.de\/teneriffa-blog\/wp-content\/uploads\/2011\/11\/Karte.jpg","width":"600","height":"480"},{"@type":"BreadcrumbList","@id":"https:\/\/www.mundi-roth.de\/teneriffa-blog\/wanderungen\/cruz-del-carmen-%e2%80%93-punta-del-hidalgo\/#breadcrumb","itemListElement":[{"@type":"ListItem","position":1,"name":"Startseite","item":"https:\/\/www.mundi-roth.de\/teneriffa-blog\/"},{"@type":"ListItem","position":2,"name":"Cruz del Carmen \u2013 Punta del Hidalgo"}]},{"@type":"WebSite","@id":"https:\/\/www.mundi-roth.de\/teneriffa-blog\/#website","url":"https:\/\/www.mundi-roth.de\/teneriffa-blog\/","name":"Teneriffa Wandern","description":"Nicht nur Wanderungen auf Teneriffa...","potentialAction":[{"@type":"SearchAction","target":{"@type":"EntryPoint","urlTemplate":"https:\/\/www.mundi-roth.de\/teneriffa-blog\/?s={search_term_string}"},"query-input":{"@type":"PropertyValueSpecification","valueRequired":true,"valueName":"search_term_string"}}],"inLanguage":"de"},{"@type":"Person","@id":"https:\/\/www.mundi-roth.de\/teneriffa-blog\/#\/schema\/person\/604e0c55b3c3c17a246669bfcb6f1d9d","name":"mr","image":{"@type":"ImageObject","inLanguage":"de","@id":"https:\/\/secure.gravatar.com\/avatar\/9a3c34f32a8cb6923297b48d58fb263210ea20a4049fc4d3ccb858ce00487957?s=96&d=mm&r=g","url":"https:\/\/secure.gravatar.com\/avatar\/9a3c34f32a8cb6923297b48d58fb263210ea20a4049fc4d3ccb858ce00487957?s=96&d=mm&r=g","contentUrl":"https:\/\/secure.gravatar.com\/avatar\/9a3c34f32a8cb6923297b48d58fb263210ea20a4049fc4d3ccb858ce00487957?s=96&d=mm&r=g","caption":"mr"},"url":"https:\/\/www.mundi-roth.de\/teneriffa-blog\/author\/mr\/"}]}},"_links":{"self":[{"href":"https:\/\/www.mundi-roth.de\/teneriffa-blog\/wp-json\/wp\/v2\/posts\/1524","targetHints":{"allow":["GET"]}}],"collection":[{"href":"https:\/\/www.mundi-roth.de\/teneriffa-blog\/wp-json\/wp\/v2\/posts"}],"about":[{"href":"https:\/\/www.mundi-roth.de\/teneriffa-blog\/wp-json\/wp\/v2\/types\/post"}],"author":[{"embeddable":true,"href":"https:\/\/www.mundi-roth.de\/teneriffa-blog\/wp-json\/wp\/v2\/users\/2"}],"replies":[{"embeddable":true,"href":"https:\/\/www.mundi-roth.de\/teneriffa-blog\/wp-json\/wp\/v2\/comments?post=1524"}],"version-history":[{"count":0,"href":"https:\/\/www.mundi-roth.de\/teneriffa-blog\/wp-json\/wp\/v2\/posts\/1524\/revisions"}],"wp:attachment":[{"href":"https:\/\/www.mundi-roth.de\/teneriffa-blog\/wp-json\/wp\/v2\/media?parent=1524"}],"wp:term":[{"taxonomy":"category","embeddable":true,"href":"https:\/\/www.mundi-roth.de\/teneriffa-blog\/wp-json\/wp\/v2\/categories?post=1524"},{"taxonomy":"post_tag","embeddable":true,"href":"https:\/\/www.mundi-roth.de\/teneriffa-blog\/wp-json\/wp\/v2\/tags?post=1524"}],"curies":[{"name":"wp","href":"https:\/\/api.w.org\/{rel}","templated":true}]}}