{"id":1554,"date":"2011-11-24T20:00:41","date_gmt":"2011-11-24T19:00:41","guid":{"rendered":"http:\/\/www.mundi-roth.de\/teneriffa-blog\/?p=1554"},"modified":"2016-11-02T10:12:16","modified_gmt":"2016-11-02T09:12:16","slug":"arona-%e2%80%93-refugio-%e2%80%93-roquede-imoque-%e2%80%93-roque-de-los-brezos-%e2%80%93-arona","status":"publish","type":"post","link":"https:\/\/www.mundi-roth.de\/teneriffa-blog\/wanderungen\/arona-%e2%80%93-refugio-%e2%80%93-roquede-imoque-%e2%80%93-roque-de-los-brezos-%e2%80%93-arona\/","title":{"rendered":"Arona \u2013 Refugio \u2013 Roque de Imoque \u2013 Roque de Los Brezos \u2013 Arona"},"content":{"rendered":"<p><strong>Zur Abwechslung haben wir mal wieder eine Wanderung quasi \u2013 f\u00fcr uns aus dem S\u00fcden \u2013 vor der Haust\u00fcre geplant.<\/strong><br \/>\n<strong> Es sollte eine gro\u00dfz\u00fcgige Rundwanderung werden von Arona \u00fcber das Refugium\u00a0 und wieder nach Arona mit Abstechern auf den Roque de Imoque und \u2013 wenn die Kondition und das Wetter mitspielen \u2013 auch noch auf den Roque de Los Brezos.<\/strong><\/p>\n<p>Vorab: Die Kondition reichte sehr gut und das Wetter konnte \u2013 zumindest die meiste Zeit \u2013 nicht besser sein.<\/p>\n<p><strong>Wanderwegstrecke:<\/strong> 8 km,\u00a0 4 Stunden, plus ca. 30 Minuten Pause <a href=\"http:\/\/www.mundi-roth.de\/teneriffa-blog\/wp-content\/uploads\/2011\/11\/Track5z1.jpg\" rel=\"lightbox[1554]\"><img loading=\"lazy\" decoding=\"async\" class=\"alignright size-thumbnail wp-image-1555\" title=\"Track5z1\" src=\"http:\/\/www.mundi-roth.de\/teneriffa-blog\/wp-content\/uploads\/2011\/11\/Track5z1-150x123.jpg\" alt=\"\" width=\"150\" height=\"123\" srcset=\"https:\/\/www.mundi-roth.de\/teneriffa-blog\/wp-content\/uploads\/2011\/11\/Track5z1-150x123.jpg 150w, https:\/\/www.mundi-roth.de\/teneriffa-blog\/wp-content\/uploads\/2011\/11\/Track5z1-300x247.jpg 300w, https:\/\/www.mundi-roth.de\/teneriffa-blog\/wp-content\/uploads\/2011\/11\/Track5z1.jpg 339w\" sizes=\"auto, (max-width: 150px) 100vw, 150px\" \/><\/a><\/p>\n<p>Um 10.10 Uhr setzte mein lieber Mann Elisabeth und mich an dem<em> Restaurant La Granja<\/em> an der TF 51 oberhalb von Arona ab. Hier ist n\u00e4mlich das Parken problematisch.<br \/>\nWir folgten gleich rechts der Ausschilderung: \u201cIfonche por Camino de Top 2,4 km\u201c.<\/p>\n<p>Die Wegebeschreibung kann ich mir im Grunde genommen schenken, denn zum einen ist der Aufstieg ausgeschildert, der Weg ist gut zu erkennen.<br \/>\nZudem habe ich am 25. 11. 2008 bereits die Wanderung unter \u201e<a href=\"http:\/\/www.mundi-roth.de\/teneriffa-blog\/wanderungen\/el-refugio-%e2%80%93-arona-%e2%80%93-el-refugio\/\">Ifonche \u2013 Arona<\/a>\u201c beschrieben.<\/p>\n<p>Gleich zu Beginn \u2013 kaum merkbar \u2013 durchschreiten wir den Barranco del <a href=\"http:\/\/www.mundi-roth.de\/teneriffa-blog\/wp-content\/uploads\/2011\/11\/P1030680.jpg\" rel=\"lightbox[1554]\"><img loading=\"lazy\" decoding=\"async\" class=\"alignleft size-thumbnail wp-image-1556\" title=\"P1030680\" src=\"http:\/\/www.mundi-roth.de\/teneriffa-blog\/wp-content\/uploads\/2011\/11\/P1030680-150x112.jpg\" alt=\"\" width=\"150\" height=\"112\" srcset=\"https:\/\/www.mundi-roth.de\/teneriffa-blog\/wp-content\/uploads\/2011\/11\/P1030680-150x112.jpg 150w, https:\/\/www.mundi-roth.de\/teneriffa-blog\/wp-content\/uploads\/2011\/11\/P1030680-300x225.jpg 300w, https:\/\/www.mundi-roth.de\/teneriffa-blog\/wp-content\/uploads\/2011\/11\/P1030680.jpg 600w\" sizes=\"auto, (max-width: 150px) 100vw, 150px\" \/><\/a>Anc\u00f3n, der, wie eine gemauerte Wasserleitung mit darin verlegten Rohren, rechter Hand unsere Wegbegleiter sind.<\/p>\n<p>Der stetige Aufstieg f\u00fchrt an einer verfallenen Finca und der Galer\u00eda Salta del Topo vorbei.<\/p>\n<p>Bereits nach 35 Minuten sind wir am Restaurant Refugio.\u00a0 <a href=\"http:\/\/www.mundi-roth.de\/teneriffa-blog\/wp-content\/uploads\/2011\/11\/P1030686.jpg\" rel=\"lightbox[1554]\"><img loading=\"lazy\" decoding=\"async\" class=\"alignright size-thumbnail wp-image-1557\" title=\"P1030686\" src=\"http:\/\/www.mundi-roth.de\/teneriffa-blog\/wp-content\/uploads\/2011\/11\/P1030686-150x112.jpg\" alt=\"\" width=\"150\" height=\"112\" srcset=\"https:\/\/www.mundi-roth.de\/teneriffa-blog\/wp-content\/uploads\/2011\/11\/P1030686-150x112.jpg 150w, https:\/\/www.mundi-roth.de\/teneriffa-blog\/wp-content\/uploads\/2011\/11\/P1030686-300x225.jpg 300w, https:\/\/www.mundi-roth.de\/teneriffa-blog\/wp-content\/uploads\/2011\/11\/P1030686.jpg 600w\" sizes=\"auto, (max-width: 150px) 100vw, 150px\" \/><\/a><\/p>\n<p>Hier oben werden erst mal die Hosenbeine an der Wanderhose abgemacht, da herrlichster Sonnenschein und wir f\u00fcllen unser Fl\u00fcssigkeitsdepot wieder auf.<\/p>\n<p><a href=\"http:\/\/www.mundi-roth.de\/teneriffa-blog\/wp-content\/uploads\/2011\/11\/P1030688.jpg\" rel=\"lightbox[1554]\"><img loading=\"lazy\" decoding=\"async\" class=\"alignleft size-thumbnail wp-image-1558\" title=\"P1030688\" src=\"http:\/\/www.mundi-roth.de\/teneriffa-blog\/wp-content\/uploads\/2011\/11\/P1030688-150x112.jpg\" alt=\"\" width=\"150\" height=\"112\" srcset=\"https:\/\/www.mundi-roth.de\/teneriffa-blog\/wp-content\/uploads\/2011\/11\/P1030688-150x112.jpg 150w, https:\/\/www.mundi-roth.de\/teneriffa-blog\/wp-content\/uploads\/2011\/11\/P1030688-300x225.jpg 300w, https:\/\/www.mundi-roth.de\/teneriffa-blog\/wp-content\/uploads\/2011\/11\/P1030688.jpg 600w\" sizes=\"auto, (max-width: 150px) 100vw, 150px\" \/><\/a>Nun folgen wir der Fahrstra\u00dfe etwas gerade aus und biegen vor dem n\u00e4chsten Geb\u00e4ude, mit zwei Badewannen davor als Zierde, links ab.<br \/>\n\u00dcbersteigen die gemauerte Wasserleitung und folgen dem mit Steinm\u00e4nnchen kennzeichneten, ausgewaschenen Pfad, der steil in den Barranco del Rey hinabf\u00fchrt und der dicht an dicht von Zistrosenb\u00fcschen ges\u00e4umt ist.<\/p>\n<p>Wir queren den Barranco del Rey, halten uns links und entdecken doch tats\u00e4chlich an einem Felsen einen orangefarbenen und einen gr\u00fcnen Punkt. Wir blicken oberhalb auf die leider nicht mehr bewirtschafteten Terrassen mit H\u00f6hlen dahinter und steigen ebenso steil wieder auf.<br \/>\nOben angekommen halten wir uns rechts. Ein gr\u00fcner Pfeil und gr\u00fcner Punkt weisen den Weg.<\/p>\n<p>Wir steigen weiter an, passieren eine verfallene Finca und gelangen an den<a href=\"http:\/\/www.mundi-roth.de\/teneriffa-blog\/wp-content\/uploads\/2011\/11\/P1030694w1.jpg\" rel=\"lightbox[1554]\"><img loading=\"lazy\" decoding=\"async\" class=\"alignright size-thumbnail wp-image-1582\" title=\"P1030694w1\" src=\"http:\/\/www.mundi-roth.de\/teneriffa-blog\/wp-content\/uploads\/2011\/11\/P1030694w1-150x59.jpg\" alt=\"\" width=\"150\" height=\"59\" srcset=\"https:\/\/www.mundi-roth.de\/teneriffa-blog\/wp-content\/uploads\/2011\/11\/P1030694w1-150x59.jpg 150w, https:\/\/www.mundi-roth.de\/teneriffa-blog\/wp-content\/uploads\/2011\/11\/P1030694w1-300x118.jpg 300w, https:\/\/www.mundi-roth.de\/teneriffa-blog\/wp-content\/uploads\/2011\/11\/P1030694w1.jpg 850w\" sizes=\"auto, (max-width: 150px) 100vw, 150px\" \/><\/a> wundersch\u00f6nen Dreschplatz, der sich genau zwischen dem Roque de Imoque (1107 m) und dem Roque de Los Brezos (1108 m) befindet.<\/p>\n<p>1 Stunde 20 Minuten sind wir unterwegs und beginnen jetzt den Aufstieg auf den Roque de Imoque, den wir vor vielen Jahren schon mal gemacht haben.<br \/>\nErstaunlich ist, so steil der Berg anmutet, so gut l\u00e4sst sich die Steigung auf dem schmalen, gut auszumachenden Pfad gehen.<br \/>\n<a href=\"http:\/\/www.mundi-roth.de\/teneriffa-blog\/wp-content\/uploads\/2011\/11\/P1030711.jpg\" rel=\"lightbox[1554]\"><img loading=\"lazy\" decoding=\"async\" class=\"alignleft size-thumbnail wp-image-1560\" title=\"P1030711\" src=\"http:\/\/www.mundi-roth.de\/teneriffa-blog\/wp-content\/uploads\/2011\/11\/P1030711-112x150.jpg\" alt=\"\" width=\"112\" height=\"150\" srcset=\"https:\/\/www.mundi-roth.de\/teneriffa-blog\/wp-content\/uploads\/2011\/11\/P1030711-112x150.jpg 112w, https:\/\/www.mundi-roth.de\/teneriffa-blog\/wp-content\/uploads\/2011\/11\/P1030711-225x300.jpg 225w, https:\/\/www.mundi-roth.de\/teneriffa-blog\/wp-content\/uploads\/2011\/11\/P1030711.jpg 450w\" sizes=\"auto, (max-width: 112px) 100vw, 112px\" \/><\/a>Schon nach 15 Minuten haben wir den Felskranz des Berges erreicht. Von hier aus kann man nur noch klettern und das ist nicht unser Ding.<br \/>\nZudem h\u00e4lt uns ein \u201eMarterl\u201c, ein Gedenkkreuz, f\u00fcr eine junge Frau, Susan, die hier 2002 t\u00f6dlich verungl\u00fcckte und f\u00fcr Bill, der erst in diesem Jahr hier zu Tode kam, davon ab, noch weiter zu gehen.<\/p>\n<p>Wir legen hier mit einem phantastischen Rundumblick<a href=\"http:\/\/www.mundi-roth.de\/teneriffa-blog\/wp-content\/uploads\/2011\/11\/P1030710w1.jpg\" rel=\"lightbox[1554]\"><img loading=\"lazy\" decoding=\"async\" class=\"alignright size-thumbnail wp-image-1580\" title=\"P1030710w1\" src=\"http:\/\/www.mundi-roth.de\/teneriffa-blog\/wp-content\/uploads\/2011\/11\/P1030710w1-150x26.jpg\" alt=\"\" width=\"150\" height=\"26\" srcset=\"https:\/\/www.mundi-roth.de\/teneriffa-blog\/wp-content\/uploads\/2011\/11\/P1030710w1-150x26.jpg 150w, https:\/\/www.mundi-roth.de\/teneriffa-blog\/wp-content\/uploads\/2011\/11\/P1030710w1-300x52.jpg 300w, https:\/\/www.mundi-roth.de\/teneriffa-blog\/wp-content\/uploads\/2011\/11\/P1030710w1.jpg 850w\" sizes=\"auto, (max-width: 150px) 100vw, 150px\" \/><\/a> \u2013 einschlie\u00dflich auf die Ca\u00f1adas Randberge wie Sombrero und Guajara und zur K\u00fcste\u00a0 &#8211; unsere obligatorische Apfelpause ein und 10 Minuten sp\u00e4ter machen wir uns an den nur gut 10min\u00fctigen Abstieg.<\/p>\n<p><a href=\"http:\/\/www.mundi-roth.de\/teneriffa-blog\/wp-content\/uploads\/2011\/11\/P1030718.jpg\" rel=\"lightbox[1554]\"><img loading=\"lazy\" decoding=\"async\" class=\"alignleft size-thumbnail wp-image-1562\" title=\"P1030718\" src=\"http:\/\/www.mundi-roth.de\/teneriffa-blog\/wp-content\/uploads\/2011\/11\/P1030718-150x112.jpg\" alt=\"\" width=\"150\" height=\"112\" srcset=\"https:\/\/www.mundi-roth.de\/teneriffa-blog\/wp-content\/uploads\/2011\/11\/P1030718-150x112.jpg 150w, https:\/\/www.mundi-roth.de\/teneriffa-blog\/wp-content\/uploads\/2011\/11\/P1030718-300x225.jpg 300w, https:\/\/www.mundi-roth.de\/teneriffa-blog\/wp-content\/uploads\/2011\/11\/P1030718.jpg 600w\" sizes=\"auto, (max-width: 150px) 100vw, 150px\" \/><\/a>Um 12 Uhr, knapp 2 Stunden nach unserem Wanderstart,\u00a0 sind wir am Dreschplatz und da die Kondition noch super ist, besteigen wir auch den Roque de Los Brezos.<\/p>\n<p>Der Berg sieht zwar harmlos, beh\u00e4big aus, <a href=\"http:\/\/www.mundi-roth.de\/teneriffa-blog\/wp-content\/uploads\/2011\/11\/P1030724.jpg\" rel=\"lightbox[1554]\"><img loading=\"lazy\" decoding=\"async\" class=\"alignright size-thumbnail wp-image-1563\" title=\"P1030724\" src=\"http:\/\/www.mundi-roth.de\/teneriffa-blog\/wp-content\/uploads\/2011\/11\/P1030724-150x112.jpg\" alt=\"\" width=\"150\" height=\"112\" srcset=\"https:\/\/www.mundi-roth.de\/teneriffa-blog\/wp-content\/uploads\/2011\/11\/P1030724-150x112.jpg 150w, https:\/\/www.mundi-roth.de\/teneriffa-blog\/wp-content\/uploads\/2011\/11\/P1030724-300x225.jpg 300w, https:\/\/www.mundi-roth.de\/teneriffa-blog\/wp-content\/uploads\/2011\/11\/P1030724.jpg 600w\" sizes=\"auto, (max-width: 150px) 100vw, 150px\" \/><\/a>jedoch der 20 min\u00fctige Aufstieg ist schwierig zu gehen, da sehr felsig und steil nat\u00fcrlich ebenfalls.<br \/>\n<a href=\"http:\/\/www.mundi-roth.de\/teneriffa-blog\/wp-content\/uploads\/2011\/11\/P1030720.jpg\" rel=\"lightbox[1554]\"><img loading=\"lazy\" decoding=\"async\" class=\"alignleft size-thumbnail wp-image-1565\" title=\"P1030720\" src=\"http:\/\/www.mundi-roth.de\/teneriffa-blog\/wp-content\/uploads\/2011\/11\/P1030720-150x112.jpg\" alt=\"\" width=\"150\" height=\"112\" srcset=\"https:\/\/www.mundi-roth.de\/teneriffa-blog\/wp-content\/uploads\/2011\/11\/P1030720-150x112.jpg 150w, https:\/\/www.mundi-roth.de\/teneriffa-blog\/wp-content\/uploads\/2011\/11\/P1030720-300x225.jpg 300w, https:\/\/www.mundi-roth.de\/teneriffa-blog\/wp-content\/uploads\/2011\/11\/P1030720.jpg 600w\" sizes=\"auto, (max-width: 150px) 100vw, 150px\" \/><\/a>Lange haben wir auf unseren Touren keine gabelige Leuchterblume mehr gesehen, daf\u00fcr hier umso sch\u00f6nere Exemplare.<\/p>\n<p>Oben auf dem Plateau haben wir wieder einen <a href=\"http:\/\/www.mundi-roth.de\/teneriffa-blog\/wp-content\/uploads\/2011\/11\/P1030735.jpg\" rel=\"lightbox[1554]\"><img loading=\"lazy\" decoding=\"async\" class=\"alignright size-thumbnail wp-image-1566\" title=\"P1030735\" src=\"http:\/\/www.mundi-roth.de\/teneriffa-blog\/wp-content\/uploads\/2011\/11\/P1030735-150x112.jpg\" alt=\"\" width=\"150\" height=\"112\" srcset=\"https:\/\/www.mundi-roth.de\/teneriffa-blog\/wp-content\/uploads\/2011\/11\/P1030735-150x112.jpg 150w, https:\/\/www.mundi-roth.de\/teneriffa-blog\/wp-content\/uploads\/2011\/11\/P1030735-300x225.jpg 300w, https:\/\/www.mundi-roth.de\/teneriffa-blog\/wp-content\/uploads\/2011\/11\/P1030735.jpg 600w\" sizes=\"auto, (max-width: 150px) 100vw, 150px\" \/><\/a>wunderbaren freien Blick zur K\u00fcste, auf La Gomera und ins Umland, die Berge der Ca\u00f1adas sind nun schon wolkenverhangen, aber wir sitzen <a href=\"http:\/\/www.mundi-roth.de\/teneriffa-blog\/wp-content\/uploads\/2011\/11\/P1030729a.jpg\" rel=\"lightbox[1554]\"><img loading=\"lazy\" decoding=\"async\" class=\"alignleft size-thumbnail wp-image-1567\" title=\"P1030729a\" src=\"http:\/\/www.mundi-roth.de\/teneriffa-blog\/wp-content\/uploads\/2011\/11\/P1030729a-150x91.jpg\" alt=\"\" width=\"150\" height=\"91\" srcset=\"https:\/\/www.mundi-roth.de\/teneriffa-blog\/wp-content\/uploads\/2011\/11\/P1030729a-150x91.jpg 150w, https:\/\/www.mundi-roth.de\/teneriffa-blog\/wp-content\/uploads\/2011\/11\/P1030729a-300x182.jpg 300w, https:\/\/www.mundi-roth.de\/teneriffa-blog\/wp-content\/uploads\/2011\/11\/P1030729a.jpg 600w\" sizes=\"auto, (max-width: 150px) 100vw, 150px\" \/><\/a>noch im herrlichen Sonnenschein und beobachten die Paraglider, 18 an der Zahl. Direkt unterhalb des Roque de Los\u00a0 Brezos ist ja eine Abflugstelle, die wir beim Abstieg sehen. <a href=\"http:\/\/www.mundi-roth.de\/teneriffa-blog\/wp-content\/uploads\/2011\/11\/P1030727a1.jpg\" rel=\"lightbox[1554]\"><img loading=\"lazy\" decoding=\"async\" class=\"alignright size-thumbnail wp-image-1568\" title=\"P1030727a\" src=\"http:\/\/www.mundi-roth.de\/teneriffa-blog\/wp-content\/uploads\/2011\/11\/P1030727a1-150x102.jpg\" alt=\"\" width=\"150\" height=\"102\" srcset=\"https:\/\/www.mundi-roth.de\/teneriffa-blog\/wp-content\/uploads\/2011\/11\/P1030727a1-150x102.jpg 150w, https:\/\/www.mundi-roth.de\/teneriffa-blog\/wp-content\/uploads\/2011\/11\/P1030727a1-300x205.jpg 300w, https:\/\/www.mundi-roth.de\/teneriffa-blog\/wp-content\/uploads\/2011\/11\/P1030727a1.jpg 600w\" sizes=\"auto, (max-width: 150px) 100vw, 150px\" \/><\/a><br \/>\nEntgegen unserer sonstigen Gewohnheit haben wir uns hier lange aufgehalten. Eine halbe Stunde, aber es war sooooo sch\u00f6n!<\/p>\n<p>So schnell wie wir aufgestiegen sind, steigen wir auch wieder ab und beginnen den endg\u00fcltigen Abstieg nach Arona beim Dreschplatz.<\/p>\n<p>Der Einstieg ist sehr gut mit Holzbalken gesichert und immer wieder bleiben wir stehen, um diese phantastischen Gesteinsformationen und den Roque de Imoque und Roque de Los Brezos frontal, von links, von rechts, von hinten zu fotografieren.<br \/>\n<a href=\"http:\/\/www.mundi-roth.de\/teneriffa-blog\/wp-content\/uploads\/2011\/11\/P1030741.jpg\" rel=\"lightbox[1554]\"><img loading=\"lazy\" decoding=\"async\" class=\"alignleft size-thumbnail wp-image-1569\" title=\"P1030741\" src=\"http:\/\/www.mundi-roth.de\/teneriffa-blog\/wp-content\/uploads\/2011\/11\/P1030741-150x112.jpg\" alt=\"\" width=\"150\" height=\"112\" srcset=\"https:\/\/www.mundi-roth.de\/teneriffa-blog\/wp-content\/uploads\/2011\/11\/P1030741-150x112.jpg 150w, https:\/\/www.mundi-roth.de\/teneriffa-blog\/wp-content\/uploads\/2011\/11\/P1030741-300x225.jpg 300w, https:\/\/www.mundi-roth.de\/teneriffa-blog\/wp-content\/uploads\/2011\/11\/P1030741.jpg 600w\" sizes=\"auto, (max-width: 150px) 100vw, 150px\" \/><\/a><a href=\"http:\/\/www.mundi-roth.de\/teneriffa-blog\/wp-content\/uploads\/2011\/11\/P1030739.jpg\" rel=\"lightbox[1554]\"><img loading=\"lazy\" decoding=\"async\" class=\"aligncenter size-thumbnail wp-image-1570\" title=\"P1030739\" src=\"http:\/\/www.mundi-roth.de\/teneriffa-blog\/wp-content\/uploads\/2011\/11\/P1030739-150x112.jpg\" alt=\"\" width=\"150\" height=\"112\" srcset=\"https:\/\/www.mundi-roth.de\/teneriffa-blog\/wp-content\/uploads\/2011\/11\/P1030739-150x112.jpg 150w, https:\/\/www.mundi-roth.de\/teneriffa-blog\/wp-content\/uploads\/2011\/11\/P1030739-300x225.jpg 300w, https:\/\/www.mundi-roth.de\/teneriffa-blog\/wp-content\/uploads\/2011\/11\/P1030739.jpg 600w\" sizes=\"auto, (max-width: 150px) 100vw, 150px\" \/><\/a><\/p>\n<p><a href=\"http:\/\/www.mundi-roth.de\/teneriffa-blog\/wp-content\/uploads\/2011\/11\/P1030743.jpg\" rel=\"lightbox[1554]\"><img loading=\"lazy\" decoding=\"async\" class=\"alignleft size-thumbnail wp-image-1571\" title=\"P1030743\" src=\"http:\/\/www.mundi-roth.de\/teneriffa-blog\/wp-content\/uploads\/2011\/11\/P1030743-150x112.jpg\" alt=\"\" width=\"150\" height=\"112\" srcset=\"https:\/\/www.mundi-roth.de\/teneriffa-blog\/wp-content\/uploads\/2011\/11\/P1030743-150x112.jpg 150w, https:\/\/www.mundi-roth.de\/teneriffa-blog\/wp-content\/uploads\/2011\/11\/P1030743-300x225.jpg 300w, https:\/\/www.mundi-roth.de\/teneriffa-blog\/wp-content\/uploads\/2011\/11\/P1030743.jpg 600w\" sizes=\"auto, (max-width: 150px) 100vw, 150px\" \/><\/a><a href=\"http:\/\/www.mundi-roth.de\/teneriffa-blog\/wp-content\/uploads\/2011\/11\/P1030744.jpg\" rel=\"lightbox[1554]\"><img loading=\"lazy\" decoding=\"async\" class=\"aligncenter size-thumbnail wp-image-1572\" title=\"P1030744\" src=\"http:\/\/www.mundi-roth.de\/teneriffa-blog\/wp-content\/uploads\/2011\/11\/P1030744-112x150.jpg\" alt=\"\" width=\"112\" height=\"150\" srcset=\"https:\/\/www.mundi-roth.de\/teneriffa-blog\/wp-content\/uploads\/2011\/11\/P1030744-112x150.jpg 112w, https:\/\/www.mundi-roth.de\/teneriffa-blog\/wp-content\/uploads\/2011\/11\/P1030744-225x300.jpg 225w, https:\/\/www.mundi-roth.de\/teneriffa-blog\/wp-content\/uploads\/2011\/11\/P1030744.jpg 450w\" sizes=\"auto, (max-width: 112px) 100vw, 112px\" \/><\/a><br \/>\nAuch diesen Abstieg brauche ich nicht im Detail zu erkl\u00e4ren, denn diese Wanderung habe ich am 15. 1. 2008 \u201e<a href=\"http:\/\/www.mundi-roth.de\/teneriffa-blog\/wanderungen\/ifonche-arona\/\">Ifonche \u2013 Arona<\/a>\u201c beschrieben.<br \/>\nZudem kann man sich auch kaum verlaufen, da der Weg schon von weitem stets gut sichtbar ist.<br \/>\n<a href=\"http:\/\/www.mundi-roth.de\/teneriffa-blog\/wp-content\/uploads\/2011\/11\/P1030742x.jpg\" rel=\"lightbox[1554]\"><img loading=\"lazy\" decoding=\"async\" class=\"alignleft size-thumbnail wp-image-1573\" title=\"P1030742x\" src=\"http:\/\/www.mundi-roth.de\/teneriffa-blog\/wp-content\/uploads\/2011\/11\/P1030742x-150x112.jpg\" alt=\"\" width=\"150\" height=\"112\" srcset=\"https:\/\/www.mundi-roth.de\/teneriffa-blog\/wp-content\/uploads\/2011\/11\/P1030742x-150x112.jpg 150w, https:\/\/www.mundi-roth.de\/teneriffa-blog\/wp-content\/uploads\/2011\/11\/P1030742x-300x225.jpg 300w, https:\/\/www.mundi-roth.de\/teneriffa-blog\/wp-content\/uploads\/2011\/11\/P1030742x.jpg 600w\" sizes=\"auto, (max-width: 150px) 100vw, 150px\" \/><\/a>Wir laufen hier auf dem H\u00f6henr\u00fccken der Monta\u00f1a Su\u00e1rez, vorbei an der Finca Su\u00e1rez mit ihren sch\u00f6n angelegten Terrassenfeldern und einem Dreschplatz und blicken rechts in den Barranco de Fa\u00f1ab\u00e9 und vor uns auf den Roque del\u00a0 Conde.<\/p>\n<p>Den einzigen Fehler k\u00f6nnte man machen, wenn man den Abstieg bei der Linkskurve der Monta\u00f1a de Suar\u00e9z (834 m)\u00a0 geradeaus, bergauf\u00a0 fortsetzen w\u00fcrde, dann k\u00e4me man auf den Conde.<\/p>\n<p>Von dort kommen gerade drei Canarios abgestiegen und erkl\u00e4ren uns den Weg, den sie gegangen sind. Au\u00dferdem kl\u00e4ren sie uns auf, dass\u00a0 der <a href=\"http:\/\/www.mundi-roth.de\/teneriffa-blog\/wp-content\/uploads\/2011\/11\/P1030745a.jpg\" rel=\"lightbox[1554]\"><img loading=\"lazy\" decoding=\"async\" class=\"alignleft size-thumbnail wp-image-1574\" title=\"P1030745a\" src=\"http:\/\/www.mundi-roth.de\/teneriffa-blog\/wp-content\/uploads\/2011\/11\/P1030745a-115x150.jpg\" alt=\"\" width=\"115\" height=\"150\" srcset=\"https:\/\/www.mundi-roth.de\/teneriffa-blog\/wp-content\/uploads\/2011\/11\/P1030745a-115x150.jpg 115w, https:\/\/www.mundi-roth.de\/teneriffa-blog\/wp-content\/uploads\/2011\/11\/P1030745a-230x300.jpg 230w, https:\/\/www.mundi-roth.de\/teneriffa-blog\/wp-content\/uploads\/2011\/11\/P1030745a.jpg 460w\" sizes=\"auto, (max-width: 115px) 100vw, 115px\" \/><\/a>\u201eConde\u201c fr\u00fcher nicht so hie\u00df. Diesen Namen haben erst die Spanier eingef\u00fchrt, \u201eals sie unsere Insel gestohlen haben\u201c. Der alte Name lautete <strong>Ichasagua<\/strong> und erinnerte an einen Guanchenf\u00fcrsten der den Spaniern von hier aus lange Widerstand leistete.<br \/>\nAu\u00dferdem gibt uns einer der Wanderer noch eine besondere Vorstellung, denn er hat neben seinem Stab, mit dem man \u00fcber die Barrancos springen kann, noch eine gro\u00dfe Muschel umh\u00e4ngen, in die er, wie in ein Horn, bl\u00e4st.<\/p>\n<p>Wir steigen \u00fcber die Degollada de los Frailitos ab bis zum Rande des Barranco del Rey. Hier z\u00f6gern wir erst, denn rechts ist ein neuer Weg ausgewiesen. Gehen wir nun rechts oder links?<br \/>\nDa wir immer schon links gegangen sind, so dann auch heute.<a href=\"http:\/\/www.mundi-roth.de\/teneriffa-blog\/wp-content\/uploads\/2011\/11\/P1030747.jpg\" rel=\"lightbox[1554]\"><img loading=\"lazy\" decoding=\"async\" class=\"alignright size-thumbnail wp-image-1575\" title=\"P1030747\" src=\"http:\/\/www.mundi-roth.de\/teneriffa-blog\/wp-content\/uploads\/2011\/11\/P1030747-150x112.jpg\" alt=\"\" width=\"150\" height=\"112\" srcset=\"https:\/\/www.mundi-roth.de\/teneriffa-blog\/wp-content\/uploads\/2011\/11\/P1030747-150x112.jpg 150w, https:\/\/www.mundi-roth.de\/teneriffa-blog\/wp-content\/uploads\/2011\/11\/P1030747-300x225.jpg 300w, https:\/\/www.mundi-roth.de\/teneriffa-blog\/wp-content\/uploads\/2011\/11\/P1030747.jpg 600w\" sizes=\"auto, (max-width: 150px) 100vw, 150px\" \/><\/a><br \/>\nDer Pfad f\u00fchrt steil in den Barrancogrund, vorbei an bizarren Felsformationen und riesigen Exemplaren der Kanaren-Wolfsmilch. Dieser Anblick fasziniert immer wieder aufs Neue.<\/p>\n<p><a href=\"http:\/\/www.mundi-roth.de\/teneriffa-blog\/wp-content\/uploads\/2011\/11\/P1030750a.jpg\" rel=\"lightbox[1554]\"><img loading=\"lazy\" decoding=\"async\" class=\"alignleft size-thumbnail wp-image-1576\" title=\"P1030750a\" src=\"http:\/\/www.mundi-roth.de\/teneriffa-blog\/wp-content\/uploads\/2011\/11\/P1030750a-150x90.jpg\" alt=\"\" width=\"150\" height=\"90\" srcset=\"https:\/\/www.mundi-roth.de\/teneriffa-blog\/wp-content\/uploads\/2011\/11\/P1030750a-150x90.jpg 150w, https:\/\/www.mundi-roth.de\/teneriffa-blog\/wp-content\/uploads\/2011\/11\/P1030750a-300x181.jpg 300w, https:\/\/www.mundi-roth.de\/teneriffa-blog\/wp-content\/uploads\/2011\/11\/P1030750a.jpg 600w\" sizes=\"auto, (max-width: 150px) 100vw, 150px\" \/><\/a><\/p>\n<p>&nbsp;<\/p>\n<p>Im Barrancogrund halten wir\u00a0 uns nur einige Meter rechts und schon beginnt der letzte steilere Aufstieg f\u00fcr heute.<\/p>\n<p>Beim Aufstieg sehen wir auf der gegen\u00fcberliegenden Seite den Weg, der <a href=\"http:\/\/www.mundi-roth.de\/teneriffa-blog\/wp-content\/uploads\/2011\/11\/P1030752x.jpg\" rel=\"lightbox[1554]\"><img loading=\"lazy\" decoding=\"async\" class=\"alignright size-thumbnail wp-image-1577\" title=\"P1030752x\" src=\"http:\/\/www.mundi-roth.de\/teneriffa-blog\/wp-content\/uploads\/2011\/11\/P1030752x-150x112.jpg\" alt=\"\" width=\"150\" height=\"112\" srcset=\"https:\/\/www.mundi-roth.de\/teneriffa-blog\/wp-content\/uploads\/2011\/11\/P1030752x-150x112.jpg 150w, https:\/\/www.mundi-roth.de\/teneriffa-blog\/wp-content\/uploads\/2011\/11\/P1030752x-300x225.jpg 300w, https:\/\/www.mundi-roth.de\/teneriffa-blog\/wp-content\/uploads\/2011\/11\/P1030752x.jpg 600w\" sizes=\"auto, (max-width: 150px) 100vw, 150px\" \/><\/a>bei unserem Z\u00f6gern rechts lag. Auch dieser f\u00fchrt in den Barranco del Rey.<br \/>\nUnser Eindruck ist, dass er etwas bequemer zu gehen ist, daf\u00fcr muss man aber im Barranco selbst ein gr\u00f6\u00dferes St\u00fcck links gehen, um dann auf unserem Weg aufzusteigen.<\/p>\n<p><a href=\"http:\/\/www.mundi-roth.de\/teneriffa-blog\/wp-content\/uploads\/2011\/11\/P1030754.jpg\" rel=\"lightbox[1554]\"><img loading=\"lazy\" decoding=\"async\" class=\"alignleft size-thumbnail wp-image-1578\" title=\"P1030754\" src=\"http:\/\/www.mundi-roth.de\/teneriffa-blog\/wp-content\/uploads\/2011\/11\/P1030754-150x112.jpg\" alt=\"\" width=\"150\" height=\"112\" srcset=\"https:\/\/www.mundi-roth.de\/teneriffa-blog\/wp-content\/uploads\/2011\/11\/P1030754-150x112.jpg 150w, https:\/\/www.mundi-roth.de\/teneriffa-blog\/wp-content\/uploads\/2011\/11\/P1030754-300x225.jpg 300w, https:\/\/www.mundi-roth.de\/teneriffa-blog\/wp-content\/uploads\/2011\/11\/P1030754.jpg 600w\" sizes=\"auto, (max-width: 150px) 100vw, 150px\" \/><\/a>Oben gelangen wir an die Finca Anc\u00f3n\u00a0 mit einem sch\u00f6nen Backofen daneben. Daran gehen wir vorbei auf die etwas rechts unterhalb liegende, freie, sandige Fl\u00e4che.<br \/>\nHier folgen wir dem breiteren Weg der in einer Kurve links aufw\u00e4rts f\u00fchrt.<br \/>\nVon hier aus gelangen wir in ca. 15 Minuten an eine lange, gemauerte Steinmauer, daran entlang und wir sind wieder am Aufgangspunkt, dem Restaurant \u201eLa Granja\u201c.<\/p>\n<p>Unterwegs haben wir <em>unser privates Taxi<\/em> bestellt und kaum sind wir angekommen, haben uns \u201esortiert\u201c,\u00a0 kommen auch schon unsere lieben M\u00e4nner, Manfred und G\u00fcnter,\u00a0 und nehmen uns freudig in Empfang.<\/p>\n<p><strong>Fazit:<\/strong><br \/>\nAuch wenn uns gro\u00dfe Teile der Wanderung schon bekannt waren und von uns begangen worden sind &#8211; so im Zusammenhang mit den Abstechern auf die beiden Berge hatten wir dies jedoch noch nie gemacht.\u00a0 Es war eine rundum sch\u00f6ne, gelungene, fordernde Wanderung.<\/p>\n<p><strong>Anfahrt:<\/strong><\/p>\n<p>Mit dem privaten Wagen von der Autobahnausfahrt Los Cristianos aus auf der TF 28 Richtung Teide &#8211; in Camella beim Kreisverkehr links auf die TF51 richtung Arona\/Teide &#8211; in Arona folgt man mit einem Linksknick weiter der TF51 und erreicht nach ca. 1,3 km auf der linken Stra\u00dfenseite das Restaurant La Granja. Parken ist dort nicht einfach. Es gibt zwar einen gro\u00dfen Parkplatz, der aber abgetrennt ist.<\/p>\n<p>Mit dem Bus f\u00e4hrt man von Los Cristianos mit der Linie 480 bis Arona und muss dann zu Fuss bis zum La Granja gehen.<\/p>\n<p><strong>Restaurant:<\/strong><br \/>\nSchon lange waren wir nicht mehr im \u201eLo Nuestro\u201c in Buzanada,<br \/>\nin der N\u00e4he des Kreisels Richtung Cabo Blanco.<br \/>\nTelefon: 922 72 09 12<br \/>\ngute spanische K\u00fcche.<\/p>\n","protected":false},"excerpt":{"rendered":"<p>Zur Abwechslung haben wir mal wieder eine Wanderung quasi \u2013 f\u00fcr uns aus dem S\u00fcden \u2013 vor der Haust\u00fcre geplant. Es sollte eine gro\u00dfz\u00fcgige Rundwanderung werden von Arona \u00fcber das Refugium\u00a0 und wieder nach Arona mit Abstechern auf den Roque de Imoque und \u2013 wenn die Kondition und das Wetter mitspielen \u2013 auch noch auf [&hellip;]<\/p>\n","protected":false},"author":2,"featured_media":0,"comment_status":"open","ping_status":"open","sticky":false,"template":"","format":"standard","meta":{"footnotes":""},"categories":[775,6],"tags":[65,505,502,173,503,508,507,504,500,501,506],"class_list":["post-1554","post","type-post","status-publish","format-standard","hentry","category-arona","category-wanderungen","tag-arona","tag-barranco-de-fanabe","tag-barranco-del-ancon","tag-barranco-del-rey","tag-gabelige-leuchterblume","tag-ischasagua","tag-kanaren-wolfsmilch","tag-montana-suarez","tag-roque-de-imoque","tag-roque-de-los-brezos","tag-roque-del-conde"],"yoast_head":"<!-- This site is optimized with the Yoast SEO plugin v27.5 - https:\/\/yoast.com\/product\/yoast-seo-wordpress\/ -->\n<title>Arona \u2013 Refugio \u2013 Roque de Imoque \u2013 Roque de Los Brezos \u2013 Arona - Teneriffa Wandern<\/title>\n<meta name=\"robots\" content=\"index, follow, max-snippet:-1, max-image-preview:large, max-video-preview:-1\" \/>\n<link rel=\"canonical\" href=\"https:\/\/www.mundi-roth.de\/teneriffa-blog\/wanderungen\/arona-\u2013-refugio-\u2013-roquede-imoque-\u2013-roque-de-los-brezos-\u2013-arona\/\" \/>\n<meta name=\"twitter:label1\" content=\"Verfasst von\" \/>\n\t<meta name=\"twitter:data1\" content=\"mr\" \/>\n\t<meta name=\"twitter:label2\" content=\"Gesch\u00e4tzte Lesezeit\" \/>\n\t<meta name=\"twitter:data2\" content=\"7\u00a0Minuten\" \/>\n<script type=\"application\/ld+json\" class=\"yoast-schema-graph\">{\"@context\":\"https:\\\/\\\/schema.org\",\"@graph\":[{\"@type\":\"Article\",\"@id\":\"https:\\\/\\\/www.mundi-roth.de\\\/teneriffa-blog\\\/wanderungen\\\/arona-%e2%80%93-refugio-%e2%80%93-roquede-imoque-%e2%80%93-roque-de-los-brezos-%e2%80%93-arona\\\/#article\",\"isPartOf\":{\"@id\":\"https:\\\/\\\/www.mundi-roth.de\\\/teneriffa-blog\\\/wanderungen\\\/arona-%e2%80%93-refugio-%e2%80%93-roquede-imoque-%e2%80%93-roque-de-los-brezos-%e2%80%93-arona\\\/\"},\"author\":{\"name\":\"mr\",\"@id\":\"https:\\\/\\\/www.mundi-roth.de\\\/teneriffa-blog\\\/#\\\/schema\\\/person\\\/604e0c55b3c3c17a246669bfcb6f1d9d\"},\"headline\":\"Arona \u2013 Refugio \u2013 Roque de Imoque \u2013 Roque de Los Brezos \u2013 Arona\",\"datePublished\":\"2011-11-24T19:00:41+00:00\",\"dateModified\":\"2016-11-02T09:12:16+00:00\",\"mainEntityOfPage\":{\"@id\":\"https:\\\/\\\/www.mundi-roth.de\\\/teneriffa-blog\\\/wanderungen\\\/arona-%e2%80%93-refugio-%e2%80%93-roquede-imoque-%e2%80%93-roque-de-los-brezos-%e2%80%93-arona\\\/\"},\"wordCount\":1380,\"commentCount\":0,\"image\":{\"@id\":\"https:\\\/\\\/www.mundi-roth.de\\\/teneriffa-blog\\\/wanderungen\\\/arona-%e2%80%93-refugio-%e2%80%93-roquede-imoque-%e2%80%93-roque-de-los-brezos-%e2%80%93-arona\\\/#primaryimage\"},\"thumbnailUrl\":\"http:\\\/\\\/www.mundi-roth.de\\\/teneriffa-blog\\\/wp-content\\\/uploads\\\/2011\\\/11\\\/Track5z1-150x123.jpg\",\"keywords\":[\"Arona\",\"Barranco de Fa\u00f1ab\u00e9\",\"Barranco del Anc\u00f3n\",\"Barranco del Rey\",\"Gabelige Leuchterblume\",\"Ischasagua\",\"Kanaren-Wolfsmilch\",\"Monta\u00f1a Su\u00e1rez\",\"Roque de Imoque\",\"Roque de Los Brezos\",\"Roque del Conde.\"],\"articleSection\":[\"Arona\",\"Wanderungen\"],\"inLanguage\":\"de\",\"potentialAction\":[{\"@type\":\"CommentAction\",\"name\":\"Comment\",\"target\":[\"https:\\\/\\\/www.mundi-roth.de\\\/teneriffa-blog\\\/wanderungen\\\/arona-%e2%80%93-refugio-%e2%80%93-roquede-imoque-%e2%80%93-roque-de-los-brezos-%e2%80%93-arona\\\/#respond\"]}]},{\"@type\":\"WebPage\",\"@id\":\"https:\\\/\\\/www.mundi-roth.de\\\/teneriffa-blog\\\/wanderungen\\\/arona-%e2%80%93-refugio-%e2%80%93-roquede-imoque-%e2%80%93-roque-de-los-brezos-%e2%80%93-arona\\\/\",\"url\":\"https:\\\/\\\/www.mundi-roth.de\\\/teneriffa-blog\\\/wanderungen\\\/arona-%e2%80%93-refugio-%e2%80%93-roquede-imoque-%e2%80%93-roque-de-los-brezos-%e2%80%93-arona\\\/\",\"name\":\"Arona \u2013 Refugio \u2013 Roque de Imoque \u2013 Roque de Los Brezos \u2013 Arona - Teneriffa Wandern\",\"isPartOf\":{\"@id\":\"https:\\\/\\\/www.mundi-roth.de\\\/teneriffa-blog\\\/#website\"},\"primaryImageOfPage\":{\"@id\":\"https:\\\/\\\/www.mundi-roth.de\\\/teneriffa-blog\\\/wanderungen\\\/arona-%e2%80%93-refugio-%e2%80%93-roquede-imoque-%e2%80%93-roque-de-los-brezos-%e2%80%93-arona\\\/#primaryimage\"},\"image\":{\"@id\":\"https:\\\/\\\/www.mundi-roth.de\\\/teneriffa-blog\\\/wanderungen\\\/arona-%e2%80%93-refugio-%e2%80%93-roquede-imoque-%e2%80%93-roque-de-los-brezos-%e2%80%93-arona\\\/#primaryimage\"},\"thumbnailUrl\":\"http:\\\/\\\/www.mundi-roth.de\\\/teneriffa-blog\\\/wp-content\\\/uploads\\\/2011\\\/11\\\/Track5z1-150x123.jpg\",\"datePublished\":\"2011-11-24T19:00:41+00:00\",\"dateModified\":\"2016-11-02T09:12:16+00:00\",\"author\":{\"@id\":\"https:\\\/\\\/www.mundi-roth.de\\\/teneriffa-blog\\\/#\\\/schema\\\/person\\\/604e0c55b3c3c17a246669bfcb6f1d9d\"},\"breadcrumb\":{\"@id\":\"https:\\\/\\\/www.mundi-roth.de\\\/teneriffa-blog\\\/wanderungen\\\/arona-%e2%80%93-refugio-%e2%80%93-roquede-imoque-%e2%80%93-roque-de-los-brezos-%e2%80%93-arona\\\/#breadcrumb\"},\"inLanguage\":\"de\",\"potentialAction\":[{\"@type\":\"ReadAction\",\"target\":[\"https:\\\/\\\/www.mundi-roth.de\\\/teneriffa-blog\\\/wanderungen\\\/arona-%e2%80%93-refugio-%e2%80%93-roquede-imoque-%e2%80%93-roque-de-los-brezos-%e2%80%93-arona\\\/\"]}]},{\"@type\":\"ImageObject\",\"inLanguage\":\"de\",\"@id\":\"https:\\\/\\\/www.mundi-roth.de\\\/teneriffa-blog\\\/wanderungen\\\/arona-%e2%80%93-refugio-%e2%80%93-roquede-imoque-%e2%80%93-roque-de-los-brezos-%e2%80%93-arona\\\/#primaryimage\",\"url\":\"https:\\\/\\\/www.mundi-roth.de\\\/teneriffa-blog\\\/wp-content\\\/uploads\\\/2011\\\/11\\\/Track5z1.jpg\",\"contentUrl\":\"https:\\\/\\\/www.mundi-roth.de\\\/teneriffa-blog\\\/wp-content\\\/uploads\\\/2011\\\/11\\\/Track5z1.jpg\",\"width\":\"339\",\"height\":\"280\"},{\"@type\":\"BreadcrumbList\",\"@id\":\"https:\\\/\\\/www.mundi-roth.de\\\/teneriffa-blog\\\/wanderungen\\\/arona-%e2%80%93-refugio-%e2%80%93-roquede-imoque-%e2%80%93-roque-de-los-brezos-%e2%80%93-arona\\\/#breadcrumb\",\"itemListElement\":[{\"@type\":\"ListItem\",\"position\":1,\"name\":\"Startseite\",\"item\":\"https:\\\/\\\/www.mundi-roth.de\\\/teneriffa-blog\\\/\"},{\"@type\":\"ListItem\",\"position\":2,\"name\":\"Arona \u2013 Refugio \u2013 Roque de Imoque \u2013 Roque de Los Brezos \u2013 Arona\"}]},{\"@type\":\"WebSite\",\"@id\":\"https:\\\/\\\/www.mundi-roth.de\\\/teneriffa-blog\\\/#website\",\"url\":\"https:\\\/\\\/www.mundi-roth.de\\\/teneriffa-blog\\\/\",\"name\":\"Teneriffa Wandern\",\"description\":\"Nicht nur Wanderungen auf Teneriffa...\",\"potentialAction\":[{\"@type\":\"SearchAction\",\"target\":{\"@type\":\"EntryPoint\",\"urlTemplate\":\"https:\\\/\\\/www.mundi-roth.de\\\/teneriffa-blog\\\/?s={search_term_string}\"},\"query-input\":{\"@type\":\"PropertyValueSpecification\",\"valueRequired\":true,\"valueName\":\"search_term_string\"}}],\"inLanguage\":\"de\"},{\"@type\":\"Person\",\"@id\":\"https:\\\/\\\/www.mundi-roth.de\\\/teneriffa-blog\\\/#\\\/schema\\\/person\\\/604e0c55b3c3c17a246669bfcb6f1d9d\",\"name\":\"mr\",\"image\":{\"@type\":\"ImageObject\",\"inLanguage\":\"de\",\"@id\":\"https:\\\/\\\/secure.gravatar.com\\\/avatar\\\/9a3c34f32a8cb6923297b48d58fb263210ea20a4049fc4d3ccb858ce00487957?s=96&d=mm&r=g\",\"url\":\"https:\\\/\\\/secure.gravatar.com\\\/avatar\\\/9a3c34f32a8cb6923297b48d58fb263210ea20a4049fc4d3ccb858ce00487957?s=96&d=mm&r=g\",\"contentUrl\":\"https:\\\/\\\/secure.gravatar.com\\\/avatar\\\/9a3c34f32a8cb6923297b48d58fb263210ea20a4049fc4d3ccb858ce00487957?s=96&d=mm&r=g\",\"caption\":\"mr\"},\"url\":\"https:\\\/\\\/www.mundi-roth.de\\\/teneriffa-blog\\\/author\\\/mr\\\/\"}]}<\/script>\n<!-- \/ Yoast SEO plugin. -->","yoast_head_json":{"title":"Arona \u2013 Refugio \u2013 Roque de Imoque \u2013 Roque de Los Brezos \u2013 Arona - Teneriffa Wandern","robots":{"index":"index","follow":"follow","max-snippet":"max-snippet:-1","max-image-preview":"max-image-preview:large","max-video-preview":"max-video-preview:-1"},"canonical":"https:\/\/www.mundi-roth.de\/teneriffa-blog\/wanderungen\/arona-\u2013-refugio-\u2013-roquede-imoque-\u2013-roque-de-los-brezos-\u2013-arona\/","twitter_misc":{"Verfasst von":"mr","Gesch\u00e4tzte Lesezeit":"7\u00a0Minuten"},"schema":{"@context":"https:\/\/schema.org","@graph":[{"@type":"Article","@id":"https:\/\/www.mundi-roth.de\/teneriffa-blog\/wanderungen\/arona-%e2%80%93-refugio-%e2%80%93-roquede-imoque-%e2%80%93-roque-de-los-brezos-%e2%80%93-arona\/#article","isPartOf":{"@id":"https:\/\/www.mundi-roth.de\/teneriffa-blog\/wanderungen\/arona-%e2%80%93-refugio-%e2%80%93-roquede-imoque-%e2%80%93-roque-de-los-brezos-%e2%80%93-arona\/"},"author":{"name":"mr","@id":"https:\/\/www.mundi-roth.de\/teneriffa-blog\/#\/schema\/person\/604e0c55b3c3c17a246669bfcb6f1d9d"},"headline":"Arona \u2013 Refugio \u2013 Roque de Imoque \u2013 Roque de Los Brezos \u2013 Arona","datePublished":"2011-11-24T19:00:41+00:00","dateModified":"2016-11-02T09:12:16+00:00","mainEntityOfPage":{"@id":"https:\/\/www.mundi-roth.de\/teneriffa-blog\/wanderungen\/arona-%e2%80%93-refugio-%e2%80%93-roquede-imoque-%e2%80%93-roque-de-los-brezos-%e2%80%93-arona\/"},"wordCount":1380,"commentCount":0,"image":{"@id":"https:\/\/www.mundi-roth.de\/teneriffa-blog\/wanderungen\/arona-%e2%80%93-refugio-%e2%80%93-roquede-imoque-%e2%80%93-roque-de-los-brezos-%e2%80%93-arona\/#primaryimage"},"thumbnailUrl":"http:\/\/www.mundi-roth.de\/teneriffa-blog\/wp-content\/uploads\/2011\/11\/Track5z1-150x123.jpg","keywords":["Arona","Barranco de Fa\u00f1ab\u00e9","Barranco del Anc\u00f3n","Barranco del Rey","Gabelige Leuchterblume","Ischasagua","Kanaren-Wolfsmilch","Monta\u00f1a Su\u00e1rez","Roque de Imoque","Roque de Los Brezos","Roque del Conde."],"articleSection":["Arona","Wanderungen"],"inLanguage":"de","potentialAction":[{"@type":"CommentAction","name":"Comment","target":["https:\/\/www.mundi-roth.de\/teneriffa-blog\/wanderungen\/arona-%e2%80%93-refugio-%e2%80%93-roquede-imoque-%e2%80%93-roque-de-los-brezos-%e2%80%93-arona\/#respond"]}]},{"@type":"WebPage","@id":"https:\/\/www.mundi-roth.de\/teneriffa-blog\/wanderungen\/arona-%e2%80%93-refugio-%e2%80%93-roquede-imoque-%e2%80%93-roque-de-los-brezos-%e2%80%93-arona\/","url":"https:\/\/www.mundi-roth.de\/teneriffa-blog\/wanderungen\/arona-%e2%80%93-refugio-%e2%80%93-roquede-imoque-%e2%80%93-roque-de-los-brezos-%e2%80%93-arona\/","name":"Arona \u2013 Refugio \u2013 Roque de Imoque \u2013 Roque de Los Brezos \u2013 Arona - Teneriffa Wandern","isPartOf":{"@id":"https:\/\/www.mundi-roth.de\/teneriffa-blog\/#website"},"primaryImageOfPage":{"@id":"https:\/\/www.mundi-roth.de\/teneriffa-blog\/wanderungen\/arona-%e2%80%93-refugio-%e2%80%93-roquede-imoque-%e2%80%93-roque-de-los-brezos-%e2%80%93-arona\/#primaryimage"},"image":{"@id":"https:\/\/www.mundi-roth.de\/teneriffa-blog\/wanderungen\/arona-%e2%80%93-refugio-%e2%80%93-roquede-imoque-%e2%80%93-roque-de-los-brezos-%e2%80%93-arona\/#primaryimage"},"thumbnailUrl":"http:\/\/www.mundi-roth.de\/teneriffa-blog\/wp-content\/uploads\/2011\/11\/Track5z1-150x123.jpg","datePublished":"2011-11-24T19:00:41+00:00","dateModified":"2016-11-02T09:12:16+00:00","author":{"@id":"https:\/\/www.mundi-roth.de\/teneriffa-blog\/#\/schema\/person\/604e0c55b3c3c17a246669bfcb6f1d9d"},"breadcrumb":{"@id":"https:\/\/www.mundi-roth.de\/teneriffa-blog\/wanderungen\/arona-%e2%80%93-refugio-%e2%80%93-roquede-imoque-%e2%80%93-roque-de-los-brezos-%e2%80%93-arona\/#breadcrumb"},"inLanguage":"de","potentialAction":[{"@type":"ReadAction","target":["https:\/\/www.mundi-roth.de\/teneriffa-blog\/wanderungen\/arona-%e2%80%93-refugio-%e2%80%93-roquede-imoque-%e2%80%93-roque-de-los-brezos-%e2%80%93-arona\/"]}]},{"@type":"ImageObject","inLanguage":"de","@id":"https:\/\/www.mundi-roth.de\/teneriffa-blog\/wanderungen\/arona-%e2%80%93-refugio-%e2%80%93-roquede-imoque-%e2%80%93-roque-de-los-brezos-%e2%80%93-arona\/#primaryimage","url":"https:\/\/www.mundi-roth.de\/teneriffa-blog\/wp-content\/uploads\/2011\/11\/Track5z1.jpg","contentUrl":"https:\/\/www.mundi-roth.de\/teneriffa-blog\/wp-content\/uploads\/2011\/11\/Track5z1.jpg","width":"339","height":"280"},{"@type":"BreadcrumbList","@id":"https:\/\/www.mundi-roth.de\/teneriffa-blog\/wanderungen\/arona-%e2%80%93-refugio-%e2%80%93-roquede-imoque-%e2%80%93-roque-de-los-brezos-%e2%80%93-arona\/#breadcrumb","itemListElement":[{"@type":"ListItem","position":1,"name":"Startseite","item":"https:\/\/www.mundi-roth.de\/teneriffa-blog\/"},{"@type":"ListItem","position":2,"name":"Arona \u2013 Refugio \u2013 Roque de Imoque \u2013 Roque de Los Brezos \u2013 Arona"}]},{"@type":"WebSite","@id":"https:\/\/www.mundi-roth.de\/teneriffa-blog\/#website","url":"https:\/\/www.mundi-roth.de\/teneriffa-blog\/","name":"Teneriffa Wandern","description":"Nicht nur Wanderungen auf Teneriffa...","potentialAction":[{"@type":"SearchAction","target":{"@type":"EntryPoint","urlTemplate":"https:\/\/www.mundi-roth.de\/teneriffa-blog\/?s={search_term_string}"},"query-input":{"@type":"PropertyValueSpecification","valueRequired":true,"valueName":"search_term_string"}}],"inLanguage":"de"},{"@type":"Person","@id":"https:\/\/www.mundi-roth.de\/teneriffa-blog\/#\/schema\/person\/604e0c55b3c3c17a246669bfcb6f1d9d","name":"mr","image":{"@type":"ImageObject","inLanguage":"de","@id":"https:\/\/secure.gravatar.com\/avatar\/9a3c34f32a8cb6923297b48d58fb263210ea20a4049fc4d3ccb858ce00487957?s=96&d=mm&r=g","url":"https:\/\/secure.gravatar.com\/avatar\/9a3c34f32a8cb6923297b48d58fb263210ea20a4049fc4d3ccb858ce00487957?s=96&d=mm&r=g","contentUrl":"https:\/\/secure.gravatar.com\/avatar\/9a3c34f32a8cb6923297b48d58fb263210ea20a4049fc4d3ccb858ce00487957?s=96&d=mm&r=g","caption":"mr"},"url":"https:\/\/www.mundi-roth.de\/teneriffa-blog\/author\/mr\/"}]}},"_links":{"self":[{"href":"https:\/\/www.mundi-roth.de\/teneriffa-blog\/wp-json\/wp\/v2\/posts\/1554","targetHints":{"allow":["GET"]}}],"collection":[{"href":"https:\/\/www.mundi-roth.de\/teneriffa-blog\/wp-json\/wp\/v2\/posts"}],"about":[{"href":"https:\/\/www.mundi-roth.de\/teneriffa-blog\/wp-json\/wp\/v2\/types\/post"}],"author":[{"embeddable":true,"href":"https:\/\/www.mundi-roth.de\/teneriffa-blog\/wp-json\/wp\/v2\/users\/2"}],"replies":[{"embeddable":true,"href":"https:\/\/www.mundi-roth.de\/teneriffa-blog\/wp-json\/wp\/v2\/comments?post=1554"}],"version-history":[{"count":0,"href":"https:\/\/www.mundi-roth.de\/teneriffa-blog\/wp-json\/wp\/v2\/posts\/1554\/revisions"}],"wp:attachment":[{"href":"https:\/\/www.mundi-roth.de\/teneriffa-blog\/wp-json\/wp\/v2\/media?parent=1554"}],"wp:term":[{"taxonomy":"category","embeddable":true,"href":"https:\/\/www.mundi-roth.de\/teneriffa-blog\/wp-json\/wp\/v2\/categories?post=1554"},{"taxonomy":"post_tag","embeddable":true,"href":"https:\/\/www.mundi-roth.de\/teneriffa-blog\/wp-json\/wp\/v2\/tags?post=1554"}],"curies":[{"name":"wp","href":"https:\/\/api.w.org\/{rel}","templated":true}]}}