{"id":1585,"date":"2011-12-01T20:00:31","date_gmt":"2011-12-01T19:00:31","guid":{"rendered":"http:\/\/www.mundi-roth.de\/teneriffa-blog\/?p=1585"},"modified":"2015-04-09T15:08:36","modified_gmt":"2015-04-09T14:08:36","slug":"erjos-%e2%80%93-los-silos","status":"publish","type":"post","link":"https:\/\/www.mundi-roth.de\/teneriffa-blog\/wanderungen\/erjos-%e2%80%93-los-silos\/","title":{"rendered":"Erjos \u2013 Los Silos"},"content":{"rendered":"<p><strong>Ich muss vorsichtiger werden mit der Vergabe von Superlativen!<\/strong><a href=\"http:\/\/www.mundi-roth.de\/teneriffa-blog\/wp-content\/uploads\/2011\/12\/Karte02a.jpg\" rel=\"lightbox[1585]\"><img loading=\"lazy\" decoding=\"async\" class=\"alignright size-thumbnail wp-image-1589\" title=\"Karte02a\" src=\"http:\/\/www.mundi-roth.de\/teneriffa-blog\/wp-content\/uploads\/2011\/12\/Karte02a-150x124.jpg\" alt=\"\" width=\"150\" height=\"124\" srcset=\"https:\/\/www.mundi-roth.de\/teneriffa-blog\/wp-content\/uploads\/2011\/12\/Karte02a-150x124.jpg 150w, https:\/\/www.mundi-roth.de\/teneriffa-blog\/wp-content\/uploads\/2011\/12\/Karte02a-300x248.jpg 300w, https:\/\/www.mundi-roth.de\/teneriffa-blog\/wp-content\/uploads\/2011\/12\/Karte02a.jpg 600w\" sizes=\"auto, (max-width: 150px) 100vw, 150px\" \/><\/a><br \/>\n<strong> Bei fast jeder Tour denken Elisabeth und ich \u2013 wie zum Beispiel von <a href=\"http:\/\/www.mundi-roth.de\/teneriffa-blog\/wanderungen\/cruz-del-carmen-%e2%80%93-punta-del-hidalgo\/\">Cruz del Carmen nach Punta de Hidalgo<\/a> \u2013 das ist an Sch\u00f6nheit nicht mehr zu toppen, jedoch wir werden immer wieder eines Besseren belehrt.<\/strong><br \/>\n<strong> So bei dieser Tour von Erjos nach Los Silos !<\/strong><\/p>\n<p><strong>Wanderwegstrecke &#8211; 950 H\u00f6henmeter bergab:<\/strong><\/p>\n<p>Gut 2 Stunden &#8211; ohne Pause<\/p>\n<p>Mit dem Bus fuhren wir\u00a0 um 09:35 bis Erjos, Haltestelle bei der Kirche. 10.40 Uhr kommen wir an und nachdem wir uns etwas orientiert haben, wenden wir uns von der Haltestelle Richtung Kirchlein und dort zeigen uns schon die Wegweiser an: <a href=\"http:\/\/www.mundi-roth.de\/teneriffa-blog\/wp-content\/uploads\/2011\/12\/P1030763a1.jpg\" rel=\"lightbox[1585]\"><img loading=\"lazy\" decoding=\"async\" class=\"alignleft size-thumbnail wp-image-1588\" title=\"P1030763a\" src=\"http:\/\/www.mundi-roth.de\/teneriffa-blog\/wp-content\/uploads\/2011\/12\/P1030763a1-150x103.jpg\" alt=\"\" width=\"150\" height=\"103\" srcset=\"https:\/\/www.mundi-roth.de\/teneriffa-blog\/wp-content\/uploads\/2011\/12\/P1030763a1-150x103.jpg 150w, https:\/\/www.mundi-roth.de\/teneriffa-blog\/wp-content\/uploads\/2011\/12\/P1030763a1-300x207.jpg 300w, https:\/\/www.mundi-roth.de\/teneriffa-blog\/wp-content\/uploads\/2011\/12\/P1030763a1.jpg 600w\" sizes=\"auto, (max-width: 150px) 100vw, 150px\" \/><\/a>hier geht es runter.<br \/>\nEinige, wenige Meter auf Asphalt. Gleich an der Ecke so etwas <a href=\"http:\/\/www.mundi-roth.de\/teneriffa-blog\/wp-content\/uploads\/2011\/12\/P10307641.jpg\" rel=\"lightbox[1585]\"><img loading=\"lazy\" decoding=\"async\" class=\"alignright size-thumbnail wp-image-1591\" title=\"P1030764\" src=\"http:\/\/www.mundi-roth.de\/teneriffa-blog\/wp-content\/uploads\/2011\/12\/P10307641-150x130.jpg\" alt=\"\" width=\"150\" height=\"130\" srcset=\"https:\/\/www.mundi-roth.de\/teneriffa-blog\/wp-content\/uploads\/2011\/12\/P10307641-150x130.jpg 150w, https:\/\/www.mundi-roth.de\/teneriffa-blog\/wp-content\/uploads\/2011\/12\/P10307641-300x261.jpg 300w, https:\/\/www.mundi-roth.de\/teneriffa-blog\/wp-content\/uploads\/2011\/12\/P10307641.jpg 445w\" sizes=\"auto, (max-width: 150px) 100vw, 150px\" \/><\/a>Romantisches:<br \/>\nEin altes Haus mit einer alten Dame mit Strohhut davor. Ich darf sie fotografieren, sie setzt sich in Positur und w\u00fcnscht uns noch \u201ebuena suerte\u201c, viel Gl\u00fcck.<\/p>\n<p>N\u00e4chster Hinweis:\u201c5,5 km Los Silos, 3 km Cuevas Negras, Weg: PF-TF 53\u201c\u00a0 rechts ab und schon befinden wir uns auf dem <a href=\"http:\/\/www.mundi-roth.de\/teneriffa-blog\/wp-content\/uploads\/2011\/12\/P1030768.jpg\" rel=\"lightbox[1585]\"><img loading=\"lazy\" decoding=\"async\" class=\"alignleft size-thumbnail wp-image-1592\" title=\"P1030768\" src=\"http:\/\/www.mundi-roth.de\/teneriffa-blog\/wp-content\/uploads\/2011\/12\/P1030768-150x112.jpg\" alt=\"\" width=\"150\" height=\"112\" srcset=\"https:\/\/www.mundi-roth.de\/teneriffa-blog\/wp-content\/uploads\/2011\/12\/P1030768-150x112.jpg 150w, https:\/\/www.mundi-roth.de\/teneriffa-blog\/wp-content\/uploads\/2011\/12\/P1030768-300x225.jpg 300w, https:\/\/www.mundi-roth.de\/teneriffa-blog\/wp-content\/uploads\/2011\/12\/P1030768.jpg 600w\" sizes=\"auto, (max-width: 150px) 100vw, 150px\" \/><\/a>jahrhundertealten Weg, dem ehemaligen \u201ecamino real\u201c. Er stellte fr\u00fcher die Verbindung von Puerto de Santiago \u00fcber Erjos nach Los Silos und Garachico dar. An einer idyllischen Tasca vorbei wandern wir auf groben Pflastersteinen und haben bereits von hier einen Blick auf\u2019s Meer.<\/p>\n<p>Der Pfad ist sehr schmal, geht steil bergab und ist ges\u00e4umt von Lorbeer- und Erikab\u00e4umen mit Flechten behangen, einem ehemaligen gemauerten<a href=\"http:\/\/www.mundi-roth.de\/teneriffa-blog\/wp-content\/uploads\/2011\/12\/P1030773.jpg\" rel=\"lightbox[1585]\"><img loading=\"lazy\" decoding=\"async\" class=\"alignright size-thumbnail wp-image-1593\" title=\"P1030773\" src=\"http:\/\/www.mundi-roth.de\/teneriffa-blog\/wp-content\/uploads\/2011\/12\/P1030773-112x150.jpg\" alt=\"\" width=\"112\" height=\"150\" srcset=\"https:\/\/www.mundi-roth.de\/teneriffa-blog\/wp-content\/uploads\/2011\/12\/P1030773-112x150.jpg 112w, https:\/\/www.mundi-roth.de\/teneriffa-blog\/wp-content\/uploads\/2011\/12\/P1030773-225x300.jpg 225w, https:\/\/www.mundi-roth.de\/teneriffa-blog\/wp-content\/uploads\/2011\/12\/P1030773.jpg 450w\" sizes=\"auto, (max-width: 112px) 100vw, 112px\" \/><\/a> Wasserkanal, der nunmehr moos-ummantelt ist und eine Wasserleitung neueren Datums verbirgt. Farne in vielfaltiger Art und Aeonien setzen <a href=\"http:\/\/www.mundi-roth.de\/teneriffa-blog\/wp-content\/uploads\/2011\/12\/P1030779.jpg\" rel=\"lightbox[1585]\"><img loading=\"lazy\" decoding=\"async\" class=\"alignleft size-thumbnail wp-image-1606\" title=\"P1030779\" src=\"http:\/\/www.mundi-roth.de\/teneriffa-blog\/wp-content\/uploads\/2011\/12\/P1030779-150x120.jpg\" alt=\"\" width=\"150\" height=\"120\" srcset=\"https:\/\/www.mundi-roth.de\/teneriffa-blog\/wp-content\/uploads\/2011\/12\/P1030779-150x120.jpg 150w, https:\/\/www.mundi-roth.de\/teneriffa-blog\/wp-content\/uploads\/2011\/12\/P1030779-300x240.jpg 300w, https:\/\/www.mundi-roth.de\/teneriffa-blog\/wp-content\/uploads\/2011\/12\/P1030779.jpg 380w\" sizes=\"auto, (max-width: 150px) 100vw, 150px\" \/><\/a>Akzente und vereinzelt leuchten noch die Bl\u00fcten der kanarischen Glockenblume. Und zu alle dem noch das Sonnenspiel, es ist wundersch\u00f6n.<\/p>\n<p>Wir haben traumhaftes Wetter. Noch nicht einmal ein Fotografier-W\u00f6lkchen ist am Himmel. Also f\u00fcr diese Tour, in dieser Gegend, einfach ideal. Bei Feuchtigkeit ist der steile, steinige Weg sicher gef\u00e4hrlich.<\/p>\n<p>Nach 40 Minuten passieren wir linker Hand ein leerstehendes Haus und eine Stunde sp\u00e4ter rechter Hand ein verfallenes Geb\u00e4ude und links ein brombeerumranktes H\u00e4uschen.<\/p>\n<p style=\"text-align: left;\"><a href=\"http:\/\/www.mundi-roth.de\/teneriffa-blog\/wp-content\/uploads\/2011\/12\/P1030780.jpg\" rel=\"lightbox[1585]\"><img loading=\"lazy\" decoding=\"async\" class=\"alignleft size-thumbnail wp-image-1594\" title=\"P1030780\" src=\"http:\/\/www.mundi-roth.de\/teneriffa-blog\/wp-content\/uploads\/2011\/12\/P1030780-150x112.jpg\" alt=\"\" width=\"150\" height=\"112\" srcset=\"https:\/\/www.mundi-roth.de\/teneriffa-blog\/wp-content\/uploads\/2011\/12\/P1030780-150x112.jpg 150w, https:\/\/www.mundi-roth.de\/teneriffa-blog\/wp-content\/uploads\/2011\/12\/P1030780-300x225.jpg 300w, https:\/\/www.mundi-roth.de\/teneriffa-blog\/wp-content\/uploads\/2011\/12\/P1030780.jpg 600w\" sizes=\"auto, (max-width: 150px) 100vw, 150px\" \/><\/a><a href=\"http:\/\/www.mundi-roth.de\/teneriffa-blog\/wp-content\/uploads\/2011\/12\/P1030785.jpg\" rel=\"lightbox[1585]\"><img loading=\"lazy\" decoding=\"async\" class=\"aligncenter size-thumbnail wp-image-1595\" title=\"P1030785\" src=\"http:\/\/www.mundi-roth.de\/teneriffa-blog\/wp-content\/uploads\/2011\/12\/P1030785-150x112.jpg\" alt=\"\" width=\"150\" height=\"112\" srcset=\"https:\/\/www.mundi-roth.de\/teneriffa-blog\/wp-content\/uploads\/2011\/12\/P1030785-150x112.jpg 150w, https:\/\/www.mundi-roth.de\/teneriffa-blog\/wp-content\/uploads\/2011\/12\/P1030785-300x225.jpg 300w, https:\/\/www.mundi-roth.de\/teneriffa-blog\/wp-content\/uploads\/2011\/12\/P1030785.jpg 600w\" sizes=\"auto, (max-width: 150px) 100vw, 150px\" \/><\/a><br \/>\nHier gibt es Erholung f\u00fcr die Knie, der Saumpfad ist etwas flacher und steinlos.<br \/>\nWir befinden uns nun in dem ehemaligen \u201eD\u00f6rfchen\u201c Cuevas Negras, das in den 50er Jahren <a href=\"http:\/\/www.mundi-roth.de\/teneriffa-blog\/wp-content\/uploads\/2011\/12\/P1030777.jpg\" rel=\"lightbox[1585]\"><img loading=\"lazy\" decoding=\"async\" class=\"alignleft size-thumbnail wp-image-1608\" title=\"P1030777\" src=\"http:\/\/www.mundi-roth.de\/teneriffa-blog\/wp-content\/uploads\/2011\/12\/P1030777-112x150.jpg\" alt=\"\" width=\"112\" height=\"150\" srcset=\"https:\/\/www.mundi-roth.de\/teneriffa-blog\/wp-content\/uploads\/2011\/12\/P1030777-112x150.jpg 112w, https:\/\/www.mundi-roth.de\/teneriffa-blog\/wp-content\/uploads\/2011\/12\/P1030777-225x300.jpg 225w, https:\/\/www.mundi-roth.de\/teneriffa-blog\/wp-content\/uploads\/2011\/12\/P1030777.jpg 450w\" sizes=\"auto, (max-width: 112px) 100vw, 112px\" \/><\/a>noch mehr als 60 Einwohner hatte. Hier finden wir auch eine uns bisher unbekannte bl\u00fchende Pflanze, die wir mit Hilfe von Se\u00f1or\u00a0Enrique Castrillo N\u00fa\u00f1ez als eine Fuchsie\u00a0(Fuchsia fulgens) identifieren konnten.<\/p>\n<p>Jedoch nach dieser verlassenen Siedlung \u2013 die wohl zwischenzeitlich auch mal von Aussteigern bev\u00f6lkert wurde &#8211; geht es wieder- wie gehabt, steil, steinig, felsig, bergab.<\/p>\n<p>Bald darauf wird rechter Hand auf die Abzweigung zur \u201eTierra de Trigo\u201c hingewiesen, unser Ziel ist jedoch Los Silos, noch 2,7 km.<\/p>\n<p>Und weiter geht es diesen zauberhaften Weg weiter. Unser Blick geht geradeaus auf die au\u00dferordentlichen, imposanten\u00a0 Schluchtw\u00e4nde von Cuevas Negras und links in die sagenhafte Tiefe des Barrancos de Cuevas Negras.<\/p>\n<p><a href=\"http:\/\/www.mundi-roth.de\/teneriffa-blog\/wp-content\/uploads\/2011\/12\/P1030787.jpg\" rel=\"lightbox[1585]\"><img loading=\"lazy\" decoding=\"async\" class=\"alignleft size-thumbnail wp-image-1596\" title=\"P1030787\" src=\"http:\/\/www.mundi-roth.de\/teneriffa-blog\/wp-content\/uploads\/2011\/12\/P1030787-150x112.jpg\" alt=\"\" width=\"150\" height=\"112\" srcset=\"https:\/\/www.mundi-roth.de\/teneriffa-blog\/wp-content\/uploads\/2011\/12\/P1030787-150x112.jpg 150w, https:\/\/www.mundi-roth.de\/teneriffa-blog\/wp-content\/uploads\/2011\/12\/P1030787-300x225.jpg 300w, https:\/\/www.mundi-roth.de\/teneriffa-blog\/wp-content\/uploads\/2011\/12\/P1030787.jpg 600w\" sizes=\"auto, (max-width: 150px) 100vw, 150px\" \/><\/a><a href=\"http:\/\/www.mundi-roth.de\/teneriffa-blog\/wp-content\/uploads\/2011\/12\/P1030795.jpg\" rel=\"lightbox[1585]\"><img loading=\"lazy\" decoding=\"async\" class=\"aligncenter size-thumbnail wp-image-1597\" title=\"P1030795\" src=\"http:\/\/www.mundi-roth.de\/teneriffa-blog\/wp-content\/uploads\/2011\/12\/P1030795-150x112.jpg\" alt=\"\" width=\"150\" height=\"112\" srcset=\"https:\/\/www.mundi-roth.de\/teneriffa-blog\/wp-content\/uploads\/2011\/12\/P1030795-150x112.jpg 150w, https:\/\/www.mundi-roth.de\/teneriffa-blog\/wp-content\/uploads\/2011\/12\/P1030795-300x225.jpg 300w, https:\/\/www.mundi-roth.de\/teneriffa-blog\/wp-content\/uploads\/2011\/12\/P1030795.jpg 600w\" sizes=\"auto, (max-width: 150px) 100vw, 150px\" \/><\/a><br \/>\nUnterwegs beobachten wir ein Rotkehlchen &#8211; es l\u00e4sst sich aber nicht fotografieren.<br \/>\nEin St\u00fcck des Weges umschwirrt uns ein wundersch\u00f6nes Exemplar des Schmetterlings \u201eMonarch\u201c.<br \/>\nAus einem uralten Baum h\u00f6ren wir Vogelgezwitscher, dazu Sonne auf der Haut.<a href=\"http:\/\/www.mundi-roth.de\/teneriffa-blog\/wp-content\/uploads\/2011\/12\/P1030784.jpg\" rel=\"lightbox[1585]\"><img loading=\"lazy\" decoding=\"async\" class=\"alignright size-thumbnail wp-image-1598\" title=\"P1030784\" src=\"http:\/\/www.mundi-roth.de\/teneriffa-blog\/wp-content\/uploads\/2011\/12\/P1030784-112x150.jpg\" alt=\"\" width=\"112\" height=\"150\" srcset=\"https:\/\/www.mundi-roth.de\/teneriffa-blog\/wp-content\/uploads\/2011\/12\/P1030784-112x150.jpg 112w, https:\/\/www.mundi-roth.de\/teneriffa-blog\/wp-content\/uploads\/2011\/12\/P1030784-225x300.jpg 225w, https:\/\/www.mundi-roth.de\/teneriffa-blog\/wp-content\/uploads\/2011\/12\/P1030784.jpg 450w\" sizes=\"auto, (max-width: 112px) 100vw, 112px\" \/><\/a><br \/>\nUns geht es gut!<\/p>\n<p>Um \u00bd 1 Uhr gelangen wir wieder in noch heute landwirtschaftlich <a href=\"http:\/\/www.mundi-roth.de\/teneriffa-blog\/wp-content\/uploads\/2011\/12\/P1030805.jpg\" rel=\"lightbox[1585]\"><img loading=\"lazy\" decoding=\"async\" class=\"alignleft size-thumbnail wp-image-1599\" title=\"P1030805\" src=\"http:\/\/www.mundi-roth.de\/teneriffa-blog\/wp-content\/uploads\/2011\/12\/P1030805-150x112.jpg\" alt=\"\" width=\"150\" height=\"112\" srcset=\"https:\/\/www.mundi-roth.de\/teneriffa-blog\/wp-content\/uploads\/2011\/12\/P1030805-150x112.jpg 150w, https:\/\/www.mundi-roth.de\/teneriffa-blog\/wp-content\/uploads\/2011\/12\/P1030805-300x225.jpg 300w, https:\/\/www.mundi-roth.de\/teneriffa-blog\/wp-content\/uploads\/2011\/12\/P1030805.jpg 600w\" sizes=\"auto, (max-width: 150px) 100vw, 150px\" \/><\/a>genutzte Gebiete.<br \/>\nHier hat sich auch ein Bio-Fr\u00fcchtegarten angesiedelt, der von Montag\u00a0 bis Freitag von 14 bis 17 Uhr ge\u00f6ffnet hat. Dies passt aber nicht in unseren Zeitplan und so bleibt uns der Blick auf exotischen B\u00e4ume verwehrt.<\/p>\n<p><a href=\"http:\/\/www.mundi-roth.de\/teneriffa-blog\/wp-content\/uploads\/2011\/12\/P1030806.jpg\" rel=\"lightbox[1585]\"><img loading=\"lazy\" decoding=\"async\" class=\"alignleft size-thumbnail wp-image-1600\" title=\"P1030806\" src=\"http:\/\/www.mundi-roth.de\/teneriffa-blog\/wp-content\/uploads\/2011\/12\/P1030806-150x112.jpg\" alt=\"\" width=\"150\" height=\"112\" srcset=\"https:\/\/www.mundi-roth.de\/teneriffa-blog\/wp-content\/uploads\/2011\/12\/P1030806-150x112.jpg 150w, https:\/\/www.mundi-roth.de\/teneriffa-blog\/wp-content\/uploads\/2011\/12\/P1030806-300x225.jpg 300w, https:\/\/www.mundi-roth.de\/teneriffa-blog\/wp-content\/uploads\/2011\/12\/P1030806.jpg 600w\" sizes=\"auto, (max-width: 150px) 100vw, 150px\" \/><\/a>An Bananenplantagen vorbei wandern wir z\u00fcgig weiter.<\/p>\n<p>Nach ziemlich genau 2 Stunden passieren wir eine kleine Br\u00fccke. Kaum f\u00fcnf\u00a0 Minuten sp\u00e4ter gehen wir durch \u201ediese hohle Gasse\u201c. <a href=\"http:\/\/www.mundi-roth.de\/teneriffa-blog\/wp-content\/uploads\/2011\/12\/P1030807.jpg\" rel=\"lightbox[1585]\"><img loading=\"lazy\" decoding=\"async\" class=\"alignright size-thumbnail wp-image-1601\" title=\"P1030807\" src=\"http:\/\/www.mundi-roth.de\/teneriffa-blog\/wp-content\/uploads\/2011\/12\/P1030807-112x150.jpg\" alt=\"\" width=\"112\" height=\"150\" srcset=\"https:\/\/www.mundi-roth.de\/teneriffa-blog\/wp-content\/uploads\/2011\/12\/P1030807-112x150.jpg 112w, https:\/\/www.mundi-roth.de\/teneriffa-blog\/wp-content\/uploads\/2011\/12\/P1030807-225x300.jpg 225w, https:\/\/www.mundi-roth.de\/teneriffa-blog\/wp-content\/uploads\/2011\/12\/P1030807.jpg 450w\" sizes=\"auto, (max-width: 112px) 100vw, 112px\" \/><\/a>Rechter Hand eine h\u00e4ssliche Betonwand, links dagegen eine Mauer bl\u00fcten\u00fcbers\u00e4t von Buganville und der Gro\u00dfbl\u00fctigen Himmelsblume&#8220; (Thunbergia grandiflora), <a href=\"http:\/\/www.mundi-roth.de\/teneriffa-blog\/wp-content\/uploads\/2011\/12\/P1030808.jpg\" rel=\"lightbox[1585]\"><img loading=\"lazy\" decoding=\"async\" class=\"alignleft size-thumbnail wp-image-1602\" title=\"P1030808\" src=\"http:\/\/www.mundi-roth.de\/teneriffa-blog\/wp-content\/uploads\/2011\/12\/P1030808-112x150.jpg\" alt=\"\" width=\"112\" height=\"150\" srcset=\"https:\/\/www.mundi-roth.de\/teneriffa-blog\/wp-content\/uploads\/2011\/12\/P1030808-112x150.jpg 112w, https:\/\/www.mundi-roth.de\/teneriffa-blog\/wp-content\/uploads\/2011\/12\/P1030808-225x300.jpg 225w, https:\/\/www.mundi-roth.de\/teneriffa-blog\/wp-content\/uploads\/2011\/12\/P1030808.jpg 450w\" sizes=\"auto, (max-width: 112px) 100vw, 112px\" \/><\/a>was das Ganze mildert. Die Gasse geht direkt in die Calle Susana \u00fcber, die uns zum Ortskern von Los Silos f\u00fchrt.<\/p>\n<p>Links sehen wir den Abzweig \u201eErjos 11,1km, Las Moradas 1,9 km, PR TF 54\u201c.<br \/>\nDiesen Weg behalten wir im Hinterkopf f\u00fcr\u2019s Fr\u00fchjahr, wenn die Bl\u00fctezeit der kanarischen Glockenblume gekommen ist.<br \/>\nVor vielen Jahren bin ich diese Tour bergab schon einmal mit Familie \u2013 Enkelt\u00f6chterchen noch im Tragetuch \u2013 gegangen.<\/p>\n<p>12.50 Uhr erreichen wir den Dorfplatz, die Plaza de la Luz.<br \/>\nUnser erster Weg ist erst mal wieder zum Tourismusb\u00fcro, das im ehemaligen Konvent San Bernardo, (1649) untergebracht ist.<br \/>\nUnterwegs sahen wir an verschiedenen Stellen Nummern, so wie damals bei der Wanderung <a href=\"http:\/\/www.mundi-roth.de\/teneriffa-blog\/wanderungen\/vilaflor-%e2%80%93-paisaje-lunar-mondlandschaft-%e2%80%93-vilaflor\/\">Paisaje Lunar<\/a> und fragten nach <a href=\"http:\/\/www.mundi-roth.de\/teneriffa-blog\/wanderungen\/vilaflor-%e2%80%93-paisaje-lunar-%e2%80%93-vilaflor-erganzung\/\">Erkl\u00e4rungen<\/a>. Da der gute Mann vom Tourismusb\u00fcro nur eine Brosch\u00fcre zum Ausleihen hat, baten wir ihn, ob er uns, gegen Kostenerstattung, eine Kopie machen k\u00f6nnte. Er war so freundlich.<br \/>\nZudem konnte er uns sagen, dass der n\u00e4chste Bus nach Icod de los Vinos um 13.35 Uhr an der Durchgangsstra\u00dfe abgeht.<br \/>\n<a href=\"http:\/\/www.mundi-roth.de\/teneriffa-blog\/wp-content\/uploads\/2011\/12\/P1030817.jpg\" rel=\"lightbox[1585]\"><img loading=\"lazy\" decoding=\"async\" class=\"alignleft size-thumbnail wp-image-1604\" title=\"P1030817\" src=\"http:\/\/www.mundi-roth.de\/teneriffa-blog\/wp-content\/uploads\/2011\/12\/P1030817-112x150.jpg\" alt=\"\" width=\"112\" height=\"150\" srcset=\"https:\/\/www.mundi-roth.de\/teneriffa-blog\/wp-content\/uploads\/2011\/12\/P1030817-112x150.jpg 112w, https:\/\/www.mundi-roth.de\/teneriffa-blog\/wp-content\/uploads\/2011\/12\/P1030817-225x300.jpg 225w, https:\/\/www.mundi-roth.de\/teneriffa-blog\/wp-content\/uploads\/2011\/12\/P1030817.jpg 450w\" sizes=\"auto, (max-width: 112px) 100vw, 112px\" \/><\/a>Uns blieb noch Zeit auf der h\u00fcbschen Plaza am Pavillon einen Caf\u00e9 zu trinken und die umliegenden Geb\u00e4ude mit den typischen Holzbalkonen, das Rathaus und die wei\u00df-get\u00fcnchte Kirche im Zuckerb\u00e4ckerstil in Augenschein zu nehmen.<br \/>\nEindruck: Ein h\u00fcbscher, beschaulicher Ort.<\/p>\n<p style=\"text-align: center;\"><a href=\"http:\/\/www.mundi-roth.de\/teneriffa-blog\/wp-content\/uploads\/2011\/12\/P1030818.jpg\" rel=\"lightbox[1585]\"><img loading=\"lazy\" decoding=\"async\" class=\"alignleft size-thumbnail wp-image-1603\" title=\"P1030818\" src=\"http:\/\/www.mundi-roth.de\/teneriffa-blog\/wp-content\/uploads\/2011\/12\/P1030818-150x112.jpg\" alt=\"\" width=\"150\" height=\"112\" srcset=\"https:\/\/www.mundi-roth.de\/teneriffa-blog\/wp-content\/uploads\/2011\/12\/P1030818-150x112.jpg 150w, https:\/\/www.mundi-roth.de\/teneriffa-blog\/wp-content\/uploads\/2011\/12\/P1030818-300x225.jpg 300w, https:\/\/www.mundi-roth.de\/teneriffa-blog\/wp-content\/uploads\/2011\/12\/P1030818.jpg 600w\" sizes=\"auto, (max-width: 150px) 100vw, 150px\" \/><\/a><a href=\"http:\/\/www.mundi-roth.de\/teneriffa-blog\/wp-content\/uploads\/2011\/12\/P1030816.jpg\" rel=\"lightbox[1585]\"><img loading=\"lazy\" decoding=\"async\" class=\"aligncenter size-thumbnail wp-image-1605\" title=\"P1030816\" src=\"http:\/\/www.mundi-roth.de\/teneriffa-blog\/wp-content\/uploads\/2011\/12\/P1030816-112x150.jpg\" alt=\"\" width=\"112\" height=\"150\" srcset=\"https:\/\/www.mundi-roth.de\/teneriffa-blog\/wp-content\/uploads\/2011\/12\/P1030816-112x150.jpg 112w, https:\/\/www.mundi-roth.de\/teneriffa-blog\/wp-content\/uploads\/2011\/12\/P1030816-225x300.jpg 225w, https:\/\/www.mundi-roth.de\/teneriffa-blog\/wp-content\/uploads\/2011\/12\/P1030816.jpg 450w\" sizes=\"auto, (max-width: 112px) 100vw, 112px\" \/><\/a><strong>Fazit:<\/strong><br \/>\nEine malerische, wundersch\u00f6ne Wanderung im Naturpark des Teno-Gebirges, f\u00fcr die man jedoch unbedingt Kniegelenke haben sollte, die so schnell nichts \u00fcbel nehmen.<br \/>\nWie hei\u00dft es im Prospekt der Regierung von Teneriffa?<br \/>\n\u201eSie k\u00f6nnen die Sch\u00f6nheit und die \u00dcppigkeit der Vegetation des Monteverde genie\u00dfen. Auf diesem Camino Real k\u00f6nnen Sie die Vegetation entdecken, die einst in diesem Zauberwald gedieh und die gegenw\u00e4rtig daf\u00fcr k\u00e4mpft, ihren Platz wieder zu erobern.\u201c<\/p>\n<p><strong>Anfahrt:<\/strong><br \/>\n9.35 Uhr mit Linie 460 ab Busbahnhof Playas de las Am\u00e9ricas bis Erjos-Iglesia<br \/>\nR\u00fcckfahrt:<br \/>\nMit Linie 363 oder 368 bis Icod de los Vinos, dort in den Bus Linie 460 umsteigen und zur\u00fcck bis Busbahnhof Playas de las Am\u00e9ricas.<\/p>\n<p><strong>Besonderheit:<\/strong><br \/>\nZu den unterwegs gesehen Nummern kann ich nunmehr, nachdem wir die Unterlagen in Los Silos bekommen haben, auszugsweise ausf\u00fchren:<\/p>\n<p><strong>1.) Ein Weg mit einer jahrhundertelangen Geschichte<\/strong>. Hierzu wird ausgef\u00fchrt, dass der \u201ccamino real\u201c, wie wir ja schon wissen, ein ehemaliger Handelsweg war und es den Ureinwohnern erm\u00f6glichte, auch mit ihren Lasttieren den Transport vielf\u00e4ltiger Waren f\u00fcr den n\u00f6tigen Tauschhandel zu transportieren. Erjos beteiligte sich an diesem Handel mit seinem hervorragenden Weizen und den Kartoffeln, aber auch mit Holzwerkzeugen und pflanzlicher Kohle, die die Bev\u00f6lkerung dank der nahen Feucht- und Kiefernw\u00e4lder herstellen konnte.<br \/>\n<strong>2.) Eingef\u00fchrte Pflanzen.<\/strong> Einige, vom Menschen eingef\u00fchrte Pflanzen f\u00fchlen sich hier wie zu Hause. Hier wird besonders auf die Monterey-Kiefern eingegangen, sowie auf Stechginster<br \/>\n<strong> 3.) Dort, wo der Wald sein Herrschaftsgebiet zur\u00fcckerobert hat<\/strong>.\u00a0 Langsam bedeckt die urspr\u00fcngliche Vegetation die verlassenen Felder. K\u00f6nnen Sie sich vorstellen, wie diese Schlucht vor kaum 50 Jahren mit fruchtbaren Feldern ausgesehen hat? Wie \u00fcberraschend schnell nehmen die B\u00e4ume wieder Besitz von ihrem ehemaligen Lebensraum, der Gagelbaum, die Baumheide, der Steife Schneeball, der Kanaren Lorbeer und der \u201ePalo blanco\u201c Hohe Picconie. Interessant ist: \u201eBeim Weiterwandern durchqueren Sie einige Wegabschnitte mit einer nat\u00fcrlichen Pflasterung. Tats\u00e4chlich gehen Sie auf einem Lavastrom, der seinen Ursprung vor beinahe einer Million Jahren im Vulkan Monta\u00f1a del Viento in Erjos hat. Dieser Lavastrom diente der alten Schlucht als \u201eBahn\u201c, obwohl er heute durch Vegetation verborgen liegt.<br \/>\n<strong>4.) Auf der Suche nach den Spuren einer reichen Vergangenheit.<\/strong> Der Weiler von Cuevas Negras, den Sie eben durchquert haben, hatte in den 50er Jahren mehr als 60 Einwohner. Don Fernando Gonz\u00e1les Meneses ist hier geboren worden und mit seinen stattlichen siebzig Jahren steigt er immer noch den steilen Hang hinauf, um nach seinem Kartoffelfeld zu schauen.<br \/>\n<strong>5.) Die Landschaft ver\u00e4ndert sich weiter.<\/strong> Die jungen Barbusano-Gew\u00e4chse sind die Vorl\u00e4ufer des Waldes, der sein Gebiet wiedererobert, da sie weder f\u00fcr Tierfutter noch zur Holzgewinnung verwendet werden, k\u00f6nnen sie wieder gefahrlos wachsen. In der Talsohle wimmelt es von Leben, das von der Feuchtigkeit angezogen worden ist. Die Lorbeertauben sind hier viel weniger scheu und gurren im Ge\u00e4st. Begleitet werden sie vom scharfen Piepsen der Amseln und dem Zwitschern anderer V\u00f6gel, wie der Teneriffa-Blaumeise, dem Kanarienvogel und der Grasm\u00fccken.<br \/>\n<strong>6.) Jahrmillionen schaffen eine Torte.<\/strong> Die dunklen Schluchtw\u00e4nde lassen den Blick in ihr Inneres zu. Die senkrechten Schluchtw\u00e4nde ragen \u00fcber den Weg empor. Sie entstanden in einer Zeitspanne von mehr als einer Million Jahren aufgrund verschiedener vulkanischer Ausbr\u00fcche. Das Wasser hat die Felsenw\u00e4nde geduldig geformt und das Erdinnere freigelegt. Nun \u00e4hneln die W\u00e4nde einer Torte mit seinen verschiedenen Schichten und F\u00fcllungen. Diese vulkanischen Schichten sind unterschiedlich beschaffen und auch nicht gleich hart. Deshalb hat sie die Erosion verschiedenartig geformt, was zu h\u00f6hlenartigen Gebilden gef\u00fchrt hat, von denen die Schlucht wahrscheinlich dann auch ihren Namen erhalten hat.<br \/>\n<strong>7.) Die vertriebenen Pflanzen suchen einen neuen Lebensraum.<\/strong> Die Urbarmachung des K\u00fcstenstreifens vertrieb die Pflanze in ein anderes Gebiet. Der Lavastrom, der Sie die Schlucht entlang begleitet hat, ist kurz vor der K\u00fcste stehen geblieb en. Andere Lavastr\u00f6me jedoch sind bis an die K\u00fcste vorgedrungen und haben dazu beigetragen, den flachen K\u00fcstenteil zu bilden, der sich vor Ihnen am Ende der Schlucht ausbreitet. Diese sogenannte \u201eIsla Baja\u201c die \u201etief gelegene Insel\u201c bietet der Landwirtschaft ideale Voraussetzungen und ist deshalb beinahe vollst\u00e4ndig mit Bananenplantagen und anderen Fruchtfeldern bedeckt. Die Pflanzen, die fr\u00fcher hier gediehen, fanden Zuflucht in den Schluchtw\u00e4nden wie denen von Cuevas Negras, wie z.B. die Tabaiba amarga oder der Natternkopf.<br \/>\n<strong>8.) Der untere Teil der Schluchtsohle ist eine Oase des Lebens.<\/strong> An diesem Ort leben andere Tiere und Pflanzen, als Sie bisher auf ihrem Weg gesehen haben. Hier gedeiht die Kanaren-Weide, auch das Schilfrohr und die Binse kommen hier sehr h\u00e4ufig vor, deren jungen, flexiblen Ruten zur traditionellen Herstellung von K\u00f6rben und anderen Ger\u00e4ten verwendet wurden. Hier gedeiht auch die Jamswurzel, deren riesigen, essbaren Knollen zu leckeren Rezepten anregen.\u00a0 In den T\u00fcmpeln weisen die kleinen Gr\u00fcnfr\u00f6sche die M\u00fcckenlarven in ihre Grenzen, w\u00e4hrend die gl\u00e4nzenden Libellen \u00fcber das Wasser schwirren.<br \/>\n<strong>9.) Cuevas Negras hat sein Verm\u00e4chtnis mit Ihnen geteilt.<\/strong> Diese \u201eSteinschlange\u201c gibt Ihnen auf dem Weg von den Bergr\u00fccken bis an die K\u00fcste ihr Geheimnis preis. Der ehemalige Handelsweg hat Sie bis nach Los Silos gef\u00fchrt. Der Wohlstand dieser Ortschaft geht bis auf die Eroberungszeit zur\u00fcck, beg\u00fcnstigt durch das gute Klima, die ebene Oberfl\u00e4chengestaltung und das reiche Wasservorkommen. Man hat hier Zuckerrohr, Getreide, Reben und vielen mehr angebaut. Gegenw\u00e4rtig herrschen Bananenplantagen vor, obwohl auch Obstb\u00e4ume angepflanzt werden: Orangen, Avocados, Japanmispeln, Melonenb\u00e4ume.<\/p>\n<p>Heute waren Sie Zeuge eines kleinen geschichtlichen Zeitabschnitts, der noch lange nicht zu Ende ist. Vor dem Abschied schauen Sie zur\u00fcck und pr\u00e4gen Sie sich alles ins Ged\u00e4chtnis ein, was Ihnen der Weg gezeigt hat.\u201c<\/p>\n<p>&nbsp;<\/p>\n","protected":false},"excerpt":{"rendered":"<p>Ich muss vorsichtiger werden mit der Vergabe von Superlativen! Bei fast jeder Tour denken Elisabeth und ich \u2013 wie zum Beispiel von Cruz del Carmen nach Punta de Hidalgo \u2013 das ist an Sch\u00f6nheit nicht mehr zu toppen, jedoch wir werden immer wieder eines Besseren belehrt. So bei dieser Tour von Erjos nach Los Silos [&hellip;]<\/p>\n","protected":false},"author":4,"featured_media":0,"comment_status":"open","ping_status":"open","sticky":false,"template":"","format":"standard","meta":{"footnotes":""},"categories":[777,6],"tags":[513,511,509,510,439,512],"class_list":["post-1585","post","type-post","status-publish","format-standard","hentry","category-santiago-del-teide","category-wanderungen","tag-barranco-de-cuevas-negras","tag-cuevas-negras","tag-erjos","tag-los-silos","tag-teneriffa-wandern","tag-tierra-de-trigo"],"yoast_head":"<!-- This site is optimized with the Yoast SEO plugin v27.5 - https:\/\/yoast.com\/product\/yoast-seo-wordpress\/ -->\n<title>Erjos \u2013 Los Silos - Teneriffa Wandern<\/title>\n<meta name=\"robots\" content=\"index, follow, max-snippet:-1, max-image-preview:large, max-video-preview:-1\" \/>\n<link rel=\"canonical\" href=\"https:\/\/www.mundi-roth.de\/teneriffa-blog\/wanderungen\/erjos-\u2013-los-silos\/\" \/>\n<meta name=\"twitter:label1\" content=\"Verfasst von\" \/>\n\t<meta name=\"twitter:data1\" content=\"mundi\" \/>\n\t<meta name=\"twitter:label2\" content=\"Gesch\u00e4tzte Lesezeit\" \/>\n\t<meta name=\"twitter:data2\" content=\"9\u00a0Minuten\" \/>\n<script type=\"application\/ld+json\" class=\"yoast-schema-graph\">{\"@context\":\"https:\\\/\\\/schema.org\",\"@graph\":[{\"@type\":\"Article\",\"@id\":\"https:\\\/\\\/www.mundi-roth.de\\\/teneriffa-blog\\\/wanderungen\\\/erjos-%e2%80%93-los-silos\\\/#article\",\"isPartOf\":{\"@id\":\"https:\\\/\\\/www.mundi-roth.de\\\/teneriffa-blog\\\/wanderungen\\\/erjos-%e2%80%93-los-silos\\\/\"},\"author\":{\"name\":\"mundi\",\"@id\":\"https:\\\/\\\/www.mundi-roth.de\\\/teneriffa-blog\\\/#\\\/schema\\\/person\\\/971c66b55f3ae5e8741553688c413cac\"},\"headline\":\"Erjos \u2013 Los Silos\",\"datePublished\":\"2011-12-01T19:00:31+00:00\",\"dateModified\":\"2015-04-09T14:08:36+00:00\",\"mainEntityOfPage\":{\"@id\":\"https:\\\/\\\/www.mundi-roth.de\\\/teneriffa-blog\\\/wanderungen\\\/erjos-%e2%80%93-los-silos\\\/\"},\"wordCount\":1794,\"commentCount\":3,\"image\":{\"@id\":\"https:\\\/\\\/www.mundi-roth.de\\\/teneriffa-blog\\\/wanderungen\\\/erjos-%e2%80%93-los-silos\\\/#primaryimage\"},\"thumbnailUrl\":\"http:\\\/\\\/www.mundi-roth.de\\\/teneriffa-blog\\\/wp-content\\\/uploads\\\/2011\\\/12\\\/Karte02a-150x124.jpg\",\"keywords\":[\"Barranco de Cuevas Negras\",\"Cuevas Negras\",\"Erjos\",\"Los Silos\",\"Teneriffa Wandern\",\"Tierra de Trigo\"],\"articleSection\":[\"Santiago del Teide\",\"Wanderungen\"],\"inLanguage\":\"de\",\"potentialAction\":[{\"@type\":\"CommentAction\",\"name\":\"Comment\",\"target\":[\"https:\\\/\\\/www.mundi-roth.de\\\/teneriffa-blog\\\/wanderungen\\\/erjos-%e2%80%93-los-silos\\\/#respond\"]}]},{\"@type\":\"WebPage\",\"@id\":\"https:\\\/\\\/www.mundi-roth.de\\\/teneriffa-blog\\\/wanderungen\\\/erjos-%e2%80%93-los-silos\\\/\",\"url\":\"https:\\\/\\\/www.mundi-roth.de\\\/teneriffa-blog\\\/wanderungen\\\/erjos-%e2%80%93-los-silos\\\/\",\"name\":\"Erjos \u2013 Los Silos - Teneriffa Wandern\",\"isPartOf\":{\"@id\":\"https:\\\/\\\/www.mundi-roth.de\\\/teneriffa-blog\\\/#website\"},\"primaryImageOfPage\":{\"@id\":\"https:\\\/\\\/www.mundi-roth.de\\\/teneriffa-blog\\\/wanderungen\\\/erjos-%e2%80%93-los-silos\\\/#primaryimage\"},\"image\":{\"@id\":\"https:\\\/\\\/www.mundi-roth.de\\\/teneriffa-blog\\\/wanderungen\\\/erjos-%e2%80%93-los-silos\\\/#primaryimage\"},\"thumbnailUrl\":\"http:\\\/\\\/www.mundi-roth.de\\\/teneriffa-blog\\\/wp-content\\\/uploads\\\/2011\\\/12\\\/Karte02a-150x124.jpg\",\"datePublished\":\"2011-12-01T19:00:31+00:00\",\"dateModified\":\"2015-04-09T14:08:36+00:00\",\"author\":{\"@id\":\"https:\\\/\\\/www.mundi-roth.de\\\/teneriffa-blog\\\/#\\\/schema\\\/person\\\/971c66b55f3ae5e8741553688c413cac\"},\"breadcrumb\":{\"@id\":\"https:\\\/\\\/www.mundi-roth.de\\\/teneriffa-blog\\\/wanderungen\\\/erjos-%e2%80%93-los-silos\\\/#breadcrumb\"},\"inLanguage\":\"de\",\"potentialAction\":[{\"@type\":\"ReadAction\",\"target\":[\"https:\\\/\\\/www.mundi-roth.de\\\/teneriffa-blog\\\/wanderungen\\\/erjos-%e2%80%93-los-silos\\\/\"]}]},{\"@type\":\"ImageObject\",\"inLanguage\":\"de\",\"@id\":\"https:\\\/\\\/www.mundi-roth.de\\\/teneriffa-blog\\\/wanderungen\\\/erjos-%e2%80%93-los-silos\\\/#primaryimage\",\"url\":\"https:\\\/\\\/www.mundi-roth.de\\\/teneriffa-blog\\\/wp-content\\\/uploads\\\/2011\\\/12\\\/Karte02a.jpg\",\"contentUrl\":\"https:\\\/\\\/www.mundi-roth.de\\\/teneriffa-blog\\\/wp-content\\\/uploads\\\/2011\\\/12\\\/Karte02a.jpg\",\"width\":\"600\",\"height\":\"497\"},{\"@type\":\"BreadcrumbList\",\"@id\":\"https:\\\/\\\/www.mundi-roth.de\\\/teneriffa-blog\\\/wanderungen\\\/erjos-%e2%80%93-los-silos\\\/#breadcrumb\",\"itemListElement\":[{\"@type\":\"ListItem\",\"position\":1,\"name\":\"Startseite\",\"item\":\"https:\\\/\\\/www.mundi-roth.de\\\/teneriffa-blog\\\/\"},{\"@type\":\"ListItem\",\"position\":2,\"name\":\"Erjos \u2013 Los Silos\"}]},{\"@type\":\"WebSite\",\"@id\":\"https:\\\/\\\/www.mundi-roth.de\\\/teneriffa-blog\\\/#website\",\"url\":\"https:\\\/\\\/www.mundi-roth.de\\\/teneriffa-blog\\\/\",\"name\":\"Teneriffa Wandern\",\"description\":\"Nicht nur Wanderungen auf Teneriffa...\",\"potentialAction\":[{\"@type\":\"SearchAction\",\"target\":{\"@type\":\"EntryPoint\",\"urlTemplate\":\"https:\\\/\\\/www.mundi-roth.de\\\/teneriffa-blog\\\/?s={search_term_string}\"},\"query-input\":{\"@type\":\"PropertyValueSpecification\",\"valueRequired\":true,\"valueName\":\"search_term_string\"}}],\"inLanguage\":\"de\"},{\"@type\":\"Person\",\"@id\":\"https:\\\/\\\/www.mundi-roth.de\\\/teneriffa-blog\\\/#\\\/schema\\\/person\\\/971c66b55f3ae5e8741553688c413cac\",\"name\":\"mundi\",\"image\":{\"@type\":\"ImageObject\",\"inLanguage\":\"de\",\"@id\":\"https:\\\/\\\/secure.gravatar.com\\\/avatar\\\/555f0dd85428f1a9330f8e5dbe9e40ff9ca912bb81e5a89747ebf3ca9c20dc0f?s=96&d=mm&r=g\",\"url\":\"https:\\\/\\\/secure.gravatar.com\\\/avatar\\\/555f0dd85428f1a9330f8e5dbe9e40ff9ca912bb81e5a89747ebf3ca9c20dc0f?s=96&d=mm&r=g\",\"contentUrl\":\"https:\\\/\\\/secure.gravatar.com\\\/avatar\\\/555f0dd85428f1a9330f8e5dbe9e40ff9ca912bb81e5a89747ebf3ca9c20dc0f?s=96&d=mm&r=g\",\"caption\":\"mundi\"},\"sameAs\":[\"http:\\\/\\\/mundi-roth.de\"],\"url\":\"https:\\\/\\\/www.mundi-roth.de\\\/teneriffa-blog\\\/author\\\/mundi\\\/\"}]}<\/script>\n<!-- \/ Yoast SEO plugin. -->","yoast_head_json":{"title":"Erjos \u2013 Los Silos - Teneriffa Wandern","robots":{"index":"index","follow":"follow","max-snippet":"max-snippet:-1","max-image-preview":"max-image-preview:large","max-video-preview":"max-video-preview:-1"},"canonical":"https:\/\/www.mundi-roth.de\/teneriffa-blog\/wanderungen\/erjos-\u2013-los-silos\/","twitter_misc":{"Verfasst von":"mundi","Gesch\u00e4tzte Lesezeit":"9\u00a0Minuten"},"schema":{"@context":"https:\/\/schema.org","@graph":[{"@type":"Article","@id":"https:\/\/www.mundi-roth.de\/teneriffa-blog\/wanderungen\/erjos-%e2%80%93-los-silos\/#article","isPartOf":{"@id":"https:\/\/www.mundi-roth.de\/teneriffa-blog\/wanderungen\/erjos-%e2%80%93-los-silos\/"},"author":{"name":"mundi","@id":"https:\/\/www.mundi-roth.de\/teneriffa-blog\/#\/schema\/person\/971c66b55f3ae5e8741553688c413cac"},"headline":"Erjos \u2013 Los Silos","datePublished":"2011-12-01T19:00:31+00:00","dateModified":"2015-04-09T14:08:36+00:00","mainEntityOfPage":{"@id":"https:\/\/www.mundi-roth.de\/teneriffa-blog\/wanderungen\/erjos-%e2%80%93-los-silos\/"},"wordCount":1794,"commentCount":3,"image":{"@id":"https:\/\/www.mundi-roth.de\/teneriffa-blog\/wanderungen\/erjos-%e2%80%93-los-silos\/#primaryimage"},"thumbnailUrl":"http:\/\/www.mundi-roth.de\/teneriffa-blog\/wp-content\/uploads\/2011\/12\/Karte02a-150x124.jpg","keywords":["Barranco de Cuevas Negras","Cuevas Negras","Erjos","Los Silos","Teneriffa Wandern","Tierra de Trigo"],"articleSection":["Santiago del Teide","Wanderungen"],"inLanguage":"de","potentialAction":[{"@type":"CommentAction","name":"Comment","target":["https:\/\/www.mundi-roth.de\/teneriffa-blog\/wanderungen\/erjos-%e2%80%93-los-silos\/#respond"]}]},{"@type":"WebPage","@id":"https:\/\/www.mundi-roth.de\/teneriffa-blog\/wanderungen\/erjos-%e2%80%93-los-silos\/","url":"https:\/\/www.mundi-roth.de\/teneriffa-blog\/wanderungen\/erjos-%e2%80%93-los-silos\/","name":"Erjos \u2013 Los Silos - Teneriffa Wandern","isPartOf":{"@id":"https:\/\/www.mundi-roth.de\/teneriffa-blog\/#website"},"primaryImageOfPage":{"@id":"https:\/\/www.mundi-roth.de\/teneriffa-blog\/wanderungen\/erjos-%e2%80%93-los-silos\/#primaryimage"},"image":{"@id":"https:\/\/www.mundi-roth.de\/teneriffa-blog\/wanderungen\/erjos-%e2%80%93-los-silos\/#primaryimage"},"thumbnailUrl":"http:\/\/www.mundi-roth.de\/teneriffa-blog\/wp-content\/uploads\/2011\/12\/Karte02a-150x124.jpg","datePublished":"2011-12-01T19:00:31+00:00","dateModified":"2015-04-09T14:08:36+00:00","author":{"@id":"https:\/\/www.mundi-roth.de\/teneriffa-blog\/#\/schema\/person\/971c66b55f3ae5e8741553688c413cac"},"breadcrumb":{"@id":"https:\/\/www.mundi-roth.de\/teneriffa-blog\/wanderungen\/erjos-%e2%80%93-los-silos\/#breadcrumb"},"inLanguage":"de","potentialAction":[{"@type":"ReadAction","target":["https:\/\/www.mundi-roth.de\/teneriffa-blog\/wanderungen\/erjos-%e2%80%93-los-silos\/"]}]},{"@type":"ImageObject","inLanguage":"de","@id":"https:\/\/www.mundi-roth.de\/teneriffa-blog\/wanderungen\/erjos-%e2%80%93-los-silos\/#primaryimage","url":"https:\/\/www.mundi-roth.de\/teneriffa-blog\/wp-content\/uploads\/2011\/12\/Karte02a.jpg","contentUrl":"https:\/\/www.mundi-roth.de\/teneriffa-blog\/wp-content\/uploads\/2011\/12\/Karte02a.jpg","width":"600","height":"497"},{"@type":"BreadcrumbList","@id":"https:\/\/www.mundi-roth.de\/teneriffa-blog\/wanderungen\/erjos-%e2%80%93-los-silos\/#breadcrumb","itemListElement":[{"@type":"ListItem","position":1,"name":"Startseite","item":"https:\/\/www.mundi-roth.de\/teneriffa-blog\/"},{"@type":"ListItem","position":2,"name":"Erjos \u2013 Los Silos"}]},{"@type":"WebSite","@id":"https:\/\/www.mundi-roth.de\/teneriffa-blog\/#website","url":"https:\/\/www.mundi-roth.de\/teneriffa-blog\/","name":"Teneriffa Wandern","description":"Nicht nur Wanderungen auf Teneriffa...","potentialAction":[{"@type":"SearchAction","target":{"@type":"EntryPoint","urlTemplate":"https:\/\/www.mundi-roth.de\/teneriffa-blog\/?s={search_term_string}"},"query-input":{"@type":"PropertyValueSpecification","valueRequired":true,"valueName":"search_term_string"}}],"inLanguage":"de"},{"@type":"Person","@id":"https:\/\/www.mundi-roth.de\/teneriffa-blog\/#\/schema\/person\/971c66b55f3ae5e8741553688c413cac","name":"mundi","image":{"@type":"ImageObject","inLanguage":"de","@id":"https:\/\/secure.gravatar.com\/avatar\/555f0dd85428f1a9330f8e5dbe9e40ff9ca912bb81e5a89747ebf3ca9c20dc0f?s=96&d=mm&r=g","url":"https:\/\/secure.gravatar.com\/avatar\/555f0dd85428f1a9330f8e5dbe9e40ff9ca912bb81e5a89747ebf3ca9c20dc0f?s=96&d=mm&r=g","contentUrl":"https:\/\/secure.gravatar.com\/avatar\/555f0dd85428f1a9330f8e5dbe9e40ff9ca912bb81e5a89747ebf3ca9c20dc0f?s=96&d=mm&r=g","caption":"mundi"},"sameAs":["http:\/\/mundi-roth.de"],"url":"https:\/\/www.mundi-roth.de\/teneriffa-blog\/author\/mundi\/"}]}},"_links":{"self":[{"href":"https:\/\/www.mundi-roth.de\/teneriffa-blog\/wp-json\/wp\/v2\/posts\/1585","targetHints":{"allow":["GET"]}}],"collection":[{"href":"https:\/\/www.mundi-roth.de\/teneriffa-blog\/wp-json\/wp\/v2\/posts"}],"about":[{"href":"https:\/\/www.mundi-roth.de\/teneriffa-blog\/wp-json\/wp\/v2\/types\/post"}],"author":[{"embeddable":true,"href":"https:\/\/www.mundi-roth.de\/teneriffa-blog\/wp-json\/wp\/v2\/users\/4"}],"replies":[{"embeddable":true,"href":"https:\/\/www.mundi-roth.de\/teneriffa-blog\/wp-json\/wp\/v2\/comments?post=1585"}],"version-history":[{"count":0,"href":"https:\/\/www.mundi-roth.de\/teneriffa-blog\/wp-json\/wp\/v2\/posts\/1585\/revisions"}],"wp:attachment":[{"href":"https:\/\/www.mundi-roth.de\/teneriffa-blog\/wp-json\/wp\/v2\/media?parent=1585"}],"wp:term":[{"taxonomy":"category","embeddable":true,"href":"https:\/\/www.mundi-roth.de\/teneriffa-blog\/wp-json\/wp\/v2\/categories?post=1585"},{"taxonomy":"post_tag","embeddable":true,"href":"https:\/\/www.mundi-roth.de\/teneriffa-blog\/wp-json\/wp\/v2\/tags?post=1585"}],"curies":[{"name":"wp","href":"https:\/\/api.w.org\/{rel}","templated":true}]}}