{"id":160,"date":"2008-01-08T10:11:36","date_gmt":"2008-01-08T10:11:36","guid":{"rendered":"http:\/\/www.mundi-roth.de\/teneriffa-blog\/wanderungen\/el-puertito-puetro-colon\/"},"modified":"2015-04-12T11:58:00","modified_gmt":"2015-04-12T10:58:00","slug":"el-puertito-puetro-colon","status":"publish","type":"post","link":"https:\/\/www.mundi-roth.de\/teneriffa-blog\/wanderungen\/el-puertito-puetro-colon\/","title":{"rendered":"El Puertito &#8211; Puerto Col\u00f3n"},"content":{"rendered":"<p><strong><span style=\"font-family: Arial; font-size: small;\">Ein stetes Auf und Ab entlang der K\u00fcste. Die Strecke ist inzwischen wieder eine Augenweide, da alle \u00dcberreste aus der Hippizeit (?) entfernt wurden.<\/span><\/strong><\/p>\n<p><strong><span style=\"font-family: Arial; font-size: small;\">Geht man nur bis zum Fischer\u00f6rtchen La Caleta und i\u00dft dort in einem der Fischlokale zu Mittag, l\u00e4\u00dft sich der R\u00fcckweg gut bew\u00e4ltigen.Macht es einem nichts aus als Exot &#8211; mit Rucksack und Wanderstiefel zwischen den leichtest bekleideten Touristen zu wandern &#8211; kann man gut bis zum Puerto Col\u00f3n gehen.<\/span><\/strong><\/p>\n<p><!--more--><\/p>\n<p><strong>Wander-Wegstrecke:<\/strong> ca. 3 Stunden, geht man jedoch nur bis La Caleta: 2 Stunden eine Strecke.<br \/>\nUnsere Wanderung beginnt an der Playa Puertito, unterhalb der Bar. Hier gehen wir zwischen den H\u00e4usern links auf die Anh\u00f6he. Diese wandern wir Richtung Meer bergab bis kurz vor ein Haus und folgen dem nach links verschwenkenden, gut sichtbaren Weg. Bei einer Kurve gehen wir wenige Schritte links hangaufw\u00e4rts und bei einer markanten Feigenkaktee schl\u00e4ngelt sich der Pfad rechts abw\u00e4rts.<br \/>\n<a title=\"p1010137.jpg\" href=\"http:\/\/www.mundi-roth.de\/teneriffa-blog\/wp-content\/uploads\/2008\/01\/p1010137.jpg\" rel=\"lightbox[160]\"><img loading=\"lazy\" decoding=\"async\" src=\"http:\/\/www.mundi-roth.de\/teneriffa-blog\/wp-content\/uploads\/2008\/01\/p1010137.thumbnail.jpg\" alt=\"p1010137.jpg\" width=\"128\" height=\"96\" align=\"right\" border=\"0\" hspace=\"3\" vspace=\"3\" \/><\/a>Wir entdecken diverse kleine Wege und es bleibt jedem selbst \u00fcberlassen, ob er sich weiter oberhalb oder mehr in K\u00fcstenn\u00e4he bewegt. Verlaufen kann man sich eigentlich nicht.<br \/>\n<a title=\"p1010133.jpg\" href=\"http:\/\/www.mundi-roth.de\/teneriffa-blog\/wp-content\/uploads\/2008\/01\/p1010133.jpg\" rel=\"lightbox[160]\"><img loading=\"lazy\" decoding=\"async\" src=\"http:\/\/www.mundi-roth.de\/teneriffa-blog\/wp-content\/uploads\/2008\/01\/p1010133.thumbnail.jpg\" alt=\"p1010133.jpg\" width=\"128\" height=\"96\" align=\"left\" border=\"0\" hspace=\"3\" vspace=\"3\" \/><\/a>Diese ganze Gegend war fr\u00fcher ein Hippi-Refugium. Jedoch nunmehr sind alle Reste der selbstgebauten Zelte und das Drumherum verschwunden. Geblieben ist eine wundersch\u00f6ne Landschaft mit sch\u00f6nen, sogar sandigen, Badebuchten. Und wir bewegen uns einem Landschaftsschutzgebiet.<br \/>\nEin steiler Aufstieg bringt uns auf die H\u00f6he vor dem Fischerort La Caleta.<br \/>\nWir gehen wieder Richtung Meer, \u00fcbersteigen eine kleine Mauer, verlassen das unter Schutz stehende Gel\u00e4nde und gelangen auf eine gepflasterte Treppe, die uns direkt auf die Promenade von La Caleta f\u00fchrt.<br \/>\nHier hat man die Wahl: kehrt man in einem der guten Fischrestaurants, z. B. Piscis oder Celso ein oder wandert man als Exot (Rucksack &#8211; Wanderstiefel &#8211; St\u00f6cke) zwischen leicht bekleideten Badeg\u00e4sten oder Promenierenden bis zum Hafen Col\u00f3n auf der Promenade weiter, wie wir es mit unserer Wandergruppe gemacht haben.<br \/>\nWir hatten das Gl\u00fcck, dass zwei Wanderfreunde nicht die ganze Strecke mitgegangen sind, nach El Puertito umgekehrt sind und mit den Wagen zum Hafen Col\u00f3n kamen.<\/p>\n<p><strong>Botanik:<\/strong><br \/>\nDa wir uns in unmittelbarer K\u00fcstenn\u00e4he befinden, treffen wir nat\u00fcrlich auf eine salzbeeinflusste Pflanzengesellschaft. Ihre Mitglieder werden Halophyten (= salzliebende Pflanzen) genannt.<br \/>\nTypische Arten sind die Nymphendolde, der Kammf\u00f6rmige Strandflieder und Desfontaines Jochblatt. Auch manche Wolfsmilchgew\u00e4chse, wie die Balsam-Wolfsmilch und die Blattlose Wolfsmilch, kommen in dieser Zone vor.<br \/>\n<a title=\"p1010139.jpg\" href=\"http:\/\/www.mundi-roth.de\/teneriffa-blog\/wp-content\/uploads\/2008\/01\/p1010139.jpg\" rel=\"lightbox[160]\"><img loading=\"lazy\" decoding=\"async\" src=\"http:\/\/www.mundi-roth.de\/teneriffa-blog\/wp-content\/uploads\/2008\/01\/p1010139.thumbnail.jpg\" alt=\"p1010139.jpg\" width=\"128\" height=\"96\" align=\"left\" border=\"0\" hspace=\"3\" vspace=\"3\" \/><\/a>Aus der F\u00fclle der Pflanzen greife ich heute ein Nachtschattengew\u00e4chs heraus, das uns in dieser Vielzahl noch bei keiner anderen Wanderung begegnet ist, den \u201eSparriger Bocksdorn\u201c Lycium intricatum Boiss., von den Tinerfe\u00f1os \u201eEspino del mar\u201c genannt.<br \/>\n\u201eMerkmale: Sparrig verzweigter Dornstrauch. Gr\u00fcne oder graugr\u00fcne, fleischige Bl\u00e4tter, h\u00e4ufig zu mehreren stehend, spatelig, 3-15 mm lang, im Sommer hinf\u00e4llig. Bl\u00fcten kurz gestielt zu 1-3, die violette, lang und schmal trichterfr\u00f6mige 10-20 mm lange Krone mit 5-6 abgerundeten, 2-3 mm langen, ausgebreiteten Zipfeln. Orangerote, elliptische Beeren.<br \/>\nVorkommen: Sukkulentenbusch, vor allem in Meeresn\u00e4he, Kanaren, westliches Mittelmeergebiet, Sizilien, Griechenland.\u201c<\/p>\n<p><strong>Restaurant:<\/strong><br \/>\n\u201eLa Gran Paella\u201c, direkt an der Ecke oberhalb des Parkplatzes von Puerto Col\u00f3n.<br \/>\nHeute gab es z.B. ein \u00fcppiges Tagesmen\u00fc f\u00fcr 7.10 Euro.<br \/>\nDaf\u00fcr gab es vorweg Brot mit Butter, eine leckere Tomatensuppe, Fisch mit etwas Salat und Pommes frites oder gekochten Kartoffeln, zum Nachtisch Eis und entweder Wasser oder ein Glas Wein dazu.<br \/>\nAuch die \u00fcbrigen Gerichte waren lecker und \u00e4u\u00dferst preiswert.<\/p>\n<p><strong>Anfahrt:<\/strong><br \/>\n<a title=\"puertito-colon2.jpg\" href=\"http:\/\/www.mundi-roth.de\/teneriffa-blog\/wp-content\/uploads\/2008\/01\/puertito-colon2.jpg\" rel=\"lightbox[160]\"><img loading=\"lazy\" decoding=\"async\" src=\"http:\/\/www.mundi-roth.de\/teneriffa-blog\/wp-content\/uploads\/2008\/01\/puertito-colon2.thumbnail.jpg\" alt=\"puertito-colon2.jpg\" width=\"120\" height=\"128\" align=\"right\" border=\"0\" hspace=\"3\" vspace=\"3\" \/><\/a>Von Los Cristianos kommend auf der Autobahn TF-1 bis zum Autobahnschluss am Kreisel von Adeje. Hier verlassen wir bei \u201e9 Uhr\u201c (3. Ausfahrt) den Kreisel und fahren auf der TF-47 Richtung Arme\u00f1ime. Nach wenigen hundert Metern geht es links nach EL Puertito. Da man hier jedoch nicht links abbiegen darf, fahren wir weiter, um bei der ersten M\u00f6glichkeit rechts abzubiegen und bei dem dortigen kleinen Kreisel in Gegenrichtung zu gelangen. So k\u00f6nnen wir dann auf die Stra\u00dfe nach El Puertito kommen. An den Wochentagen gibt es keine Probleme, hier unten einen Parkplatz zu finden.<\/p>\n","protected":false},"excerpt":{"rendered":"<p>Ein stetes Auf und Ab entlang der K\u00fcste. Die Strecke ist inzwischen wieder eine Augenweide, da alle \u00dcberreste aus der Hippizeit (?) entfernt wurden. Geht man nur bis zum Fischer\u00f6rtchen La Caleta und i\u00dft dort in einem der Fischlokale zu Mittag, l\u00e4\u00dft sich der R\u00fcckweg gut bew\u00e4ltigen.Macht es einem nichts aus als Exot &#8211; mit [&hellip;]<\/p>\n","protected":false},"author":3,"featured_media":0,"comment_status":"open","ping_status":"open","sticky":false,"template":"","format":"standard","meta":{"footnotes":""},"categories":[775,6],"tags":[61,60,3,4],"class_list":["post-160","post","type-post","status-publish","format-standard","hentry","category-arona","category-wanderungen","tag-la-caleta","tag-puertito","tag-teneriffa","tag-wandern"],"yoast_head":"<!-- This site is optimized with the Yoast SEO plugin v27.5 - https:\/\/yoast.com\/product\/yoast-seo-wordpress\/ -->\n<title>El Puertito - Puerto Col\u00f3n - Teneriffa Wandern<\/title>\n<meta name=\"robots\" content=\"index, follow, max-snippet:-1, max-image-preview:large, max-video-preview:-1\" \/>\n<link rel=\"canonical\" href=\"https:\/\/www.mundi-roth.de\/teneriffa-blog\/wanderungen\/el-puertito-puetro-colon\/\" \/>\n<meta name=\"twitter:label1\" content=\"Verfasst von\" \/>\n\t<meta name=\"twitter:data1\" content=\"ir\" \/>\n\t<meta name=\"twitter:label2\" content=\"Gesch\u00e4tzte Lesezeit\" \/>\n\t<meta name=\"twitter:data2\" content=\"3\u00a0Minuten\" \/>\n<script type=\"application\/ld+json\" class=\"yoast-schema-graph\">{\"@context\":\"https:\\\/\\\/schema.org\",\"@graph\":[{\"@type\":\"Article\",\"@id\":\"https:\\\/\\\/www.mundi-roth.de\\\/teneriffa-blog\\\/wanderungen\\\/el-puertito-puetro-colon\\\/#article\",\"isPartOf\":{\"@id\":\"https:\\\/\\\/www.mundi-roth.de\\\/teneriffa-blog\\\/wanderungen\\\/el-puertito-puetro-colon\\\/\"},\"author\":{\"name\":\"ir\",\"@id\":\"https:\\\/\\\/www.mundi-roth.de\\\/teneriffa-blog\\\/#\\\/schema\\\/person\\\/3afd0d251449790d15367c9aa52d203d\"},\"headline\":\"El Puertito &#8211; Puerto Col\u00f3n\",\"datePublished\":\"2008-01-08T10:11:36+00:00\",\"dateModified\":\"2015-04-12T10:58:00+00:00\",\"mainEntityOfPage\":{\"@id\":\"https:\\\/\\\/www.mundi-roth.de\\\/teneriffa-blog\\\/wanderungen\\\/el-puertito-puetro-colon\\\/\"},\"wordCount\":682,\"commentCount\":2,\"image\":{\"@id\":\"https:\\\/\\\/www.mundi-roth.de\\\/teneriffa-blog\\\/wanderungen\\\/el-puertito-puetro-colon\\\/#primaryimage\"},\"thumbnailUrl\":\"http:\\\/\\\/www.mundi-roth.de\\\/teneriffa-blog\\\/wp-content\\\/uploads\\\/2008\\\/01\\\/p1010137.thumbnail.jpg\",\"keywords\":[\"La Caleta\",\"Puertito\",\"Teneriffa\",\"Wandern\"],\"articleSection\":[\"Arona\",\"Wanderungen\"],\"inLanguage\":\"de\",\"potentialAction\":[{\"@type\":\"CommentAction\",\"name\":\"Comment\",\"target\":[\"https:\\\/\\\/www.mundi-roth.de\\\/teneriffa-blog\\\/wanderungen\\\/el-puertito-puetro-colon\\\/#respond\"]}]},{\"@type\":\"WebPage\",\"@id\":\"https:\\\/\\\/www.mundi-roth.de\\\/teneriffa-blog\\\/wanderungen\\\/el-puertito-puetro-colon\\\/\",\"url\":\"https:\\\/\\\/www.mundi-roth.de\\\/teneriffa-blog\\\/wanderungen\\\/el-puertito-puetro-colon\\\/\",\"name\":\"El Puertito - Puerto Col\u00f3n - Teneriffa Wandern\",\"isPartOf\":{\"@id\":\"https:\\\/\\\/www.mundi-roth.de\\\/teneriffa-blog\\\/#website\"},\"primaryImageOfPage\":{\"@id\":\"https:\\\/\\\/www.mundi-roth.de\\\/teneriffa-blog\\\/wanderungen\\\/el-puertito-puetro-colon\\\/#primaryimage\"},\"image\":{\"@id\":\"https:\\\/\\\/www.mundi-roth.de\\\/teneriffa-blog\\\/wanderungen\\\/el-puertito-puetro-colon\\\/#primaryimage\"},\"thumbnailUrl\":\"http:\\\/\\\/www.mundi-roth.de\\\/teneriffa-blog\\\/wp-content\\\/uploads\\\/2008\\\/01\\\/p1010137.thumbnail.jpg\",\"datePublished\":\"2008-01-08T10:11:36+00:00\",\"dateModified\":\"2015-04-12T10:58:00+00:00\",\"author\":{\"@id\":\"https:\\\/\\\/www.mundi-roth.de\\\/teneriffa-blog\\\/#\\\/schema\\\/person\\\/3afd0d251449790d15367c9aa52d203d\"},\"breadcrumb\":{\"@id\":\"https:\\\/\\\/www.mundi-roth.de\\\/teneriffa-blog\\\/wanderungen\\\/el-puertito-puetro-colon\\\/#breadcrumb\"},\"inLanguage\":\"de\",\"potentialAction\":[{\"@type\":\"ReadAction\",\"target\":[\"https:\\\/\\\/www.mundi-roth.de\\\/teneriffa-blog\\\/wanderungen\\\/el-puertito-puetro-colon\\\/\"]}]},{\"@type\":\"ImageObject\",\"inLanguage\":\"de\",\"@id\":\"https:\\\/\\\/www.mundi-roth.de\\\/teneriffa-blog\\\/wanderungen\\\/el-puertito-puetro-colon\\\/#primaryimage\",\"url\":\"http:\\\/\\\/www.mundi-roth.de\\\/teneriffa-blog\\\/wp-content\\\/uploads\\\/2008\\\/01\\\/p1010137.thumbnail.jpg\",\"contentUrl\":\"http:\\\/\\\/www.mundi-roth.de\\\/teneriffa-blog\\\/wp-content\\\/uploads\\\/2008\\\/01\\\/p1010137.thumbnail.jpg\"},{\"@type\":\"BreadcrumbList\",\"@id\":\"https:\\\/\\\/www.mundi-roth.de\\\/teneriffa-blog\\\/wanderungen\\\/el-puertito-puetro-colon\\\/#breadcrumb\",\"itemListElement\":[{\"@type\":\"ListItem\",\"position\":1,\"name\":\"Startseite\",\"item\":\"https:\\\/\\\/www.mundi-roth.de\\\/teneriffa-blog\\\/\"},{\"@type\":\"ListItem\",\"position\":2,\"name\":\"El Puertito &#8211; Puerto Col\u00f3n\"}]},{\"@type\":\"WebSite\",\"@id\":\"https:\\\/\\\/www.mundi-roth.de\\\/teneriffa-blog\\\/#website\",\"url\":\"https:\\\/\\\/www.mundi-roth.de\\\/teneriffa-blog\\\/\",\"name\":\"Teneriffa Wandern\",\"description\":\"Nicht nur Wanderungen auf Teneriffa...\",\"potentialAction\":[{\"@type\":\"SearchAction\",\"target\":{\"@type\":\"EntryPoint\",\"urlTemplate\":\"https:\\\/\\\/www.mundi-roth.de\\\/teneriffa-blog\\\/?s={search_term_string}\"},\"query-input\":{\"@type\":\"PropertyValueSpecification\",\"valueRequired\":true,\"valueName\":\"search_term_string\"}}],\"inLanguage\":\"de\"},{\"@type\":\"Person\",\"@id\":\"https:\\\/\\\/www.mundi-roth.de\\\/teneriffa-blog\\\/#\\\/schema\\\/person\\\/3afd0d251449790d15367c9aa52d203d\",\"name\":\"ir\",\"image\":{\"@type\":\"ImageObject\",\"inLanguage\":\"de\",\"@id\":\"https:\\\/\\\/secure.gravatar.com\\\/avatar\\\/e67b41513c921c2bb58363f44c8a00a447c9a2526ad8ff71b5b6257e5f7f5c66?s=96&d=mm&r=g\",\"url\":\"https:\\\/\\\/secure.gravatar.com\\\/avatar\\\/e67b41513c921c2bb58363f44c8a00a447c9a2526ad8ff71b5b6257e5f7f5c66?s=96&d=mm&r=g\",\"contentUrl\":\"https:\\\/\\\/secure.gravatar.com\\\/avatar\\\/e67b41513c921c2bb58363f44c8a00a447c9a2526ad8ff71b5b6257e5f7f5c66?s=96&d=mm&r=g\",\"caption\":\"ir\"},\"sameAs\":[\"http:\\\/\\\/www.mundi-roth.de\"],\"url\":\"https:\\\/\\\/www.mundi-roth.de\\\/teneriffa-blog\\\/author\\\/ir\\\/\"}]}<\/script>\n<!-- \/ Yoast SEO plugin. -->","yoast_head_json":{"title":"El Puertito - Puerto Col\u00f3n - Teneriffa Wandern","robots":{"index":"index","follow":"follow","max-snippet":"max-snippet:-1","max-image-preview":"max-image-preview:large","max-video-preview":"max-video-preview:-1"},"canonical":"https:\/\/www.mundi-roth.de\/teneriffa-blog\/wanderungen\/el-puertito-puetro-colon\/","twitter_misc":{"Verfasst von":"ir","Gesch\u00e4tzte Lesezeit":"3\u00a0Minuten"},"schema":{"@context":"https:\/\/schema.org","@graph":[{"@type":"Article","@id":"https:\/\/www.mundi-roth.de\/teneriffa-blog\/wanderungen\/el-puertito-puetro-colon\/#article","isPartOf":{"@id":"https:\/\/www.mundi-roth.de\/teneriffa-blog\/wanderungen\/el-puertito-puetro-colon\/"},"author":{"name":"ir","@id":"https:\/\/www.mundi-roth.de\/teneriffa-blog\/#\/schema\/person\/3afd0d251449790d15367c9aa52d203d"},"headline":"El Puertito &#8211; Puerto Col\u00f3n","datePublished":"2008-01-08T10:11:36+00:00","dateModified":"2015-04-12T10:58:00+00:00","mainEntityOfPage":{"@id":"https:\/\/www.mundi-roth.de\/teneriffa-blog\/wanderungen\/el-puertito-puetro-colon\/"},"wordCount":682,"commentCount":2,"image":{"@id":"https:\/\/www.mundi-roth.de\/teneriffa-blog\/wanderungen\/el-puertito-puetro-colon\/#primaryimage"},"thumbnailUrl":"http:\/\/www.mundi-roth.de\/teneriffa-blog\/wp-content\/uploads\/2008\/01\/p1010137.thumbnail.jpg","keywords":["La Caleta","Puertito","Teneriffa","Wandern"],"articleSection":["Arona","Wanderungen"],"inLanguage":"de","potentialAction":[{"@type":"CommentAction","name":"Comment","target":["https:\/\/www.mundi-roth.de\/teneriffa-blog\/wanderungen\/el-puertito-puetro-colon\/#respond"]}]},{"@type":"WebPage","@id":"https:\/\/www.mundi-roth.de\/teneriffa-blog\/wanderungen\/el-puertito-puetro-colon\/","url":"https:\/\/www.mundi-roth.de\/teneriffa-blog\/wanderungen\/el-puertito-puetro-colon\/","name":"El Puertito - Puerto Col\u00f3n - Teneriffa Wandern","isPartOf":{"@id":"https:\/\/www.mundi-roth.de\/teneriffa-blog\/#website"},"primaryImageOfPage":{"@id":"https:\/\/www.mundi-roth.de\/teneriffa-blog\/wanderungen\/el-puertito-puetro-colon\/#primaryimage"},"image":{"@id":"https:\/\/www.mundi-roth.de\/teneriffa-blog\/wanderungen\/el-puertito-puetro-colon\/#primaryimage"},"thumbnailUrl":"http:\/\/www.mundi-roth.de\/teneriffa-blog\/wp-content\/uploads\/2008\/01\/p1010137.thumbnail.jpg","datePublished":"2008-01-08T10:11:36+00:00","dateModified":"2015-04-12T10:58:00+00:00","author":{"@id":"https:\/\/www.mundi-roth.de\/teneriffa-blog\/#\/schema\/person\/3afd0d251449790d15367c9aa52d203d"},"breadcrumb":{"@id":"https:\/\/www.mundi-roth.de\/teneriffa-blog\/wanderungen\/el-puertito-puetro-colon\/#breadcrumb"},"inLanguage":"de","potentialAction":[{"@type":"ReadAction","target":["https:\/\/www.mundi-roth.de\/teneriffa-blog\/wanderungen\/el-puertito-puetro-colon\/"]}]},{"@type":"ImageObject","inLanguage":"de","@id":"https:\/\/www.mundi-roth.de\/teneriffa-blog\/wanderungen\/el-puertito-puetro-colon\/#primaryimage","url":"http:\/\/www.mundi-roth.de\/teneriffa-blog\/wp-content\/uploads\/2008\/01\/p1010137.thumbnail.jpg","contentUrl":"http:\/\/www.mundi-roth.de\/teneriffa-blog\/wp-content\/uploads\/2008\/01\/p1010137.thumbnail.jpg"},{"@type":"BreadcrumbList","@id":"https:\/\/www.mundi-roth.de\/teneriffa-blog\/wanderungen\/el-puertito-puetro-colon\/#breadcrumb","itemListElement":[{"@type":"ListItem","position":1,"name":"Startseite","item":"https:\/\/www.mundi-roth.de\/teneriffa-blog\/"},{"@type":"ListItem","position":2,"name":"El Puertito &#8211; Puerto Col\u00f3n"}]},{"@type":"WebSite","@id":"https:\/\/www.mundi-roth.de\/teneriffa-blog\/#website","url":"https:\/\/www.mundi-roth.de\/teneriffa-blog\/","name":"Teneriffa Wandern","description":"Nicht nur Wanderungen auf Teneriffa...","potentialAction":[{"@type":"SearchAction","target":{"@type":"EntryPoint","urlTemplate":"https:\/\/www.mundi-roth.de\/teneriffa-blog\/?s={search_term_string}"},"query-input":{"@type":"PropertyValueSpecification","valueRequired":true,"valueName":"search_term_string"}}],"inLanguage":"de"},{"@type":"Person","@id":"https:\/\/www.mundi-roth.de\/teneriffa-blog\/#\/schema\/person\/3afd0d251449790d15367c9aa52d203d","name":"ir","image":{"@type":"ImageObject","inLanguage":"de","@id":"https:\/\/secure.gravatar.com\/avatar\/e67b41513c921c2bb58363f44c8a00a447c9a2526ad8ff71b5b6257e5f7f5c66?s=96&d=mm&r=g","url":"https:\/\/secure.gravatar.com\/avatar\/e67b41513c921c2bb58363f44c8a00a447c9a2526ad8ff71b5b6257e5f7f5c66?s=96&d=mm&r=g","contentUrl":"https:\/\/secure.gravatar.com\/avatar\/e67b41513c921c2bb58363f44c8a00a447c9a2526ad8ff71b5b6257e5f7f5c66?s=96&d=mm&r=g","caption":"ir"},"sameAs":["http:\/\/www.mundi-roth.de"],"url":"https:\/\/www.mundi-roth.de\/teneriffa-blog\/author\/ir\/"}]}},"_links":{"self":[{"href":"https:\/\/www.mundi-roth.de\/teneriffa-blog\/wp-json\/wp\/v2\/posts\/160","targetHints":{"allow":["GET"]}}],"collection":[{"href":"https:\/\/www.mundi-roth.de\/teneriffa-blog\/wp-json\/wp\/v2\/posts"}],"about":[{"href":"https:\/\/www.mundi-roth.de\/teneriffa-blog\/wp-json\/wp\/v2\/types\/post"}],"author":[{"embeddable":true,"href":"https:\/\/www.mundi-roth.de\/teneriffa-blog\/wp-json\/wp\/v2\/users\/3"}],"replies":[{"embeddable":true,"href":"https:\/\/www.mundi-roth.de\/teneriffa-blog\/wp-json\/wp\/v2\/comments?post=160"}],"version-history":[{"count":0,"href":"https:\/\/www.mundi-roth.de\/teneriffa-blog\/wp-json\/wp\/v2\/posts\/160\/revisions"}],"wp:attachment":[{"href":"https:\/\/www.mundi-roth.de\/teneriffa-blog\/wp-json\/wp\/v2\/media?parent=160"}],"wp:term":[{"taxonomy":"category","embeddable":true,"href":"https:\/\/www.mundi-roth.de\/teneriffa-blog\/wp-json\/wp\/v2\/categories?post=160"},{"taxonomy":"post_tag","embeddable":true,"href":"https:\/\/www.mundi-roth.de\/teneriffa-blog\/wp-json\/wp\/v2\/tags?post=160"}],"curies":[{"name":"wp","href":"https:\/\/api.w.org\/{rel}","templated":true}]}}