{"id":1618,"date":"2011-12-13T22:00:54","date_gmt":"2011-12-13T21:00:54","guid":{"rendered":"http:\/\/www.mundi-roth.de\/teneriffa-blog\/?p=1618"},"modified":"2015-04-09T15:07:42","modified_gmt":"2015-04-09T14:07:42","slug":"pico-del-ingles-%e2%80%93-santa-cruz","status":"publish","type":"post","link":"https:\/\/www.mundi-roth.de\/teneriffa-blog\/wanderungen\/pico-del-ingles-%e2%80%93-santa-cruz\/","title":{"rendered":"Pico del Ingl\u00e9s \u2013 Santa Cruz"},"content":{"rendered":"<p><strong>Nein! Ich werde von der heutigen Wanderung nicht sagen: \u201cSie ist die Sch\u00f6nste\u201d!<\/strong><br \/>\n<strong> Aber: Sie ist wunder-wundersch\u00f6n!<\/strong><br \/>\nDas Vegetationsbild ist \u00e4u\u00dferst abwechslungsreich:<br \/>\nErst zauberhafter Lorbeerwald mit flechtenbehangenen B\u00e4umen, riesige Erikab\u00e4ume, Farne,<a href=\"http:\/\/www.mundi-roth.de\/teneriffa-blog\/wp-content\/uploads\/2011\/12\/P1030843.jpg\" rel=\"lightbox[1618]\"><img loading=\"lazy\" decoding=\"async\" class=\"alignright size-thumbnail wp-image-1619\" title=\"P1030843\" src=\"http:\/\/www.mundi-roth.de\/teneriffa-blog\/wp-content\/uploads\/2011\/12\/P1030843-150x112.jpg\" alt=\"\" width=\"150\" height=\"112\" srcset=\"https:\/\/www.mundi-roth.de\/teneriffa-blog\/wp-content\/uploads\/2011\/12\/P1030843-150x112.jpg 150w, https:\/\/www.mundi-roth.de\/teneriffa-blog\/wp-content\/uploads\/2011\/12\/P1030843-300x225.jpg 300w, https:\/\/www.mundi-roth.de\/teneriffa-blog\/wp-content\/uploads\/2011\/12\/P1030843.jpg 600w\" sizes=\"auto, (max-width: 150px) 100vw, 150px\" \/><\/a> Moose, Aeonien.<br \/>\nDann: die Eriken mutieren zu Str\u00e4uchern, die steilen Bergh\u00e4nge sind \u00fcberzogen von gro\u00dfen Agaven,<br \/>\nNoch ein St\u00fcck weiter Richtung Meer: die Agaven werden abgel\u00f6st\u00a0 von Exemplaren der Kanaren-Wolfsmilch, die an Gr\u00f6\u00dfe ihresgleichen suchen.<\/p>\n<p><a href=\"http:\/\/www.mundi-roth.de\/teneriffa-blog\/wp-content\/uploads\/2011\/12\/P1030825.jpg\" rel=\"lightbox[1618]\"><img loading=\"lazy\" decoding=\"async\" class=\"alignleft size-thumbnail wp-image-1620\" title=\"P1030825\" src=\"http:\/\/www.mundi-roth.de\/teneriffa-blog\/wp-content\/uploads\/2011\/12\/P1030825-150x112.jpg\" alt=\"\" width=\"150\" height=\"112\" srcset=\"https:\/\/www.mundi-roth.de\/teneriffa-blog\/wp-content\/uploads\/2011\/12\/P1030825-150x112.jpg 150w, https:\/\/www.mundi-roth.de\/teneriffa-blog\/wp-content\/uploads\/2011\/12\/P1030825-300x225.jpg 300w, https:\/\/www.mundi-roth.de\/teneriffa-blog\/wp-content\/uploads\/2011\/12\/P1030825.jpg 600w\" sizes=\"auto, (max-width: 150px) 100vw, 150px\" \/><\/a>Die Ausblicke in die Schluchten und auf die Falten des Anagagebirges, zur K\u00fcste und nach Santa Cruz\u00a0\u00a0 sind grandios.<\/p>\n<p><strong>Wanderwegstrecke:<\/strong> gute 3 Stunden reine Gehzeit bis zum Barrio de la<a href=\"http:\/\/www.mundi-roth.de\/teneriffa-blog\/wp-content\/uploads\/2011\/12\/Track.jpg\" rel=\"lightbox[1618]\"><img loading=\"lazy\" decoding=\"async\" class=\"alignright size-thumbnail wp-image-1640\" title=\"Track\" src=\"http:\/\/www.mundi-roth.de\/teneriffa-blog\/wp-content\/uploads\/2011\/12\/Track-107x150.jpg\" alt=\"\" width=\"107\" height=\"150\" srcset=\"https:\/\/www.mundi-roth.de\/teneriffa-blog\/wp-content\/uploads\/2011\/12\/Track-107x150.jpg 107w, https:\/\/www.mundi-roth.de\/teneriffa-blog\/wp-content\/uploads\/2011\/12\/Track-214x300.jpg 214w, https:\/\/www.mundi-roth.de\/teneriffa-blog\/wp-content\/uploads\/2011\/12\/Track.jpg 429w\" sizes=\"auto, (max-width: 107px) 100vw, 107px\" \/><\/a> Alegr\u00eda in Santa Cruz.<br \/>\nVon hier aus man die M\u00f6glichkeit hat,\u00a0 mit dem Bus zum Busbahnhof zu fahren.<br \/>\nDie Haltestelle befindet sich an der K\u00fcstenstra\u00dfe zwischen Tankstelle und Brunnen \u201cFuente de los Angeles\u201c &#8211; oder man geht ohne Schlenker \u00fcber die Rambla etc. geradeaus die K\u00fcstenstra\u00dfe bis zum Busbahnhof.<\/p>\n<p><strong>Start:<\/strong><br \/>\nDa wir inzwischen wissen, dass die Busverbindungen zu den von uns angestrebten<a href=\"http:\/\/www.mundi-roth.de\/teneriffa-blog\/wp-content\/uploads\/2011\/12\/P1030821.jpg\" rel=\"lightbox[1618]\"><img loading=\"lazy\" decoding=\"async\" class=\"alignright size-thumbnail wp-image-1621\" title=\"P1030821\" src=\"http:\/\/www.mundi-roth.de\/teneriffa-blog\/wp-content\/uploads\/2011\/12\/P1030821-150x112.jpg\" alt=\"\" width=\"150\" height=\"112\" srcset=\"https:\/\/www.mundi-roth.de\/teneriffa-blog\/wp-content\/uploads\/2011\/12\/P1030821-150x112.jpg 150w, https:\/\/www.mundi-roth.de\/teneriffa-blog\/wp-content\/uploads\/2011\/12\/P1030821-300x225.jpg 300w, https:\/\/www.mundi-roth.de\/teneriffa-blog\/wp-content\/uploads\/2011\/12\/P1030821.jpg 600w\" sizes=\"auto, (max-width: 150px) 100vw, 150px\" \/><\/a> Ausgangspunkten der Wanderungen problemlos klappen, ist heute wieder das Anagagebirge, der Pico del Ingl\u00e9s, unser Ziel.<\/p>\n<p>Um 11.15 Uhr setzt uns der Bus Nummer 73\u00a0 am Mirador des Pico del Ingl\u00e9s ab.<br \/>\nEin kurzer Abstecher dorthin, um den Ausblick zu genie\u00dfen, der noch teilweise\u00a0 von den Passatwolken verhangen ist, und schon beginnt der Einstieg in den\u00a0 Abstieg \u00fcber die Degollada de las Hijas, Cabeza de Viento in das Valle de Tahodia mit seinem Barranco und seinem kleinen Stausee.<\/p>\n<p>11.30 Uhr starten wir:<br \/>\nDie Hinweistafel sagt uns: <em>Wanderweg: PR TF 2<\/em>, Valleseco 6,7 km<br \/>\nKurz unterhalb passieren wir\u00a0 rechts ein verfallenes Haus und unter flechtenbehangen \u00c4sten schl\u00e4ngelt sich unser Pfad an der n\u00e4chsten, linksliegenden Ruine vorbei. Dies st\u00f6rt jedoch den bezaubernden Eindruck des M\u00e4rchenwaldes \u00fcberhaupt nicht.<\/p>\n<p>Nach ca. 15 Minuten sto\u00dfen wir auf eine gelbe Hinweistafel auf \u201eBarrio de la Alegr\u00eda\u201c. Das ist unser Ziel in Santa Cruz.<br \/>\n<a href=\"http:\/\/www.mundi-roth.de\/teneriffa-blog\/wp-content\/uploads\/2011\/12\/P1030846.jpg\" rel=\"lightbox[1618]\"><img loading=\"lazy\" decoding=\"async\" class=\"alignleft size-thumbnail wp-image-1622\" title=\"P1030846\" src=\"http:\/\/www.mundi-roth.de\/teneriffa-blog\/wp-content\/uploads\/2011\/12\/P1030846-150x112.jpg\" alt=\"\" width=\"150\" height=\"112\" srcset=\"https:\/\/www.mundi-roth.de\/teneriffa-blog\/wp-content\/uploads\/2011\/12\/P1030846-150x112.jpg 150w, https:\/\/www.mundi-roth.de\/teneriffa-blog\/wp-content\/uploads\/2011\/12\/P1030846-300x225.jpg 300w, https:\/\/www.mundi-roth.de\/teneriffa-blog\/wp-content\/uploads\/2011\/12\/P1030846.jpg 600w\" sizes=\"auto, (max-width: 150px) 100vw, 150px\" \/><\/a>An dieser Stelle lohnt sich ein kurzer Abstecher links vom Weg, um den phantastischen Ausblick auf die H\u00e4nge des \u00e4ltesten Inselteils zu genie\u00dfen.<br \/>\nInzwischen hat sich die Sonne schon etwas durchgek\u00e4mpft und wirft ihre \u201eLichtblicke\u201c auf die Landschaft.<\/p>\n<p>Etwas unterhalb gehen wir an dem n\u00e4chsten verfallenen Haus vorbei, das in den Fels gebaut wurde.<br \/>\nKurz darauf eine kleine Verunsicherung, da rechts ein Weg weiterf\u00fchrt, jedoch wir sehen etwas oberhalb die wei\u00df-gelbe Markierung.<\/p>\n<p><a href=\"http:\/\/www.mundi-roth.de\/teneriffa-blog\/wp-content\/uploads\/2011\/12\/P1030841.jpg\" rel=\"lightbox[1618]\"><img loading=\"lazy\" decoding=\"async\" class=\"alignleft size-thumbnail wp-image-1623\" title=\"P1030841\" src=\"http:\/\/www.mundi-roth.de\/teneriffa-blog\/wp-content\/uploads\/2011\/12\/P1030841-112x150.jpg\" alt=\"\" width=\"112\" height=\"150\" srcset=\"https:\/\/www.mundi-roth.de\/teneriffa-blog\/wp-content\/uploads\/2011\/12\/P1030841-112x150.jpg 112w, https:\/\/www.mundi-roth.de\/teneriffa-blog\/wp-content\/uploads\/2011\/12\/P1030841-225x300.jpg 225w, https:\/\/www.mundi-roth.de\/teneriffa-blog\/wp-content\/uploads\/2011\/12\/P1030841.jpg 450w\" sizes=\"auto, (max-width: 112px) 100vw, 112px\" \/><\/a>Der Weg f\u00fchrt uns \u00fcber gepolsterten Waldboden, dann \u00fcber grobe Steine <a href=\"http:\/\/www.mundi-roth.de\/teneriffa-blog\/wp-content\/uploads\/2011\/12\/P1030852.jpg\" rel=\"lightbox[1618]\"><img loading=\"lazy\" decoding=\"async\" class=\"alignright size-thumbnail wp-image-1624\" title=\"P1030852\" src=\"http:\/\/www.mundi-roth.de\/teneriffa-blog\/wp-content\/uploads\/2011\/12\/P1030852-112x150.jpg\" alt=\"\" width=\"112\" height=\"150\" srcset=\"https:\/\/www.mundi-roth.de\/teneriffa-blog\/wp-content\/uploads\/2011\/12\/P1030852-112x150.jpg 112w, https:\/\/www.mundi-roth.de\/teneriffa-blog\/wp-content\/uploads\/2011\/12\/P1030852-225x300.jpg 225w, https:\/\/www.mundi-roth.de\/teneriffa-blog\/wp-content\/uploads\/2011\/12\/P1030852.jpg 450w\" sizes=\"auto, (max-width: 112px) 100vw, 112px\" \/><\/a>und wechselt sich mit\u00a0 purem Fels ab.<br \/>\nEs handelt sich\u00a0 wieder um einen \u201ecamino real\u201c, der Santa Cruz mit den Orten im Anagagebirge bis Taborno verbunden hat.<\/p>\n<p>Nach 30 Minuten treten wir leider schon wieder aus dem M\u00e4rchenwald heraus und haben \u00fcber die niedrigen Erikab\u00fcsche hinweg den weiten Blick nach Santa Cruz <a href=\"http:\/\/www.mundi-roth.de\/teneriffa-blog\/wp-content\/uploads\/2011\/12\/P1030849.jpg\" rel=\"lightbox[1618]\"><img loading=\"lazy\" decoding=\"async\" class=\"alignleft size-thumbnail wp-image-1625\" title=\"P1030849\" src=\"http:\/\/www.mundi-roth.de\/teneriffa-blog\/wp-content\/uploads\/2011\/12\/P1030849-112x150.jpg\" alt=\"\" width=\"112\" height=\"150\" srcset=\"https:\/\/www.mundi-roth.de\/teneriffa-blog\/wp-content\/uploads\/2011\/12\/P1030849-112x150.jpg 112w, https:\/\/www.mundi-roth.de\/teneriffa-blog\/wp-content\/uploads\/2011\/12\/P1030849-225x300.jpg 225w, https:\/\/www.mundi-roth.de\/teneriffa-blog\/wp-content\/uploads\/2011\/12\/P1030849.jpg 450w\" sizes=\"auto, (max-width: 112px) 100vw, 112px\" \/><\/a>und unter uns auf einen Stausee.<br \/>\nWir passieren eine gro\u00dfe H\u00f6hle mit einem \u201eNebenraum\u201c, die sicher einmal als Tierunterstand und Strohlager diente.<br \/>\nDaneben ein Brunnen. <a href=\"http:\/\/www.mundi-roth.de\/teneriffa-blog\/wp-content\/uploads\/2011\/12\/P1030859.jpg\" rel=\"lightbox[1618]\"><img loading=\"lazy\" decoding=\"async\" class=\"alignright size-thumbnail wp-image-1627\" title=\"P1030859\" src=\"http:\/\/www.mundi-roth.de\/teneriffa-blog\/wp-content\/uploads\/2011\/12\/P1030859-150x121.jpg\" alt=\"\" width=\"150\" height=\"121\" srcset=\"https:\/\/www.mundi-roth.de\/teneriffa-blog\/wp-content\/uploads\/2011\/12\/P1030859-150x121.jpg 150w, https:\/\/www.mundi-roth.de\/teneriffa-blog\/wp-content\/uploads\/2011\/12\/P1030859-300x243.jpg 300w, https:\/\/www.mundi-roth.de\/teneriffa-blog\/wp-content\/uploads\/2011\/12\/P1030859.jpg 548w\" sizes=\"auto, (max-width: 150px) 100vw, 150px\" \/><\/a><a href=\"http:\/\/www.mundi-roth.de\/teneriffa-blog\/wp-content\/uploads\/2011\/12\/P1030857.jpg\" rel=\"lightbox[1618]\"><img loading=\"lazy\" decoding=\"async\" class=\"aligncenter size-thumbnail wp-image-1626\" title=\"P1030857\" src=\"http:\/\/www.mundi-roth.de\/teneriffa-blog\/wp-content\/uploads\/2011\/12\/P1030857-112x150.jpg\" alt=\"\" width=\"112\" height=\"150\" srcset=\"https:\/\/www.mundi-roth.de\/teneriffa-blog\/wp-content\/uploads\/2011\/12\/P1030857-112x150.jpg 112w, https:\/\/www.mundi-roth.de\/teneriffa-blog\/wp-content\/uploads\/2011\/12\/P1030857-225x300.jpg 225w, https:\/\/www.mundi-roth.de\/teneriffa-blog\/wp-content\/uploads\/2011\/12\/P1030857.jpg 450w\" sizes=\"auto, (max-width: 112px) 100vw, 112px\" \/><\/a><\/p>\n<p>Hier biegen wir links ab nach oben und passieren nach ca. 1 Stunde Gehzeit zwei wei\u00dfgestrichene H\u00e4user, von denen aus man wiederum einen guten Blick in die Weite hat und unter uns blicken wir auf zwei K\u00fche, die ja auf Teneriffa Seltenheitswert besitzen.<a href=\"http:\/\/www.mundi-roth.de\/teneriffa-blog\/wp-content\/uploads\/2011\/12\/P1030871.jpg\" rel=\"lightbox[1618]\"><img loading=\"lazy\" decoding=\"async\" class=\"alignright size-thumbnail wp-image-1628\" title=\"P1030871\" src=\"http:\/\/www.mundi-roth.de\/teneriffa-blog\/wp-content\/uploads\/2011\/12\/P1030871-150x112.jpg\" alt=\"\" width=\"150\" height=\"112\" srcset=\"https:\/\/www.mundi-roth.de\/teneriffa-blog\/wp-content\/uploads\/2011\/12\/P1030871-150x112.jpg 150w, https:\/\/www.mundi-roth.de\/teneriffa-blog\/wp-content\/uploads\/2011\/12\/P1030871-300x225.jpg 300w, https:\/\/www.mundi-roth.de\/teneriffa-blog\/wp-content\/uploads\/2011\/12\/P1030871.jpg 600w\" sizes=\"auto, (max-width: 150px) 100vw, 150px\" \/><\/a><\/p>\n<p>Die B\u00e4ume und Str\u00e4ucher sind nun ganz zur\u00fcckgedr\u00e4ngt und die H\u00e4nge sind von Agaven \u00fcberzogen.<\/p>\n<p><a href=\"http:\/\/www.mundi-roth.de\/teneriffa-blog\/wp-content\/uploads\/2011\/12\/P1030868.jpg\" rel=\"lightbox[1618]\"><img loading=\"lazy\" decoding=\"async\" class=\"alignleft size-thumbnail wp-image-1629\" title=\"P1030868\" src=\"http:\/\/www.mundi-roth.de\/teneriffa-blog\/wp-content\/uploads\/2011\/12\/P1030868-150x112.jpg\" alt=\"\" width=\"150\" height=\"112\" srcset=\"https:\/\/www.mundi-roth.de\/teneriffa-blog\/wp-content\/uploads\/2011\/12\/P1030868-150x112.jpg 150w, https:\/\/www.mundi-roth.de\/teneriffa-blog\/wp-content\/uploads\/2011\/12\/P1030868-300x225.jpg 300w, https:\/\/www.mundi-roth.de\/teneriffa-blog\/wp-content\/uploads\/2011\/12\/P1030868.jpg 600w\" sizes=\"auto, (max-width: 150px) 100vw, 150px\" \/><\/a>Ein kleiner Anstieg bringt uns vorbei an gepflegten Kartoffelfeldern und wir landen auf der Anh\u00f6he mit einer Ansammlung von H\u00f6henwohnungen.<br \/>\nDas Hinweisschild weist 2,6 zum Pico del Ingl\u00e9s, 1,2 km nach <a href=\"http:\/\/www.mundi-roth.de\/teneriffa-blog\/wp-content\/uploads\/2011\/12\/P1030869.jpg\" rel=\"lightbox[1618]\"><img loading=\"lazy\" decoding=\"async\" class=\"alignright size-thumbnail wp-image-1630\" title=\"P1030869\" src=\"http:\/\/www.mundi-roth.de\/teneriffa-blog\/wp-content\/uploads\/2011\/12\/P1030869-150x112.jpg\" alt=\"\" width=\"150\" height=\"112\" srcset=\"https:\/\/www.mundi-roth.de\/teneriffa-blog\/wp-content\/uploads\/2011\/12\/P1030869-150x112.jpg 150w, https:\/\/www.mundi-roth.de\/teneriffa-blog\/wp-content\/uploads\/2011\/12\/P1030869-300x225.jpg 300w, https:\/\/www.mundi-roth.de\/teneriffa-blog\/wp-content\/uploads\/2011\/12\/P1030869.jpg 600w\" sizes=\"auto, (max-width: 150px) 100vw, 150px\" \/><\/a>Catalanes und 8,0 km nach Valleseco aus.<br \/>\nWitzig: Nachdem wir eine Stunde gegangen sind hat sich die Strecke vom Ausgangspunkt 6,7 km um 2 km verl\u00e4ngert.<br \/>\nMuss man sicher nicht ernst nehmen.<\/p>\n<p>Wir entscheiden, diesem Weg nicht zu folgen und gehen ein St\u00fcck zur\u00fcck, missachten die wei\u00df-gelb-gekreuzten Balken \u2013 die ja eigentlich darauf hinweisen, <a href=\"http:\/\/www.mundi-roth.de\/teneriffa-blog\/wp-content\/uploads\/2011\/12\/P1030873a.jpg\" rel=\"lightbox[1618]\"><img loading=\"lazy\" decoding=\"async\" class=\"alignleft size-thumbnail wp-image-1631\" title=\"P1030873a\" src=\"http:\/\/www.mundi-roth.de\/teneriffa-blog\/wp-content\/uploads\/2011\/12\/P1030873a-150x103.jpg\" alt=\"\" width=\"150\" height=\"103\" srcset=\"https:\/\/www.mundi-roth.de\/teneriffa-blog\/wp-content\/uploads\/2011\/12\/P1030873a-150x103.jpg 150w, https:\/\/www.mundi-roth.de\/teneriffa-blog\/wp-content\/uploads\/2011\/12\/P1030873a-300x207.jpg 300w, https:\/\/www.mundi-roth.de\/teneriffa-blog\/wp-content\/uploads\/2011\/12\/P1030873a.jpg 600w\" sizes=\"auto, (max-width: 150px) 100vw, 150px\" \/><\/a>dass hier der Weg nicht weitergeht \u2013 und folgen dem gut auszumachenden Pfad bergab, der uns an einer bewohnten Finca vorbeibringt, die von Kartoffelfeldern umgeben ist. Das Hundegekl\u00e4ff verfolgt uns noch lange. Nun kommen wir an den<a href=\"http:\/\/www.mundi-roth.de\/teneriffa-blog\/wp-content\/uploads\/2011\/12\/P1030872a.jpg\" rel=\"lightbox[1618]\"><img loading=\"lazy\" decoding=\"async\" class=\"alignright size-thumbnail wp-image-1632\" title=\"P1030872a\" src=\"http:\/\/www.mundi-roth.de\/teneriffa-blog\/wp-content\/uploads\/2011\/12\/P1030872a-150x101.jpg\" alt=\"\" width=\"150\" height=\"101\" srcset=\"https:\/\/www.mundi-roth.de\/teneriffa-blog\/wp-content\/uploads\/2011\/12\/P1030872a-150x101.jpg 150w, https:\/\/www.mundi-roth.de\/teneriffa-blog\/wp-content\/uploads\/2011\/12\/P1030872a-300x202.jpg 300w, https:\/\/www.mundi-roth.de\/teneriffa-blog\/wp-content\/uploads\/2011\/12\/P1030872a.jpg 600w\" sizes=\"auto, (max-width: 150px) 100vw, 150px\" \/><\/a> widerk\u00e4uenden K\u00fchen vorbei, die malerisch unter einem Eukalyptusbaum ruhen.<br \/>\nEtwas unterhalb &#8211; den \u201e\u00c4pfeln\u201c nach zu urteilen &#8211; ein Pferdestall und <a href=\"http:\/\/www.mundi-roth.de\/teneriffa-blog\/wp-content\/uploads\/2011\/12\/P1030876.jpg\" rel=\"lightbox[1618]\"><img loading=\"lazy\" decoding=\"async\" class=\"alignleft size-thumbnail wp-image-1633\" title=\"P1030876\" src=\"http:\/\/www.mundi-roth.de\/teneriffa-blog\/wp-content\/uploads\/2011\/12\/P1030876-150x112.jpg\" alt=\"\" width=\"150\" height=\"112\" srcset=\"https:\/\/www.mundi-roth.de\/teneriffa-blog\/wp-content\/uploads\/2011\/12\/P1030876-150x112.jpg 150w, https:\/\/www.mundi-roth.de\/teneriffa-blog\/wp-content\/uploads\/2011\/12\/P1030876-300x225.jpg 300w, https:\/\/www.mundi-roth.de\/teneriffa-blog\/wp-content\/uploads\/2011\/12\/P1030876.jpg 600w\" sizes=\"auto, (max-width: 150px) 100vw, 150px\" \/><\/a>noch etwas weiter wandern wir an einer Galerie vorbei und gelangen an einen Barranco, den wir im Laufe der Wanderung mehrfach kreuzen und der durch seine abwechslungsreiche Steinformen und \u2013farben<a href=\"http:\/\/www.mundi-roth.de\/teneriffa-blog\/wp-content\/uploads\/2011\/12\/P1030881.jpg\" rel=\"lightbox[1618]\"><img loading=\"lazy\" decoding=\"async\" class=\"alignright size-thumbnail wp-image-1634\" title=\"P1030881\" src=\"http:\/\/www.mundi-roth.de\/teneriffa-blog\/wp-content\/uploads\/2011\/12\/P1030881-150x112.jpg\" alt=\"\" width=\"150\" height=\"112\" srcset=\"https:\/\/www.mundi-roth.de\/teneriffa-blog\/wp-content\/uploads\/2011\/12\/P1030881-150x112.jpg 150w, https:\/\/www.mundi-roth.de\/teneriffa-blog\/wp-content\/uploads\/2011\/12\/P1030881-300x225.jpg 300w, https:\/\/www.mundi-roth.de\/teneriffa-blog\/wp-content\/uploads\/2011\/12\/P1030881.jpg 600w\" sizes=\"auto, (max-width: 150px) 100vw, 150px\" \/><\/a> hervorsticht.<\/p>\n<p>Nunmehr gehen wir zum Teil \u00fcber puren, glatten Fels der sich dann wiederum mit dickeren Felsbrocken abl\u00f6st.<br \/>\nUnd: alles stets steil bergab. Und: kein einziger Hinweis. Lediglich hin und wieder kann man die ganz verblichenen ehemaligen Wanderkennzeichen in Rautenform erkennen.<\/p>\n<p>Nach 2 Stunden Gehzeit machen wir am Barranco unsere obligatorische Apfelpause und bleiben tats\u00e4chlich 20 Minuten in der Sonne\u00a0 sitzen, da es so herrlich ist in dieser Ruhe, dieser Abgeschiedenheit.<\/p>\n<p><a href=\"http:\/\/www.mundi-roth.de\/teneriffa-blog\/wp-content\/uploads\/2011\/12\/P1030888.jpg\" rel=\"lightbox[1618]\"><img loading=\"lazy\" decoding=\"async\" class=\"alignleft size-thumbnail wp-image-1635\" title=\"P1030888\" src=\"http:\/\/www.mundi-roth.de\/teneriffa-blog\/wp-content\/uploads\/2011\/12\/P1030888-150x112.jpg\" alt=\"\" width=\"150\" height=\"112\" srcset=\"https:\/\/www.mundi-roth.de\/teneriffa-blog\/wp-content\/uploads\/2011\/12\/P1030888-150x112.jpg 150w, https:\/\/www.mundi-roth.de\/teneriffa-blog\/wp-content\/uploads\/2011\/12\/P1030888-300x225.jpg 300w, https:\/\/www.mundi-roth.de\/teneriffa-blog\/wp-content\/uploads\/2011\/12\/P1030888.jpg 600w\" sizes=\"auto, (max-width: 150px) 100vw, 150px\" \/><\/a>In diesem Bereich hat sich die Kanaren-Wolfsmilch breit gemacht. Riesige Exemplare, die ihresgleichen suchen!<\/p>\n<p>20 Minuten nach unserer Apfelpause blicken wir von oben auf weidende Schafe, auf eine Asphaltstra\u00dfe und eine Ansiedlung. Dorthin m\u00fcssen wir absteigen.<a href=\"http:\/\/www.mundi-roth.de\/teneriffa-blog\/wp-content\/uploads\/2011\/12\/P1030889.jpg\" rel=\"lightbox[1618]\"><img loading=\"lazy\" decoding=\"async\" class=\"alignright size-thumbnail wp-image-1636\" title=\"P1030889\" src=\"http:\/\/www.mundi-roth.de\/teneriffa-blog\/wp-content\/uploads\/2011\/12\/P1030889-150x112.jpg\" alt=\"\" width=\"150\" height=\"112\" srcset=\"https:\/\/www.mundi-roth.de\/teneriffa-blog\/wp-content\/uploads\/2011\/12\/P1030889-150x112.jpg 150w, https:\/\/www.mundi-roth.de\/teneriffa-blog\/wp-content\/uploads\/2011\/12\/P1030889-300x225.jpg 300w, https:\/\/www.mundi-roth.de\/teneriffa-blog\/wp-content\/uploads\/2011\/12\/P1030889.jpg 600w\" sizes=\"auto, (max-width: 150px) 100vw, 150px\" \/><\/a><br \/>\nWir befinden uns im Valle de Tahodio.<\/p>\n<p>Von da aus geht es leider nur noch auf der Fahrstra\u00dfe weiter. Da diese jedoch ganz wenig befahren wird, ist es kein Problem.<br \/>\nWir passieren das \u00d6rtchen Cueva Prieta und unterhalb des n\u00e4chsten \u00d6rtchens Puente de Hierro alto marschieren wir, eingerahmt von Felsen, Richtung Meer.<br \/>\n30 Minuten bewegen wir uns nun auf der Pista Valle de Tahodio. Gelangen an eine Bushaltestelle vor einer Schule, die jedoch nur eine Haltstelle f\u00fcr Schulbusse sein soll.<br \/>\nDa wir noch gut \u201ezu Fu\u00df\u201c sind, beschlie\u00dfen wir von dem nun erreichten Barrio de la Alegr\u00eda in der N\u00e4he des Hafens per pedes zum Busbahnhof zu gehen.<\/p>\n<p>Nach 3 \u00bd Stunden sind wir an dem Brunnen \u201eFuente de los Angeles\u201c, dem protzigen <a href=\"http:\/\/www.mundi-roth.de\/teneriffa-blog\/wp-content\/uploads\/2011\/12\/P1030891.jpg\" rel=\"lightbox[1618]\"><img loading=\"lazy\" decoding=\"async\" class=\"alignright size-thumbnail wp-image-1637\" title=\"P1030891\" src=\"http:\/\/www.mundi-roth.de\/teneriffa-blog\/wp-content\/uploads\/2011\/12\/P1030891-150x112.jpg\" alt=\"\" width=\"150\" height=\"112\" srcset=\"https:\/\/www.mundi-roth.de\/teneriffa-blog\/wp-content\/uploads\/2011\/12\/P1030891-150x112.jpg 150w, https:\/\/www.mundi-roth.de\/teneriffa-blog\/wp-content\/uploads\/2011\/12\/P1030891-300x225.jpg 300w, https:\/\/www.mundi-roth.de\/teneriffa-blog\/wp-content\/uploads\/2011\/12\/P1030891.jpg 600w\" sizes=\"auto, (max-width: 150px) 100vw, 150px\" \/><\/a>Denkmal zu Ehren Francos und biegen in die Rambla de Santa Cruz ab.<\/p>\n<p>Diese Strecke noch mal abzulaufen, hatten wir uns damals bei der <a href=\"http:\/\/www.mundi-roth.de\/teneriffa-blog\/wanderungen\/santa-cruz-hop-on-hop-off\/\">Stadtbesichtigung mit dem Sightseeingbus \u201eHop on \/ Hop off\u201c<\/a> vorgenommen, um die auf der Rambla ausgestellten Kunstwerke n\u00e4her in Augenschein nehmen zu k\u00f6nnen.<br \/>\nGesagt, getan.<\/p>\n<p><a href=\"http:\/\/www.mundi-roth.de\/teneriffa-blog\/wp-content\/uploads\/2011\/12\/P1030904.jpg\" rel=\"lightbox[1618]\"><img loading=\"lazy\" decoding=\"async\" class=\"alignleft size-thumbnail wp-image-1638\" title=\"P1030904\" src=\"http:\/\/www.mundi-roth.de\/teneriffa-blog\/wp-content\/uploads\/2011\/12\/P1030904-150x112.jpg\" alt=\"\" width=\"150\" height=\"112\" srcset=\"https:\/\/www.mundi-roth.de\/teneriffa-blog\/wp-content\/uploads\/2011\/12\/P1030904-150x112.jpg 150w, https:\/\/www.mundi-roth.de\/teneriffa-blog\/wp-content\/uploads\/2011\/12\/P1030904-300x225.jpg 300w, https:\/\/www.mundi-roth.de\/teneriffa-blog\/wp-content\/uploads\/2011\/12\/P1030904.jpg 600w\" sizes=\"auto, (max-width: 150px) 100vw, 150px\" \/><\/a>Eine halbe Stunde sind wir dort \u201elustwandelt\u201c und nach dem Kunstwerk von Xavier Corber\u00f3 \u201eEjecutores y Ejecutados\u201c biegen wir links ab, gelangen schnell an der Deutschen Botschaft vorbei zum Melita-Caf\u00e9 in der Calle Costa y Grejalba.<\/p>\n<p>Hier legen wir einen kurzen Stopp ein und wandern unverdrossen durch <a href=\"http:\/\/www.mundi-roth.de\/teneriffa-blog\/wp-content\/uploads\/2011\/12\/P1030906.jpg\" rel=\"lightbox[1618]\"><img loading=\"lazy\" decoding=\"async\" class=\"alignright size-thumbnail wp-image-1639\" title=\"P1030906\" src=\"http:\/\/www.mundi-roth.de\/teneriffa-blog\/wp-content\/uploads\/2011\/12\/P1030906-150x113.jpg\" alt=\"\" width=\"150\" height=\"113\" srcset=\"https:\/\/www.mundi-roth.de\/teneriffa-blog\/wp-content\/uploads\/2011\/12\/P1030906-150x113.jpg 150w, https:\/\/www.mundi-roth.de\/teneriffa-blog\/wp-content\/uploads\/2011\/12\/P1030906-300x226.jpg 300w, https:\/\/www.mundi-roth.de\/teneriffa-blog\/wp-content\/uploads\/2011\/12\/P1030906.jpg 600w\" sizes=\"auto, (max-width: 150px) 100vw, 150px\" \/><\/a>Santa Cruz mit unseren Wanderstiefeln, Rucksack und St\u00f6cken. Vorbei am Platz des 25. Juli mit dem Froschbrunnen,\u00a0 dem afrikanischen Markt, dem Museum TEA zu Corte Ingl\u00e9s.<br \/>\nDie Zeit reicht auch noch, um hier kleine Besorgungen zu machen und um 16:45 Uhr bringt uns der 110er Bus wieder sicher nach Los Cristianos, wo wir gegen 17:30 Uhr von unseren M\u00e4nnern in Empfang genommen werden.<\/p>\n<p><strong>Fazit:<\/strong><br \/>\nWieder eine Wanderung die uns die Sch\u00f6nheit der Insel und Ihren Abwechslungsreichtum vor Augen f\u00fchrt.<br \/>\nDieser Weg ist \u2013 vorausgesetzt man kann gut bergab gehen \u2013 leicht zu gehen, ohne die geringste kritische Stelle.<br \/>\nAllerdings sollte es trocken sein, denn sonst wird\u2019s rutschig.<\/p>\n<p><strong>Anfahrt:<\/strong><br \/>\nMit dem Linienbus Nr. 110 der TITSA um 8.45 Uhr ab Busbahnhof Playas de Las Am\u00e9ricas. Ankunft in Santa Cruz: 9.50 Uhr.<br \/>\nWeiterfahrt mit der Linie 102 um 10.10 Uhr nach La Laguna Busbahnhof. Ankunft 10.30 Uhr.<br \/>\nWeiterfahrt mit der Linie Nr. 73 um 10.45 Uhr.<br \/>\nAnkunft in Pico del Ingl\u00e9s um 11.15 Uhr<br \/>\nR\u00fcckfahrt von Santa Cruz wieder mit der Linie 110 um 16.45 Uhr.<\/p>\n","protected":false},"excerpt":{"rendered":"<p>Nein! Ich werde von der heutigen Wanderung nicht sagen: \u201cSie ist die Sch\u00f6nste\u201d! Aber: Sie ist wunder-wundersch\u00f6n! Das Vegetationsbild ist \u00e4u\u00dferst abwechslungsreich: Erst zauberhafter Lorbeerwald mit flechtenbehangenen B\u00e4umen, riesige Erikab\u00e4ume, Farne, Moose, Aeonien. Dann: die Eriken mutieren zu Str\u00e4uchern, die steilen Bergh\u00e4nge sind \u00fcberzogen von gro\u00dfen Agaven, Noch ein St\u00fcck weiter Richtung Meer: die Agaven [&hellip;]<\/p>\n","protected":false},"author":4,"featured_media":0,"comment_status":"open","ping_status":"open","sticky":false,"template":"","format":"standard","meta":{"footnotes":""},"categories":[768,6],"tags":[516,517,519,521,518,514,515,520],"class_list":["post-1618","post","type-post","status-publish","format-standard","hentry","category-anaga-gebirge","category-wanderungen","tag-anagagebirge","tag-barrio-de-la-alegria","tag-cabeza-de-viento","tag-cueva-prieta","tag-degollada-de-las-hijas","tag-pico-del-ingles","tag-santa-cruz","tag-valle-de-tahodia"],"yoast_head":"<!-- This site is optimized with the Yoast SEO plugin v27.5 - https:\/\/yoast.com\/product\/yoast-seo-wordpress\/ -->\n<title>Pico del Ingl\u00e9s \u2013 Santa Cruz - Teneriffa Wandern<\/title>\n<meta name=\"robots\" content=\"index, follow, max-snippet:-1, max-image-preview:large, max-video-preview:-1\" \/>\n<link rel=\"canonical\" href=\"https:\/\/www.mundi-roth.de\/teneriffa-blog\/wanderungen\/pico-del-ingles-\u2013-santa-cruz\/\" \/>\n<meta name=\"twitter:label1\" content=\"Verfasst von\" \/>\n\t<meta name=\"twitter:data1\" content=\"mundi\" \/>\n\t<meta name=\"twitter:label2\" content=\"Gesch\u00e4tzte Lesezeit\" \/>\n\t<meta name=\"twitter:data2\" content=\"6\u00a0Minuten\" \/>\n<script type=\"application\/ld+json\" class=\"yoast-schema-graph\">{\"@context\":\"https:\\\/\\\/schema.org\",\"@graph\":[{\"@type\":\"Article\",\"@id\":\"https:\\\/\\\/www.mundi-roth.de\\\/teneriffa-blog\\\/wanderungen\\\/pico-del-ingles-%e2%80%93-santa-cruz\\\/#article\",\"isPartOf\":{\"@id\":\"https:\\\/\\\/www.mundi-roth.de\\\/teneriffa-blog\\\/wanderungen\\\/pico-del-ingles-%e2%80%93-santa-cruz\\\/\"},\"author\":{\"name\":\"mundi\",\"@id\":\"https:\\\/\\\/www.mundi-roth.de\\\/teneriffa-blog\\\/#\\\/schema\\\/person\\\/971c66b55f3ae5e8741553688c413cac\"},\"headline\":\"Pico del Ingl\u00e9s \u2013 Santa Cruz\",\"datePublished\":\"2011-12-13T21:00:54+00:00\",\"dateModified\":\"2015-04-09T14:07:42+00:00\",\"mainEntityOfPage\":{\"@id\":\"https:\\\/\\\/www.mundi-roth.de\\\/teneriffa-blog\\\/wanderungen\\\/pico-del-ingles-%e2%80%93-santa-cruz\\\/\"},\"wordCount\":1240,\"commentCount\":0,\"image\":{\"@id\":\"https:\\\/\\\/www.mundi-roth.de\\\/teneriffa-blog\\\/wanderungen\\\/pico-del-ingles-%e2%80%93-santa-cruz\\\/#primaryimage\"},\"thumbnailUrl\":\"http:\\\/\\\/www.mundi-roth.de\\\/teneriffa-blog\\\/wp-content\\\/uploads\\\/2011\\\/12\\\/P1030843-150x112.jpg\",\"keywords\":[\"Anagagebirge\",\"Barrio de la Alegr\u00eda\",\"Cabeza de Viento\",\"Cueva Prieta\",\"Degollada de las Hijas\",\"Pico del Ingl\u00e9s\",\"Santa Cruz\",\"Valle de Tahodia\"],\"articleSection\":[\"Anaga-Gebirge\",\"Wanderungen\"],\"inLanguage\":\"de\",\"potentialAction\":[{\"@type\":\"CommentAction\",\"name\":\"Comment\",\"target\":[\"https:\\\/\\\/www.mundi-roth.de\\\/teneriffa-blog\\\/wanderungen\\\/pico-del-ingles-%e2%80%93-santa-cruz\\\/#respond\"]}]},{\"@type\":\"WebPage\",\"@id\":\"https:\\\/\\\/www.mundi-roth.de\\\/teneriffa-blog\\\/wanderungen\\\/pico-del-ingles-%e2%80%93-santa-cruz\\\/\",\"url\":\"https:\\\/\\\/www.mundi-roth.de\\\/teneriffa-blog\\\/wanderungen\\\/pico-del-ingles-%e2%80%93-santa-cruz\\\/\",\"name\":\"Pico del Ingl\u00e9s \u2013 Santa Cruz - Teneriffa Wandern\",\"isPartOf\":{\"@id\":\"https:\\\/\\\/www.mundi-roth.de\\\/teneriffa-blog\\\/#website\"},\"primaryImageOfPage\":{\"@id\":\"https:\\\/\\\/www.mundi-roth.de\\\/teneriffa-blog\\\/wanderungen\\\/pico-del-ingles-%e2%80%93-santa-cruz\\\/#primaryimage\"},\"image\":{\"@id\":\"https:\\\/\\\/www.mundi-roth.de\\\/teneriffa-blog\\\/wanderungen\\\/pico-del-ingles-%e2%80%93-santa-cruz\\\/#primaryimage\"},\"thumbnailUrl\":\"http:\\\/\\\/www.mundi-roth.de\\\/teneriffa-blog\\\/wp-content\\\/uploads\\\/2011\\\/12\\\/P1030843-150x112.jpg\",\"datePublished\":\"2011-12-13T21:00:54+00:00\",\"dateModified\":\"2015-04-09T14:07:42+00:00\",\"author\":{\"@id\":\"https:\\\/\\\/www.mundi-roth.de\\\/teneriffa-blog\\\/#\\\/schema\\\/person\\\/971c66b55f3ae5e8741553688c413cac\"},\"breadcrumb\":{\"@id\":\"https:\\\/\\\/www.mundi-roth.de\\\/teneriffa-blog\\\/wanderungen\\\/pico-del-ingles-%e2%80%93-santa-cruz\\\/#breadcrumb\"},\"inLanguage\":\"de\",\"potentialAction\":[{\"@type\":\"ReadAction\",\"target\":[\"https:\\\/\\\/www.mundi-roth.de\\\/teneriffa-blog\\\/wanderungen\\\/pico-del-ingles-%e2%80%93-santa-cruz\\\/\"]}]},{\"@type\":\"ImageObject\",\"inLanguage\":\"de\",\"@id\":\"https:\\\/\\\/www.mundi-roth.de\\\/teneriffa-blog\\\/wanderungen\\\/pico-del-ingles-%e2%80%93-santa-cruz\\\/#primaryimage\",\"url\":\"https:\\\/\\\/www.mundi-roth.de\\\/teneriffa-blog\\\/wp-content\\\/uploads\\\/2011\\\/12\\\/P1030843.jpg\",\"contentUrl\":\"https:\\\/\\\/www.mundi-roth.de\\\/teneriffa-blog\\\/wp-content\\\/uploads\\\/2011\\\/12\\\/P1030843.jpg\",\"width\":\"600\",\"height\":\"450\"},{\"@type\":\"BreadcrumbList\",\"@id\":\"https:\\\/\\\/www.mundi-roth.de\\\/teneriffa-blog\\\/wanderungen\\\/pico-del-ingles-%e2%80%93-santa-cruz\\\/#breadcrumb\",\"itemListElement\":[{\"@type\":\"ListItem\",\"position\":1,\"name\":\"Startseite\",\"item\":\"https:\\\/\\\/www.mundi-roth.de\\\/teneriffa-blog\\\/\"},{\"@type\":\"ListItem\",\"position\":2,\"name\":\"Pico del Ingl\u00e9s \u2013 Santa Cruz\"}]},{\"@type\":\"WebSite\",\"@id\":\"https:\\\/\\\/www.mundi-roth.de\\\/teneriffa-blog\\\/#website\",\"url\":\"https:\\\/\\\/www.mundi-roth.de\\\/teneriffa-blog\\\/\",\"name\":\"Teneriffa Wandern\",\"description\":\"Nicht nur Wanderungen auf Teneriffa...\",\"potentialAction\":[{\"@type\":\"SearchAction\",\"target\":{\"@type\":\"EntryPoint\",\"urlTemplate\":\"https:\\\/\\\/www.mundi-roth.de\\\/teneriffa-blog\\\/?s={search_term_string}\"},\"query-input\":{\"@type\":\"PropertyValueSpecification\",\"valueRequired\":true,\"valueName\":\"search_term_string\"}}],\"inLanguage\":\"de\"},{\"@type\":\"Person\",\"@id\":\"https:\\\/\\\/www.mundi-roth.de\\\/teneriffa-blog\\\/#\\\/schema\\\/person\\\/971c66b55f3ae5e8741553688c413cac\",\"name\":\"mundi\",\"image\":{\"@type\":\"ImageObject\",\"inLanguage\":\"de\",\"@id\":\"https:\\\/\\\/secure.gravatar.com\\\/avatar\\\/555f0dd85428f1a9330f8e5dbe9e40ff9ca912bb81e5a89747ebf3ca9c20dc0f?s=96&d=mm&r=g\",\"url\":\"https:\\\/\\\/secure.gravatar.com\\\/avatar\\\/555f0dd85428f1a9330f8e5dbe9e40ff9ca912bb81e5a89747ebf3ca9c20dc0f?s=96&d=mm&r=g\",\"contentUrl\":\"https:\\\/\\\/secure.gravatar.com\\\/avatar\\\/555f0dd85428f1a9330f8e5dbe9e40ff9ca912bb81e5a89747ebf3ca9c20dc0f?s=96&d=mm&r=g\",\"caption\":\"mundi\"},\"sameAs\":[\"http:\\\/\\\/mundi-roth.de\"],\"url\":\"https:\\\/\\\/www.mundi-roth.de\\\/teneriffa-blog\\\/author\\\/mundi\\\/\"}]}<\/script>\n<!-- \/ Yoast SEO plugin. -->","yoast_head_json":{"title":"Pico del Ingl\u00e9s \u2013 Santa Cruz - Teneriffa Wandern","robots":{"index":"index","follow":"follow","max-snippet":"max-snippet:-1","max-image-preview":"max-image-preview:large","max-video-preview":"max-video-preview:-1"},"canonical":"https:\/\/www.mundi-roth.de\/teneriffa-blog\/wanderungen\/pico-del-ingles-\u2013-santa-cruz\/","twitter_misc":{"Verfasst von":"mundi","Gesch\u00e4tzte Lesezeit":"6\u00a0Minuten"},"schema":{"@context":"https:\/\/schema.org","@graph":[{"@type":"Article","@id":"https:\/\/www.mundi-roth.de\/teneriffa-blog\/wanderungen\/pico-del-ingles-%e2%80%93-santa-cruz\/#article","isPartOf":{"@id":"https:\/\/www.mundi-roth.de\/teneriffa-blog\/wanderungen\/pico-del-ingles-%e2%80%93-santa-cruz\/"},"author":{"name":"mundi","@id":"https:\/\/www.mundi-roth.de\/teneriffa-blog\/#\/schema\/person\/971c66b55f3ae5e8741553688c413cac"},"headline":"Pico del Ingl\u00e9s \u2013 Santa Cruz","datePublished":"2011-12-13T21:00:54+00:00","dateModified":"2015-04-09T14:07:42+00:00","mainEntityOfPage":{"@id":"https:\/\/www.mundi-roth.de\/teneriffa-blog\/wanderungen\/pico-del-ingles-%e2%80%93-santa-cruz\/"},"wordCount":1240,"commentCount":0,"image":{"@id":"https:\/\/www.mundi-roth.de\/teneriffa-blog\/wanderungen\/pico-del-ingles-%e2%80%93-santa-cruz\/#primaryimage"},"thumbnailUrl":"http:\/\/www.mundi-roth.de\/teneriffa-blog\/wp-content\/uploads\/2011\/12\/P1030843-150x112.jpg","keywords":["Anagagebirge","Barrio de la Alegr\u00eda","Cabeza de Viento","Cueva Prieta","Degollada de las Hijas","Pico del Ingl\u00e9s","Santa Cruz","Valle de Tahodia"],"articleSection":["Anaga-Gebirge","Wanderungen"],"inLanguage":"de","potentialAction":[{"@type":"CommentAction","name":"Comment","target":["https:\/\/www.mundi-roth.de\/teneriffa-blog\/wanderungen\/pico-del-ingles-%e2%80%93-santa-cruz\/#respond"]}]},{"@type":"WebPage","@id":"https:\/\/www.mundi-roth.de\/teneriffa-blog\/wanderungen\/pico-del-ingles-%e2%80%93-santa-cruz\/","url":"https:\/\/www.mundi-roth.de\/teneriffa-blog\/wanderungen\/pico-del-ingles-%e2%80%93-santa-cruz\/","name":"Pico del Ingl\u00e9s \u2013 Santa Cruz - Teneriffa Wandern","isPartOf":{"@id":"https:\/\/www.mundi-roth.de\/teneriffa-blog\/#website"},"primaryImageOfPage":{"@id":"https:\/\/www.mundi-roth.de\/teneriffa-blog\/wanderungen\/pico-del-ingles-%e2%80%93-santa-cruz\/#primaryimage"},"image":{"@id":"https:\/\/www.mundi-roth.de\/teneriffa-blog\/wanderungen\/pico-del-ingles-%e2%80%93-santa-cruz\/#primaryimage"},"thumbnailUrl":"http:\/\/www.mundi-roth.de\/teneriffa-blog\/wp-content\/uploads\/2011\/12\/P1030843-150x112.jpg","datePublished":"2011-12-13T21:00:54+00:00","dateModified":"2015-04-09T14:07:42+00:00","author":{"@id":"https:\/\/www.mundi-roth.de\/teneriffa-blog\/#\/schema\/person\/971c66b55f3ae5e8741553688c413cac"},"breadcrumb":{"@id":"https:\/\/www.mundi-roth.de\/teneriffa-blog\/wanderungen\/pico-del-ingles-%e2%80%93-santa-cruz\/#breadcrumb"},"inLanguage":"de","potentialAction":[{"@type":"ReadAction","target":["https:\/\/www.mundi-roth.de\/teneriffa-blog\/wanderungen\/pico-del-ingles-%e2%80%93-santa-cruz\/"]}]},{"@type":"ImageObject","inLanguage":"de","@id":"https:\/\/www.mundi-roth.de\/teneriffa-blog\/wanderungen\/pico-del-ingles-%e2%80%93-santa-cruz\/#primaryimage","url":"https:\/\/www.mundi-roth.de\/teneriffa-blog\/wp-content\/uploads\/2011\/12\/P1030843.jpg","contentUrl":"https:\/\/www.mundi-roth.de\/teneriffa-blog\/wp-content\/uploads\/2011\/12\/P1030843.jpg","width":"600","height":"450"},{"@type":"BreadcrumbList","@id":"https:\/\/www.mundi-roth.de\/teneriffa-blog\/wanderungen\/pico-del-ingles-%e2%80%93-santa-cruz\/#breadcrumb","itemListElement":[{"@type":"ListItem","position":1,"name":"Startseite","item":"https:\/\/www.mundi-roth.de\/teneriffa-blog\/"},{"@type":"ListItem","position":2,"name":"Pico del Ingl\u00e9s \u2013 Santa Cruz"}]},{"@type":"WebSite","@id":"https:\/\/www.mundi-roth.de\/teneriffa-blog\/#website","url":"https:\/\/www.mundi-roth.de\/teneriffa-blog\/","name":"Teneriffa Wandern","description":"Nicht nur Wanderungen auf Teneriffa...","potentialAction":[{"@type":"SearchAction","target":{"@type":"EntryPoint","urlTemplate":"https:\/\/www.mundi-roth.de\/teneriffa-blog\/?s={search_term_string}"},"query-input":{"@type":"PropertyValueSpecification","valueRequired":true,"valueName":"search_term_string"}}],"inLanguage":"de"},{"@type":"Person","@id":"https:\/\/www.mundi-roth.de\/teneriffa-blog\/#\/schema\/person\/971c66b55f3ae5e8741553688c413cac","name":"mundi","image":{"@type":"ImageObject","inLanguage":"de","@id":"https:\/\/secure.gravatar.com\/avatar\/555f0dd85428f1a9330f8e5dbe9e40ff9ca912bb81e5a89747ebf3ca9c20dc0f?s=96&d=mm&r=g","url":"https:\/\/secure.gravatar.com\/avatar\/555f0dd85428f1a9330f8e5dbe9e40ff9ca912bb81e5a89747ebf3ca9c20dc0f?s=96&d=mm&r=g","contentUrl":"https:\/\/secure.gravatar.com\/avatar\/555f0dd85428f1a9330f8e5dbe9e40ff9ca912bb81e5a89747ebf3ca9c20dc0f?s=96&d=mm&r=g","caption":"mundi"},"sameAs":["http:\/\/mundi-roth.de"],"url":"https:\/\/www.mundi-roth.de\/teneriffa-blog\/author\/mundi\/"}]}},"_links":{"self":[{"href":"https:\/\/www.mundi-roth.de\/teneriffa-blog\/wp-json\/wp\/v2\/posts\/1618","targetHints":{"allow":["GET"]}}],"collection":[{"href":"https:\/\/www.mundi-roth.de\/teneriffa-blog\/wp-json\/wp\/v2\/posts"}],"about":[{"href":"https:\/\/www.mundi-roth.de\/teneriffa-blog\/wp-json\/wp\/v2\/types\/post"}],"author":[{"embeddable":true,"href":"https:\/\/www.mundi-roth.de\/teneriffa-blog\/wp-json\/wp\/v2\/users\/4"}],"replies":[{"embeddable":true,"href":"https:\/\/www.mundi-roth.de\/teneriffa-blog\/wp-json\/wp\/v2\/comments?post=1618"}],"version-history":[{"count":0,"href":"https:\/\/www.mundi-roth.de\/teneriffa-blog\/wp-json\/wp\/v2\/posts\/1618\/revisions"}],"wp:attachment":[{"href":"https:\/\/www.mundi-roth.de\/teneriffa-blog\/wp-json\/wp\/v2\/media?parent=1618"}],"wp:term":[{"taxonomy":"category","embeddable":true,"href":"https:\/\/www.mundi-roth.de\/teneriffa-blog\/wp-json\/wp\/v2\/categories?post=1618"},{"taxonomy":"post_tag","embeddable":true,"href":"https:\/\/www.mundi-roth.de\/teneriffa-blog\/wp-json\/wp\/v2\/tags?post=1618"}],"curies":[{"name":"wp","href":"https:\/\/api.w.org\/{rel}","templated":true}]}}