{"id":1643,"date":"2011-12-21T22:00:19","date_gmt":"2011-12-21T21:00:19","guid":{"rendered":"http:\/\/www.mundi-roth.de\/teneriffa-blog\/?p=1643"},"modified":"2015-04-09T15:06:59","modified_gmt":"2015-04-09T14:06:59","slug":"cruz-del-camino-%e2%80%93-los-brezos-%e2%80%93-cruz-del-camino","status":"publish","type":"post","link":"https:\/\/www.mundi-roth.de\/teneriffa-blog\/wanderungen\/cruz-del-camino-%e2%80%93-los-brezos-%e2%80%93-cruz-del-camino\/","title":{"rendered":"Cruz del Camino \u2013 Los Brezos \u2013 Cruz del Camino"},"content":{"rendered":"<p><strong>Die Rund-Tour ist unbedingt empfehlenswert! <\/strong><\/p>\n<p><strong>Vier m\u00e4chtige Barrancos, imposante Felsformationen und Felsw\u00e4nde, die ber\u00fchmten \u201eLajas de Chafa\u201c (Steinplatten von Chafa\u201c). Hoch hinauf landwirtschaftlich genutzte Fl\u00e4chen, Wasserspeicher, Kan\u00e4le. Ein sch\u00f6ner Kiefernwald. Weitblick zur Insel Gran Canaria, Tiefblick nach Candelaria und zur Monta\u00f1a Grande oder auch Monta\u00f1a Socorro im Malpa\u00eds de G\u00fcimar und H\u00f6henblick auf die Bergr\u00fccken oberhalb von Arafo und G\u00fcimar bis zum Sonnen-Observatorium Iza\u00f1a<\/strong><\/p>\n<p>In dem Gebiet der lokalen Wanderwege von Candelaria\u00a0 \u201eSL\u201c \u201cSenderos Locales de Candelaria\u201d sind wir erst zweimal gewesen.<br \/>\nDas waren die Touren: <a href=\"http:\/\/www.mundi-roth.de\/teneriffa-blog\/wanderungen\/la-mesa-igueste-araya\/\">\u201eLa Mesa\u201c<\/a>, beschrieben am 13.4.2008 und \u201cBarranco Chacorche\u201c\u00a0 (nicht beschrieben).<br \/>\nHeute haben wir uns die l\u00e4ngste Strecke dieses Wandergebietes\u00a0 vorgenommen, den Rundweg von 8,5 km, der sich aus verschiedenen Wanderstrecken zusammen zusammensetzt:<br \/>\n\u201cIgonce\u201d, \u201dPiedras de Carcho\u201d \u201eEl Luchon\u2019\u201c und Barranco \u201dLa Gotera\u201c.<\/p>\n<p><a href=\"http:\/\/www.mundi-roth.de\/teneriffa-blog\/wp-content\/uploads\/2011\/12\/P1030936.jpg\" rel=\"lightbox[1643]\"><img loading=\"lazy\" decoding=\"async\" class=\"alignleft size-thumbnail wp-image-1664\" title=\"P1030936\" src=\"http:\/\/www.mundi-roth.de\/teneriffa-blog\/wp-content\/uploads\/2011\/12\/P1030936-150x63.jpg\" alt=\"\" width=\"150\" height=\"63\" srcset=\"https:\/\/www.mundi-roth.de\/teneriffa-blog\/wp-content\/uploads\/2011\/12\/P1030936-150x63.jpg 150w, https:\/\/www.mundi-roth.de\/teneriffa-blog\/wp-content\/uploads\/2011\/12\/P1030936-300x127.jpg 300w, https:\/\/www.mundi-roth.de\/teneriffa-blog\/wp-content\/uploads\/2011\/12\/P1030936.jpg 600w\" sizes=\"auto, (max-width: 150px) 100vw, 150px\" \/><\/a><br \/>\n<a href=\"http:\/\/www.mundi-roth.de\/teneriffa-blog\/wp-content\/uploads\/2011\/12\/P1030961w.jpg\" rel=\"lightbox[1643]\"><img loading=\"lazy\" decoding=\"async\" class=\"alignright size-thumbnail wp-image-1663\" title=\"P1030961w\" src=\"http:\/\/www.mundi-roth.de\/teneriffa-blog\/wp-content\/uploads\/2011\/12\/P1030961w-150x56.jpg\" alt=\"\" width=\"150\" height=\"56\" srcset=\"https:\/\/www.mundi-roth.de\/teneriffa-blog\/wp-content\/uploads\/2011\/12\/P1030961w-150x56.jpg 150w, https:\/\/www.mundi-roth.de\/teneriffa-blog\/wp-content\/uploads\/2011\/12\/P1030961w-300x113.jpg 300w, https:\/\/www.mundi-roth.de\/teneriffa-blog\/wp-content\/uploads\/2011\/12\/P1030961w.jpg 700w\" sizes=\"auto, (max-width: 150px) 100vw, 150px\" \/><\/a><\/p>\n<p>&nbsp;<\/p>\n<p>In dem Ortsteil Cruz del Camino, weit oberhalb der Ortschaft Araya, hat man die Qual der Wahl:<br \/>\nLos Brezos:\u00a0 Wanderweg: SL TF 294<br \/>\nLinks herum, Anstieg 5,2 km<br \/>\nrechts herum, Anstieg 3,3 km.<\/p>\n<p>Wir denken, lieber erst die l\u00e4ngere Strecke \u2013 wie es sich sp\u00e4ter herausstellen sollte \u2013 unser Gl\u00fcck &#8211; denn dieser Weg ist wesentlich sch\u00f6ner und besser zu gehen als der Abstieg. Dieser f\u00fchrt zum Teil \u00fcber Split-, Asphalt-, Beton-Piste. Daran h\u00e4tten wir keinen Spa\u00df\u00a0 gehabt, dort aufzusteigen.<\/p>\n<p><strong>Wanderwegstrecke:<\/strong> reine Gehzeit: ca. 4 Stunden<a href=\"http:\/\/www.mundi-roth.de\/teneriffa-blog\/wp-content\/uploads\/2011\/12\/Track03a.jpg\" rel=\"lightbox[1643]\"><img loading=\"lazy\" decoding=\"async\" class=\"alignright size-thumbnail wp-image-1662\" title=\"Track03a\" src=\"http:\/\/www.mundi-roth.de\/teneriffa-blog\/wp-content\/uploads\/2011\/12\/Track03a-150x102.jpg\" alt=\"\" width=\"150\" height=\"102\" srcset=\"https:\/\/www.mundi-roth.de\/teneriffa-blog\/wp-content\/uploads\/2011\/12\/Track03a-150x102.jpg 150w, https:\/\/www.mundi-roth.de\/teneriffa-blog\/wp-content\/uploads\/2011\/12\/Track03a-300x205.jpg 300w, https:\/\/www.mundi-roth.de\/teneriffa-blog\/wp-content\/uploads\/2011\/12\/Track03a.jpg 417w\" sizes=\"auto, (max-width: 150px) 100vw, 150px\" \/><\/a><\/p>\n<p>Man kann sicher schneller wieder am Ziel sein, dies war f\u00fcr uns aber nicht erstrebenswert. Wir blieben \u00f6fter stehen um die Aus-\u00a0 und Einblicke zu genie\u00dfen, zum Fotografieren, zum Verschnaufen, zum Unterhalten, denn der Aufstieg ist sehr steil, man braucht die Luft zum Gehen und das \u201cPlaudern\u201c muss warten.<\/p>\n<p>Also: Auf den Weg:<br \/>\n10.15 Uhr starten wir.<br \/>\nZuerst geht es auch hier ein St\u00fcck auf der Asphalt-Fahrstra\u00dfe, jedoch schon bald biegen wir links auf den wei\u00df-gr\u00fcn-markierten Pfad ab.<br \/>\nNach 20 Minuten steigen wir den Weg in einen kleinen Barranco ab, der uns nat\u00fcrlich auf der gegen\u00fcberliegenden Seite wieder bergauf f\u00fchrt.<br \/>\nDer Weggestaltung nach \u2013 dicke Steinplatten zum Teil eingerahmt von Felsmauern oder <a href=\"http:\/\/www.mundi-roth.de\/teneriffa-blog\/wp-content\/uploads\/2011\/12\/P10309391.jpg\" rel=\"lightbox[1643]\"><img loading=\"lazy\" decoding=\"async\" class=\"alignright size-thumbnail wp-image-1661\" title=\"P1030939\" src=\"http:\/\/www.mundi-roth.de\/teneriffa-blog\/wp-content\/uploads\/2011\/12\/P10309391-112x150.jpg\" alt=\"\" width=\"112\" height=\"150\" srcset=\"https:\/\/www.mundi-roth.de\/teneriffa-blog\/wp-content\/uploads\/2011\/12\/P10309391-112x150.jpg 112w, https:\/\/www.mundi-roth.de\/teneriffa-blog\/wp-content\/uploads\/2011\/12\/P10309391-225x300.jpg 225w, https:\/\/www.mundi-roth.de\/teneriffa-blog\/wp-content\/uploads\/2011\/12\/P10309391.jpg 450w\" sizes=\"auto, (max-width: 112px) 100vw, 112px\" \/><\/a>Felsbrocken \u2013 d\u00fcrfte es sich auch wieder um einen alten Handelsweg \u201ecamino real\u201c handeln der in die Ca\u00f1adas und in den Norden f\u00fchrte.<\/p>\n<p>Bald darauf passieren wir wieder einen Wegweiser: \u201ePiedras de Carcho\u201c \u201eLos Brezos\u201c 3 km und wir <a href=\"http:\/\/www.mundi-roth.de\/teneriffa-blog\/wp-content\/uploads\/2011\/12\/P1030945.jpg\" rel=\"lightbox[1643]\"><img loading=\"lazy\" decoding=\"async\" class=\"alignleft size-thumbnail wp-image-1660\" title=\"P1030945\" src=\"http:\/\/www.mundi-roth.de\/teneriffa-blog\/wp-content\/uploads\/2011\/12\/P1030945-150x112.jpg\" alt=\"\" width=\"150\" height=\"112\" srcset=\"https:\/\/www.mundi-roth.de\/teneriffa-blog\/wp-content\/uploads\/2011\/12\/P1030945-150x112.jpg 150w, https:\/\/www.mundi-roth.de\/teneriffa-blog\/wp-content\/uploads\/2011\/12\/P1030945-300x225.jpg 300w, https:\/\/www.mundi-roth.de\/teneriffa-blog\/wp-content\/uploads\/2011\/12\/P1030945.jpg 600w\" sizes=\"auto, (max-width: 150px) 100vw, 150px\" \/><\/a>steigen bei der Wasserleitung rechts hoch.<br \/>\nWir passieren gut gepflegte Kartoffelfelder und mit Weinreben best\u00fccktes Gel\u00e4nde und steigen steil, steil, super steil bergauf.<\/p>\n<p>Kurz unterhalb eines Strommastens zweigt von der erdigen Fahrpiste &#8211; man glaubt es kaum, dass hier noch ein Fahrzeug hochkommt &#8211;\u00a0\u00a0 rechts der schmale Fu\u00dfpfad ab. Wir sehen die wei\u00df-gr\u00fcne Markierung und blicken in den Barranco hinab, den wir durchschritten haben.<\/p>\n<p>Nach 45 Minuten Aufstieg erreichen wir die Kiefernwald-Baumgrenze und \u2013 keine M\u00fcdigkeit <a href=\"http:\/\/www.mundi-roth.de\/teneriffa-blog\/wp-content\/uploads\/2011\/12\/P1030952.jpg\" rel=\"lightbox[1643]\"><img loading=\"lazy\" decoding=\"async\" class=\"alignright size-thumbnail wp-image-1659\" title=\"P1030952\" src=\"http:\/\/www.mundi-roth.de\/teneriffa-blog\/wp-content\/uploads\/2011\/12\/P1030952-150x112.jpg\" alt=\"\" width=\"150\" height=\"112\" srcset=\"https:\/\/www.mundi-roth.de\/teneriffa-blog\/wp-content\/uploads\/2011\/12\/P1030952-150x112.jpg 150w, https:\/\/www.mundi-roth.de\/teneriffa-blog\/wp-content\/uploads\/2011\/12\/P1030952-300x225.jpg 300w, https:\/\/www.mundi-roth.de\/teneriffa-blog\/wp-content\/uploads\/2011\/12\/P1030952.jpg 600w\" sizes=\"auto, (max-width: 150px) 100vw, 150px\" \/><\/a>vorsch\u00fctzen \u2013 weiter steil bergauf an einem zugemauerten Wasserkanal entlang &#8230;. und die Sonne brennt.<\/p>\n<p><a href=\"http:\/\/www.mundi-roth.de\/teneriffa-blog\/wp-content\/uploads\/2011\/12\/P1030963.jpg\" rel=\"lightbox[1643]\"><img loading=\"lazy\" decoding=\"async\" class=\"alignleft size-thumbnail wp-image-1658\" title=\"P1030963\" src=\"http:\/\/www.mundi-roth.de\/teneriffa-blog\/wp-content\/uploads\/2011\/12\/P1030963-150x112.jpg\" alt=\"\" width=\"150\" height=\"112\" srcset=\"https:\/\/www.mundi-roth.de\/teneriffa-blog\/wp-content\/uploads\/2011\/12\/P1030963-150x112.jpg 150w, https:\/\/www.mundi-roth.de\/teneriffa-blog\/wp-content\/uploads\/2011\/12\/P1030963-300x225.jpg 300w, https:\/\/www.mundi-roth.de\/teneriffa-blog\/wp-content\/uploads\/2011\/12\/P1030963.jpg 600w\" sizes=\"auto, (max-width: 150px) 100vw, 150px\" \/><\/a>Wie angenehm ist es dann als wir in den Bergschatten kommen und der schmale, gr\u00fcne, feuchte Pfad sich am Barranco entlang abw\u00e4rts schl\u00e4ngelt.<br \/>\nWir haben das Ende dieses m\u00e4chtigen Barrancos erreicht und auf der Gegenseite zieht sich der Pfad sanft bergauf, den wir vorher nicht ausmachen konnten so eingebettet ist er in die Vegetation.<\/p>\n<p>Nach knapp 2 Stunden legen wir unsere obligatorische Apfelpause ein. Die haben wir verdient, denn immerhin haben wir rund 650 H\u00f6henmeter \u00fcberwunden.<\/p>\n<p><a href=\"http:\/\/www.mundi-roth.de\/teneriffa-blog\/wp-content\/uploads\/2011\/12\/P1030969.jpg\" rel=\"lightbox[1643]\"><img loading=\"lazy\" decoding=\"async\" class=\"alignleft size-thumbnail wp-image-1657\" title=\"P1030969\" src=\"http:\/\/www.mundi-roth.de\/teneriffa-blog\/wp-content\/uploads\/2011\/12\/P1030969-150x112.jpg\" alt=\"\" width=\"150\" height=\"112\" srcset=\"https:\/\/www.mundi-roth.de\/teneriffa-blog\/wp-content\/uploads\/2011\/12\/P1030969-150x112.jpg 150w, https:\/\/www.mundi-roth.de\/teneriffa-blog\/wp-content\/uploads\/2011\/12\/P1030969-300x225.jpg 300w, https:\/\/www.mundi-roth.de\/teneriffa-blog\/wp-content\/uploads\/2011\/12\/P1030969.jpg 600w\" sizes=\"auto, (max-width: 150px) 100vw, 150px\" \/><\/a>Das Pl\u00e4tzchen, das wir ausgesucht haben, ist so was von idyllisch.<br \/>\nVor uns der Blick in den Barranco, auf die Insel Gran Canarias,\u00a0 zur Monta\u00f1a Grande und auf Candelaria.<\/p>\n<p>Stahlblauer Himmel, herrlicher Sonnenschein, der die Kiefernnadeln zum Duften bringt, ringsum Vogelgezwitscher, ein Schwarm V\u00f6gel zieht vorbei und zwei Raubv\u00f6gel stehen in der Luft.<br \/>\nEs verwundert sicher nicht, dass wir hier die l\u00e4ngste Pause all unserer Wanderungen eingelegt haben.<a href=\"http:\/\/www.mundi-roth.de\/teneriffa-blog\/wp-content\/uploads\/2011\/12\/P1030973.jpg\" rel=\"lightbox[1643]\"><img loading=\"lazy\" decoding=\"async\" class=\"alignright size-thumbnail wp-image-1656\" title=\"P1030973\" src=\"http:\/\/www.mundi-roth.de\/teneriffa-blog\/wp-content\/uploads\/2011\/12\/P1030973-150x112.jpg\" alt=\"\" width=\"150\" height=\"112\" srcset=\"https:\/\/www.mundi-roth.de\/teneriffa-blog\/wp-content\/uploads\/2011\/12\/P1030973-150x112.jpg 150w, https:\/\/www.mundi-roth.de\/teneriffa-blog\/wp-content\/uploads\/2011\/12\/P1030973-300x225.jpg 300w, https:\/\/www.mundi-roth.de\/teneriffa-blog\/wp-content\/uploads\/2011\/12\/P1030973.jpg 600w\" sizes=\"auto, (max-width: 150px) 100vw, 150px\" \/><\/a><\/p>\n<p>Wenige Meter weiter queren wir einen gro\u00dfen Dreschplatz und durch den Kiefernwald geht es weiter.<br \/>\n<a href=\"http:\/\/www.mundi-roth.de\/teneriffa-blog\/wp-content\/uploads\/2011\/12\/P1030986.jpg\" rel=\"lightbox[1643]\"><img loading=\"lazy\" decoding=\"async\" class=\"alignleft size-thumbnail wp-image-1654\" title=\"P1030986\" src=\"http:\/\/www.mundi-roth.de\/teneriffa-blog\/wp-content\/uploads\/2011\/12\/P1030986-150x112.jpg\" alt=\"\" width=\"150\" height=\"112\" srcset=\"https:\/\/www.mundi-roth.de\/teneriffa-blog\/wp-content\/uploads\/2011\/12\/P1030986-150x112.jpg 150w, https:\/\/www.mundi-roth.de\/teneriffa-blog\/wp-content\/uploads\/2011\/12\/P1030986-300x225.jpg 300w, https:\/\/www.mundi-roth.de\/teneriffa-blog\/wp-content\/uploads\/2011\/12\/P1030986.jpg 600w\" sizes=\"auto, (max-width: 150px) 100vw, 150px\" \/><\/a>Wir blicken in zwei imposante, m\u00e4chtige Barrancos. Fotos k\u00f6nnen dies <a href=\"http:\/\/www.mundi-roth.de\/teneriffa-blog\/wp-content\/uploads\/2011\/12\/P1030987.jpg\" rel=\"lightbox[1643]\"><img loading=\"lazy\" decoding=\"async\" class=\"alignright size-thumbnail wp-image-1655\" title=\"P1030987\" src=\"http:\/\/www.mundi-roth.de\/teneriffa-blog\/wp-content\/uploads\/2011\/12\/P1030987-150x112.jpg\" alt=\"\" width=\"150\" height=\"112\" srcset=\"https:\/\/www.mundi-roth.de\/teneriffa-blog\/wp-content\/uploads\/2011\/12\/P1030987-150x112.jpg 150w, https:\/\/www.mundi-roth.de\/teneriffa-blog\/wp-content\/uploads\/2011\/12\/P1030987-300x225.jpg 300w, https:\/\/www.mundi-roth.de\/teneriffa-blog\/wp-content\/uploads\/2011\/12\/P1030987.jpg 600w\" sizes=\"auto, (max-width: 150px) 100vw, 150px\" \/><\/a>leider nicht so wirkungsvoll wiedergeben.<br \/>\nWir passieren eine verfallene Finca, einen eingez\u00e4unten Garten, m\u00fcssen ein St\u00fcck mit Split bedeckte Stra\u00dfe\u00a0\u00a0 gehen, aber bald schon zweigt rechts wieder unser Pfad ab.<\/p>\n<p>Drei Stunden nach dem Wanderbeginn kommen wir zum sch\u00f6n angelegten Grillplatz \u201eLos Brezos\u201c, <a href=\"http:\/\/www.mundi-roth.de\/teneriffa-blog\/wp-content\/uploads\/2011\/12\/P1030993.jpg\" rel=\"lightbox[1643]\"><img loading=\"lazy\" decoding=\"async\" class=\"alignright size-thumbnail wp-image-1653\" title=\"P1030993\" src=\"http:\/\/www.mundi-roth.de\/teneriffa-blog\/wp-content\/uploads\/2011\/12\/P1030993-150x112.jpg\" alt=\"\" width=\"150\" height=\"112\" srcset=\"https:\/\/www.mundi-roth.de\/teneriffa-blog\/wp-content\/uploads\/2011\/12\/P1030993-150x112.jpg 150w, https:\/\/www.mundi-roth.de\/teneriffa-blog\/wp-content\/uploads\/2011\/12\/P1030993-300x225.jpg 300w, https:\/\/www.mundi-roth.de\/teneriffa-blog\/wp-content\/uploads\/2011\/12\/P1030993.jpg 600w\" sizes=\"auto, (max-width: 150px) 100vw, 150px\" \/><\/a><a href=\"http:\/\/www.mundi-roth.de\/teneriffa-blog\/wp-content\/uploads\/2011\/12\/P1030994.jpg\" rel=\"lightbox[1643]\"><img loading=\"lazy\" decoding=\"async\" class=\"alignleft size-thumbnail wp-image-1650\" title=\"P1030994\" src=\"http:\/\/www.mundi-roth.de\/teneriffa-blog\/wp-content\/uploads\/2011\/12\/P1030994-150x112.jpg\" alt=\"\" width=\"150\" height=\"112\" srcset=\"https:\/\/www.mundi-roth.de\/teneriffa-blog\/wp-content\/uploads\/2011\/12\/P1030994-150x112.jpg 150w, https:\/\/www.mundi-roth.de\/teneriffa-blog\/wp-content\/uploads\/2011\/12\/P1030994-300x225.jpg 300w, https:\/\/www.mundi-roth.de\/teneriffa-blog\/wp-content\/uploads\/2011\/12\/P1030994.jpg 600w\" sizes=\"auto, (max-width: 150px) 100vw, 150px\" \/><\/a>sogar mit eigenem Kirchlein.<br \/>\nEs ist die Wallfahrtskapelle San Isidro. Sie wurde in den 70er Jahren des 20. Jahrhunderts erbaut und ist f\u00fcr die Bewohner von Araya von gro\u00dfer Bedeutung. Immer am letzten Sonntag im Mai wird hier das Wallfahrtsfest abgehalten.<a href=\"http:\/\/www.mundi-roth.de\/teneriffa-blog\/wp-content\/uploads\/2011\/12\/P1030996.jpg\" rel=\"lightbox[1643]\"><img loading=\"lazy\" decoding=\"async\" class=\"alignright size-thumbnail wp-image-1652\" title=\"P1030996\" src=\"http:\/\/www.mundi-roth.de\/teneriffa-blog\/wp-content\/uploads\/2011\/12\/P1030996-150x148.jpg\" alt=\"\" width=\"150\" height=\"148\" srcset=\"https:\/\/www.mundi-roth.de\/teneriffa-blog\/wp-content\/uploads\/2011\/12\/P1030996-150x148.jpg 150w, https:\/\/www.mundi-roth.de\/teneriffa-blog\/wp-content\/uploads\/2011\/12\/P1030996-300x297.jpg 300w, https:\/\/www.mundi-roth.de\/teneriffa-blog\/wp-content\/uploads\/2011\/12\/P1030996.jpg 433w\" sizes=\"auto, (max-width: 150px) 100vw, 150px\" \/><\/a><\/p>\n<p>Von dort m\u00fcndet eine Treppe genau in den Wanderweg.<br \/>\nBis zu diesem Grillplatz f\u00fchrt auch eine asphaltierte Stra\u00dfe und das Hinweisschild sagt uns:<br \/>\n\u201eAraya, Igonce, 3,9 km\u201c.<\/p>\n<p>Nunmehr quert\u00a0 unsere Strecke immer wieder die Asphaltstra\u00dfe. Bei einer verfallenen Wasserverteilungsanlage geht es links wieder auf den Pfad.<br \/>\nDer n\u00e4chste Abzweig liegt wieder links, kurz vor einer Stra\u00dfenbegrenzung mit wei\u00df-gestrichenen F\u00e4ssern.<\/p>\n<p>2,9 km bis Araya wird uns angek\u00fcndigt. Und den Hinweis \u201e50 m Horno\u201c lassen wir uns nat\u00fcrlich<a href=\"http:\/\/www.mundi-roth.de\/teneriffa-blog\/wp-content\/uploads\/2011\/12\/P1030999.jpg\" rel=\"lightbox[1643]\"><img loading=\"lazy\" decoding=\"async\" class=\"alignright size-thumbnail wp-image-1649\" title=\"P1030999\" src=\"http:\/\/www.mundi-roth.de\/teneriffa-blog\/wp-content\/uploads\/2011\/12\/P1030999-150x112.jpg\" alt=\"\" width=\"150\" height=\"112\" srcset=\"https:\/\/www.mundi-roth.de\/teneriffa-blog\/wp-content\/uploads\/2011\/12\/P1030999-150x112.jpg 150w, https:\/\/www.mundi-roth.de\/teneriffa-blog\/wp-content\/uploads\/2011\/12\/P1030999-300x225.jpg 300w, https:\/\/www.mundi-roth.de\/teneriffa-blog\/wp-content\/uploads\/2011\/12\/P1030999.jpg 600w\" sizes=\"auto, (max-width: 150px) 100vw, 150px\" \/><\/a> nicht entgehen und sehen einen gut erhaltenen Ofen, der zum Trocknen des Obstes genutzt wurde &#8211; oder vielleicht noch wird?<br \/>\nEine halbe Stunde sp\u00e4ter durchwandern wir wieder ein intensiv landwirtschaftlich genutztes Gebiet mit diversen Wasserbecken und m\u00fcssen \u00fcber eine steile Betonpiste bergab gehen.<\/p>\n<p><a href=\"http:\/\/www.mundi-roth.de\/teneriffa-blog\/wp-content\/uploads\/2011\/12\/P1040011.jpg\" rel=\"lightbox[1643]\"><img loading=\"lazy\" decoding=\"async\" class=\"alignleft size-thumbnail wp-image-1647\" title=\"P1040011\" src=\"http:\/\/www.mundi-roth.de\/teneriffa-blog\/wp-content\/uploads\/2011\/12\/P1040011-150x106.jpg\" alt=\"\" width=\"150\" height=\"106\" srcset=\"https:\/\/www.mundi-roth.de\/teneriffa-blog\/wp-content\/uploads\/2011\/12\/P1040011-150x106.jpg 150w, https:\/\/www.mundi-roth.de\/teneriffa-blog\/wp-content\/uploads\/2011\/12\/P1040011-300x213.jpg 300w, https:\/\/www.mundi-roth.de\/teneriffa-blog\/wp-content\/uploads\/2011\/12\/P1040011.jpg 600w\" sizes=\"auto, (max-width: 150px) 100vw, 150px\" \/><\/a>Linker Hand begleitet uns wieder ein kleinerer Barranco und wenig sp\u00e4ter erreichen wir die \u201eFinca de las Haciendas\u201c.<\/p>\n<p>Im Faltblatt hei\u00dft es:<br \/>\n\u201eEin Ort, der von hohem kulturellen Wert ist, da wir hier ein Geb\u00e4ude im traditionellen kanarischen Baustil und eine Weinpresse vorfinden.\u201c<br \/>\nErg\u00e4nzen kann ich: Ein wundersch\u00f6ner Innenhof, eine anschauliche Tafel, die die Geschichte der<a href=\"http:\/\/www.mundi-roth.de\/teneriffa-blog\/wp-content\/uploads\/2011\/12\/P1040013.jpg\" rel=\"lightbox[1643]\"><img loading=\"lazy\" decoding=\"async\" class=\"alignright size-thumbnail wp-image-1648\" title=\"P1040013\" src=\"http:\/\/www.mundi-roth.de\/teneriffa-blog\/wp-content\/uploads\/2011\/12\/P1040013-150x112.jpg\" alt=\"\" width=\"150\" height=\"112\" srcset=\"https:\/\/www.mundi-roth.de\/teneriffa-blog\/wp-content\/uploads\/2011\/12\/P1040013-150x112.jpg 150w, https:\/\/www.mundi-roth.de\/teneriffa-blog\/wp-content\/uploads\/2011\/12\/P1040013-300x225.jpg 300w, https:\/\/www.mundi-roth.de\/teneriffa-blog\/wp-content\/uploads\/2011\/12\/P1040013.jpg 600w\" sizes=\"auto, (max-width: 150px) 100vw, 150px\" \/><\/a> Gegend und des Hauses erkl\u00e4rt.<br \/>\nEs wird auch als Tourismusb\u00fcro deklariert, aber Infomaterial haben sie leider nicht.<br \/>\nEtwas unterhalb vermuten wir, dass man dabei ist einen Parkplatz anzulegen. Noch ist er abgesperrt aber eine Infotafel \u00fcber den Weinanbau und Rebensorten gibt es schon.<\/p>\n<p><strong><a href=\"http:\/\/www.mundi-roth.de\/teneriffa-blog\/wp-content\/uploads\/2011\/12\/P1040020.jpg\" rel=\"lightbox[1643]\"><img loading=\"lazy\" decoding=\"async\" class=\"alignleft size-thumbnail wp-image-1665\" title=\"P1040020\" src=\"http:\/\/www.mundi-roth.de\/teneriffa-blog\/wp-content\/uploads\/2011\/12\/P1040020-150x112.jpg\" alt=\"\" width=\"150\" height=\"112\" srcset=\"https:\/\/www.mundi-roth.de\/teneriffa-blog\/wp-content\/uploads\/2011\/12\/P1040020-150x112.jpg 150w, https:\/\/www.mundi-roth.de\/teneriffa-blog\/wp-content\/uploads\/2011\/12\/P1040020-300x225.jpg 300w, https:\/\/www.mundi-roth.de\/teneriffa-blog\/wp-content\/uploads\/2011\/12\/P1040020.jpg 600w\" sizes=\"auto, (max-width: 150px) 100vw, 150px\" \/><\/a>Achtung:<\/strong> Nun kommt\u00a0 die einzige Stelle der ganzen Wanderung an der es hei\u00dft: aufpassen!<br \/>\nNach dem vermutlich zuk\u00fcnftigen Parkplatz passieren wir das Haus Nr. 21, laufen auf einen gr\u00fcnen Briefkasten mit der Nummer 22 zu und wenige Schritte weiter gibt die Leitplanke einen Durchgang frei \u2013 ein kleiner Holzpfosten ist auch wieder wei\u00df-gr\u00fcn markiert \u2013 und hier beginnt der letzte Abstieg in den Barranco de La Florida.<\/p>\n<p>Hier kann ich die Beschreibung der Wanderung \u201eLa Mesa\u201c wiedergeben:<br \/>\n\u201e Diesem gepflasterten Gehweg folgen wir bis wir wieder auf die Asphaltstra\u00dfe sto\u00dfen. Noch einmal ein kleiner Anstieg, vorbei an einem Garten der besonderen Art: alle \u201eBeete\u201c sind in Badewannen arrangiert. (heute jedoch unbepflanzt)<br \/>\nUnd eins, zwei, drei, hast Du nicht gesehen, sind wir beim Wagen. Die Wanderung war wundersch\u00f6n aber wir wissen auch was wir getan haben.\u201c<br \/>\nDies gilt auch f\u00fcr diese Tour!<\/p>\n<p><strong>Fazit:<\/strong><br \/>\nWir sind mal wieder \u00fcberrascht und begeistert, dass es immer und immer wieder so wunderbare f\u00fcr uns neue Routen gibt!<br \/>\nZwar ist in der jetzigen Zeit die Botanik nicht so sensationell, (zur Zeit der Zistrosenbl\u00fcte muss es <a href=\"http:\/\/www.mundi-roth.de\/teneriffa-blog\/wp-content\/uploads\/2011\/12\/P1030977.jpg\" rel=\"lightbox[1643]\"><img loading=\"lazy\" decoding=\"async\" class=\"alignleft size-thumbnail wp-image-1645\" title=\"P1030977\" src=\"http:\/\/www.mundi-roth.de\/teneriffa-blog\/wp-content\/uploads\/2011\/12\/P1030977-150x118.jpg\" alt=\"\" width=\"150\" height=\"118\" srcset=\"https:\/\/www.mundi-roth.de\/teneriffa-blog\/wp-content\/uploads\/2011\/12\/P1030977-150x118.jpg 150w, https:\/\/www.mundi-roth.de\/teneriffa-blog\/wp-content\/uploads\/2011\/12\/P1030977-300x236.jpg 300w, https:\/\/www.mundi-roth.de\/teneriffa-blog\/wp-content\/uploads\/2011\/12\/P1030977.jpg 529w\" sizes=\"auto, (max-width: 150px) 100vw, 150px\" \/><\/a>traumhaft sein!) daf\u00fcr entsch\u00e4digen aber unterschiedlichsten Felsformationen.<a href=\"http:\/\/www.mundi-roth.de\/teneriffa-blog\/wp-content\/uploads\/2011\/12\/P1030953.jpg\" rel=\"lightbox[1643]\"><img loading=\"lazy\" decoding=\"async\" class=\"alignright size-thumbnail wp-image-1668\" title=\"P1030953\" src=\"http:\/\/www.mundi-roth.de\/teneriffa-blog\/wp-content\/uploads\/2011\/12\/P1030953-150x112.jpg\" alt=\"\" width=\"150\" height=\"112\" srcset=\"https:\/\/www.mundi-roth.de\/teneriffa-blog\/wp-content\/uploads\/2011\/12\/P1030953-150x112.jpg 150w, https:\/\/www.mundi-roth.de\/teneriffa-blog\/wp-content\/uploads\/2011\/12\/P1030953-300x225.jpg 300w, https:\/\/www.mundi-roth.de\/teneriffa-blog\/wp-content\/uploads\/2011\/12\/P1030953.jpg 600w\" sizes=\"auto, (max-width: 150px) 100vw, 150px\" \/><\/a><br \/>\nIch bin ungerecht: Die kanarischen Kiefern mit ihren dicken Puschen, die hier auch einen Brand \u00fcberstanden haben, die Aeonien in ihrer Vielfalt verdienen selbst\u00e4ndlich auch unsere Bewunderung.<br \/>\n<strong>Anfahrt:<\/strong><br \/>\nAuf der Autobahn TF 1 aus Los Cristianos kommend bis zur Ausfahrt \u201eCandelaria, Araya\u201c dann auf<a href=\"http:\/\/www.mundi-roth.de\/teneriffa-blog\/wp-content\/uploads\/2011\/12\/P1040019.jpg\" rel=\"lightbox[1643]\"><img loading=\"lazy\" decoding=\"async\" class=\"alignright size-thumbnail wp-image-1644\" title=\"P1040019\" src=\"http:\/\/www.mundi-roth.de\/teneriffa-blog\/wp-content\/uploads\/2011\/12\/P1040019-150x112.jpg\" alt=\"\" width=\"150\" height=\"112\" srcset=\"https:\/\/www.mundi-roth.de\/teneriffa-blog\/wp-content\/uploads\/2011\/12\/P1040019-150x112.jpg 150w, https:\/\/www.mundi-roth.de\/teneriffa-blog\/wp-content\/uploads\/2011\/12\/P1040019-300x225.jpg 300w, https:\/\/www.mundi-roth.de\/teneriffa-blog\/wp-content\/uploads\/2011\/12\/P1040019.jpg 600w\" sizes=\"auto, (max-width: 150px) 100vw, 150px\" \/><\/a> die TF 283 Richtung Araya. Weiter auf der TF 28 \u201ePunta, Araya\u201c, TF 247 \u201eAraya\u201c, in den Ort und an der Kirche vorbei hoch bis zum Ortsteil Cruz del Camino und rechts ab zur kleinen Plaza. Hier kann ein Parkplatz gefunden werden.<\/p>\n","protected":false},"excerpt":{"rendered":"<p>Die Rund-Tour ist unbedingt empfehlenswert! Vier m\u00e4chtige Barrancos, imposante Felsformationen und Felsw\u00e4nde, die ber\u00fchmten \u201eLajas de Chafa\u201c (Steinplatten von Chafa\u201c). Hoch hinauf landwirtschaftlich genutzte Fl\u00e4chen, Wasserspeicher, Kan\u00e4le. Ein sch\u00f6ner Kiefernwald. Weitblick zur Insel Gran Canaria, Tiefblick nach Candelaria und zur Monta\u00f1a Grande oder auch Monta\u00f1a Socorro im Malpa\u00eds de G\u00fcimar und H\u00f6henblick auf die Bergr\u00fccken [&hellip;]<\/p>\n","protected":false},"author":4,"featured_media":0,"comment_status":"open","ping_status":"open","sticky":false,"template":"","format":"standard","meta":{"footnotes":""},"categories":[770,6],"tags":[139,523,522,525,524],"class_list":["post-1643","post","type-post","status-publish","format-standard","hentry","category-araya","category-wanderungen","tag-araya","tag-cruz-del-camino","tag-los-brezos","tag-piedras-de-carcho","tag-senderos-locales-de-candelaria"],"yoast_head":"<!-- This site is optimized with the Yoast SEO plugin v27.5 - https:\/\/yoast.com\/product\/yoast-seo-wordpress\/ -->\n<title>Cruz del Camino \u2013 Los Brezos \u2013 Cruz del Camino - Teneriffa Wandern<\/title>\n<meta name=\"robots\" content=\"index, follow, max-snippet:-1, max-image-preview:large, max-video-preview:-1\" \/>\n<link rel=\"canonical\" href=\"https:\/\/www.mundi-roth.de\/teneriffa-blog\/wanderungen\/cruz-del-camino-\u2013-los-brezos-\u2013-cruz-del-camino\/\" \/>\n<meta name=\"twitter:label1\" content=\"Verfasst von\" \/>\n\t<meta name=\"twitter:data1\" content=\"mundi\" \/>\n\t<meta name=\"twitter:label2\" content=\"Gesch\u00e4tzte Lesezeit\" \/>\n\t<meta name=\"twitter:data2\" content=\"6\u00a0Minuten\" \/>\n<script type=\"application\/ld+json\" class=\"yoast-schema-graph\">{\"@context\":\"https:\\\/\\\/schema.org\",\"@graph\":[{\"@type\":\"Article\",\"@id\":\"https:\\\/\\\/www.mundi-roth.de\\\/teneriffa-blog\\\/wanderungen\\\/cruz-del-camino-%e2%80%93-los-brezos-%e2%80%93-cruz-del-camino\\\/#article\",\"isPartOf\":{\"@id\":\"https:\\\/\\\/www.mundi-roth.de\\\/teneriffa-blog\\\/wanderungen\\\/cruz-del-camino-%e2%80%93-los-brezos-%e2%80%93-cruz-del-camino\\\/\"},\"author\":{\"name\":\"mundi\",\"@id\":\"https:\\\/\\\/www.mundi-roth.de\\\/teneriffa-blog\\\/#\\\/schema\\\/person\\\/971c66b55f3ae5e8741553688c413cac\"},\"headline\":\"Cruz del Camino \u2013 Los Brezos \u2013 Cruz del Camino\",\"datePublished\":\"2011-12-21T21:00:19+00:00\",\"dateModified\":\"2015-04-09T14:06:59+00:00\",\"mainEntityOfPage\":{\"@id\":\"https:\\\/\\\/www.mundi-roth.de\\\/teneriffa-blog\\\/wanderungen\\\/cruz-del-camino-%e2%80%93-los-brezos-%e2%80%93-cruz-del-camino\\\/\"},\"wordCount\":1269,\"commentCount\":0,\"image\":{\"@id\":\"https:\\\/\\\/www.mundi-roth.de\\\/teneriffa-blog\\\/wanderungen\\\/cruz-del-camino-%e2%80%93-los-brezos-%e2%80%93-cruz-del-camino\\\/#primaryimage\"},\"thumbnailUrl\":\"http:\\\/\\\/www.mundi-roth.de\\\/teneriffa-blog\\\/wp-content\\\/uploads\\\/2011\\\/12\\\/P1030936-150x63.jpg\",\"keywords\":[\"Araya\",\"Cruz del Camino\",\"Los Brezos\",\"Piedras de Carcho\",\"Senderos Locales de Candelaria\"],\"articleSection\":[\"Araya\",\"Wanderungen\"],\"inLanguage\":\"de\",\"potentialAction\":[{\"@type\":\"CommentAction\",\"name\":\"Comment\",\"target\":[\"https:\\\/\\\/www.mundi-roth.de\\\/teneriffa-blog\\\/wanderungen\\\/cruz-del-camino-%e2%80%93-los-brezos-%e2%80%93-cruz-del-camino\\\/#respond\"]}]},{\"@type\":\"WebPage\",\"@id\":\"https:\\\/\\\/www.mundi-roth.de\\\/teneriffa-blog\\\/wanderungen\\\/cruz-del-camino-%e2%80%93-los-brezos-%e2%80%93-cruz-del-camino\\\/\",\"url\":\"https:\\\/\\\/www.mundi-roth.de\\\/teneriffa-blog\\\/wanderungen\\\/cruz-del-camino-%e2%80%93-los-brezos-%e2%80%93-cruz-del-camino\\\/\",\"name\":\"Cruz del Camino \u2013 Los Brezos \u2013 Cruz del Camino - Teneriffa Wandern\",\"isPartOf\":{\"@id\":\"https:\\\/\\\/www.mundi-roth.de\\\/teneriffa-blog\\\/#website\"},\"primaryImageOfPage\":{\"@id\":\"https:\\\/\\\/www.mundi-roth.de\\\/teneriffa-blog\\\/wanderungen\\\/cruz-del-camino-%e2%80%93-los-brezos-%e2%80%93-cruz-del-camino\\\/#primaryimage\"},\"image\":{\"@id\":\"https:\\\/\\\/www.mundi-roth.de\\\/teneriffa-blog\\\/wanderungen\\\/cruz-del-camino-%e2%80%93-los-brezos-%e2%80%93-cruz-del-camino\\\/#primaryimage\"},\"thumbnailUrl\":\"http:\\\/\\\/www.mundi-roth.de\\\/teneriffa-blog\\\/wp-content\\\/uploads\\\/2011\\\/12\\\/P1030936-150x63.jpg\",\"datePublished\":\"2011-12-21T21:00:19+00:00\",\"dateModified\":\"2015-04-09T14:06:59+00:00\",\"author\":{\"@id\":\"https:\\\/\\\/www.mundi-roth.de\\\/teneriffa-blog\\\/#\\\/schema\\\/person\\\/971c66b55f3ae5e8741553688c413cac\"},\"breadcrumb\":{\"@id\":\"https:\\\/\\\/www.mundi-roth.de\\\/teneriffa-blog\\\/wanderungen\\\/cruz-del-camino-%e2%80%93-los-brezos-%e2%80%93-cruz-del-camino\\\/#breadcrumb\"},\"inLanguage\":\"de\",\"potentialAction\":[{\"@type\":\"ReadAction\",\"target\":[\"https:\\\/\\\/www.mundi-roth.de\\\/teneriffa-blog\\\/wanderungen\\\/cruz-del-camino-%e2%80%93-los-brezos-%e2%80%93-cruz-del-camino\\\/\"]}]},{\"@type\":\"ImageObject\",\"inLanguage\":\"de\",\"@id\":\"https:\\\/\\\/www.mundi-roth.de\\\/teneriffa-blog\\\/wanderungen\\\/cruz-del-camino-%e2%80%93-los-brezos-%e2%80%93-cruz-del-camino\\\/#primaryimage\",\"url\":\"https:\\\/\\\/www.mundi-roth.de\\\/teneriffa-blog\\\/wp-content\\\/uploads\\\/2011\\\/12\\\/P1030936.jpg\",\"contentUrl\":\"https:\\\/\\\/www.mundi-roth.de\\\/teneriffa-blog\\\/wp-content\\\/uploads\\\/2011\\\/12\\\/P1030936.jpg\",\"width\":\"600\",\"height\":\"255\"},{\"@type\":\"BreadcrumbList\",\"@id\":\"https:\\\/\\\/www.mundi-roth.de\\\/teneriffa-blog\\\/wanderungen\\\/cruz-del-camino-%e2%80%93-los-brezos-%e2%80%93-cruz-del-camino\\\/#breadcrumb\",\"itemListElement\":[{\"@type\":\"ListItem\",\"position\":1,\"name\":\"Startseite\",\"item\":\"https:\\\/\\\/www.mundi-roth.de\\\/teneriffa-blog\\\/\"},{\"@type\":\"ListItem\",\"position\":2,\"name\":\"Cruz del Camino \u2013 Los Brezos \u2013 Cruz del Camino\"}]},{\"@type\":\"WebSite\",\"@id\":\"https:\\\/\\\/www.mundi-roth.de\\\/teneriffa-blog\\\/#website\",\"url\":\"https:\\\/\\\/www.mundi-roth.de\\\/teneriffa-blog\\\/\",\"name\":\"Teneriffa Wandern\",\"description\":\"Nicht nur Wanderungen auf Teneriffa...\",\"potentialAction\":[{\"@type\":\"SearchAction\",\"target\":{\"@type\":\"EntryPoint\",\"urlTemplate\":\"https:\\\/\\\/www.mundi-roth.de\\\/teneriffa-blog\\\/?s={search_term_string}\"},\"query-input\":{\"@type\":\"PropertyValueSpecification\",\"valueRequired\":true,\"valueName\":\"search_term_string\"}}],\"inLanguage\":\"de\"},{\"@type\":\"Person\",\"@id\":\"https:\\\/\\\/www.mundi-roth.de\\\/teneriffa-blog\\\/#\\\/schema\\\/person\\\/971c66b55f3ae5e8741553688c413cac\",\"name\":\"mundi\",\"image\":{\"@type\":\"ImageObject\",\"inLanguage\":\"de\",\"@id\":\"https:\\\/\\\/secure.gravatar.com\\\/avatar\\\/555f0dd85428f1a9330f8e5dbe9e40ff9ca912bb81e5a89747ebf3ca9c20dc0f?s=96&d=mm&r=g\",\"url\":\"https:\\\/\\\/secure.gravatar.com\\\/avatar\\\/555f0dd85428f1a9330f8e5dbe9e40ff9ca912bb81e5a89747ebf3ca9c20dc0f?s=96&d=mm&r=g\",\"contentUrl\":\"https:\\\/\\\/secure.gravatar.com\\\/avatar\\\/555f0dd85428f1a9330f8e5dbe9e40ff9ca912bb81e5a89747ebf3ca9c20dc0f?s=96&d=mm&r=g\",\"caption\":\"mundi\"},\"sameAs\":[\"http:\\\/\\\/mundi-roth.de\"],\"url\":\"https:\\\/\\\/www.mundi-roth.de\\\/teneriffa-blog\\\/author\\\/mundi\\\/\"}]}<\/script>\n<!-- \/ Yoast SEO plugin. -->","yoast_head_json":{"title":"Cruz del Camino \u2013 Los Brezos \u2013 Cruz del Camino - Teneriffa Wandern","robots":{"index":"index","follow":"follow","max-snippet":"max-snippet:-1","max-image-preview":"max-image-preview:large","max-video-preview":"max-video-preview:-1"},"canonical":"https:\/\/www.mundi-roth.de\/teneriffa-blog\/wanderungen\/cruz-del-camino-\u2013-los-brezos-\u2013-cruz-del-camino\/","twitter_misc":{"Verfasst von":"mundi","Gesch\u00e4tzte Lesezeit":"6\u00a0Minuten"},"schema":{"@context":"https:\/\/schema.org","@graph":[{"@type":"Article","@id":"https:\/\/www.mundi-roth.de\/teneriffa-blog\/wanderungen\/cruz-del-camino-%e2%80%93-los-brezos-%e2%80%93-cruz-del-camino\/#article","isPartOf":{"@id":"https:\/\/www.mundi-roth.de\/teneriffa-blog\/wanderungen\/cruz-del-camino-%e2%80%93-los-brezos-%e2%80%93-cruz-del-camino\/"},"author":{"name":"mundi","@id":"https:\/\/www.mundi-roth.de\/teneriffa-blog\/#\/schema\/person\/971c66b55f3ae5e8741553688c413cac"},"headline":"Cruz del Camino \u2013 Los Brezos \u2013 Cruz del Camino","datePublished":"2011-12-21T21:00:19+00:00","dateModified":"2015-04-09T14:06:59+00:00","mainEntityOfPage":{"@id":"https:\/\/www.mundi-roth.de\/teneriffa-blog\/wanderungen\/cruz-del-camino-%e2%80%93-los-brezos-%e2%80%93-cruz-del-camino\/"},"wordCount":1269,"commentCount":0,"image":{"@id":"https:\/\/www.mundi-roth.de\/teneriffa-blog\/wanderungen\/cruz-del-camino-%e2%80%93-los-brezos-%e2%80%93-cruz-del-camino\/#primaryimage"},"thumbnailUrl":"http:\/\/www.mundi-roth.de\/teneriffa-blog\/wp-content\/uploads\/2011\/12\/P1030936-150x63.jpg","keywords":["Araya","Cruz del Camino","Los Brezos","Piedras de Carcho","Senderos Locales de Candelaria"],"articleSection":["Araya","Wanderungen"],"inLanguage":"de","potentialAction":[{"@type":"CommentAction","name":"Comment","target":["https:\/\/www.mundi-roth.de\/teneriffa-blog\/wanderungen\/cruz-del-camino-%e2%80%93-los-brezos-%e2%80%93-cruz-del-camino\/#respond"]}]},{"@type":"WebPage","@id":"https:\/\/www.mundi-roth.de\/teneriffa-blog\/wanderungen\/cruz-del-camino-%e2%80%93-los-brezos-%e2%80%93-cruz-del-camino\/","url":"https:\/\/www.mundi-roth.de\/teneriffa-blog\/wanderungen\/cruz-del-camino-%e2%80%93-los-brezos-%e2%80%93-cruz-del-camino\/","name":"Cruz del Camino \u2013 Los Brezos \u2013 Cruz del Camino - Teneriffa Wandern","isPartOf":{"@id":"https:\/\/www.mundi-roth.de\/teneriffa-blog\/#website"},"primaryImageOfPage":{"@id":"https:\/\/www.mundi-roth.de\/teneriffa-blog\/wanderungen\/cruz-del-camino-%e2%80%93-los-brezos-%e2%80%93-cruz-del-camino\/#primaryimage"},"image":{"@id":"https:\/\/www.mundi-roth.de\/teneriffa-blog\/wanderungen\/cruz-del-camino-%e2%80%93-los-brezos-%e2%80%93-cruz-del-camino\/#primaryimage"},"thumbnailUrl":"http:\/\/www.mundi-roth.de\/teneriffa-blog\/wp-content\/uploads\/2011\/12\/P1030936-150x63.jpg","datePublished":"2011-12-21T21:00:19+00:00","dateModified":"2015-04-09T14:06:59+00:00","author":{"@id":"https:\/\/www.mundi-roth.de\/teneriffa-blog\/#\/schema\/person\/971c66b55f3ae5e8741553688c413cac"},"breadcrumb":{"@id":"https:\/\/www.mundi-roth.de\/teneriffa-blog\/wanderungen\/cruz-del-camino-%e2%80%93-los-brezos-%e2%80%93-cruz-del-camino\/#breadcrumb"},"inLanguage":"de","potentialAction":[{"@type":"ReadAction","target":["https:\/\/www.mundi-roth.de\/teneriffa-blog\/wanderungen\/cruz-del-camino-%e2%80%93-los-brezos-%e2%80%93-cruz-del-camino\/"]}]},{"@type":"ImageObject","inLanguage":"de","@id":"https:\/\/www.mundi-roth.de\/teneriffa-blog\/wanderungen\/cruz-del-camino-%e2%80%93-los-brezos-%e2%80%93-cruz-del-camino\/#primaryimage","url":"https:\/\/www.mundi-roth.de\/teneriffa-blog\/wp-content\/uploads\/2011\/12\/P1030936.jpg","contentUrl":"https:\/\/www.mundi-roth.de\/teneriffa-blog\/wp-content\/uploads\/2011\/12\/P1030936.jpg","width":"600","height":"255"},{"@type":"BreadcrumbList","@id":"https:\/\/www.mundi-roth.de\/teneriffa-blog\/wanderungen\/cruz-del-camino-%e2%80%93-los-brezos-%e2%80%93-cruz-del-camino\/#breadcrumb","itemListElement":[{"@type":"ListItem","position":1,"name":"Startseite","item":"https:\/\/www.mundi-roth.de\/teneriffa-blog\/"},{"@type":"ListItem","position":2,"name":"Cruz del Camino \u2013 Los Brezos \u2013 Cruz del Camino"}]},{"@type":"WebSite","@id":"https:\/\/www.mundi-roth.de\/teneriffa-blog\/#website","url":"https:\/\/www.mundi-roth.de\/teneriffa-blog\/","name":"Teneriffa Wandern","description":"Nicht nur Wanderungen auf Teneriffa...","potentialAction":[{"@type":"SearchAction","target":{"@type":"EntryPoint","urlTemplate":"https:\/\/www.mundi-roth.de\/teneriffa-blog\/?s={search_term_string}"},"query-input":{"@type":"PropertyValueSpecification","valueRequired":true,"valueName":"search_term_string"}}],"inLanguage":"de"},{"@type":"Person","@id":"https:\/\/www.mundi-roth.de\/teneriffa-blog\/#\/schema\/person\/971c66b55f3ae5e8741553688c413cac","name":"mundi","image":{"@type":"ImageObject","inLanguage":"de","@id":"https:\/\/secure.gravatar.com\/avatar\/555f0dd85428f1a9330f8e5dbe9e40ff9ca912bb81e5a89747ebf3ca9c20dc0f?s=96&d=mm&r=g","url":"https:\/\/secure.gravatar.com\/avatar\/555f0dd85428f1a9330f8e5dbe9e40ff9ca912bb81e5a89747ebf3ca9c20dc0f?s=96&d=mm&r=g","contentUrl":"https:\/\/secure.gravatar.com\/avatar\/555f0dd85428f1a9330f8e5dbe9e40ff9ca912bb81e5a89747ebf3ca9c20dc0f?s=96&d=mm&r=g","caption":"mundi"},"sameAs":["http:\/\/mundi-roth.de"],"url":"https:\/\/www.mundi-roth.de\/teneriffa-blog\/author\/mundi\/"}]}},"_links":{"self":[{"href":"https:\/\/www.mundi-roth.de\/teneriffa-blog\/wp-json\/wp\/v2\/posts\/1643","targetHints":{"allow":["GET"]}}],"collection":[{"href":"https:\/\/www.mundi-roth.de\/teneriffa-blog\/wp-json\/wp\/v2\/posts"}],"about":[{"href":"https:\/\/www.mundi-roth.de\/teneriffa-blog\/wp-json\/wp\/v2\/types\/post"}],"author":[{"embeddable":true,"href":"https:\/\/www.mundi-roth.de\/teneriffa-blog\/wp-json\/wp\/v2\/users\/4"}],"replies":[{"embeddable":true,"href":"https:\/\/www.mundi-roth.de\/teneriffa-blog\/wp-json\/wp\/v2\/comments?post=1643"}],"version-history":[{"count":0,"href":"https:\/\/www.mundi-roth.de\/teneriffa-blog\/wp-json\/wp\/v2\/posts\/1643\/revisions"}],"wp:attachment":[{"href":"https:\/\/www.mundi-roth.de\/teneriffa-blog\/wp-json\/wp\/v2\/media?parent=1643"}],"wp:term":[{"taxonomy":"category","embeddable":true,"href":"https:\/\/www.mundi-roth.de\/teneriffa-blog\/wp-json\/wp\/v2\/categories?post=1643"},{"taxonomy":"post_tag","embeddable":true,"href":"https:\/\/www.mundi-roth.de\/teneriffa-blog\/wp-json\/wp\/v2\/tags?post=1643"}],"curies":[{"name":"wp","href":"https:\/\/api.w.org\/{rel}","templated":true}]}}