{"id":1669,"date":"2012-01-12T22:00:14","date_gmt":"2012-01-12T21:00:14","guid":{"rendered":"http:\/\/www.mundi-roth.de\/teneriffa-blog\/?p=1669"},"modified":"2015-04-09T15:05:36","modified_gmt":"2015-04-09T14:05:36","slug":"esperanza-cortafuego-el-gaitero","status":"publish","type":"post","link":"https:\/\/www.mundi-roth.de\/teneriffa-blog\/wanderungen\/esperanza-cortafuego-el-gaitero\/","title":{"rendered":"Esperanza  &#8211; Cortafuego \/ El Gaitero"},"content":{"rendered":"<p>F\u00fcr uns die vorletzte Etappe des 84 km langen Wanderweges TF GR 131<a href=\"http:\/\/www.mundi-roth.de\/teneriffa-blog\/wp-content\/uploads\/2012\/01\/GR1311.jpg\" rel=\"lightbox[1669]\"><img loading=\"lazy\" decoding=\"async\" class=\"alignright size-thumbnail wp-image-1671\" title=\"GR131\" src=\"http:\/\/www.mundi-roth.de\/teneriffa-blog\/wp-content\/uploads\/2012\/01\/GR1311-150x135.jpg\" alt=\"\" width=\"150\" height=\"135\" srcset=\"https:\/\/www.mundi-roth.de\/teneriffa-blog\/wp-content\/uploads\/2012\/01\/GR1311-150x135.jpg 150w, https:\/\/www.mundi-roth.de\/teneriffa-blog\/wp-content\/uploads\/2012\/01\/GR1311.jpg 298w\" sizes=\"auto, (max-width: 150px) 100vw, 150px\" \/><\/a><br \/>\nAnaga \u2013 Chasna.<br \/>\nJede dieser Strecken hat ihren besonderen Reiz, aber diese hier ist ganz au\u00dfergew\u00f6hnlich durch ihr durchgehendes GR\u00dcN!<\/p>\n<p>Sie ist aber auch sehr anstrengend, denn geht man doch von El Rosario stets bergauf (ca. 560 H\u00f6henmeter), zum Teil sanft, zum teil \u00e4u\u00dferst heftig, lediglich 10 Minuten geht es in einen Barranco abw\u00e4rts.<br \/>\nPr\u00e4dikat f\u00fcr diese Wanderung: \u00e4u\u00dferst lohnenswert!!<\/p>\n<p><strong>Wanderwegstrecke: 15,4km, reine Gehzeit 4 Stunden 40 Minunten<\/strong><br \/>\nIn der Beschreibung hie\u00df es: \u201eAnfang an der plaza principal vor dem Rathaus von Rosario.\u201c<br \/>\nGelesen, getan.<br \/>\n11 Uhr starten wir von dort.<\/p>\n<p>Unsere Empfehlung ist aber, da es am Rathaus \u00e4u\u00dferst schwierig, ist einen\u00a0\u00a0<a href=\"http:\/\/www.mundi-roth.de\/teneriffa-blog\/wp-content\/uploads\/2012\/01\/P1040103.jpg\" rel=\"lightbox[1669]\"><img loading=\"lazy\" decoding=\"async\" class=\"alignright size-thumbnail wp-image-1672\" title=\"P1040103\" src=\"http:\/\/www.mundi-roth.de\/teneriffa-blog\/wp-content\/uploads\/2012\/01\/P1040103-150x113.jpg\" alt=\"\" width=\"150\" height=\"113\" srcset=\"https:\/\/www.mundi-roth.de\/teneriffa-blog\/wp-content\/uploads\/2012\/01\/P1040103-150x113.jpg 150w, https:\/\/www.mundi-roth.de\/teneriffa-blog\/wp-content\/uploads\/2012\/01\/P1040103-300x226.jpg 300w, https:\/\/www.mundi-roth.de\/teneriffa-blog\/wp-content\/uploads\/2012\/01\/P1040103.jpg 542w\" sizes=\"auto, (max-width: 150px) 100vw, 150px\" \/><\/a> Parkplatz zu finden, vor dem Rathaus vorbeizufahren und gleich in die steilansteigende Calle del Grano Oro bis zur Bushaltestelle am Kreisel hochzufahren. Dort findet man leicht einen Parkplatz und von dort biegt man auch sofort in die kennzeichnete Piste 131 \u2013 Markierung rot-wei\u00df \u2013 ab.<br \/>\n<a href=\"http:\/\/www.mundi-roth.de\/teneriffa-blog\/wp-content\/uploads\/2012\/01\/P1040047.jpg\" rel=\"lightbox[1669]\"><img loading=\"lazy\" decoding=\"async\" class=\"alignleft size-thumbnail wp-image-1673\" title=\"P1040047\" src=\"http:\/\/www.mundi-roth.de\/teneriffa-blog\/wp-content\/uploads\/2012\/01\/P1040047-112x150.jpg\" alt=\"\" width=\"112\" height=\"150\" srcset=\"https:\/\/www.mundi-roth.de\/teneriffa-blog\/wp-content\/uploads\/2012\/01\/P1040047-112x150.jpg 112w, https:\/\/www.mundi-roth.de\/teneriffa-blog\/wp-content\/uploads\/2012\/01\/P1040047-225x300.jpg 225w, https:\/\/www.mundi-roth.de\/teneriffa-blog\/wp-content\/uploads\/2012\/01\/P1040047.jpg 450w\" sizes=\"auto, (max-width: 112px) 100vw, 112px\" \/><\/a>Zur Begr\u00fc\u00dfung gleich ein Musterexemplar eines mit Flechten behangenen Baumes.<br \/>\nAuf einem breiten, gr\u00fcn ges\u00e4umten Forstweg schreiten wir z\u00fcgig aus. Links wie rechts Erikab\u00fcsche, Lorbeerb\u00e4ume und Str\u00e4ucher, Kiefern und Eukalyptusb\u00e4ume, Thymian und <a href=\"http:\/\/www.mundi-roth.de\/teneriffa-blog\/wp-content\/uploads\/2012\/01\/P1040064.jpg\" rel=\"lightbox[1669]\"><img loading=\"lazy\" decoding=\"async\" class=\"alignright size-thumbnail wp-image-1674\" title=\"P1040064\" src=\"http:\/\/www.mundi-roth.de\/teneriffa-blog\/wp-content\/uploads\/2012\/01\/P1040064-121x150.jpg\" alt=\"\" width=\"121\" height=\"150\" srcset=\"https:\/\/www.mundi-roth.de\/teneriffa-blog\/wp-content\/uploads\/2012\/01\/P1040064-121x150.jpg 121w, https:\/\/www.mundi-roth.de\/teneriffa-blog\/wp-content\/uploads\/2012\/01\/P1040064-243x300.jpg 243w, https:\/\/www.mundi-roth.de\/teneriffa-blog\/wp-content\/uploads\/2012\/01\/P1040064.jpg 448w\" sizes=\"auto, (max-width: 121px) 100vw, 121px\" \/><\/a>Or\u00e9gano k\u00f6nnen wir auch ausmachen.<br \/>\nEin paar Mountainbiker begegnen uns und zwei wandernde Canarios, die meinen, bis zu unserem heute gew\u00e4hlten Endpunkt gingen wir wohl gut 3 Stunden, da es sehr steil sei und man nur langsam gehen k\u00f6nne.<br \/>\nNa, wir sind gespannt.<\/p>\n<p><a href=\"http:\/\/www.mundi-roth.de\/teneriffa-blog\/wp-content\/uploads\/2012\/01\/P1040052.jpg\" rel=\"lightbox[1669]\"><img loading=\"lazy\" decoding=\"async\" class=\"alignleft size-thumbnail wp-image-1675\" title=\"P1040052\" src=\"http:\/\/www.mundi-roth.de\/teneriffa-blog\/wp-content\/uploads\/2012\/01\/P1040052-150x112.jpg\" alt=\"\" width=\"150\" height=\"112\" srcset=\"https:\/\/www.mundi-roth.de\/teneriffa-blog\/wp-content\/uploads\/2012\/01\/P1040052-150x112.jpg 150w, https:\/\/www.mundi-roth.de\/teneriffa-blog\/wp-content\/uploads\/2012\/01\/P1040052-300x225.jpg 300w, https:\/\/www.mundi-roth.de\/teneriffa-blog\/wp-content\/uploads\/2012\/01\/P1040052.jpg 600w\" sizes=\"auto, (max-width: 150px) 100vw, 150px\" \/><\/a>Nach einer Stunde Gehzeit kommen wir an eine kleine Kapelle, das Cruz de Fune, das f\u00fcr einen dort Verstorbenen errichtet wurde.<br \/>\n4,2 km sind wir bis hierher gegangen.<\/p>\n<p>Zum n\u00e4chsten markanten Punkt auf unserem Weg,\u00a0 La Vica, sind es 3,7 km, wie uns das Hinweisschild aufkl\u00e4rt.<\/p>\n<p>Ein Musterexemplar des Schmetterlings Monarch umfliegt uns und wir kommen an eine Lichtung von der aus Holzschilder zu den verschiedenen Zielen weisen:<br \/>\nFuente Fr\u00eda, Lomo la Jara und Las Calderetas und hier biegen wir rechts ab, da wir, teils bedeckt von \u00c4sten, das Hinweisschild f\u00fcr unsere Tour ausmachen.<\/p>\n<p>Kurz nach 1 Uhr machen wir unsere obligatorische Apfelpause im herrlichen Sonnenschein.<\/p>\n<p>Nun \u00e4ndert sich der bisher sanfte Anstieg und wir bekommen einen <a href=\"http:\/\/www.mundi-roth.de\/teneriffa-blog\/wp-content\/uploads\/2012\/01\/P1040068.jpg\" rel=\"lightbox[1669]\"><img loading=\"lazy\" decoding=\"async\" class=\"alignright size-thumbnail wp-image-1676\" title=\"P1040068\" src=\"http:\/\/www.mundi-roth.de\/teneriffa-blog\/wp-content\/uploads\/2012\/01\/P1040068-112x150.jpg\" alt=\"\" width=\"112\" height=\"150\" srcset=\"https:\/\/www.mundi-roth.de\/teneriffa-blog\/wp-content\/uploads\/2012\/01\/P1040068-112x150.jpg 112w, https:\/\/www.mundi-roth.de\/teneriffa-blog\/wp-content\/uploads\/2012\/01\/P1040068-225x300.jpg 225w, https:\/\/www.mundi-roth.de\/teneriffa-blog\/wp-content\/uploads\/2012\/01\/P1040068.jpg 450w\" sizes=\"auto, (max-width: 112px) 100vw, 112px\" \/><\/a>Vorgeschmack, wie es noch werden wird.<\/p>\n<p><a href=\"http:\/\/www.mundi-roth.de\/teneriffa-blog\/wp-content\/uploads\/2012\/01\/P1040075.jpg\" rel=\"lightbox[1669]\"><img loading=\"lazy\" decoding=\"async\" class=\"alignleft size-thumbnail wp-image-1677\" title=\"P1040075\" src=\"http:\/\/www.mundi-roth.de\/teneriffa-blog\/wp-content\/uploads\/2012\/01\/P1040075-150x112.jpg\" alt=\"\" width=\"150\" height=\"112\" srcset=\"https:\/\/www.mundi-roth.de\/teneriffa-blog\/wp-content\/uploads\/2012\/01\/P1040075-150x112.jpg 150w, https:\/\/www.mundi-roth.de\/teneriffa-blog\/wp-content\/uploads\/2012\/01\/P1040075-300x225.jpg 300w, https:\/\/www.mundi-roth.de\/teneriffa-blog\/wp-content\/uploads\/2012\/01\/P1040075.jpg 600w\" sizes=\"auto, (max-width: 150px) 100vw, 150px\" \/><\/a>Um 13.30 Uhr erreichen wir den Rastplatz Siete Fuente mit Unterstand, Tisch und B\u00e4nken und frischem Quellwasser. Hier k\u00f6nnen wir unsere Wasserflaschen auff\u00fcllen.<\/p>\n<p>Durch Kiefernwald, \u00fcber dicke Nadelpolster, steigen wir steil im Zick-Zack aufw\u00e4rts. Es l\u00e4sst sich aber <a href=\"http:\/\/www.mundi-roth.de\/teneriffa-blog\/wp-content\/uploads\/2012\/01\/P1040077.jpg\" rel=\"lightbox[1669]\"><img loading=\"lazy\" decoding=\"async\" class=\"alignleft size-thumbnail wp-image-1678\" title=\"P1040077\" src=\"http:\/\/www.mundi-roth.de\/teneriffa-blog\/wp-content\/uploads\/2012\/01\/P1040077-112x150.jpg\" alt=\"\" width=\"112\" height=\"150\" srcset=\"https:\/\/www.mundi-roth.de\/teneriffa-blog\/wp-content\/uploads\/2012\/01\/P1040077-112x150.jpg 112w, https:\/\/www.mundi-roth.de\/teneriffa-blog\/wp-content\/uploads\/2012\/01\/P1040077-225x300.jpg 225w, https:\/\/www.mundi-roth.de\/teneriffa-blog\/wp-content\/uploads\/2012\/01\/P1040077.jpg 450w\" sizes=\"auto, (max-width: 112px) 100vw, 112px\" \/><\/a>erstaunlicherweise sehr gut gehen.<\/p>\n<p>Ein herrliches Lichtspiel durch die B\u00e4ume begeistert uns. Punktuell werden Baumgruppen, mit Efeu umschlungene <a href=\"http:\/\/www.mundi-roth.de\/teneriffa-blog\/wp-content\/uploads\/2012\/01\/P1040082.jpg\" rel=\"lightbox[1669]\"><img loading=\"lazy\" decoding=\"async\" class=\"alignright size-thumbnail wp-image-1679\" title=\"P1040082\" src=\"http:\/\/www.mundi-roth.de\/teneriffa-blog\/wp-content\/uploads\/2012\/01\/P1040082-150x112.jpg\" alt=\"\" width=\"150\" height=\"112\" srcset=\"https:\/\/www.mundi-roth.de\/teneriffa-blog\/wp-content\/uploads\/2012\/01\/P1040082-150x112.jpg 150w, https:\/\/www.mundi-roth.de\/teneriffa-blog\/wp-content\/uploads\/2012\/01\/P1040082-300x225.jpg 300w, https:\/\/www.mundi-roth.de\/teneriffa-blog\/wp-content\/uploads\/2012\/01\/P1040082.jpg 600w\" sizes=\"auto, (max-width: 150px) 100vw, 150px\" \/><\/a>B\u00e4ume (wann und wo sieht man das auf Teneriffa?) angestrahlt.<br \/>\nGanze Horste von Gagelb\u00e4umen<br \/>\nUnd dieser Duft der Kiefernnadeln! Tief einatmen!<\/p>\n<p>Wir queren eine Forststra\u00dfe, das n\u00e4chste Hinweisschild sagt uns bis zur Caldera (unserer letzten geplanten Etappe des GR 131) sind es noch 18,7 km.<br \/>\nUnd weiter bergauf.<\/p>\n<p>Wir gelangen auf eine Anh\u00f6he. Hier warten schon gro\u00dfe Berge der\u00a0 <a href=\"http:\/\/www.mundi-roth.de\/teneriffa-blog\/wp-content\/uploads\/2012\/01\/P1040087.jpg\" rel=\"lightbox[1669]\"><img loading=\"lazy\" decoding=\"async\" class=\"alignright size-thumbnail wp-image-1680\" title=\"P1040087\" src=\"http:\/\/www.mundi-roth.de\/teneriffa-blog\/wp-content\/uploads\/2012\/01\/P1040087-150x112.jpg\" alt=\"\" width=\"150\" height=\"112\" srcset=\"https:\/\/www.mundi-roth.de\/teneriffa-blog\/wp-content\/uploads\/2012\/01\/P1040087-150x112.jpg 150w, https:\/\/www.mundi-roth.de\/teneriffa-blog\/wp-content\/uploads\/2012\/01\/P1040087-300x225.jpg 300w, https:\/\/www.mundi-roth.de\/teneriffa-blog\/wp-content\/uploads\/2012\/01\/P1040087.jpg 600w\" sizes=\"auto, (max-width: 150px) 100vw, 150px\" \/><\/a>Kiefernnadeln auf ihren Abtransport und &#8230;. es geht bergab. Dar\u00fcber sind wir gar nicht gl\u00fccklich, da uns bewusst ist, wir m\u00fcssen ja noch hoch hinauf.<\/p>\n<p>10 Minuten dauert der Abstieg zum Barranco und wir <a href=\"http:\/\/www.mundi-roth.de\/teneriffa-blog\/wp-content\/uploads\/2012\/01\/P1040088.jpg\" rel=\"lightbox[1669]\"><img loading=\"lazy\" decoding=\"async\" class=\"alignleft size-thumbnail wp-image-1681\" title=\"P1040088\" src=\"http:\/\/www.mundi-roth.de\/teneriffa-blog\/wp-content\/uploads\/2012\/01\/P1040088-150x112.jpg\" alt=\"\" width=\"150\" height=\"112\" srcset=\"https:\/\/www.mundi-roth.de\/teneriffa-blog\/wp-content\/uploads\/2012\/01\/P1040088-150x112.jpg 150w, https:\/\/www.mundi-roth.de\/teneriffa-blog\/wp-content\/uploads\/2012\/01\/P1040088-300x225.jpg 300w, https:\/\/www.mundi-roth.de\/teneriffa-blog\/wp-content\/uploads\/2012\/01\/P1040088.jpg 600w\" sizes=\"auto, (max-width: 150px) 100vw, 150px\" \/><\/a>queren ein braunes Farnmeer und es geht um 14.40 Uhr wieder, was wohl? aufw\u00e4rts.<\/p>\n<p>Und immer \u00fcber einen Pfad dick mit Kiefernnadeln bedeckt.<\/p>\n<p>Wieder gelangen wir auf eine breite Fahrstra\u00dfe und wir treffen doch tats\u00e4chlich auf ein deutsches Paar mit Kinderwagen. Sie erkl\u00e4ren uns, dass sie von der Carretera 24 in einer dreiviertel Stunde bis hierher gewandert sind.<\/p>\n<p>Aber wir wollen ja diesen Weg weitergehen, um zu sehen, wo wir beim n\u00e4chsten Mal, um die letzte Etappe zu gehen, wieder einsteigen k\u00f6nnen.<\/p>\n<p>Was ich bisher vergessen habe zu erw\u00e4hnen, der Weg ist phantastisch pr\u00e4pariert und immer wieder ausgeschildert. Verlaufen kann man sich nicht und es ist erstaunlich, dass man trotz des Kiefernnadelteppichs den Weg so gut ausmachen kann.<br \/>\nDass wir die verschiedenen Gemeindegebiete von La Esperanza, Mantanza, Tacaronte, El Sauzal und La Victoria streifen, sei nur so am Rande erw\u00e4hnt.<\/p>\n<p>Mit Holzabsperrungen versehene Steigungen und die st\u00e4rksten Steigungen mit<a href=\"http:\/\/www.mundi-roth.de\/teneriffa-blog\/wp-content\/uploads\/2012\/01\/P1040091.jpg\" rel=\"lightbox[1669]\"><img loading=\"lazy\" decoding=\"async\" class=\"alignright size-thumbnail wp-image-1682\" title=\"P1040091\" src=\"http:\/\/www.mundi-roth.de\/teneriffa-blog\/wp-content\/uploads\/2012\/01\/P1040091-112x150.jpg\" alt=\"\" width=\"112\" height=\"150\" srcset=\"https:\/\/www.mundi-roth.de\/teneriffa-blog\/wp-content\/uploads\/2012\/01\/P1040091-112x150.jpg 112w, https:\/\/www.mundi-roth.de\/teneriffa-blog\/wp-content\/uploads\/2012\/01\/P1040091-225x300.jpg 225w, https:\/\/www.mundi-roth.de\/teneriffa-blog\/wp-content\/uploads\/2012\/01\/P1040091.jpg 450w\" sizes=\"auto, (max-width: 112px) 100vw, 112px\" \/><\/a> Holzbohlen befestigte Treppen, die reinsten Himmelsleitern, erleichtern den Anstieg.<br \/>\nZum Gl\u00fcck kommen zwischendurch immer wieder Passagen, auf denen es parallel zum Berghang geht und\u00a0 man genie\u00dft einen weiten Blick zur K\u00fcste und ins Orotavatal und ein mal haben wir den Blick auf den Teide.<\/p>\n<p><a href=\"http:\/\/www.mundi-roth.de\/teneriffa-blog\/wp-content\/uploads\/2012\/01\/P1040097.jpg\" rel=\"lightbox[1669]\"><img loading=\"lazy\" decoding=\"async\" class=\"alignleft size-thumbnail wp-image-1683\" title=\"P1040097\" src=\"http:\/\/www.mundi-roth.de\/teneriffa-blog\/wp-content\/uploads\/2012\/01\/P1040097-150x112.jpg\" alt=\"\" width=\"150\" height=\"112\" srcset=\"https:\/\/www.mundi-roth.de\/teneriffa-blog\/wp-content\/uploads\/2012\/01\/P1040097-150x112.jpg 150w, https:\/\/www.mundi-roth.de\/teneriffa-blog\/wp-content\/uploads\/2012\/01\/P1040097-300x225.jpg 300w, https:\/\/www.mundi-roth.de\/teneriffa-blog\/wp-content\/uploads\/2012\/01\/P1040097.jpg 600w\" sizes=\"auto, (max-width: 150px) 100vw, 150px\" \/><\/a>15.30 Uhr wir kommen an einen breiten Einschnitt \u2013 die sogenannte \u201ecortafuego\u201c, Feuerschneise -, und sehen oben die Carretera 24. Dort wollen wir hin.<\/p>\n<p>Nochmal ein letzter, \u00e4u\u00dferst steiler Anstieg und wir kommen genau dort aus, wo wir auf der Hinfahrt die Kiefernnadeln aufladenden Arbeiter gefragt haben, wo der Einstieg in den Wanderweg nach El Rosario ist. Sie wussten es nicht.<br \/>\nWir w\u00e4ren also genau richtig gewesen (zwischen km21 und km22 der TF24), jedoch nicht das winzigste Hinweisschild, dass man hier in die Wanderung einsteigen kann.<br \/>\nDenn, eigentlich wollten wir die Etappe abw\u00e4rts nach El Rosario gehen.<\/p>\n<p>Um 15.50 Uhr sind wir gl\u00fccklich und zufrieden, es auch so geschafft zu haben.<\/p>\n<p>Da wir schon im Vorfeld die ungef\u00e4hre Dauer der Tour bedacht haben, fuhren unsere lieben M\u00e4nner um 15 Uhr von Chayofa aus los. Es galt nur noch eine kurze Verst\u00e4ndigung, wo sie uns \u201eeinsammeln\u201c k\u00f6nnen und wir konnten die kurze Wartezeit im Sonnenschein, warm gebettet im \u201eKiefernnadelnbett\u201c, genie\u00dfen.<\/p>\n<p><strong>Fazit<\/strong>: Wie sch\u00f6n! Wie abwechslungsreich ist diese Insel. Wir sind immer wieder auf\u2019s Neue \u00fcberrascht und begl\u00fcckt. Und diese Tour verdient besondere Beachtung.<\/p>\n<p><strong>Besonderheit:<\/strong><br \/>\nIn Spanien gibt es drei Klassen von anerkannten Wanderwegen: Fernwanderwege . (Senderos de Gran Recorrido, GR), Wanderstrecken mittlerer L\u00e4nge (Senderos de Peque\u00f1o Recorrido, PR) und kurze Wanderstrecken (Senderos Locales, SL). Die Fernwanderwege (GR) werden in mehreren Etappen bew\u00e4ltigt. Bei den Wanderstrecken mittlerer L\u00e4nge (PR) handelt es sich um Tagestouren, die den Zugang zu bestimmten Punkten der Insel erm\u00f6glichen. Der Schwierigkeitsgrad dieser Routen reicht von sehr einfach bis sehr anstrengend. Die kurzen Wanderstrecken (SL) sind recht einfach zu bew\u00e4ltigen und k\u00f6nnen in relativ kurzer Zeit abgelaufen werden.<br \/>\n(Habe ich irgendwo im Internet gefunden und so \u00fcbernommen.)<\/p>\n<p><strong>Anfahrt:<\/strong><br \/>\nAus Richtung Los Cristianos kommend auf der TF 1 bis Ausfahrt 20, Arafo,<br \/>\nTF 281 nach Arafo, TF 28 G\u00fcimar-Arafo, TF 245 nach Arafo, TF 523 Teide,<br \/>\nTF 24 nach Esperanza \u2013 Santa Cruz, kurz vor km 6 der TF 24 links ab zum Rathaus El Rosario und weiter in die Calle del Grano Oro.<\/p>\n<p><strong>Restaurant:<\/strong><br \/>\nImmer wieder gerne besucht das:<br \/>\n\u201eBodeg\u00f3n Campestre\u201c.<br \/>\nCarretera General Las Ca\u00f1adas, Km 7,5<br \/>\nTelefon 922 54 80 57<br \/>\nMontag ist Ruhetag, ausgenommen an Feiertagen.<br \/>\nund man f\u00e4hrt direkt daran vorbei.<br \/>\n\u00dcbrigens: Es gibt einen separaten Parkplatz gleich rechts vom Restaurant<\/p>\n","protected":false},"excerpt":{"rendered":"<p>F\u00fcr uns die vorletzte Etappe des 84 km langen Wanderweges TF GR 131 Anaga \u2013 Chasna. Jede dieser Strecken hat ihren besonderen Reiz, aber diese hier ist ganz au\u00dfergew\u00f6hnlich durch ihr durchgehendes GR\u00dcN! Sie ist aber auch sehr anstrengend, denn geht man doch von El Rosario stets bergauf (ca. 560 H\u00f6henmeter), zum Teil sanft, zum [&hellip;]<\/p>\n","protected":false},"author":4,"featured_media":0,"comment_status":"open","ping_status":"open","sticky":false,"template":"","format":"standard","meta":{"footnotes":""},"categories":[769,6],"tags":[526,528,166,527],"class_list":["post-1669","post","type-post","status-publish","format-standard","hentry","category-esperanza-wald","category-wanderungen","tag-cortafuego","tag-el-rosario","tag-esperanza","tag-tf-gr-131"],"yoast_head":"<!-- This site is optimized with the Yoast SEO plugin v27.5 - https:\/\/yoast.com\/product\/yoast-seo-wordpress\/ -->\n<title>Esperanza - Cortafuego \/ El Gaitero - Teneriffa Wandern<\/title>\n<meta name=\"robots\" content=\"index, follow, max-snippet:-1, max-image-preview:large, max-video-preview:-1\" \/>\n<link rel=\"canonical\" href=\"https:\/\/www.mundi-roth.de\/teneriffa-blog\/wanderungen\/esperanza-cortafuego-el-gaitero\/\" \/>\n<meta name=\"twitter:label1\" content=\"Verfasst von\" \/>\n\t<meta name=\"twitter:data1\" content=\"mundi\" \/>\n\t<meta name=\"twitter:label2\" content=\"Gesch\u00e4tzte Lesezeit\" \/>\n\t<meta name=\"twitter:data2\" content=\"6\u00a0Minuten\" \/>\n<script type=\"application\/ld+json\" class=\"yoast-schema-graph\">{\"@context\":\"https:\\\/\\\/schema.org\",\"@graph\":[{\"@type\":\"Article\",\"@id\":\"https:\\\/\\\/www.mundi-roth.de\\\/teneriffa-blog\\\/wanderungen\\\/esperanza-cortafuego-el-gaitero\\\/#article\",\"isPartOf\":{\"@id\":\"https:\\\/\\\/www.mundi-roth.de\\\/teneriffa-blog\\\/wanderungen\\\/esperanza-cortafuego-el-gaitero\\\/\"},\"author\":{\"name\":\"mundi\",\"@id\":\"https:\\\/\\\/www.mundi-roth.de\\\/teneriffa-blog\\\/#\\\/schema\\\/person\\\/971c66b55f3ae5e8741553688c413cac\"},\"headline\":\"Esperanza &#8211; Cortafuego \\\/ El Gaitero\",\"datePublished\":\"2012-01-12T21:00:14+00:00\",\"dateModified\":\"2015-04-09T14:05:36+00:00\",\"mainEntityOfPage\":{\"@id\":\"https:\\\/\\\/www.mundi-roth.de\\\/teneriffa-blog\\\/wanderungen\\\/esperanza-cortafuego-el-gaitero\\\/\"},\"wordCount\":1117,\"commentCount\":0,\"image\":{\"@id\":\"https:\\\/\\\/www.mundi-roth.de\\\/teneriffa-blog\\\/wanderungen\\\/esperanza-cortafuego-el-gaitero\\\/#primaryimage\"},\"thumbnailUrl\":\"http:\\\/\\\/www.mundi-roth.de\\\/teneriffa-blog\\\/wp-content\\\/uploads\\\/2012\\\/01\\\/GR1311-150x135.jpg\",\"keywords\":[\"cortafuego\",\"El Rosario\",\"Esperanza\",\"TF GR 131\"],\"articleSection\":[\"Esperanza-Wald\",\"Wanderungen\"],\"inLanguage\":\"de\",\"potentialAction\":[{\"@type\":\"CommentAction\",\"name\":\"Comment\",\"target\":[\"https:\\\/\\\/www.mundi-roth.de\\\/teneriffa-blog\\\/wanderungen\\\/esperanza-cortafuego-el-gaitero\\\/#respond\"]}]},{\"@type\":\"WebPage\",\"@id\":\"https:\\\/\\\/www.mundi-roth.de\\\/teneriffa-blog\\\/wanderungen\\\/esperanza-cortafuego-el-gaitero\\\/\",\"url\":\"https:\\\/\\\/www.mundi-roth.de\\\/teneriffa-blog\\\/wanderungen\\\/esperanza-cortafuego-el-gaitero\\\/\",\"name\":\"Esperanza - Cortafuego \\\/ El Gaitero - Teneriffa Wandern\",\"isPartOf\":{\"@id\":\"https:\\\/\\\/www.mundi-roth.de\\\/teneriffa-blog\\\/#website\"},\"primaryImageOfPage\":{\"@id\":\"https:\\\/\\\/www.mundi-roth.de\\\/teneriffa-blog\\\/wanderungen\\\/esperanza-cortafuego-el-gaitero\\\/#primaryimage\"},\"image\":{\"@id\":\"https:\\\/\\\/www.mundi-roth.de\\\/teneriffa-blog\\\/wanderungen\\\/esperanza-cortafuego-el-gaitero\\\/#primaryimage\"},\"thumbnailUrl\":\"http:\\\/\\\/www.mundi-roth.de\\\/teneriffa-blog\\\/wp-content\\\/uploads\\\/2012\\\/01\\\/GR1311-150x135.jpg\",\"datePublished\":\"2012-01-12T21:00:14+00:00\",\"dateModified\":\"2015-04-09T14:05:36+00:00\",\"author\":{\"@id\":\"https:\\\/\\\/www.mundi-roth.de\\\/teneriffa-blog\\\/#\\\/schema\\\/person\\\/971c66b55f3ae5e8741553688c413cac\"},\"breadcrumb\":{\"@id\":\"https:\\\/\\\/www.mundi-roth.de\\\/teneriffa-blog\\\/wanderungen\\\/esperanza-cortafuego-el-gaitero\\\/#breadcrumb\"},\"inLanguage\":\"de\",\"potentialAction\":[{\"@type\":\"ReadAction\",\"target\":[\"https:\\\/\\\/www.mundi-roth.de\\\/teneriffa-blog\\\/wanderungen\\\/esperanza-cortafuego-el-gaitero\\\/\"]}]},{\"@type\":\"ImageObject\",\"inLanguage\":\"de\",\"@id\":\"https:\\\/\\\/www.mundi-roth.de\\\/teneriffa-blog\\\/wanderungen\\\/esperanza-cortafuego-el-gaitero\\\/#primaryimage\",\"url\":\"https:\\\/\\\/www.mundi-roth.de\\\/teneriffa-blog\\\/wp-content\\\/uploads\\\/2012\\\/01\\\/GR1311.jpg\",\"contentUrl\":\"https:\\\/\\\/www.mundi-roth.de\\\/teneriffa-blog\\\/wp-content\\\/uploads\\\/2012\\\/01\\\/GR1311.jpg\",\"width\":\"298\",\"height\":\"269\"},{\"@type\":\"BreadcrumbList\",\"@id\":\"https:\\\/\\\/www.mundi-roth.de\\\/teneriffa-blog\\\/wanderungen\\\/esperanza-cortafuego-el-gaitero\\\/#breadcrumb\",\"itemListElement\":[{\"@type\":\"ListItem\",\"position\":1,\"name\":\"Startseite\",\"item\":\"https:\\\/\\\/www.mundi-roth.de\\\/teneriffa-blog\\\/\"},{\"@type\":\"ListItem\",\"position\":2,\"name\":\"Esperanza &#8211; Cortafuego \\\/ El Gaitero\"}]},{\"@type\":\"WebSite\",\"@id\":\"https:\\\/\\\/www.mundi-roth.de\\\/teneriffa-blog\\\/#website\",\"url\":\"https:\\\/\\\/www.mundi-roth.de\\\/teneriffa-blog\\\/\",\"name\":\"Teneriffa Wandern\",\"description\":\"Nicht nur Wanderungen auf Teneriffa...\",\"potentialAction\":[{\"@type\":\"SearchAction\",\"target\":{\"@type\":\"EntryPoint\",\"urlTemplate\":\"https:\\\/\\\/www.mundi-roth.de\\\/teneriffa-blog\\\/?s={search_term_string}\"},\"query-input\":{\"@type\":\"PropertyValueSpecification\",\"valueRequired\":true,\"valueName\":\"search_term_string\"}}],\"inLanguage\":\"de\"},{\"@type\":\"Person\",\"@id\":\"https:\\\/\\\/www.mundi-roth.de\\\/teneriffa-blog\\\/#\\\/schema\\\/person\\\/971c66b55f3ae5e8741553688c413cac\",\"name\":\"mundi\",\"image\":{\"@type\":\"ImageObject\",\"inLanguage\":\"de\",\"@id\":\"https:\\\/\\\/secure.gravatar.com\\\/avatar\\\/555f0dd85428f1a9330f8e5dbe9e40ff9ca912bb81e5a89747ebf3ca9c20dc0f?s=96&d=mm&r=g\",\"url\":\"https:\\\/\\\/secure.gravatar.com\\\/avatar\\\/555f0dd85428f1a9330f8e5dbe9e40ff9ca912bb81e5a89747ebf3ca9c20dc0f?s=96&d=mm&r=g\",\"contentUrl\":\"https:\\\/\\\/secure.gravatar.com\\\/avatar\\\/555f0dd85428f1a9330f8e5dbe9e40ff9ca912bb81e5a89747ebf3ca9c20dc0f?s=96&d=mm&r=g\",\"caption\":\"mundi\"},\"sameAs\":[\"http:\\\/\\\/mundi-roth.de\"],\"url\":\"https:\\\/\\\/www.mundi-roth.de\\\/teneriffa-blog\\\/author\\\/mundi\\\/\"}]}<\/script>\n<!-- \/ Yoast SEO plugin. -->","yoast_head_json":{"title":"Esperanza - Cortafuego \/ El Gaitero - Teneriffa Wandern","robots":{"index":"index","follow":"follow","max-snippet":"max-snippet:-1","max-image-preview":"max-image-preview:large","max-video-preview":"max-video-preview:-1"},"canonical":"https:\/\/www.mundi-roth.de\/teneriffa-blog\/wanderungen\/esperanza-cortafuego-el-gaitero\/","twitter_misc":{"Verfasst von":"mundi","Gesch\u00e4tzte Lesezeit":"6\u00a0Minuten"},"schema":{"@context":"https:\/\/schema.org","@graph":[{"@type":"Article","@id":"https:\/\/www.mundi-roth.de\/teneriffa-blog\/wanderungen\/esperanza-cortafuego-el-gaitero\/#article","isPartOf":{"@id":"https:\/\/www.mundi-roth.de\/teneriffa-blog\/wanderungen\/esperanza-cortafuego-el-gaitero\/"},"author":{"name":"mundi","@id":"https:\/\/www.mundi-roth.de\/teneriffa-blog\/#\/schema\/person\/971c66b55f3ae5e8741553688c413cac"},"headline":"Esperanza &#8211; Cortafuego \/ El Gaitero","datePublished":"2012-01-12T21:00:14+00:00","dateModified":"2015-04-09T14:05:36+00:00","mainEntityOfPage":{"@id":"https:\/\/www.mundi-roth.de\/teneriffa-blog\/wanderungen\/esperanza-cortafuego-el-gaitero\/"},"wordCount":1117,"commentCount":0,"image":{"@id":"https:\/\/www.mundi-roth.de\/teneriffa-blog\/wanderungen\/esperanza-cortafuego-el-gaitero\/#primaryimage"},"thumbnailUrl":"http:\/\/www.mundi-roth.de\/teneriffa-blog\/wp-content\/uploads\/2012\/01\/GR1311-150x135.jpg","keywords":["cortafuego","El Rosario","Esperanza","TF GR 131"],"articleSection":["Esperanza-Wald","Wanderungen"],"inLanguage":"de","potentialAction":[{"@type":"CommentAction","name":"Comment","target":["https:\/\/www.mundi-roth.de\/teneriffa-blog\/wanderungen\/esperanza-cortafuego-el-gaitero\/#respond"]}]},{"@type":"WebPage","@id":"https:\/\/www.mundi-roth.de\/teneriffa-blog\/wanderungen\/esperanza-cortafuego-el-gaitero\/","url":"https:\/\/www.mundi-roth.de\/teneriffa-blog\/wanderungen\/esperanza-cortafuego-el-gaitero\/","name":"Esperanza - Cortafuego \/ El Gaitero - Teneriffa Wandern","isPartOf":{"@id":"https:\/\/www.mundi-roth.de\/teneriffa-blog\/#website"},"primaryImageOfPage":{"@id":"https:\/\/www.mundi-roth.de\/teneriffa-blog\/wanderungen\/esperanza-cortafuego-el-gaitero\/#primaryimage"},"image":{"@id":"https:\/\/www.mundi-roth.de\/teneriffa-blog\/wanderungen\/esperanza-cortafuego-el-gaitero\/#primaryimage"},"thumbnailUrl":"http:\/\/www.mundi-roth.de\/teneriffa-blog\/wp-content\/uploads\/2012\/01\/GR1311-150x135.jpg","datePublished":"2012-01-12T21:00:14+00:00","dateModified":"2015-04-09T14:05:36+00:00","author":{"@id":"https:\/\/www.mundi-roth.de\/teneriffa-blog\/#\/schema\/person\/971c66b55f3ae5e8741553688c413cac"},"breadcrumb":{"@id":"https:\/\/www.mundi-roth.de\/teneriffa-blog\/wanderungen\/esperanza-cortafuego-el-gaitero\/#breadcrumb"},"inLanguage":"de","potentialAction":[{"@type":"ReadAction","target":["https:\/\/www.mundi-roth.de\/teneriffa-blog\/wanderungen\/esperanza-cortafuego-el-gaitero\/"]}]},{"@type":"ImageObject","inLanguage":"de","@id":"https:\/\/www.mundi-roth.de\/teneriffa-blog\/wanderungen\/esperanza-cortafuego-el-gaitero\/#primaryimage","url":"https:\/\/www.mundi-roth.de\/teneriffa-blog\/wp-content\/uploads\/2012\/01\/GR1311.jpg","contentUrl":"https:\/\/www.mundi-roth.de\/teneriffa-blog\/wp-content\/uploads\/2012\/01\/GR1311.jpg","width":"298","height":"269"},{"@type":"BreadcrumbList","@id":"https:\/\/www.mundi-roth.de\/teneriffa-blog\/wanderungen\/esperanza-cortafuego-el-gaitero\/#breadcrumb","itemListElement":[{"@type":"ListItem","position":1,"name":"Startseite","item":"https:\/\/www.mundi-roth.de\/teneriffa-blog\/"},{"@type":"ListItem","position":2,"name":"Esperanza &#8211; Cortafuego \/ El Gaitero"}]},{"@type":"WebSite","@id":"https:\/\/www.mundi-roth.de\/teneriffa-blog\/#website","url":"https:\/\/www.mundi-roth.de\/teneriffa-blog\/","name":"Teneriffa Wandern","description":"Nicht nur Wanderungen auf Teneriffa...","potentialAction":[{"@type":"SearchAction","target":{"@type":"EntryPoint","urlTemplate":"https:\/\/www.mundi-roth.de\/teneriffa-blog\/?s={search_term_string}"},"query-input":{"@type":"PropertyValueSpecification","valueRequired":true,"valueName":"search_term_string"}}],"inLanguage":"de"},{"@type":"Person","@id":"https:\/\/www.mundi-roth.de\/teneriffa-blog\/#\/schema\/person\/971c66b55f3ae5e8741553688c413cac","name":"mundi","image":{"@type":"ImageObject","inLanguage":"de","@id":"https:\/\/secure.gravatar.com\/avatar\/555f0dd85428f1a9330f8e5dbe9e40ff9ca912bb81e5a89747ebf3ca9c20dc0f?s=96&d=mm&r=g","url":"https:\/\/secure.gravatar.com\/avatar\/555f0dd85428f1a9330f8e5dbe9e40ff9ca912bb81e5a89747ebf3ca9c20dc0f?s=96&d=mm&r=g","contentUrl":"https:\/\/secure.gravatar.com\/avatar\/555f0dd85428f1a9330f8e5dbe9e40ff9ca912bb81e5a89747ebf3ca9c20dc0f?s=96&d=mm&r=g","caption":"mundi"},"sameAs":["http:\/\/mundi-roth.de"],"url":"https:\/\/www.mundi-roth.de\/teneriffa-blog\/author\/mundi\/"}]}},"_links":{"self":[{"href":"https:\/\/www.mundi-roth.de\/teneriffa-blog\/wp-json\/wp\/v2\/posts\/1669","targetHints":{"allow":["GET"]}}],"collection":[{"href":"https:\/\/www.mundi-roth.de\/teneriffa-blog\/wp-json\/wp\/v2\/posts"}],"about":[{"href":"https:\/\/www.mundi-roth.de\/teneriffa-blog\/wp-json\/wp\/v2\/types\/post"}],"author":[{"embeddable":true,"href":"https:\/\/www.mundi-roth.de\/teneriffa-blog\/wp-json\/wp\/v2\/users\/4"}],"replies":[{"embeddable":true,"href":"https:\/\/www.mundi-roth.de\/teneriffa-blog\/wp-json\/wp\/v2\/comments?post=1669"}],"version-history":[{"count":0,"href":"https:\/\/www.mundi-roth.de\/teneriffa-blog\/wp-json\/wp\/v2\/posts\/1669\/revisions"}],"wp:attachment":[{"href":"https:\/\/www.mundi-roth.de\/teneriffa-blog\/wp-json\/wp\/v2\/media?parent=1669"}],"wp:term":[{"taxonomy":"category","embeddable":true,"href":"https:\/\/www.mundi-roth.de\/teneriffa-blog\/wp-json\/wp\/v2\/categories?post=1669"},{"taxonomy":"post_tag","embeddable":true,"href":"https:\/\/www.mundi-roth.de\/teneriffa-blog\/wp-json\/wp\/v2\/tags?post=1669"}],"curies":[{"name":"wp","href":"https:\/\/api.w.org\/{rel}","templated":true}]}}