{"id":1686,"date":"2012-02-03T22:00:36","date_gmt":"2012-02-03T21:00:36","guid":{"rendered":"http:\/\/www.mundi-roth.de\/teneriffa-blog\/?p=1686"},"modified":"2015-04-09T15:05:08","modified_gmt":"2015-04-09T14:05:08","slug":"cortafuegoel-gaitero-%e2%80%93-calderaaguamansa","status":"publish","type":"post","link":"https:\/\/www.mundi-roth.de\/teneriffa-blog\/wanderungen\/cortafuegoel-gaitero-%e2%80%93-calderaaguamansa\/","title":{"rendered":"Cortafuego\/El Gaitero \u2013 Caldera\/Aguamansa"},"content":{"rendered":"<p><strong>84 km lang ist die Gesamtstrecke des gro\u00dfen Wanderweges GR131, 1.800 H\u00f6henmeter gilt es zu \u00fcberwinden und es sind 30 Stunden daf\u00fcr anzusetzen.<\/strong><\/p>\n<p>(<a href=\"http:\/\/www.senderosbtt.com\/index.php?option=com_content&amp;view=frontpage&amp;Itemid=93\">http:\/\/www.senderosbtt.com\/index.php?option=com_content&amp;view=frontpage&amp;Itemid=93)<\/a><\/p>\n<p><strong>Ja, wir haben das letzte Puzzleteilchen des gro\u00dfen Wanderweges GR131 von <\/strong><strong>Anaga\u00a0 nach Chasna eingef\u00fcgt. Ja, wir sind tats\u00e4chlich alle Teilstrecken des <\/strong><strong>gro\u00dfen Wanderweges GR131 gegangen.<\/strong><br \/>\n<strong>Elisabeth und ich haben schon in der letzten Wandersaison Teilstrecken <\/strong><strong>erwandert und sind nunmehr zu einem guten Ende gekommen.<\/strong><\/p>\n<p>Es sind Wanderungen zwischen 3 und 6 Stunden die vom Nord-Osten zum<br \/>\nS\u00fcd-Westen verlaufen. Sie f\u00fchren \u00fcber den einstigen \u201ecamino real\u201c, dem alten<br \/>\nHandelsweg oder auf den Pfaden, auf denen die Hirten ihre Herden zur Weide<br \/>\nbrachten.<br \/>\nWir haben die Teilstrecken mal in diese, mal in die andere Richtung erwandert.<\/p>\n<p>Den Ausf\u00fchrungen der Beschreibung der Regierung von Teneriffa k\u00f6nnen wir<br \/>\nbedingungslos zustimmen:<br \/>\n<em>\u201eJeder Streckenabschnitt verf\u00fcgt \u00fcber seinen eigenen Reiz, seine besonderen <\/em><br \/>\n<em>Charakteristiken. Keiner l\u00e4sst sich mit dem anderen vergleichen.\u201c<\/em><br \/>\nLohnenswert sind sie alle, nur sind wir der Auffassung, den\u00a0 Abschnitt \u201eEl<br \/>\nFilo\u201c m\u00fcssten wir nicht noch einmal gehen.<\/p>\n<p>Heutige Wanderstrecke: knapp 5 Stunden Gehzeit, ohne Pause, da das Wetter zu<br \/>\nunfreundlich war<\/p>\n<p>10.30 Uhr setzen uns unsere M\u00e4nner am Einstieg &#8211; zwischen km 22 und 21 der TF 24, dem Endpunkt der letzten Wanderung &#8211; ab.<\/p>\n<p>Wir gehen \u2013 bei Regen und 4,5\u00b0C aber guter Dinge &#8211; gegen\u00fcber des Holzschildes rechts an<a href=\"http:\/\/www.mundi-roth.de\/teneriffa-blog\/wp-content\/uploads\/2012\/02\/SANY0006.jpg\" rel=\"lightbox[1686]\"><img loading=\"lazy\" decoding=\"async\" class=\"alignleft size-thumbnail wp-image-1687\" title=\"SANYO DIGITAL CAMERA\" src=\"http:\/\/www.mundi-roth.de\/teneriffa-blog\/wp-content\/uploads\/2012\/02\/SANY0006-150x112.jpg\" alt=\"\" width=\"150\" height=\"112\" srcset=\"https:\/\/www.mundi-roth.de\/teneriffa-blog\/wp-content\/uploads\/2012\/02\/SANY0006-150x112.jpg 150w, https:\/\/www.mundi-roth.de\/teneriffa-blog\/wp-content\/uploads\/2012\/02\/SANY0006-300x225.jpg 300w, https:\/\/www.mundi-roth.de\/teneriffa-blog\/wp-content\/uploads\/2012\/02\/SANY0006.jpg 600w\" sizes=\"auto, (max-width: 150px) 100vw, 150px\" \/><\/a> einem Baum \u201eEl Gaitero\u201c, links an der Schranke vorbei, die Feuerschneise, cortafuego, abw\u00e4rts bis zum Hinweisschild: Caldera 14,8 km. Wir erinnern uns: 15.7 km stiegen wir beim letzten Mal von Esperanza aus auf.<\/p>\n<p>Der Weg ist gut wieder ausgezeichnet gekennzeichnet: wei\u00df-rote Markierungen, Holzpf\u00e4hle mit der Beschriftung\u00a0 \u201eCamino Natural <a href=\"http:\/\/www.mundi-roth.de\/teneriffa-blog\/wp-content\/uploads\/2012\/02\/P1040411.jpg\" rel=\"lightbox[1686]\"><img loading=\"lazy\" decoding=\"async\" class=\"alignright size-thumbnail wp-image-1688\" title=\"P1040411\" src=\"http:\/\/www.mundi-roth.de\/teneriffa-blog\/wp-content\/uploads\/2012\/02\/P1040411-150x112.jpg\" alt=\"\" width=\"150\" height=\"112\" srcset=\"https:\/\/www.mundi-roth.de\/teneriffa-blog\/wp-content\/uploads\/2012\/02\/P1040411-150x112.jpg 150w, https:\/\/www.mundi-roth.de\/teneriffa-blog\/wp-content\/uploads\/2012\/02\/P1040411-300x225.jpg 300w, https:\/\/www.mundi-roth.de\/teneriffa-blog\/wp-content\/uploads\/2012\/02\/P1040411.jpg 600w\" sizes=\"auto, (max-width: 150px) 100vw, 150px\" \/><\/a>Anaga \u2013 Chasna\u00a0 GR 131\u201c und es erwartet uns fast augenblicklich wieder der M\u00e4rchenwald. Kiefern, Moose, Farne, Flechten, Lorbeer- und Erikab\u00e4ume.<br \/>\n<a href=\"http:\/\/www.mundi-roth.de\/teneriffa-blog\/wp-content\/uploads\/2012\/02\/P1040408.jpg\" rel=\"lightbox[1686]\"><img loading=\"lazy\" decoding=\"async\" class=\"alignleft size-thumbnail wp-image-1689\" title=\"P1040408\" src=\"http:\/\/www.mundi-roth.de\/teneriffa-blog\/wp-content\/uploads\/2012\/02\/P1040408-112x150.jpg\" alt=\"\" width=\"112\" height=\"150\" srcset=\"https:\/\/www.mundi-roth.de\/teneriffa-blog\/wp-content\/uploads\/2012\/02\/P1040408-112x150.jpg 112w, https:\/\/www.mundi-roth.de\/teneriffa-blog\/wp-content\/uploads\/2012\/02\/P1040408-225x300.jpg 225w, https:\/\/www.mundi-roth.de\/teneriffa-blog\/wp-content\/uploads\/2012\/02\/P1040408.jpg 450w\" sizes=\"auto, (max-width: 112px) 100vw, 112px\" \/><\/a>Der Schritt wird durch die dicke Kiefernnadelschicht gut abgefedert.<\/p>\n<p>So hatten wir es uns gew\u00fcnscht, sieht man vom Regen ab: es geht abw\u00e4rts. 1 Stunde und 20 Minuten. Dann ist Schluss mit Lustig. Es geht bergauf. All das was, wir bergab gingen, hei\u00dft es nun wieder aufsteigen. Nach 1 \u00bd Stunden k\u00f6nnen wir unsere Regenm\u00e4ntel ausziehen. Wir dampfen!<br \/>\nDas n\u00e4chste Hinweisschild sagt uns: 13,6 km zur Caldera.<br \/>\nKann doch nicht sein, dass wir nur 1, 2 km geschafft haben!?!<a href=\"http:\/\/www.mundi-roth.de\/teneriffa-blog\/wp-content\/uploads\/2012\/02\/P1040418.jpg\" rel=\"lightbox[1686]\"><img loading=\"lazy\" decoding=\"async\" class=\"alignright size-thumbnail wp-image-1690\" title=\"P1040418\" src=\"http:\/\/www.mundi-roth.de\/teneriffa-blog\/wp-content\/uploads\/2012\/02\/P1040418-150x112.jpg\" alt=\"\" width=\"150\" height=\"112\" srcset=\"https:\/\/www.mundi-roth.de\/teneriffa-blog\/wp-content\/uploads\/2012\/02\/P1040418-150x112.jpg 150w, https:\/\/www.mundi-roth.de\/teneriffa-blog\/wp-content\/uploads\/2012\/02\/P1040418-300x225.jpg 300w, https:\/\/www.mundi-roth.de\/teneriffa-blog\/wp-content\/uploads\/2012\/02\/P1040418.jpg 600w\" sizes=\"auto, (max-width: 150px) 100vw, 150px\" \/><\/a><br \/>\nKann auch nicht sein, denn kaum sind wir 15 Minuten weiter gegangen, hei\u00dft es 10,8 km.<br \/>\nDas klingt glaubw\u00fcrdiger: In 1 Stunde 45 Minunten 4 km.<br \/>\nUnsere gewohnte Apfelpause f\u00e4llt aus. Wir haben keine Ambitionen uns hinzusetzen. Der Apfel wird im Gehen gegessen.<br \/>\nZwischendurch hatten wir auch mal ein Netz und konnten die Nachrichten, die<br \/>\nuns unsere M\u00e4nner, die \u00fcber unser Weiterkommen informiert sein wollten,\u00a0 auf die Mobilbox gesprochen haben, abh\u00f6ren. Auch klappte zwischendurch mal eine kurze Verst\u00e4ndigung.<br \/>\nWir konnten jedoch nur sagen: &#8222;Keine Ahnung wo wir uns befinden und wie lange wir noch zu gehen haben.&#8220;<br \/>\nKurz nach dem letzten Anruf passierten wir wieder ein Hinweisschild: Caldera<br \/>\n7,0 km.<br \/>\n<a href=\"http:\/\/www.mundi-roth.de\/teneriffa-blog\/wp-content\/uploads\/2012\/02\/P1040419.jpg\" rel=\"lightbox[1686]\"><img loading=\"lazy\" decoding=\"async\" class=\"alignleft size-thumbnail wp-image-1691\" title=\"P1040419\" src=\"http:\/\/www.mundi-roth.de\/teneriffa-blog\/wp-content\/uploads\/2012\/02\/P1040419-150x112.jpg\" alt=\"\" width=\"150\" height=\"112\" srcset=\"https:\/\/www.mundi-roth.de\/teneriffa-blog\/wp-content\/uploads\/2012\/02\/P1040419-150x112.jpg 150w, https:\/\/www.mundi-roth.de\/teneriffa-blog\/wp-content\/uploads\/2012\/02\/P1040419-300x225.jpg 300w, https:\/\/www.mundi-roth.de\/teneriffa-blog\/wp-content\/uploads\/2012\/02\/P1040419.jpg 600w\" sizes=\"auto, (max-width: 150px) 100vw, 150px\" \/><\/a>Aeonien besiedeln die steilen Felsw\u00e4nde und kritische Stellen sind gut mit<br \/>\nHolzgel\u00e4nder gesichert.<br \/>\nLeider hat in einigen Abschnitten der Sturm gew\u00fctet und viele B\u00e4ume und \u00c4ste versperren den Weg, sie <a href=\"http:\/\/www.mundi-roth.de\/teneriffa-blog\/wp-content\/uploads\/2012\/02\/P1040421.jpg\" rel=\"lightbox[1686]\"><img loading=\"lazy\" decoding=\"async\" class=\"alignright size-thumbnail wp-image-1692\" title=\"P1040421\" src=\"http:\/\/www.mundi-roth.de\/teneriffa-blog\/wp-content\/uploads\/2012\/02\/P1040421-150x112.jpg\" alt=\"\" width=\"150\" height=\"112\" srcset=\"https:\/\/www.mundi-roth.de\/teneriffa-blog\/wp-content\/uploads\/2012\/02\/P1040421-150x112.jpg 150w, https:\/\/www.mundi-roth.de\/teneriffa-blog\/wp-content\/uploads\/2012\/02\/P1040421-300x225.jpg 300w, https:\/\/www.mundi-roth.de\/teneriffa-blog\/wp-content\/uploads\/2012\/02\/P1040421.jpg 600w\" sizes=\"auto, (max-width: 150px) 100vw, 150px\" \/><\/a>wollen \u00fcberstiegen oder umgangen werden.<br \/>\nF\u00fcr uns ein Zeichen, dass dieser Teil des gro\u00dfen Wanderweges nicht sehr h\u00e4ufig begangen wird.<br \/>\nGut, es ist heute kein ideales Wanderwetter, aber in fast 4 Stunden begegnen wir keiner Menschenseele.<br \/>\nTrotzdem: Wenn zwischendurch mal kurz die Sonne aufblitzt, f\u00fchlten wir uns wie Gl\u00fcckskinder.<br \/>\nMal eine Momentaufnahme: Blick zur K\u00fcste, ins Orotavatal und dann ziehen die<br \/>\n<a href=\"http:\/\/www.mundi-roth.de\/teneriffa-blog\/wp-content\/uploads\/2012\/02\/P1040423.jpg\" rel=\"lightbox[1686]\"><img loading=\"lazy\" decoding=\"async\" class=\"alignleft size-thumbnail wp-image-1693\" title=\"P1040423\" src=\"http:\/\/www.mundi-roth.de\/teneriffa-blog\/wp-content\/uploads\/2012\/02\/P1040423-112x150.jpg\" alt=\"\" width=\"112\" height=\"150\" srcset=\"https:\/\/www.mundi-roth.de\/teneriffa-blog\/wp-content\/uploads\/2012\/02\/P1040423-112x150.jpg 112w, https:\/\/www.mundi-roth.de\/teneriffa-blog\/wp-content\/uploads\/2012\/02\/P1040423-225x300.jpg 225w, https:\/\/www.mundi-roth.de\/teneriffa-blog\/wp-content\/uploads\/2012\/02\/P1040423.jpg 450w\" sizes=\"auto, (max-width: 112px) 100vw, 112px\" \/><\/a>Passatwolken schon wieder dick herauf.<br \/>\nAn fantastischen, knorrigen, riesigen alten Kiefernexemplaren wandern wir vorbei und ehrfurchtsvoll blicken wir zu den steilen Felsw\u00e4nden auf.<\/p>\n<p>Wir sind uns sicher, wir befinden uns bereits \u2013 nach rund 3 <a href=\"http:\/\/www.mundi-roth.de\/teneriffa-blog\/wp-content\/uploads\/2012\/02\/P1040425.jpg\" rel=\"lightbox[1686]\"><img loading=\"lazy\" decoding=\"async\" class=\"alignright size-thumbnail wp-image-1694\" title=\"P1040425\" src=\"http:\/\/www.mundi-roth.de\/teneriffa-blog\/wp-content\/uploads\/2012\/02\/P1040425-150x112.jpg\" alt=\"\" width=\"150\" height=\"112\" srcset=\"https:\/\/www.mundi-roth.de\/teneriffa-blog\/wp-content\/uploads\/2012\/02\/P1040425-150x112.jpg 150w, https:\/\/www.mundi-roth.de\/teneriffa-blog\/wp-content\/uploads\/2012\/02\/P1040425-300x225.jpg 300w, https:\/\/www.mundi-roth.de\/teneriffa-blog\/wp-content\/uploads\/2012\/02\/P1040425.jpg 600w\" sizes=\"auto, (max-width: 150px) 100vw, 150px\" \/><\/a>Stunden Gehzeit \u2013 im Bereich der Orgelpfeifen \u201eLos \u00f3rganos\u201c.<\/p>\n<p>Schilder weisen uns darauf hin, dass wir uns nun 2,2 km <a href=\"http:\/\/www.mundi-roth.de\/teneriffa-blog\/wp-content\/uploads\/2012\/02\/P1040437.jpg\" rel=\"lightbox[1686]\"><img loading=\"lazy\" decoding=\"async\" class=\"alignleft size-thumbnail wp-image-1695\" title=\"P1040437\" src=\"http:\/\/www.mundi-roth.de\/teneriffa-blog\/wp-content\/uploads\/2012\/02\/P1040437-112x150.jpg\" alt=\"\" width=\"112\" height=\"150\" srcset=\"https:\/\/www.mundi-roth.de\/teneriffa-blog\/wp-content\/uploads\/2012\/02\/P1040437-112x150.jpg 112w, https:\/\/www.mundi-roth.de\/teneriffa-blog\/wp-content\/uploads\/2012\/02\/P1040437-225x300.jpg 225w, https:\/\/www.mundi-roth.de\/teneriffa-blog\/wp-content\/uploads\/2012\/02\/P1040437.jpg 450w\" sizes=\"auto, (max-width: 112px) 100vw, 112px\" \/><\/a>in einem gef\u00e4hrlichen Abschnitt bewegen, auf 50 Meter wird vor Steinschlag gewarnt.<br \/>\nEine \u00dcbersichtstafel zeigt uns auf, was wir sehen w\u00fcrden,\u00a0 gingen wir nicht in den Wolken:<a href=\"http:\/\/www.mundi-roth.de\/teneriffa-blog\/wp-content\/uploads\/2012\/02\/P1040427.jpg\" rel=\"lightbox[1686]\"><img loading=\"lazy\" decoding=\"async\" class=\"alignright size-thumbnail wp-image-1696\" title=\"P1040427\" src=\"http:\/\/www.mundi-roth.de\/teneriffa-blog\/wp-content\/uploads\/2012\/02\/P1040427-150x112.jpg\" alt=\"\" width=\"150\" height=\"112\" srcset=\"https:\/\/www.mundi-roth.de\/teneriffa-blog\/wp-content\/uploads\/2012\/02\/P1040427-150x112.jpg 150w, https:\/\/www.mundi-roth.de\/teneriffa-blog\/wp-content\/uploads\/2012\/02\/P1040427-300x225.jpg 300w, https:\/\/www.mundi-roth.de\/teneriffa-blog\/wp-content\/uploads\/2012\/02\/P1040427.jpg 600w\" sizes=\"auto, (max-width: 150px) 100vw, 150px\" \/><\/a><br \/>\nRoque La Escalera, Lomo Dorsal, Pico del Teide, Lomo Topo, Aguamansa, Lomo la Cabezada.<br \/>\nBeeindruckende Felsen und Felsw\u00e4nde begeistern uns.<br \/>\nAber auch der so vorbildlich pr\u00e4parierte Weg. Welche <a href=\"http:\/\/www.mundi-roth.de\/teneriffa-blog\/wp-content\/uploads\/2012\/02\/P1040433.jpg\" rel=\"lightbox[1686]\"><img loading=\"lazy\" decoding=\"async\" class=\"alignleft size-thumbnail wp-image-1697\" title=\"P1040433\" src=\"http:\/\/www.mundi-roth.de\/teneriffa-blog\/wp-content\/uploads\/2012\/02\/P1040433-150x112.jpg\" alt=\"\" width=\"150\" height=\"112\" srcset=\"https:\/\/www.mundi-roth.de\/teneriffa-blog\/wp-content\/uploads\/2012\/02\/P1040433-150x112.jpg 150w, https:\/\/www.mundi-roth.de\/teneriffa-blog\/wp-content\/uploads\/2012\/02\/P1040433-300x225.jpg 300w, https:\/\/www.mundi-roth.de\/teneriffa-blog\/wp-content\/uploads\/2012\/02\/P1040433.jpg 600w\" sizes=\"auto, (max-width: 150px) 100vw, 150px\" \/><\/a>M\u00fchen daf\u00fcr aufgewandt wurden, enorm!<\/p>\n<p>Um 14 Uhr \u2013 nach 3 \u00bd Stunden strammen Gehens \u2013 kommen wir an den uns bekannten Punkt von der Wanderung \u201eH\u00f6henweg \u00d3rganos\u201c.<br \/>\nDas Hinweisschild informiert uns : PR TF 35:\u00a0 2,2 km zur<a href=\"http:\/\/www.mundi-roth.de\/teneriffa-blog\/wp-content\/uploads\/2012\/02\/P1040439.jpg\" rel=\"lightbox[1686]\"><img loading=\"lazy\" decoding=\"async\" class=\"alignright size-thumbnail wp-image-1698\" title=\"P1040439\" src=\"http:\/\/www.mundi-roth.de\/teneriffa-blog\/wp-content\/uploads\/2012\/02\/P1040439-112x150.jpg\" alt=\"\" width=\"112\" height=\"150\" srcset=\"https:\/\/www.mundi-roth.de\/teneriffa-blog\/wp-content\/uploads\/2012\/02\/P1040439-112x150.jpg 112w, https:\/\/www.mundi-roth.de\/teneriffa-blog\/wp-content\/uploads\/2012\/02\/P1040439-225x300.jpg 225w, https:\/\/www.mundi-roth.de\/teneriffa-blog\/wp-content\/uploads\/2012\/02\/P1040439.jpg 450w\" sizes=\"auto, (max-width: 112px) 100vw, 112px\" \/><\/a> \u201eCasa del Agua\u201c und wir erinnern uns an die ausgeh\u00f6hlte Kiefer, die der Harzgewinnung diente .<br \/>\nZudem wissen wir: von nun an geht\u2019s bergab und zwar heftig, gut 40 Minuten, und dann noch einen Forstweg, lang, zur <a href=\"http:\/\/www.mundi-roth.de\/teneriffa-blog\/wanderungen\/cortafuegoel-gaitero-%e2%80%93-calderaaguamansa\/attachment\/p1040444\/\" rel=\"attachment wp-att-1699\"><img loading=\"lazy\" decoding=\"async\" class=\"alignleft size-thumbnail wp-image-1699\" title=\"P1040444\" src=\"http:\/\/www.mundi-roth.de\/teneriffa-blog\/wp-content\/uploads\/2012\/02\/P1040444-150x112.jpg\" alt=\"\" width=\"150\" height=\"112\" srcset=\"https:\/\/www.mundi-roth.de\/teneriffa-blog\/wp-content\/uploads\/2012\/02\/P1040444-150x112.jpg 150w, https:\/\/www.mundi-roth.de\/teneriffa-blog\/wp-content\/uploads\/2012\/02\/P1040444-300x225.jpg 300w, https:\/\/www.mundi-roth.de\/teneriffa-blog\/wp-content\/uploads\/2012\/02\/P1040444.jpg 600w\" sizes=\"auto, (max-width: 150px) 100vw, 150px\" \/><\/a>Caldera, vorbei am \u201eCasa del Agua\u201c\u00a0 und dem Unterstand \u201ePedro Gil\u201c. Und da gibt es auch wieder die<br \/>\nMarkierung f\u00fcr den Wanderweg \u201eGR 131\u201c, wei\u00df-rot.<\/p>\n<p>Leider haben wir nicht gez\u00e4hlt, wie viele Barrancos wir bis hierher um- oder durchschritten haben.<br \/>\nEs war jedoch ein stetes bergauf, bergab. Mal sanft, mal steil.<br \/>\nZur Erholung zwischendurch Passagen fast eben, am Hang entlang.<\/p>\n<p>Auf der Abstiegsstrecke begeistern uns wieder die mit Flechten behangenen <a href=\"http:\/\/www.mundi-roth.de\/teneriffa-blog\/wp-content\/uploads\/2012\/02\/P1040440.jpg\" rel=\"lightbox[1686]\"><img loading=\"lazy\" decoding=\"async\" class=\"alignright size-thumbnail wp-image-1700\" title=\"P1040440\" src=\"http:\/\/www.mundi-roth.de\/teneriffa-blog\/wp-content\/uploads\/2012\/02\/P1040440-150x112.jpg\" alt=\"\" width=\"150\" height=\"112\" srcset=\"https:\/\/www.mundi-roth.de\/teneriffa-blog\/wp-content\/uploads\/2012\/02\/P1040440-150x112.jpg 150w, https:\/\/www.mundi-roth.de\/teneriffa-blog\/wp-content\/uploads\/2012\/02\/P1040440-300x225.jpg 300w, https:\/\/www.mundi-roth.de\/teneriffa-blog\/wp-content\/uploads\/2012\/02\/P1040440.jpg 600w\" sizes=\"auto, (max-width: 150px) 100vw, 150px\" \/><\/a><br \/>\nB\u00e4ume und Str\u00e4ucher. Es erinnert an Lametta.<\/p>\n<p><a href=\"http:\/\/www.mundi-roth.de\/teneriffa-blog\/wp-content\/uploads\/2012\/02\/SANY0029a.jpg\" rel=\"lightbox[1686]\"><img loading=\"lazy\" decoding=\"async\" class=\"alignleft size-thumbnail wp-image-1702\" title=\"SANYO DIGITAL CAMERA\" src=\"http:\/\/www.mundi-roth.de\/teneriffa-blog\/wp-content\/uploads\/2012\/02\/SANY0029a-150x97.jpg\" alt=\"\" width=\"150\" height=\"97\" srcset=\"https:\/\/www.mundi-roth.de\/teneriffa-blog\/wp-content\/uploads\/2012\/02\/SANY0029a-150x97.jpg 150w, https:\/\/www.mundi-roth.de\/teneriffa-blog\/wp-content\/uploads\/2012\/02\/SANY0029a-300x194.jpg 300w, https:\/\/www.mundi-roth.de\/teneriffa-blog\/wp-content\/uploads\/2012\/02\/SANY0029a.jpg 600w\" sizes=\"auto, (max-width: 150px) 100vw, 150px\" \/><\/a>Nach kurzer Verst\u00e4ndigung mit unseren lieben M\u00e4nnern kommen sie uns mit Blick auf &#8222;Los \u00d3rganos&#8220; bis \u201ePedro Gil\u201c entgegen und nach knapp 5 Stunden sind wir beim Auto.<br \/>\n<a href=\"http:\/\/www.mundi-roth.de\/teneriffa-blog\/wp-content\/uploads\/2012\/02\/SANY0011.jpg\" rel=\"lightbox[1686]\"><img loading=\"lazy\" decoding=\"async\" class=\"alignleft size-thumbnail wp-image-1701\" title=\"SANYO DIGITAL CAMERA\" src=\"http:\/\/www.mundi-roth.de\/teneriffa-blog\/wp-content\/uploads\/2012\/02\/SANY0011-150x112.jpg\" alt=\"\" width=\"150\" height=\"112\" srcset=\"https:\/\/www.mundi-roth.de\/teneriffa-blog\/wp-content\/uploads\/2012\/02\/SANY0011-150x112.jpg 150w, https:\/\/www.mundi-roth.de\/teneriffa-blog\/wp-content\/uploads\/2012\/02\/SANY0011-300x225.jpg 300w, https:\/\/www.mundi-roth.de\/teneriffa-blog\/wp-content\/uploads\/2012\/02\/SANY0011.jpg 600w\" sizes=\"auto, (max-width: 150px) 100vw, 150px\" \/><\/a>Die Beiden hatten w\u00e4hrend unserer Wanderung mehr Gl\u00fcck mit dem Wetter: Sie blieben oberhalb der Wolken und konnten den Sonnenschein genie\u00dfen.<\/p>\n<p>&nbsp;<\/p>\n<p>&nbsp;<\/p>\n<p><strong>Fazit:<\/strong><br \/>\nAuch dieses Teilst\u00fcck der Wanderung kann man zu den H\u00f6hepunkten rechnen. Wie sch\u00f6n muss sie sein, kann man den Weg im Sonnenschein mit Ausblicken und Lichtspiel gehen.<br \/>\nAber, selbst bei dem widrigen Wetter, wir haben die Tour \u2013 man glaubt es kaum<br \/>\n\u2013 genossen.<\/p>\n<p><strong>Besonderheit:<\/strong><br \/>\nEs ist bekannt, dass es in Spanien unterschiedliche Klassifizierungen der<br \/>\nWanderwege gibt.<br \/>\nGR = Gran Recorrido, also gro\u00dfe Wegstrecke, dazu geh\u00f6rt der GR131 von Anaga<br \/>\nnach Chasna.<br \/>\nAls Beginn oder Ende der Teilstrecken wird vorgeschlagen:<br \/>\nLa Esperanza, La Vica, Der Grillplatz der Caldera bei Aguamasa, El Portillo,<br \/>\nder Parador, Vilaflor, Ifonche oder Arona.<\/p>\n<p>Wir haben die Routen &#8211; wie zuvor schon gesagt &#8211; mal in die eine mal in die andere Richtung gemacht:<\/p>\n<p><a href=\"http:\/\/www.mundi-roth.de\/teneriffa-blog\/wanderungen\/arona-%e2%80%93-refugio-%e2%80%93-roquede-imoque-%e2%80%93-roque-de-los-brezos-%e2%80%93-arona\/\">Arona \u2013 Refugium \u2013 Ifonche<\/a><br \/>\n<a href=\"http:\/\/www.mundi-roth.de\/teneriffa-blog\/wanderungen\/las-lajas-%e2%80%93-ifonche\/\">Las Lajas bzw. Vilaflor\u00a0 &#8211; Ifonche<\/a><br \/>\n<a href=\"http:\/\/www.mundi-roth.de\/teneriffa-blog\/wanderungen\/uber-den-sattel-des-guajara-zur-schwarzen-und-weisen-mondlandschaft-nach-vilaflor\/\">\u00dcber den Sattel des Guajara nach Vilaflor<\/a><br \/>\n<a href=\"http:\/\/www.mundi-roth.de\/teneriffa-blog\/wanderungen\/el-filo\/\">Vom Parador \u00fcber den Sattel des Guajara nach El Portillo, \u201eEl Filo\u201c<\/a><br \/>\n<a href=\"http:\/\/www.mundi-roth.de\/teneriffa-blog\/wanderungen\/el-portillo-la-caldera-aguamansa\/\">El Portillo \u2013 Aguamansa<\/a><br \/>\n<a href=\"http:\/\/www.mundi-roth.de\/teneriffa-blog\/wanderungen\/esperanza-cortafuego-el-gaitero\/\">El Rosario\/Esperanza \u2013 H\u00f6henstra\u00dfe TF 24 \u201cEl Gaitero\u201d, cortafuego<\/a><br \/>\n\u201cEl Gaitero\u201d, cortafuego \u2013 La Caldera\/Aguamansa (heute)<\/p>\n<p><strong>Anfahrt:<\/strong><br \/>\nAus Richtung Los Cristianos kommend auf der TF 1 bis Ausfahrt 20, Arafo,<br \/>\nTF 281 nach Arafo, TF 28 G\u00fcimar-Arafo, TF 245 nach Arafo, TF 523 Teide,<br \/>\nTF 24 nach Esperanza \u2013 Santa Cruz, bis: zwischen km. 21 und 22 \u201eEl Gaitero\u201c.<\/p>\n<p><strong>Restaurant:<\/strong><br \/>\nZur Abwechslung mal wieder ein neues Restaurant: \u00c4u\u00dferst empfehlenswert!<br \/>\nDie marinierten Forellen vom Holzkohlengrill: k\u00f6stlich!<br \/>\nRestaurant: Paso del Teide <a href=\"http:\/\/www.mundi-roth.de\/teneriffa-blog\/wp-content\/uploads\/2012\/02\/Restaurant1.jpg\" rel=\"lightbox[1686]\"><img loading=\"lazy\" decoding=\"async\" class=\"alignright size-thumbnail wp-image-1704\" title=\"Restaurant\" src=\"http:\/\/www.mundi-roth.de\/teneriffa-blog\/wp-content\/uploads\/2012\/02\/Restaurant1-150x107.jpg\" alt=\"\" width=\"150\" height=\"107\" srcset=\"https:\/\/www.mundi-roth.de\/teneriffa-blog\/wp-content\/uploads\/2012\/02\/Restaurant1-150x107.jpg 150w, https:\/\/www.mundi-roth.de\/teneriffa-blog\/wp-content\/uploads\/2012\/02\/Restaurant1-300x214.jpg 300w, https:\/\/www.mundi-roth.de\/teneriffa-blog\/wp-content\/uploads\/2012\/02\/Restaurant1.jpg 369w\" sizes=\"auto, (max-width: 150px) 100vw, 150px\" \/><\/a><br \/>\nAguamansa \u2013 La Orotava<br \/>\nTel 922 33 57 69<br \/>\nDienstag: Ruhetag<br \/>\nAnfahrt: vorbei am Restaurante Aguamansa, an der Careterra gral. Las Ca\u00f1adas<br \/>\nbei km 15, kurz danach rechts abbiegen, dann liegt es rechts.<\/p>\n","protected":false},"excerpt":{"rendered":"<p>84 km lang ist die Gesamtstrecke des gro\u00dfen Wanderweges GR131, 1.800 H\u00f6henmeter gilt es zu \u00fcberwinden und es sind 30 Stunden daf\u00fcr anzusetzen. (http:\/\/www.senderosbtt.com\/index.php?option=com_content&amp;view=frontpage&amp;Itemid=93) Ja, wir haben das letzte Puzzleteilchen des gro\u00dfen Wanderweges GR131 von Anaga\u00a0 nach Chasna eingef\u00fcgt. Ja, wir sind tats\u00e4chlich alle Teilstrecken des gro\u00dfen Wanderweges GR131 gegangen. Elisabeth und ich haben schon [&hellip;]<\/p>\n","protected":false},"author":4,"featured_media":0,"comment_status":"open","ping_status":"open","sticky":false,"template":"","format":"standard","meta":{"footnotes":""},"categories":[769,6],"tags":[531,532,530,387,439,446,529],"class_list":["post-1686","post","type-post","status-publish","format-standard","hentry","category-esperanza-wald","category-wanderungen","tag-calderaaguamansa","tag-camino-natura-anaga","tag-cortafuegoel-gaitero","tag-los-organos","tag-teneriffa-wandern","tag-wandern-teneriffa","tag-wanderweg-gr131"],"yoast_head":"<!-- This site is optimized with the Yoast SEO plugin v27.5 - https:\/\/yoast.com\/product\/yoast-seo-wordpress\/ -->\n<title>Cortafuego\/El Gaitero \u2013 Caldera\/Aguamansa - Teneriffa Wandern<\/title>\n<meta name=\"robots\" content=\"index, follow, max-snippet:-1, max-image-preview:large, max-video-preview:-1\" \/>\n<link rel=\"canonical\" href=\"https:\/\/www.mundi-roth.de\/teneriffa-blog\/wanderungen\/cortafuegoel-gaitero-\u2013-calderaaguamansa\/\" \/>\n<meta name=\"twitter:label1\" content=\"Verfasst von\" \/>\n\t<meta name=\"twitter:data1\" content=\"mundi\" \/>\n\t<meta name=\"twitter:label2\" content=\"Gesch\u00e4tzte Lesezeit\" \/>\n\t<meta name=\"twitter:data2\" content=\"6\u00a0Minuten\" \/>\n<script type=\"application\/ld+json\" class=\"yoast-schema-graph\">{\"@context\":\"https:\\\/\\\/schema.org\",\"@graph\":[{\"@type\":\"Article\",\"@id\":\"https:\\\/\\\/www.mundi-roth.de\\\/teneriffa-blog\\\/wanderungen\\\/cortafuegoel-gaitero-%e2%80%93-calderaaguamansa\\\/#article\",\"isPartOf\":{\"@id\":\"https:\\\/\\\/www.mundi-roth.de\\\/teneriffa-blog\\\/wanderungen\\\/cortafuegoel-gaitero-%e2%80%93-calderaaguamansa\\\/\"},\"author\":{\"name\":\"mundi\",\"@id\":\"https:\\\/\\\/www.mundi-roth.de\\\/teneriffa-blog\\\/#\\\/schema\\\/person\\\/971c66b55f3ae5e8741553688c413cac\"},\"headline\":\"Cortafuego\\\/El Gaitero \u2013 Caldera\\\/Aguamansa\",\"datePublished\":\"2012-02-03T21:00:36+00:00\",\"dateModified\":\"2015-04-09T14:05:08+00:00\",\"mainEntityOfPage\":{\"@id\":\"https:\\\/\\\/www.mundi-roth.de\\\/teneriffa-blog\\\/wanderungen\\\/cortafuegoel-gaitero-%e2%80%93-calderaaguamansa\\\/\"},\"wordCount\":1172,\"commentCount\":0,\"image\":{\"@id\":\"https:\\\/\\\/www.mundi-roth.de\\\/teneriffa-blog\\\/wanderungen\\\/cortafuegoel-gaitero-%e2%80%93-calderaaguamansa\\\/#primaryimage\"},\"thumbnailUrl\":\"http:\\\/\\\/www.mundi-roth.de\\\/teneriffa-blog\\\/wp-content\\\/uploads\\\/2012\\\/02\\\/SANY0006-150x112.jpg\",\"keywords\":[\"Caldera\\\/Aguamansa\",\"Camino Natura Anaga\",\"Cortafuego\\\/El Gaitero\",\"Los \u00d3rganos\",\"Teneriffa Wandern\",\"Wandern Teneriffa\",\"Wanderweg GR131\"],\"articleSection\":[\"Esperanza-Wald\",\"Wanderungen\"],\"inLanguage\":\"de\",\"potentialAction\":[{\"@type\":\"CommentAction\",\"name\":\"Comment\",\"target\":[\"https:\\\/\\\/www.mundi-roth.de\\\/teneriffa-blog\\\/wanderungen\\\/cortafuegoel-gaitero-%e2%80%93-calderaaguamansa\\\/#respond\"]}]},{\"@type\":\"WebPage\",\"@id\":\"https:\\\/\\\/www.mundi-roth.de\\\/teneriffa-blog\\\/wanderungen\\\/cortafuegoel-gaitero-%e2%80%93-calderaaguamansa\\\/\",\"url\":\"https:\\\/\\\/www.mundi-roth.de\\\/teneriffa-blog\\\/wanderungen\\\/cortafuegoel-gaitero-%e2%80%93-calderaaguamansa\\\/\",\"name\":\"Cortafuego\\\/El Gaitero \u2013 Caldera\\\/Aguamansa - Teneriffa Wandern\",\"isPartOf\":{\"@id\":\"https:\\\/\\\/www.mundi-roth.de\\\/teneriffa-blog\\\/#website\"},\"primaryImageOfPage\":{\"@id\":\"https:\\\/\\\/www.mundi-roth.de\\\/teneriffa-blog\\\/wanderungen\\\/cortafuegoel-gaitero-%e2%80%93-calderaaguamansa\\\/#primaryimage\"},\"image\":{\"@id\":\"https:\\\/\\\/www.mundi-roth.de\\\/teneriffa-blog\\\/wanderungen\\\/cortafuegoel-gaitero-%e2%80%93-calderaaguamansa\\\/#primaryimage\"},\"thumbnailUrl\":\"http:\\\/\\\/www.mundi-roth.de\\\/teneriffa-blog\\\/wp-content\\\/uploads\\\/2012\\\/02\\\/SANY0006-150x112.jpg\",\"datePublished\":\"2012-02-03T21:00:36+00:00\",\"dateModified\":\"2015-04-09T14:05:08+00:00\",\"author\":{\"@id\":\"https:\\\/\\\/www.mundi-roth.de\\\/teneriffa-blog\\\/#\\\/schema\\\/person\\\/971c66b55f3ae5e8741553688c413cac\"},\"breadcrumb\":{\"@id\":\"https:\\\/\\\/www.mundi-roth.de\\\/teneriffa-blog\\\/wanderungen\\\/cortafuegoel-gaitero-%e2%80%93-calderaaguamansa\\\/#breadcrumb\"},\"inLanguage\":\"de\",\"potentialAction\":[{\"@type\":\"ReadAction\",\"target\":[\"https:\\\/\\\/www.mundi-roth.de\\\/teneriffa-blog\\\/wanderungen\\\/cortafuegoel-gaitero-%e2%80%93-calderaaguamansa\\\/\"]}]},{\"@type\":\"ImageObject\",\"inLanguage\":\"de\",\"@id\":\"https:\\\/\\\/www.mundi-roth.de\\\/teneriffa-blog\\\/wanderungen\\\/cortafuegoel-gaitero-%e2%80%93-calderaaguamansa\\\/#primaryimage\",\"url\":\"https:\\\/\\\/www.mundi-roth.de\\\/teneriffa-blog\\\/wp-content\\\/uploads\\\/2012\\\/02\\\/SANY0006.jpg\",\"contentUrl\":\"https:\\\/\\\/www.mundi-roth.de\\\/teneriffa-blog\\\/wp-content\\\/uploads\\\/2012\\\/02\\\/SANY0006.jpg\",\"width\":\"600\",\"height\":\"450\"},{\"@type\":\"BreadcrumbList\",\"@id\":\"https:\\\/\\\/www.mundi-roth.de\\\/teneriffa-blog\\\/wanderungen\\\/cortafuegoel-gaitero-%e2%80%93-calderaaguamansa\\\/#breadcrumb\",\"itemListElement\":[{\"@type\":\"ListItem\",\"position\":1,\"name\":\"Startseite\",\"item\":\"https:\\\/\\\/www.mundi-roth.de\\\/teneriffa-blog\\\/\"},{\"@type\":\"ListItem\",\"position\":2,\"name\":\"Cortafuego\\\/El Gaitero \u2013 Caldera\\\/Aguamansa\"}]},{\"@type\":\"WebSite\",\"@id\":\"https:\\\/\\\/www.mundi-roth.de\\\/teneriffa-blog\\\/#website\",\"url\":\"https:\\\/\\\/www.mundi-roth.de\\\/teneriffa-blog\\\/\",\"name\":\"Teneriffa Wandern\",\"description\":\"Nicht nur Wanderungen auf Teneriffa...\",\"potentialAction\":[{\"@type\":\"SearchAction\",\"target\":{\"@type\":\"EntryPoint\",\"urlTemplate\":\"https:\\\/\\\/www.mundi-roth.de\\\/teneriffa-blog\\\/?s={search_term_string}\"},\"query-input\":{\"@type\":\"PropertyValueSpecification\",\"valueRequired\":true,\"valueName\":\"search_term_string\"}}],\"inLanguage\":\"de\"},{\"@type\":\"Person\",\"@id\":\"https:\\\/\\\/www.mundi-roth.de\\\/teneriffa-blog\\\/#\\\/schema\\\/person\\\/971c66b55f3ae5e8741553688c413cac\",\"name\":\"mundi\",\"image\":{\"@type\":\"ImageObject\",\"inLanguage\":\"de\",\"@id\":\"https:\\\/\\\/secure.gravatar.com\\\/avatar\\\/555f0dd85428f1a9330f8e5dbe9e40ff9ca912bb81e5a89747ebf3ca9c20dc0f?s=96&d=mm&r=g\",\"url\":\"https:\\\/\\\/secure.gravatar.com\\\/avatar\\\/555f0dd85428f1a9330f8e5dbe9e40ff9ca912bb81e5a89747ebf3ca9c20dc0f?s=96&d=mm&r=g\",\"contentUrl\":\"https:\\\/\\\/secure.gravatar.com\\\/avatar\\\/555f0dd85428f1a9330f8e5dbe9e40ff9ca912bb81e5a89747ebf3ca9c20dc0f?s=96&d=mm&r=g\",\"caption\":\"mundi\"},\"sameAs\":[\"http:\\\/\\\/mundi-roth.de\"],\"url\":\"https:\\\/\\\/www.mundi-roth.de\\\/teneriffa-blog\\\/author\\\/mundi\\\/\"}]}<\/script>\n<!-- \/ Yoast SEO plugin. -->","yoast_head_json":{"title":"Cortafuego\/El Gaitero \u2013 Caldera\/Aguamansa - Teneriffa Wandern","robots":{"index":"index","follow":"follow","max-snippet":"max-snippet:-1","max-image-preview":"max-image-preview:large","max-video-preview":"max-video-preview:-1"},"canonical":"https:\/\/www.mundi-roth.de\/teneriffa-blog\/wanderungen\/cortafuegoel-gaitero-\u2013-calderaaguamansa\/","twitter_misc":{"Verfasst von":"mundi","Gesch\u00e4tzte Lesezeit":"6\u00a0Minuten"},"schema":{"@context":"https:\/\/schema.org","@graph":[{"@type":"Article","@id":"https:\/\/www.mundi-roth.de\/teneriffa-blog\/wanderungen\/cortafuegoel-gaitero-%e2%80%93-calderaaguamansa\/#article","isPartOf":{"@id":"https:\/\/www.mundi-roth.de\/teneriffa-blog\/wanderungen\/cortafuegoel-gaitero-%e2%80%93-calderaaguamansa\/"},"author":{"name":"mundi","@id":"https:\/\/www.mundi-roth.de\/teneriffa-blog\/#\/schema\/person\/971c66b55f3ae5e8741553688c413cac"},"headline":"Cortafuego\/El Gaitero \u2013 Caldera\/Aguamansa","datePublished":"2012-02-03T21:00:36+00:00","dateModified":"2015-04-09T14:05:08+00:00","mainEntityOfPage":{"@id":"https:\/\/www.mundi-roth.de\/teneriffa-blog\/wanderungen\/cortafuegoel-gaitero-%e2%80%93-calderaaguamansa\/"},"wordCount":1172,"commentCount":0,"image":{"@id":"https:\/\/www.mundi-roth.de\/teneriffa-blog\/wanderungen\/cortafuegoel-gaitero-%e2%80%93-calderaaguamansa\/#primaryimage"},"thumbnailUrl":"http:\/\/www.mundi-roth.de\/teneriffa-blog\/wp-content\/uploads\/2012\/02\/SANY0006-150x112.jpg","keywords":["Caldera\/Aguamansa","Camino Natura Anaga","Cortafuego\/El Gaitero","Los \u00d3rganos","Teneriffa Wandern","Wandern Teneriffa","Wanderweg GR131"],"articleSection":["Esperanza-Wald","Wanderungen"],"inLanguage":"de","potentialAction":[{"@type":"CommentAction","name":"Comment","target":["https:\/\/www.mundi-roth.de\/teneriffa-blog\/wanderungen\/cortafuegoel-gaitero-%e2%80%93-calderaaguamansa\/#respond"]}]},{"@type":"WebPage","@id":"https:\/\/www.mundi-roth.de\/teneriffa-blog\/wanderungen\/cortafuegoel-gaitero-%e2%80%93-calderaaguamansa\/","url":"https:\/\/www.mundi-roth.de\/teneriffa-blog\/wanderungen\/cortafuegoel-gaitero-%e2%80%93-calderaaguamansa\/","name":"Cortafuego\/El Gaitero \u2013 Caldera\/Aguamansa - Teneriffa Wandern","isPartOf":{"@id":"https:\/\/www.mundi-roth.de\/teneriffa-blog\/#website"},"primaryImageOfPage":{"@id":"https:\/\/www.mundi-roth.de\/teneriffa-blog\/wanderungen\/cortafuegoel-gaitero-%e2%80%93-calderaaguamansa\/#primaryimage"},"image":{"@id":"https:\/\/www.mundi-roth.de\/teneriffa-blog\/wanderungen\/cortafuegoel-gaitero-%e2%80%93-calderaaguamansa\/#primaryimage"},"thumbnailUrl":"http:\/\/www.mundi-roth.de\/teneriffa-blog\/wp-content\/uploads\/2012\/02\/SANY0006-150x112.jpg","datePublished":"2012-02-03T21:00:36+00:00","dateModified":"2015-04-09T14:05:08+00:00","author":{"@id":"https:\/\/www.mundi-roth.de\/teneriffa-blog\/#\/schema\/person\/971c66b55f3ae5e8741553688c413cac"},"breadcrumb":{"@id":"https:\/\/www.mundi-roth.de\/teneriffa-blog\/wanderungen\/cortafuegoel-gaitero-%e2%80%93-calderaaguamansa\/#breadcrumb"},"inLanguage":"de","potentialAction":[{"@type":"ReadAction","target":["https:\/\/www.mundi-roth.de\/teneriffa-blog\/wanderungen\/cortafuegoel-gaitero-%e2%80%93-calderaaguamansa\/"]}]},{"@type":"ImageObject","inLanguage":"de","@id":"https:\/\/www.mundi-roth.de\/teneriffa-blog\/wanderungen\/cortafuegoel-gaitero-%e2%80%93-calderaaguamansa\/#primaryimage","url":"https:\/\/www.mundi-roth.de\/teneriffa-blog\/wp-content\/uploads\/2012\/02\/SANY0006.jpg","contentUrl":"https:\/\/www.mundi-roth.de\/teneriffa-blog\/wp-content\/uploads\/2012\/02\/SANY0006.jpg","width":"600","height":"450"},{"@type":"BreadcrumbList","@id":"https:\/\/www.mundi-roth.de\/teneriffa-blog\/wanderungen\/cortafuegoel-gaitero-%e2%80%93-calderaaguamansa\/#breadcrumb","itemListElement":[{"@type":"ListItem","position":1,"name":"Startseite","item":"https:\/\/www.mundi-roth.de\/teneriffa-blog\/"},{"@type":"ListItem","position":2,"name":"Cortafuego\/El Gaitero \u2013 Caldera\/Aguamansa"}]},{"@type":"WebSite","@id":"https:\/\/www.mundi-roth.de\/teneriffa-blog\/#website","url":"https:\/\/www.mundi-roth.de\/teneriffa-blog\/","name":"Teneriffa Wandern","description":"Nicht nur Wanderungen auf Teneriffa...","potentialAction":[{"@type":"SearchAction","target":{"@type":"EntryPoint","urlTemplate":"https:\/\/www.mundi-roth.de\/teneriffa-blog\/?s={search_term_string}"},"query-input":{"@type":"PropertyValueSpecification","valueRequired":true,"valueName":"search_term_string"}}],"inLanguage":"de"},{"@type":"Person","@id":"https:\/\/www.mundi-roth.de\/teneriffa-blog\/#\/schema\/person\/971c66b55f3ae5e8741553688c413cac","name":"mundi","image":{"@type":"ImageObject","inLanguage":"de","@id":"https:\/\/secure.gravatar.com\/avatar\/555f0dd85428f1a9330f8e5dbe9e40ff9ca912bb81e5a89747ebf3ca9c20dc0f?s=96&d=mm&r=g","url":"https:\/\/secure.gravatar.com\/avatar\/555f0dd85428f1a9330f8e5dbe9e40ff9ca912bb81e5a89747ebf3ca9c20dc0f?s=96&d=mm&r=g","contentUrl":"https:\/\/secure.gravatar.com\/avatar\/555f0dd85428f1a9330f8e5dbe9e40ff9ca912bb81e5a89747ebf3ca9c20dc0f?s=96&d=mm&r=g","caption":"mundi"},"sameAs":["http:\/\/mundi-roth.de"],"url":"https:\/\/www.mundi-roth.de\/teneriffa-blog\/author\/mundi\/"}]}},"_links":{"self":[{"href":"https:\/\/www.mundi-roth.de\/teneriffa-blog\/wp-json\/wp\/v2\/posts\/1686","targetHints":{"allow":["GET"]}}],"collection":[{"href":"https:\/\/www.mundi-roth.de\/teneriffa-blog\/wp-json\/wp\/v2\/posts"}],"about":[{"href":"https:\/\/www.mundi-roth.de\/teneriffa-blog\/wp-json\/wp\/v2\/types\/post"}],"author":[{"embeddable":true,"href":"https:\/\/www.mundi-roth.de\/teneriffa-blog\/wp-json\/wp\/v2\/users\/4"}],"replies":[{"embeddable":true,"href":"https:\/\/www.mundi-roth.de\/teneriffa-blog\/wp-json\/wp\/v2\/comments?post=1686"}],"version-history":[{"count":0,"href":"https:\/\/www.mundi-roth.de\/teneriffa-blog\/wp-json\/wp\/v2\/posts\/1686\/revisions"}],"wp:attachment":[{"href":"https:\/\/www.mundi-roth.de\/teneriffa-blog\/wp-json\/wp\/v2\/media?parent=1686"}],"wp:term":[{"taxonomy":"category","embeddable":true,"href":"https:\/\/www.mundi-roth.de\/teneriffa-blog\/wp-json\/wp\/v2\/categories?post=1686"},{"taxonomy":"post_tag","embeddable":true,"href":"https:\/\/www.mundi-roth.de\/teneriffa-blog\/wp-json\/wp\/v2\/tags?post=1686"}],"curies":[{"name":"wp","href":"https:\/\/api.w.org\/{rel}","templated":true}]}}