{"id":1725,"date":"2012-02-09T22:00:20","date_gmt":"2012-02-09T21:00:20","guid":{"rendered":"http:\/\/www.mundi-roth.de\/teneriffa-blog\/?p=1725"},"modified":"2015-04-09T15:02:01","modified_gmt":"2015-04-09T14:02:01","slug":"cruz-de-tea-%e2%80%93-las-vegas","status":"publish","type":"post","link":"https:\/\/www.mundi-roth.de\/teneriffa-blog\/wanderungen\/cruz-de-tea-%e2%80%93-las-vegas\/","title":{"rendered":"Cruz de Tea \u2013 Las Vegas"},"content":{"rendered":"<p><strong>Die Gemeinde Granadilla hat in ihrer Region in letzter Zeit ein Wanderwegenetz ausgewiesen und dieses hervorragend pr\u00e4pariert und ausgeschildert.<\/strong><br \/>\n<strong> Dar\u00fcber informierte uns unsere Freundin Jutta.<\/strong><br \/>\n<strong> Das\u00a0 war f\u00fcr Elisabeth und mich heute der Anlass, eine Wanderung in diesem Gebiet zu unternehmen.<\/strong><\/p>\n<p style=\"text-align: left;\">Vorab: Es wird Fr\u00fchling auf der Insel des \u201eewigen Fr\u00fchlings\u201c.<br \/>\nDer Kanaren-Lavendel, Cinerarien, kleine Margariten und die ersten Affodills leuchten uns entgegen. Die Mandelb\u00e4ume stehen in voller Bl\u00fcte.<br \/>\n<a href=\"http:\/\/www.mundi-roth.de\/teneriffa-blog\/wp-content\/uploads\/2012\/02\/Collage3.jpg\" rel=\"lightbox[1725]\"><img loading=\"lazy\" decoding=\"async\" class=\"aligncenter size-medium wp-image-1726\" title=\"Collage3\" src=\"http:\/\/www.mundi-roth.de\/teneriffa-blog\/wp-content\/uploads\/2012\/02\/Collage3-300x68.jpg\" alt=\"\" width=\"300\" height=\"68\" srcset=\"https:\/\/www.mundi-roth.de\/teneriffa-blog\/wp-content\/uploads\/2012\/02\/Collage3-300x68.jpg 300w, https:\/\/www.mundi-roth.de\/teneriffa-blog\/wp-content\/uploads\/2012\/02\/Collage3-150x34.jpg 150w, https:\/\/www.mundi-roth.de\/teneriffa-blog\/wp-content\/uploads\/2012\/02\/Collage3.jpg 960w\" sizes=\"auto, (max-width: 300px) 100vw, 300px\" \/><\/a>Ist die Tour auch anfangs schwei\u00dftreibend &#8211; den steilen Anstieg sind wir bisher auf unseren Wanderungen nur bergab gegangen \u2013 um so bequemer l\u00e4sst sie sich dann nach Las Vegas abw\u00e4rts gehen und ist einfach grandios.<br \/>\nLinks wie rechts fantastische Felsformationen, Kiefernwald, Aufblicke zum Rand der Caldera, Ausblicke zur K\u00fcste.<\/p>\n<p><em>Also: nichts wie hin und nachwandern.<\/em><\/p>\n<p><strong>Wanderwegstrecke: Reine Gehzeit gute 4 Stunden<\/strong><br \/>\nWir starteten im \u00d6rtchen Cruz de Tea an der Bushaltestelle. Eine \u00dcbersichtstafel <a href=\"http:\/\/www.mundi-roth.de\/teneriffa-blog\/wp-content\/uploads\/2012\/02\/Track31.jpg\" rel=\"lightbox[1725]\"><img loading=\"lazy\" decoding=\"async\" class=\"alignright size-thumbnail wp-image-1727\" title=\"Track3\" src=\"http:\/\/www.mundi-roth.de\/teneriffa-blog\/wp-content\/uploads\/2012\/02\/Track31-150x103.jpg\" alt=\"\" width=\"150\" height=\"103\" srcset=\"https:\/\/www.mundi-roth.de\/teneriffa-blog\/wp-content\/uploads\/2012\/02\/Track31-150x103.jpg 150w, https:\/\/www.mundi-roth.de\/teneriffa-blog\/wp-content\/uploads\/2012\/02\/Track31-300x207.jpg 300w, https:\/\/www.mundi-roth.de\/teneriffa-blog\/wp-content\/uploads\/2012\/02\/Track31.jpg 502w\" sizes=\"auto, (max-width: 150px) 100vw, 150px\" \/><\/a>macht uns \u201eschlau\u201c.<br \/>\nUrspr\u00fcnglich hatten wir angedacht, dass mein lieber Mann uns hoch bis in den Einstieg in den Barranco de Usasas f\u00e4hrt. Da wir jedoch schon im Ort die Hinweisschilder sehen, beschlie\u00dfen wir, die Wanderung von A \u2013 Z zu gehen.<br \/>\nSprich: Von Cruz de Tea nach Las Vegas auf dem Weg PR-TF 83.<br \/>\nAlternativ gibt es noch die M\u00f6glichkeit die Tour zur paisaje lunar zu wandern und dann nach Villaflor oder Las Vegas abzusteigen.<br \/>\nJedoch diese Strecke nehmen wir uns f\u00fcr ein anderes Mal vor, heute reizt uns die uns noch unbekannte Tour.<\/p>\n<p>Der neu ausgewiesene und ausgebaute Wanderweg f\u00fchrt uns bis hoch oben auf die Fahrstra\u00dfe auf zum Teil bekannten Pfaden (auch Asphalt). Vorbei an einem Ziegelbrennofen, der Kirche \u201eVirgen del Buen Viaje\u201c, zum Teil auf daneben neu ausgebauten Strecken hoch, hoch, die alte Wasserleitung rechts, die neue links,<\/p>\n<p style=\"text-align: center;\"><a href=\"http:\/\/www.mundi-roth.de\/teneriffa-blog\/wp-content\/uploads\/2012\/02\/Collage4.jpg\" rel=\"lightbox[1725]\"><img loading=\"lazy\" decoding=\"async\" class=\"aligncenter size-medium wp-image-1728\" title=\"Collage4\" src=\"http:\/\/www.mundi-roth.de\/teneriffa-blog\/wp-content\/uploads\/2012\/02\/Collage4-300x99.jpg\" alt=\"\" width=\"300\" height=\"99\" srcset=\"https:\/\/www.mundi-roth.de\/teneriffa-blog\/wp-content\/uploads\/2012\/02\/Collage4-300x99.jpg 300w, https:\/\/www.mundi-roth.de\/teneriffa-blog\/wp-content\/uploads\/2012\/02\/Collage4-150x49.jpg 150w, https:\/\/www.mundi-roth.de\/teneriffa-blog\/wp-content\/uploads\/2012\/02\/Collage4.jpg 800w\" sizes=\"auto, (max-width: 300px) 100vw, 300px\" \/><\/a><\/p>\n<p>vorbei an den Ferienh\u00e4usern und in Erinnerung haben wir auch noch den Geb\u00e4udekomplex mit den zwei Palmen.<\/p>\n<p>Nach einer Stunde Aufstieg kommen wir an das Kreuz, das wohl dem Ort seinen Namen gab und steigen noch 10 Minunten auf der asphaltierten Stra\u00dfe steil bis <a href=\"http:\/\/www.mundi-roth.de\/teneriffa-blog\/wp-content\/uploads\/2012\/02\/P10404752.jpg\" rel=\"lightbox[1725]\"><img loading=\"lazy\" decoding=\"async\" class=\"alignleft size-thumbnail wp-image-1729\" title=\"P1040475\" src=\"http:\/\/www.mundi-roth.de\/teneriffa-blog\/wp-content\/uploads\/2012\/02\/P10404752-150x112.jpg\" alt=\"\" width=\"150\" height=\"112\" srcset=\"https:\/\/www.mundi-roth.de\/teneriffa-blog\/wp-content\/uploads\/2012\/02\/P10404752-150x112.jpg 150w, https:\/\/www.mundi-roth.de\/teneriffa-blog\/wp-content\/uploads\/2012\/02\/P10404752-300x225.jpg 300w, https:\/\/www.mundi-roth.de\/teneriffa-blog\/wp-content\/uploads\/2012\/02\/P10404752.jpg 600w\" sizes=\"auto, (max-width: 150px) 100vw, 150px\" \/><\/a>zum Einstieg in den Barranco de Usasa\u00a0 hoch.<br \/>\nBis hier oben wird Wein kultiviert.<br \/>\nDort blicken wir auch auf die \u00dcberreste der \u201eLajas\u201c, der Platten, die hier abgetragen wurden und die f\u00fcr Fassadenverkleidungen und einiges mehr Verwendung fanden.<\/p>\n<p>Diesen Teil des Aufstiegs kannten wir schon von einer Wanderung, als wir die Strecke vor 5 Jahren erkundeten. Nunmehr wissen wir, dass uns Hinweisschilder leiten werden. Damals war es noch f\u00fcr uns unbekanntes Gebiet. Wir vermuteten nur, dass uns der Weg in die Mondlandschaft f\u00fchren k\u00f6nnte.<\/p>\n<p>Beim Hinweisschild \u201eLos Escurriales ( paisaje lunar) 4,3 km\u201c \u201eLas Vegas 6,4 km\u201c z\u00f6gern wir erst.<br \/>\n<a href=\"http:\/\/www.mundi-roth.de\/teneriffa-blog\/wp-content\/uploads\/2012\/02\/P10404851.jpg\" rel=\"lightbox[1725]\"><img loading=\"lazy\" decoding=\"async\" class=\"alignleft size-thumbnail wp-image-1730\" title=\"P1040485\" src=\"http:\/\/www.mundi-roth.de\/teneriffa-blog\/wp-content\/uploads\/2012\/02\/P10404851-150x112.jpg\" alt=\"\" width=\"150\" height=\"112\" srcset=\"https:\/\/www.mundi-roth.de\/teneriffa-blog\/wp-content\/uploads\/2012\/02\/P10404851-150x112.jpg 150w, https:\/\/www.mundi-roth.de\/teneriffa-blog\/wp-content\/uploads\/2012\/02\/P10404851-300x225.jpg 300w, https:\/\/www.mundi-roth.de\/teneriffa-blog\/wp-content\/uploads\/2012\/02\/P10404851.jpg 600w\" sizes=\"auto, (max-width: 150px) 100vw, 150px\" \/><\/a>Oder vielleicht doch bis zur Mondlandschaft und von dort nach Las Vegas?<br \/>\nDa jedoch um 17 Uhr zuhause ein Termin vorgegeben ist, w\u00e4hlen wir die Variante \u201eLas Vegas\u201c 6,4 km\u201c und wandern auf der Route PR-TF 83,1 weiter.<\/p>\n<p>Strahlend blauer Himmel, Sonne, jedoch ein kalter Wind begleiteten uns. Gegen 13 Uhr machten wir unsere obligatorische<a href=\"http:\/\/www.mundi-roth.de\/teneriffa-blog\/wp-content\/uploads\/2012\/02\/P10404941.jpg\" rel=\"lightbox[1725]\"><img loading=\"lazy\" decoding=\"async\" class=\"alignright size-thumbnail wp-image-1731\" title=\"P1040494\" src=\"http:\/\/www.mundi-roth.de\/teneriffa-blog\/wp-content\/uploads\/2012\/02\/P10404941-150x112.jpg\" alt=\"\" width=\"150\" height=\"112\" srcset=\"https:\/\/www.mundi-roth.de\/teneriffa-blog\/wp-content\/uploads\/2012\/02\/P10404941-150x112.jpg 150w, https:\/\/www.mundi-roth.de\/teneriffa-blog\/wp-content\/uploads\/2012\/02\/P10404941-300x225.jpg 300w, https:\/\/www.mundi-roth.de\/teneriffa-blog\/wp-content\/uploads\/2012\/02\/P10404941.jpg 600w\" sizes=\"auto, (max-width: 150px) 100vw, 150px\" \/><\/a> Apfelpause an einem fantastisch restaurierten Dreschplatz mit Blick auf die Gipfel, die die Calderda einrahmen und auf einen beeindruckenden Barranco.<br \/>\nNur 10 Minuten Pause,\u00a0 der Wind war zu eisig.<\/p>\n<p>Weiter geht es auf den Bergr\u00fccken von \u201eLomo de las Vistas\u201c, \u201eLomo Romero\u201c, dazwischen links wie rechts Barrancos mit beeindruckenden Felsformationen.<br \/>\nAuf der Wanderkarte kann ich nur den Barranco de Las Vegas und den Barranco Seco identifizieren, die anderen m\u00fcssen leider namenlos bleiben.<br \/>\nUnd immer wieder ein Fotostopp: die <a href=\"http:\/\/www.mundi-roth.de\/teneriffa-blog\/wp-content\/uploads\/2012\/02\/Collage1.jpg\" rel=\"lightbox[1725]\"><img loading=\"lazy\" decoding=\"async\" class=\"alignright size-thumbnail wp-image-1732\" title=\"Collage\" src=\"http:\/\/www.mundi-roth.de\/teneriffa-blog\/wp-content\/uploads\/2012\/02\/Collage1-138x150.jpg\" alt=\"\" width=\"138\" height=\"150\" srcset=\"https:\/\/www.mundi-roth.de\/teneriffa-blog\/wp-content\/uploads\/2012\/02\/Collage1-138x150.jpg 138w, https:\/\/www.mundi-roth.de\/teneriffa-blog\/wp-content\/uploads\/2012\/02\/Collage1-277x300.jpg 277w, https:\/\/www.mundi-roth.de\/teneriffa-blog\/wp-content\/uploads\/2012\/02\/Collage1.jpg 664w\" sizes=\"auto, (max-width: 138px) 100vw, 138px\" \/><\/a>Felsw\u00e4nde sind imposant. Und Riesenexemplare der Kanarischen Kiefer s\u00e4umen den Weg.<\/p>\n<p><a href=\"http:\/\/www.mundi-roth.de\/teneriffa-blog\/wp-content\/uploads\/2012\/02\/P10405161.jpg\" rel=\"lightbox[1725]\"><img loading=\"lazy\" decoding=\"async\" class=\"alignleft size-thumbnail wp-image-1733\" title=\"P1040516\" src=\"http:\/\/www.mundi-roth.de\/teneriffa-blog\/wp-content\/uploads\/2012\/02\/P10405161-150x112.jpg\" alt=\"\" width=\"150\" height=\"112\" srcset=\"https:\/\/www.mundi-roth.de\/teneriffa-blog\/wp-content\/uploads\/2012\/02\/P10405161-150x112.jpg 150w, https:\/\/www.mundi-roth.de\/teneriffa-blog\/wp-content\/uploads\/2012\/02\/P10405161-300x225.jpg 300w, https:\/\/www.mundi-roth.de\/teneriffa-blog\/wp-content\/uploads\/2012\/02\/P10405161.jpg 600w\" sizes=\"auto, (max-width: 150px) 100vw, 150px\" \/><\/a>Ein Abzweig f\u00fchrt zu den Kletterfelsen \u201eRisco del Muerto\u201c.<\/p>\n<p>Der Bodenbelag wird nicht langweilig: mal dicke Fels- brocken, dann Asphalt, dann wieder gepflastert, da es sich ja um ein Teilst\u00fcck des camino real de Chasna handelt, der den S\u00fcden Teneriffas mit dem Orotavatal verband.<\/p>\n<p>Insgesamt: Man sollte schon trittsicher und <a href=\"http:\/\/www.mundi-roth.de\/teneriffa-blog\/wp-content\/uploads\/2012\/02\/Collage21.jpg\" rel=\"lightbox[1725]\"><img loading=\"lazy\" decoding=\"async\" class=\"alignright size-thumbnail wp-image-1734\" title=\"Collage2\" src=\"http:\/\/www.mundi-roth.de\/teneriffa-blog\/wp-content\/uploads\/2012\/02\/Collage21-144x150.jpg\" alt=\"\" width=\"144\" height=\"150\" srcset=\"https:\/\/www.mundi-roth.de\/teneriffa-blog\/wp-content\/uploads\/2012\/02\/Collage21-144x150.jpg 144w, https:\/\/www.mundi-roth.de\/teneriffa-blog\/wp-content\/uploads\/2012\/02\/Collage21-289x300.jpg 289w, https:\/\/www.mundi-roth.de\/teneriffa-blog\/wp-content\/uploads\/2012\/02\/Collage21.jpg 743w\" sizes=\"auto, (max-width: 144px) 100vw, 144px\" \/><\/a>gut zu Fu\u00df sein.<\/p>\n<p>Die Hinweistafeln lassen uns nicht im Unklaren, wie weit wir noch zu gehen haben. Als es hei\u00dft: noch 4, km bis Las Vegas rufen wir meinen lieben Mann an, dass er f\u00fcr uns wieder Taxi spielt.<br \/>\n<a href=\"http:\/\/www.mundi-roth.de\/teneriffa-blog\/wp-content\/uploads\/2012\/02\/P10405331.jpg\" rel=\"lightbox[1725]\"><img loading=\"lazy\" decoding=\"async\" class=\"alignleft size-thumbnail wp-image-1735\" title=\"P1040533\" src=\"http:\/\/www.mundi-roth.de\/teneriffa-blog\/wp-content\/uploads\/2012\/02\/P10405331-150x112.jpg\" alt=\"\" width=\"150\" height=\"112\" srcset=\"https:\/\/www.mundi-roth.de\/teneriffa-blog\/wp-content\/uploads\/2012\/02\/P10405331-150x112.jpg 150w, https:\/\/www.mundi-roth.de\/teneriffa-blog\/wp-content\/uploads\/2012\/02\/P10405331-300x225.jpg 300w, https:\/\/www.mundi-roth.de\/teneriffa-blog\/wp-content\/uploads\/2012\/02\/P10405331.jpg 600w\" sizes=\"auto, (max-width: 150px) 100vw, 150px\" \/><\/a>Wir passieren eine H\u00f6hlenwohnung und auch hier kl\u00e4rt eine Hinweistafel auf.<\/p>\n<p>&nbsp;<\/p>\n<p>Nach gut 4 Stunden\u00a0 kommen wir auf dem \u201eCamino de Guajara\u201c\u00a0 in dem \u00d6rtchen Las Vegas an und was wartet bereits am Ende der Wanderung auf uns: Unser privates Wandertaxi.<\/p>\n<p>Noch eine kurze Besichtigung der Kirche <em>Eremita de Nuestra Se\u00f1ora de<\/em> <a href=\"http:\/\/www.mundi-roth.de\/teneriffa-blog\/wp-content\/uploads\/2012\/02\/P10405421.jpg\" rel=\"lightbox[1725]\"><img loading=\"lazy\" decoding=\"async\" class=\"alignright size-thumbnail wp-image-1736\" title=\"P1040542\" src=\"http:\/\/www.mundi-roth.de\/teneriffa-blog\/wp-content\/uploads\/2012\/02\/P10405421-150x112.jpg\" alt=\"\" width=\"150\" height=\"112\" srcset=\"https:\/\/www.mundi-roth.de\/teneriffa-blog\/wp-content\/uploads\/2012\/02\/P10405421-150x112.jpg 150w, https:\/\/www.mundi-roth.de\/teneriffa-blog\/wp-content\/uploads\/2012\/02\/P10405421-300x225.jpg 300w, https:\/\/www.mundi-roth.de\/teneriffa-blog\/wp-content\/uploads\/2012\/02\/P10405421.jpg 600w\" sizes=\"auto, (max-width: 150px) 100vw, 150px\" \/><\/a><em>Esperanza<\/em>.<\/p>\n<p>Unsere Freundin hatte uns auf eine Besonderheit aufmerksam gemacht: Die Glocke der Kirche h\u00e4ngt im Baum. <a href=\"http:\/\/www.mundi-roth.de\/teneriffa-blog\/wp-content\/uploads\/2012\/02\/P10405431.jpg\" rel=\"lightbox[1725]\"><img loading=\"lazy\" decoding=\"async\" class=\"alignleft size-thumbnail wp-image-1737\" title=\"P1040543\" src=\"http:\/\/www.mundi-roth.de\/teneriffa-blog\/wp-content\/uploads\/2012\/02\/P10405431-112x150.jpg\" alt=\"\" width=\"112\" height=\"150\" srcset=\"https:\/\/www.mundi-roth.de\/teneriffa-blog\/wp-content\/uploads\/2012\/02\/P10405431-112x150.jpg 112w, https:\/\/www.mundi-roth.de\/teneriffa-blog\/wp-content\/uploads\/2012\/02\/P10405431-224x300.jpg 224w, https:\/\/www.mundi-roth.de\/teneriffa-blog\/wp-content\/uploads\/2012\/02\/P10405431.jpg 448w\" sizes=\"auto, (max-width: 112px) 100vw, 112px\" \/><\/a>Tats\u00e4chlich! Das Seil sehen wir sofort aber die Glocke entdecken wir erst nach intensiver Suche.<br \/>\nDamit l\u00f6st sich f\u00fcr uns auch das R\u00e4tsel der Info-Tafel: \u201eDer Glockenturm der jedes Jahr w\u00e4chst\u201c!<\/p>\n<p>Von dem Kirchplatz geht der Blick noch auf Ruinen einer ehemaligen Tabak-Trockenhalle, wie uns die Infotafel \u201eschlau macht\u201c.<\/p>\n<p><strong>Fazit:<\/strong><br \/>\nWen wundert es, wenn ich mal wieder sage: <em>Eine wundersch\u00f6ne Tour!<\/em><br \/>\nViel Gr\u00fcn! Ehrw\u00fcrdige Exemplare der kanarischen Kiefer!<br \/>\nImposante Felsen in gro\u00dfer Anzahl!<br \/>\nBeeindruckende Barrancos!<br \/>\nSch\u00f6ne Weitblicke zur K\u00fcste mit der Monta\u00f1a Roja und hoch zu den Gipfeln des Caldera-Randes !<\/p>\n<p><strong>\u00dcbrigens:<\/strong> H\u00f6chst bemerkenswert finde ich, dass auf den Holzpf\u00e4len mit der<a href=\"http:\/\/www.mundi-roth.de\/teneriffa-blog\/wp-content\/uploads\/2012\/02\/P10405371.jpg\" rel=\"lightbox[1725]\"><img loading=\"lazy\" decoding=\"async\" class=\"alignright size-thumbnail wp-image-1738\" title=\"P1040537\" src=\"http:\/\/www.mundi-roth.de\/teneriffa-blog\/wp-content\/uploads\/2012\/02\/P10405371-150x130.jpg\" alt=\"\" width=\"150\" height=\"130\" srcset=\"https:\/\/www.mundi-roth.de\/teneriffa-blog\/wp-content\/uploads\/2012\/02\/P10405371-150x130.jpg 150w, https:\/\/www.mundi-roth.de\/teneriffa-blog\/wp-content\/uploads\/2012\/02\/P10405371-300x260.jpg 300w, https:\/\/www.mundi-roth.de\/teneriffa-blog\/wp-content\/uploads\/2012\/02\/P10405371.jpg 443w\" sizes=\"auto, (max-width: 150px) 100vw, 150px\" \/><\/a> wei\u00df-gelben Markierung Metallschildchen mit <strong>Notruf-Telefon-Numer<\/strong> 112 und <strong>geografischen Daten<\/strong> angegeben sind &#8211; <strong>vorbildlich<\/strong> !<\/p>\n<p><strong>Besonderheit:<\/strong> H\u00f6hlenwohnungen<\/p>\n<p>&#8222;Ein Obdach an der Quelle lebenswichtiger Ressourcen<\/p>\n<p>Die H\u00f6hlenwohnungen, Kan\u00e4le und Bew\u00e4sserungsfurchen erz\u00e4hlen uns von den gro\u00dfen Schwierigkeiten der Menschen, in diesem Landstrich ihren Lebensunterhalt zu bestreiten, wof\u00fcr auch noch die kleinsten, vorhandenen Ressourcen genutzt wurden.<br \/>\nDie Schluchten bieten in ihrem Inneren wertvolle Ressourcen: Wasser, Obdach und Nahrung. Und diese Schlucht, vor der wir uns befinden, macht da keine Ausnahme.<br \/>\nIn ihr bot die Natur dem Menschen einen Gro\u00dfteil der Ressourcen, die er brauchte, um seinen \u2013 wenn auch sehr bescheidenen \u2013 Lebensunterhalt zu erwirtschaften.<\/p>\n<p><a href=\"http:\/\/www.mundi-roth.de\/teneriffa-blog\/wp-content\/uploads\/2012\/02\/P10405311.jpg\" rel=\"lightbox[1725]\"><img loading=\"lazy\" decoding=\"async\" class=\"alignleft size-thumbnail wp-image-1739\" title=\"P1040531\" src=\"http:\/\/www.mundi-roth.de\/teneriffa-blog\/wp-content\/uploads\/2012\/02\/P10405311-150x112.jpg\" alt=\"\" width=\"150\" height=\"112\" srcset=\"https:\/\/www.mundi-roth.de\/teneriffa-blog\/wp-content\/uploads\/2012\/02\/P10405311-150x112.jpg 150w, https:\/\/www.mundi-roth.de\/teneriffa-blog\/wp-content\/uploads\/2012\/02\/P10405311-300x225.jpg 300w, https:\/\/www.mundi-roth.de\/teneriffa-blog\/wp-content\/uploads\/2012\/02\/P10405311.jpg 600w\" sizes=\"auto, (max-width: 150px) 100vw, 150px\" \/><\/a>An dem Hang sehen wie eine\u00a0 Wohnst\u00e4tte, wie sie bis vor noch gar nicht allzu langer Zeit sehr weit verbreitet waren: H\u00f6hlenwohnungen. Die geologischen Gegebenheiten des Landstrichs erleichterten den Bau dieser Art von Unterk\u00fcnften, die Teil der traditionellen Wohnkultur S\u00fcdteneriffas sind.<\/p>\n<p>Dar\u00fcber hinaus sehen wir ein weiteres, sehr bezeichnendes Element f\u00fcr den <a href=\"http:\/\/www.mundi-roth.de\/teneriffa-blog\/wp-content\/uploads\/2012\/02\/P10405282.jpg\" rel=\"lightbox[1725]\"><img loading=\"lazy\" decoding=\"async\" class=\"alignright size-thumbnail wp-image-1741\" title=\"P1040528\" src=\"http:\/\/www.mundi-roth.de\/teneriffa-blog\/wp-content\/uploads\/2012\/02\/P10405282-112x150.jpg\" alt=\"\" width=\"112\" height=\"150\" srcset=\"https:\/\/www.mundi-roth.de\/teneriffa-blog\/wp-content\/uploads\/2012\/02\/P10405282-112x150.jpg 112w, https:\/\/www.mundi-roth.de\/teneriffa-blog\/wp-content\/uploads\/2012\/02\/P10405282-224x300.jpg 224w, https:\/\/www.mundi-roth.de\/teneriffa-blog\/wp-content\/uploads\/2012\/02\/P10405282.jpg 448w\" sizes=\"auto, (max-width: 112px) 100vw, 112px\" \/><\/a>\u00dcberlebenskampf der Menschen des Insels\u00fcdens:die Wasserkan\u00e4le, Tajeas genannt. Ein ganz wichtiger ist der Kanal des S\u00fcdens, der sein wertvolles Nass \u00fcber eine Strecke von 73 km aus den Bergen Fasnias in den Insels\u00fcden transportiert; der andere wichtige tr\u00e4gt den bezeichnenden Namen \u201eAtarjea del Consuleo\u201c, Kanal des Trostes, der auf die gro\u00dfe Wassermenge verweist, die er aus den Bergen der gewaltigen El Rio-Schlucht an die K\u00fcste leitet.&#8220;<\/p>\n<p><strong>Restaurant: <\/strong>CASA FITO<strong>, <\/strong>Chimiche,<\/p>\n<p>Ctra. General del Sur 4 (Richtung Granadilla)<\/p>\n<p>H\u00fcbsch gestaltetes Restaurant, gute spanische K\u00fcche, gehobene Preisklasse<\/p>\n<p>Montags geschlossen<\/p>\n<p>Telefon 922 77 71 79<strong><br \/>\n<\/strong><\/p>\n<p><strong>Anfahrt:<\/strong><br \/>\nZum Start in Cruz de Tea: Von Los Cristianos kommend auf der TF 28 bis Granadilla, dort auf die TF 21 (Richtung Vilaflor) bis Cruz de Tea. Bei der Bushaltestelle beginnt die Wanderung<br \/>\nNach Las Vegas: Auf der TF 1 bis zur Ausfahrt 20 (Chimiche), auf der TF 555 \u00fcber Chimiche hinaus hoch bis Las Vegas.<\/p>\n<p>&nbsp;<\/p>\n","protected":false},"excerpt":{"rendered":"<p>Die Gemeinde Granadilla hat in ihrer Region in letzter Zeit ein Wanderwegenetz ausgewiesen und dieses hervorragend pr\u00e4pariert und ausgeschildert. Dar\u00fcber informierte uns unsere Freundin Jutta. Das\u00a0 war f\u00fcr Elisabeth und mich heute der Anlass, eine Wanderung in diesem Gebiet zu unternehmen. Vorab: Es wird Fr\u00fchling auf der Insel des \u201eewigen Fr\u00fchlings\u201c. Der Kanaren-Lavendel, Cinerarien, kleine [&hellip;]<\/p>\n","protected":false},"author":4,"featured_media":0,"comment_status":"open","ping_status":"open","sticky":false,"template":"","format":"standard","meta":{"footnotes":""},"categories":[773,6],"tags":[534,18,224,220,149,535,439,533,446,268],"class_list":["post-1725","post","type-post","status-publish","format-standard","hentry","category-granadilla","category-wanderungen","tag-barranco-de-usasa","tag-cruz-de-tea","tag-granadilla","tag-las-vegas","tag-paisaje-lunar","tag-pr-tf-83","tag-teneriffa-wandern","tag-virgen-del-buen-viaje","tag-wandern-teneriffa","tag-ziegelbrennofen"],"yoast_head":"<!-- This site is optimized with the Yoast SEO plugin v27.5 - https:\/\/yoast.com\/product\/yoast-seo-wordpress\/ -->\n<title>Cruz de Tea \u2013 Las Vegas - Teneriffa Wandern<\/title>\n<meta name=\"robots\" content=\"index, follow, max-snippet:-1, max-image-preview:large, max-video-preview:-1\" \/>\n<link rel=\"canonical\" href=\"https:\/\/www.mundi-roth.de\/teneriffa-blog\/wanderungen\/cruz-de-tea-\u2013-las-vegas\/\" \/>\n<meta name=\"twitter:label1\" content=\"Verfasst von\" \/>\n\t<meta name=\"twitter:data1\" content=\"mundi\" \/>\n\t<meta name=\"twitter:label2\" content=\"Gesch\u00e4tzte Lesezeit\" \/>\n\t<meta name=\"twitter:data2\" content=\"6\u00a0Minuten\" \/>\n<script type=\"application\/ld+json\" class=\"yoast-schema-graph\">{\"@context\":\"https:\\\/\\\/schema.org\",\"@graph\":[{\"@type\":\"Article\",\"@id\":\"https:\\\/\\\/www.mundi-roth.de\\\/teneriffa-blog\\\/wanderungen\\\/cruz-de-tea-%e2%80%93-las-vegas\\\/#article\",\"isPartOf\":{\"@id\":\"https:\\\/\\\/www.mundi-roth.de\\\/teneriffa-blog\\\/wanderungen\\\/cruz-de-tea-%e2%80%93-las-vegas\\\/\"},\"author\":{\"name\":\"mundi\",\"@id\":\"https:\\\/\\\/www.mundi-roth.de\\\/teneriffa-blog\\\/#\\\/schema\\\/person\\\/971c66b55f3ae5e8741553688c413cac\"},\"headline\":\"Cruz de Tea \u2013 Las Vegas\",\"datePublished\":\"2012-02-09T21:00:20+00:00\",\"dateModified\":\"2015-04-09T14:02:01+00:00\",\"mainEntityOfPage\":{\"@id\":\"https:\\\/\\\/www.mundi-roth.de\\\/teneriffa-blog\\\/wanderungen\\\/cruz-de-tea-%e2%80%93-las-vegas\\\/\"},\"wordCount\":1190,\"commentCount\":0,\"image\":{\"@id\":\"https:\\\/\\\/www.mundi-roth.de\\\/teneriffa-blog\\\/wanderungen\\\/cruz-de-tea-%e2%80%93-las-vegas\\\/#primaryimage\"},\"thumbnailUrl\":\"http:\\\/\\\/www.mundi-roth.de\\\/teneriffa-blog\\\/wp-content\\\/uploads\\\/2012\\\/02\\\/Collage3-300x68.jpg\",\"keywords\":[\"Barranco de Usasa\",\"Cruz de Tea\",\"Granadilla\",\"Las Vegas\",\"Paisaje Lunar\",\"PR-TF 83\",\"Teneriffa Wandern\",\"Virgen del Buen Viaje\",\"Wandern Teneriffa\",\"Ziegelbrennofen\"],\"articleSection\":[\"Granadilla\",\"Wanderungen\"],\"inLanguage\":\"de\",\"potentialAction\":[{\"@type\":\"CommentAction\",\"name\":\"Comment\",\"target\":[\"https:\\\/\\\/www.mundi-roth.de\\\/teneriffa-blog\\\/wanderungen\\\/cruz-de-tea-%e2%80%93-las-vegas\\\/#respond\"]}]},{\"@type\":\"WebPage\",\"@id\":\"https:\\\/\\\/www.mundi-roth.de\\\/teneriffa-blog\\\/wanderungen\\\/cruz-de-tea-%e2%80%93-las-vegas\\\/\",\"url\":\"https:\\\/\\\/www.mundi-roth.de\\\/teneriffa-blog\\\/wanderungen\\\/cruz-de-tea-%e2%80%93-las-vegas\\\/\",\"name\":\"Cruz de Tea \u2013 Las Vegas - Teneriffa Wandern\",\"isPartOf\":{\"@id\":\"https:\\\/\\\/www.mundi-roth.de\\\/teneriffa-blog\\\/#website\"},\"primaryImageOfPage\":{\"@id\":\"https:\\\/\\\/www.mundi-roth.de\\\/teneriffa-blog\\\/wanderungen\\\/cruz-de-tea-%e2%80%93-las-vegas\\\/#primaryimage\"},\"image\":{\"@id\":\"https:\\\/\\\/www.mundi-roth.de\\\/teneriffa-blog\\\/wanderungen\\\/cruz-de-tea-%e2%80%93-las-vegas\\\/#primaryimage\"},\"thumbnailUrl\":\"http:\\\/\\\/www.mundi-roth.de\\\/teneriffa-blog\\\/wp-content\\\/uploads\\\/2012\\\/02\\\/Collage3-300x68.jpg\",\"datePublished\":\"2012-02-09T21:00:20+00:00\",\"dateModified\":\"2015-04-09T14:02:01+00:00\",\"author\":{\"@id\":\"https:\\\/\\\/www.mundi-roth.de\\\/teneriffa-blog\\\/#\\\/schema\\\/person\\\/971c66b55f3ae5e8741553688c413cac\"},\"breadcrumb\":{\"@id\":\"https:\\\/\\\/www.mundi-roth.de\\\/teneriffa-blog\\\/wanderungen\\\/cruz-de-tea-%e2%80%93-las-vegas\\\/#breadcrumb\"},\"inLanguage\":\"de\",\"potentialAction\":[{\"@type\":\"ReadAction\",\"target\":[\"https:\\\/\\\/www.mundi-roth.de\\\/teneriffa-blog\\\/wanderungen\\\/cruz-de-tea-%e2%80%93-las-vegas\\\/\"]}]},{\"@type\":\"ImageObject\",\"inLanguage\":\"de\",\"@id\":\"https:\\\/\\\/www.mundi-roth.de\\\/teneriffa-blog\\\/wanderungen\\\/cruz-de-tea-%e2%80%93-las-vegas\\\/#primaryimage\",\"url\":\"https:\\\/\\\/www.mundi-roth.de\\\/teneriffa-blog\\\/wp-content\\\/uploads\\\/2012\\\/02\\\/Collage3.jpg\",\"contentUrl\":\"https:\\\/\\\/www.mundi-roth.de\\\/teneriffa-blog\\\/wp-content\\\/uploads\\\/2012\\\/02\\\/Collage3.jpg\",\"width\":\"960\",\"height\":\"220\"},{\"@type\":\"BreadcrumbList\",\"@id\":\"https:\\\/\\\/www.mundi-roth.de\\\/teneriffa-blog\\\/wanderungen\\\/cruz-de-tea-%e2%80%93-las-vegas\\\/#breadcrumb\",\"itemListElement\":[{\"@type\":\"ListItem\",\"position\":1,\"name\":\"Startseite\",\"item\":\"https:\\\/\\\/www.mundi-roth.de\\\/teneriffa-blog\\\/\"},{\"@type\":\"ListItem\",\"position\":2,\"name\":\"Cruz de Tea \u2013 Las Vegas\"}]},{\"@type\":\"WebSite\",\"@id\":\"https:\\\/\\\/www.mundi-roth.de\\\/teneriffa-blog\\\/#website\",\"url\":\"https:\\\/\\\/www.mundi-roth.de\\\/teneriffa-blog\\\/\",\"name\":\"Teneriffa Wandern\",\"description\":\"Nicht nur Wanderungen auf Teneriffa...\",\"potentialAction\":[{\"@type\":\"SearchAction\",\"target\":{\"@type\":\"EntryPoint\",\"urlTemplate\":\"https:\\\/\\\/www.mundi-roth.de\\\/teneriffa-blog\\\/?s={search_term_string}\"},\"query-input\":{\"@type\":\"PropertyValueSpecification\",\"valueRequired\":true,\"valueName\":\"search_term_string\"}}],\"inLanguage\":\"de\"},{\"@type\":\"Person\",\"@id\":\"https:\\\/\\\/www.mundi-roth.de\\\/teneriffa-blog\\\/#\\\/schema\\\/person\\\/971c66b55f3ae5e8741553688c413cac\",\"name\":\"mundi\",\"image\":{\"@type\":\"ImageObject\",\"inLanguage\":\"de\",\"@id\":\"https:\\\/\\\/secure.gravatar.com\\\/avatar\\\/555f0dd85428f1a9330f8e5dbe9e40ff9ca912bb81e5a89747ebf3ca9c20dc0f?s=96&d=mm&r=g\",\"url\":\"https:\\\/\\\/secure.gravatar.com\\\/avatar\\\/555f0dd85428f1a9330f8e5dbe9e40ff9ca912bb81e5a89747ebf3ca9c20dc0f?s=96&d=mm&r=g\",\"contentUrl\":\"https:\\\/\\\/secure.gravatar.com\\\/avatar\\\/555f0dd85428f1a9330f8e5dbe9e40ff9ca912bb81e5a89747ebf3ca9c20dc0f?s=96&d=mm&r=g\",\"caption\":\"mundi\"},\"sameAs\":[\"http:\\\/\\\/mundi-roth.de\"],\"url\":\"https:\\\/\\\/www.mundi-roth.de\\\/teneriffa-blog\\\/author\\\/mundi\\\/\"}]}<\/script>\n<!-- \/ Yoast SEO plugin. -->","yoast_head_json":{"title":"Cruz de Tea \u2013 Las Vegas - Teneriffa Wandern","robots":{"index":"index","follow":"follow","max-snippet":"max-snippet:-1","max-image-preview":"max-image-preview:large","max-video-preview":"max-video-preview:-1"},"canonical":"https:\/\/www.mundi-roth.de\/teneriffa-blog\/wanderungen\/cruz-de-tea-\u2013-las-vegas\/","twitter_misc":{"Verfasst von":"mundi","Gesch\u00e4tzte Lesezeit":"6\u00a0Minuten"},"schema":{"@context":"https:\/\/schema.org","@graph":[{"@type":"Article","@id":"https:\/\/www.mundi-roth.de\/teneriffa-blog\/wanderungen\/cruz-de-tea-%e2%80%93-las-vegas\/#article","isPartOf":{"@id":"https:\/\/www.mundi-roth.de\/teneriffa-blog\/wanderungen\/cruz-de-tea-%e2%80%93-las-vegas\/"},"author":{"name":"mundi","@id":"https:\/\/www.mundi-roth.de\/teneriffa-blog\/#\/schema\/person\/971c66b55f3ae5e8741553688c413cac"},"headline":"Cruz de Tea \u2013 Las Vegas","datePublished":"2012-02-09T21:00:20+00:00","dateModified":"2015-04-09T14:02:01+00:00","mainEntityOfPage":{"@id":"https:\/\/www.mundi-roth.de\/teneriffa-blog\/wanderungen\/cruz-de-tea-%e2%80%93-las-vegas\/"},"wordCount":1190,"commentCount":0,"image":{"@id":"https:\/\/www.mundi-roth.de\/teneriffa-blog\/wanderungen\/cruz-de-tea-%e2%80%93-las-vegas\/#primaryimage"},"thumbnailUrl":"http:\/\/www.mundi-roth.de\/teneriffa-blog\/wp-content\/uploads\/2012\/02\/Collage3-300x68.jpg","keywords":["Barranco de Usasa","Cruz de Tea","Granadilla","Las Vegas","Paisaje Lunar","PR-TF 83","Teneriffa Wandern","Virgen del Buen Viaje","Wandern Teneriffa","Ziegelbrennofen"],"articleSection":["Granadilla","Wanderungen"],"inLanguage":"de","potentialAction":[{"@type":"CommentAction","name":"Comment","target":["https:\/\/www.mundi-roth.de\/teneriffa-blog\/wanderungen\/cruz-de-tea-%e2%80%93-las-vegas\/#respond"]}]},{"@type":"WebPage","@id":"https:\/\/www.mundi-roth.de\/teneriffa-blog\/wanderungen\/cruz-de-tea-%e2%80%93-las-vegas\/","url":"https:\/\/www.mundi-roth.de\/teneriffa-blog\/wanderungen\/cruz-de-tea-%e2%80%93-las-vegas\/","name":"Cruz de Tea \u2013 Las Vegas - Teneriffa Wandern","isPartOf":{"@id":"https:\/\/www.mundi-roth.de\/teneriffa-blog\/#website"},"primaryImageOfPage":{"@id":"https:\/\/www.mundi-roth.de\/teneriffa-blog\/wanderungen\/cruz-de-tea-%e2%80%93-las-vegas\/#primaryimage"},"image":{"@id":"https:\/\/www.mundi-roth.de\/teneriffa-blog\/wanderungen\/cruz-de-tea-%e2%80%93-las-vegas\/#primaryimage"},"thumbnailUrl":"http:\/\/www.mundi-roth.de\/teneriffa-blog\/wp-content\/uploads\/2012\/02\/Collage3-300x68.jpg","datePublished":"2012-02-09T21:00:20+00:00","dateModified":"2015-04-09T14:02:01+00:00","author":{"@id":"https:\/\/www.mundi-roth.de\/teneriffa-blog\/#\/schema\/person\/971c66b55f3ae5e8741553688c413cac"},"breadcrumb":{"@id":"https:\/\/www.mundi-roth.de\/teneriffa-blog\/wanderungen\/cruz-de-tea-%e2%80%93-las-vegas\/#breadcrumb"},"inLanguage":"de","potentialAction":[{"@type":"ReadAction","target":["https:\/\/www.mundi-roth.de\/teneriffa-blog\/wanderungen\/cruz-de-tea-%e2%80%93-las-vegas\/"]}]},{"@type":"ImageObject","inLanguage":"de","@id":"https:\/\/www.mundi-roth.de\/teneriffa-blog\/wanderungen\/cruz-de-tea-%e2%80%93-las-vegas\/#primaryimage","url":"https:\/\/www.mundi-roth.de\/teneriffa-blog\/wp-content\/uploads\/2012\/02\/Collage3.jpg","contentUrl":"https:\/\/www.mundi-roth.de\/teneriffa-blog\/wp-content\/uploads\/2012\/02\/Collage3.jpg","width":"960","height":"220"},{"@type":"BreadcrumbList","@id":"https:\/\/www.mundi-roth.de\/teneriffa-blog\/wanderungen\/cruz-de-tea-%e2%80%93-las-vegas\/#breadcrumb","itemListElement":[{"@type":"ListItem","position":1,"name":"Startseite","item":"https:\/\/www.mundi-roth.de\/teneriffa-blog\/"},{"@type":"ListItem","position":2,"name":"Cruz de Tea \u2013 Las Vegas"}]},{"@type":"WebSite","@id":"https:\/\/www.mundi-roth.de\/teneriffa-blog\/#website","url":"https:\/\/www.mundi-roth.de\/teneriffa-blog\/","name":"Teneriffa Wandern","description":"Nicht nur Wanderungen auf Teneriffa...","potentialAction":[{"@type":"SearchAction","target":{"@type":"EntryPoint","urlTemplate":"https:\/\/www.mundi-roth.de\/teneriffa-blog\/?s={search_term_string}"},"query-input":{"@type":"PropertyValueSpecification","valueRequired":true,"valueName":"search_term_string"}}],"inLanguage":"de"},{"@type":"Person","@id":"https:\/\/www.mundi-roth.de\/teneriffa-blog\/#\/schema\/person\/971c66b55f3ae5e8741553688c413cac","name":"mundi","image":{"@type":"ImageObject","inLanguage":"de","@id":"https:\/\/secure.gravatar.com\/avatar\/555f0dd85428f1a9330f8e5dbe9e40ff9ca912bb81e5a89747ebf3ca9c20dc0f?s=96&d=mm&r=g","url":"https:\/\/secure.gravatar.com\/avatar\/555f0dd85428f1a9330f8e5dbe9e40ff9ca912bb81e5a89747ebf3ca9c20dc0f?s=96&d=mm&r=g","contentUrl":"https:\/\/secure.gravatar.com\/avatar\/555f0dd85428f1a9330f8e5dbe9e40ff9ca912bb81e5a89747ebf3ca9c20dc0f?s=96&d=mm&r=g","caption":"mundi"},"sameAs":["http:\/\/mundi-roth.de"],"url":"https:\/\/www.mundi-roth.de\/teneriffa-blog\/author\/mundi\/"}]}},"_links":{"self":[{"href":"https:\/\/www.mundi-roth.de\/teneriffa-blog\/wp-json\/wp\/v2\/posts\/1725","targetHints":{"allow":["GET"]}}],"collection":[{"href":"https:\/\/www.mundi-roth.de\/teneriffa-blog\/wp-json\/wp\/v2\/posts"}],"about":[{"href":"https:\/\/www.mundi-roth.de\/teneriffa-blog\/wp-json\/wp\/v2\/types\/post"}],"author":[{"embeddable":true,"href":"https:\/\/www.mundi-roth.de\/teneriffa-blog\/wp-json\/wp\/v2\/users\/4"}],"replies":[{"embeddable":true,"href":"https:\/\/www.mundi-roth.de\/teneriffa-blog\/wp-json\/wp\/v2\/comments?post=1725"}],"version-history":[{"count":0,"href":"https:\/\/www.mundi-roth.de\/teneriffa-blog\/wp-json\/wp\/v2\/posts\/1725\/revisions"}],"wp:attachment":[{"href":"https:\/\/www.mundi-roth.de\/teneriffa-blog\/wp-json\/wp\/v2\/media?parent=1725"}],"wp:term":[{"taxonomy":"category","embeddable":true,"href":"https:\/\/www.mundi-roth.de\/teneriffa-blog\/wp-json\/wp\/v2\/categories?post=1725"},{"taxonomy":"post_tag","embeddable":true,"href":"https:\/\/www.mundi-roth.de\/teneriffa-blog\/wp-json\/wp\/v2\/tags?post=1725"}],"curies":[{"name":"wp","href":"https:\/\/api.w.org\/{rel}","templated":true}]}}