{"id":174,"date":"2008-01-15T19:47:57","date_gmt":"2008-01-15T19:47:57","guid":{"rendered":"http:\/\/www.mundi-roth.de\/teneriffa-blog\/allgemein\/ifonche-arona\/"},"modified":"2015-04-12T11:57:10","modified_gmt":"2015-04-12T10:57:10","slug":"ifonche-arona","status":"publish","type":"post","link":"https:\/\/www.mundi-roth.de\/teneriffa-blog\/wanderungen\/ifonche-arona\/","title":{"rendered":"Ifonche &#8211; Arona"},"content":{"rendered":"<p><strong><span style=\"font-family: Arial; font-size: small;\">Eine wundersch\u00f6ne, gut abw\u00e4rts zu gehende Wanderung, ges\u00e4umt mit vielen Pflanzen, mit weitem Blick zur K\u00fcste. Nur einmal gilt es in den Barranco del Rey einzusteigen und demensprechend auf der anderen Seite wieder hochzusteigen.<\/span><\/strong><\/p>\n<p><!--more--><\/p>\n<p><strong>Wander-Wegstrecke:<\/strong> gut 2 Stunden<br \/>\nBeim Restaurant Dornajo nehmen wir die linke, asphaltierte Stra\u00dfe und nach einem kurzen St\u00fcck gehen wir bei einer Gabelung auf der rechts leicht abfallenden Stra\u00dfe weiter. <a title=\"sany5347.JPG\" href=\"http:\/\/www.mundi-roth.de\/teneriffa-blog\/wp-content\/uploads\/2008\/01\/sany5347.JPG\" rel=\"lightbox[174]\"><img loading=\"lazy\" decoding=\"async\" src=\"http:\/\/www.mundi-roth.de\/teneriffa-blog\/wp-content\/uploads\/2008\/01\/sany5347.thumbnail.JPG\" alt=\"sany5347.JPG\" width=\"128\" height=\"96\" align=\"left\" border=\"0\" hspace=\"3\" vspace=\"3\" \/><\/a>Sie f\u00fchrt uns an einigen H\u00e4usern vorbei, als letztes ein sehr sch\u00f6nes Haus im kanarischen Stil mit gro\u00dfz\u00fcgig gepflastertem Hof, mit Pflanzen geschm\u00fcckt. Hier hat man einen gro\u00dfartigen Blick Richtung K\u00fcste.<br \/>\nNachdem wir eine Senke durchschritten haben, erkennen wir rechts an den flatternden Windb\u00e4ndern, dass hier ein Startplatz f\u00fcr Paraglider ist. Etwa 100m vor einem kleinen Geh\u00f6ft verlassen wir bei einem deutlichen Steinhaufen nach rechts die Stra\u00dfe und folgen dem gut erkennbaren Pfad auf den Roque Imoque zu.<br \/>\n<a title=\"p1010146ax.jpg\" href=\"http:\/\/www.mundi-roth.de\/teneriffa-blog\/wp-content\/uploads\/2008\/01\/p1010146ax.jpg\" rel=\"lightbox[174]\"><img loading=\"lazy\" decoding=\"async\" src=\"http:\/\/www.mundi-roth.de\/teneriffa-blog\/wp-content\/uploads\/2008\/01\/p1010146ax.thumbnail.jpg\" alt=\"p1010146ax.jpg\" width=\"128\" height=\"96\" align=\"right\" border=\"0\" hspace=\"3\" vspace=\"3\" \/><\/a>Nach kurzer Zeit kommen wir zu einem gro\u00dfen, gut gepflegten Dreschplatz, direkt zu F\u00fc\u00dfen des Roque Imoque.<br \/>\nHier trennt sich unsere Gruppe wieder. F\u00fcr einige \u2013 aus gesundheitlichen Gr\u00fcnden &#8211; ist dies der Endpunkt der heutigen Wanderung. Die anderen gehen rechts am Dreschplatz vorbei auf den kleinen Pfad, der sich von hier aus mit der Sicht auf grandiose Felsformationen stetig bergab schl\u00e4ngelt. Links wie rechts bewegen wir uns zwischen Zistrosen- und Margaritenfeldern, nur leider ist momentan f\u00fcr keine dieser Pflanzen die Bl\u00fchzeit. Wir sind zu fr\u00fch dran. Dagegen erfreuen uns die dunkelpurpurroten Bl\u00fcten der Wolfsmilch.<br \/>\nNach geraumer Zeit gelangen wir auf ein kleines Plateau, hier geht links ein Weg ab, den wir jedoch nicht beachten. Wir bleiben auf der \u201egeraden\u201c, biegen kurz darauf um einen Felsen und weiter geht es auf einem schmalen, jedoch gut zu gehenden Pfad weiter bergab.<br \/>\n<a title=\"p1010156x.jpg\" href=\"http:\/\/www.mundi-roth.de\/teneriffa-blog\/wp-content\/uploads\/2008\/01\/p1010156x.jpg\" rel=\"lightbox[174]\"><img loading=\"lazy\" decoding=\"async\" src=\"http:\/\/www.mundi-roth.de\/teneriffa-blog\/wp-content\/uploads\/2008\/01\/p1010156x.thumbnail.jpg\" alt=\"p1010156x.jpg\" width=\"128\" height=\"96\" align=\"left\" border=\"0\" hspace=\"3\" vspace=\"3\" \/><\/a>So gelangen wir an den Rand des Barranco del Rey, m\u00fcssen hier etwas links bergauf gehen, Steinm\u00e4nnchen weisen uns den Weg, und wir steigen in die Schlucht ein.<br \/>\n<a title=\"p1010158.JPG\" href=\"http:\/\/www.mundi-roth.de\/teneriffa-blog\/wp-content\/uploads\/2008\/01\/p1010158.JPG\" rel=\"lightbox[174]\"><img loading=\"lazy\" decoding=\"async\" src=\"http:\/\/www.mundi-roth.de\/teneriffa-blog\/wp-content\/uploads\/2008\/01\/p1010158.thumbnail.JPG\" alt=\"p1010158.JPG\" width=\"128\" height=\"96\" align=\"right\" border=\"0\" hspace=\"3\" vspace=\"3\" \/><\/a> Auch hier begeistern uns die Basaltformationen und wie sich die schlanken S\u00e4ulen der Kanaren- Wolfsmilch an den Fels quetschen.<br \/>\nIm Barranco geht es einige Schritte abw\u00e4rts und wir erkennen gut den auf der anderen Seite steil ansteigenden Weg.<br \/>\nEr ist jedoch schnell \u00fcberwunden und oben auf dem Plateau sehen wir bereits die H\u00e4user<a title=\"p1010166.JPG\" href=\"http:\/\/www.mundi-roth.de\/teneriffa-blog\/wp-content\/uploads\/2008\/01\/p1010166.JPG\" rel=\"lightbox[174]\"><img loading=\"lazy\" decoding=\"async\" src=\"http:\/\/www.mundi-roth.de\/teneriffa-blog\/wp-content\/uploads\/2008\/01\/p1010166.thumbnail.JPG\" alt=\"p1010166.JPG\" width=\"128\" height=\"96\" align=\"left\" border=\"0\" hspace=\"3\" vspace=\"3\" \/><\/a> von Arona. Wir folgen dem breiten Weg, um diesen dann links bergauf zu gehen bis wir zu den diversen Wander-Hinweisschildern kommen und sind nach wenigen Schritten bei dem dort geparkten Auto oder aber, wenn dies nicht der Fall war, holen uns dort die nach Ifonche \u201eZur\u00fcckgekehrten\u201c ab.<\/p>\n<p><strong>Botanik:<\/strong><br \/>\n<a title=\"147-4771_img.jpg\" href=\"http:\/\/www.mundi-roth.de\/teneriffa-blog\/wp-content\/uploads\/2008\/01\/147-4771_img.jpg\" rel=\"lightbox[174]\"><img loading=\"lazy\" decoding=\"async\" src=\"http:\/\/www.mundi-roth.de\/teneriffa-blog\/wp-content\/uploads\/2008\/01\/147-4771_img.thumbnail.jpg\" alt=\"147-4771_img.jpg\" width=\"128\" height=\"96\" align=\"right\" border=\"0\" hspace=\"3\" vspace=\"3\" \/><\/a> Da uns die Dunkelpurpurrote Wolfsmilch (Euphorbia atropurpurea) nur in felsigen, eher k\u00fcstenfernen Standorten im Sukkulentenbusch begegnet, m\u00f6chte ich heute diese Pflanze n\u00e4her beschreiben:<br \/>\nSie kommt in h\u00f6heren Regionen vor als die verwandten Arten und es handelt sich um einen Tenerife-Endemit. Dass sie bei den Einheimischen als die K\u00f6nigin der Tabaibas gilt, sagt der Volksname Tabaiba majorera.<br \/>\n\u201eEs ist ein reich verzweigter hoher Strauch. Bl\u00e4tter schopfig an den Zweigenden, l\u00e4nglich-spatelig, stumpflich, kahl und blaugr\u00fcn. Bl\u00fcten in einer Scheindolde aus 6-8 Strahlen, diese nochmals 3armig verzweigt, die gro\u00dfen Hochbl\u00e4tter unterhalb der Cyanthien gelblichgr\u00fcn, fast bis zur H\u00e4lfte ihrer L\u00e4nge verbunden, breit rundlich und kurz bespitzt. Nierenf\u00f6rmige, am Rand gez\u00e4hnelte Nektardr\u00fcsen. Kapseln hellbraun oder gelblich, kahl.\u201c<\/p>\n<p><strong>Restaurant:<\/strong><br \/>\nWir hatten heute etwas Besonderes vor:<br \/>\nEine Wanderfreundin hat in Cabo Blanco F\u00fcr unsere 20k\u00f6pfige Gruppe als \u201eNachweihnachtsfeier&#8220; ein Spanferkelessen organisiert. Es war k\u00f6stlich !<\/p>\n<p>Restaurant \u201eSan Martin\u201c in Cabo Blanco, Calle El Lomito Nr. 14 (N\u00e4he der Kirche), Telefon-Nr. 922 720 170, Donnerstag ist Ruhetag.<\/p>\n<p><strong>Anfahrt:<\/strong><br \/>\n<a title=\"karte-ifonche.jpg\" href=\"http:\/\/www.mundi-roth.de\/teneriffa-blog\/wp-content\/uploads\/2008\/01\/karte-ifonche.jpg\" rel=\"lightbox[174]\"><img loading=\"lazy\" decoding=\"async\" src=\"http:\/\/www.mundi-roth.de\/teneriffa-blog\/wp-content\/uploads\/2008\/01\/karte-ifonche.thumbnail.jpg\" alt=\"karte-ifonche.jpg\" width=\"178\" height=\"138\" align=\"right\" border=\"0\" hspace=\"3\" vspace=\"3\" \/><\/a>Auf der TF 51 fahren wir von Los Cristianos kommend Richtung Teide.<br \/>\nIn Escalona biegen wir beim Abzweig Ifonche links auf die TF 567 ab und fahren diese bis zum Ende. Gute Parkm\u00f6glichkeiten gibt es vor und in der N\u00e4he des Restaurants Dornajo.<br \/>\nHat man gen\u00fcgend Autos, empfiehlt es sich, einen Wagen kurz oberhalb von Arona auf dem Parkplatz links der Stra\u00dfe bei dem Restaurant \u201eLa Granja\u201c abzustellen.<\/p>\n","protected":false},"excerpt":{"rendered":"<p>Eine wundersch\u00f6ne, gut abw\u00e4rts zu gehende Wanderung, ges\u00e4umt mit vielen Pflanzen, mit weitem Blick zur K\u00fcste. Nur einmal gilt es in den Barranco del Rey einzusteigen und demensprechend auf der anderen Seite wieder hochzusteigen.<\/p>\n","protected":false},"author":3,"featured_media":0,"comment_status":"open","ping_status":"open","sticky":false,"template":"","format":"standard","meta":{"footnotes":""},"categories":[775,6],"tags":[65,64,3,4],"class_list":["post-174","post","type-post","status-publish","format-standard","hentry","category-arona","category-wanderungen","tag-arona","tag-ifonche","tag-teneriffa","tag-wandern"],"yoast_head":"<!-- This site is optimized with the Yoast SEO plugin v27.5 - https:\/\/yoast.com\/product\/yoast-seo-wordpress\/ -->\n<title>Ifonche - Arona - Teneriffa Wandern<\/title>\n<meta name=\"robots\" content=\"index, follow, max-snippet:-1, max-image-preview:large, max-video-preview:-1\" \/>\n<link rel=\"canonical\" href=\"https:\/\/www.mundi-roth.de\/teneriffa-blog\/wanderungen\/ifonche-arona\/\" \/>\n<meta name=\"twitter:label1\" content=\"Verfasst von\" \/>\n\t<meta name=\"twitter:data1\" content=\"ir\" \/>\n\t<meta name=\"twitter:label2\" content=\"Gesch\u00e4tzte Lesezeit\" \/>\n\t<meta name=\"twitter:data2\" content=\"3\u00a0Minuten\" \/>\n<script type=\"application\/ld+json\" class=\"yoast-schema-graph\">{\"@context\":\"https:\\\/\\\/schema.org\",\"@graph\":[{\"@type\":\"Article\",\"@id\":\"https:\\\/\\\/www.mundi-roth.de\\\/teneriffa-blog\\\/wanderungen\\\/ifonche-arona\\\/#article\",\"isPartOf\":{\"@id\":\"https:\\\/\\\/www.mundi-roth.de\\\/teneriffa-blog\\\/wanderungen\\\/ifonche-arona\\\/\"},\"author\":{\"name\":\"ir\",\"@id\":\"https:\\\/\\\/www.mundi-roth.de\\\/teneriffa-blog\\\/#\\\/schema\\\/person\\\/3afd0d251449790d15367c9aa52d203d\"},\"headline\":\"Ifonche &#8211; Arona\",\"datePublished\":\"2008-01-15T19:47:57+00:00\",\"dateModified\":\"2015-04-12T10:57:10+00:00\",\"mainEntityOfPage\":{\"@id\":\"https:\\\/\\\/www.mundi-roth.de\\\/teneriffa-blog\\\/wanderungen\\\/ifonche-arona\\\/\"},\"wordCount\":693,\"commentCount\":0,\"image\":{\"@id\":\"https:\\\/\\\/www.mundi-roth.de\\\/teneriffa-blog\\\/wanderungen\\\/ifonche-arona\\\/#primaryimage\"},\"thumbnailUrl\":\"http:\\\/\\\/www.mundi-roth.de\\\/teneriffa-blog\\\/wp-content\\\/uploads\\\/2008\\\/01\\\/sany5347.thumbnail.JPG\",\"keywords\":[\"Arona\",\"Ifonche\",\"Teneriffa\",\"Wandern\"],\"articleSection\":[\"Arona\",\"Wanderungen\"],\"inLanguage\":\"de\",\"potentialAction\":[{\"@type\":\"CommentAction\",\"name\":\"Comment\",\"target\":[\"https:\\\/\\\/www.mundi-roth.de\\\/teneriffa-blog\\\/wanderungen\\\/ifonche-arona\\\/#respond\"]}]},{\"@type\":\"WebPage\",\"@id\":\"https:\\\/\\\/www.mundi-roth.de\\\/teneriffa-blog\\\/wanderungen\\\/ifonche-arona\\\/\",\"url\":\"https:\\\/\\\/www.mundi-roth.de\\\/teneriffa-blog\\\/wanderungen\\\/ifonche-arona\\\/\",\"name\":\"Ifonche - Arona - Teneriffa Wandern\",\"isPartOf\":{\"@id\":\"https:\\\/\\\/www.mundi-roth.de\\\/teneriffa-blog\\\/#website\"},\"primaryImageOfPage\":{\"@id\":\"https:\\\/\\\/www.mundi-roth.de\\\/teneriffa-blog\\\/wanderungen\\\/ifonche-arona\\\/#primaryimage\"},\"image\":{\"@id\":\"https:\\\/\\\/www.mundi-roth.de\\\/teneriffa-blog\\\/wanderungen\\\/ifonche-arona\\\/#primaryimage\"},\"thumbnailUrl\":\"http:\\\/\\\/www.mundi-roth.de\\\/teneriffa-blog\\\/wp-content\\\/uploads\\\/2008\\\/01\\\/sany5347.thumbnail.JPG\",\"datePublished\":\"2008-01-15T19:47:57+00:00\",\"dateModified\":\"2015-04-12T10:57:10+00:00\",\"author\":{\"@id\":\"https:\\\/\\\/www.mundi-roth.de\\\/teneriffa-blog\\\/#\\\/schema\\\/person\\\/3afd0d251449790d15367c9aa52d203d\"},\"breadcrumb\":{\"@id\":\"https:\\\/\\\/www.mundi-roth.de\\\/teneriffa-blog\\\/wanderungen\\\/ifonche-arona\\\/#breadcrumb\"},\"inLanguage\":\"de\",\"potentialAction\":[{\"@type\":\"ReadAction\",\"target\":[\"https:\\\/\\\/www.mundi-roth.de\\\/teneriffa-blog\\\/wanderungen\\\/ifonche-arona\\\/\"]}]},{\"@type\":\"ImageObject\",\"inLanguage\":\"de\",\"@id\":\"https:\\\/\\\/www.mundi-roth.de\\\/teneriffa-blog\\\/wanderungen\\\/ifonche-arona\\\/#primaryimage\",\"url\":\"http:\\\/\\\/www.mundi-roth.de\\\/teneriffa-blog\\\/wp-content\\\/uploads\\\/2008\\\/01\\\/sany5347.thumbnail.JPG\",\"contentUrl\":\"http:\\\/\\\/www.mundi-roth.de\\\/teneriffa-blog\\\/wp-content\\\/uploads\\\/2008\\\/01\\\/sany5347.thumbnail.JPG\"},{\"@type\":\"BreadcrumbList\",\"@id\":\"https:\\\/\\\/www.mundi-roth.de\\\/teneriffa-blog\\\/wanderungen\\\/ifonche-arona\\\/#breadcrumb\",\"itemListElement\":[{\"@type\":\"ListItem\",\"position\":1,\"name\":\"Startseite\",\"item\":\"https:\\\/\\\/www.mundi-roth.de\\\/teneriffa-blog\\\/\"},{\"@type\":\"ListItem\",\"position\":2,\"name\":\"Ifonche &#8211; Arona\"}]},{\"@type\":\"WebSite\",\"@id\":\"https:\\\/\\\/www.mundi-roth.de\\\/teneriffa-blog\\\/#website\",\"url\":\"https:\\\/\\\/www.mundi-roth.de\\\/teneriffa-blog\\\/\",\"name\":\"Teneriffa Wandern\",\"description\":\"Nicht nur Wanderungen auf Teneriffa...\",\"potentialAction\":[{\"@type\":\"SearchAction\",\"target\":{\"@type\":\"EntryPoint\",\"urlTemplate\":\"https:\\\/\\\/www.mundi-roth.de\\\/teneriffa-blog\\\/?s={search_term_string}\"},\"query-input\":{\"@type\":\"PropertyValueSpecification\",\"valueRequired\":true,\"valueName\":\"search_term_string\"}}],\"inLanguage\":\"de\"},{\"@type\":\"Person\",\"@id\":\"https:\\\/\\\/www.mundi-roth.de\\\/teneriffa-blog\\\/#\\\/schema\\\/person\\\/3afd0d251449790d15367c9aa52d203d\",\"name\":\"ir\",\"image\":{\"@type\":\"ImageObject\",\"inLanguage\":\"de\",\"@id\":\"https:\\\/\\\/secure.gravatar.com\\\/avatar\\\/e67b41513c921c2bb58363f44c8a00a447c9a2526ad8ff71b5b6257e5f7f5c66?s=96&d=mm&r=g\",\"url\":\"https:\\\/\\\/secure.gravatar.com\\\/avatar\\\/e67b41513c921c2bb58363f44c8a00a447c9a2526ad8ff71b5b6257e5f7f5c66?s=96&d=mm&r=g\",\"contentUrl\":\"https:\\\/\\\/secure.gravatar.com\\\/avatar\\\/e67b41513c921c2bb58363f44c8a00a447c9a2526ad8ff71b5b6257e5f7f5c66?s=96&d=mm&r=g\",\"caption\":\"ir\"},\"sameAs\":[\"http:\\\/\\\/www.mundi-roth.de\"],\"url\":\"https:\\\/\\\/www.mundi-roth.de\\\/teneriffa-blog\\\/author\\\/ir\\\/\"}]}<\/script>\n<!-- \/ Yoast SEO plugin. -->","yoast_head_json":{"title":"Ifonche - Arona - Teneriffa Wandern","robots":{"index":"index","follow":"follow","max-snippet":"max-snippet:-1","max-image-preview":"max-image-preview:large","max-video-preview":"max-video-preview:-1"},"canonical":"https:\/\/www.mundi-roth.de\/teneriffa-blog\/wanderungen\/ifonche-arona\/","twitter_misc":{"Verfasst von":"ir","Gesch\u00e4tzte Lesezeit":"3\u00a0Minuten"},"schema":{"@context":"https:\/\/schema.org","@graph":[{"@type":"Article","@id":"https:\/\/www.mundi-roth.de\/teneriffa-blog\/wanderungen\/ifonche-arona\/#article","isPartOf":{"@id":"https:\/\/www.mundi-roth.de\/teneriffa-blog\/wanderungen\/ifonche-arona\/"},"author":{"name":"ir","@id":"https:\/\/www.mundi-roth.de\/teneriffa-blog\/#\/schema\/person\/3afd0d251449790d15367c9aa52d203d"},"headline":"Ifonche &#8211; Arona","datePublished":"2008-01-15T19:47:57+00:00","dateModified":"2015-04-12T10:57:10+00:00","mainEntityOfPage":{"@id":"https:\/\/www.mundi-roth.de\/teneriffa-blog\/wanderungen\/ifonche-arona\/"},"wordCount":693,"commentCount":0,"image":{"@id":"https:\/\/www.mundi-roth.de\/teneriffa-blog\/wanderungen\/ifonche-arona\/#primaryimage"},"thumbnailUrl":"http:\/\/www.mundi-roth.de\/teneriffa-blog\/wp-content\/uploads\/2008\/01\/sany5347.thumbnail.JPG","keywords":["Arona","Ifonche","Teneriffa","Wandern"],"articleSection":["Arona","Wanderungen"],"inLanguage":"de","potentialAction":[{"@type":"CommentAction","name":"Comment","target":["https:\/\/www.mundi-roth.de\/teneriffa-blog\/wanderungen\/ifonche-arona\/#respond"]}]},{"@type":"WebPage","@id":"https:\/\/www.mundi-roth.de\/teneriffa-blog\/wanderungen\/ifonche-arona\/","url":"https:\/\/www.mundi-roth.de\/teneriffa-blog\/wanderungen\/ifonche-arona\/","name":"Ifonche - Arona - Teneriffa Wandern","isPartOf":{"@id":"https:\/\/www.mundi-roth.de\/teneriffa-blog\/#website"},"primaryImageOfPage":{"@id":"https:\/\/www.mundi-roth.de\/teneriffa-blog\/wanderungen\/ifonche-arona\/#primaryimage"},"image":{"@id":"https:\/\/www.mundi-roth.de\/teneriffa-blog\/wanderungen\/ifonche-arona\/#primaryimage"},"thumbnailUrl":"http:\/\/www.mundi-roth.de\/teneriffa-blog\/wp-content\/uploads\/2008\/01\/sany5347.thumbnail.JPG","datePublished":"2008-01-15T19:47:57+00:00","dateModified":"2015-04-12T10:57:10+00:00","author":{"@id":"https:\/\/www.mundi-roth.de\/teneriffa-blog\/#\/schema\/person\/3afd0d251449790d15367c9aa52d203d"},"breadcrumb":{"@id":"https:\/\/www.mundi-roth.de\/teneriffa-blog\/wanderungen\/ifonche-arona\/#breadcrumb"},"inLanguage":"de","potentialAction":[{"@type":"ReadAction","target":["https:\/\/www.mundi-roth.de\/teneriffa-blog\/wanderungen\/ifonche-arona\/"]}]},{"@type":"ImageObject","inLanguage":"de","@id":"https:\/\/www.mundi-roth.de\/teneriffa-blog\/wanderungen\/ifonche-arona\/#primaryimage","url":"http:\/\/www.mundi-roth.de\/teneriffa-blog\/wp-content\/uploads\/2008\/01\/sany5347.thumbnail.JPG","contentUrl":"http:\/\/www.mundi-roth.de\/teneriffa-blog\/wp-content\/uploads\/2008\/01\/sany5347.thumbnail.JPG"},{"@type":"BreadcrumbList","@id":"https:\/\/www.mundi-roth.de\/teneriffa-blog\/wanderungen\/ifonche-arona\/#breadcrumb","itemListElement":[{"@type":"ListItem","position":1,"name":"Startseite","item":"https:\/\/www.mundi-roth.de\/teneriffa-blog\/"},{"@type":"ListItem","position":2,"name":"Ifonche &#8211; Arona"}]},{"@type":"WebSite","@id":"https:\/\/www.mundi-roth.de\/teneriffa-blog\/#website","url":"https:\/\/www.mundi-roth.de\/teneriffa-blog\/","name":"Teneriffa Wandern","description":"Nicht nur Wanderungen auf Teneriffa...","potentialAction":[{"@type":"SearchAction","target":{"@type":"EntryPoint","urlTemplate":"https:\/\/www.mundi-roth.de\/teneriffa-blog\/?s={search_term_string}"},"query-input":{"@type":"PropertyValueSpecification","valueRequired":true,"valueName":"search_term_string"}}],"inLanguage":"de"},{"@type":"Person","@id":"https:\/\/www.mundi-roth.de\/teneriffa-blog\/#\/schema\/person\/3afd0d251449790d15367c9aa52d203d","name":"ir","image":{"@type":"ImageObject","inLanguage":"de","@id":"https:\/\/secure.gravatar.com\/avatar\/e67b41513c921c2bb58363f44c8a00a447c9a2526ad8ff71b5b6257e5f7f5c66?s=96&d=mm&r=g","url":"https:\/\/secure.gravatar.com\/avatar\/e67b41513c921c2bb58363f44c8a00a447c9a2526ad8ff71b5b6257e5f7f5c66?s=96&d=mm&r=g","contentUrl":"https:\/\/secure.gravatar.com\/avatar\/e67b41513c921c2bb58363f44c8a00a447c9a2526ad8ff71b5b6257e5f7f5c66?s=96&d=mm&r=g","caption":"ir"},"sameAs":["http:\/\/www.mundi-roth.de"],"url":"https:\/\/www.mundi-roth.de\/teneriffa-blog\/author\/ir\/"}]}},"_links":{"self":[{"href":"https:\/\/www.mundi-roth.de\/teneriffa-blog\/wp-json\/wp\/v2\/posts\/174","targetHints":{"allow":["GET"]}}],"collection":[{"href":"https:\/\/www.mundi-roth.de\/teneriffa-blog\/wp-json\/wp\/v2\/posts"}],"about":[{"href":"https:\/\/www.mundi-roth.de\/teneriffa-blog\/wp-json\/wp\/v2\/types\/post"}],"author":[{"embeddable":true,"href":"https:\/\/www.mundi-roth.de\/teneriffa-blog\/wp-json\/wp\/v2\/users\/3"}],"replies":[{"embeddable":true,"href":"https:\/\/www.mundi-roth.de\/teneriffa-blog\/wp-json\/wp\/v2\/comments?post=174"}],"version-history":[{"count":0,"href":"https:\/\/www.mundi-roth.de\/teneriffa-blog\/wp-json\/wp\/v2\/posts\/174\/revisions"}],"wp:attachment":[{"href":"https:\/\/www.mundi-roth.de\/teneriffa-blog\/wp-json\/wp\/v2\/media?parent=174"}],"wp:term":[{"taxonomy":"category","embeddable":true,"href":"https:\/\/www.mundi-roth.de\/teneriffa-blog\/wp-json\/wp\/v2\/categories?post=174"},{"taxonomy":"post_tag","embeddable":true,"href":"https:\/\/www.mundi-roth.de\/teneriffa-blog\/wp-json\/wp\/v2\/tags?post=174"}],"curies":[{"name":"wp","href":"https:\/\/api.w.org\/{rel}","templated":true}]}}