{"id":1745,"date":"2012-02-16T22:00:45","date_gmt":"2012-02-16T21:00:45","guid":{"rendered":"http:\/\/www.mundi-roth.de\/teneriffa-blog\/?p=1745"},"modified":"2015-04-09T15:00:43","modified_gmt":"2015-04-09T14:00:43","slug":"valle-de-san-lorenzo-casas-altas-valle-de-san-lorenzo","status":"publish","type":"post","link":"https:\/\/www.mundi-roth.de\/teneriffa-blog\/wanderungen\/valle-de-san-lorenzo-casas-altas-valle-de-san-lorenzo\/","title":{"rendered":"Valle de San Lorenzo \u2013 Casas Altas \u2013 Valle de San Lorenzo"},"content":{"rendered":"<p><strong>Die Wettervorhersage f\u00fcr den heutigen Donnerstag war alles andere als gut.<\/strong><br \/>\n<strong> Wandern wollten wir trotzdem und so beschlossen Elisabeth und ich: wir bleiben quasi vor der Haust\u00fcre.<\/strong><br \/>\n<strong> Vor 2 Jahren f\u00fchrte uns Monika in den Barranco de Chijas und auf dieser Tour sahen wir einen rechts abgehenden Pfad. Der wohin f\u00fchrt? Keiner wusste es.<\/strong><br \/>\n<strong> Das wollen wir heute erkunden.<\/strong><\/p>\n<p><strong>Wanderwegstrecke: knapp 3 Stunden<\/strong><br \/>\nUnser Taxifahrer, mein lieber Mann, setzt uns in Valle de San Lorenzo in der Calle El Parral ab und wir gehen an dem roten Gittertor vorbei aufw\u00e4rts \u2013 ca. <a href=\"http:\/\/www.mundi-roth.de\/teneriffa-blog\/wp-content\/uploads\/2012\/02\/P1040549.jpg\" rel=\"lightbox[1745]\"><img loading=\"lazy\" decoding=\"async\" class=\"alignright size-thumbnail wp-image-1746\" title=\"P1040549\" src=\"http:\/\/www.mundi-roth.de\/teneriffa-blog\/wp-content\/uploads\/2012\/02\/P1040549-150x112.jpg\" alt=\"\" width=\"150\" height=\"112\" srcset=\"https:\/\/www.mundi-roth.de\/teneriffa-blog\/wp-content\/uploads\/2012\/02\/P1040549-150x112.jpg 150w, https:\/\/www.mundi-roth.de\/teneriffa-blog\/wp-content\/uploads\/2012\/02\/P1040549-300x225.jpg 300w, https:\/\/www.mundi-roth.de\/teneriffa-blog\/wp-content\/uploads\/2012\/02\/P1040549.jpg 600w\" sizes=\"auto, (max-width: 150px) 100vw, 150px\" \/><\/a>30 Minunten &#8211;\u00a0 bis rechts ein Weg abzweigt.<br \/>\nDiesem folgen wir\u00a0 bergan und kurz darauf stapfen wir <a href=\"http:\/\/www.mundi-roth.de\/teneriffa-blog\/wp-content\/uploads\/2012\/02\/P1040553.jpg\" rel=\"lightbox[1745]\"><img loading=\"lazy\" decoding=\"async\" class=\"alignleft size-thumbnail wp-image-1747\" title=\"P1040553\" src=\"http:\/\/www.mundi-roth.de\/teneriffa-blog\/wp-content\/uploads\/2012\/02\/P1040553-150x112.jpg\" alt=\"\" width=\"150\" height=\"112\" srcset=\"https:\/\/www.mundi-roth.de\/teneriffa-blog\/wp-content\/uploads\/2012\/02\/P1040553-150x112.jpg 150w, https:\/\/www.mundi-roth.de\/teneriffa-blog\/wp-content\/uploads\/2012\/02\/P1040553-300x225.jpg 300w, https:\/\/www.mundi-roth.de\/teneriffa-blog\/wp-content\/uploads\/2012\/02\/P1040553.jpg 600w\" sizes=\"auto, (max-width: 150px) 100vw, 150px\" \/><\/a>im Erdreich eines frisch geschobenen Weges. Nach 20 Minuten sto\u00dfen wir auf zwei Bagger und ein Weitergehen ist nicht m\u00f6glich.<\/p>\n<p>Also zur\u00fcck bis zum Eukalyptusbaum und einem <a href=\"http:\/\/www.mundi-roth.de\/teneriffa-blog\/wp-content\/uploads\/2012\/02\/P1040554.jpg\" rel=\"lightbox[1745]\"><img loading=\"lazy\" decoding=\"async\" class=\"alignright  wp-image-1748\" title=\"P1040554\" src=\"http:\/\/www.mundi-roth.de\/teneriffa-blog\/wp-content\/uploads\/2012\/02\/P1040554-150x112.jpg\" alt=\"\" width=\"150\" height=\"112\" srcset=\"https:\/\/www.mundi-roth.de\/teneriffa-blog\/wp-content\/uploads\/2012\/02\/P1040554-150x112.jpg 150w, https:\/\/www.mundi-roth.de\/teneriffa-blog\/wp-content\/uploads\/2012\/02\/P1040554-300x225.jpg 300w, https:\/\/www.mundi-roth.de\/teneriffa-blog\/wp-content\/uploads\/2012\/02\/P1040554.jpg 600w\" sizes=\"auto, (max-width: 150px) 100vw, 150px\" \/><\/a>Musterexemplar der Kanarischen Kandelaber- wolfsmilch, da haben wir einen abgehenden Pfad gesehen.<\/p>\n<p>Steil, steil steigen wir auf einem erdig-steinigen Weg <a href=\"http:\/\/www.mundi-roth.de\/teneriffa-blog\/wp-content\/uploads\/2012\/02\/P1040557.jpg\" rel=\"lightbox[1745]\"><img loading=\"lazy\" decoding=\"async\" class=\"alignleft size-thumbnail wp-image-1749\" title=\"P1040557\" src=\"http:\/\/www.mundi-roth.de\/teneriffa-blog\/wp-content\/uploads\/2012\/02\/P1040557-150x112.jpg\" alt=\"\" width=\"150\" height=\"112\" srcset=\"https:\/\/www.mundi-roth.de\/teneriffa-blog\/wp-content\/uploads\/2012\/02\/P1040557-150x112.jpg 150w, https:\/\/www.mundi-roth.de\/teneriffa-blog\/wp-content\/uploads\/2012\/02\/P1040557-300x225.jpg 300w, https:\/\/www.mundi-roth.de\/teneriffa-blog\/wp-content\/uploads\/2012\/02\/P1040557.jpg 600w\" sizes=\"auto, (max-width: 150px) 100vw, 150px\" \/><\/a>hoch. Ein herrlicher Blick zur K\u00fcste und die vielen Vulkankegel rundum.<\/p>\n<p>Und wie hei\u00dft es in einem Faltblatt dieser Region:<\/p>\n<p><em>\u201eDominant die Felsformation des Roque de Jama, die Roques Vento, Higara, Malpaso, die die \u00e4ltesten kiesls\u00e4urereichen Ausbr\u00fcche bilden, die basaltische Vulkankegel-Gruppe von Buzanada mit dem j\u00fcngeren Berg Monta\u00f1a Grande in Los Bebederos und als hervorstechendes geomorphologisches Element: der Vulkandom von Guaza.\u201c<\/em><\/p>\n<p>In H\u00f6he einer dicken Kiefer erschrecken wir uns heftig: Kommt uns doch<a href=\"http:\/\/www.mundi-roth.de\/teneriffa-blog\/wp-content\/uploads\/2012\/02\/P1040562.jpg\" rel=\"lightbox[1745]\"><img loading=\"lazy\" decoding=\"async\" class=\"alignright size-thumbnail wp-image-1750\" title=\"P1040562\" src=\"http:\/\/www.mundi-roth.de\/teneriffa-blog\/wp-content\/uploads\/2012\/02\/P1040562-112x150.jpg\" alt=\"\" width=\"112\" height=\"150\" srcset=\"https:\/\/www.mundi-roth.de\/teneriffa-blog\/wp-content\/uploads\/2012\/02\/P1040562-112x150.jpg 112w, https:\/\/www.mundi-roth.de\/teneriffa-blog\/wp-content\/uploads\/2012\/02\/P1040562-225x300.jpg 225w, https:\/\/www.mundi-roth.de\/teneriffa-blog\/wp-content\/uploads\/2012\/02\/P1040562.jpg 450w\" sizes=\"auto, (max-width: 112px) 100vw, 112px\" \/><\/a> tats\u00e4chlich in halsbrecherischer Fahrt auf diesem steilen, felsigen Pfad ein Mountenbiker entgegen. Puh!<\/p>\n<p>Von hier aus haben wir einen ersten guten Blick auf die Casas Altas und genau da wollen wir hin, das hatten wir uns erhofft, <a href=\"http:\/\/www.mundi-roth.de\/teneriffa-blog\/wp-content\/uploads\/2012\/02\/P1040564.jpg\" rel=\"lightbox[1745]\"><img loading=\"lazy\" decoding=\"async\" class=\"alignleft size-thumbnail wp-image-1751\" title=\"P1040564\" src=\"http:\/\/www.mundi-roth.de\/teneriffa-blog\/wp-content\/uploads\/2012\/02\/P1040564-150x112.jpg\" alt=\"\" width=\"150\" height=\"112\" srcset=\"https:\/\/www.mundi-roth.de\/teneriffa-blog\/wp-content\/uploads\/2012\/02\/P1040564-150x112.jpg 150w, https:\/\/www.mundi-roth.de\/teneriffa-blog\/wp-content\/uploads\/2012\/02\/P1040564-300x225.jpg 300w, https:\/\/www.mundi-roth.de\/teneriffa-blog\/wp-content\/uploads\/2012\/02\/P1040564.jpg 600w\" sizes=\"auto, (max-width: 150px) 100vw, 150px\" \/><\/a>dass uns der uns unbekannte Weg dorthin f\u00fchrt.<\/p>\n<p>Aber, keine M\u00fcdigkeit vorsch\u00fctzen, weiter steil bergauf.<br \/>\nHatten wir bis jetzt Sonne, ziehen\u00a0 so gegen 11.30 Uhr dicke Wolken auf.<\/p>\n<p>Nach 1\u00a0 1\/2 Stunden Aufstieg gelangen wir auf die TF 565. Wir halten uns rechts und m\u00fcssen nun leider knapp 10 Minuten auf der \u2013 Gott sei Dank \u2013 wenig befahrenen Stra\u00dfe, vorbei am Restaurant \u201eMirador de Jama\u201c gehen.<br \/>\nBei Km 4 biegen wir rechts auf einen Schotterfahrweg und folgen dem abw\u00e4rts. Links lassen wir eine kleine Finca mit dick behangenen Orangenb\u00e4umen liegen und kurz darauf liegt direkt unter uns der Komplex der Casas Altas, der an der<a href=\"http:\/\/www.mundi-roth.de\/teneriffa-blog\/wp-content\/uploads\/2012\/02\/P1040567.jpg\" rel=\"lightbox[1745]\"><img loading=\"lazy\" decoding=\"async\" class=\"alignright size-thumbnail wp-image-1752\" title=\"P1040567\" src=\"http:\/\/www.mundi-roth.de\/teneriffa-blog\/wp-content\/uploads\/2012\/02\/P1040567-150x112.jpg\" alt=\"\" width=\"150\" height=\"112\" srcset=\"https:\/\/www.mundi-roth.de\/teneriffa-blog\/wp-content\/uploads\/2012\/02\/P1040567-150x112.jpg 150w, https:\/\/www.mundi-roth.de\/teneriffa-blog\/wp-content\/uploads\/2012\/02\/P1040567-300x225.jpg 300w, https:\/\/www.mundi-roth.de\/teneriffa-blog\/wp-content\/uploads\/2012\/02\/P1040567.jpg 600w\" sizes=\"auto, (max-width: 150px) 100vw, 150px\" \/><\/a> Grenze zwischen den Gemeinden Vilaflor und Arona liegt.<\/p>\n<p>Wir bestaunen die komplette Anlage und stellen fest:<br \/>\nsie wird wohl zum Teil schon wieder bewohnt,<br \/>\nes wird heftig gearbeitet, renoviert und saniert,<br \/>\neine H\u00f6hle dient wohl als Versammlungsraum.<\/p>\n<p><a href=\"http:\/\/www.mundi-roth.de\/teneriffa-blog\/wp-content\/uploads\/2012\/02\/collage.jpg\" rel=\"lightbox[1745]\"><img loading=\"lazy\" decoding=\"async\" class=\"aligncenter size-medium wp-image-1756\" title=\"collage\" src=\"http:\/\/www.mundi-roth.de\/teneriffa-blog\/wp-content\/uploads\/2012\/02\/collage-300x221.jpg\" alt=\"\" width=\"300\" height=\"221\" srcset=\"https:\/\/www.mundi-roth.de\/teneriffa-blog\/wp-content\/uploads\/2012\/02\/collage-300x221.jpg 300w, https:\/\/www.mundi-roth.de\/teneriffa-blog\/wp-content\/uploads\/2012\/02\/collage-150x110.jpg 150w, https:\/\/www.mundi-roth.de\/teneriffa-blog\/wp-content\/uploads\/2012\/02\/collage.jpg 707w\" sizes=\"auto, (max-width: 300px) 100vw, 300px\" \/><\/a>Das freut uns sehr, denn als wir hier vor sieben Jahren hier waren, (wir kamen \u00fcber Jama) war der Gesamtkomplex dem Verfall anheim gegeben.<\/p>\n<p><a href=\"http:\/\/www.mundi-roth.de\/teneriffa-blog\/wp-content\/uploads\/2012\/02\/P1040581.jpg\" rel=\"lightbox[1745]\"><img loading=\"lazy\" decoding=\"async\" class=\"alignleft size-thumbnail wp-image-1753\" title=\"P1040581\" src=\"http:\/\/www.mundi-roth.de\/teneriffa-blog\/wp-content\/uploads\/2012\/02\/P1040581-150x112.jpg\" alt=\"\" width=\"150\" height=\"112\" srcset=\"https:\/\/www.mundi-roth.de\/teneriffa-blog\/wp-content\/uploads\/2012\/02\/P1040581-150x112.jpg 150w, https:\/\/www.mundi-roth.de\/teneriffa-blog\/wp-content\/uploads\/2012\/02\/P1040581-300x225.jpg 300w, https:\/\/www.mundi-roth.de\/teneriffa-blog\/wp-content\/uploads\/2012\/02\/P1040581.jpg 600w\" sizes=\"auto, (max-width: 150px) 100vw, 150px\" \/><\/a>Nun suchen wir den Abstieg und vor dem letzten Haus geht der felsige, schmale Pfad links bergab.<br \/>\nIm Zick-Zack wandern wir runter, rechts liegt der Barranco de los Morales und etwas tiefer sehen wir auf<a href=\"http:\/\/www.mundi-roth.de\/teneriffa-blog\/wp-content\/uploads\/2012\/02\/P1040585.jpg\" rel=\"lightbox[1745]\"><img loading=\"lazy\" decoding=\"async\" class=\"alignright size-thumbnail wp-image-1754\" title=\"P1040585\" src=\"http:\/\/www.mundi-roth.de\/teneriffa-blog\/wp-content\/uploads\/2012\/02\/P1040585-150x112.jpg\" alt=\"\" width=\"150\" height=\"112\" srcset=\"https:\/\/www.mundi-roth.de\/teneriffa-blog\/wp-content\/uploads\/2012\/02\/P1040585-150x112.jpg 150w, https:\/\/www.mundi-roth.de\/teneriffa-blog\/wp-content\/uploads\/2012\/02\/P1040585-300x225.jpg 300w, https:\/\/www.mundi-roth.de\/teneriffa-blog\/wp-content\/uploads\/2012\/02\/P1040585.jpg 600w\" sizes=\"auto, (max-width: 150px) 100vw, 150px\" \/><\/a> die Bagger auf der anderen Seite des Barranco.<br \/>\nOb hier wohl eine Verbindung geschaffen wird?<\/p>\n<p>Vorbei an einer ehemaligen Wasserverteilungs- anlage, queren wir den zum Teil\u00a0 mit Steinen zugemauerten Kanal, an den offenen Stellen sehen wir noch das Wasser flie\u00dfen und gelangen problemlos in einer halben Stunde auf<a href=\"http:\/\/www.mundi-roth.de\/teneriffa-blog\/wp-content\/uploads\/2012\/02\/P1040587.jpg\" rel=\"lightbox[1745]\"><img loading=\"lazy\" decoding=\"async\" class=\"alignright size-thumbnail wp-image-1755\" title=\"P1040587\" src=\"http:\/\/www.mundi-roth.de\/teneriffa-blog\/wp-content\/uploads\/2012\/02\/P1040587-150x112.jpg\" alt=\"\" width=\"150\" height=\"112\" srcset=\"https:\/\/www.mundi-roth.de\/teneriffa-blog\/wp-content\/uploads\/2012\/02\/P1040587-150x112.jpg 150w, https:\/\/www.mundi-roth.de\/teneriffa-blog\/wp-content\/uploads\/2012\/02\/P1040587-300x225.jpg 300w, https:\/\/www.mundi-roth.de\/teneriffa-blog\/wp-content\/uploads\/2012\/02\/P1040587.jpg 600w\" sizes=\"auto, (max-width: 150px) 100vw, 150px\" \/><\/a> eine Fahrstra\u00dfe.<\/p>\n<p>Hier halten wir uns rechts. Vorbei am Kanal und einem gro\u00dfen, wei\u00dfen Geb\u00e4ude, das zur \u201eDesinfecci\u00f3n de agua de consumo humano\u201c (der Desinfektion des Trinkwassers) dient.<\/p>\n<p>Noch ein St\u00fcck weiter abw\u00e4rts bis zur Asphaltstra\u00dfe und hier biegen wir rechts ab und gelangen \u2013 oh Wunder \u2013 genau in die Calle El Parral, in der wir gestartet waren.<\/p>\n<p>Nun denken wir, ist es wieder an der Zeit, unser privates Taxi zu bitten, an die Ausgangsstelle in der Calle El Parral zu kommen.<br \/>\nDie letzten Meter m\u00fcssen wir noch unsere Regenm\u00e4ntel anziehen, es regnet.<br \/>\nWas haben wir f\u00fcr ein Gl\u00fcck.<\/p>\n<p><strong>Fazit:<\/strong><br \/>\nAngedacht war nur etwas Wandern, da die Wettervorhersage ja sehr schlecht war.<br \/>\nWelche \u00dcberraschung f\u00fcr uns, dass wir einen so sch\u00f6nen Rundweg entdeckt haben \u2013 ganz ohne Information, weder schriftlich, noch m\u00fcndlich, noch durch Hinweistafeln.<br \/>\nDer Aufstieg ist zwar &#8211; steil aber der Blick entsch\u00e4digt.<br \/>\nDie \u201eCasas Altas\u201c sind einen Besuch wert, um einen Blick in die Vergangenheit zu werfen.<br \/>\nDer Abstieg ist problemlos.<br \/>\nWas will man mehr????<\/p>\n<p><strong>Besonderheit:<\/strong><br \/>\nWir k\u00f6nnen nachlesen:<br \/>\n\u201eBei den \u201eCasas Altas\u201c handelt es sich um eine traditionell gebaute H\u00e4usergruppe Es handelt sich um einen kanarischen Weiler, der von zahlreichen ethnographischen Elementen umgeben ist. Die erste \u00f6kologische Unterweisung finden wir schon in der Lage der Geb\u00e4ude auf unwirtschaftlichem Tuff und bezeugt den sp\u00e4rlichen landwirtschaftlich nutzbaren Boden.<br \/>\nWir k\u00f6nnen eine Dreschplatz, eine H\u00f6hle, Brot\u00f6fen betrachten. Beachtenswert ist vor allem die Anlage zur Wassergewinnung, die wir auf den D\u00e4chern feststellen k\u00f6nnen, ferner die\u00a0 in den Boden gehauene Wasserkan\u00e4le, die das Wasser zu den Sammelstellen leiten, einige Brunnen an den Hauseing\u00e4ngen, die das Wasser f\u00fcr den Haushalt spenden, die in den Tuff gehauenen Viehtr\u00e4nken, die Wasserfilter-Steine und die Quelle des gleichnamigen Barranco. Sie ist heutzutage jedoch ausgetrocknet, u.a. weil es f\u00fcr die Wassergewinnung der Insel \u00fcblich ist, Wasserstollen zu erschlie\u00dfen. So wurde unterhalb der Quelle die Galerie \u201eSalto del R\u00edo\u201c angelegt.\u201c<\/p>\n<p><strong>Anfahrt:<\/strong><br \/>\nAuf der TF28 nach Valle San Lorenzo. Dort etwa in der Ortsmitte biegen wir \u2013 aus Richtung Los Cristianos kommend \u2013 in H\u00f6he der BBV-Bank bzw. der Caja Siete links in die Calle de Longuera ab. Dort, wo diese Sta\u00dfe stumpf endet, geht es links in die Calle de la Tosca und gleich wieder rechts in die Calle del Patio hoch bis sie auf die links abgehende Calle El Parral trifft.<\/p>\n<p><strong>Restaurant:<\/strong><br \/>\nWir wollten auch unseren M\u00e4nnern nochmal den sch\u00f6nen Ausblick auf die vielen Vulkankegel g\u00f6nnen und darum w\u00e4hlten wir heute wieder das Restaurant<br \/>\n<strong>Mirador La\u00a0 Centilena<\/strong><\/p>\n<p>Zwischen Valle San Lorenzo und San Miguel, Tel. 922 16 70 22<\/p>\n<p>&nbsp;<\/p>\n","protected":false},"excerpt":{"rendered":"<p>Die Wettervorhersage f\u00fcr den heutigen Donnerstag war alles andere als gut. Wandern wollten wir trotzdem und so beschlossen Elisabeth und ich: wir bleiben quasi vor der Haust\u00fcre. Vor 2 Jahren f\u00fchrte uns Monika in den Barranco de Chijas und auf dieser Tour sahen wir einen rechts abgehenden Pfad. Der wohin f\u00fchrt? Keiner wusste es. Das [&hellip;]<\/p>\n","protected":false},"author":4,"featured_media":0,"comment_status":"open","ping_status":"open","sticky":false,"template":"","format":"standard","meta":{"footnotes":""},"categories":[775,6],"tags":[439,446],"class_list":["post-1745","post","type-post","status-publish","format-standard","hentry","category-arona","category-wanderungen","tag-teneriffa-wandern","tag-wandern-teneriffa"],"yoast_head":"<!-- This site is optimized with the Yoast SEO plugin v27.5 - https:\/\/yoast.com\/product\/yoast-seo-wordpress\/ -->\n<title>Valle de San Lorenzo \u2013 Casas Altas \u2013 Valle de San Lorenzo - Teneriffa Wandern<\/title>\n<meta name=\"robots\" content=\"index, follow, max-snippet:-1, max-image-preview:large, max-video-preview:-1\" \/>\n<link rel=\"canonical\" href=\"https:\/\/www.mundi-roth.de\/teneriffa-blog\/wanderungen\/valle-de-san-lorenzo-casas-altas-valle-de-san-lorenzo\/\" \/>\n<meta name=\"twitter:label1\" content=\"Verfasst von\" \/>\n\t<meta name=\"twitter:data1\" content=\"mundi\" \/>\n\t<meta name=\"twitter:label2\" content=\"Gesch\u00e4tzte Lesezeit\" \/>\n\t<meta name=\"twitter:data2\" content=\"5\u00a0Minuten\" \/>\n<script type=\"application\/ld+json\" class=\"yoast-schema-graph\">{\"@context\":\"https:\\\/\\\/schema.org\",\"@graph\":[{\"@type\":\"Article\",\"@id\":\"https:\\\/\\\/www.mundi-roth.de\\\/teneriffa-blog\\\/wanderungen\\\/valle-de-san-lorenzo-casas-altas-valle-de-san-lorenzo\\\/#article\",\"isPartOf\":{\"@id\":\"https:\\\/\\\/www.mundi-roth.de\\\/teneriffa-blog\\\/wanderungen\\\/valle-de-san-lorenzo-casas-altas-valle-de-san-lorenzo\\\/\"},\"author\":{\"name\":\"mundi\",\"@id\":\"https:\\\/\\\/www.mundi-roth.de\\\/teneriffa-blog\\\/#\\\/schema\\\/person\\\/971c66b55f3ae5e8741553688c413cac\"},\"headline\":\"Valle de San Lorenzo \u2013 Casas Altas \u2013 Valle de San Lorenzo\",\"datePublished\":\"2012-02-16T21:00:45+00:00\",\"dateModified\":\"2015-04-09T14:00:43+00:00\",\"mainEntityOfPage\":{\"@id\":\"https:\\\/\\\/www.mundi-roth.de\\\/teneriffa-blog\\\/wanderungen\\\/valle-de-san-lorenzo-casas-altas-valle-de-san-lorenzo\\\/\"},\"wordCount\":992,\"commentCount\":0,\"image\":{\"@id\":\"https:\\\/\\\/www.mundi-roth.de\\\/teneriffa-blog\\\/wanderungen\\\/valle-de-san-lorenzo-casas-altas-valle-de-san-lorenzo\\\/#primaryimage\"},\"thumbnailUrl\":\"http:\\\/\\\/www.mundi-roth.de\\\/teneriffa-blog\\\/wp-content\\\/uploads\\\/2012\\\/02\\\/P1040549-150x112.jpg\",\"keywords\":[\"Teneriffa Wandern\",\"Wandern Teneriffa\"],\"articleSection\":[\"Arona\",\"Wanderungen\"],\"inLanguage\":\"de\",\"potentialAction\":[{\"@type\":\"CommentAction\",\"name\":\"Comment\",\"target\":[\"https:\\\/\\\/www.mundi-roth.de\\\/teneriffa-blog\\\/wanderungen\\\/valle-de-san-lorenzo-casas-altas-valle-de-san-lorenzo\\\/#respond\"]}]},{\"@type\":\"WebPage\",\"@id\":\"https:\\\/\\\/www.mundi-roth.de\\\/teneriffa-blog\\\/wanderungen\\\/valle-de-san-lorenzo-casas-altas-valle-de-san-lorenzo\\\/\",\"url\":\"https:\\\/\\\/www.mundi-roth.de\\\/teneriffa-blog\\\/wanderungen\\\/valle-de-san-lorenzo-casas-altas-valle-de-san-lorenzo\\\/\",\"name\":\"Valle de San Lorenzo \u2013 Casas Altas \u2013 Valle de San Lorenzo - Teneriffa Wandern\",\"isPartOf\":{\"@id\":\"https:\\\/\\\/www.mundi-roth.de\\\/teneriffa-blog\\\/#website\"},\"primaryImageOfPage\":{\"@id\":\"https:\\\/\\\/www.mundi-roth.de\\\/teneriffa-blog\\\/wanderungen\\\/valle-de-san-lorenzo-casas-altas-valle-de-san-lorenzo\\\/#primaryimage\"},\"image\":{\"@id\":\"https:\\\/\\\/www.mundi-roth.de\\\/teneriffa-blog\\\/wanderungen\\\/valle-de-san-lorenzo-casas-altas-valle-de-san-lorenzo\\\/#primaryimage\"},\"thumbnailUrl\":\"http:\\\/\\\/www.mundi-roth.de\\\/teneriffa-blog\\\/wp-content\\\/uploads\\\/2012\\\/02\\\/P1040549-150x112.jpg\",\"datePublished\":\"2012-02-16T21:00:45+00:00\",\"dateModified\":\"2015-04-09T14:00:43+00:00\",\"author\":{\"@id\":\"https:\\\/\\\/www.mundi-roth.de\\\/teneriffa-blog\\\/#\\\/schema\\\/person\\\/971c66b55f3ae5e8741553688c413cac\"},\"breadcrumb\":{\"@id\":\"https:\\\/\\\/www.mundi-roth.de\\\/teneriffa-blog\\\/wanderungen\\\/valle-de-san-lorenzo-casas-altas-valle-de-san-lorenzo\\\/#breadcrumb\"},\"inLanguage\":\"de\",\"potentialAction\":[{\"@type\":\"ReadAction\",\"target\":[\"https:\\\/\\\/www.mundi-roth.de\\\/teneriffa-blog\\\/wanderungen\\\/valle-de-san-lorenzo-casas-altas-valle-de-san-lorenzo\\\/\"]}]},{\"@type\":\"ImageObject\",\"inLanguage\":\"de\",\"@id\":\"https:\\\/\\\/www.mundi-roth.de\\\/teneriffa-blog\\\/wanderungen\\\/valle-de-san-lorenzo-casas-altas-valle-de-san-lorenzo\\\/#primaryimage\",\"url\":\"https:\\\/\\\/www.mundi-roth.de\\\/teneriffa-blog\\\/wp-content\\\/uploads\\\/2012\\\/02\\\/P1040549.jpg\",\"contentUrl\":\"https:\\\/\\\/www.mundi-roth.de\\\/teneriffa-blog\\\/wp-content\\\/uploads\\\/2012\\\/02\\\/P1040549.jpg\",\"width\":\"600\",\"height\":\"450\"},{\"@type\":\"BreadcrumbList\",\"@id\":\"https:\\\/\\\/www.mundi-roth.de\\\/teneriffa-blog\\\/wanderungen\\\/valle-de-san-lorenzo-casas-altas-valle-de-san-lorenzo\\\/#breadcrumb\",\"itemListElement\":[{\"@type\":\"ListItem\",\"position\":1,\"name\":\"Startseite\",\"item\":\"https:\\\/\\\/www.mundi-roth.de\\\/teneriffa-blog\\\/\"},{\"@type\":\"ListItem\",\"position\":2,\"name\":\"Valle de San Lorenzo \u2013 Casas Altas \u2013 Valle de San Lorenzo\"}]},{\"@type\":\"WebSite\",\"@id\":\"https:\\\/\\\/www.mundi-roth.de\\\/teneriffa-blog\\\/#website\",\"url\":\"https:\\\/\\\/www.mundi-roth.de\\\/teneriffa-blog\\\/\",\"name\":\"Teneriffa Wandern\",\"description\":\"Nicht nur Wanderungen auf Teneriffa...\",\"potentialAction\":[{\"@type\":\"SearchAction\",\"target\":{\"@type\":\"EntryPoint\",\"urlTemplate\":\"https:\\\/\\\/www.mundi-roth.de\\\/teneriffa-blog\\\/?s={search_term_string}\"},\"query-input\":{\"@type\":\"PropertyValueSpecification\",\"valueRequired\":true,\"valueName\":\"search_term_string\"}}],\"inLanguage\":\"de\"},{\"@type\":\"Person\",\"@id\":\"https:\\\/\\\/www.mundi-roth.de\\\/teneriffa-blog\\\/#\\\/schema\\\/person\\\/971c66b55f3ae5e8741553688c413cac\",\"name\":\"mundi\",\"image\":{\"@type\":\"ImageObject\",\"inLanguage\":\"de\",\"@id\":\"https:\\\/\\\/secure.gravatar.com\\\/avatar\\\/555f0dd85428f1a9330f8e5dbe9e40ff9ca912bb81e5a89747ebf3ca9c20dc0f?s=96&d=mm&r=g\",\"url\":\"https:\\\/\\\/secure.gravatar.com\\\/avatar\\\/555f0dd85428f1a9330f8e5dbe9e40ff9ca912bb81e5a89747ebf3ca9c20dc0f?s=96&d=mm&r=g\",\"contentUrl\":\"https:\\\/\\\/secure.gravatar.com\\\/avatar\\\/555f0dd85428f1a9330f8e5dbe9e40ff9ca912bb81e5a89747ebf3ca9c20dc0f?s=96&d=mm&r=g\",\"caption\":\"mundi\"},\"sameAs\":[\"http:\\\/\\\/mundi-roth.de\"],\"url\":\"https:\\\/\\\/www.mundi-roth.de\\\/teneriffa-blog\\\/author\\\/mundi\\\/\"}]}<\/script>\n<!-- \/ Yoast SEO plugin. -->","yoast_head_json":{"title":"Valle de San Lorenzo \u2013 Casas Altas \u2013 Valle de San Lorenzo - Teneriffa Wandern","robots":{"index":"index","follow":"follow","max-snippet":"max-snippet:-1","max-image-preview":"max-image-preview:large","max-video-preview":"max-video-preview:-1"},"canonical":"https:\/\/www.mundi-roth.de\/teneriffa-blog\/wanderungen\/valle-de-san-lorenzo-casas-altas-valle-de-san-lorenzo\/","twitter_misc":{"Verfasst von":"mundi","Gesch\u00e4tzte Lesezeit":"5\u00a0Minuten"},"schema":{"@context":"https:\/\/schema.org","@graph":[{"@type":"Article","@id":"https:\/\/www.mundi-roth.de\/teneriffa-blog\/wanderungen\/valle-de-san-lorenzo-casas-altas-valle-de-san-lorenzo\/#article","isPartOf":{"@id":"https:\/\/www.mundi-roth.de\/teneriffa-blog\/wanderungen\/valle-de-san-lorenzo-casas-altas-valle-de-san-lorenzo\/"},"author":{"name":"mundi","@id":"https:\/\/www.mundi-roth.de\/teneriffa-blog\/#\/schema\/person\/971c66b55f3ae5e8741553688c413cac"},"headline":"Valle de San Lorenzo \u2013 Casas Altas \u2013 Valle de San Lorenzo","datePublished":"2012-02-16T21:00:45+00:00","dateModified":"2015-04-09T14:00:43+00:00","mainEntityOfPage":{"@id":"https:\/\/www.mundi-roth.de\/teneriffa-blog\/wanderungen\/valle-de-san-lorenzo-casas-altas-valle-de-san-lorenzo\/"},"wordCount":992,"commentCount":0,"image":{"@id":"https:\/\/www.mundi-roth.de\/teneriffa-blog\/wanderungen\/valle-de-san-lorenzo-casas-altas-valle-de-san-lorenzo\/#primaryimage"},"thumbnailUrl":"http:\/\/www.mundi-roth.de\/teneriffa-blog\/wp-content\/uploads\/2012\/02\/P1040549-150x112.jpg","keywords":["Teneriffa Wandern","Wandern Teneriffa"],"articleSection":["Arona","Wanderungen"],"inLanguage":"de","potentialAction":[{"@type":"CommentAction","name":"Comment","target":["https:\/\/www.mundi-roth.de\/teneriffa-blog\/wanderungen\/valle-de-san-lorenzo-casas-altas-valle-de-san-lorenzo\/#respond"]}]},{"@type":"WebPage","@id":"https:\/\/www.mundi-roth.de\/teneriffa-blog\/wanderungen\/valle-de-san-lorenzo-casas-altas-valle-de-san-lorenzo\/","url":"https:\/\/www.mundi-roth.de\/teneriffa-blog\/wanderungen\/valle-de-san-lorenzo-casas-altas-valle-de-san-lorenzo\/","name":"Valle de San Lorenzo \u2013 Casas Altas \u2013 Valle de San Lorenzo - Teneriffa Wandern","isPartOf":{"@id":"https:\/\/www.mundi-roth.de\/teneriffa-blog\/#website"},"primaryImageOfPage":{"@id":"https:\/\/www.mundi-roth.de\/teneriffa-blog\/wanderungen\/valle-de-san-lorenzo-casas-altas-valle-de-san-lorenzo\/#primaryimage"},"image":{"@id":"https:\/\/www.mundi-roth.de\/teneriffa-blog\/wanderungen\/valle-de-san-lorenzo-casas-altas-valle-de-san-lorenzo\/#primaryimage"},"thumbnailUrl":"http:\/\/www.mundi-roth.de\/teneriffa-blog\/wp-content\/uploads\/2012\/02\/P1040549-150x112.jpg","datePublished":"2012-02-16T21:00:45+00:00","dateModified":"2015-04-09T14:00:43+00:00","author":{"@id":"https:\/\/www.mundi-roth.de\/teneriffa-blog\/#\/schema\/person\/971c66b55f3ae5e8741553688c413cac"},"breadcrumb":{"@id":"https:\/\/www.mundi-roth.de\/teneriffa-blog\/wanderungen\/valle-de-san-lorenzo-casas-altas-valle-de-san-lorenzo\/#breadcrumb"},"inLanguage":"de","potentialAction":[{"@type":"ReadAction","target":["https:\/\/www.mundi-roth.de\/teneriffa-blog\/wanderungen\/valle-de-san-lorenzo-casas-altas-valle-de-san-lorenzo\/"]}]},{"@type":"ImageObject","inLanguage":"de","@id":"https:\/\/www.mundi-roth.de\/teneriffa-blog\/wanderungen\/valle-de-san-lorenzo-casas-altas-valle-de-san-lorenzo\/#primaryimage","url":"https:\/\/www.mundi-roth.de\/teneriffa-blog\/wp-content\/uploads\/2012\/02\/P1040549.jpg","contentUrl":"https:\/\/www.mundi-roth.de\/teneriffa-blog\/wp-content\/uploads\/2012\/02\/P1040549.jpg","width":"600","height":"450"},{"@type":"BreadcrumbList","@id":"https:\/\/www.mundi-roth.de\/teneriffa-blog\/wanderungen\/valle-de-san-lorenzo-casas-altas-valle-de-san-lorenzo\/#breadcrumb","itemListElement":[{"@type":"ListItem","position":1,"name":"Startseite","item":"https:\/\/www.mundi-roth.de\/teneriffa-blog\/"},{"@type":"ListItem","position":2,"name":"Valle de San Lorenzo \u2013 Casas Altas \u2013 Valle de San Lorenzo"}]},{"@type":"WebSite","@id":"https:\/\/www.mundi-roth.de\/teneriffa-blog\/#website","url":"https:\/\/www.mundi-roth.de\/teneriffa-blog\/","name":"Teneriffa Wandern","description":"Nicht nur Wanderungen auf Teneriffa...","potentialAction":[{"@type":"SearchAction","target":{"@type":"EntryPoint","urlTemplate":"https:\/\/www.mundi-roth.de\/teneriffa-blog\/?s={search_term_string}"},"query-input":{"@type":"PropertyValueSpecification","valueRequired":true,"valueName":"search_term_string"}}],"inLanguage":"de"},{"@type":"Person","@id":"https:\/\/www.mundi-roth.de\/teneriffa-blog\/#\/schema\/person\/971c66b55f3ae5e8741553688c413cac","name":"mundi","image":{"@type":"ImageObject","inLanguage":"de","@id":"https:\/\/secure.gravatar.com\/avatar\/555f0dd85428f1a9330f8e5dbe9e40ff9ca912bb81e5a89747ebf3ca9c20dc0f?s=96&d=mm&r=g","url":"https:\/\/secure.gravatar.com\/avatar\/555f0dd85428f1a9330f8e5dbe9e40ff9ca912bb81e5a89747ebf3ca9c20dc0f?s=96&d=mm&r=g","contentUrl":"https:\/\/secure.gravatar.com\/avatar\/555f0dd85428f1a9330f8e5dbe9e40ff9ca912bb81e5a89747ebf3ca9c20dc0f?s=96&d=mm&r=g","caption":"mundi"},"sameAs":["http:\/\/mundi-roth.de"],"url":"https:\/\/www.mundi-roth.de\/teneriffa-blog\/author\/mundi\/"}]}},"_links":{"self":[{"href":"https:\/\/www.mundi-roth.de\/teneriffa-blog\/wp-json\/wp\/v2\/posts\/1745","targetHints":{"allow":["GET"]}}],"collection":[{"href":"https:\/\/www.mundi-roth.de\/teneriffa-blog\/wp-json\/wp\/v2\/posts"}],"about":[{"href":"https:\/\/www.mundi-roth.de\/teneriffa-blog\/wp-json\/wp\/v2\/types\/post"}],"author":[{"embeddable":true,"href":"https:\/\/www.mundi-roth.de\/teneriffa-blog\/wp-json\/wp\/v2\/users\/4"}],"replies":[{"embeddable":true,"href":"https:\/\/www.mundi-roth.de\/teneriffa-blog\/wp-json\/wp\/v2\/comments?post=1745"}],"version-history":[{"count":0,"href":"https:\/\/www.mundi-roth.de\/teneriffa-blog\/wp-json\/wp\/v2\/posts\/1745\/revisions"}],"wp:attachment":[{"href":"https:\/\/www.mundi-roth.de\/teneriffa-blog\/wp-json\/wp\/v2\/media?parent=1745"}],"wp:term":[{"taxonomy":"category","embeddable":true,"href":"https:\/\/www.mundi-roth.de\/teneriffa-blog\/wp-json\/wp\/v2\/categories?post=1745"},{"taxonomy":"post_tag","embeddable":true,"href":"https:\/\/www.mundi-roth.de\/teneriffa-blog\/wp-json\/wp\/v2\/tags?post=1745"}],"curies":[{"name":"wp","href":"https:\/\/api.w.org\/{rel}","templated":true}]}}