{"id":1758,"date":"2012-03-08T22:00:28","date_gmt":"2012-03-08T21:00:28","guid":{"rendered":"http:\/\/www.mundi-roth.de\/teneriffa-blog\/?p=1758"},"modified":"2015-04-09T14:59:37","modified_gmt":"2015-04-09T13:59:37","slug":"camino-hermano-pedro","status":"publish","type":"post","link":"https:\/\/www.mundi-roth.de\/teneriffa-blog\/wanderungen\/camino-hermano-pedro\/","title":{"rendered":"Camino Hermano Pedro"},"content":{"rendered":"<h3 style=\"text-align: center;\">100 Wanderungen beschrieben!<br \/>\nUnd noch einige mehr gegangen!<\/h3>\n<p>Elisabeth und ich meinten, das m\u00fcsste Anlass f\u00fcr eine besondere Wanderung sein!<br \/>\nSo kamen wir auf die Idee, den Pilgerweg \u201eCamino Hermano Pedro\u201c von Vilaflor zur Cueva de San Pedro bei M\u00e9dano zu gehen.<\/p>\n<p style=\"text-align: center;\"><a href=\"http:\/\/www.mundi-roth.de\/teneriffa-blog\/wp-content\/uploads\/2012\/03\/Track01x.jpg\" rel=\"lightbox[1758]\"><img loading=\"lazy\" decoding=\"async\" class=\"aligncenter size-medium wp-image-1784\" title=\"Track01x\" src=\"http:\/\/www.mundi-roth.de\/teneriffa-blog\/wp-content\/uploads\/2012\/03\/Track01x-300x203.jpg\" alt=\"\" width=\"300\" height=\"203\" srcset=\"https:\/\/www.mundi-roth.de\/teneriffa-blog\/wp-content\/uploads\/2012\/03\/Track01x-300x203.jpg 300w, https:\/\/www.mundi-roth.de\/teneriffa-blog\/wp-content\/uploads\/2012\/03\/Track01x-150x101.jpg 150w, https:\/\/www.mundi-roth.de\/teneriffa-blog\/wp-content\/uploads\/2012\/03\/Track01x.jpg 693w\" sizes=\"auto, (max-width: 300px) 100vw, 300px\" \/><\/a><\/p>\n<p>Jeweils am letzten April-Wochenende wird traditionell dieser Pilgerweg von vielen Gl\u00e4ubigen gegangen.<br \/>\nIm letzten Jahr waren es \u2013 wegen unwirtlichen Wetters &#8211;\u00a0\u00a0 nur etwa 10 Personen. Darunter Elisabeth, die den Weg erkundeten.<\/p>\n<p><strong>Wanderwegstrecke<\/strong> oder besser Pilgerweg: Knapp 6 Stunden, inclusive 10 Minuten Pause<\/p>\n<p>Nach Besichtigung der Kirche aus dem 17. Jahrhundert, die dem ersten\u00a0 <a href=\"http:\/\/www.mundi-roth.de\/teneriffa-blog\/wp-content\/uploads\/2012\/03\/P1040668.jpg\" rel=\"lightbox[1758]\"><img loading=\"lazy\" decoding=\"async\" class=\"alignleft size-thumbnail wp-image-1759\" title=\"P1040668\" src=\"http:\/\/www.mundi-roth.de\/teneriffa-blog\/wp-content\/uploads\/2012\/03\/P1040668-112x150.jpg\" alt=\"\" width=\"112\" height=\"150\" srcset=\"https:\/\/www.mundi-roth.de\/teneriffa-blog\/wp-content\/uploads\/2012\/03\/P1040668-112x150.jpg 112w, https:\/\/www.mundi-roth.de\/teneriffa-blog\/wp-content\/uploads\/2012\/03\/P1040668-225x300.jpg 225w, https:\/\/www.mundi-roth.de\/teneriffa-blog\/wp-content\/uploads\/2012\/03\/P1040668.jpg 450w\" sizes=\"auto, (max-width: 112px) 100vw, 112px\" \/><\/a>Inselheiligen, San Pedro, gewidmet ist und dem Besuch seines Standbildes, verabschieden wir uns von<a href=\"http:\/\/www.mundi-roth.de\/teneriffa-blog\/wp-content\/uploads\/2012\/03\/P1040667ax.jpg\" rel=\"lightbox[1758]\"><img loading=\"lazy\" decoding=\"async\" class=\"alignright size-thumbnail wp-image-1760\" title=\"P1040667ax\" src=\"http:\/\/www.mundi-roth.de\/teneriffa-blog\/wp-content\/uploads\/2012\/03\/P1040667ax-150x136.jpg\" alt=\"\" width=\"150\" height=\"136\" srcset=\"https:\/\/www.mundi-roth.de\/teneriffa-blog\/wp-content\/uploads\/2012\/03\/P1040667ax-150x136.jpg 150w, https:\/\/www.mundi-roth.de\/teneriffa-blog\/wp-content\/uploads\/2012\/03\/P1040667ax-300x272.jpg 300w, https:\/\/www.mundi-roth.de\/teneriffa-blog\/wp-content\/uploads\/2012\/03\/P1040667ax.jpg 600w\" sizes=\"auto, (max-width: 150px) 100vw, 150px\" \/><\/a> unserem lieben \u201eTaxifahrer\u201c und starten am Kirchplatz, der Plaza del Tiemplo de San Pedro, in Vilaflor um 9.45 Uhr.<\/p>\n<p>&nbsp;<\/p>\n<p>Wir gehen an der neu angelegten Anlage mit einer Statue des San Pedro in die Calle Casta\u00f1os runter. Bei der Hausnummer 3 passieren wir das erste <a href=\"http:\/\/www.mundi-roth.de\/teneriffa-blog\/wp-content\/uploads\/2012\/03\/P1040673a.jpg\" rel=\"lightbox[1758]\"><img loading=\"lazy\" decoding=\"async\" class=\"alignleft size-thumbnail wp-image-1761\" title=\"P1040673a\" src=\"http:\/\/www.mundi-roth.de\/teneriffa-blog\/wp-content\/uploads\/2012\/03\/P1040673a-150x88.jpg\" alt=\"\" width=\"150\" height=\"88\" srcset=\"https:\/\/www.mundi-roth.de\/teneriffa-blog\/wp-content\/uploads\/2012\/03\/P1040673a-150x88.jpg 150w, https:\/\/www.mundi-roth.de\/teneriffa-blog\/wp-content\/uploads\/2012\/03\/P1040673a-300x176.jpg 300w, https:\/\/www.mundi-roth.de\/teneriffa-blog\/wp-content\/uploads\/2012\/03\/P1040673a.jpg 600w\" sizes=\"auto, (max-width: 150px) 100vw, 150px\" \/><\/a>Kreuz des Pilgerweges und bei Hausnummer 6, nachdem wir dort im Garten einen Albino-Esel bestaunt haben, biegen wir links dem Pilger-<a href=\"http:\/\/www.mundi-roth.de\/teneriffa-blog\/wp-content\/uploads\/2012\/03\/P1040674.jpg\" rel=\"lightbox[1758]\"><img loading=\"lazy\" decoding=\"async\" class=\"alignright size-thumbnail wp-image-1762\" title=\"P1040674\" src=\"http:\/\/www.mundi-roth.de\/teneriffa-blog\/wp-content\/uploads\/2012\/03\/P1040674-150x112.jpg\" alt=\"\" width=\"150\" height=\"112\" srcset=\"https:\/\/www.mundi-roth.de\/teneriffa-blog\/wp-content\/uploads\/2012\/03\/P1040674-150x112.jpg 150w, https:\/\/www.mundi-roth.de\/teneriffa-blog\/wp-content\/uploads\/2012\/03\/P1040674-300x225.jpg 300w, https:\/\/www.mundi-roth.de\/teneriffa-blog\/wp-content\/uploads\/2012\/03\/P1040674.jpg 600w\" sizes=\"auto, (max-width: 150px) 100vw, 150px\" \/><\/a>Hinweis folgend ab.<br \/>\nMit Blick auf viele Terrassenfelder und wunderbar erbaute Mauern <a href=\"http:\/\/www.mundi-roth.de\/teneriffa-blog\/wp-content\/uploads\/2012\/03\/P1040677.jpg\" rel=\"lightbox[1758]\"><img loading=\"lazy\" decoding=\"async\" class=\"alignleft size-thumbnail wp-image-1763\" title=\"P1040677\" src=\"http:\/\/www.mundi-roth.de\/teneriffa-blog\/wp-content\/uploads\/2012\/03\/P1040677-150x112.jpg\" alt=\"\" width=\"150\" height=\"112\" srcset=\"https:\/\/www.mundi-roth.de\/teneriffa-blog\/wp-content\/uploads\/2012\/03\/P1040677-150x112.jpg 150w, https:\/\/www.mundi-roth.de\/teneriffa-blog\/wp-content\/uploads\/2012\/03\/P1040677-300x225.jpg 300w, https:\/\/www.mundi-roth.de\/teneriffa-blog\/wp-content\/uploads\/2012\/03\/P1040677.jpg 600w\" sizes=\"auto, (max-width: 150px) 100vw, 150px\" \/><\/a>gehen wir abw\u00e4rts\u00a0 und nehmen den unteren, rechten Weg. Kurz danach ber\u00fchren wir die Fahrstra\u00dfe TF 21, gehen diese wenige Schritte links, um dann sofort wieder auf die Schotterpiste rechts einzubiegen. Auch hier nehmen wir den unteren Weg und steigen nichts links auf.<br \/>\nUnd wiederum geht es ein kurzes St\u00fcck auf der TF 21 weiter und nach der <a href=\"http:\/\/www.mundi-roth.de\/teneriffa-blog\/wp-content\/uploads\/2012\/03\/P1040679.jpg\" rel=\"lightbox[1758]\"><img loading=\"lazy\" decoding=\"async\" class=\"alignleft size-thumbnail wp-image-1764\" title=\"P1040679\" src=\"http:\/\/www.mundi-roth.de\/teneriffa-blog\/wp-content\/uploads\/2012\/03\/P1040679-150x112.jpg\" alt=\"\" width=\"150\" height=\"112\" srcset=\"https:\/\/www.mundi-roth.de\/teneriffa-blog\/wp-content\/uploads\/2012\/03\/P1040679-150x112.jpg 150w, https:\/\/www.mundi-roth.de\/teneriffa-blog\/wp-content\/uploads\/2012\/03\/P1040679-300x225.jpg 300w, https:\/\/www.mundi-roth.de\/teneriffa-blog\/wp-content\/uploads\/2012\/03\/P1040679.jpg 600w\" sizes=\"auto, (max-width: 150px) 100vw, 150px\" \/><\/a>Kurve, unterhalb einer verfallenen Finca, geht es auf dem gut gekennzeichneten Pilgerpfad weiter. \u201ecamino hermano pedro hasta la cueva\u201c.<br \/>\nWir passieren ein leeres Wasserbecken rechts und gelangen in ein kleines Kiefernw\u00e4ldchen.<br \/>\nBis hierher sind wir eine halbe Stunde gegangen.<\/p>\n<p>Die Kennzeichnung ist gut: zum Teil schriftlich, zum Teil ist ein Pilger mit Stab mit wei\u00dfer Farbe auf Steine, Mauern, Wasserbecken oder die Stra\u00dfe aufgemalt oder eine Holztafel mit dem eingebrannten Pilgersignum weist den Weg.<\/p>\n<p>Der gut zu gehende Weg zieht sich zum Teil durch den Kiefernwald, dann <a href=\"http:\/\/www.mundi-roth.de\/teneriffa-blog\/wp-content\/uploads\/2012\/03\/P1040685.jpg\" rel=\"lightbox[1758]\"><img loading=\"lazy\" decoding=\"async\" class=\"alignright size-thumbnail wp-image-1765\" title=\"P1040685\" src=\"http:\/\/www.mundi-roth.de\/teneriffa-blog\/wp-content\/uploads\/2012\/03\/P1040685-150x112.jpg\" alt=\"\" width=\"150\" height=\"112\" srcset=\"https:\/\/www.mundi-roth.de\/teneriffa-blog\/wp-content\/uploads\/2012\/03\/P1040685-150x112.jpg 150w, https:\/\/www.mundi-roth.de\/teneriffa-blog\/wp-content\/uploads\/2012\/03\/P1040685-300x225.jpg 300w, https:\/\/www.mundi-roth.de\/teneriffa-blog\/wp-content\/uploads\/2012\/03\/P1040685.jpg 600w\" sizes=\"auto, (max-width: 150px) 100vw, 150px\" \/><\/a>wird er von Weinreben \u201eeingerahmt\u201c. Er endet an einer Betonpiste, die zu einem oberhalb gelegenen Wohnhaus f\u00fchrt und uns bringt diese wieder zur TF 21.<br \/>\nGegen\u00fcber liegt ein sch\u00f6nes Anwesen und von unserer Wanderung zur Finca de la Mesa wissen wir, dass wir nunmehr ca. 5 Minuten auf der TF 21 gehen m\u00fcssen bis wir die Schranke passieren, die links hoch den Weg zur Finca de la Mesa abtrennt. Einige Minuten sp\u00e4ter weist uns der Pilgerpfad-Hinweis genau bei Km 73\u00a0 zwischen Stein- und Holzabgrenzung den Weg abw\u00e4rts.<br \/>\nWieder queren wir die TF 21 und unmittelbar gegen\u00fcber geht es erneut abw\u00e4rts.<br \/>\nNa, einen Pilgerweg stellt man sich eigentlich besser ausgetreten oder <a href=\"http:\/\/www.mundi-roth.de\/teneriffa-blog\/wp-content\/uploads\/2012\/03\/P1040687.jpg\" rel=\"lightbox[1758]\"><img loading=\"lazy\" decoding=\"async\" class=\"alignright size-thumbnail wp-image-1766\" title=\"P1040687\" src=\"http:\/\/www.mundi-roth.de\/teneriffa-blog\/wp-content\/uploads\/2012\/03\/P1040687-150x112.jpg\" alt=\"\" width=\"150\" height=\"112\" srcset=\"https:\/\/www.mundi-roth.de\/teneriffa-blog\/wp-content\/uploads\/2012\/03\/P1040687-150x112.jpg 150w, https:\/\/www.mundi-roth.de\/teneriffa-blog\/wp-content\/uploads\/2012\/03\/P1040687-300x225.jpg 300w, https:\/\/www.mundi-roth.de\/teneriffa-blog\/wp-content\/uploads\/2012\/03\/P1040687.jpg 600w\" sizes=\"auto, (max-width: 150px) 100vw, 150px\" \/><\/a>pr\u00e4pariert vor. Es ist ein richtig sch\u00f6ner, uriger Pfad.<br \/>\nDies wiederholt sich noch mehrmals.<br \/>\nIm Grunde genommen schneidet der Weg immer die Kurven der TF 21 ab.<br \/>\n<a href=\"http:\/\/www.mundi-roth.de\/teneriffa-blog\/wp-content\/uploads\/2012\/03\/P1040691.jpg\" rel=\"lightbox[1758]\"><img loading=\"lazy\" decoding=\"async\" class=\"alignleft size-thumbnail wp-image-1767\" title=\"P1040691\" src=\"http:\/\/www.mundi-roth.de\/teneriffa-blog\/wp-content\/uploads\/2012\/03\/P1040691-150x112.jpg\" alt=\"\" width=\"150\" height=\"112\" srcset=\"https:\/\/www.mundi-roth.de\/teneriffa-blog\/wp-content\/uploads\/2012\/03\/P1040691-150x112.jpg 150w, https:\/\/www.mundi-roth.de\/teneriffa-blog\/wp-content\/uploads\/2012\/03\/P1040691-300x225.jpg 300w, https:\/\/www.mundi-roth.de\/teneriffa-blog\/wp-content\/uploads\/2012\/03\/P1040691.jpg 600w\" sizes=\"auto, (max-width: 150px) 100vw, 150px\" \/><\/a>Diretissima geht es abw\u00e4rts.<br \/>\nDas geht so lang gut bis wir an ein Teilst\u00fcck geraten, das von verfallenen Mauern durchzogen ist.<\/p>\n<p>&nbsp;<\/p>\n<p>1 Stunde 15 Minuten sind es bis hier.<\/p>\n<p>Und hier versagt die Kennzeichnung.<br \/>\nEntweder haben wir sie nicht ausfindig machen k\u00f6nnen, oder aber sie ist nicht mehr vorhanden.<br \/>\nWir versuchen von den vielen Trampelpfaden DEN richtigen ausfindig zu <a href=\"http:\/\/www.mundi-roth.de\/teneriffa-blog\/wp-content\/uploads\/2012\/03\/P1040694.jpg\" rel=\"lightbox[1758]\"><img loading=\"lazy\" decoding=\"async\" class=\"alignleft size-thumbnail wp-image-1768\" title=\"P1040694\" src=\"http:\/\/www.mundi-roth.de\/teneriffa-blog\/wp-content\/uploads\/2012\/03\/P1040694-150x112.jpg\" alt=\"\" width=\"150\" height=\"112\" srcset=\"https:\/\/www.mundi-roth.de\/teneriffa-blog\/wp-content\/uploads\/2012\/03\/P1040694-150x112.jpg 150w, https:\/\/www.mundi-roth.de\/teneriffa-blog\/wp-content\/uploads\/2012\/03\/P1040694-300x225.jpg 300w, https:\/\/www.mundi-roth.de\/teneriffa-blog\/wp-content\/uploads\/2012\/03\/P1040694.jpg 600w\" sizes=\"auto, (max-width: 150px) 100vw, 150px\" \/><\/a>machen. Halten uns stets rechts, leicht abw\u00e4rts. \u00dcbersteigen viele, viele\u00a0 M\u00e4uerchen, kommen an einer verfallenen Finca vorbei und zwischen <a href=\"http:\/\/www.mundi-roth.de\/teneriffa-blog\/wp-content\/uploads\/2012\/03\/P1040696.jpg\" rel=\"lightbox[1758]\"><img loading=\"lazy\" decoding=\"async\" class=\"alignright size-thumbnail wp-image-1769\" title=\"P1040696\" src=\"http:\/\/www.mundi-roth.de\/teneriffa-blog\/wp-content\/uploads\/2012\/03\/P1040696-150x112.jpg\" alt=\"\" width=\"150\" height=\"112\" srcset=\"https:\/\/www.mundi-roth.de\/teneriffa-blog\/wp-content\/uploads\/2012\/03\/P1040696-150x112.jpg 150w, https:\/\/www.mundi-roth.de\/teneriffa-blog\/wp-content\/uploads\/2012\/03\/P1040696-300x225.jpg 300w, https:\/\/www.mundi-roth.de\/teneriffa-blog\/wp-content\/uploads\/2012\/03\/P1040696.jpg 600w\" sizes=\"auto, (max-width: 150px) 100vw, 150px\" \/><\/a>d\u00fcrrem Gestr\u00fcpp und Zistrosen gelangen wir endlich an die TF 21.<br \/>\nKein Kennzeichen!<br \/>\n30 Minuten hat uns diese Sucherei gekostet..<br \/>\nWir gehen bei km 76 ein St\u00fcck die Stra\u00dfe retour, <a href=\"http:\/\/www.mundi-roth.de\/teneriffa-blog\/wp-content\/uploads\/2012\/03\/P1040699.jpg\" rel=\"lightbox[1758]\"><img loading=\"lazy\" decoding=\"async\" class=\"alignleft size-thumbnail wp-image-1770\" title=\"P1040699\" src=\"http:\/\/www.mundi-roth.de\/teneriffa-blog\/wp-content\/uploads\/2012\/03\/P1040699-150x112.jpg\" alt=\"\" width=\"150\" height=\"112\" srcset=\"https:\/\/www.mundi-roth.de\/teneriffa-blog\/wp-content\/uploads\/2012\/03\/P1040699-150x112.jpg 150w, https:\/\/www.mundi-roth.de\/teneriffa-blog\/wp-content\/uploads\/2012\/03\/P1040699-300x225.jpg 300w, https:\/\/www.mundi-roth.de\/teneriffa-blog\/wp-content\/uploads\/2012\/03\/P1040699.jpg 600w\" sizes=\"auto, (max-width: 150px) 100vw, 150px\" \/><\/a>nichts. Daher beschlie\u00dfen wir, die gro\u00dfe Kurve auszugehen und werden durch den Anblick eines wuchtigen Felsmassives belohnt.<\/p>\n<p>Bei einer breiteren Einfahrt wagen wir auf gut Gl\u00fcck den Abstieg und Elisabeth kann sich <a href=\"http:\/\/www.mundi-roth.de\/teneriffa-blog\/wp-content\/uploads\/2012\/03\/P1040702.jpg\" rel=\"lightbox[1758]\"><img loading=\"lazy\" decoding=\"async\" class=\"alignright size-thumbnail wp-image-1771\" title=\"P1040702\" src=\"http:\/\/www.mundi-roth.de\/teneriffa-blog\/wp-content\/uploads\/2012\/03\/P1040702-150x112.jpg\" alt=\"\" width=\"150\" height=\"112\" srcset=\"https:\/\/www.mundi-roth.de\/teneriffa-blog\/wp-content\/uploads\/2012\/03\/P1040702-150x112.jpg 150w, https:\/\/www.mundi-roth.de\/teneriffa-blog\/wp-content\/uploads\/2012\/03\/P1040702-300x225.jpg 300w, https:\/\/www.mundi-roth.de\/teneriffa-blog\/wp-content\/uploads\/2012\/03\/P1040702.jpg 600w\" sizes=\"auto, (max-width: 150px) 100vw, 150px\" \/><\/a>erinnern, dass sie genau hier an der etwas unterhalb liegenden Finca vorbeigekommen sind.<br \/>\nUnd, siehe da, wir haben wieder eine Kennzeichnung.<\/p>\n<p>Nach genau 2 Stunden kommen wir in ein <a href=\"http:\/\/www.mundi-roth.de\/teneriffa-blog\/wp-content\/uploads\/2012\/03\/P1040708.jpg\" rel=\"lightbox[1758]\"><img loading=\"lazy\" decoding=\"async\" class=\"alignleft size-thumbnail wp-image-1772\" title=\"P1040708\" src=\"http:\/\/www.mundi-roth.de\/teneriffa-blog\/wp-content\/uploads\/2012\/03\/P1040708-150x112.jpg\" alt=\"\" width=\"150\" height=\"112\" srcset=\"https:\/\/www.mundi-roth.de\/teneriffa-blog\/wp-content\/uploads\/2012\/03\/P1040708-150x112.jpg 150w, https:\/\/www.mundi-roth.de\/teneriffa-blog\/wp-content\/uploads\/2012\/03\/P1040708-300x225.jpg 300w, https:\/\/www.mundi-roth.de\/teneriffa-blog\/wp-content\/uploads\/2012\/03\/P1040708.jpg 600w\" sizes=\"auto, (max-width: 150px) 100vw, 150px\" \/><\/a>intensiv landwirtschaflich genutztes Gebiet: Wein, Wein Wein.<br \/>\nHochherrschaftliche H\u00e4user mit Zypressen<a href=\"http:\/\/www.mundi-roth.de\/teneriffa-blog\/wp-content\/uploads\/2012\/03\/P1040705.jpg\" rel=\"lightbox[1758]\"><img loading=\"lazy\" decoding=\"async\" class=\"alignright size-thumbnail wp-image-1773\" title=\"P1040705\" src=\"http:\/\/www.mundi-roth.de\/teneriffa-blog\/wp-content\/uploads\/2012\/03\/P1040705-150x109.jpg\" alt=\"\" width=\"150\" height=\"109\" srcset=\"https:\/\/www.mundi-roth.de\/teneriffa-blog\/wp-content\/uploads\/2012\/03\/P1040705-150x109.jpg 150w, https:\/\/www.mundi-roth.de\/teneriffa-blog\/wp-content\/uploads\/2012\/03\/P1040705-300x218.jpg 300w, https:\/\/www.mundi-roth.de\/teneriffa-blog\/wp-content\/uploads\/2012\/03\/P1040705.jpg 388w\" sizes=\"auto, (max-width: 150px) 100vw, 150px\" \/><\/a> geben italienisches Flair.<br \/>\nUnd die Finca Namen klingen auch noch gut: zum Beispiel:<br \/>\n\u201eEl Paradero del\u00a0 Loro de los\u00a0 Pinos\u201c<\/p>\n<p>Eine halbe Stunde sp\u00e4ter sehen wir an einem Strommasten das Holzschild des Pilgers und wir biegen hier rechts ab.<br \/>\nBis hierher ist uns kein einziger Wanderer begegnet, jedoch aus den vorbeifahrenden Wagen wird uns herzlich zugewunken.<\/p>\n<p>Nach weiteren 15 Minuten erreichen wir die ersten H\u00e4user des Ortes Charco del Pino.<br \/>\nImmer heiter weiter geradeaus runter.<br \/>\nWir queren die Durchgangsstra\u00dfe \u2013 TF 28 &#8211;\u00a0 beim Zebrastreifen und gleich rechts geht es weiter durch den Ort.<br \/>\nVorbei an einem sch\u00f6nen, gro\u00dfen Kinderspielplatz der dem markanten Geb\u00e4ude einer Senioren-Begegnungsst\u00e4tte vorgelagert ist und staunen nur, wie gro\u00df und langgezogen der Ort ist.<br \/>\nAn einem Geb\u00e4ude sehen wir das Hinweisschild zur \u201eCasa de la Cultura Charco del Pino\u201c und darunter ein ehemaliges Hinweisschild, das jedoch ganz verblichen ist. Wir interpretieren es falsch und biegen links ab.<br \/>\nZum Gl\u00fcck haben wir bald gefragt, ob wir denn richtig sind auf dem \u201eCamino de San Pedro\u201c und m\u00fcssen uns sagen lassen: Nein!<br \/>\nZur\u00fcck und dann Richtung Bar \u201eEl Bailadero\u201c.<br \/>\nEs \u00fcberrascht uns, dass auch im Ort so viele landwirtschaftlich genutzte<a href=\"http:\/\/www.mundi-roth.de\/teneriffa-blog\/wp-content\/uploads\/2012\/03\/P1040720a.jpg\" rel=\"lightbox[1758]\"><img loading=\"lazy\" decoding=\"async\" class=\"alignright size-thumbnail wp-image-1774\" title=\"P1040720a\" src=\"http:\/\/www.mundi-roth.de\/teneriffa-blog\/wp-content\/uploads\/2012\/03\/P1040720a-56x150.jpg\" alt=\"\" width=\"56\" height=\"150\" srcset=\"https:\/\/www.mundi-roth.de\/teneriffa-blog\/wp-content\/uploads\/2012\/03\/P1040720a-56x150.jpg 56w, https:\/\/www.mundi-roth.de\/teneriffa-blog\/wp-content\/uploads\/2012\/03\/P1040720a-113x300.jpg 113w, https:\/\/www.mundi-roth.de\/teneriffa-blog\/wp-content\/uploads\/2012\/03\/P1040720a.jpg 226w\" sizes=\"auto, (max-width: 56px) 100vw, 56px\" \/><\/a> Fl\u00e4chen anzutreffen sind mit Mandelb\u00e4umen, gut gepflegten Kartoffelfeldern und sogar ein Oliven-Hain und schon eine wei\u00df bl\u00fchende Tajinaste.<\/p>\n<p>Um 13 Uhr gelangen wir an die von Las Zocas herauff\u00fchrende untere Durchgangsstra\u00dfe und durch diverse Hinweisschilder wird uns der Weg vorbei an etlichen sp\u00e4rlich gef\u00fcllten Wasserbecken in Richtung eines Berges mit Sendemasten gewiesen.<\/p>\n<p>Aber dann ist es wieder vorbei mit der Kennzeichnung.<br \/>\n<a href=\"http:\/\/www.mundi-roth.de\/teneriffa-blog\/wp-content\/uploads\/2012\/03\/P1040726.jpg\" rel=\"lightbox[1758]\"><img loading=\"lazy\" decoding=\"async\" class=\"alignleft size-thumbnail wp-image-1775\" title=\"P1040726\" src=\"http:\/\/www.mundi-roth.de\/teneriffa-blog\/wp-content\/uploads\/2012\/03\/P1040726-150x112.jpg\" alt=\"\" width=\"150\" height=\"112\" srcset=\"https:\/\/www.mundi-roth.de\/teneriffa-blog\/wp-content\/uploads\/2012\/03\/P1040726-150x112.jpg 150w, https:\/\/www.mundi-roth.de\/teneriffa-blog\/wp-content\/uploads\/2012\/03\/P1040726-300x225.jpg 300w, https:\/\/www.mundi-roth.de\/teneriffa-blog\/wp-content\/uploads\/2012\/03\/P1040726.jpg 600w\" sizes=\"auto, (max-width: 150px) 100vw, 150px\" \/><\/a>Intuitiv nehmen wir den von der Schotterpiste geradeaus f\u00fchrenden, holprigen\u00a0 Weg, da wir vermuten, sonst zu weit von Richtung Meer, Monta\u00f1a Roja, abzukommen.<br \/>\nRechts begleitet uns eine zugemauerte<a href=\"http:\/\/www.mundi-roth.de\/teneriffa-blog\/wp-content\/uploads\/2012\/03\/P1040729.jpg\" rel=\"lightbox[1758]\"><img loading=\"lazy\" decoding=\"async\" class=\"alignright size-thumbnail wp-image-1776\" title=\"P1040729\" src=\"http:\/\/www.mundi-roth.de\/teneriffa-blog\/wp-content\/uploads\/2012\/03\/P1040729-112x150.jpg\" alt=\"\" width=\"112\" height=\"150\" srcset=\"https:\/\/www.mundi-roth.de\/teneriffa-blog\/wp-content\/uploads\/2012\/03\/P1040729-112x150.jpg 112w, https:\/\/www.mundi-roth.de\/teneriffa-blog\/wp-content\/uploads\/2012\/03\/P1040729-225x300.jpg 225w, https:\/\/www.mundi-roth.de\/teneriffa-blog\/wp-content\/uploads\/2012\/03\/P1040729.jpg 450w\" sizes=\"auto, (max-width: 112px) 100vw, 112px\" \/><\/a> Wasserleitung und etwas unterhalb queren wir einen offenen, wasserf\u00fchrenden Kanal.<\/p>\n<p>Das nun folgende St\u00fcck h\u00e4tten wir uns gerne geschenkt.<br \/>\nEine wild kl\u00e4ffende Hundemeute begr\u00fc\u00dft uns, Gestank umweht uns und der Anblick des Areals ist grausig.<br \/>\nSchnell, schnell vorbei!<\/p>\n<p>Wir befinden uns nun auf der \u201eCalle del Campus\u201c und hier weist uns \u201eder Pilger\u201c mit seinem Stab nach rechts.<\/p>\n<p><a href=\"http:\/\/www.mundi-roth.de\/teneriffa-blog\/wp-content\/uploads\/2012\/03\/P1040731.jpg\" rel=\"lightbox[1758]\"><img loading=\"lazy\" decoding=\"async\" class=\"alignleft size-thumbnail wp-image-1777\" title=\"P1040731\" src=\"http:\/\/www.mundi-roth.de\/teneriffa-blog\/wp-content\/uploads\/2012\/03\/P1040731-150x112.jpg\" alt=\"\" width=\"150\" height=\"112\" srcset=\"https:\/\/www.mundi-roth.de\/teneriffa-blog\/wp-content\/uploads\/2012\/03\/P1040731-150x112.jpg 150w, https:\/\/www.mundi-roth.de\/teneriffa-blog\/wp-content\/uploads\/2012\/03\/P1040731-300x225.jpg 300w, https:\/\/www.mundi-roth.de\/teneriffa-blog\/wp-content\/uploads\/2012\/03\/P1040731.jpg 600w\" sizes=\"auto, (max-width: 150px) 100vw, 150px\" \/><\/a>Bei dem mit einem Kaktus bemalten dicken Stein biegen wir links von der\u00a0 Stra\u00dfe ab und gehen an einer G\u00e4rtnerei f\u00fcr Kakteen vorbei und wandern am Zaun des Skulpturen-Parkes von<a href=\"http:\/\/www.mundi-roth.de\/teneriffa-blog\/wp-content\/uploads\/2012\/03\/P1040733a.jpg\" rel=\"lightbox[1758]\"><img loading=\"lazy\" decoding=\"async\" class=\"alignright size-thumbnail wp-image-1778\" title=\"P1040733a\" src=\"http:\/\/www.mundi-roth.de\/teneriffa-blog\/wp-content\/uploads\/2012\/03\/P1040733a-150x108.jpg\" alt=\"\" width=\"150\" height=\"108\" srcset=\"https:\/\/www.mundi-roth.de\/teneriffa-blog\/wp-content\/uploads\/2012\/03\/P1040733a-150x108.jpg 150w, https:\/\/www.mundi-roth.de\/teneriffa-blog\/wp-content\/uploads\/2012\/03\/P1040733a-300x217.jpg 300w, https:\/\/www.mundi-roth.de\/teneriffa-blog\/wp-content\/uploads\/2012\/03\/P1040733a.jpg 600w\" sizes=\"auto, (max-width: 150px) 100vw, 150px\" \/><\/a> Gernot Huber mit Blick auf diverse Skulpturen vorbei.<br \/>\nVon hier haben wir bereits freie Sicht auf den Windr\u00e4der-Park, die Monta\u00f1a Pelada und die Monta\u00f1a Roja und die sich brechenden Wellen des Atlantiks.<br \/>\nUnd: wir k\u00f6nnen zusehen wie der Calima sich ausbreitet.<br \/>\nDiese Stelle scheint uns geeignet \u2013 nach nunmehr \u00fcber 4 Stunden Wanderung \u2013 unsere obligatorische Apfelpause einzulegen.<\/p>\n<p>Unterhalb des Skulpturenparkes gehen wir ein St\u00fcck gerade aus, biegen dann links ab, Richtung San Isidro, laufen auf eine dunkelgrau gestrichene Hauswand zu und unterhalb die H\u00e4user sind farbefroh in gelb, gr\u00fcn und blau gestrichen.<br \/>\nWir folgen rechts der abw\u00e4rtsf\u00fchrenden Asphaltstra\u00dfe, biegen in den Fu\u00dfg\u00e4ngerweg zwischen Cantos-Blancos-Steinen ein und laufen auf das Stadtviertel \u201eLos Cardones\u201c zu. Rechter Hand liegt das Sportcenter und vor dem Autobahnzubringer biegen wir links ab.<br \/>\nWie sch\u00f6n:<br \/>\nDer Pilger weist den Weg links abw\u00e4rts zum Tunnel unter der Autobahn.<a href=\"http:\/\/www.mundi-roth.de\/teneriffa-blog\/wp-content\/uploads\/2012\/03\/P1040739.jpg\" rel=\"lightbox[1758]\"><img loading=\"lazy\" decoding=\"async\" class=\"alignright size-thumbnail wp-image-1779\" title=\"P1040739\" src=\"http:\/\/www.mundi-roth.de\/teneriffa-blog\/wp-content\/uploads\/2012\/03\/P1040739-150x112.jpg\" alt=\"\" width=\"150\" height=\"112\" srcset=\"https:\/\/www.mundi-roth.de\/teneriffa-blog\/wp-content\/uploads\/2012\/03\/P1040739-150x112.jpg 150w, https:\/\/www.mundi-roth.de\/teneriffa-blog\/wp-content\/uploads\/2012\/03\/P1040739-300x225.jpg 300w, https:\/\/www.mundi-roth.de\/teneriffa-blog\/wp-content\/uploads\/2012\/03\/P1040739.jpg 600w\" sizes=\"auto, (max-width: 150px) 100vw, 150px\" \/><\/a><br \/>\nAuch diese Strecke ist wenig begangen, denn die Natur holt sich den Zugang\u00a0 schon zur\u00fcck. F\u00fcr den Tunnel, der zwar einen Lichtschacht hat, w\u00e4re eine Taschenlampe hilfreich. Aber wir schaffen es auch so.<\/p>\n<p>Auf der anderen Seite halten wir uns links \u2013 gem\u00e4\u00df des Hinweises &#8211;\u00a0 Richtung einer weiteren Unterf\u00fchrung, und biegen vor dem Zaun mit einem gro\u00dfen Tor rechts ab.<\/p>\n<p>Ziemlich genau 5 Stunden haben wir bis hierher gebraucht.<\/p>\n<p>Nunmehr schreiten wir durch W\u00fcste. Nehmen von der Schotterpiste den aufw\u00e4rtsf\u00fchrenden Weg und haben von hier den Blick auf eine Mulde mit Unmengen Schrottautos und vor uns den Tower des Flughafens.<\/p>\n<p>Wir halten uns links, und immer weiter links bis wir auf die kleine Stra\u00dfe gelangen, die vom Bauernmarkt San Isidro zur Cueva de San Pedro und Anschluss an die Stra\u00dfe von M\u00e9dano nach Los Abrigos hat.<\/p>\n<p>Eine genaue Beschreibung kann man hier nicht mehr abgeben, da der urspr\u00fcngliche Pilgerpfad durch den sich weiter ausdehnenden Flughafen<a href=\"http:\/\/www.mundi-roth.de\/teneriffa-blog\/wp-content\/uploads\/2012\/03\/P1040744.jpg\" rel=\"lightbox[1758]\"><img loading=\"lazy\" decoding=\"async\" class=\"alignleft size-thumbnail wp-image-1780\" title=\"P1040744\" src=\"http:\/\/www.mundi-roth.de\/teneriffa-blog\/wp-content\/uploads\/2012\/03\/P1040744-150x101.jpg\" alt=\"\" width=\"150\" height=\"101\" srcset=\"https:\/\/www.mundi-roth.de\/teneriffa-blog\/wp-content\/uploads\/2012\/03\/P1040744-150x101.jpg 150w, https:\/\/www.mundi-roth.de\/teneriffa-blog\/wp-content\/uploads\/2012\/03\/P1040744-300x203.jpg 300w, https:\/\/www.mundi-roth.de\/teneriffa-blog\/wp-content\/uploads\/2012\/03\/P1040744.jpg 555w\" sizes=\"auto, (max-width: 150px) 100vw, 150px\" \/><\/a> nicht mehr begehbar ist.<br \/>\nWir gehen an diversen Einrichtungen, die zum Flughafen geh\u00f6ren, vorbei.<br \/>\nMan ist gezwungen, das letzte St\u00fcck vor der gro\u00dfen Kurve zur H\u00f6hle auf der Stra\u00dfe zu gehen.<\/p>\n<p>Nach knapp 6 Stunden Wanderung im prallen Sonnenschein sind wir froh in der Cueva de San Pedro auf einen Stuhl sinken zu k\u00f6nnen, um zu regenerieren.<\/p>\n<p style=\"text-align: center;\"><a href=\"http:\/\/www.mundi-roth.de\/teneriffa-blog\/wp-content\/uploads\/2012\/03\/Cueva.jpg\" rel=\"lightbox[1758]\"><img loading=\"lazy\" decoding=\"async\" class=\"aligncenter size-medium wp-image-1781\" title=\"Cueva\" src=\"http:\/\/www.mundi-roth.de\/teneriffa-blog\/wp-content\/uploads\/2012\/03\/Cueva-300x117.jpg\" alt=\"\" width=\"300\" height=\"117\" srcset=\"https:\/\/www.mundi-roth.de\/teneriffa-blog\/wp-content\/uploads\/2012\/03\/Cueva-300x117.jpg 300w, https:\/\/www.mundi-roth.de\/teneriffa-blog\/wp-content\/uploads\/2012\/03\/Cueva-150x58.jpg 150w, https:\/\/www.mundi-roth.de\/teneriffa-blog\/wp-content\/uploads\/2012\/03\/Cueva.jpg 800w\" sizes=\"auto, (max-width: 300px) 100vw, 300px\" \/><\/a><br \/>\nEin Rundgang noch durch die gepflegte Anlage in der unter anderem ein <a href=\"http:\/\/www.mundi-roth.de\/teneriffa-blog\/wp-content\/uploads\/2012\/03\/P1040757.jpg\" rel=\"lightbox[1758]\"><img loading=\"lazy\" decoding=\"async\" class=\"alignleft size-thumbnail wp-image-1782\" title=\"P1040757\" src=\"http:\/\/www.mundi-roth.de\/teneriffa-blog\/wp-content\/uploads\/2012\/03\/P1040757-150x112.jpg\" alt=\"\" width=\"150\" height=\"112\" srcset=\"https:\/\/www.mundi-roth.de\/teneriffa-blog\/wp-content\/uploads\/2012\/03\/P1040757-150x112.jpg 150w, https:\/\/www.mundi-roth.de\/teneriffa-blog\/wp-content\/uploads\/2012\/03\/P1040757-300x225.jpg 300w, https:\/\/www.mundi-roth.de\/teneriffa-blog\/wp-content\/uploads\/2012\/03\/P1040757.jpg 600w\" sizes=\"auto, (max-width: 150px) 100vw, 150px\" \/><\/a>Baum \u201eEsquis\u00fachil\u201c\u00a0 angepflanzt ist, dem \u2013 Dank San Hermano Pedro &#8211; besondere Heilkr\u00e4fte zugeschrieben\u00a0 werden. Er wird sowohl auf Teneriffa wie auf Guatemala in Ehren gehalten.<br \/>\nWeniger sch\u00f6n sind zwei Lichtmasten f\u00fcr die Landebahnen des Flughafens, die nun in das Areal gesetzt wurden.<br \/>\nZeitgleich mit der Ankunft unserer lieben M\u00e4nner kommen wir wieder am Eingang an.<\/p>\n<p>Da wir so kurz vor M\u00e9dano sind,\u00a0 ist es selbstverst\u00e4ndlich, dass wir in dem von uns gesch\u00e4tzten <strong>Caf\u00e9 M<\/strong> an der Promenade zum Essen einkehren und \u2013 wie immer \u2013 sehr zufrieden sind.<\/p>\n<p><strong>Fazit:<\/strong><br \/>\nEine Wanderung \u2013 unabh\u00e4ngig von dem Gedanken des Pilgerns \u2013 die uns in einer Tour den Abwechslungsreichtum der Insel vor Augen f\u00fchrt.<br \/>\nUnber\u00fchrte Natur in Teilbereichen, landwirtschaftlich genutzte Fl\u00e4chen, gewachsene Orte, Kultur, Industrie, Verkehr, Autos wie Flugzeuge und Wasser!<\/p>\n<p>Wer nicht die Unw\u00e4gbarkeiten des Wegfindens auf sich nehmen will dem empfehlen wir bei der ofiziellen Pilgerung mitzupilgern.<\/p>\n<p><strong>Besonderheit:<\/strong><br \/>\n<a href=\"http:\/\/www.mundi-roth.de\/teneriffa-blog\/wp-content\/uploads\/2012\/03\/P1040712a.jpg\" rel=\"lightbox[1758]\"><img loading=\"lazy\" decoding=\"async\" class=\"alignleft size-thumbnail wp-image-1783\" title=\"P1040712a\" src=\"http:\/\/www.mundi-roth.de\/teneriffa-blog\/wp-content\/uploads\/2012\/03\/P1040712a-127x150.jpg\" alt=\"\" width=\"127\" height=\"150\" srcset=\"https:\/\/www.mundi-roth.de\/teneriffa-blog\/wp-content\/uploads\/2012\/03\/P1040712a-127x150.jpg 127w, https:\/\/www.mundi-roth.de\/teneriffa-blog\/wp-content\/uploads\/2012\/03\/P1040712a-254x300.jpg 254w, https:\/\/www.mundi-roth.de\/teneriffa-blog\/wp-content\/uploads\/2012\/03\/P1040712a.jpg 508w\" sizes=\"auto, (max-width: 127px) 100vw, 127px\" \/><\/a>Hermano Pedro de Betancor wurde 1626 in Vilaflor geboren und starb 1667 in Guatemala.<br \/>\nEr war Ziegenhirte und lebte in einer H\u00f6hle in der N\u00e4he von El M\u00e9dano.<br \/>\nEr wanderte nach Guatemala aus und erhielt dort 1653 im Jesuitenkolleg eine Priesterausbildung. Es hei\u00dft, er f\u00fchlte sich den Anforderungen nicht gewachsen, brach die Ausbildung ab und schloss sich\u00a0 dem 3. Orden der Franziskaner an und wurde Missionar und wirkte in Krankenh\u00e4usern und Gef\u00e4ngnissen, gr\u00fcndete eine Schule f\u00fcr die \u00c4rmsten und ein Krankenhaus.<br \/>\nAm 31.7.2002 wurde er von Papst Johannes Paul II. heilig gesprochen und ist der einzige Heilige, der auf Teneriffa geboren wurde.<br \/>\nVilaflor feiert j\u00e4hrlich am 25. April mit einem gro\u00dfen Fest seinen Heiligen und in der letzten Aprilwoche wird von Vilaflor zur H\u00f6hle bei M\u00e9dano der \u201eCamino de San Hermano Pedro\u201c gegangen.<\/p>\n<p><strong>Anfahrt:<\/strong><br \/>\nMit Pkw oder Bus bis Vilaflor<br \/>\n<strong>Abfahrt:<\/strong><br \/>\nVon der TF 1 Abfahrt M\u00e9dano, in H\u00f6he der Tankstelle unterhalb des \u201eMercado de Agricultor\u201c rechts in die Stra\u00dfe mit Hinweis \u201eCueva de San Hermano Pedro\u201c einbiegen.<br \/>\nDiese Stra\u00dfe f\u00fchrt unmittelbar zur H\u00f6hle.<\/p>\n","protected":false},"excerpt":{"rendered":"<p>100 Wanderungen beschrieben! Und noch einige mehr gegangen! Elisabeth und ich meinten, das m\u00fcsste Anlass f\u00fcr eine besondere Wanderung sein! So kamen wir auf die Idee, den Pilgerweg \u201eCamino Hermano Pedro\u201c von Vilaflor zur Cueva de San Pedro bei M\u00e9dano zu gehen. Jeweils am letzten April-Wochenende wird traditionell dieser Pilgerweg von vielen Gl\u00e4ubigen gegangen. Im [&hellip;]<\/p>\n","protected":false},"author":4,"featured_media":0,"comment_status":"open","ping_status":"open","sticky":false,"template":"","format":"standard","meta":{"footnotes":""},"categories":[774,6],"tags":[544,541,536,539,537,540,543,152,538,542,439,446],"class_list":["post-1758","post","type-post","status-publish","format-standard","hentry","category-vilaflor","category-wanderungen","tag-cafe-m","tag-calle-del-campus","tag-camino-hermano-pedro","tag-charco-del-pino","tag-cueva-de-san-pedro","tag-las-zocas","tag-montana-pelada","tag-montana-roja","tag-san-pedro","tag-skulpturen-park","tag-teneriffa-wandern","tag-wandern-teneriffa"],"yoast_head":"<!-- This site is optimized with the Yoast SEO plugin v27.5 - https:\/\/yoast.com\/product\/yoast-seo-wordpress\/ -->\n<title>Camino Hermano Pedro - Teneriffa Wandern<\/title>\n<meta name=\"robots\" content=\"index, follow, max-snippet:-1, max-image-preview:large, max-video-preview:-1\" \/>\n<link rel=\"canonical\" href=\"https:\/\/www.mundi-roth.de\/teneriffa-blog\/wanderungen\/camino-hermano-pedro\/\" \/>\n<meta name=\"twitter:label1\" content=\"Verfasst von\" \/>\n\t<meta name=\"twitter:data1\" content=\"mundi\" \/>\n\t<meta name=\"twitter:label2\" content=\"Gesch\u00e4tzte Lesezeit\" \/>\n\t<meta name=\"twitter:data2\" content=\"9\u00a0Minuten\" \/>\n<script type=\"application\/ld+json\" class=\"yoast-schema-graph\">{\"@context\":\"https:\\\/\\\/schema.org\",\"@graph\":[{\"@type\":\"Article\",\"@id\":\"https:\\\/\\\/www.mundi-roth.de\\\/teneriffa-blog\\\/wanderungen\\\/camino-hermano-pedro\\\/#article\",\"isPartOf\":{\"@id\":\"https:\\\/\\\/www.mundi-roth.de\\\/teneriffa-blog\\\/wanderungen\\\/camino-hermano-pedro\\\/\"},\"author\":{\"name\":\"mundi\",\"@id\":\"https:\\\/\\\/www.mundi-roth.de\\\/teneriffa-blog\\\/#\\\/schema\\\/person\\\/971c66b55f3ae5e8741553688c413cac\"},\"headline\":\"Camino Hermano Pedro\",\"datePublished\":\"2012-03-08T21:00:28+00:00\",\"dateModified\":\"2015-04-09T13:59:37+00:00\",\"mainEntityOfPage\":{\"@id\":\"https:\\\/\\\/www.mundi-roth.de\\\/teneriffa-blog\\\/wanderungen\\\/camino-hermano-pedro\\\/\"},\"wordCount\":1794,\"commentCount\":2,\"image\":{\"@id\":\"https:\\\/\\\/www.mundi-roth.de\\\/teneriffa-blog\\\/wanderungen\\\/camino-hermano-pedro\\\/#primaryimage\"},\"thumbnailUrl\":\"http:\\\/\\\/www.mundi-roth.de\\\/teneriffa-blog\\\/wp-content\\\/uploads\\\/2012\\\/03\\\/Track01x-300x203.jpg\",\"keywords\":[\"Caf\u00e9 M\",\"Calle del Campus\",\"Camino Hermano Pedro\",\"Charco del Pino\",\"Cueva de San Pedro\",\"Las Zocas\",\"Monta\u00f1a Pelada\",\"Monta\u00f1a Roja\",\"San Pedro\",\"Skulpturen-Park\",\"Teneriffa Wandern\",\"Wandern Teneriffa\"],\"articleSection\":[\"Vilaflor\",\"Wanderungen\"],\"inLanguage\":\"de\",\"potentialAction\":[{\"@type\":\"CommentAction\",\"name\":\"Comment\",\"target\":[\"https:\\\/\\\/www.mundi-roth.de\\\/teneriffa-blog\\\/wanderungen\\\/camino-hermano-pedro\\\/#respond\"]}]},{\"@type\":\"WebPage\",\"@id\":\"https:\\\/\\\/www.mundi-roth.de\\\/teneriffa-blog\\\/wanderungen\\\/camino-hermano-pedro\\\/\",\"url\":\"https:\\\/\\\/www.mundi-roth.de\\\/teneriffa-blog\\\/wanderungen\\\/camino-hermano-pedro\\\/\",\"name\":\"Camino Hermano Pedro - Teneriffa Wandern\",\"isPartOf\":{\"@id\":\"https:\\\/\\\/www.mundi-roth.de\\\/teneriffa-blog\\\/#website\"},\"primaryImageOfPage\":{\"@id\":\"https:\\\/\\\/www.mundi-roth.de\\\/teneriffa-blog\\\/wanderungen\\\/camino-hermano-pedro\\\/#primaryimage\"},\"image\":{\"@id\":\"https:\\\/\\\/www.mundi-roth.de\\\/teneriffa-blog\\\/wanderungen\\\/camino-hermano-pedro\\\/#primaryimage\"},\"thumbnailUrl\":\"http:\\\/\\\/www.mundi-roth.de\\\/teneriffa-blog\\\/wp-content\\\/uploads\\\/2012\\\/03\\\/Track01x-300x203.jpg\",\"datePublished\":\"2012-03-08T21:00:28+00:00\",\"dateModified\":\"2015-04-09T13:59:37+00:00\",\"author\":{\"@id\":\"https:\\\/\\\/www.mundi-roth.de\\\/teneriffa-blog\\\/#\\\/schema\\\/person\\\/971c66b55f3ae5e8741553688c413cac\"},\"breadcrumb\":{\"@id\":\"https:\\\/\\\/www.mundi-roth.de\\\/teneriffa-blog\\\/wanderungen\\\/camino-hermano-pedro\\\/#breadcrumb\"},\"inLanguage\":\"de\",\"potentialAction\":[{\"@type\":\"ReadAction\",\"target\":[\"https:\\\/\\\/www.mundi-roth.de\\\/teneriffa-blog\\\/wanderungen\\\/camino-hermano-pedro\\\/\"]}]},{\"@type\":\"ImageObject\",\"inLanguage\":\"de\",\"@id\":\"https:\\\/\\\/www.mundi-roth.de\\\/teneriffa-blog\\\/wanderungen\\\/camino-hermano-pedro\\\/#primaryimage\",\"url\":\"https:\\\/\\\/www.mundi-roth.de\\\/teneriffa-blog\\\/wp-content\\\/uploads\\\/2012\\\/03\\\/Track01x.jpg\",\"contentUrl\":\"https:\\\/\\\/www.mundi-roth.de\\\/teneriffa-blog\\\/wp-content\\\/uploads\\\/2012\\\/03\\\/Track01x.jpg\",\"width\":\"693\",\"height\":\"469\"},{\"@type\":\"BreadcrumbList\",\"@id\":\"https:\\\/\\\/www.mundi-roth.de\\\/teneriffa-blog\\\/wanderungen\\\/camino-hermano-pedro\\\/#breadcrumb\",\"itemListElement\":[{\"@type\":\"ListItem\",\"position\":1,\"name\":\"Startseite\",\"item\":\"https:\\\/\\\/www.mundi-roth.de\\\/teneriffa-blog\\\/\"},{\"@type\":\"ListItem\",\"position\":2,\"name\":\"Camino Hermano Pedro\"}]},{\"@type\":\"WebSite\",\"@id\":\"https:\\\/\\\/www.mundi-roth.de\\\/teneriffa-blog\\\/#website\",\"url\":\"https:\\\/\\\/www.mundi-roth.de\\\/teneriffa-blog\\\/\",\"name\":\"Teneriffa Wandern\",\"description\":\"Nicht nur Wanderungen auf Teneriffa...\",\"potentialAction\":[{\"@type\":\"SearchAction\",\"target\":{\"@type\":\"EntryPoint\",\"urlTemplate\":\"https:\\\/\\\/www.mundi-roth.de\\\/teneriffa-blog\\\/?s={search_term_string}\"},\"query-input\":{\"@type\":\"PropertyValueSpecification\",\"valueRequired\":true,\"valueName\":\"search_term_string\"}}],\"inLanguage\":\"de\"},{\"@type\":\"Person\",\"@id\":\"https:\\\/\\\/www.mundi-roth.de\\\/teneriffa-blog\\\/#\\\/schema\\\/person\\\/971c66b55f3ae5e8741553688c413cac\",\"name\":\"mundi\",\"image\":{\"@type\":\"ImageObject\",\"inLanguage\":\"de\",\"@id\":\"https:\\\/\\\/secure.gravatar.com\\\/avatar\\\/555f0dd85428f1a9330f8e5dbe9e40ff9ca912bb81e5a89747ebf3ca9c20dc0f?s=96&d=mm&r=g\",\"url\":\"https:\\\/\\\/secure.gravatar.com\\\/avatar\\\/555f0dd85428f1a9330f8e5dbe9e40ff9ca912bb81e5a89747ebf3ca9c20dc0f?s=96&d=mm&r=g\",\"contentUrl\":\"https:\\\/\\\/secure.gravatar.com\\\/avatar\\\/555f0dd85428f1a9330f8e5dbe9e40ff9ca912bb81e5a89747ebf3ca9c20dc0f?s=96&d=mm&r=g\",\"caption\":\"mundi\"},\"sameAs\":[\"http:\\\/\\\/mundi-roth.de\"],\"url\":\"https:\\\/\\\/www.mundi-roth.de\\\/teneriffa-blog\\\/author\\\/mundi\\\/\"}]}<\/script>\n<!-- \/ Yoast SEO plugin. -->","yoast_head_json":{"title":"Camino Hermano Pedro - Teneriffa Wandern","robots":{"index":"index","follow":"follow","max-snippet":"max-snippet:-1","max-image-preview":"max-image-preview:large","max-video-preview":"max-video-preview:-1"},"canonical":"https:\/\/www.mundi-roth.de\/teneriffa-blog\/wanderungen\/camino-hermano-pedro\/","twitter_misc":{"Verfasst von":"mundi","Gesch\u00e4tzte Lesezeit":"9\u00a0Minuten"},"schema":{"@context":"https:\/\/schema.org","@graph":[{"@type":"Article","@id":"https:\/\/www.mundi-roth.de\/teneriffa-blog\/wanderungen\/camino-hermano-pedro\/#article","isPartOf":{"@id":"https:\/\/www.mundi-roth.de\/teneriffa-blog\/wanderungen\/camino-hermano-pedro\/"},"author":{"name":"mundi","@id":"https:\/\/www.mundi-roth.de\/teneriffa-blog\/#\/schema\/person\/971c66b55f3ae5e8741553688c413cac"},"headline":"Camino Hermano Pedro","datePublished":"2012-03-08T21:00:28+00:00","dateModified":"2015-04-09T13:59:37+00:00","mainEntityOfPage":{"@id":"https:\/\/www.mundi-roth.de\/teneriffa-blog\/wanderungen\/camino-hermano-pedro\/"},"wordCount":1794,"commentCount":2,"image":{"@id":"https:\/\/www.mundi-roth.de\/teneriffa-blog\/wanderungen\/camino-hermano-pedro\/#primaryimage"},"thumbnailUrl":"http:\/\/www.mundi-roth.de\/teneriffa-blog\/wp-content\/uploads\/2012\/03\/Track01x-300x203.jpg","keywords":["Caf\u00e9 M","Calle del Campus","Camino Hermano Pedro","Charco del Pino","Cueva de San Pedro","Las Zocas","Monta\u00f1a Pelada","Monta\u00f1a Roja","San Pedro","Skulpturen-Park","Teneriffa Wandern","Wandern Teneriffa"],"articleSection":["Vilaflor","Wanderungen"],"inLanguage":"de","potentialAction":[{"@type":"CommentAction","name":"Comment","target":["https:\/\/www.mundi-roth.de\/teneriffa-blog\/wanderungen\/camino-hermano-pedro\/#respond"]}]},{"@type":"WebPage","@id":"https:\/\/www.mundi-roth.de\/teneriffa-blog\/wanderungen\/camino-hermano-pedro\/","url":"https:\/\/www.mundi-roth.de\/teneriffa-blog\/wanderungen\/camino-hermano-pedro\/","name":"Camino Hermano Pedro - Teneriffa Wandern","isPartOf":{"@id":"https:\/\/www.mundi-roth.de\/teneriffa-blog\/#website"},"primaryImageOfPage":{"@id":"https:\/\/www.mundi-roth.de\/teneriffa-blog\/wanderungen\/camino-hermano-pedro\/#primaryimage"},"image":{"@id":"https:\/\/www.mundi-roth.de\/teneriffa-blog\/wanderungen\/camino-hermano-pedro\/#primaryimage"},"thumbnailUrl":"http:\/\/www.mundi-roth.de\/teneriffa-blog\/wp-content\/uploads\/2012\/03\/Track01x-300x203.jpg","datePublished":"2012-03-08T21:00:28+00:00","dateModified":"2015-04-09T13:59:37+00:00","author":{"@id":"https:\/\/www.mundi-roth.de\/teneriffa-blog\/#\/schema\/person\/971c66b55f3ae5e8741553688c413cac"},"breadcrumb":{"@id":"https:\/\/www.mundi-roth.de\/teneriffa-blog\/wanderungen\/camino-hermano-pedro\/#breadcrumb"},"inLanguage":"de","potentialAction":[{"@type":"ReadAction","target":["https:\/\/www.mundi-roth.de\/teneriffa-blog\/wanderungen\/camino-hermano-pedro\/"]}]},{"@type":"ImageObject","inLanguage":"de","@id":"https:\/\/www.mundi-roth.de\/teneriffa-blog\/wanderungen\/camino-hermano-pedro\/#primaryimage","url":"https:\/\/www.mundi-roth.de\/teneriffa-blog\/wp-content\/uploads\/2012\/03\/Track01x.jpg","contentUrl":"https:\/\/www.mundi-roth.de\/teneriffa-blog\/wp-content\/uploads\/2012\/03\/Track01x.jpg","width":"693","height":"469"},{"@type":"BreadcrumbList","@id":"https:\/\/www.mundi-roth.de\/teneriffa-blog\/wanderungen\/camino-hermano-pedro\/#breadcrumb","itemListElement":[{"@type":"ListItem","position":1,"name":"Startseite","item":"https:\/\/www.mundi-roth.de\/teneriffa-blog\/"},{"@type":"ListItem","position":2,"name":"Camino Hermano Pedro"}]},{"@type":"WebSite","@id":"https:\/\/www.mundi-roth.de\/teneriffa-blog\/#website","url":"https:\/\/www.mundi-roth.de\/teneriffa-blog\/","name":"Teneriffa Wandern","description":"Nicht nur Wanderungen auf Teneriffa...","potentialAction":[{"@type":"SearchAction","target":{"@type":"EntryPoint","urlTemplate":"https:\/\/www.mundi-roth.de\/teneriffa-blog\/?s={search_term_string}"},"query-input":{"@type":"PropertyValueSpecification","valueRequired":true,"valueName":"search_term_string"}}],"inLanguage":"de"},{"@type":"Person","@id":"https:\/\/www.mundi-roth.de\/teneriffa-blog\/#\/schema\/person\/971c66b55f3ae5e8741553688c413cac","name":"mundi","image":{"@type":"ImageObject","inLanguage":"de","@id":"https:\/\/secure.gravatar.com\/avatar\/555f0dd85428f1a9330f8e5dbe9e40ff9ca912bb81e5a89747ebf3ca9c20dc0f?s=96&d=mm&r=g","url":"https:\/\/secure.gravatar.com\/avatar\/555f0dd85428f1a9330f8e5dbe9e40ff9ca912bb81e5a89747ebf3ca9c20dc0f?s=96&d=mm&r=g","contentUrl":"https:\/\/secure.gravatar.com\/avatar\/555f0dd85428f1a9330f8e5dbe9e40ff9ca912bb81e5a89747ebf3ca9c20dc0f?s=96&d=mm&r=g","caption":"mundi"},"sameAs":["http:\/\/mundi-roth.de"],"url":"https:\/\/www.mundi-roth.de\/teneriffa-blog\/author\/mundi\/"}]}},"_links":{"self":[{"href":"https:\/\/www.mundi-roth.de\/teneriffa-blog\/wp-json\/wp\/v2\/posts\/1758","targetHints":{"allow":["GET"]}}],"collection":[{"href":"https:\/\/www.mundi-roth.de\/teneriffa-blog\/wp-json\/wp\/v2\/posts"}],"about":[{"href":"https:\/\/www.mundi-roth.de\/teneriffa-blog\/wp-json\/wp\/v2\/types\/post"}],"author":[{"embeddable":true,"href":"https:\/\/www.mundi-roth.de\/teneriffa-blog\/wp-json\/wp\/v2\/users\/4"}],"replies":[{"embeddable":true,"href":"https:\/\/www.mundi-roth.de\/teneriffa-blog\/wp-json\/wp\/v2\/comments?post=1758"}],"version-history":[{"count":0,"href":"https:\/\/www.mundi-roth.de\/teneriffa-blog\/wp-json\/wp\/v2\/posts\/1758\/revisions"}],"wp:attachment":[{"href":"https:\/\/www.mundi-roth.de\/teneriffa-blog\/wp-json\/wp\/v2\/media?parent=1758"}],"wp:term":[{"taxonomy":"category","embeddable":true,"href":"https:\/\/www.mundi-roth.de\/teneriffa-blog\/wp-json\/wp\/v2\/categories?post=1758"},{"taxonomy":"post_tag","embeddable":true,"href":"https:\/\/www.mundi-roth.de\/teneriffa-blog\/wp-json\/wp\/v2\/tags?post=1758"}],"curies":[{"name":"wp","href":"https:\/\/api.w.org\/{rel}","templated":true}]}}